{"id":9982,"date":"2024-03-08T17:35:23","date_gmt":"2024-03-08T16:35:23","guid":{"rendered":"https:\/\/ismfrance.org\/?p=9982"},"modified":"2024-03-08T17:36:33","modified_gmt":"2024-03-08T16:36:33","slug":"france-invisibilisation-de-la-palestine-et-defense-en-public-du-genocide","status":"publish","type":"post","link":"https:\/\/ismfrance.org\/index.php\/2024\/03\/08\/france-invisibilisation-de-la-palestine-et-defense-en-public-du-genocide\/","title":{"rendered":"France : invisibilisation de la Palestine et d\u00e9fense en public du g\u00e9nocide"},"content":{"rendered":"<p><strong>Chronique de Palestine, 7 mars 2024<\/strong><em>. En France r\u00e8gne une v\u00e9ritable \u00ab omerta \u00bb sur la situation dramatique en Palestine, comme l\u2019explique <a href=\"https:\/\/english.almayadeen.net\/news\/politics\/gaza-genocide-news-disappearing-gradually-from-french-media\">Al-Mayadeen<\/a>\u00a0dans la premi\u00e8re partie de cet article. Dans la seconde partie, nous faisons part d\u2019un incident dont nous avons eu connaissance et qui s\u2019est produit lors d\u2019un conseil municipal en France, \u00e0 l\u2019occasion d\u2019une \u00e9change \u2013 tr\u00e8s confus par ailleurs \u2013 sur la Palestine. Des propos racistes et en d\u00e9fense du g\u00e9nocide ont \u00e9t\u00e9 tenus, sans aucun complexe et sans qu\u2019aucune mesure de r\u00e9torsion ne soit prise. Peut-\u00eatre y aura-t-il cependant des suites sur le plan judiciaire.<\/em><\/p>\n<div id=\"attachment_9983\" style=\"width: 688px\" class=\"wp-caption aligncenter\"><a href=\"https:\/\/ismfrance.org\/wp-content\/uploads\/2024\/03\/la-haye.jpg\"><img loading=\"lazy\" decoding=\"async\" aria-describedby=\"caption-attachment-9983\" class=\"size-full wp-image-9983\" src=\"https:\/\/ismfrance.org\/wp-content\/uploads\/2024\/03\/la-haye.jpg\" alt=\"\" width=\"678\" height=\"455\" srcset=\"https:\/\/ismfrance.org\/wp-content\/uploads\/2024\/03\/la-haye.jpg 678w, https:\/\/ismfrance.org\/wp-content\/uploads\/2024\/03\/la-haye-300x201.jpg 300w\" sizes=\"auto, (max-width: 678px) 100vw, 678px\" \/><\/a><p id=\"caption-attachment-9983\" class=\"wp-caption-text\">Manifestation \u00e0 La Haye &#8211; \u00ab Restez silencieux quand les enfants dorment, pas quand ils sont tu\u00e9s par des bombes ! \u00bb peut-on lire sur la pancarte &#8211; Photo : Al-Qods News Network<\/p><\/div>\n<h3>De l\u2019invisibilisation\u2026<\/h3>\n<p>Une analyse publi\u00e9e par RFI montre que l\u2019information sur la guerre de Gaza dispara\u00eet peu \u00e0 peu des grands \u00e9crans fran\u00e7ais, notamment du journal quotidien de 20 heures sur TF1, France 2 et M6, et que la faible dur\u00e9e d\u2019antenne accord\u00e9e \u00e0 cette question est choquante.<\/p>\n<p>La chercheuse en anthropologie des m\u00e9dias Celia Chirol, la premi\u00e8re \u00e0 avoir \u00e9tudi\u00e9 la couverture fran\u00e7aise des \u00e9v\u00e9nements, a d\u00e9clar\u00e9 : \u00ab Il s\u2019agit d\u2019un v\u00e9ritable manquement au devoir d\u2019information \u00bb, ajoutant : \u00ab Sur les 20 journaux t\u00e9l\u00e9vis\u00e9s analys\u00e9s du 8 au 14 janvier, seules 29 secondes d\u2019antenne ont \u00e9t\u00e9 consacr\u00e9es \u00e0 Gaza et au sort des Palestiniens \u00bb.<\/p>\n<p>Chirol a d\u00e9crit ce manque d\u2019informations sur Gaza et de mises \u00e0 jour sur la situation en Palestine comme l\u2019 \u00ab invisibilit\u00e9 \u00bb des Palestiniens, les informations sur le mouvement\u00a0<em>MeToo<\/em>\u00a0dans le cin\u00e9ma fran\u00e7ais et le dernier film de Jennifer Lopez \u00e9tant consid\u00e9r\u00e9s comme bien plus importants.<\/p>\n<p>\u00ab Arr\u00eat Sur Images \u00bb, une \u00e9mission qui s\u2019int\u00e9resse aux biais des m\u00e9dias et \u00e0 leur impact sur la perception du public, a obtenu des r\u00e9sultats similaires \u00e0 ceux de Chirol.<\/p>\n<p>Du 4 au 15 f\u00e9vrier, l\u2019\u00e9mission a d\u00e9nonc\u00e9 les journaux t\u00e9l\u00e9vis\u00e9s de TF1 et de France 2 apr\u00e8s avoir d\u00e9couvert que seules cinq minutes avaient \u00e9t\u00e9 consacr\u00e9es \u00e0 Gaza au cours de 30 heures d\u2019antenne et 46 bulletins d\u2019information.<\/p>\n<p>Autre r\u00e9v\u00e9lation choquante, aucune cha\u00eene d\u2019information fran\u00e7aise n\u2019a fourni un bilan exhaustif du nombre de morts \u00e0 Gaza pendant cette p\u00e9riode, les reportages se limitant \u00e0 des zooms sur les captifs, dont plusieurs sont fran\u00e7ais, et \u00e0 des annonces du cabinet \u00ab d\u2019Isra\u00ebl \u00bb.<\/p>\n<p>L\u2019association fran\u00e7aise de surveillance des m\u00e9dias Acrimed, a effectu\u00e9 sa propre analyse de la mani\u00e8re dont les m\u00e9dias fran\u00e7ais ont pr\u00e9sent\u00e9 la guerre, en affirmant que \u00ab cela peut sembler paradoxal \u00e0 premi\u00e8re vue, mais le silence fait partie du bruit m\u00e9diatique, et ce qui est gard\u00e9 sous silence n\u2019est pas moins int\u00e9ressant que ce qui est dit \u00bb.<\/p>\n<p>Cette d\u00e9claration a \u00e9t\u00e9 publi\u00e9e alors qu\u2019elle faisait \u00e9tat d\u2019un \u00ab processus de marginalisation \u00bb de la bande de Gaza assi\u00e9g\u00e9e et des Palestiniens.<\/p>\n<h3>\u2026 \u00e0 la d\u00e9fense du g\u00e9nocide<\/h3>\n<p>La s\u00e9ance du conseil municipal de Prades-le-Lez le 7 f\u00e9vrier dernier (municipalit\u00e9 \u00e0 majorit\u00e9 Verts) est disponible en ligne sur le\u00a0<a href=\"https:\/\/www.facebook.com\/villepradeslelez\/videos\/954239046033784?locale=fr_FR\">compte Facebook de la Mairie<\/a>. L\u2019incident qui nous occupe est en tout d\u00e9but de s\u00e9ance. Il y a \u00e9t\u00e9 fait allusion par l\u2019opposition dans la revue de la municipalit\u00e9 sortie peu apr\u00e8s, mais il est totalement\u00a0<a href=\"https:\/\/www.prades-le-lez.fr\/download\/1_ma_ville\/comptes_rendus_des_conseils\/cm_du_7_fevrier_2024.pdf\">absent du compte-rendu \u00e9crit<\/a>.<\/p>\n<p>Au vu de la pauvret\u00e9 des \u00e9changes et des commentaires qui s\u2019en sont suivis, il est possible de se demander si une \u00ab invisibilisation \u00bb de la question n\u2019aurait pas \u00e9t\u00e9 pr\u00e9f\u00e9rable\u2026 Dans tous les cas, cet incident illustre \u00e0 la perfection l\u2019ambiance d\u2019autocensure et de crainte qui domine une grande part de la soci\u00e9t\u00e9 fran\u00e7aise et de ses \u00e9lus d\u00e8s qu\u2019il est question de la Palestine.<\/p>\n<p>Nous vivons v\u00e9ritablement des \u00ab ann\u00e9es de plomb \u00bb.<\/p>\n<blockquote>\n<h4>Transcription :<\/h4>\n<p>Madame le maire :<\/p>\n<p>\u00ab Avant de commencer\u2026 YF nous a envoy\u00e9 un mail nous proposant une minute de silence pour les 42 fran\u00e7ais ou franco-isra\u00e9liens qui ont \u00e9t\u00e9 tu\u00e9s le 7 octobre.<br \/>\nIl y a eu aujourd\u2019hui aux Invalides une comm\u00e9moration nationale; \u00e9videmment les municipalt\u00e9s, les conseillers municipaux ne sont pas appel\u00e9s \u00e0 s\u2019y associer ou \u00e0 marquer une minute de silence.<br \/>\nChacun peut s\u2019exprimer l\u00e0-dessus, en tout cas si minute de silence il y a, je pense qu\u2019il est bon de rappeler que lors de cette attaque du 7 octobre\u2026 cette attaque a fait au moins 1.200 morts et plus de 7.500 bless\u00e9s et a priori, 138 personnes seraient encore retenues en otage.<br \/>\nJe pense qu\u2019il est aussi bon de rappeler que suite \u00e0 \u00e7a\u2026 en tout cas souligner que l\u2019escalade dramatique qui s\u2019en est suivie sur le territoire palestinien sur la bande de Gaza compterait plus de 27.500 personnes de tu\u00e9es, dont pr\u00e8s de 5.000 enfants, 10.000 bless\u00e9s.<br \/>\nIl faut savoir que les femmes et les enfants repr\u00e9sentent 70% des victimes, lors des frappes en Palestine. Selon l\u2019UNICEF. Ces frappes se sont \u00e9tendues en Cisjordanie occup\u00e9e, et au total, ce serait toujours selon l\u2019UNICEF, plus de deux millions de personnes qui auraient besoin d\u2019aide humanitaire dans ce territoire. Voil\u00e0.<br \/>\nBien \u00e9videmment, nous ne pouvons qu&rsquo;\u00eatre solidaires de ce peuple mais \u00e9galement bien s\u00fbr des personnes qui ont \u00e9t\u00e9 tu\u00e9es en Isra\u00ebl lors de l\u2019attaque du 7 octobre.<br \/>\nDonc par rapport \u00e0 cette minute de silence, je ne sais pas si quelqu\u2019un veut s\u2019exprimer ? \u00bb<\/p>\n<p><strong>(silence de plomb)<\/strong><\/p>\n<p>L\u2019\u00e9lu \u00e0 l\u2019initiative de la proposition :<\/p>\n<p>\u00ab Merci. En fait mon initiative nait finalement d\u2019une volont\u00e9 de s\u2019associer \u00e0 l\u2019hommage national qui a \u00e9t\u00e9 rendu par le pr\u00e9sident de la r\u00e9publique ce matin dans la cour des Invalides. Il a signal\u00e9 alors les chiffres que tu as rappel\u00e9s. Qu\u2019il y a eu 43 victimes fran\u00e7aises ou franco-isra\u00e9liennes \u2013 elles n\u2019\u00e9taient pas toutes franco-isra\u00e9liennes \u2013 et qu\u2019il y a encore trois otages fran\u00e7ais qui sont d\u00e9tenus par le Hamas. Je ne dis ni plus ni moins que ce qu\u2019\u00e0 dit le pr\u00e9sident Macron, et je pensais que nous, en tant que repr\u00e9sentation municipale, locale, m\u00eame si ce n\u2019est pas de droit \u00e9videmment, nous pourrons avoir cette pens\u00e9e, cette comm\u00e9moration, sous cette forme-l\u00e0. Voil\u00e0. \u00bb<\/p>\n<p>Madame le maire :<\/p>\n<p>\u00ab Bon, qu\u2019est-ce que vous en pensez ? \u00bb<\/p>\n<p><strong>(silence de plomb)<\/strong><\/p>\n<p>\u00ab Une minute de silence ? Bon, faisons une minute de silence mais pour l\u2019\u00e9tendre si tu veux bien \u00e0 toutes les victimes de ce conflit ? Ca te va ? \u00bb<\/p>\n<p>L\u2019\u00e9lu :<br \/>\n\u00ab Hum\u2026 Je ne vais pas pol\u00e9miquer sur le conflit au Moyen-Orient ce n\u2019est pas notre sujet. Je m\u2019associe \u00e0 un hommage national, et l\u2019hommage national ne concernait que les victimes fran\u00e7aises. Et je m\u2019associe \u00e0 l\u2019hommage national de ce matin. Il est \u00e9vident que je m\u2019associe par ailleurs \u00e0 un \u2026 comment dire \u2026 un hommage \u00e0 toutes les victimes de ce conflit\u2026<\/p>\n<p><strong>Mais attention\u2026 c\u2019est comme au temps du nazisme\u2026 toutes les victimes ne se valent pas ! \u00bb<\/strong><\/p><\/blockquote>\n<p>Quelques remarques pour conclure :<\/p>\n<ul>\n<li>ce genre de propos peuvent\u00a0<a href=\"https:\/\/www.service-public.fr\/particuliers\/vosdroits\/F32575\">tomber sous le coup de la loi\u00a0<\/a>du 29 juillet 1881 sur la libert\u00e9 de la presse, article 24, modifi\u00e9 par la loi n\u00b02021-1109 du 24 ao\u00fbt 2021 \u2013 art. 38; nous verrons si une organisation de d\u00e9fense des droits d\u00e9cidera de se porter partie civile pour instruire une plainte<\/li>\n<li>le fait que ces propos ont \u00e9t\u00e9 tenus en public est une circonstance aggravante<\/li>\n<li>il est fort regrettable que des pr\u00e9cisions n\u2019aient pas \u00e9t\u00e9 demand\u00e9es par des \u00e9lus; puisque \u00ab l\u2019\u00e9valuation \u00bb de la \u00ab valeur \u00bb entre des victimes ne serait pas un rapport de un pour un , quelle bar\u00eame faut-il adopter, du moins dans la t\u00eate de cet \u00e9lu en charge d\u2019une d\u00e9l\u00e9gation \u00e0 la culture (!)\u2026 Dix b\u00e9b\u00e9s ou enfants palestiniens pour un Isra\u00e9lien ? ou 100, ou mille ? Et combien de femmes et d\u2019hommes palestiniens ?<\/li>\n<li>l\u2019allusion au nazisme lorsqu\u2019il est question des Palestiniens est une invention du courant ouvertement fasciste pr\u00e9sent dans le gouvernement isra\u00e9lien, et cette manipulation \u00e9hont\u00e9e est reprise aujourd\u2019hui par tous les\u00a0<a href=\"https:\/\/contre-attaque.net\/2024\/03\/06\/en-france-faire-lapologie-dun-genocide-est-autorise-le-denoncer-est-sanctionne\/\">soutiens ext\u00e9rieurs et d\u00e9clar\u00e9s<\/a>\u00a0du g\u00e9nocide en cours dans la bande de Gaza<\/li>\n<li>le maire dispose des\u00a0<a href=\"https:\/\/www.herault.gouv.fr\/content\/download\/44972\/290021\/file\/Fiche%20d%C3%A9l%C3%A9gation%20du%20maire%20aux%20adjoints%20et%20conseillers%20municipaux%202022.pdf\">pouvoirs n\u00e9cessaires<\/a>\u00a0pour r\u00e9voquer la d\u00e9l\u00e9gation de cet \u00e9lu, m\u00eame de fa\u00e7on temporaire le temps d\u2019une discussion et d\u2019une proc\u00e9dure d\u00e9cid\u00e9e en interne; mais ce droit n\u2019a pas \u00e9t\u00e9 utilis\u00e9 et c\u2019est aujourd\u2019hui\u00a0<em>business as usual.<\/em><\/li>\n<\/ul>\n<p><strong>Source : <a href=\"https:\/\/www.chroniquepalestine.com\/invisibilisation-de-la-palestine-et-defense-en-public-du-genocide\/\">Chronique de Palestine<\/a>.<\/strong><\/p>\n","protected":false},"excerpt":{"rendered":"<p>Chronique de Palestine, 7 mars 2024. En France r\u00e8gne une v\u00e9ritable \u00ab omerta \u00bb sur la situation dramatique en Palestine, comme l\u2019explique Al-Mayadeen\u00a0dans la premi\u00e8re partie de cet article. Dans <a class=\"more-link\" href=\"https:\/\/ismfrance.org\/index.php\/2024\/03\/08\/france-invisibilisation-de-la-palestine-et-defense-en-public-du-genocide\/\">Lire la suite &rarr;<\/a><\/p>\n","protected":false},"author":3,"featured_media":9983,"comment_status":"closed","ping_status":"closed","sticky":false,"template":"","format":"standard","meta":{"footnotes":""},"categories":[12,2],"tags":[53,156],"class_list":["post-9982","post","type-post","status-publish","format-standard","has-post-thumbnail","hentry","category-analyses","category-articles","tag-collabos","tag-genocide"],"yoast_head":"<!-- This site is optimized with the Yoast SEO plugin v27.2 - https:\/\/yoast.com\/product\/yoast-seo-wordpress\/ -->\n<title>France : invisibilisation de la Palestine et d\u00e9fense en public du g\u00e9nocide - International Solidarity Movement - ISM-France<\/title>\n<meta name=\"robots\" content=\"index, follow, max-snippet:-1, max-image-preview:large, max-video-preview:-1\" \/>\n<link rel=\"canonical\" href=\"https:\/\/ismfrance.org\/index.php\/2024\/03\/08\/france-invisibilisation-de-la-palestine-et-defense-en-public-du-genocide\/\" \/>\n<meta property=\"og:locale\" content=\"fr_FR\" \/>\n<meta property=\"og:type\" content=\"article\" \/>\n<meta property=\"og:title\" content=\"France : invisibilisation de la Palestine et d\u00e9fense en public du g\u00e9nocide - International Solidarity Movement - ISM-France\" \/>\n<meta property=\"og:description\" content=\"Chronique de Palestine, 7 mars 2024. En France r\u00e8gne une v\u00e9ritable \u00ab omerta \u00bb sur la situation dramatique en Palestine, comme l\u2019explique Al-Mayadeen\u00a0dans la premi\u00e8re partie de cet article. Dans Lire la suite &rarr;\" \/>\n<meta property=\"og:url\" content=\"https:\/\/ismfrance.org\/index.php\/2024\/03\/08\/france-invisibilisation-de-la-palestine-et-defense-en-public-du-genocide\/\" \/>\n<meta property=\"og:site_name\" content=\"International Solidarity Movement - ISM-France\" \/>\n<meta property=\"article:published_time\" content=\"2024-03-08T16:35:23+00:00\" \/>\n<meta property=\"article:modified_time\" content=\"2024-03-08T16:36:33+00:00\" \/>\n<meta property=\"og:image\" content=\"https:\/\/ismfrance.org\/wp-content\/uploads\/2024\/03\/la-haye.jpg\" \/>\n\t<meta property=\"og:image:width\" content=\"678\" \/>\n\t<meta property=\"og:image:height\" content=\"455\" \/>\n\t<meta property=\"og:image:type\" content=\"image\/jpeg\" \/>\n<meta name=\"author\" content=\"mru_01\" \/>\n<meta name=\"twitter:card\" content=\"summary_large_image\" \/>\n<meta name=\"twitter:creator\" content=\"@ISMFRANCE\" \/>\n<meta name=\"twitter:site\" content=\"@ISMFRANCE\" \/>\n<meta name=\"twitter:label1\" content=\"\u00c9crit par\" \/>\n\t<meta name=\"twitter:data1\" content=\"mru_01\" \/>\n\t<meta name=\"twitter:label2\" content=\"Dur\u00e9e de lecture estim\u00e9e\" \/>\n\t<meta name=\"twitter:data2\" content=\"5 minutes\" \/>\n<script type=\"application\/ld+json\" class=\"yoast-schema-graph\">{\"@context\":\"https:\/\/schema.org\",\"@graph\":[{\"@type\":\"Article\",\"@id\":\"https:\/\/ismfrance.org\/index.php\/2024\/03\/08\/france-invisibilisation-de-la-palestine-et-defense-en-public-du-genocide\/#article\",\"isPartOf\":{\"@id\":\"https:\/\/ismfrance.org\/index.php\/2024\/03\/08\/france-invisibilisation-de-la-palestine-et-defense-en-public-du-genocide\/\"},\"author\":{\"name\":\"mru_01\",\"@id\":\"https:\/\/ismfrance.org\/#\/schema\/person\/3c411eb72adfaae19c0dca1f41fae01d\"},\"headline\":\"France : invisibilisation de la Palestine et d\u00e9fense en public du g\u00e9nocide\",\"datePublished\":\"2024-03-08T16:35:23+00:00\",\"dateModified\":\"2024-03-08T16:36:33+00:00\",\"mainEntityOfPage\":{\"@id\":\"https:\/\/ismfrance.org\/index.php\/2024\/03\/08\/france-invisibilisation-de-la-palestine-et-defense-en-public-du-genocide\/\"},\"wordCount\":1493,\"publisher\":{\"@id\":\"https:\/\/ismfrance.org\/#organization\"},\"image\":{\"@id\":\"https:\/\/ismfrance.org\/index.php\/2024\/03\/08\/france-invisibilisation-de-la-palestine-et-defense-en-public-du-genocide\/#primaryimage\"},\"thumbnailUrl\":\"https:\/\/ismfrance.org\/wp-content\/uploads\/2024\/03\/la-haye.jpg\",\"keywords\":[\"Collabos\",\"G\u00e9nocide\"],\"articleSection\":[\"Analyses\",\"Articles\"],\"inLanguage\":\"fr-FR\"},{\"@type\":\"WebPage\",\"@id\":\"https:\/\/ismfrance.org\/index.php\/2024\/03\/08\/france-invisibilisation-de-la-palestine-et-defense-en-public-du-genocide\/\",\"url\":\"https:\/\/ismfrance.org\/index.php\/2024\/03\/08\/france-invisibilisation-de-la-palestine-et-defense-en-public-du-genocide\/\",\"name\":\"France : invisibilisation de la Palestine et d\u00e9fense en public du g\u00e9nocide - International Solidarity Movement - ISM-France\",\"isPartOf\":{\"@id\":\"https:\/\/ismfrance.org\/#website\"},\"primaryImageOfPage\":{\"@id\":\"https:\/\/ismfrance.org\/index.php\/2024\/03\/08\/france-invisibilisation-de-la-palestine-et-defense-en-public-du-genocide\/#primaryimage\"},\"image\":{\"@id\":\"https:\/\/ismfrance.org\/index.php\/2024\/03\/08\/france-invisibilisation-de-la-palestine-et-defense-en-public-du-genocide\/#primaryimage\"},\"thumbnailUrl\":\"https:\/\/ismfrance.org\/wp-content\/uploads\/2024\/03\/la-haye.jpg\",\"datePublished\":\"2024-03-08T16:35:23+00:00\",\"dateModified\":\"2024-03-08T16:36:33+00:00\",\"breadcrumb\":{\"@id\":\"https:\/\/ismfrance.org\/index.php\/2024\/03\/08\/france-invisibilisation-de-la-palestine-et-defense-en-public-du-genocide\/#breadcrumb\"},\"inLanguage\":\"fr-FR\",\"potentialAction\":[{\"@type\":\"ReadAction\",\"target\":[\"https:\/\/ismfrance.org\/index.php\/2024\/03\/08\/france-invisibilisation-de-la-palestine-et-defense-en-public-du-genocide\/\"]}]},{\"@type\":\"ImageObject\",\"inLanguage\":\"fr-FR\",\"@id\":\"https:\/\/ismfrance.org\/index.php\/2024\/03\/08\/france-invisibilisation-de-la-palestine-et-defense-en-public-du-genocide\/#primaryimage\",\"url\":\"https:\/\/ismfrance.org\/wp-content\/uploads\/2024\/03\/la-haye.jpg\",\"contentUrl\":\"https:\/\/ismfrance.org\/wp-content\/uploads\/2024\/03\/la-haye.jpg\",\"width\":678,\"height\":455,\"caption\":\"Manifestation \u00e0 La Haye - \u00ab Restez silencieux quand les enfants dorment, pas quand ils sont tu\u00e9s par des bombes ! \u00bb peut-on lire sur la pancarte - Photo : Al-Qods News Network\"},{\"@type\":\"BreadcrumbList\",\"@id\":\"https:\/\/ismfrance.org\/index.php\/2024\/03\/08\/france-invisibilisation-de-la-palestine-et-defense-en-public-du-genocide\/#breadcrumb\",\"itemListElement\":[{\"@type\":\"ListItem\",\"position\":1,\"name\":\"Accueil\",\"item\":\"https:\/\/ismfrance.org\/\"},{\"@type\":\"ListItem\",\"position\":2,\"name\":\"France : invisibilisation de la Palestine et d\u00e9fense en public du g\u00e9nocide\"}]},{\"@type\":\"WebSite\",\"@id\":\"https:\/\/ismfrance.org\/#website\",\"url\":\"https:\/\/ismfrance.org\/\",\"name\":\"ISM Palestine France\",\"description\":\"Soutien aux luttes de lib\u00e9ration du peuple palestinien\",\"publisher\":{\"@id\":\"https:\/\/ismfrance.org\/#organization\"},\"potentialAction\":[{\"@type\":\"SearchAction\",\"target\":{\"@type\":\"EntryPoint\",\"urlTemplate\":\"https:\/\/ismfrance.org\/?s={search_term_string}\"},\"query-input\":{\"@type\":\"PropertyValueSpecification\",\"valueRequired\":true,\"valueName\":\"search_term_string\"}}],\"inLanguage\":\"fr-FR\"},{\"@type\":\"Organization\",\"@id\":\"https:\/\/ismfrance.org\/#organization\",\"name\":\"International Solidarity Movement\",\"url\":\"https:\/\/ismfrance.org\/\",\"logo\":{\"@type\":\"ImageObject\",\"inLanguage\":\"fr-FR\",\"@id\":\"https:\/\/ismfrance.org\/#\/schema\/logo\/image\/\",\"url\":\"https:\/\/ismfrance.org\/wp-content\/uploads\/2020\/12\/00.png\",\"contentUrl\":\"https:\/\/ismfrance.org\/wp-content\/uploads\/2020\/12\/00.png\",\"width\":400,\"height\":400,\"caption\":\"International Solidarity Movement\"},\"image\":{\"@id\":\"https:\/\/ismfrance.org\/#\/schema\/logo\/image\/\"},\"sameAs\":[\"https:\/\/x.com\/ISMFRANCE\"]},{\"@type\":\"Person\",\"@id\":\"https:\/\/ismfrance.org\/#\/schema\/person\/3c411eb72adfaae19c0dca1f41fae01d\",\"name\":\"mru_01\",\"image\":{\"@type\":\"ImageObject\",\"inLanguage\":\"fr-FR\",\"@id\":\"https:\/\/secure.gravatar.com\/avatar\/3a0be343b445d2ccc79e87444a294fad2b232e90d2051d0e3cc219e1ecd6a330?s=96&d=mm&r=g\",\"url\":\"https:\/\/secure.gravatar.com\/avatar\/3a0be343b445d2ccc79e87444a294fad2b232e90d2051d0e3cc219e1ecd6a330?s=96&d=mm&r=g\",\"contentUrl\":\"https:\/\/secure.gravatar.com\/avatar\/3a0be343b445d2ccc79e87444a294fad2b232e90d2051d0e3cc219e1ecd6a330?s=96&d=mm&r=g\",\"caption\":\"mru_01\"},\"url\":\"https:\/\/ismfrance.org\/index.php\/author\/admin02\/\"}]}<\/script>\n<!-- \/ Yoast SEO plugin. -->","yoast_head_json":{"title":"France : invisibilisation de la Palestine et d\u00e9fense en public du g\u00e9nocide - International Solidarity Movement - ISM-France","robots":{"index":"index","follow":"follow","max-snippet":"max-snippet:-1","max-image-preview":"max-image-preview:large","max-video-preview":"max-video-preview:-1"},"canonical":"https:\/\/ismfrance.org\/index.php\/2024\/03\/08\/france-invisibilisation-de-la-palestine-et-defense-en-public-du-genocide\/","og_locale":"fr_FR","og_type":"article","og_title":"France : invisibilisation de la Palestine et d\u00e9fense en public du g\u00e9nocide - International Solidarity Movement - ISM-France","og_description":"Chronique de Palestine, 7 mars 2024. En France r\u00e8gne une v\u00e9ritable \u00ab omerta \u00bb sur la situation dramatique en Palestine, comme l\u2019explique Al-Mayadeen\u00a0dans la premi\u00e8re partie de cet article. Dans Lire la suite &rarr;","og_url":"https:\/\/ismfrance.org\/index.php\/2024\/03\/08\/france-invisibilisation-de-la-palestine-et-defense-en-public-du-genocide\/","og_site_name":"International Solidarity Movement - ISM-France","article_published_time":"2024-03-08T16:35:23+00:00","article_modified_time":"2024-03-08T16:36:33+00:00","og_image":[{"width":678,"height":455,"url":"https:\/\/ismfrance.org\/wp-content\/uploads\/2024\/03\/la-haye.jpg","type":"image\/jpeg"}],"author":"mru_01","twitter_card":"summary_large_image","twitter_creator":"@ISMFRANCE","twitter_site":"@ISMFRANCE","twitter_misc":{"\u00c9crit par":"mru_01","Dur\u00e9e de lecture estim\u00e9e":"5 minutes"},"schema":{"@context":"https:\/\/schema.org","@graph":[{"@type":"Article","@id":"https:\/\/ismfrance.org\/index.php\/2024\/03\/08\/france-invisibilisation-de-la-palestine-et-defense-en-public-du-genocide\/#article","isPartOf":{"@id":"https:\/\/ismfrance.org\/index.php\/2024\/03\/08\/france-invisibilisation-de-la-palestine-et-defense-en-public-du-genocide\/"},"author":{"name":"mru_01","@id":"https:\/\/ismfrance.org\/#\/schema\/person\/3c411eb72adfaae19c0dca1f41fae01d"},"headline":"France : invisibilisation de la Palestine et d\u00e9fense en public du g\u00e9nocide","datePublished":"2024-03-08T16:35:23+00:00","dateModified":"2024-03-08T16:36:33+00:00","mainEntityOfPage":{"@id":"https:\/\/ismfrance.org\/index.php\/2024\/03\/08\/france-invisibilisation-de-la-palestine-et-defense-en-public-du-genocide\/"},"wordCount":1493,"publisher":{"@id":"https:\/\/ismfrance.org\/#organization"},"image":{"@id":"https:\/\/ismfrance.org\/index.php\/2024\/03\/08\/france-invisibilisation-de-la-palestine-et-defense-en-public-du-genocide\/#primaryimage"},"thumbnailUrl":"https:\/\/ismfrance.org\/wp-content\/uploads\/2024\/03\/la-haye.jpg","keywords":["Collabos","G\u00e9nocide"],"articleSection":["Analyses","Articles"],"inLanguage":"fr-FR"},{"@type":"WebPage","@id":"https:\/\/ismfrance.org\/index.php\/2024\/03\/08\/france-invisibilisation-de-la-palestine-et-defense-en-public-du-genocide\/","url":"https:\/\/ismfrance.org\/index.php\/2024\/03\/08\/france-invisibilisation-de-la-palestine-et-defense-en-public-du-genocide\/","name":"France : invisibilisation de la Palestine et d\u00e9fense en public du g\u00e9nocide - International Solidarity Movement - ISM-France","isPartOf":{"@id":"https:\/\/ismfrance.org\/#website"},"primaryImageOfPage":{"@id":"https:\/\/ismfrance.org\/index.php\/2024\/03\/08\/france-invisibilisation-de-la-palestine-et-defense-en-public-du-genocide\/#primaryimage"},"image":{"@id":"https:\/\/ismfrance.org\/index.php\/2024\/03\/08\/france-invisibilisation-de-la-palestine-et-defense-en-public-du-genocide\/#primaryimage"},"thumbnailUrl":"https:\/\/ismfrance.org\/wp-content\/uploads\/2024\/03\/la-haye.jpg","datePublished":"2024-03-08T16:35:23+00:00","dateModified":"2024-03-08T16:36:33+00:00","breadcrumb":{"@id":"https:\/\/ismfrance.org\/index.php\/2024\/03\/08\/france-invisibilisation-de-la-palestine-et-defense-en-public-du-genocide\/#breadcrumb"},"inLanguage":"fr-FR","potentialAction":[{"@type":"ReadAction","target":["https:\/\/ismfrance.org\/index.php\/2024\/03\/08\/france-invisibilisation-de-la-palestine-et-defense-en-public-du-genocide\/"]}]},{"@type":"ImageObject","inLanguage":"fr-FR","@id":"https:\/\/ismfrance.org\/index.php\/2024\/03\/08\/france-invisibilisation-de-la-palestine-et-defense-en-public-du-genocide\/#primaryimage","url":"https:\/\/ismfrance.org\/wp-content\/uploads\/2024\/03\/la-haye.jpg","contentUrl":"https:\/\/ismfrance.org\/wp-content\/uploads\/2024\/03\/la-haye.jpg","width":678,"height":455,"caption":"Manifestation \u00e0 La Haye - \u00ab Restez silencieux quand les enfants dorment, pas quand ils sont tu\u00e9s par des bombes ! \u00bb peut-on lire sur la pancarte - Photo : Al-Qods News Network"},{"@type":"BreadcrumbList","@id":"https:\/\/ismfrance.org\/index.php\/2024\/03\/08\/france-invisibilisation-de-la-palestine-et-defense-en-public-du-genocide\/#breadcrumb","itemListElement":[{"@type":"ListItem","position":1,"name":"Accueil","item":"https:\/\/ismfrance.org\/"},{"@type":"ListItem","position":2,"name":"France : invisibilisation de la Palestine et d\u00e9fense en public du g\u00e9nocide"}]},{"@type":"WebSite","@id":"https:\/\/ismfrance.org\/#website","url":"https:\/\/ismfrance.org\/","name":"ISM Palestine France","description":"Soutien aux luttes de lib\u00e9ration du peuple palestinien","publisher":{"@id":"https:\/\/ismfrance.org\/#organization"},"potentialAction":[{"@type":"SearchAction","target":{"@type":"EntryPoint","urlTemplate":"https:\/\/ismfrance.org\/?s={search_term_string}"},"query-input":{"@type":"PropertyValueSpecification","valueRequired":true,"valueName":"search_term_string"}}],"inLanguage":"fr-FR"},{"@type":"Organization","@id":"https:\/\/ismfrance.org\/#organization","name":"International Solidarity Movement","url":"https:\/\/ismfrance.org\/","logo":{"@type":"ImageObject","inLanguage":"fr-FR","@id":"https:\/\/ismfrance.org\/#\/schema\/logo\/image\/","url":"https:\/\/ismfrance.org\/wp-content\/uploads\/2020\/12\/00.png","contentUrl":"https:\/\/ismfrance.org\/wp-content\/uploads\/2020\/12\/00.png","width":400,"height":400,"caption":"International Solidarity Movement"},"image":{"@id":"https:\/\/ismfrance.org\/#\/schema\/logo\/image\/"},"sameAs":["https:\/\/x.com\/ISMFRANCE"]},{"@type":"Person","@id":"https:\/\/ismfrance.org\/#\/schema\/person\/3c411eb72adfaae19c0dca1f41fae01d","name":"mru_01","image":{"@type":"ImageObject","inLanguage":"fr-FR","@id":"https:\/\/secure.gravatar.com\/avatar\/3a0be343b445d2ccc79e87444a294fad2b232e90d2051d0e3cc219e1ecd6a330?s=96&d=mm&r=g","url":"https:\/\/secure.gravatar.com\/avatar\/3a0be343b445d2ccc79e87444a294fad2b232e90d2051d0e3cc219e1ecd6a330?s=96&d=mm&r=g","contentUrl":"https:\/\/secure.gravatar.com\/avatar\/3a0be343b445d2ccc79e87444a294fad2b232e90d2051d0e3cc219e1ecd6a330?s=96&d=mm&r=g","caption":"mru_01"},"url":"https:\/\/ismfrance.org\/index.php\/author\/admin02\/"}]}},"_links":{"self":[{"href":"https:\/\/ismfrance.org\/index.php\/wp-json\/wp\/v2\/posts\/9982","targetHints":{"allow":["GET"]}}],"collection":[{"href":"https:\/\/ismfrance.org\/index.php\/wp-json\/wp\/v2\/posts"}],"about":[{"href":"https:\/\/ismfrance.org\/index.php\/wp-json\/wp\/v2\/types\/post"}],"author":[{"embeddable":true,"href":"https:\/\/ismfrance.org\/index.php\/wp-json\/wp\/v2\/users\/3"}],"replies":[{"embeddable":true,"href":"https:\/\/ismfrance.org\/index.php\/wp-json\/wp\/v2\/comments?post=9982"}],"version-history":[{"count":0,"href":"https:\/\/ismfrance.org\/index.php\/wp-json\/wp\/v2\/posts\/9982\/revisions"}],"wp:featuredmedia":[{"embeddable":true,"href":"https:\/\/ismfrance.org\/index.php\/wp-json\/wp\/v2\/media\/9983"}],"wp:attachment":[{"href":"https:\/\/ismfrance.org\/index.php\/wp-json\/wp\/v2\/media?parent=9982"}],"wp:term":[{"taxonomy":"category","embeddable":true,"href":"https:\/\/ismfrance.org\/index.php\/wp-json\/wp\/v2\/categories?post=9982"},{"taxonomy":"post_tag","embeddable":true,"href":"https:\/\/ismfrance.org\/index.php\/wp-json\/wp\/v2\/tags?post=9982"}],"curies":[{"name":"wp","href":"https:\/\/api.w.org\/{rel}","templated":true}]}}