{"id":996,"date":"2021-09-26T10:46:49","date_gmt":"2021-09-26T08:46:49","guid":{"rendered":"https:\/\/ismfrance.org\/?p=996"},"modified":"2021-11-12T10:46:04","modified_gmt":"2021-11-12T09:46:04","slug":"les-forces-doccupation-abattent-quatre-palestiniens-lors-de-raids-menes-a-laube","status":"publish","type":"post","link":"https:\/\/ismfrance.org\/index.php\/2021\/09\/26\/les-forces-doccupation-abattent-quatre-palestiniens-lors-de-raids-menes-a-laube\/","title":{"rendered":"Les forces d\u2019occupation abattent quatre Palestiniens lors de raids men\u00e9s \u00e0 l&rsquo;aube"},"content":{"rendered":"<p><strong>QNN, 26 septembre 2021.<\/strong> Les forces d&rsquo;occupation isra\u00e9liennes ont abattu quatre combattants de la libert\u00e9 palestiniens lors de raids en Cisjordanie occup\u00e9e \u00e0 l&rsquo;aube ce dimanche matin, selon des sources m\u00e9dicales et locales.<\/p>\n<p class=\"photo\"><img loading=\"lazy\" decoding=\"async\" class=\"aligncenter size-full wp-image-997\" src=\"https:\/\/ismfrance.org\/wp-content\/uploads\/2021\/09\/martyrs-with-names.jpg\" alt=\"\" width=\"680\" height=\"680\" srcset=\"https:\/\/ismfrance.org\/wp-content\/uploads\/2021\/09\/martyrs-with-names.jpg 680w, https:\/\/ismfrance.org\/wp-content\/uploads\/2021\/09\/martyrs-with-names-300x300.jpg 300w, https:\/\/ismfrance.org\/wp-content\/uploads\/2021\/09\/martyrs-with-names-150x150.jpg 150w, https:\/\/ismfrance.org\/wp-content\/uploads\/2021\/09\/martyrs-with-names-144x144.jpg 144w\" sizes=\"auto, (max-width: 680px) 100vw, 680px\" \/><\/p>\n<p>Les sources ont d\u00e9clar\u00e9 que trois combattants de la libert\u00e9 palestiniens ont \u00e9t\u00e9 abattus par des tirs des forces isra\u00e9liennes dans le village de Beit Anan, dans les environs de Ramallah.<\/p>\n<p>Les trois martyrs ont \u00e9t\u00e9 identifi\u00e9s comme \u00e9tant Ahmad Zahran, Mahmoud Hmeidan et Zakaria Bedwan.<\/p>\n<p>Le quatri\u00e8me martyr, identifi\u00e9 comme Osama Soboh, a \u00e9t\u00e9 touch\u00e9 \u00e0 la t\u00eate par des tirs \u00e0 balles r\u00e9elles des forces isra\u00e9liennes dans la ville de Kafr Burqin, \u00e0 l&rsquo;ouest de J\u00e9nine, dans le nord de la\u00a0<strong>Cisjordanie<\/strong>\u00a0, apr\u00e8s que les forces aient fait une descente dans le village et boucl\u00e9 une maison, d\u00e9clenchant des affrontements avec ses habitants, tirant des balles r\u00e9elles et blessant au moins 8 personnes.<\/p>\n<p>Le porte-parole de l&rsquo;OIF, Ran Kochav, a d\u00e9clar\u00e9 que l&rsquo;arm\u00e9e pensait que le mouvement Hamas pourrait riposter \u00e0 la mort et aux arrestations de ses membres par des tirs de roquettes depuis la bande de\u00a0<strong>Gaza<\/strong>.<\/p>\n<p><i><a href=\"https:\/\/twitter.com\/i\/status\/1442002296532054018\" target=\"_blank\" rel=\"nofollow noopener\">Sur cette vid\u00e9o<\/a>, on voit les forces d&rsquo;occupation emmenant le corps d&rsquo;un des combattants de la libert\u00e9 palestinienne assassin\u00e9 dans le village cisjordanien de Beit Anan, au nord-ouest de<strong>\u00a0J\u00e9rusalem<\/strong>\u00a0occup\u00e9e.<\/i><\/p>\n<p><em>L&rsquo;article original, en anglais, est paru sur <a href=\"https:\/\/qudsnen.co\/?p=29704\">Quds News Network<\/a> \/ Traduction MR<\/em><\/p>\n","protected":false},"excerpt":{"rendered":"<p>QNN, 26 septembre 2021. Les forces d&rsquo;occupation isra\u00e9liennes ont abattu quatre combattants de la libert\u00e9 palestiniens lors de raids en Cisjordanie occup\u00e9e \u00e0 l&rsquo;aube ce dimanche matin, selon des sources <a class=\"more-link\" href=\"https:\/\/ismfrance.org\/index.php\/2021\/09\/26\/les-forces-doccupation-abattent-quatre-palestiniens-lors-de-raids-menes-a-laube\/\">Lire la suite &rarr;<\/a><\/p>\n","protected":false},"author":3,"featured_media":997,"comment_status":"closed","ping_status":"open","sticky":false,"template":"","format":"standard","meta":{"footnotes":""},"categories":[2,14],"tags":[60,3],"class_list":["post-996","post","type-post","status-publish","format-standard","has-post-thumbnail","hentry","category-articles","category-communiques","tag-assassinats","tag-resistance"],"yoast_head":"<!-- This site is optimized with the Yoast SEO plugin v27.2 - https:\/\/yoast.com\/product\/yoast-seo-wordpress\/ -->\n<title>Les forces d\u2019occupation abattent quatre Palestiniens lors de raids men\u00e9s \u00e0 l&#039;aube - International Solidarity Movement - ISM-France<\/title>\n<meta name=\"robots\" content=\"index, follow, max-snippet:-1, max-image-preview:large, max-video-preview:-1\" \/>\n<link rel=\"canonical\" href=\"https:\/\/ismfrance.org\/index.php\/2021\/09\/26\/les-forces-doccupation-abattent-quatre-palestiniens-lors-de-raids-menes-a-laube\/\" \/>\n<meta property=\"og:locale\" content=\"fr_FR\" \/>\n<meta property=\"og:type\" content=\"article\" \/>\n<meta property=\"og:title\" content=\"Les forces d\u2019occupation abattent quatre Palestiniens lors de raids men\u00e9s \u00e0 l&#039;aube - International Solidarity Movement - ISM-France\" \/>\n<meta property=\"og:description\" content=\"QNN, 26 septembre 2021. Les forces d&rsquo;occupation isra\u00e9liennes ont abattu quatre combattants de la libert\u00e9 palestiniens lors de raids en Cisjordanie occup\u00e9e \u00e0 l&rsquo;aube ce dimanche matin, selon des sources Lire la suite &rarr;\" \/>\n<meta property=\"og:url\" content=\"https:\/\/ismfrance.org\/index.php\/2021\/09\/26\/les-forces-doccupation-abattent-quatre-palestiniens-lors-de-raids-menes-a-laube\/\" \/>\n<meta property=\"og:site_name\" content=\"International Solidarity Movement - ISM-France\" \/>\n<meta property=\"article:published_time\" content=\"2021-09-26T08:46:49+00:00\" \/>\n<meta property=\"article:modified_time\" content=\"2021-11-12T09:46:04+00:00\" \/>\n<meta property=\"og:image\" content=\"https:\/\/ismfrance.org\/wp-content\/uploads\/2021\/09\/martyrs-with-names.jpg\" \/>\n\t<meta property=\"og:image:width\" content=\"680\" \/>\n\t<meta property=\"og:image:height\" content=\"680\" \/>\n\t<meta property=\"og:image:type\" content=\"image\/jpeg\" \/>\n<meta name=\"author\" content=\"mru_01\" \/>\n<meta name=\"twitter:card\" content=\"summary_large_image\" \/>\n<meta name=\"twitter:creator\" content=\"@ISMFRANCE\" \/>\n<meta name=\"twitter:site\" content=\"@ISMFRANCE\" \/>\n<meta name=\"twitter:label1\" content=\"\u00c9crit par\" \/>\n\t<meta name=\"twitter:data1\" content=\"mru_01\" \/>\n\t<meta name=\"twitter:label2\" content=\"Dur\u00e9e de lecture estim\u00e9e\" \/>\n\t<meta name=\"twitter:data2\" content=\"2 minutes\" \/>\n<script type=\"application\/ld+json\" class=\"yoast-schema-graph\">{\"@context\":\"https:\/\/schema.org\",\"@graph\":[{\"@type\":\"Article\",\"@id\":\"https:\/\/ismfrance.org\/index.php\/2021\/09\/26\/les-forces-doccupation-abattent-quatre-palestiniens-lors-de-raids-menes-a-laube\/#article\",\"isPartOf\":{\"@id\":\"https:\/\/ismfrance.org\/index.php\/2021\/09\/26\/les-forces-doccupation-abattent-quatre-palestiniens-lors-de-raids-menes-a-laube\/\"},\"author\":{\"name\":\"mru_01\",\"@id\":\"https:\/\/ismfrance.org\/#\/schema\/person\/3c411eb72adfaae19c0dca1f41fae01d\"},\"headline\":\"Les forces d\u2019occupation abattent quatre Palestiniens lors de raids men\u00e9s \u00e0 l&rsquo;aube\",\"datePublished\":\"2021-09-26T08:46:49+00:00\",\"dateModified\":\"2021-11-12T09:46:04+00:00\",\"mainEntityOfPage\":{\"@id\":\"https:\/\/ismfrance.org\/index.php\/2021\/09\/26\/les-forces-doccupation-abattent-quatre-palestiniens-lors-de-raids-menes-a-laube\/\"},\"wordCount\":260,\"publisher\":{\"@id\":\"https:\/\/ismfrance.org\/#organization\"},\"image\":{\"@id\":\"https:\/\/ismfrance.org\/index.php\/2021\/09\/26\/les-forces-doccupation-abattent-quatre-palestiniens-lors-de-raids-menes-a-laube\/#primaryimage\"},\"thumbnailUrl\":\"https:\/\/ismfrance.org\/wp-content\/uploads\/2021\/09\/martyrs-with-names.jpg\",\"keywords\":[\"Assassinats\",\"R\u00e9sistance\"],\"articleSection\":[\"Articles\",\"Communiqu\u00e9s\"],\"inLanguage\":\"fr-FR\"},{\"@type\":\"WebPage\",\"@id\":\"https:\/\/ismfrance.org\/index.php\/2021\/09\/26\/les-forces-doccupation-abattent-quatre-palestiniens-lors-de-raids-menes-a-laube\/\",\"url\":\"https:\/\/ismfrance.org\/index.php\/2021\/09\/26\/les-forces-doccupation-abattent-quatre-palestiniens-lors-de-raids-menes-a-laube\/\",\"name\":\"Les forces d\u2019occupation abattent quatre Palestiniens lors de raids men\u00e9s \u00e0 l'aube - International Solidarity Movement - ISM-France\",\"isPartOf\":{\"@id\":\"https:\/\/ismfrance.org\/#website\"},\"primaryImageOfPage\":{\"@id\":\"https:\/\/ismfrance.org\/index.php\/2021\/09\/26\/les-forces-doccupation-abattent-quatre-palestiniens-lors-de-raids-menes-a-laube\/#primaryimage\"},\"image\":{\"@id\":\"https:\/\/ismfrance.org\/index.php\/2021\/09\/26\/les-forces-doccupation-abattent-quatre-palestiniens-lors-de-raids-menes-a-laube\/#primaryimage\"},\"thumbnailUrl\":\"https:\/\/ismfrance.org\/wp-content\/uploads\/2021\/09\/martyrs-with-names.jpg\",\"datePublished\":\"2021-09-26T08:46:49+00:00\",\"dateModified\":\"2021-11-12T09:46:04+00:00\",\"breadcrumb\":{\"@id\":\"https:\/\/ismfrance.org\/index.php\/2021\/09\/26\/les-forces-doccupation-abattent-quatre-palestiniens-lors-de-raids-menes-a-laube\/#breadcrumb\"},\"inLanguage\":\"fr-FR\",\"potentialAction\":[{\"@type\":\"ReadAction\",\"target\":[\"https:\/\/ismfrance.org\/index.php\/2021\/09\/26\/les-forces-doccupation-abattent-quatre-palestiniens-lors-de-raids-menes-a-laube\/\"]}]},{\"@type\":\"ImageObject\",\"inLanguage\":\"fr-FR\",\"@id\":\"https:\/\/ismfrance.org\/index.php\/2021\/09\/26\/les-forces-doccupation-abattent-quatre-palestiniens-lors-de-raids-menes-a-laube\/#primaryimage\",\"url\":\"https:\/\/ismfrance.org\/wp-content\/uploads\/2021\/09\/martyrs-with-names.jpg\",\"contentUrl\":\"https:\/\/ismfrance.org\/wp-content\/uploads\/2021\/09\/martyrs-with-names.jpg\",\"width\":680,\"height\":680},{\"@type\":\"BreadcrumbList\",\"@id\":\"https:\/\/ismfrance.org\/index.php\/2021\/09\/26\/les-forces-doccupation-abattent-quatre-palestiniens-lors-de-raids-menes-a-laube\/#breadcrumb\",\"itemListElement\":[{\"@type\":\"ListItem\",\"position\":1,\"name\":\"Accueil\",\"item\":\"https:\/\/ismfrance.org\/\"},{\"@type\":\"ListItem\",\"position\":2,\"name\":\"Les forces d\u2019occupation abattent quatre Palestiniens lors de raids men\u00e9s \u00e0 l&#8217;aube\"}]},{\"@type\":\"WebSite\",\"@id\":\"https:\/\/ismfrance.org\/#website\",\"url\":\"https:\/\/ismfrance.org\/\",\"name\":\"ISM Palestine France\",\"description\":\"Soutien aux luttes de lib\u00e9ration du peuple palestinien\",\"publisher\":{\"@id\":\"https:\/\/ismfrance.org\/#organization\"},\"potentialAction\":[{\"@type\":\"SearchAction\",\"target\":{\"@type\":\"EntryPoint\",\"urlTemplate\":\"https:\/\/ismfrance.org\/?s={search_term_string}\"},\"query-input\":{\"@type\":\"PropertyValueSpecification\",\"valueRequired\":true,\"valueName\":\"search_term_string\"}}],\"inLanguage\":\"fr-FR\"},{\"@type\":\"Organization\",\"@id\":\"https:\/\/ismfrance.org\/#organization\",\"name\":\"International Solidarity Movement\",\"url\":\"https:\/\/ismfrance.org\/\",\"logo\":{\"@type\":\"ImageObject\",\"inLanguage\":\"fr-FR\",\"@id\":\"https:\/\/ismfrance.org\/#\/schema\/logo\/image\/\",\"url\":\"https:\/\/ismfrance.org\/wp-content\/uploads\/2020\/12\/00.png\",\"contentUrl\":\"https:\/\/ismfrance.org\/wp-content\/uploads\/2020\/12\/00.png\",\"width\":400,\"height\":400,\"caption\":\"International Solidarity Movement\"},\"image\":{\"@id\":\"https:\/\/ismfrance.org\/#\/schema\/logo\/image\/\"},\"sameAs\":[\"https:\/\/x.com\/ISMFRANCE\"]},{\"@type\":\"Person\",\"@id\":\"https:\/\/ismfrance.org\/#\/schema\/person\/3c411eb72adfaae19c0dca1f41fae01d\",\"name\":\"mru_01\",\"image\":{\"@type\":\"ImageObject\",\"inLanguage\":\"fr-FR\",\"@id\":\"https:\/\/secure.gravatar.com\/avatar\/3a0be343b445d2ccc79e87444a294fad2b232e90d2051d0e3cc219e1ecd6a330?s=96&d=mm&r=g\",\"url\":\"https:\/\/secure.gravatar.com\/avatar\/3a0be343b445d2ccc79e87444a294fad2b232e90d2051d0e3cc219e1ecd6a330?s=96&d=mm&r=g\",\"contentUrl\":\"https:\/\/secure.gravatar.com\/avatar\/3a0be343b445d2ccc79e87444a294fad2b232e90d2051d0e3cc219e1ecd6a330?s=96&d=mm&r=g\",\"caption\":\"mru_01\"},\"url\":\"https:\/\/ismfrance.org\/index.php\/author\/admin02\/\"}]}<\/script>\n<!-- \/ Yoast SEO plugin. -->","yoast_head_json":{"title":"Les forces d\u2019occupation abattent quatre Palestiniens lors de raids men\u00e9s \u00e0 l'aube - International Solidarity Movement - ISM-France","robots":{"index":"index","follow":"follow","max-snippet":"max-snippet:-1","max-image-preview":"max-image-preview:large","max-video-preview":"max-video-preview:-1"},"canonical":"https:\/\/ismfrance.org\/index.php\/2021\/09\/26\/les-forces-doccupation-abattent-quatre-palestiniens-lors-de-raids-menes-a-laube\/","og_locale":"fr_FR","og_type":"article","og_title":"Les forces d\u2019occupation abattent quatre Palestiniens lors de raids men\u00e9s \u00e0 l'aube - International Solidarity Movement - ISM-France","og_description":"QNN, 26 septembre 2021. Les forces d&rsquo;occupation isra\u00e9liennes ont abattu quatre combattants de la libert\u00e9 palestiniens lors de raids en Cisjordanie occup\u00e9e \u00e0 l&rsquo;aube ce dimanche matin, selon des sources Lire la suite &rarr;","og_url":"https:\/\/ismfrance.org\/index.php\/2021\/09\/26\/les-forces-doccupation-abattent-quatre-palestiniens-lors-de-raids-menes-a-laube\/","og_site_name":"International Solidarity Movement - ISM-France","article_published_time":"2021-09-26T08:46:49+00:00","article_modified_time":"2021-11-12T09:46:04+00:00","og_image":[{"width":680,"height":680,"url":"https:\/\/ismfrance.org\/wp-content\/uploads\/2021\/09\/martyrs-with-names.jpg","type":"image\/jpeg"}],"author":"mru_01","twitter_card":"summary_large_image","twitter_creator":"@ISMFRANCE","twitter_site":"@ISMFRANCE","twitter_misc":{"\u00c9crit par":"mru_01","Dur\u00e9e de lecture estim\u00e9e":"2 minutes"},"schema":{"@context":"https:\/\/schema.org","@graph":[{"@type":"Article","@id":"https:\/\/ismfrance.org\/index.php\/2021\/09\/26\/les-forces-doccupation-abattent-quatre-palestiniens-lors-de-raids-menes-a-laube\/#article","isPartOf":{"@id":"https:\/\/ismfrance.org\/index.php\/2021\/09\/26\/les-forces-doccupation-abattent-quatre-palestiniens-lors-de-raids-menes-a-laube\/"},"author":{"name":"mru_01","@id":"https:\/\/ismfrance.org\/#\/schema\/person\/3c411eb72adfaae19c0dca1f41fae01d"},"headline":"Les forces d\u2019occupation abattent quatre Palestiniens lors de raids men\u00e9s \u00e0 l&rsquo;aube","datePublished":"2021-09-26T08:46:49+00:00","dateModified":"2021-11-12T09:46:04+00:00","mainEntityOfPage":{"@id":"https:\/\/ismfrance.org\/index.php\/2021\/09\/26\/les-forces-doccupation-abattent-quatre-palestiniens-lors-de-raids-menes-a-laube\/"},"wordCount":260,"publisher":{"@id":"https:\/\/ismfrance.org\/#organization"},"image":{"@id":"https:\/\/ismfrance.org\/index.php\/2021\/09\/26\/les-forces-doccupation-abattent-quatre-palestiniens-lors-de-raids-menes-a-laube\/#primaryimage"},"thumbnailUrl":"https:\/\/ismfrance.org\/wp-content\/uploads\/2021\/09\/martyrs-with-names.jpg","keywords":["Assassinats","R\u00e9sistance"],"articleSection":["Articles","Communiqu\u00e9s"],"inLanguage":"fr-FR"},{"@type":"WebPage","@id":"https:\/\/ismfrance.org\/index.php\/2021\/09\/26\/les-forces-doccupation-abattent-quatre-palestiniens-lors-de-raids-menes-a-laube\/","url":"https:\/\/ismfrance.org\/index.php\/2021\/09\/26\/les-forces-doccupation-abattent-quatre-palestiniens-lors-de-raids-menes-a-laube\/","name":"Les forces d\u2019occupation abattent quatre Palestiniens lors de raids men\u00e9s \u00e0 l'aube - International Solidarity Movement - ISM-France","isPartOf":{"@id":"https:\/\/ismfrance.org\/#website"},"primaryImageOfPage":{"@id":"https:\/\/ismfrance.org\/index.php\/2021\/09\/26\/les-forces-doccupation-abattent-quatre-palestiniens-lors-de-raids-menes-a-laube\/#primaryimage"},"image":{"@id":"https:\/\/ismfrance.org\/index.php\/2021\/09\/26\/les-forces-doccupation-abattent-quatre-palestiniens-lors-de-raids-menes-a-laube\/#primaryimage"},"thumbnailUrl":"https:\/\/ismfrance.org\/wp-content\/uploads\/2021\/09\/martyrs-with-names.jpg","datePublished":"2021-09-26T08:46:49+00:00","dateModified":"2021-11-12T09:46:04+00:00","breadcrumb":{"@id":"https:\/\/ismfrance.org\/index.php\/2021\/09\/26\/les-forces-doccupation-abattent-quatre-palestiniens-lors-de-raids-menes-a-laube\/#breadcrumb"},"inLanguage":"fr-FR","potentialAction":[{"@type":"ReadAction","target":["https:\/\/ismfrance.org\/index.php\/2021\/09\/26\/les-forces-doccupation-abattent-quatre-palestiniens-lors-de-raids-menes-a-laube\/"]}]},{"@type":"ImageObject","inLanguage":"fr-FR","@id":"https:\/\/ismfrance.org\/index.php\/2021\/09\/26\/les-forces-doccupation-abattent-quatre-palestiniens-lors-de-raids-menes-a-laube\/#primaryimage","url":"https:\/\/ismfrance.org\/wp-content\/uploads\/2021\/09\/martyrs-with-names.jpg","contentUrl":"https:\/\/ismfrance.org\/wp-content\/uploads\/2021\/09\/martyrs-with-names.jpg","width":680,"height":680},{"@type":"BreadcrumbList","@id":"https:\/\/ismfrance.org\/index.php\/2021\/09\/26\/les-forces-doccupation-abattent-quatre-palestiniens-lors-de-raids-menes-a-laube\/#breadcrumb","itemListElement":[{"@type":"ListItem","position":1,"name":"Accueil","item":"https:\/\/ismfrance.org\/"},{"@type":"ListItem","position":2,"name":"Les forces d\u2019occupation abattent quatre Palestiniens lors de raids men\u00e9s \u00e0 l&#8217;aube"}]},{"@type":"WebSite","@id":"https:\/\/ismfrance.org\/#website","url":"https:\/\/ismfrance.org\/","name":"ISM Palestine France","description":"Soutien aux luttes de lib\u00e9ration du peuple palestinien","publisher":{"@id":"https:\/\/ismfrance.org\/#organization"},"potentialAction":[{"@type":"SearchAction","target":{"@type":"EntryPoint","urlTemplate":"https:\/\/ismfrance.org\/?s={search_term_string}"},"query-input":{"@type":"PropertyValueSpecification","valueRequired":true,"valueName":"search_term_string"}}],"inLanguage":"fr-FR"},{"@type":"Organization","@id":"https:\/\/ismfrance.org\/#organization","name":"International Solidarity Movement","url":"https:\/\/ismfrance.org\/","logo":{"@type":"ImageObject","inLanguage":"fr-FR","@id":"https:\/\/ismfrance.org\/#\/schema\/logo\/image\/","url":"https:\/\/ismfrance.org\/wp-content\/uploads\/2020\/12\/00.png","contentUrl":"https:\/\/ismfrance.org\/wp-content\/uploads\/2020\/12\/00.png","width":400,"height":400,"caption":"International Solidarity Movement"},"image":{"@id":"https:\/\/ismfrance.org\/#\/schema\/logo\/image\/"},"sameAs":["https:\/\/x.com\/ISMFRANCE"]},{"@type":"Person","@id":"https:\/\/ismfrance.org\/#\/schema\/person\/3c411eb72adfaae19c0dca1f41fae01d","name":"mru_01","image":{"@type":"ImageObject","inLanguage":"fr-FR","@id":"https:\/\/secure.gravatar.com\/avatar\/3a0be343b445d2ccc79e87444a294fad2b232e90d2051d0e3cc219e1ecd6a330?s=96&d=mm&r=g","url":"https:\/\/secure.gravatar.com\/avatar\/3a0be343b445d2ccc79e87444a294fad2b232e90d2051d0e3cc219e1ecd6a330?s=96&d=mm&r=g","contentUrl":"https:\/\/secure.gravatar.com\/avatar\/3a0be343b445d2ccc79e87444a294fad2b232e90d2051d0e3cc219e1ecd6a330?s=96&d=mm&r=g","caption":"mru_01"},"url":"https:\/\/ismfrance.org\/index.php\/author\/admin02\/"}]}},"_links":{"self":[{"href":"https:\/\/ismfrance.org\/index.php\/wp-json\/wp\/v2\/posts\/996","targetHints":{"allow":["GET"]}}],"collection":[{"href":"https:\/\/ismfrance.org\/index.php\/wp-json\/wp\/v2\/posts"}],"about":[{"href":"https:\/\/ismfrance.org\/index.php\/wp-json\/wp\/v2\/types\/post"}],"author":[{"embeddable":true,"href":"https:\/\/ismfrance.org\/index.php\/wp-json\/wp\/v2\/users\/3"}],"replies":[{"embeddable":true,"href":"https:\/\/ismfrance.org\/index.php\/wp-json\/wp\/v2\/comments?post=996"}],"version-history":[{"count":0,"href":"https:\/\/ismfrance.org\/index.php\/wp-json\/wp\/v2\/posts\/996\/revisions"}],"wp:featuredmedia":[{"embeddable":true,"href":"https:\/\/ismfrance.org\/index.php\/wp-json\/wp\/v2\/media\/997"}],"wp:attachment":[{"href":"https:\/\/ismfrance.org\/index.php\/wp-json\/wp\/v2\/media?parent=996"}],"wp:term":[{"taxonomy":"category","embeddable":true,"href":"https:\/\/ismfrance.org\/index.php\/wp-json\/wp\/v2\/categories?post=996"},{"taxonomy":"post_tag","embeddable":true,"href":"https:\/\/ismfrance.org\/index.php\/wp-json\/wp\/v2\/tags?post=996"}],"curies":[{"name":"wp","href":"https:\/\/api.w.org\/{rel}","templated":true}]}}