{"id":9913,"date":"2024-03-04T11:58:51","date_gmt":"2024-03-04T10:58:51","guid":{"rendered":"https:\/\/ismfrance.org\/?p=9913"},"modified":"2024-03-04T11:58:51","modified_gmt":"2024-03-04T10:58:51","slug":"nous-avons-trop-souffert-les-manifestations-se-poursuivent-vendredi-a-kafr-qaddum","status":"publish","type":"post","link":"https:\/\/ismfrance.org\/index.php\/2024\/03\/04\/nous-avons-trop-souffert-les-manifestations-se-poursuivent-vendredi-a-kafr-qaddum\/","title":{"rendered":"\u00ab Nous avons trop souffert \u00bb : les manifestations se poursuivent vendredi \u00e0 Kafr Qaddum"},"content":{"rendered":"<p><span style=\"color: #000000;\"><span style=\"font-family: Trebuchet MS, sans-serif;\"><strong>ISM-Palestine, 1er mars 2024<\/strong>. Nous sommes vendredi et on entend l&rsquo;appel \u00e0 la pri\u00e8re dans le village rural de Kafr Qaddum, \u00e0 l&rsquo;ouest de Naplouse, dans la partie nord de la Cisjordanie. Les rues sont calmes, vides, \u00e0 l&rsquo;exception de quelques enfants qui jouent et de quelques voitures se dirigeant t\u00f4t vers la mosqu\u00e9e. Vers 11 heures du matin, des hommes et des gar\u00e7ons se rassemblent et boivent du caf\u00e9 pr\u00e8s de la route principale voisine. Les plus jeunes jouent et rient. La sc\u00e8ne semble calme, quoique en attente, avec une tension sous-jacente. Comme chaque vendredi, apr\u00e8s la pri\u00e8re, les villageois d\u00e9filent pour protester contre la fermeture de la route principale de leur village et contre l\u2019occupation isra\u00e9lienne.<\/span><\/span><\/p>\n<p><a href=\"https:\/\/ismfrance.org\/wp-content\/uploads\/2024\/03\/demonstration-KQ.jpg\"><img loading=\"lazy\" decoding=\"async\" class=\"size-large wp-image-9915 aligncenter\" src=\"https:\/\/ismfrance.org\/wp-content\/uploads\/2024\/03\/demonstration-KQ-700x466.jpg\" alt=\"\" width=\"600\" height=\"399\" srcset=\"https:\/\/ismfrance.org\/wp-content\/uploads\/2024\/03\/demonstration-KQ-700x466.jpg 700w, https:\/\/ismfrance.org\/wp-content\/uploads\/2024\/03\/demonstration-KQ-300x200.jpg 300w, https:\/\/ismfrance.org\/wp-content\/uploads\/2024\/03\/demonstration-KQ-768x512.jpg 768w, https:\/\/ismfrance.org\/wp-content\/uploads\/2024\/03\/demonstration-KQ-1536x1023.jpg 1536w, https:\/\/ismfrance.org\/wp-content\/uploads\/2024\/03\/demonstration-KQ-1320x879.jpg 1320w, https:\/\/ismfrance.org\/wp-content\/uploads\/2024\/03\/demonstration-KQ.jpg 1600w\" sizes=\"auto, (max-width: 600px) 100vw, 600px\" \/><\/a><span style=\"color: #000000;\"><span style=\"font-family: Trebuchet MS, sans-serif;\">Les manifestations font partie de la vie dans les villages ruraux de Palestine \u2013 certaines depuis le d\u00e9but de la deuxi\u00e8me Intifada. Mais dans la plupart des r\u00e9gions de Cisjordanie, les manifestations non arm\u00e9es se sont arr\u00eat\u00e9es apr\u00e8s le 7 octobre, lorsque les soldats et les colons ont profit\u00e9 des attaques du Hamas pour d\u00e9clencher une vague de violence, de terrorisme et de vol de terres et de ressources contre leurs voisins palestiniens. Alors qu&rsquo;auparavant, l&rsquo;arm\u00e9e utilisait principalement des gaz lacrymog\u00e8nes, des bombes assourdissantes et des balles en acier recouvertes de caoutchouc pour disperser les manifestants, depuis le 7 octobre, les villageois de Kafr Qaduum rapportent avoir \u00e9t\u00e9 confront\u00e9s exclusivement \u00e0 des tirs \u00e0 balles r\u00e9elles.<\/span><\/span><\/p>\n<p><span style=\"color: #000000;\"><span style=\"font-family: Trebuchet MS, sans-serif;\">Mais les manifestations \u00e0 Kafr Qaddum n\u2019ont jamais cess\u00e9. Abu Masseib, ancien maire du village, d\u00e9clare fi\u00e8rement qu&rsquo;ils marchent pour l&rsquo;ouverture de leur route principale tous les vendredis depuis 13 ans \u2013 depuis que les tribunaux isra\u00e9liens ont refus\u00e9 de faire respecter leurs droits [l&rsquo;occupation a bloqu\u00e9 la route principale qui m\u00e8ne au village pour privil\u00e9gier le trajet pour les colons isra\u00e9liens de Kadumim, NdT]. Il rapporte que m\u00eame si l&rsquo;agression militaire a rendu les manifestations plus dangereuses, les villageois ont persist\u00e9, adaptant leurs pratiques pour minimiser les dommages. Moins de villageois sortent chaque semaine, ils se d\u00e9placent avec prudence, signalent ce qui se passe et se retirent rapidement s&rsquo;ils observent des mouvements militaires. Malgr\u00e9 ces pr\u00e9cautions, Masseib rapporte que les militaires ont caus\u00e9 de graves blessures. Depuis 2011, il pr\u00e9cise que plus de 100 villageois ont \u00e9t\u00e9 bless\u00e9s \u00e0 balles r\u00e9elles. Plus de 150 personnes ont \u00e9t\u00e9 arr\u00eat\u00e9es, dit-il, pendant plusieurs semaines, voire un an. Bien qu\u2019aucun ne soit mort, deux enfants ont subi de terribles l\u00e9sions c\u00e9r\u00e9brales suite \u00e0 des balles \u00ab moins mortelles \u00bb \u00e0 la t\u00eate. Pas plus tard que la semaine derni\u00e8re, un jeune a re\u00e7u une balle au visage, mais a surv\u00e9cu lorsque la balle a rebondi dans sa m\u00e2choire. De nombreux autres villageois ont perdu la vue ou ont subi de graves blessures aux jambes ou au ventre. Dans un groupe de 14 jeunes et adultes palestiniens assis avec nous, il dit : \u00ab 10 d\u2019entre nous ont \u00e9t\u00e9 touch\u00e9s par des balles r\u00e9elles \u00bb.<\/span><\/span><\/p>\n<p><span style=\"color: #000000;\"><span style=\"font-family: Trebuchet MS, sans-serif;\">Lorsqu&rsquo;on lui demande pourquoi il pense que les habitants de Kafr Qaddum continuent de protester alors que d&rsquo;autres villages ont interrompu leurs manifestations, il r\u00e9pond : <\/span><\/span><\/p>\n<blockquote><p><span style=\"color: #000000;\"><span style=\"font-family: Trebuchet MS, sans-serif;\">\u00ab Notre probl\u00e8me remonte \u00e0 avant le 7 octobre ; nous voulons lib\u00e9r\u00e9 notre route. Nous avons trop souffert.\u00a0\u00bb <\/span><\/span><\/p><\/blockquote>\n<p><span style=\"color: #000000;\"><span style=\"font-family: Trebuchet MS, sans-serif;\">Plus de 50 % du village se trouve dans la zone C \u2013 des parties de la Cisjordanie annex\u00e9es par Isra\u00ebl, mises \u00e0 la disposition des colons isra\u00e9liens et interdites aux Palestiniens. Cela comprend la plupart des oliveraies des villageois, leur production agricole primaire et leur immense valeur symbolique. \u00ab Cela fait mal \u00e0 tous les habitants du village \u00bb, dit Abu Maseib.<\/span><\/span><\/p>\n<p><span style=\"color: #000000;\"><span style=\"font-family: Trebuchet MS, sans-serif;\">Aujourd\u2019hui, la pr\u00e9sence militaire est pour l\u2019essentiel cach\u00e9e. Un drone volant \u00e0 basse altitude surveille le ciel, et les casques et les cheveux de quatre soldats apparaissent au-dessus de la colline la plus proche. La manifestation se d\u00e9roule de mani\u00e8re prudente, silencieuse, sans slogans ni jets de pierres. L\u2019ambulance et les m\u00e9dias du Croissant-Rouge palestinien sont n\u00e9anmoins pr\u00eats \u00e0 r\u00e9agir et \u00e0 documenter l\u2019agression militaire. La manifestation se termine brusquement lorsque des informations font \u00e9tat de mouvements militaires, et nous \u2013 les seuls internationaux pr\u00e9sents \u2013 sommes emmen\u00e9s en toute s\u00e9curit\u00e9 hors du village avant que les choses ne d\u00e9g\u00e9n\u00e8rent.<\/span><\/span><\/p>\n<div id=\"attachment_9917\" style=\"width: 610px\" class=\"wp-caption aligncenter\"><a href=\"https:\/\/ismfrance.org\/wp-content\/uploads\/2024\/03\/qadumim.jpeg\"><img loading=\"lazy\" decoding=\"async\" aria-describedby=\"caption-attachment-9917\" class=\"wp-image-9917 size-large\" src=\"https:\/\/ismfrance.org\/wp-content\/uploads\/2024\/03\/qadumim-700x394.jpeg\" alt=\"\" width=\"600\" height=\"338\" srcset=\"https:\/\/ismfrance.org\/wp-content\/uploads\/2024\/03\/qadumim-700x394.jpeg 700w, https:\/\/ismfrance.org\/wp-content\/uploads\/2024\/03\/qadumim-300x169.jpeg 300w, https:\/\/ismfrance.org\/wp-content\/uploads\/2024\/03\/qadumim-768x432.jpeg 768w, https:\/\/ismfrance.org\/wp-content\/uploads\/2024\/03\/qadumim-1536x864.jpeg 1536w, https:\/\/ismfrance.org\/wp-content\/uploads\/2024\/03\/qadumim-1320x743.jpeg 1320w, https:\/\/ismfrance.org\/wp-content\/uploads\/2024\/03\/qadumim.jpeg 2048w\" sizes=\"auto, (max-width: 600px) 100vw, 600px\" \/><\/a><p id=\"caption-attachment-9917\" class=\"wp-caption-text\">La colonie isra\u00e9lienne Kadumim construire sur les terres du village de Kafr Qaddum en 1975 (voir <a href=\"https:\/\/en.wikipedia.org\/wiki\/Kedumim\">Wikipedia<\/a>)<\/p><\/div>\n<p><span style=\"color: #000000;\"><span style=\"font-family: Trebuchet MS, sans-serif;\">Il est difficile de deviner si la pr\u00e9sence d\u2019activistes solidaires a un effet dissuasif de nos jours. En effet, l\u2019organisateur Murad Shtaiwi rapporte qu\u2019aucun autre militant solidaire n\u2019est pr\u00e9sent depuis le 7 octobre. Les villageois craignent d\u2019exposer les \u00e9trangers au niveau de violence dont ils sont eux-m\u00eames victimes chaque semaine, voire quotidiennement. Murad rapporte qu&rsquo;une grande partie de la violence se produit pendant la semaine, lorsque les soldats entrent dans le village pour endommager des biens, arr\u00eater des manifestants identifi\u00e9s sur des photos de drones ou simplement tirer avec des armes \u00e0 feu au hasard. Il partage une vid\u00e9o sur son portable qui montre clairement des soldats tirant avec leurs armes \u00e0 hauteur de t\u00eate et vers des immeubles r\u00e9sidentiels. Il ne s\u2019agit pas de tirs destin\u00e9s uniquement \u00e0 effrayer ou \u00e0 disperser, mais \u00e0 blesser et tuer.<\/span><\/span><\/p>\n<p><span style=\"color: #000000;\"><span style=\"font-family: Trebuchet MS, sans-serif;\">Avant que les militants solidaires ne soient chass\u00e9s, tout le monde retourne ensemble vers la relative s\u00e9curit\u00e9 de son foyer. Murad affirme que c&rsquo;est le bon moment. <\/span><\/span><\/p>\n<blockquote><p><span style=\"color: #000000;\"><span style=\"font-family: Trebuchet MS, sans-serif;\">\u00ab C&rsquo;est un honneur, dit-il, pour nous d&rsquo;avoir des martyrs ; mais c&rsquo;est un plus grand honneur d&rsquo;avoir des enfants vivants \u00bb.<\/span><\/span><\/p><\/blockquote>\n<pre><span style=\"color: #000000;\"><span style=\"font-family: Trebuchet MS, sans-serif;\">Article original en anglais sur <a href=\"https:\/\/palsolidarity.org\/2024\/03\/we-have-suffered-too-much-friday-protests-continue-in-kafr-qaduum\/\">Palsolidarity.org<\/a> \/ Traduction MR<\/span><\/span><\/pre>\n","protected":false},"excerpt":{"rendered":"<p>ISM-Palestine, 1er mars 2024. Nous sommes vendredi et on entend l&rsquo;appel \u00e0 la pri\u00e8re dans le village rural de Kafr Qaddum, \u00e0 l&rsquo;ouest de Naplouse, dans la partie nord de <a class=\"more-link\" href=\"https:\/\/ismfrance.org\/index.php\/2024\/03\/04\/nous-avons-trop-souffert-les-manifestations-se-poursuivent-vendredi-a-kafr-qaddum\/\">Lire la suite &rarr;<\/a><\/p>\n","protected":false},"author":3,"featured_media":9915,"comment_status":"closed","ping_status":"closed","sticky":false,"template":"","format":"standard","meta":{"footnotes":""},"categories":[2,13],"tags":[188,3,46],"class_list":["post-9913","post","type-post","status-publish","format-standard","has-post-thumbnail","hentry","category-articles","category-temoignages","tag-colonies","tag-resistance","tag-solidarite"],"yoast_head":"<!-- This site is optimized with the Yoast SEO plugin v27.2 - https:\/\/yoast.com\/product\/yoast-seo-wordpress\/ -->\n<title>\u00ab Nous avons trop souffert \u00bb : les manifestations se poursuivent vendredi \u00e0 Kafr Qaddum - International Solidarity Movement - ISM-France<\/title>\n<meta name=\"robots\" content=\"index, follow, max-snippet:-1, max-image-preview:large, max-video-preview:-1\" \/>\n<link rel=\"canonical\" href=\"https:\/\/ismfrance.org\/index.php\/2024\/03\/04\/nous-avons-trop-souffert-les-manifestations-se-poursuivent-vendredi-a-kafr-qaddum\/\" \/>\n<meta property=\"og:locale\" content=\"fr_FR\" \/>\n<meta property=\"og:type\" content=\"article\" \/>\n<meta property=\"og:title\" content=\"\u00ab Nous avons trop souffert \u00bb : les manifestations se poursuivent vendredi \u00e0 Kafr Qaddum - International Solidarity Movement - ISM-France\" \/>\n<meta property=\"og:description\" content=\"ISM-Palestine, 1er mars 2024. Nous sommes vendredi et on entend l&rsquo;appel \u00e0 la pri\u00e8re dans le village rural de Kafr Qaddum, \u00e0 l&rsquo;ouest de Naplouse, dans la partie nord de Lire la suite &rarr;\" \/>\n<meta property=\"og:url\" content=\"https:\/\/ismfrance.org\/index.php\/2024\/03\/04\/nous-avons-trop-souffert-les-manifestations-se-poursuivent-vendredi-a-kafr-qaddum\/\" \/>\n<meta property=\"og:site_name\" content=\"International Solidarity Movement - ISM-France\" \/>\n<meta property=\"article:published_time\" content=\"2024-03-04T10:58:51+00:00\" \/>\n<meta property=\"og:image\" content=\"https:\/\/ismfrance.org\/wp-content\/uploads\/2024\/03\/demonstration-KQ.jpg\" \/>\n\t<meta property=\"og:image:width\" content=\"1600\" \/>\n\t<meta property=\"og:image:height\" content=\"1066\" \/>\n\t<meta property=\"og:image:type\" content=\"image\/jpeg\" \/>\n<meta name=\"author\" content=\"mru_01\" \/>\n<meta name=\"twitter:card\" content=\"summary_large_image\" \/>\n<meta name=\"twitter:creator\" content=\"@ISMFRANCE\" \/>\n<meta name=\"twitter:site\" content=\"@ISMFRANCE\" \/>\n<meta name=\"twitter:label1\" content=\"\u00c9crit par\" \/>\n\t<meta name=\"twitter:data1\" content=\"mru_01\" \/>\n\t<meta name=\"twitter:label2\" content=\"Dur\u00e9e de lecture estim\u00e9e\" \/>\n\t<meta name=\"twitter:data2\" content=\"5 minutes\" \/>\n<script type=\"application\/ld+json\" class=\"yoast-schema-graph\">{\"@context\":\"https:\/\/schema.org\",\"@graph\":[{\"@type\":\"Article\",\"@id\":\"https:\/\/ismfrance.org\/index.php\/2024\/03\/04\/nous-avons-trop-souffert-les-manifestations-se-poursuivent-vendredi-a-kafr-qaddum\/#article\",\"isPartOf\":{\"@id\":\"https:\/\/ismfrance.org\/index.php\/2024\/03\/04\/nous-avons-trop-souffert-les-manifestations-se-poursuivent-vendredi-a-kafr-qaddum\/\"},\"author\":{\"name\":\"mru_01\",\"@id\":\"https:\/\/ismfrance.org\/#\/schema\/person\/3c411eb72adfaae19c0dca1f41fae01d\"},\"headline\":\"\u00ab Nous avons trop souffert \u00bb : les manifestations se poursuivent vendredi \u00e0 Kafr Qaddum\",\"datePublished\":\"2024-03-04T10:58:51+00:00\",\"mainEntityOfPage\":{\"@id\":\"https:\/\/ismfrance.org\/index.php\/2024\/03\/04\/nous-avons-trop-souffert-les-manifestations-se-poursuivent-vendredi-a-kafr-qaddum\/\"},\"wordCount\":973,\"publisher\":{\"@id\":\"https:\/\/ismfrance.org\/#organization\"},\"image\":{\"@id\":\"https:\/\/ismfrance.org\/index.php\/2024\/03\/04\/nous-avons-trop-souffert-les-manifestations-se-poursuivent-vendredi-a-kafr-qaddum\/#primaryimage\"},\"thumbnailUrl\":\"https:\/\/ismfrance.org\/wp-content\/uploads\/2024\/03\/demonstration-KQ.jpg\",\"keywords\":[\"Colonies\",\"R\u00e9sistance\",\"solidarit\u00e9\"],\"articleSection\":[\"Articles\",\"T\u00e9moignages\"],\"inLanguage\":\"fr-FR\"},{\"@type\":\"WebPage\",\"@id\":\"https:\/\/ismfrance.org\/index.php\/2024\/03\/04\/nous-avons-trop-souffert-les-manifestations-se-poursuivent-vendredi-a-kafr-qaddum\/\",\"url\":\"https:\/\/ismfrance.org\/index.php\/2024\/03\/04\/nous-avons-trop-souffert-les-manifestations-se-poursuivent-vendredi-a-kafr-qaddum\/\",\"name\":\"\u00ab Nous avons trop souffert \u00bb : les manifestations se poursuivent vendredi \u00e0 Kafr Qaddum - International Solidarity Movement - ISM-France\",\"isPartOf\":{\"@id\":\"https:\/\/ismfrance.org\/#website\"},\"primaryImageOfPage\":{\"@id\":\"https:\/\/ismfrance.org\/index.php\/2024\/03\/04\/nous-avons-trop-souffert-les-manifestations-se-poursuivent-vendredi-a-kafr-qaddum\/#primaryimage\"},\"image\":{\"@id\":\"https:\/\/ismfrance.org\/index.php\/2024\/03\/04\/nous-avons-trop-souffert-les-manifestations-se-poursuivent-vendredi-a-kafr-qaddum\/#primaryimage\"},\"thumbnailUrl\":\"https:\/\/ismfrance.org\/wp-content\/uploads\/2024\/03\/demonstration-KQ.jpg\",\"datePublished\":\"2024-03-04T10:58:51+00:00\",\"breadcrumb\":{\"@id\":\"https:\/\/ismfrance.org\/index.php\/2024\/03\/04\/nous-avons-trop-souffert-les-manifestations-se-poursuivent-vendredi-a-kafr-qaddum\/#breadcrumb\"},\"inLanguage\":\"fr-FR\",\"potentialAction\":[{\"@type\":\"ReadAction\",\"target\":[\"https:\/\/ismfrance.org\/index.php\/2024\/03\/04\/nous-avons-trop-souffert-les-manifestations-se-poursuivent-vendredi-a-kafr-qaddum\/\"]}]},{\"@type\":\"ImageObject\",\"inLanguage\":\"fr-FR\",\"@id\":\"https:\/\/ismfrance.org\/index.php\/2024\/03\/04\/nous-avons-trop-souffert-les-manifestations-se-poursuivent-vendredi-a-kafr-qaddum\/#primaryimage\",\"url\":\"https:\/\/ismfrance.org\/wp-content\/uploads\/2024\/03\/demonstration-KQ.jpg\",\"contentUrl\":\"https:\/\/ismfrance.org\/wp-content\/uploads\/2024\/03\/demonstration-KQ.jpg\",\"width\":1600,\"height\":1066},{\"@type\":\"BreadcrumbList\",\"@id\":\"https:\/\/ismfrance.org\/index.php\/2024\/03\/04\/nous-avons-trop-souffert-les-manifestations-se-poursuivent-vendredi-a-kafr-qaddum\/#breadcrumb\",\"itemListElement\":[{\"@type\":\"ListItem\",\"position\":1,\"name\":\"Accueil\",\"item\":\"https:\/\/ismfrance.org\/\"},{\"@type\":\"ListItem\",\"position\":2,\"name\":\"\u00ab Nous avons trop souffert \u00bb : les manifestations se poursuivent vendredi \u00e0 Kafr Qaddum\"}]},{\"@type\":\"WebSite\",\"@id\":\"https:\/\/ismfrance.org\/#website\",\"url\":\"https:\/\/ismfrance.org\/\",\"name\":\"ISM Palestine France\",\"description\":\"Soutien aux luttes de lib\u00e9ration du peuple palestinien\",\"publisher\":{\"@id\":\"https:\/\/ismfrance.org\/#organization\"},\"potentialAction\":[{\"@type\":\"SearchAction\",\"target\":{\"@type\":\"EntryPoint\",\"urlTemplate\":\"https:\/\/ismfrance.org\/?s={search_term_string}\"},\"query-input\":{\"@type\":\"PropertyValueSpecification\",\"valueRequired\":true,\"valueName\":\"search_term_string\"}}],\"inLanguage\":\"fr-FR\"},{\"@type\":\"Organization\",\"@id\":\"https:\/\/ismfrance.org\/#organization\",\"name\":\"International Solidarity Movement\",\"url\":\"https:\/\/ismfrance.org\/\",\"logo\":{\"@type\":\"ImageObject\",\"inLanguage\":\"fr-FR\",\"@id\":\"https:\/\/ismfrance.org\/#\/schema\/logo\/image\/\",\"url\":\"https:\/\/ismfrance.org\/wp-content\/uploads\/2020\/12\/00.png\",\"contentUrl\":\"https:\/\/ismfrance.org\/wp-content\/uploads\/2020\/12\/00.png\",\"width\":400,\"height\":400,\"caption\":\"International Solidarity Movement\"},\"image\":{\"@id\":\"https:\/\/ismfrance.org\/#\/schema\/logo\/image\/\"},\"sameAs\":[\"https:\/\/x.com\/ISMFRANCE\"]},{\"@type\":\"Person\",\"@id\":\"https:\/\/ismfrance.org\/#\/schema\/person\/3c411eb72adfaae19c0dca1f41fae01d\",\"name\":\"mru_01\",\"image\":{\"@type\":\"ImageObject\",\"inLanguage\":\"fr-FR\",\"@id\":\"https:\/\/secure.gravatar.com\/avatar\/3a0be343b445d2ccc79e87444a294fad2b232e90d2051d0e3cc219e1ecd6a330?s=96&d=mm&r=g\",\"url\":\"https:\/\/secure.gravatar.com\/avatar\/3a0be343b445d2ccc79e87444a294fad2b232e90d2051d0e3cc219e1ecd6a330?s=96&d=mm&r=g\",\"contentUrl\":\"https:\/\/secure.gravatar.com\/avatar\/3a0be343b445d2ccc79e87444a294fad2b232e90d2051d0e3cc219e1ecd6a330?s=96&d=mm&r=g\",\"caption\":\"mru_01\"},\"url\":\"https:\/\/ismfrance.org\/index.php\/author\/admin02\/\"}]}<\/script>\n<!-- \/ Yoast SEO plugin. -->","yoast_head_json":{"title":"\u00ab Nous avons trop souffert \u00bb : les manifestations se poursuivent vendredi \u00e0 Kafr Qaddum - International Solidarity Movement - ISM-France","robots":{"index":"index","follow":"follow","max-snippet":"max-snippet:-1","max-image-preview":"max-image-preview:large","max-video-preview":"max-video-preview:-1"},"canonical":"https:\/\/ismfrance.org\/index.php\/2024\/03\/04\/nous-avons-trop-souffert-les-manifestations-se-poursuivent-vendredi-a-kafr-qaddum\/","og_locale":"fr_FR","og_type":"article","og_title":"\u00ab Nous avons trop souffert \u00bb : les manifestations se poursuivent vendredi \u00e0 Kafr Qaddum - International Solidarity Movement - ISM-France","og_description":"ISM-Palestine, 1er mars 2024. Nous sommes vendredi et on entend l&rsquo;appel \u00e0 la pri\u00e8re dans le village rural de Kafr Qaddum, \u00e0 l&rsquo;ouest de Naplouse, dans la partie nord de Lire la suite &rarr;","og_url":"https:\/\/ismfrance.org\/index.php\/2024\/03\/04\/nous-avons-trop-souffert-les-manifestations-se-poursuivent-vendredi-a-kafr-qaddum\/","og_site_name":"International Solidarity Movement - ISM-France","article_published_time":"2024-03-04T10:58:51+00:00","og_image":[{"width":1600,"height":1066,"url":"https:\/\/ismfrance.org\/wp-content\/uploads\/2024\/03\/demonstration-KQ.jpg","type":"image\/jpeg"}],"author":"mru_01","twitter_card":"summary_large_image","twitter_creator":"@ISMFRANCE","twitter_site":"@ISMFRANCE","twitter_misc":{"\u00c9crit par":"mru_01","Dur\u00e9e de lecture estim\u00e9e":"5 minutes"},"schema":{"@context":"https:\/\/schema.org","@graph":[{"@type":"Article","@id":"https:\/\/ismfrance.org\/index.php\/2024\/03\/04\/nous-avons-trop-souffert-les-manifestations-se-poursuivent-vendredi-a-kafr-qaddum\/#article","isPartOf":{"@id":"https:\/\/ismfrance.org\/index.php\/2024\/03\/04\/nous-avons-trop-souffert-les-manifestations-se-poursuivent-vendredi-a-kafr-qaddum\/"},"author":{"name":"mru_01","@id":"https:\/\/ismfrance.org\/#\/schema\/person\/3c411eb72adfaae19c0dca1f41fae01d"},"headline":"\u00ab Nous avons trop souffert \u00bb : les manifestations se poursuivent vendredi \u00e0 Kafr Qaddum","datePublished":"2024-03-04T10:58:51+00:00","mainEntityOfPage":{"@id":"https:\/\/ismfrance.org\/index.php\/2024\/03\/04\/nous-avons-trop-souffert-les-manifestations-se-poursuivent-vendredi-a-kafr-qaddum\/"},"wordCount":973,"publisher":{"@id":"https:\/\/ismfrance.org\/#organization"},"image":{"@id":"https:\/\/ismfrance.org\/index.php\/2024\/03\/04\/nous-avons-trop-souffert-les-manifestations-se-poursuivent-vendredi-a-kafr-qaddum\/#primaryimage"},"thumbnailUrl":"https:\/\/ismfrance.org\/wp-content\/uploads\/2024\/03\/demonstration-KQ.jpg","keywords":["Colonies","R\u00e9sistance","solidarit\u00e9"],"articleSection":["Articles","T\u00e9moignages"],"inLanguage":"fr-FR"},{"@type":"WebPage","@id":"https:\/\/ismfrance.org\/index.php\/2024\/03\/04\/nous-avons-trop-souffert-les-manifestations-se-poursuivent-vendredi-a-kafr-qaddum\/","url":"https:\/\/ismfrance.org\/index.php\/2024\/03\/04\/nous-avons-trop-souffert-les-manifestations-se-poursuivent-vendredi-a-kafr-qaddum\/","name":"\u00ab Nous avons trop souffert \u00bb : les manifestations se poursuivent vendredi \u00e0 Kafr Qaddum - International Solidarity Movement - ISM-France","isPartOf":{"@id":"https:\/\/ismfrance.org\/#website"},"primaryImageOfPage":{"@id":"https:\/\/ismfrance.org\/index.php\/2024\/03\/04\/nous-avons-trop-souffert-les-manifestations-se-poursuivent-vendredi-a-kafr-qaddum\/#primaryimage"},"image":{"@id":"https:\/\/ismfrance.org\/index.php\/2024\/03\/04\/nous-avons-trop-souffert-les-manifestations-se-poursuivent-vendredi-a-kafr-qaddum\/#primaryimage"},"thumbnailUrl":"https:\/\/ismfrance.org\/wp-content\/uploads\/2024\/03\/demonstration-KQ.jpg","datePublished":"2024-03-04T10:58:51+00:00","breadcrumb":{"@id":"https:\/\/ismfrance.org\/index.php\/2024\/03\/04\/nous-avons-trop-souffert-les-manifestations-se-poursuivent-vendredi-a-kafr-qaddum\/#breadcrumb"},"inLanguage":"fr-FR","potentialAction":[{"@type":"ReadAction","target":["https:\/\/ismfrance.org\/index.php\/2024\/03\/04\/nous-avons-trop-souffert-les-manifestations-se-poursuivent-vendredi-a-kafr-qaddum\/"]}]},{"@type":"ImageObject","inLanguage":"fr-FR","@id":"https:\/\/ismfrance.org\/index.php\/2024\/03\/04\/nous-avons-trop-souffert-les-manifestations-se-poursuivent-vendredi-a-kafr-qaddum\/#primaryimage","url":"https:\/\/ismfrance.org\/wp-content\/uploads\/2024\/03\/demonstration-KQ.jpg","contentUrl":"https:\/\/ismfrance.org\/wp-content\/uploads\/2024\/03\/demonstration-KQ.jpg","width":1600,"height":1066},{"@type":"BreadcrumbList","@id":"https:\/\/ismfrance.org\/index.php\/2024\/03\/04\/nous-avons-trop-souffert-les-manifestations-se-poursuivent-vendredi-a-kafr-qaddum\/#breadcrumb","itemListElement":[{"@type":"ListItem","position":1,"name":"Accueil","item":"https:\/\/ismfrance.org\/"},{"@type":"ListItem","position":2,"name":"\u00ab Nous avons trop souffert \u00bb : les manifestations se poursuivent vendredi \u00e0 Kafr Qaddum"}]},{"@type":"WebSite","@id":"https:\/\/ismfrance.org\/#website","url":"https:\/\/ismfrance.org\/","name":"ISM Palestine France","description":"Soutien aux luttes de lib\u00e9ration du peuple palestinien","publisher":{"@id":"https:\/\/ismfrance.org\/#organization"},"potentialAction":[{"@type":"SearchAction","target":{"@type":"EntryPoint","urlTemplate":"https:\/\/ismfrance.org\/?s={search_term_string}"},"query-input":{"@type":"PropertyValueSpecification","valueRequired":true,"valueName":"search_term_string"}}],"inLanguage":"fr-FR"},{"@type":"Organization","@id":"https:\/\/ismfrance.org\/#organization","name":"International Solidarity Movement","url":"https:\/\/ismfrance.org\/","logo":{"@type":"ImageObject","inLanguage":"fr-FR","@id":"https:\/\/ismfrance.org\/#\/schema\/logo\/image\/","url":"https:\/\/ismfrance.org\/wp-content\/uploads\/2020\/12\/00.png","contentUrl":"https:\/\/ismfrance.org\/wp-content\/uploads\/2020\/12\/00.png","width":400,"height":400,"caption":"International Solidarity Movement"},"image":{"@id":"https:\/\/ismfrance.org\/#\/schema\/logo\/image\/"},"sameAs":["https:\/\/x.com\/ISMFRANCE"]},{"@type":"Person","@id":"https:\/\/ismfrance.org\/#\/schema\/person\/3c411eb72adfaae19c0dca1f41fae01d","name":"mru_01","image":{"@type":"ImageObject","inLanguage":"fr-FR","@id":"https:\/\/secure.gravatar.com\/avatar\/3a0be343b445d2ccc79e87444a294fad2b232e90d2051d0e3cc219e1ecd6a330?s=96&d=mm&r=g","url":"https:\/\/secure.gravatar.com\/avatar\/3a0be343b445d2ccc79e87444a294fad2b232e90d2051d0e3cc219e1ecd6a330?s=96&d=mm&r=g","contentUrl":"https:\/\/secure.gravatar.com\/avatar\/3a0be343b445d2ccc79e87444a294fad2b232e90d2051d0e3cc219e1ecd6a330?s=96&d=mm&r=g","caption":"mru_01"},"url":"https:\/\/ismfrance.org\/index.php\/author\/admin02\/"}]}},"_links":{"self":[{"href":"https:\/\/ismfrance.org\/index.php\/wp-json\/wp\/v2\/posts\/9913","targetHints":{"allow":["GET"]}}],"collection":[{"href":"https:\/\/ismfrance.org\/index.php\/wp-json\/wp\/v2\/posts"}],"about":[{"href":"https:\/\/ismfrance.org\/index.php\/wp-json\/wp\/v2\/types\/post"}],"author":[{"embeddable":true,"href":"https:\/\/ismfrance.org\/index.php\/wp-json\/wp\/v2\/users\/3"}],"replies":[{"embeddable":true,"href":"https:\/\/ismfrance.org\/index.php\/wp-json\/wp\/v2\/comments?post=9913"}],"version-history":[{"count":0,"href":"https:\/\/ismfrance.org\/index.php\/wp-json\/wp\/v2\/posts\/9913\/revisions"}],"wp:featuredmedia":[{"embeddable":true,"href":"https:\/\/ismfrance.org\/index.php\/wp-json\/wp\/v2\/media\/9915"}],"wp:attachment":[{"href":"https:\/\/ismfrance.org\/index.php\/wp-json\/wp\/v2\/media?parent=9913"}],"wp:term":[{"taxonomy":"category","embeddable":true,"href":"https:\/\/ismfrance.org\/index.php\/wp-json\/wp\/v2\/categories?post=9913"},{"taxonomy":"post_tag","embeddable":true,"href":"https:\/\/ismfrance.org\/index.php\/wp-json\/wp\/v2\/tags?post=9913"}],"curies":[{"name":"wp","href":"https:\/\/api.w.org\/{rel}","templated":true}]}}