{"id":979,"date":"2021-09-23T20:38:47","date_gmt":"2021-09-23T18:38:47","guid":{"rendered":"https:\/\/ismfrance.org\/?p=979"},"modified":"2021-11-12T10:48:00","modified_gmt":"2021-11-12T09:48:00","slug":"les-palestiniens-sont-deja-liberes-cest-nous-qui-sommes-prisonniers-du-sionisme","status":"publish","type":"post","link":"https:\/\/ismfrance.org\/index.php\/2021\/09\/23\/les-palestiniens-sont-deja-liberes-cest-nous-qui-sommes-prisonniers-du-sionisme\/","title":{"rendered":"Les Palestiniens sont d\u00e9j\u00e0 lib\u00e9r\u00e9s, c&rsquo;est nous qui sommes prisonniers du sionisme"},"content":{"rendered":"<p><strong>Amira Abo el-Fetouh, 17 septembre 2021<\/strong>. La Palestine est toujours le berceau des peuples libres du monde. Les Palestiniens sont toujours la source d&rsquo;inspiration et d&rsquo;espoir des peuples arabes opprim\u00e9s et retenus captifs \u00e0 l&rsquo;int\u00e9rieur de leurs patries. Les dirigeants tyrans fascistes, nomm\u00e9s par les colonialistes avant leur d\u00e9part, sont toujours sur leurs tr\u00f4nes. Les colonialistes les surveillent de pr\u00e8s, pour s&rsquo;assurer qu&rsquo;ils restent leurs agents au Moyen-Orient et qu&rsquo;ils m\u00e9ritent leurs postes \u00e9minents.<\/p>\n<div id=\"attachment_980\" style=\"width: 1034px\" class=\"wp-caption aligncenter\"><img loading=\"lazy\" decoding=\"async\" aria-describedby=\"caption-attachment-980\" class=\"size-full wp-image-980\" src=\"https:\/\/ismfrance.org\/wp-content\/uploads\/2021\/09\/IMG_20210920_144820_801-1024x576-1.jpg\" alt=\"\" width=\"1024\" height=\"576\" srcset=\"https:\/\/ismfrance.org\/wp-content\/uploads\/2021\/09\/IMG_20210920_144820_801-1024x576-1.jpg 1024w, https:\/\/ismfrance.org\/wp-content\/uploads\/2021\/09\/IMG_20210920_144820_801-1024x576-1-300x169.jpg 300w, https:\/\/ismfrance.org\/wp-content\/uploads\/2021\/09\/IMG_20210920_144820_801-1024x576-1-700x394.jpg 700w, https:\/\/ismfrance.org\/wp-content\/uploads\/2021\/09\/IMG_20210920_144820_801-1024x576-1-768x432.jpg 768w\" sizes=\"auto, (max-width: 1024px) 100vw, 1024px\" \/><p id=\"caption-attachment-980\" class=\"wp-caption-text\">20.09.2021 &#8211; Des dizaines de Palestiniens ont organis\u00e9 un rassemblement devant le bureau du Comit\u00e9 international de la Croix-Rouge \u00e0 Naplouse en solidarit\u00e9 avec les prisonniers et contre la r\u00e9tention des corps des martyrs par l\u2019occupation.<\/p><\/div>\n<p>Cela signifie qu&rsquo;ils doivent \u00eatre injustes et humilier le peuple pour gagner l&rsquo;approbation de leurs ma\u00eetres. Ainsi, le peuple devient faible, soumis, docile, frustr\u00e9 et accabl\u00e9 par le d\u00e9faitisme.<\/p>\n<p>Ceux qui disent qu&rsquo;ils ne sont pas de taille face aux dirigeants et \u00e0 leurs arm\u00e9es oublient que si la d\u00e9termination est l\u00e0, ils ont le pouvoir de renverser les tyrans les plus forts. Nous l&rsquo;avons vu lors du printemps arabe, lorsque certains puissants dictateurs ont d\u00fb fuir. Eux et leurs partisans en Occident ne s&rsquo;attendaient pas \u00e0 cela, m\u00eame dans leurs pires cauchemars.<\/p>\n<p>Il \u00e9tait donc n\u00e9cessaire que les tyrans travaillent ensemble pour r\u00e9insuffler la peur dans le c\u0153ur des gens. Les contre-r\u00e9volutions ont r\u00e9ussi \u00e0 briser la volont\u00e9 des peuples et \u00e0 \u00e9craser sa dignit\u00e9.<\/p>\n<p>N\u00e9anmoins, la flamme r\u00e9volutionnaire br\u00fble toujours dans le c\u0153ur des personnes \u00e0 l&rsquo;esprit libre qui rejettent l&rsquo;esclavage et la tyrannie, et n&rsquo;accepteront pas le <em>statu quo<\/em>. Cela se manifeste dans les r\u00e9seaux sociaux par le soutien manifest\u00e9 \u00e0 la r\u00e9sistance palestinienne contre l&rsquo;occupation sioniste chaque fois qu&rsquo;Isra\u00ebl lance une offensive militaire. \u00ab<em>\u00a0Palestine libre, libre !<\/em>\u00a0\u00bb est devenue le slogan qui compense l&rsquo;humiliation inflig\u00e9e au peuple par les despotes arabes dans les capitales de la r\u00e9gion. Nous avons vu en mai que les groupes de r\u00e9sistance ont \u00e9tabli de nouvelles r\u00e8gles d&rsquo;engagement gr\u00e2ce \u00e0 leur capacit\u00e9 \u00e0 riposter aux attaques de l&rsquo;ennemi. Cela a raviv\u00e9 l&rsquo;espoir dans le c\u0153ur et l&rsquo;esprit des peuples arabes.<\/p>\n<p>La Palestine reste la boussole morale dans toute la r\u00e9gion. Depuis plus de 70 ans, elle unit les masses arabes, non seulement \u00e0 cause de la mosqu\u00e9e Al-Aqsa, mais aussi parce que c&rsquo;est une terre qui est toujours sous occupation coloniale. Les \u00c9tats arabes sont occup\u00e9s indirectement, bien s\u00fbr, mais la Palestine est une occupation explicite.<\/p>\n<p>Oui, certains Palestiniens sont tomb\u00e9s dans le \u00ab\u00a0<em>pi\u00e8ge de la libert\u00e9<\/em>\u00a0\u00bb connu sous le nom d&rsquo;accords d&rsquo;Oslo et ont contribu\u00e9 \u00e0 cr\u00e9er une \u00ab\u00a0<em>Autorit\u00e9 palestinienne<\/em>\u00a0\u00bb, dont le seul but est de prot\u00e9ger l&rsquo;\u00c9tat d&rsquo;occupation qu&rsquo;est Isra\u00ebl. Son chef complaisant est Mahmoud Abbas, pour qui la coordination s\u00e9curitaire avec les occupants brutaux est \u00ab\u00a0<em>sacr\u00e9e<\/em>\u00a0\u00bb.<\/p>\n<p>N\u00e9anmoins, la majorit\u00e9 du peuple palestinien est aux c\u00f4t\u00e9s de la r\u00e9sistance. La r\u00e9ponse \u00e0 la bataille de \u00ab\u00a0<em>L&rsquo;\u00e9p\u00e9e de J\u00e9rusalem<\/em>\u00a0\u00bb en mai l&rsquo;a montr\u00e9 clairement, lorsque les Palestiniens de tous les territoires occup\u00e9s, y compris ceux qui se trouvent \u00e0 l&rsquo;int\u00e9rieur de l&rsquo;\u00c9tat d&rsquo;apartheid, ainsi que ceux de la diaspora, se sont rassembl\u00e9s pour soutenir leurs fr\u00e8res et s\u0153urs de J\u00e9rusalem occup\u00e9e et de la bande de Gaza. Cela a eu l&rsquo;effet d&rsquo;un r\u00e9f\u00e9rendum public sur la direction de l&rsquo;Autorit\u00e9 palestinienne, et celle-ci a \u00e9t\u00e9 d\u00e9shonor\u00e9e. Les territoires palestiniens n&rsquo;avaient pas connu une telle unit\u00e9 depuis 1938, et cela a fait trembler le sol sous les pieds des forces d&rsquo;occupation qui craignent pour l&rsquo;avenir de leur \u00c9tat usurpateur.<\/p>\n<p><div id=\"attachment_981\" style=\"width: 1210px\" class=\"wp-caption aligncenter\"><img loading=\"lazy\" decoding=\"async\" aria-describedby=\"caption-attachment-981\" class=\"size-full wp-image-981\" src=\"https:\/\/ismfrance.org\/wp-content\/uploads\/2021\/09\/brooklyn.jpg\" alt=\"\" width=\"1200\" height=\"800\" srcset=\"https:\/\/ismfrance.org\/wp-content\/uploads\/2021\/09\/brooklyn.jpg 1200w, https:\/\/ismfrance.org\/wp-content\/uploads\/2021\/09\/brooklyn-300x200.jpg 300w, https:\/\/ismfrance.org\/wp-content\/uploads\/2021\/09\/brooklyn-700x467.jpg 700w, https:\/\/ismfrance.org\/wp-content\/uploads\/2021\/09\/brooklyn-768x512.jpg 768w\" sizes=\"auto, (max-width: 1200px) 100vw, 1200px\" \/><p id=\"caption-attachment-981\" class=\"wp-caption-text\">Rassemblement \u00e0 Brooklyn \u2013 New York (USA) en soutien aux Palestiniens le 15 mai 2021 [Tayfun Co\u015fkun &#8211; Anadolu Agency]<\/p><\/div>Piteusement, l&rsquo;Organisation de lib\u00e9ration de la Palestine (OLP) n&rsquo;a pu en profiter car elle est souill\u00e9e par la honte d&rsquo;Oslo. Elle ne peut et ne veut pas se purifier de cette impuret\u00e9 et revenir \u00e0 son objectif et \u00e0 sa strat\u00e9gie initiaux en tant que mouvement de lib\u00e9ration nationale menant une lutte arm\u00e9e contre l&rsquo;occupation.<\/p>\n<p>L&rsquo;OLP a besoin d&rsquo;une r\u00e9forme s\u00e9rieuse. Entre-temps, le peuple palestinien a choisi la voie de la r\u00e9sistance pour lib\u00e9rer sa terre et a abandonn\u00e9 toute pr\u00e9tention au faux \u00ab<em>\u00a0processus de paix\u00a0<\/em>\u00bb. En t\u00e9moignent les actes de courage individuels, comme celui de l&rsquo;homme qui a port\u00e9 un coup au nom de la jeunesse de Gaza en tuant un sniper isra\u00e9lien responsable d&rsquo;on ne sait combien de morts et de bless\u00e9s. Et l&rsquo;esprit et la d\u00e9termination des six prisonniers qui se sont \u00e9chapp\u00e9s de la prison de haute s\u00e9curit\u00e9 de Gilboa est un exemple pour toute la r\u00e9gion, et pas seulement pour les habitants de la Palestine occup\u00e9e. Le fait qu&rsquo;ils aient pu creuser un tunnel d&rsquo;\u00e9vasion \u00e0 l&rsquo;aide d&rsquo;une cuill\u00e8re, sans \u00eatre d\u00e9tect\u00e9s par les mesures de s\u00e9curit\u00e9 sophistiqu\u00e9es, est \u00e0 la fois \u00e9tonnant et inspirant. M\u00eame les \u00e9quipements de surveillance avanc\u00e9s ne les ont pas arr\u00eat\u00e9s.<\/p>\n<p>Peu importe qu\u2019ils aient \u00e9t\u00e9 repris depuis, sans doute avec l&rsquo;aide d&rsquo;espions et d&rsquo;informateurs au sein de la communaut\u00e9 palestinienne. Bien s\u00fbr, nous esp\u00e9rions que cela ne se produirait pas, mais cela ne diminue pas la valeur de ce que ces six captifs ont accompli par leur seule volont\u00e9. Le message adress\u00e9 au monde a mis \u00e0 nu les mythes de l&rsquo;invincibilit\u00e9 sioniste, de la m\u00eame mani\u00e8re que les roquettes de la r\u00e9sistance en provenance de Gaza ont mis \u00e0 l&rsquo;\u00e9preuve le l\u00e9gendaire syst\u00e8me de d\u00e9fense antimissile D\u00f4me de fer, qui a \u00e9chou\u00e9, au grand embarras d&rsquo;Isra\u00ebl.<\/p>\n<p>La foi et la confiance en soi des Palestiniens ont \u00e9t\u00e9 renforc\u00e9es. Ils savent que leur ennemi n&rsquo;est pas aussi fort que le monde le croit, que toutes les armes de pointe du monde ne peuvent vaincre la v\u00e9rit\u00e9 et la d\u00e9termination d&rsquo;un peuple opprim\u00e9. En outre, ils savent que l&rsquo;occupation ne durera pas \u00e9ternellement.<\/p>\n<p>Les six \u00e9vad\u00e9s ont creus\u00e9 un tunnel hors de leur prison. Du coup, cela a ouvert des tunnels \u00e0 travers les murs du d\u00e9sespoir et de la frustration, \u00e0 travers lesquels le peuple arabe peut maintenant voir la lumi\u00e8re, malgr\u00e9 les soi-disant \u00ab\u00a0<em>accords d&rsquo;Abraham<\/em>\u00a0\u00bb. Il est ironique que nous nous mobilisions pour \u00ab\u00a0<em>lib\u00e9rer la Palestine\u00a0<\/em>\u00bb, car les faits sugg\u00e8rent que ce sont les Palestiniens qui sont d\u00e9j\u00e0 lib\u00e9r\u00e9s, et que c&rsquo;est nous qui sommes retenus prisonniers par l&rsquo;ennemi sioniste sur nos propres terres.<\/p>\n<p>L&rsquo;article original, en anglais, est paru sur <a href=\"https:\/\/www.middleeastmonitor.com\/20210917-the-palestinians-are-already-free-it-is-we-who-are-held-captive-by-zionism\/\">Middle East Monitor<\/a> \/ Traduction MR<\/p>\n<p>[writers slug=amira-abo-el-fetouh]<\/p>\n","protected":false},"excerpt":{"rendered":"<p>Amira Abo el-Fetouh, 17 septembre 2021. La Palestine est toujours le berceau des peuples libres du monde. Les Palestiniens sont toujours la source d&rsquo;inspiration et d&rsquo;espoir des peuples arabes opprim\u00e9s <a class=\"more-link\" href=\"https:\/\/ismfrance.org\/index.php\/2021\/09\/23\/les-palestiniens-sont-deja-liberes-cest-nous-qui-sommes-prisonniers-du-sionisme\/\">Lire la suite &rarr;<\/a><\/p>\n","protected":false},"author":3,"featured_media":980,"comment_status":"closed","ping_status":"open","sticky":false,"template":"","format":"standard","meta":{"footnotes":""},"categories":[12,2],"tags":[3,74],"class_list":["post-979","post","type-post","status-publish","format-standard","has-post-thumbnail","hentry","category-analyses","category-articles","tag-resistance","tag-sionisme"],"yoast_head":"<!-- This site is optimized with the Yoast SEO plugin v27.5 - https:\/\/yoast.com\/product\/yoast-seo-wordpress\/ -->\n<title>Les Palestiniens sont d\u00e9j\u00e0 lib\u00e9r\u00e9s, c&#039;est nous qui sommes prisonniers du sionisme - International Solidarity Movement - ISM-France<\/title>\n<meta name=\"robots\" content=\"index, follow, max-snippet:-1, max-image-preview:large, max-video-preview:-1\" \/>\n<link rel=\"canonical\" href=\"https:\/\/ismfrance.org\/index.php\/2021\/09\/23\/les-palestiniens-sont-deja-liberes-cest-nous-qui-sommes-prisonniers-du-sionisme\/\" \/>\n<meta property=\"og:locale\" content=\"fr_FR\" \/>\n<meta property=\"og:type\" content=\"article\" \/>\n<meta property=\"og:title\" content=\"Les Palestiniens sont d\u00e9j\u00e0 lib\u00e9r\u00e9s, c&#039;est nous qui sommes prisonniers du sionisme - International Solidarity Movement - ISM-France\" \/>\n<meta property=\"og:description\" content=\"Amira Abo el-Fetouh, 17 septembre 2021. La Palestine est toujours le berceau des peuples libres du monde. Les Palestiniens sont toujours la source d&rsquo;inspiration et d&rsquo;espoir des peuples arabes opprim\u00e9s Lire la suite &rarr;\" \/>\n<meta property=\"og:url\" content=\"https:\/\/ismfrance.org\/index.php\/2021\/09\/23\/les-palestiniens-sont-deja-liberes-cest-nous-qui-sommes-prisonniers-du-sionisme\/\" \/>\n<meta property=\"og:site_name\" content=\"International Solidarity Movement - ISM-France\" \/>\n<meta property=\"article:published_time\" content=\"2021-09-23T18:38:47+00:00\" \/>\n<meta property=\"article:modified_time\" content=\"2021-11-12T09:48:00+00:00\" \/>\n<meta property=\"og:image\" content=\"https:\/\/ismfrance.org\/wp-content\/uploads\/2021\/09\/IMG_20210920_144820_801-1024x576-1.jpg\" \/>\n\t<meta property=\"og:image:width\" content=\"1024\" \/>\n\t<meta property=\"og:image:height\" content=\"576\" \/>\n\t<meta property=\"og:image:type\" content=\"image\/jpeg\" \/>\n<meta name=\"author\" content=\"mru_01\" \/>\n<meta name=\"twitter:card\" content=\"summary_large_image\" \/>\n<meta name=\"twitter:creator\" content=\"@ISMFRANCE\" \/>\n<meta name=\"twitter:site\" content=\"@ISMFRANCE\" \/>\n<meta name=\"twitter:label1\" content=\"\u00c9crit par\" \/>\n\t<meta name=\"twitter:data1\" content=\"mru_01\" \/>\n\t<meta name=\"twitter:label2\" content=\"Dur\u00e9e de lecture estim\u00e9e\" \/>\n\t<meta name=\"twitter:data2\" content=\"6 minutes\" \/>\n<script type=\"application\/ld+json\" class=\"yoast-schema-graph\">{\"@context\":\"https:\\\/\\\/schema.org\",\"@graph\":[{\"@type\":\"Article\",\"@id\":\"https:\\\/\\\/ismfrance.org\\\/index.php\\\/2021\\\/09\\\/23\\\/les-palestiniens-sont-deja-liberes-cest-nous-qui-sommes-prisonniers-du-sionisme\\\/#article\",\"isPartOf\":{\"@id\":\"https:\\\/\\\/ismfrance.org\\\/index.php\\\/2021\\\/09\\\/23\\\/les-palestiniens-sont-deja-liberes-cest-nous-qui-sommes-prisonniers-du-sionisme\\\/\"},\"author\":{\"name\":\"mru_01\",\"@id\":\"https:\\\/\\\/ismfrance.org\\\/#\\\/schema\\\/person\\\/3c411eb72adfaae19c0dca1f41fae01d\"},\"headline\":\"Les Palestiniens sont d\u00e9j\u00e0 lib\u00e9r\u00e9s, c&rsquo;est nous qui sommes prisonniers du sionisme\",\"datePublished\":\"2021-09-23T18:38:47+00:00\",\"dateModified\":\"2021-11-12T09:48:00+00:00\",\"mainEntityOfPage\":{\"@id\":\"https:\\\/\\\/ismfrance.org\\\/index.php\\\/2021\\\/09\\\/23\\\/les-palestiniens-sont-deja-liberes-cest-nous-qui-sommes-prisonniers-du-sionisme\\\/\"},\"wordCount\":1221,\"publisher\":{\"@id\":\"https:\\\/\\\/ismfrance.org\\\/#organization\"},\"image\":{\"@id\":\"https:\\\/\\\/ismfrance.org\\\/index.php\\\/2021\\\/09\\\/23\\\/les-palestiniens-sont-deja-liberes-cest-nous-qui-sommes-prisonniers-du-sionisme\\\/#primaryimage\"},\"thumbnailUrl\":\"https:\\\/\\\/ismfrance.org\\\/wp-content\\\/uploads\\\/2021\\\/09\\\/IMG_20210920_144820_801-1024x576-1.jpg\",\"keywords\":[\"R\u00e9sistance\",\"Sionisme\"],\"articleSection\":[\"Analyses\",\"Articles\"],\"inLanguage\":\"fr-FR\"},{\"@type\":\"WebPage\",\"@id\":\"https:\\\/\\\/ismfrance.org\\\/index.php\\\/2021\\\/09\\\/23\\\/les-palestiniens-sont-deja-liberes-cest-nous-qui-sommes-prisonniers-du-sionisme\\\/\",\"url\":\"https:\\\/\\\/ismfrance.org\\\/index.php\\\/2021\\\/09\\\/23\\\/les-palestiniens-sont-deja-liberes-cest-nous-qui-sommes-prisonniers-du-sionisme\\\/\",\"name\":\"Les Palestiniens sont d\u00e9j\u00e0 lib\u00e9r\u00e9s, c'est nous qui sommes prisonniers du sionisme - International Solidarity Movement - ISM-France\",\"isPartOf\":{\"@id\":\"https:\\\/\\\/ismfrance.org\\\/#website\"},\"primaryImageOfPage\":{\"@id\":\"https:\\\/\\\/ismfrance.org\\\/index.php\\\/2021\\\/09\\\/23\\\/les-palestiniens-sont-deja-liberes-cest-nous-qui-sommes-prisonniers-du-sionisme\\\/#primaryimage\"},\"image\":{\"@id\":\"https:\\\/\\\/ismfrance.org\\\/index.php\\\/2021\\\/09\\\/23\\\/les-palestiniens-sont-deja-liberes-cest-nous-qui-sommes-prisonniers-du-sionisme\\\/#primaryimage\"},\"thumbnailUrl\":\"https:\\\/\\\/ismfrance.org\\\/wp-content\\\/uploads\\\/2021\\\/09\\\/IMG_20210920_144820_801-1024x576-1.jpg\",\"datePublished\":\"2021-09-23T18:38:47+00:00\",\"dateModified\":\"2021-11-12T09:48:00+00:00\",\"breadcrumb\":{\"@id\":\"https:\\\/\\\/ismfrance.org\\\/index.php\\\/2021\\\/09\\\/23\\\/les-palestiniens-sont-deja-liberes-cest-nous-qui-sommes-prisonniers-du-sionisme\\\/#breadcrumb\"},\"inLanguage\":\"fr-FR\",\"potentialAction\":[{\"@type\":\"ReadAction\",\"target\":[\"https:\\\/\\\/ismfrance.org\\\/index.php\\\/2021\\\/09\\\/23\\\/les-palestiniens-sont-deja-liberes-cest-nous-qui-sommes-prisonniers-du-sionisme\\\/\"]}]},{\"@type\":\"ImageObject\",\"inLanguage\":\"fr-FR\",\"@id\":\"https:\\\/\\\/ismfrance.org\\\/index.php\\\/2021\\\/09\\\/23\\\/les-palestiniens-sont-deja-liberes-cest-nous-qui-sommes-prisonniers-du-sionisme\\\/#primaryimage\",\"url\":\"https:\\\/\\\/ismfrance.org\\\/wp-content\\\/uploads\\\/2021\\\/09\\\/IMG_20210920_144820_801-1024x576-1.jpg\",\"contentUrl\":\"https:\\\/\\\/ismfrance.org\\\/wp-content\\\/uploads\\\/2021\\\/09\\\/IMG_20210920_144820_801-1024x576-1.jpg\",\"width\":1024,\"height\":576,\"caption\":\"20.09.2021 - Des dizaines de Palestiniens ont organis\u00e9 un rassemblement devant le bureau du Comit\u00e9 international de la Croix-Rouge \u00e0 Naplouse en solidarit\u00e9 avec les prisonniers et contre la r\u00e9tention des corps des martyrs par l\u2019occupation.\"},{\"@type\":\"BreadcrumbList\",\"@id\":\"https:\\\/\\\/ismfrance.org\\\/index.php\\\/2021\\\/09\\\/23\\\/les-palestiniens-sont-deja-liberes-cest-nous-qui-sommes-prisonniers-du-sionisme\\\/#breadcrumb\",\"itemListElement\":[{\"@type\":\"ListItem\",\"position\":1,\"name\":\"Accueil\",\"item\":\"https:\\\/\\\/ismfrance.org\\\/\"},{\"@type\":\"ListItem\",\"position\":2,\"name\":\"Les Palestiniens sont d\u00e9j\u00e0 lib\u00e9r\u00e9s, c&#8217;est nous qui sommes prisonniers du sionisme\"}]},{\"@type\":\"WebSite\",\"@id\":\"https:\\\/\\\/ismfrance.org\\\/#website\",\"url\":\"https:\\\/\\\/ismfrance.org\\\/\",\"name\":\"ISM Palestine France\",\"description\":\"Soutien aux luttes de lib\u00e9ration du peuple palestinien\",\"publisher\":{\"@id\":\"https:\\\/\\\/ismfrance.org\\\/#organization\"},\"potentialAction\":[{\"@type\":\"SearchAction\",\"target\":{\"@type\":\"EntryPoint\",\"urlTemplate\":\"https:\\\/\\\/ismfrance.org\\\/?s={search_term_string}\"},\"query-input\":{\"@type\":\"PropertyValueSpecification\",\"valueRequired\":true,\"valueName\":\"search_term_string\"}}],\"inLanguage\":\"fr-FR\"},{\"@type\":\"Organization\",\"@id\":\"https:\\\/\\\/ismfrance.org\\\/#organization\",\"name\":\"International Solidarity Movement\",\"url\":\"https:\\\/\\\/ismfrance.org\\\/\",\"logo\":{\"@type\":\"ImageObject\",\"inLanguage\":\"fr-FR\",\"@id\":\"https:\\\/\\\/ismfrance.org\\\/#\\\/schema\\\/logo\\\/image\\\/\",\"url\":\"https:\\\/\\\/ismfrance.org\\\/wp-content\\\/uploads\\\/2020\\\/12\\\/00.png\",\"contentUrl\":\"https:\\\/\\\/ismfrance.org\\\/wp-content\\\/uploads\\\/2020\\\/12\\\/00.png\",\"width\":400,\"height\":400,\"caption\":\"International Solidarity Movement\"},\"image\":{\"@id\":\"https:\\\/\\\/ismfrance.org\\\/#\\\/schema\\\/logo\\\/image\\\/\"},\"sameAs\":[\"https:\\\/\\\/x.com\\\/ISMFRANCE\"]},{\"@type\":\"Person\",\"@id\":\"https:\\\/\\\/ismfrance.org\\\/#\\\/schema\\\/person\\\/3c411eb72adfaae19c0dca1f41fae01d\",\"name\":\"mru_01\",\"image\":{\"@type\":\"ImageObject\",\"inLanguage\":\"fr-FR\",\"@id\":\"https:\\\/\\\/secure.gravatar.com\\\/avatar\\\/3a0be343b445d2ccc79e87444a294fad2b232e90d2051d0e3cc219e1ecd6a330?s=96&d=mm&r=g\",\"url\":\"https:\\\/\\\/secure.gravatar.com\\\/avatar\\\/3a0be343b445d2ccc79e87444a294fad2b232e90d2051d0e3cc219e1ecd6a330?s=96&d=mm&r=g\",\"contentUrl\":\"https:\\\/\\\/secure.gravatar.com\\\/avatar\\\/3a0be343b445d2ccc79e87444a294fad2b232e90d2051d0e3cc219e1ecd6a330?s=96&d=mm&r=g\",\"caption\":\"mru_01\"},\"url\":\"https:\\\/\\\/ismfrance.org\\\/index.php\\\/author\\\/admin02\\\/\"}]}<\/script>\n<!-- \/ Yoast SEO plugin. -->","yoast_head_json":{"title":"Les Palestiniens sont d\u00e9j\u00e0 lib\u00e9r\u00e9s, c'est nous qui sommes prisonniers du sionisme - International Solidarity Movement - ISM-France","robots":{"index":"index","follow":"follow","max-snippet":"max-snippet:-1","max-image-preview":"max-image-preview:large","max-video-preview":"max-video-preview:-1"},"canonical":"https:\/\/ismfrance.org\/index.php\/2021\/09\/23\/les-palestiniens-sont-deja-liberes-cest-nous-qui-sommes-prisonniers-du-sionisme\/","og_locale":"fr_FR","og_type":"article","og_title":"Les Palestiniens sont d\u00e9j\u00e0 lib\u00e9r\u00e9s, c'est nous qui sommes prisonniers du sionisme - International Solidarity Movement - ISM-France","og_description":"Amira Abo el-Fetouh, 17 septembre 2021. La Palestine est toujours le berceau des peuples libres du monde. Les Palestiniens sont toujours la source d&rsquo;inspiration et d&rsquo;espoir des peuples arabes opprim\u00e9s Lire la suite &rarr;","og_url":"https:\/\/ismfrance.org\/index.php\/2021\/09\/23\/les-palestiniens-sont-deja-liberes-cest-nous-qui-sommes-prisonniers-du-sionisme\/","og_site_name":"International Solidarity Movement - ISM-France","article_published_time":"2021-09-23T18:38:47+00:00","article_modified_time":"2021-11-12T09:48:00+00:00","og_image":[{"width":1024,"height":576,"url":"https:\/\/ismfrance.org\/wp-content\/uploads\/2021\/09\/IMG_20210920_144820_801-1024x576-1.jpg","type":"image\/jpeg"}],"author":"mru_01","twitter_card":"summary_large_image","twitter_creator":"@ISMFRANCE","twitter_site":"@ISMFRANCE","twitter_misc":{"\u00c9crit par":"mru_01","Dur\u00e9e de lecture estim\u00e9e":"6 minutes"},"schema":{"@context":"https:\/\/schema.org","@graph":[{"@type":"Article","@id":"https:\/\/ismfrance.org\/index.php\/2021\/09\/23\/les-palestiniens-sont-deja-liberes-cest-nous-qui-sommes-prisonniers-du-sionisme\/#article","isPartOf":{"@id":"https:\/\/ismfrance.org\/index.php\/2021\/09\/23\/les-palestiniens-sont-deja-liberes-cest-nous-qui-sommes-prisonniers-du-sionisme\/"},"author":{"name":"mru_01","@id":"https:\/\/ismfrance.org\/#\/schema\/person\/3c411eb72adfaae19c0dca1f41fae01d"},"headline":"Les Palestiniens sont d\u00e9j\u00e0 lib\u00e9r\u00e9s, c&rsquo;est nous qui sommes prisonniers du sionisme","datePublished":"2021-09-23T18:38:47+00:00","dateModified":"2021-11-12T09:48:00+00:00","mainEntityOfPage":{"@id":"https:\/\/ismfrance.org\/index.php\/2021\/09\/23\/les-palestiniens-sont-deja-liberes-cest-nous-qui-sommes-prisonniers-du-sionisme\/"},"wordCount":1221,"publisher":{"@id":"https:\/\/ismfrance.org\/#organization"},"image":{"@id":"https:\/\/ismfrance.org\/index.php\/2021\/09\/23\/les-palestiniens-sont-deja-liberes-cest-nous-qui-sommes-prisonniers-du-sionisme\/#primaryimage"},"thumbnailUrl":"https:\/\/ismfrance.org\/wp-content\/uploads\/2021\/09\/IMG_20210920_144820_801-1024x576-1.jpg","keywords":["R\u00e9sistance","Sionisme"],"articleSection":["Analyses","Articles"],"inLanguage":"fr-FR"},{"@type":"WebPage","@id":"https:\/\/ismfrance.org\/index.php\/2021\/09\/23\/les-palestiniens-sont-deja-liberes-cest-nous-qui-sommes-prisonniers-du-sionisme\/","url":"https:\/\/ismfrance.org\/index.php\/2021\/09\/23\/les-palestiniens-sont-deja-liberes-cest-nous-qui-sommes-prisonniers-du-sionisme\/","name":"Les Palestiniens sont d\u00e9j\u00e0 lib\u00e9r\u00e9s, c'est nous qui sommes prisonniers du sionisme - International Solidarity Movement - ISM-France","isPartOf":{"@id":"https:\/\/ismfrance.org\/#website"},"primaryImageOfPage":{"@id":"https:\/\/ismfrance.org\/index.php\/2021\/09\/23\/les-palestiniens-sont-deja-liberes-cest-nous-qui-sommes-prisonniers-du-sionisme\/#primaryimage"},"image":{"@id":"https:\/\/ismfrance.org\/index.php\/2021\/09\/23\/les-palestiniens-sont-deja-liberes-cest-nous-qui-sommes-prisonniers-du-sionisme\/#primaryimage"},"thumbnailUrl":"https:\/\/ismfrance.org\/wp-content\/uploads\/2021\/09\/IMG_20210920_144820_801-1024x576-1.jpg","datePublished":"2021-09-23T18:38:47+00:00","dateModified":"2021-11-12T09:48:00+00:00","breadcrumb":{"@id":"https:\/\/ismfrance.org\/index.php\/2021\/09\/23\/les-palestiniens-sont-deja-liberes-cest-nous-qui-sommes-prisonniers-du-sionisme\/#breadcrumb"},"inLanguage":"fr-FR","potentialAction":[{"@type":"ReadAction","target":["https:\/\/ismfrance.org\/index.php\/2021\/09\/23\/les-palestiniens-sont-deja-liberes-cest-nous-qui-sommes-prisonniers-du-sionisme\/"]}]},{"@type":"ImageObject","inLanguage":"fr-FR","@id":"https:\/\/ismfrance.org\/index.php\/2021\/09\/23\/les-palestiniens-sont-deja-liberes-cest-nous-qui-sommes-prisonniers-du-sionisme\/#primaryimage","url":"https:\/\/ismfrance.org\/wp-content\/uploads\/2021\/09\/IMG_20210920_144820_801-1024x576-1.jpg","contentUrl":"https:\/\/ismfrance.org\/wp-content\/uploads\/2021\/09\/IMG_20210920_144820_801-1024x576-1.jpg","width":1024,"height":576,"caption":"20.09.2021 - Des dizaines de Palestiniens ont organis\u00e9 un rassemblement devant le bureau du Comit\u00e9 international de la Croix-Rouge \u00e0 Naplouse en solidarit\u00e9 avec les prisonniers et contre la r\u00e9tention des corps des martyrs par l\u2019occupation."},{"@type":"BreadcrumbList","@id":"https:\/\/ismfrance.org\/index.php\/2021\/09\/23\/les-palestiniens-sont-deja-liberes-cest-nous-qui-sommes-prisonniers-du-sionisme\/#breadcrumb","itemListElement":[{"@type":"ListItem","position":1,"name":"Accueil","item":"https:\/\/ismfrance.org\/"},{"@type":"ListItem","position":2,"name":"Les Palestiniens sont d\u00e9j\u00e0 lib\u00e9r\u00e9s, c&#8217;est nous qui sommes prisonniers du sionisme"}]},{"@type":"WebSite","@id":"https:\/\/ismfrance.org\/#website","url":"https:\/\/ismfrance.org\/","name":"ISM Palestine France","description":"Soutien aux luttes de lib\u00e9ration du peuple palestinien","publisher":{"@id":"https:\/\/ismfrance.org\/#organization"},"potentialAction":[{"@type":"SearchAction","target":{"@type":"EntryPoint","urlTemplate":"https:\/\/ismfrance.org\/?s={search_term_string}"},"query-input":{"@type":"PropertyValueSpecification","valueRequired":true,"valueName":"search_term_string"}}],"inLanguage":"fr-FR"},{"@type":"Organization","@id":"https:\/\/ismfrance.org\/#organization","name":"International Solidarity Movement","url":"https:\/\/ismfrance.org\/","logo":{"@type":"ImageObject","inLanguage":"fr-FR","@id":"https:\/\/ismfrance.org\/#\/schema\/logo\/image\/","url":"https:\/\/ismfrance.org\/wp-content\/uploads\/2020\/12\/00.png","contentUrl":"https:\/\/ismfrance.org\/wp-content\/uploads\/2020\/12\/00.png","width":400,"height":400,"caption":"International Solidarity Movement"},"image":{"@id":"https:\/\/ismfrance.org\/#\/schema\/logo\/image\/"},"sameAs":["https:\/\/x.com\/ISMFRANCE"]},{"@type":"Person","@id":"https:\/\/ismfrance.org\/#\/schema\/person\/3c411eb72adfaae19c0dca1f41fae01d","name":"mru_01","image":{"@type":"ImageObject","inLanguage":"fr-FR","@id":"https:\/\/secure.gravatar.com\/avatar\/3a0be343b445d2ccc79e87444a294fad2b232e90d2051d0e3cc219e1ecd6a330?s=96&d=mm&r=g","url":"https:\/\/secure.gravatar.com\/avatar\/3a0be343b445d2ccc79e87444a294fad2b232e90d2051d0e3cc219e1ecd6a330?s=96&d=mm&r=g","contentUrl":"https:\/\/secure.gravatar.com\/avatar\/3a0be343b445d2ccc79e87444a294fad2b232e90d2051d0e3cc219e1ecd6a330?s=96&d=mm&r=g","caption":"mru_01"},"url":"https:\/\/ismfrance.org\/index.php\/author\/admin02\/"}]}},"_links":{"self":[{"href":"https:\/\/ismfrance.org\/index.php\/wp-json\/wp\/v2\/posts\/979","targetHints":{"allow":["GET"]}}],"collection":[{"href":"https:\/\/ismfrance.org\/index.php\/wp-json\/wp\/v2\/posts"}],"about":[{"href":"https:\/\/ismfrance.org\/index.php\/wp-json\/wp\/v2\/types\/post"}],"author":[{"embeddable":true,"href":"https:\/\/ismfrance.org\/index.php\/wp-json\/wp\/v2\/users\/3"}],"replies":[{"embeddable":true,"href":"https:\/\/ismfrance.org\/index.php\/wp-json\/wp\/v2\/comments?post=979"}],"version-history":[{"count":0,"href":"https:\/\/ismfrance.org\/index.php\/wp-json\/wp\/v2\/posts\/979\/revisions"}],"wp:featuredmedia":[{"embeddable":true,"href":"https:\/\/ismfrance.org\/index.php\/wp-json\/wp\/v2\/media\/980"}],"wp:attachment":[{"href":"https:\/\/ismfrance.org\/index.php\/wp-json\/wp\/v2\/media?parent=979"}],"wp:term":[{"taxonomy":"category","embeddable":true,"href":"https:\/\/ismfrance.org\/index.php\/wp-json\/wp\/v2\/categories?post=979"},{"taxonomy":"post_tag","embeddable":true,"href":"https:\/\/ismfrance.org\/index.php\/wp-json\/wp\/v2\/tags?post=979"}],"curies":[{"name":"wp","href":"https:\/\/api.w.org\/{rel}","templated":true}]}}