{"id":9717,"date":"2024-02-22T16:37:00","date_gmt":"2024-02-22T15:37:00","guid":{"rendered":"https:\/\/ismfrance.org\/?p=9717"},"modified":"2024-02-23T20:18:27","modified_gmt":"2024-02-23T19:18:27","slug":"les-palestiniens-perdront-la-recolte-dolives-de-2024-si-israel-continue-de-bloquer-lacces-a-la-terre","status":"publish","type":"post","link":"https:\/\/ismfrance.org\/index.php\/2024\/02\/22\/les-palestiniens-perdront-la-recolte-dolives-de-2024-si-israel-continue-de-bloquer-lacces-a-la-terre\/","title":{"rendered":"Les Palestiniens perdront la r\u00e9colte d\u2019olives de 2024 si Isra\u00ebl continue de bloquer l\u2019acc\u00e8s \u00e0 la terre"},"content":{"rendered":"<p><span style=\"color: #000000;\"><span style=\"font-family: Verdana, sans-serif;\"><span style=\"font-size: medium;\"><strong>MEMO, 21 f\u00e9vrier 2024<\/strong>. La saison de r\u00e9colte des olives 2023 a \u00e9t\u00e9 particuli\u00e8rement difficile pour les agriculteurs palestiniens de Cisjordanie. Se d\u00e9roulant entre septembre et novembre, elle a co\u00efncid\u00e9 avec l&rsquo;attaque du 7 octobre contre Isra\u00ebl et le d\u00e9clenchement des attaques isra\u00e9liennes contre la bande de Gaza. Pendant cette p\u00e9riode, les Palestiniens de Cisjordanie ont \u00e9t\u00e9 confront\u00e9s \u00e0 une recrudescence des restrictions de mouvement et de la violence de la part des forces isra\u00e9liennes et des colons.<\/span><\/span><\/span><\/p>\n<div id=\"attachment_9722\" style=\"width: 610px\" class=\"wp-caption alignnone\"><a href=\"https:\/\/ismfrance.org\/wp-content\/uploads\/2024\/02\/violence-colons-naplouse.jpg\"><img loading=\"lazy\" decoding=\"async\" aria-describedby=\"caption-attachment-9722\" class=\"size-large wp-image-9722\" src=\"https:\/\/ismfrance.org\/wp-content\/uploads\/2024\/02\/violence-colons-naplouse-700x394.jpg\" alt=\"\" width=\"600\" height=\"338\" srcset=\"https:\/\/ismfrance.org\/wp-content\/uploads\/2024\/02\/violence-colons-naplouse-700x394.jpg 700w, https:\/\/ismfrance.org\/wp-content\/uploads\/2024\/02\/violence-colons-naplouse-300x169.jpg 300w, https:\/\/ismfrance.org\/wp-content\/uploads\/2024\/02\/violence-colons-naplouse-768x432.jpg 768w, https:\/\/ismfrance.org\/wp-content\/uploads\/2024\/02\/violence-colons-naplouse.jpg 1155w\" sizes=\"auto, (max-width: 600px) 100vw, 600px\" \/><\/a><p id=\"caption-attachment-9722\" class=\"wp-caption-text\"><strong>La violence coloniale contre un couple de Palestiniens sur ses terres, dans un village pr\u00e8s de Naplouse.<\/strong><\/p><\/div>\n<p><span style=\"color: #000000;\"><span style=\"font-family: Verdana, sans-serif;\"><span style=\"font-size: medium;\">Pour les cueilleurs d\u2019olives palestiniens, cela a entra\u00een\u00e9 d\u2019immenses difficult\u00e9s car ils n\u2019avaient souvent pas acc\u00e8s \u00e0 leurs olives. Plus de 96.000 dounams (96 kilom\u00e8tres carr\u00e9s) de terres cultiv\u00e9es en Cisjordanie sont rest\u00e9es non r\u00e9colt\u00e9es apr\u00e8s la saison 2023, en raison des restrictions isra\u00e9liennes sur l\u2019acc\u00e8s des Palestiniens. Ils comprennent des olives cultiv\u00e9es dans quatre types de localit\u00e9s :<\/span><\/span><\/span><\/p>\n<p><span style=\"color: #000000;\">\u2013 <span style=\"font-family: Verdana, sans-serif;\"><span style=\"font-size: medium;\">derri\u00e8re le mur de s\u00e9paration de Cisjordanie, dans ce qu\u2019on appelle la \u00ab zone de couture \u00bb ;<\/span><\/span><\/span><\/p>\n<p><span style=\"color: #000000;\">\u2013 <span style=\"font-family: Verdana, sans-serif;\"><span style=\"font-size: medium;\">bordant le Mur de s\u00e9paration, dans un rayon de 150 m\u00e8tres c\u00f4t\u00e9 Cisjordanie ;<\/span><\/span><\/span><\/p>\n<p><span style=\"color: #000000;\">\u2013 <span style=\"font-family: Verdana, sans-serif;\"><span style=\"font-size: medium;\">\u00e0 proximit\u00e9 de colonies ill\u00e9gales, o\u00f9 des autorisations militaires programm\u00e9es (appel\u00e9es \u00ab coordination pr\u00e9alable \u00bb) sont traditionnellement requises ;<\/span><\/span><\/span><\/p>\n<p><span style=\"color: #000000;\">\u2013 <span style=\"font-family: Verdana, sans-serif;\"><span style=\"font-size: medium;\">dans d&rsquo;autres zones adjacentes aux colonies.<\/span><\/span><\/span><\/p>\n<p><span style=\"color: #000000;\"><span style=\"font-family: Verdana, sans-serif;\"><span style=\"font-size: medium;\">Les ann\u00e9es pr\u00e9c\u00e9dentes, les autorit\u00e9s isra\u00e9liennes exigeaient une \u00ab coordination pr\u00e9alable \u00bb, en fait une autorisation militaire isra\u00e9lienne programm\u00e9e, permettant aux agriculteurs d\u2019acc\u00e9der \u00e0 leurs terres dans certaines zones et \u00e0 certaines p\u00e9riodes. Cependant, au cours de la campagne 2023, les autorit\u00e9s isra\u00e9liennes ont annul\u00e9 presque toutes ces autorisations, emp\u00eachant ainsi les agriculteurs d\u2019acc\u00e9der \u00e0 leurs terres. Les portes agricoles le long du mur de s\u00e9paration en Cisjordanie sont rest\u00e9es en grande majorit\u00e9 ferm\u00e9es.<\/span><\/span><\/span><\/p>\n<p><span style=\"color: #000000;\"><span style=\"font-family: Verdana, sans-serif;\"><span style=\"font-size: medium;\">Selon le Secteur de la s\u00e9curit\u00e9 alimentaire, un partenariat regroupant des dizaines d&rsquo;organisations humanitaires, les agriculteurs palestiniens ont subi une perte totale estim\u00e9e \u00e0 plus de 1.200 tonnes d&rsquo;huile d&rsquo;olive au cours de la saison 2023, ce qui a entra\u00een\u00e9 un revers financier direct de 10 millions de dollars. L&rsquo;impact a \u00e9t\u00e9 particuli\u00e8rement dur dans les gouvernorats du nord de Tulkarem, Qalqiliya et Naplouse.<\/span><\/span><\/span><\/p>\n<p><div id=\"attachment_9718\" style=\"width: 354px\" class=\"wp-caption alignleft\"><a href=\"https:\/\/ismfrance.org\/wp-content\/uploads\/2024\/02\/restricted-olive-groves.webp\"><img loading=\"lazy\" decoding=\"async\" aria-describedby=\"caption-attachment-9718\" class=\"wp-image-9718 size-large\" src=\"https:\/\/ismfrance.org\/wp-content\/uploads\/2024\/02\/restricted-olive-groves-344x700.webp\" alt=\"\" width=\"344\" height=\"700\" srcset=\"https:\/\/ismfrance.org\/wp-content\/uploads\/2024\/02\/restricted-olive-groves-344x700.webp 344w, https:\/\/ismfrance.org\/wp-content\/uploads\/2024\/02\/restricted-olive-groves-147x300.webp 147w, https:\/\/ismfrance.org\/wp-content\/uploads\/2024\/02\/restricted-olive-groves.webp 394w\" sizes=\"auto, (max-width: 344px) 100vw, 344px\" \/><\/a><p id=\"caption-attachment-9718\" class=\"wp-caption-text\"><strong>Infographie montrant le nombre d&rsquo;oliveraies dont l&rsquo;acc\u00e8s a \u00e9t\u00e9 restreint \u00e0 travers la Palestine [OCHA]<\/strong><\/p><\/div><span style=\"color: #000000;\"><span style=\"font-family: Verdana, sans-serif;\"><span style=\"font-size: medium;\">La r\u00e9colte des olives est un \u00e9v\u00e9nement \u00e9conomique, social et culturel cl\u00e9 pour les Palestiniens. En tant que puissance occupante, Isra\u00ebl doit veiller \u00e0 ce que les Palestiniens puissent participer \u00e0 cette activit\u00e9 et en b\u00e9n\u00e9ficier pleinement. Cela implique de garantir que les agriculteurs puissent acc\u00e9der \u00e0 leurs oliviers tout au long de l&rsquo;ann\u00e9e et que leurs arbres et leurs propri\u00e9t\u00e9s agricoles soient prot\u00e9g\u00e9s contre les dommages et le vol.<\/span><\/span><\/span><\/p>\n<p><span style=\"color: #000000;\"><span style=\"font-family: Verdana, sans-serif;\"><span style=\"font-size: medium;\">De plus, entre septembre et novembre, OCHA a document\u00e9 113 cas li\u00e9s aux r\u00e9coltes dans lesquels des colons isra\u00e9liens ont attaqu\u00e9 des Palestiniens, endommag\u00e9 leurs arbres ou vol\u00e9 les r\u00e9coltes et les outils de r\u00e9colte. Parmi ceux-ci, dix incidents ont entra\u00een\u00e9 des victimes et des d\u00e9g\u00e2ts mat\u00e9riels, dix autres ont entra\u00een\u00e9 des victimes mais pas de d\u00e9g\u00e2ts mat\u00e9riels et 93 incidents ont entra\u00een\u00e9 des d\u00e9g\u00e2ts mais pas de victimes. Plus de 2.000 arbres ont \u00e9t\u00e9 vandalis\u00e9s lors de ces incidents. Le plus grand nombre d&rsquo;incidents a \u00e9t\u00e9 enregistr\u00e9 dans les gouvernorats de Naplouse (40) et de Ramallah (31). OCHA estime qu&rsquo;au total, en 2023, plus de 10.000 oliviers appartenant \u00e0 des Palestiniens ont \u00e9t\u00e9 vandalis\u00e9s, vraisemblablement par des colons \u00e0 travers la Cisjordanie.<\/span><\/span><\/span><\/p>\n<p><span style=\"color: #000000;\"><span style=\"font-family: Verdana, sans-serif;\"><span style=\"font-size: medium;\">Le 28 octobre, un Palestinien de 29 ans, p\u00e8re de quatre enfants, a \u00e9t\u00e9 tu\u00e9 par balle par un colon isra\u00e9lien alors qu&rsquo;il r\u00e9coltait des olives dans le village d&rsquo;As Sawiya, au sud de Naplouse. On a trouv\u00e9 les impacts des balles dans sa poitrine et son avant-bras gauche.<\/span><\/span><\/span><\/p>\n<p><span style=\"color: #000000;\"><span style=\"font-family: Verdana, sans-serif;\"><span style=\"font-size: medium;\">\u00c0 au moins 38 reprises, des agriculteurs palestiniens ou d\u2019autres t\u00e9moins oculaires ont rapport\u00e9 que les forces isra\u00e9liennes avaient accompagn\u00e9 les assaillants ou que ces derniers portaient des uniformes militaires lorsqu\u2019ils expulsaient les Palestiniens des terres agricoles ou s\u2019emparaient des olives et des outils.<\/span><\/span><\/span><\/p>\n<p><strong><span style=\"color: #000000;\"><span style=\"font-family: Verdana, sans-serif;\"><span style=\"font-size: x-large;\">Le mur de s\u00e9paration<\/span><\/span><\/span><\/strong><\/p>\n<p><span style=\"color: #000000;\"><span style=\"font-family: Verdana, sans-serif;\"><span style=\"font-size: medium;\">Les Palestiniens d\u2019environ 150 communaut\u00e9s palestiniennes \u00e0 travers la Cisjordanie poss\u00e8dent des champs d\u2019oliviers dans la zone situ\u00e9e entre la Ligne verte et le mur de Cisjordanie. Gr\u00e2ce \u00e0 des proc\u00e8s, les agriculteurs ont r\u00e9ussi depuis longtemps \u00e0 augmenter le nombre de portes \u00e9rig\u00e9es par les autorit\u00e9s isra\u00e9liennes dans le mur. Bien que 69 de ces portes aient \u00e9t\u00e9 d\u00e9sign\u00e9es \u00e0 des fins agricoles, l&rsquo;acc\u00e8s toute l&rsquo;ann\u00e9e n&rsquo;est pas autoris\u00e9 par la plupart d&rsquo;entre elles. Au lieu de cela, la plupart des portes agricoles ne s&rsquo;ouvrent que pendant la saison de r\u00e9colte des olives, pendant une dur\u00e9e limit\u00e9e chaque jour. Cela dit, au lendemain du 7 octobre, les autorit\u00e9s isra\u00e9liennes ont d\u00e9cid\u00e9 de toutes les maintenir ferm\u00e9es. Les portes ne se sont ouvertes pour les r\u00e9coltes de 2023 qu\u2019\u00e0 titre exceptionnel, entre le 24 et le 30 novembre, alors qu\u2019une pause humanitaire \u00e9tait mise en place \u00e0 Gaza et en Isra\u00ebl.<\/span><\/span><\/span><\/p>\n<p><span style=\"color: #000000;\"><span style=\"font-family: Verdana, sans-serif;\"><span style=\"font-size: medium;\">De plus, des agriculteurs palestiniens rapportent que les forces isra\u00e9liennes les ont emp\u00each\u00e9s d\u2019acc\u00e9der \u00e0 des oliveraies qui ne sont pas isol\u00e9es par le mur mais se trouvent \u00e0 environ 150 m\u00e8tres de celui-ci, du c\u00f4t\u00e9 de la \u00ab Cisjordanie \u00bb.<\/span><\/span><\/span><\/p>\n<p><div id=\"attachment_9719\" style=\"width: 610px\" class=\"wp-caption aligncenter\"><a href=\"https:\/\/ismfrance.org\/wp-content\/uploads\/2024\/02\/Separation-Wall-affecting-olive-yield.webp\"><img loading=\"lazy\" decoding=\"async\" aria-describedby=\"caption-attachment-9719\" class=\"size-large wp-image-9719\" src=\"https:\/\/ismfrance.org\/wp-content\/uploads\/2024\/02\/Separation-Wall-affecting-olive-yield-700x466.webp\" alt=\"\" width=\"600\" height=\"399\" srcset=\"https:\/\/ismfrance.org\/wp-content\/uploads\/2024\/02\/Separation-Wall-affecting-olive-yield-700x466.webp 700w, https:\/\/ismfrance.org\/wp-content\/uploads\/2024\/02\/Separation-Wall-affecting-olive-yield-300x200.webp 300w, https:\/\/ismfrance.org\/wp-content\/uploads\/2024\/02\/Separation-Wall-affecting-olive-yield-768x512.webp 768w, https:\/\/ismfrance.org\/wp-content\/uploads\/2024\/02\/Separation-Wall-affecting-olive-yield.webp 839w\" sizes=\"auto, (max-width: 600px) 100vw, 600px\" \/><\/a><p id=\"caption-attachment-9719\" class=\"wp-caption-text\"><strong>Infographie montrant l&rsquo;impact du mur de s\u00e9paration sur la productivit\u00e9 des olives [OCHA]<\/strong><\/p><\/div><span style=\"color: #000000;\"><span style=\"font-family: Verdana, sans-serif;\"><span style=\"font-size: medium;\">Le suivi d\u2019OCHA dans le nord de la Cisjordanie montre que la productivit\u00e9 des olives en 2023 dans la zone isol\u00e9e par le mur de s\u00e9paration \u00e9tait inf\u00e9rieure de 93 pour cent \u00e0 celle des zones accessibles.<\/span><\/span><\/span><\/p>\n<p><span style=\"color: #000000;\"><span style=\"font-family: Verdana, sans-serif;\"><span style=\"font-size: medium;\">\u00ab Parall\u00e8lement \u00e0 la r\u00e9duction des rendements de cette saison, les r\u00e9percussions se poursuivront la saison suivante si les portes restent ferm\u00e9es et si nous perdons le planning du labourage et de la taille \u00bb, a d\u00e9clar\u00e9 Taysir Amarneh, un agriculteur du village d&rsquo;Akkaba, dans le gouvernorat de Tulkarem, au nord du pays.<\/span><\/span><\/span><\/p>\n<p><span style=\"color: #000000;\"><span style=\"font-family: Verdana, sans-serif;\"><span style=\"font-size: medium;\">L&rsquo;acc\u00e8s des Palestiniens aux oliveraies est \u00e9galement limit\u00e9 par la pr\u00e9sence de colonies isra\u00e9liennes et les pratiques qui y sont associ\u00e9es.<\/span><\/span><\/span><\/p>\n<p><span style=\"color: #000000;\"><span style=\"font-family: Verdana, sans-serif;\"><span style=\"font-size: medium;\">Les Palestiniens d\u2019au moins 110 communaut\u00e9s de Cisjordanie poss\u00e8dent des terres dans ou \u00e0 proximit\u00e9 de 56 colonies isra\u00e9liennes. Une grande partie de ces terres a depuis longtemps \u00e9t\u00e9 d\u00e9clar\u00e9e \u00ab zone militaire ferm\u00e9e \u00bb par les autorit\u00e9s isra\u00e9liennes et les agriculteurs palestiniens ne peuvent y acc\u00e9der qu\u2019avec une autorisation sp\u00e9ciale des autorit\u00e9s isra\u00e9liennes, qui peut \u00eatre accord\u00e9e pour un nombre de jours limit\u00e9 pendant les saisons des r\u00e9coltes et des labours.<\/span><\/span><\/span><\/p>\n<p><strong><span style=\"color: #000000;\"><span style=\"font-family: Verdana, sans-serif;\"><span style=\"font-size: x-large;\">Acc\u00e8s refus\u00e9<\/span><\/span><\/span><\/strong><\/p>\n<p><span style=\"color: #000000;\"><span style=\"font-family: Verdana, sans-serif;\"><span style=\"font-size: medium;\">Pr\u00e8s de la moiti\u00e9 des terres qui n\u00e9cessitent des autorisations militaires programm\u00e9es se trouvent dans le gouvernorat de Naplouse, suivi de Salfit et de Qalqiliya, tandis que le reste est r\u00e9parti entre les gouvernorats de Ramallah, H\u00e9bron et Bethl\u00e9em. Au cours de la saison 2023, les autorit\u00e9s isra\u00e9liennes n\u2019ont pas autoris\u00e9 l&rsquo;acc\u00e8s dans la plupart des endroits qui n\u00e9cessitaient g\u00e9n\u00e9ralement une autorisation programm\u00e9e.<\/span><\/span><\/span><\/p>\n<div id=\"attachment_9723\" style=\"width: 535px\" class=\"wp-caption aligncenter\"><a href=\"https:\/\/ismfrance.org\/wp-content\/uploads\/2024\/02\/colon.jpeg\"><img loading=\"lazy\" decoding=\"async\" aria-describedby=\"caption-attachment-9723\" class=\"size-large wp-image-9723\" src=\"https:\/\/ismfrance.org\/wp-content\/uploads\/2024\/02\/colon-525x700.jpeg\" alt=\"\" width=\"525\" height=\"700\" srcset=\"https:\/\/ismfrance.org\/wp-content\/uploads\/2024\/02\/colon-525x700.jpeg 525w, https:\/\/ismfrance.org\/wp-content\/uploads\/2024\/02\/colon-225x300.jpeg 225w, https:\/\/ismfrance.org\/wp-content\/uploads\/2024\/02\/colon-768x1024.jpeg 768w, https:\/\/ismfrance.org\/wp-content\/uploads\/2024\/02\/colon.jpeg 960w\" sizes=\"auto, (max-width: 525px) 100vw, 525px\" \/><\/a><p id=\"caption-attachment-9723\" class=\"wp-caption-text\"><strong>Incursion d&rsquo;un colon isra\u00e9lien dans un village palestinien pr\u00e8s de Naplouse.<\/strong><\/p><\/div>\n<p><span style=\"color: #000000;\"><span style=\"font-family: Verdana, sans-serif;\"><span style=\"font-size: medium;\">En outre, les agriculteurs palestiniens se sont vu refuser l\u2019acc\u00e8s \u00e0 leurs oliviers dans la zone C de Cisjordanie, o\u00f9 ces terres \u00e9taient auparavant accessibles sans aucune restriction. Ces nouvelles restrictions ont \u00e9t\u00e9 concr\u00e9tis\u00e9es par des monticules de terre, des barri\u00e8res et des blocs de ciment barrant les routes. En outre, des refus d&rsquo;acc\u00e8s ont \u00e9galement \u00e9t\u00e9 signal\u00e9s dans la zone B de la Cisjordanie ; par exemple, les agriculteurs se sont vu refuser l\u2019acc\u00e8s \u00e0 environ 700 dunums (0,7 kilom\u00e8tres carr\u00e9s) dans le village de Qaryut (Naplouse) et \u00e0 1.900 dunums (1,9 kilom\u00e8tres carr\u00e9s) \u00e0 Turmus\u2019ayya (Ramallah).<\/span><\/span><\/span><\/p>\n<p><span style=\"color: #000000;\"><span style=\"font-family: Verdana, sans-serif;\"><span style=\"font-size: medium;\">Selon les habitants du village de Turmus\u2019ayya, plus de 180 agriculteurs palestiniens ont d\u00e9clar\u00e9 qu\u2019ils ne pourraient pas acc\u00e9der \u00e0 leurs terres situ\u00e9es \u00e0 proximit\u00e9 de la colonie isra\u00e9lienne de Shilo ou de ses \u00ab avant-postes \u00bb (zones de colonisation non officielles) pendant la saison 2023.<\/span><\/span><\/span><\/p>\n<p><span style=\"color: #000000;\"><span style=\"font-family: Verdana, sans-serif;\"><span style=\"font-size: medium;\">\u00ab Non seulement nous avons subi une perte de 70 pour cent de la production de cette saison, mais nous avons \u00e9galement vu nos olives dans les bosquets inaccessibles adjacents tomber au sol, car nous n&rsquo;avons pas pu les r\u00e9colter. En plus de cela, nous sommes quotidiennement confront\u00e9s \u00e0 des difficult\u00e9s pour r\u00e9pondre \u00e0 nos besoins fondamentaux, tout en devant <span lang=\"en-US\">\u201ccoordonner\u201d<\/span> chaque mouvement avec les forces isra\u00e9liennes stationn\u00e9es pr\u00e8s de chez moi \u00bb, a d\u00e9clar\u00e9 Abdullah Abu Awwad de Turmusa\u2019yya.<\/span><\/span><\/span><\/p>\n<pre><em><span style=\"color: #000000;\"><span style=\"font-family: Verdana, sans-serif;\"><span style=\"font-size: medium;\"><span style=\"font-size: small;\">Article original en anglais sur <a href=\"https:\/\/www.middleeastmonitor.com\/20240221-palestinians-will-lose-2024s-olive-harvest-if-israel-continues-blocking-access-to-land\/\">Middle East Monitor<\/a> \/ Traduction MR<\/span><\/span><\/span><\/span><\/em><\/pre>\n","protected":false},"excerpt":{"rendered":"<p>MEMO, 21 f\u00e9vrier 2024. La saison de r\u00e9colte des olives 2023 a \u00e9t\u00e9 particuli\u00e8rement difficile pour les agriculteurs palestiniens de Cisjordanie. Se d\u00e9roulant entre septembre et novembre, elle a co\u00efncid\u00e9 <a class=\"more-link\" href=\"https:\/\/ismfrance.org\/index.php\/2024\/02\/22\/les-palestiniens-perdront-la-recolte-dolives-de-2024-si-israel-continue-de-bloquer-lacces-a-la-terre\/\">Lire la suite &rarr;<\/a><\/p>\n","protected":false},"author":3,"featured_media":9722,"comment_status":"closed","ping_status":"closed","sticky":false,"template":"","format":"standard","meta":{"footnotes":""},"categories":[12,2],"tags":[84],"class_list":["post-9717","post","type-post","status-publish","format-standard","has-post-thumbnail","hentry","category-analyses","category-articles","tag-recolte-des-olives"],"yoast_head":"<!-- This site is optimized with the Yoast SEO plugin v27.2 - https:\/\/yoast.com\/product\/yoast-seo-wordpress\/ -->\n<title>Les Palestiniens perdront la r\u00e9colte d\u2019olives de 2024 si Isra\u00ebl continue de bloquer l\u2019acc\u00e8s \u00e0 la terre - International Solidarity Movement - ISM-France<\/title>\n<meta name=\"robots\" content=\"index, follow, max-snippet:-1, max-image-preview:large, max-video-preview:-1\" \/>\n<link rel=\"canonical\" href=\"https:\/\/ismfrance.org\/index.php\/2024\/02\/22\/les-palestiniens-perdront-la-recolte-dolives-de-2024-si-israel-continue-de-bloquer-lacces-a-la-terre\/\" \/>\n<meta property=\"og:locale\" content=\"fr_FR\" \/>\n<meta property=\"og:type\" content=\"article\" \/>\n<meta property=\"og:title\" content=\"Les Palestiniens perdront la r\u00e9colte d\u2019olives de 2024 si Isra\u00ebl continue de bloquer l\u2019acc\u00e8s \u00e0 la terre - International Solidarity Movement - ISM-France\" \/>\n<meta property=\"og:description\" content=\"MEMO, 21 f\u00e9vrier 2024. La saison de r\u00e9colte des olives 2023 a \u00e9t\u00e9 particuli\u00e8rement difficile pour les agriculteurs palestiniens de Cisjordanie. Se d\u00e9roulant entre septembre et novembre, elle a co\u00efncid\u00e9 Lire la suite &rarr;\" \/>\n<meta property=\"og:url\" content=\"https:\/\/ismfrance.org\/index.php\/2024\/02\/22\/les-palestiniens-perdront-la-recolte-dolives-de-2024-si-israel-continue-de-bloquer-lacces-a-la-terre\/\" \/>\n<meta property=\"og:site_name\" content=\"International Solidarity Movement - ISM-France\" \/>\n<meta property=\"article:published_time\" content=\"2024-02-22T15:37:00+00:00\" \/>\n<meta property=\"article:modified_time\" content=\"2024-02-23T19:18:27+00:00\" \/>\n<meta property=\"og:image\" content=\"https:\/\/ismfrance.org\/wp-content\/uploads\/2024\/02\/violence-colons-naplouse.jpg\" \/>\n\t<meta property=\"og:image:width\" content=\"1155\" \/>\n\t<meta property=\"og:image:height\" content=\"650\" \/>\n\t<meta property=\"og:image:type\" content=\"image\/jpeg\" \/>\n<meta name=\"author\" content=\"mru_01\" \/>\n<meta name=\"twitter:card\" content=\"summary_large_image\" \/>\n<meta name=\"twitter:creator\" content=\"@ISMFRANCE\" \/>\n<meta name=\"twitter:site\" content=\"@ISMFRANCE\" \/>\n<meta name=\"twitter:label1\" content=\"\u00c9crit par\" \/>\n\t<meta name=\"twitter:data1\" content=\"mru_01\" \/>\n\t<meta name=\"twitter:label2\" content=\"Dur\u00e9e de lecture estim\u00e9e\" \/>\n\t<meta name=\"twitter:data2\" content=\"8 minutes\" \/>\n<script type=\"application\/ld+json\" class=\"yoast-schema-graph\">{\"@context\":\"https:\/\/schema.org\",\"@graph\":[{\"@type\":\"Article\",\"@id\":\"https:\/\/ismfrance.org\/index.php\/2024\/02\/22\/les-palestiniens-perdront-la-recolte-dolives-de-2024-si-israel-continue-de-bloquer-lacces-a-la-terre\/#article\",\"isPartOf\":{\"@id\":\"https:\/\/ismfrance.org\/index.php\/2024\/02\/22\/les-palestiniens-perdront-la-recolte-dolives-de-2024-si-israel-continue-de-bloquer-lacces-a-la-terre\/\"},\"author\":{\"name\":\"mru_01\",\"@id\":\"https:\/\/ismfrance.org\/#\/schema\/person\/3c411eb72adfaae19c0dca1f41fae01d\"},\"headline\":\"Les Palestiniens perdront la r\u00e9colte d\u2019olives de 2024 si Isra\u00ebl continue de bloquer l\u2019acc\u00e8s \u00e0 la terre\",\"datePublished\":\"2024-02-22T15:37:00+00:00\",\"dateModified\":\"2024-02-23T19:18:27+00:00\",\"mainEntityOfPage\":{\"@id\":\"https:\/\/ismfrance.org\/index.php\/2024\/02\/22\/les-palestiniens-perdront-la-recolte-dolives-de-2024-si-israel-continue-de-bloquer-lacces-a-la-terre\/\"},\"wordCount\":1532,\"publisher\":{\"@id\":\"https:\/\/ismfrance.org\/#organization\"},\"image\":{\"@id\":\"https:\/\/ismfrance.org\/index.php\/2024\/02\/22\/les-palestiniens-perdront-la-recolte-dolives-de-2024-si-israel-continue-de-bloquer-lacces-a-la-terre\/#primaryimage\"},\"thumbnailUrl\":\"https:\/\/ismfrance.org\/wp-content\/uploads\/2024\/02\/violence-colons-naplouse.jpg\",\"keywords\":[\"R\u00e9colte des olives\"],\"articleSection\":[\"Analyses\",\"Articles\"],\"inLanguage\":\"fr-FR\"},{\"@type\":\"WebPage\",\"@id\":\"https:\/\/ismfrance.org\/index.php\/2024\/02\/22\/les-palestiniens-perdront-la-recolte-dolives-de-2024-si-israel-continue-de-bloquer-lacces-a-la-terre\/\",\"url\":\"https:\/\/ismfrance.org\/index.php\/2024\/02\/22\/les-palestiniens-perdront-la-recolte-dolives-de-2024-si-israel-continue-de-bloquer-lacces-a-la-terre\/\",\"name\":\"Les Palestiniens perdront la r\u00e9colte d\u2019olives de 2024 si Isra\u00ebl continue de bloquer l\u2019acc\u00e8s \u00e0 la terre - International Solidarity Movement - ISM-France\",\"isPartOf\":{\"@id\":\"https:\/\/ismfrance.org\/#website\"},\"primaryImageOfPage\":{\"@id\":\"https:\/\/ismfrance.org\/index.php\/2024\/02\/22\/les-palestiniens-perdront-la-recolte-dolives-de-2024-si-israel-continue-de-bloquer-lacces-a-la-terre\/#primaryimage\"},\"image\":{\"@id\":\"https:\/\/ismfrance.org\/index.php\/2024\/02\/22\/les-palestiniens-perdront-la-recolte-dolives-de-2024-si-israel-continue-de-bloquer-lacces-a-la-terre\/#primaryimage\"},\"thumbnailUrl\":\"https:\/\/ismfrance.org\/wp-content\/uploads\/2024\/02\/violence-colons-naplouse.jpg\",\"datePublished\":\"2024-02-22T15:37:00+00:00\",\"dateModified\":\"2024-02-23T19:18:27+00:00\",\"breadcrumb\":{\"@id\":\"https:\/\/ismfrance.org\/index.php\/2024\/02\/22\/les-palestiniens-perdront-la-recolte-dolives-de-2024-si-israel-continue-de-bloquer-lacces-a-la-terre\/#breadcrumb\"},\"inLanguage\":\"fr-FR\",\"potentialAction\":[{\"@type\":\"ReadAction\",\"target\":[\"https:\/\/ismfrance.org\/index.php\/2024\/02\/22\/les-palestiniens-perdront-la-recolte-dolives-de-2024-si-israel-continue-de-bloquer-lacces-a-la-terre\/\"]}]},{\"@type\":\"ImageObject\",\"inLanguage\":\"fr-FR\",\"@id\":\"https:\/\/ismfrance.org\/index.php\/2024\/02\/22\/les-palestiniens-perdront-la-recolte-dolives-de-2024-si-israel-continue-de-bloquer-lacces-a-la-terre\/#primaryimage\",\"url\":\"https:\/\/ismfrance.org\/wp-content\/uploads\/2024\/02\/violence-colons-naplouse.jpg\",\"contentUrl\":\"https:\/\/ismfrance.org\/wp-content\/uploads\/2024\/02\/violence-colons-naplouse.jpg\",\"width\":1155,\"height\":650,\"caption\":\"La violence coloniale contre un couple de Palelstiniens dans son champ, dans un village pr\u00e8s de Naplouse.\"},{\"@type\":\"BreadcrumbList\",\"@id\":\"https:\/\/ismfrance.org\/index.php\/2024\/02\/22\/les-palestiniens-perdront-la-recolte-dolives-de-2024-si-israel-continue-de-bloquer-lacces-a-la-terre\/#breadcrumb\",\"itemListElement\":[{\"@type\":\"ListItem\",\"position\":1,\"name\":\"Accueil\",\"item\":\"https:\/\/ismfrance.org\/\"},{\"@type\":\"ListItem\",\"position\":2,\"name\":\"Les Palestiniens perdront la r\u00e9colte d\u2019olives de 2024 si Isra\u00ebl continue de bloquer l\u2019acc\u00e8s \u00e0 la terre\"}]},{\"@type\":\"WebSite\",\"@id\":\"https:\/\/ismfrance.org\/#website\",\"url\":\"https:\/\/ismfrance.org\/\",\"name\":\"ISM Palestine France\",\"description\":\"Soutien aux luttes de lib\u00e9ration du peuple palestinien\",\"publisher\":{\"@id\":\"https:\/\/ismfrance.org\/#organization\"},\"potentialAction\":[{\"@type\":\"SearchAction\",\"target\":{\"@type\":\"EntryPoint\",\"urlTemplate\":\"https:\/\/ismfrance.org\/?s={search_term_string}\"},\"query-input\":{\"@type\":\"PropertyValueSpecification\",\"valueRequired\":true,\"valueName\":\"search_term_string\"}}],\"inLanguage\":\"fr-FR\"},{\"@type\":\"Organization\",\"@id\":\"https:\/\/ismfrance.org\/#organization\",\"name\":\"International Solidarity Movement\",\"url\":\"https:\/\/ismfrance.org\/\",\"logo\":{\"@type\":\"ImageObject\",\"inLanguage\":\"fr-FR\",\"@id\":\"https:\/\/ismfrance.org\/#\/schema\/logo\/image\/\",\"url\":\"https:\/\/ismfrance.org\/wp-content\/uploads\/2020\/12\/00.png\",\"contentUrl\":\"https:\/\/ismfrance.org\/wp-content\/uploads\/2020\/12\/00.png\",\"width\":400,\"height\":400,\"caption\":\"International Solidarity Movement\"},\"image\":{\"@id\":\"https:\/\/ismfrance.org\/#\/schema\/logo\/image\/\"},\"sameAs\":[\"https:\/\/x.com\/ISMFRANCE\"]},{\"@type\":\"Person\",\"@id\":\"https:\/\/ismfrance.org\/#\/schema\/person\/3c411eb72adfaae19c0dca1f41fae01d\",\"name\":\"mru_01\",\"image\":{\"@type\":\"ImageObject\",\"inLanguage\":\"fr-FR\",\"@id\":\"https:\/\/secure.gravatar.com\/avatar\/3a0be343b445d2ccc79e87444a294fad2b232e90d2051d0e3cc219e1ecd6a330?s=96&d=mm&r=g\",\"url\":\"https:\/\/secure.gravatar.com\/avatar\/3a0be343b445d2ccc79e87444a294fad2b232e90d2051d0e3cc219e1ecd6a330?s=96&d=mm&r=g\",\"contentUrl\":\"https:\/\/secure.gravatar.com\/avatar\/3a0be343b445d2ccc79e87444a294fad2b232e90d2051d0e3cc219e1ecd6a330?s=96&d=mm&r=g\",\"caption\":\"mru_01\"},\"url\":\"https:\/\/ismfrance.org\/index.php\/author\/admin02\/\"}]}<\/script>\n<!-- \/ Yoast SEO plugin. -->","yoast_head_json":{"title":"Les Palestiniens perdront la r\u00e9colte d\u2019olives de 2024 si Isra\u00ebl continue de bloquer l\u2019acc\u00e8s \u00e0 la terre - International Solidarity Movement - ISM-France","robots":{"index":"index","follow":"follow","max-snippet":"max-snippet:-1","max-image-preview":"max-image-preview:large","max-video-preview":"max-video-preview:-1"},"canonical":"https:\/\/ismfrance.org\/index.php\/2024\/02\/22\/les-palestiniens-perdront-la-recolte-dolives-de-2024-si-israel-continue-de-bloquer-lacces-a-la-terre\/","og_locale":"fr_FR","og_type":"article","og_title":"Les Palestiniens perdront la r\u00e9colte d\u2019olives de 2024 si Isra\u00ebl continue de bloquer l\u2019acc\u00e8s \u00e0 la terre - International Solidarity Movement - ISM-France","og_description":"MEMO, 21 f\u00e9vrier 2024. La saison de r\u00e9colte des olives 2023 a \u00e9t\u00e9 particuli\u00e8rement difficile pour les agriculteurs palestiniens de Cisjordanie. Se d\u00e9roulant entre septembre et novembre, elle a co\u00efncid\u00e9 Lire la suite &rarr;","og_url":"https:\/\/ismfrance.org\/index.php\/2024\/02\/22\/les-palestiniens-perdront-la-recolte-dolives-de-2024-si-israel-continue-de-bloquer-lacces-a-la-terre\/","og_site_name":"International Solidarity Movement - ISM-France","article_published_time":"2024-02-22T15:37:00+00:00","article_modified_time":"2024-02-23T19:18:27+00:00","og_image":[{"width":1155,"height":650,"url":"https:\/\/ismfrance.org\/wp-content\/uploads\/2024\/02\/violence-colons-naplouse.jpg","type":"image\/jpeg"}],"author":"mru_01","twitter_card":"summary_large_image","twitter_creator":"@ISMFRANCE","twitter_site":"@ISMFRANCE","twitter_misc":{"\u00c9crit par":"mru_01","Dur\u00e9e de lecture estim\u00e9e":"8 minutes"},"schema":{"@context":"https:\/\/schema.org","@graph":[{"@type":"Article","@id":"https:\/\/ismfrance.org\/index.php\/2024\/02\/22\/les-palestiniens-perdront-la-recolte-dolives-de-2024-si-israel-continue-de-bloquer-lacces-a-la-terre\/#article","isPartOf":{"@id":"https:\/\/ismfrance.org\/index.php\/2024\/02\/22\/les-palestiniens-perdront-la-recolte-dolives-de-2024-si-israel-continue-de-bloquer-lacces-a-la-terre\/"},"author":{"name":"mru_01","@id":"https:\/\/ismfrance.org\/#\/schema\/person\/3c411eb72adfaae19c0dca1f41fae01d"},"headline":"Les Palestiniens perdront la r\u00e9colte d\u2019olives de 2024 si Isra\u00ebl continue de bloquer l\u2019acc\u00e8s \u00e0 la terre","datePublished":"2024-02-22T15:37:00+00:00","dateModified":"2024-02-23T19:18:27+00:00","mainEntityOfPage":{"@id":"https:\/\/ismfrance.org\/index.php\/2024\/02\/22\/les-palestiniens-perdront-la-recolte-dolives-de-2024-si-israel-continue-de-bloquer-lacces-a-la-terre\/"},"wordCount":1532,"publisher":{"@id":"https:\/\/ismfrance.org\/#organization"},"image":{"@id":"https:\/\/ismfrance.org\/index.php\/2024\/02\/22\/les-palestiniens-perdront-la-recolte-dolives-de-2024-si-israel-continue-de-bloquer-lacces-a-la-terre\/#primaryimage"},"thumbnailUrl":"https:\/\/ismfrance.org\/wp-content\/uploads\/2024\/02\/violence-colons-naplouse.jpg","keywords":["R\u00e9colte des olives"],"articleSection":["Analyses","Articles"],"inLanguage":"fr-FR"},{"@type":"WebPage","@id":"https:\/\/ismfrance.org\/index.php\/2024\/02\/22\/les-palestiniens-perdront-la-recolte-dolives-de-2024-si-israel-continue-de-bloquer-lacces-a-la-terre\/","url":"https:\/\/ismfrance.org\/index.php\/2024\/02\/22\/les-palestiniens-perdront-la-recolte-dolives-de-2024-si-israel-continue-de-bloquer-lacces-a-la-terre\/","name":"Les Palestiniens perdront la r\u00e9colte d\u2019olives de 2024 si Isra\u00ebl continue de bloquer l\u2019acc\u00e8s \u00e0 la terre - International Solidarity Movement - ISM-France","isPartOf":{"@id":"https:\/\/ismfrance.org\/#website"},"primaryImageOfPage":{"@id":"https:\/\/ismfrance.org\/index.php\/2024\/02\/22\/les-palestiniens-perdront-la-recolte-dolives-de-2024-si-israel-continue-de-bloquer-lacces-a-la-terre\/#primaryimage"},"image":{"@id":"https:\/\/ismfrance.org\/index.php\/2024\/02\/22\/les-palestiniens-perdront-la-recolte-dolives-de-2024-si-israel-continue-de-bloquer-lacces-a-la-terre\/#primaryimage"},"thumbnailUrl":"https:\/\/ismfrance.org\/wp-content\/uploads\/2024\/02\/violence-colons-naplouse.jpg","datePublished":"2024-02-22T15:37:00+00:00","dateModified":"2024-02-23T19:18:27+00:00","breadcrumb":{"@id":"https:\/\/ismfrance.org\/index.php\/2024\/02\/22\/les-palestiniens-perdront-la-recolte-dolives-de-2024-si-israel-continue-de-bloquer-lacces-a-la-terre\/#breadcrumb"},"inLanguage":"fr-FR","potentialAction":[{"@type":"ReadAction","target":["https:\/\/ismfrance.org\/index.php\/2024\/02\/22\/les-palestiniens-perdront-la-recolte-dolives-de-2024-si-israel-continue-de-bloquer-lacces-a-la-terre\/"]}]},{"@type":"ImageObject","inLanguage":"fr-FR","@id":"https:\/\/ismfrance.org\/index.php\/2024\/02\/22\/les-palestiniens-perdront-la-recolte-dolives-de-2024-si-israel-continue-de-bloquer-lacces-a-la-terre\/#primaryimage","url":"https:\/\/ismfrance.org\/wp-content\/uploads\/2024\/02\/violence-colons-naplouse.jpg","contentUrl":"https:\/\/ismfrance.org\/wp-content\/uploads\/2024\/02\/violence-colons-naplouse.jpg","width":1155,"height":650,"caption":"La violence coloniale contre un couple de Palelstiniens dans son champ, dans un village pr\u00e8s de Naplouse."},{"@type":"BreadcrumbList","@id":"https:\/\/ismfrance.org\/index.php\/2024\/02\/22\/les-palestiniens-perdront-la-recolte-dolives-de-2024-si-israel-continue-de-bloquer-lacces-a-la-terre\/#breadcrumb","itemListElement":[{"@type":"ListItem","position":1,"name":"Accueil","item":"https:\/\/ismfrance.org\/"},{"@type":"ListItem","position":2,"name":"Les Palestiniens perdront la r\u00e9colte d\u2019olives de 2024 si Isra\u00ebl continue de bloquer l\u2019acc\u00e8s \u00e0 la terre"}]},{"@type":"WebSite","@id":"https:\/\/ismfrance.org\/#website","url":"https:\/\/ismfrance.org\/","name":"ISM Palestine France","description":"Soutien aux luttes de lib\u00e9ration du peuple palestinien","publisher":{"@id":"https:\/\/ismfrance.org\/#organization"},"potentialAction":[{"@type":"SearchAction","target":{"@type":"EntryPoint","urlTemplate":"https:\/\/ismfrance.org\/?s={search_term_string}"},"query-input":{"@type":"PropertyValueSpecification","valueRequired":true,"valueName":"search_term_string"}}],"inLanguage":"fr-FR"},{"@type":"Organization","@id":"https:\/\/ismfrance.org\/#organization","name":"International Solidarity Movement","url":"https:\/\/ismfrance.org\/","logo":{"@type":"ImageObject","inLanguage":"fr-FR","@id":"https:\/\/ismfrance.org\/#\/schema\/logo\/image\/","url":"https:\/\/ismfrance.org\/wp-content\/uploads\/2020\/12\/00.png","contentUrl":"https:\/\/ismfrance.org\/wp-content\/uploads\/2020\/12\/00.png","width":400,"height":400,"caption":"International Solidarity Movement"},"image":{"@id":"https:\/\/ismfrance.org\/#\/schema\/logo\/image\/"},"sameAs":["https:\/\/x.com\/ISMFRANCE"]},{"@type":"Person","@id":"https:\/\/ismfrance.org\/#\/schema\/person\/3c411eb72adfaae19c0dca1f41fae01d","name":"mru_01","image":{"@type":"ImageObject","inLanguage":"fr-FR","@id":"https:\/\/secure.gravatar.com\/avatar\/3a0be343b445d2ccc79e87444a294fad2b232e90d2051d0e3cc219e1ecd6a330?s=96&d=mm&r=g","url":"https:\/\/secure.gravatar.com\/avatar\/3a0be343b445d2ccc79e87444a294fad2b232e90d2051d0e3cc219e1ecd6a330?s=96&d=mm&r=g","contentUrl":"https:\/\/secure.gravatar.com\/avatar\/3a0be343b445d2ccc79e87444a294fad2b232e90d2051d0e3cc219e1ecd6a330?s=96&d=mm&r=g","caption":"mru_01"},"url":"https:\/\/ismfrance.org\/index.php\/author\/admin02\/"}]}},"_links":{"self":[{"href":"https:\/\/ismfrance.org\/index.php\/wp-json\/wp\/v2\/posts\/9717","targetHints":{"allow":["GET"]}}],"collection":[{"href":"https:\/\/ismfrance.org\/index.php\/wp-json\/wp\/v2\/posts"}],"about":[{"href":"https:\/\/ismfrance.org\/index.php\/wp-json\/wp\/v2\/types\/post"}],"author":[{"embeddable":true,"href":"https:\/\/ismfrance.org\/index.php\/wp-json\/wp\/v2\/users\/3"}],"replies":[{"embeddable":true,"href":"https:\/\/ismfrance.org\/index.php\/wp-json\/wp\/v2\/comments?post=9717"}],"version-history":[{"count":0,"href":"https:\/\/ismfrance.org\/index.php\/wp-json\/wp\/v2\/posts\/9717\/revisions"}],"wp:featuredmedia":[{"embeddable":true,"href":"https:\/\/ismfrance.org\/index.php\/wp-json\/wp\/v2\/media\/9722"}],"wp:attachment":[{"href":"https:\/\/ismfrance.org\/index.php\/wp-json\/wp\/v2\/media?parent=9717"}],"wp:term":[{"taxonomy":"category","embeddable":true,"href":"https:\/\/ismfrance.org\/index.php\/wp-json\/wp\/v2\/categories?post=9717"},{"taxonomy":"post_tag","embeddable":true,"href":"https:\/\/ismfrance.org\/index.php\/wp-json\/wp\/v2\/tags?post=9717"}],"curies":[{"name":"wp","href":"https:\/\/api.w.org\/{rel}","templated":true}]}}