{"id":9436,"date":"2024-02-06T10:27:27","date_gmt":"2024-02-06T09:27:27","guid":{"rendered":"https:\/\/ismfrance.org\/?p=9436"},"modified":"2024-02-06T10:27:27","modified_gmt":"2024-02-06T09:27:27","slug":"letat-francais-menace-dexpulser-une-famille-palestinienne-vers-gaza","status":"publish","type":"post","link":"https:\/\/ismfrance.org\/index.php\/2024\/02\/06\/letat-francais-menace-dexpulser-une-famille-palestinienne-vers-gaza\/","title":{"rendered":"L\u2019\u00c9tat fran\u00e7ais menace d\u2019expulser une famille palestinienne vers Gaza"},"content":{"rendered":"<p><strong>Contre-attaque, 6 f\u00e9vrier 2024.<\/strong> C\u2019est par voie de presse, <a href=\"https:\/\/www.ouest-france.fr\/bretagne\/rennes-35000\/a-rennes-cette-famille-palestinienne-de-gaza-est-menacee-dexpulsion-8aed061e-c1f7-11ee-af40-0572f37cda9b\" target=\"_blank\" rel=\"noreferrer noopener\">dans un article de Ouest-France du 5 f\u00e9vrier<\/a>, qu\u2019on apprend que la pr\u00e9fecture d\u2019Ille-et-Vilaine ne s\u2019opposait pas \u00e0 l\u2019expulsion de Shaden et Ibrahim Awad ainsi que leurs 3 enfants.<\/p>\n<p><a href=\"https:\/\/ismfrance.org\/wp-content\/uploads\/2024\/02\/ibrahim-et-sa-famille.jpg\"><img loading=\"lazy\" decoding=\"async\" class=\"wp-image-9438 aligncenter\" src=\"https:\/\/ismfrance.org\/wp-content\/uploads\/2024\/02\/ibrahim-et-sa-famille-700x700.jpg\" alt=\"\" width=\"486\" height=\"486\" srcset=\"https:\/\/ismfrance.org\/wp-content\/uploads\/2024\/02\/ibrahim-et-sa-famille-700x700.jpg 700w, https:\/\/ismfrance.org\/wp-content\/uploads\/2024\/02\/ibrahim-et-sa-famille-300x300.jpg 300w, https:\/\/ismfrance.org\/wp-content\/uploads\/2024\/02\/ibrahim-et-sa-famille-150x150.jpg 150w, https:\/\/ismfrance.org\/wp-content\/uploads\/2024\/02\/ibrahim-et-sa-famille-768x768.jpg 768w, https:\/\/ismfrance.org\/wp-content\/uploads\/2024\/02\/ibrahim-et-sa-famille-144x144.jpg 144w, https:\/\/ismfrance.org\/wp-content\/uploads\/2024\/02\/ibrahim-et-sa-famille.jpg 1000w\" sizes=\"auto, (max-width: 486px) 100vw, 486px\" \/><\/a><\/p>\n<p>L\u2019enclave palestinienne a litt\u00e9ralement \u00e9t\u00e9\u00a0<a href=\"https:\/\/contre-attaque.net\/2024\/02\/04\/genocide-en-cours-comment-israel-rase-gaza\/\" target=\"_blank\" rel=\"noreferrer noopener\">ras\u00e9e par les bombardements de l\u2019arm\u00e9e coloniale isra\u00e9lienne<\/a>. Plusieurs dizaines de milliers de palestiniens ont \u00e9t\u00e9 tu\u00e9s depuis le 7 octobre, d\u2019autres sont encore ensevelis sous les d\u00e9combres. Deux millions de personnes ont \u00e9t\u00e9 d\u00e9plac\u00e9es de force. Le risque de famine et le manque de soins menacent directement la vie de centaines de milliers de gazaouis. Le sud de la bande de Gaza, o\u00f9 s\u2019entassent les r\u00e9fugi\u00e9s palestiniens dans la r\u00e9gion de Khan Younes, est pilonn\u00e9 par l\u2019aviation isra\u00e9lienne. Il s\u2019agit du plus grand massacre d\u2019enfants de ce d\u00e9but de si\u00e8cle. Mais un Pr\u00e9fet valide l\u2019ordre d\u2019expulsion dans cet enfer.<\/p>\n<p>Cette famille gazaouie avait r\u00e9ussi \u00e0 fuir les bombardements isra\u00e9liens de 2014 et \u00e0 \u00e9chapper \u00e0 la mort. En 2018, les autorit\u00e9s fran\u00e7aises leur refusaient le droit d\u2019asile, les emp\u00eachant de travailler. Depuis 2021, malgr\u00e9 diff\u00e9rents recours et la fin de validit\u00e9 de leurs attestations de demandeurs d\u2019asile, le couple est sans-papiers. Malgr\u00e9 une promesse d\u2019embauche, leurs demandes de titres de s\u00e9jour sont rest\u00e9es sans r\u00e9ponse et leur vie est en suspens. En f\u00e9vrier 2024, ils sont menac\u00e9s d\u2019\u00eatre d\u00e9port\u00e9s dans la ville cimeti\u00e8re de Gaza. Et ce n\u2019est pas un cas isol\u00e9.<\/p>\n<p>En juin 2023, \u00e0 Lille, un professeur de fran\u00e7ais, Waleed Aboudipaa, palestinien de 38 ans, recevait par courrier\u00a0<a href=\"https:\/\/contre-attaque.net\/2023\/11\/08\/un-palestinien-professeur-de-francais-menace-dexpulsion-vers-gaza-par-le-prefet-du-nord\/\" target=\"_blank\" rel=\"noreferrer noopener\">une obligation de quitter le territoire par la pr\u00e9fecture du Nord<\/a>. Il vit aujourd\u2019hui sous la menace d\u2019une expulsion. Le 10 novembre 2023, Mariam Abu Daqqa, militante r\u00e9volutionnaire du Front Populaire de Lib\u00e9ration de la Palestine, \u00e9tait expuls\u00e9e apr\u00e8s <a href=\"https:\/\/contre-attaque.net\/2023\/10\/16\/une-militante-palestinienne-arretee-et-assignee-a-residence-avant-une-conference\/\" target=\"_blank\" rel=\"noreferrer noopener\">avoir \u00e9t\u00e9 arr\u00eat\u00e9e et enferm\u00e9e dans un centre de r\u00e9tention administrative<\/a>\u00a0alors qu\u2019elle devait donner un cycle de conf\u00e9rences en France.<\/p>\n<p>Nommons les choses : il s\u2019agit de mises en danger d\u00e9lib\u00e9r\u00e9es d\u2019un cynisme absolu. La Cour internationale de justice a alert\u00e9 sur le risque de g\u00e9nocide tandis que le gouvernement fasciste isra\u00e9lien poursuit son op\u00e9ration de nettoyage ethnique et son expansion coloniale \u00e0 Gaza et en Cisjordanie. L\u2019\u00c9tat Fran\u00e7ais n\u2019est pas simplement complice. En fournissant les armes et en finan\u00e7ant l\u2019\u00c9tat Isra\u00e9lien d\u2019un c\u00f4t\u00e9 tout en expulsant les r\u00e9fugi\u00e9s palestiniens de son territoire de l\u2019autre, il collabore activement avec un r\u00e9gime barbare et colonial d\u2019un bout \u00e0 l\u2019autre de la cha\u00eene g\u00e9nocidaire.<\/p>\n<p>Source : <a href=\"https:\/\/contre-attaque.net\/2024\/02\/06\/letat-francais-menace-dexpulser-une-famille-palestinienne-vers-gaza\/\">contre-attaque.net<\/a><\/p>\n","protected":false},"excerpt":{"rendered":"<p>Contre-attaque, 6 f\u00e9vrier 2024. C\u2019est par voie de presse, dans un article de Ouest-France du 5 f\u00e9vrier, qu\u2019on apprend que la pr\u00e9fecture d\u2019Ille-et-Vilaine ne s\u2019opposait pas \u00e0 l\u2019expulsion de Shaden <a class=\"more-link\" href=\"https:\/\/ismfrance.org\/index.php\/2024\/02\/06\/letat-francais-menace-dexpulser-une-famille-palestinienne-vers-gaza\/\">Lire la suite &rarr;<\/a><\/p>\n","protected":false},"author":3,"featured_media":9438,"comment_status":"closed","ping_status":"closed","sticky":false,"template":"","format":"standard","meta":{"footnotes":""},"categories":[2,13],"tags":[53,29],"class_list":["post-9436","post","type-post","status-publish","format-standard","has-post-thumbnail","hentry","category-articles","category-temoignages","tag-collabos","tag-refugies"],"yoast_head":"<!-- This site is optimized with the Yoast SEO plugin v27.2 - https:\/\/yoast.com\/product\/yoast-seo-wordpress\/ -->\n<title>L\u2019\u00c9tat fran\u00e7ais menace d\u2019expulser une famille palestinienne vers Gaza - International Solidarity Movement - ISM-France<\/title>\n<meta name=\"robots\" content=\"index, follow, max-snippet:-1, max-image-preview:large, max-video-preview:-1\" \/>\n<link rel=\"canonical\" href=\"https:\/\/ismfrance.org\/index.php\/2024\/02\/06\/letat-francais-menace-dexpulser-une-famille-palestinienne-vers-gaza\/\" \/>\n<meta property=\"og:locale\" content=\"fr_FR\" \/>\n<meta property=\"og:type\" content=\"article\" \/>\n<meta property=\"og:title\" content=\"L\u2019\u00c9tat fran\u00e7ais menace d\u2019expulser une famille palestinienne vers Gaza - International Solidarity Movement - ISM-France\" \/>\n<meta property=\"og:description\" content=\"Contre-attaque, 6 f\u00e9vrier 2024. C\u2019est par voie de presse, dans un article de Ouest-France du 5 f\u00e9vrier, qu\u2019on apprend que la pr\u00e9fecture d\u2019Ille-et-Vilaine ne s\u2019opposait pas \u00e0 l\u2019expulsion de Shaden Lire la suite &rarr;\" \/>\n<meta property=\"og:url\" content=\"https:\/\/ismfrance.org\/index.php\/2024\/02\/06\/letat-francais-menace-dexpulser-une-famille-palestinienne-vers-gaza\/\" \/>\n<meta property=\"og:site_name\" content=\"International Solidarity Movement - ISM-France\" \/>\n<meta property=\"article:published_time\" content=\"2024-02-06T09:27:27+00:00\" \/>\n<meta property=\"og:image\" content=\"https:\/\/ismfrance.org\/wp-content\/uploads\/2024\/02\/ibrahim-et-sa-famille.jpg\" \/>\n\t<meta property=\"og:image:width\" content=\"1000\" \/>\n\t<meta property=\"og:image:height\" content=\"1000\" \/>\n\t<meta property=\"og:image:type\" content=\"image\/jpeg\" \/>\n<meta name=\"author\" content=\"mru_01\" \/>\n<meta name=\"twitter:card\" content=\"summary_large_image\" \/>\n<meta name=\"twitter:creator\" content=\"@ISMFRANCE\" \/>\n<meta name=\"twitter:site\" content=\"@ISMFRANCE\" \/>\n<meta name=\"twitter:label1\" content=\"\u00c9crit par\" \/>\n\t<meta name=\"twitter:data1\" content=\"mru_01\" \/>\n\t<meta name=\"twitter:label2\" content=\"Dur\u00e9e de lecture estim\u00e9e\" \/>\n\t<meta name=\"twitter:data2\" content=\"3 minutes\" \/>\n<script type=\"application\/ld+json\" class=\"yoast-schema-graph\">{\"@context\":\"https:\/\/schema.org\",\"@graph\":[{\"@type\":\"Article\",\"@id\":\"https:\/\/ismfrance.org\/index.php\/2024\/02\/06\/letat-francais-menace-dexpulser-une-famille-palestinienne-vers-gaza\/#article\",\"isPartOf\":{\"@id\":\"https:\/\/ismfrance.org\/index.php\/2024\/02\/06\/letat-francais-menace-dexpulser-une-famille-palestinienne-vers-gaza\/\"},\"author\":{\"name\":\"mru_01\",\"@id\":\"https:\/\/ismfrance.org\/#\/schema\/person\/3c411eb72adfaae19c0dca1f41fae01d\"},\"headline\":\"L\u2019\u00c9tat fran\u00e7ais menace d\u2019expulser une famille palestinienne vers Gaza\",\"datePublished\":\"2024-02-06T09:27:27+00:00\",\"mainEntityOfPage\":{\"@id\":\"https:\/\/ismfrance.org\/index.php\/2024\/02\/06\/letat-francais-menace-dexpulser-une-famille-palestinienne-vers-gaza\/\"},\"wordCount\":489,\"publisher\":{\"@id\":\"https:\/\/ismfrance.org\/#organization\"},\"image\":{\"@id\":\"https:\/\/ismfrance.org\/index.php\/2024\/02\/06\/letat-francais-menace-dexpulser-une-famille-palestinienne-vers-gaza\/#primaryimage\"},\"thumbnailUrl\":\"https:\/\/ismfrance.org\/wp-content\/uploads\/2024\/02\/ibrahim-et-sa-famille.jpg\",\"keywords\":[\"Collabos\",\"r\u00e9fugi\u00e9s\"],\"articleSection\":[\"Articles\",\"T\u00e9moignages\"],\"inLanguage\":\"fr-FR\"},{\"@type\":\"WebPage\",\"@id\":\"https:\/\/ismfrance.org\/index.php\/2024\/02\/06\/letat-francais-menace-dexpulser-une-famille-palestinienne-vers-gaza\/\",\"url\":\"https:\/\/ismfrance.org\/index.php\/2024\/02\/06\/letat-francais-menace-dexpulser-une-famille-palestinienne-vers-gaza\/\",\"name\":\"L\u2019\u00c9tat fran\u00e7ais menace d\u2019expulser une famille palestinienne vers Gaza - International Solidarity Movement - ISM-France\",\"isPartOf\":{\"@id\":\"https:\/\/ismfrance.org\/#website\"},\"primaryImageOfPage\":{\"@id\":\"https:\/\/ismfrance.org\/index.php\/2024\/02\/06\/letat-francais-menace-dexpulser-une-famille-palestinienne-vers-gaza\/#primaryimage\"},\"image\":{\"@id\":\"https:\/\/ismfrance.org\/index.php\/2024\/02\/06\/letat-francais-menace-dexpulser-une-famille-palestinienne-vers-gaza\/#primaryimage\"},\"thumbnailUrl\":\"https:\/\/ismfrance.org\/wp-content\/uploads\/2024\/02\/ibrahim-et-sa-famille.jpg\",\"datePublished\":\"2024-02-06T09:27:27+00:00\",\"breadcrumb\":{\"@id\":\"https:\/\/ismfrance.org\/index.php\/2024\/02\/06\/letat-francais-menace-dexpulser-une-famille-palestinienne-vers-gaza\/#breadcrumb\"},\"inLanguage\":\"fr-FR\",\"potentialAction\":[{\"@type\":\"ReadAction\",\"target\":[\"https:\/\/ismfrance.org\/index.php\/2024\/02\/06\/letat-francais-menace-dexpulser-une-famille-palestinienne-vers-gaza\/\"]}]},{\"@type\":\"ImageObject\",\"inLanguage\":\"fr-FR\",\"@id\":\"https:\/\/ismfrance.org\/index.php\/2024\/02\/06\/letat-francais-menace-dexpulser-une-famille-palestinienne-vers-gaza\/#primaryimage\",\"url\":\"https:\/\/ismfrance.org\/wp-content\/uploads\/2024\/02\/ibrahim-et-sa-famille.jpg\",\"contentUrl\":\"https:\/\/ismfrance.org\/wp-content\/uploads\/2024\/02\/ibrahim-et-sa-famille.jpg\",\"width\":1000,\"height\":1000},{\"@type\":\"BreadcrumbList\",\"@id\":\"https:\/\/ismfrance.org\/index.php\/2024\/02\/06\/letat-francais-menace-dexpulser-une-famille-palestinienne-vers-gaza\/#breadcrumb\",\"itemListElement\":[{\"@type\":\"ListItem\",\"position\":1,\"name\":\"Accueil\",\"item\":\"https:\/\/ismfrance.org\/\"},{\"@type\":\"ListItem\",\"position\":2,\"name\":\"L\u2019\u00c9tat fran\u00e7ais menace d\u2019expulser une famille palestinienne vers Gaza\"}]},{\"@type\":\"WebSite\",\"@id\":\"https:\/\/ismfrance.org\/#website\",\"url\":\"https:\/\/ismfrance.org\/\",\"name\":\"ISM Palestine France\",\"description\":\"Soutien aux luttes de lib\u00e9ration du peuple palestinien\",\"publisher\":{\"@id\":\"https:\/\/ismfrance.org\/#organization\"},\"potentialAction\":[{\"@type\":\"SearchAction\",\"target\":{\"@type\":\"EntryPoint\",\"urlTemplate\":\"https:\/\/ismfrance.org\/?s={search_term_string}\"},\"query-input\":{\"@type\":\"PropertyValueSpecification\",\"valueRequired\":true,\"valueName\":\"search_term_string\"}}],\"inLanguage\":\"fr-FR\"},{\"@type\":\"Organization\",\"@id\":\"https:\/\/ismfrance.org\/#organization\",\"name\":\"International Solidarity Movement\",\"url\":\"https:\/\/ismfrance.org\/\",\"logo\":{\"@type\":\"ImageObject\",\"inLanguage\":\"fr-FR\",\"@id\":\"https:\/\/ismfrance.org\/#\/schema\/logo\/image\/\",\"url\":\"https:\/\/ismfrance.org\/wp-content\/uploads\/2020\/12\/00.png\",\"contentUrl\":\"https:\/\/ismfrance.org\/wp-content\/uploads\/2020\/12\/00.png\",\"width\":400,\"height\":400,\"caption\":\"International Solidarity Movement\"},\"image\":{\"@id\":\"https:\/\/ismfrance.org\/#\/schema\/logo\/image\/\"},\"sameAs\":[\"https:\/\/x.com\/ISMFRANCE\"]},{\"@type\":\"Person\",\"@id\":\"https:\/\/ismfrance.org\/#\/schema\/person\/3c411eb72adfaae19c0dca1f41fae01d\",\"name\":\"mru_01\",\"image\":{\"@type\":\"ImageObject\",\"inLanguage\":\"fr-FR\",\"@id\":\"https:\/\/secure.gravatar.com\/avatar\/3a0be343b445d2ccc79e87444a294fad2b232e90d2051d0e3cc219e1ecd6a330?s=96&d=mm&r=g\",\"url\":\"https:\/\/secure.gravatar.com\/avatar\/3a0be343b445d2ccc79e87444a294fad2b232e90d2051d0e3cc219e1ecd6a330?s=96&d=mm&r=g\",\"contentUrl\":\"https:\/\/secure.gravatar.com\/avatar\/3a0be343b445d2ccc79e87444a294fad2b232e90d2051d0e3cc219e1ecd6a330?s=96&d=mm&r=g\",\"caption\":\"mru_01\"},\"url\":\"https:\/\/ismfrance.org\/index.php\/author\/admin02\/\"}]}<\/script>\n<!-- \/ Yoast SEO plugin. -->","yoast_head_json":{"title":"L\u2019\u00c9tat fran\u00e7ais menace d\u2019expulser une famille palestinienne vers Gaza - International Solidarity Movement - ISM-France","robots":{"index":"index","follow":"follow","max-snippet":"max-snippet:-1","max-image-preview":"max-image-preview:large","max-video-preview":"max-video-preview:-1"},"canonical":"https:\/\/ismfrance.org\/index.php\/2024\/02\/06\/letat-francais-menace-dexpulser-une-famille-palestinienne-vers-gaza\/","og_locale":"fr_FR","og_type":"article","og_title":"L\u2019\u00c9tat fran\u00e7ais menace d\u2019expulser une famille palestinienne vers Gaza - International Solidarity Movement - ISM-France","og_description":"Contre-attaque, 6 f\u00e9vrier 2024. C\u2019est par voie de presse, dans un article de Ouest-France du 5 f\u00e9vrier, qu\u2019on apprend que la pr\u00e9fecture d\u2019Ille-et-Vilaine ne s\u2019opposait pas \u00e0 l\u2019expulsion de Shaden Lire la suite &rarr;","og_url":"https:\/\/ismfrance.org\/index.php\/2024\/02\/06\/letat-francais-menace-dexpulser-une-famille-palestinienne-vers-gaza\/","og_site_name":"International Solidarity Movement - ISM-France","article_published_time":"2024-02-06T09:27:27+00:00","og_image":[{"width":1000,"height":1000,"url":"https:\/\/ismfrance.org\/wp-content\/uploads\/2024\/02\/ibrahim-et-sa-famille.jpg","type":"image\/jpeg"}],"author":"mru_01","twitter_card":"summary_large_image","twitter_creator":"@ISMFRANCE","twitter_site":"@ISMFRANCE","twitter_misc":{"\u00c9crit par":"mru_01","Dur\u00e9e de lecture estim\u00e9e":"3 minutes"},"schema":{"@context":"https:\/\/schema.org","@graph":[{"@type":"Article","@id":"https:\/\/ismfrance.org\/index.php\/2024\/02\/06\/letat-francais-menace-dexpulser-une-famille-palestinienne-vers-gaza\/#article","isPartOf":{"@id":"https:\/\/ismfrance.org\/index.php\/2024\/02\/06\/letat-francais-menace-dexpulser-une-famille-palestinienne-vers-gaza\/"},"author":{"name":"mru_01","@id":"https:\/\/ismfrance.org\/#\/schema\/person\/3c411eb72adfaae19c0dca1f41fae01d"},"headline":"L\u2019\u00c9tat fran\u00e7ais menace d\u2019expulser une famille palestinienne vers Gaza","datePublished":"2024-02-06T09:27:27+00:00","mainEntityOfPage":{"@id":"https:\/\/ismfrance.org\/index.php\/2024\/02\/06\/letat-francais-menace-dexpulser-une-famille-palestinienne-vers-gaza\/"},"wordCount":489,"publisher":{"@id":"https:\/\/ismfrance.org\/#organization"},"image":{"@id":"https:\/\/ismfrance.org\/index.php\/2024\/02\/06\/letat-francais-menace-dexpulser-une-famille-palestinienne-vers-gaza\/#primaryimage"},"thumbnailUrl":"https:\/\/ismfrance.org\/wp-content\/uploads\/2024\/02\/ibrahim-et-sa-famille.jpg","keywords":["Collabos","r\u00e9fugi\u00e9s"],"articleSection":["Articles","T\u00e9moignages"],"inLanguage":"fr-FR"},{"@type":"WebPage","@id":"https:\/\/ismfrance.org\/index.php\/2024\/02\/06\/letat-francais-menace-dexpulser-une-famille-palestinienne-vers-gaza\/","url":"https:\/\/ismfrance.org\/index.php\/2024\/02\/06\/letat-francais-menace-dexpulser-une-famille-palestinienne-vers-gaza\/","name":"L\u2019\u00c9tat fran\u00e7ais menace d\u2019expulser une famille palestinienne vers Gaza - International Solidarity Movement - ISM-France","isPartOf":{"@id":"https:\/\/ismfrance.org\/#website"},"primaryImageOfPage":{"@id":"https:\/\/ismfrance.org\/index.php\/2024\/02\/06\/letat-francais-menace-dexpulser-une-famille-palestinienne-vers-gaza\/#primaryimage"},"image":{"@id":"https:\/\/ismfrance.org\/index.php\/2024\/02\/06\/letat-francais-menace-dexpulser-une-famille-palestinienne-vers-gaza\/#primaryimage"},"thumbnailUrl":"https:\/\/ismfrance.org\/wp-content\/uploads\/2024\/02\/ibrahim-et-sa-famille.jpg","datePublished":"2024-02-06T09:27:27+00:00","breadcrumb":{"@id":"https:\/\/ismfrance.org\/index.php\/2024\/02\/06\/letat-francais-menace-dexpulser-une-famille-palestinienne-vers-gaza\/#breadcrumb"},"inLanguage":"fr-FR","potentialAction":[{"@type":"ReadAction","target":["https:\/\/ismfrance.org\/index.php\/2024\/02\/06\/letat-francais-menace-dexpulser-une-famille-palestinienne-vers-gaza\/"]}]},{"@type":"ImageObject","inLanguage":"fr-FR","@id":"https:\/\/ismfrance.org\/index.php\/2024\/02\/06\/letat-francais-menace-dexpulser-une-famille-palestinienne-vers-gaza\/#primaryimage","url":"https:\/\/ismfrance.org\/wp-content\/uploads\/2024\/02\/ibrahim-et-sa-famille.jpg","contentUrl":"https:\/\/ismfrance.org\/wp-content\/uploads\/2024\/02\/ibrahim-et-sa-famille.jpg","width":1000,"height":1000},{"@type":"BreadcrumbList","@id":"https:\/\/ismfrance.org\/index.php\/2024\/02\/06\/letat-francais-menace-dexpulser-une-famille-palestinienne-vers-gaza\/#breadcrumb","itemListElement":[{"@type":"ListItem","position":1,"name":"Accueil","item":"https:\/\/ismfrance.org\/"},{"@type":"ListItem","position":2,"name":"L\u2019\u00c9tat fran\u00e7ais menace d\u2019expulser une famille palestinienne vers Gaza"}]},{"@type":"WebSite","@id":"https:\/\/ismfrance.org\/#website","url":"https:\/\/ismfrance.org\/","name":"ISM Palestine France","description":"Soutien aux luttes de lib\u00e9ration du peuple palestinien","publisher":{"@id":"https:\/\/ismfrance.org\/#organization"},"potentialAction":[{"@type":"SearchAction","target":{"@type":"EntryPoint","urlTemplate":"https:\/\/ismfrance.org\/?s={search_term_string}"},"query-input":{"@type":"PropertyValueSpecification","valueRequired":true,"valueName":"search_term_string"}}],"inLanguage":"fr-FR"},{"@type":"Organization","@id":"https:\/\/ismfrance.org\/#organization","name":"International Solidarity Movement","url":"https:\/\/ismfrance.org\/","logo":{"@type":"ImageObject","inLanguage":"fr-FR","@id":"https:\/\/ismfrance.org\/#\/schema\/logo\/image\/","url":"https:\/\/ismfrance.org\/wp-content\/uploads\/2020\/12\/00.png","contentUrl":"https:\/\/ismfrance.org\/wp-content\/uploads\/2020\/12\/00.png","width":400,"height":400,"caption":"International Solidarity Movement"},"image":{"@id":"https:\/\/ismfrance.org\/#\/schema\/logo\/image\/"},"sameAs":["https:\/\/x.com\/ISMFRANCE"]},{"@type":"Person","@id":"https:\/\/ismfrance.org\/#\/schema\/person\/3c411eb72adfaae19c0dca1f41fae01d","name":"mru_01","image":{"@type":"ImageObject","inLanguage":"fr-FR","@id":"https:\/\/secure.gravatar.com\/avatar\/3a0be343b445d2ccc79e87444a294fad2b232e90d2051d0e3cc219e1ecd6a330?s=96&d=mm&r=g","url":"https:\/\/secure.gravatar.com\/avatar\/3a0be343b445d2ccc79e87444a294fad2b232e90d2051d0e3cc219e1ecd6a330?s=96&d=mm&r=g","contentUrl":"https:\/\/secure.gravatar.com\/avatar\/3a0be343b445d2ccc79e87444a294fad2b232e90d2051d0e3cc219e1ecd6a330?s=96&d=mm&r=g","caption":"mru_01"},"url":"https:\/\/ismfrance.org\/index.php\/author\/admin02\/"}]}},"_links":{"self":[{"href":"https:\/\/ismfrance.org\/index.php\/wp-json\/wp\/v2\/posts\/9436","targetHints":{"allow":["GET"]}}],"collection":[{"href":"https:\/\/ismfrance.org\/index.php\/wp-json\/wp\/v2\/posts"}],"about":[{"href":"https:\/\/ismfrance.org\/index.php\/wp-json\/wp\/v2\/types\/post"}],"author":[{"embeddable":true,"href":"https:\/\/ismfrance.org\/index.php\/wp-json\/wp\/v2\/users\/3"}],"replies":[{"embeddable":true,"href":"https:\/\/ismfrance.org\/index.php\/wp-json\/wp\/v2\/comments?post=9436"}],"version-history":[{"count":0,"href":"https:\/\/ismfrance.org\/index.php\/wp-json\/wp\/v2\/posts\/9436\/revisions"}],"wp:featuredmedia":[{"embeddable":true,"href":"https:\/\/ismfrance.org\/index.php\/wp-json\/wp\/v2\/media\/9438"}],"wp:attachment":[{"href":"https:\/\/ismfrance.org\/index.php\/wp-json\/wp\/v2\/media?parent=9436"}],"wp:term":[{"taxonomy":"category","embeddable":true,"href":"https:\/\/ismfrance.org\/index.php\/wp-json\/wp\/v2\/categories?post=9436"},{"taxonomy":"post_tag","embeddable":true,"href":"https:\/\/ismfrance.org\/index.php\/wp-json\/wp\/v2\/tags?post=9436"}],"curies":[{"name":"wp","href":"https:\/\/api.w.org\/{rel}","templated":true}]}}