{"id":9348,"date":"2024-02-02T17:24:32","date_gmt":"2024-02-02T16:24:32","guid":{"rendered":"https:\/\/ismfrance.org\/?p=9348"},"modified":"2024-02-02T17:24:32","modified_gmt":"2024-02-02T16:24:32","slug":"lattaque-israelienne-contre-lunrwa-est-une-conspiration-contre-les-droits-des-refugies-palestiniens","status":"publish","type":"post","link":"https:\/\/ismfrance.org\/index.php\/2024\/02\/02\/lattaque-israelienne-contre-lunrwa-est-une-conspiration-contre-les-droits-des-refugies-palestiniens\/","title":{"rendered":"L\u2019attaque \u00ab isra\u00e9lienne \u00bb contre l\u2019UNRWA est une conspiration contre les droits des r\u00e9fugi\u00e9s palestiniens"},"content":{"rendered":"<p><span style=\"font-family: Tahoma, sans-serif;\"><strong>Robert Inlakesh, 31 janvier 2024<\/strong>. Alors que la Cour internationale de Justice (CIJ) s&rsquo;est prononc\u00e9e contre la d\u00e9l\u00e9gation l\u00e9gale \u00ab isra\u00e9lienne \u00bb et a ordonn\u00e9 des mesures provisoires pour mettre fin aux violations de la Convention sur le g\u00e9nocide, le r\u00e9gime sioniste a lanc\u00e9 une attaque planifi\u00e9e contre l&rsquo;ONU et la cr\u00e9dibilit\u00e9 de ses agences. Cette conspiration qui vise sp\u00e9cifiquement l\u2019UNRWA fait partie d\u2019un complot isra\u00e9lien dont le but est de d\u00e9truire le droit au retour des Palestiniens, et l\u2019Occident en est pleinement complice.<\/span><\/p>\n<div id=\"attachment_9350\" style=\"width: 610px\" class=\"wp-caption alignnone\"><a href=\"https:\/\/ismfrance.org\/wp-content\/uploads\/2024\/02\/unrwa.jpeg\"><img loading=\"lazy\" decoding=\"async\" aria-describedby=\"caption-attachment-9350\" class=\"wp-image-9350 size-large\" src=\"https:\/\/ismfrance.org\/wp-content\/uploads\/2024\/02\/unrwa-700x595.jpeg\" alt=\"\" width=\"600\" height=\"510\" srcset=\"https:\/\/ismfrance.org\/wp-content\/uploads\/2024\/02\/unrwa-700x595.jpeg 700w, https:\/\/ismfrance.org\/wp-content\/uploads\/2024\/02\/unrwa-300x255.jpeg 300w, https:\/\/ismfrance.org\/wp-content\/uploads\/2024\/02\/unrwa-768x653.jpeg 768w, https:\/\/ismfrance.org\/wp-content\/uploads\/2024\/02\/unrwa.jpeg 1000w\" sizes=\"auto, (max-width: 600px) 100vw, 600px\" \/><\/a><p id=\"caption-attachment-9350\" class=\"wp-caption-text\">Illustration Mahdi Rtail pour Al-Mayadeen en anglais.<\/p><\/div>\n<p><span style=\"font-family: Tahoma, sans-serif;\">Pour commencer, l\u2019id\u00e9e selon laquelle l\u2019Office de secours et de travaux des Nations Unies (UNRWA) serait d\u2019une mani\u00e8re ou d\u2019une autre complice de l\u2019op\u00e9ration D\u00e9luge d&rsquo;Al-Aqsa, en raison d\u2019all\u00e9gations non fond\u00e9es contre 12 employ\u00e9s de l\u2019agence des Nations Unies, ne peut en aucun cas \u00eatre consid\u00e9r\u00e9e comme l\u00e9gitime. <\/span><\/p>\n<p><span style=\"font-family: Tahoma, sans-serif;\">La premi\u00e8re raison en est que le 29 d\u00e9cembre de l&rsquo;ann\u00e9e derni\u00e8re,\u00a0le <i>Times of Israel<\/i>\u00a0a publi\u00e9 un rapport dans lequel il r\u00e9v\u00e9lait &#8211; apr\u00e8s la diffusion d&rsquo;un \u00e9mission sur la cha\u00eene h\u00e9bra\u00efque 12\u00a0sur le sujet &#8211; que le minist\u00e8re isra\u00e9lien des Affaires \u00e9trang\u00e8res avait produit un \u00ab rapport classifi\u00e9 de haut niveau \u00bb, qui devait \u00eatre imm\u00e9diatement envoy\u00e9 au cabinet sioniste, et qui d\u00e9taillait un plan visant \u00e0 chasser l&rsquo;UNRWA de Gaza apr\u00e8s la guerre. La premi\u00e8re \u00e9tape qui aurait \u00e9t\u00e9 d\u00e9crite dans ce document \u00e9tait de r\u00e9diger un \u00ab rapport complet sur la pr\u00e9tendue coop\u00e9ration de l\u2019UNRWA avec le Hamas, qui dirige Gaza, et sur l&rsquo;implication de l\u2019organisme des Nations Unies qui fournit des services sociaux et humanitaires aux r\u00e9fugi\u00e9s palestiniens \u00bb.<\/span><\/p>\n<p><span style=\"font-family: Tahoma, sans-serif;\">En plus de cela, il faut \u00e9galement prendre en consid\u00e9ration le fait que l\u2019UNRWA emploie plus de 13.000 Palestiniens \u00e0 Gaza, ce qui fait que les 12 accus\u00e9s ne repr\u00e9sentent qu\u2019environ 0,092 % du nombre total d\u2019employ\u00e9s. Les 12 accus\u00e9s travaillaient principalement comme enseignants, dont deux sont morts, neuf d&rsquo;entre eux ont d\u00e9j\u00e0 \u00e9t\u00e9 licenci\u00e9s et aucun d&rsquo;entre eux n&rsquo;occupait des postes \u00e9lev\u00e9s. Par cons\u00e9quent, dans le cas hypoth\u00e9tique o\u00f9 tous les 12 seraient reconnus coupables d\u2019une mani\u00e8re ou d\u2019une autre de participation \u00e0 l\u2019op\u00e9ration sur les terres palestiniennes occup\u00e9es par Isra\u00ebl, cela ne refl\u00e8te en aucun cas l\u2019organisme de l\u2019ONU lui-m\u00eame. Cependant, les preuves \u00e0 l\u2019appui des affirmations isra\u00e9liennes sont minces au d\u00e9part, dans la mesure o\u00f9 la majorit\u00e9 des informations sur lesquelles s\u2019appuie leur dossier sont bas\u00e9es sur des interrogatoires de membres pr\u00e9sum\u00e9s du Hamas, men\u00e9s par le Shin Bet. Le Shin Bet est connu pour son recours \u00e0 la torture pour extorquer de faux aveux.<\/span><\/p>\n<p><span style=\"font-family: Tahoma, sans-serif;\"><span style=\"color: #000000;\">\u00c9tant donn\u00e9 que le minist\u00e8re isra\u00e9lien des Affaires \u00e9trang\u00e8res a clairement conspir\u00e9 pour attaquer l\u2019UNRWA, un certain nombre d\u2019autres questions surgissent, qu&rsquo;il faut poser. S\u2019il y a eu une conspiration pour r\u00e9diger ce dossier, quel est le v\u00e9ritable probl\u00e8me de l\u2019entit\u00e9 sioniste avec l\u2019UNRWA et, par extension, avec les Nations Unies ? Egalement, pourquoi nombre de gouvernements occidentaux ont-ils imm\u00e9diatement r\u00e9agi en supprimant les fonds destin\u00e9s \u00e0 l\u2019UNRWA \u00e0 un moment o\u00f9 Gaza souffre d\u2019une famine impos\u00e9e par Isra\u00ebl et endure ce que le chef de l\u2019aide humanitaire de l\u2019ONU, Martin Griffiths, a qualifi\u00e9 de \u00ab la pire crise humanitaire jamais vue \u00bb ?<\/span><\/span><\/p>\n<p><span style=\"font-family: Tahoma, sans-serif;\"><span style=\"color: #000000;\">Principalement, le r\u00e9gime sioniste s\u2019oppose et s\u2019est toujours oppos\u00e9 \u00e0 l\u2019UNRWA parce qu\u2019il maintient en vie la question des r\u00e9fugi\u00e9s palestiniens. L&rsquo;UNRWA enregistre quelque 6 millions de r\u00e9fugi\u00e9s palestiniens, qui ont \u00e9t\u00e9 ethniquement nettoy\u00e9s de Palestine ou sont les descendants de ceux qui ont \u00e9t\u00e9 expuls\u00e9s. \u00c9tant des r\u00e9fugi\u00e9s enregistr\u00e9s aupr\u00e8s de l&rsquo;agence cr\u00e9\u00e9e en 1949, ceux qui sont enregistr\u00e9s par l&rsquo;UNRWA ont un droit valable \u00e0\u00a0invoquer la r\u00e9solution 194 de l&rsquo;ONU, le droit au retour en vertu du droit international.<\/span><\/span><\/p>\n<p><span style=\"font-family: Tahoma, sans-serif;\"><span style=\"color: #000000;\">Les sionistes, dont le r\u00e9gime raciste autorise uniquement les juifs \u00e0 devenir citoyens isra\u00e9liens et \u00e0 vivre en Palestine, interdisent aux Palestiniens de jouir de leur droit au retour en vertu du droit international, uniquement en raison de leur appartenance ethnique.<\/span><\/span><\/p>\n<p><span style=\"font-family: Tahoma, sans-serif;\"><span style=\"color: #000000;\">Ce double standard refl\u00e8te les politiques racistes appliqu\u00e9es par le r\u00e9gime d\u2019apartheid et rappelle constamment leurs origines ill\u00e9gitimes en tant que colobisateurs \u00e9trangers. Ils revendiquent une terre o\u00f9 les Perses, les descendants des Romains ou tout autre groupe ayant d\u00e9j\u00e0 occup\u00e9 la Palestine pourraient faire valoir leurs arguments.<\/span><\/span><\/p>\n<p><span style=\"font-family: Tahoma, sans-serif;\">Le d\u00e9mant\u00e8lement de l\u2019UNRWA porte essentiellement un coup dur au droit au retour des Palestiniens, c\u2019est pourquoi l\u2019administration am\u00e9ricaine Trump a \u00e9galement r\u00e9duit son financement. L&rsquo;entit\u00e9 sioniste commet actuellement des actes de g\u00e9nocide contre la population de Gaza. Attaquer l\u2019UNRWA et demander aux pays occidentaux de retirer leurs fonds servent \u00e0 acc\u00e9l\u00e9rer ce processus.<\/span><\/p>\n<p><span style=\"font-family: Tahoma, sans-serif;\">Sans l\u2019UNRWA, des milliers de Palestiniens courent le risque de mourir faute d\u2019aide. De plus, l&rsquo;instabilit\u00e9 pourrait surgir dans les camps de r\u00e9fugi\u00e9s au Liban ; une situation que les sionistes accueilleraient probablement favorablement. Ils veulent voir des r\u00e9fugi\u00e9s pauvres se battre, mourir de faim et renoncer \u00e0 leurs droits sur leurs terres. Oui, c\u2019est vraiment \u00e7a le sujet de ces all\u00e9gations. Il ne s\u2019agit plus du 7 octobre, ni des captifs isra\u00e9liens d\u00e9tenus par la R\u00e9sistance palestinienne \u00e0 Gaza. En r\u00e9alit\u00e9, il s\u2019agit de la soif de sang insatiable d\u2019un r\u00e9gime raciste narcissique, dirig\u00e9 par des voyous fascistes qui aspirent \u00e0 davantage de souffrance palestinienne pour renforcer leur sentiment de force.<\/span><\/p>\n<p><span style=\"font-family: Tahoma, sans-serif;\">Un autre aspect de cette conspiration du r\u00e9gime isra\u00e9lien est la capacit\u00e9 de tenter de saper l\u2019ONU dans son ensemble, en la liant au Hamas, portant ainsi atteinte \u00e0 la cr\u00e9dibilit\u00e9 de ses agences qui ont \u00e9t\u00e9 largement cit\u00e9es par l\u2019\u00e9quipe juridique sud-africaine \u00e0 La Haye. L\u2019entit\u00e9 narcissique s\u2019est mise en col\u00e8re lorsqu\u2019une nation qui avait vaincu son cancer colonial et gagn\u00e9 la d\u00e9mocratie pour le peuple sud-africain a os\u00e9 l\u2019affronter en tant que r\u00e9gime colonial de peuplement. Elle ne peut pas non plus encaisser le r\u00e9sultat de la Cour internationale de Justice (CIJ), qui a os\u00e9 accepter l&rsquo;hypoth\u00e8se qu&rsquo; \u00ab Isra\u00ebl \u00bb commet des actes de g\u00e9nocide.<\/span><\/p>\n<p><span style=\"font-family: Tahoma, sans-serif;\">Les Isra\u00e9liens souffrent d\u2019une \u00e9trange sorte de narcissisme national collectif, dont ils sont \u00e0 la fois la victime et le h\u00e9ros. Ils soutiennent qu\u2019ils sont \u00e0 la fois en train de vaincre leurs ennemis tout en \u00e9tant humains envers eux et qu\u2019ils subissent \u00e9galement la pire pers\u00e9cution connue de l\u2019humanit\u00e9. C&rsquo;est pourquoi ils parlent constamment de la mort d&rsquo;Isra\u00e9liens &#8211; dont ils ont tu\u00e9 eux-m\u00eames certains &#8211; comme \u00ab\u00a0la pire attaque contre les Juifs depuis l&rsquo;Holocauste\u00a0\u00bb. Puis, quand quelqu&rsquo;un souligne que &#8211; proportionnellement \u00e0 la taille de la population de chaque camp &#8211; le nombre de morts \u00e0 Gaza est 150 fois plus \u00e9lev\u00e9 qu&rsquo;en \u00ab Isra\u00ebl \u00bb le 7 octobre, ils [les Isra\u00e9liens] doivent encore, d&rsquo;une mani\u00e8re ou d&rsquo;une autre, se transformer \u00e0 nouveau en victime en guise de r\u00e9ponse, avant de vous dire pourquoi ils sont aussi le h\u00e9ros fort qui sauve la situation.<\/span><\/p>\n<p><span style=\"font-family: Tahoma, sans-serif;\">S\u2019alimentant des mensonges de ce r\u00e9gime de gangsters psychotiques et g\u00e9nocidaires, les gouvernements occidentaux ont \u2013 volontairement ou involontairement \u2013 d\u00e9cid\u00e9 de traduire en justice l\u2019ONU et de contribuer \u00e0 acc\u00e9l\u00e9rer le g\u00e9nocide \u00e0 Gaza. Cette initiative, men\u00e9e par les \u00c9tats-Unis, pourrait \u00eatre interpr\u00e9t\u00e9e comme une forme mesquine de vengeance contre le peuple palestinien et contre l\u2019organe juridique supr\u00eame des Nations Unies pour avoir os\u00e9 contester leurs actions et celles de leurs alli\u00e9s \u00e0 \u00ab Tel Aviv \u00bb.<\/span><\/p>\n<p><span style=\"font-family: Tahoma, sans-serif;\">Les \u00c9tats-Unis et \u00ab Isra\u00ebl \u00bb sont comme les deux doigts de la main, tandis que le reste du path\u00e9tique collectif occidental suit le mouvement. Lorsqu\u2019on demande aux gouvernements du reste de l\u2019Occident de faire un saut \u00e0 Washington, ils r\u00e9pondent simplement : \u00ab A quelle hauteur ? \u00bb. Par cons\u00e9quent, cette action contre l\u2019UNRWA et par extension contre l\u2019ensemble du peuple palestinien, en plus des Nations Unies, repr\u00e9sente un acte de punition collective men\u00e9 par l\u2019ensemble de l\u2019Occident.<\/span><\/p>\n<p><span style=\"font-family: Tahoma, sans-serif;\"><span style=\"font-size: small;\">Article original en anglais sur <a href=\"https:\/\/english.almayadeen.net\/articles\/analysis\/-israel-sh--attack-on-unrwa-is-a-conspiracy-against-palestini\">Al-Mayadeen<\/a> \/ Traduction MR<\/span><\/span><\/p>\n","protected":false},"excerpt":{"rendered":"<p>Robert Inlakesh, 31 janvier 2024. Alors que la Cour internationale de Justice (CIJ) s&rsquo;est prononc\u00e9e contre la d\u00e9l\u00e9gation l\u00e9gale \u00ab isra\u00e9lienne \u00bb et a ordonn\u00e9 des mesures provisoires pour mettre <a class=\"more-link\" href=\"https:\/\/ismfrance.org\/index.php\/2024\/02\/02\/lattaque-israelienne-contre-lunrwa-est-une-conspiration-contre-les-droits-des-refugies-palestiniens\/\">Lire la suite &rarr;<\/a><\/p>\n","protected":false},"author":3,"featured_media":9350,"comment_status":"closed","ping_status":"closed","sticky":false,"template":"","format":"standard","meta":{"footnotes":""},"categories":[12,2],"tags":[53,156,29,28],"class_list":["post-9348","post","type-post","status-publish","format-standard","has-post-thumbnail","hentry","category-analyses","category-articles","tag-collabos","tag-genocide","tag-refugies","tag-unrwa"],"yoast_head":"<!-- This site is optimized with the Yoast SEO plugin v27.5 - https:\/\/yoast.com\/product\/yoast-seo-wordpress\/ -->\n<title>L\u2019attaque \u00ab isra\u00e9lienne \u00bb contre l\u2019UNRWA est une conspiration contre les droits des r\u00e9fugi\u00e9s palestiniens - International Solidarity Movement - ISM-France<\/title>\n<meta name=\"robots\" content=\"index, follow, max-snippet:-1, max-image-preview:large, max-video-preview:-1\" \/>\n<link rel=\"canonical\" href=\"https:\/\/ismfrance.org\/index.php\/2024\/02\/02\/lattaque-israelienne-contre-lunrwa-est-une-conspiration-contre-les-droits-des-refugies-palestiniens\/\" \/>\n<meta property=\"og:locale\" content=\"fr_FR\" \/>\n<meta property=\"og:type\" content=\"article\" \/>\n<meta property=\"og:title\" content=\"L\u2019attaque \u00ab isra\u00e9lienne \u00bb contre l\u2019UNRWA est une conspiration contre les droits des r\u00e9fugi\u00e9s palestiniens - International Solidarity Movement - ISM-France\" \/>\n<meta property=\"og:description\" content=\"Robert Inlakesh, 31 janvier 2024. Alors que la Cour internationale de Justice (CIJ) s&rsquo;est prononc\u00e9e contre la d\u00e9l\u00e9gation l\u00e9gale \u00ab isra\u00e9lienne \u00bb et a ordonn\u00e9 des mesures provisoires pour mettre Lire la suite &rarr;\" \/>\n<meta property=\"og:url\" content=\"https:\/\/ismfrance.org\/index.php\/2024\/02\/02\/lattaque-israelienne-contre-lunrwa-est-une-conspiration-contre-les-droits-des-refugies-palestiniens\/\" \/>\n<meta property=\"og:site_name\" content=\"International Solidarity Movement - ISM-France\" \/>\n<meta property=\"article:published_time\" content=\"2024-02-02T16:24:32+00:00\" \/>\n<meta property=\"og:image\" content=\"https:\/\/ismfrance.org\/wp-content\/uploads\/2024\/02\/unrwa.jpeg\" \/>\n\t<meta property=\"og:image:width\" content=\"1000\" \/>\n\t<meta property=\"og:image:height\" content=\"850\" \/>\n\t<meta property=\"og:image:type\" content=\"image\/jpeg\" \/>\n<meta name=\"author\" content=\"mru_01\" \/>\n<meta name=\"twitter:card\" content=\"summary_large_image\" \/>\n<meta name=\"twitter:creator\" content=\"@ISMFRANCE\" \/>\n<meta name=\"twitter:site\" content=\"@ISMFRANCE\" \/>\n<meta name=\"twitter:label1\" content=\"\u00c9crit par\" \/>\n\t<meta name=\"twitter:data1\" content=\"mru_01\" \/>\n\t<meta name=\"twitter:label2\" content=\"Dur\u00e9e de lecture estim\u00e9e\" \/>\n\t<meta name=\"twitter:data2\" content=\"7 minutes\" \/>\n<script type=\"application\/ld+json\" class=\"yoast-schema-graph\">{\"@context\":\"https:\\\/\\\/schema.org\",\"@graph\":[{\"@type\":\"Article\",\"@id\":\"https:\\\/\\\/ismfrance.org\\\/index.php\\\/2024\\\/02\\\/02\\\/lattaque-israelienne-contre-lunrwa-est-une-conspiration-contre-les-droits-des-refugies-palestiniens\\\/#article\",\"isPartOf\":{\"@id\":\"https:\\\/\\\/ismfrance.org\\\/index.php\\\/2024\\\/02\\\/02\\\/lattaque-israelienne-contre-lunrwa-est-une-conspiration-contre-les-droits-des-refugies-palestiniens\\\/\"},\"author\":{\"name\":\"mru_01\",\"@id\":\"https:\\\/\\\/ismfrance.org\\\/#\\\/schema\\\/person\\\/3c411eb72adfaae19c0dca1f41fae01d\"},\"headline\":\"L\u2019attaque \u00ab isra\u00e9lienne \u00bb contre l\u2019UNRWA est une conspiration contre les droits des r\u00e9fugi\u00e9s palestiniens\",\"datePublished\":\"2024-02-02T16:24:32+00:00\",\"mainEntityOfPage\":{\"@id\":\"https:\\\/\\\/ismfrance.org\\\/index.php\\\/2024\\\/02\\\/02\\\/lattaque-israelienne-contre-lunrwa-est-une-conspiration-contre-les-droits-des-refugies-palestiniens\\\/\"},\"wordCount\":1483,\"publisher\":{\"@id\":\"https:\\\/\\\/ismfrance.org\\\/#organization\"},\"image\":{\"@id\":\"https:\\\/\\\/ismfrance.org\\\/index.php\\\/2024\\\/02\\\/02\\\/lattaque-israelienne-contre-lunrwa-est-une-conspiration-contre-les-droits-des-refugies-palestiniens\\\/#primaryimage\"},\"thumbnailUrl\":\"https:\\\/\\\/ismfrance.org\\\/wp-content\\\/uploads\\\/2024\\\/02\\\/unrwa.jpeg\",\"keywords\":[\"Collabos\",\"G\u00e9nocide\",\"r\u00e9fugi\u00e9s\",\"UNRWA\"],\"articleSection\":[\"Analyses\",\"Articles\"],\"inLanguage\":\"fr-FR\"},{\"@type\":\"WebPage\",\"@id\":\"https:\\\/\\\/ismfrance.org\\\/index.php\\\/2024\\\/02\\\/02\\\/lattaque-israelienne-contre-lunrwa-est-une-conspiration-contre-les-droits-des-refugies-palestiniens\\\/\",\"url\":\"https:\\\/\\\/ismfrance.org\\\/index.php\\\/2024\\\/02\\\/02\\\/lattaque-israelienne-contre-lunrwa-est-une-conspiration-contre-les-droits-des-refugies-palestiniens\\\/\",\"name\":\"L\u2019attaque \u00ab isra\u00e9lienne \u00bb contre l\u2019UNRWA est une conspiration contre les droits des r\u00e9fugi\u00e9s palestiniens - International Solidarity Movement - ISM-France\",\"isPartOf\":{\"@id\":\"https:\\\/\\\/ismfrance.org\\\/#website\"},\"primaryImageOfPage\":{\"@id\":\"https:\\\/\\\/ismfrance.org\\\/index.php\\\/2024\\\/02\\\/02\\\/lattaque-israelienne-contre-lunrwa-est-une-conspiration-contre-les-droits-des-refugies-palestiniens\\\/#primaryimage\"},\"image\":{\"@id\":\"https:\\\/\\\/ismfrance.org\\\/index.php\\\/2024\\\/02\\\/02\\\/lattaque-israelienne-contre-lunrwa-est-une-conspiration-contre-les-droits-des-refugies-palestiniens\\\/#primaryimage\"},\"thumbnailUrl\":\"https:\\\/\\\/ismfrance.org\\\/wp-content\\\/uploads\\\/2024\\\/02\\\/unrwa.jpeg\",\"datePublished\":\"2024-02-02T16:24:32+00:00\",\"breadcrumb\":{\"@id\":\"https:\\\/\\\/ismfrance.org\\\/index.php\\\/2024\\\/02\\\/02\\\/lattaque-israelienne-contre-lunrwa-est-une-conspiration-contre-les-droits-des-refugies-palestiniens\\\/#breadcrumb\"},\"inLanguage\":\"fr-FR\",\"potentialAction\":[{\"@type\":\"ReadAction\",\"target\":[\"https:\\\/\\\/ismfrance.org\\\/index.php\\\/2024\\\/02\\\/02\\\/lattaque-israelienne-contre-lunrwa-est-une-conspiration-contre-les-droits-des-refugies-palestiniens\\\/\"]}]},{\"@type\":\"ImageObject\",\"inLanguage\":\"fr-FR\",\"@id\":\"https:\\\/\\\/ismfrance.org\\\/index.php\\\/2024\\\/02\\\/02\\\/lattaque-israelienne-contre-lunrwa-est-une-conspiration-contre-les-droits-des-refugies-palestiniens\\\/#primaryimage\",\"url\":\"https:\\\/\\\/ismfrance.org\\\/wp-content\\\/uploads\\\/2024\\\/02\\\/unrwa.jpeg\",\"contentUrl\":\"https:\\\/\\\/ismfrance.org\\\/wp-content\\\/uploads\\\/2024\\\/02\\\/unrwa.jpeg\",\"width\":1000,\"height\":850},{\"@type\":\"BreadcrumbList\",\"@id\":\"https:\\\/\\\/ismfrance.org\\\/index.php\\\/2024\\\/02\\\/02\\\/lattaque-israelienne-contre-lunrwa-est-une-conspiration-contre-les-droits-des-refugies-palestiniens\\\/#breadcrumb\",\"itemListElement\":[{\"@type\":\"ListItem\",\"position\":1,\"name\":\"Accueil\",\"item\":\"https:\\\/\\\/ismfrance.org\\\/\"},{\"@type\":\"ListItem\",\"position\":2,\"name\":\"L\u2019attaque \u00ab isra\u00e9lienne \u00bb contre l\u2019UNRWA est une conspiration contre les droits des r\u00e9fugi\u00e9s palestiniens\"}]},{\"@type\":\"WebSite\",\"@id\":\"https:\\\/\\\/ismfrance.org\\\/#website\",\"url\":\"https:\\\/\\\/ismfrance.org\\\/\",\"name\":\"ISM Palestine France\",\"description\":\"Soutien aux luttes de lib\u00e9ration du peuple palestinien\",\"publisher\":{\"@id\":\"https:\\\/\\\/ismfrance.org\\\/#organization\"},\"potentialAction\":[{\"@type\":\"SearchAction\",\"target\":{\"@type\":\"EntryPoint\",\"urlTemplate\":\"https:\\\/\\\/ismfrance.org\\\/?s={search_term_string}\"},\"query-input\":{\"@type\":\"PropertyValueSpecification\",\"valueRequired\":true,\"valueName\":\"search_term_string\"}}],\"inLanguage\":\"fr-FR\"},{\"@type\":\"Organization\",\"@id\":\"https:\\\/\\\/ismfrance.org\\\/#organization\",\"name\":\"International Solidarity Movement\",\"url\":\"https:\\\/\\\/ismfrance.org\\\/\",\"logo\":{\"@type\":\"ImageObject\",\"inLanguage\":\"fr-FR\",\"@id\":\"https:\\\/\\\/ismfrance.org\\\/#\\\/schema\\\/logo\\\/image\\\/\",\"url\":\"https:\\\/\\\/ismfrance.org\\\/wp-content\\\/uploads\\\/2020\\\/12\\\/00.png\",\"contentUrl\":\"https:\\\/\\\/ismfrance.org\\\/wp-content\\\/uploads\\\/2020\\\/12\\\/00.png\",\"width\":400,\"height\":400,\"caption\":\"International Solidarity Movement\"},\"image\":{\"@id\":\"https:\\\/\\\/ismfrance.org\\\/#\\\/schema\\\/logo\\\/image\\\/\"},\"sameAs\":[\"https:\\\/\\\/x.com\\\/ISMFRANCE\"]},{\"@type\":\"Person\",\"@id\":\"https:\\\/\\\/ismfrance.org\\\/#\\\/schema\\\/person\\\/3c411eb72adfaae19c0dca1f41fae01d\",\"name\":\"mru_01\",\"image\":{\"@type\":\"ImageObject\",\"inLanguage\":\"fr-FR\",\"@id\":\"https:\\\/\\\/secure.gravatar.com\\\/avatar\\\/3a0be343b445d2ccc79e87444a294fad2b232e90d2051d0e3cc219e1ecd6a330?s=96&d=mm&r=g\",\"url\":\"https:\\\/\\\/secure.gravatar.com\\\/avatar\\\/3a0be343b445d2ccc79e87444a294fad2b232e90d2051d0e3cc219e1ecd6a330?s=96&d=mm&r=g\",\"contentUrl\":\"https:\\\/\\\/secure.gravatar.com\\\/avatar\\\/3a0be343b445d2ccc79e87444a294fad2b232e90d2051d0e3cc219e1ecd6a330?s=96&d=mm&r=g\",\"caption\":\"mru_01\"},\"url\":\"https:\\\/\\\/ismfrance.org\\\/index.php\\\/author\\\/admin02\\\/\"}]}<\/script>\n<!-- \/ Yoast SEO plugin. -->","yoast_head_json":{"title":"L\u2019attaque \u00ab isra\u00e9lienne \u00bb contre l\u2019UNRWA est une conspiration contre les droits des r\u00e9fugi\u00e9s palestiniens - International Solidarity Movement - ISM-France","robots":{"index":"index","follow":"follow","max-snippet":"max-snippet:-1","max-image-preview":"max-image-preview:large","max-video-preview":"max-video-preview:-1"},"canonical":"https:\/\/ismfrance.org\/index.php\/2024\/02\/02\/lattaque-israelienne-contre-lunrwa-est-une-conspiration-contre-les-droits-des-refugies-palestiniens\/","og_locale":"fr_FR","og_type":"article","og_title":"L\u2019attaque \u00ab isra\u00e9lienne \u00bb contre l\u2019UNRWA est une conspiration contre les droits des r\u00e9fugi\u00e9s palestiniens - International Solidarity Movement - ISM-France","og_description":"Robert Inlakesh, 31 janvier 2024. Alors que la Cour internationale de Justice (CIJ) s&rsquo;est prononc\u00e9e contre la d\u00e9l\u00e9gation l\u00e9gale \u00ab isra\u00e9lienne \u00bb et a ordonn\u00e9 des mesures provisoires pour mettre Lire la suite &rarr;","og_url":"https:\/\/ismfrance.org\/index.php\/2024\/02\/02\/lattaque-israelienne-contre-lunrwa-est-une-conspiration-contre-les-droits-des-refugies-palestiniens\/","og_site_name":"International Solidarity Movement - ISM-France","article_published_time":"2024-02-02T16:24:32+00:00","og_image":[{"width":1000,"height":850,"url":"https:\/\/ismfrance.org\/wp-content\/uploads\/2024\/02\/unrwa.jpeg","type":"image\/jpeg"}],"author":"mru_01","twitter_card":"summary_large_image","twitter_creator":"@ISMFRANCE","twitter_site":"@ISMFRANCE","twitter_misc":{"\u00c9crit par":"mru_01","Dur\u00e9e de lecture estim\u00e9e":"7 minutes"},"schema":{"@context":"https:\/\/schema.org","@graph":[{"@type":"Article","@id":"https:\/\/ismfrance.org\/index.php\/2024\/02\/02\/lattaque-israelienne-contre-lunrwa-est-une-conspiration-contre-les-droits-des-refugies-palestiniens\/#article","isPartOf":{"@id":"https:\/\/ismfrance.org\/index.php\/2024\/02\/02\/lattaque-israelienne-contre-lunrwa-est-une-conspiration-contre-les-droits-des-refugies-palestiniens\/"},"author":{"name":"mru_01","@id":"https:\/\/ismfrance.org\/#\/schema\/person\/3c411eb72adfaae19c0dca1f41fae01d"},"headline":"L\u2019attaque \u00ab isra\u00e9lienne \u00bb contre l\u2019UNRWA est une conspiration contre les droits des r\u00e9fugi\u00e9s palestiniens","datePublished":"2024-02-02T16:24:32+00:00","mainEntityOfPage":{"@id":"https:\/\/ismfrance.org\/index.php\/2024\/02\/02\/lattaque-israelienne-contre-lunrwa-est-une-conspiration-contre-les-droits-des-refugies-palestiniens\/"},"wordCount":1483,"publisher":{"@id":"https:\/\/ismfrance.org\/#organization"},"image":{"@id":"https:\/\/ismfrance.org\/index.php\/2024\/02\/02\/lattaque-israelienne-contre-lunrwa-est-une-conspiration-contre-les-droits-des-refugies-palestiniens\/#primaryimage"},"thumbnailUrl":"https:\/\/ismfrance.org\/wp-content\/uploads\/2024\/02\/unrwa.jpeg","keywords":["Collabos","G\u00e9nocide","r\u00e9fugi\u00e9s","UNRWA"],"articleSection":["Analyses","Articles"],"inLanguage":"fr-FR"},{"@type":"WebPage","@id":"https:\/\/ismfrance.org\/index.php\/2024\/02\/02\/lattaque-israelienne-contre-lunrwa-est-une-conspiration-contre-les-droits-des-refugies-palestiniens\/","url":"https:\/\/ismfrance.org\/index.php\/2024\/02\/02\/lattaque-israelienne-contre-lunrwa-est-une-conspiration-contre-les-droits-des-refugies-palestiniens\/","name":"L\u2019attaque \u00ab isra\u00e9lienne \u00bb contre l\u2019UNRWA est une conspiration contre les droits des r\u00e9fugi\u00e9s palestiniens - International Solidarity Movement - ISM-France","isPartOf":{"@id":"https:\/\/ismfrance.org\/#website"},"primaryImageOfPage":{"@id":"https:\/\/ismfrance.org\/index.php\/2024\/02\/02\/lattaque-israelienne-contre-lunrwa-est-une-conspiration-contre-les-droits-des-refugies-palestiniens\/#primaryimage"},"image":{"@id":"https:\/\/ismfrance.org\/index.php\/2024\/02\/02\/lattaque-israelienne-contre-lunrwa-est-une-conspiration-contre-les-droits-des-refugies-palestiniens\/#primaryimage"},"thumbnailUrl":"https:\/\/ismfrance.org\/wp-content\/uploads\/2024\/02\/unrwa.jpeg","datePublished":"2024-02-02T16:24:32+00:00","breadcrumb":{"@id":"https:\/\/ismfrance.org\/index.php\/2024\/02\/02\/lattaque-israelienne-contre-lunrwa-est-une-conspiration-contre-les-droits-des-refugies-palestiniens\/#breadcrumb"},"inLanguage":"fr-FR","potentialAction":[{"@type":"ReadAction","target":["https:\/\/ismfrance.org\/index.php\/2024\/02\/02\/lattaque-israelienne-contre-lunrwa-est-une-conspiration-contre-les-droits-des-refugies-palestiniens\/"]}]},{"@type":"ImageObject","inLanguage":"fr-FR","@id":"https:\/\/ismfrance.org\/index.php\/2024\/02\/02\/lattaque-israelienne-contre-lunrwa-est-une-conspiration-contre-les-droits-des-refugies-palestiniens\/#primaryimage","url":"https:\/\/ismfrance.org\/wp-content\/uploads\/2024\/02\/unrwa.jpeg","contentUrl":"https:\/\/ismfrance.org\/wp-content\/uploads\/2024\/02\/unrwa.jpeg","width":1000,"height":850},{"@type":"BreadcrumbList","@id":"https:\/\/ismfrance.org\/index.php\/2024\/02\/02\/lattaque-israelienne-contre-lunrwa-est-une-conspiration-contre-les-droits-des-refugies-palestiniens\/#breadcrumb","itemListElement":[{"@type":"ListItem","position":1,"name":"Accueil","item":"https:\/\/ismfrance.org\/"},{"@type":"ListItem","position":2,"name":"L\u2019attaque \u00ab isra\u00e9lienne \u00bb contre l\u2019UNRWA est une conspiration contre les droits des r\u00e9fugi\u00e9s palestiniens"}]},{"@type":"WebSite","@id":"https:\/\/ismfrance.org\/#website","url":"https:\/\/ismfrance.org\/","name":"ISM Palestine France","description":"Soutien aux luttes de lib\u00e9ration du peuple palestinien","publisher":{"@id":"https:\/\/ismfrance.org\/#organization"},"potentialAction":[{"@type":"SearchAction","target":{"@type":"EntryPoint","urlTemplate":"https:\/\/ismfrance.org\/?s={search_term_string}"},"query-input":{"@type":"PropertyValueSpecification","valueRequired":true,"valueName":"search_term_string"}}],"inLanguage":"fr-FR"},{"@type":"Organization","@id":"https:\/\/ismfrance.org\/#organization","name":"International Solidarity Movement","url":"https:\/\/ismfrance.org\/","logo":{"@type":"ImageObject","inLanguage":"fr-FR","@id":"https:\/\/ismfrance.org\/#\/schema\/logo\/image\/","url":"https:\/\/ismfrance.org\/wp-content\/uploads\/2020\/12\/00.png","contentUrl":"https:\/\/ismfrance.org\/wp-content\/uploads\/2020\/12\/00.png","width":400,"height":400,"caption":"International Solidarity Movement"},"image":{"@id":"https:\/\/ismfrance.org\/#\/schema\/logo\/image\/"},"sameAs":["https:\/\/x.com\/ISMFRANCE"]},{"@type":"Person","@id":"https:\/\/ismfrance.org\/#\/schema\/person\/3c411eb72adfaae19c0dca1f41fae01d","name":"mru_01","image":{"@type":"ImageObject","inLanguage":"fr-FR","@id":"https:\/\/secure.gravatar.com\/avatar\/3a0be343b445d2ccc79e87444a294fad2b232e90d2051d0e3cc219e1ecd6a330?s=96&d=mm&r=g","url":"https:\/\/secure.gravatar.com\/avatar\/3a0be343b445d2ccc79e87444a294fad2b232e90d2051d0e3cc219e1ecd6a330?s=96&d=mm&r=g","contentUrl":"https:\/\/secure.gravatar.com\/avatar\/3a0be343b445d2ccc79e87444a294fad2b232e90d2051d0e3cc219e1ecd6a330?s=96&d=mm&r=g","caption":"mru_01"},"url":"https:\/\/ismfrance.org\/index.php\/author\/admin02\/"}]}},"_links":{"self":[{"href":"https:\/\/ismfrance.org\/index.php\/wp-json\/wp\/v2\/posts\/9348","targetHints":{"allow":["GET"]}}],"collection":[{"href":"https:\/\/ismfrance.org\/index.php\/wp-json\/wp\/v2\/posts"}],"about":[{"href":"https:\/\/ismfrance.org\/index.php\/wp-json\/wp\/v2\/types\/post"}],"author":[{"embeddable":true,"href":"https:\/\/ismfrance.org\/index.php\/wp-json\/wp\/v2\/users\/3"}],"replies":[{"embeddable":true,"href":"https:\/\/ismfrance.org\/index.php\/wp-json\/wp\/v2\/comments?post=9348"}],"version-history":[{"count":0,"href":"https:\/\/ismfrance.org\/index.php\/wp-json\/wp\/v2\/posts\/9348\/revisions"}],"wp:featuredmedia":[{"embeddable":true,"href":"https:\/\/ismfrance.org\/index.php\/wp-json\/wp\/v2\/media\/9350"}],"wp:attachment":[{"href":"https:\/\/ismfrance.org\/index.php\/wp-json\/wp\/v2\/media?parent=9348"}],"wp:term":[{"taxonomy":"category","embeddable":true,"href":"https:\/\/ismfrance.org\/index.php\/wp-json\/wp\/v2\/categories?post=9348"},{"taxonomy":"post_tag","embeddable":true,"href":"https:\/\/ismfrance.org\/index.php\/wp-json\/wp\/v2\/tags?post=9348"}],"curies":[{"name":"wp","href":"https:\/\/api.w.org\/{rel}","templated":true}]}}