{"id":9255,"date":"2024-01-30T12:35:03","date_gmt":"2024-01-30T11:35:03","guid":{"rendered":"https:\/\/ismfrance.org\/?p=9255"},"modified":"2024-01-30T16:08:13","modified_gmt":"2024-01-30T15:08:13","slug":"comme-une-mafia-les-colons-et-les-forces-israeliennes-chassent-les-bergers-palestiniens","status":"publish","type":"post","link":"https:\/\/ismfrance.org\/index.php\/2024\/01\/30\/comme-une-mafia-les-colons-et-les-forces-israeliennes-chassent-les-bergers-palestiniens\/","title":{"rendered":"\u00ab Comme une mafia \u00bb : les colons et les forces isra\u00e9liennes chassent les bergers palestiniens"},"content":{"rendered":"<p><strong><span style=\"font-family: Tahoma, sans-serif;\"><span style=\"font-size: medium;\">Al-Jazeera, 27 janvier 2024. <\/span><\/span><\/strong><span style=\"font-family: Tahoma, sans-serif;\"><span style=\"font-size: medium;\">Avec deux de ses fils en prison et ses enclos \u00e0 b\u00e9tail \u2013 son gagne-pain \u2013 pratiquement vides, le berger palestinien Kadri Daraghmeh, 57 ans, est hors de lui.<\/span><\/span><\/p>\n<p><div id=\"attachment_9256\" style=\"width: 610px\" class=\"wp-caption alignnone\"><a href=\"https:\/\/ismfrance.org\/wp-content\/uploads\/2024\/01\/jeep-colons.webp\"><img loading=\"lazy\" decoding=\"async\" aria-describedby=\"caption-attachment-9256\" class=\"wp-image-9256 size-large\" src=\"https:\/\/ismfrance.org\/wp-content\/uploads\/2024\/01\/jeep-colons-700x466.webp\" alt=\"\" width=\"600\" height=\"399\" srcset=\"https:\/\/ismfrance.org\/wp-content\/uploads\/2024\/01\/jeep-colons-700x466.webp 700w, https:\/\/ismfrance.org\/wp-content\/uploads\/2024\/01\/jeep-colons-300x200.webp 300w, https:\/\/ismfrance.org\/wp-content\/uploads\/2024\/01\/jeep-colons-768x512.webp 768w, https:\/\/ismfrance.org\/wp-content\/uploads\/2024\/01\/jeep-colons.webp 770w\" sizes=\"auto, (max-width: 600px) 100vw, 600px\" \/><\/a><p id=\"caption-attachment-9256\" class=\"wp-caption-text\">Les colons isra\u00e9liens harc\u00e8lent les agriculteurs et les bergers palestiniens avec le soutien des forces arm\u00e9es [Al Jazeera].<\/p><\/div><span style=\"font-family: Tahoma, sans-serif;\"><span style=\"font-size: medium;\">\u00c0 l\u2019int\u00e9rieur de leur tente en plein air, sans eau courante et avec un minimum d\u2019\u00e9lectricit\u00e9, sa femme malade retient ses larmes. <\/span><\/span><\/p>\n<p><span style=\"font-family: Tahoma, sans-serif;\"><span style=\"font-size: medium;\">\u00ab Mes enfants sont en prison, et chaque jour, je dois payer plus d&rsquo;argent alors que nous n\u2019avons m\u00eame pas de quoi acheter de la nourriture \u00bb, d\u00e9clare Kadri, d\u00e9vast\u00e9. <\/span><\/span><\/p>\n<p><span style=\"font-family: Tahoma, sans-serif;\"><span style=\"font-size: medium;\">Les malheurs de Kadri ont commenc\u00e9 \u00e0 s\u2019aggraver de fa\u00e7on dramatique le mois dernier. Le 25 d\u00e9cembre, dit-il, des colons ont vol\u00e9 100 de ses b\u00eates dans la nuit, ont rel\u00e2ch\u00e9 quelques vaches pr\u00e8s d\u2019une route, puis ont appel\u00e9 la police isra\u00e9lienne. <\/span><\/span><\/p>\n<p><span style=\"font-family: Tahoma, sans-serif;\"><span style=\"font-size: medium;\">La loi isra\u00e9lienne interdit de laisser le b\u00e9tail \u00ab\u00a0en libert\u00e9\u00a0\u00bb, et la police a donc confisqu\u00e9 les vaches. Kadri a \u00e9t\u00e9 forc\u00e9 de payer 49 000 shekels (12 900 dollars) pour r\u00e9cup\u00e9rer 19 de ses vaches. <\/span><\/span><\/p>\n<p><span style=\"font-family: Tahoma, sans-serif;\"><span style=\"font-size: medium;\">Kadri n\u2019a pu payer qu\u2019avec l\u2019aide d\u2019amis et de militants isra\u00e9liens.<\/span><\/span><\/p>\n<p><div id=\"attachment_9257\" style=\"width: 610px\" class=\"wp-caption alignnone\"><a href=\"https:\/\/ismfrance.org\/wp-content\/uploads\/2024\/01\/Kadri.webp\"><img loading=\"lazy\" decoding=\"async\" aria-describedby=\"caption-attachment-9257\" class=\"wp-image-9257 size-large\" src=\"https:\/\/ismfrance.org\/wp-content\/uploads\/2024\/01\/Kadri-700x525.webp\" alt=\"\" width=\"600\" height=\"450\" srcset=\"https:\/\/ismfrance.org\/wp-content\/uploads\/2024\/01\/Kadri-700x525.webp 700w, https:\/\/ismfrance.org\/wp-content\/uploads\/2024\/01\/Kadri-300x225.webp 300w, https:\/\/ismfrance.org\/wp-content\/uploads\/2024\/01\/Kadri-768x576.webp 768w, https:\/\/ismfrance.org\/wp-content\/uploads\/2024\/01\/Kadri-350x263.webp 350w, https:\/\/ismfrance.org\/wp-content\/uploads\/2024\/01\/Kadri.webp 770w\" sizes=\"auto, (max-width: 600px) 100vw, 600px\" \/><\/a><p id=\"caption-attachment-9257\" class=\"wp-caption-text\">Kadri Daraghmeh, dont la famille a \u00e9t\u00e9 harcel\u00e9e par des colons et dont les vaches ont \u00e9t\u00e9 vol\u00e9es [Al Jazeera].<\/p><\/div><span style=\"font-family: Tahoma, sans-serif;\"><span style=\"font-size: medium;\">Kadri voulait tourner la page, mais le soir du 7 janvier, deux de ses fils l\u2019ont appel\u00e9 pour lui dire qu\u2019ils avaient \u00e9t\u00e9 pi\u00e9g\u00e9s par un colon nomm\u00e9 Uri Cohen et qu&rsquo;ils avaient \u00e9t\u00e9 arr\u00eat\u00e9s.<\/span><\/span><\/p>\n<p><span style=\"font-family: Tahoma, sans-serif;\"><span style=\"font-size: medium;\">Cohen avait contact\u00e9 Jaser, 29 ans, et Rihab, 19 ans, en leur proposant un endroit o\u00f9 ils pourraient faire pa\u00eetre leur b\u00e9tail sans \u00eatre d\u00e9rang\u00e9s. C\u2019\u00e9tait une offre difficile \u00e0 refuser. Dans les premiers jours de la guerre, les colons, y compris ceux travaillant pour Cohen, attaquaient les bergers et leurs troupeaux avec des armes, l\u00e2chaient des chiens ou m\u00eame effrayaient les moutons avec des voitures, et ces derni\u00e8res semaines, les confiscations par les autorit\u00e9s se sont multipli\u00e9es. Et, se souvient Kadri, \u00ab chaque fois [qu\u2019il y avait un incident], Uri disait : &lsquo;Pourquoi ne pas en finir avec tous ces probl\u00e8mes ? Vends-moi ton b\u00e9tail.&rsquo;\u00a0\u00bb <\/span><\/span><\/p>\n<p><span style=\"font-family: Tahoma, sans-serif;\"><span style=\"font-size: medium;\">Les fils de Kadri avaient donc d\u00e9cid\u00e9 d\u2019accepter l\u2019offre de Cohen. Mais arriv\u00e9s sur place, Cohen a appel\u00e9 l\u2019inspecteur du conseil, un colon qui, \u00e0 son tour, a appel\u00e9 la police. La police est venue et, les accusant d\u2019avoir amen\u00e9 le b\u00e9tail sur un \u00ab terrain priv\u00e9 \u00bb, a menott\u00e9 les deux hommes l\u2019un \u00e0 l\u2019autre et a confisqu\u00e9 les 60 vaches qu&rsquo;ils avaient avec eux. <\/span><\/span><\/p>\n<p><span style=\"font-family: Tahoma, sans-serif;\"><span style=\"font-size: medium;\">Lorsqu\u2019il a re\u00e7u l\u2019appel, Kadri, sa femme et ses deux autres fils \u2013 Luay, 31 ans, et Basel, 27 ans \u2013 se sont pr\u00e9cipit\u00e9s pour les aider. <\/span><\/span><\/p>\n<p><span style=\"font-family: Tahoma, sans-serif;\"><span style=\"font-size: medium;\">Alors que Kadri protestait aupr\u00e8s de Shai Eigner, colon local qui est inspecteur des terres pour le Conseil r\u00e9gional de la vall\u00e9e du Jourdain, un agent de la <span style=\"color: #000000;\"><span lang=\"fr-FR\">police des fronti\u00e8res <\/span><\/span>est arriv\u00e9 et, <span style=\"color: #000000;\"><span lang=\"fr-FR\">rapidement<\/span><\/span>, <span style=\"color: #000000;\"><span lang=\"fr-FR\">en est venu \u00e0 le<\/span><\/span> frapper au visage, le faisant saigner, <span style=\"color: #000000;\"><span lang=\"fr-FR\">puis<\/span><\/span> l<span style=\"color: #000000;\"><span lang=\"fr-FR\">\u2019a<\/span><\/span> jet\u00e9 au sol. <\/span><\/span><\/p>\n<p><span style=\"font-family: Tahoma, sans-serif; color: #008000;\"><span style=\"font-size: medium;\"><a style=\"color: #008000;\" href=\"https:\/\/www.instagram.com\/reel\/C11SStPPOuq\/?utm_source=ig_embed&amp;ig_rid=1ca6e35c-2657-4aad-9e51-76834daad592\"><b>Voir ce post sur Instagram<\/b><\/a><b> <\/b><\/span><\/span><\/p>\n<p><span style=\"color: #008000;\"><span lang=\"zxx\"><a style=\"color: #008000;\" href=\"https:\/\/www.instagram.com\/reel\/C11SStPPOuq\/?utm_source=ig_embed&amp;utm_campaign=loading\" target=\"_blank\" rel=\"noopener\"><span style=\"font-family: Tahoma, sans-serif;\"><span style=\"font-size: medium;\">Une publication partag\u00e9e par Jordan Valley Activists (@jordan_valley_activists)<\/span><\/span><\/a><\/span><\/span><\/p>\n<p><span style=\"font-family: Tahoma, sans-serif;\"><span style=\"font-size: medium;\">Effray\u00e9s par la violence, Luay et Basel ont couru vers la voiture. Criant aux fils de Kadri de s\u2019arr\u00eater, l\u2019agent de la <span style=\"color: #000000;\"><span lang=\"fr-FR\">police des fronti\u00e8res<\/span><\/span> a commenc\u00e9 \u00e0 tirer sur la voiture. <\/span><\/span><\/p>\n<p><span style=\"font-family: Tahoma, sans-serif;\"><span style=\"font-size: medium;\">Les officiers isra\u00e9liens ont arr\u00eat\u00e9 Luay et Basel et les ont emmen\u00e9s au poste de police. Ils ont ensuite \u00e9t\u00e9 transf\u00e9r\u00e9s \u00e0 la prison d\u2019Ofer, puis, une semaine plus tard, dans une autre prison. Basel a \u00e9t\u00e9 lib\u00e9r\u00e9 au bout d\u2019une semaine et demie, tandis que Luay a \u00e9t\u00e9 lib\u00e9r\u00e9 sous caution apr\u00e8s plus de deux semaines, accus\u00e9 par l\u2019agent de la <span style=\"color: #000000;\"><span lang=\"fr-FR\">police des fronti\u00e8res<\/span><\/span> d\u2019avoir tent\u00e9 de l\u2019\u00e9craser. <\/span><\/span><\/p>\n<p><span style=\"font-family: Tahoma, sans-serif;\"><span style=\"font-size: medium;\">Dans la nuit du 7 janvier, Jaser et Rihab, qui avaient amen\u00e9 le b\u00e9tail, ont \u00e9t\u00e9 emmen\u00e9s par le personnel de s\u00e9curit\u00e9 dans une zone recul\u00e9e, o\u00f9 ils ont \u00e9t\u00e9 laiss\u00e9s \u00e0 eux-m\u00eames.<\/span><\/span><\/p>\n<p><span style=\"font-family: Tahoma, sans-serif;\"><span style=\"font-size: medium;\">Kadri n\u2019a presque plus de b\u00e9tail &#8211; <span style=\"color: #000000;\"><span lang=\"fr-FR\">qui lui permettait de gagner sa vie &#8211;<\/span><\/span> et il doit payer une facture de 120 000 shekels (31 600 dollars) pour r\u00e9cup\u00e9rer les 60 vaches d\u00e9tenues par le conseil local d\u2019implantation. La facture augmente de 50 shekels par vache et par jour. <\/span><\/span><\/p>\n<p><span style=\"font-family: Tahoma, sans-serif;\"><span style=\"font-size: medium;\">Les attaques et le harc\u00e8lement des colons et des soldats se produisaient d\u00e9j\u00e0 avant le 7 octobre, jour des attaques du Hamas contre Isra\u00ebl. Mais, selon Kadri, c\u2019est la premi\u00e8re fois que surviennent de tels incidents, ainsi pr\u00e9m\u00e9dit\u00e9s et coordonn\u00e9s. \u00ab C\u2019est la premi\u00e8re fois que les colons, la police et l\u2019arm\u00e9e s&rsquo;unissent comme \u00e7a pour faire bloc\u00a0\u00bb a-t-il d\u00e9clar\u00e9.<\/span><\/span><\/p>\n<p><div id=\"attachment_9259\" style=\"width: 610px\" class=\"wp-caption alignnone\"><a href=\"https:\/\/ismfrance.org\/wp-content\/uploads\/2024\/01\/Kadris-empty-cattle-pens-again.webp\"><img loading=\"lazy\" decoding=\"async\" aria-describedby=\"caption-attachment-9259\" class=\"wp-image-9259 size-large\" src=\"https:\/\/ismfrance.org\/wp-content\/uploads\/2024\/01\/Kadris-empty-cattle-pens-again-700x525.webp\" alt=\"\" width=\"600\" height=\"450\" srcset=\"https:\/\/ismfrance.org\/wp-content\/uploads\/2024\/01\/Kadris-empty-cattle-pens-again-700x525.webp 700w, https:\/\/ismfrance.org\/wp-content\/uploads\/2024\/01\/Kadris-empty-cattle-pens-again-300x225.webp 300w, https:\/\/ismfrance.org\/wp-content\/uploads\/2024\/01\/Kadris-empty-cattle-pens-again-768x576.webp 768w, https:\/\/ismfrance.org\/wp-content\/uploads\/2024\/01\/Kadris-empty-cattle-pens-again-350x263.webp 350w, https:\/\/ismfrance.org\/wp-content\/uploads\/2024\/01\/Kadris-empty-cattle-pens-again.webp 770w\" sizes=\"auto, (max-width: 600px) 100vw, 600px\" \/><\/a><p id=\"caption-attachment-9259\" class=\"wp-caption-text\">Les enclos \u00e0 b\u00e9tail de Kadri sont de nouveau vides &#8211; ses vaches ont \u00e9t\u00e9 vol\u00e9es et confisqu\u00e9es par les colons et la police [Al Jazeera].<\/p><\/div><span style=\"font-family: Tahoma, sans-serif;\"><span style=\"font-size: medium;\">Confront\u00e9s \u00e0 une dette insurmontable qui ne fait qu\u2019augmenter, Kadri et sa famille commencent \u00e0 voir ce qui les attend : avec la multiplication des confiscations, des restrictions, et maintenant des arrestations et des amendes consid\u00e9rables, leur mode de vie <span style=\"color: #000000;\"><span lang=\"fr-FR\">est amen\u00e9 \u00e0 dispara\u00eetre<\/span><\/span>. <\/span><\/span><\/p>\n<p><span style=\"font-family: Tahoma, sans-serif;\"><span style=\"font-size: medium;\">Aujourd\u2019hui, deux des fr\u00e8res de Kadri vendent leur b\u00e9tail \u00e0 un interm\u00e9diaire qui le vendra \u00e0 nul autre qu\u2019Uri Cohen. Un troisi\u00e8me fr\u00e8re devrait faire de m\u00eame. <\/span><\/span><\/p>\n<p><span style=\"font-family: Tahoma, sans-serif;\"><span style=\"font-size: medium;\">\u00ab La situation est tr\u00e8s mauvaise \u00bb, d\u00e9clare Kadri, d\u00e9sempar\u00e9. \u00ab Pas de droits de l\u2019homme, pas de justice. Nous voulons la paix. Nous n\u2019avons de haine pour personne \u2013 juif, chr\u00e9tien, musulman, isra\u00e9lien, am\u00e9ricain, peu importe. Nous avons des enfants, nous voulons vivre. Mais ils font en sorte qu\u2019il n\u2019y ait pas d\u2019avenir pour nous.\u00a0\u00bb<\/span><\/span><\/p>\n<p><span style=\"font-family: Tahoma, sans-serif;\"><span style=\"font-size: large;\"><b>\u00ab Ils travaillent ensemble comme ils ne l\u2019ont jamais fait \u00bb <\/b><\/span><\/span><\/p>\n<p><span style=\"font-family: Tahoma, sans-serif;\"><span style=\"font-size: medium;\">La famille de Kadri est confront\u00e9e \u00e0 un ab\u00eeme auquel font \u00e9galement face la plupart des bergers palestiniens de la vall\u00e9e du Jourdain ainsi qu&rsquo;une grande partie de la zone C, r\u00e9gion de la Cisjordanie qui est sous le contr\u00f4le total de l\u2019arm\u00e9e isra\u00e9lienne. Beaucoup d\u2019autres habitants de la r\u00e9gion d\u00e9crivent des confiscations, d\u00e9tentions et restrictions similaires, impos\u00e9es par les forces isra\u00e9liennes r\u00e9cemment, souvent en accord avec des colons ou men\u00e9es par ces derniers. <\/span><\/span><\/p>\n<p><span style=\"font-family: Tahoma, sans-serif;\"><span style=\"font-size: medium;\">Un autre incident similaire \u00e0 celui de Kadri s\u2019est produit deux semaines plus tard\u00a0: les bergers palestiniens Shehda Dais et Ayed Dais \u00e0 al-Jiftlik ont vu leurs moutons saisis par le personnel de s\u00e9curit\u00e9 et ont \u00e9t\u00e9 contraints de payer 150\u00a0000 shekels pour emp\u00eacher leur confiscation. Le conseil de la colonie aurait menac\u00e9 les bergers et six familles de la communaut\u00e9 de devoir payer 1 million de shekels (271\u00a0260 dollars) s\u2019ils tentaient de faire pa\u00eetre leurs troupeaux.<\/span><\/span><\/p>\n<p><div id=\"attachment_9260\" style=\"width: 610px\" class=\"wp-caption alignnone\"><a href=\"https:\/\/ismfrance.org\/wp-content\/uploads\/2024\/01\/Palestinian-cattle-moving-beside-Ein-Hilweh-spring-blocked-off-to-Bedouins-adjacent-to-Kadri.webp\"><img loading=\"lazy\" decoding=\"async\" aria-describedby=\"caption-attachment-9260\" class=\"wp-image-9260 size-large\" src=\"https:\/\/ismfrance.org\/wp-content\/uploads\/2024\/01\/Palestinian-cattle-moving-beside-Ein-Hilweh-spring-blocked-off-to-Bedouins-adjacent-to-Kadri-700x525.webp\" alt=\"\" width=\"600\" height=\"450\" srcset=\"https:\/\/ismfrance.org\/wp-content\/uploads\/2024\/01\/Palestinian-cattle-moving-beside-Ein-Hilweh-spring-blocked-off-to-Bedouins-adjacent-to-Kadri-700x525.webp 700w, https:\/\/ismfrance.org\/wp-content\/uploads\/2024\/01\/Palestinian-cattle-moving-beside-Ein-Hilweh-spring-blocked-off-to-Bedouins-adjacent-to-Kadri-300x225.webp 300w, https:\/\/ismfrance.org\/wp-content\/uploads\/2024\/01\/Palestinian-cattle-moving-beside-Ein-Hilweh-spring-blocked-off-to-Bedouins-adjacent-to-Kadri-768x576.webp 768w, https:\/\/ismfrance.org\/wp-content\/uploads\/2024\/01\/Palestinian-cattle-moving-beside-Ein-Hilweh-spring-blocked-off-to-Bedouins-adjacent-to-Kadri-350x263.webp 350w, https:\/\/ismfrance.org\/wp-content\/uploads\/2024\/01\/Palestinian-cattle-moving-beside-Ein-Hilweh-spring-blocked-off-to-Bedouins-adjacent-to-Kadri.webp 770w\" sizes=\"auto, (max-width: 600px) 100vw, 600px\" \/><\/a><p id=\"caption-attachment-9260\" class=\"wp-caption-text\">Le b\u00e9tail palestinien se d\u00e9place pr\u00e8s de la source Ein al-Hilweh qui a \u00e9t\u00e9 interdite aux B\u00e9douins\u00a0[Al Jazeera].<\/p><\/div><span style=\"font-family: Tahoma, sans-serif;\"><span style=\"font-size: medium;\">Pendant des d\u00e9cennies, les Palestiniens de la vall\u00e9e du Jourdain, qui sont environ 65\u00a0000 selon le groupe de d\u00e9fense des droits humains B\u2019Tselem, ont \u00e9t\u00e9 confront\u00e9s \u00e0 de s\u00e9v\u00e8res restrictions dans l\u2019acc\u00e8s \u00e0 des ressources essentielles telles que l\u2019eau, dont 85\u00a0% vont aux colons, bien qu\u2019ils soient environ 11\u00a0000 dans la r\u00e9gion \u2013 soit un sixi\u00e8me de la population palestinienne. Il leur est interdit de recueillir l\u2019eau de pluie ou d\u2019acc\u00e9der \u00e0 l\u2019eau sur leurs terres. Kadri et ses fils vivent <span style=\"color: #000000;\"><span lang=\"fr-FR\">tout pr\u00e8s<\/span><\/span> d\u2019une source qui a \u00e9t\u00e9 cl\u00f4tur\u00e9e pour l&rsquo;usage exclusif des colons. <\/span><\/span><\/p>\n<p><span style=\"font-family: Tahoma, sans-serif;\"><span style=\"font-size: medium;\">Bien que toutes les colonies soient ill\u00e9gales au regard du droit international, les colons, dans la vall\u00e9e du Jourdain <span style=\"color: #000000;\"><span lang=\"fr-FR\">n\u2019ont pas toujours \u00e9t\u00e9 aussi<\/span><\/span> violents dans le pass\u00e9, et Kadri \u00e9voque des relations cordiales avec <span style=\"color: #000000;\"><span lang=\"fr-FR\">certains<\/span><\/span> colons \u00e0 une certaine \u00e9poque. <\/span><\/span><\/p>\n<p><span style=\"font-family: Tahoma, sans-serif;\"><span style=\"font-size: medium;\">Mais le premier avant-poste de colons isra\u00e9liens \u2013 ill\u00e9gal m\u00eame en vertu de la loi isra\u00e9lienne, bien qu\u2019en pratique largement autoris\u00e9 par Isra\u00ebl et soutenu par ses forces de s\u00e9curit\u00e9 \u2013 a \u00e9t\u00e9 construit en 2016, et les attaques et le harc\u00e8lement des bergers se sont intensifi\u00e9s depuis lors.<\/span><\/span><\/p>\n<p><span style=\"font-family: Tahoma, sans-serif;\"><span style=\"font-size: medium;\">Ahmed Daraghmeh, 33 ans, de Farsiya, a d\u00e9clar\u00e9 avoir eu la main cass\u00e9e par des colons quelques semaines avant le 7 octobre, ce qui l\u2019a handicap\u00e9 pendant deux mois. <\/span><\/span><\/p>\n<p><span style=\"font-family: Tahoma, sans-serif;\"><span style=\"font-size: medium;\">Au d\u00e9but de la guerre, la violence a \u00e9clat\u00e9 dans la vall\u00e9e du Jourdain et<\/span><\/span><span style=\"color: #000080;\"><span lang=\"zxx\"><u><a href=\"https:\/\/www.aljazeera.com\/news\/2023\/10\/20\/silent-annexation-settlers-dispossess-west-bank-bedouins-amid-israel-war\"><span style=\"font-family: Tahoma, sans-serif;\"><span style=\"font-size: medium;\">, comme ailleurs <\/span><\/span><\/a><\/u><\/span><\/span><span style=\"font-family: Tahoma, sans-serif;\"><span style=\"font-size: medium;\">dans la zone C, les Palestiniens ont signal\u00e9 que les attaques avaient augment\u00e9 de fa\u00e7on spectaculaire<\/span><\/span><span style=\"color: #000080;\"><span lang=\"zxx\"><u><a href=\"https:\/\/www.aljazeera.com\/features\/2023\/11\/3\/unsafe-in-own-home-israeli-settlers-spread-terror-in-south-hebron-hills\"><span style=\"font-family: Tahoma, sans-serif;\"><span style=\"font-size: medium;\">, les colons envahissant leurs maisons <\/span><\/span><\/a><\/u><\/span><\/span><span style=\"font-family: Tahoma, sans-serif;\"><span style=\"font-size: medium;\">la nuit, les mena\u00e7ant <\/span><\/span><span style=\"color: #000000;\"><span style=\"font-family: Tahoma, sans-serif;\"><span style=\"font-size: medium;\"><span lang=\"fr-FR\">pour qu\u2019ils quittent la r\u00e9gion<\/span><\/span><\/span><\/span><span style=\"font-family: Tahoma, sans-serif;\"><span style=\"font-size: medium;\">.<\/span><\/span><\/p>\n<p><div id=\"attachment_9261\" style=\"width: 610px\" class=\"wp-caption alignnone\"><a href=\"https:\/\/ismfrance.org\/wp-content\/uploads\/2024\/01\/Palestinian-shepherd-in-Ein-Hilweh-next-to-inaccessible-spring.webp\"><img loading=\"lazy\" decoding=\"async\" aria-describedby=\"caption-attachment-9261\" class=\"wp-image-9261 size-large\" src=\"https:\/\/ismfrance.org\/wp-content\/uploads\/2024\/01\/Palestinian-shepherd-in-Ein-Hilweh-next-to-inaccessible-spring-700x525.webp\" alt=\"\" width=\"600\" height=\"450\" srcset=\"https:\/\/ismfrance.org\/wp-content\/uploads\/2024\/01\/Palestinian-shepherd-in-Ein-Hilweh-next-to-inaccessible-spring-700x525.webp 700w, https:\/\/ismfrance.org\/wp-content\/uploads\/2024\/01\/Palestinian-shepherd-in-Ein-Hilweh-next-to-inaccessible-spring-300x225.webp 300w, https:\/\/ismfrance.org\/wp-content\/uploads\/2024\/01\/Palestinian-shepherd-in-Ein-Hilweh-next-to-inaccessible-spring-768x576.webp 768w, https:\/\/ismfrance.org\/wp-content\/uploads\/2024\/01\/Palestinian-shepherd-in-Ein-Hilweh-next-to-inaccessible-spring-350x263.webp 350w, https:\/\/ismfrance.org\/wp-content\/uploads\/2024\/01\/Palestinian-shepherd-in-Ein-Hilweh-next-to-inaccessible-spring.webp 770w\" sizes=\"auto, (max-width: 600px) 100vw, 600px\" \/><\/a><p id=\"caption-attachment-9261\" class=\"wp-caption-text\">Un berger palestinien \u00e0 Ein Hilweh, pr\u00e8s d&rsquo;une source qui a \u00e9t\u00e9 rendue inaccessible [Al Jazeera].<\/p><\/div><span style=\"font-family: Tahoma, sans-serif;\"><span style=\"font-size: medium;\">\u00c0 la suite de la premi\u00e8re vague de violence des colons dans les premi\u00e8res semaines de la guerre, les \u00c9tats-Unis ont exerc\u00e9 des pressions sur Isra\u00ebl, qui a ensuite plac\u00e9 quelques colons violents en d\u00e9tention administrative. Bien que la violence se soit quelque peu calm\u00e9e, une tendance qui se dessine depuis quelques semaines sugg\u00e8re que les proc\u00e9dures judiciaires sont utilis\u00e9es de mani\u00e8re plus agressive par les forces isra\u00e9liennes et les colons \u2013 dont beaucoup, par l\u2019interm\u00e9diaire d\u2019unit\u00e9s de d\u00e9fense r\u00e9gionales, ont \u00e9t\u00e9 d\u00e9sign\u00e9s comme force de s\u00e9curit\u00e9 r\u00e9gionale et portent d\u00e9sormais des uniformes militaires et des fusils d\u2019assaut. <\/span><\/span><\/p>\n<p><span style=\"font-family: Tahoma, sans-serif;\"><span style=\"font-size: medium;\">Yousef Bsharat, 47 ans, est un berger de Makhoul. Lui, sa femme et leurs 10 enfants s\u2019occupent des centaines de moutons, ch\u00e8vres et poulets qu\u2019ils gardent autour de leur maison. <\/span><\/span><\/p>\n<p><span style=\"font-family: Tahoma, sans-serif;\"><span style=\"font-size: medium;\">Le 7 octobre, des colons ont attaqu\u00e9 le fils de Yousef, un adolescent, et leur troupeau de moutons avec des pierres et des chiens\u00a0; 23 moutons ont disparu. \u00ab Mais \u00e0 l&rsquo;\u00e9poque, l&rsquo;arm\u00e9e <span style=\"color: #000000;\"><span lang=\"fr-FR\">est venue et a dit aux<\/span><\/span> colons qu&rsquo;ils devaient s&rsquo;en aller \u00bb, a d\u00e9clar\u00e9 Yousef. <\/span><\/span><\/p>\n<p><span style=\"font-family: Tahoma, sans-serif;\"><span style=\"font-size: medium;\">Dans les semaines qui ont suivi, les invasions de domicile ont commenc\u00e9. La maison d\u2019un voisin a \u00e9t\u00e9 envahie sous la menace d\u2019une arme, se souvient-il. \u00ab Ils sont entr\u00e9s avec leurs armes et ont dit : &lsquo;Vous n\u2019avez plus le droit d\u2019\u00eatre ici&rsquo; \u00bb, a d\u00e9clar\u00e9 Yousef. <\/span><\/span><\/p>\n<p><span style=\"font-family: Tahoma, sans-serif;\"><span style=\"font-size: medium;\">Les forces de s\u00e9curit\u00e9 sont arriv\u00e9es et ont arr\u00eat\u00e9 les bergers palestiniens, qui sont ensuite partis pour de bon. <\/span><\/span><\/p>\n<p><span style=\"font-family: Tahoma, sans-serif;\"><span style=\"font-size: medium;\">\u00ab Depuis ce jour, ils traitent les gens ici comme s\u2019ils \u00e9taient des animaux \u00bb, a d\u00e9clar\u00e9 Yousef. \u00ab Mais c\u2019est notre terre. Je refuse de partir.\u00a0\u00bb<\/span><\/span><\/p>\n<p><div id=\"attachment_9262\" style=\"width: 610px\" class=\"wp-caption alignnone\"><a href=\"https:\/\/ismfrance.org\/wp-content\/uploads\/2024\/01\/Yousef-2.webp\"><img loading=\"lazy\" decoding=\"async\" aria-describedby=\"caption-attachment-9262\" class=\"wp-image-9262 size-large\" src=\"https:\/\/ismfrance.org\/wp-content\/uploads\/2024\/01\/Yousef-2-700x525.webp\" alt=\"\" width=\"600\" height=\"450\" srcset=\"https:\/\/ismfrance.org\/wp-content\/uploads\/2024\/01\/Yousef-2-700x525.webp 700w, https:\/\/ismfrance.org\/wp-content\/uploads\/2024\/01\/Yousef-2-300x225.webp 300w, https:\/\/ismfrance.org\/wp-content\/uploads\/2024\/01\/Yousef-2-768x576.webp 768w, https:\/\/ismfrance.org\/wp-content\/uploads\/2024\/01\/Yousef-2-350x263.webp 350w, https:\/\/ismfrance.org\/wp-content\/uploads\/2024\/01\/Yousef-2.webp 770w\" sizes=\"auto, (max-width: 600px) 100vw, 600px\" \/><\/a><p id=\"caption-attachment-9262\" class=\"wp-caption-text\">Yousef Bsharat, 47 ans, berger palestinien dont la famille a \u00e9t\u00e9 attaqu\u00e9e par des colons [Al Jazeera].<\/p><\/div><span style=\"font-family: Tahoma, sans-serif;\"><span style=\"font-size: medium;\">Le 11 janvier, Yousef a \u00e9t\u00e9 arr\u00eat\u00e9 par l\u2019arm\u00e9e alors qu\u2019il gardait son troupeau \u2013 aucune raison <span style=\"color: #000000;\"><span lang=\"fr-FR\">pr\u00e9cise<\/span><\/span> n\u2019a \u00e9t\u00e9 donn\u00e9e \u2013 et emmen\u00e9 dans un camp militaire voisin o\u00f9, a-t-il dit, il a eu les yeux band\u00e9s et a \u00e9t\u00e9 gard\u00e9 pendant six heures, tremp\u00e9 jusqu&rsquo;aux os pour avoir \u00e9t\u00e9 sous la pluie avec ses moutons. Les soldats l\u2019ont ligot\u00e9 et ont mis la climatisation \u00e0 fond pour qu&rsquo;il ait plus froid. <\/span><\/span><\/p>\n<p><span style=\"font-family: Tahoma, sans-serif;\"><span style=\"font-size: medium;\">Plusieurs cas de traitements similaires ont \u00e9t\u00e9 d\u00e9crits \u00e0 Al Jazeera par des bergers et des militants isra\u00e9liens, qui affirment qu\u2019il est d\u00e9sormais courant d&rsquo;arr\u00eater, de bander les yeux et de menotter les bergers pour diverses raisons, y compris le p\u00e2turage dans des r\u00e9serves naturelles, des zones militaires de tir ou des terres priv\u00e9es. La majeure partie de la zone a \u00e9t\u00e9 d\u00e9clar\u00e9e zone militaire de tir <span style=\"color: #000000;\"><span lang=\"fr-FR\">depuis <\/span><\/span>des ann\u00e9es, mais les bergers avaient pu continuer \u00e0 faire pa\u00eetre leurs troupeaux. <\/span><\/span><\/p>\n<p><span style=\"font-family: Tahoma, sans-serif;\"><span style=\"font-size: medium;\">D\u2019autres ont racont\u00e9 avoir \u00e9t\u00e9 ligot\u00e9s et soumis \u00e0 un froid extr\u00eame ou \u00e0 des coups. <\/span><\/span><\/p>\n<p><span style=\"font-family: Tahoma, sans-serif;\"><span style=\"font-size: medium;\">\u00ab Les colons et la police travaillent ensemble comme ils ne l&rsquo;ont jamais fait \u00bb, a d\u00e9clar\u00e9 Yousef. \u00ab\u00a0[Avant la guerre,] quand les colons venaient semer le trouble, nous appelions l\u2019arm\u00e9e qui leur disait parfois de s\u2019en aller.\u00a0\u00bb <\/span><\/span><\/p>\n<p><span style=\"font-family: Tahoma, sans-serif;\"><span style=\"font-size: medium;\">\u00ab Maintenant, quand nous essayons d\u2019appeler l\u2019arm\u00e9e, dit Yousef, personne <span style=\"color: #000000;\"><span lang=\"fr-FR\">ne nous \u00e9coute<\/span><\/span>. \u00bb<\/span><\/span><\/p>\n<p><div id=\"attachment_9263\" style=\"width: 610px\" class=\"wp-caption alignnone\"><a href=\"https:\/\/ismfrance.org\/wp-content\/uploads\/2024\/01\/sheep-eating-fodder-instead-of-grazing.webp\"><img loading=\"lazy\" decoding=\"async\" aria-describedby=\"caption-attachment-9263\" class=\"wp-image-9263 size-large\" src=\"https:\/\/ismfrance.org\/wp-content\/uploads\/2024\/01\/sheep-eating-fodder-instead-of-grazing-700x525.webp\" alt=\"\" width=\"600\" height=\"450\" srcset=\"https:\/\/ismfrance.org\/wp-content\/uploads\/2024\/01\/sheep-eating-fodder-instead-of-grazing-700x525.webp 700w, https:\/\/ismfrance.org\/wp-content\/uploads\/2024\/01\/sheep-eating-fodder-instead-of-grazing-300x225.webp 300w, https:\/\/ismfrance.org\/wp-content\/uploads\/2024\/01\/sheep-eating-fodder-instead-of-grazing-768x576.webp 768w, https:\/\/ismfrance.org\/wp-content\/uploads\/2024\/01\/sheep-eating-fodder-instead-of-grazing-350x263.webp 350w, https:\/\/ismfrance.org\/wp-content\/uploads\/2024\/01\/sheep-eating-fodder-instead-of-grazing.webp 770w\" sizes=\"auto, (max-width: 600px) 100vw, 600px\" \/><\/a><p id=\"caption-attachment-9263\" class=\"wp-caption-text\">Les agriculteurs sont contraints d&rsquo;acheter du fourrage co\u00fbteux pour leurs moutons pour \u00e9viter de les sortir et s&rsquo;exposer \u00e0 la violence des colons [Al Jazeera].<\/p><\/div><span style=\"font-family: Tahoma, sans-serif;\"><span style=\"font-size: large;\"><b>\u00ab Pourquoi se liguer contre nous ? \u00bb <\/b><\/span><\/span><\/p>\n<p><span style=\"font-family: Tahoma, sans-serif;\"><span style=\"font-size: medium;\">Dans un contexte o\u00f9 les colons, souvent en uniforme et arm\u00e9s, semblent plus que jamais faire partie de l&rsquo;appareil de s\u00e9curit\u00e9 isra\u00e9lien, les Palestiniens sont confront\u00e9s \u00e0 une situation \u00e9conomique difficile qui atteint un point de rupture.<\/span><\/span><\/p>\n<p><span style=\"font-family: Tahoma, sans-serif;\"><span style=\"font-size: medium;\">Les bergers <span style=\"color: #000000;\"><span lang=\"fr-FR\">parlent<\/span><\/span> du fourrage qu\u2019ils doivent payer cher pour \u00e9viter la violence des colons \u2013 et maintenant des restrictions impos\u00e9es par les conseils des colonies \u2013 s\u2019ils am\u00e8nent leurs troupeaux <span style=\"color: #000000;\"><span lang=\"fr-FR\">pa\u00eetre<\/span><\/span> sur des terres qu\u2019ils utilisent pourtant depuis des ann\u00e9es. Yousef explique qu\u2019il n\u2019a pas pu vendre ses produits, comme le fromage et la viande d\u2019agneau, depuis le 7 octobre parce que ses clients n\u2019ont pas d\u2019argent et que les entr\u00e9es des bourgs voisins comme Tubas sont ferm\u00e9es. <\/span><\/span><\/p>\n<p><span style=\"font-family: Tahoma, sans-serif;\"><span style=\"font-size: medium;\">Et maintenant, alors que les pluies d\u2019hiver marquent le d\u00e9but de la saison des labours, les agriculteurs palestiniens ne peuvent pas non plus labourer leurs terres \u00e0 cause des colons et des forces de s\u00e9curit\u00e9. <\/span><\/span><\/p>\n<p><span style=\"font-family: Tahoma, sans-serif;\"><span style=\"font-size: medium;\">Ahmed Daraghmeh estime que trois ou quatre de ses moutons sont morts de faim chaque mois depuis le 7 octobre, alors m\u00eame que les pluies d\u2019hiver apportent de l\u2019herbe verte luxuriante dans la vall\u00e9e. Il affirme que ses activit\u00e9s d&rsquo;\u00e9levage et agricoles sont fr\u00e9quemment entrav\u00e9es par les forces de s\u00e9curit\u00e9, qui sont souvent dirig\u00e9es par des colons. <\/span><\/span><\/p>\n<p><span style=\"font-family: Tahoma, sans-serif;\"><span style=\"font-size: medium;\">\u00ab Je suis constamment arr\u00eat\u00e9 \u00bb, a d\u00e9clar\u00e9 Ahmed. \u00ab La plupart du temps, quand je suis avec mes moutons, on m\u2019emm\u00e8ne et on me met en d\u00e9tention. \u00c0 chaque fois, c\u2019est une raison diff\u00e9rente \u2013 [la terre est] une r\u00e9serve naturelle, ou une zone militaire, ou vous n\u2019avez pas le droit d\u2019\u00eatre ici.\u00a0\u00bb<\/span><\/span><\/p>\n<p><span style=\"font-family: Tahoma, sans-serif;\"><span style=\"font-size: medium;\">Vers 9 heures du matin le 5 janvier, les forces de s\u00e9curit\u00e9 se sont rendues sur la parcelle qu\u2019il cultive depuis 20 ans et lui ont dit qu\u2019une partie du terrain se trouvait dans une r\u00e9serve naturelle. Ahmed insiste sur le fait qu\u2019il a des papiers prouvant qu\u2019il en est le propri\u00e9taire. <\/span><\/span><\/p>\n<p><span style=\"font-family: Tahoma, sans-serif;\"><span style=\"font-size: medium;\">Les forces de s\u00e9curit\u00e9 lui ont ordonn\u00e9 d&rsquo;amener son tracteur \u00e0 la base militaire d&rsquo;Umm Zuka, o\u00f9 elles l&rsquo;ont d\u00e9tenu de 9h30 \u00e0 17h15 environ, les yeux band\u00e9s. Ils ne lui ont pas adress\u00e9 la parole, et \u00ab quand j\u2019ai essay\u00e9 de poser des questions, ils m\u2019ont simplement dit de me taire \u00bb, a d\u00e9clar\u00e9 Ahmed.<\/span><\/span><\/p>\n<p><span style=\"color: #008000;\"><span lang=\"zxx\"><a style=\"color: #008000;\" href=\"https:\/\/www.instagram.com\/reel\/C2DOs9jL8X5\/?utm_source=ig_embed&amp;utm_campaign=loading\" target=\"_blank\" rel=\"noopener\"><span style=\"font-family: Tahoma, sans-serif;\"><span style=\"font-size: medium;\"><b>Voir ce post sur Instagram<\/b><\/span><\/span><\/a><\/span><b> <\/b><\/span><\/p>\n<p><span style=\"color: #008000;\"><span lang=\"zxx\"><a style=\"color: #008000;\" href=\"https:\/\/www.instagram.com\/reel\/C2DOs9jL8X5\/?utm_source=ig_embed&amp;utm_campaign=loading\" target=\"_blank\" rel=\"noopener\"><span style=\"font-family: Tahoma, sans-serif;\"><span style=\"font-size: medium;\">Une publication partag\u00e9e par Jordan Valley Activists (@jordan_valley_activists)<\/span><\/span><\/a><\/span><\/span><\/p>\n<p><span style=\"font-family: Tahoma, sans-serif;\"><span style=\"font-size: medium;\">Ahmed a \u00e9t\u00e9 lib\u00e9r\u00e9 mais n\u2019a pas r\u00e9cup\u00e9r\u00e9 son tracteur. Sans lui, dit-il, non seulement sa terre n\u2019est pas labour\u00e9e, mais il ne peut pas transporter l\u2019eau dont il a tant besoin et doit payer jusqu\u2019\u00e0 200 shekels (54 dollars) par voyage pour ce faire. Pour r\u00e9cup\u00e9rer son tracteur, il doit payer 4 740 shekels (1 286 dollars) au conseil local de la colonie. <\/span><\/span><\/p>\n<p><span style=\"font-family: Tahoma, sans-serif;\"><span style=\"font-size: medium;\">\u00ab Mais ces jours-ci, j\u2019ai \u00e0 peine les moyens de payer le souper pour mes enfants\u00a0\u00bb, d\u00e9clare Ahmed, qui dit avoir d\u00fb choisir entre nourrir ses moutons ou sa famille. <\/span><\/span><\/p>\n<p><span style=\"font-family: Tahoma, sans-serif;\"><span style=\"font-size: medium;\">\u00ab Sans champs, sans revenus, et avec des amendes exorbitantes, les communaut\u00e9s isol\u00e9es ne pourront plus rester dans la zone C. Et c\u2019est \u00e7a, le plan : concentrer la population palestinienne dans les zones A et B \u00bb, d\u00e9clare un groupe de militants isra\u00e9liens, qui se font appeler eux-m\u00eames les activistes de la vall\u00e9e du Jourdain. Ils accompagnent souvent les bergers palestiniens lorsqu\u2019ils vont faire pa\u00eetre leurs animaux et dorment \u00e0 tour de r\u00f4le dans les maisons des bergers pour essayer de r\u00e9duire le risque que les colons les attaquent dans la vall\u00e9e du Jourdain, qui se situe \u00e0 95 % dans la zone C. <\/span><\/span><\/p>\n<p><span style=\"font-family: Tahoma, sans-serif;\"><span style=\"font-size: medium;\">Selon ce groupe, \u00ab il est clair que la violence \u00e9conomique institutionnalis\u00e9e est beaucoup plus efficace que les attaques occasionnelles, et elle est rendue possible gr\u00e2ce aux liens profonds que les colons ont cultiv\u00e9s avec et au sein de l\u2019arm\u00e9e et de la police \u00bb. <\/span><\/span><\/p>\n<p><span style=\"font-family: Tahoma, sans-serif;\"><span style=\"font-size: medium;\">Le harc\u00e8lement constant et les confiscations p\u00e8sent tr\u00e8s lourd sur les bergers comme Ahmed. Dans ce contexte, quelques campements palestiniens isol\u00e9s ont \u00e9t\u00e9 d\u00e9mantel\u00e9s depuis la guerre, et maintenant un nombre croissant de bergers, comme les fr\u00e8res de Kadri, vendent leurs troupeaux en raison des conditions pr<span style=\"color: #000000;\"><span lang=\"fr-FR\">atiquement<\/span><\/span> impossibles auxquelles ils sont confront\u00e9s. <\/span><\/span><\/p>\n<p><span style=\"font-family: Tahoma, sans-serif;\"><span style=\"font-size: medium;\">\u00ab Ils travaillent exactement comme une mafia. C\u2019est la police et l\u2019arm\u00e9e qui ne cessent de cr\u00e9er des confrontations avec la communaut\u00e9 \u00bb, d\u00e9clare Ahmed Daraghmeh. \u00ab Ils agissent tous comme les membres d\u2019un gang.\u00a0\u00bb <\/span><\/span><\/p>\n<p><span style=\"font-family: Tahoma, sans-serif;\"><span style=\"font-size: medium;\">Les bergers disent qu\u2019ils se sentent assi\u00e9g\u00e9s et d\u00e9sempar\u00e9s par les actions et les raisonnements des autorit\u00e9s. <\/span><\/span><\/p>\n<p><span style=\"font-family: Tahoma, sans-serif;\"><span style=\"font-size: medium;\">\u00ab Nous ne savons pas ce qu\u2019ils attendent de nous \u00bb, explique Ahmed, exasp\u00e9r\u00e9. \u00ab C\u2019est tout simplement illogique ce qui se passe. Nous sommes pacifiques. Nous voulons vivre notre vie et gagner notre vie. Alors pourquoi se liguer contre nous ?\u00a0\u00bb<\/span><\/span><\/p>\n<pre><em><span style=\"font-family: Tahoma, sans-serif;\"><span style=\"font-size: medium;\"><span style=\"font-size: small;\">Article original en anglais sur <a href=\"https:\/\/www.aljazeera.com\/features\/2024\/1\/27\/like-a-mafia-israeli-settlers-forces-squeeze-palestinian-shepherds-out\">Al-Jazeera<\/a> \/ Traduction Chris &amp; Dine<\/span><\/span><\/span><\/em><\/pre>\n<p>&nbsp;<\/p>\n","protected":false},"excerpt":{"rendered":"<p>Al-Jazeera, 27 janvier 2024. Avec deux de ses fils en prison et ses enclos \u00e0 b\u00e9tail \u2013 son gagne-pain \u2013 pratiquement vides, le berger palestinien Kadri Daraghmeh, 57 ans, est <a class=\"more-link\" href=\"https:\/\/ismfrance.org\/index.php\/2024\/01\/30\/comme-une-mafia-les-colons-et-les-forces-israeliennes-chassent-les-bergers-palestiniens\/\">Lire la suite &rarr;<\/a><\/p>\n","protected":false},"author":3,"featured_media":9256,"comment_status":"closed","ping_status":"closed","sticky":false,"template":"","format":"standard","meta":{"footnotes":""},"categories":[2,13],"tags":[88,45],"class_list":["post-9255","post","type-post","status-publish","format-standard","has-post-thumbnail","hentry","category-articles","category-temoignages","tag-attaques-de-colons","tag-nettoyage-ethnique"],"yoast_head":"<!-- This site is optimized with the Yoast SEO plugin v27.2 - https:\/\/yoast.com\/product\/yoast-seo-wordpress\/ -->\n<title>\u00ab Comme une mafia \u00bb : les colons et les forces isra\u00e9liennes chassent les bergers palestiniens - International Solidarity Movement - ISM-France<\/title>\n<meta name=\"robots\" content=\"index, follow, max-snippet:-1, max-image-preview:large, max-video-preview:-1\" \/>\n<link rel=\"canonical\" href=\"https:\/\/ismfrance.org\/index.php\/2024\/01\/30\/comme-une-mafia-les-colons-et-les-forces-israeliennes-chassent-les-bergers-palestiniens\/\" \/>\n<meta property=\"og:locale\" content=\"fr_FR\" \/>\n<meta property=\"og:type\" content=\"article\" \/>\n<meta property=\"og:title\" content=\"\u00ab Comme une mafia \u00bb : les colons et les forces isra\u00e9liennes chassent les bergers palestiniens - International Solidarity Movement - ISM-France\" \/>\n<meta property=\"og:description\" content=\"Al-Jazeera, 27 janvier 2024. Avec deux de ses fils en prison et ses enclos \u00e0 b\u00e9tail \u2013 son gagne-pain \u2013 pratiquement vides, le berger palestinien Kadri Daraghmeh, 57 ans, est Lire la suite &rarr;\" \/>\n<meta property=\"og:url\" content=\"https:\/\/ismfrance.org\/index.php\/2024\/01\/30\/comme-une-mafia-les-colons-et-les-forces-israeliennes-chassent-les-bergers-palestiniens\/\" \/>\n<meta property=\"og:site_name\" content=\"International Solidarity Movement - ISM-France\" \/>\n<meta property=\"article:published_time\" content=\"2024-01-30T11:35:03+00:00\" \/>\n<meta property=\"article:modified_time\" content=\"2024-01-30T15:08:13+00:00\" \/>\n<meta property=\"og:image\" content=\"https:\/\/ismfrance.org\/wp-content\/uploads\/2024\/01\/jeep-colons.webp\" \/>\n\t<meta property=\"og:image:width\" content=\"770\" \/>\n\t<meta property=\"og:image:height\" content=\"513\" \/>\n\t<meta property=\"og:image:type\" content=\"image\/webp\" \/>\n<meta name=\"author\" content=\"mru_01\" \/>\n<meta name=\"twitter:card\" content=\"summary_large_image\" \/>\n<meta name=\"twitter:creator\" content=\"@ISMFRANCE\" \/>\n<meta name=\"twitter:site\" content=\"@ISMFRANCE\" \/>\n<meta name=\"twitter:label1\" content=\"\u00c9crit par\" \/>\n\t<meta name=\"twitter:data1\" content=\"mru_01\" \/>\n\t<meta name=\"twitter:label2\" content=\"Dur\u00e9e de lecture estim\u00e9e\" \/>\n\t<meta name=\"twitter:data2\" content=\"16 minutes\" \/>\n<script type=\"application\/ld+json\" class=\"yoast-schema-graph\">{\"@context\":\"https:\/\/schema.org\",\"@graph\":[{\"@type\":\"Article\",\"@id\":\"https:\/\/ismfrance.org\/index.php\/2024\/01\/30\/comme-une-mafia-les-colons-et-les-forces-israeliennes-chassent-les-bergers-palestiniens\/#article\",\"isPartOf\":{\"@id\":\"https:\/\/ismfrance.org\/index.php\/2024\/01\/30\/comme-une-mafia-les-colons-et-les-forces-israeliennes-chassent-les-bergers-palestiniens\/\"},\"author\":{\"name\":\"mru_01\",\"@id\":\"https:\/\/ismfrance.org\/#\/schema\/person\/3c411eb72adfaae19c0dca1f41fae01d\"},\"headline\":\"\u00ab Comme une mafia \u00bb : les colons et les forces isra\u00e9liennes chassent les bergers palestiniens\",\"datePublished\":\"2024-01-30T11:35:03+00:00\",\"dateModified\":\"2024-01-30T15:08:13+00:00\",\"mainEntityOfPage\":{\"@id\":\"https:\/\/ismfrance.org\/index.php\/2024\/01\/30\/comme-une-mafia-les-colons-et-les-forces-israeliennes-chassent-les-bergers-palestiniens\/\"},\"wordCount\":3003,\"publisher\":{\"@id\":\"https:\/\/ismfrance.org\/#organization\"},\"image\":{\"@id\":\"https:\/\/ismfrance.org\/index.php\/2024\/01\/30\/comme-une-mafia-les-colons-et-les-forces-israeliennes-chassent-les-bergers-palestiniens\/#primaryimage\"},\"thumbnailUrl\":\"https:\/\/ismfrance.org\/wp-content\/uploads\/2024\/01\/jeep-colons.webp\",\"keywords\":[\"attaques de colons\",\"nettoyage ethnique\"],\"articleSection\":[\"Articles\",\"T\u00e9moignages\"],\"inLanguage\":\"fr-FR\"},{\"@type\":\"WebPage\",\"@id\":\"https:\/\/ismfrance.org\/index.php\/2024\/01\/30\/comme-une-mafia-les-colons-et-les-forces-israeliennes-chassent-les-bergers-palestiniens\/\",\"url\":\"https:\/\/ismfrance.org\/index.php\/2024\/01\/30\/comme-une-mafia-les-colons-et-les-forces-israeliennes-chassent-les-bergers-palestiniens\/\",\"name\":\"\u00ab Comme une mafia \u00bb : les colons et les forces isra\u00e9liennes chassent les bergers palestiniens - International Solidarity Movement - ISM-France\",\"isPartOf\":{\"@id\":\"https:\/\/ismfrance.org\/#website\"},\"primaryImageOfPage\":{\"@id\":\"https:\/\/ismfrance.org\/index.php\/2024\/01\/30\/comme-une-mafia-les-colons-et-les-forces-israeliennes-chassent-les-bergers-palestiniens\/#primaryimage\"},\"image\":{\"@id\":\"https:\/\/ismfrance.org\/index.php\/2024\/01\/30\/comme-une-mafia-les-colons-et-les-forces-israeliennes-chassent-les-bergers-palestiniens\/#primaryimage\"},\"thumbnailUrl\":\"https:\/\/ismfrance.org\/wp-content\/uploads\/2024\/01\/jeep-colons.webp\",\"datePublished\":\"2024-01-30T11:35:03+00:00\",\"dateModified\":\"2024-01-30T15:08:13+00:00\",\"breadcrumb\":{\"@id\":\"https:\/\/ismfrance.org\/index.php\/2024\/01\/30\/comme-une-mafia-les-colons-et-les-forces-israeliennes-chassent-les-bergers-palestiniens\/#breadcrumb\"},\"inLanguage\":\"fr-FR\",\"potentialAction\":[{\"@type\":\"ReadAction\",\"target\":[\"https:\/\/ismfrance.org\/index.php\/2024\/01\/30\/comme-une-mafia-les-colons-et-les-forces-israeliennes-chassent-les-bergers-palestiniens\/\"]}]},{\"@type\":\"ImageObject\",\"inLanguage\":\"fr-FR\",\"@id\":\"https:\/\/ismfrance.org\/index.php\/2024\/01\/30\/comme-une-mafia-les-colons-et-les-forces-israeliennes-chassent-les-bergers-palestiniens\/#primaryimage\",\"url\":\"https:\/\/ismfrance.org\/wp-content\/uploads\/2024\/01\/jeep-colons.webp\",\"contentUrl\":\"https:\/\/ismfrance.org\/wp-content\/uploads\/2024\/01\/jeep-colons.webp\",\"width\":770,\"height\":513},{\"@type\":\"BreadcrumbList\",\"@id\":\"https:\/\/ismfrance.org\/index.php\/2024\/01\/30\/comme-une-mafia-les-colons-et-les-forces-israeliennes-chassent-les-bergers-palestiniens\/#breadcrumb\",\"itemListElement\":[{\"@type\":\"ListItem\",\"position\":1,\"name\":\"Accueil\",\"item\":\"https:\/\/ismfrance.org\/\"},{\"@type\":\"ListItem\",\"position\":2,\"name\":\"\u00ab Comme une mafia \u00bb : les colons et les forces isra\u00e9liennes chassent les bergers palestiniens\"}]},{\"@type\":\"WebSite\",\"@id\":\"https:\/\/ismfrance.org\/#website\",\"url\":\"https:\/\/ismfrance.org\/\",\"name\":\"ISM Palestine France\",\"description\":\"Soutien aux luttes de lib\u00e9ration du peuple palestinien\",\"publisher\":{\"@id\":\"https:\/\/ismfrance.org\/#organization\"},\"potentialAction\":[{\"@type\":\"SearchAction\",\"target\":{\"@type\":\"EntryPoint\",\"urlTemplate\":\"https:\/\/ismfrance.org\/?s={search_term_string}\"},\"query-input\":{\"@type\":\"PropertyValueSpecification\",\"valueRequired\":true,\"valueName\":\"search_term_string\"}}],\"inLanguage\":\"fr-FR\"},{\"@type\":\"Organization\",\"@id\":\"https:\/\/ismfrance.org\/#organization\",\"name\":\"International Solidarity Movement\",\"url\":\"https:\/\/ismfrance.org\/\",\"logo\":{\"@type\":\"ImageObject\",\"inLanguage\":\"fr-FR\",\"@id\":\"https:\/\/ismfrance.org\/#\/schema\/logo\/image\/\",\"url\":\"https:\/\/ismfrance.org\/wp-content\/uploads\/2020\/12\/00.png\",\"contentUrl\":\"https:\/\/ismfrance.org\/wp-content\/uploads\/2020\/12\/00.png\",\"width\":400,\"height\":400,\"caption\":\"International Solidarity Movement\"},\"image\":{\"@id\":\"https:\/\/ismfrance.org\/#\/schema\/logo\/image\/\"},\"sameAs\":[\"https:\/\/x.com\/ISMFRANCE\"]},{\"@type\":\"Person\",\"@id\":\"https:\/\/ismfrance.org\/#\/schema\/person\/3c411eb72adfaae19c0dca1f41fae01d\",\"name\":\"mru_01\",\"image\":{\"@type\":\"ImageObject\",\"inLanguage\":\"fr-FR\",\"@id\":\"https:\/\/secure.gravatar.com\/avatar\/3a0be343b445d2ccc79e87444a294fad2b232e90d2051d0e3cc219e1ecd6a330?s=96&d=mm&r=g\",\"url\":\"https:\/\/secure.gravatar.com\/avatar\/3a0be343b445d2ccc79e87444a294fad2b232e90d2051d0e3cc219e1ecd6a330?s=96&d=mm&r=g\",\"contentUrl\":\"https:\/\/secure.gravatar.com\/avatar\/3a0be343b445d2ccc79e87444a294fad2b232e90d2051d0e3cc219e1ecd6a330?s=96&d=mm&r=g\",\"caption\":\"mru_01\"},\"url\":\"https:\/\/ismfrance.org\/index.php\/author\/admin02\/\"}]}<\/script>\n<!-- \/ Yoast SEO plugin. -->","yoast_head_json":{"title":"\u00ab Comme une mafia \u00bb : les colons et les forces isra\u00e9liennes chassent les bergers palestiniens - International Solidarity Movement - ISM-France","robots":{"index":"index","follow":"follow","max-snippet":"max-snippet:-1","max-image-preview":"max-image-preview:large","max-video-preview":"max-video-preview:-1"},"canonical":"https:\/\/ismfrance.org\/index.php\/2024\/01\/30\/comme-une-mafia-les-colons-et-les-forces-israeliennes-chassent-les-bergers-palestiniens\/","og_locale":"fr_FR","og_type":"article","og_title":"\u00ab Comme une mafia \u00bb : les colons et les forces isra\u00e9liennes chassent les bergers palestiniens - International Solidarity Movement - ISM-France","og_description":"Al-Jazeera, 27 janvier 2024. Avec deux de ses fils en prison et ses enclos \u00e0 b\u00e9tail \u2013 son gagne-pain \u2013 pratiquement vides, le berger palestinien Kadri Daraghmeh, 57 ans, est Lire la suite &rarr;","og_url":"https:\/\/ismfrance.org\/index.php\/2024\/01\/30\/comme-une-mafia-les-colons-et-les-forces-israeliennes-chassent-les-bergers-palestiniens\/","og_site_name":"International Solidarity Movement - ISM-France","article_published_time":"2024-01-30T11:35:03+00:00","article_modified_time":"2024-01-30T15:08:13+00:00","og_image":[{"width":770,"height":513,"url":"https:\/\/ismfrance.org\/wp-content\/uploads\/2024\/01\/jeep-colons.webp","type":"image\/webp"}],"author":"mru_01","twitter_card":"summary_large_image","twitter_creator":"@ISMFRANCE","twitter_site":"@ISMFRANCE","twitter_misc":{"\u00c9crit par":"mru_01","Dur\u00e9e de lecture estim\u00e9e":"16 minutes"},"schema":{"@context":"https:\/\/schema.org","@graph":[{"@type":"Article","@id":"https:\/\/ismfrance.org\/index.php\/2024\/01\/30\/comme-une-mafia-les-colons-et-les-forces-israeliennes-chassent-les-bergers-palestiniens\/#article","isPartOf":{"@id":"https:\/\/ismfrance.org\/index.php\/2024\/01\/30\/comme-une-mafia-les-colons-et-les-forces-israeliennes-chassent-les-bergers-palestiniens\/"},"author":{"name":"mru_01","@id":"https:\/\/ismfrance.org\/#\/schema\/person\/3c411eb72adfaae19c0dca1f41fae01d"},"headline":"\u00ab Comme une mafia \u00bb : les colons et les forces isra\u00e9liennes chassent les bergers palestiniens","datePublished":"2024-01-30T11:35:03+00:00","dateModified":"2024-01-30T15:08:13+00:00","mainEntityOfPage":{"@id":"https:\/\/ismfrance.org\/index.php\/2024\/01\/30\/comme-une-mafia-les-colons-et-les-forces-israeliennes-chassent-les-bergers-palestiniens\/"},"wordCount":3003,"publisher":{"@id":"https:\/\/ismfrance.org\/#organization"},"image":{"@id":"https:\/\/ismfrance.org\/index.php\/2024\/01\/30\/comme-une-mafia-les-colons-et-les-forces-israeliennes-chassent-les-bergers-palestiniens\/#primaryimage"},"thumbnailUrl":"https:\/\/ismfrance.org\/wp-content\/uploads\/2024\/01\/jeep-colons.webp","keywords":["attaques de colons","nettoyage ethnique"],"articleSection":["Articles","T\u00e9moignages"],"inLanguage":"fr-FR"},{"@type":"WebPage","@id":"https:\/\/ismfrance.org\/index.php\/2024\/01\/30\/comme-une-mafia-les-colons-et-les-forces-israeliennes-chassent-les-bergers-palestiniens\/","url":"https:\/\/ismfrance.org\/index.php\/2024\/01\/30\/comme-une-mafia-les-colons-et-les-forces-israeliennes-chassent-les-bergers-palestiniens\/","name":"\u00ab Comme une mafia \u00bb : les colons et les forces isra\u00e9liennes chassent les bergers palestiniens - International Solidarity Movement - ISM-France","isPartOf":{"@id":"https:\/\/ismfrance.org\/#website"},"primaryImageOfPage":{"@id":"https:\/\/ismfrance.org\/index.php\/2024\/01\/30\/comme-une-mafia-les-colons-et-les-forces-israeliennes-chassent-les-bergers-palestiniens\/#primaryimage"},"image":{"@id":"https:\/\/ismfrance.org\/index.php\/2024\/01\/30\/comme-une-mafia-les-colons-et-les-forces-israeliennes-chassent-les-bergers-palestiniens\/#primaryimage"},"thumbnailUrl":"https:\/\/ismfrance.org\/wp-content\/uploads\/2024\/01\/jeep-colons.webp","datePublished":"2024-01-30T11:35:03+00:00","dateModified":"2024-01-30T15:08:13+00:00","breadcrumb":{"@id":"https:\/\/ismfrance.org\/index.php\/2024\/01\/30\/comme-une-mafia-les-colons-et-les-forces-israeliennes-chassent-les-bergers-palestiniens\/#breadcrumb"},"inLanguage":"fr-FR","potentialAction":[{"@type":"ReadAction","target":["https:\/\/ismfrance.org\/index.php\/2024\/01\/30\/comme-une-mafia-les-colons-et-les-forces-israeliennes-chassent-les-bergers-palestiniens\/"]}]},{"@type":"ImageObject","inLanguage":"fr-FR","@id":"https:\/\/ismfrance.org\/index.php\/2024\/01\/30\/comme-une-mafia-les-colons-et-les-forces-israeliennes-chassent-les-bergers-palestiniens\/#primaryimage","url":"https:\/\/ismfrance.org\/wp-content\/uploads\/2024\/01\/jeep-colons.webp","contentUrl":"https:\/\/ismfrance.org\/wp-content\/uploads\/2024\/01\/jeep-colons.webp","width":770,"height":513},{"@type":"BreadcrumbList","@id":"https:\/\/ismfrance.org\/index.php\/2024\/01\/30\/comme-une-mafia-les-colons-et-les-forces-israeliennes-chassent-les-bergers-palestiniens\/#breadcrumb","itemListElement":[{"@type":"ListItem","position":1,"name":"Accueil","item":"https:\/\/ismfrance.org\/"},{"@type":"ListItem","position":2,"name":"\u00ab Comme une mafia \u00bb : les colons et les forces isra\u00e9liennes chassent les bergers palestiniens"}]},{"@type":"WebSite","@id":"https:\/\/ismfrance.org\/#website","url":"https:\/\/ismfrance.org\/","name":"ISM Palestine France","description":"Soutien aux luttes de lib\u00e9ration du peuple palestinien","publisher":{"@id":"https:\/\/ismfrance.org\/#organization"},"potentialAction":[{"@type":"SearchAction","target":{"@type":"EntryPoint","urlTemplate":"https:\/\/ismfrance.org\/?s={search_term_string}"},"query-input":{"@type":"PropertyValueSpecification","valueRequired":true,"valueName":"search_term_string"}}],"inLanguage":"fr-FR"},{"@type":"Organization","@id":"https:\/\/ismfrance.org\/#organization","name":"International Solidarity Movement","url":"https:\/\/ismfrance.org\/","logo":{"@type":"ImageObject","inLanguage":"fr-FR","@id":"https:\/\/ismfrance.org\/#\/schema\/logo\/image\/","url":"https:\/\/ismfrance.org\/wp-content\/uploads\/2020\/12\/00.png","contentUrl":"https:\/\/ismfrance.org\/wp-content\/uploads\/2020\/12\/00.png","width":400,"height":400,"caption":"International Solidarity Movement"},"image":{"@id":"https:\/\/ismfrance.org\/#\/schema\/logo\/image\/"},"sameAs":["https:\/\/x.com\/ISMFRANCE"]},{"@type":"Person","@id":"https:\/\/ismfrance.org\/#\/schema\/person\/3c411eb72adfaae19c0dca1f41fae01d","name":"mru_01","image":{"@type":"ImageObject","inLanguage":"fr-FR","@id":"https:\/\/secure.gravatar.com\/avatar\/3a0be343b445d2ccc79e87444a294fad2b232e90d2051d0e3cc219e1ecd6a330?s=96&d=mm&r=g","url":"https:\/\/secure.gravatar.com\/avatar\/3a0be343b445d2ccc79e87444a294fad2b232e90d2051d0e3cc219e1ecd6a330?s=96&d=mm&r=g","contentUrl":"https:\/\/secure.gravatar.com\/avatar\/3a0be343b445d2ccc79e87444a294fad2b232e90d2051d0e3cc219e1ecd6a330?s=96&d=mm&r=g","caption":"mru_01"},"url":"https:\/\/ismfrance.org\/index.php\/author\/admin02\/"}]}},"_links":{"self":[{"href":"https:\/\/ismfrance.org\/index.php\/wp-json\/wp\/v2\/posts\/9255","targetHints":{"allow":["GET"]}}],"collection":[{"href":"https:\/\/ismfrance.org\/index.php\/wp-json\/wp\/v2\/posts"}],"about":[{"href":"https:\/\/ismfrance.org\/index.php\/wp-json\/wp\/v2\/types\/post"}],"author":[{"embeddable":true,"href":"https:\/\/ismfrance.org\/index.php\/wp-json\/wp\/v2\/users\/3"}],"replies":[{"embeddable":true,"href":"https:\/\/ismfrance.org\/index.php\/wp-json\/wp\/v2\/comments?post=9255"}],"version-history":[{"count":0,"href":"https:\/\/ismfrance.org\/index.php\/wp-json\/wp\/v2\/posts\/9255\/revisions"}],"wp:featuredmedia":[{"embeddable":true,"href":"https:\/\/ismfrance.org\/index.php\/wp-json\/wp\/v2\/media\/9256"}],"wp:attachment":[{"href":"https:\/\/ismfrance.org\/index.php\/wp-json\/wp\/v2\/media?parent=9255"}],"wp:term":[{"taxonomy":"category","embeddable":true,"href":"https:\/\/ismfrance.org\/index.php\/wp-json\/wp\/v2\/categories?post=9255"},{"taxonomy":"post_tag","embeddable":true,"href":"https:\/\/ismfrance.org\/index.php\/wp-json\/wp\/v2\/tags?post=9255"}],"curies":[{"name":"wp","href":"https:\/\/api.w.org\/{rel}","templated":true}]}}