{"id":9156,"date":"2024-01-24T18:38:35","date_gmt":"2024-01-24T17:38:35","guid":{"rendered":"https:\/\/ismfrance.org\/?p=9156"},"modified":"2024-11-25T15:59:57","modified_gmt":"2024-11-25T14:59:57","slug":"temoignages-de-gazaouis-la-survie-qui-sorganise-au-jour-le-jour-dans-lenfer-de-gaza-partie-13-le-22-01-2024","status":"publish","type":"post","link":"https:\/\/ismfrance.org\/index.php\/2024\/01\/24\/temoignages-de-gazaouis-la-survie-qui-sorganise-au-jour-le-jour-dans-lenfer-de-gaza-partie-13-le-22-01-2024\/","title":{"rendered":"T\u00e9moignages de Gazaouis : La survie qui s\u2019organise au jour le jour dans l\u2019enfer de Gaza \u2013 partie 13, le 22.01.2024"},"content":{"rendered":"<p lang=\"fr-FR\"><strong><b>Brigitte Challande, 24 janvier 2024.<\/b><\/strong>\u00a0<\/p>\n<blockquote><p>Cliquez ici pour consulter les <a href=\"https:\/\/ismfrance.org\/index.php\/temoignages-gazaouis-survie-enfer-gaza-1\/\" rel=\"noopener\" target=\"_blank\">R\u00e9cits complets<\/a>.<\/p><\/blockquote>\n<div id=\"attachment_9161\" style=\"width: 610px\" class=\"wp-caption alignnone\"><a href=\"https:\/\/ismfrance.org\/wp-content\/uploads\/2024\/01\/Dune.jpeg\"><img loading=\"lazy\" decoding=\"async\" aria-describedby=\"caption-attachment-9161\" class=\"size-large wp-image-9161\" src=\"https:\/\/ismfrance.org\/wp-content\/uploads\/2024\/01\/Dune-700x321.jpeg\" alt=\"\" width=\"600\" height=\"275\" srcset=\"https:\/\/ismfrance.org\/wp-content\/uploads\/2024\/01\/Dune-700x321.jpeg 700w, https:\/\/ismfrance.org\/wp-content\/uploads\/2024\/01\/Dune-300x137.jpeg 300w, https:\/\/ismfrance.org\/wp-content\/uploads\/2024\/01\/Dune-768x352.jpeg 768w, https:\/\/ismfrance.org\/wp-content\/uploads\/2024\/01\/Dune-1320x605.jpeg 1320w, https:\/\/ismfrance.org\/wp-content\/uploads\/2024\/01\/Dune.jpeg 1476w\" sizes=\"auto, (max-width: 600px) 100vw, 600px\" \/><\/a><p id=\"caption-attachment-9161\" class=\"wp-caption-text\">\u00ab\u00a0Quand il n&rsquo;y aura plus rien, les Palestinien.ne.s mangeront le sable&#8230;\u00a0\u00bb Maryam Abu Daqqa.<\/p><\/div>\n<p lang=\"fr-FR\"><span style=\"color: #000000;\"><span style=\"font-family: Tahoma, sans-serif;\"><span style=\"font-size: medium;\"><b>Marsel envoie le 24 Janvier dans la nuit ce r\u00e9sum\u00e9 sinistre et percutant de la situation\u00a0:<\/b><\/span><\/span><\/span><\/p>\n<p lang=\"fr-FR\"><span style=\"color: #000000;\"><span style=\"font-family: Tahoma, sans-serif;\"><span style=\"font-size: medium;\"><i>\u00ab\u00a0Quatri\u00e8me mois et 108 jours de guerre\u00a0: celui qui n&rsquo;a pas encore \u00e9t\u00e9 martyris\u00e9 par le feu des bombardements aveugles et de l&rsquo;an\u00e9antissement, meurt maintenant et \u00e0 chaque instant des tourments du d\u00e9placement, de faim ou de froid \u00e0 cause de conditions extr\u00eames, sans abri dans les rues et bien s\u00fbr certains d&rsquo;entre eux meurent faute de m\u00e9dicaments. Nous sommes toujours en vie, mais ils nous tuent maintenant des centaines de fois par jour et de mani\u00e8re plus horrible que les bombardements eux-m\u00eames, ils tuent maintenant tr\u00e8s lentement et torturent continuellement.\u00a0\u00bb<\/i><\/span><\/span><\/span><\/p>\n<p lang=\"fr-FR\"><span style=\"color: #000000;\"><span style=\"font-family: Tahoma, sans-serif;\"><span style=\"font-size: medium;\"><b>Compilation des \u00e9v\u00e8nements et des violations de la journ\u00e9e du 22 Janvier\u00a0:<\/b><\/span><\/span><\/span><\/p>\n<p lang=\"fr-FR\"><span style=\"color: #000000;\"><span style=\"font-family: Tahoma, sans-serif;\"><span style=\"font-size: medium;\"><b>C\u2019est insupportable \u00e0 lire, \u00e7a l\u2019est aussi \u00e0 \u00e9crire, mais le vivre&#8230;<\/b><\/span><\/span><\/span><\/p>\n<p lang=\"fr-FR\"><span style=\"color: #000000;\"><span style=\"font-family: Tahoma, sans-serif;\"><span style=\"font-size: medium;\"><b>12:06<\/b> Observation de l&rsquo;arriv\u00e9e des chars \u00e0 l&rsquo;h\u00f4pital caritatif d&rsquo;Al-Mawasi \u00e0 Khan Yunis, et dans les environs de l&rsquo;universit\u00e9 d&rsquo;Al-Aqsa avec la pr\u00e9sence de tireurs d&rsquo;\u00e9lite de l&rsquo;occupation sur les lieux. <\/span><\/span><\/span><\/p>\n<p lang=\"fr-FR\"><span style=\"color: #000000;\"><span style=\"font-family: Tahoma, sans-serif;\"><span style=\"font-size: medium;\"><b>12:16<\/b> Bombardements d&rsquo;artillerie hyst\u00e9riques \u00e0 Khan Yunis dans les environs de l&rsquo;h\u00f4pital Al Amal pour tenter d&rsquo;avancer vers l&rsquo;h\u00f4pital. <\/span><\/span><\/span><\/p>\n<p lang=\"fr-FR\"><span style=\"color: #000000;\"><span style=\"font-family: Tahoma, sans-serif;\"><span style=\"font-size: medium;\"><strong>12:20<\/strong> L&rsquo;Universit\u00e9 Al-Aqsa, \u00e0 l&rsquo;ouest de Khan Yunis, est maintenant assi\u00e9g\u00e9e, et un grand nombre de personnes d\u00e9plac\u00e9es y sont pr\u00e9sentes. <\/span><\/span><\/span><\/p>\n<p lang=\"fr-FR\"><span style=\"color: #000000;\"><span style=\"font-family: Tahoma, sans-serif;\"><span style=\"font-size: medium;\"><strong>12:40<\/strong> Des tirs se dirigent maintenant vers le b\u00e2timent de conf\u00e9rence de l&rsquo;Universit\u00e9 Al-Aqsa \u00e0 Khan Yunis, et un grand \u00e9tat de terreur r\u00e8gne parmi les personnes d\u00e9plac\u00e9es. <\/span><\/span><\/span><\/p>\n<p lang=\"fr-FR\"><span style=\"color: #000000;\"> <span style=\"font-family: Tahoma, sans-serif;\"><span style=\"font-size: medium;\"><strong>12:47<\/strong> Les tirs d&rsquo;artillerie se poursuivent violemment sur diff\u00e9rentes zones de Khan Yunis, le nombre de martyrs a augment\u00e9 \u00e0 cause de l&rsquo;artillerie de l&rsquo;occupation qui a vis\u00e9 les tours de Taiba.<\/span><\/span><\/span><\/p>\n<p lang=\"fr-FR\"><span style=\"color: #000000;\"><span style=\"font-family: Tahoma, sans-serif;\"><span style=\"font-size: medium;\"><strong>12:55<\/strong> : Ciblage d&rsquo;une maison \u00e0 proximit\u00e9 de l&rsquo;H\u00f4pital jordanien, \u00e0 l&rsquo;ouest de Khan Yunis. <\/span><\/span><\/span><\/p>\n<p lang=\"fr-FR\"><span style=\"color: #000000;\"><span style=\"font-family: Tahoma, sans-serif;\"><span style=\"font-size: medium;\"><strong>12:57<\/strong> Des chars quittent les environs de l&rsquo;universit\u00e9 Al-Aqsa pour se diriger vers les routes menant \u00e0 l&rsquo;h\u00f4pital Nasser \u00e0 Khan Yunis.<\/span><\/span><\/span><\/p>\n<p lang=\"fr-FR\"><span style=\"color: #000000;\"> <span style=\"font-family: Tahoma, sans-serif;\"><span style=\"font-size: medium;\"><strong>13:05<\/strong> Les bless\u00e9s arrivent \u00e0 l&rsquo;h\u00f4pital m\u00e9dical Nasser. Survol intensif d&rsquo;avions militaires au nord de Rafah. <\/span><\/span><\/span><\/p>\n<p lang=\"fr-FR\"><span style=\"color: #000000;\"><span style=\"font-family: Tahoma, sans-serif;\"><span style=\"font-size: medium;\"><strong>13:10<\/strong> Des bless\u00e9s dans la cour de l&rsquo;Universit\u00e9 Al-Aqsa, \u00e0 l&rsquo;ouest de Khan Yunis, et appels \u00e0 la n\u00e9cessit\u00e9 de premiers soins pour les blessures dues aux tirs de drones en conjonction avec les bombardements d&rsquo;artillerie dans les environs de l&rsquo;universit\u00e9 et l&rsquo;arriv\u00e9e d&rsquo;\u00e9clats d&rsquo;obus dans le b\u00e2timent de conf\u00e9rence de l&rsquo;universit\u00e9. <\/span><\/span><\/span><\/p>\n<p lang=\"fr-FR\"><span style=\"color: #000000;\"><span style=\"font-family: Tahoma, sans-serif;\"><span style=\"font-size: medium;\"><strong>13:26<\/strong> Des bombes fumig\u00e8nes ont explos\u00e9 dans les environs de Khan Yunis. <\/span><\/span><\/span><\/p>\n<p lang=\"fr-FR\"><span style=\"color: #000000;\"><span style=\"font-family: Tahoma, sans-serif;\"><span style=\"font-size: medium;\"><strong>13:29<\/strong> Un homme a \u00e9t\u00e9 touch\u00e9 par un char \u00e0 proximit\u00e9 des entrep\u00f4ts de l&rsquo;agence dans le sud de la bande de Gaza, il est arriv\u00e9 \u00e0 l&rsquo;H\u00f4pital kowe\u00eftien. <\/span><\/span><\/span><\/p>\n<p lang=\"fr-FR\"><span style=\"color: #000000;\"><span style=\"font-family: Tahoma, sans-serif;\"><span style=\"font-size: medium;\"><strong>13:41<\/strong> On peut entendre clairement le bruit des chars et des v\u00e9hicules militaires depuis l&rsquo;h\u00f4pital Nasser \u00e0 Khan Yunis, et des coups de feu sont \u00e9galement entendus de temps en temps dans la m\u00eame zone.<\/span><\/span><\/span><\/p>\n<p lang=\"fr-FR\"><span style=\"color: #000000;\"><span style=\"font-family: Tahoma, sans-serif;\"><span style=\"font-size: medium;\"><strong>13:47<\/strong> Bless\u00e9s \u00e0 l&rsquo;int\u00e9rieur de la zone industrielle et de ses environs parmi les personnes d\u00e9plac\u00e9es, \u00e0 l&rsquo;ouest de Khan Yunis.<\/span><\/span><\/span><\/p>\n<p lang=\"fr-FR\"><span style=\"color: #000000;\"> <span style=\"font-family: Tahoma, sans-serif;\"><span style=\"font-size: medium;\"><strong>13:52<\/strong> Tirs directs sur les personnes d\u00e9plac\u00e9es dans la zone d&rsquo;Al-Mawasi, \u00e0 l&rsquo;ouest de Khan Yunis, et appel \u00e0 une ambulance.<\/span><\/span><\/span><\/p>\n<p lang=\"fr-FR\"><span style=\"color: #000000;\"> <span style=\"font-family: Tahoma, sans-serif;\"><span style=\"font-size: medium;\"><strong>13:55<\/strong> En conjonction avec les \u00e9v\u00e9nements tr\u00e8s difficiles \u00e0 Khan Yunis, bombardements d&rsquo;artillerie \u00e0 l&rsquo;est du camp de Jabalia, au nord de la bande de Gaza.<\/span><\/span><\/span><\/p>\n<p lang=\"fr-FR\"><span style=\"color: #000000;\"> <span style=\"font-family: Tahoma, sans-serif;\"><span style=\"font-size: medium;\"><strong>13:56<\/strong> 4 martyrs jusqu&rsquo;\u00e0 pr\u00e9sent, un certain nombre de bless\u00e9s, et une tr\u00e8s grande difficult\u00e9 \u00e0 les r\u00e9cup\u00e9rer en raison de l&rsquo;avanc\u00e9e des v\u00e9hicules \u00e0 proximit\u00e9 de l&rsquo;h\u00f4pital Nasser et une tr\u00e8s grande difficult\u00e9 \u00e0 se d\u00e9placer.<\/span><\/span><\/span><\/p>\n<p lang=\"fr-FR\"><span style=\"color: #000000;\"> <span style=\"font-family: Tahoma, sans-serif;\"><span style=\"font-size: medium;\"><strong>13:59<\/strong> L&rsquo;aviation d&rsquo;occupation sioniste lance un bombardement intensif \u00e0 l&rsquo;est des quartiers d&rsquo;Al-Tuffah et d&rsquo;Al-Daraj.<\/span><\/span><\/span><\/p>\n<p lang=\"fr-FR\"><span style=\"color: #000000;\"> <span style=\"font-family: Tahoma, sans-serif;\"><span style=\"font-size: medium;\"><strong>14:06<\/strong> Un obus de char tombe autour de l&rsquo;h\u00f4pital Nasser \u00e0 Khan Yunis.<\/span><\/span><\/span><\/p>\n<p lang=\"fr-FR\"><span style=\"color: #000000;\"> <span style=\"font-family: Tahoma, sans-serif;\"><span style=\"font-size: medium;\"><strong>14:15<\/strong> Les avions de guerre ciblent maintenant les environs du complexe m\u00e9dical Nasser dans la ville de Khan Yunis.<\/span><\/span><\/span><\/p>\n<p lang=\"fr-FR\"><span style=\"color: #000000;\"> <span style=\"font-family: Tahoma, sans-serif;\"><span style=\"font-size: medium;\"><strong>14:25<\/strong> 15 martyrs, dont 3 enfants et une femme, sont arriv\u00e9s \u00e0 l&rsquo;h\u00f4pital Nasser \u00e0 Khan Yunis \u00e0 la suite des bombardements et des raids isra\u00e9liens.<\/span><\/span><\/span><\/p>\n<p lang=\"fr-FR\"><span style=\"color: #000000;\"><span style=\"font-family: Tahoma, sans-serif;\"><span style=\"font-size: medium;\"><strong>14:38<\/strong> Des personnes d\u00e9plac\u00e9es sont bless\u00e9.e.s par un bombardement sioniste \u00e0 l&rsquo;Universit\u00e9 Al-Aqsa.<\/span><\/span><\/span><\/p>\n<p lang=\"fr-FR\"><span style=\"color: #000000;\"> <span style=\"font-family: Tahoma, sans-serif;\"><span style=\"font-size: medium;\"><strong>14:43<\/strong> Des martyrs et des bless\u00e9s arrivent \u00e0 l&rsquo;h\u00f4pital Nasser en raison des bombardements en cours \u00e0 Khan Yunis, au sud de la bande de Gaza.<\/span><\/span><\/span><\/p>\n<p lang=\"fr-FR\"><span style=\"color: #000000;\"> <span style=\"font-family: Tahoma, sans-serif;\"><span style=\"font-size: medium;\"><strong>14:47<\/strong> Tirs d&rsquo;h\u00e9licopt\u00e8res au sud-est de Khan Yunis.<\/span><\/span><\/span><\/p>\n<p lang=\"fr-FR\"><span style=\"color: #000000;\"> <span style=\"font-family: Tahoma, sans-serif;\"><span style=\"font-size: medium;\"><strong>14:49<\/strong> Des martyrs \u00e0 l&rsquo;universit\u00e9 Al-Aqsa, \u00e0 l&rsquo;ouest de Khan Yunis, pr\u00e8s de la mosqu\u00e9e de l&rsquo;universit\u00e9, et des avions quadcopt\u00e8res tirent sur toute cible mobile ou source de lumi\u00e8re.<\/span><\/span><\/span><\/p>\n<p lang=\"fr-FR\"><span style=\"color: #000000;\"> <span style=\"font-family: Tahoma, sans-serif;\"><span style=\"font-size: medium;\"><strong>14:53<\/strong> Il y a peu de temps, les chars se sont l\u00e9g\u00e8rement retir\u00e9s des environs du site d&rsquo;Al-Qadisiyah, et un certain nombre de bless\u00e9s ont \u00e9t\u00e9 transport\u00e9s en charrette (\u00e2ne) \u00e0 l&rsquo;h\u00f4pital.<\/span><\/span><\/span><\/p>\n<p lang=\"fr-FR\"><span style=\"color: #000000;\"> <span style=\"font-family: Tahoma, sans-serif;\"><span style=\"font-size: medium;\"><strong>15:17<\/strong> Les tirs d\u2019artillerie ont commenc\u00e9 \u00e0 reprendre par intermittence \u00e0 l&rsquo;est des camps de Bureij et d&rsquo;Al-Maghazi dans le centre de la bande de Gaza.<\/span><\/span><\/span><\/p>\n<p lang=\"fr-FR\"><span style=\"color: #000000;\"> <span style=\"font-family: Tahoma, sans-serif;\"><span style=\"font-size: medium;\"><strong>15:25<\/strong> Un martyr a \u00e9t\u00e9 r\u00e9cup\u00e9r\u00e9 devant la porte industrielle \u00e0 Mawasi Khan Yunis.<\/span><\/span><\/span><\/p>\n<p lang=\"fr-FR\"><span style=\"color: #000000;\"> <span style=\"font-family: Tahoma, sans-serif;\"><span style=\"font-size: medium;\"><strong>15:33<\/strong> Une violente explosion a retenti autour du centre m\u00e9dical Nasser \u00e0 Khan Yunis.<\/span><\/span><\/span><\/p>\n<p lang=\"fr-FR\"><span style=\"color: #000000;\"> <span style=\"font-family: Tahoma, sans-serif;\"><span style=\"font-size: medium;\"><strong>15:37<\/strong> Les bombardements sont toujours entendus dans le nord de la bande de Gaza.<\/span><\/span><\/span><\/p>\n<p lang=\"fr-FR\"><span style=\"color: #000000;\"> <span style=\"font-family: Tahoma, sans-serif;\"><span style=\"font-size: medium;\"><strong>16:00<\/strong> Une \u00e9norme explosion a retenti au milieu de Khan Yunis.<\/span><\/span><\/span><\/p>\n<div id=\"attachment_9159\" style=\"width: 610px\" class=\"wp-caption alignnone\"><a href=\"https:\/\/ismfrance.org\/wp-content\/uploads\/2024\/01\/abu-amir-et-marsel.jpg\"><img loading=\"lazy\" decoding=\"async\" aria-describedby=\"caption-attachment-9159\" class=\"wp-image-9159 size-large\" src=\"https:\/\/ismfrance.org\/wp-content\/uploads\/2024\/01\/abu-amir-et-marsel-700x466.jpg\" alt=\"\" width=\"600\" height=\"399\" srcset=\"https:\/\/ismfrance.org\/wp-content\/uploads\/2024\/01\/abu-amir-et-marsel-700x466.jpg 700w, https:\/\/ismfrance.org\/wp-content\/uploads\/2024\/01\/abu-amir-et-marsel-300x200.jpg 300w, https:\/\/ismfrance.org\/wp-content\/uploads\/2024\/01\/abu-amir-et-marsel-768x512.jpg 768w, https:\/\/ismfrance.org\/wp-content\/uploads\/2024\/01\/abu-amir-et-marsel.jpg 1280w\" sizes=\"auto, (max-width: 600px) 100vw, 600px\" \/><\/a><p id=\"caption-attachment-9159\" class=\"wp-caption-text\">Abu Amir \u00e0 la Carmagnole \u00e0 Montpellier pour une conf\u00e9rence sur \u00ab\u00a0Gaza indomptable soci\u00e9t\u00e9\u00a0\u00bb et Marsel en visio le 17 Janvier 2022.<\/p><\/div>\n<p lang=\"fr-FR\"><span style=\"color: #000000;\"> <span style=\"font-family: Tahoma, sans-serif;\"><span style=\"font-size: medium;\"><strong>16:10<\/strong> 4 bless\u00e9s ont \u00e9t\u00e9 transf\u00e9r\u00e9s aux h\u00f4pitaux de Rafah depuis l&rsquo;ouest et le sud de Khan Yunis pour les personnes d\u00e9plac\u00e9es, suite aux balles des forces d&rsquo;occupation sionistes qui ont avanc\u00e9 au sud du camp de Khan Yunis.<\/span><\/span><\/span><\/p>\n<p lang=\"fr-FR\"><span style=\"color: #000000;\"> <span style=\"font-family: Tahoma, sans-serif;\"><span style=\"font-size: medium;\"><strong>17:05<\/strong> Bombardement intense par l&rsquo;artillerie et les avions de guerre de l&rsquo;occupation \u00e0 proximit\u00e9 du complexe m\u00e9dical Nasser et de Qizan Rashwan \u00e0 Khan Yunis.<\/span><\/span><\/span><\/p>\n<p lang=\"fr-FR\"><span style=\"color: #000000;\"><span style=\"font-family: Tahoma, sans-serif;\"><span style=\"font-size: medium;\"><strong>17:06<\/strong> Les forces d&rsquo;occupation isra\u00e9liennes d\u00e9truisent des b\u00e2timents r\u00e9sidentiels dans le quartier de Qaa al-Qurain \u00e0 Khan Yunis, au sud de la bande de Gaza.<\/span><\/span><\/span><\/p>\n<p lang=\"fr-FR\"><span style=\"color: #000000;\"> <span style=\"font-family: Tahoma, sans-serif;\"><span style=\"font-size: medium;\"><strong>17:11<\/strong> Le Directeur des ambulances et des urgences dans la bande de Gaza annonce que l&rsquo;\u00e9tendue de la destruction de l&rsquo;h\u00f4pital Al-Quds est plus grande que ce que nous avions imagin\u00e9, l&rsquo;intention est pr\u00e9m\u00e9dit\u00e9e et le sabotage est syst\u00e9matique de la part des forces d&rsquo;occupation isra\u00e9liennes.<\/span><\/span><\/span><\/p>\n<p lang=\"fr-FR\"><span style=\"color: #000000;\"> <span style=\"font-family: Tahoma, sans-serif;\"><span style=\"font-size: medium;\"><strong>17:29<\/strong> Un nouveau martyr et des bless\u00e9s arrivent au Complexe Nasser suite aux bombardements sionistes dans les quartiers ouest de Khan Yunis.<\/span><\/span><\/span><\/p>\n<p lang=\"fr-FR\"><span style=\"color: #000000;\"> <span style=\"font-family: Tahoma, sans-serif;\"><span style=\"font-size: medium;\"><strong>18:00<\/strong> Croissant Rouge : Les chars de l&rsquo;occupation sont pr\u00e8s de l&rsquo;h\u00f4pital Al Amal, et nous avons compl\u00e8tement perdu le contact avec nos \u00e9quipes \u00e0 Khan Yunis \u00e0 cause de l&rsquo;invasion terrestre.<\/span><\/span><\/span><\/p>\n<p lang=\"fr-FR\"><span style=\"color: #000000;\"> <span style=\"font-family: Tahoma, sans-serif;\"><span style=\"font-size: medium;\"><strong>18:52<\/strong> Croissant Rouge Palestinien : <\/span><\/span><\/span><span style=\"font-size: medium; font-family: Tahoma, sans-serif; color: #000000;\">Les v\u00e9hicules ambulanciers sont incapables de r\u00e9pondre aux appels pour les bless\u00e9s \u00e0 Khan Yunis.<\/span><\/p>\n<p lang=\"fr-FR\"><span style=\"color: #000000;\"> <span style=\"font-family: Tahoma, sans-serif;\"><span style=\"font-size: medium;\"><strong>19:07<\/strong> L&rsquo;\u00e9cole Al-Mawasi, \u00e0 l&rsquo;ouest d&rsquo;Al-Sina&rsquo;a, a \u00e9t\u00e9 prise pour cible \u00e0 c\u00f4t\u00e9 du coll\u00e8ge Al-Rabat, \u00e0 l&rsquo;ouest de Khan Yunis, et 10 martyrs ont \u00e9t\u00e9 tu\u00e9s \u00e0 l&rsquo;int\u00e9rieur de l&rsquo;\u00e9cole.<\/span><\/span><\/span><\/p>\n<p lang=\"fr-FR\"><span style=\"color: #000000;\"> <span style=\"font-family: Tahoma, sans-serif;\"><span style=\"font-size: medium;\"><strong>19:22<\/strong> Plus de 20 martyrs et un certain nombre de bless\u00e9s sont arriv\u00e9s au complexe m\u00e9dical Nasser \u00e0 la suite des bombardements isra\u00e9liens continus \u00e0 l&rsquo;ouest de Khan Yunis.<\/span><\/span><\/span><\/p>\n<p lang=\"fr-FR\"><span style=\"color: #000000;\"> <span style=\"font-family: Tahoma, sans-serif;\"><span style=\"font-size: medium;\"><strong>19:24<\/strong> Croissant Rouge Palestinien : L&rsquo;occupation cible le syst\u00e8me de sant\u00e9 \u00e0 Gaza et tente d&#8217;emp\u00eacher les h\u00f4pitaux de Khan Yunis de fonctionner. L&rsquo;occupation tente de s\u00e9parer le gouvernorat de Khan Yunis du reste des gouvernorats et d&rsquo;en faire une zone isol\u00e9e.<\/span><\/span><\/span><\/p>\n<p lang=\"fr-FR\"><span style=\"color: #000000;\"> <span style=\"font-family: Tahoma, sans-serif;\"><span style=\"font-size: medium;\"><strong>19:46<\/strong> Les avions de l&rsquo;occupation effectuent des frappes pour soutenir ses forces p\u00e9n\u00e9trant \u00e0 l&rsquo;ouest de Khan Yunis.<\/span><\/span><\/span><\/p>\n<p lang=\"fr-FR\"><span style=\"color: #000000;\"> <span style=\"font-family: Tahoma, sans-serif;\"><span style=\"font-size: medium;\"><strong>19:50<\/strong> Des chars de l&rsquo;arm\u00e9e d&rsquo;occupation se trouvent pr\u00e8s du Coll\u00e8ge de l&rsquo;Industrie \u00e0 l&rsquo;ouest de Khan Yunis, notant que des milliers de personnes d\u00e9plac\u00e9es vivent dans la r\u00e9gion.<\/span><\/span><\/span><\/p>\n<p lang=\"fr-FR\"><span style=\"color: #000000;\"> <span style=\"font-family: Tahoma, sans-serif;\"><span style=\"font-size: medium;\"><strong>22:17<\/strong> Une voiture a \u00e9t\u00e9 prise pour cible pr\u00e8s du point de passage de Rafah.<\/span><\/span><\/span><\/p>\n<p lang=\"fr-FR\"><span style=\"color: #000000;\"> <span style=\"font-family: Tahoma, sans-serif;\"><span style=\"font-size: medium;\"><strong>22:22<\/strong> L&rsquo;arm\u00e9e d&rsquo;occupation exhume des tombes dans un certain nombre de cimeti\u00e8res dans le gouvernorat de Khan Yunis.<\/span><\/span><\/span><\/p>\n<p lang=\"fr-FR\"><span style=\"color: #000000;\"><span style=\"font-family: Tahoma, sans-serif;\"><span style=\"font-size: medium;\"><strong>22:22<\/strong> Un certain nombre de bless\u00e9s ont \u00e9t\u00e9 transport\u00e9s des rangs des d\u00e9plac\u00e9s alors qu&rsquo;ils se dirigeaient de Khan Yunis vers Rafah.<\/span><\/span><\/span><\/p>\n<p lang=\"fr-FR\"><span style=\"color: #000000;\"> <span style=\"font-family: Tahoma, sans-serif;\"><span style=\"font-size: medium;\"><strong>22:34<\/strong> Bombardements hyst\u00e9riques de l&rsquo;artillerie depuis l&rsquo;aube sur la rue 8, Tal Al-Hawa, et la rue Al-Rashid, \u00e0 l&rsquo;ouest de la ville de Gaza.<\/span><\/span><\/span><\/p>\n<p lang=\"fr-FR\"><span style=\"color: #000000;\"> <span style=\"font-family: Tahoma, sans-serif;\"><span style=\"font-size: medium;\"><strong>23:41<\/strong> L&rsquo;aviation d&rsquo;occupation lance des raids sur le camp de Nuseirat dans le centre de la bande de Gaza. <\/span><\/span><\/span><\/p>\n<p lang=\"fr-FR\"><span style=\"color: #000000;\"> <span style=\"font-family: Tahoma, sans-serif;\"><span style=\"font-size: medium;\"><strong>23:42<\/strong> Des dizaines de milliers de personnes d\u00e9plac\u00e9es \u00e0 l&rsquo;ouest de Khan Yunis se trouvent dans une situation complexe et difficile, et la plupart d&rsquo;entre elles ne pourront pas partir vers Rafah.<\/span><\/span><\/span><\/p>\n<p lang=\"fr-FR\"><span style=\"color: #000000;\"> <span style=\"font-family: Tahoma, sans-serif;\"><span style=\"font-size: medium;\"><strong>23:46<\/strong> Selon des t\u00e9moins, les centres de d\u00e9placement \u00e0 Khan Yunis ont \u00e9t\u00e9 cibl\u00e9s par des bombardements, des avions Quadcopter, des avions de reconnaissance, et de l&rsquo;artillerie. Au <\/span><\/span><\/span><span style=\"color: #000000;\"><span style=\"font-family: Tahoma, sans-serif;\"><span style=\"font-size: medium;\">Centre d&rsquo;h\u00e9bergement industriel de Khan Yunis, 43 martyrs \u00e0 l&rsquo;int\u00e9rieur de l&rsquo;h\u00f4pital Nasser suite aux raids et \u00e0 l&rsquo;incursion des chars, et la cour de l&rsquo;h\u00f4pital s&rsquo;est transform\u00e9e en fosse commune.<\/span><\/span><\/span><\/p>\n<p lang=\"fr-FR\"><span style=\"color: #000000;\"><span style=\"font-family: Tahoma, sans-serif;\"><span style=\"font-size: medium;\"><strong>23:49<\/strong> Minist\u00e8re de la sant\u00e9 \u00e0 Gaza : L&rsquo;occupation a commis 20 massacres dans la bande de Gaza, faisant 190 martyrs et 340 bless\u00e9s au cours des derni\u00e8res 24 heures.<\/span><\/span><\/span><\/p>\n<p lang=\"fr-FR\"><span style=\"color: #000000;\"> <span style=\"font-family: Tahoma, sans-serif;\"><span style=\"font-size: medium;\"><strong>23:53<\/strong> Les \u00e9quipes de la d\u00e9fense civile ont pu atteindre le campus de l&rsquo;universit\u00e9 Al-Aqsa, \u00e0 l&rsquo;ouest de la ville de Khan Yunis, au sud de la bande de Gaza, et ont trait\u00e9 un certain nombre de bless\u00e9s \u00e0 l&rsquo;int\u00e9rieur de l&rsquo;universit\u00e9 Al-Aqsa. Beaucoup ont pu partir vers la ville de Rafah, sachant que les v\u00e9hicules sont situ\u00e9s pr\u00e8s du c\u00f4t\u00e9 Est de l&rsquo;universit\u00e9.<\/span><\/span><\/span><\/p>\n<p lang=\"fr-FR\"><span style=\"color: #000000;\"> <span style=\"font-family: Tahoma, sans-serif;\"><span style=\"font-size: medium;\"><strong>23:56<\/strong> Minist\u00e8re de la Sant\u00e9 \u00e0 Gaza : Le nombre de victimes de l&rsquo;agression sioniste s&rsquo;\u00e9l\u00e8ve \u00e0 25.700 martyrs et 63.000 bless\u00e9s depuis le 7 octobre dernier.<\/span><\/span><\/span><\/p>\n<p lang=\"fr-FR\"><span style=\"color: #000000;\"><span style=\"font-family: Tahoma, sans-serif;\"><span style=\"font-size: medium;\"><b>J\u2019avoue que dans cette compilation effrayante et morbide, je me perds moi m\u00eame dans les heures, dans les descriptions, dans les horreurs et que c\u2019est quasiment impossible de trier dans les informations ; ce serait une rupture dans notre contrat moral avec Marsel aupr\u00e8s de qui nous nous sommes engag\u00e9.e.s \u00e0 rendre compte de tous ses t\u00e9moignages qu\u2019il prend le temps lui-m\u00eame en fin de journ\u00e9e de r\u00e9diger. Je m\u2019arr\u00eaterai donc l\u00e0 pour le 22 Janvier 2024, sachant que toutes les journ\u00e9es se d\u00e9clinent dans le m\u00eame insupportable\u2026.<\/b><\/span><\/span><\/span><\/p>\n<p lang=\"fr-FR\"><span style=\"color: #000000;\"><span style=\"font-family: Tahoma, sans-serif;\"><span style=\"font-size: medium;\"><b>Martyrs, impossibilit\u00e9 de fun\u00e9railles, bombardements, pilonnages, corps carbonis\u00e9s, phosphore, attaques violentes, arrestations, excavations dans les cimeti\u00e8res, famine imminente, rupture des communications, impossibilit\u00e9 de soigner les bless\u00e9s, bref un g\u00e9nocide en action et en intention. <\/b><\/span><\/span><\/span><\/p>\n<p lang=\"fr-FR\"><span style=\"color: #000000;\"><span style=\"font-family: Tahoma, sans-serif;\"><span style=\"font-size: medium;\">En ce qui concerne la r\u00e9alit\u00e9 et l\u2019efficacit\u00e9 de l\u2019aide humanitaire, voici une des derni\u00e8res d\u00e9clarations d\u2019 Euro-Med cit\u00e9e par Marsel : \u00ab Nous tenons les Nations Unies et leurs agences humanitaires pour responsables des carences et de l&rsquo;incapacit\u00e9 \u00e0 fournir une aide humanitaire de mani\u00e8re d\u00e9cente et appropri\u00e9e \u00e0 des centaines de milliers de personnes qui souffrent d&rsquo;une r\u00e9elle faim pour le quatri\u00e8me mois cons\u00e9cutif, ainsi que leur silence sur les meurtres de civils par l&rsquo;arm\u00e9e isra\u00e9lienne alors qu&rsquo;ils tentaient de recevoir de l&rsquo;aide. \u00bb<\/span><\/span><\/span><\/p>\n<p><span style=\"color: #000000;\">\u200b<\/span><\/p>\n","protected":false},"excerpt":{"rendered":"<p>Brigitte Challande, 24 janvier 2024.\u00a0 Cliquez ici pour consulter les R\u00e9cits complets. Marsel envoie le 24 Janvier dans la nuit ce r\u00e9sum\u00e9 sinistre et percutant de la situation\u00a0: \u00ab\u00a0Quatri\u00e8me mois <a class=\"more-link\" href=\"https:\/\/ismfrance.org\/index.php\/2024\/01\/24\/temoignages-de-gazaouis-la-survie-qui-sorganise-au-jour-le-jour-dans-lenfer-de-gaza-partie-13-le-22-01-2024\/\">Lire la suite &rarr;<\/a><\/p>\n","protected":false},"author":3,"featured_media":9161,"comment_status":"closed","ping_status":"closed","sticky":false,"template":"","format":"standard","meta":{"footnotes":""},"categories":[2,13],"tags":[156,29,46],"class_list":["post-9156","post","type-post","status-publish","format-standard","has-post-thumbnail","hentry","category-articles","category-temoignages","tag-genocide","tag-refugies","tag-solidarite"],"yoast_head":"<!-- This site is optimized with the Yoast SEO plugin v27.2 - https:\/\/yoast.com\/product\/yoast-seo-wordpress\/ -->\n<title>T\u00e9moignages de Gazaouis : La survie qui s\u2019organise au jour le jour dans l\u2019enfer de Gaza \u2013 partie 13, le 22.01.2024 - International Solidarity Movement - ISM-France<\/title>\n<meta name=\"robots\" content=\"index, follow, max-snippet:-1, max-image-preview:large, max-video-preview:-1\" \/>\n<link rel=\"canonical\" href=\"https:\/\/ismfrance.org\/index.php\/2024\/01\/24\/temoignages-de-gazaouis-la-survie-qui-sorganise-au-jour-le-jour-dans-lenfer-de-gaza-partie-13-le-22-01-2024\/\" \/>\n<meta property=\"og:locale\" content=\"fr_FR\" \/>\n<meta property=\"og:type\" content=\"article\" \/>\n<meta property=\"og:title\" content=\"T\u00e9moignages de Gazaouis : La survie qui s\u2019organise au jour le jour dans l\u2019enfer de Gaza \u2013 partie 13, le 22.01.2024 - International Solidarity Movement - ISM-France\" \/>\n<meta property=\"og:description\" content=\"Brigitte Challande, 24 janvier 2024.\u00a0 Cliquez ici pour consulter les R\u00e9cits complets. Marsel envoie le 24 Janvier dans la nuit ce r\u00e9sum\u00e9 sinistre et percutant de la situation\u00a0: \u00ab\u00a0Quatri\u00e8me mois Lire la suite &rarr;\" \/>\n<meta property=\"og:url\" content=\"https:\/\/ismfrance.org\/index.php\/2024\/01\/24\/temoignages-de-gazaouis-la-survie-qui-sorganise-au-jour-le-jour-dans-lenfer-de-gaza-partie-13-le-22-01-2024\/\" \/>\n<meta property=\"og:site_name\" content=\"International Solidarity Movement - ISM-France\" \/>\n<meta property=\"article:published_time\" content=\"2024-01-24T17:38:35+00:00\" \/>\n<meta property=\"article:modified_time\" content=\"2024-11-25T14:59:57+00:00\" \/>\n<meta property=\"og:image\" content=\"https:\/\/ismfrance.org\/wp-content\/uploads\/2024\/01\/Dune.jpeg\" \/>\n\t<meta property=\"og:image:width\" content=\"1476\" \/>\n\t<meta property=\"og:image:height\" content=\"676\" \/>\n\t<meta property=\"og:image:type\" content=\"image\/jpeg\" \/>\n<meta name=\"author\" content=\"mru_01\" \/>\n<meta name=\"twitter:card\" content=\"summary_large_image\" \/>\n<meta name=\"twitter:creator\" content=\"@ISMFRANCE\" \/>\n<meta name=\"twitter:site\" content=\"@ISMFRANCE\" \/>\n<meta name=\"twitter:label1\" content=\"\u00c9crit par\" \/>\n\t<meta name=\"twitter:data1\" content=\"mru_01\" \/>\n\t<meta name=\"twitter:label2\" content=\"Dur\u00e9e de lecture estim\u00e9e\" \/>\n\t<meta name=\"twitter:data2\" content=\"10 minutes\" \/>\n<script type=\"application\/ld+json\" class=\"yoast-schema-graph\">{\"@context\":\"https:\/\/schema.org\",\"@graph\":[{\"@type\":\"Article\",\"@id\":\"https:\/\/ismfrance.org\/index.php\/2024\/01\/24\/temoignages-de-gazaouis-la-survie-qui-sorganise-au-jour-le-jour-dans-lenfer-de-gaza-partie-13-le-22-01-2024\/#article\",\"isPartOf\":{\"@id\":\"https:\/\/ismfrance.org\/index.php\/2024\/01\/24\/temoignages-de-gazaouis-la-survie-qui-sorganise-au-jour-le-jour-dans-lenfer-de-gaza-partie-13-le-22-01-2024\/\"},\"author\":{\"name\":\"mru_01\",\"@id\":\"https:\/\/ismfrance.org\/#\/schema\/person\/3c411eb72adfaae19c0dca1f41fae01d\"},\"headline\":\"T\u00e9moignages de Gazaouis : La survie qui s\u2019organise au jour le jour dans l\u2019enfer de Gaza \u2013 partie 13, le 22.01.2024\",\"datePublished\":\"2024-01-24T17:38:35+00:00\",\"dateModified\":\"2024-11-25T14:59:57+00:00\",\"mainEntityOfPage\":{\"@id\":\"https:\/\/ismfrance.org\/index.php\/2024\/01\/24\/temoignages-de-gazaouis-la-survie-qui-sorganise-au-jour-le-jour-dans-lenfer-de-gaza-partie-13-le-22-01-2024\/\"},\"wordCount\":1940,\"publisher\":{\"@id\":\"https:\/\/ismfrance.org\/#organization\"},\"image\":{\"@id\":\"https:\/\/ismfrance.org\/index.php\/2024\/01\/24\/temoignages-de-gazaouis-la-survie-qui-sorganise-au-jour-le-jour-dans-lenfer-de-gaza-partie-13-le-22-01-2024\/#primaryimage\"},\"thumbnailUrl\":\"https:\/\/ismfrance.org\/wp-content\/uploads\/2024\/01\/Dune.jpeg\",\"keywords\":[\"G\u00e9nocide\",\"r\u00e9fugi\u00e9s\",\"solidarit\u00e9\"],\"articleSection\":[\"Articles\",\"T\u00e9moignages\"],\"inLanguage\":\"fr-FR\"},{\"@type\":\"WebPage\",\"@id\":\"https:\/\/ismfrance.org\/index.php\/2024\/01\/24\/temoignages-de-gazaouis-la-survie-qui-sorganise-au-jour-le-jour-dans-lenfer-de-gaza-partie-13-le-22-01-2024\/\",\"url\":\"https:\/\/ismfrance.org\/index.php\/2024\/01\/24\/temoignages-de-gazaouis-la-survie-qui-sorganise-au-jour-le-jour-dans-lenfer-de-gaza-partie-13-le-22-01-2024\/\",\"name\":\"T\u00e9moignages de Gazaouis : La survie qui s\u2019organise au jour le jour dans l\u2019enfer de Gaza \u2013 partie 13, le 22.01.2024 - International Solidarity Movement - ISM-France\",\"isPartOf\":{\"@id\":\"https:\/\/ismfrance.org\/#website\"},\"primaryImageOfPage\":{\"@id\":\"https:\/\/ismfrance.org\/index.php\/2024\/01\/24\/temoignages-de-gazaouis-la-survie-qui-sorganise-au-jour-le-jour-dans-lenfer-de-gaza-partie-13-le-22-01-2024\/#primaryimage\"},\"image\":{\"@id\":\"https:\/\/ismfrance.org\/index.php\/2024\/01\/24\/temoignages-de-gazaouis-la-survie-qui-sorganise-au-jour-le-jour-dans-lenfer-de-gaza-partie-13-le-22-01-2024\/#primaryimage\"},\"thumbnailUrl\":\"https:\/\/ismfrance.org\/wp-content\/uploads\/2024\/01\/Dune.jpeg\",\"datePublished\":\"2024-01-24T17:38:35+00:00\",\"dateModified\":\"2024-11-25T14:59:57+00:00\",\"breadcrumb\":{\"@id\":\"https:\/\/ismfrance.org\/index.php\/2024\/01\/24\/temoignages-de-gazaouis-la-survie-qui-sorganise-au-jour-le-jour-dans-lenfer-de-gaza-partie-13-le-22-01-2024\/#breadcrumb\"},\"inLanguage\":\"fr-FR\",\"potentialAction\":[{\"@type\":\"ReadAction\",\"target\":[\"https:\/\/ismfrance.org\/index.php\/2024\/01\/24\/temoignages-de-gazaouis-la-survie-qui-sorganise-au-jour-le-jour-dans-lenfer-de-gaza-partie-13-le-22-01-2024\/\"]}]},{\"@type\":\"ImageObject\",\"inLanguage\":\"fr-FR\",\"@id\":\"https:\/\/ismfrance.org\/index.php\/2024\/01\/24\/temoignages-de-gazaouis-la-survie-qui-sorganise-au-jour-le-jour-dans-lenfer-de-gaza-partie-13-le-22-01-2024\/#primaryimage\",\"url\":\"https:\/\/ismfrance.org\/wp-content\/uploads\/2024\/01\/Dune.jpeg\",\"contentUrl\":\"https:\/\/ismfrance.org\/wp-content\/uploads\/2024\/01\/Dune.jpeg\",\"width\":1476,\"height\":676,\"caption\":\"Maryam Abu daqa \\\" quand il n'y aura plus rien les palestinien.ne.s mangeront le sable...\\\"\"},{\"@type\":\"BreadcrumbList\",\"@id\":\"https:\/\/ismfrance.org\/index.php\/2024\/01\/24\/temoignages-de-gazaouis-la-survie-qui-sorganise-au-jour-le-jour-dans-lenfer-de-gaza-partie-13-le-22-01-2024\/#breadcrumb\",\"itemListElement\":[{\"@type\":\"ListItem\",\"position\":1,\"name\":\"Accueil\",\"item\":\"https:\/\/ismfrance.org\/\"},{\"@type\":\"ListItem\",\"position\":2,\"name\":\"T\u00e9moignages de Gazaouis : La survie qui s\u2019organise au jour le jour dans l\u2019enfer de Gaza \u2013 partie 13, le 22.01.2024\"}]},{\"@type\":\"WebSite\",\"@id\":\"https:\/\/ismfrance.org\/#website\",\"url\":\"https:\/\/ismfrance.org\/\",\"name\":\"ISM Palestine France\",\"description\":\"Soutien aux luttes de lib\u00e9ration du peuple palestinien\",\"publisher\":{\"@id\":\"https:\/\/ismfrance.org\/#organization\"},\"potentialAction\":[{\"@type\":\"SearchAction\",\"target\":{\"@type\":\"EntryPoint\",\"urlTemplate\":\"https:\/\/ismfrance.org\/?s={search_term_string}\"},\"query-input\":{\"@type\":\"PropertyValueSpecification\",\"valueRequired\":true,\"valueName\":\"search_term_string\"}}],\"inLanguage\":\"fr-FR\"},{\"@type\":\"Organization\",\"@id\":\"https:\/\/ismfrance.org\/#organization\",\"name\":\"International Solidarity Movement\",\"url\":\"https:\/\/ismfrance.org\/\",\"logo\":{\"@type\":\"ImageObject\",\"inLanguage\":\"fr-FR\",\"@id\":\"https:\/\/ismfrance.org\/#\/schema\/logo\/image\/\",\"url\":\"https:\/\/ismfrance.org\/wp-content\/uploads\/2020\/12\/00.png\",\"contentUrl\":\"https:\/\/ismfrance.org\/wp-content\/uploads\/2020\/12\/00.png\",\"width\":400,\"height\":400,\"caption\":\"International Solidarity Movement\"},\"image\":{\"@id\":\"https:\/\/ismfrance.org\/#\/schema\/logo\/image\/\"},\"sameAs\":[\"https:\/\/x.com\/ISMFRANCE\"]},{\"@type\":\"Person\",\"@id\":\"https:\/\/ismfrance.org\/#\/schema\/person\/3c411eb72adfaae19c0dca1f41fae01d\",\"name\":\"mru_01\",\"image\":{\"@type\":\"ImageObject\",\"inLanguage\":\"fr-FR\",\"@id\":\"https:\/\/secure.gravatar.com\/avatar\/3a0be343b445d2ccc79e87444a294fad2b232e90d2051d0e3cc219e1ecd6a330?s=96&d=mm&r=g\",\"url\":\"https:\/\/secure.gravatar.com\/avatar\/3a0be343b445d2ccc79e87444a294fad2b232e90d2051d0e3cc219e1ecd6a330?s=96&d=mm&r=g\",\"contentUrl\":\"https:\/\/secure.gravatar.com\/avatar\/3a0be343b445d2ccc79e87444a294fad2b232e90d2051d0e3cc219e1ecd6a330?s=96&d=mm&r=g\",\"caption\":\"mru_01\"},\"url\":\"https:\/\/ismfrance.org\/index.php\/author\/admin02\/\"}]}<\/script>\n<!-- \/ Yoast SEO plugin. -->","yoast_head_json":{"title":"T\u00e9moignages de Gazaouis : La survie qui s\u2019organise au jour le jour dans l\u2019enfer de Gaza \u2013 partie 13, le 22.01.2024 - International Solidarity Movement - ISM-France","robots":{"index":"index","follow":"follow","max-snippet":"max-snippet:-1","max-image-preview":"max-image-preview:large","max-video-preview":"max-video-preview:-1"},"canonical":"https:\/\/ismfrance.org\/index.php\/2024\/01\/24\/temoignages-de-gazaouis-la-survie-qui-sorganise-au-jour-le-jour-dans-lenfer-de-gaza-partie-13-le-22-01-2024\/","og_locale":"fr_FR","og_type":"article","og_title":"T\u00e9moignages de Gazaouis : La survie qui s\u2019organise au jour le jour dans l\u2019enfer de Gaza \u2013 partie 13, le 22.01.2024 - International Solidarity Movement - ISM-France","og_description":"Brigitte Challande, 24 janvier 2024.\u00a0 Cliquez ici pour consulter les R\u00e9cits complets. Marsel envoie le 24 Janvier dans la nuit ce r\u00e9sum\u00e9 sinistre et percutant de la situation\u00a0: \u00ab\u00a0Quatri\u00e8me mois Lire la suite &rarr;","og_url":"https:\/\/ismfrance.org\/index.php\/2024\/01\/24\/temoignages-de-gazaouis-la-survie-qui-sorganise-au-jour-le-jour-dans-lenfer-de-gaza-partie-13-le-22-01-2024\/","og_site_name":"International Solidarity Movement - ISM-France","article_published_time":"2024-01-24T17:38:35+00:00","article_modified_time":"2024-11-25T14:59:57+00:00","og_image":[{"width":1476,"height":676,"url":"https:\/\/ismfrance.org\/wp-content\/uploads\/2024\/01\/Dune.jpeg","type":"image\/jpeg"}],"author":"mru_01","twitter_card":"summary_large_image","twitter_creator":"@ISMFRANCE","twitter_site":"@ISMFRANCE","twitter_misc":{"\u00c9crit par":"mru_01","Dur\u00e9e de lecture estim\u00e9e":"10 minutes"},"schema":{"@context":"https:\/\/schema.org","@graph":[{"@type":"Article","@id":"https:\/\/ismfrance.org\/index.php\/2024\/01\/24\/temoignages-de-gazaouis-la-survie-qui-sorganise-au-jour-le-jour-dans-lenfer-de-gaza-partie-13-le-22-01-2024\/#article","isPartOf":{"@id":"https:\/\/ismfrance.org\/index.php\/2024\/01\/24\/temoignages-de-gazaouis-la-survie-qui-sorganise-au-jour-le-jour-dans-lenfer-de-gaza-partie-13-le-22-01-2024\/"},"author":{"name":"mru_01","@id":"https:\/\/ismfrance.org\/#\/schema\/person\/3c411eb72adfaae19c0dca1f41fae01d"},"headline":"T\u00e9moignages de Gazaouis : La survie qui s\u2019organise au jour le jour dans l\u2019enfer de Gaza \u2013 partie 13, le 22.01.2024","datePublished":"2024-01-24T17:38:35+00:00","dateModified":"2024-11-25T14:59:57+00:00","mainEntityOfPage":{"@id":"https:\/\/ismfrance.org\/index.php\/2024\/01\/24\/temoignages-de-gazaouis-la-survie-qui-sorganise-au-jour-le-jour-dans-lenfer-de-gaza-partie-13-le-22-01-2024\/"},"wordCount":1940,"publisher":{"@id":"https:\/\/ismfrance.org\/#organization"},"image":{"@id":"https:\/\/ismfrance.org\/index.php\/2024\/01\/24\/temoignages-de-gazaouis-la-survie-qui-sorganise-au-jour-le-jour-dans-lenfer-de-gaza-partie-13-le-22-01-2024\/#primaryimage"},"thumbnailUrl":"https:\/\/ismfrance.org\/wp-content\/uploads\/2024\/01\/Dune.jpeg","keywords":["G\u00e9nocide","r\u00e9fugi\u00e9s","solidarit\u00e9"],"articleSection":["Articles","T\u00e9moignages"],"inLanguage":"fr-FR"},{"@type":"WebPage","@id":"https:\/\/ismfrance.org\/index.php\/2024\/01\/24\/temoignages-de-gazaouis-la-survie-qui-sorganise-au-jour-le-jour-dans-lenfer-de-gaza-partie-13-le-22-01-2024\/","url":"https:\/\/ismfrance.org\/index.php\/2024\/01\/24\/temoignages-de-gazaouis-la-survie-qui-sorganise-au-jour-le-jour-dans-lenfer-de-gaza-partie-13-le-22-01-2024\/","name":"T\u00e9moignages de Gazaouis : La survie qui s\u2019organise au jour le jour dans l\u2019enfer de Gaza \u2013 partie 13, le 22.01.2024 - International Solidarity Movement - ISM-France","isPartOf":{"@id":"https:\/\/ismfrance.org\/#website"},"primaryImageOfPage":{"@id":"https:\/\/ismfrance.org\/index.php\/2024\/01\/24\/temoignages-de-gazaouis-la-survie-qui-sorganise-au-jour-le-jour-dans-lenfer-de-gaza-partie-13-le-22-01-2024\/#primaryimage"},"image":{"@id":"https:\/\/ismfrance.org\/index.php\/2024\/01\/24\/temoignages-de-gazaouis-la-survie-qui-sorganise-au-jour-le-jour-dans-lenfer-de-gaza-partie-13-le-22-01-2024\/#primaryimage"},"thumbnailUrl":"https:\/\/ismfrance.org\/wp-content\/uploads\/2024\/01\/Dune.jpeg","datePublished":"2024-01-24T17:38:35+00:00","dateModified":"2024-11-25T14:59:57+00:00","breadcrumb":{"@id":"https:\/\/ismfrance.org\/index.php\/2024\/01\/24\/temoignages-de-gazaouis-la-survie-qui-sorganise-au-jour-le-jour-dans-lenfer-de-gaza-partie-13-le-22-01-2024\/#breadcrumb"},"inLanguage":"fr-FR","potentialAction":[{"@type":"ReadAction","target":["https:\/\/ismfrance.org\/index.php\/2024\/01\/24\/temoignages-de-gazaouis-la-survie-qui-sorganise-au-jour-le-jour-dans-lenfer-de-gaza-partie-13-le-22-01-2024\/"]}]},{"@type":"ImageObject","inLanguage":"fr-FR","@id":"https:\/\/ismfrance.org\/index.php\/2024\/01\/24\/temoignages-de-gazaouis-la-survie-qui-sorganise-au-jour-le-jour-dans-lenfer-de-gaza-partie-13-le-22-01-2024\/#primaryimage","url":"https:\/\/ismfrance.org\/wp-content\/uploads\/2024\/01\/Dune.jpeg","contentUrl":"https:\/\/ismfrance.org\/wp-content\/uploads\/2024\/01\/Dune.jpeg","width":1476,"height":676,"caption":"Maryam Abu daqa \" quand il n'y aura plus rien les palestinien.ne.s mangeront le sable...\""},{"@type":"BreadcrumbList","@id":"https:\/\/ismfrance.org\/index.php\/2024\/01\/24\/temoignages-de-gazaouis-la-survie-qui-sorganise-au-jour-le-jour-dans-lenfer-de-gaza-partie-13-le-22-01-2024\/#breadcrumb","itemListElement":[{"@type":"ListItem","position":1,"name":"Accueil","item":"https:\/\/ismfrance.org\/"},{"@type":"ListItem","position":2,"name":"T\u00e9moignages de Gazaouis : La survie qui s\u2019organise au jour le jour dans l\u2019enfer de Gaza \u2013 partie 13, le 22.01.2024"}]},{"@type":"WebSite","@id":"https:\/\/ismfrance.org\/#website","url":"https:\/\/ismfrance.org\/","name":"ISM Palestine France","description":"Soutien aux luttes de lib\u00e9ration du peuple palestinien","publisher":{"@id":"https:\/\/ismfrance.org\/#organization"},"potentialAction":[{"@type":"SearchAction","target":{"@type":"EntryPoint","urlTemplate":"https:\/\/ismfrance.org\/?s={search_term_string}"},"query-input":{"@type":"PropertyValueSpecification","valueRequired":true,"valueName":"search_term_string"}}],"inLanguage":"fr-FR"},{"@type":"Organization","@id":"https:\/\/ismfrance.org\/#organization","name":"International Solidarity Movement","url":"https:\/\/ismfrance.org\/","logo":{"@type":"ImageObject","inLanguage":"fr-FR","@id":"https:\/\/ismfrance.org\/#\/schema\/logo\/image\/","url":"https:\/\/ismfrance.org\/wp-content\/uploads\/2020\/12\/00.png","contentUrl":"https:\/\/ismfrance.org\/wp-content\/uploads\/2020\/12\/00.png","width":400,"height":400,"caption":"International Solidarity Movement"},"image":{"@id":"https:\/\/ismfrance.org\/#\/schema\/logo\/image\/"},"sameAs":["https:\/\/x.com\/ISMFRANCE"]},{"@type":"Person","@id":"https:\/\/ismfrance.org\/#\/schema\/person\/3c411eb72adfaae19c0dca1f41fae01d","name":"mru_01","image":{"@type":"ImageObject","inLanguage":"fr-FR","@id":"https:\/\/secure.gravatar.com\/avatar\/3a0be343b445d2ccc79e87444a294fad2b232e90d2051d0e3cc219e1ecd6a330?s=96&d=mm&r=g","url":"https:\/\/secure.gravatar.com\/avatar\/3a0be343b445d2ccc79e87444a294fad2b232e90d2051d0e3cc219e1ecd6a330?s=96&d=mm&r=g","contentUrl":"https:\/\/secure.gravatar.com\/avatar\/3a0be343b445d2ccc79e87444a294fad2b232e90d2051d0e3cc219e1ecd6a330?s=96&d=mm&r=g","caption":"mru_01"},"url":"https:\/\/ismfrance.org\/index.php\/author\/admin02\/"}]}},"_links":{"self":[{"href":"https:\/\/ismfrance.org\/index.php\/wp-json\/wp\/v2\/posts\/9156","targetHints":{"allow":["GET"]}}],"collection":[{"href":"https:\/\/ismfrance.org\/index.php\/wp-json\/wp\/v2\/posts"}],"about":[{"href":"https:\/\/ismfrance.org\/index.php\/wp-json\/wp\/v2\/types\/post"}],"author":[{"embeddable":true,"href":"https:\/\/ismfrance.org\/index.php\/wp-json\/wp\/v2\/users\/3"}],"replies":[{"embeddable":true,"href":"https:\/\/ismfrance.org\/index.php\/wp-json\/wp\/v2\/comments?post=9156"}],"version-history":[{"count":0,"href":"https:\/\/ismfrance.org\/index.php\/wp-json\/wp\/v2\/posts\/9156\/revisions"}],"wp:featuredmedia":[{"embeddable":true,"href":"https:\/\/ismfrance.org\/index.php\/wp-json\/wp\/v2\/media\/9161"}],"wp:attachment":[{"href":"https:\/\/ismfrance.org\/index.php\/wp-json\/wp\/v2\/media?parent=9156"}],"wp:term":[{"taxonomy":"category","embeddable":true,"href":"https:\/\/ismfrance.org\/index.php\/wp-json\/wp\/v2\/categories?post=9156"},{"taxonomy":"post_tag","embeddable":true,"href":"https:\/\/ismfrance.org\/index.php\/wp-json\/wp\/v2\/tags?post=9156"}],"curies":[{"name":"wp","href":"https:\/\/api.w.org\/{rel}","templated":true}]}}