{"id":913,"date":"2021-09-12T14:24:37","date_gmt":"2021-09-12T12:24:37","guid":{"rendered":"https:\/\/ismfrance.org\/?p=913"},"modified":"2021-11-12T10:56:37","modified_gmt":"2021-11-12T09:56:37","slug":"abu-obeida-tout-accord-dechange-naura-lieu-que-sil-inclut-les-prisonniers-liberes-de-la-prison-de-gilboa","status":"publish","type":"post","link":"https:\/\/ismfrance.org\/index.php\/2021\/09\/12\/abu-obeida-tout-accord-dechange-naura-lieu-que-sil-inclut-les-prisonniers-liberes-de-la-prison-de-gilboa\/","title":{"rendered":"Abu Obeida : Tout accord d&rsquo;\u00e9change n&rsquo;aura lieu que s&rsquo;il inclut les prisonniers lib\u00e9r\u00e9s de la prison de Gilboa"},"content":{"rendered":"<p><strong>Al-Mayadeen, 11 septembre 2021.<\/strong> Abu Obeida, le porte-parole militaire des Brigades Izz al-Din al-Qassam, la branche militaire du Hamas, a affirm\u00e9 aujourd&rsquo;hui, samedi, que \u00ab\u00a0<em>l&rsquo;\u00e9vasion des prisonniers a d\u00e9montr\u00e9 une fois de plus la fragilit\u00e9 de la s\u00e9curit\u00e9 de l&rsquo;ennemi<\/em>.\u00a0\u00bb<\/p>\n<div id=\"attachment_914\" style=\"width: 1180px\" class=\"wp-caption aligncenter\"><img loading=\"lazy\" decoding=\"async\" aria-describedby=\"caption-attachment-914\" class=\"size-full wp-image-914\" src=\"https:\/\/ismfrance.org\/wp-content\/uploads\/2021\/09\/soutien-ramallah.jpg\" alt=\"\" width=\"1170\" height=\"682\" srcset=\"https:\/\/ismfrance.org\/wp-content\/uploads\/2021\/09\/soutien-ramallah.jpg 1170w, https:\/\/ismfrance.org\/wp-content\/uploads\/2021\/09\/soutien-ramallah-300x175.jpg 300w, https:\/\/ismfrance.org\/wp-content\/uploads\/2021\/09\/soutien-ramallah-700x408.jpg 700w, https:\/\/ismfrance.org\/wp-content\/uploads\/2021\/09\/soutien-ramallah-768x448.jpg 768w\" sizes=\"auto, (max-width: 1170px) 100vw, 1170px\" \/><p id=\"caption-attachment-914\" class=\"wp-caption-text\">Manifestation en soutien aux prisonniers samedi 11 \u00e0 Ramallah<\/p><\/div>\n<p>Abu Obeida a d\u00e9clar\u00e9 que \u00ab\u00a0<em>tout accord d&rsquo;\u00e9change n&rsquo;aura lieu que s&rsquo;il inclut les prisonniers lib\u00e9r\u00e9s de la prison de Gilboa<\/em>\u00ab\u00a0, soulignant que \u00ab\u00a0<em>la re-arrestation des h\u00e9ros du tunnel de la libert\u00e9 n&rsquo;occulte pas la honte qui s&rsquo;est abattue sur l&rsquo;establishment s\u00e9curitaire isra\u00e9lien<\/em>.\u00a0\u00bb<\/p>\n<p>\u00ab\u00a0<em>Nous affirmons que le camp de J\u00e9nine et ses r\u00e9volutionnaires ne sont pas seuls face aux menaces que l&rsquo;ennemi fait peser sur notre peuple en Cisjordanie<\/em>\u00ab\u00a0, a-t-il d\u00e9clar\u00e9, expliquant que \u00ab\u00a0<em>si les h\u00e9ros du tunnel de la libert\u00e9 ont \u00e9t\u00e9 lib\u00e9r\u00e9s du sous-sol, nous promettons qu&rsquo;ils seront bient\u00f4t lib\u00e9r\u00e9s de la surface du sol.<\/em>\u00a0\u00bb<\/p>\n<p>Abu Ubaidah a ajout\u00e9 : \u00ab\u00a0<em>Nous serrons les mains de nos chers prisonniers dans leur honorable soul\u00e8vement&#8230; et nous leur disons\u00a0: \u2018nous sommes avec vous, nous ne vous abandonnerons pas, et nous ne permettrons pas \u00e0 l&rsquo;ennemi de vous isoler\u2019<\/em>.\u00a0\u00bb<\/p>\n<p style=\"text-align: center;\"><strong><a href=\"https:\/\/twitter.com\/i\/status\/1436750549299470347\">Voir la vid\u00e9o du discours de Abu Obeida ici<\/a><\/strong><\/p>\n<p>Plus t\u00f4t dans la soir\u00e9e, la radio de l&rsquo;occupation isra\u00e9lienne a annonc\u00e9 l&rsquo;arrestation de deux des prisonniers lib\u00e9r\u00e9s de la prison de Gilboa, Yacoub Qadri et Mahmoud Arda, et a annonc\u00e9 l&rsquo;arrestation \u00e0 l&rsquo;aube de deux autres, Zakaria Al-Zubaidi et Muhammad Ardah.<\/p>\n<p>Les m\u00e9dias isra\u00e9liens ont rapport\u00e9 que \u00ab\u00a0<em>l&rsquo;arrestation des deux prisonniers<\/em> (Yacoub Qadri et Mahmoud Ardah) <em>n&rsquo;\u00e9tait pas le r\u00e9sultat d&rsquo;un travail de renseignement ou d&rsquo;un effort op\u00e9rationnel<\/em>\u00ab\u00a0, mais \u00ab\u00a0<em>le r\u00e9sultat de la vigilance de colons qui ont remarqu\u00e9 leur pr\u00e9sence et ont appel\u00e9 la police<\/em>\u00ab\u00a0.<\/p>\n<p>Imm\u00e9diatement apr\u00e8s l&rsquo;annonce de l&rsquo;arrestation des prisonniers lib\u00e9r\u00e9s, des marches ont eu lieu dans diff\u00e9rentes zones de la Palestine occup\u00e9e, o\u00f9 des affrontements ont \u00e9clat\u00e9 au carrefour de la ville de Beita, au sud-est de Naplouse, tandis qu&rsquo;une marche massive parcourait les rues de la ville d&rsquo;Arraba, au sud de J\u00e9nine, en soutien aux familles des prisonniers.<\/p>\n<p>Les Palestiniens ont fait exploser un engin explosif pr\u00e8s du poste de contr\u00f4le d&rsquo;Al-Jalama, tout en tirant sur les forces d&rsquo;occupation isra\u00e9liennes pr\u00e8s du pont de Halhul. Ils ont \u00e9galement tir\u00e9 sur la maison d&rsquo;un g\u00e9n\u00e9ral de la police isra\u00e9lienne dans la ville de Kafr Kana.<\/p>\n<p>Le chef du mouvement du Jihad islamique, Daoud Shehab, a confirm\u00e9 que \u00ab\u00a0<em>la r\u00e9sistance n&rsquo;a pas encore d\u00e9pos\u00e9 les armes, et elle les sortira \u00e0 tout moment pour prot\u00e9ger les prisonniers qui sont soumis \u00e0 des attaques brutales dans les prisons de l&rsquo;occupation.<\/em>\u00a0\u00bb<\/p>\n<p>Trois jours apr\u00e8s la lib\u00e9ration des prisonniers par un tunnel sous la prison de Gilboa, les autorit\u00e9s de l&rsquo;occupation se sont empress\u00e9es de lancer des actions brutales contre les prisonniers \u00e0 l&rsquo;int\u00e9rieur des 23 prisons et centres de d\u00e9tention de l&rsquo;occupation, qui sont r\u00e9partis dans les territoires palestiniens occup\u00e9s (en Palestine 48, ndt).<\/p>\n<p>Les forces d&rsquo;occupation ont men\u00e9 des campagnes de fouille, emp\u00each\u00e9 les visites, emp\u00each\u00e9 le mouvement des prisonniers, augment\u00e9 leur nombre \u00e0 l&rsquo;int\u00e9rieur des salles de prison, et impos\u00e9 des punitions collectives.<\/p>\n<p>Les prisonniers du Jihad islamique ont mis \u00e0 ex\u00e9cution leur menace d&rsquo;incendier la section dans laquelle ils se trouvaient dans les prisons de Negev et de Ramon, selon les m\u00e9dias palestiniens.<\/p>\n<p>Suite aux mesures arbitraires prises par les forces d&rsquo;occupation \u00e0 l&rsquo;encontre des prisonniers palestiniens, et \u00e0 leur agression pendant plusieurs jours, des Palestiniens en masses sont sorties dans les villes palestiniennes pour soutenir les prisonniers dans les prisons isra\u00e9liennes.<\/p>\n<p style=\"text-align: center;\"><strong><a href=\"https:\/\/twitter.com\/i\/status\/1436755691784581122\">Voir la vid\u00e9o du rassemblement des Palestiniens devant le tribunal de Nazareth, le 11 au soir pour exprimer leur soutien aux quatre \u00e9vad\u00e9s repris.<\/a><\/strong><\/p>\n<p style=\"text-align: center;\">&#8212;&#8212;&#8212;&#8212;-<\/p>\n<div id=\"attachment_934\" style=\"width: 690px\" class=\"wp-caption aligncenter\"><img loading=\"lazy\" decoding=\"async\" aria-describedby=\"caption-attachment-934\" class=\"size-full wp-image-934\" src=\"https:\/\/ismfrance.org\/wp-content\/uploads\/2021\/09\/4-heroes.jpg\" alt=\"\" width=\"680\" height=\"680\" srcset=\"https:\/\/ismfrance.org\/wp-content\/uploads\/2021\/09\/4-heroes.jpg 680w, https:\/\/ismfrance.org\/wp-content\/uploads\/2021\/09\/4-heroes-300x300.jpg 300w, https:\/\/ismfrance.org\/wp-content\/uploads\/2021\/09\/4-heroes-150x150.jpg 150w, https:\/\/ismfrance.org\/wp-content\/uploads\/2021\/09\/4-heroes-144x144.jpg 144w\" sizes=\"auto, (max-width: 680px) 100vw, 680px\" \/><p id=\"caption-attachment-934\" class=\"wp-caption-text\">De gauche \u00e0 droite et de haut en bas : Mohammed Al-Ardah, Zakaria Zubaidi, Mahmoud Al-Ardah et Yacoub Qadri devant le tribunal de l\u2019ennemi.<\/p><\/div>\n<p>&nbsp;<\/p>\n<div id=\"attachment_918\" style=\"width: 778px\" class=\"wp-caption aligncenter\"><img loading=\"lazy\" decoding=\"async\" aria-describedby=\"caption-attachment-918\" class=\"size-full wp-image-918\" src=\"https:\/\/ismfrance.org\/wp-content\/uploads\/2021\/09\/zakaria-blesse.jpg\" alt=\"\" width=\"768\" height=\"800\" srcset=\"https:\/\/ismfrance.org\/wp-content\/uploads\/2021\/09\/zakaria-blesse.jpg 768w, https:\/\/ismfrance.org\/wp-content\/uploads\/2021\/09\/zakaria-blesse-288x300.jpg 288w, https:\/\/ismfrance.org\/wp-content\/uploads\/2021\/09\/zakaria-blesse-672x700.jpg 672w\" sizes=\"auto, (max-width: 768px) 100vw, 768px\" \/><p id=\"caption-attachment-918\" class=\"wp-caption-text\">Zakaria Zubaidi, rou\u00e9 de coups pendant son arrestation, a \u00e9t\u00e9 emmen\u00e9 aujourd\u2019hui au centre m\u00e9dical Rambam, \u00e0 Ha\u00effa, pour y \u00eatre soign\u00e9.<\/p><\/div>\n<p><em>Article original en arabe sur <a href=\"https:\/\/www.almayadeen.net\/news\/politics\/%D8%A3%D8%A8%D9%88-%D8%B9%D8%A8%D9%8A%D8%AF%D8%A9:-%D8%A3%D9%8A-%D8%B5%D9%81%D9%82%D8%A9-%D8%AA%D8%A8%D8%A7%D8%AF%D9%84-%D9%84%D9%86-%D8%AA%D8%AA%D9%85-%D8%A5%D9%84%D8%A7-%D8%A5%D9%86-%D8%B4%D9%85%D9%84%D8%AA-%D8%A7%D9%84%D8%A3%D8%B3%D8%B1%D9%89-%D8%A7%D9%84%D9%85%D8%AD%D8%B1%D8%B1%D9%8A%D9%86\">Al-Mayadeen<\/a>.<\/em><\/p>\n","protected":false},"excerpt":{"rendered":"<p>Al-Mayadeen, 11 septembre 2021. Abu Obeida, le porte-parole militaire des Brigades Izz al-Din al-Qassam, la branche militaire du Hamas, a affirm\u00e9 aujourd&rsquo;hui, samedi, que \u00ab\u00a0l&rsquo;\u00e9vasion des prisonniers a d\u00e9montr\u00e9 une <a class=\"more-link\" href=\"https:\/\/ismfrance.org\/index.php\/2021\/09\/12\/abu-obeida-tout-accord-dechange-naura-lieu-que-sil-inclut-les-prisonniers-liberes-de-la-prison-de-gilboa\/\">Lire la suite &rarr;<\/a><\/p>\n","protected":false},"author":3,"featured_media":914,"comment_status":"closed","ping_status":"open","sticky":false,"template":"","format":"standard","meta":{"footnotes":""},"categories":[2,13],"tags":[21,3],"class_list":["post-913","post","type-post","status-publish","format-standard","has-post-thumbnail","hentry","category-articles","category-temoignages","tag-prisonniers","tag-resistance"],"yoast_head":"<!-- This site is optimized with the Yoast SEO plugin v27.5 - https:\/\/yoast.com\/product\/yoast-seo-wordpress\/ -->\n<title>Abu Obeida : Tout accord d&#039;\u00e9change n&#039;aura lieu que s&#039;il inclut les prisonniers lib\u00e9r\u00e9s de la prison de Gilboa - International Solidarity Movement - ISM-France<\/title>\n<meta name=\"robots\" content=\"index, follow, max-snippet:-1, max-image-preview:large, max-video-preview:-1\" \/>\n<link rel=\"canonical\" href=\"https:\/\/ismfrance.org\/index.php\/2021\/09\/12\/abu-obeida-tout-accord-dechange-naura-lieu-que-sil-inclut-les-prisonniers-liberes-de-la-prison-de-gilboa\/\" \/>\n<meta property=\"og:locale\" content=\"fr_FR\" \/>\n<meta property=\"og:type\" content=\"article\" \/>\n<meta property=\"og:title\" content=\"Abu Obeida : Tout accord d&#039;\u00e9change n&#039;aura lieu que s&#039;il inclut les prisonniers lib\u00e9r\u00e9s de la prison de Gilboa - International Solidarity Movement - ISM-France\" \/>\n<meta property=\"og:description\" content=\"Al-Mayadeen, 11 septembre 2021. Abu Obeida, le porte-parole militaire des Brigades Izz al-Din al-Qassam, la branche militaire du Hamas, a affirm\u00e9 aujourd&rsquo;hui, samedi, que \u00ab\u00a0l&rsquo;\u00e9vasion des prisonniers a d\u00e9montr\u00e9 une Lire la suite &rarr;\" \/>\n<meta property=\"og:url\" content=\"https:\/\/ismfrance.org\/index.php\/2021\/09\/12\/abu-obeida-tout-accord-dechange-naura-lieu-que-sil-inclut-les-prisonniers-liberes-de-la-prison-de-gilboa\/\" \/>\n<meta property=\"og:site_name\" content=\"International Solidarity Movement - ISM-France\" \/>\n<meta property=\"article:published_time\" content=\"2021-09-12T12:24:37+00:00\" \/>\n<meta property=\"article:modified_time\" content=\"2021-11-12T09:56:37+00:00\" \/>\n<meta property=\"og:image\" content=\"https:\/\/ismfrance.org\/wp-content\/uploads\/2021\/09\/soutien-ramallah.jpg\" \/>\n\t<meta property=\"og:image:width\" content=\"1170\" \/>\n\t<meta property=\"og:image:height\" content=\"682\" \/>\n\t<meta property=\"og:image:type\" content=\"image\/jpeg\" \/>\n<meta name=\"author\" content=\"mru_01\" \/>\n<meta name=\"twitter:card\" content=\"summary_large_image\" \/>\n<meta name=\"twitter:creator\" content=\"@ISMFRANCE\" \/>\n<meta name=\"twitter:site\" content=\"@ISMFRANCE\" \/>\n<meta name=\"twitter:label1\" content=\"\u00c9crit par\" \/>\n\t<meta name=\"twitter:data1\" content=\"mru_01\" \/>\n\t<meta name=\"twitter:label2\" content=\"Dur\u00e9e de lecture estim\u00e9e\" \/>\n\t<meta name=\"twitter:data2\" content=\"4 minutes\" \/>\n<script type=\"application\/ld+json\" class=\"yoast-schema-graph\">{\"@context\":\"https:\\\/\\\/schema.org\",\"@graph\":[{\"@type\":\"Article\",\"@id\":\"https:\\\/\\\/ismfrance.org\\\/index.php\\\/2021\\\/09\\\/12\\\/abu-obeida-tout-accord-dechange-naura-lieu-que-sil-inclut-les-prisonniers-liberes-de-la-prison-de-gilboa\\\/#article\",\"isPartOf\":{\"@id\":\"https:\\\/\\\/ismfrance.org\\\/index.php\\\/2021\\\/09\\\/12\\\/abu-obeida-tout-accord-dechange-naura-lieu-que-sil-inclut-les-prisonniers-liberes-de-la-prison-de-gilboa\\\/\"},\"author\":{\"name\":\"mru_01\",\"@id\":\"https:\\\/\\\/ismfrance.org\\\/#\\\/schema\\\/person\\\/3c411eb72adfaae19c0dca1f41fae01d\"},\"headline\":\"Abu Obeida : Tout accord d&rsquo;\u00e9change n&rsquo;aura lieu que s&rsquo;il inclut les prisonniers lib\u00e9r\u00e9s de la prison de Gilboa\",\"datePublished\":\"2021-09-12T12:24:37+00:00\",\"dateModified\":\"2021-11-12T09:56:37+00:00\",\"mainEntityOfPage\":{\"@id\":\"https:\\\/\\\/ismfrance.org\\\/index.php\\\/2021\\\/09\\\/12\\\/abu-obeida-tout-accord-dechange-naura-lieu-que-sil-inclut-les-prisonniers-liberes-de-la-prison-de-gilboa\\\/\"},\"wordCount\":788,\"publisher\":{\"@id\":\"https:\\\/\\\/ismfrance.org\\\/#organization\"},\"image\":{\"@id\":\"https:\\\/\\\/ismfrance.org\\\/index.php\\\/2021\\\/09\\\/12\\\/abu-obeida-tout-accord-dechange-naura-lieu-que-sil-inclut-les-prisonniers-liberes-de-la-prison-de-gilboa\\\/#primaryimage\"},\"thumbnailUrl\":\"https:\\\/\\\/ismfrance.org\\\/wp-content\\\/uploads\\\/2021\\\/09\\\/soutien-ramallah.jpg\",\"keywords\":[\"Prisonniers\",\"R\u00e9sistance\"],\"articleSection\":[\"Articles\",\"T\u00e9moignages\"],\"inLanguage\":\"fr-FR\"},{\"@type\":\"WebPage\",\"@id\":\"https:\\\/\\\/ismfrance.org\\\/index.php\\\/2021\\\/09\\\/12\\\/abu-obeida-tout-accord-dechange-naura-lieu-que-sil-inclut-les-prisonniers-liberes-de-la-prison-de-gilboa\\\/\",\"url\":\"https:\\\/\\\/ismfrance.org\\\/index.php\\\/2021\\\/09\\\/12\\\/abu-obeida-tout-accord-dechange-naura-lieu-que-sil-inclut-les-prisonniers-liberes-de-la-prison-de-gilboa\\\/\",\"name\":\"Abu Obeida : Tout accord d'\u00e9change n'aura lieu que s'il inclut les prisonniers lib\u00e9r\u00e9s de la prison de Gilboa - International Solidarity Movement - ISM-France\",\"isPartOf\":{\"@id\":\"https:\\\/\\\/ismfrance.org\\\/#website\"},\"primaryImageOfPage\":{\"@id\":\"https:\\\/\\\/ismfrance.org\\\/index.php\\\/2021\\\/09\\\/12\\\/abu-obeida-tout-accord-dechange-naura-lieu-que-sil-inclut-les-prisonniers-liberes-de-la-prison-de-gilboa\\\/#primaryimage\"},\"image\":{\"@id\":\"https:\\\/\\\/ismfrance.org\\\/index.php\\\/2021\\\/09\\\/12\\\/abu-obeida-tout-accord-dechange-naura-lieu-que-sil-inclut-les-prisonniers-liberes-de-la-prison-de-gilboa\\\/#primaryimage\"},\"thumbnailUrl\":\"https:\\\/\\\/ismfrance.org\\\/wp-content\\\/uploads\\\/2021\\\/09\\\/soutien-ramallah.jpg\",\"datePublished\":\"2021-09-12T12:24:37+00:00\",\"dateModified\":\"2021-11-12T09:56:37+00:00\",\"breadcrumb\":{\"@id\":\"https:\\\/\\\/ismfrance.org\\\/index.php\\\/2021\\\/09\\\/12\\\/abu-obeida-tout-accord-dechange-naura-lieu-que-sil-inclut-les-prisonniers-liberes-de-la-prison-de-gilboa\\\/#breadcrumb\"},\"inLanguage\":\"fr-FR\",\"potentialAction\":[{\"@type\":\"ReadAction\",\"target\":[\"https:\\\/\\\/ismfrance.org\\\/index.php\\\/2021\\\/09\\\/12\\\/abu-obeida-tout-accord-dechange-naura-lieu-que-sil-inclut-les-prisonniers-liberes-de-la-prison-de-gilboa\\\/\"]}]},{\"@type\":\"ImageObject\",\"inLanguage\":\"fr-FR\",\"@id\":\"https:\\\/\\\/ismfrance.org\\\/index.php\\\/2021\\\/09\\\/12\\\/abu-obeida-tout-accord-dechange-naura-lieu-que-sil-inclut-les-prisonniers-liberes-de-la-prison-de-gilboa\\\/#primaryimage\",\"url\":\"https:\\\/\\\/ismfrance.org\\\/wp-content\\\/uploads\\\/2021\\\/09\\\/soutien-ramallah.jpg\",\"contentUrl\":\"https:\\\/\\\/ismfrance.org\\\/wp-content\\\/uploads\\\/2021\\\/09\\\/soutien-ramallah.jpg\",\"width\":1170,\"height\":682,\"caption\":\"Manifestation en soutien aux prisonniers samedi 11 \u00e0 Ramallah\"},{\"@type\":\"BreadcrumbList\",\"@id\":\"https:\\\/\\\/ismfrance.org\\\/index.php\\\/2021\\\/09\\\/12\\\/abu-obeida-tout-accord-dechange-naura-lieu-que-sil-inclut-les-prisonniers-liberes-de-la-prison-de-gilboa\\\/#breadcrumb\",\"itemListElement\":[{\"@type\":\"ListItem\",\"position\":1,\"name\":\"Accueil\",\"item\":\"https:\\\/\\\/ismfrance.org\\\/\"},{\"@type\":\"ListItem\",\"position\":2,\"name\":\"Abu Obeida : Tout accord d&#8217;\u00e9change n&#8217;aura lieu que s&#8217;il inclut les prisonniers lib\u00e9r\u00e9s de la prison de Gilboa\"}]},{\"@type\":\"WebSite\",\"@id\":\"https:\\\/\\\/ismfrance.org\\\/#website\",\"url\":\"https:\\\/\\\/ismfrance.org\\\/\",\"name\":\"ISM Palestine France\",\"description\":\"Soutien aux luttes de lib\u00e9ration du peuple palestinien\",\"publisher\":{\"@id\":\"https:\\\/\\\/ismfrance.org\\\/#organization\"},\"potentialAction\":[{\"@type\":\"SearchAction\",\"target\":{\"@type\":\"EntryPoint\",\"urlTemplate\":\"https:\\\/\\\/ismfrance.org\\\/?s={search_term_string}\"},\"query-input\":{\"@type\":\"PropertyValueSpecification\",\"valueRequired\":true,\"valueName\":\"search_term_string\"}}],\"inLanguage\":\"fr-FR\"},{\"@type\":\"Organization\",\"@id\":\"https:\\\/\\\/ismfrance.org\\\/#organization\",\"name\":\"International Solidarity Movement\",\"url\":\"https:\\\/\\\/ismfrance.org\\\/\",\"logo\":{\"@type\":\"ImageObject\",\"inLanguage\":\"fr-FR\",\"@id\":\"https:\\\/\\\/ismfrance.org\\\/#\\\/schema\\\/logo\\\/image\\\/\",\"url\":\"https:\\\/\\\/ismfrance.org\\\/wp-content\\\/uploads\\\/2020\\\/12\\\/00.png\",\"contentUrl\":\"https:\\\/\\\/ismfrance.org\\\/wp-content\\\/uploads\\\/2020\\\/12\\\/00.png\",\"width\":400,\"height\":400,\"caption\":\"International Solidarity Movement\"},\"image\":{\"@id\":\"https:\\\/\\\/ismfrance.org\\\/#\\\/schema\\\/logo\\\/image\\\/\"},\"sameAs\":[\"https:\\\/\\\/x.com\\\/ISMFRANCE\"]},{\"@type\":\"Person\",\"@id\":\"https:\\\/\\\/ismfrance.org\\\/#\\\/schema\\\/person\\\/3c411eb72adfaae19c0dca1f41fae01d\",\"name\":\"mru_01\",\"image\":{\"@type\":\"ImageObject\",\"inLanguage\":\"fr-FR\",\"@id\":\"https:\\\/\\\/secure.gravatar.com\\\/avatar\\\/3a0be343b445d2ccc79e87444a294fad2b232e90d2051d0e3cc219e1ecd6a330?s=96&d=mm&r=g\",\"url\":\"https:\\\/\\\/secure.gravatar.com\\\/avatar\\\/3a0be343b445d2ccc79e87444a294fad2b232e90d2051d0e3cc219e1ecd6a330?s=96&d=mm&r=g\",\"contentUrl\":\"https:\\\/\\\/secure.gravatar.com\\\/avatar\\\/3a0be343b445d2ccc79e87444a294fad2b232e90d2051d0e3cc219e1ecd6a330?s=96&d=mm&r=g\",\"caption\":\"mru_01\"},\"url\":\"https:\\\/\\\/ismfrance.org\\\/index.php\\\/author\\\/admin02\\\/\"}]}<\/script>\n<!-- \/ Yoast SEO plugin. -->","yoast_head_json":{"title":"Abu Obeida : Tout accord d'\u00e9change n'aura lieu que s'il inclut les prisonniers lib\u00e9r\u00e9s de la prison de Gilboa - International Solidarity Movement - ISM-France","robots":{"index":"index","follow":"follow","max-snippet":"max-snippet:-1","max-image-preview":"max-image-preview:large","max-video-preview":"max-video-preview:-1"},"canonical":"https:\/\/ismfrance.org\/index.php\/2021\/09\/12\/abu-obeida-tout-accord-dechange-naura-lieu-que-sil-inclut-les-prisonniers-liberes-de-la-prison-de-gilboa\/","og_locale":"fr_FR","og_type":"article","og_title":"Abu Obeida : Tout accord d'\u00e9change n'aura lieu que s'il inclut les prisonniers lib\u00e9r\u00e9s de la prison de Gilboa - International Solidarity Movement - ISM-France","og_description":"Al-Mayadeen, 11 septembre 2021. Abu Obeida, le porte-parole militaire des Brigades Izz al-Din al-Qassam, la branche militaire du Hamas, a affirm\u00e9 aujourd&rsquo;hui, samedi, que \u00ab\u00a0l&rsquo;\u00e9vasion des prisonniers a d\u00e9montr\u00e9 une Lire la suite &rarr;","og_url":"https:\/\/ismfrance.org\/index.php\/2021\/09\/12\/abu-obeida-tout-accord-dechange-naura-lieu-que-sil-inclut-les-prisonniers-liberes-de-la-prison-de-gilboa\/","og_site_name":"International Solidarity Movement - ISM-France","article_published_time":"2021-09-12T12:24:37+00:00","article_modified_time":"2021-11-12T09:56:37+00:00","og_image":[{"width":1170,"height":682,"url":"https:\/\/ismfrance.org\/wp-content\/uploads\/2021\/09\/soutien-ramallah.jpg","type":"image\/jpeg"}],"author":"mru_01","twitter_card":"summary_large_image","twitter_creator":"@ISMFRANCE","twitter_site":"@ISMFRANCE","twitter_misc":{"\u00c9crit par":"mru_01","Dur\u00e9e de lecture estim\u00e9e":"4 minutes"},"schema":{"@context":"https:\/\/schema.org","@graph":[{"@type":"Article","@id":"https:\/\/ismfrance.org\/index.php\/2021\/09\/12\/abu-obeida-tout-accord-dechange-naura-lieu-que-sil-inclut-les-prisonniers-liberes-de-la-prison-de-gilboa\/#article","isPartOf":{"@id":"https:\/\/ismfrance.org\/index.php\/2021\/09\/12\/abu-obeida-tout-accord-dechange-naura-lieu-que-sil-inclut-les-prisonniers-liberes-de-la-prison-de-gilboa\/"},"author":{"name":"mru_01","@id":"https:\/\/ismfrance.org\/#\/schema\/person\/3c411eb72adfaae19c0dca1f41fae01d"},"headline":"Abu Obeida : Tout accord d&rsquo;\u00e9change n&rsquo;aura lieu que s&rsquo;il inclut les prisonniers lib\u00e9r\u00e9s de la prison de Gilboa","datePublished":"2021-09-12T12:24:37+00:00","dateModified":"2021-11-12T09:56:37+00:00","mainEntityOfPage":{"@id":"https:\/\/ismfrance.org\/index.php\/2021\/09\/12\/abu-obeida-tout-accord-dechange-naura-lieu-que-sil-inclut-les-prisonniers-liberes-de-la-prison-de-gilboa\/"},"wordCount":788,"publisher":{"@id":"https:\/\/ismfrance.org\/#organization"},"image":{"@id":"https:\/\/ismfrance.org\/index.php\/2021\/09\/12\/abu-obeida-tout-accord-dechange-naura-lieu-que-sil-inclut-les-prisonniers-liberes-de-la-prison-de-gilboa\/#primaryimage"},"thumbnailUrl":"https:\/\/ismfrance.org\/wp-content\/uploads\/2021\/09\/soutien-ramallah.jpg","keywords":["Prisonniers","R\u00e9sistance"],"articleSection":["Articles","T\u00e9moignages"],"inLanguage":"fr-FR"},{"@type":"WebPage","@id":"https:\/\/ismfrance.org\/index.php\/2021\/09\/12\/abu-obeida-tout-accord-dechange-naura-lieu-que-sil-inclut-les-prisonniers-liberes-de-la-prison-de-gilboa\/","url":"https:\/\/ismfrance.org\/index.php\/2021\/09\/12\/abu-obeida-tout-accord-dechange-naura-lieu-que-sil-inclut-les-prisonniers-liberes-de-la-prison-de-gilboa\/","name":"Abu Obeida : Tout accord d'\u00e9change n'aura lieu que s'il inclut les prisonniers lib\u00e9r\u00e9s de la prison de Gilboa - International Solidarity Movement - ISM-France","isPartOf":{"@id":"https:\/\/ismfrance.org\/#website"},"primaryImageOfPage":{"@id":"https:\/\/ismfrance.org\/index.php\/2021\/09\/12\/abu-obeida-tout-accord-dechange-naura-lieu-que-sil-inclut-les-prisonniers-liberes-de-la-prison-de-gilboa\/#primaryimage"},"image":{"@id":"https:\/\/ismfrance.org\/index.php\/2021\/09\/12\/abu-obeida-tout-accord-dechange-naura-lieu-que-sil-inclut-les-prisonniers-liberes-de-la-prison-de-gilboa\/#primaryimage"},"thumbnailUrl":"https:\/\/ismfrance.org\/wp-content\/uploads\/2021\/09\/soutien-ramallah.jpg","datePublished":"2021-09-12T12:24:37+00:00","dateModified":"2021-11-12T09:56:37+00:00","breadcrumb":{"@id":"https:\/\/ismfrance.org\/index.php\/2021\/09\/12\/abu-obeida-tout-accord-dechange-naura-lieu-que-sil-inclut-les-prisonniers-liberes-de-la-prison-de-gilboa\/#breadcrumb"},"inLanguage":"fr-FR","potentialAction":[{"@type":"ReadAction","target":["https:\/\/ismfrance.org\/index.php\/2021\/09\/12\/abu-obeida-tout-accord-dechange-naura-lieu-que-sil-inclut-les-prisonniers-liberes-de-la-prison-de-gilboa\/"]}]},{"@type":"ImageObject","inLanguage":"fr-FR","@id":"https:\/\/ismfrance.org\/index.php\/2021\/09\/12\/abu-obeida-tout-accord-dechange-naura-lieu-que-sil-inclut-les-prisonniers-liberes-de-la-prison-de-gilboa\/#primaryimage","url":"https:\/\/ismfrance.org\/wp-content\/uploads\/2021\/09\/soutien-ramallah.jpg","contentUrl":"https:\/\/ismfrance.org\/wp-content\/uploads\/2021\/09\/soutien-ramallah.jpg","width":1170,"height":682,"caption":"Manifestation en soutien aux prisonniers samedi 11 \u00e0 Ramallah"},{"@type":"BreadcrumbList","@id":"https:\/\/ismfrance.org\/index.php\/2021\/09\/12\/abu-obeida-tout-accord-dechange-naura-lieu-que-sil-inclut-les-prisonniers-liberes-de-la-prison-de-gilboa\/#breadcrumb","itemListElement":[{"@type":"ListItem","position":1,"name":"Accueil","item":"https:\/\/ismfrance.org\/"},{"@type":"ListItem","position":2,"name":"Abu Obeida : Tout accord d&#8217;\u00e9change n&#8217;aura lieu que s&#8217;il inclut les prisonniers lib\u00e9r\u00e9s de la prison de Gilboa"}]},{"@type":"WebSite","@id":"https:\/\/ismfrance.org\/#website","url":"https:\/\/ismfrance.org\/","name":"ISM Palestine France","description":"Soutien aux luttes de lib\u00e9ration du peuple palestinien","publisher":{"@id":"https:\/\/ismfrance.org\/#organization"},"potentialAction":[{"@type":"SearchAction","target":{"@type":"EntryPoint","urlTemplate":"https:\/\/ismfrance.org\/?s={search_term_string}"},"query-input":{"@type":"PropertyValueSpecification","valueRequired":true,"valueName":"search_term_string"}}],"inLanguage":"fr-FR"},{"@type":"Organization","@id":"https:\/\/ismfrance.org\/#organization","name":"International Solidarity Movement","url":"https:\/\/ismfrance.org\/","logo":{"@type":"ImageObject","inLanguage":"fr-FR","@id":"https:\/\/ismfrance.org\/#\/schema\/logo\/image\/","url":"https:\/\/ismfrance.org\/wp-content\/uploads\/2020\/12\/00.png","contentUrl":"https:\/\/ismfrance.org\/wp-content\/uploads\/2020\/12\/00.png","width":400,"height":400,"caption":"International Solidarity Movement"},"image":{"@id":"https:\/\/ismfrance.org\/#\/schema\/logo\/image\/"},"sameAs":["https:\/\/x.com\/ISMFRANCE"]},{"@type":"Person","@id":"https:\/\/ismfrance.org\/#\/schema\/person\/3c411eb72adfaae19c0dca1f41fae01d","name":"mru_01","image":{"@type":"ImageObject","inLanguage":"fr-FR","@id":"https:\/\/secure.gravatar.com\/avatar\/3a0be343b445d2ccc79e87444a294fad2b232e90d2051d0e3cc219e1ecd6a330?s=96&d=mm&r=g","url":"https:\/\/secure.gravatar.com\/avatar\/3a0be343b445d2ccc79e87444a294fad2b232e90d2051d0e3cc219e1ecd6a330?s=96&d=mm&r=g","contentUrl":"https:\/\/secure.gravatar.com\/avatar\/3a0be343b445d2ccc79e87444a294fad2b232e90d2051d0e3cc219e1ecd6a330?s=96&d=mm&r=g","caption":"mru_01"},"url":"https:\/\/ismfrance.org\/index.php\/author\/admin02\/"}]}},"_links":{"self":[{"href":"https:\/\/ismfrance.org\/index.php\/wp-json\/wp\/v2\/posts\/913","targetHints":{"allow":["GET"]}}],"collection":[{"href":"https:\/\/ismfrance.org\/index.php\/wp-json\/wp\/v2\/posts"}],"about":[{"href":"https:\/\/ismfrance.org\/index.php\/wp-json\/wp\/v2\/types\/post"}],"author":[{"embeddable":true,"href":"https:\/\/ismfrance.org\/index.php\/wp-json\/wp\/v2\/users\/3"}],"replies":[{"embeddable":true,"href":"https:\/\/ismfrance.org\/index.php\/wp-json\/wp\/v2\/comments?post=913"}],"version-history":[{"count":0,"href":"https:\/\/ismfrance.org\/index.php\/wp-json\/wp\/v2\/posts\/913\/revisions"}],"wp:featuredmedia":[{"embeddable":true,"href":"https:\/\/ismfrance.org\/index.php\/wp-json\/wp\/v2\/media\/914"}],"wp:attachment":[{"href":"https:\/\/ismfrance.org\/index.php\/wp-json\/wp\/v2\/media?parent=913"}],"wp:term":[{"taxonomy":"category","embeddable":true,"href":"https:\/\/ismfrance.org\/index.php\/wp-json\/wp\/v2\/categories?post=913"},{"taxonomy":"post_tag","embeddable":true,"href":"https:\/\/ismfrance.org\/index.php\/wp-json\/wp\/v2\/tags?post=913"}],"curies":[{"name":"wp","href":"https:\/\/api.w.org\/{rel}","templated":true}]}}