{"id":9046,"date":"2024-01-19T10:44:18","date_gmt":"2024-01-19T09:44:18","guid":{"rendered":"https:\/\/ismfrance.org\/?p=9046"},"modified":"2024-11-25T13:39:07","modified_gmt":"2024-11-25T12:39:07","slug":"temoignages-de-gazaouis-la-survie-qui-sorganise-au-jour-le-jour-dans-lenfer-de-gaza-partie-9-nouveaux-recits-du-16-au-18-01-2024","status":"publish","type":"post","link":"https:\/\/ismfrance.org\/index.php\/2024\/01\/19\/temoignages-de-gazaouis-la-survie-qui-sorganise-au-jour-le-jour-dans-lenfer-de-gaza-partie-9-nouveaux-recits-du-16-au-18-01-2024\/","title":{"rendered":"T\u00e9moignages de Gazaouis : La survie qui s\u2019organise au jour le jour dans l\u2019enfer de Gaza \u2013 partie 9 &#8211; nouveaux r\u00e9cits (du 16 au 18.01.2024)"},"content":{"rendered":"<p><strong><b>Brigitte Challande, 18 janvier 2024.<\/b><\/strong>\u00a0<\/p>\n<blockquote><p>Cliquez ici pour consulter les <a href=\"https:\/\/ismfrance.org\/index.php\/temoignages-gazaouis-survie-enfer-gaza-1\/\" rel=\"noopener\" target=\"_blank\">R\u00e9cits complets<\/a>.<\/p><\/blockquote>\n<div id=\"attachment_9050\" style=\"width: 610px\" class=\"wp-caption alignnone\"><a href=\"https:\/\/ismfrance.org\/wp-content\/uploads\/2024\/01\/distrib-3.jpeg\"><img loading=\"lazy\" decoding=\"async\" aria-describedby=\"caption-attachment-9050\" class=\"size-large wp-image-9050\" src=\"https:\/\/ismfrance.org\/wp-content\/uploads\/2024\/01\/distrib-3-700x525.jpeg\" alt=\"\" width=\"600\" height=\"450\" srcset=\"https:\/\/ismfrance.org\/wp-content\/uploads\/2024\/01\/distrib-3-700x525.jpeg 700w, https:\/\/ismfrance.org\/wp-content\/uploads\/2024\/01\/distrib-3-300x225.jpeg 300w, https:\/\/ismfrance.org\/wp-content\/uploads\/2024\/01\/distrib-3-768x576.jpeg 768w, https:\/\/ismfrance.org\/wp-content\/uploads\/2024\/01\/distrib-3-350x263.jpeg 350w, https:\/\/ismfrance.org\/wp-content\/uploads\/2024\/01\/distrib-3.jpeg 1080w\" sizes=\"auto, (max-width: 600px) 100vw, 600px\" \/><\/a><p id=\"caption-attachment-9050\" class=\"wp-caption-text\">\u00ab\u00a0<em>Dans la continuit\u00e9 du projet d\u2019aide d\u2019urgence aux r\u00e9fugi\u00e9s, nous avons fourni 110 paires de chaussures, 50 chapeaux et 20 vestes aux enfants des agriculteurs d\u00e9plac\u00e9s \u00e0 l\u2019\u00e9cole primaire pour gar\u00e7ons Al-Amal pour les r\u00e9fugi\u00e9s \u00e0 Khan Yunis<\/em>.\u00a0\u00bb Abu Amir.<\/p><\/div>\n<p><span style=\"color: #000000;\"><span style=\"font-family: Tahoma, sans-serif;\"><span style=\"font-size: medium;\"><span lang=\"fr-FR\">Avant de commencer cette chronique, ce jeudi 18 Janvier, au lendemain de l\u2019envoi de la chronique 8, je souhaiterais parler du circuit de l\u2019argent, de l\u2019envoi des fonds pour aider Gaza et sa population dans la situation g\u00e9nocidaire qu\u2019elle traverse. Les actions dont nous rendons compte men\u00e9es par l\u2019association Ibn Sina et l\u2019\u00e9quipe d\u2019Abu Amir sont possibles gr\u00e2ce \u00e0 la <span style=\"color: #993366;\"><strong><a style=\"color: #993366;\" href=\"https:\/\/www.helloasso.com\/associations\/union-juive-francaise-pour-la-paix\/collectes\/urgence-guerre-a-gaza\">collecte mise en place<\/a><\/strong><\/span> depuis le d\u00e9but par l\u2019UJFP. Or l\u2019envoi r\u00e9gulier des fonds qui sont collect\u00e9s en France se heurte de plus en plus \u00e0 des difficult\u00e9s tr\u00e8s contraignantes, voire kafkaiennes, dans le circuit entre la France et Gaza. On peut dire que les diff\u00e9rents organismes, dont c\u2019est le m\u00e9tier multiplient les emb\u00fbches et les refus d\u2019envoi\u00a0; parfois il faut plusieurs jours et plusieurs d\u00e9tours pour r\u00e9aliser un envoi. Doit-on se poser des questions sur les raisons de ces impossibilit\u00e9s\u00a0? <\/span><\/span><\/span><\/span><\/p>\n<p><span style=\"color: #000000;\"><span style=\"font-family: Tahoma, sans-serif;\"><span style=\"font-size: medium;\"><b>Au matin du 18 janvier, Abu Amir envoie une description g\u00e9n\u00e9rale de la situation actuelle dans la bande de Gaza que les diff\u00e9rentes informations de Marsel re\u00e7ues dans la journ\u00e9e du 17 janvier illustrent tr\u00e8s concr\u00e8tement et en d\u00e9tail.<\/b><\/span><\/span><\/span><\/p>\n<p><span style=\"color: #000000;\"><span style=\"font-family: Tahoma, sans-serif;\"><span style=\"font-size: medium;\"><b>Un rapport d\u2019Abu Amir sur la situation dans la bande de Gaza ces derni\u00e8res 48 heures :<\/b><\/span><\/span><\/span><\/p>\n<p><span style=\"color: #000000;\"><span style=\"font-family: Tahoma, sans-serif;\"><span style=\"font-size: medium;\">Les conditions d\u00e9j\u00e0 d\u00e9sastreuses continuent de se d\u00e9t\u00e9riorer en raison de la guerre que l\u2019occupation isra\u00e9lienne m\u00e8ne sur la bande de Gaza depuis plus de 100 jours, qui devient de plus en plus f\u00e9roce jour apr\u00e8s jour.<\/span><\/span><\/span><\/p>\n<p><span style=\"color: #000000;\"><span style=\"font-family: Tahoma, sans-serif;\"><span style=\"font-size: medium;\">L\u2019occupation isra\u00e9lienne continue de bombarder f\u00e9rocement toutes les zones de la bande de Gaza, en particulier les zones d\u2019o\u00f9 elle s\u2019est retir\u00e9e, \u00e0 savoir le nord de la bande de Gaza et Gaza-ville.<\/span><\/span><\/span><\/p>\n<p><span style=\"color: #000000;\"><span style=\"font-family: Tahoma, sans-serif;\"><span style=\"font-size: medium;\">En outre, l\u2019occupation isra\u00e9lienne est toujours stationn\u00e9e le long de la route Salah al-Din, qui s\u00e9pare l\u2019est de la bande de Gaza de son ouest, en particulier aux entr\u00e9es de la zone de Hajar al-Deek, du camp al-Bureij, al-Nuseirat, al-Maghazi et al-Masdar.\u00a0Des tanks sont toujours pr\u00e9sents le long de cette route principale, et selon des t\u00e9moins oculaires qui ont pu atteindre ces zones avec difficult\u00e9, ils ont dit qu\u2019ils ont vu de nombreux corps d\u00e9compos\u00e9s gisant le long de la route, et qu\u2019il y avait une grande destruction dans cette route.<\/span><\/span><\/span><\/p>\n<p><span style=\"color: #000000;\"><span style=\"font-family: Tahoma, sans-serif;\"><span style=\"font-size: medium;\">L\u2019occupation isra\u00e9lienne bombarde \u00e9galement intensivement de nombreuses zones de la ville de Khan Yunis, ce qui a entra\u00een\u00e9 la mort de nombreux civils \u00e0 la suite de ces bombardements. L\u2019occupation tente d\u00e9sesp\u00e9r\u00e9ment d\u2019atteindre l\u2019h\u00f4pital Nasser, qui est le principal h\u00f4pital de la ville de Khan Yunis.\u00a0<\/span><\/span><\/span><\/p>\n<p><span style=\"color: #000000;\"><span style=\"font-family: Tahoma, sans-serif;\"><span style=\"font-size: medium;\">En outre, selon ce qui a \u00e9t\u00e9 diffus\u00e9 sur les sites de r\u00e9seaux sociaux, l\u2019occupation est entr\u00e9e dans un cimeti\u00e8re dans l\u2019une des zones de Khan Yunis, o\u00f9 de nombreux morts ont \u00e9t\u00e9 r\u00e9cemment enterr\u00e9s, et ils ont exhum\u00e9 les tombes, ont exhum\u00e9 les corps et les ont transport\u00e9s dans des lieux \u00e0 l\u2019int\u00e9rieur du territoire consid\u00e9r\u00e9 isra\u00e9lien. Cela s\u2019est produit fr\u00e9quemment dans de nombreuses r\u00e9gions, en particulier dans les r\u00e9gions du nord. L\u2019occupation isra\u00e9lienne avait d\u00e9j\u00e0 exhum\u00e9 de nombreuses tombes contenant des corps nouvellement enterr\u00e9s et les avait transport\u00e9s dans des h\u00f4pitaux isra\u00e9liens pour y retirer leurs organes, en particulier la peau. L\u2019entit\u00e9 isra\u00e9lienne est consid\u00e9r\u00e9e comme la plus importante au monde en termes de transplantation de peau et poss\u00e8de un stock \u00e9norme de peaux \u00e0 l\u2019int\u00e9rieur de ses h\u00f4pitaux.<\/span><\/span><\/span><\/p>\n<p><span style=\"color: #000000;\"><span style=\"font-family: Tahoma, sans-serif;\"><span style=\"font-size: medium;\">Selon ce qui a \u00e9t\u00e9 rapport\u00e9 \u00e0 l\u2019int\u00e9rieur de l\u2019h\u00f4pital europ\u00e9en, la plupart des morts re\u00e7us par cet h\u00f4pital sont des agriculteurs de la r\u00e9gion orientale de la ville de Khan Yunis.\u00a0De nombreux agriculteurs dont les terres sont loin de la cl\u00f4ture frontali\u00e8re vont encore sur leurs terres malgr\u00e9 la guerre en cours pour tenter de sauver leurs cultures et de compenser leurs pertes, d\u2019autant plus que les prix des l\u00e9gumes sont tr\u00e8s \u00e9lev\u00e9s, mais beaucoup d\u2019entre eux reviennent en morceaux.<\/span><\/span><\/span><\/p>\n<p><span style=\"color: #000000;\"><span style=\"font-family: Tahoma, sans-serif;\"><span style=\"font-size: medium;\">Avec le rythme croissant de la guerre brutale et le si\u00e8ge de la bande de Gaza, la crise humanitaire s\u2019aggrave jour apr\u00e8s jour, provoquant de nombreuses catastrophes.\u00a0Alors que la guerre s\u2019\u00e9tend et que la majeure partie de la population de la bande de Gaza est concentr\u00e9e dans une petite zone appel\u00e9e Al-Mawasi, la pauvret\u00e9 s\u2019est r\u00e9pandue, ce qui a conduit \u00e0 la propagation de vols dans une large mesure.\u00a0Les camions de secours n\u2019ont pas \u00e9t\u00e9 \u00e9pargn\u00e9s par le vol, ce qui a conduit \u00e0 ne pas acheminer l\u2019aide aux personnes d\u00e9plac\u00e9es, et les prix des aliments ont augment\u00e9 de fa\u00e7on insens\u00e9e,\u00a0ce qui a augment\u00e9 les souffrances de ces personnes d\u00e9plac\u00e9es.<\/span><\/span><\/span><\/p>\n<p><span style=\"color: #000000;\"><span style=\"font-family: Tahoma, sans-serif;\"><span style=\"font-size: medium;\"><b>Le mardi 16 janvier, l\u2019\u00e9quipe d\u2019Abu Amir a distribu\u00e9 des v\u00eatements aux enfants d&rsquo;agriculteurs.\u00a0<\/b><\/span><\/span><\/span><\/p>\n<p><span style=\"color: #000000;\"><span style=\"font-family: Tahoma, sans-serif;\"><span style=\"font-size: medium;\">Dans la continuit\u00e9 du projet d\u2019aide d\u2019urgence aux r\u00e9fugi\u00e9s, nous avons fourni 110 paires de chaussures, 50 chapeaux et 20 vestes aux enfants des agriculteurs d\u00e9plac\u00e9s \u00e0 l\u2019\u00e9cole primaire pour gar\u00e7ons Al-Amal pour les r\u00e9fugi\u00e9s \u00e0 Khan Yunis. Cela a rendu les enfants de ces agriculteurs heureux, renforc\u00e9 notre relation avec eux et leur a envoy\u00e9 un message que nous sommes toujours avec eux.<\/span><\/span><\/span><\/p>\n<p><a href=\"https:\/\/ismfrance.org\/wp-content\/uploads\/2024\/01\/distrib-1-1.jpg\"><img loading=\"lazy\" decoding=\"async\" class=\"alignnone size-large wp-image-9051\" src=\"https:\/\/ismfrance.org\/wp-content\/uploads\/2024\/01\/distrib-1-1-700x525.jpg\" alt=\"\" width=\"600\" height=\"450\" srcset=\"https:\/\/ismfrance.org\/wp-content\/uploads\/2024\/01\/distrib-1-1-700x525.jpg 700w, https:\/\/ismfrance.org\/wp-content\/uploads\/2024\/01\/distrib-1-1-300x225.jpg 300w, https:\/\/ismfrance.org\/wp-content\/uploads\/2024\/01\/distrib-1-1-768x576.jpg 768w, https:\/\/ismfrance.org\/wp-content\/uploads\/2024\/01\/distrib-1-1-1536x1152.jpg 1536w, https:\/\/ismfrance.org\/wp-content\/uploads\/2024\/01\/distrib-1-1-350x263.jpg 350w, https:\/\/ismfrance.org\/wp-content\/uploads\/2024\/01\/distrib-1-1-1320x990.jpg 1320w, https:\/\/ismfrance.org\/wp-content\/uploads\/2024\/01\/distrib-1-1.jpg 1600w\" sizes=\"auto, (max-width: 600px) 100vw, 600px\" \/><\/a> <a href=\"https:\/\/ismfrance.org\/wp-content\/uploads\/2024\/01\/distrib-2.jpeg\"><img loading=\"lazy\" decoding=\"async\" class=\"alignnone size-large wp-image-9052\" src=\"https:\/\/ismfrance.org\/wp-content\/uploads\/2024\/01\/distrib-2-700x525.jpeg\" alt=\"\" width=\"600\" height=\"450\" srcset=\"https:\/\/ismfrance.org\/wp-content\/uploads\/2024\/01\/distrib-2-700x525.jpeg 700w, https:\/\/ismfrance.org\/wp-content\/uploads\/2024\/01\/distrib-2-300x225.jpeg 300w, https:\/\/ismfrance.org\/wp-content\/uploads\/2024\/01\/distrib-2-768x576.jpeg 768w, https:\/\/ismfrance.org\/wp-content\/uploads\/2024\/01\/distrib-2-350x263.jpeg 350w, https:\/\/ismfrance.org\/wp-content\/uploads\/2024\/01\/distrib-2.jpeg 1080w\" sizes=\"auto, (max-width: 600px) 100vw, 600px\" \/><\/a><\/p>\n<p><span style=\"color: #000000;\"><span style=\"font-family: Tahoma, sans-serif;\"><span style=\"font-size: medium;\"><b>Marsel d\u00e9crit par WattApp les actualit\u00e9s du 17 janvier heure par heure<\/b><\/span><\/span><\/span><\/p>\n<p lang=\"fr-FR\"><span style=\"color: #000000;\"><span style=\"font-family: Tahoma, sans-serif;\"><span style=\"font-size: medium;\"><b>01h44<\/b> Pilonnage d&rsquo;artillerie continu\u00a0\u00e0 proximit\u00e9 de l&rsquo;h\u00f4pital Nasser \u00e0 Khan Yunis, au sud de la bande de Gaza. <\/span><\/span><\/span><\/p>\n<p lang=\"fr-FR\"><span style=\"color: #000000;\"><span style=\"font-family: Tahoma, sans-serif;\"><span style=\"font-size: medium;\"><b>6h27<\/b> Les communications et les services Internet continuent d&rsquo;\u00eatre interrompus dans toute la bande de Gaza pour le cinqui\u00e8me jour cons\u00e9cutif. <\/span><\/span><\/span><\/p>\n<p lang=\"fr-FR\"><span style=\"color: #000000;\"><span style=\"font-family: Tahoma, sans-serif;\"><span style=\"font-size: medium;\"><b>6h27<\/b> Deux morts et plusieurs bless\u00e9s lors d&rsquo;un raid isra\u00e9lien contre la maison de la famille Al-Hout dans le camp de Shaboura, dans le centre de Rafah, \u00e0 l&rsquo;aube aujourd&rsquo;hui. <\/span><\/span><\/span><\/p>\n<p lang=\"fr-FR\"><span style=\"color: #000000;\"><span style=\"font-family: Tahoma, sans-serif;\"><span style=\"font-size: medium;\"><b>6h35<\/b> Les v\u00e9hicules d&rsquo;occupation isra\u00e9liens p\u00e9n\u00e9trant \u00e0 proximit\u00e9 du complexe m\u00e9dical Nasser \u00e0 Khan Yunis se sont retir\u00e9s et ont men\u00e9 des op\u00e9rations de destruction au bulldozer et de sabotage du cimeti\u00e8re d&rsquo;Al-Nasmawi. <\/span><\/span><\/span><\/p>\n<p lang=\"fr-FR\"><span style=\"color: #000000;\"><span style=\"font-family: Tahoma, sans-serif;\"><span style=\"font-size: medium;\"><b>7h34<\/b> Retrait des v\u00e9hicules du cimeti\u00e8re Al-Nasmawi et arriv\u00e9e des corps de 7 martyrs \u00e0 l&rsquo;h\u00f4pital Nasser de l&rsquo;\u00e9cole Tariq bin Ziyad \u00e0 Khan Yunis, au sud de la bande de Gaza. <\/span><\/span><\/span><\/p>\n<p lang=\"fr-FR\"><span style=\"color: #000000;\"><span style=\"font-family: Tahoma, sans-serif;\"><span style=\"font-size: medium;\"><b>10h46<\/b> Ciblage \u00e0 l&rsquo;est de Jabalia, bombardements d&rsquo;artillerie, ainsi que tirs d&rsquo;avions quadricopt\u00e8res dans les zones des tours Al-Maqousi et de la s\u00e9curit\u00e9 g\u00e9n\u00e9rale, au nord de la ville de Gaza. <\/span><\/span><\/span><\/p>\n<p lang=\"fr-FR\"><span style=\"color: #000000;\"><span style=\"font-family: Tahoma, sans-serif;\"><span style=\"font-size: medium;\"><b>10h55<\/b> Minist\u00e8re de la Sant\u00e9 \u00e0 Gaza : le nombre de victimes de l&rsquo;agression isra\u00e9lienne s&rsquo;\u00e9l\u00e8ve \u00e0 24.448 martyrs et 61.504 bless\u00e9s depuis le 7 octobre dernier. Minist\u00e8re de la Sant\u00e9 \u00e0 Gaza : Propagation de l&rsquo;h\u00e9patite A en raison de la surpopulation et du faible niveau d&rsquo;hygi\u00e8ne dans les lieux de d\u00e9placement dans la bande de Gaza. En raison du manque d\u2019eau potable, les enfants font la queue pour obtenir de l\u2019eau potable. Selon les derni\u00e8res statistiques, 95 % de la population de la bande de Gaza souffre d&rsquo;un manque d&rsquo;eau potable.<\/span><\/span><\/span><\/p>\n<p lang=\"fr-FR\"><span style=\"color: #000000;\"><span style=\"font-family: Tahoma, sans-serif;\"><span style=\"font-size: medium;\"><b>11:26<\/b> 21 martyrs dans le bombardement isra\u00e9lien de Khan Yunis depuis hier soir.<\/span><\/span><\/span><\/p>\n<p lang=\"fr-FR\"><span style=\"color: #000000;\"><span style=\"font-family: Tahoma, sans-serif;\"><span style=\"font-size: medium;\"><b>12:10<\/b> Deux martyrs et plusieurs bless\u00e9s dans un bombardement isra\u00e9lien visant des citoyens \u00e0 Deir al-Balah, dans le centre de la bande de Gaza. <\/span><\/span><\/span><\/p>\n<p lang=\"fr-FR\"><span style=\"color: #000000;\"><span style=\"font-family: Tahoma, sans-serif;\"><span style=\"font-size: medium;\"><b>12h34<\/b> L&rsquo;arm\u00e9e d&rsquo;occupation annonce la mise en \u0153uvre d&rsquo;un largage de 16 tonnes de munitions, de carburant, d&rsquo;eau et de nourriture pour ses soldats \u00e0 Khan Yunis, au sud de la bande de Gaza. <\/span><\/span><\/span><\/p>\n<p lang=\"fr-FR\"><span style=\"color: #000000;\"><span style=\"font-family: Tahoma, sans-serif;\"><span style=\"font-size: medium;\"><b>12h37<\/b> La D\u00e9fense civile r\u00e9cup\u00e8re des dizaines de martyrs et de bless\u00e9s apr\u00e8s que l&rsquo;occupation ait cibl\u00e9 une maison dans le quartier d&rsquo;Al-Daraj, au centre de la ville de Gaza. <\/span><\/span><\/span><\/p>\n<p lang=\"fr-FR\"><span style=\"color: #000000;\"><span style=\"font-family: Tahoma, sans-serif;\"><span style=\"font-size: medium;\"><b>13h34<\/b> Une violente frappe a\u00e9rienne isra\u00e9lienne vise Jabalia, au nord de la bande de Gaza.<\/span><\/span><\/span><\/p>\n<p lang=\"fr-FR\"><span style=\"color: #000000;\"><span style=\"font-family: Tahoma, sans-serif;\"><span style=\"font-size: medium;\"><b>15h23<\/b> Un martyr et plusieurs bless\u00e9s sont arriv\u00e9s \u00e0 l&rsquo;h\u00f4pital du Kowe\u00eft \u00e0 la suite d&rsquo;un bombardement sioniste pr\u00e8s de la r\u00e9gion d&rsquo;Al-Hashash, au nord-ouest de Rafah. <\/span><\/span><\/span><\/p>\n<p lang=\"fr-FR\"><span style=\"color: #000000;\"><span style=\"font-family: Tahoma, sans-serif;\"><span style=\"font-size: medium;\"><b>15h47<\/b> L&rsquo;arm\u00e9e d&rsquo;occupation a bombard\u00e9 une place r\u00e9sidentielle \u00e0 l&rsquo;est de Khan Yunis, au sud de la bande de Gaza. <\/span><\/span><\/span><\/p>\n<p><span style=\"color: #000000;\"><span style=\"font-family: Tahoma, sans-serif;\"><span style=\"font-size: medium;\"><span lang=\"fr-FR\"><b>16h04<\/b><\/span><span lang=\"fr-FR\"> D\u00e9claration du Commissaire g\u00e9n\u00e9ral de l&rsquo;UNRWA apr\u00e8s sa visite \u00e0 Gaza : La population de Rafah a presque quadrupl\u00e9 et atteint plus de 1,2 million de personnes. Je n&rsquo;ai pas \u00e9t\u00e9 autoris\u00e9 \u00e0 visiter le nord de la bande de Gaza et l&rsquo;acc\u00e8s \u00e0 cette zone reste s\u00e9v\u00e8rement restreint. <\/span><\/span><\/span><\/span><\/p>\n<p><span style=\"color: #000000;\"><span style=\"font-family: Tahoma, sans-serif;\"><span style=\"font-size: medium;\"><span lang=\"fr-FR\"><b>19h57<\/b><\/span><span lang=\"fr-FR\"> D\u00e9claration du responsable des situations d&rsquo;urgence de l&rsquo;OMS : nous traitons quotidiennement pr\u00e8s de 60.000 bless\u00e9s et de nouvelles infections, et le syst\u00e8me de sant\u00e9 \u00e0 Gaza perd sa capacit\u00e9. Je n&rsquo;ai vu aucune preuve que les h\u00f4pitaux de Gaza soient utilis\u00e9s \u00e0 d&rsquo;autres fins que des h\u00f4pitaux.<\/span><\/span><\/span><\/span><\/p>\n<p lang=\"fr-FR\"><span style=\"color: #000000;\"><span style=\"font-family: Tahoma, sans-serif;\"><span style=\"font-size: medium;\"><b>20h19<\/b> Reprise des bombardements.<\/span><\/span><\/span><\/p>\n<p lang=\"fr-FR\"><span style=\"color: #000000;\"><span style=\"font-family: Tahoma, sans-serif;\"><span style=\"font-size: medium;\"><b>20h53<\/b> Attaques successives \u00e0 Khan Yunis.<\/span><\/span><\/span><\/p>\n<p><span style=\"color: #000000;\"><span style=\"font-family: Tahoma, sans-serif;\"><span style=\"font-size: medium;\"><span lang=\"fr-FR\"><b>21h30<\/b><\/span><span lang=\"fr-FR\"> Ciblage dans les parties nord du camp d&rsquo;Al-Maghazi, dans le centre de la bande de Gaza. <\/span><\/span><\/span><\/span><\/p>\n<p><span style=\"color: #000000;\"><span style=\"font-family: Tahoma, sans-serif;\"><span style=\"font-size: medium;\"><span lang=\"fr-FR\"><b>22h02<\/b><\/span><span lang=\"fr-FR\"> D\u00e9claration d\u2019Amnesty International : les pannes de communication \u00e0 Gaza mettent les civils en danger, emp\u00eachent le travail des services de secours et privent les gens d&rsquo;informations vitales.<\/span><\/span><\/span><\/span><\/p>\n<p lang=\"fr-FR\"><span style=\"color: #000000;\"><span style=\"font-family: Tahoma, sans-serif;\"><span style=\"font-size: medium;\"><b>22h17<\/b> De violents bombardements d&rsquo;artillerie au sud de Khan Yunis r\u00e9sonnent <\/span><\/span><\/span><\/p>\n<p lang=\"fr-FR\"><span style=\"color: #000000;\"><span style=\"font-family: Tahoma, sans-serif;\"><span style=\"font-size: medium;\"><b>22h40<\/b> 36.000 cas de maladies infectieuses, notamment d&rsquo;infections respiratoires aigu\u00ebs et de m\u00e9ningite, ont \u00e9t\u00e9 recens\u00e9s dans les abris de l&rsquo;UNRWA \u00e0 Gaza. <\/span><\/span><\/span><\/p>\n<p lang=\"fr-FR\"><span style=\"color: #000000;\"><span style=\"font-family: Tahoma, sans-serif;\"><span style=\"font-size: medium;\"><b>22h51<\/b> Ciblage violent par des avions militaires \u00e0 Rafah.<\/span><\/span><\/span><\/p>\n<p><span style=\"color: #000000;\"><span style=\"font-family: Tahoma, sans-serif;\"><span style=\"font-size: medium;\"><span lang=\"fr-FR\"><b>23h02<\/b><\/span><span lang=\"fr-FR\"> Il y a peu de temps, les avions de combat de l&rsquo;occupation ont pris pour cible une maison de la famille Al-Zamili \u00e0 l&rsquo;est de Rafah dans le quartier d&rsquo;Al-Geneina, ce qui a entra\u00een\u00e9 la mort de 8 martyrs (deux femmes et 6 enfants). Le nombre de martyrs s&rsquo;est \u00e9lev\u00e9 \u00e0 19, dont des femmes et des enfants, et un certain nombre de bless\u00e9s, suite \u00e0 l&rsquo;attaque contre la maison de la famille Al-Zamili, \u00e0 l&rsquo;est du gouvernorat de Rafah.<\/span><\/span><\/span><\/span><\/p>\n<p lang=\"fr-FR\"><span style=\"color: #000000;\"><span style=\"font-family: Tahoma, sans-serif;\"><span style=\"font-size: medium;\"><b>R\u00e9flexions de Marsel\u00a0<\/b>: \u00ab<i>\u00a0Des tonnes d&rsquo;explosifs continuent de tomber sur la t\u00eate d&rsquo;innocents dans leurs maisons, tuant des enfants et des femmes, effa\u00e7ant les noms de familles enti\u00e8res de l&rsquo;\u00e9tat civil, effa\u00e7ant leur lign\u00e9e et \u00e9liminant leur reproduction. Tout le monde a bu \u00e0 la coupe du g\u00e9nocide que l&rsquo;occupation nous offre, dans chaque famille il y a des martyrs, et parmi chaque martyr, il y a des milliers de martyrs et de bless\u00e9s et et des r\u00eaves assassin\u00e9s et des histoires horribles, qui brisent le c\u0153ur de l&rsquo;humanit\u00e9, car rien ne bouge ici sauf le compteur du nombre des martyrs et des bless\u00e9s, et les aiguilles de l&rsquo;horloge qui bougent, et on entend les tic-tacs du temps avancer qui nous disent que la guerre continue et que le compteur ne s&rsquo;arr\u00eate pas, et la question qui se jette sur nous dans l&rsquo;obscurit\u00e9 de la nuit et reste, c&rsquo;est qui sera le prochain et \u00e0 qui ferons-nous nos adieux demain.\u00a0\u00bb<\/i><\/span><\/span><\/span><\/p>\n<p lang=\"fr-FR\"><span style=\"color: #000000;\"><span style=\"font-family: Tahoma, sans-serif;\"><span style=\"font-size: medium;\">Vers minuit, nous communiquons encore et je lui \u00e9cris\u00a0: comment continuer \u00e0 soutenir, nous devons nous battre pour que \u00e7a s\u2019arr\u00eate\u2026.<\/span><\/span><\/span><\/p>\n<p lang=\"fr-FR\"><span style=\"color: #000000;\"><span style=\"font-family: Tahoma, sans-serif;\"><span style=\"font-size: medium;\"><b>Marsel me r\u00e9pond<\/b> : <\/span><\/span><\/span><\/p>\n<blockquote>\n<p lang=\"fr-FR\"><strong><span style=\"color: #000000;\"><span style=\"font-family: Tahoma, sans-serif;\"><span style=\"font-size: medium;\">\u00ab\u00a0Nous, vous et tous nos amis, nous nous battons. Ce n&rsquo;est pas la guerre \u00e0 Gaza. C&rsquo;est la guerre \u00e0 tout ce qui est humain, contre tout ce qui est inhumain. La victoire de l\u2019occupation signifie la victoire du g\u00e9nocide, du d\u00e9placement, de la captivit\u00e9 et du d\u00e9placement. C&rsquo;est pourquoi nous devons mettre fin \u00e0 l&rsquo;occupation, et c&rsquo;est pourquoi nos valeurs et nos principes doivent triompher de leurs balles et de leurs missiles.\u00a0\u00bb<\/span><\/span><\/span><\/strong><\/p>\n<\/blockquote>\n<p lang=\"fr-FR\"><span style=\"color: #000000;\"><span style=\"font-family: Trebuchet MS, sans-serif;\"><span style=\"font-size: medium;\"><span style=\"color: #444444;\"><span style=\"font-family: Tahoma, sans-serif;\">Source\u00a0:\u00a0<\/span><\/span><a href=\"https:\/\/altermidi.org\/2023\/12\/27\/la-survie-qui-sorganise-au-jour-le-jour-dans-lenfer-de-gaza\/\"><span style=\"color: #1982d1;\"><span style=\"font-family: Tahoma, sans-serif;\"><u>Altermidi.org<\/u><\/span><\/span><\/a> <\/span><\/span><\/span><\/p>\n","protected":false},"excerpt":{"rendered":"<p>Brigitte Challande, 18 janvier 2024.\u00a0 Cliquez ici pour consulter les R\u00e9cits complets. Avant de commencer cette chronique, ce jeudi 18 Janvier, au lendemain de l\u2019envoi de la chronique 8, je <a class=\"more-link\" href=\"https:\/\/ismfrance.org\/index.php\/2024\/01\/19\/temoignages-de-gazaouis-la-survie-qui-sorganise-au-jour-le-jour-dans-lenfer-de-gaza-partie-9-nouveaux-recits-du-16-au-18-01-2024\/\">Lire la suite &rarr;<\/a><\/p>\n","protected":false},"author":3,"featured_media":9050,"comment_status":"closed","ping_status":"closed","sticky":false,"template":"","format":"standard","meta":{"footnotes":""},"categories":[2,13],"tags":[348,156,29,46],"class_list":["post-9046","post","type-post","status-publish","format-standard","has-post-thumbnail","hentry","category-articles","category-temoignages","tag-7-octobre-2023","tag-genocide","tag-refugies","tag-solidarite"],"yoast_head":"<!-- This site is optimized with the Yoast SEO plugin v27.2 - https:\/\/yoast.com\/product\/yoast-seo-wordpress\/ -->\n<title>T\u00e9moignages de Gazaouis : La survie qui s\u2019organise au jour le jour dans l\u2019enfer de Gaza \u2013 partie 9 - nouveaux r\u00e9cits (du 16 au 18.01.2024) - International Solidarity Movement - ISM-France<\/title>\n<meta name=\"robots\" content=\"index, follow, max-snippet:-1, max-image-preview:large, max-video-preview:-1\" \/>\n<link rel=\"canonical\" href=\"https:\/\/ismfrance.org\/index.php\/2024\/01\/19\/temoignages-de-gazaouis-la-survie-qui-sorganise-au-jour-le-jour-dans-lenfer-de-gaza-partie-9-nouveaux-recits-du-16-au-18-01-2024\/\" \/>\n<meta property=\"og:locale\" content=\"fr_FR\" \/>\n<meta property=\"og:type\" content=\"article\" \/>\n<meta property=\"og:title\" content=\"T\u00e9moignages de Gazaouis : La survie qui s\u2019organise au jour le jour dans l\u2019enfer de Gaza \u2013 partie 9 - nouveaux r\u00e9cits (du 16 au 18.01.2024) - International Solidarity Movement - ISM-France\" \/>\n<meta property=\"og:description\" content=\"Brigitte Challande, 18 janvier 2024.\u00a0 Cliquez ici pour consulter les R\u00e9cits complets. Avant de commencer cette chronique, ce jeudi 18 Janvier, au lendemain de l\u2019envoi de la chronique 8, je Lire la suite &rarr;\" \/>\n<meta property=\"og:url\" content=\"https:\/\/ismfrance.org\/index.php\/2024\/01\/19\/temoignages-de-gazaouis-la-survie-qui-sorganise-au-jour-le-jour-dans-lenfer-de-gaza-partie-9-nouveaux-recits-du-16-au-18-01-2024\/\" \/>\n<meta property=\"og:site_name\" content=\"International Solidarity Movement - ISM-France\" \/>\n<meta property=\"article:published_time\" content=\"2024-01-19T09:44:18+00:00\" \/>\n<meta property=\"article:modified_time\" content=\"2024-11-25T12:39:07+00:00\" \/>\n<meta property=\"og:image\" content=\"https:\/\/ismfrance.org\/wp-content\/uploads\/2024\/01\/distrib-3.jpeg\" \/>\n\t<meta property=\"og:image:width\" content=\"1080\" \/>\n\t<meta property=\"og:image:height\" content=\"810\" \/>\n\t<meta property=\"og:image:type\" content=\"image\/jpeg\" \/>\n<meta name=\"author\" content=\"mru_01\" \/>\n<meta name=\"twitter:card\" content=\"summary_large_image\" \/>\n<meta name=\"twitter:creator\" content=\"@ISMFRANCE\" \/>\n<meta name=\"twitter:site\" content=\"@ISMFRANCE\" \/>\n<meta name=\"twitter:label1\" content=\"\u00c9crit par\" \/>\n\t<meta name=\"twitter:data1\" content=\"mru_01\" \/>\n\t<meta name=\"twitter:label2\" content=\"Dur\u00e9e de lecture estim\u00e9e\" \/>\n\t<meta name=\"twitter:data2\" content=\"10 minutes\" \/>\n<script type=\"application\/ld+json\" class=\"yoast-schema-graph\">{\"@context\":\"https:\/\/schema.org\",\"@graph\":[{\"@type\":\"Article\",\"@id\":\"https:\/\/ismfrance.org\/index.php\/2024\/01\/19\/temoignages-de-gazaouis-la-survie-qui-sorganise-au-jour-le-jour-dans-lenfer-de-gaza-partie-9-nouveaux-recits-du-16-au-18-01-2024\/#article\",\"isPartOf\":{\"@id\":\"https:\/\/ismfrance.org\/index.php\/2024\/01\/19\/temoignages-de-gazaouis-la-survie-qui-sorganise-au-jour-le-jour-dans-lenfer-de-gaza-partie-9-nouveaux-recits-du-16-au-18-01-2024\/\"},\"author\":{\"name\":\"mru_01\",\"@id\":\"https:\/\/ismfrance.org\/#\/schema\/person\/3c411eb72adfaae19c0dca1f41fae01d\"},\"headline\":\"T\u00e9moignages de Gazaouis : La survie qui s\u2019organise au jour le jour dans l\u2019enfer de Gaza \u2013 partie 9 &#8211; nouveaux r\u00e9cits (du 16 au 18.01.2024)\",\"datePublished\":\"2024-01-19T09:44:18+00:00\",\"dateModified\":\"2024-11-25T12:39:07+00:00\",\"mainEntityOfPage\":{\"@id\":\"https:\/\/ismfrance.org\/index.php\/2024\/01\/19\/temoignages-de-gazaouis-la-survie-qui-sorganise-au-jour-le-jour-dans-lenfer-de-gaza-partie-9-nouveaux-recits-du-16-au-18-01-2024\/\"},\"wordCount\":2100,\"publisher\":{\"@id\":\"https:\/\/ismfrance.org\/#organization\"},\"image\":{\"@id\":\"https:\/\/ismfrance.org\/index.php\/2024\/01\/19\/temoignages-de-gazaouis-la-survie-qui-sorganise-au-jour-le-jour-dans-lenfer-de-gaza-partie-9-nouveaux-recits-du-16-au-18-01-2024\/#primaryimage\"},\"thumbnailUrl\":\"https:\/\/ismfrance.org\/wp-content\/uploads\/2024\/01\/distrib-3.jpeg\",\"keywords\":[\"7 octobre 2023\",\"G\u00e9nocide\",\"r\u00e9fugi\u00e9s\",\"solidarit\u00e9\"],\"articleSection\":[\"Articles\",\"T\u00e9moignages\"],\"inLanguage\":\"fr-FR\"},{\"@type\":\"WebPage\",\"@id\":\"https:\/\/ismfrance.org\/index.php\/2024\/01\/19\/temoignages-de-gazaouis-la-survie-qui-sorganise-au-jour-le-jour-dans-lenfer-de-gaza-partie-9-nouveaux-recits-du-16-au-18-01-2024\/\",\"url\":\"https:\/\/ismfrance.org\/index.php\/2024\/01\/19\/temoignages-de-gazaouis-la-survie-qui-sorganise-au-jour-le-jour-dans-lenfer-de-gaza-partie-9-nouveaux-recits-du-16-au-18-01-2024\/\",\"name\":\"T\u00e9moignages de Gazaouis : La survie qui s\u2019organise au jour le jour dans l\u2019enfer de Gaza \u2013 partie 9 - nouveaux r\u00e9cits (du 16 au 18.01.2024) - International Solidarity Movement - ISM-France\",\"isPartOf\":{\"@id\":\"https:\/\/ismfrance.org\/#website\"},\"primaryImageOfPage\":{\"@id\":\"https:\/\/ismfrance.org\/index.php\/2024\/01\/19\/temoignages-de-gazaouis-la-survie-qui-sorganise-au-jour-le-jour-dans-lenfer-de-gaza-partie-9-nouveaux-recits-du-16-au-18-01-2024\/#primaryimage\"},\"image\":{\"@id\":\"https:\/\/ismfrance.org\/index.php\/2024\/01\/19\/temoignages-de-gazaouis-la-survie-qui-sorganise-au-jour-le-jour-dans-lenfer-de-gaza-partie-9-nouveaux-recits-du-16-au-18-01-2024\/#primaryimage\"},\"thumbnailUrl\":\"https:\/\/ismfrance.org\/wp-content\/uploads\/2024\/01\/distrib-3.jpeg\",\"datePublished\":\"2024-01-19T09:44:18+00:00\",\"dateModified\":\"2024-11-25T12:39:07+00:00\",\"breadcrumb\":{\"@id\":\"https:\/\/ismfrance.org\/index.php\/2024\/01\/19\/temoignages-de-gazaouis-la-survie-qui-sorganise-au-jour-le-jour-dans-lenfer-de-gaza-partie-9-nouveaux-recits-du-16-au-18-01-2024\/#breadcrumb\"},\"inLanguage\":\"fr-FR\",\"potentialAction\":[{\"@type\":\"ReadAction\",\"target\":[\"https:\/\/ismfrance.org\/index.php\/2024\/01\/19\/temoignages-de-gazaouis-la-survie-qui-sorganise-au-jour-le-jour-dans-lenfer-de-gaza-partie-9-nouveaux-recits-du-16-au-18-01-2024\/\"]}]},{\"@type\":\"ImageObject\",\"inLanguage\":\"fr-FR\",\"@id\":\"https:\/\/ismfrance.org\/index.php\/2024\/01\/19\/temoignages-de-gazaouis-la-survie-qui-sorganise-au-jour-le-jour-dans-lenfer-de-gaza-partie-9-nouveaux-recits-du-16-au-18-01-2024\/#primaryimage\",\"url\":\"https:\/\/ismfrance.org\/wp-content\/uploads\/2024\/01\/distrib-3.jpeg\",\"contentUrl\":\"https:\/\/ismfrance.org\/wp-content\/uploads\/2024\/01\/distrib-3.jpeg\",\"width\":1080,\"height\":810,\"caption\":\"\\\"Dans la continuit\u00e9 du projet d\u2019aide d\u2019urgence aux r\u00e9fugi\u00e9s, nous avons fourni 110 paires de chaussures, 50 chapeaux et 20 vestes aux enfants des agriculteurs d\u00e9plac\u00e9s \u00e0 l\u2019\u00e9cole primaire pour gar\u00e7ons Al-Amal pour les r\u00e9fugi\u00e9s \u00e0 Khan Yunis.\\\" Abu Amir.\"},{\"@type\":\"BreadcrumbList\",\"@id\":\"https:\/\/ismfrance.org\/index.php\/2024\/01\/19\/temoignages-de-gazaouis-la-survie-qui-sorganise-au-jour-le-jour-dans-lenfer-de-gaza-partie-9-nouveaux-recits-du-16-au-18-01-2024\/#breadcrumb\",\"itemListElement\":[{\"@type\":\"ListItem\",\"position\":1,\"name\":\"Accueil\",\"item\":\"https:\/\/ismfrance.org\/\"},{\"@type\":\"ListItem\",\"position\":2,\"name\":\"T\u00e9moignages de Gazaouis : La survie qui s\u2019organise au jour le jour dans l\u2019enfer de Gaza \u2013 partie 9 &#8211; nouveaux r\u00e9cits (du 16 au 18.01.2024)\"}]},{\"@type\":\"WebSite\",\"@id\":\"https:\/\/ismfrance.org\/#website\",\"url\":\"https:\/\/ismfrance.org\/\",\"name\":\"ISM Palestine France\",\"description\":\"Soutien aux luttes de lib\u00e9ration du peuple palestinien\",\"publisher\":{\"@id\":\"https:\/\/ismfrance.org\/#organization\"},\"potentialAction\":[{\"@type\":\"SearchAction\",\"target\":{\"@type\":\"EntryPoint\",\"urlTemplate\":\"https:\/\/ismfrance.org\/?s={search_term_string}\"},\"query-input\":{\"@type\":\"PropertyValueSpecification\",\"valueRequired\":true,\"valueName\":\"search_term_string\"}}],\"inLanguage\":\"fr-FR\"},{\"@type\":\"Organization\",\"@id\":\"https:\/\/ismfrance.org\/#organization\",\"name\":\"International Solidarity Movement\",\"url\":\"https:\/\/ismfrance.org\/\",\"logo\":{\"@type\":\"ImageObject\",\"inLanguage\":\"fr-FR\",\"@id\":\"https:\/\/ismfrance.org\/#\/schema\/logo\/image\/\",\"url\":\"https:\/\/ismfrance.org\/wp-content\/uploads\/2020\/12\/00.png\",\"contentUrl\":\"https:\/\/ismfrance.org\/wp-content\/uploads\/2020\/12\/00.png\",\"width\":400,\"height\":400,\"caption\":\"International Solidarity Movement\"},\"image\":{\"@id\":\"https:\/\/ismfrance.org\/#\/schema\/logo\/image\/\"},\"sameAs\":[\"https:\/\/x.com\/ISMFRANCE\"]},{\"@type\":\"Person\",\"@id\":\"https:\/\/ismfrance.org\/#\/schema\/person\/3c411eb72adfaae19c0dca1f41fae01d\",\"name\":\"mru_01\",\"image\":{\"@type\":\"ImageObject\",\"inLanguage\":\"fr-FR\",\"@id\":\"https:\/\/secure.gravatar.com\/avatar\/3a0be343b445d2ccc79e87444a294fad2b232e90d2051d0e3cc219e1ecd6a330?s=96&d=mm&r=g\",\"url\":\"https:\/\/secure.gravatar.com\/avatar\/3a0be343b445d2ccc79e87444a294fad2b232e90d2051d0e3cc219e1ecd6a330?s=96&d=mm&r=g\",\"contentUrl\":\"https:\/\/secure.gravatar.com\/avatar\/3a0be343b445d2ccc79e87444a294fad2b232e90d2051d0e3cc219e1ecd6a330?s=96&d=mm&r=g\",\"caption\":\"mru_01\"},\"url\":\"https:\/\/ismfrance.org\/index.php\/author\/admin02\/\"}]}<\/script>\n<!-- \/ Yoast SEO plugin. -->","yoast_head_json":{"title":"T\u00e9moignages de Gazaouis : La survie qui s\u2019organise au jour le jour dans l\u2019enfer de Gaza \u2013 partie 9 - nouveaux r\u00e9cits (du 16 au 18.01.2024) - International Solidarity Movement - ISM-France","robots":{"index":"index","follow":"follow","max-snippet":"max-snippet:-1","max-image-preview":"max-image-preview:large","max-video-preview":"max-video-preview:-1"},"canonical":"https:\/\/ismfrance.org\/index.php\/2024\/01\/19\/temoignages-de-gazaouis-la-survie-qui-sorganise-au-jour-le-jour-dans-lenfer-de-gaza-partie-9-nouveaux-recits-du-16-au-18-01-2024\/","og_locale":"fr_FR","og_type":"article","og_title":"T\u00e9moignages de Gazaouis : La survie qui s\u2019organise au jour le jour dans l\u2019enfer de Gaza \u2013 partie 9 - nouveaux r\u00e9cits (du 16 au 18.01.2024) - International Solidarity Movement - ISM-France","og_description":"Brigitte Challande, 18 janvier 2024.\u00a0 Cliquez ici pour consulter les R\u00e9cits complets. Avant de commencer cette chronique, ce jeudi 18 Janvier, au lendemain de l\u2019envoi de la chronique 8, je Lire la suite &rarr;","og_url":"https:\/\/ismfrance.org\/index.php\/2024\/01\/19\/temoignages-de-gazaouis-la-survie-qui-sorganise-au-jour-le-jour-dans-lenfer-de-gaza-partie-9-nouveaux-recits-du-16-au-18-01-2024\/","og_site_name":"International Solidarity Movement - ISM-France","article_published_time":"2024-01-19T09:44:18+00:00","article_modified_time":"2024-11-25T12:39:07+00:00","og_image":[{"width":1080,"height":810,"url":"https:\/\/ismfrance.org\/wp-content\/uploads\/2024\/01\/distrib-3.jpeg","type":"image\/jpeg"}],"author":"mru_01","twitter_card":"summary_large_image","twitter_creator":"@ISMFRANCE","twitter_site":"@ISMFRANCE","twitter_misc":{"\u00c9crit par":"mru_01","Dur\u00e9e de lecture estim\u00e9e":"10 minutes"},"schema":{"@context":"https:\/\/schema.org","@graph":[{"@type":"Article","@id":"https:\/\/ismfrance.org\/index.php\/2024\/01\/19\/temoignages-de-gazaouis-la-survie-qui-sorganise-au-jour-le-jour-dans-lenfer-de-gaza-partie-9-nouveaux-recits-du-16-au-18-01-2024\/#article","isPartOf":{"@id":"https:\/\/ismfrance.org\/index.php\/2024\/01\/19\/temoignages-de-gazaouis-la-survie-qui-sorganise-au-jour-le-jour-dans-lenfer-de-gaza-partie-9-nouveaux-recits-du-16-au-18-01-2024\/"},"author":{"name":"mru_01","@id":"https:\/\/ismfrance.org\/#\/schema\/person\/3c411eb72adfaae19c0dca1f41fae01d"},"headline":"T\u00e9moignages de Gazaouis : La survie qui s\u2019organise au jour le jour dans l\u2019enfer de Gaza \u2013 partie 9 &#8211; nouveaux r\u00e9cits (du 16 au 18.01.2024)","datePublished":"2024-01-19T09:44:18+00:00","dateModified":"2024-11-25T12:39:07+00:00","mainEntityOfPage":{"@id":"https:\/\/ismfrance.org\/index.php\/2024\/01\/19\/temoignages-de-gazaouis-la-survie-qui-sorganise-au-jour-le-jour-dans-lenfer-de-gaza-partie-9-nouveaux-recits-du-16-au-18-01-2024\/"},"wordCount":2100,"publisher":{"@id":"https:\/\/ismfrance.org\/#organization"},"image":{"@id":"https:\/\/ismfrance.org\/index.php\/2024\/01\/19\/temoignages-de-gazaouis-la-survie-qui-sorganise-au-jour-le-jour-dans-lenfer-de-gaza-partie-9-nouveaux-recits-du-16-au-18-01-2024\/#primaryimage"},"thumbnailUrl":"https:\/\/ismfrance.org\/wp-content\/uploads\/2024\/01\/distrib-3.jpeg","keywords":["7 octobre 2023","G\u00e9nocide","r\u00e9fugi\u00e9s","solidarit\u00e9"],"articleSection":["Articles","T\u00e9moignages"],"inLanguage":"fr-FR"},{"@type":"WebPage","@id":"https:\/\/ismfrance.org\/index.php\/2024\/01\/19\/temoignages-de-gazaouis-la-survie-qui-sorganise-au-jour-le-jour-dans-lenfer-de-gaza-partie-9-nouveaux-recits-du-16-au-18-01-2024\/","url":"https:\/\/ismfrance.org\/index.php\/2024\/01\/19\/temoignages-de-gazaouis-la-survie-qui-sorganise-au-jour-le-jour-dans-lenfer-de-gaza-partie-9-nouveaux-recits-du-16-au-18-01-2024\/","name":"T\u00e9moignages de Gazaouis : La survie qui s\u2019organise au jour le jour dans l\u2019enfer de Gaza \u2013 partie 9 - nouveaux r\u00e9cits (du 16 au 18.01.2024) - International Solidarity Movement - ISM-France","isPartOf":{"@id":"https:\/\/ismfrance.org\/#website"},"primaryImageOfPage":{"@id":"https:\/\/ismfrance.org\/index.php\/2024\/01\/19\/temoignages-de-gazaouis-la-survie-qui-sorganise-au-jour-le-jour-dans-lenfer-de-gaza-partie-9-nouveaux-recits-du-16-au-18-01-2024\/#primaryimage"},"image":{"@id":"https:\/\/ismfrance.org\/index.php\/2024\/01\/19\/temoignages-de-gazaouis-la-survie-qui-sorganise-au-jour-le-jour-dans-lenfer-de-gaza-partie-9-nouveaux-recits-du-16-au-18-01-2024\/#primaryimage"},"thumbnailUrl":"https:\/\/ismfrance.org\/wp-content\/uploads\/2024\/01\/distrib-3.jpeg","datePublished":"2024-01-19T09:44:18+00:00","dateModified":"2024-11-25T12:39:07+00:00","breadcrumb":{"@id":"https:\/\/ismfrance.org\/index.php\/2024\/01\/19\/temoignages-de-gazaouis-la-survie-qui-sorganise-au-jour-le-jour-dans-lenfer-de-gaza-partie-9-nouveaux-recits-du-16-au-18-01-2024\/#breadcrumb"},"inLanguage":"fr-FR","potentialAction":[{"@type":"ReadAction","target":["https:\/\/ismfrance.org\/index.php\/2024\/01\/19\/temoignages-de-gazaouis-la-survie-qui-sorganise-au-jour-le-jour-dans-lenfer-de-gaza-partie-9-nouveaux-recits-du-16-au-18-01-2024\/"]}]},{"@type":"ImageObject","inLanguage":"fr-FR","@id":"https:\/\/ismfrance.org\/index.php\/2024\/01\/19\/temoignages-de-gazaouis-la-survie-qui-sorganise-au-jour-le-jour-dans-lenfer-de-gaza-partie-9-nouveaux-recits-du-16-au-18-01-2024\/#primaryimage","url":"https:\/\/ismfrance.org\/wp-content\/uploads\/2024\/01\/distrib-3.jpeg","contentUrl":"https:\/\/ismfrance.org\/wp-content\/uploads\/2024\/01\/distrib-3.jpeg","width":1080,"height":810,"caption":"\"Dans la continuit\u00e9 du projet d\u2019aide d\u2019urgence aux r\u00e9fugi\u00e9s, nous avons fourni 110 paires de chaussures, 50 chapeaux et 20 vestes aux enfants des agriculteurs d\u00e9plac\u00e9s \u00e0 l\u2019\u00e9cole primaire pour gar\u00e7ons Al-Amal pour les r\u00e9fugi\u00e9s \u00e0 Khan Yunis.\" Abu Amir."},{"@type":"BreadcrumbList","@id":"https:\/\/ismfrance.org\/index.php\/2024\/01\/19\/temoignages-de-gazaouis-la-survie-qui-sorganise-au-jour-le-jour-dans-lenfer-de-gaza-partie-9-nouveaux-recits-du-16-au-18-01-2024\/#breadcrumb","itemListElement":[{"@type":"ListItem","position":1,"name":"Accueil","item":"https:\/\/ismfrance.org\/"},{"@type":"ListItem","position":2,"name":"T\u00e9moignages de Gazaouis : La survie qui s\u2019organise au jour le jour dans l\u2019enfer de Gaza \u2013 partie 9 &#8211; nouveaux r\u00e9cits (du 16 au 18.01.2024)"}]},{"@type":"WebSite","@id":"https:\/\/ismfrance.org\/#website","url":"https:\/\/ismfrance.org\/","name":"ISM Palestine France","description":"Soutien aux luttes de lib\u00e9ration du peuple palestinien","publisher":{"@id":"https:\/\/ismfrance.org\/#organization"},"potentialAction":[{"@type":"SearchAction","target":{"@type":"EntryPoint","urlTemplate":"https:\/\/ismfrance.org\/?s={search_term_string}"},"query-input":{"@type":"PropertyValueSpecification","valueRequired":true,"valueName":"search_term_string"}}],"inLanguage":"fr-FR"},{"@type":"Organization","@id":"https:\/\/ismfrance.org\/#organization","name":"International Solidarity Movement","url":"https:\/\/ismfrance.org\/","logo":{"@type":"ImageObject","inLanguage":"fr-FR","@id":"https:\/\/ismfrance.org\/#\/schema\/logo\/image\/","url":"https:\/\/ismfrance.org\/wp-content\/uploads\/2020\/12\/00.png","contentUrl":"https:\/\/ismfrance.org\/wp-content\/uploads\/2020\/12\/00.png","width":400,"height":400,"caption":"International Solidarity Movement"},"image":{"@id":"https:\/\/ismfrance.org\/#\/schema\/logo\/image\/"},"sameAs":["https:\/\/x.com\/ISMFRANCE"]},{"@type":"Person","@id":"https:\/\/ismfrance.org\/#\/schema\/person\/3c411eb72adfaae19c0dca1f41fae01d","name":"mru_01","image":{"@type":"ImageObject","inLanguage":"fr-FR","@id":"https:\/\/secure.gravatar.com\/avatar\/3a0be343b445d2ccc79e87444a294fad2b232e90d2051d0e3cc219e1ecd6a330?s=96&d=mm&r=g","url":"https:\/\/secure.gravatar.com\/avatar\/3a0be343b445d2ccc79e87444a294fad2b232e90d2051d0e3cc219e1ecd6a330?s=96&d=mm&r=g","contentUrl":"https:\/\/secure.gravatar.com\/avatar\/3a0be343b445d2ccc79e87444a294fad2b232e90d2051d0e3cc219e1ecd6a330?s=96&d=mm&r=g","caption":"mru_01"},"url":"https:\/\/ismfrance.org\/index.php\/author\/admin02\/"}]}},"_links":{"self":[{"href":"https:\/\/ismfrance.org\/index.php\/wp-json\/wp\/v2\/posts\/9046","targetHints":{"allow":["GET"]}}],"collection":[{"href":"https:\/\/ismfrance.org\/index.php\/wp-json\/wp\/v2\/posts"}],"about":[{"href":"https:\/\/ismfrance.org\/index.php\/wp-json\/wp\/v2\/types\/post"}],"author":[{"embeddable":true,"href":"https:\/\/ismfrance.org\/index.php\/wp-json\/wp\/v2\/users\/3"}],"replies":[{"embeddable":true,"href":"https:\/\/ismfrance.org\/index.php\/wp-json\/wp\/v2\/comments?post=9046"}],"version-history":[{"count":0,"href":"https:\/\/ismfrance.org\/index.php\/wp-json\/wp\/v2\/posts\/9046\/revisions"}],"wp:featuredmedia":[{"embeddable":true,"href":"https:\/\/ismfrance.org\/index.php\/wp-json\/wp\/v2\/media\/9050"}],"wp:attachment":[{"href":"https:\/\/ismfrance.org\/index.php\/wp-json\/wp\/v2\/media?parent=9046"}],"wp:term":[{"taxonomy":"category","embeddable":true,"href":"https:\/\/ismfrance.org\/index.php\/wp-json\/wp\/v2\/categories?post=9046"},{"taxonomy":"post_tag","embeddable":true,"href":"https:\/\/ismfrance.org\/index.php\/wp-json\/wp\/v2\/tags?post=9046"}],"curies":[{"name":"wp","href":"https:\/\/api.w.org\/{rel}","templated":true}]}}