{"id":9036,"date":"2024-01-18T15:49:57","date_gmt":"2024-01-18T14:49:57","guid":{"rendered":"https:\/\/ismfrance.org\/?p=9036"},"modified":"2024-01-18T15:50:35","modified_gmt":"2024-01-18T14:50:35","slug":"des-soldats-de-reserve-israeliens-refusent-de-combattre-a-gaza","status":"publish","type":"post","link":"https:\/\/ismfrance.org\/index.php\/2024\/01\/18\/des-soldats-de-reserve-israeliens-refusent-de-combattre-a-gaza\/","title":{"rendered":"Des soldats de r\u00e9serve isra\u00e9liens refusent de combattre \u00e0 Gaza"},"content":{"rendered":"<p><strong>The Cradle, 18 janvier 2024.<\/strong> Environ la moiti\u00e9 des soldats d&rsquo;un bataillon de r\u00e9serve isra\u00e9lien ont refus\u00e9 de combattre dans la bande de Gaza et ont \u00e9t\u00e9 relev\u00e9s de leurs fonctions par leur commandant, a <a href=\"https:\/\/www.alaraby.co.uk\/politics\/%D9%86%D8%B5%D9%81-%D9%83%D8%AA%D9%8A%D8%A8%D8%A9-%D9%81%D9%8A-%D8%AC%D9%8A%D8%B4-%D8%A7%D9%84%D8%A7%D8%AD%D8%AA%D9%8A%D8%A7%D8%B7-%D8%A7%D9%84%D8%A5%D8%B3%D8%B1%D8%A7%D8%A6%D9%8A%D9%84%D9%8A-%D9%8A%D8%B1%D9%81%D8%B6-%D8%AF%D8%AE%D9%88%D9%84-%D8%BA%D8%B2%D8%A9\">rapport\u00e9<\/a> <em>Al-Arabi Al-Jadeed<\/em> le 17 janvier.<\/p>\n<p><a href=\"https:\/\/ismfrance.org\/wp-content\/uploads\/2024\/01\/soldat-blesse.jpeg\"><img loading=\"lazy\" decoding=\"async\" class=\"alignnone size-large wp-image-9041\" src=\"https:\/\/ismfrance.org\/wp-content\/uploads\/2024\/01\/soldat-blesse-700x422.jpeg\" alt=\"\" width=\"600\" height=\"362\" srcset=\"https:\/\/ismfrance.org\/wp-content\/uploads\/2024\/01\/soldat-blesse-700x422.jpeg 700w, https:\/\/ismfrance.org\/wp-content\/uploads\/2024\/01\/soldat-blesse-300x181.jpeg 300w, https:\/\/ismfrance.org\/wp-content\/uploads\/2024\/01\/soldat-blesse-768x463.jpeg 768w, https:\/\/ismfrance.org\/wp-content\/uploads\/2024\/01\/soldat-blesse.jpeg 780w\" sizes=\"auto, (max-width: 600px) 100vw, 600px\" \/><\/a><\/p>\n<p>Le m\u00e9dia qatari a cit\u00e9 la radio isra\u00e9lienne <em>Kan Reshet Bet<\/em> qui a rapport\u00e9 que des soldats de r\u00e9serve avaient \u00e9t\u00e9 appel\u00e9s pour former une nouvelle brigade au sein de l\u2019arm\u00e9e isra\u00e9lienne pour mener \u00e0 bien des t\u00e2ches de protection dans les zones entourant Gaza et en Cisjordanie occup\u00e9e. Cependant, les soldats ont re\u00e7u l&rsquo;autorisation de quitter le bataillon apr\u00e8s que l&rsquo;arm\u00e9e a tent\u00e9 de les envoyer combattre et mener des missions de combat \u00e0 Gaza pour lesquelles ils n&rsquo;\u00e9taient pas qualifi\u00e9s ou ad\u00e9quatement \u00e9quip\u00e9s.<\/p>\n<p>Les soldats ont \u00e9t\u00e9 appel\u00e9s fin d\u00e9cembre, mais la nouvelle brigade \u00e9tait mal organis\u00e9e, ne disposait pas de commandant de brigade adjoint et manquait d&rsquo;armes et d&rsquo;officiers.<\/p>\n<p>Durant la p\u00e9riode de formation, les soldats se sont plaints de graves lacunes en mati\u00e8re d&rsquo;\u00e9quipement, de professionnalisme et de ressources humaines.<\/p>\n<p>Les soldats \u00e9taient alors encore plus en col\u00e8re d\u2019apprendre que leur mission avait chang\u00e9 et qu\u2019ils seraient envoy\u00e9s \u00e0 Gaza pour des missions de combat.<\/p>\n<p>La radio a cit\u00e9 un soldat disant : \u00ab Nous avons re\u00e7u l&rsquo;ordre de conscription et nous y avons r\u00e9pondu. Ils nous ont dit que notre sp\u00e9cialit\u00e9 serait de prot\u00e9ger les villes, et apr\u00e8s environ une semaine d&rsquo;entra\u00eenement qui s&rsquo;est d\u00e9roul\u00e9 de mani\u00e8re horrible, sans munitions et sans officiers, on nous a soudainement dit qu&rsquo;il y avait un ordre selon lequel l&rsquo;arm\u00e9e isra\u00e9lienne avait besoin de nous pour entrer dans la bande de Gaza et nettoyer les maisons. \u00bb<\/p>\n<p>Le soldat a ajout\u00e9 : \u00ab Nous avons \u00e9t\u00e9 choqu\u00e9s. Nous sommes tous des soldats combattants. Personnellement, j&rsquo;\u00e9tais dans la brigade Nahal, et le reste des soldats sont issus d&rsquo;anciennes brigades d&rsquo;infanterie, mais nous n&rsquo;avions pas effectu\u00e9 de missions de r\u00e9serve depuis des ann\u00e9es. On nous a donn\u00e9 une arme M16, qui est tomb\u00e9e en morceaux entre nos mains, et il n&rsquo;y avait pas de munitions pour l&rsquo;entra\u00eenement. Nous avons collect\u00e9 des balles au sol pour pouvoir tirer quelque chose. \u00bb<\/p>\n<p>La station de radio a cit\u00e9 un autre soldat disant : \u00ab Il y a des gens qui se sont entra\u00een\u00e9s sans uniforme militaire. Il y a des soldats qui n\u2019ont re\u00e7u ni chemises ni pantoufles au d\u00e9but. Les moyens disponibles n&rsquo;\u00e9taient pas adapt\u00e9s \u00e0 la formation. La brigade, qui devait comprendre quatre bataillons, atteignait \u00e0 peine un bataillon et demi. On ne comprend pas comment ils ont voulu introduire une force aussi peu qualifi\u00e9e dans la bande de Gaza.\u00bb<\/p>\n<p>L&rsquo;article est publi\u00e9 alors que la 36e division, qui comprend des compagnies blind\u00e9es, du g\u00e9nie et de l&rsquo;infanterie, s&rsquo;est retir\u00e9e de la bande de Gaza apr\u00e8s 80 jours de combats.<\/p>\n<p>Le gouvernement isra\u00e9lien affirme que cela fait partie d\u2019une transition <a href=\"https:\/\/edition.cnn.com\/2024\/01\/16\/middleeast\/israel-military-withdrawl-gaza-rift-intl\/index.html\">planifi\u00e9e<\/a> de la \u00ab phase de man\u0153uvres intensives \u00bb de sa campagne militaire \u00e0 Gaza vers une phase plus cibl\u00e9e qui durera jusqu\u2019\u00e0 la fin de cette ann\u00e9e.<\/p>\n<p>Dans le m\u00eame temps, certains sp\u00e9culent qu\u2019Isra\u00ebl a \u00e9t\u00e9 contraint de retirer certaines de ses forces en raison des lourdes pertes inflig\u00e9es par les combattants de la branche militaire du Hamas, les Brigades Ezzedine al-Qassam.<\/p>\n<p>Isra\u00ebl est \u00e9galement confront\u00e9 \u00e0 des difficult\u00e9s \u00e9conomiques, le gouvernement devant payer les salaires de centaines de milliers de soldats de r\u00e9serve qui ont quitt\u00e9 leurs emplois civils.<\/p>\n<p>Isra\u00ebl a envoy\u00e9 \u00e9galement un grand nombre de soldats \u00e0 la fronti\u00e8re nord pour soutenir les op\u00e9rations contre le Hezbollah au Liban.<\/p>\n<p>Le chef de l\u2019arm\u00e9e isra\u00e9lienne a <a href=\"https:\/\/www.arabnews.com\/node\/2443536\/middle-east\">d\u00e9clar\u00e9<\/a> mercredi que la probabilit\u00e9 d\u2019une guerre \u00e0 grande \u00e9chelle avec le groupe de r\u00e9sistance libanaise \u00e9tait devenue \u00ab beaucoup plus \u00e9lev\u00e9e \u00bb.<\/p>\n<p>\u00ab Je ne sais pas quand aura lieu la guerre dans le nord, je peux vous dire que la probabilit\u00e9 qu&rsquo;elle se produise dans les mois \u00e0 venir est bien plus \u00e9lev\u00e9e que par le pass\u00e9 \u00bb, a d\u00e9clar\u00e9 le chef de l&rsquo;arm\u00e9e isra\u00e9lienne, Herzi Halevi, dans un communiqu\u00e9 lors d&rsquo;une conf\u00e9rence de presse pendant une visite dans le nord d&rsquo;Isra\u00ebl.<\/p>\n<pre>Article original en anglais sur <a href=\"https:\/\/new.thecradle.co\/articles\/israeli-reserve-soldiers-refuse-to-fight-in-gaza\">The Cradle<\/a> \/ Traduction MR<\/pre>\n","protected":false},"excerpt":{"rendered":"<p>The Cradle, 18 janvier 2024. Environ la moiti\u00e9 des soldats d&rsquo;un bataillon de r\u00e9serve isra\u00e9lien ont refus\u00e9 de combattre dans la bande de Gaza et ont \u00e9t\u00e9 relev\u00e9s de leurs <a class=\"more-link\" href=\"https:\/\/ismfrance.org\/index.php\/2024\/01\/18\/des-soldats-de-reserve-israeliens-refusent-de-combattre-a-gaza\/\">Lire la suite &rarr;<\/a><\/p>\n","protected":false},"author":3,"featured_media":9041,"comment_status":"closed","ping_status":"closed","sticky":false,"template":"","format":"standard","meta":{"footnotes":""},"categories":[12,2],"tags":[65],"class_list":["post-9036","post","type-post","status-publish","format-standard","has-post-thumbnail","hentry","category-analyses","category-articles","tag-armement-israelien"],"yoast_head":"<!-- This site is optimized with the Yoast SEO plugin v27.2 - https:\/\/yoast.com\/product\/yoast-seo-wordpress\/ -->\n<title>Des soldats de r\u00e9serve isra\u00e9liens refusent de combattre \u00e0 Gaza - International Solidarity Movement - ISM-France<\/title>\n<meta name=\"robots\" content=\"index, follow, max-snippet:-1, max-image-preview:large, max-video-preview:-1\" \/>\n<link rel=\"canonical\" href=\"https:\/\/ismfrance.org\/index.php\/2024\/01\/18\/des-soldats-de-reserve-israeliens-refusent-de-combattre-a-gaza\/\" \/>\n<meta property=\"og:locale\" content=\"fr_FR\" \/>\n<meta property=\"og:type\" content=\"article\" \/>\n<meta property=\"og:title\" content=\"Des soldats de r\u00e9serve isra\u00e9liens refusent de combattre \u00e0 Gaza - International Solidarity Movement - ISM-France\" \/>\n<meta property=\"og:description\" content=\"The Cradle, 18 janvier 2024. Environ la moiti\u00e9 des soldats d&rsquo;un bataillon de r\u00e9serve isra\u00e9lien ont refus\u00e9 de combattre dans la bande de Gaza et ont \u00e9t\u00e9 relev\u00e9s de leurs Lire la suite &rarr;\" \/>\n<meta property=\"og:url\" content=\"https:\/\/ismfrance.org\/index.php\/2024\/01\/18\/des-soldats-de-reserve-israeliens-refusent-de-combattre-a-gaza\/\" \/>\n<meta property=\"og:site_name\" content=\"International Solidarity Movement - ISM-France\" \/>\n<meta property=\"article:published_time\" content=\"2024-01-18T14:49:57+00:00\" \/>\n<meta property=\"article:modified_time\" content=\"2024-01-18T14:50:35+00:00\" \/>\n<meta property=\"og:image\" content=\"https:\/\/ismfrance.org\/wp-content\/uploads\/2024\/01\/soldat-blesse.jpeg\" \/>\n\t<meta property=\"og:image:width\" content=\"780\" \/>\n\t<meta property=\"og:image:height\" content=\"470\" \/>\n\t<meta property=\"og:image:type\" content=\"image\/jpeg\" \/>\n<meta name=\"author\" content=\"mru_01\" \/>\n<meta name=\"twitter:card\" content=\"summary_large_image\" \/>\n<meta name=\"twitter:creator\" content=\"@ISMFRANCE\" \/>\n<meta name=\"twitter:site\" content=\"@ISMFRANCE\" \/>\n<meta name=\"twitter:label1\" content=\"\u00c9crit par\" \/>\n\t<meta name=\"twitter:data1\" content=\"mru_01\" \/>\n\t<meta name=\"twitter:label2\" content=\"Dur\u00e9e de lecture estim\u00e9e\" \/>\n\t<meta name=\"twitter:data2\" content=\"4 minutes\" \/>\n<script type=\"application\/ld+json\" class=\"yoast-schema-graph\">{\"@context\":\"https:\/\/schema.org\",\"@graph\":[{\"@type\":\"Article\",\"@id\":\"https:\/\/ismfrance.org\/index.php\/2024\/01\/18\/des-soldats-de-reserve-israeliens-refusent-de-combattre-a-gaza\/#article\",\"isPartOf\":{\"@id\":\"https:\/\/ismfrance.org\/index.php\/2024\/01\/18\/des-soldats-de-reserve-israeliens-refusent-de-combattre-a-gaza\/\"},\"author\":{\"name\":\"mru_01\",\"@id\":\"https:\/\/ismfrance.org\/#\/schema\/person\/3c411eb72adfaae19c0dca1f41fae01d\"},\"headline\":\"Des soldats de r\u00e9serve isra\u00e9liens refusent de combattre \u00e0 Gaza\",\"datePublished\":\"2024-01-18T14:49:57+00:00\",\"dateModified\":\"2024-01-18T14:50:35+00:00\",\"mainEntityOfPage\":{\"@id\":\"https:\/\/ismfrance.org\/index.php\/2024\/01\/18\/des-soldats-de-reserve-israeliens-refusent-de-combattre-a-gaza\/\"},\"wordCount\":775,\"publisher\":{\"@id\":\"https:\/\/ismfrance.org\/#organization\"},\"image\":{\"@id\":\"https:\/\/ismfrance.org\/index.php\/2024\/01\/18\/des-soldats-de-reserve-israeliens-refusent-de-combattre-a-gaza\/#primaryimage\"},\"thumbnailUrl\":\"https:\/\/ismfrance.org\/wp-content\/uploads\/2024\/01\/soldat-blesse.jpeg\",\"keywords\":[\"armement isra\u00e9lien\"],\"articleSection\":[\"Analyses\",\"Articles\"],\"inLanguage\":\"fr-FR\"},{\"@type\":\"WebPage\",\"@id\":\"https:\/\/ismfrance.org\/index.php\/2024\/01\/18\/des-soldats-de-reserve-israeliens-refusent-de-combattre-a-gaza\/\",\"url\":\"https:\/\/ismfrance.org\/index.php\/2024\/01\/18\/des-soldats-de-reserve-israeliens-refusent-de-combattre-a-gaza\/\",\"name\":\"Des soldats de r\u00e9serve isra\u00e9liens refusent de combattre \u00e0 Gaza - International Solidarity Movement - ISM-France\",\"isPartOf\":{\"@id\":\"https:\/\/ismfrance.org\/#website\"},\"primaryImageOfPage\":{\"@id\":\"https:\/\/ismfrance.org\/index.php\/2024\/01\/18\/des-soldats-de-reserve-israeliens-refusent-de-combattre-a-gaza\/#primaryimage\"},\"image\":{\"@id\":\"https:\/\/ismfrance.org\/index.php\/2024\/01\/18\/des-soldats-de-reserve-israeliens-refusent-de-combattre-a-gaza\/#primaryimage\"},\"thumbnailUrl\":\"https:\/\/ismfrance.org\/wp-content\/uploads\/2024\/01\/soldat-blesse.jpeg\",\"datePublished\":\"2024-01-18T14:49:57+00:00\",\"dateModified\":\"2024-01-18T14:50:35+00:00\",\"breadcrumb\":{\"@id\":\"https:\/\/ismfrance.org\/index.php\/2024\/01\/18\/des-soldats-de-reserve-israeliens-refusent-de-combattre-a-gaza\/#breadcrumb\"},\"inLanguage\":\"fr-FR\",\"potentialAction\":[{\"@type\":\"ReadAction\",\"target\":[\"https:\/\/ismfrance.org\/index.php\/2024\/01\/18\/des-soldats-de-reserve-israeliens-refusent-de-combattre-a-gaza\/\"]}]},{\"@type\":\"ImageObject\",\"inLanguage\":\"fr-FR\",\"@id\":\"https:\/\/ismfrance.org\/index.php\/2024\/01\/18\/des-soldats-de-reserve-israeliens-refusent-de-combattre-a-gaza\/#primaryimage\",\"url\":\"https:\/\/ismfrance.org\/wp-content\/uploads\/2024\/01\/soldat-blesse.jpeg\",\"contentUrl\":\"https:\/\/ismfrance.org\/wp-content\/uploads\/2024\/01\/soldat-blesse.jpeg\",\"width\":780,\"height\":470},{\"@type\":\"BreadcrumbList\",\"@id\":\"https:\/\/ismfrance.org\/index.php\/2024\/01\/18\/des-soldats-de-reserve-israeliens-refusent-de-combattre-a-gaza\/#breadcrumb\",\"itemListElement\":[{\"@type\":\"ListItem\",\"position\":1,\"name\":\"Accueil\",\"item\":\"https:\/\/ismfrance.org\/\"},{\"@type\":\"ListItem\",\"position\":2,\"name\":\"Des soldats de r\u00e9serve isra\u00e9liens refusent de combattre \u00e0 Gaza\"}]},{\"@type\":\"WebSite\",\"@id\":\"https:\/\/ismfrance.org\/#website\",\"url\":\"https:\/\/ismfrance.org\/\",\"name\":\"ISM Palestine France\",\"description\":\"Soutien aux luttes de lib\u00e9ration du peuple palestinien\",\"publisher\":{\"@id\":\"https:\/\/ismfrance.org\/#organization\"},\"potentialAction\":[{\"@type\":\"SearchAction\",\"target\":{\"@type\":\"EntryPoint\",\"urlTemplate\":\"https:\/\/ismfrance.org\/?s={search_term_string}\"},\"query-input\":{\"@type\":\"PropertyValueSpecification\",\"valueRequired\":true,\"valueName\":\"search_term_string\"}}],\"inLanguage\":\"fr-FR\"},{\"@type\":\"Organization\",\"@id\":\"https:\/\/ismfrance.org\/#organization\",\"name\":\"International Solidarity Movement\",\"url\":\"https:\/\/ismfrance.org\/\",\"logo\":{\"@type\":\"ImageObject\",\"inLanguage\":\"fr-FR\",\"@id\":\"https:\/\/ismfrance.org\/#\/schema\/logo\/image\/\",\"url\":\"https:\/\/ismfrance.org\/wp-content\/uploads\/2020\/12\/00.png\",\"contentUrl\":\"https:\/\/ismfrance.org\/wp-content\/uploads\/2020\/12\/00.png\",\"width\":400,\"height\":400,\"caption\":\"International Solidarity Movement\"},\"image\":{\"@id\":\"https:\/\/ismfrance.org\/#\/schema\/logo\/image\/\"},\"sameAs\":[\"https:\/\/x.com\/ISMFRANCE\"]},{\"@type\":\"Person\",\"@id\":\"https:\/\/ismfrance.org\/#\/schema\/person\/3c411eb72adfaae19c0dca1f41fae01d\",\"name\":\"mru_01\",\"image\":{\"@type\":\"ImageObject\",\"inLanguage\":\"fr-FR\",\"@id\":\"https:\/\/secure.gravatar.com\/avatar\/3a0be343b445d2ccc79e87444a294fad2b232e90d2051d0e3cc219e1ecd6a330?s=96&d=mm&r=g\",\"url\":\"https:\/\/secure.gravatar.com\/avatar\/3a0be343b445d2ccc79e87444a294fad2b232e90d2051d0e3cc219e1ecd6a330?s=96&d=mm&r=g\",\"contentUrl\":\"https:\/\/secure.gravatar.com\/avatar\/3a0be343b445d2ccc79e87444a294fad2b232e90d2051d0e3cc219e1ecd6a330?s=96&d=mm&r=g\",\"caption\":\"mru_01\"},\"url\":\"https:\/\/ismfrance.org\/index.php\/author\/admin02\/\"}]}<\/script>\n<!-- \/ Yoast SEO plugin. -->","yoast_head_json":{"title":"Des soldats de r\u00e9serve isra\u00e9liens refusent de combattre \u00e0 Gaza - International Solidarity Movement - ISM-France","robots":{"index":"index","follow":"follow","max-snippet":"max-snippet:-1","max-image-preview":"max-image-preview:large","max-video-preview":"max-video-preview:-1"},"canonical":"https:\/\/ismfrance.org\/index.php\/2024\/01\/18\/des-soldats-de-reserve-israeliens-refusent-de-combattre-a-gaza\/","og_locale":"fr_FR","og_type":"article","og_title":"Des soldats de r\u00e9serve isra\u00e9liens refusent de combattre \u00e0 Gaza - International Solidarity Movement - ISM-France","og_description":"The Cradle, 18 janvier 2024. Environ la moiti\u00e9 des soldats d&rsquo;un bataillon de r\u00e9serve isra\u00e9lien ont refus\u00e9 de combattre dans la bande de Gaza et ont \u00e9t\u00e9 relev\u00e9s de leurs Lire la suite &rarr;","og_url":"https:\/\/ismfrance.org\/index.php\/2024\/01\/18\/des-soldats-de-reserve-israeliens-refusent-de-combattre-a-gaza\/","og_site_name":"International Solidarity Movement - ISM-France","article_published_time":"2024-01-18T14:49:57+00:00","article_modified_time":"2024-01-18T14:50:35+00:00","og_image":[{"width":780,"height":470,"url":"https:\/\/ismfrance.org\/wp-content\/uploads\/2024\/01\/soldat-blesse.jpeg","type":"image\/jpeg"}],"author":"mru_01","twitter_card":"summary_large_image","twitter_creator":"@ISMFRANCE","twitter_site":"@ISMFRANCE","twitter_misc":{"\u00c9crit par":"mru_01","Dur\u00e9e de lecture estim\u00e9e":"4 minutes"},"schema":{"@context":"https:\/\/schema.org","@graph":[{"@type":"Article","@id":"https:\/\/ismfrance.org\/index.php\/2024\/01\/18\/des-soldats-de-reserve-israeliens-refusent-de-combattre-a-gaza\/#article","isPartOf":{"@id":"https:\/\/ismfrance.org\/index.php\/2024\/01\/18\/des-soldats-de-reserve-israeliens-refusent-de-combattre-a-gaza\/"},"author":{"name":"mru_01","@id":"https:\/\/ismfrance.org\/#\/schema\/person\/3c411eb72adfaae19c0dca1f41fae01d"},"headline":"Des soldats de r\u00e9serve isra\u00e9liens refusent de combattre \u00e0 Gaza","datePublished":"2024-01-18T14:49:57+00:00","dateModified":"2024-01-18T14:50:35+00:00","mainEntityOfPage":{"@id":"https:\/\/ismfrance.org\/index.php\/2024\/01\/18\/des-soldats-de-reserve-israeliens-refusent-de-combattre-a-gaza\/"},"wordCount":775,"publisher":{"@id":"https:\/\/ismfrance.org\/#organization"},"image":{"@id":"https:\/\/ismfrance.org\/index.php\/2024\/01\/18\/des-soldats-de-reserve-israeliens-refusent-de-combattre-a-gaza\/#primaryimage"},"thumbnailUrl":"https:\/\/ismfrance.org\/wp-content\/uploads\/2024\/01\/soldat-blesse.jpeg","keywords":["armement isra\u00e9lien"],"articleSection":["Analyses","Articles"],"inLanguage":"fr-FR"},{"@type":"WebPage","@id":"https:\/\/ismfrance.org\/index.php\/2024\/01\/18\/des-soldats-de-reserve-israeliens-refusent-de-combattre-a-gaza\/","url":"https:\/\/ismfrance.org\/index.php\/2024\/01\/18\/des-soldats-de-reserve-israeliens-refusent-de-combattre-a-gaza\/","name":"Des soldats de r\u00e9serve isra\u00e9liens refusent de combattre \u00e0 Gaza - International Solidarity Movement - ISM-France","isPartOf":{"@id":"https:\/\/ismfrance.org\/#website"},"primaryImageOfPage":{"@id":"https:\/\/ismfrance.org\/index.php\/2024\/01\/18\/des-soldats-de-reserve-israeliens-refusent-de-combattre-a-gaza\/#primaryimage"},"image":{"@id":"https:\/\/ismfrance.org\/index.php\/2024\/01\/18\/des-soldats-de-reserve-israeliens-refusent-de-combattre-a-gaza\/#primaryimage"},"thumbnailUrl":"https:\/\/ismfrance.org\/wp-content\/uploads\/2024\/01\/soldat-blesse.jpeg","datePublished":"2024-01-18T14:49:57+00:00","dateModified":"2024-01-18T14:50:35+00:00","breadcrumb":{"@id":"https:\/\/ismfrance.org\/index.php\/2024\/01\/18\/des-soldats-de-reserve-israeliens-refusent-de-combattre-a-gaza\/#breadcrumb"},"inLanguage":"fr-FR","potentialAction":[{"@type":"ReadAction","target":["https:\/\/ismfrance.org\/index.php\/2024\/01\/18\/des-soldats-de-reserve-israeliens-refusent-de-combattre-a-gaza\/"]}]},{"@type":"ImageObject","inLanguage":"fr-FR","@id":"https:\/\/ismfrance.org\/index.php\/2024\/01\/18\/des-soldats-de-reserve-israeliens-refusent-de-combattre-a-gaza\/#primaryimage","url":"https:\/\/ismfrance.org\/wp-content\/uploads\/2024\/01\/soldat-blesse.jpeg","contentUrl":"https:\/\/ismfrance.org\/wp-content\/uploads\/2024\/01\/soldat-blesse.jpeg","width":780,"height":470},{"@type":"BreadcrumbList","@id":"https:\/\/ismfrance.org\/index.php\/2024\/01\/18\/des-soldats-de-reserve-israeliens-refusent-de-combattre-a-gaza\/#breadcrumb","itemListElement":[{"@type":"ListItem","position":1,"name":"Accueil","item":"https:\/\/ismfrance.org\/"},{"@type":"ListItem","position":2,"name":"Des soldats de r\u00e9serve isra\u00e9liens refusent de combattre \u00e0 Gaza"}]},{"@type":"WebSite","@id":"https:\/\/ismfrance.org\/#website","url":"https:\/\/ismfrance.org\/","name":"ISM Palestine France","description":"Soutien aux luttes de lib\u00e9ration du peuple palestinien","publisher":{"@id":"https:\/\/ismfrance.org\/#organization"},"potentialAction":[{"@type":"SearchAction","target":{"@type":"EntryPoint","urlTemplate":"https:\/\/ismfrance.org\/?s={search_term_string}"},"query-input":{"@type":"PropertyValueSpecification","valueRequired":true,"valueName":"search_term_string"}}],"inLanguage":"fr-FR"},{"@type":"Organization","@id":"https:\/\/ismfrance.org\/#organization","name":"International Solidarity Movement","url":"https:\/\/ismfrance.org\/","logo":{"@type":"ImageObject","inLanguage":"fr-FR","@id":"https:\/\/ismfrance.org\/#\/schema\/logo\/image\/","url":"https:\/\/ismfrance.org\/wp-content\/uploads\/2020\/12\/00.png","contentUrl":"https:\/\/ismfrance.org\/wp-content\/uploads\/2020\/12\/00.png","width":400,"height":400,"caption":"International Solidarity Movement"},"image":{"@id":"https:\/\/ismfrance.org\/#\/schema\/logo\/image\/"},"sameAs":["https:\/\/x.com\/ISMFRANCE"]},{"@type":"Person","@id":"https:\/\/ismfrance.org\/#\/schema\/person\/3c411eb72adfaae19c0dca1f41fae01d","name":"mru_01","image":{"@type":"ImageObject","inLanguage":"fr-FR","@id":"https:\/\/secure.gravatar.com\/avatar\/3a0be343b445d2ccc79e87444a294fad2b232e90d2051d0e3cc219e1ecd6a330?s=96&d=mm&r=g","url":"https:\/\/secure.gravatar.com\/avatar\/3a0be343b445d2ccc79e87444a294fad2b232e90d2051d0e3cc219e1ecd6a330?s=96&d=mm&r=g","contentUrl":"https:\/\/secure.gravatar.com\/avatar\/3a0be343b445d2ccc79e87444a294fad2b232e90d2051d0e3cc219e1ecd6a330?s=96&d=mm&r=g","caption":"mru_01"},"url":"https:\/\/ismfrance.org\/index.php\/author\/admin02\/"}]}},"_links":{"self":[{"href":"https:\/\/ismfrance.org\/index.php\/wp-json\/wp\/v2\/posts\/9036","targetHints":{"allow":["GET"]}}],"collection":[{"href":"https:\/\/ismfrance.org\/index.php\/wp-json\/wp\/v2\/posts"}],"about":[{"href":"https:\/\/ismfrance.org\/index.php\/wp-json\/wp\/v2\/types\/post"}],"author":[{"embeddable":true,"href":"https:\/\/ismfrance.org\/index.php\/wp-json\/wp\/v2\/users\/3"}],"replies":[{"embeddable":true,"href":"https:\/\/ismfrance.org\/index.php\/wp-json\/wp\/v2\/comments?post=9036"}],"version-history":[{"count":0,"href":"https:\/\/ismfrance.org\/index.php\/wp-json\/wp\/v2\/posts\/9036\/revisions"}],"wp:featuredmedia":[{"embeddable":true,"href":"https:\/\/ismfrance.org\/index.php\/wp-json\/wp\/v2\/media\/9041"}],"wp:attachment":[{"href":"https:\/\/ismfrance.org\/index.php\/wp-json\/wp\/v2\/media?parent=9036"}],"wp:term":[{"taxonomy":"category","embeddable":true,"href":"https:\/\/ismfrance.org\/index.php\/wp-json\/wp\/v2\/categories?post=9036"},{"taxonomy":"post_tag","embeddable":true,"href":"https:\/\/ismfrance.org\/index.php\/wp-json\/wp\/v2\/tags?post=9036"}],"curies":[{"name":"wp","href":"https:\/\/api.w.org\/{rel}","templated":true}]}}