{"id":8911,"date":"2024-01-13T15:31:42","date_gmt":"2024-01-13T14:31:42","guid":{"rendered":"https:\/\/ismfrance.org\/?p=8911"},"modified":"2024-01-19T09:22:06","modified_gmt":"2024-01-19T08:22:06","slug":"jour-2-de-laudience-a-la-cij-demanteler-la-defense-israelienne-accusee-de-genocide","status":"publish","type":"post","link":"https:\/\/ismfrance.org\/index.php\/2024\/01\/13\/jour-2-de-laudience-a-la-cij-demanteler-la-defense-israelienne-accusee-de-genocide\/","title":{"rendered":"Jour 2 de l&rsquo;audience \u00e0 la CIJ : D\u00e9manteler la d\u00e9fense isra\u00e9lienne accus\u00e9e de g\u00e9nocide"},"content":{"rendered":"<p><span style=\"color: #000000;\"><span style=\"font-family: Trebuchet MS, sans-serif;\"><span style=\"font-size: medium;\"><strong>ISM-Palestine, 12 janvier 2024<\/strong>. Au lendemain de la pr\u00e9sentation effrayante de l&rsquo;\u00e9quipe juridique sud-africaine, construisant un dossier solide contre Isra\u00ebl pour intention g\u00e9nocidaire et actes \u00e9quivalant \u00e0 un g\u00e9nocide de la population palestinienne \u00e0 Gaza, Isra\u00ebl a pris place devant le coll\u00e8ge de 15 juges pour essayer de convaincre le monde que 3 mois de massacres m\u00e9canis\u00e9s et incessants devraient \u00e9chapper \u00e0 cette d\u00e9signation. Malgr\u00e9 de nombreuses preuves documentaires, Isra\u00ebl a soutenu devant le tribunal qu&rsquo;il ne commettait pas de g\u00e9nocide \u00e0 Gaza.<\/span><\/span><\/span><\/p>\n<div id=\"attachment_8922\" style=\"width: 650px\" class=\"wp-caption alignnone\"><a href=\"https:\/\/ismfrance.org\/wp-content\/uploads\/2024\/01\/equipe-israel-ICJ.jpg\"><img loading=\"lazy\" decoding=\"async\" aria-describedby=\"caption-attachment-8922\" class=\"size-full wp-image-8922\" src=\"https:\/\/ismfrance.org\/wp-content\/uploads\/2024\/01\/equipe-israel-ICJ.jpg\" alt=\"\" width=\"640\" height=\"400\" srcset=\"https:\/\/ismfrance.org\/wp-content\/uploads\/2024\/01\/equipe-israel-ICJ.jpg 640w, https:\/\/ismfrance.org\/wp-content\/uploads\/2024\/01\/equipe-israel-ICJ-300x188.jpg 300w\" sizes=\"auto, (max-width: 640px) 100vw, 640px\" \/><\/a><p id=\"caption-attachment-8922\" class=\"wp-caption-text\">De gauche \u00e0 droite : le Dr Tal Becker, le professeur Malcolm Shaw KC, le Dr Gilad Noam et le Dr Galit Raguan, le 12 janvier 2024. (Cour internationale de Justice)<\/p><\/div>\n<p><span style=\"color: #000000;\"><span style=\"font-family: Trebuchet MS, sans-serif;\"><span style=\"font-size: medium;\">Le \u00ab droit \u00e0 la l\u00e9gitime d\u00e9fense \u00bb \u00e9tait le principal argument avanc\u00e9 par l&rsquo;\u00e9quipe juridique isra\u00e9lienne, men\u00e9e par l&rsquo;avocat britannique Malcolm Shaw KC, au deuxi\u00e8me et dernier jour des\u00a0audiences pr\u00e9liminaires\u00a0\u00e0 la Cour internationale de Justice pour l&rsquo;affaire intent\u00e9e par l&rsquo;Afrique du Sud, tout en niant qu\u2019Isra\u00ebl soit en train de commettre un g\u00e9nocide lors de l\u2019attaque brutale contre Gaza.<\/span><\/span><\/span><\/p>\n<p><span style=\"color: #000000;\"><span style=\"font-family: Trebuchet MS, sans-serif;\"><span style=\"font-size: medium;\">Les d\u00e9clarations liminaires de l\u2019audience d\u2019aujourd\u2019hui ont \u00e9t\u00e9 faites par le co-agent d\u2019Isra\u00ebl, Tal Becker, qui a exprim\u00e9 ce qu\u2019il a appel\u00e9 la \u00ab singularit\u00e9 \u00bb d\u2019Isra\u00ebl dans la compr\u00e9hension de la naissance de la Convention pour la pr\u00e9vention et la r\u00e9pression du g\u00e9nocide, pour laquelle il est prouv\u00e9 que l\u2019\u00c9tat est en train de le commettre.<\/span><\/span><\/span><\/p>\n<p><span style=\"color: #000000;\"><span style=\"font-family: Trebuchet MS, sans-serif;\"><span style=\"font-size: medium;\">L&rsquo;affirmation de Becker selon laquelle Isra\u00ebl \u00ab se d\u00e9fend dans une guerre qu&rsquo;il n&rsquo;a pas d\u00e9clench\u00e9e \u00bb a montr\u00e9 une fois de plus le d\u00e9ni flagrant d&rsquo;une histoire de 75 ans d&rsquo;accaparement de terres, d&rsquo;abus, de violation des droits de l&rsquo;homme, d&rsquo;occupation ill\u00e9gale, ainsi que d&rsquo;un blocus ill\u00e9gal de 16 ans sur Gaza. \u00ab Isra\u00ebl est engag\u00e9 dans une guerre de d\u00e9fense contre le Hamas, pas contre le peuple palestinien. \u00bb<\/span><\/span><\/span><\/p>\n<p><span style=\"color: #000000;\"><span style=\"font-family: Trebuchet MS, sans-serif;\"><span style=\"font-size: medium;\">La dualit\u00e9 des d\u00e9clarations de Becker sur ce qu&rsquo;il consid\u00e8re comme la nature \u00ab scandaleuse \u00bb de l&rsquo;utilisation du mot g\u00e9nocide pour expliquer les actions d&rsquo;Isra\u00ebl \u00e0 Gaza ressortait cruellement par rapport au professeur Malcom Shaw qui a ensuite pris la parole pour rejeter les d\u00e9clarations d&rsquo;intention g\u00e9nocidaire exprim\u00e9es par les plus hautes fonctions politiques en Isra\u00ebl, des bureaux qui dirigent les op\u00e9rations militaires sur le terrain \u00e0 Gaza.<\/span><\/span><\/span><\/p>\n<p><span style=\"color: #000000;\"><span style=\"font-family: Trebuchet MS, sans-serif;\"><span style=\"font-size: medium;\">Extrait du discours de Becker au tribunal : \u00ab Nous vivons \u00e0 une \u00e9poque o\u00f9 les mots ne co\u00fbtent pas cher. \u00c0 l\u2019\u00e8re des r\u00e9seaux sociaux et des politiques identitaires, la tentation d\u2019utiliser le terme le plus scandaleux, de diffamer et de diaboliser, est devenue pour beaucoup irr\u00e9sistible. Mais s\u2019il y a un endroit o\u00f9 les mots devraient encore compter, o\u00f9 la v\u00e9rit\u00e9 devrait encore compter, c\u2019est bien un tribunal.\u00a0\u00bb Evidemment. Ce point a \u00e9t\u00e9 soulign\u00e9 la veille lorsque l&rsquo;avocat sud-africain de l&rsquo;\u00e9quipe juridique Tembeka Ngcukaitobi s&rsquo;est pr\u00e9sent\u00e9 devant la Cour internationale de Justice pour pr\u00e9senter un t\u00e9moignage li\u00e9 \u00e0 l&rsquo;intention g\u00e9nocidaire d&rsquo;Isra\u00ebl exprim\u00e9e par les autorit\u00e9s isra\u00e9liennes du plus haut niveau.<\/span><\/span><\/span><\/p>\n<p><span style=\"color: #000000;\"><span style=\"font-family: Trebuchet MS, sans-serif;\"><span style=\"font-size: medium;\">Ngcukaitobi a pr\u00e9sent\u00e9 la nature fr\u00e9quente et routini\u00e8re des discours g\u00e9nocidaires prononc\u00e9s explicitement et la mani\u00e8re dont ils se traduisent en violences r\u00e9elles sur le terrain par les fantassins de l&rsquo;occupation. La rh\u00e9torique exterminationniste explicite du Premier ministre Benjamin Netanyahu, du pr\u00e9sident Isaaz Herzog et du ministre isra\u00e9lien de la D\u00e9fense ont \u00e9t\u00e9 mises en avant pour \u00e9tayer les arguments en faveur de l\u2019intention. Pourtant, le professeur Shaw a rejet\u00e9 aujourd&rsquo;hui cette preuve incontestable devant le tribunal comme n&rsquo;\u00e9tant pas juridiquement significative. \u00ab Parfois, des d\u00e9clarations sont faites qui ne sont rien d\u2019autre qu\u2019une partie de la r\u00e9cente rh\u00e9torique de guerre visant \u00e0 rejeter la faute et la honte sur l\u2019autre camp. \u00bb Shaw a en outre d\u00e9clar\u00e9 qu\u2019il ne fallait \u00ab leur attribuer aucune importance\u2026 ni aucune signification juridique \u00bb. Pour r\u00e9pliquer, pour reprendre les mots de Tal Becker, \u00ab s\u2019il y a un endroit o\u00f9 les mots devraient encore compter (\u2026) c\u2019est bien un tribunal \u00bb.<\/span><\/span><\/span><\/p>\n<p><span style=\"color: #000000;\"><span style=\"font-family: Trebuchet MS, sans-serif;\"><span style=\"font-size: medium;\">Galit Raguan s\u2019est adress\u00e9 au jury au nom d\u2019Isra\u00ebl pour argumenter sur les \u00ab faits sur le terrain \u00bb. Le plus choquant de tout a \u00e9t\u00e9 son affirmation selon laquelle \u00ab les h\u00f4pitaux n\u2019ont pas \u00e9t\u00e9 bombard\u00e9s \u00bb alors qu\u2019en fait, Isra\u00ebl a frapp\u00e9 plusieurs h\u00f4pitaux, dont l\u2019h\u00f4pital indon\u00e9sien, le Centre international de soins oculaires et l\u2019h\u00f4pital pour enfants Al-Nasr, entre autres.<\/span><\/span><\/span><\/p>\n<p><span style=\"color: #000000;\"><span style=\"font-family: Trebuchet MS, sans-serif;\"><span style=\"font-size: medium;\">Alors que les trois quarts des h\u00f4pitaux de Gaza ont \u00e9t\u00e9 d\u00e9truits au point d&rsquo;\u00eatre rel\u00e9gu\u00e9s au statut non fonctionnel, Raguan a d\u00e9clar\u00e9\u00a0: \u00ab les h\u00f4pitaux n&rsquo;ont pas \u00e9t\u00e9 bombard\u00e9s ; au lieu de cela, Tsahal envoie des soldats pour fouiller et d\u00e9manteler les infrastructures militaires, r\u00e9duisant ainsi les d\u00e9g\u00e2ts et les perturbations.\u00a0\u00bb Si l\u2019arm\u00e9e isra\u00e9lienne \u00e0 Gaza cherchait \u00e0 r\u00e9duire les d\u00e9g\u00e2ts et les perturbations, elle a \u00e9chou\u00e9 au-del\u00e0 de toute mesure. Nous avons vu comment les op\u00e9rations chirurgicales militaires isra\u00e9liennes ont \u00ab\u00a0\u00e9pargn\u00e9\u00a0\u00bb des vies civiles dans un pass\u00e9 tr\u00e8s r\u00e9cent lors de la violation d&rsquo;une autre loi internationale lorsqu&rsquo;elles ont assassin\u00e9 le chef adjoint du Hamas, Saleh al-Arouri, dans une structure r\u00e9sidentielle \u00e0 Beyrouth, au Liban. <\/span><\/span><\/span><\/p>\n<p><span style=\"color: #000000;\"><span style=\"font-family: Trebuchet MS, sans-serif;\"><span style=\"font-size: medium;\">Dans une tentative de justifier les atrocit\u00e9s commises, Galit Raguan a affirm\u00e9 que \u00ab la guerre urbaine entra\u00eenera toujours des morts, des pr\u00e9judices et des d\u00e9g\u00e2ts tragiques \u00bb, affirmant que ce sont les \u00ab r\u00e9sultats souhait\u00e9s par le Hamas \u00bb. Alors que Raguan expliquait trois mois de massacres de civils, attribuant les intentions et les actions les plus moralement saines aux forces d&rsquo;occupation, son seul obstacle \u00e0 la r\u00e9ussite de sa plaidoirie \u00e9tait les innombrables fantassins de l&rsquo;occupation qui se sont film\u00e9s en train de commettre des atrocit\u00e9s sur les corps palestiniens d\u00e9c\u00e9d\u00e9s, faisant exploser des blocs r\u00e9sidentiels entiers comme cadeaux d&rsquo;anniversaire \u00e0 leur famille, pillant les maisons civiles palestiniennes, hissant le drapeau isra\u00e9lien sur les d\u00e9combres des mosqu\u00e9es, organisant des sketchs o\u00f9 ils sont allong\u00e9s dans les lits d&rsquo;enfants palestiniens dans des maisons qu&rsquo;ils ont bombard\u00e9es et dansant joyeusement au milieu des d\u00e9combres et des morceaux de corps des habitants de Gaza en chantant des chansons explicites sur le nettoyage ethnique.<\/span><\/span><\/span><\/p>\n<p><span style=\"color: #000000;\"><span style=\"font-family: Trebuchet MS, sans-serif;\"><span style=\"font-size: medium;\">Tout au long de l&rsquo;audience, aucune explication n&rsquo;a \u00e9t\u00e9 donn\u00e9e sur les raisons pour lesquelles des journalistes, des m\u00e9decins du CICR, des membres du personnel de l&rsquo;ONU, des travailleurs humanitaires et des secouristes de la d\u00e9fense civile palestinienne ont \u00e9t\u00e9 massacr\u00e9s dans des assassinats cibl\u00e9s. Aucun argument n&rsquo;a \u00e9t\u00e9 avanc\u00e9 pour expliquer le pilotage moral de forces d&rsquo;occupation documentant leurs ex\u00e9cutions extrajudiciaires ou le\u00a0rassemblement, le bandeau sur les yeux, le d\u00e9shabillage, l&rsquo;encha\u00eenement et l&rsquo;enl\u00e8vement\u00a0de civils palestiniens, ni les vid\u00e9os falsifi\u00e9es dans lesquelles les civils palestiniens \u00e9taient invit\u00e9s \u00e0 agir comme s&rsquo;ils \u00e9taient des combattants du Hamas en train de se rendre. <\/span><\/span><\/span><\/p>\n<p><span style=\"color: #000000;\"><span style=\"font-family: Trebuchet MS, sans-serif;\"><span style=\"font-size: medium;\">En outre, l\u2019affirmation de Raguan \u00e0 plusieurs reprises selon laquelle les forces d\u2019occupation isra\u00e9liennes avaient agi pour att\u00e9nuer explicitement les dommages caus\u00e9s aux civils va \u00e0 l\u2019encontre de la rh\u00e9torique g\u00e9nocidaire prolifique des directeurs politiques et militaires isra\u00e9liens de cette attaque qui se d\u00e9roule sur le terrain en temps r\u00e9el. Alors que Raguan vantait la pr\u00e9tendue mobilisation humanitaire isra\u00e9lienne pour apporter des fournitures essentielles \u00e0 Gaza, il semblerait contre-productif que les m\u00eames politiciens et ministres du gouvernement isra\u00e9lien vantent simultan\u00e9ment leur famine et leur si\u00e8ge total des \u00ab animaux humains \u00bb de la bande de Gaza.<\/span><\/span><\/span><\/p>\n<p><span style=\"color: #000000;\"><span style=\"font-family: Trebuchet MS, sans-serif;\"><span style=\"font-size: medium;\">Omri Sender a pris la parole pour aborder la condition de risque de pr\u00e9judice irr\u00e9parable et d&rsquo;urgence. Les premiers sentiments de Sender \u00e9taient de rejeter la responsabilit\u00e9 de ce qu\u2019il consid\u00e9rait comme une situation humanitaire \u00ab grave \u00bb, sur le Hamas \u00ab poursuivant la guerre sous et \u00e0 l\u2019int\u00e9rieur de la population civile \u00bb. La d\u00e9claration de Sender a continu\u00e9 \u00e0 faire \u00e9cho au flambeau port\u00e9 par ses pr\u00e9d\u00e9cesseurs, prenant la d\u00e9fense d\u2019Isra\u00ebl en d\u00e9crivant le Hamas comme un agent de terreur contre lequel Isra\u00ebl se battait pour\u00a0prot\u00e9ger\u00a0les civils palestiniens. Un sentiment commun exprim\u00e9 publiquement au sein de la soci\u00e9t\u00e9 politique et sociale isra\u00e9lienne est qu\u2019\u00ab il n\u2019y a pas de civils innocents \u00e0 Gaza \u00bb.<\/span><\/span><\/span><\/p>\n<p><span style=\"color: #000000;\"><span style=\"font-family: Trebuchet MS, sans-serif;\"><span style=\"font-size: medium;\">Sender a vant\u00e9 l&rsquo;ouverture du terminal de Kerem Shalom pour la livraison de l&rsquo;aide, trois mois et des milliers de bombes largu\u00e9es et des dizaines de milliers de civils assassin\u00e9s plus tard. La population de Gaza meurt d\u00e9sormais de faim. Alors que la d\u00e9claration de Sender devant le tribunal s\u2019est concentr\u00e9e sur l\u2019orientation de l\u2019aide isra\u00e9lienne dans l\u2019histoire r\u00e9cente pour entrer par les postes frontaliers de Gaza, elle passe compl\u00e8tement \u00e0 c\u00f4t\u00e9 du probl\u00e8me dans son ensemble\u00a0: le fait qu&rsquo;Isra\u00ebl contr\u00f4le les fronti\u00e8res terrestres, a\u00e9riennes et maritimes d&rsquo;un autre peuple et a son mot \u00e0 dire unilat\u00e9ralement sur ce qui entre et ce qui sort, quand il veut affamer la population et quand il ouvrira un passage dans des conditions de famine imminente pour permettre l&rsquo;entr\u00e9e d&rsquo;un camion dont l&rsquo;entr\u00e9e sera utilis\u00e9e pour montrer la bont\u00e9 d&rsquo;Isra\u00ebl envers les Palestiniens ; il est en train de massacrer en masse au moment m\u00eame o\u00f9 ces paroles ont \u00e9t\u00e9 prononc\u00e9es devant le tribunal.<\/span><\/span><\/span><\/p>\n<p><span style=\"color: #000000;\"><span style=\"font-family: Trebuchet MS, sans-serif;\"><span style=\"font-size: medium;\">Christopher Staker \u00e9tait le prochain intervenant pour la d\u00e9fense isra\u00e9lienne. Il l&rsquo;a fait pour d\u00e9noncer le contexte dans lequel les dispositions demand\u00e9es ont \u00e9t\u00e9 formul\u00e9es par l&rsquo;Afrique du Sud le premier jour de l&rsquo;audience. Son argument \u00e9tait centr\u00e9 sur le sentiment que ni l\u2019Afrique du Sud, ni les Palestiniens, \u00ab n\u2019ont un droit plausible \u00bb de demander des mesures provisoires et a parcouru point par point les 9 demandes provisoires de l\u2019Afrique du Sud de cette mani\u00e8re.<\/span><\/span><\/span><\/p>\n<p><span style=\"color: #000000;\"><span style=\"font-family: Trebuchet MS, sans-serif;\"><span style=\"font-size: medium;\">Le dernier orateur \u00e9tait le co-agent d\u2019Isra\u00ebl, Gilad Noam, qui a conclu les arguments d\u2019Isra\u00ebl en demandant \u00e0 la Cour internationale de Justice : \u00ab (1) Rejeter la demande en indication de mesures conservatoires pr\u00e9sent\u00e9e par l\u2019Afrique du Sud ; et (2) Supprimer l\u2019affaire de la Liste g\u00e9n\u00e9rale. <\/span><\/span><\/span><\/p>\n<p><span style=\"color: #000000;\"><span style=\"font-family: Trebuchet MS, sans-serif;\"><span style=\"font-size: medium;\">Les derniers mots de leur argumentaire ayant \u00e9t\u00e9 prononc\u00e9s, Isra\u00ebl a maintenant demand\u00e9 aux juges de la CIJ de refuser les paroles de toutes les agences humanitaires qui ont travaill\u00e9 sur le terrain \u00e0 Gaza, des millions de Gazaouis qui ont film\u00e9 leur propre destruction et des dizaines de millions de personnes horrifi\u00e9es \u00e0 travers le monde qui ont assist\u00e9 \u00e0 ce massacre pendant plus de 90 jours, et de d\u00e9clarer Isra\u00ebl non coupable d&rsquo;avoir viol\u00e9 la Convention de 1948 pour la pr\u00e9vention et la r\u00e9pression du g\u00e9nocide.<\/span><\/span><\/span><\/p>\n<p><span style=\"color: #000000;\"><span style=\"font-family: Trebuchet MS, sans-serif;\"><span style=\"font-size: medium;\">Le dernier jour de l&rsquo;audience du tribunal s&rsquo;est produit pendant une nouvelle journ\u00e9e de destruction active de Gaza elle-m\u00eame, r\u00e9duite \u00e0 des champs de d\u00e9combres massifs o\u00f9 il est impossible de distinguer des universit\u00e9s, des h\u00f4pitaux, des \u00e9coles, des magasins, des blocs r\u00e9sidentiels, des b\u00e2timents publics, des mosqu\u00e9es, des \u00e9glises et des abris qui composaient autrefois ses rues. <\/span><\/span><\/span><\/p>\n<p><span style=\"color: #000000;\"><span style=\"font-family: Trebuchet MS, sans-serif;\"><span style=\"font-size: medium;\">Alors qu&rsquo;Oxfam\u00a0notait\u00a0que \u00ab l&rsquo;arm\u00e9e isra\u00e9lienne tue 250 Palestiniens par jour et que de nombreuses autres vies sont menac\u00e9es par la faim, la maladie et le froid \u00bb, au cours de l&rsquo;audience de deux jours sur la question de savoir si Isra\u00ebl commet un g\u00e9nocide \u00e0 Gaza, 500 Palestiniens ont \u00e9t\u00e9 massacr\u00e9s.<\/span><\/span><\/span><\/p>\n<pre><em><span style=\"color: #000000;\"><span style=\"font-family: Trebuchet MS, sans-serif;\"><span style=\"font-size: medium;\">Article original en anglais sur <a href=\"https:\/\/palsolidarity.org\/2024\/01\/icj-day-2-dismantling-israels-defense-on-genocide-charge\/\">Palsolidarity.org<\/a> \/ Traduction MR<\/span><\/span><\/span><\/em><\/pre>\n<p>1\u00e8re audience, 11 janvier 2024 :\u00a0<span style=\"color: #000000;\"><span style=\"font-family: Trebuchet MS, sans-serif;\"><span style=\"font-size: medium;\"><a href=\"https:\/\/ismfrance.org\/index.php\/2024\/01\/13\/gaza-un-lieu-de-mort-et-de-desespoir-lafrique-du-sud-accuse-israel-de-genocide-devant-la-cij\/\">\u00ab\u00a0Gaza, un lieu de mort et de d\u00e9sespoir\u00a0\u00bb\u00a0\u2013 L\u2019Afrique du Sud accuse Isra\u00ebl de g\u00e9nocide devant la CIJ<\/a><\/span><\/span><\/span><\/p>\n<p><strong>Pour plus d&rsquo;informations, consultez le <a href=\"https:\/\/twitter.com\/search?q=johann%20soufi&amp;src=typed_query\">compte X-Twitter de Johann Soufi<\/a>, avocat.<\/strong><\/p>\n","protected":false},"excerpt":{"rendered":"<p>ISM-Palestine, 12 janvier 2024. Au lendemain de la pr\u00e9sentation effrayante de l&rsquo;\u00e9quipe juridique sud-africaine, construisant un dossier solide contre Isra\u00ebl pour intention g\u00e9nocidaire et actes \u00e9quivalant \u00e0 un g\u00e9nocide de <a class=\"more-link\" href=\"https:\/\/ismfrance.org\/index.php\/2024\/01\/13\/jour-2-de-laudience-a-la-cij-demanteler-la-defense-israelienne-accusee-de-genocide\/\">Lire la suite &rarr;<\/a><\/p>\n","protected":false},"author":3,"featured_media":8912,"comment_status":"closed","ping_status":"closed","sticky":false,"template":"","format":"standard","meta":{"footnotes":""},"categories":[2,13],"tags":[415,156],"class_list":["post-8911","post","type-post","status-publish","format-standard","has-post-thumbnail","hentry","category-articles","category-temoignages","tag-cpi-cij","tag-genocide"],"yoast_head":"<!-- This site is optimized with the Yoast SEO plugin v27.2 - https:\/\/yoast.com\/product\/yoast-seo-wordpress\/ -->\n<title>Jour 2 de l&#039;audience \u00e0 la CIJ : D\u00e9manteler la d\u00e9fense isra\u00e9lienne accus\u00e9e de g\u00e9nocide - International Solidarity Movement - ISM-France<\/title>\n<meta name=\"robots\" content=\"index, follow, max-snippet:-1, max-image-preview:large, max-video-preview:-1\" \/>\n<link rel=\"canonical\" href=\"https:\/\/ismfrance.org\/index.php\/2024\/01\/13\/jour-2-de-laudience-a-la-cij-demanteler-la-defense-israelienne-accusee-de-genocide\/\" \/>\n<meta property=\"og:locale\" content=\"fr_FR\" \/>\n<meta property=\"og:type\" content=\"article\" \/>\n<meta property=\"og:title\" content=\"Jour 2 de l&#039;audience \u00e0 la CIJ : D\u00e9manteler la d\u00e9fense isra\u00e9lienne accus\u00e9e de g\u00e9nocide - International Solidarity Movement - ISM-France\" \/>\n<meta property=\"og:description\" content=\"ISM-Palestine, 12 janvier 2024. Au lendemain de la pr\u00e9sentation effrayante de l&rsquo;\u00e9quipe juridique sud-africaine, construisant un dossier solide contre Isra\u00ebl pour intention g\u00e9nocidaire et actes \u00e9quivalant \u00e0 un g\u00e9nocide de Lire la suite &rarr;\" \/>\n<meta property=\"og:url\" content=\"https:\/\/ismfrance.org\/index.php\/2024\/01\/13\/jour-2-de-laudience-a-la-cij-demanteler-la-defense-israelienne-accusee-de-genocide\/\" \/>\n<meta property=\"og:site_name\" content=\"International Solidarity Movement - ISM-France\" \/>\n<meta property=\"article:published_time\" content=\"2024-01-13T14:31:42+00:00\" \/>\n<meta property=\"article:modified_time\" content=\"2024-01-19T08:22:06+00:00\" \/>\n<meta property=\"og:image\" content=\"https:\/\/ismfrance.org\/wp-content\/uploads\/2024\/01\/equipe-israel.png\" \/>\n\t<meta property=\"og:image:width\" content=\"962\" \/>\n\t<meta property=\"og:image:height\" content=\"509\" \/>\n\t<meta property=\"og:image:type\" content=\"image\/png\" \/>\n<meta name=\"author\" content=\"mru_01\" \/>\n<meta name=\"twitter:card\" content=\"summary_large_image\" \/>\n<meta name=\"twitter:creator\" content=\"@ISMFRANCE\" \/>\n<meta name=\"twitter:site\" content=\"@ISMFRANCE\" \/>\n<meta name=\"twitter:label1\" content=\"\u00c9crit par\" \/>\n\t<meta name=\"twitter:data1\" content=\"mru_01\" \/>\n\t<meta name=\"twitter:label2\" content=\"Dur\u00e9e de lecture estim\u00e9e\" \/>\n\t<meta name=\"twitter:data2\" content=\"10 minutes\" \/>\n<script type=\"application\/ld+json\" class=\"yoast-schema-graph\">{\"@context\":\"https:\/\/schema.org\",\"@graph\":[{\"@type\":\"Article\",\"@id\":\"https:\/\/ismfrance.org\/index.php\/2024\/01\/13\/jour-2-de-laudience-a-la-cij-demanteler-la-defense-israelienne-accusee-de-genocide\/#article\",\"isPartOf\":{\"@id\":\"https:\/\/ismfrance.org\/index.php\/2024\/01\/13\/jour-2-de-laudience-a-la-cij-demanteler-la-defense-israelienne-accusee-de-genocide\/\"},\"author\":{\"name\":\"mru_01\",\"@id\":\"https:\/\/ismfrance.org\/#\/schema\/person\/3c411eb72adfaae19c0dca1f41fae01d\"},\"headline\":\"Jour 2 de l&rsquo;audience \u00e0 la CIJ : D\u00e9manteler la d\u00e9fense isra\u00e9lienne accus\u00e9e de g\u00e9nocide\",\"datePublished\":\"2024-01-13T14:31:42+00:00\",\"dateModified\":\"2024-01-19T08:22:06+00:00\",\"mainEntityOfPage\":{\"@id\":\"https:\/\/ismfrance.org\/index.php\/2024\/01\/13\/jour-2-de-laudience-a-la-cij-demanteler-la-defense-israelienne-accusee-de-genocide\/\"},\"wordCount\":2081,\"publisher\":{\"@id\":\"https:\/\/ismfrance.org\/#organization\"},\"image\":{\"@id\":\"https:\/\/ismfrance.org\/index.php\/2024\/01\/13\/jour-2-de-laudience-a-la-cij-demanteler-la-defense-israelienne-accusee-de-genocide\/#primaryimage\"},\"thumbnailUrl\":\"https:\/\/ismfrance.org\/wp-content\/uploads\/2024\/01\/equipe-israel.png\",\"keywords\":[\"CPI \/ CIJ\",\"G\u00e9nocide\"],\"articleSection\":[\"Articles\",\"T\u00e9moignages\"],\"inLanguage\":\"fr-FR\"},{\"@type\":\"WebPage\",\"@id\":\"https:\/\/ismfrance.org\/index.php\/2024\/01\/13\/jour-2-de-laudience-a-la-cij-demanteler-la-defense-israelienne-accusee-de-genocide\/\",\"url\":\"https:\/\/ismfrance.org\/index.php\/2024\/01\/13\/jour-2-de-laudience-a-la-cij-demanteler-la-defense-israelienne-accusee-de-genocide\/\",\"name\":\"Jour 2 de l'audience \u00e0 la CIJ : D\u00e9manteler la d\u00e9fense isra\u00e9lienne accus\u00e9e de g\u00e9nocide - International Solidarity Movement - ISM-France\",\"isPartOf\":{\"@id\":\"https:\/\/ismfrance.org\/#website\"},\"primaryImageOfPage\":{\"@id\":\"https:\/\/ismfrance.org\/index.php\/2024\/01\/13\/jour-2-de-laudience-a-la-cij-demanteler-la-defense-israelienne-accusee-de-genocide\/#primaryimage\"},\"image\":{\"@id\":\"https:\/\/ismfrance.org\/index.php\/2024\/01\/13\/jour-2-de-laudience-a-la-cij-demanteler-la-defense-israelienne-accusee-de-genocide\/#primaryimage\"},\"thumbnailUrl\":\"https:\/\/ismfrance.org\/wp-content\/uploads\/2024\/01\/equipe-israel.png\",\"datePublished\":\"2024-01-13T14:31:42+00:00\",\"dateModified\":\"2024-01-19T08:22:06+00:00\",\"breadcrumb\":{\"@id\":\"https:\/\/ismfrance.org\/index.php\/2024\/01\/13\/jour-2-de-laudience-a-la-cij-demanteler-la-defense-israelienne-accusee-de-genocide\/#breadcrumb\"},\"inLanguage\":\"fr-FR\",\"potentialAction\":[{\"@type\":\"ReadAction\",\"target\":[\"https:\/\/ismfrance.org\/index.php\/2024\/01\/13\/jour-2-de-laudience-a-la-cij-demanteler-la-defense-israelienne-accusee-de-genocide\/\"]}]},{\"@type\":\"ImageObject\",\"inLanguage\":\"fr-FR\",\"@id\":\"https:\/\/ismfrance.org\/index.php\/2024\/01\/13\/jour-2-de-laudience-a-la-cij-demanteler-la-defense-israelienne-accusee-de-genocide\/#primaryimage\",\"url\":\"https:\/\/ismfrance.org\/wp-content\/uploads\/2024\/01\/equipe-israel.png\",\"contentUrl\":\"https:\/\/ismfrance.org\/wp-content\/uploads\/2024\/01\/equipe-israel.png\",\"width\":962,\"height\":509},{\"@type\":\"BreadcrumbList\",\"@id\":\"https:\/\/ismfrance.org\/index.php\/2024\/01\/13\/jour-2-de-laudience-a-la-cij-demanteler-la-defense-israelienne-accusee-de-genocide\/#breadcrumb\",\"itemListElement\":[{\"@type\":\"ListItem\",\"position\":1,\"name\":\"Accueil\",\"item\":\"https:\/\/ismfrance.org\/\"},{\"@type\":\"ListItem\",\"position\":2,\"name\":\"Jour 2 de l&#8217;audience \u00e0 la CIJ : D\u00e9manteler la d\u00e9fense isra\u00e9lienne accus\u00e9e de g\u00e9nocide\"}]},{\"@type\":\"WebSite\",\"@id\":\"https:\/\/ismfrance.org\/#website\",\"url\":\"https:\/\/ismfrance.org\/\",\"name\":\"ISM Palestine France\",\"description\":\"Soutien aux luttes de lib\u00e9ration du peuple palestinien\",\"publisher\":{\"@id\":\"https:\/\/ismfrance.org\/#organization\"},\"potentialAction\":[{\"@type\":\"SearchAction\",\"target\":{\"@type\":\"EntryPoint\",\"urlTemplate\":\"https:\/\/ismfrance.org\/?s={search_term_string}\"},\"query-input\":{\"@type\":\"PropertyValueSpecification\",\"valueRequired\":true,\"valueName\":\"search_term_string\"}}],\"inLanguage\":\"fr-FR\"},{\"@type\":\"Organization\",\"@id\":\"https:\/\/ismfrance.org\/#organization\",\"name\":\"International Solidarity Movement\",\"url\":\"https:\/\/ismfrance.org\/\",\"logo\":{\"@type\":\"ImageObject\",\"inLanguage\":\"fr-FR\",\"@id\":\"https:\/\/ismfrance.org\/#\/schema\/logo\/image\/\",\"url\":\"https:\/\/ismfrance.org\/wp-content\/uploads\/2020\/12\/00.png\",\"contentUrl\":\"https:\/\/ismfrance.org\/wp-content\/uploads\/2020\/12\/00.png\",\"width\":400,\"height\":400,\"caption\":\"International Solidarity Movement\"},\"image\":{\"@id\":\"https:\/\/ismfrance.org\/#\/schema\/logo\/image\/\"},\"sameAs\":[\"https:\/\/x.com\/ISMFRANCE\"]},{\"@type\":\"Person\",\"@id\":\"https:\/\/ismfrance.org\/#\/schema\/person\/3c411eb72adfaae19c0dca1f41fae01d\",\"name\":\"mru_01\",\"image\":{\"@type\":\"ImageObject\",\"inLanguage\":\"fr-FR\",\"@id\":\"https:\/\/secure.gravatar.com\/avatar\/3a0be343b445d2ccc79e87444a294fad2b232e90d2051d0e3cc219e1ecd6a330?s=96&d=mm&r=g\",\"url\":\"https:\/\/secure.gravatar.com\/avatar\/3a0be343b445d2ccc79e87444a294fad2b232e90d2051d0e3cc219e1ecd6a330?s=96&d=mm&r=g\",\"contentUrl\":\"https:\/\/secure.gravatar.com\/avatar\/3a0be343b445d2ccc79e87444a294fad2b232e90d2051d0e3cc219e1ecd6a330?s=96&d=mm&r=g\",\"caption\":\"mru_01\"},\"url\":\"https:\/\/ismfrance.org\/index.php\/author\/admin02\/\"}]}<\/script>\n<!-- \/ Yoast SEO plugin. -->","yoast_head_json":{"title":"Jour 2 de l'audience \u00e0 la CIJ : D\u00e9manteler la d\u00e9fense isra\u00e9lienne accus\u00e9e de g\u00e9nocide - International Solidarity Movement - ISM-France","robots":{"index":"index","follow":"follow","max-snippet":"max-snippet:-1","max-image-preview":"max-image-preview:large","max-video-preview":"max-video-preview:-1"},"canonical":"https:\/\/ismfrance.org\/index.php\/2024\/01\/13\/jour-2-de-laudience-a-la-cij-demanteler-la-defense-israelienne-accusee-de-genocide\/","og_locale":"fr_FR","og_type":"article","og_title":"Jour 2 de l'audience \u00e0 la CIJ : D\u00e9manteler la d\u00e9fense isra\u00e9lienne accus\u00e9e de g\u00e9nocide - International Solidarity Movement - ISM-France","og_description":"ISM-Palestine, 12 janvier 2024. Au lendemain de la pr\u00e9sentation effrayante de l&rsquo;\u00e9quipe juridique sud-africaine, construisant un dossier solide contre Isra\u00ebl pour intention g\u00e9nocidaire et actes \u00e9quivalant \u00e0 un g\u00e9nocide de Lire la suite &rarr;","og_url":"https:\/\/ismfrance.org\/index.php\/2024\/01\/13\/jour-2-de-laudience-a-la-cij-demanteler-la-defense-israelienne-accusee-de-genocide\/","og_site_name":"International Solidarity Movement - ISM-France","article_published_time":"2024-01-13T14:31:42+00:00","article_modified_time":"2024-01-19T08:22:06+00:00","og_image":[{"width":962,"height":509,"url":"https:\/\/ismfrance.org\/wp-content\/uploads\/2024\/01\/equipe-israel.png","type":"image\/png"}],"author":"mru_01","twitter_card":"summary_large_image","twitter_creator":"@ISMFRANCE","twitter_site":"@ISMFRANCE","twitter_misc":{"\u00c9crit par":"mru_01","Dur\u00e9e de lecture estim\u00e9e":"10 minutes"},"schema":{"@context":"https:\/\/schema.org","@graph":[{"@type":"Article","@id":"https:\/\/ismfrance.org\/index.php\/2024\/01\/13\/jour-2-de-laudience-a-la-cij-demanteler-la-defense-israelienne-accusee-de-genocide\/#article","isPartOf":{"@id":"https:\/\/ismfrance.org\/index.php\/2024\/01\/13\/jour-2-de-laudience-a-la-cij-demanteler-la-defense-israelienne-accusee-de-genocide\/"},"author":{"name":"mru_01","@id":"https:\/\/ismfrance.org\/#\/schema\/person\/3c411eb72adfaae19c0dca1f41fae01d"},"headline":"Jour 2 de l&rsquo;audience \u00e0 la CIJ : D\u00e9manteler la d\u00e9fense isra\u00e9lienne accus\u00e9e de g\u00e9nocide","datePublished":"2024-01-13T14:31:42+00:00","dateModified":"2024-01-19T08:22:06+00:00","mainEntityOfPage":{"@id":"https:\/\/ismfrance.org\/index.php\/2024\/01\/13\/jour-2-de-laudience-a-la-cij-demanteler-la-defense-israelienne-accusee-de-genocide\/"},"wordCount":2081,"publisher":{"@id":"https:\/\/ismfrance.org\/#organization"},"image":{"@id":"https:\/\/ismfrance.org\/index.php\/2024\/01\/13\/jour-2-de-laudience-a-la-cij-demanteler-la-defense-israelienne-accusee-de-genocide\/#primaryimage"},"thumbnailUrl":"https:\/\/ismfrance.org\/wp-content\/uploads\/2024\/01\/equipe-israel.png","keywords":["CPI \/ CIJ","G\u00e9nocide"],"articleSection":["Articles","T\u00e9moignages"],"inLanguage":"fr-FR"},{"@type":"WebPage","@id":"https:\/\/ismfrance.org\/index.php\/2024\/01\/13\/jour-2-de-laudience-a-la-cij-demanteler-la-defense-israelienne-accusee-de-genocide\/","url":"https:\/\/ismfrance.org\/index.php\/2024\/01\/13\/jour-2-de-laudience-a-la-cij-demanteler-la-defense-israelienne-accusee-de-genocide\/","name":"Jour 2 de l'audience \u00e0 la CIJ : D\u00e9manteler la d\u00e9fense isra\u00e9lienne accus\u00e9e de g\u00e9nocide - International Solidarity Movement - ISM-France","isPartOf":{"@id":"https:\/\/ismfrance.org\/#website"},"primaryImageOfPage":{"@id":"https:\/\/ismfrance.org\/index.php\/2024\/01\/13\/jour-2-de-laudience-a-la-cij-demanteler-la-defense-israelienne-accusee-de-genocide\/#primaryimage"},"image":{"@id":"https:\/\/ismfrance.org\/index.php\/2024\/01\/13\/jour-2-de-laudience-a-la-cij-demanteler-la-defense-israelienne-accusee-de-genocide\/#primaryimage"},"thumbnailUrl":"https:\/\/ismfrance.org\/wp-content\/uploads\/2024\/01\/equipe-israel.png","datePublished":"2024-01-13T14:31:42+00:00","dateModified":"2024-01-19T08:22:06+00:00","breadcrumb":{"@id":"https:\/\/ismfrance.org\/index.php\/2024\/01\/13\/jour-2-de-laudience-a-la-cij-demanteler-la-defense-israelienne-accusee-de-genocide\/#breadcrumb"},"inLanguage":"fr-FR","potentialAction":[{"@type":"ReadAction","target":["https:\/\/ismfrance.org\/index.php\/2024\/01\/13\/jour-2-de-laudience-a-la-cij-demanteler-la-defense-israelienne-accusee-de-genocide\/"]}]},{"@type":"ImageObject","inLanguage":"fr-FR","@id":"https:\/\/ismfrance.org\/index.php\/2024\/01\/13\/jour-2-de-laudience-a-la-cij-demanteler-la-defense-israelienne-accusee-de-genocide\/#primaryimage","url":"https:\/\/ismfrance.org\/wp-content\/uploads\/2024\/01\/equipe-israel.png","contentUrl":"https:\/\/ismfrance.org\/wp-content\/uploads\/2024\/01\/equipe-israel.png","width":962,"height":509},{"@type":"BreadcrumbList","@id":"https:\/\/ismfrance.org\/index.php\/2024\/01\/13\/jour-2-de-laudience-a-la-cij-demanteler-la-defense-israelienne-accusee-de-genocide\/#breadcrumb","itemListElement":[{"@type":"ListItem","position":1,"name":"Accueil","item":"https:\/\/ismfrance.org\/"},{"@type":"ListItem","position":2,"name":"Jour 2 de l&#8217;audience \u00e0 la CIJ : D\u00e9manteler la d\u00e9fense isra\u00e9lienne accus\u00e9e de g\u00e9nocide"}]},{"@type":"WebSite","@id":"https:\/\/ismfrance.org\/#website","url":"https:\/\/ismfrance.org\/","name":"ISM Palestine France","description":"Soutien aux luttes de lib\u00e9ration du peuple palestinien","publisher":{"@id":"https:\/\/ismfrance.org\/#organization"},"potentialAction":[{"@type":"SearchAction","target":{"@type":"EntryPoint","urlTemplate":"https:\/\/ismfrance.org\/?s={search_term_string}"},"query-input":{"@type":"PropertyValueSpecification","valueRequired":true,"valueName":"search_term_string"}}],"inLanguage":"fr-FR"},{"@type":"Organization","@id":"https:\/\/ismfrance.org\/#organization","name":"International Solidarity Movement","url":"https:\/\/ismfrance.org\/","logo":{"@type":"ImageObject","inLanguage":"fr-FR","@id":"https:\/\/ismfrance.org\/#\/schema\/logo\/image\/","url":"https:\/\/ismfrance.org\/wp-content\/uploads\/2020\/12\/00.png","contentUrl":"https:\/\/ismfrance.org\/wp-content\/uploads\/2020\/12\/00.png","width":400,"height":400,"caption":"International Solidarity Movement"},"image":{"@id":"https:\/\/ismfrance.org\/#\/schema\/logo\/image\/"},"sameAs":["https:\/\/x.com\/ISMFRANCE"]},{"@type":"Person","@id":"https:\/\/ismfrance.org\/#\/schema\/person\/3c411eb72adfaae19c0dca1f41fae01d","name":"mru_01","image":{"@type":"ImageObject","inLanguage":"fr-FR","@id":"https:\/\/secure.gravatar.com\/avatar\/3a0be343b445d2ccc79e87444a294fad2b232e90d2051d0e3cc219e1ecd6a330?s=96&d=mm&r=g","url":"https:\/\/secure.gravatar.com\/avatar\/3a0be343b445d2ccc79e87444a294fad2b232e90d2051d0e3cc219e1ecd6a330?s=96&d=mm&r=g","contentUrl":"https:\/\/secure.gravatar.com\/avatar\/3a0be343b445d2ccc79e87444a294fad2b232e90d2051d0e3cc219e1ecd6a330?s=96&d=mm&r=g","caption":"mru_01"},"url":"https:\/\/ismfrance.org\/index.php\/author\/admin02\/"}]}},"_links":{"self":[{"href":"https:\/\/ismfrance.org\/index.php\/wp-json\/wp\/v2\/posts\/8911","targetHints":{"allow":["GET"]}}],"collection":[{"href":"https:\/\/ismfrance.org\/index.php\/wp-json\/wp\/v2\/posts"}],"about":[{"href":"https:\/\/ismfrance.org\/index.php\/wp-json\/wp\/v2\/types\/post"}],"author":[{"embeddable":true,"href":"https:\/\/ismfrance.org\/index.php\/wp-json\/wp\/v2\/users\/3"}],"replies":[{"embeddable":true,"href":"https:\/\/ismfrance.org\/index.php\/wp-json\/wp\/v2\/comments?post=8911"}],"version-history":[{"count":0,"href":"https:\/\/ismfrance.org\/index.php\/wp-json\/wp\/v2\/posts\/8911\/revisions"}],"wp:featuredmedia":[{"embeddable":true,"href":"https:\/\/ismfrance.org\/index.php\/wp-json\/wp\/v2\/media\/8912"}],"wp:attachment":[{"href":"https:\/\/ismfrance.org\/index.php\/wp-json\/wp\/v2\/media?parent=8911"}],"wp:term":[{"taxonomy":"category","embeddable":true,"href":"https:\/\/ismfrance.org\/index.php\/wp-json\/wp\/v2\/categories?post=8911"},{"taxonomy":"post_tag","embeddable":true,"href":"https:\/\/ismfrance.org\/index.php\/wp-json\/wp\/v2\/tags?post=8911"}],"curies":[{"name":"wp","href":"https:\/\/api.w.org\/{rel}","templated":true}]}}