{"id":8844,"date":"2024-01-11T17:07:16","date_gmt":"2024-01-11T16:07:16","guid":{"rendered":"https:\/\/ismfrance.org\/?p=8844"},"modified":"2024-01-11T17:21:50","modified_gmt":"2024-01-11T16:21:50","slug":"les-illusions-brisees-par-le-genocide-de-gaza-professionnalisme-et-ethique-des-medias-occidentaux","status":"publish","type":"post","link":"https:\/\/ismfrance.org\/index.php\/2024\/01\/11\/les-illusions-brisees-par-le-genocide-de-gaza-professionnalisme-et-ethique-des-medias-occidentaux\/","title":{"rendered":"Les illusions bris\u00e9es par le g\u00e9nocide de Gaza : Professionnalisme et \u00e9thique des m\u00e9dias occidentaux"},"content":{"rendered":"<p><span style=\"color: #000000;\"><span style=\"font-family: Tahoma, sans-serif;\"><span style=\"font-size: medium;\"><strong>Mohammad F. Al Obaidly, 11 janvier 2024<\/strong>. L\u2019industrie occidentale des m\u00e9dias et de la presse \u00e9tait biais\u00e9e en faveur du r\u00e9cit sioniste et l\u2019a publiquement soutenu ; l&rsquo;opinion publique arabe conna\u00eet cette tendance depuis des d\u00e9cennies, mais ce que l&rsquo;agression isra\u00e9lienne contre Gaza a r\u00e9v\u00e9l\u00e9 de nouveau est que ces institutions se sont \u00e9croul\u00e9es de mani\u00e8re retentissante en face de leur propre auditoire lorsqu&rsquo;elles se sont retrouv\u00e9es confront\u00e9es aux fortes critiques de l&rsquo;opinion publique am\u00e9ricaine et occidentale en g\u00e9n\u00e9ral, qui a \u00e9t\u00e9 choqu\u00e9e par leur aveuglement professionnel et moral qu&rsquo;a r\u00e9v\u00e9l\u00e9 leur interpr\u00e9tation compl\u00e8tement partisane pro-isra\u00e9lienne.<\/span><\/span><\/span><a href=\"https:\/\/ismfrance.org\/wp-content\/uploads\/2024\/01\/Zemmour-Levy-Macias.jpg\"><img loading=\"lazy\" decoding=\"async\" class=\"size-large wp-image-8860 aligncenter\" src=\"https:\/\/ismfrance.org\/wp-content\/uploads\/2024\/01\/Zemmour-Levy-Macias-700x368.jpg\" alt=\"\" width=\"600\" height=\"315\" srcset=\"https:\/\/ismfrance.org\/wp-content\/uploads\/2024\/01\/Zemmour-Levy-Macias-700x368.jpg 700w, https:\/\/ismfrance.org\/wp-content\/uploads\/2024\/01\/Zemmour-Levy-Macias-300x158.jpg 300w, https:\/\/ismfrance.org\/wp-content\/uploads\/2024\/01\/Zemmour-Levy-Macias-768x403.jpg 768w, https:\/\/ismfrance.org\/wp-content\/uploads\/2024\/01\/Zemmour-Levy-Macias.jpg 1200w\" sizes=\"auto, (max-width: 600px) 100vw, 600px\" \/><\/a><\/p>\n<p><span style=\"color: #000000;\"><span style=\"font-family: Tahoma, sans-serif;\"><span style=\"font-size: medium;\">Gr\u00e2ce aux technologies des m\u00e9dias sociaux dans le cyberespace, des millions de personnes dans les pays occidentaux et dans le monde ont pu suivre une v\u00e9ritable guerre d&rsquo;an\u00e9antissement men\u00e9e par Isra\u00ebl contre Gaza. La v\u00e9rit\u00e9 est apparue claire et le public occidental semble avoir d\u00e9couvert ce qui lui avait \u00e9t\u00e9 d\u00e9lib\u00e9r\u00e9ment cach\u00e9 pendant des d\u00e9cennies : la plupart de ses principaux m\u00e9dias ferment les yeux sur toutes les atrocit\u00e9s et les massacres perp\u00e9tr\u00e9s contre des civils palestiniens et diffusent des r\u00e9cits qui justifient la perp\u00e9tration de ces massacres par Isra\u00ebl. Par exemple, lors du massacre de l&rsquo;H\u00f4pital Baptiste, CNN a r\u00e9p\u00e9t\u00e9 que l&rsquo;arm\u00e9e isra\u00e9lienne avait averti \u00e0 plusieurs reprises le personnel de l&rsquo;h\u00f4pital de l&rsquo;\u00e9vacuer. C&rsquo;est un lapsus qui confirme \u2013 \u00e0 l\u2019insu de celui qui l\u2019a dit \u2013 que ce sont les Isra\u00e9liens qui ont bombard\u00e9 l\u2019h\u00f4pital.<\/span><\/span><\/span><\/p>\n<p><span style=\"color: #000000;\"><span style=\"font-family: Tahoma, sans-serif;\"><span style=\"font-size: medium;\">Les institutions m\u00e9diatiques occidentales ont montr\u00e9 un visage fasciste cach\u00e9 lorsqu&rsquo;elles ont recouru \u00e0 l&rsquo;h\u00e9ritage du maccarthysme face aux critiques croissantes des Am\u00e9ricains et des Europ\u00e9ens qui ont commenc\u00e9 \u00e0 les accuser publiquement de parti pris aveugle envers le r\u00e9cit sioniste, de dissimuler et de falsifier les faits, et m\u00eame de contribuer \u00e0 r\u00e9pandre des mensonges et \u00e0 fabriquer des incidents de mani\u00e8re flagrante et injustifiable. Que s\u2019est-il pass\u00e9 qui a pouss\u00e9 ces institutions \u00e0 cette chute progressive retentissante et scandaleuse ?<\/span><\/span><\/span><\/p>\n<p><span style=\"color: #000000;\"><span style=\"font-family: Tahoma, sans-serif;\"><span style=\"font-size: medium;\">Outre la faillite de la logique de l&rsquo;occupation, les \u00e9normes progr\u00e8s scientifiques dans les technologies des m\u00e9dias et de la communication, la diffusion de l&rsquo;intelligence artificielle et une nouvelle g\u00e9n\u00e9ration au sein des soci\u00e9t\u00e9s occidentales et dans le monde entier (g\u00e9n\u00e9ration Z) ont permis \u00e0 des millions de personnes \u00e0 travers le monde de r\u00e9cup\u00e9rer les d\u00e9combres de l&rsquo;histoire du conflit arabo-sioniste pour reformuler leur propre r\u00e9cit en s&rsquo;\u00e9cartant du r\u00e9cit sioniste et de ses mensonges, que ces institutions m\u00e9diatiques r\u00e9p\u00e8tent depuis plus de 75 ans. Nombreux sont ceux qui contestent de plus en plus le r\u00e9cit des journaux et des cha\u00eenes de t\u00e9l\u00e9vision qui sont biais\u00e9s en faveur d&rsquo;Isra\u00ebl et leur dissimulation d\u00e9lib\u00e9r\u00e9e d&rsquo;une guerre d&rsquo;extermination que des millions d&rsquo;Am\u00e9ricains, d&rsquo;Europ\u00e9ens et des citoyens du monde entier regardent et suivent gr\u00e2ce aux m\u00e9dias alternatifs repr\u00e9sent\u00e9s par les r\u00e9seaux sociaux, surmontant les pr\u00e9jug\u00e9s de ces institutions de presse et de t\u00e9l\u00e9vision et leur logique en faillite dans la d\u00e9fense d&rsquo;une occupation haineuse qui s&rsquo;oppose \u00e0 toutes les valeurs humaines.<\/span><\/span><\/span><\/p>\n<p><span style=\"color: #000000;\"><span style=\"font-family: Tahoma, sans-serif;\"><span style=\"font-size: medium;\">Ces m\u00e9dias alternatifs nous rappellent le magicien qui lan\u00e7ait ses sorts et en perdait le contr\u00f4le. Une enqu\u00eate men\u00e9e par le site ind\u00e9pendant am\u00e9ricain \u00ab The Grayzone \u00bb, a r\u00e9v\u00e9l\u00e9 le mensonge des \u00ab t\u00eates d&rsquo;enfants coup\u00e9es \u00bb. Quant au mensonge de Benjamin Netanyahu dans les images qu&rsquo;il a publi\u00e9es sur son compte X affirmant qu&rsquo;il s&rsquo;agissait de \u00ab t\u00eates d&rsquo;enfants tu\u00e9s et br\u00fbl\u00e9s \u00bb, le journaliste ind\u00e9pendant am\u00e9ricain Jackson Hinkle les a d\u00e9nonc\u00e9es gr\u00e2ce \u00e0 l&rsquo;intelligence artificielle, r\u00e9v\u00e9lant qu&rsquo;il s&rsquo;agissait de fausses photos d&rsquo;un chien dans un clinique v\u00e9t\u00e9rinaire.<\/span><\/span><\/span><\/p>\n<p><span style=\"color: #000000;\"><span style=\"font-family: Tahoma, sans-serif;\"><span style=\"font-size: medium;\">L\u2019affaire ne s\u2019est pas limit\u00e9e \u00e0 l\u2019adoption et \u00e0 la promotion de mensonges (d\u2019une mani\u00e8re qui rafra\u00eechit la m\u00e9moire du roman <i>1984<\/i>), mais ces institutions de presse et de m\u00e9dias ont plut\u00f4t commenc\u00e9 \u00e0 pratiquer le maccarthysme de mani\u00e8re flagrante contre toute voix qui contredisait les mensonges produits par la machine de propagande de Netanyahu et des sionistes, au point o\u00f9 la justification n&rsquo;\u00e9tait plus possible et qu&rsquo;il n&rsquo;y avait plus de choix, pour les journalistes de conscience, que pr\u00e9senter leur d\u00e9mission en signe de protestation contre les pr\u00e9jug\u00e9s professionnels et \u00e9thiques flagrants et injustifi\u00e9s envers les institutions qui ont longtemps \u00e9t\u00e9 consid\u00e9r\u00e9s comme un exemple de grand professionnalisme et d&rsquo;objectivit\u00e9.<\/span><\/span><\/span><\/p>\n<p><span style=\"color: #000000;\"><span style=\"font-family: Tahoma, sans-serif;\"><span style=\"font-size: medium;\">Le soutien aveugle des institutions m\u00e9diatiques occidentales \u00e0 Isra\u00ebl et au r\u00e9cit sioniste, en dissimulant des faits, en les falsifiant et en fabriquant des mensonges, les a pouss\u00e9s \u00e0 tomber dans la boue du maccarthysme et \u00e0 devenir de simples machines de propagande sans valeur, sans professionnalisme ni principes. Le pire de cette chute est qu\u2019elle r\u00e9v\u00e8le la superficialit\u00e9 intellectuelle sans fin de ces institutions partiales, dont certaines sont c\u00e9l\u00e8bres pour leurs recherches et leur documentation minutieuses, lorsqu\u2019elles se transforment en haut-parleurs pour r\u00e9p\u00e9ter l\u2019accusation d\u2019\u00ab antis\u00e9mitisme \u00bb, qui est ressass\u00e9e par des diffuseurs, les pr\u00e9sentateurs de talk-shows et les journalistes, lorsqu&rsquo;ils la lancent contre les partisans de la Palestine. C&rsquo;est une d\u00e9monstration vulgaire de la plus grande forme d&rsquo;ignorance dans laquelle peut tomber un intellectuel europ\u00e9en et am\u00e9ricain, qui ne voit pas qu&rsquo;un nombre important (sinon la majorit\u00e9) des juifs s&rsquo;oppose \u00e0 Isra\u00ebl lui-m\u00eame et au sionisme ; et cet aveuglement moral ne les rend pas capables de voir la diff\u00e9rence claire entre le sionisme en tant que mouvement politique colonialiste et raciste et le juda\u00efsme en tant que religion.<\/span><\/span><\/span><\/p>\n<p lang=\"en-GB\"><span style=\"color: #000000;\"><span style=\"font-family: Tahoma, sans-serif;\"><span style=\"font-size: medium;\">Ce qui est pire que l\u2019occupation et les massacres, c\u2019est de couvrir et de justifier ce ph\u00e9nom\u00e8ne, comme le monde entier en est t\u00e9moin avec le g\u00e9nocide de Gaza. Les principaux m\u00e9dias aux \u00c9tats-Unis et en Europe ont connu une chute retentissante, professionnellement et \u00e9thiquement, et il leur faudra du temps avant de retrouver un peu de cr\u00e9dibilit\u00e9.<\/span><\/span><\/span><\/p>\n<pre><em><span style=\"color: #000000;\"><span style=\"font-family: Calibri, sans-serif;\"><span style=\"font-family: Tahoma, sans-serif;\"><span style=\"font-size: medium;\">Article original en anglais sur <a href=\"https:\/\/twala.info\/en\/opinions-en\/illusions-shuttered-by-gazas-genocide-1\/\">Twala.info<\/a> \/ Traduction MR<\/span><\/span><\/span><\/span><\/em><\/pre>\n<p><span style=\"color: #000000;\"><span style=\"font-family: Calibri, sans-serif;\"><span style=\"font-family: Tahoma, sans-serif;\"><span style=\"font-size: medium;\">Mohammad F. Al Obaidly est un \u00e9crivain bahre\u00efni et r\u00e9dacteur en chef de\u00a0: <a href=\"http:\/\/www.themfadhel.com\/\">www.themfadhel.com<\/a><\/span><\/span><\/span><\/span><\/p>\n","protected":false},"excerpt":{"rendered":"<p>Mohammad F. Al Obaidly, 11 janvier 2024. L\u2019industrie occidentale des m\u00e9dias et de la presse \u00e9tait biais\u00e9e en faveur du r\u00e9cit sioniste et l\u2019a publiquement soutenu ; l&rsquo;opinion publique arabe <a class=\"more-link\" href=\"https:\/\/ismfrance.org\/index.php\/2024\/01\/11\/les-illusions-brisees-par-le-genocide-de-gaza-professionnalisme-et-ethique-des-medias-occidentaux\/\">Lire la suite &rarr;<\/a><\/p>\n","protected":false},"author":3,"featured_media":8860,"comment_status":"closed","ping_status":"closed","sticky":false,"template":"","format":"standard","meta":{"footnotes":""},"categories":[12,2],"tags":[348,156,205,82],"class_list":["post-8844","post","type-post","status-publish","format-standard","has-post-thumbnail","hentry","category-analyses","category-articles","tag-7-octobre-2023","tag-genocide","tag-medias-occidentaux","tag-propagande"],"yoast_head":"<!-- This site is optimized with the Yoast SEO plugin v27.2 - https:\/\/yoast.com\/product\/yoast-seo-wordpress\/ -->\n<title>Les illusions bris\u00e9es par le g\u00e9nocide de Gaza : Professionnalisme et \u00e9thique des m\u00e9dias occidentaux - International Solidarity Movement - ISM-France<\/title>\n<meta name=\"robots\" content=\"index, follow, max-snippet:-1, max-image-preview:large, max-video-preview:-1\" \/>\n<link rel=\"canonical\" href=\"https:\/\/ismfrance.org\/index.php\/2024\/01\/11\/les-illusions-brisees-par-le-genocide-de-gaza-professionnalisme-et-ethique-des-medias-occidentaux\/\" \/>\n<meta property=\"og:locale\" content=\"fr_FR\" \/>\n<meta property=\"og:type\" content=\"article\" \/>\n<meta property=\"og:title\" content=\"Les illusions bris\u00e9es par le g\u00e9nocide de Gaza : Professionnalisme et \u00e9thique des m\u00e9dias occidentaux - International Solidarity Movement - ISM-France\" \/>\n<meta property=\"og:description\" content=\"Mohammad F. Al Obaidly, 11 janvier 2024. L\u2019industrie occidentale des m\u00e9dias et de la presse \u00e9tait biais\u00e9e en faveur du r\u00e9cit sioniste et l\u2019a publiquement soutenu ; l&rsquo;opinion publique arabe Lire la suite &rarr;\" \/>\n<meta property=\"og:url\" content=\"https:\/\/ismfrance.org\/index.php\/2024\/01\/11\/les-illusions-brisees-par-le-genocide-de-gaza-professionnalisme-et-ethique-des-medias-occidentaux\/\" \/>\n<meta property=\"og:site_name\" content=\"International Solidarity Movement - ISM-France\" \/>\n<meta property=\"article:published_time\" content=\"2024-01-11T16:07:16+00:00\" \/>\n<meta property=\"article:modified_time\" content=\"2024-01-11T16:21:50+00:00\" \/>\n<meta property=\"og:image\" content=\"https:\/\/ismfrance.org\/wp-content\/uploads\/2024\/01\/Zemmour-Levy-Macias.jpg\" \/>\n\t<meta property=\"og:image:width\" content=\"1200\" \/>\n\t<meta property=\"og:image:height\" content=\"630\" \/>\n\t<meta property=\"og:image:type\" content=\"image\/jpeg\" \/>\n<meta name=\"author\" content=\"mru_01\" \/>\n<meta name=\"twitter:card\" content=\"summary_large_image\" \/>\n<meta name=\"twitter:creator\" content=\"@ISMFRANCE\" \/>\n<meta name=\"twitter:site\" content=\"@ISMFRANCE\" \/>\n<meta name=\"twitter:label1\" content=\"\u00c9crit par\" \/>\n\t<meta name=\"twitter:data1\" content=\"mru_01\" \/>\n\t<meta name=\"twitter:label2\" content=\"Dur\u00e9e de lecture estim\u00e9e\" \/>\n\t<meta name=\"twitter:data2\" content=\"6 minutes\" \/>\n<script type=\"application\/ld+json\" class=\"yoast-schema-graph\">{\"@context\":\"https:\/\/schema.org\",\"@graph\":[{\"@type\":\"Article\",\"@id\":\"https:\/\/ismfrance.org\/index.php\/2024\/01\/11\/les-illusions-brisees-par-le-genocide-de-gaza-professionnalisme-et-ethique-des-medias-occidentaux\/#article\",\"isPartOf\":{\"@id\":\"https:\/\/ismfrance.org\/index.php\/2024\/01\/11\/les-illusions-brisees-par-le-genocide-de-gaza-professionnalisme-et-ethique-des-medias-occidentaux\/\"},\"author\":{\"name\":\"mru_01\",\"@id\":\"https:\/\/ismfrance.org\/#\/schema\/person\/3c411eb72adfaae19c0dca1f41fae01d\"},\"headline\":\"Les illusions bris\u00e9es par le g\u00e9nocide de Gaza : Professionnalisme et \u00e9thique des m\u00e9dias occidentaux\",\"datePublished\":\"2024-01-11T16:07:16+00:00\",\"dateModified\":\"2024-01-11T16:21:50+00:00\",\"mainEntityOfPage\":{\"@id\":\"https:\/\/ismfrance.org\/index.php\/2024\/01\/11\/les-illusions-brisees-par-le-genocide-de-gaza-professionnalisme-et-ethique-des-medias-occidentaux\/\"},\"wordCount\":1140,\"publisher\":{\"@id\":\"https:\/\/ismfrance.org\/#organization\"},\"image\":{\"@id\":\"https:\/\/ismfrance.org\/index.php\/2024\/01\/11\/les-illusions-brisees-par-le-genocide-de-gaza-professionnalisme-et-ethique-des-medias-occidentaux\/#primaryimage\"},\"thumbnailUrl\":\"https:\/\/ismfrance.org\/wp-content\/uploads\/2024\/01\/Zemmour-Levy-Macias.jpg\",\"keywords\":[\"7 octobre 2023\",\"G\u00e9nocide\",\"M\u00e9dias occidentaux\",\"Propagande\"],\"articleSection\":[\"Analyses\",\"Articles\"],\"inLanguage\":\"fr-FR\"},{\"@type\":\"WebPage\",\"@id\":\"https:\/\/ismfrance.org\/index.php\/2024\/01\/11\/les-illusions-brisees-par-le-genocide-de-gaza-professionnalisme-et-ethique-des-medias-occidentaux\/\",\"url\":\"https:\/\/ismfrance.org\/index.php\/2024\/01\/11\/les-illusions-brisees-par-le-genocide-de-gaza-professionnalisme-et-ethique-des-medias-occidentaux\/\",\"name\":\"Les illusions bris\u00e9es par le g\u00e9nocide de Gaza : Professionnalisme et \u00e9thique des m\u00e9dias occidentaux - International Solidarity Movement - ISM-France\",\"isPartOf\":{\"@id\":\"https:\/\/ismfrance.org\/#website\"},\"primaryImageOfPage\":{\"@id\":\"https:\/\/ismfrance.org\/index.php\/2024\/01\/11\/les-illusions-brisees-par-le-genocide-de-gaza-professionnalisme-et-ethique-des-medias-occidentaux\/#primaryimage\"},\"image\":{\"@id\":\"https:\/\/ismfrance.org\/index.php\/2024\/01\/11\/les-illusions-brisees-par-le-genocide-de-gaza-professionnalisme-et-ethique-des-medias-occidentaux\/#primaryimage\"},\"thumbnailUrl\":\"https:\/\/ismfrance.org\/wp-content\/uploads\/2024\/01\/Zemmour-Levy-Macias.jpg\",\"datePublished\":\"2024-01-11T16:07:16+00:00\",\"dateModified\":\"2024-01-11T16:21:50+00:00\",\"breadcrumb\":{\"@id\":\"https:\/\/ismfrance.org\/index.php\/2024\/01\/11\/les-illusions-brisees-par-le-genocide-de-gaza-professionnalisme-et-ethique-des-medias-occidentaux\/#breadcrumb\"},\"inLanguage\":\"fr-FR\",\"potentialAction\":[{\"@type\":\"ReadAction\",\"target\":[\"https:\/\/ismfrance.org\/index.php\/2024\/01\/11\/les-illusions-brisees-par-le-genocide-de-gaza-professionnalisme-et-ethique-des-medias-occidentaux\/\"]}]},{\"@type\":\"ImageObject\",\"inLanguage\":\"fr-FR\",\"@id\":\"https:\/\/ismfrance.org\/index.php\/2024\/01\/11\/les-illusions-brisees-par-le-genocide-de-gaza-professionnalisme-et-ethique-des-medias-occidentaux\/#primaryimage\",\"url\":\"https:\/\/ismfrance.org\/wp-content\/uploads\/2024\/01\/Zemmour-Levy-Macias.jpg\",\"contentUrl\":\"https:\/\/ismfrance.org\/wp-content\/uploads\/2024\/01\/Zemmour-Levy-Macias.jpg\",\"width\":1200,\"height\":630},{\"@type\":\"BreadcrumbList\",\"@id\":\"https:\/\/ismfrance.org\/index.php\/2024\/01\/11\/les-illusions-brisees-par-le-genocide-de-gaza-professionnalisme-et-ethique-des-medias-occidentaux\/#breadcrumb\",\"itemListElement\":[{\"@type\":\"ListItem\",\"position\":1,\"name\":\"Accueil\",\"item\":\"https:\/\/ismfrance.org\/\"},{\"@type\":\"ListItem\",\"position\":2,\"name\":\"Les illusions bris\u00e9es par le g\u00e9nocide de Gaza : Professionnalisme et \u00e9thique des m\u00e9dias occidentaux\"}]},{\"@type\":\"WebSite\",\"@id\":\"https:\/\/ismfrance.org\/#website\",\"url\":\"https:\/\/ismfrance.org\/\",\"name\":\"ISM Palestine France\",\"description\":\"Soutien aux luttes de lib\u00e9ration du peuple palestinien\",\"publisher\":{\"@id\":\"https:\/\/ismfrance.org\/#organization\"},\"potentialAction\":[{\"@type\":\"SearchAction\",\"target\":{\"@type\":\"EntryPoint\",\"urlTemplate\":\"https:\/\/ismfrance.org\/?s={search_term_string}\"},\"query-input\":{\"@type\":\"PropertyValueSpecification\",\"valueRequired\":true,\"valueName\":\"search_term_string\"}}],\"inLanguage\":\"fr-FR\"},{\"@type\":\"Organization\",\"@id\":\"https:\/\/ismfrance.org\/#organization\",\"name\":\"International Solidarity Movement\",\"url\":\"https:\/\/ismfrance.org\/\",\"logo\":{\"@type\":\"ImageObject\",\"inLanguage\":\"fr-FR\",\"@id\":\"https:\/\/ismfrance.org\/#\/schema\/logo\/image\/\",\"url\":\"https:\/\/ismfrance.org\/wp-content\/uploads\/2020\/12\/00.png\",\"contentUrl\":\"https:\/\/ismfrance.org\/wp-content\/uploads\/2020\/12\/00.png\",\"width\":400,\"height\":400,\"caption\":\"International Solidarity Movement\"},\"image\":{\"@id\":\"https:\/\/ismfrance.org\/#\/schema\/logo\/image\/\"},\"sameAs\":[\"https:\/\/x.com\/ISMFRANCE\"]},{\"@type\":\"Person\",\"@id\":\"https:\/\/ismfrance.org\/#\/schema\/person\/3c411eb72adfaae19c0dca1f41fae01d\",\"name\":\"mru_01\",\"image\":{\"@type\":\"ImageObject\",\"inLanguage\":\"fr-FR\",\"@id\":\"https:\/\/secure.gravatar.com\/avatar\/3a0be343b445d2ccc79e87444a294fad2b232e90d2051d0e3cc219e1ecd6a330?s=96&d=mm&r=g\",\"url\":\"https:\/\/secure.gravatar.com\/avatar\/3a0be343b445d2ccc79e87444a294fad2b232e90d2051d0e3cc219e1ecd6a330?s=96&d=mm&r=g\",\"contentUrl\":\"https:\/\/secure.gravatar.com\/avatar\/3a0be343b445d2ccc79e87444a294fad2b232e90d2051d0e3cc219e1ecd6a330?s=96&d=mm&r=g\",\"caption\":\"mru_01\"},\"url\":\"https:\/\/ismfrance.org\/index.php\/author\/admin02\/\"}]}<\/script>\n<!-- \/ Yoast SEO plugin. -->","yoast_head_json":{"title":"Les illusions bris\u00e9es par le g\u00e9nocide de Gaza : Professionnalisme et \u00e9thique des m\u00e9dias occidentaux - International Solidarity Movement - ISM-France","robots":{"index":"index","follow":"follow","max-snippet":"max-snippet:-1","max-image-preview":"max-image-preview:large","max-video-preview":"max-video-preview:-1"},"canonical":"https:\/\/ismfrance.org\/index.php\/2024\/01\/11\/les-illusions-brisees-par-le-genocide-de-gaza-professionnalisme-et-ethique-des-medias-occidentaux\/","og_locale":"fr_FR","og_type":"article","og_title":"Les illusions bris\u00e9es par le g\u00e9nocide de Gaza : Professionnalisme et \u00e9thique des m\u00e9dias occidentaux - International Solidarity Movement - ISM-France","og_description":"Mohammad F. Al Obaidly, 11 janvier 2024. L\u2019industrie occidentale des m\u00e9dias et de la presse \u00e9tait biais\u00e9e en faveur du r\u00e9cit sioniste et l\u2019a publiquement soutenu ; l&rsquo;opinion publique arabe Lire la suite &rarr;","og_url":"https:\/\/ismfrance.org\/index.php\/2024\/01\/11\/les-illusions-brisees-par-le-genocide-de-gaza-professionnalisme-et-ethique-des-medias-occidentaux\/","og_site_name":"International Solidarity Movement - ISM-France","article_published_time":"2024-01-11T16:07:16+00:00","article_modified_time":"2024-01-11T16:21:50+00:00","og_image":[{"width":1200,"height":630,"url":"https:\/\/ismfrance.org\/wp-content\/uploads\/2024\/01\/Zemmour-Levy-Macias.jpg","type":"image\/jpeg"}],"author":"mru_01","twitter_card":"summary_large_image","twitter_creator":"@ISMFRANCE","twitter_site":"@ISMFRANCE","twitter_misc":{"\u00c9crit par":"mru_01","Dur\u00e9e de lecture estim\u00e9e":"6 minutes"},"schema":{"@context":"https:\/\/schema.org","@graph":[{"@type":"Article","@id":"https:\/\/ismfrance.org\/index.php\/2024\/01\/11\/les-illusions-brisees-par-le-genocide-de-gaza-professionnalisme-et-ethique-des-medias-occidentaux\/#article","isPartOf":{"@id":"https:\/\/ismfrance.org\/index.php\/2024\/01\/11\/les-illusions-brisees-par-le-genocide-de-gaza-professionnalisme-et-ethique-des-medias-occidentaux\/"},"author":{"name":"mru_01","@id":"https:\/\/ismfrance.org\/#\/schema\/person\/3c411eb72adfaae19c0dca1f41fae01d"},"headline":"Les illusions bris\u00e9es par le g\u00e9nocide de Gaza : Professionnalisme et \u00e9thique des m\u00e9dias occidentaux","datePublished":"2024-01-11T16:07:16+00:00","dateModified":"2024-01-11T16:21:50+00:00","mainEntityOfPage":{"@id":"https:\/\/ismfrance.org\/index.php\/2024\/01\/11\/les-illusions-brisees-par-le-genocide-de-gaza-professionnalisme-et-ethique-des-medias-occidentaux\/"},"wordCount":1140,"publisher":{"@id":"https:\/\/ismfrance.org\/#organization"},"image":{"@id":"https:\/\/ismfrance.org\/index.php\/2024\/01\/11\/les-illusions-brisees-par-le-genocide-de-gaza-professionnalisme-et-ethique-des-medias-occidentaux\/#primaryimage"},"thumbnailUrl":"https:\/\/ismfrance.org\/wp-content\/uploads\/2024\/01\/Zemmour-Levy-Macias.jpg","keywords":["7 octobre 2023","G\u00e9nocide","M\u00e9dias occidentaux","Propagande"],"articleSection":["Analyses","Articles"],"inLanguage":"fr-FR"},{"@type":"WebPage","@id":"https:\/\/ismfrance.org\/index.php\/2024\/01\/11\/les-illusions-brisees-par-le-genocide-de-gaza-professionnalisme-et-ethique-des-medias-occidentaux\/","url":"https:\/\/ismfrance.org\/index.php\/2024\/01\/11\/les-illusions-brisees-par-le-genocide-de-gaza-professionnalisme-et-ethique-des-medias-occidentaux\/","name":"Les illusions bris\u00e9es par le g\u00e9nocide de Gaza : Professionnalisme et \u00e9thique des m\u00e9dias occidentaux - International Solidarity Movement - ISM-France","isPartOf":{"@id":"https:\/\/ismfrance.org\/#website"},"primaryImageOfPage":{"@id":"https:\/\/ismfrance.org\/index.php\/2024\/01\/11\/les-illusions-brisees-par-le-genocide-de-gaza-professionnalisme-et-ethique-des-medias-occidentaux\/#primaryimage"},"image":{"@id":"https:\/\/ismfrance.org\/index.php\/2024\/01\/11\/les-illusions-brisees-par-le-genocide-de-gaza-professionnalisme-et-ethique-des-medias-occidentaux\/#primaryimage"},"thumbnailUrl":"https:\/\/ismfrance.org\/wp-content\/uploads\/2024\/01\/Zemmour-Levy-Macias.jpg","datePublished":"2024-01-11T16:07:16+00:00","dateModified":"2024-01-11T16:21:50+00:00","breadcrumb":{"@id":"https:\/\/ismfrance.org\/index.php\/2024\/01\/11\/les-illusions-brisees-par-le-genocide-de-gaza-professionnalisme-et-ethique-des-medias-occidentaux\/#breadcrumb"},"inLanguage":"fr-FR","potentialAction":[{"@type":"ReadAction","target":["https:\/\/ismfrance.org\/index.php\/2024\/01\/11\/les-illusions-brisees-par-le-genocide-de-gaza-professionnalisme-et-ethique-des-medias-occidentaux\/"]}]},{"@type":"ImageObject","inLanguage":"fr-FR","@id":"https:\/\/ismfrance.org\/index.php\/2024\/01\/11\/les-illusions-brisees-par-le-genocide-de-gaza-professionnalisme-et-ethique-des-medias-occidentaux\/#primaryimage","url":"https:\/\/ismfrance.org\/wp-content\/uploads\/2024\/01\/Zemmour-Levy-Macias.jpg","contentUrl":"https:\/\/ismfrance.org\/wp-content\/uploads\/2024\/01\/Zemmour-Levy-Macias.jpg","width":1200,"height":630},{"@type":"BreadcrumbList","@id":"https:\/\/ismfrance.org\/index.php\/2024\/01\/11\/les-illusions-brisees-par-le-genocide-de-gaza-professionnalisme-et-ethique-des-medias-occidentaux\/#breadcrumb","itemListElement":[{"@type":"ListItem","position":1,"name":"Accueil","item":"https:\/\/ismfrance.org\/"},{"@type":"ListItem","position":2,"name":"Les illusions bris\u00e9es par le g\u00e9nocide de Gaza : Professionnalisme et \u00e9thique des m\u00e9dias occidentaux"}]},{"@type":"WebSite","@id":"https:\/\/ismfrance.org\/#website","url":"https:\/\/ismfrance.org\/","name":"ISM Palestine France","description":"Soutien aux luttes de lib\u00e9ration du peuple palestinien","publisher":{"@id":"https:\/\/ismfrance.org\/#organization"},"potentialAction":[{"@type":"SearchAction","target":{"@type":"EntryPoint","urlTemplate":"https:\/\/ismfrance.org\/?s={search_term_string}"},"query-input":{"@type":"PropertyValueSpecification","valueRequired":true,"valueName":"search_term_string"}}],"inLanguage":"fr-FR"},{"@type":"Organization","@id":"https:\/\/ismfrance.org\/#organization","name":"International Solidarity Movement","url":"https:\/\/ismfrance.org\/","logo":{"@type":"ImageObject","inLanguage":"fr-FR","@id":"https:\/\/ismfrance.org\/#\/schema\/logo\/image\/","url":"https:\/\/ismfrance.org\/wp-content\/uploads\/2020\/12\/00.png","contentUrl":"https:\/\/ismfrance.org\/wp-content\/uploads\/2020\/12\/00.png","width":400,"height":400,"caption":"International Solidarity Movement"},"image":{"@id":"https:\/\/ismfrance.org\/#\/schema\/logo\/image\/"},"sameAs":["https:\/\/x.com\/ISMFRANCE"]},{"@type":"Person","@id":"https:\/\/ismfrance.org\/#\/schema\/person\/3c411eb72adfaae19c0dca1f41fae01d","name":"mru_01","image":{"@type":"ImageObject","inLanguage":"fr-FR","@id":"https:\/\/secure.gravatar.com\/avatar\/3a0be343b445d2ccc79e87444a294fad2b232e90d2051d0e3cc219e1ecd6a330?s=96&d=mm&r=g","url":"https:\/\/secure.gravatar.com\/avatar\/3a0be343b445d2ccc79e87444a294fad2b232e90d2051d0e3cc219e1ecd6a330?s=96&d=mm&r=g","contentUrl":"https:\/\/secure.gravatar.com\/avatar\/3a0be343b445d2ccc79e87444a294fad2b232e90d2051d0e3cc219e1ecd6a330?s=96&d=mm&r=g","caption":"mru_01"},"url":"https:\/\/ismfrance.org\/index.php\/author\/admin02\/"}]}},"_links":{"self":[{"href":"https:\/\/ismfrance.org\/index.php\/wp-json\/wp\/v2\/posts\/8844","targetHints":{"allow":["GET"]}}],"collection":[{"href":"https:\/\/ismfrance.org\/index.php\/wp-json\/wp\/v2\/posts"}],"about":[{"href":"https:\/\/ismfrance.org\/index.php\/wp-json\/wp\/v2\/types\/post"}],"author":[{"embeddable":true,"href":"https:\/\/ismfrance.org\/index.php\/wp-json\/wp\/v2\/users\/3"}],"replies":[{"embeddable":true,"href":"https:\/\/ismfrance.org\/index.php\/wp-json\/wp\/v2\/comments?post=8844"}],"version-history":[{"count":0,"href":"https:\/\/ismfrance.org\/index.php\/wp-json\/wp\/v2\/posts\/8844\/revisions"}],"wp:featuredmedia":[{"embeddable":true,"href":"https:\/\/ismfrance.org\/index.php\/wp-json\/wp\/v2\/media\/8860"}],"wp:attachment":[{"href":"https:\/\/ismfrance.org\/index.php\/wp-json\/wp\/v2\/media?parent=8844"}],"wp:term":[{"taxonomy":"category","embeddable":true,"href":"https:\/\/ismfrance.org\/index.php\/wp-json\/wp\/v2\/categories?post=8844"},{"taxonomy":"post_tag","embeddable":true,"href":"https:\/\/ismfrance.org\/index.php\/wp-json\/wp\/v2\/tags?post=8844"}],"curies":[{"name":"wp","href":"https:\/\/api.w.org\/{rel}","templated":true}]}}