{"id":8830,"date":"2024-01-11T10:04:29","date_gmt":"2024-01-11T09:04:29","guid":{"rendered":"https:\/\/ismfrance.org\/?p=8830"},"modified":"2024-11-25T15:55:55","modified_gmt":"2024-11-25T14:55:55","slug":"temoignages-de-gazaouis-la-survie-qui-sorganise-au-jour-le-jour-dans-lenfer-de-gaza-partie-6-les-9-et-10-01-2024","status":"publish","type":"post","link":"https:\/\/ismfrance.org\/index.php\/2024\/01\/11\/temoignages-de-gazaouis-la-survie-qui-sorganise-au-jour-le-jour-dans-lenfer-de-gaza-partie-6-les-9-et-10-01-2024\/","title":{"rendered":"T\u00e9moignages de Gazaouis : La survie qui s\u2019organise au jour le jour dans l\u2019enfer de Gaza &#8211; partie 6 (les 9 et 10.01.2024)"},"content":{"rendered":"<p align=\"LEFT\"><span style=\"color: #000000;\"><span style=\"font-family: Arial, sans-serif;\"><span style=\"font-size: medium;\"><strong>Brigitte Challande, 10 janvier 2024.<\/strong><\/p>\n<blockquote><p>Cliquez ici pour consulter les <a href=\"https:\/\/ismfrance.org\/index.php\/temoignages-gazaouis-survie-enfer-gaza-1\/\" rel=\"noopener\" target=\"_blank\">R\u00e9cits complets<\/a>.<\/p><\/blockquote>\n<div id=\"attachment_8836\" style=\"width: 610px\" class=\"wp-caption alignnone\"><a href=\"https:\/\/ismfrance.org\/wp-content\/uploads\/2024\/01\/Ibn-Sina-14.jpg\"><img loading=\"lazy\" decoding=\"async\" aria-describedby=\"caption-attachment-8836\" class=\"wp-image-8836 size-large\" src=\"https:\/\/ismfrance.org\/wp-content\/uploads\/2024\/01\/Ibn-Sina-14-700x316.jpg\" alt=\"\" width=\"600\" height=\"271\" srcset=\"https:\/\/ismfrance.org\/wp-content\/uploads\/2024\/01\/Ibn-Sina-14-700x316.jpg 700w, https:\/\/ismfrance.org\/wp-content\/uploads\/2024\/01\/Ibn-Sina-14-300x135.jpg 300w, https:\/\/ismfrance.org\/wp-content\/uploads\/2024\/01\/Ibn-Sina-14-768x346.jpg 768w, https:\/\/ismfrance.org\/wp-content\/uploads\/2024\/01\/Ibn-Sina-14.jpg 798w\" sizes=\"auto, (max-width: 600px) 100vw, 600px\" \/><\/a><p id=\"caption-attachment-8836\" class=\"wp-caption-text\">\u00ab\u00a0Apr\u00e8s avoir mesur\u00e9 la faisabilit\u00e9 de la mise en \u0153uvre, la disponibilit\u00e9 des mat\u00e9riaux et mesur\u00e9 les alternatives ainsi que les prix, nous avons commenc\u00e9 \u00e0 creuser 20 puits d\u2019\u00e9gouts (&#8230;)<\/p><\/div>\n<p align=\"LEFT\"><span style=\"color: #000000;\"><span style=\"font-family: Arial, sans-serif;\">A la veille de la nouvelle ann\u00e9e, l\u2019\u00e9quipe d\u2019Ibn Sina avait d\u00e9cid\u00e9 de s\u2019attaquer aux questions sanitaires, essentielles vue l\u2019arriv\u00e9e du nombre de r\u00e9fugi\u00e9.e.s et les conditions plus que pr\u00e9caires d\u2019h\u00e9bergement dans la zone de Rafah. Son \u00e9quipe qui avait d\u00e9j\u00e0 parl\u00e9 de ses r\u00e9alisations en les illustrant dans les chroniques de tout d\u00e9but janvier a pris soin d\u2019 envoyer un rapport \u00e0 la fois <\/span><\/span><span style=\"color: #000000;\"><span style=\"font-family: Arial, sans-serif;\">financier et moral pour rendre compte des collectes effectu\u00e9es par l\u2019UJFP et justifier de son action concr\u00e8te aupr\u00e8s des soutiens solidaires de la Palestine, de la bande de Gaza. <\/span><\/span><\/p>\n<p align=\"LEFT\"><span style=\"color: #000000;\"><span style=\"font-family: Arial, sans-serif;\">Vous trouverez ci-dessous certes un r\u00e9sum\u00e9 mais pr\u00e9cis de son travail au quotidien pour l\u2019\u00e9tablissement de sanitaires \u00e0 l\u2019ouest de Rafah. Le compte-rendu plus d\u00e9taill\u00e9 se trouve \u00e0 ce lien : <\/span><\/span><\/p>\n<pre class=\"western\"><span style=\"font-size: medium; color: #993366;\"><a style=\"color: #993366;\" href=\"https:\/\/ujfp.org\/realisation-du-projet-detablissement-de-sanitaires-pour-les-personnes-deplacees-a-louest-de-rafah-par-le-centre-ibn-sina\/\"><span style=\"font-family: Arial, sans-serif;\">R\u00e9alisation du projet d\u2019\u00e9tablissement de sanitaires pour les personnes d\u00e9plac\u00e9es \u00e0 l\u2019ouest de Rafah par le Centre Ibn Sina<\/span><\/a><\/span><\/pre>\n<p align=\"LEFT\"><span style=\"color: #000000;\"><span style=\"font-family: Arial, sans-serif;\">Extraits du rapport\u00a0: <\/span><\/span><\/p>\n<p align=\"LEFT\"><span style=\"color: #000000;\"><span style=\"font-family: Arial, sans-serif;\">\u00ab\u00a0(\u2026) Concernant la situation sanitaire, et ce, malgr\u00e9 les avertissements r\u00e9p\u00e9t\u00e9s de l\u2019ONU et des institutions internationales, elle s\u2019est catastrophiquement d\u00e9grad\u00e9e et la propagation d\u2019\u00e9pid\u00e9mies et de maladies perp\u00e9tuent cette catastrophe continue et la r\u00e9alit\u00e9 devient plus sombre et plus dangereuse. La propagation de la pollution a tout touch\u00e9, en particulier l\u2019eau et la nourriture, et face \u00e0 leur raret\u00e9 et \u00e0 l&rsquo;\u00e9tat de famine, tout le monde est oblig\u00e9 de boire de l&rsquo;eau et de manger de la nourriture malgr\u00e9 leur contamination. Cela a grandement conduit \u00e0 la diffusion de maladies, en particulier celles li\u00e9es aux maladies du syst\u00e8me digestif, telles que les troubles du syst\u00e8me digestif (intoxications, diarrh\u00e9e, vomissements et infections intestinales), ainsi que les rhumes hivernaux. La fi\u00e8vre a accru la gravit\u00e9 de ces sympt\u00f4mes. (\u2026) Apr\u00e8s le d\u00e9placement forc\u00e9 des habitants non seulement du gouvernorat de Khan Yunis mais aussi de tous les gouvernorats de la bande de Gaza, vers Rafah et l\u2019incapacit\u00e9 des centres d\u2019h\u00e9bergement \u00e0 accueillir les nouvelles personnes d\u00e9plac\u00e9es, en raison de la faible capacit\u00e9 des centres d\u2019h\u00e9bergement d\u00fb au petit nombre d\u2019\u00e9coles \u00e0 Rafah, le nombre de personnes d\u00e9plac\u00e9es dans les centres d\u2019h\u00e9bergement est devenu plusieurs fois sup\u00e9rieur \u00e0 leur capacit\u00e9. Les personnes d\u00e9plac\u00e9es ont \u00e9t\u00e9 oblig\u00e9es d\u2019installer leurs tentes dans des parcelles vides et sur les trottoirs des rues d\u00e9pourvues d\u2019infrastructures, notamment d\u2019infrastructures sanitaires (\u2026).<\/span><\/span><\/p>\n<p align=\"LEFT\"><a href=\"https:\/\/ismfrance.org\/wp-content\/uploads\/2024\/01\/Ibn-Sina-16.jpg\"><img loading=\"lazy\" decoding=\"async\" class=\"alignnone size-full wp-image-8838\" src=\"https:\/\/ismfrance.org\/wp-content\/uploads\/2024\/01\/Ibn-Sina-16.jpg\" alt=\"\" width=\"480\" height=\"360\" srcset=\"https:\/\/ismfrance.org\/wp-content\/uploads\/2024\/01\/Ibn-Sina-16.jpg 480w, https:\/\/ismfrance.org\/wp-content\/uploads\/2024\/01\/Ibn-Sina-16-300x225.jpg 300w, https:\/\/ismfrance.org\/wp-content\/uploads\/2024\/01\/Ibn-Sina-16-350x263.jpg 350w\" sizes=\"auto, (max-width: 480px) 100vw, 480px\" \/><\/a><\/p>\n<p align=\"LEFT\"><span style=\"color: #000000;\"><span style=\"font-family: Arial, sans-serif;\">Avec le soutien de l\u2019UJFP et du Mouvement de Solidarit\u00e9 Fran\u00e7ais, nous avons commenc\u00e9 \u00e0 travailler sur la mise en \u0153uvre du projet (\u00e9tablir des toilettes pour les personnes d\u00e9plac\u00e9es \u00e0 l\u2019ouest de Rafah). Apr\u00e8s avoir mesur\u00e9 la faisabilit\u00e9 de la mise en \u0153uvre, la disponibilit\u00e9 des mat\u00e9riaux et mesur\u00e9 les alternatives ainsi que les prix, nous avons commenc\u00e9 \u00e0 creuser 20 puits d\u2019\u00e9gouts, ainsi que la construction de fondations en b\u00e9ton et la fourniture de caravanes transportables pour le b\u00e2timent des toilettes. Ainsi, nous avons pu mettre \u00e0 la disposition des d\u00e9plac\u00e9s 20 sanitaires <\/span><\/span><span style=\"color: #000000;\"><span style=\"font-family: Arial, sans-serif;\">individuels (10 sanitaires doubles) (4 de ces sanitaires n\u00e9cessitent juste la caravane en fer) qui ont \u00e9t\u00e9 distribu\u00e9s \u00e0 3 rassemblements de d\u00e9plac\u00e9s \u00e0 l\u2019ouest de Rafah (\u2026). Notre objectif noble et humanitaire commun est d\u2019aider les d\u00e9plac\u00e9s et de renforcer leur moral, pour leur redonner un espoir en l\u2019humanit\u00e9 et les faire sourire, m\u00eame s\u2019ils subissent de multiples douleurs, dues aux conditions difficiles. <\/span><\/span><\/p>\n<p align=\"LEFT\"><span style=\"color: #000000;\"><span style=\"font-family: Arial, sans-serif;\">Nous savons que ce sourire est temporaire \u00e0 cause de l\u2019amertume de la r\u00e9alit\u00e9 ici. La guerre continue, les bombardements continuent, et les souffrances augmentent, et les besoins augmentent. Malgr\u00e9 cela, nouscroyons que nous sommes ensemble et que gr\u00e2ce \u00e0 notre travail acharn\u00e9, nous ferons \u00e0 nouveau sourire ces gens. <\/span><\/span><\/p>\n<p align=\"LEFT\"><span style=\"color: #000000;\"><span style=\"font-family: Arial, sans-serif;\">Puissiez-vous, camarades, \u00eatre toujours dignes du travail humanitaire, <\/span><\/span><\/p>\n<p align=\"LEFT\"><span style=\"color: #000000;\"><span style=\"font-family: Arial, sans-serif;\">Vos compagnons, <\/span><\/span><\/p>\n<p align=\"LEFT\"><span style=\"color: #000000;\"><span style=\"font-family: Arial, sans-serif;\">Centre Ibn Sina Bande de Gaza \u2013 9 janvier 2024 \u00bb<\/span><\/span><\/p>\n<p align=\"LEFT\"><a href=\"https:\/\/ismfrance.org\/wp-content\/uploads\/2024\/01\/Ibn-Sina-20.jpg\"><img loading=\"lazy\" decoding=\"async\" class=\"alignnone size-full wp-image-8839\" src=\"https:\/\/ismfrance.org\/wp-content\/uploads\/2024\/01\/Ibn-Sina-20.jpg\" alt=\"\" width=\"480\" height=\"360\" srcset=\"https:\/\/ismfrance.org\/wp-content\/uploads\/2024\/01\/Ibn-Sina-20.jpg 480w, https:\/\/ismfrance.org\/wp-content\/uploads\/2024\/01\/Ibn-Sina-20-300x225.jpg 300w, https:\/\/ismfrance.org\/wp-content\/uploads\/2024\/01\/Ibn-Sina-20-350x263.jpg 350w\" sizes=\"auto, (max-width: 480px) 100vw, 480px\" \/><\/a><\/p>\n<p align=\"LEFT\"><a href=\"https:\/\/ismfrance.org\/wp-content\/uploads\/2024\/01\/Ibn-Sina-2a31556ae-4c5d-44fa-83e4-c4b6df460a02.jpeg\"><img loading=\"lazy\" decoding=\"async\" class=\"alignnone wp-image-8840\" src=\"https:\/\/ismfrance.org\/wp-content\/uploads\/2024\/01\/Ibn-Sina-2a31556ae-4c5d-44fa-83e4-c4b6df460a02-700x526.jpeg\" alt=\"\" width=\"484\" height=\"366\" \/><\/a><\/p>\n<p align=\"LEFT\"><span style=\"color: #000000;\"><span style=\"font-family: Arial, sans-serif;\"><b>Mercredi 10 Janvier au matin<\/b>, Marsel nous envoie ce message WatsApp\u00a0:<\/span><\/span><\/p>\n<p align=\"LEFT\"><span style=\"color: #000000;\"><span style=\"font-family: Arial, sans-serif;\">\u00ab\u00a0Une matin\u00e9e sanglante \u00e0 Rafah : 15 martyrs et plusieurs bless\u00e9s sont morts \u00e0 cause des avions de guerre de l&rsquo;occupation qui ont vis\u00e9 aujourd&rsquo;hui \u00e0 l&rsquo;aube la maison de la famille Nofal, \u00e0 l&rsquo;ouest de Rafah. En outre, 3 martyrs sont morts dans un bombardement d&rsquo;artillerie isra\u00e9lien qui a cibl\u00e9 des agriculteurs \u00e0 l&rsquo;est de Rafah il y a quelques instants.\u00a0\u00bb<\/span><\/span><\/p>\n<p align=\"LEFT\"><span style=\"color: #000000;\"><span style=\"font-family: Arial, sans-serif;\"><b>Plus tard en d\u00e9but d\u2019apr\u00e8s-midi<\/b>, ce sont ses r\u00e9flexions par WatsApp\u00a0:<\/span><\/span><\/p>\n<p align=\"LEFT\"><span style=\"color: #000000;\"><span style=\"font-family: Arial, sans-serif;\">\u00ab\u00a0Ici, alors que la guerre continue et apr\u00e8s que le Premier ministre de l&rsquo;occupation a promis de faire reculer la bande de Gaza de plusieurs d\u00e9cennies, nos r\u00eaves sont devenus plus simples que vous ne pouvez l&rsquo;imaginer. A Gaza, r\u00e9ussir \u00e0 recharger son t\u00e9l\u00e9phone ou pouvoir avoir quelques miches de pain apr\u00e8s de longues heures d&rsquo;attente, ou r\u00e9ussir \u00e0 obtenir quelques litres d&rsquo;eau potable, et si vous avez la chance de pouvoir vous baigner chaque semaine ou quelques jours au mieux, si vous parvenez \u00e0 r\u00e9ussir et \u00e0 trouver apr\u00e8s une longue recherche le m\u00e9dicament contre les maladies chroniques pour le traitement des maladies pour vos p\u00e8res et vos m\u00e8res, et avant que vous ne vous sentiez d\u00e9sesp\u00e9r\u00e9, si vous trouvez du lait pour votre b\u00e9b\u00e9, et pendant ces heures, obtenir des Pampers pour votre jeune fils, c\u2019est comme un miracle, m\u00eame si son prix a atteint 160 shekels par sac. <\/span><\/span><\/p>\n<p align=\"LEFT\"><span style=\"color: #000000;\"><span style=\"font-family: Arial, sans-serif;\">Si vous essayez \u00e0 plusieurs reprises de contacter un ami ou un parent dans un autre gouvernorat et que vous parvenez finalement \u00e0 entendre sa voix et \u00e0 le rassurer. Pour trouver un moyen de transport et ne pas avoir \u00e0 marcher des dizaines de kilom\u00e8tres avec vos enfants, pour avoir des toilettes \u00e0 votre disposition, si vous entendez une personne rire et que sur son visage la guerre n&rsquo;a pas peint l\u2019expression de d\u00e9sespoir, si vous rencontrez par hasard une personne ch\u00e8re dans les camps de d\u00e9plac\u00e9s et lui posez des questions sur sa famille et qu&rsquo;il vous dit que sa famille va bien, qu\u2019aucun d&rsquo;entre eux n&rsquo;est perdu et que sa maison n&rsquo;a pas \u00e9t\u00e9 d\u00e9truite. Pour nous, atteindre ce que je viens de d\u00e9crire est comme un r\u00eave ou un miracle.\u00a0\u00bb<\/span><\/span><\/p>\n<p align=\"LEFT\">Source\u00a0:\u00a0<a href=\"https:\/\/altermidi.org\/2023\/12\/27\/la-survie-qui-sorganise-au-jour-le-jour-dans-lenfer-de-gaza\/\">Altermidi.org<\/a><\/p>\n","protected":false},"excerpt":{"rendered":"<p>Brigitte Challande, 10 janvier 2024. Cliquez ici pour consulter les R\u00e9cits complets. A la veille de la nouvelle ann\u00e9e, l\u2019\u00e9quipe d\u2019Ibn Sina avait d\u00e9cid\u00e9 de s\u2019attaquer aux questions sanitaires, essentielles <a class=\"more-link\" href=\"https:\/\/ismfrance.org\/index.php\/2024\/01\/11\/temoignages-de-gazaouis-la-survie-qui-sorganise-au-jour-le-jour-dans-lenfer-de-gaza-partie-6-les-9-et-10-01-2024\/\">Lire la suite &rarr;<\/a><\/p>\n","protected":false},"author":3,"featured_media":8836,"comment_status":"closed","ping_status":"closed","sticky":false,"template":"","format":"standard","meta":{"footnotes":""},"categories":[2,13],"tags":[348,29,46],"class_list":["post-8830","post","type-post","status-publish","format-standard","has-post-thumbnail","hentry","category-articles","category-temoignages","tag-7-octobre-2023","tag-refugies","tag-solidarite"],"yoast_head":"<!-- This site is optimized with the Yoast SEO plugin v27.2 - https:\/\/yoast.com\/product\/yoast-seo-wordpress\/ -->\n<title>T\u00e9moignages de Gazaouis : La survie qui s\u2019organise au jour le jour dans l\u2019enfer de Gaza - partie 6 (les 9 et 10.01.2024) - International Solidarity Movement - ISM-France<\/title>\n<meta name=\"robots\" content=\"index, follow, max-snippet:-1, max-image-preview:large, max-video-preview:-1\" \/>\n<link rel=\"canonical\" href=\"https:\/\/ismfrance.org\/index.php\/2024\/01\/11\/temoignages-de-gazaouis-la-survie-qui-sorganise-au-jour-le-jour-dans-lenfer-de-gaza-partie-6-les-9-et-10-01-2024\/\" \/>\n<meta property=\"og:locale\" content=\"fr_FR\" \/>\n<meta property=\"og:type\" content=\"article\" \/>\n<meta property=\"og:title\" content=\"T\u00e9moignages de Gazaouis : La survie qui s\u2019organise au jour le jour dans l\u2019enfer de Gaza - partie 6 (les 9 et 10.01.2024) - International Solidarity Movement - ISM-France\" \/>\n<meta property=\"og:description\" content=\"Brigitte Challande, 10 janvier 2024. Cliquez ici pour consulter les R\u00e9cits complets. A la veille de la nouvelle ann\u00e9e, l\u2019\u00e9quipe d\u2019Ibn Sina avait d\u00e9cid\u00e9 de s\u2019attaquer aux questions sanitaires, essentielles Lire la suite &rarr;\" \/>\n<meta property=\"og:url\" content=\"https:\/\/ismfrance.org\/index.php\/2024\/01\/11\/temoignages-de-gazaouis-la-survie-qui-sorganise-au-jour-le-jour-dans-lenfer-de-gaza-partie-6-les-9-et-10-01-2024\/\" \/>\n<meta property=\"og:site_name\" content=\"International Solidarity Movement - ISM-France\" \/>\n<meta property=\"article:published_time\" content=\"2024-01-11T09:04:29+00:00\" \/>\n<meta property=\"article:modified_time\" content=\"2024-11-25T14:55:55+00:00\" \/>\n<meta property=\"og:image\" content=\"https:\/\/ismfrance.org\/wp-content\/uploads\/2024\/01\/Ibn-Sina-14.jpg\" \/>\n\t<meta property=\"og:image:width\" content=\"798\" \/>\n\t<meta property=\"og:image:height\" content=\"360\" \/>\n\t<meta property=\"og:image:type\" content=\"image\/jpeg\" \/>\n<meta name=\"author\" content=\"mru_01\" \/>\n<meta name=\"twitter:card\" content=\"summary_large_image\" \/>\n<meta name=\"twitter:creator\" content=\"@ISMFRANCE\" \/>\n<meta name=\"twitter:site\" content=\"@ISMFRANCE\" \/>\n<meta name=\"twitter:label1\" content=\"\u00c9crit par\" \/>\n\t<meta name=\"twitter:data1\" content=\"mru_01\" \/>\n\t<meta name=\"twitter:label2\" content=\"Dur\u00e9e de lecture estim\u00e9e\" \/>\n\t<meta name=\"twitter:data2\" content=\"7 minutes\" \/>\n<script type=\"application\/ld+json\" class=\"yoast-schema-graph\">{\"@context\":\"https:\/\/schema.org\",\"@graph\":[{\"@type\":\"Article\",\"@id\":\"https:\/\/ismfrance.org\/index.php\/2024\/01\/11\/temoignages-de-gazaouis-la-survie-qui-sorganise-au-jour-le-jour-dans-lenfer-de-gaza-partie-6-les-9-et-10-01-2024\/#article\",\"isPartOf\":{\"@id\":\"https:\/\/ismfrance.org\/index.php\/2024\/01\/11\/temoignages-de-gazaouis-la-survie-qui-sorganise-au-jour-le-jour-dans-lenfer-de-gaza-partie-6-les-9-et-10-01-2024\/\"},\"author\":{\"name\":\"mru_01\",\"@id\":\"https:\/\/ismfrance.org\/#\/schema\/person\/3c411eb72adfaae19c0dca1f41fae01d\"},\"headline\":\"T\u00e9moignages de Gazaouis : La survie qui s\u2019organise au jour le jour dans l\u2019enfer de Gaza &#8211; partie 6 (les 9 et 10.01.2024)\",\"datePublished\":\"2024-01-11T09:04:29+00:00\",\"dateModified\":\"2024-11-25T14:55:55+00:00\",\"mainEntityOfPage\":{\"@id\":\"https:\/\/ismfrance.org\/index.php\/2024\/01\/11\/temoignages-de-gazaouis-la-survie-qui-sorganise-au-jour-le-jour-dans-lenfer-de-gaza-partie-6-les-9-et-10-01-2024\/\"},\"wordCount\":1117,\"publisher\":{\"@id\":\"https:\/\/ismfrance.org\/#organization\"},\"image\":{\"@id\":\"https:\/\/ismfrance.org\/index.php\/2024\/01\/11\/temoignages-de-gazaouis-la-survie-qui-sorganise-au-jour-le-jour-dans-lenfer-de-gaza-partie-6-les-9-et-10-01-2024\/#primaryimage\"},\"thumbnailUrl\":\"https:\/\/ismfrance.org\/wp-content\/uploads\/2024\/01\/Ibn-Sina-14.jpg\",\"keywords\":[\"7 octobre 2023\",\"r\u00e9fugi\u00e9s\",\"solidarit\u00e9\"],\"articleSection\":[\"Articles\",\"T\u00e9moignages\"],\"inLanguage\":\"fr-FR\"},{\"@type\":\"WebPage\",\"@id\":\"https:\/\/ismfrance.org\/index.php\/2024\/01\/11\/temoignages-de-gazaouis-la-survie-qui-sorganise-au-jour-le-jour-dans-lenfer-de-gaza-partie-6-les-9-et-10-01-2024\/\",\"url\":\"https:\/\/ismfrance.org\/index.php\/2024\/01\/11\/temoignages-de-gazaouis-la-survie-qui-sorganise-au-jour-le-jour-dans-lenfer-de-gaza-partie-6-les-9-et-10-01-2024\/\",\"name\":\"T\u00e9moignages de Gazaouis : La survie qui s\u2019organise au jour le jour dans l\u2019enfer de Gaza - partie 6 (les 9 et 10.01.2024) - International Solidarity Movement - ISM-France\",\"isPartOf\":{\"@id\":\"https:\/\/ismfrance.org\/#website\"},\"primaryImageOfPage\":{\"@id\":\"https:\/\/ismfrance.org\/index.php\/2024\/01\/11\/temoignages-de-gazaouis-la-survie-qui-sorganise-au-jour-le-jour-dans-lenfer-de-gaza-partie-6-les-9-et-10-01-2024\/#primaryimage\"},\"image\":{\"@id\":\"https:\/\/ismfrance.org\/index.php\/2024\/01\/11\/temoignages-de-gazaouis-la-survie-qui-sorganise-au-jour-le-jour-dans-lenfer-de-gaza-partie-6-les-9-et-10-01-2024\/#primaryimage\"},\"thumbnailUrl\":\"https:\/\/ismfrance.org\/wp-content\/uploads\/2024\/01\/Ibn-Sina-14.jpg\",\"datePublished\":\"2024-01-11T09:04:29+00:00\",\"dateModified\":\"2024-11-25T14:55:55+00:00\",\"breadcrumb\":{\"@id\":\"https:\/\/ismfrance.org\/index.php\/2024\/01\/11\/temoignages-de-gazaouis-la-survie-qui-sorganise-au-jour-le-jour-dans-lenfer-de-gaza-partie-6-les-9-et-10-01-2024\/#breadcrumb\"},\"inLanguage\":\"fr-FR\",\"potentialAction\":[{\"@type\":\"ReadAction\",\"target\":[\"https:\/\/ismfrance.org\/index.php\/2024\/01\/11\/temoignages-de-gazaouis-la-survie-qui-sorganise-au-jour-le-jour-dans-lenfer-de-gaza-partie-6-les-9-et-10-01-2024\/\"]}]},{\"@type\":\"ImageObject\",\"inLanguage\":\"fr-FR\",\"@id\":\"https:\/\/ismfrance.org\/index.php\/2024\/01\/11\/temoignages-de-gazaouis-la-survie-qui-sorganise-au-jour-le-jour-dans-lenfer-de-gaza-partie-6-les-9-et-10-01-2024\/#primaryimage\",\"url\":\"https:\/\/ismfrance.org\/wp-content\/uploads\/2024\/01\/Ibn-Sina-14.jpg\",\"contentUrl\":\"https:\/\/ismfrance.org\/wp-content\/uploads\/2024\/01\/Ibn-Sina-14.jpg\",\"width\":798,\"height\":360},{\"@type\":\"BreadcrumbList\",\"@id\":\"https:\/\/ismfrance.org\/index.php\/2024\/01\/11\/temoignages-de-gazaouis-la-survie-qui-sorganise-au-jour-le-jour-dans-lenfer-de-gaza-partie-6-les-9-et-10-01-2024\/#breadcrumb\",\"itemListElement\":[{\"@type\":\"ListItem\",\"position\":1,\"name\":\"Accueil\",\"item\":\"https:\/\/ismfrance.org\/\"},{\"@type\":\"ListItem\",\"position\":2,\"name\":\"T\u00e9moignages de Gazaouis : La survie qui s\u2019organise au jour le jour dans l\u2019enfer de Gaza &#8211; partie 6 (les 9 et 10.01.2024)\"}]},{\"@type\":\"WebSite\",\"@id\":\"https:\/\/ismfrance.org\/#website\",\"url\":\"https:\/\/ismfrance.org\/\",\"name\":\"ISM Palestine France\",\"description\":\"Soutien aux luttes de lib\u00e9ration du peuple palestinien\",\"publisher\":{\"@id\":\"https:\/\/ismfrance.org\/#organization\"},\"potentialAction\":[{\"@type\":\"SearchAction\",\"target\":{\"@type\":\"EntryPoint\",\"urlTemplate\":\"https:\/\/ismfrance.org\/?s={search_term_string}\"},\"query-input\":{\"@type\":\"PropertyValueSpecification\",\"valueRequired\":true,\"valueName\":\"search_term_string\"}}],\"inLanguage\":\"fr-FR\"},{\"@type\":\"Organization\",\"@id\":\"https:\/\/ismfrance.org\/#organization\",\"name\":\"International Solidarity Movement\",\"url\":\"https:\/\/ismfrance.org\/\",\"logo\":{\"@type\":\"ImageObject\",\"inLanguage\":\"fr-FR\",\"@id\":\"https:\/\/ismfrance.org\/#\/schema\/logo\/image\/\",\"url\":\"https:\/\/ismfrance.org\/wp-content\/uploads\/2020\/12\/00.png\",\"contentUrl\":\"https:\/\/ismfrance.org\/wp-content\/uploads\/2020\/12\/00.png\",\"width\":400,\"height\":400,\"caption\":\"International Solidarity Movement\"},\"image\":{\"@id\":\"https:\/\/ismfrance.org\/#\/schema\/logo\/image\/\"},\"sameAs\":[\"https:\/\/x.com\/ISMFRANCE\"]},{\"@type\":\"Person\",\"@id\":\"https:\/\/ismfrance.org\/#\/schema\/person\/3c411eb72adfaae19c0dca1f41fae01d\",\"name\":\"mru_01\",\"image\":{\"@type\":\"ImageObject\",\"inLanguage\":\"fr-FR\",\"@id\":\"https:\/\/secure.gravatar.com\/avatar\/3a0be343b445d2ccc79e87444a294fad2b232e90d2051d0e3cc219e1ecd6a330?s=96&d=mm&r=g\",\"url\":\"https:\/\/secure.gravatar.com\/avatar\/3a0be343b445d2ccc79e87444a294fad2b232e90d2051d0e3cc219e1ecd6a330?s=96&d=mm&r=g\",\"contentUrl\":\"https:\/\/secure.gravatar.com\/avatar\/3a0be343b445d2ccc79e87444a294fad2b232e90d2051d0e3cc219e1ecd6a330?s=96&d=mm&r=g\",\"caption\":\"mru_01\"},\"url\":\"https:\/\/ismfrance.org\/index.php\/author\/admin02\/\"}]}<\/script>\n<!-- \/ Yoast SEO plugin. -->","yoast_head_json":{"title":"T\u00e9moignages de Gazaouis : La survie qui s\u2019organise au jour le jour dans l\u2019enfer de Gaza - partie 6 (les 9 et 10.01.2024) - International Solidarity Movement - ISM-France","robots":{"index":"index","follow":"follow","max-snippet":"max-snippet:-1","max-image-preview":"max-image-preview:large","max-video-preview":"max-video-preview:-1"},"canonical":"https:\/\/ismfrance.org\/index.php\/2024\/01\/11\/temoignages-de-gazaouis-la-survie-qui-sorganise-au-jour-le-jour-dans-lenfer-de-gaza-partie-6-les-9-et-10-01-2024\/","og_locale":"fr_FR","og_type":"article","og_title":"T\u00e9moignages de Gazaouis : La survie qui s\u2019organise au jour le jour dans l\u2019enfer de Gaza - partie 6 (les 9 et 10.01.2024) - International Solidarity Movement - ISM-France","og_description":"Brigitte Challande, 10 janvier 2024. Cliquez ici pour consulter les R\u00e9cits complets. A la veille de la nouvelle ann\u00e9e, l\u2019\u00e9quipe d\u2019Ibn Sina avait d\u00e9cid\u00e9 de s\u2019attaquer aux questions sanitaires, essentielles Lire la suite &rarr;","og_url":"https:\/\/ismfrance.org\/index.php\/2024\/01\/11\/temoignages-de-gazaouis-la-survie-qui-sorganise-au-jour-le-jour-dans-lenfer-de-gaza-partie-6-les-9-et-10-01-2024\/","og_site_name":"International Solidarity Movement - ISM-France","article_published_time":"2024-01-11T09:04:29+00:00","article_modified_time":"2024-11-25T14:55:55+00:00","og_image":[{"width":798,"height":360,"url":"https:\/\/ismfrance.org\/wp-content\/uploads\/2024\/01\/Ibn-Sina-14.jpg","type":"image\/jpeg"}],"author":"mru_01","twitter_card":"summary_large_image","twitter_creator":"@ISMFRANCE","twitter_site":"@ISMFRANCE","twitter_misc":{"\u00c9crit par":"mru_01","Dur\u00e9e de lecture estim\u00e9e":"7 minutes"},"schema":{"@context":"https:\/\/schema.org","@graph":[{"@type":"Article","@id":"https:\/\/ismfrance.org\/index.php\/2024\/01\/11\/temoignages-de-gazaouis-la-survie-qui-sorganise-au-jour-le-jour-dans-lenfer-de-gaza-partie-6-les-9-et-10-01-2024\/#article","isPartOf":{"@id":"https:\/\/ismfrance.org\/index.php\/2024\/01\/11\/temoignages-de-gazaouis-la-survie-qui-sorganise-au-jour-le-jour-dans-lenfer-de-gaza-partie-6-les-9-et-10-01-2024\/"},"author":{"name":"mru_01","@id":"https:\/\/ismfrance.org\/#\/schema\/person\/3c411eb72adfaae19c0dca1f41fae01d"},"headline":"T\u00e9moignages de Gazaouis : La survie qui s\u2019organise au jour le jour dans l\u2019enfer de Gaza &#8211; partie 6 (les 9 et 10.01.2024)","datePublished":"2024-01-11T09:04:29+00:00","dateModified":"2024-11-25T14:55:55+00:00","mainEntityOfPage":{"@id":"https:\/\/ismfrance.org\/index.php\/2024\/01\/11\/temoignages-de-gazaouis-la-survie-qui-sorganise-au-jour-le-jour-dans-lenfer-de-gaza-partie-6-les-9-et-10-01-2024\/"},"wordCount":1117,"publisher":{"@id":"https:\/\/ismfrance.org\/#organization"},"image":{"@id":"https:\/\/ismfrance.org\/index.php\/2024\/01\/11\/temoignages-de-gazaouis-la-survie-qui-sorganise-au-jour-le-jour-dans-lenfer-de-gaza-partie-6-les-9-et-10-01-2024\/#primaryimage"},"thumbnailUrl":"https:\/\/ismfrance.org\/wp-content\/uploads\/2024\/01\/Ibn-Sina-14.jpg","keywords":["7 octobre 2023","r\u00e9fugi\u00e9s","solidarit\u00e9"],"articleSection":["Articles","T\u00e9moignages"],"inLanguage":"fr-FR"},{"@type":"WebPage","@id":"https:\/\/ismfrance.org\/index.php\/2024\/01\/11\/temoignages-de-gazaouis-la-survie-qui-sorganise-au-jour-le-jour-dans-lenfer-de-gaza-partie-6-les-9-et-10-01-2024\/","url":"https:\/\/ismfrance.org\/index.php\/2024\/01\/11\/temoignages-de-gazaouis-la-survie-qui-sorganise-au-jour-le-jour-dans-lenfer-de-gaza-partie-6-les-9-et-10-01-2024\/","name":"T\u00e9moignages de Gazaouis : La survie qui s\u2019organise au jour le jour dans l\u2019enfer de Gaza - partie 6 (les 9 et 10.01.2024) - International Solidarity Movement - ISM-France","isPartOf":{"@id":"https:\/\/ismfrance.org\/#website"},"primaryImageOfPage":{"@id":"https:\/\/ismfrance.org\/index.php\/2024\/01\/11\/temoignages-de-gazaouis-la-survie-qui-sorganise-au-jour-le-jour-dans-lenfer-de-gaza-partie-6-les-9-et-10-01-2024\/#primaryimage"},"image":{"@id":"https:\/\/ismfrance.org\/index.php\/2024\/01\/11\/temoignages-de-gazaouis-la-survie-qui-sorganise-au-jour-le-jour-dans-lenfer-de-gaza-partie-6-les-9-et-10-01-2024\/#primaryimage"},"thumbnailUrl":"https:\/\/ismfrance.org\/wp-content\/uploads\/2024\/01\/Ibn-Sina-14.jpg","datePublished":"2024-01-11T09:04:29+00:00","dateModified":"2024-11-25T14:55:55+00:00","breadcrumb":{"@id":"https:\/\/ismfrance.org\/index.php\/2024\/01\/11\/temoignages-de-gazaouis-la-survie-qui-sorganise-au-jour-le-jour-dans-lenfer-de-gaza-partie-6-les-9-et-10-01-2024\/#breadcrumb"},"inLanguage":"fr-FR","potentialAction":[{"@type":"ReadAction","target":["https:\/\/ismfrance.org\/index.php\/2024\/01\/11\/temoignages-de-gazaouis-la-survie-qui-sorganise-au-jour-le-jour-dans-lenfer-de-gaza-partie-6-les-9-et-10-01-2024\/"]}]},{"@type":"ImageObject","inLanguage":"fr-FR","@id":"https:\/\/ismfrance.org\/index.php\/2024\/01\/11\/temoignages-de-gazaouis-la-survie-qui-sorganise-au-jour-le-jour-dans-lenfer-de-gaza-partie-6-les-9-et-10-01-2024\/#primaryimage","url":"https:\/\/ismfrance.org\/wp-content\/uploads\/2024\/01\/Ibn-Sina-14.jpg","contentUrl":"https:\/\/ismfrance.org\/wp-content\/uploads\/2024\/01\/Ibn-Sina-14.jpg","width":798,"height":360},{"@type":"BreadcrumbList","@id":"https:\/\/ismfrance.org\/index.php\/2024\/01\/11\/temoignages-de-gazaouis-la-survie-qui-sorganise-au-jour-le-jour-dans-lenfer-de-gaza-partie-6-les-9-et-10-01-2024\/#breadcrumb","itemListElement":[{"@type":"ListItem","position":1,"name":"Accueil","item":"https:\/\/ismfrance.org\/"},{"@type":"ListItem","position":2,"name":"T\u00e9moignages de Gazaouis : La survie qui s\u2019organise au jour le jour dans l\u2019enfer de Gaza &#8211; partie 6 (les 9 et 10.01.2024)"}]},{"@type":"WebSite","@id":"https:\/\/ismfrance.org\/#website","url":"https:\/\/ismfrance.org\/","name":"ISM Palestine France","description":"Soutien aux luttes de lib\u00e9ration du peuple palestinien","publisher":{"@id":"https:\/\/ismfrance.org\/#organization"},"potentialAction":[{"@type":"SearchAction","target":{"@type":"EntryPoint","urlTemplate":"https:\/\/ismfrance.org\/?s={search_term_string}"},"query-input":{"@type":"PropertyValueSpecification","valueRequired":true,"valueName":"search_term_string"}}],"inLanguage":"fr-FR"},{"@type":"Organization","@id":"https:\/\/ismfrance.org\/#organization","name":"International Solidarity Movement","url":"https:\/\/ismfrance.org\/","logo":{"@type":"ImageObject","inLanguage":"fr-FR","@id":"https:\/\/ismfrance.org\/#\/schema\/logo\/image\/","url":"https:\/\/ismfrance.org\/wp-content\/uploads\/2020\/12\/00.png","contentUrl":"https:\/\/ismfrance.org\/wp-content\/uploads\/2020\/12\/00.png","width":400,"height":400,"caption":"International Solidarity Movement"},"image":{"@id":"https:\/\/ismfrance.org\/#\/schema\/logo\/image\/"},"sameAs":["https:\/\/x.com\/ISMFRANCE"]},{"@type":"Person","@id":"https:\/\/ismfrance.org\/#\/schema\/person\/3c411eb72adfaae19c0dca1f41fae01d","name":"mru_01","image":{"@type":"ImageObject","inLanguage":"fr-FR","@id":"https:\/\/secure.gravatar.com\/avatar\/3a0be343b445d2ccc79e87444a294fad2b232e90d2051d0e3cc219e1ecd6a330?s=96&d=mm&r=g","url":"https:\/\/secure.gravatar.com\/avatar\/3a0be343b445d2ccc79e87444a294fad2b232e90d2051d0e3cc219e1ecd6a330?s=96&d=mm&r=g","contentUrl":"https:\/\/secure.gravatar.com\/avatar\/3a0be343b445d2ccc79e87444a294fad2b232e90d2051d0e3cc219e1ecd6a330?s=96&d=mm&r=g","caption":"mru_01"},"url":"https:\/\/ismfrance.org\/index.php\/author\/admin02\/"}]}},"_links":{"self":[{"href":"https:\/\/ismfrance.org\/index.php\/wp-json\/wp\/v2\/posts\/8830","targetHints":{"allow":["GET"]}}],"collection":[{"href":"https:\/\/ismfrance.org\/index.php\/wp-json\/wp\/v2\/posts"}],"about":[{"href":"https:\/\/ismfrance.org\/index.php\/wp-json\/wp\/v2\/types\/post"}],"author":[{"embeddable":true,"href":"https:\/\/ismfrance.org\/index.php\/wp-json\/wp\/v2\/users\/3"}],"replies":[{"embeddable":true,"href":"https:\/\/ismfrance.org\/index.php\/wp-json\/wp\/v2\/comments?post=8830"}],"version-history":[{"count":0,"href":"https:\/\/ismfrance.org\/index.php\/wp-json\/wp\/v2\/posts\/8830\/revisions"}],"wp:featuredmedia":[{"embeddable":true,"href":"https:\/\/ismfrance.org\/index.php\/wp-json\/wp\/v2\/media\/8836"}],"wp:attachment":[{"href":"https:\/\/ismfrance.org\/index.php\/wp-json\/wp\/v2\/media?parent=8830"}],"wp:term":[{"taxonomy":"category","embeddable":true,"href":"https:\/\/ismfrance.org\/index.php\/wp-json\/wp\/v2\/categories?post=8830"},{"taxonomy":"post_tag","embeddable":true,"href":"https:\/\/ismfrance.org\/index.php\/wp-json\/wp\/v2\/tags?post=8830"}],"curies":[{"name":"wp","href":"https:\/\/api.w.org\/{rel}","templated":true}]}}