{"id":8758,"date":"2024-01-08T19:08:53","date_gmt":"2024-01-08T18:08:53","guid":{"rendered":"https:\/\/ismfrance.org\/?p=8758"},"modified":"2024-01-08T22:21:37","modified_gmt":"2024-01-08T21:21:37","slug":"gaza-detruit-les-discours-occidentaux-du-diviser-pour-regner","status":"publish","type":"post","link":"https:\/\/ismfrance.org\/index.php\/2024\/01\/08\/gaza-detruit-les-discours-occidentaux-du-diviser-pour-regner\/","title":{"rendered":"Gaza d\u00e9truit les discours occidentaux du diviser pour r\u00e9gner"},"content":{"rendered":"<p align=\"LEFT\"><span style=\"color: #000000;\"><span style=\"font-family: Arial, sans-serif;\"><span style=\"font-size: medium;\"><strong>Sharmine Narwani, 4 janvier 2024<\/strong>. On pourrait presque parler de table rase. Des d\u00e9cennies de r\u00e9cits occidentaux con\u00e7us pour exploiter les diff\u00e9rences \u00e0 travers l\u2019Asie occidentale, cr\u00e9er des conflits entre les myriades de communaut\u00e9s de la r\u00e9gion et faire avancer les objectifs de politique \u00e9trang\u00e8re occidentale au-dessus des t\u00eates des autochtones querelleurs sont aujourd\u2019hui en ruine.<\/span><\/span><\/span><\/p>\n<p align=\"LEFT\"><a href=\"https:\/\/ismfrance.org\/wp-content\/uploads\/2024\/01\/western-narratives.jpeg\"><img loading=\"lazy\" decoding=\"async\" class=\"alignnone size-large wp-image-8760\" src=\"https:\/\/ismfrance.org\/wp-content\/uploads\/2024\/01\/western-narratives-700x331.jpeg\" alt=\"\" width=\"600\" height=\"284\" srcset=\"https:\/\/ismfrance.org\/wp-content\/uploads\/2024\/01\/western-narratives-700x331.jpeg 700w, https:\/\/ismfrance.org\/wp-content\/uploads\/2024\/01\/western-narratives-300x142.jpeg 300w, https:\/\/ismfrance.org\/wp-content\/uploads\/2024\/01\/western-narratives-768x363.jpeg 768w, https:\/\/ismfrance.org\/wp-content\/uploads\/2024\/01\/western-narratives-1536x727.jpeg 1536w, https:\/\/ismfrance.org\/wp-content\/uploads\/2024\/01\/western-narratives-2048x969.jpeg 2048w, https:\/\/ismfrance.org\/wp-content\/uploads\/2024\/01\/western-narratives-1320x625.jpeg 1320w\" sizes=\"auto, (max-width: 600px) 100vw, 600px\" \/><\/a><\/p>\n<p align=\"LEFT\"><span style=\"color: #000000;\"><span style=\"font-family: Arial, sans-serif;\"><span style=\"font-size: medium;\">Il semble que la guerre \u00e0 Gaza a creus\u00e9 un trou d\u2019un kilom\u00e8tre de large dans les mensonges et les contes de f\u00e9es qui ont occup\u00e9 l\u2019Asie occidentale dans des luttes intestines depuis au moins la r\u00e9volution islamique de 1979 en Iran.<\/span><\/span><\/span><\/p>\n<p align=\"LEFT\"><span style=\"color: #000000;\"><span style=\"font-family: Arial, sans-serif;\"><span style=\"font-size: medium;\">Chiites contre sunnites, Iran contre Arabes, la\u00efcs contre islamistes : ce sont trois des stratag\u00e8mes narratifs les plus n\u00e9fastes de l\u2019Occident qui cherchaient \u00e0 contr\u00f4ler et \u00e0 r\u00e9orienter la r\u00e9gion et ses populations, et qui ont m\u00eame entra\u00een\u00e9 les dirigeants arabes dans une alliance impie avec Isra\u00ebl.<\/span><\/span><\/span><\/p>\n<p align=\"LEFT\"><strong><span style=\"color: #000000;\"><span style=\"font-family: Arial, sans-serif;\"><span style=\"font-size: large;\">Les faits d\u00e9truisent la fiction<\/span><\/span><\/span><\/strong><\/p>\n<p align=\"LEFT\"><span style=\"color: #000000;\"><span style=\"font-family: Arial, sans-serif;\"><span style=\"font-size: medium;\">Il a fallu un conflit rare \u2013 non pr\u00e9par\u00e9 et incontr\u00f4l\u00e9 par Washington \u2013 pour lib\u00e9rer les masses ouest-asiatiques de leur transe narrative. L\u2019attaque g\u00e9nocidaire d\u2019Isra\u00ebl contre Gaza a \u00e9galement clarifi\u00e9 instantan\u00e9ment la question de savoir quels Arabes et musulmans soutiennent r\u00e9ellement la lib\u00e9ration palestinienne \u2013 et lesquels ne le font pas.<\/span><\/span><\/span><\/p>\n<p align=\"LEFT\"><span style=\"color: #000000;\"><span style=\"font-family: Arial, sans-serif;\"><span style=\"font-size: medium;\">L&rsquo;Iran, le Hezbollah, les factions de la r\u00e9sistance irakienne et Ansarallah au Y\u00e9men \u2013 d\u00e9cri\u00e9s par ces discours occidentaux \u2013 sont d\u00e9sormais visiblement les seuls acteurs r\u00e9gionaux pr\u00eats \u00e0 renforcer la ligne de front de Gaza, que ce soit par des fonds, des armes ou des affrontements arm\u00e9s visant \u00e0 diluer et disperser les ressources militaires isra\u00e9liennes.<\/span><\/span><\/span><\/p>\n<p align=\"LEFT\"><span style=\"color: #000000;\"><span style=\"font-family: Arial, sans-serif;\"><span style=\"font-size: medium;\">Les soi-disant \u00ab Arabes mod\u00e9r\u00e9s \u00bb, un terme impropre pour d\u00e9signer les dictatures arabes autoritaires et centr\u00e9es sur l\u2019Occident, inf\u00e9od\u00e9es aux int\u00e9r\u00eats de Washington, n\u2019ont offert que des paroles en l\u2019air au carnage \u00e0 Gaza.<\/span><\/span><\/span><\/p>\n<p align=\"LEFT\"><span style=\"color: #000000;\"><span style=\"font-family: Arial, sans-serif;\"><span style=\"font-size: medium;\">Les Saoudiens ont appel\u00e9 au soutien en organisant des sommets arabes et islamiques autoris\u00e9s \u00e0 ne rien faire ni rien dire. Les \u00c9miratis et les Jordaniens ont achemin\u00e9 par camion des fournitures \u00e0 Isra\u00ebl qu&rsquo;Ansarallah bloquait par voie maritime. La puissante \u00c9gypte a accueilli des d\u00e9l\u00e9gations alors qu&rsquo;il lui suffisait d&rsquo;ouvrir le passage de Rafah pour que les Palestiniens puissent manger. Le Qatar \u2013 autrefois un donateur majeur du Hamas \u2013 n\u00e9gocie d\u00e9sormais pour la lib\u00e9ration des prisonniers isra\u00e9liens, tout en accueillant les \u00ab mod\u00e9r\u00e9s \u00bb du Hamas, qui sont en d\u00e9saccord avec les combattants de la libert\u00e9 de Gaza. Et le commerce de la Turquie avec l\u2019\u00c9tat d\u2019occupation isra\u00e9lien continue de monter en fl\u00e8che (les exportations ont augment\u00e9 de 35 % entre novembre et d\u00e9cembre 2023).<\/span><\/span><\/span><\/p>\n<p align=\"LEFT\"><span style=\"color: #000000;\"><span style=\"font-family: Arial, sans-serif;\"><span style=\"font-size: medium;\">La Palestine, pour les \u00ab Arabes mod\u00e9r\u00e9s \u00bb pro-occidentaux, est un drapeau soigneusement manipul\u00e9 qu\u2019ils brandissent occasionnellement en public, mais qu\u2019ils sabotent en priv\u00e9. Ainsi, ils regardent aujourd\u2019hui, stup\u00e9faits et horrifi\u00e9s, ce que les r\u00e9seaux sociaux et des dizaines de millions de manifestants ont clairement montr\u00e9\u00a0: la Palestine reste la cause arabe et musulmane essentielle\u00a0; il peut y avoir des flux et des reflux, mais rien n\u2019a le pouvoir d\u2019enflammer les masses de la r\u00e9gion comme ce combat particulier entre le bien et le mal.<\/span><\/span><\/span><\/p>\n<p align=\"LEFT\"><strong><span style=\"color: #000000;\"><span style=\"font-family: Arial, sans-serif;\"><span style=\"font-size: large;\">Le virage vers la r\u00e9sistance<\/span><\/span><\/span><\/strong><\/p>\n<p align=\"LEFT\"><span style=\"color: #000000;\"><span style=\"font-family: Arial, sans-serif;\"><span style=\"font-size: medium;\">La bataille qui se d\u00e9roule entre l\u2019Axe de la R\u00e9sistance de la r\u00e9gion et les alliances isra\u00e9liennes n\u2019en est qu\u2019\u00e0 ses d\u00e9buts, mais les sondages montrent d\u00e9j\u00e0 un changement notable dans l\u2019opinion publique \u00e0 l\u2019\u00e9gard du premier.<\/span><\/span><\/span><\/p>\n<p align=\"LEFT\"><span style=\"color: #000000;\"><span style=\"font-family: Arial, sans-serif;\"><span style=\"font-size: medium;\">Un <a href=\"https:\/\/www.arabbarometer.org\/wp-content\/uploads\/how-the-israel-hamas-war-in-gaza-is-changing-arab-views-2023-12-14.pdf\">barom\u00e8tre arabe<\/a> r\u00e9alis\u00e9 sur une p\u00e9riode de six semaines \u2013 trois semaines avant et trois semaines apr\u00e8s l\u2019op\u00e9ration D\u00e9luge d\u2019Al-Aqsa \u2013 fournit la premi\u00e8re indication d\u2019un changement de perception des Arabes. Bien que l\u2019enqu\u00eate se soit limit\u00e9e \u00e0 la Tunisie, les sondeurs affirment que le pays est \u00ab aussi proche d\u2019un indicateur qu\u2019on pourrait l\u2019imaginer \u00bb et qu\u2019il repr\u00e9sente des opinions similaires \u00e0 celles d\u2019autres pays arabes :<\/span><\/span><\/span><\/p>\n<blockquote>\n<p align=\"LEFT\"><span style=\"color: #000000;\"><span style=\"font-family: Arial, sans-serif;\"><span style=\"font-size: medium;\">\u00ab Les analystes et les responsables peuvent supposer sans risque que les opinions des gens ailleurs dans la r\u00e9gion ont chang\u00e9 de mani\u00e8re similaire aux r\u00e9cents changements survenus en Tunisie. \u00bb<\/span><\/span><\/span><\/p>\n<\/blockquote>\n<p align=\"LEFT\"><span style=\"color: #000000;\"><span style=\"font-family: Arial, sans-serif;\"><span style=\"font-size: medium;\">Les r\u00e9sultats de l\u2019enqu\u00eate devraient \u00eatre une pr\u00e9occupation majeure pour les d\u00e9cideurs politiques occidentaux : \u00ab Depuis le 7 octobre, tous les pays interrog\u00e9s ayant des relations positives ou en r\u00e9chauffement avec Isra\u00ebl ont vu leurs notes favorables diminuer parmi les Tunisiens. \u00bb<\/span><\/span><\/span><\/p>\n<p align=\"LEFT\"><span style=\"color: #000000;\"><span style=\"font-family: Arial, sans-serif;\"><span style=\"font-size: medium;\">Les \u00c9tats-Unis ont vu leurs chiffres favorables chuter le plus, suivis par leurs alli\u00e9s d\u2019Asie occidentale qui ont normalis\u00e9 leurs relations avec Isra\u00ebl. La Russie et la Chine, deux \u00c9tats neutres, ont connu peu de changements, mais les dirigeants iraniens ont vu leurs chiffres favorables augmenter. Selon le barom\u00e8tre arabe :<\/span><\/span><\/span><\/p>\n<blockquote>\n<p align=\"LEFT\"><span style=\"color: #000000;\"><span style=\"font-family: Arial, sans-serif;\"><span style=\"font-size: medium;\">\u00ab Trois semaines apr\u00e8s les attentats, le guide supr\u00eame iranien Ali Khamenei b\u00e9n\u00e9ficie d\u2019une cote de popularit\u00e9 \u00e9gale, voire sup\u00e9rieure, \u00e0 celle du prince h\u00e9ritier saoudien Mohammed ben Salmane et du pr\u00e9sident \u00e9mirati Mohammed ben Zayed. \u00bb<\/span><\/span><\/span><\/p>\n<\/blockquote>\n<p align=\"LEFT\"><span style=\"color: #000000;\"><span style=\"font-family: Arial, sans-serif;\"><span style=\"font-size: medium;\">Avant le 7 octobre, seuls 29 % des Tunisiens avaient une opinion favorable de la politique \u00e9trang\u00e8re de Khamenei. Ce chiffre est pass\u00e9 \u00e0 41 pour cent selon les conclusions de l\u2019enqu\u00eate, le soutien tunisien \u00e9tant particuli\u00e8rement notable dans les jours qui ont suivi la r\u00e9f\u00e9rence du 17 octobre par le dirigeant iranien aux actions d\u2019Isra\u00ebl \u00e0 Gaza comme un \u00ab g\u00e9nocide \u00bb.<\/span><\/span><\/span><\/p>\n<div id=\"attachment_8763\" style=\"width: 610px\" class=\"wp-caption aligncenter\"><a href=\"https:\/\/ismfrance.org\/wp-content\/uploads\/2024\/01\/tableau-tunisien-1.png\"><img loading=\"lazy\" decoding=\"async\" aria-describedby=\"caption-attachment-8763\" class=\"wp-image-8763 size-large\" src=\"https:\/\/ismfrance.org\/wp-content\/uploads\/2024\/01\/tableau-tunisien-1-700x363.png\" alt=\"\" width=\"600\" height=\"311\" srcset=\"https:\/\/ismfrance.org\/wp-content\/uploads\/2024\/01\/tableau-tunisien-1-700x363.png 700w, https:\/\/ismfrance.org\/wp-content\/uploads\/2024\/01\/tableau-tunisien-1-300x156.png 300w, https:\/\/ismfrance.org\/wp-content\/uploads\/2024\/01\/tableau-tunisien-1-768x399.png 768w, https:\/\/ismfrance.org\/wp-content\/uploads\/2024\/01\/tableau-tunisien-1-1320x685.png 1320w, https:\/\/ismfrance.org\/wp-content\/uploads\/2024\/01\/tableau-tunisien-1.png 1377w\" sizes=\"auto, (max-width: 600px) 100vw, 600px\" \/><\/a><p id=\"caption-attachment-8763\" class=\"wp-caption-text\"><strong>Pourcentage de sond\u00e9s tunisiens qui disent que la politique r\u00e9gionale du pr\u00e9sident \u00e9mirati Mohammed bin Zayed est bonne ou tr\u00e8s bonne.<\/strong><\/p><\/div>\n<div id=\"attachment_8764\" style=\"width: 610px\" class=\"wp-caption aligncenter\"><a href=\"https:\/\/ismfrance.org\/wp-content\/uploads\/2024\/01\/tableau-tunisien-2.png\"><img loading=\"lazy\" decoding=\"async\" aria-describedby=\"caption-attachment-8764\" class=\"wp-image-8764 size-large\" src=\"https:\/\/ismfrance.org\/wp-content\/uploads\/2024\/01\/tableau-tunisien-2-700x367.png\" alt=\"\" width=\"600\" height=\"315\" srcset=\"https:\/\/ismfrance.org\/wp-content\/uploads\/2024\/01\/tableau-tunisien-2-700x367.png 700w, https:\/\/ismfrance.org\/wp-content\/uploads\/2024\/01\/tableau-tunisien-2-300x157.png 300w, https:\/\/ismfrance.org\/wp-content\/uploads\/2024\/01\/tableau-tunisien-2-768x402.png 768w, https:\/\/ismfrance.org\/wp-content\/uploads\/2024\/01\/tableau-tunisien-2-1320x692.png 1320w, https:\/\/ismfrance.org\/wp-content\/uploads\/2024\/01\/tableau-tunisien-2.png 1376w\" sizes=\"auto, (max-width: 600px) 100vw, 600px\" \/><\/a><p id=\"caption-attachment-8764\" class=\"wp-caption-text\"><strong>Pourcentage de sond\u00e9s tunisiens qui disent que la politique r\u00e9gionale du leader iranien supr\u00eame Ali Khameini est bonne ou tr\u00e8s bonne.<\/strong><\/p><\/div>\n<p align=\"LEFT\"><strong><span style=\"color: #000000;\"><span style=\"font-family: Arial, sans-serif;\"><span style=\"font-size: large;\">Le virage saoudien<\/span><\/span><\/span><\/strong><\/p>\n<p align=\"LEFT\"><span style=\"color: #000000;\"><span style=\"font-family: Arial, sans-serif;\"><span style=\"font-size: medium;\">Avant l\u2019op\u00e9ration du 7 octobre men\u00e9e par la r\u00e9sistance palestinienne pour d\u00e9truire la division de Gaza de l\u2019arm\u00e9e isra\u00e9lienne et faire des prisonniers comme levier pour un \u00e9change massif de prisonniers, la principale pr\u00e9occupation g\u00e9opolitique de la r\u00e9gion \u00e9tait sur les perspectives d\u2019un accord de normalisation r\u00e9volutionnaire entre l\u2019Arabie saoudite et Tel-Aviv. L\u2019administration du pr\u00e9sident am\u00e9ricain Joe Biden a enfonc\u00e9 le clou \u00e0 chaque occasion, faisant de ce th\u00e8me un ticket en or pour sa prochaine \u00e9lection pr\u00e9sidentielle.<\/span><\/span><\/span><\/p>\n<p align=\"LEFT\"><span style=\"color: #000000;\"><span style=\"font-family: Arial, sans-serif;\"><span style=\"font-size: medium;\">Mais l\u2019op\u00e9ration D\u00e9luge d&rsquo;Al-Aqsa a ruin\u00e9 toute chance pour l\u2019Arabie saoudite \u2013 qui abrite les sites les plus saints de l\u2019Islam \u2013 de conclure cet accord politique. Et avec les frappes a\u00e9riennes isra\u00e9liennes qui pleuvent quotidiennement sur les civils palestiniens \u00e0 Gaza, les options de Riyad continuent de se r\u00e9tr\u00e9cir.<\/span><\/span><\/span><\/p>\n<p align=\"LEFT\"><span style=\"color: #000000;\"><span style=\"font-family: Arial, sans-serif;\"><span style=\"font-size: medium;\">Un <a href=\"https:\/\/www.washingtoninstitute.org\/policy-analysis\/new-poll-sheds-light-saudi-views-israel-hamas-war\">sondage du Washington Institute<\/a> r\u00e9alis\u00e9 entre le 14 novembre et le 6 d\u00e9cembre mesure le changement sismique dans l&rsquo;opinion publique saoudienne\u00a0:<\/span><\/span><\/span><\/p>\n<p align=\"LEFT\"><span style=\"color: #000000;\"><span style=\"font-family: Arial, sans-serif;\"><span style=\"font-size: medium;\">Un \u00e9norme 96 pour cent sont d\u2019accord avec la d\u00e9claration selon laquelle \u00ab les pays arabes devraient imm\u00e9diatement rompre tout contact diplomatique, politique, \u00e9conomique et tout autre contact avec Isra\u00ebl, pour protester contre son action militaire \u00e0 Gaza \u00bb.<\/span><\/span><\/span><\/p>\n<p align=\"LEFT\"><span style=\"color: #000000;\"><span style=\"font-family: Arial, sans-serif;\"><span style=\"font-size: medium;\">Parall\u00e8lement, 91 % estiment que \u00ab malgr\u00e9 les destructions et les pertes de vies humaines, cette guerre \u00e0 Gaza est une victoire pour les Palestiniens, les Arabes et les musulmans \u00bb. Il s\u2019agit d\u2019une d\u00e9claration de choc et unificatrice pour un pays qui a adh\u00e9r\u00e9 \u00e9troitement aux r\u00e9cits occidentaux qui cherchent \u00e0 diviser les Palestiniens des Arabes, les Arabes entre eux et les musulmans selon des lignes sectaires \u2013 g\u00e9ographiques, culturelles et politiques.<\/span><\/span><\/span><\/p>\n<p align=\"LEFT\"><span style=\"color: #000000;\"><span style=\"font-family: Arial, sans-serif;\"><span style=\"font-size: medium;\">Bien que l\u2019Arabie saoudite soit l\u2019un des rares \u00c9tats arabes \u00e0 avoir d\u00e9sign\u00e9 le Hamas comme organisation terroriste, les opinions favorables \u00e0 l\u2019\u00e9gard du Hamas ont augment\u00e9 de 30 pour cent, passant de 10 pour cent en ao\u00fbt \u00e0 40 pour cent en novembre, tandis que la plupart \u2013 95 pour cent \u2013 ne croient pas que le groupe de r\u00e9sistance palestinienne a tu\u00e9 des civils le 7 octobre.<\/span><\/span><\/span><\/p>\n<p align=\"LEFT\"><span style=\"color: #000000;\"><span style=\"font-family: Arial, sans-serif;\"><span style=\"font-size: medium;\">Parall\u00e8lement, 87 % des Saoudiens sont d\u2019accord avec l\u2019id\u00e9e selon laquelle \u00ab les \u00e9v\u00e9nements r\u00e9cents montrent qu\u2019Isra\u00ebl est si faible et si divis\u00e9 int\u00e9rieurement qu\u2019il peut \u00eatre vaincu un jour \u00bb. Ironiquement, il s\u2019agit d\u2019un refrain de longue date de l\u2019Axe de la R\u00e9sistance. Le secr\u00e9taire g\u00e9n\u00e9ral du Hezbollah, Hassan Nasrallah, avait d\u00e9clar\u00e9 : \u00ab Isra\u00ebl est plus faible qu\u2019une toile d\u2019araign\u00e9e \u00bb, apr\u00e8s sa d\u00e9faite face \u00e0 la r\u00e9sistance libanaise le 25 mai 2000.<\/span><\/span><\/span><\/p>\n<p align=\"LEFT\"><span style=\"color: #000000;\"><span style=\"font-family: Arial, sans-serif;\"><span style=\"font-size: medium;\">Avant le 7 octobre, les Saoudiens \u00e9taient fortement favorables aux liens \u00e9conomiques avec Isra\u00ebl, mais m\u00eame ce chiffre a chut\u00e9 de fa\u00e7on spectaculaire, passant de 47 % l\u2019ann\u00e9e derni\u00e8re \u00e0 17 % aujourd\u2019hui. Et si l\u2019attitude saoudienne \u00e0 l\u2019\u00e9gard de l\u2019Axe de la R\u00e9sistance reste n\u00e9gative \u2013 l\u2019Arabie saoudite, apr\u00e8s tout, est l\u2019\u00e9picentre r\u00e9gional de la propagande anti-iranienne et anti-chiite depuis la r\u00e9volution de 1979 \u2013 c&rsquo;est peut \u00eatre d\u00fb en grande partie au fait que ses m\u00e9dias sont fortement contr\u00f4l\u00e9s. Contrairement aux observations des masses arabes, 81 % des Saoudiens croient toujours que l\u2019Axe est \u00ab r\u00e9ticent \u00e0 aider les Palestiniens \u00bb.<\/span><\/span><\/span><\/p>\n<p align=\"LEFT\"><strong><span style=\"font-size: large;\"><span style=\"color: #000000;\"><span style=\"font-family: Arial, sans-serif;\">Le changement palestinien<\/span><\/span><\/span><\/strong><\/p>\n<p align=\"LEFT\"><span style=\"color: #000000;\"><span style=\"font-family: Arial, sans-serif;\"><span style=\"font-size: medium;\">Le changement observ\u00e9 parmi les Palestiniens eux-m\u00eames depuis le 7 octobre est tout aussi important dans le d\u00e9bat sur les perceptions arabes. Un sondage men\u00e9 par le <a href=\"https:\/\/www.pcpsr.org\/sites\/default\/files\/Poll 90 English press release 13 Dec 2023 Final New.pdf\">Centre palestinien de recherche sur les politiques et les enqu\u00eates<\/a> (PSR) en Cisjordanie occup\u00e9e et dans la bande de Gaza entre le 22 novembre et le 2 d\u00e9cembre refl\u00e8te les opinions arabes, mais avec quelques nuances.<\/span><\/span><\/span><\/p>\n<p align=\"LEFT\"><span style=\"color: #000000;\"><span style=\"font-family: Arial, sans-serif;\"><span style=\"font-size: medium;\">Naturellement, les personnes interrog\u00e9es \u00e0 Gaza ont fait preuve de plus de scepticisme quant \u00e0 la \u00ab justesse \u00bb de l\u2019op\u00e9ration D\u00e9luge d&rsquo;Al-Aqsa du Hamas, qui a d\u00e9clench\u00e9 l\u2019attaque g\u00e9nocidaire d\u2019Isra\u00ebl contre la bande de Gaza, au cours de laquelle plus de 22.000 civils \u2013 pour la plupart des femmes et des enfants \u2013 ont jusqu\u2019\u00e0 pr\u00e9sent \u00e9t\u00e9 brutalement tu\u00e9s. Alors que le soutien au Hamas n\u2019a que l\u00e9g\u00e8rement augment\u00e9 dans la bande de Gaza, il a tripl\u00e9 en Cisjordanie, les deux territoires palestiniens exprimant un m\u00e9pris presque \u00e9gal \u00e0 l\u2019\u00e9gard de l\u2019Autorit\u00e9 palestinienne (AP), soutenue par l\u2019Occident et qui gouverne depuis Ramallah.<\/span><\/span><\/span><\/p>\n<p align=\"LEFT\"><span style=\"color: #000000;\"><span style=\"font-family: Arial, sans-serif;\"><span style=\"font-size: medium;\">Le soutien au pr\u00e9sident par int\u00e9rim de l\u2019AP Mahmoud Abbas et \u00e0 son parti Fatah a \u00e9t\u00e9 durement touch\u00e9. Les demandes de sa d\u00e9mission s&rsquo;\u00e9l\u00e8vent \u00e0 pr\u00e8s de 90 pour cent, tandis que pr\u00e8s de 60 pour cent (le nombre le plus \u00e9lev\u00e9 enregistr\u00e9 \u00e0 ce jour dans le sondage PSR sur cette question) des personnes interrog\u00e9es souhaitent la dissolution de l&rsquo;AP.<\/span><\/span><\/span><\/p>\n<p align=\"LEFT\"><span style=\"color: #000000;\"><span style=\"font-family: Arial, sans-serif;\"><span style=\"font-size: medium;\">Plus de 60 pour cent des Palestiniens interrog\u00e9s (plus pr\u00e8s de 70 pour cent en Cisjordanie) pensent que la lutte arm\u00e9e est le meilleur moyen de mettre fin \u00e0 l&rsquo;occupation, 72 pour cent \u00e9tant d&rsquo;accord avec l&rsquo;affirmation selon laquelle le Hamas a pris une bonne d\u00e9cision en lan\u00e7ant son op\u00e9ration le 7 octobre, et 70 pour cent conviennent qu\u2019Isra\u00ebl ne parviendra pas \u00e0 \u00e9radiquer la r\u00e9sistance palestinienne \u00e0 Gaza.<\/span><\/span><\/span><\/p>\n<p align=\"LEFT\"><span style=\"color: #000000;\"><span style=\"font-family: Arial, sans-serif;\"><span style=\"font-size: medium;\">Les Palestiniens ont des opinions bien arr\u00eat\u00e9es sur les acteurs r\u00e9gionaux et internationaux, qui, selon eux, ont laiss\u00e9 Gaza sans protection contre les violations sans pr\u00e9c\u00e9dent du droit international par Isra\u00ebl.<\/span><\/span><\/span><\/p>\n<p align=\"LEFT\"><span style=\"color: #000000;\"><span style=\"font-family: Arial, sans-serif;\"><span style=\"font-size: medium;\">Le pays de loin le plus soutenu par les personnes interrog\u00e9es est le Y\u00e9men, avec un taux d&rsquo;approbation de 80 pour cent, suivi du Qatar (56 pour cent), du Hezbollah (49 pour cent), de l&rsquo;Iran (35 pour cent), de la Turquie (34 pour cent), de la Jordanie (24 pour cent), de l&rsquo;\u00c9gypte (23 %), des \u00c9mirats arabes unis (8 %) et l&rsquo;Arabie saoudite (5 %).<\/span><\/span><\/span><\/p>\n<div id=\"attachment_8767\" style=\"width: 610px\" class=\"wp-caption aligncenter\"><a href=\"https:\/\/ismfrance.org\/wp-content\/uploads\/2024\/01\/figure-8.png\"><img loading=\"lazy\" decoding=\"async\" aria-describedby=\"caption-attachment-8767\" class=\"size-large wp-image-8767\" src=\"https:\/\/ismfrance.org\/wp-content\/uploads\/2024\/01\/figure-8-700x340.png\" alt=\"\" width=\"600\" height=\"291\" srcset=\"https:\/\/ismfrance.org\/wp-content\/uploads\/2024\/01\/figure-8-700x340.png 700w, https:\/\/ismfrance.org\/wp-content\/uploads\/2024\/01\/figure-8-300x146.png 300w, https:\/\/ismfrance.org\/wp-content\/uploads\/2024\/01\/figure-8-768x373.png 768w, https:\/\/ismfrance.org\/wp-content\/uploads\/2024\/01\/figure-8-1320x642.png 1320w, https:\/\/ismfrance.org\/wp-content\/uploads\/2024\/01\/figure-8.png 1376w\" sizes=\"auto, (max-width: 600px) 100vw, 600px\" \/><\/a><p id=\"caption-attachment-8767\" class=\"wp-caption-text\"><strong>Chiffres 8\u00a0: \u00ab\u00a0Maintenant je vous demande si vous \u00eates satisfaits du r\u00f4le de plusieurs acteurs arabes et r\u00e9gionaux dans cette derni\u00e8re guerre.<\/strong><\/p><\/div>\n<p align=\"LEFT\"><span style=\"color: #000000;\"><span style=\"font-family: Arial, sans-serif;\"><span style=\"font-size: medium;\">Dans ce sondage, l\u2019Axe de la R\u00e9sistance de la r\u00e9gion domine les notes favorables, tandis que les pays arabes et musulmans pro-am\u00e9ricains ayant un certain degr\u00e9 de relations avec Isra\u00ebl s\u2019en sortent mal. Il convient de noter que parmi les quatre pays et groupes les plus favorables aux Palestiniens majoritairement sunnites, trois sont des membres essentiels de l\u2019Axe \u00ab chiite \u00bb, tandis que cinq \u00c9tats dirig\u00e9s par des sunnites se classent au dernier rang.<\/span><\/span><\/span><\/p>\n<div id=\"attachment_8768\" style=\"width: 610px\" class=\"wp-caption aligncenter\"><a href=\"https:\/\/ismfrance.org\/wp-content\/uploads\/2024\/01\/figure-9.png\"><img loading=\"lazy\" decoding=\"async\" aria-describedby=\"caption-attachment-8768\" class=\"size-large wp-image-8768\" src=\"https:\/\/ismfrance.org\/wp-content\/uploads\/2024\/01\/figure-9-700x349.png\" alt=\"\" width=\"600\" height=\"299\" srcset=\"https:\/\/ismfrance.org\/wp-content\/uploads\/2024\/01\/figure-9-700x349.png 700w, https:\/\/ismfrance.org\/wp-content\/uploads\/2024\/01\/figure-9-300x150.png 300w, https:\/\/ismfrance.org\/wp-content\/uploads\/2024\/01\/figure-9-768x383.png 768w, https:\/\/ismfrance.org\/wp-content\/uploads\/2024\/01\/figure-9-1320x659.png 1320w, https:\/\/ismfrance.org\/wp-content\/uploads\/2024\/01\/figure-9.png 1377w\" sizes=\"auto, (max-width: 600px) 100vw, 600px\" \/><\/a><p id=\"caption-attachment-8768\" class=\"wp-caption-text\"><strong>Chiffres 9\u00a0 : \u00ab Maintenant je vous demande si vous \u00eates satisfaits du r\u00f4le de plusieurs acteurs internationaux dans cette derni\u00e8re guerre.<\/strong><\/p><\/div>\n<p align=\"LEFT\"><span style=\"color: #000000;\"><span style=\"font-family: Arial, sans-serif;\"><span style=\"font-size: medium;\">Ce point de vue palestinien s&rsquo;\u00e9tend aux \u00c9tats internationaux non r\u00e9gionaux, les personnes interrog\u00e9es \u00e9tant les plus satisfaites des alli\u00e9s de l&rsquo;Axe de la R\u00e9sistance, la Russie (22 %) et la Chine (20 %), tandis que les alli\u00e9s isra\u00e9liens, l&rsquo;Allemagne (7 %), la France (5 %), le Royaume-Uni (4 %). pour cent), et les \u00c9tats-Unis (1 pour cent) peinent \u00e0 maintenir une adh\u00e9sion aupr\u00e8s des Palestiniens.<\/span><\/span><\/span><\/p>\n<p align=\"LEFT\"><strong><span style=\"color: #000000;\"><span style=\"font-family: Arial, sans-serif;\"><span style=\"font-size: large;\">Les chiffres d\u00e9pendent de la guerre \u00e0 venir<\/span><\/span><\/span><\/strong><\/p>\n<p align=\"LEFT\"><span style=\"color: #000000;\"><span style=\"font-family: Arial, sans-serif;\"><span style=\"font-size: medium;\">Trois sondages distincts montrent que les perceptions arabes ont radicalement chang\u00e9 \u00e0 propos de la guerre men\u00e9e par Isra\u00ebl contre Gaza, le sentiment populaire gravitant vers les \u00c9tats et les acteurs per\u00e7us comme soutenant activement les objectifs palestiniens, et s\u2019\u00e9loignant de ceux qui sont per\u00e7us comme soutenant Isra\u00ebl.<\/span><\/span><\/span><\/p>\n<p align=\"LEFT\"><span style=\"color: #000000;\"><span style=\"font-family: Arial, sans-serif;\"><span style=\"font-size: medium;\">La nouvelle ann\u00e9e commence avec deux \u00e9v\u00e9nements majeurs. La premi\u00e8re est le retrait des r\u00e9servistes isra\u00e9liens de Gaza, soit parce que Washington l\u2019exige, soit en raison de pertes de vies humaines et de blessures insoutenables parmi les troupes d\u2019occupation. Le deuxi\u00e8me est l\u2019assassinat odieux du leader du Hamas Saleh al-Arouri et de six autres personnes \u00e0 Beyrouth, au Liban, le 2 janvier.<\/span><\/span><\/span><\/p>\n<p align=\"LEFT\"><span style=\"color: #000000;\"><span style=\"font-family: Arial, sans-serif;\"><span style=\"font-size: medium;\">Tout indique que la guerre d\u2019Isra\u00ebl non seulement se poursuivra, mais qu\u2019elle <a href=\"https:\/\/new.thecradle.co\/articles\/israels-gaza-withdrawal-a-prelude-to-full-out-war\">s\u2019\u00e9tendra \u00e0 l\u2019\u00e9chelle r\u00e9gionale<\/a>. La nouvelle organisation maritime des Etats-Unis dans la mer Rouge a entra\u00een\u00e9 d\u2019autres acteurs internationaux, et Tel Aviv a provoqu\u00e9 de mani\u00e8re majeure le Hezbollah libanais.<\/span><\/span><\/span><\/p>\n<p align=\"LEFT\"><span style=\"color: #000000;\"><span style=\"font-family: Arial, sans-serif;\"><span style=\"font-size: medium;\">Mais si la confrontation entre les deux axes s\u2019intensifie, les perceptions arabes continueront presque certainement \u00e0 s\u2019\u00e9loigner des anciens h\u00e9g\u00e9mons et \u00e0 se tourner vers ceux qui sont pr\u00eats \u00e0 r\u00e9sister \u00e0 cet assaut am\u00e9ricano-isra\u00e9lien contre la r\u00e9gion.<\/span><\/span><\/span><\/p>\n<p align=\"LEFT\"><span style=\"color: #000000;\"><span style=\"font-family: Arial, sans-serif;\"><span style=\"font-size: medium;\">Il n\u2019y aura aucun soulagement pour Washington et ses alli\u00e9s \u00e0 mesure que la guerre s\u2019\u00e9tendra. Plus ils s\u2019efforcent de vaincre le Hamas et de d\u00e9truire Gaza, et plus ils lancent des missiles sur le Y\u00e9men, l\u2019Irak et la Syrie et assi\u00e8gent l\u2019Axe de la R\u00e9sistance, plus les populations arabes sont susceptibles d\u2019ignorer les narratifs sunnites contre chiites, Iran contre Arabes et la\u00efcs contre islamistes, qui maintiennent les divisions et les d\u00e9saccords dans la r\u00e9gion depuis des d\u00e9cennies.<\/span><\/span><\/span><\/p>\n<p align=\"LEFT\"><span style=\"color: #000000;\"><span style=\"font-family: Arial, sans-serif;\"><span style=\"font-size: medium;\">La vague de soutien qui se mobilise en raison d\u2019une confrontation juste contre les plus grands oppresseurs de la r\u00e9gion est imparable. Le d\u00e9clin de l&rsquo;Occident est d\u00e9sormais acquis dans la r\u00e9gion, et son discours est la premi\u00e8re victime de cette guerre.<\/span><\/span><\/span><\/p>\n<pre><em><span style=\"color: #000000;\"><span style=\"font-family: Arial, sans-serif;\"><span style=\"font-size: medium;\">Article original en anglais sur <a href=\"https:\/\/new.thecradle.co\/articles\/gaza-destroys-western-divide-and-rule-narratives\">The Cradle<\/a> \/ Traduction MR<\/span><\/span><\/span><\/em><\/pre>\n<p align=\"LEFT\"><span style=\"color: #000000;\"><span style=\"font-family: Arial, sans-serif;\"><span style=\"font-size: small;\">Sharmine Narwani est une \u00e9crivaine et analyste de la g\u00e9opolitique de l&rsquo;Asie occidentale bas\u00e9e \u00e0 Beyrouth, et chroniqueuse \u00e0 The Cradle. Son travail a \u00e9t\u00e9 publi\u00e9 dans un large \u00e9ventail de m\u00e9dias, notamment The American Conservateur, Russia Today, The New York Times, USA Today, The Guardian, Al-Akhbar English, Assafir, Huffington Post, BRICS Post, Salon.com, Al Jazeera et autres. Elle est cit\u00e9e dans de nombreuses publications pour sa couverture d\u2019investigation novatrice sur le conflit syrien. Son compte X-ex.twitter\u00a0: <a href=\"https:\/\/twitter.com\/snarwani\">@snarwani <\/a><\/span><\/span><\/span><\/p>\n","protected":false},"excerpt":{"rendered":"<p>Sharmine Narwani, 4 janvier 2024. On pourrait presque parler de table rase. Des d\u00e9cennies de r\u00e9cits occidentaux con\u00e7us pour exploiter les diff\u00e9rences \u00e0 travers l\u2019Asie occidentale, cr\u00e9er des conflits entre <a class=\"more-link\" href=\"https:\/\/ismfrance.org\/index.php\/2024\/01\/08\/gaza-detruit-les-discours-occidentaux-du-diviser-pour-regner\/\">Lire la suite &rarr;<\/a><\/p>\n","protected":false},"author":3,"featured_media":8760,"comment_status":"closed","ping_status":"closed","sticky":false,"template":"","format":"standard","meta":{"footnotes":""},"categories":[12,2],"tags":[348,90],"class_list":["post-8758","post","type-post","status-publish","format-standard","has-post-thumbnail","hentry","category-analyses","category-articles","tag-7-octobre-2023","tag-geopolitique"],"yoast_head":"<!-- This site is optimized with the Yoast SEO plugin v27.5 - https:\/\/yoast.com\/product\/yoast-seo-wordpress\/ -->\n<title>Gaza d\u00e9truit les discours occidentaux du diviser pour r\u00e9gner - International Solidarity Movement - ISM-France<\/title>\n<meta name=\"robots\" content=\"index, follow, max-snippet:-1, max-image-preview:large, max-video-preview:-1\" \/>\n<link rel=\"canonical\" href=\"https:\/\/ismfrance.org\/index.php\/2024\/01\/08\/gaza-detruit-les-discours-occidentaux-du-diviser-pour-regner\/\" \/>\n<meta property=\"og:locale\" content=\"fr_FR\" \/>\n<meta property=\"og:type\" content=\"article\" \/>\n<meta property=\"og:title\" content=\"Gaza d\u00e9truit les discours occidentaux du diviser pour r\u00e9gner - International Solidarity Movement - ISM-France\" \/>\n<meta property=\"og:description\" content=\"Sharmine Narwani, 4 janvier 2024. On pourrait presque parler de table rase. Des d\u00e9cennies de r\u00e9cits occidentaux con\u00e7us pour exploiter les diff\u00e9rences \u00e0 travers l\u2019Asie occidentale, cr\u00e9er des conflits entre Lire la suite &rarr;\" \/>\n<meta property=\"og:url\" content=\"https:\/\/ismfrance.org\/index.php\/2024\/01\/08\/gaza-detruit-les-discours-occidentaux-du-diviser-pour-regner\/\" \/>\n<meta property=\"og:site_name\" content=\"International Solidarity Movement - ISM-France\" \/>\n<meta property=\"article:published_time\" content=\"2024-01-08T18:08:53+00:00\" \/>\n<meta property=\"article:modified_time\" content=\"2024-01-08T21:21:37+00:00\" \/>\n<meta property=\"og:image\" content=\"https:\/\/ismfrance.org\/wp-content\/uploads\/2024\/01\/western-narratives.jpeg\" \/>\n\t<meta property=\"og:image:width\" content=\"2088\" \/>\n\t<meta property=\"og:image:height\" content=\"988\" \/>\n\t<meta property=\"og:image:type\" content=\"image\/jpeg\" \/>\n<meta name=\"author\" content=\"mru_01\" \/>\n<meta name=\"twitter:card\" content=\"summary_large_image\" \/>\n<meta name=\"twitter:creator\" content=\"@ISMFRANCE\" \/>\n<meta name=\"twitter:site\" content=\"@ISMFRANCE\" \/>\n<meta name=\"twitter:label1\" content=\"\u00c9crit par\" \/>\n\t<meta name=\"twitter:data1\" content=\"mru_01\" \/>\n\t<meta name=\"twitter:label2\" content=\"Dur\u00e9e de lecture estim\u00e9e\" \/>\n\t<meta name=\"twitter:data2\" content=\"13 minutes\" \/>\n<script type=\"application\/ld+json\" class=\"yoast-schema-graph\">{\"@context\":\"https:\\\/\\\/schema.org\",\"@graph\":[{\"@type\":\"Article\",\"@id\":\"https:\\\/\\\/ismfrance.org\\\/index.php\\\/2024\\\/01\\\/08\\\/gaza-detruit-les-discours-occidentaux-du-diviser-pour-regner\\\/#article\",\"isPartOf\":{\"@id\":\"https:\\\/\\\/ismfrance.org\\\/index.php\\\/2024\\\/01\\\/08\\\/gaza-detruit-les-discours-occidentaux-du-diviser-pour-regner\\\/\"},\"author\":{\"name\":\"mru_01\",\"@id\":\"https:\\\/\\\/ismfrance.org\\\/#\\\/schema\\\/person\\\/3c411eb72adfaae19c0dca1f41fae01d\"},\"headline\":\"Gaza d\u00e9truit les discours occidentaux du diviser pour r\u00e9gner\",\"datePublished\":\"2024-01-08T18:08:53+00:00\",\"dateModified\":\"2024-01-08T21:21:37+00:00\",\"mainEntityOfPage\":{\"@id\":\"https:\\\/\\\/ismfrance.org\\\/index.php\\\/2024\\\/01\\\/08\\\/gaza-detruit-les-discours-occidentaux-du-diviser-pour-regner\\\/\"},\"wordCount\":2638,\"publisher\":{\"@id\":\"https:\\\/\\\/ismfrance.org\\\/#organization\"},\"image\":{\"@id\":\"https:\\\/\\\/ismfrance.org\\\/index.php\\\/2024\\\/01\\\/08\\\/gaza-detruit-les-discours-occidentaux-du-diviser-pour-regner\\\/#primaryimage\"},\"thumbnailUrl\":\"https:\\\/\\\/ismfrance.org\\\/wp-content\\\/uploads\\\/2024\\\/01\\\/western-narratives.jpeg\",\"keywords\":[\"7 octobre 2023\",\"G\u00e9opolitique\"],\"articleSection\":[\"Analyses\",\"Articles\"],\"inLanguage\":\"fr-FR\"},{\"@type\":\"WebPage\",\"@id\":\"https:\\\/\\\/ismfrance.org\\\/index.php\\\/2024\\\/01\\\/08\\\/gaza-detruit-les-discours-occidentaux-du-diviser-pour-regner\\\/\",\"url\":\"https:\\\/\\\/ismfrance.org\\\/index.php\\\/2024\\\/01\\\/08\\\/gaza-detruit-les-discours-occidentaux-du-diviser-pour-regner\\\/\",\"name\":\"Gaza d\u00e9truit les discours occidentaux du diviser pour r\u00e9gner - International Solidarity Movement - ISM-France\",\"isPartOf\":{\"@id\":\"https:\\\/\\\/ismfrance.org\\\/#website\"},\"primaryImageOfPage\":{\"@id\":\"https:\\\/\\\/ismfrance.org\\\/index.php\\\/2024\\\/01\\\/08\\\/gaza-detruit-les-discours-occidentaux-du-diviser-pour-regner\\\/#primaryimage\"},\"image\":{\"@id\":\"https:\\\/\\\/ismfrance.org\\\/index.php\\\/2024\\\/01\\\/08\\\/gaza-detruit-les-discours-occidentaux-du-diviser-pour-regner\\\/#primaryimage\"},\"thumbnailUrl\":\"https:\\\/\\\/ismfrance.org\\\/wp-content\\\/uploads\\\/2024\\\/01\\\/western-narratives.jpeg\",\"datePublished\":\"2024-01-08T18:08:53+00:00\",\"dateModified\":\"2024-01-08T21:21:37+00:00\",\"breadcrumb\":{\"@id\":\"https:\\\/\\\/ismfrance.org\\\/index.php\\\/2024\\\/01\\\/08\\\/gaza-detruit-les-discours-occidentaux-du-diviser-pour-regner\\\/#breadcrumb\"},\"inLanguage\":\"fr-FR\",\"potentialAction\":[{\"@type\":\"ReadAction\",\"target\":[\"https:\\\/\\\/ismfrance.org\\\/index.php\\\/2024\\\/01\\\/08\\\/gaza-detruit-les-discours-occidentaux-du-diviser-pour-regner\\\/\"]}]},{\"@type\":\"ImageObject\",\"inLanguage\":\"fr-FR\",\"@id\":\"https:\\\/\\\/ismfrance.org\\\/index.php\\\/2024\\\/01\\\/08\\\/gaza-detruit-les-discours-occidentaux-du-diviser-pour-regner\\\/#primaryimage\",\"url\":\"https:\\\/\\\/ismfrance.org\\\/wp-content\\\/uploads\\\/2024\\\/01\\\/western-narratives.jpeg\",\"contentUrl\":\"https:\\\/\\\/ismfrance.org\\\/wp-content\\\/uploads\\\/2024\\\/01\\\/western-narratives.jpeg\",\"width\":2088,\"height\":988},{\"@type\":\"BreadcrumbList\",\"@id\":\"https:\\\/\\\/ismfrance.org\\\/index.php\\\/2024\\\/01\\\/08\\\/gaza-detruit-les-discours-occidentaux-du-diviser-pour-regner\\\/#breadcrumb\",\"itemListElement\":[{\"@type\":\"ListItem\",\"position\":1,\"name\":\"Accueil\",\"item\":\"https:\\\/\\\/ismfrance.org\\\/\"},{\"@type\":\"ListItem\",\"position\":2,\"name\":\"Gaza d\u00e9truit les discours occidentaux du diviser pour r\u00e9gner\"}]},{\"@type\":\"WebSite\",\"@id\":\"https:\\\/\\\/ismfrance.org\\\/#website\",\"url\":\"https:\\\/\\\/ismfrance.org\\\/\",\"name\":\"ISM Palestine France\",\"description\":\"Soutien aux luttes de lib\u00e9ration du peuple palestinien\",\"publisher\":{\"@id\":\"https:\\\/\\\/ismfrance.org\\\/#organization\"},\"potentialAction\":[{\"@type\":\"SearchAction\",\"target\":{\"@type\":\"EntryPoint\",\"urlTemplate\":\"https:\\\/\\\/ismfrance.org\\\/?s={search_term_string}\"},\"query-input\":{\"@type\":\"PropertyValueSpecification\",\"valueRequired\":true,\"valueName\":\"search_term_string\"}}],\"inLanguage\":\"fr-FR\"},{\"@type\":\"Organization\",\"@id\":\"https:\\\/\\\/ismfrance.org\\\/#organization\",\"name\":\"International Solidarity Movement\",\"url\":\"https:\\\/\\\/ismfrance.org\\\/\",\"logo\":{\"@type\":\"ImageObject\",\"inLanguage\":\"fr-FR\",\"@id\":\"https:\\\/\\\/ismfrance.org\\\/#\\\/schema\\\/logo\\\/image\\\/\",\"url\":\"https:\\\/\\\/ismfrance.org\\\/wp-content\\\/uploads\\\/2020\\\/12\\\/00.png\",\"contentUrl\":\"https:\\\/\\\/ismfrance.org\\\/wp-content\\\/uploads\\\/2020\\\/12\\\/00.png\",\"width\":400,\"height\":400,\"caption\":\"International Solidarity Movement\"},\"image\":{\"@id\":\"https:\\\/\\\/ismfrance.org\\\/#\\\/schema\\\/logo\\\/image\\\/\"},\"sameAs\":[\"https:\\\/\\\/x.com\\\/ISMFRANCE\"]},{\"@type\":\"Person\",\"@id\":\"https:\\\/\\\/ismfrance.org\\\/#\\\/schema\\\/person\\\/3c411eb72adfaae19c0dca1f41fae01d\",\"name\":\"mru_01\",\"image\":{\"@type\":\"ImageObject\",\"inLanguage\":\"fr-FR\",\"@id\":\"https:\\\/\\\/secure.gravatar.com\\\/avatar\\\/3a0be343b445d2ccc79e87444a294fad2b232e90d2051d0e3cc219e1ecd6a330?s=96&d=mm&r=g\",\"url\":\"https:\\\/\\\/secure.gravatar.com\\\/avatar\\\/3a0be343b445d2ccc79e87444a294fad2b232e90d2051d0e3cc219e1ecd6a330?s=96&d=mm&r=g\",\"contentUrl\":\"https:\\\/\\\/secure.gravatar.com\\\/avatar\\\/3a0be343b445d2ccc79e87444a294fad2b232e90d2051d0e3cc219e1ecd6a330?s=96&d=mm&r=g\",\"caption\":\"mru_01\"},\"url\":\"https:\\\/\\\/ismfrance.org\\\/index.php\\\/author\\\/admin02\\\/\"}]}<\/script>\n<!-- \/ Yoast SEO plugin. -->","yoast_head_json":{"title":"Gaza d\u00e9truit les discours occidentaux du diviser pour r\u00e9gner - International Solidarity Movement - ISM-France","robots":{"index":"index","follow":"follow","max-snippet":"max-snippet:-1","max-image-preview":"max-image-preview:large","max-video-preview":"max-video-preview:-1"},"canonical":"https:\/\/ismfrance.org\/index.php\/2024\/01\/08\/gaza-detruit-les-discours-occidentaux-du-diviser-pour-regner\/","og_locale":"fr_FR","og_type":"article","og_title":"Gaza d\u00e9truit les discours occidentaux du diviser pour r\u00e9gner - International Solidarity Movement - ISM-France","og_description":"Sharmine Narwani, 4 janvier 2024. On pourrait presque parler de table rase. Des d\u00e9cennies de r\u00e9cits occidentaux con\u00e7us pour exploiter les diff\u00e9rences \u00e0 travers l\u2019Asie occidentale, cr\u00e9er des conflits entre Lire la suite &rarr;","og_url":"https:\/\/ismfrance.org\/index.php\/2024\/01\/08\/gaza-detruit-les-discours-occidentaux-du-diviser-pour-regner\/","og_site_name":"International Solidarity Movement - ISM-France","article_published_time":"2024-01-08T18:08:53+00:00","article_modified_time":"2024-01-08T21:21:37+00:00","og_image":[{"width":2088,"height":988,"url":"https:\/\/ismfrance.org\/wp-content\/uploads\/2024\/01\/western-narratives.jpeg","type":"image\/jpeg"}],"author":"mru_01","twitter_card":"summary_large_image","twitter_creator":"@ISMFRANCE","twitter_site":"@ISMFRANCE","twitter_misc":{"\u00c9crit par":"mru_01","Dur\u00e9e de lecture estim\u00e9e":"13 minutes"},"schema":{"@context":"https:\/\/schema.org","@graph":[{"@type":"Article","@id":"https:\/\/ismfrance.org\/index.php\/2024\/01\/08\/gaza-detruit-les-discours-occidentaux-du-diviser-pour-regner\/#article","isPartOf":{"@id":"https:\/\/ismfrance.org\/index.php\/2024\/01\/08\/gaza-detruit-les-discours-occidentaux-du-diviser-pour-regner\/"},"author":{"name":"mru_01","@id":"https:\/\/ismfrance.org\/#\/schema\/person\/3c411eb72adfaae19c0dca1f41fae01d"},"headline":"Gaza d\u00e9truit les discours occidentaux du diviser pour r\u00e9gner","datePublished":"2024-01-08T18:08:53+00:00","dateModified":"2024-01-08T21:21:37+00:00","mainEntityOfPage":{"@id":"https:\/\/ismfrance.org\/index.php\/2024\/01\/08\/gaza-detruit-les-discours-occidentaux-du-diviser-pour-regner\/"},"wordCount":2638,"publisher":{"@id":"https:\/\/ismfrance.org\/#organization"},"image":{"@id":"https:\/\/ismfrance.org\/index.php\/2024\/01\/08\/gaza-detruit-les-discours-occidentaux-du-diviser-pour-regner\/#primaryimage"},"thumbnailUrl":"https:\/\/ismfrance.org\/wp-content\/uploads\/2024\/01\/western-narratives.jpeg","keywords":["7 octobre 2023","G\u00e9opolitique"],"articleSection":["Analyses","Articles"],"inLanguage":"fr-FR"},{"@type":"WebPage","@id":"https:\/\/ismfrance.org\/index.php\/2024\/01\/08\/gaza-detruit-les-discours-occidentaux-du-diviser-pour-regner\/","url":"https:\/\/ismfrance.org\/index.php\/2024\/01\/08\/gaza-detruit-les-discours-occidentaux-du-diviser-pour-regner\/","name":"Gaza d\u00e9truit les discours occidentaux du diviser pour r\u00e9gner - International Solidarity Movement - ISM-France","isPartOf":{"@id":"https:\/\/ismfrance.org\/#website"},"primaryImageOfPage":{"@id":"https:\/\/ismfrance.org\/index.php\/2024\/01\/08\/gaza-detruit-les-discours-occidentaux-du-diviser-pour-regner\/#primaryimage"},"image":{"@id":"https:\/\/ismfrance.org\/index.php\/2024\/01\/08\/gaza-detruit-les-discours-occidentaux-du-diviser-pour-regner\/#primaryimage"},"thumbnailUrl":"https:\/\/ismfrance.org\/wp-content\/uploads\/2024\/01\/western-narratives.jpeg","datePublished":"2024-01-08T18:08:53+00:00","dateModified":"2024-01-08T21:21:37+00:00","breadcrumb":{"@id":"https:\/\/ismfrance.org\/index.php\/2024\/01\/08\/gaza-detruit-les-discours-occidentaux-du-diviser-pour-regner\/#breadcrumb"},"inLanguage":"fr-FR","potentialAction":[{"@type":"ReadAction","target":["https:\/\/ismfrance.org\/index.php\/2024\/01\/08\/gaza-detruit-les-discours-occidentaux-du-diviser-pour-regner\/"]}]},{"@type":"ImageObject","inLanguage":"fr-FR","@id":"https:\/\/ismfrance.org\/index.php\/2024\/01\/08\/gaza-detruit-les-discours-occidentaux-du-diviser-pour-regner\/#primaryimage","url":"https:\/\/ismfrance.org\/wp-content\/uploads\/2024\/01\/western-narratives.jpeg","contentUrl":"https:\/\/ismfrance.org\/wp-content\/uploads\/2024\/01\/western-narratives.jpeg","width":2088,"height":988},{"@type":"BreadcrumbList","@id":"https:\/\/ismfrance.org\/index.php\/2024\/01\/08\/gaza-detruit-les-discours-occidentaux-du-diviser-pour-regner\/#breadcrumb","itemListElement":[{"@type":"ListItem","position":1,"name":"Accueil","item":"https:\/\/ismfrance.org\/"},{"@type":"ListItem","position":2,"name":"Gaza d\u00e9truit les discours occidentaux du diviser pour r\u00e9gner"}]},{"@type":"WebSite","@id":"https:\/\/ismfrance.org\/#website","url":"https:\/\/ismfrance.org\/","name":"ISM Palestine France","description":"Soutien aux luttes de lib\u00e9ration du peuple palestinien","publisher":{"@id":"https:\/\/ismfrance.org\/#organization"},"potentialAction":[{"@type":"SearchAction","target":{"@type":"EntryPoint","urlTemplate":"https:\/\/ismfrance.org\/?s={search_term_string}"},"query-input":{"@type":"PropertyValueSpecification","valueRequired":true,"valueName":"search_term_string"}}],"inLanguage":"fr-FR"},{"@type":"Organization","@id":"https:\/\/ismfrance.org\/#organization","name":"International Solidarity Movement","url":"https:\/\/ismfrance.org\/","logo":{"@type":"ImageObject","inLanguage":"fr-FR","@id":"https:\/\/ismfrance.org\/#\/schema\/logo\/image\/","url":"https:\/\/ismfrance.org\/wp-content\/uploads\/2020\/12\/00.png","contentUrl":"https:\/\/ismfrance.org\/wp-content\/uploads\/2020\/12\/00.png","width":400,"height":400,"caption":"International Solidarity Movement"},"image":{"@id":"https:\/\/ismfrance.org\/#\/schema\/logo\/image\/"},"sameAs":["https:\/\/x.com\/ISMFRANCE"]},{"@type":"Person","@id":"https:\/\/ismfrance.org\/#\/schema\/person\/3c411eb72adfaae19c0dca1f41fae01d","name":"mru_01","image":{"@type":"ImageObject","inLanguage":"fr-FR","@id":"https:\/\/secure.gravatar.com\/avatar\/3a0be343b445d2ccc79e87444a294fad2b232e90d2051d0e3cc219e1ecd6a330?s=96&d=mm&r=g","url":"https:\/\/secure.gravatar.com\/avatar\/3a0be343b445d2ccc79e87444a294fad2b232e90d2051d0e3cc219e1ecd6a330?s=96&d=mm&r=g","contentUrl":"https:\/\/secure.gravatar.com\/avatar\/3a0be343b445d2ccc79e87444a294fad2b232e90d2051d0e3cc219e1ecd6a330?s=96&d=mm&r=g","caption":"mru_01"},"url":"https:\/\/ismfrance.org\/index.php\/author\/admin02\/"}]}},"_links":{"self":[{"href":"https:\/\/ismfrance.org\/index.php\/wp-json\/wp\/v2\/posts\/8758","targetHints":{"allow":["GET"]}}],"collection":[{"href":"https:\/\/ismfrance.org\/index.php\/wp-json\/wp\/v2\/posts"}],"about":[{"href":"https:\/\/ismfrance.org\/index.php\/wp-json\/wp\/v2\/types\/post"}],"author":[{"embeddable":true,"href":"https:\/\/ismfrance.org\/index.php\/wp-json\/wp\/v2\/users\/3"}],"replies":[{"embeddable":true,"href":"https:\/\/ismfrance.org\/index.php\/wp-json\/wp\/v2\/comments?post=8758"}],"version-history":[{"count":0,"href":"https:\/\/ismfrance.org\/index.php\/wp-json\/wp\/v2\/posts\/8758\/revisions"}],"wp:featuredmedia":[{"embeddable":true,"href":"https:\/\/ismfrance.org\/index.php\/wp-json\/wp\/v2\/media\/8760"}],"wp:attachment":[{"href":"https:\/\/ismfrance.org\/index.php\/wp-json\/wp\/v2\/media?parent=8758"}],"wp:term":[{"taxonomy":"category","embeddable":true,"href":"https:\/\/ismfrance.org\/index.php\/wp-json\/wp\/v2\/categories?post=8758"},{"taxonomy":"post_tag","embeddable":true,"href":"https:\/\/ismfrance.org\/index.php\/wp-json\/wp\/v2\/tags?post=8758"}],"curies":[{"name":"wp","href":"https:\/\/api.w.org\/{rel}","templated":true}]}}