{"id":8723,"date":"2024-01-07T09:44:06","date_gmt":"2024-01-07T08:44:06","guid":{"rendered":"https:\/\/ismfrance.org\/?p=8723"},"modified":"2024-11-25T15:57:10","modified_gmt":"2024-11-25T14:57:10","slug":"temoignages-de-gazaouis-la-survie-qui-sorganise-au-jour-le-jour-dans-lenfer-de-gaza-partie-4-les-3-et-4-01-2024","status":"publish","type":"post","link":"https:\/\/ismfrance.org\/index.php\/2024\/01\/07\/temoignages-de-gazaouis-la-survie-qui-sorganise-au-jour-le-jour-dans-lenfer-de-gaza-partie-4-les-3-et-4-01-2024\/","title":{"rendered":"T\u00e9moignages de Gazaouis : La survie qui s\u2019organise au jour le jour dans l\u2019enfer de Gaza &#8211; partie 4 (les 3 et 4.01.2024)"},"content":{"rendered":"<p><strong>Brigitte Challande, 6 janvier 2023.<\/strong><\/p>\n<blockquote><p>Cliquez ici pour consulter les <a href=\"https:\/\/ismfrance.org\/index.php\/temoignages-gazaouis-survie-enfer-gaza-1\/\" rel=\"noopener\" target=\"_blank\">R\u00e9cits complets<\/a>.<\/p><\/blockquote>\n<p><a href=\"https:\/\/ismfrance.org\/wp-content\/uploads\/2024\/01\/distrib-401.jpeg\"><img loading=\"lazy\" decoding=\"async\" class=\"alignnone size-large wp-image-8725\" src=\"https:\/\/ismfrance.org\/wp-content\/uploads\/2024\/01\/distrib-401-700x525.jpeg\" alt=\"\" width=\"600\" height=\"450\" srcset=\"https:\/\/ismfrance.org\/wp-content\/uploads\/2024\/01\/distrib-401-700x525.jpeg 700w, https:\/\/ismfrance.org\/wp-content\/uploads\/2024\/01\/distrib-401-300x225.jpeg 300w, https:\/\/ismfrance.org\/wp-content\/uploads\/2024\/01\/distrib-401-768x576.jpeg 768w, https:\/\/ismfrance.org\/wp-content\/uploads\/2024\/01\/distrib-401-1536x1152.jpeg 1536w, https:\/\/ismfrance.org\/wp-content\/uploads\/2024\/01\/distrib-401-350x263.jpeg 350w, https:\/\/ismfrance.org\/wp-content\/uploads\/2024\/01\/distrib-401-1320x990.jpeg 1320w, https:\/\/ismfrance.org\/wp-content\/uploads\/2024\/01\/distrib-401.jpeg 1600w\" sizes=\"auto, (max-width: 600px) 100vw, 600px\" \/><\/a><\/p>\n<p><span style=\"color: #000000;\"><span style=\"font-family: Arial, sans-serif;\"><span style=\"font-size: medium;\"><b>Maintenant c\u2019est Sarah qui re\u00e7oit le fil d\u2019informations d\u2019 Abu Amir et c\u2019est B\u00e9atrice de l\u2019UJFP et Brigitte Challande qui re\u00e7oivent le fil d\u2019info de Marsel du centre Ibn Sina.<\/b><\/span><\/span><\/span><\/p>\n<p><span style=\"color: #000000;\"><span style=\"font-family: Arial, sans-serif;\"><span style=\"font-size: medium;\"><b>Abu Amir envoie le 3\/01\/24 au matin par Messenger \u00e0 Sarah <\/b><\/span><\/span><\/span><\/p>\n<p><span style=\"color: #000000;\"><span style=\"font-family: Arial, sans-serif;\"><span style=\"font-size: medium;\">\u00ab<i>\u00a0Une br\u00e8ve description de ce que nous faisons en ce moment. <\/i><\/span><\/span><\/span><\/p>\n<p><span style=\"color: #000000;\"><span style=\"font-family: Arial, sans-serif;\"><span style=\"font-size: medium;\"><i>Comme vous le savez, des centaines de milliers de tentes ont \u00e9t\u00e9 install\u00e9es dans la zone de Mawasi, Rafah, o\u00f9 s&rsquo;entassent les r\u00e9fugi\u00e9s. Chaque tente mesure 3 m\u00e8tres sur 3 m\u00e8tres et abrite trois ou quatre familles vivant dans des conditions sanitaires difficiles. Nourrir ces familles n\u00e9cessite un budget consid\u00e9rable.<\/i><\/span><\/span><\/span><\/p>\n<p><span style=\"color: #000000;\"><span style=\"font-family: Arial, sans-serif;\"><span style=\"font-size: medium;\"><i>C&rsquo;est pourquoi, apr\u00e8s avoir \u00e9tudi\u00e9 la situation sur place, nous avons d\u00e9cid\u00e9 d&rsquo;apporter une aide aux r\u00e9fugi\u00e9s qui vivent dans des zones recul\u00e9es qui ne peuvent \u00eatre atteintes par l&rsquo;aide humanitaire, c&rsquo;est-\u00e0-dire des zones qui se trouvent \u00e0 100 m\u00e8tres de la c\u00f4te et qui sont \u00e9loign\u00e9es du centre d&rsquo;aide aux d\u00e9plac\u00e9s\u00a0: il faut marcher environ 4 kilom\u00e8tres pour l&rsquo;atteindre.<\/i><\/span><\/span><\/span><\/p>\n<p><span style=\"color: #000000;\"><span style=\"font-family: Arial, sans-serif;\"><span style=\"font-size: medium;\"><i>Hier, nous avons fourni 200 repas et aujourd&rsquo;hui nous recommen\u00e7ons. Nous fournirons 200 repas et nous vous fournirons un rapport d\u00e9taill\u00e9 sur ce travail une fois qu&rsquo;il sera termin\u00e9. <\/i><\/span><\/span><\/span><\/p>\n<p><a name=\"pf1\"><\/a> <span style=\"color: #000000;\"><span style=\"font-family: Arial, sans-serif;\"><span style=\"font-size: medium;\"><i>Nous sommes confront\u00e9s \u00e0 un probl\u00e8me majeur, celui de l&rsquo;Internet pour le t\u00e9l\u00e9chargement des images et des fichiers. C&rsquo;est pourquoi dix photos expressives seront envoy\u00e9es \u00e0 chaque fois, accompagn\u00e9es d&rsquo;un rapport sur la situation.\u00a0\u00bb<\/i><\/span><\/span><\/span><\/p>\n<p><span style=\"color: #000000;\"><span style=\"font-family: Arial, sans-serif;\"><span style=\"font-size: medium;\"><b>Rapport \u00e9crit par Abu Amir sur la situation accompagn\u00e9 de 3 photos<\/b><\/span><\/span><\/span><\/p>\n<p><span style=\"color: #000000;\"><span style=\"font-family: Arial, sans-serif;\"><span style=\"font-size: medium;\">Ce 3 janvier est un nouveau jour pour la souffrance des r\u00e9fugi\u00e9s fuyant Khan Yunis, la r\u00e9gion centrale, et le nord de la bande de Gaza.<\/span><\/span><\/span><\/p>\n<p><span style=\"color: #000000;\"><span style=\"font-family: Arial, sans-serif;\"><span style=\"font-size: medium;\">Dans le pire des cas, les personnes d\u00e9plac\u00e9es souffrent de la pauvret\u00e9 et de la faim \u00e0 l&rsquo;int\u00e9rieur des tentes qui s&rsquo;\u00e9tendent sur les dunes de sable infinies, elles souffrent du froid extr\u00eame et de la pluie qui s&rsquo;infiltre \u00e0 l&rsquo;int\u00e9rieur des tentes. Les r\u00e9fugi\u00e9s ne sont plus ma\u00eetres d&rsquo;eux-m\u00eames. Les cris et les querelles sont devenus leur nature. Les hommes attendent toute la journ\u00e9e devant les lieux de distribution de l&rsquo;aide pour fournir de la nourriture \u00e0 leurs enfants, et la plupart du temps ils reviennent sans rien, et les femmes cuisinent ce qui est \u00e0 leur disposition.<\/span><\/span><\/span><\/p>\n<p><span style=\"color: #000000;\"><span style=\"font-family: Arial, sans-serif;\"><span style=\"font-size: medium;\">Nous voyons tous les jours au cours de nos tourn\u00e9es beaucoup de choses d\u00e9chirantes. Des enfants pieds nus courent apr\u00e8s la voiture pendant la distribution, commandent des repas, et les femmes nous supplient de leur donner un repas suppl\u00e9mentaire. <\/span><\/span><\/span><\/p>\n<p><span style=\"color: #000000;\"><span style=\"font-family: Arial, sans-serif;\"><span style=\"font-size: medium;\">Nous essayons autant que possible de distribuer ce qui est en notre pouvoir, mais les chiffres sont \u00e9normes et rendent n\u00e9cessaire que des pays donateurs r\u00e9pondent \u00e0 ces besoins, et pas seulement des institutions.<\/span><\/span><\/span><\/p>\n<p><span style=\"color: #000000;\"><span style=\"font-family: Arial, sans-serif;\"><span style=\"font-size: medium;\">La quantit\u00e9 d&rsquo;aide qui entre \u00e0 Gaza est totalement insuffisante et mal g\u00e9r\u00e9e, et plus de 45 % des r\u00e9fugi\u00e9s ne re\u00e7oivent pas d&rsquo;aide, en particulier dans les zones proches de la c\u00f4te. Comme nous l&rsquo;avons vu, les r\u00e9fugi\u00e9s pr\u00e9f\u00e8rent rester loin des refuges autant que possible, en raison des mauvaises conditions dans ces zones, de la propagation des maladies, et des eaux us\u00e9es r\u00e9pandues parmi les tentes et le manque d&rsquo;intimit\u00e9. C&rsquo;est ce dont ont parl\u00e9 la plupart des r\u00e9fugi\u00e9s qui ont pr\u00e9f\u00e9r\u00e9 r\u00e9sider sur les terres adjacentes au bord de mer, malgr\u00e9 le danger qui les menace avec les bateaux de guerre.<\/span><\/span><\/span><\/p>\n<p><span style=\"color: #000000;\"><span style=\"font-family: Arial, sans-serif;\"><span style=\"font-size: medium;\">Aujourd&rsquo;hui, nous avons \u00e9galement remarqu\u00e9 le tr\u00e8s grand nombre de camions transportant des personnes d\u00e9plac\u00e9es du centre de la bande de Gaza, comme Nuseirat et Al-Bureij, qui ont \u00e9t\u00e9 tr\u00e8s bombard\u00e9s la nuit derni\u00e8re. Les avions d&rsquo;occupation ont jet\u00e9 des tracts indiquant que les zones de Nuseirat et d&rsquo;Al-Bureij \u00e9taient des zones d&rsquo;op\u00e9rations de l&rsquo;arm\u00e9e isra\u00e9lienne et que tous les habitants devaient se rendre dans la zone de Deir al-Balah, mais les habitants de ces zones ont pr\u00e9f\u00e9r\u00e9 se rendre directement \u00e0 Rafah, car ils savent que la zone de Deir al-Balah sera la prochaine \u00e0 \u00eatre d\u00e9plac\u00e9e.<\/span><\/span><\/span><\/p>\n<div id=\"Section1\" dir=\"LTR\">\n<div id=\"Section2\" dir=\"LTR\">\n<p><span style=\"color: #000000;\"><span style=\"font-family: Arial, sans-serif;\"><span style=\"font-size: medium;\">\u00c0 notre retour, nous avons remarqu\u00e9 que la plupart des r\u00e9fugi\u00e9s faisaient la queue \u00e0 l&rsquo;entr\u00e9e c\u00f4ti\u00e8re de la ville de Rafah et qu&rsquo;ils ne savaient pas o\u00f9 aller. Il n&rsquo;y a pas d&rsquo;organisme officiel qui accueille ou guide ceux qui cherchent un endroit o\u00f9 ils puissent rester (c&rsquo;est un grand d\u00e9sordre). Enfin, avant la fin de la distribution, il nous reste une trentaine de repas, nous avons pens\u00e9 les distribuer aux arrivants.<\/span><\/span><\/span><\/p>\n<p><a href=\"https:\/\/ismfrance.org\/wp-content\/uploads\/2024\/01\/distrib1.jpeg\"><img loading=\"lazy\" decoding=\"async\" class=\"alignnone size-large wp-image-8726\" src=\"https:\/\/ismfrance.org\/wp-content\/uploads\/2024\/01\/distrib1-700x525.jpeg\" alt=\"\" width=\"600\" height=\"450\" srcset=\"https:\/\/ismfrance.org\/wp-content\/uploads\/2024\/01\/distrib1-700x525.jpeg 700w, https:\/\/ismfrance.org\/wp-content\/uploads\/2024\/01\/distrib1-300x225.jpeg 300w, https:\/\/ismfrance.org\/wp-content\/uploads\/2024\/01\/distrib1-768x576.jpeg 768w, https:\/\/ismfrance.org\/wp-content\/uploads\/2024\/01\/distrib1-1536x1152.jpeg 1536w, https:\/\/ismfrance.org\/wp-content\/uploads\/2024\/01\/distrib1-350x263.jpeg 350w, https:\/\/ismfrance.org\/wp-content\/uploads\/2024\/01\/distrib1-1320x990.jpeg 1320w, https:\/\/ismfrance.org\/wp-content\/uploads\/2024\/01\/distrib1.jpeg 1600w\" sizes=\"auto, (max-width: 600px) 100vw, 600px\" \/><\/a><\/p>\n<p><span style=\"color: #000000;\"><span style=\"font-family: Arial, sans-serif;\"><span style=\"font-size: medium;\">En effet, nous avons pris la route c\u00f4ti\u00e8re jusqu&rsquo;\u00e0 la zone situ\u00e9e entre Khan Yunis et Rafah, et nous avons commenc\u00e9 \u00e0 arr\u00eater les camions et \u00e0 distribuer des repas aux r\u00e9fugi\u00e9s arrivant \u00e0 Rafah.<\/span><\/span><\/span><\/p>\n<p><span style=\"color: #000000;\"><span style=\"font-family: Arial, sans-serif;\"><span style=\"font-size: medium;\">Ce qui nous a amen\u00e9s \u00e0 penser que ces r\u00e9fugi\u00e9s n&rsquo;avaient peut-\u00eatre pas mang\u00e9 depuis hier, et qu&rsquo;une fois arriv\u00e9s \u00e0 Rafah, ils ne trouveraient pas facilement de la nourriture, et que leurs conditions seraient pires que celles des personnes qui se sont install\u00e9es et qui connaissent la r\u00e9gion.<\/span><\/span><\/span><\/p>\n<p><a name=\"pg-2pf2\"><\/a> <span style=\"color: #000000;\"><span style=\"font-family: Arial, sans-serif;\"><span style=\"font-size: medium;\">Aujourd&rsquo;hui et hier, nous avons distribu\u00e9 400 repas. Demain, nous nous efforcerons de distribuer des repas aux r\u00e9fugi\u00e9s qui empruntent la route c\u00f4ti\u00e8re jusqu&rsquo;\u00e0 Rafah, afin de les accueillir avec ces repas. Ces repas les aideront \u00e0 nourrir leurs enfants et leur feront sentir qu&rsquo;il y a de l&rsquo;espoir pour la suite.<\/span><\/span><\/span><\/p>\n<p lang=\"fr-FR\"><span style=\"color: #000000;\"><span style=\"font-family: Arial, sans-serif;\"><span style=\"font-size: medium;\"><b>Le matin du mercredi 3 janvier, l\u2019alerte est maximale pour la famille de Marsel. Voil\u00e0 les informations concernant son fr\u00e8re que Marsel nous donne\u00a0: sa famille est retourn\u00e9e au camp de Jabalia dans le nord de la bande de Gaza pour assister les parents de sa femme.<\/b><\/span><\/span><\/span><\/p>\n<p><span style=\"color: #000000;\"><span style=\"font-family: Arial, sans-serif;\"><span style=\"font-size: medium;\"><span lang=\"fr-FR\">\u00ab<\/span><span lang=\"fr-FR\"><i>\u00a0L&rsquo;occupation a d\u00e9truit une maison de la famille Al-Khalil dans le \u00ab Bloc 2 \u00bb au nord de Gaza, au-dessus des t\u00eates de ses habitants. J&rsquo;ai quitt\u00e9 mon \u00e9quipe de travail et je suis sorti. La maison dans laquelle \u00e9taient log\u00e9s mon fr\u00e8re, sa famille, ses enfants, sa femme et plus de 100 personnes a \u00e9t\u00e9 prise pour cible. Je prie pour lui que sa famille va toujours bien. J&rsquo;ai besoin de vos pri\u00e8res. Je suis presque en train de mourir de peur pour lui.\u00a0\u00bb<\/i><\/span><\/span><\/span><\/span><\/p>\n<p lang=\"fr-FR\"><span style=\"color: #000000;\"><span style=\"font-family: Arial, sans-serif;\"><span style=\"font-size: medium;\"><b>Le soir, nous apprendrons par Marsel que son fr\u00e8re et toute sa famille ont \u00e9t\u00e9 \u00e9cras\u00e9s par les bombes. Ses propos \u00e0 Sarah par Messenger\u00a0:<\/b><\/span><\/span><\/span><\/p>\n<p lang=\"fr-FR\"><span style=\"color: #000000;\"><span style=\"font-family: Arial, sans-serif;\"><span style=\"font-size: medium;\"><i>\u00ab\u00a0Ils ont tous \u00e9t\u00e9 martyris\u00e9s, Sarah, tous. J&rsquo;essayais de me contr\u00f4ler depuis le matin devant mon p\u00e8re et ma m\u00e8re. J&rsquo;ai eu des nouvelles de leur martyre par un ami, jusqu&rsquo;\u00e0 ce que j&rsquo;en sois s\u00fbr. J&rsquo;\u00e9tais dans un \u00e9tat d&rsquo;effondrement, le tenant en moi. Ils se sont suicid\u00e9s. J&rsquo;essayais de me contr\u00f4ler. Je ne l&rsquo;ai pas dit \u00e0 mon p\u00e8re et \u00e0 ma m\u00e8re parce qu&rsquo;il y avait des nouvelles comme celle-l\u00e0. \u00c7a les d\u00e9truira. Muayyad mon fr\u00e8re, l&rsquo;\u00e9pouse de Muayyad, ses trois filles et un certain nombre d&rsquo;autres martyrs de sa famille ont tous \u00e9t\u00e9 martyris\u00e9s. Hier, je vous ai dit que Muayyad \u00e9tait un morceau de mon c\u0153ur et qu&rsquo;ils l&rsquo;ont tu\u00e9 et effac\u00e9 sa famille de l&rsquo;\u00e9tat civil. Ils m&rsquo;ont tu\u00e9 et ont tu\u00e9 mon p\u00e8re, ma m\u00e8re et mes jeunes fr\u00e8res. Nous vivrons avec cette tristesse et cette douleur. le reste de notre vie. Une vingtaine de martyrs. Les criminels les ont tous extermin\u00e9s. Ma m\u00e8re et mon p\u00e8re sont \u00e0 l\u2019int\u00e9rieur et tentent de conna\u00eetre le sort de Muayyad. Je ne veux pas leur dire maintenant. Mes autres fr\u00e8res, Muhannad et Mersal, pendant que je suis dehors, pleurent en silence.\u00a0\u00bb<\/i><\/span><\/span><\/span><\/p>\n<div id=\"attachment_8734\" style=\"width: 610px\" class=\"wp-caption alignnone\"><a href=\"https:\/\/ismfrance.org\/wp-content\/uploads\/2024\/01\/nieces-de-Marsel-assasinees.jpeg\"><img loading=\"lazy\" decoding=\"async\" aria-describedby=\"caption-attachment-8734\" class=\"wp-image-8734 size-large\" src=\"https:\/\/ismfrance.org\/wp-content\/uploads\/2024\/01\/nieces-de-Marsel-assasinees-697x700.jpeg\" alt=\"\" width=\"600\" height=\"603\" srcset=\"https:\/\/ismfrance.org\/wp-content\/uploads\/2024\/01\/nieces-de-Marsel-assasinees-697x700.jpeg 697w, https:\/\/ismfrance.org\/wp-content\/uploads\/2024\/01\/nieces-de-Marsel-assasinees-150x150.jpeg 150w, https:\/\/ismfrance.org\/wp-content\/uploads\/2024\/01\/nieces-de-Marsel-assasinees-144x144.jpeg 144w, https:\/\/ismfrance.org\/wp-content\/uploads\/2024\/01\/nieces-de-Marsel-assasinees.jpeg 720w\" sizes=\"auto, (max-width: 600px) 100vw, 600px\" \/><\/a><p id=\"caption-attachment-8734\" class=\"wp-caption-text\">Deux des ni\u00e8ces de Marsel assassin\u00e9es par l&rsquo;arm\u00e9e d&rsquo;occupation.<\/p><\/div>\n<p lang=\"fr-FR\"><span style=\"color: #000000;\"><span style=\"font-family: Arial, sans-serif;\"><span style=\"font-size: medium;\">Marsel nous envoie une photo de son fr\u00e8re Muayad avec sa fille Milan prise la veille au soir, il n\u2019arrive pas \u00e0 croire \u00e0 cette nouvelle, ne sait comment le dire \u00e0 ses parents, doit attendre demain pour leur annoncer de vive voix et esp\u00e8re encore un miracle car il n\u2019a pas trouv\u00e9 la confirmation de sa mort aux informations sur internet.<\/span><\/span><\/span><\/p>\n<p lang=\"fr-FR\"><span style=\"color: #000000;\"><span style=\"font-family: Arial, sans-serif;\"><span style=\"font-size: medium;\"><b>Le Jeudi 4 Janvier \u00e0 14H voici le message que nous a adress\u00e9 Marsel sur le groupe WattsApp<\/b><\/span><\/span><\/span><\/p>\n<p lang=\"fr-FR\"><span style=\"font-family: Arial, sans-serif;\"><span style=\"font-size: medium;\"><span style=\"color: #000000;\"><span lang=\"fr-FR\"><i>\u00ab Chers camarades, ce qui arrive \u00e0 ma famille s&rsquo;est produit des milliers de fois et cela arrive quotidiennement. Le jour o\u00f9 l\u2019occupation a an\u00e9anti la famille de mon fr\u00e8re, l\u2019occupation a an\u00e9anti d\u2019autres familles dans les gouvernorats d\u2019Al-Wasiti, Rafah et Khan Yunis. Ce que je demande, c&rsquo;est que vous ne cessiez pas de d\u00e9noncer cette occupation. Ne restez pas silencieux et vous devez crier \u00e0 pleine voix pour les d\u00e9noncer. Depuis hier, mon fr\u00e8re et ses filles sont sous les d\u00e9combres, et aujourd&rsquo;hui les voisins de la maison ont pu r\u00e9cup\u00e9rer le corps de Moayad, coinc\u00e9 sous le toit de la maison, et sa cadette, ainsi que les corps de Mila, leur fille d&rsquo;un an et demi, et Maya, leur fille de 9 ans, est toujours sous les d\u00e9combres. Merci pour vos condol\u00e9ances et votre solidarit\u00e9 constante\u00a0<\/i><\/span><\/span><span style=\"color: #000000;\"><span lang=\"fr-FR\">\u00bb<\/span><\/span><\/span><\/span><\/p>\n<p><span style=\"font-family: Arial, sans-serif;\"><span style=\"font-size: medium;\"><a href=\"https:\/\/www.facebook.com\/share\/v\/QdxUwCqiKjtJGzou\/?mibextid=eHQngH\">https:\/\/www.facebook.com\/share\/v\/QdxUwCqiKjtJGzou\/?mibextid=eHQngH<\/a> <\/span><\/span><\/p>\n<p lang=\"fr-FR\"><span style=\"color: #000000;\"><span style=\"font-family: Arial, sans-serif;\"><span style=\"font-size: medium;\"><b>Maintenant l\u2019\u00e9quipe d\u2019 Abu Amir r\u00e9dige int\u00e9gralement le document de leur activit\u00e9\u00a0&#8211; 4\/01\/24<\/b><\/span><\/span><\/span><\/p>\n<p lang=\"fr-FR\"><span style=\"color: #000000;\"><span style=\"font-family: Arial, sans-serif;\"><span style=\"font-size: medium;\">Les bombardements se sont intensifi\u00e9s hier et avant-hier dans les zones du centre de la bande de Gaza (Nuseirat &#8211; Al-Bureij \u2013 Al-Maghazi).<\/span><\/span><\/span><\/p>\n<p><span style=\"color: #000000;\"><span style=\"font-family: Arial, sans-serif;\"><span style=\"font-size: medium;\">L&rsquo;arm\u00e9e d&rsquo;occupation a commenc\u00e9 \u00e0 avancer ce matin dans les zones situ\u00e9es \u00e0 l&rsquo;est de la rue Salah al-Din et \u00e0 les assi\u00e9ger, c&rsquo;est-\u00e0-dire les zones Al-Maghazi et Al-Masdar, ce qui a incit\u00e9 des milliers d&rsquo;habitants \u00e0 quitter ces zones et \u00e0 fuir vers les zones de Mawasi Rafah et Khan Yunis. Par cons\u00e9quent, l&rsquo;\u00e9quipe de travail a commenc\u00e9 \u00e0 se pr\u00e9parer depuis ce matin pour aider ces personnes d\u00e9plac\u00e9es et leur fournir des repas.<\/span><\/span><\/span><\/p>\n<p><span style=\"color: #000000;\"><span style=\"font-family: Arial, sans-serif;\"><span style=\"font-size: medium;\">Nous nous sommes donc rendus \u00e0 l&rsquo;entr\u00e9e de Khan Yunis, sur la seule route c\u00f4ti\u00e8re reliant le centre de Gaza au sud, et nous avons commenc\u00e9 \u00e0 accueillir les personnes d\u00e9plac\u00e9es, \u00e0 arr\u00eater les camions et \u00e0 leur fournir des repas et des bouteilles d&rsquo;eau. Vous ne pouvez pas imaginer la joie de ces personnes d\u00e9plac\u00e9es lorsque nous les avons accueillies.<\/span><\/span><\/span><\/p>\n<p><span style=\"color: #000000;\"><span style=\"font-family: Arial, sans-serif;\"><span style=\"font-size: medium;\">Nous leur avons fourni ce qui leur permettait de survivre. La plupart d&rsquo;entre eux avaient faim, \u00e9taient inquiets et se demandaient comment ils allaient pouvoir se nourrir aujourd&rsquo;hui. Ces camions \u00e9taient remplis de femmes et d&rsquo;enfants.<\/span><\/span><\/span><\/p>\n<p><span style=\"color: #000000;\"><span style=\"font-family: Arial, sans-serif;\"><span style=\"font-size: medium;\">Nous \u00e9tions donc heureux de voir les sourires sur leurs visages.<\/span><\/span><\/span><\/p>\n<p><span style=\"color: #000000;\"><span style=\"font-family: Arial, sans-serif;\"><span style=\"font-size: medium;\">Aujourd&rsquo;hui, nous avons distribu\u00e9 200 repas. Le cuisinier nous a inform\u00e9s qu&rsquo;il ne pourra pas pr\u00e9parer les repas pour le lendemain (vendredi) en raison d&rsquo;un manque de mat\u00e9riel de cuisine, et que samedi, le mat\u00e9riel de cuisine sera pr\u00eat. Samedi prochain, nous recommencerons \u00e0 fournir des repas aux personnes d\u00e9plac\u00e9es.<\/span><\/span><\/span><\/p>\n<p><span style=\"color: #000000;\"><span style=\"font-family: Arial, sans-serif;\"><span style=\"font-size: medium;\">Voir toutes les photos du 4 janvier :\u00a0 <\/span><\/span><\/span><span style=\"color: #333399;\"><a style=\"color: #333399;\" href=\"https:\/\/drive.google.com\/drive\/folders\/1ONTvdE2Ll3xpEwCMTty3FJziAwinIVS-?usp=drive_link\"><span style=\"font-family: Arial, sans-serif;\"><span style=\"font-size: medium;\">https:\/\/drive.google.com\/drive\/folders\/1ONTvdE2Ll3xpEwCMTty3FJziAwinIVS-?usp=drive_link<\/span><\/span><\/a><\/span><\/p>\n<p><strong><span style=\"color: #000000;\"><span style=\"font-family: Arial, sans-serif;\"><span style=\"font-size: medium;\">Article original :<span style=\"color: #333399;\"> <a style=\"color: #333399;\" href=\"https:\/\/altermidi.org\/2023\/12\/27\/la-survie-qui-sorganise-au-jour-le-jour-dans-lenfer-de-gaza\/\">Altermidi.org<\/a><\/span><\/span><\/span><\/span><\/strong><\/p>\n<\/div>\n<\/div>\n","protected":false},"excerpt":{"rendered":"<p>Brigitte Challande, 6 janvier 2023. Cliquez ici pour consulter les R\u00e9cits complets. Maintenant c\u2019est Sarah qui re\u00e7oit le fil d\u2019informations d\u2019 Abu Amir et c\u2019est B\u00e9atrice de l\u2019UJFP et Brigitte <a class=\"more-link\" href=\"https:\/\/ismfrance.org\/index.php\/2024\/01\/07\/temoignages-de-gazaouis-la-survie-qui-sorganise-au-jour-le-jour-dans-lenfer-de-gaza-partie-4-les-3-et-4-01-2024\/\">Lire la suite &rarr;<\/a><\/p>\n","protected":false},"author":3,"featured_media":8725,"comment_status":"closed","ping_status":"closed","sticky":false,"template":"","format":"standard","meta":{"footnotes":""},"categories":[2,13],"tags":[348,29,46],"class_list":["post-8723","post","type-post","status-publish","format-standard","has-post-thumbnail","hentry","category-articles","category-temoignages","tag-7-octobre-2023","tag-refugies","tag-solidarite"],"yoast_head":"<!-- This site is optimized with the Yoast SEO plugin v27.2 - https:\/\/yoast.com\/product\/yoast-seo-wordpress\/ -->\n<title>T\u00e9moignages de Gazaouis : La survie qui s\u2019organise au jour le jour dans l\u2019enfer de Gaza - partie 4 (les 3 et 4.01.2024) - International Solidarity Movement - ISM-France<\/title>\n<meta name=\"robots\" content=\"index, follow, max-snippet:-1, max-image-preview:large, max-video-preview:-1\" \/>\n<link rel=\"canonical\" href=\"https:\/\/ismfrance.org\/index.php\/2024\/01\/07\/temoignages-de-gazaouis-la-survie-qui-sorganise-au-jour-le-jour-dans-lenfer-de-gaza-partie-4-les-3-et-4-01-2024\/\" \/>\n<meta property=\"og:locale\" content=\"fr_FR\" \/>\n<meta property=\"og:type\" content=\"article\" \/>\n<meta property=\"og:title\" content=\"T\u00e9moignages de Gazaouis : La survie qui s\u2019organise au jour le jour dans l\u2019enfer de Gaza - partie 4 (les 3 et 4.01.2024) - International Solidarity Movement - ISM-France\" \/>\n<meta property=\"og:description\" content=\"Brigitte Challande, 6 janvier 2023. Cliquez ici pour consulter les R\u00e9cits complets. Maintenant c\u2019est Sarah qui re\u00e7oit le fil d\u2019informations d\u2019 Abu Amir et c\u2019est B\u00e9atrice de l\u2019UJFP et Brigitte Lire la suite &rarr;\" \/>\n<meta property=\"og:url\" content=\"https:\/\/ismfrance.org\/index.php\/2024\/01\/07\/temoignages-de-gazaouis-la-survie-qui-sorganise-au-jour-le-jour-dans-lenfer-de-gaza-partie-4-les-3-et-4-01-2024\/\" \/>\n<meta property=\"og:site_name\" content=\"International Solidarity Movement - ISM-France\" \/>\n<meta property=\"article:published_time\" content=\"2024-01-07T08:44:06+00:00\" \/>\n<meta property=\"article:modified_time\" content=\"2024-11-25T14:57:10+00:00\" \/>\n<meta property=\"og:image\" content=\"https:\/\/ismfrance.org\/wp-content\/uploads\/2024\/01\/distrib-401.jpeg\" \/>\n\t<meta property=\"og:image:width\" content=\"1600\" \/>\n\t<meta property=\"og:image:height\" content=\"1200\" \/>\n\t<meta property=\"og:image:type\" content=\"image\/jpeg\" \/>\n<meta name=\"author\" content=\"mru_01\" \/>\n<meta name=\"twitter:card\" content=\"summary_large_image\" \/>\n<meta name=\"twitter:creator\" content=\"@ISMFRANCE\" \/>\n<meta name=\"twitter:site\" content=\"@ISMFRANCE\" \/>\n<meta name=\"twitter:label1\" content=\"\u00c9crit par\" \/>\n\t<meta name=\"twitter:data1\" content=\"mru_01\" \/>\n\t<meta name=\"twitter:label2\" content=\"Dur\u00e9e de lecture estim\u00e9e\" \/>\n\t<meta name=\"twitter:data2\" content=\"10 minutes\" \/>\n<script type=\"application\/ld+json\" class=\"yoast-schema-graph\">{\"@context\":\"https:\/\/schema.org\",\"@graph\":[{\"@type\":\"Article\",\"@id\":\"https:\/\/ismfrance.org\/index.php\/2024\/01\/07\/temoignages-de-gazaouis-la-survie-qui-sorganise-au-jour-le-jour-dans-lenfer-de-gaza-partie-4-les-3-et-4-01-2024\/#article\",\"isPartOf\":{\"@id\":\"https:\/\/ismfrance.org\/index.php\/2024\/01\/07\/temoignages-de-gazaouis-la-survie-qui-sorganise-au-jour-le-jour-dans-lenfer-de-gaza-partie-4-les-3-et-4-01-2024\/\"},\"author\":{\"name\":\"mru_01\",\"@id\":\"https:\/\/ismfrance.org\/#\/schema\/person\/3c411eb72adfaae19c0dca1f41fae01d\"},\"headline\":\"T\u00e9moignages de Gazaouis : La survie qui s\u2019organise au jour le jour dans l\u2019enfer de Gaza &#8211; partie 4 (les 3 et 4.01.2024)\",\"datePublished\":\"2024-01-07T08:44:06+00:00\",\"dateModified\":\"2024-11-25T14:57:10+00:00\",\"mainEntityOfPage\":{\"@id\":\"https:\/\/ismfrance.org\/index.php\/2024\/01\/07\/temoignages-de-gazaouis-la-survie-qui-sorganise-au-jour-le-jour-dans-lenfer-de-gaza-partie-4-les-3-et-4-01-2024\/\"},\"wordCount\":1969,\"publisher\":{\"@id\":\"https:\/\/ismfrance.org\/#organization\"},\"image\":{\"@id\":\"https:\/\/ismfrance.org\/index.php\/2024\/01\/07\/temoignages-de-gazaouis-la-survie-qui-sorganise-au-jour-le-jour-dans-lenfer-de-gaza-partie-4-les-3-et-4-01-2024\/#primaryimage\"},\"thumbnailUrl\":\"https:\/\/ismfrance.org\/wp-content\/uploads\/2024\/01\/distrib-401.jpeg\",\"keywords\":[\"7 octobre 2023\",\"r\u00e9fugi\u00e9s\",\"solidarit\u00e9\"],\"articleSection\":[\"Articles\",\"T\u00e9moignages\"],\"inLanguage\":\"fr-FR\"},{\"@type\":\"WebPage\",\"@id\":\"https:\/\/ismfrance.org\/index.php\/2024\/01\/07\/temoignages-de-gazaouis-la-survie-qui-sorganise-au-jour-le-jour-dans-lenfer-de-gaza-partie-4-les-3-et-4-01-2024\/\",\"url\":\"https:\/\/ismfrance.org\/index.php\/2024\/01\/07\/temoignages-de-gazaouis-la-survie-qui-sorganise-au-jour-le-jour-dans-lenfer-de-gaza-partie-4-les-3-et-4-01-2024\/\",\"name\":\"T\u00e9moignages de Gazaouis : La survie qui s\u2019organise au jour le jour dans l\u2019enfer de Gaza - partie 4 (les 3 et 4.01.2024) - International Solidarity Movement - ISM-France\",\"isPartOf\":{\"@id\":\"https:\/\/ismfrance.org\/#website\"},\"primaryImageOfPage\":{\"@id\":\"https:\/\/ismfrance.org\/index.php\/2024\/01\/07\/temoignages-de-gazaouis-la-survie-qui-sorganise-au-jour-le-jour-dans-lenfer-de-gaza-partie-4-les-3-et-4-01-2024\/#primaryimage\"},\"image\":{\"@id\":\"https:\/\/ismfrance.org\/index.php\/2024\/01\/07\/temoignages-de-gazaouis-la-survie-qui-sorganise-au-jour-le-jour-dans-lenfer-de-gaza-partie-4-les-3-et-4-01-2024\/#primaryimage\"},\"thumbnailUrl\":\"https:\/\/ismfrance.org\/wp-content\/uploads\/2024\/01\/distrib-401.jpeg\",\"datePublished\":\"2024-01-07T08:44:06+00:00\",\"dateModified\":\"2024-11-25T14:57:10+00:00\",\"breadcrumb\":{\"@id\":\"https:\/\/ismfrance.org\/index.php\/2024\/01\/07\/temoignages-de-gazaouis-la-survie-qui-sorganise-au-jour-le-jour-dans-lenfer-de-gaza-partie-4-les-3-et-4-01-2024\/#breadcrumb\"},\"inLanguage\":\"fr-FR\",\"potentialAction\":[{\"@type\":\"ReadAction\",\"target\":[\"https:\/\/ismfrance.org\/index.php\/2024\/01\/07\/temoignages-de-gazaouis-la-survie-qui-sorganise-au-jour-le-jour-dans-lenfer-de-gaza-partie-4-les-3-et-4-01-2024\/\"]}]},{\"@type\":\"ImageObject\",\"inLanguage\":\"fr-FR\",\"@id\":\"https:\/\/ismfrance.org\/index.php\/2024\/01\/07\/temoignages-de-gazaouis-la-survie-qui-sorganise-au-jour-le-jour-dans-lenfer-de-gaza-partie-4-les-3-et-4-01-2024\/#primaryimage\",\"url\":\"https:\/\/ismfrance.org\/wp-content\/uploads\/2024\/01\/distrib-401.jpeg\",\"contentUrl\":\"https:\/\/ismfrance.org\/wp-content\/uploads\/2024\/01\/distrib-401.jpeg\",\"width\":1600,\"height\":1200},{\"@type\":\"BreadcrumbList\",\"@id\":\"https:\/\/ismfrance.org\/index.php\/2024\/01\/07\/temoignages-de-gazaouis-la-survie-qui-sorganise-au-jour-le-jour-dans-lenfer-de-gaza-partie-4-les-3-et-4-01-2024\/#breadcrumb\",\"itemListElement\":[{\"@type\":\"ListItem\",\"position\":1,\"name\":\"Accueil\",\"item\":\"https:\/\/ismfrance.org\/\"},{\"@type\":\"ListItem\",\"position\":2,\"name\":\"T\u00e9moignages de Gazaouis : La survie qui s\u2019organise au jour le jour dans l\u2019enfer de Gaza &#8211; partie 4 (les 3 et 4.01.2024)\"}]},{\"@type\":\"WebSite\",\"@id\":\"https:\/\/ismfrance.org\/#website\",\"url\":\"https:\/\/ismfrance.org\/\",\"name\":\"ISM Palestine France\",\"description\":\"Soutien aux luttes de lib\u00e9ration du peuple palestinien\",\"publisher\":{\"@id\":\"https:\/\/ismfrance.org\/#organization\"},\"potentialAction\":[{\"@type\":\"SearchAction\",\"target\":{\"@type\":\"EntryPoint\",\"urlTemplate\":\"https:\/\/ismfrance.org\/?s={search_term_string}\"},\"query-input\":{\"@type\":\"PropertyValueSpecification\",\"valueRequired\":true,\"valueName\":\"search_term_string\"}}],\"inLanguage\":\"fr-FR\"},{\"@type\":\"Organization\",\"@id\":\"https:\/\/ismfrance.org\/#organization\",\"name\":\"International Solidarity Movement\",\"url\":\"https:\/\/ismfrance.org\/\",\"logo\":{\"@type\":\"ImageObject\",\"inLanguage\":\"fr-FR\",\"@id\":\"https:\/\/ismfrance.org\/#\/schema\/logo\/image\/\",\"url\":\"https:\/\/ismfrance.org\/wp-content\/uploads\/2020\/12\/00.png\",\"contentUrl\":\"https:\/\/ismfrance.org\/wp-content\/uploads\/2020\/12\/00.png\",\"width\":400,\"height\":400,\"caption\":\"International Solidarity Movement\"},\"image\":{\"@id\":\"https:\/\/ismfrance.org\/#\/schema\/logo\/image\/\"},\"sameAs\":[\"https:\/\/x.com\/ISMFRANCE\"]},{\"@type\":\"Person\",\"@id\":\"https:\/\/ismfrance.org\/#\/schema\/person\/3c411eb72adfaae19c0dca1f41fae01d\",\"name\":\"mru_01\",\"image\":{\"@type\":\"ImageObject\",\"inLanguage\":\"fr-FR\",\"@id\":\"https:\/\/secure.gravatar.com\/avatar\/3a0be343b445d2ccc79e87444a294fad2b232e90d2051d0e3cc219e1ecd6a330?s=96&d=mm&r=g\",\"url\":\"https:\/\/secure.gravatar.com\/avatar\/3a0be343b445d2ccc79e87444a294fad2b232e90d2051d0e3cc219e1ecd6a330?s=96&d=mm&r=g\",\"contentUrl\":\"https:\/\/secure.gravatar.com\/avatar\/3a0be343b445d2ccc79e87444a294fad2b232e90d2051d0e3cc219e1ecd6a330?s=96&d=mm&r=g\",\"caption\":\"mru_01\"},\"url\":\"https:\/\/ismfrance.org\/index.php\/author\/admin02\/\"}]}<\/script>\n<!-- \/ Yoast SEO plugin. -->","yoast_head_json":{"title":"T\u00e9moignages de Gazaouis : La survie qui s\u2019organise au jour le jour dans l\u2019enfer de Gaza - partie 4 (les 3 et 4.01.2024) - International Solidarity Movement - ISM-France","robots":{"index":"index","follow":"follow","max-snippet":"max-snippet:-1","max-image-preview":"max-image-preview:large","max-video-preview":"max-video-preview:-1"},"canonical":"https:\/\/ismfrance.org\/index.php\/2024\/01\/07\/temoignages-de-gazaouis-la-survie-qui-sorganise-au-jour-le-jour-dans-lenfer-de-gaza-partie-4-les-3-et-4-01-2024\/","og_locale":"fr_FR","og_type":"article","og_title":"T\u00e9moignages de Gazaouis : La survie qui s\u2019organise au jour le jour dans l\u2019enfer de Gaza - partie 4 (les 3 et 4.01.2024) - International Solidarity Movement - ISM-France","og_description":"Brigitte Challande, 6 janvier 2023. Cliquez ici pour consulter les R\u00e9cits complets. Maintenant c\u2019est Sarah qui re\u00e7oit le fil d\u2019informations d\u2019 Abu Amir et c\u2019est B\u00e9atrice de l\u2019UJFP et Brigitte Lire la suite &rarr;","og_url":"https:\/\/ismfrance.org\/index.php\/2024\/01\/07\/temoignages-de-gazaouis-la-survie-qui-sorganise-au-jour-le-jour-dans-lenfer-de-gaza-partie-4-les-3-et-4-01-2024\/","og_site_name":"International Solidarity Movement - ISM-France","article_published_time":"2024-01-07T08:44:06+00:00","article_modified_time":"2024-11-25T14:57:10+00:00","og_image":[{"width":1600,"height":1200,"url":"https:\/\/ismfrance.org\/wp-content\/uploads\/2024\/01\/distrib-401.jpeg","type":"image\/jpeg"}],"author":"mru_01","twitter_card":"summary_large_image","twitter_creator":"@ISMFRANCE","twitter_site":"@ISMFRANCE","twitter_misc":{"\u00c9crit par":"mru_01","Dur\u00e9e de lecture estim\u00e9e":"10 minutes"},"schema":{"@context":"https:\/\/schema.org","@graph":[{"@type":"Article","@id":"https:\/\/ismfrance.org\/index.php\/2024\/01\/07\/temoignages-de-gazaouis-la-survie-qui-sorganise-au-jour-le-jour-dans-lenfer-de-gaza-partie-4-les-3-et-4-01-2024\/#article","isPartOf":{"@id":"https:\/\/ismfrance.org\/index.php\/2024\/01\/07\/temoignages-de-gazaouis-la-survie-qui-sorganise-au-jour-le-jour-dans-lenfer-de-gaza-partie-4-les-3-et-4-01-2024\/"},"author":{"name":"mru_01","@id":"https:\/\/ismfrance.org\/#\/schema\/person\/3c411eb72adfaae19c0dca1f41fae01d"},"headline":"T\u00e9moignages de Gazaouis : La survie qui s\u2019organise au jour le jour dans l\u2019enfer de Gaza &#8211; partie 4 (les 3 et 4.01.2024)","datePublished":"2024-01-07T08:44:06+00:00","dateModified":"2024-11-25T14:57:10+00:00","mainEntityOfPage":{"@id":"https:\/\/ismfrance.org\/index.php\/2024\/01\/07\/temoignages-de-gazaouis-la-survie-qui-sorganise-au-jour-le-jour-dans-lenfer-de-gaza-partie-4-les-3-et-4-01-2024\/"},"wordCount":1969,"publisher":{"@id":"https:\/\/ismfrance.org\/#organization"},"image":{"@id":"https:\/\/ismfrance.org\/index.php\/2024\/01\/07\/temoignages-de-gazaouis-la-survie-qui-sorganise-au-jour-le-jour-dans-lenfer-de-gaza-partie-4-les-3-et-4-01-2024\/#primaryimage"},"thumbnailUrl":"https:\/\/ismfrance.org\/wp-content\/uploads\/2024\/01\/distrib-401.jpeg","keywords":["7 octobre 2023","r\u00e9fugi\u00e9s","solidarit\u00e9"],"articleSection":["Articles","T\u00e9moignages"],"inLanguage":"fr-FR"},{"@type":"WebPage","@id":"https:\/\/ismfrance.org\/index.php\/2024\/01\/07\/temoignages-de-gazaouis-la-survie-qui-sorganise-au-jour-le-jour-dans-lenfer-de-gaza-partie-4-les-3-et-4-01-2024\/","url":"https:\/\/ismfrance.org\/index.php\/2024\/01\/07\/temoignages-de-gazaouis-la-survie-qui-sorganise-au-jour-le-jour-dans-lenfer-de-gaza-partie-4-les-3-et-4-01-2024\/","name":"T\u00e9moignages de Gazaouis : La survie qui s\u2019organise au jour le jour dans l\u2019enfer de Gaza - partie 4 (les 3 et 4.01.2024) - International Solidarity Movement - ISM-France","isPartOf":{"@id":"https:\/\/ismfrance.org\/#website"},"primaryImageOfPage":{"@id":"https:\/\/ismfrance.org\/index.php\/2024\/01\/07\/temoignages-de-gazaouis-la-survie-qui-sorganise-au-jour-le-jour-dans-lenfer-de-gaza-partie-4-les-3-et-4-01-2024\/#primaryimage"},"image":{"@id":"https:\/\/ismfrance.org\/index.php\/2024\/01\/07\/temoignages-de-gazaouis-la-survie-qui-sorganise-au-jour-le-jour-dans-lenfer-de-gaza-partie-4-les-3-et-4-01-2024\/#primaryimage"},"thumbnailUrl":"https:\/\/ismfrance.org\/wp-content\/uploads\/2024\/01\/distrib-401.jpeg","datePublished":"2024-01-07T08:44:06+00:00","dateModified":"2024-11-25T14:57:10+00:00","breadcrumb":{"@id":"https:\/\/ismfrance.org\/index.php\/2024\/01\/07\/temoignages-de-gazaouis-la-survie-qui-sorganise-au-jour-le-jour-dans-lenfer-de-gaza-partie-4-les-3-et-4-01-2024\/#breadcrumb"},"inLanguage":"fr-FR","potentialAction":[{"@type":"ReadAction","target":["https:\/\/ismfrance.org\/index.php\/2024\/01\/07\/temoignages-de-gazaouis-la-survie-qui-sorganise-au-jour-le-jour-dans-lenfer-de-gaza-partie-4-les-3-et-4-01-2024\/"]}]},{"@type":"ImageObject","inLanguage":"fr-FR","@id":"https:\/\/ismfrance.org\/index.php\/2024\/01\/07\/temoignages-de-gazaouis-la-survie-qui-sorganise-au-jour-le-jour-dans-lenfer-de-gaza-partie-4-les-3-et-4-01-2024\/#primaryimage","url":"https:\/\/ismfrance.org\/wp-content\/uploads\/2024\/01\/distrib-401.jpeg","contentUrl":"https:\/\/ismfrance.org\/wp-content\/uploads\/2024\/01\/distrib-401.jpeg","width":1600,"height":1200},{"@type":"BreadcrumbList","@id":"https:\/\/ismfrance.org\/index.php\/2024\/01\/07\/temoignages-de-gazaouis-la-survie-qui-sorganise-au-jour-le-jour-dans-lenfer-de-gaza-partie-4-les-3-et-4-01-2024\/#breadcrumb","itemListElement":[{"@type":"ListItem","position":1,"name":"Accueil","item":"https:\/\/ismfrance.org\/"},{"@type":"ListItem","position":2,"name":"T\u00e9moignages de Gazaouis : La survie qui s\u2019organise au jour le jour dans l\u2019enfer de Gaza &#8211; partie 4 (les 3 et 4.01.2024)"}]},{"@type":"WebSite","@id":"https:\/\/ismfrance.org\/#website","url":"https:\/\/ismfrance.org\/","name":"ISM Palestine France","description":"Soutien aux luttes de lib\u00e9ration du peuple palestinien","publisher":{"@id":"https:\/\/ismfrance.org\/#organization"},"potentialAction":[{"@type":"SearchAction","target":{"@type":"EntryPoint","urlTemplate":"https:\/\/ismfrance.org\/?s={search_term_string}"},"query-input":{"@type":"PropertyValueSpecification","valueRequired":true,"valueName":"search_term_string"}}],"inLanguage":"fr-FR"},{"@type":"Organization","@id":"https:\/\/ismfrance.org\/#organization","name":"International Solidarity Movement","url":"https:\/\/ismfrance.org\/","logo":{"@type":"ImageObject","inLanguage":"fr-FR","@id":"https:\/\/ismfrance.org\/#\/schema\/logo\/image\/","url":"https:\/\/ismfrance.org\/wp-content\/uploads\/2020\/12\/00.png","contentUrl":"https:\/\/ismfrance.org\/wp-content\/uploads\/2020\/12\/00.png","width":400,"height":400,"caption":"International Solidarity Movement"},"image":{"@id":"https:\/\/ismfrance.org\/#\/schema\/logo\/image\/"},"sameAs":["https:\/\/x.com\/ISMFRANCE"]},{"@type":"Person","@id":"https:\/\/ismfrance.org\/#\/schema\/person\/3c411eb72adfaae19c0dca1f41fae01d","name":"mru_01","image":{"@type":"ImageObject","inLanguage":"fr-FR","@id":"https:\/\/secure.gravatar.com\/avatar\/3a0be343b445d2ccc79e87444a294fad2b232e90d2051d0e3cc219e1ecd6a330?s=96&d=mm&r=g","url":"https:\/\/secure.gravatar.com\/avatar\/3a0be343b445d2ccc79e87444a294fad2b232e90d2051d0e3cc219e1ecd6a330?s=96&d=mm&r=g","contentUrl":"https:\/\/secure.gravatar.com\/avatar\/3a0be343b445d2ccc79e87444a294fad2b232e90d2051d0e3cc219e1ecd6a330?s=96&d=mm&r=g","caption":"mru_01"},"url":"https:\/\/ismfrance.org\/index.php\/author\/admin02\/"}]}},"_links":{"self":[{"href":"https:\/\/ismfrance.org\/index.php\/wp-json\/wp\/v2\/posts\/8723","targetHints":{"allow":["GET"]}}],"collection":[{"href":"https:\/\/ismfrance.org\/index.php\/wp-json\/wp\/v2\/posts"}],"about":[{"href":"https:\/\/ismfrance.org\/index.php\/wp-json\/wp\/v2\/types\/post"}],"author":[{"embeddable":true,"href":"https:\/\/ismfrance.org\/index.php\/wp-json\/wp\/v2\/users\/3"}],"replies":[{"embeddable":true,"href":"https:\/\/ismfrance.org\/index.php\/wp-json\/wp\/v2\/comments?post=8723"}],"version-history":[{"count":0,"href":"https:\/\/ismfrance.org\/index.php\/wp-json\/wp\/v2\/posts\/8723\/revisions"}],"wp:featuredmedia":[{"embeddable":true,"href":"https:\/\/ismfrance.org\/index.php\/wp-json\/wp\/v2\/media\/8725"}],"wp:attachment":[{"href":"https:\/\/ismfrance.org\/index.php\/wp-json\/wp\/v2\/media?parent=8723"}],"wp:term":[{"taxonomy":"category","embeddable":true,"href":"https:\/\/ismfrance.org\/index.php\/wp-json\/wp\/v2\/categories?post=8723"},{"taxonomy":"post_tag","embeddable":true,"href":"https:\/\/ismfrance.org\/index.php\/wp-json\/wp\/v2\/tags?post=8723"}],"curies":[{"name":"wp","href":"https:\/\/api.w.org\/{rel}","templated":true}]}}