{"id":8637,"date":"2024-01-04T11:55:27","date_gmt":"2024-01-04T10:55:27","guid":{"rendered":"https:\/\/ismfrance.org\/?p=8637"},"modified":"2024-01-05T09:28:46","modified_gmt":"2024-01-05T08:28:46","slug":"rencontre-publique-avec-le-professeur-christophe-oberlin-sur-gaza-le-16-janvier-a-pantin","status":"publish","type":"post","link":"https:\/\/ismfrance.org\/index.php\/2024\/01\/04\/rencontre-publique-avec-le-professeur-christophe-oberlin-sur-gaza-le-16-janvier-a-pantin\/","title":{"rendered":"Rencontre publique avec le professeur Christophe Oberlin sur Gaza le 16 janvier \u00e0 PANTIN"},"content":{"rendered":"<p><span style=\"color: #222222;\"><span style=\"font-family: Arial, Helvetica, sans-serif;\"><span style=\"font-size: medium;\"><strong>Association de Palestiniens en Ile de France, 4 janvier 2024.<\/strong> Notre association organise mardi 16 janvier \u00e0 19h, une rencontre publique avec le Professeur Christophe Oberlin sur la situation \u00e0 Gaza et la complicit\u00e9 de la France dans les crimes de guerre commis contre le peuple palestinien.<\/span><\/span><\/span><\/p>\n<div id=\"attachment_8639\" style=\"width: 610px\" class=\"wp-caption alignnone\"><a href=\"https:\/\/ismfrance.org\/wp-content\/uploads\/2024\/01\/oberlin-a-pantin.jpg\"><img loading=\"lazy\" decoding=\"async\" aria-describedby=\"caption-attachment-8639\" class=\"size-large wp-image-8639\" src=\"https:\/\/ismfrance.org\/wp-content\/uploads\/2024\/01\/oberlin-a-pantin-700x437.jpg\" alt=\"\" width=\"600\" height=\"375\" srcset=\"https:\/\/ismfrance.org\/wp-content\/uploads\/2024\/01\/oberlin-a-pantin-700x437.jpg 700w, https:\/\/ismfrance.org\/wp-content\/uploads\/2024\/01\/oberlin-a-pantin-300x187.jpg 300w, https:\/\/ismfrance.org\/wp-content\/uploads\/2024\/01\/oberlin-a-pantin-768x480.jpg 768w, https:\/\/ismfrance.org\/wp-content\/uploads\/2024\/01\/oberlin-a-pantin-750x470.jpg 750w, https:\/\/ismfrance.org\/wp-content\/uploads\/2024\/01\/oberlin-a-pantin-640x401.jpg 640w, https:\/\/ismfrance.org\/wp-content\/uploads\/2024\/01\/oberlin-a-pantin.jpg 932w\" sizes=\"auto, (max-width: 600px) 100vw, 600px\" \/><\/a><p id=\"caption-attachment-8639\" class=\"wp-caption-text\">Gaza, H\u00f4pital Shifa. Le professeur Christophe Oberlin, chirurgien orthop\u00e9diste \u00e0 la clinique Mont Louis (Paris, XIe), en consultation \u00e0 l&rsquo;ho\u00eetal Shifa, \u00e0 Gaza.<\/p><\/div>\n<p><strong><span style=\"color: #222222;\"><span style=\"font-family: Arial, Helvetica, sans-serif;\"><span style=\"font-size: medium;\">Nous esp\u00e9rons vous voir nombreuses et nombreux au local des Relais Solidaires, 61 rue Victor-Hugo \u00e0 Pantin (93500) \u2013 M\u00e9tro Ligne 5 \u2013 Eglise de Pantin.<\/span><\/span><\/span><\/strong><\/p>\n<p><a href=\"https:\/\/ismfrance.org\/wp-content\/uploads\/2024\/01\/oberlin.jpg\"><img loading=\"lazy\" decoding=\"async\" class=\"size-large wp-image-8638 aligncenter\" src=\"https:\/\/ismfrance.org\/wp-content\/uploads\/2024\/01\/oberlin-394x700.jpg\" alt=\"\" width=\"394\" height=\"700\" srcset=\"https:\/\/ismfrance.org\/wp-content\/uploads\/2024\/01\/oberlin-394x700.jpg 394w, https:\/\/ismfrance.org\/wp-content\/uploads\/2024\/01\/oberlin-169x300.jpg 169w, https:\/\/ismfrance.org\/wp-content\/uploads\/2024\/01\/oberlin.jpg 576w\" sizes=\"auto, (max-width: 394px) 100vw, 394px\" \/><\/a><\/p>\n","protected":false},"excerpt":{"rendered":"<p>Association de Palestiniens en Ile de France, 4 janvier 2024. Notre association organise mardi 16 janvier \u00e0 19h, une rencontre publique avec le Professeur Christophe Oberlin sur la situation \u00e0 <a class=\"more-link\" href=\"https:\/\/ismfrance.org\/index.php\/2024\/01\/04\/rencontre-publique-avec-le-professeur-christophe-oberlin-sur-gaza-le-16-janvier-a-pantin\/\">Lire la suite &rarr;<\/a><\/p>\n","protected":false},"author":3,"featured_media":8639,"comment_status":"closed","ping_status":"closed","sticky":false,"template":"","format":"standard","meta":{"footnotes":""},"categories":[2,14],"tags":[44],"class_list":["post-8637","post","type-post","status-publish","format-standard","has-post-thumbnail","hentry","category-articles","category-communiques","tag-materiel-militant"],"yoast_head":"<!-- This site is optimized with the Yoast SEO plugin v27.2 - https:\/\/yoast.com\/product\/yoast-seo-wordpress\/ -->\n<title>Rencontre publique avec le professeur Christophe Oberlin sur Gaza le 16 janvier \u00e0 PANTIN - International Solidarity Movement - ISM-France<\/title>\n<meta name=\"robots\" content=\"index, follow, max-snippet:-1, max-image-preview:large, max-video-preview:-1\" \/>\n<link rel=\"canonical\" href=\"https:\/\/ismfrance.org\/index.php\/2024\/01\/04\/rencontre-publique-avec-le-professeur-christophe-oberlin-sur-gaza-le-16-janvier-a-pantin\/\" \/>\n<meta property=\"og:locale\" content=\"fr_FR\" \/>\n<meta property=\"og:type\" content=\"article\" \/>\n<meta property=\"og:title\" content=\"Rencontre publique avec le professeur Christophe Oberlin sur Gaza le 16 janvier \u00e0 PANTIN - International Solidarity Movement - ISM-France\" \/>\n<meta property=\"og:description\" content=\"Association de Palestiniens en Ile de France, 4 janvier 2024. Notre association organise mardi 16 janvier \u00e0 19h, une rencontre publique avec le Professeur Christophe Oberlin sur la situation \u00e0 Lire la suite &rarr;\" \/>\n<meta property=\"og:url\" content=\"https:\/\/ismfrance.org\/index.php\/2024\/01\/04\/rencontre-publique-avec-le-professeur-christophe-oberlin-sur-gaza-le-16-janvier-a-pantin\/\" \/>\n<meta property=\"og:site_name\" content=\"International Solidarity Movement - ISM-France\" \/>\n<meta property=\"article:published_time\" content=\"2024-01-04T10:55:27+00:00\" \/>\n<meta property=\"article:modified_time\" content=\"2024-01-05T08:28:46+00:00\" \/>\n<meta property=\"og:image\" content=\"https:\/\/ismfrance.org\/wp-content\/uploads\/2024\/01\/oberlin-a-pantin.jpg\" \/>\n\t<meta property=\"og:image:width\" content=\"932\" \/>\n\t<meta property=\"og:image:height\" content=\"582\" \/>\n\t<meta property=\"og:image:type\" content=\"image\/jpeg\" \/>\n<meta name=\"author\" content=\"mru_01\" \/>\n<meta name=\"twitter:card\" content=\"summary_large_image\" \/>\n<meta name=\"twitter:creator\" content=\"@ISMFRANCE\" \/>\n<meta name=\"twitter:site\" content=\"@ISMFRANCE\" \/>\n<meta name=\"twitter:label1\" content=\"\u00c9crit par\" \/>\n\t<meta name=\"twitter:data1\" content=\"mru_01\" \/>\n\t<meta name=\"twitter:label2\" content=\"Dur\u00e9e de lecture estim\u00e9e\" \/>\n\t<meta name=\"twitter:data2\" content=\"2 minutes\" \/>\n<script type=\"application\/ld+json\" class=\"yoast-schema-graph\">{\"@context\":\"https:\/\/schema.org\",\"@graph\":[{\"@type\":\"Article\",\"@id\":\"https:\/\/ismfrance.org\/index.php\/2024\/01\/04\/rencontre-publique-avec-le-professeur-christophe-oberlin-sur-gaza-le-16-janvier-a-pantin\/#article\",\"isPartOf\":{\"@id\":\"https:\/\/ismfrance.org\/index.php\/2024\/01\/04\/rencontre-publique-avec-le-professeur-christophe-oberlin-sur-gaza-le-16-janvier-a-pantin\/\"},\"author\":{\"name\":\"mru_01\",\"@id\":\"https:\/\/ismfrance.org\/#\/schema\/person\/3c411eb72adfaae19c0dca1f41fae01d\"},\"headline\":\"Rencontre publique avec le professeur Christophe Oberlin sur Gaza le 16 janvier \u00e0 PANTIN\",\"datePublished\":\"2024-01-04T10:55:27+00:00\",\"dateModified\":\"2024-01-05T08:28:46+00:00\",\"mainEntityOfPage\":{\"@id\":\"https:\/\/ismfrance.org\/index.php\/2024\/01\/04\/rencontre-publique-avec-le-professeur-christophe-oberlin-sur-gaza-le-16-janvier-a-pantin\/\"},\"wordCount\":107,\"publisher\":{\"@id\":\"https:\/\/ismfrance.org\/#organization\"},\"image\":{\"@id\":\"https:\/\/ismfrance.org\/index.php\/2024\/01\/04\/rencontre-publique-avec-le-professeur-christophe-oberlin-sur-gaza-le-16-janvier-a-pantin\/#primaryimage\"},\"thumbnailUrl\":\"https:\/\/ismfrance.org\/wp-content\/uploads\/2024\/01\/oberlin-a-pantin.jpg\",\"keywords\":[\"mat\u00e9riel militant\"],\"articleSection\":[\"Articles\",\"Communiqu\u00e9s\"],\"inLanguage\":\"fr-FR\"},{\"@type\":\"WebPage\",\"@id\":\"https:\/\/ismfrance.org\/index.php\/2024\/01\/04\/rencontre-publique-avec-le-professeur-christophe-oberlin-sur-gaza-le-16-janvier-a-pantin\/\",\"url\":\"https:\/\/ismfrance.org\/index.php\/2024\/01\/04\/rencontre-publique-avec-le-professeur-christophe-oberlin-sur-gaza-le-16-janvier-a-pantin\/\",\"name\":\"Rencontre publique avec le professeur Christophe Oberlin sur Gaza le 16 janvier \u00e0 PANTIN - International Solidarity Movement - ISM-France\",\"isPartOf\":{\"@id\":\"https:\/\/ismfrance.org\/#website\"},\"primaryImageOfPage\":{\"@id\":\"https:\/\/ismfrance.org\/index.php\/2024\/01\/04\/rencontre-publique-avec-le-professeur-christophe-oberlin-sur-gaza-le-16-janvier-a-pantin\/#primaryimage\"},\"image\":{\"@id\":\"https:\/\/ismfrance.org\/index.php\/2024\/01\/04\/rencontre-publique-avec-le-professeur-christophe-oberlin-sur-gaza-le-16-janvier-a-pantin\/#primaryimage\"},\"thumbnailUrl\":\"https:\/\/ismfrance.org\/wp-content\/uploads\/2024\/01\/oberlin-a-pantin.jpg\",\"datePublished\":\"2024-01-04T10:55:27+00:00\",\"dateModified\":\"2024-01-05T08:28:46+00:00\",\"breadcrumb\":{\"@id\":\"https:\/\/ismfrance.org\/index.php\/2024\/01\/04\/rencontre-publique-avec-le-professeur-christophe-oberlin-sur-gaza-le-16-janvier-a-pantin\/#breadcrumb\"},\"inLanguage\":\"fr-FR\",\"potentialAction\":[{\"@type\":\"ReadAction\",\"target\":[\"https:\/\/ismfrance.org\/index.php\/2024\/01\/04\/rencontre-publique-avec-le-professeur-christophe-oberlin-sur-gaza-le-16-janvier-a-pantin\/\"]}]},{\"@type\":\"ImageObject\",\"inLanguage\":\"fr-FR\",\"@id\":\"https:\/\/ismfrance.org\/index.php\/2024\/01\/04\/rencontre-publique-avec-le-professeur-christophe-oberlin-sur-gaza-le-16-janvier-a-pantin\/#primaryimage\",\"url\":\"https:\/\/ismfrance.org\/wp-content\/uploads\/2024\/01\/oberlin-a-pantin.jpg\",\"contentUrl\":\"https:\/\/ismfrance.org\/wp-content\/uploads\/2024\/01\/oberlin-a-pantin.jpg\",\"width\":932,\"height\":582,\"caption\":\"Gaza, H\u00f4pital Shifa. Le professeur Christophe Oberlin, chirurgien orthop\u00e9diste \u00e0 la clinique Mont Louis (Paris, XIe), en consultation.\"},{\"@type\":\"BreadcrumbList\",\"@id\":\"https:\/\/ismfrance.org\/index.php\/2024\/01\/04\/rencontre-publique-avec-le-professeur-christophe-oberlin-sur-gaza-le-16-janvier-a-pantin\/#breadcrumb\",\"itemListElement\":[{\"@type\":\"ListItem\",\"position\":1,\"name\":\"Accueil\",\"item\":\"https:\/\/ismfrance.org\/\"},{\"@type\":\"ListItem\",\"position\":2,\"name\":\"Rencontre publique avec le professeur Christophe Oberlin sur Gaza le 16 janvier \u00e0 PANTIN\"}]},{\"@type\":\"WebSite\",\"@id\":\"https:\/\/ismfrance.org\/#website\",\"url\":\"https:\/\/ismfrance.org\/\",\"name\":\"ISM Palestine France\",\"description\":\"Soutien aux luttes de lib\u00e9ration du peuple palestinien\",\"publisher\":{\"@id\":\"https:\/\/ismfrance.org\/#organization\"},\"potentialAction\":[{\"@type\":\"SearchAction\",\"target\":{\"@type\":\"EntryPoint\",\"urlTemplate\":\"https:\/\/ismfrance.org\/?s={search_term_string}\"},\"query-input\":{\"@type\":\"PropertyValueSpecification\",\"valueRequired\":true,\"valueName\":\"search_term_string\"}}],\"inLanguage\":\"fr-FR\"},{\"@type\":\"Organization\",\"@id\":\"https:\/\/ismfrance.org\/#organization\",\"name\":\"International Solidarity Movement\",\"url\":\"https:\/\/ismfrance.org\/\",\"logo\":{\"@type\":\"ImageObject\",\"inLanguage\":\"fr-FR\",\"@id\":\"https:\/\/ismfrance.org\/#\/schema\/logo\/image\/\",\"url\":\"https:\/\/ismfrance.org\/wp-content\/uploads\/2020\/12\/00.png\",\"contentUrl\":\"https:\/\/ismfrance.org\/wp-content\/uploads\/2020\/12\/00.png\",\"width\":400,\"height\":400,\"caption\":\"International Solidarity Movement\"},\"image\":{\"@id\":\"https:\/\/ismfrance.org\/#\/schema\/logo\/image\/\"},\"sameAs\":[\"https:\/\/x.com\/ISMFRANCE\"]},{\"@type\":\"Person\",\"@id\":\"https:\/\/ismfrance.org\/#\/schema\/person\/3c411eb72adfaae19c0dca1f41fae01d\",\"name\":\"mru_01\",\"image\":{\"@type\":\"ImageObject\",\"inLanguage\":\"fr-FR\",\"@id\":\"https:\/\/secure.gravatar.com\/avatar\/3a0be343b445d2ccc79e87444a294fad2b232e90d2051d0e3cc219e1ecd6a330?s=96&d=mm&r=g\",\"url\":\"https:\/\/secure.gravatar.com\/avatar\/3a0be343b445d2ccc79e87444a294fad2b232e90d2051d0e3cc219e1ecd6a330?s=96&d=mm&r=g\",\"contentUrl\":\"https:\/\/secure.gravatar.com\/avatar\/3a0be343b445d2ccc79e87444a294fad2b232e90d2051d0e3cc219e1ecd6a330?s=96&d=mm&r=g\",\"caption\":\"mru_01\"},\"url\":\"https:\/\/ismfrance.org\/index.php\/author\/admin02\/\"}]}<\/script>\n<!-- \/ Yoast SEO plugin. -->","yoast_head_json":{"title":"Rencontre publique avec le professeur Christophe Oberlin sur Gaza le 16 janvier \u00e0 PANTIN - International Solidarity Movement - ISM-France","robots":{"index":"index","follow":"follow","max-snippet":"max-snippet:-1","max-image-preview":"max-image-preview:large","max-video-preview":"max-video-preview:-1"},"canonical":"https:\/\/ismfrance.org\/index.php\/2024\/01\/04\/rencontre-publique-avec-le-professeur-christophe-oberlin-sur-gaza-le-16-janvier-a-pantin\/","og_locale":"fr_FR","og_type":"article","og_title":"Rencontre publique avec le professeur Christophe Oberlin sur Gaza le 16 janvier \u00e0 PANTIN - International Solidarity Movement - ISM-France","og_description":"Association de Palestiniens en Ile de France, 4 janvier 2024. Notre association organise mardi 16 janvier \u00e0 19h, une rencontre publique avec le Professeur Christophe Oberlin sur la situation \u00e0 Lire la suite &rarr;","og_url":"https:\/\/ismfrance.org\/index.php\/2024\/01\/04\/rencontre-publique-avec-le-professeur-christophe-oberlin-sur-gaza-le-16-janvier-a-pantin\/","og_site_name":"International Solidarity Movement - ISM-France","article_published_time":"2024-01-04T10:55:27+00:00","article_modified_time":"2024-01-05T08:28:46+00:00","og_image":[{"width":932,"height":582,"url":"https:\/\/ismfrance.org\/wp-content\/uploads\/2024\/01\/oberlin-a-pantin.jpg","type":"image\/jpeg"}],"author":"mru_01","twitter_card":"summary_large_image","twitter_creator":"@ISMFRANCE","twitter_site":"@ISMFRANCE","twitter_misc":{"\u00c9crit par":"mru_01","Dur\u00e9e de lecture estim\u00e9e":"2 minutes"},"schema":{"@context":"https:\/\/schema.org","@graph":[{"@type":"Article","@id":"https:\/\/ismfrance.org\/index.php\/2024\/01\/04\/rencontre-publique-avec-le-professeur-christophe-oberlin-sur-gaza-le-16-janvier-a-pantin\/#article","isPartOf":{"@id":"https:\/\/ismfrance.org\/index.php\/2024\/01\/04\/rencontre-publique-avec-le-professeur-christophe-oberlin-sur-gaza-le-16-janvier-a-pantin\/"},"author":{"name":"mru_01","@id":"https:\/\/ismfrance.org\/#\/schema\/person\/3c411eb72adfaae19c0dca1f41fae01d"},"headline":"Rencontre publique avec le professeur Christophe Oberlin sur Gaza le 16 janvier \u00e0 PANTIN","datePublished":"2024-01-04T10:55:27+00:00","dateModified":"2024-01-05T08:28:46+00:00","mainEntityOfPage":{"@id":"https:\/\/ismfrance.org\/index.php\/2024\/01\/04\/rencontre-publique-avec-le-professeur-christophe-oberlin-sur-gaza-le-16-janvier-a-pantin\/"},"wordCount":107,"publisher":{"@id":"https:\/\/ismfrance.org\/#organization"},"image":{"@id":"https:\/\/ismfrance.org\/index.php\/2024\/01\/04\/rencontre-publique-avec-le-professeur-christophe-oberlin-sur-gaza-le-16-janvier-a-pantin\/#primaryimage"},"thumbnailUrl":"https:\/\/ismfrance.org\/wp-content\/uploads\/2024\/01\/oberlin-a-pantin.jpg","keywords":["mat\u00e9riel militant"],"articleSection":["Articles","Communiqu\u00e9s"],"inLanguage":"fr-FR"},{"@type":"WebPage","@id":"https:\/\/ismfrance.org\/index.php\/2024\/01\/04\/rencontre-publique-avec-le-professeur-christophe-oberlin-sur-gaza-le-16-janvier-a-pantin\/","url":"https:\/\/ismfrance.org\/index.php\/2024\/01\/04\/rencontre-publique-avec-le-professeur-christophe-oberlin-sur-gaza-le-16-janvier-a-pantin\/","name":"Rencontre publique avec le professeur Christophe Oberlin sur Gaza le 16 janvier \u00e0 PANTIN - International Solidarity Movement - ISM-France","isPartOf":{"@id":"https:\/\/ismfrance.org\/#website"},"primaryImageOfPage":{"@id":"https:\/\/ismfrance.org\/index.php\/2024\/01\/04\/rencontre-publique-avec-le-professeur-christophe-oberlin-sur-gaza-le-16-janvier-a-pantin\/#primaryimage"},"image":{"@id":"https:\/\/ismfrance.org\/index.php\/2024\/01\/04\/rencontre-publique-avec-le-professeur-christophe-oberlin-sur-gaza-le-16-janvier-a-pantin\/#primaryimage"},"thumbnailUrl":"https:\/\/ismfrance.org\/wp-content\/uploads\/2024\/01\/oberlin-a-pantin.jpg","datePublished":"2024-01-04T10:55:27+00:00","dateModified":"2024-01-05T08:28:46+00:00","breadcrumb":{"@id":"https:\/\/ismfrance.org\/index.php\/2024\/01\/04\/rencontre-publique-avec-le-professeur-christophe-oberlin-sur-gaza-le-16-janvier-a-pantin\/#breadcrumb"},"inLanguage":"fr-FR","potentialAction":[{"@type":"ReadAction","target":["https:\/\/ismfrance.org\/index.php\/2024\/01\/04\/rencontre-publique-avec-le-professeur-christophe-oberlin-sur-gaza-le-16-janvier-a-pantin\/"]}]},{"@type":"ImageObject","inLanguage":"fr-FR","@id":"https:\/\/ismfrance.org\/index.php\/2024\/01\/04\/rencontre-publique-avec-le-professeur-christophe-oberlin-sur-gaza-le-16-janvier-a-pantin\/#primaryimage","url":"https:\/\/ismfrance.org\/wp-content\/uploads\/2024\/01\/oberlin-a-pantin.jpg","contentUrl":"https:\/\/ismfrance.org\/wp-content\/uploads\/2024\/01\/oberlin-a-pantin.jpg","width":932,"height":582,"caption":"Gaza, H\u00f4pital Shifa. Le professeur Christophe Oberlin, chirurgien orthop\u00e9diste \u00e0 la clinique Mont Louis (Paris, XIe), en consultation."},{"@type":"BreadcrumbList","@id":"https:\/\/ismfrance.org\/index.php\/2024\/01\/04\/rencontre-publique-avec-le-professeur-christophe-oberlin-sur-gaza-le-16-janvier-a-pantin\/#breadcrumb","itemListElement":[{"@type":"ListItem","position":1,"name":"Accueil","item":"https:\/\/ismfrance.org\/"},{"@type":"ListItem","position":2,"name":"Rencontre publique avec le professeur Christophe Oberlin sur Gaza le 16 janvier \u00e0 PANTIN"}]},{"@type":"WebSite","@id":"https:\/\/ismfrance.org\/#website","url":"https:\/\/ismfrance.org\/","name":"ISM Palestine France","description":"Soutien aux luttes de lib\u00e9ration du peuple palestinien","publisher":{"@id":"https:\/\/ismfrance.org\/#organization"},"potentialAction":[{"@type":"SearchAction","target":{"@type":"EntryPoint","urlTemplate":"https:\/\/ismfrance.org\/?s={search_term_string}"},"query-input":{"@type":"PropertyValueSpecification","valueRequired":true,"valueName":"search_term_string"}}],"inLanguage":"fr-FR"},{"@type":"Organization","@id":"https:\/\/ismfrance.org\/#organization","name":"International Solidarity Movement","url":"https:\/\/ismfrance.org\/","logo":{"@type":"ImageObject","inLanguage":"fr-FR","@id":"https:\/\/ismfrance.org\/#\/schema\/logo\/image\/","url":"https:\/\/ismfrance.org\/wp-content\/uploads\/2020\/12\/00.png","contentUrl":"https:\/\/ismfrance.org\/wp-content\/uploads\/2020\/12\/00.png","width":400,"height":400,"caption":"International Solidarity Movement"},"image":{"@id":"https:\/\/ismfrance.org\/#\/schema\/logo\/image\/"},"sameAs":["https:\/\/x.com\/ISMFRANCE"]},{"@type":"Person","@id":"https:\/\/ismfrance.org\/#\/schema\/person\/3c411eb72adfaae19c0dca1f41fae01d","name":"mru_01","image":{"@type":"ImageObject","inLanguage":"fr-FR","@id":"https:\/\/secure.gravatar.com\/avatar\/3a0be343b445d2ccc79e87444a294fad2b232e90d2051d0e3cc219e1ecd6a330?s=96&d=mm&r=g","url":"https:\/\/secure.gravatar.com\/avatar\/3a0be343b445d2ccc79e87444a294fad2b232e90d2051d0e3cc219e1ecd6a330?s=96&d=mm&r=g","contentUrl":"https:\/\/secure.gravatar.com\/avatar\/3a0be343b445d2ccc79e87444a294fad2b232e90d2051d0e3cc219e1ecd6a330?s=96&d=mm&r=g","caption":"mru_01"},"url":"https:\/\/ismfrance.org\/index.php\/author\/admin02\/"}]}},"_links":{"self":[{"href":"https:\/\/ismfrance.org\/index.php\/wp-json\/wp\/v2\/posts\/8637","targetHints":{"allow":["GET"]}}],"collection":[{"href":"https:\/\/ismfrance.org\/index.php\/wp-json\/wp\/v2\/posts"}],"about":[{"href":"https:\/\/ismfrance.org\/index.php\/wp-json\/wp\/v2\/types\/post"}],"author":[{"embeddable":true,"href":"https:\/\/ismfrance.org\/index.php\/wp-json\/wp\/v2\/users\/3"}],"replies":[{"embeddable":true,"href":"https:\/\/ismfrance.org\/index.php\/wp-json\/wp\/v2\/comments?post=8637"}],"version-history":[{"count":0,"href":"https:\/\/ismfrance.org\/index.php\/wp-json\/wp\/v2\/posts\/8637\/revisions"}],"wp:featuredmedia":[{"embeddable":true,"href":"https:\/\/ismfrance.org\/index.php\/wp-json\/wp\/v2\/media\/8639"}],"wp:attachment":[{"href":"https:\/\/ismfrance.org\/index.php\/wp-json\/wp\/v2\/media?parent=8637"}],"wp:term":[{"taxonomy":"category","embeddable":true,"href":"https:\/\/ismfrance.org\/index.php\/wp-json\/wp\/v2\/categories?post=8637"},{"taxonomy":"post_tag","embeddable":true,"href":"https:\/\/ismfrance.org\/index.php\/wp-json\/wp\/v2\/tags?post=8637"}],"curies":[{"name":"wp","href":"https:\/\/api.w.org\/{rel}","templated":true}]}}