{"id":8595,"date":"2024-01-02T21:47:11","date_gmt":"2024-01-02T20:47:11","guid":{"rendered":"https:\/\/ismfrance.org\/?p=8595"},"modified":"2024-01-02T21:49:07","modified_gmt":"2024-01-02T20:49:07","slug":"qui-est-saleh-al-arouri-le-chef-du-mouvement-de-resistance-hamas-assassine-par-israel","status":"publish","type":"post","link":"https:\/\/ismfrance.org\/index.php\/2024\/01\/02\/qui-est-saleh-al-arouri-le-chef-du-mouvement-de-resistance-hamas-assassine-par-israel\/","title":{"rendered":"Qui est Saleh al-Arouri, le chef du mouvement de R\u00e9sistance Hamas assassin\u00e9 par \u00ab Isra\u00ebl \u00bb ?"},"content":{"rendered":"<p><span style=\"color: #000000;\"><span style=\"font-family: Arial, sans-serif;\"><strong>Al Mayadeen, 2 janvier 2024<\/strong>. Dans la soir\u00e9e du 2 janvier 2024, le r\u00e9gime isra\u00e9lien a assassin\u00e9 le chef adjoint du bureau politique du Hamas, Cheikh Saleh al-Arouri, dans la banlieue sud de Beyrouth, au Liban.<\/span><\/span><\/p>\n<p><a href=\"https:\/\/ismfrance.org\/wp-content\/uploads\/2024\/01\/al-arouri.webp\"><img loading=\"lazy\" decoding=\"async\" class=\"size-large wp-image-8597 aligncenter\" src=\"https:\/\/ismfrance.org\/wp-content\/uploads\/2024\/01\/al-arouri-700x591.webp\" alt=\"\" width=\"600\" height=\"507\" srcset=\"https:\/\/ismfrance.org\/wp-content\/uploads\/2024\/01\/al-arouri-700x591.webp 700w, https:\/\/ismfrance.org\/wp-content\/uploads\/2024\/01\/al-arouri-300x253.webp 300w, https:\/\/ismfrance.org\/wp-content\/uploads\/2024\/01\/al-arouri-768x648.webp 768w, https:\/\/ismfrance.org\/wp-content\/uploads\/2024\/01\/al-arouri.webp 1000w\" sizes=\"auto, (max-width: 600px) 100vw, 600px\" \/><\/a><\/p>\n<p><span style=\"color: #000000;\"><span style=\"font-family: Arial, sans-serif;\">La nouvelle effrayante du martyre du grand dirigeant est intervenue apr\u00e8s une s\u00e9rie de menaces isra\u00e9liennes, qui ont atteint leur apog\u00e9e en ao\u00fbt 2023. Les responsables isra\u00e9liens \u00e9taient m\u00e9contents du r\u00f4le direct jou\u00e9 par al-Arouri pendant des ann\u00e9es dans le renforcement des capacit\u00e9s de la R\u00e9sistance palestinienne en Cisjordanie, qui a soulign\u00e9 la fragilit\u00e9 de la s\u00e9curit\u00e9 isra\u00e9lienne.<\/span><\/span><\/p>\n<p><strong><span style=\"color: #000000;\"><span style=\"font-family: Arial, sans-serif;\"><span style=\"font-size: large;\">Renforcer la r\u00e9sistance en Cisjordanie<\/span><\/span><\/span><\/strong><\/p>\n<p><span style=\"color: #000000;\"><span style=\"font-family: Arial, sans-serif;\">Le Mouvement de r\u00e9sistance islamique palestinien, le Hamas, pleure l&rsquo;un de ses dirigeants les plus pieux, qui a endur\u00e9 plus de 15 ans d&#8217;emprisonnement et a finalement \u00e9t\u00e9 forc\u00e9 de quitter la Palestine et de se diriger vers la Syrie en 2010. Al-Arouri est rest\u00e9 dans le pays arabe voisin, avant de d\u00e9m\u00e9nager en Turquie, au Qatar et en Malaisie, pour finalement s&rsquo;installer dans la banlieue sud de Beyrouth au Liban, o\u00f9 il a repris son travail r\u00e9volutionnaire.<\/span><\/span><\/p>\n<p>https:\/\/twitter.com\/i\/status\/1742279623189160236<\/p>\n<p><span style=\"color: #000000;\"><span style=\"font-family: Arial, sans-serif;\">Une d\u00e9claration publi\u00e9e par le Hamas suite \u00e0 l&rsquo;annonce de l&rsquo;assassinat d&rsquo;al-Arouri a soulign\u00e9 son r\u00f4le politique et militaire de premier plan tant en Cisjordanie qu&rsquo;\u00e0 Gaza. En fait, al-Arouri, n\u00e9 le 19 ao\u00fbt 1966, a jou\u00e9 un r\u00f4le essentiel dans la cr\u00e9ation de la branche militaire du Hamas, les Brigades al-Qassam, en Cisjordanie.<\/span><\/span><\/p>\n<p><span style=\"color: #000000;\"><span style=\"font-family: Arial, sans-serif;\">Le nom de naissance original du leader est Saleh Mohammad Suleiman Khaseeb. N\u00e9anmoins, \u00e0 l&rsquo;instar de ses compatriotes de la r\u00e9gion, sa distinction unique en tant qu&rsquo;\u00ab al-Arouri \u00bb d\u00e9coule de ses racines dans la petite ville d&rsquo;Arura, dans le district de Ramallah. Cette connexion est pr\u00e9cis\u00e9ment la raison pour laquelle il est aujourd&rsquo;hui reconnu comme al-Arouri, ce qui est interpr\u00e9t\u00e9 comme un individu issu de la ville d&rsquo;Arura, en arabe.<\/span><\/span><\/p>\n<p><span style=\"color: #000000;\"><span style=\"font-family: Arial, sans-serif;\">Les racines du martyr dans sa ville ont fa\u00e7onn\u00e9 sa carri\u00e8re politique, au cours de laquelle il a travaill\u00e9 avec diligence et acharnement pour arracher les droits de son peuple des mains des occupants. Al-Arouri a d\u00e9lib\u00e9r\u00e9ment adopt\u00e9 l\u2019h\u00e9ritage des martyrs du pass\u00e9, s\u2019alignant sur l\u2019image de r\u00e9volutionnaires inflexibles face au r\u00e9gime criminel isra\u00e9lien.<\/span><\/span><\/p>\n<p><strong><span style=\"color: #000000;\"><span style=\"font-family: Arial, sans-serif;\"><span style=\"font-size: large;\">Les plus grandes distinctions d&rsquo;Al-Arouri<\/span><\/span><\/span><\/strong><\/p>\n<p><span style=\"color: #000000;\"><span style=\"font-family: Arial, sans-serif;\">Le dirigeant a non seulement contribu\u00e9 \u00e0 l&rsquo;organisation de\u00a0cellules de r\u00e9sistance en Cisjordanie\u00a0et sur d&rsquo;autres fronts, mais il a \u00e9galement dirig\u00e9 les n\u00e9gociations sur les accords d&rsquo;\u00e9change de prisonniers que la R\u00e9sistance a impos\u00e9s \u00e0 l&rsquo;occupation.<\/span><\/span><\/p>\n<p><span style=\"color: #000000;\"><span style=\"font-family: Arial, sans-serif;\">Apr\u00e8s avoir obtenu une licence \u00e0 l&rsquo;universit\u00e9 al-Khalil en Cisjordanie en 1987 et \u00e9tudi\u00e9 le droit islamique (<i>charia<\/i>), al-Arouri a gravi les \u00e9chelons du mouvement et a finalement \u00e9t\u00e9 \u00e9lu membre de son bureau politique en 2010.<\/span><\/span><\/p>\n<p><span style=\"color: #000000;\"><span style=\"font-family: Arial, sans-serif;\">Le chef de la R\u00e9sistance a connu des p\u00e9riodes intermittentes de captivit\u00e9, puisque les forces d&rsquo;occupation l&rsquo;ont incarc\u00e9r\u00e9 en d\u00e9tention administrative pour la premi\u00e8re fois au d\u00e9but des ann\u00e9es 1990 en raison de son activit\u00e9 au sein du mouvement Hamas. Il a ensuite \u00e9t\u00e9 lib\u00e9r\u00e9, puis de nouveau d\u00e9tenu et condamn\u00e9 \u00e0 15 ans de prison pour avoir cr\u00e9\u00e9 des cellules de R\u00e9sistance en Cisjordanie.<\/span><\/span><\/p>\n<p><span style=\"color: #000000;\"><span style=\"font-family: Arial, sans-serif;\">Apr\u00e8s avoir purg\u00e9 sa peine, il a \u00e9t\u00e9 de nouveau d\u00e9tenu et lib\u00e9r\u00e9 en 2010, pour finalement \u00eatre contraint de quitter le pays la m\u00eame ann\u00e9e.<\/span><\/span><\/p>\n<p><span style=\"color: #000000;\"><span style=\"font-family: Arial, sans-serif;\">Il a ensuite dirig\u00e9 l\u2019\u00e9quipe de n\u00e9gociation du Hamas charg\u00e9e de conclure l\u2019accord d\u2019\u00e9change de prisonniers en 2011 avec l\u2019occupation isra\u00e9lienne, sous la m\u00e9diation de l\u2019\u00c9gypte. Le Hamas a surnomm\u00e9 l&rsquo;op\u00e9ration \u00ab Fid\u00e8les \u00e0 la libert\u00e9 \u00bb (<em>Wafaa Al-Ahrar<\/em>). Aux termes de cet accord, Gilad Shalit, un soldat isra\u00e9lien retenu captif par le Hamas, a \u00e9t\u00e9 lib\u00e9r\u00e9 en \u00e9change de la lib\u00e9ration de 1.027 prisonniers palestiniens des prisons isra\u00e9liennes, dont l&rsquo;actuel chef du Hamas,\u00a0Yahya al-Sinwar, parmi d&rsquo;autres personnalit\u00e9s palestiniennes de premier plan.<\/span><\/span><\/p>\n<p><span style=\"color: #000000;\"><span style=\"font-family: Arial, sans-serif;\">Le 9 octobre 2017, al-Arouri a \u00e9t\u00e9 \u00e9lu chef adjoint du bureau politique du Hamas. Un an plus tard, les \u00c9tats-Unis l&rsquo;inscrivent sur leur fameuse \u00ab liste terroriste \u00bb, et en 2021, il devient le chef du mouvement Hamas en Cisjordanie.<\/span><\/span><\/p>\n<p><strong><span style=\"color: #000000;\"><span style=\"font-family: Arial, sans-serif;\"><span style=\"font-size: large;\">Un r\u00e9volutionnaire historique<\/span><\/span><\/span><\/strong><\/p>\n<p><span style=\"color: #000000;\"><span style=\"font-family: Arial, sans-serif;\">L\u2019occupation isra\u00e9lienne a d\u00e9moli la maison du haut dirigeant du Hamas \u00e0 Aroura en 2014 (vid\u00e9o ci-dessous), puis cette ann\u00e9e encore, le 27 octobre, peu apr\u00e8s l\u2019op\u00e9ration Al-Aqsa Flood, en raison de son implication directe dans cette attaque terrestre sans pr\u00e9c\u00e9dent.<\/span><\/span><\/p>\n<blockquote class=\"twitter-tweet\" data-width=\"550\" data-dnt=\"true\">\n<p lang=\"en\" dir=\"ltr\">Israeli occupation forces demolished the house of <a href=\"https:\/\/twitter.com\/hashtag\/Palestinian?src=hash&amp;ref_src=twsrc%5Etfw\">#Palestinian<\/a> Resistance chief, Saleh al-Arouri, in the town of al-Aroura.<a href=\"https:\/\/twitter.com\/hashtag\/Palestine?src=hash&amp;ref_src=twsrc%5Etfw\">#Palestine<\/a> <a href=\"https:\/\/t.co\/D221J7SvCD\">pic.twitter.com\/D221J7SvCD<\/a><\/p>\n<p>&mdash; Al Mayadeen English (@MayadeenEnglish) <a href=\"https:\/\/twitter.com\/MayadeenEnglish\/status\/1719292774917271874?ref_src=twsrc%5Etfw\">October 31, 2023<\/a><\/p><\/blockquote>\n<p><script async src=\"https:\/\/platform.twitter.com\/widgets.js\" charset=\"utf-8\"><\/script><\/p>\n<p><span style=\"color: #000000;\"><span style=\"font-family: Arial, sans-serif;\">La carri\u00e8re sans tache du dirigeant a fait de lui une force avec laquelle il faut compter pour les responsables isra\u00e9liens, y compris le Premier ministre Benjamin Netanyahu, qui a jur\u00e9 d&rsquo;assassiner al-Arouri, ce \u00e0 quoi il a r\u00e9pondu \u00e0 l&rsquo;\u00e9poque en d\u00e9clarant : \u00ab Les menaces isra\u00e9liennes ne changeront pas mes convictions, et elles n&rsquo;auront aucun impact sur le chemin [que j&rsquo;ai choisi]\u00a0\u00bb, dans une interview exclusive pour\u00a0<i>Al Mayadeen<\/i>.<\/span><\/span><\/p>\n<p><span style=\"color: #000000;\"><span style=\"font-family: Arial, sans-serif;\">Son assassinat a d\u00e9clench\u00e9 une vague de condamnations et de promesses de repr\u00e9sailles, en particulier de la part des factions de la R\u00e9sistance palestinienne, mettant en lumi\u00e8re les relations \u00e9troites qu&rsquo;al-Arouri avait b\u00e2ties avec les cadres palestiniens et sa popularit\u00e9 irr\u00e9futable parmi les Palestiniens.<\/span><\/span><\/p>\n<p><span style=\"color: #000000;\"><span style=\"font-family: Arial, sans-serif;\">Article original en anglais sur <a href=\"https:\/\/english.almayadeen.net\/news\/politics\/who-is-saleh-al-arouri--hamas-resistance-leader-killed-by--i\">Al-Mayadeen<\/a> \/ Traduction MR<\/span><\/span><\/p>\n","protected":false},"excerpt":{"rendered":"<p>Al Mayadeen, 2 janvier 2024. Dans la soir\u00e9e du 2 janvier 2024, le r\u00e9gime isra\u00e9lien a assassin\u00e9 le chef adjoint du bureau politique du Hamas, Cheikh Saleh al-Arouri, dans la <a class=\"more-link\" href=\"https:\/\/ismfrance.org\/index.php\/2024\/01\/02\/qui-est-saleh-al-arouri-le-chef-du-mouvement-de-resistance-hamas-assassine-par-israel\/\">Lire la suite &rarr;<\/a><\/p>\n","protected":false},"author":3,"featured_media":8597,"comment_status":"closed","ping_status":"closed","sticky":false,"template":"","format":"standard","meta":{"footnotes":""},"categories":[12,2],"tags":[155],"class_list":["post-8595","post","type-post","status-publish","format-standard","has-post-thumbnail","hentry","category-analyses","category-articles","tag-assassinats-cibles"],"yoast_head":"<!-- This site is optimized with the Yoast SEO plugin v27.2 - https:\/\/yoast.com\/product\/yoast-seo-wordpress\/ -->\n<title>Qui est Saleh al-Arouri, le chef du mouvement de R\u00e9sistance Hamas assassin\u00e9 par \u00ab Isra\u00ebl \u00bb ? - International Solidarity Movement - ISM-France<\/title>\n<meta name=\"robots\" content=\"index, follow, max-snippet:-1, max-image-preview:large, max-video-preview:-1\" \/>\n<link rel=\"canonical\" href=\"https:\/\/ismfrance.org\/index.php\/2024\/01\/02\/qui-est-saleh-al-arouri-le-chef-du-mouvement-de-resistance-hamas-assassine-par-israel\/\" \/>\n<meta property=\"og:locale\" content=\"fr_FR\" \/>\n<meta property=\"og:type\" content=\"article\" \/>\n<meta property=\"og:title\" content=\"Qui est Saleh al-Arouri, le chef du mouvement de R\u00e9sistance Hamas assassin\u00e9 par \u00ab Isra\u00ebl \u00bb ? - International Solidarity Movement - ISM-France\" \/>\n<meta property=\"og:description\" content=\"Al Mayadeen, 2 janvier 2024. Dans la soir\u00e9e du 2 janvier 2024, le r\u00e9gime isra\u00e9lien a assassin\u00e9 le chef adjoint du bureau politique du Hamas, Cheikh Saleh al-Arouri, dans la Lire la suite &rarr;\" \/>\n<meta property=\"og:url\" content=\"https:\/\/ismfrance.org\/index.php\/2024\/01\/02\/qui-est-saleh-al-arouri-le-chef-du-mouvement-de-resistance-hamas-assassine-par-israel\/\" \/>\n<meta property=\"og:site_name\" content=\"International Solidarity Movement - ISM-France\" \/>\n<meta property=\"article:published_time\" content=\"2024-01-02T20:47:11+00:00\" \/>\n<meta property=\"article:modified_time\" content=\"2024-01-02T20:49:07+00:00\" \/>\n<meta property=\"og:image\" content=\"https:\/\/ismfrance.org\/wp-content\/uploads\/2024\/01\/al-arouri.webp\" \/>\n\t<meta property=\"og:image:width\" content=\"1000\" \/>\n\t<meta property=\"og:image:height\" content=\"844\" \/>\n\t<meta property=\"og:image:type\" content=\"image\/webp\" \/>\n<meta name=\"author\" content=\"mru_01\" \/>\n<meta name=\"twitter:card\" content=\"summary_large_image\" \/>\n<meta name=\"twitter:creator\" content=\"@ISMFRANCE\" \/>\n<meta name=\"twitter:site\" content=\"@ISMFRANCE\" \/>\n<meta name=\"twitter:label1\" content=\"\u00c9crit par\" \/>\n\t<meta name=\"twitter:data1\" content=\"mru_01\" \/>\n\t<meta name=\"twitter:label2\" content=\"Dur\u00e9e de lecture estim\u00e9e\" \/>\n\t<meta name=\"twitter:data2\" content=\"5 minutes\" \/>\n<script type=\"application\/ld+json\" class=\"yoast-schema-graph\">{\"@context\":\"https:\/\/schema.org\",\"@graph\":[{\"@type\":\"Article\",\"@id\":\"https:\/\/ismfrance.org\/index.php\/2024\/01\/02\/qui-est-saleh-al-arouri-le-chef-du-mouvement-de-resistance-hamas-assassine-par-israel\/#article\",\"isPartOf\":{\"@id\":\"https:\/\/ismfrance.org\/index.php\/2024\/01\/02\/qui-est-saleh-al-arouri-le-chef-du-mouvement-de-resistance-hamas-assassine-par-israel\/\"},\"author\":{\"name\":\"mru_01\",\"@id\":\"https:\/\/ismfrance.org\/#\/schema\/person\/3c411eb72adfaae19c0dca1f41fae01d\"},\"headline\":\"Qui est Saleh al-Arouri, le chef du mouvement de R\u00e9sistance Hamas assassin\u00e9 par \u00ab Isra\u00ebl \u00bb ?\",\"datePublished\":\"2024-01-02T20:47:11+00:00\",\"dateModified\":\"2024-01-02T20:49:07+00:00\",\"mainEntityOfPage\":{\"@id\":\"https:\/\/ismfrance.org\/index.php\/2024\/01\/02\/qui-est-saleh-al-arouri-le-chef-du-mouvement-de-resistance-hamas-assassine-par-israel\/\"},\"wordCount\":936,\"publisher\":{\"@id\":\"https:\/\/ismfrance.org\/#organization\"},\"image\":{\"@id\":\"https:\/\/ismfrance.org\/index.php\/2024\/01\/02\/qui-est-saleh-al-arouri-le-chef-du-mouvement-de-resistance-hamas-assassine-par-israel\/#primaryimage\"},\"thumbnailUrl\":\"https:\/\/ismfrance.org\/wp-content\/uploads\/2024\/01\/al-arouri.webp\",\"keywords\":[\"Assassinats cibl\u00e9s\"],\"articleSection\":[\"Analyses\",\"Articles\"],\"inLanguage\":\"fr-FR\"},{\"@type\":\"WebPage\",\"@id\":\"https:\/\/ismfrance.org\/index.php\/2024\/01\/02\/qui-est-saleh-al-arouri-le-chef-du-mouvement-de-resistance-hamas-assassine-par-israel\/\",\"url\":\"https:\/\/ismfrance.org\/index.php\/2024\/01\/02\/qui-est-saleh-al-arouri-le-chef-du-mouvement-de-resistance-hamas-assassine-par-israel\/\",\"name\":\"Qui est Saleh al-Arouri, le chef du mouvement de R\u00e9sistance Hamas assassin\u00e9 par \u00ab Isra\u00ebl \u00bb ? - International Solidarity Movement - ISM-France\",\"isPartOf\":{\"@id\":\"https:\/\/ismfrance.org\/#website\"},\"primaryImageOfPage\":{\"@id\":\"https:\/\/ismfrance.org\/index.php\/2024\/01\/02\/qui-est-saleh-al-arouri-le-chef-du-mouvement-de-resistance-hamas-assassine-par-israel\/#primaryimage\"},\"image\":{\"@id\":\"https:\/\/ismfrance.org\/index.php\/2024\/01\/02\/qui-est-saleh-al-arouri-le-chef-du-mouvement-de-resistance-hamas-assassine-par-israel\/#primaryimage\"},\"thumbnailUrl\":\"https:\/\/ismfrance.org\/wp-content\/uploads\/2024\/01\/al-arouri.webp\",\"datePublished\":\"2024-01-02T20:47:11+00:00\",\"dateModified\":\"2024-01-02T20:49:07+00:00\",\"breadcrumb\":{\"@id\":\"https:\/\/ismfrance.org\/index.php\/2024\/01\/02\/qui-est-saleh-al-arouri-le-chef-du-mouvement-de-resistance-hamas-assassine-par-israel\/#breadcrumb\"},\"inLanguage\":\"fr-FR\",\"potentialAction\":[{\"@type\":\"ReadAction\",\"target\":[\"https:\/\/ismfrance.org\/index.php\/2024\/01\/02\/qui-est-saleh-al-arouri-le-chef-du-mouvement-de-resistance-hamas-assassine-par-israel\/\"]}]},{\"@type\":\"ImageObject\",\"inLanguage\":\"fr-FR\",\"@id\":\"https:\/\/ismfrance.org\/index.php\/2024\/01\/02\/qui-est-saleh-al-arouri-le-chef-du-mouvement-de-resistance-hamas-assassine-par-israel\/#primaryimage\",\"url\":\"https:\/\/ismfrance.org\/wp-content\/uploads\/2024\/01\/al-arouri.webp\",\"contentUrl\":\"https:\/\/ismfrance.org\/wp-content\/uploads\/2024\/01\/al-arouri.webp\",\"width\":1000,\"height\":844},{\"@type\":\"BreadcrumbList\",\"@id\":\"https:\/\/ismfrance.org\/index.php\/2024\/01\/02\/qui-est-saleh-al-arouri-le-chef-du-mouvement-de-resistance-hamas-assassine-par-israel\/#breadcrumb\",\"itemListElement\":[{\"@type\":\"ListItem\",\"position\":1,\"name\":\"Accueil\",\"item\":\"https:\/\/ismfrance.org\/\"},{\"@type\":\"ListItem\",\"position\":2,\"name\":\"Qui est Saleh al-Arouri, le chef du mouvement de R\u00e9sistance Hamas assassin\u00e9 par \u00ab Isra\u00ebl \u00bb ?\"}]},{\"@type\":\"WebSite\",\"@id\":\"https:\/\/ismfrance.org\/#website\",\"url\":\"https:\/\/ismfrance.org\/\",\"name\":\"ISM Palestine France\",\"description\":\"Soutien aux luttes de lib\u00e9ration du peuple palestinien\",\"publisher\":{\"@id\":\"https:\/\/ismfrance.org\/#organization\"},\"potentialAction\":[{\"@type\":\"SearchAction\",\"target\":{\"@type\":\"EntryPoint\",\"urlTemplate\":\"https:\/\/ismfrance.org\/?s={search_term_string}\"},\"query-input\":{\"@type\":\"PropertyValueSpecification\",\"valueRequired\":true,\"valueName\":\"search_term_string\"}}],\"inLanguage\":\"fr-FR\"},{\"@type\":\"Organization\",\"@id\":\"https:\/\/ismfrance.org\/#organization\",\"name\":\"International Solidarity Movement\",\"url\":\"https:\/\/ismfrance.org\/\",\"logo\":{\"@type\":\"ImageObject\",\"inLanguage\":\"fr-FR\",\"@id\":\"https:\/\/ismfrance.org\/#\/schema\/logo\/image\/\",\"url\":\"https:\/\/ismfrance.org\/wp-content\/uploads\/2020\/12\/00.png\",\"contentUrl\":\"https:\/\/ismfrance.org\/wp-content\/uploads\/2020\/12\/00.png\",\"width\":400,\"height\":400,\"caption\":\"International Solidarity Movement\"},\"image\":{\"@id\":\"https:\/\/ismfrance.org\/#\/schema\/logo\/image\/\"},\"sameAs\":[\"https:\/\/x.com\/ISMFRANCE\"]},{\"@type\":\"Person\",\"@id\":\"https:\/\/ismfrance.org\/#\/schema\/person\/3c411eb72adfaae19c0dca1f41fae01d\",\"name\":\"mru_01\",\"image\":{\"@type\":\"ImageObject\",\"inLanguage\":\"fr-FR\",\"@id\":\"https:\/\/secure.gravatar.com\/avatar\/3a0be343b445d2ccc79e87444a294fad2b232e90d2051d0e3cc219e1ecd6a330?s=96&d=mm&r=g\",\"url\":\"https:\/\/secure.gravatar.com\/avatar\/3a0be343b445d2ccc79e87444a294fad2b232e90d2051d0e3cc219e1ecd6a330?s=96&d=mm&r=g\",\"contentUrl\":\"https:\/\/secure.gravatar.com\/avatar\/3a0be343b445d2ccc79e87444a294fad2b232e90d2051d0e3cc219e1ecd6a330?s=96&d=mm&r=g\",\"caption\":\"mru_01\"},\"url\":\"https:\/\/ismfrance.org\/index.php\/author\/admin02\/\"}]}<\/script>\n<!-- \/ Yoast SEO plugin. -->","yoast_head_json":{"title":"Qui est Saleh al-Arouri, le chef du mouvement de R\u00e9sistance Hamas assassin\u00e9 par \u00ab Isra\u00ebl \u00bb ? - International Solidarity Movement - ISM-France","robots":{"index":"index","follow":"follow","max-snippet":"max-snippet:-1","max-image-preview":"max-image-preview:large","max-video-preview":"max-video-preview:-1"},"canonical":"https:\/\/ismfrance.org\/index.php\/2024\/01\/02\/qui-est-saleh-al-arouri-le-chef-du-mouvement-de-resistance-hamas-assassine-par-israel\/","og_locale":"fr_FR","og_type":"article","og_title":"Qui est Saleh al-Arouri, le chef du mouvement de R\u00e9sistance Hamas assassin\u00e9 par \u00ab Isra\u00ebl \u00bb ? - International Solidarity Movement - ISM-France","og_description":"Al Mayadeen, 2 janvier 2024. Dans la soir\u00e9e du 2 janvier 2024, le r\u00e9gime isra\u00e9lien a assassin\u00e9 le chef adjoint du bureau politique du Hamas, Cheikh Saleh al-Arouri, dans la Lire la suite &rarr;","og_url":"https:\/\/ismfrance.org\/index.php\/2024\/01\/02\/qui-est-saleh-al-arouri-le-chef-du-mouvement-de-resistance-hamas-assassine-par-israel\/","og_site_name":"International Solidarity Movement - ISM-France","article_published_time":"2024-01-02T20:47:11+00:00","article_modified_time":"2024-01-02T20:49:07+00:00","og_image":[{"width":1000,"height":844,"url":"https:\/\/ismfrance.org\/wp-content\/uploads\/2024\/01\/al-arouri.webp","type":"image\/webp"}],"author":"mru_01","twitter_card":"summary_large_image","twitter_creator":"@ISMFRANCE","twitter_site":"@ISMFRANCE","twitter_misc":{"\u00c9crit par":"mru_01","Dur\u00e9e de lecture estim\u00e9e":"5 minutes"},"schema":{"@context":"https:\/\/schema.org","@graph":[{"@type":"Article","@id":"https:\/\/ismfrance.org\/index.php\/2024\/01\/02\/qui-est-saleh-al-arouri-le-chef-du-mouvement-de-resistance-hamas-assassine-par-israel\/#article","isPartOf":{"@id":"https:\/\/ismfrance.org\/index.php\/2024\/01\/02\/qui-est-saleh-al-arouri-le-chef-du-mouvement-de-resistance-hamas-assassine-par-israel\/"},"author":{"name":"mru_01","@id":"https:\/\/ismfrance.org\/#\/schema\/person\/3c411eb72adfaae19c0dca1f41fae01d"},"headline":"Qui est Saleh al-Arouri, le chef du mouvement de R\u00e9sistance Hamas assassin\u00e9 par \u00ab Isra\u00ebl \u00bb ?","datePublished":"2024-01-02T20:47:11+00:00","dateModified":"2024-01-02T20:49:07+00:00","mainEntityOfPage":{"@id":"https:\/\/ismfrance.org\/index.php\/2024\/01\/02\/qui-est-saleh-al-arouri-le-chef-du-mouvement-de-resistance-hamas-assassine-par-israel\/"},"wordCount":936,"publisher":{"@id":"https:\/\/ismfrance.org\/#organization"},"image":{"@id":"https:\/\/ismfrance.org\/index.php\/2024\/01\/02\/qui-est-saleh-al-arouri-le-chef-du-mouvement-de-resistance-hamas-assassine-par-israel\/#primaryimage"},"thumbnailUrl":"https:\/\/ismfrance.org\/wp-content\/uploads\/2024\/01\/al-arouri.webp","keywords":["Assassinats cibl\u00e9s"],"articleSection":["Analyses","Articles"],"inLanguage":"fr-FR"},{"@type":"WebPage","@id":"https:\/\/ismfrance.org\/index.php\/2024\/01\/02\/qui-est-saleh-al-arouri-le-chef-du-mouvement-de-resistance-hamas-assassine-par-israel\/","url":"https:\/\/ismfrance.org\/index.php\/2024\/01\/02\/qui-est-saleh-al-arouri-le-chef-du-mouvement-de-resistance-hamas-assassine-par-israel\/","name":"Qui est Saleh al-Arouri, le chef du mouvement de R\u00e9sistance Hamas assassin\u00e9 par \u00ab Isra\u00ebl \u00bb ? - International Solidarity Movement - ISM-France","isPartOf":{"@id":"https:\/\/ismfrance.org\/#website"},"primaryImageOfPage":{"@id":"https:\/\/ismfrance.org\/index.php\/2024\/01\/02\/qui-est-saleh-al-arouri-le-chef-du-mouvement-de-resistance-hamas-assassine-par-israel\/#primaryimage"},"image":{"@id":"https:\/\/ismfrance.org\/index.php\/2024\/01\/02\/qui-est-saleh-al-arouri-le-chef-du-mouvement-de-resistance-hamas-assassine-par-israel\/#primaryimage"},"thumbnailUrl":"https:\/\/ismfrance.org\/wp-content\/uploads\/2024\/01\/al-arouri.webp","datePublished":"2024-01-02T20:47:11+00:00","dateModified":"2024-01-02T20:49:07+00:00","breadcrumb":{"@id":"https:\/\/ismfrance.org\/index.php\/2024\/01\/02\/qui-est-saleh-al-arouri-le-chef-du-mouvement-de-resistance-hamas-assassine-par-israel\/#breadcrumb"},"inLanguage":"fr-FR","potentialAction":[{"@type":"ReadAction","target":["https:\/\/ismfrance.org\/index.php\/2024\/01\/02\/qui-est-saleh-al-arouri-le-chef-du-mouvement-de-resistance-hamas-assassine-par-israel\/"]}]},{"@type":"ImageObject","inLanguage":"fr-FR","@id":"https:\/\/ismfrance.org\/index.php\/2024\/01\/02\/qui-est-saleh-al-arouri-le-chef-du-mouvement-de-resistance-hamas-assassine-par-israel\/#primaryimage","url":"https:\/\/ismfrance.org\/wp-content\/uploads\/2024\/01\/al-arouri.webp","contentUrl":"https:\/\/ismfrance.org\/wp-content\/uploads\/2024\/01\/al-arouri.webp","width":1000,"height":844},{"@type":"BreadcrumbList","@id":"https:\/\/ismfrance.org\/index.php\/2024\/01\/02\/qui-est-saleh-al-arouri-le-chef-du-mouvement-de-resistance-hamas-assassine-par-israel\/#breadcrumb","itemListElement":[{"@type":"ListItem","position":1,"name":"Accueil","item":"https:\/\/ismfrance.org\/"},{"@type":"ListItem","position":2,"name":"Qui est Saleh al-Arouri, le chef du mouvement de R\u00e9sistance Hamas assassin\u00e9 par \u00ab Isra\u00ebl \u00bb ?"}]},{"@type":"WebSite","@id":"https:\/\/ismfrance.org\/#website","url":"https:\/\/ismfrance.org\/","name":"ISM Palestine France","description":"Soutien aux luttes de lib\u00e9ration du peuple palestinien","publisher":{"@id":"https:\/\/ismfrance.org\/#organization"},"potentialAction":[{"@type":"SearchAction","target":{"@type":"EntryPoint","urlTemplate":"https:\/\/ismfrance.org\/?s={search_term_string}"},"query-input":{"@type":"PropertyValueSpecification","valueRequired":true,"valueName":"search_term_string"}}],"inLanguage":"fr-FR"},{"@type":"Organization","@id":"https:\/\/ismfrance.org\/#organization","name":"International Solidarity Movement","url":"https:\/\/ismfrance.org\/","logo":{"@type":"ImageObject","inLanguage":"fr-FR","@id":"https:\/\/ismfrance.org\/#\/schema\/logo\/image\/","url":"https:\/\/ismfrance.org\/wp-content\/uploads\/2020\/12\/00.png","contentUrl":"https:\/\/ismfrance.org\/wp-content\/uploads\/2020\/12\/00.png","width":400,"height":400,"caption":"International Solidarity Movement"},"image":{"@id":"https:\/\/ismfrance.org\/#\/schema\/logo\/image\/"},"sameAs":["https:\/\/x.com\/ISMFRANCE"]},{"@type":"Person","@id":"https:\/\/ismfrance.org\/#\/schema\/person\/3c411eb72adfaae19c0dca1f41fae01d","name":"mru_01","image":{"@type":"ImageObject","inLanguage":"fr-FR","@id":"https:\/\/secure.gravatar.com\/avatar\/3a0be343b445d2ccc79e87444a294fad2b232e90d2051d0e3cc219e1ecd6a330?s=96&d=mm&r=g","url":"https:\/\/secure.gravatar.com\/avatar\/3a0be343b445d2ccc79e87444a294fad2b232e90d2051d0e3cc219e1ecd6a330?s=96&d=mm&r=g","contentUrl":"https:\/\/secure.gravatar.com\/avatar\/3a0be343b445d2ccc79e87444a294fad2b232e90d2051d0e3cc219e1ecd6a330?s=96&d=mm&r=g","caption":"mru_01"},"url":"https:\/\/ismfrance.org\/index.php\/author\/admin02\/"}]}},"_links":{"self":[{"href":"https:\/\/ismfrance.org\/index.php\/wp-json\/wp\/v2\/posts\/8595","targetHints":{"allow":["GET"]}}],"collection":[{"href":"https:\/\/ismfrance.org\/index.php\/wp-json\/wp\/v2\/posts"}],"about":[{"href":"https:\/\/ismfrance.org\/index.php\/wp-json\/wp\/v2\/types\/post"}],"author":[{"embeddable":true,"href":"https:\/\/ismfrance.org\/index.php\/wp-json\/wp\/v2\/users\/3"}],"replies":[{"embeddable":true,"href":"https:\/\/ismfrance.org\/index.php\/wp-json\/wp\/v2\/comments?post=8595"}],"version-history":[{"count":0,"href":"https:\/\/ismfrance.org\/index.php\/wp-json\/wp\/v2\/posts\/8595\/revisions"}],"wp:featuredmedia":[{"embeddable":true,"href":"https:\/\/ismfrance.org\/index.php\/wp-json\/wp\/v2\/media\/8597"}],"wp:attachment":[{"href":"https:\/\/ismfrance.org\/index.php\/wp-json\/wp\/v2\/media?parent=8595"}],"wp:term":[{"taxonomy":"category","embeddable":true,"href":"https:\/\/ismfrance.org\/index.php\/wp-json\/wp\/v2\/categories?post=8595"},{"taxonomy":"post_tag","embeddable":true,"href":"https:\/\/ismfrance.org\/index.php\/wp-json\/wp\/v2\/tags?post=8595"}],"curies":[{"name":"wp","href":"https:\/\/api.w.org\/{rel}","templated":true}]}}