{"id":8492,"date":"2023-12-28T09:04:37","date_gmt":"2023-12-28T08:04:37","guid":{"rendered":"https:\/\/ismfrance.org\/?p=8492"},"modified":"2023-12-28T09:04:37","modified_gmt":"2023-12-28T08:04:37","slug":"lespoir-nait-du-desespoir-qui-est-khalida-jarrar-dirigeante-palestinienne-detenue-par-israel","status":"publish","type":"post","link":"https:\/\/ismfrance.org\/index.php\/2023\/12\/28\/lespoir-nait-du-desespoir-qui-est-khalida-jarrar-dirigeante-palestinienne-detenue-par-israel\/","title":{"rendered":"L&rsquo;espoir na\u00eet du d\u00e9sespoir : qui est Khalida Jarrar, dirigeante palestinienne d\u00e9tenue par Isra\u00ebl ?"},"content":{"rendered":"<p><strong><span style=\"color: #000000;\"><span style=\"font-family: Arial, sans-serif;\"><span style=\"font-size: small;\"><span lang=\"fr-FR\">The Palestine Chronicle, 26 d\u00e9cembre 2023<\/span><\/span><\/span><\/span><\/strong><em><span style=\"color: #000000;\"><span style=\"font-family: Arial, sans-serif;\"><span style=\"font-size: small;\"><span lang=\"fr-FR\">. Les forces isra\u00e9liennes ont arr\u00eat\u00e9 l\u2019embl\u00e9matique dirigeante palestinienne Khalida Jarrar, mardi 26 d\u00e9cembre, \u00e0 son domicile de Ramallah, en Cisjordanie occup\u00e9e.<\/span><\/span><\/span><\/span><\/em><\/p>\n<div id=\"attachment_8494\" style=\"width: 688px\" class=\"wp-caption alignnone\"><a href=\"https:\/\/ismfrance.org\/wp-content\/uploads\/2023\/12\/khalida.jpg\"><img loading=\"lazy\" decoding=\"async\" aria-describedby=\"caption-attachment-8494\" class=\"wp-image-8494 size-full\" src=\"https:\/\/ismfrance.org\/wp-content\/uploads\/2023\/12\/khalida.jpg\" alt=\"\" width=\"678\" height=\"455\" srcset=\"https:\/\/ismfrance.org\/wp-content\/uploads\/2023\/12\/khalida.jpg 678w, https:\/\/ismfrance.org\/wp-content\/uploads\/2023\/12\/khalida-300x201.jpg 300w\" sizes=\"auto, (max-width: 678px) 100vw, 678px\" \/><\/a><p id=\"caption-attachment-8494\" class=\"wp-caption-text\">Les forces isra\u00e9liennes ont arr\u00eat\u00e9 l\u2019embl\u00e9matique dirigeante palestinienne Khalida Jarrar \u00e0 son domicile de Ramallah, en Cisjordanie occup\u00e9e (source compte X-Twitter <a href=\"https:\/\/twitter.com\/PalestineChron\/status\/1739591760152547528?ref_src=twsrc%5Etfw%7Ctwcamp%5Etweetembed%7Ctwterm%5E1739591760152547528%7Ctwgr%5E679529af6cac7794a75103b284c0eb164e7c60a1%7Ctwcon%5Es1_&amp;ref_url=https%3A%2F%2Fwww.palestinechronicle.com%2Ffashioning-hope-out-of-despair-who-is-khalida-jarrar-iconic-palestinian-leader-detained-by-israel%2F\">The Palestine Chronicle<\/a>)<\/p><\/div>\n<p><em><span style=\"color: #000000;\"><span style=\"font-family: Arial, sans-serif;\"><span style=\"font-size: small;\"><span lang=\"fr-FR\">L\u2019agence de presse Anadolu a cit\u00e9 des t\u00e9moins oculaires affirmant que les forces d\u2019occupation isra\u00e9liennes ont pris d\u2019assaut la ville d\u2019Al-Bireh, pr\u00e8s de Ramallah, \u00e0 l\u2019aube. Elles ont perquisitionn\u00e9 la maison de Jarrar avant de l\u2019arr\u00eater. <\/span><\/span><\/span><\/span><\/em><\/p>\n<p><em><span style=\"color: #000000;\"><span style=\"font-family: Arial, sans-serif;\"><span style=\"font-size: small;\"><span lang=\"fr-FR\">Khalida Jarrar, \u00e9minente dirigeante du Front populaire de lib\u00e9ration de la Palestine, a \u00e9t\u00e9 arr\u00eat\u00e9e \u00e0 de nombreuses reprises par l\u2019occupation et a pass\u00e9 plusieurs ann\u00e9es en prison, \u00e0 l\u2019isolement le plus souvent. <\/span><\/span><\/span><\/span><\/em><\/p>\n<p><em><span style=\"color: #000000;\"><span style=\"font-family: Arial, sans-serif;\"><span style=\"font-size: small;\"><span lang=\"fr-FR\">L\u2019histoire et la vision de Khalida Jarrar ont \u00e9t\u00e9 introduites dans le dernier <a href=\"https:\/\/www.amazon.com\/Our-Vision-Liberation-Palestinian-Intellectuals\/dp\/1949762440\">ouvrage <\/a>d\u2019Ilan Papp\u00e9 et Ramzy Baroud,<\/span><\/span><\/span><\/span><\/em><em><span style=\"color: #000000;\"><span style=\"font-family: Arial, sans-serif;\"><span style=\"font-size: small;\"><span lang=\"fr-FR\"> \u00ab Notre vision de la lib\u00e9ration : des dirigeants et intellectuels palestiniens engag\u00e9s s\u2019expriment \u00bb. (Clarity Press). Le texte ci-dessous est paru dans un chapitre intitul\u00e9 \u00ab FA\u00c7ONNER L\u2019ESPOIR \u00c0 PARTIR DU D\u00c9SESPOIR : comment r\u00e9sister et vaincre dans les prisons isra\u00e9liennes \u00bb &#8211; <\/span><\/span><\/span><\/span><\/em><span style=\"color: #000000;\"><span style=\"font-family: Arial, sans-serif;\"><span style=\"font-size: small;\"><span lang=\"fr-FR\">Khalida Jarrar.<\/span><\/span><\/span><\/span><\/p>\n<p><span style=\"color: #000000;\"><span style=\"font-family: Arial, sans-serif;\"><span style=\"font-size: small;\">Khalida Jarrar est n\u00e9e le 9 f\u00e9vrier 1963 dans la ville de Naplouse, au nord de la Cisjordanie. Elle est titulaire d\u2019une licence en administration des affaires et d\u2019un master en d\u00e9mocratie et droits humains de l\u2019Universit\u00e9 de Birzeit. Elle a \u00e9t\u00e9 directrice de Addameer, association de soutien aux prisonniers et des droits humains de 1994 \u00e0 2006, date \u00e0 laquelle elle a \u00e9t\u00e9 \u00e9lue au Conseil l\u00e9gislatif palestinien (CLP), le Parlement palestinien. Elle dirige aujourd\u2019hui la Commission des prisonniers du CLP, en plus de son r\u00f4le au sein du Comit\u00e9 national palestinien pour le suivi aupr\u00e8s de la Cour p\u00e9nale internationale. <\/span><\/span><\/span><\/p>\n<p><span style=\"color: #000000;\"><span style=\"font-family: Arial, sans-serif;\"><span style=\"font-size: small;\">La notori\u00e9t\u00e9 de Khalida Jarrar en tant que dirigeante palestinienne qui se d\u00e9voue \u00e0 la d\u00e9nonciation des crimes de guerre isra\u00e9liens aupr\u00e8s des institutions internationales en a fait la cible de fr\u00e9quentes arrestations et d\u00e9tentions administratives. Elle a \u00e9t\u00e9 arr\u00eat\u00e9e \u00e0 plusieurs reprises, d\u2019abord en 1989, \u00e0 l\u2019occasion de la Journ\u00e9e internationale de la femme. Elle a pass\u00e9 un mois en prison pour avoir particip\u00e9 au rassemblement du 8 mars. <\/span><\/span><\/span><\/p>\n<p><span style=\"color: #000000;\"><span style=\"font-family: Arial, sans-serif;\"><span style=\"font-size: small;\">En 2015, elle a \u00e9t\u00e9 arr\u00eat\u00e9e lors d\u2019un raid men\u00e9 avant l\u2019aube par des soldats de l\u2019occupation isra\u00e9lienne prenant d\u2019assaut sa maison \u00e0 Ramallah. Dans un premier temps, elle a \u00e9t\u00e9 plac\u00e9e en d\u00e9tention administrative sans proc\u00e8s, mais, suite au toll\u00e9 international, les autorit\u00e9s isra\u00e9liennes ont jug\u00e9 Khalida Jarrar devant un tribunal militaire qui a retenu contre elle 12 chefs d\u2019accusation, enti\u00e8rement fond\u00e9s sur ses activit\u00e9s politiques. Elle a notamment \u00e9t\u00e9 accus\u00e9e d&rsquo;avoir prononc\u00e9 des discours, organis\u00e9 des veill\u00e9es et exprim\u00e9 son soutien aux d\u00e9tenus palestiniens et \u00e0 leurs familles. Elle a pass\u00e9 15 mois en prison. <\/span><\/span><\/span><\/p>\n<p><span style=\"color: #000000;\"><span style=\"font-family: Arial, sans-serif;\"><span style=\"font-size: small;\">Khalida Jarrar a \u00e9t\u00e9 lib\u00e9r\u00e9e en juin 2016 pour \u00eatre arr\u00eat\u00e9e \u00e0 nouveau en juillet 2017, date \u00e0 laquelle elle a encore \u00e9t\u00e9 plac\u00e9e en d\u00e9tention administrative. Le raid isra\u00e9lien sur son domicile a \u00e9t\u00e9 particuli\u00e8rement violent, les soldats ayant d\u00e9truit la porte principale et confisqu\u00e9 divers \u00e9quipements, dont un iPad et son t\u00e9l\u00e9phone portable. Elle a \u00e9t\u00e9 interrog\u00e9e \u00e0 la prison d\u2019Ofer avant d\u2019\u00eatre transf\u00e9r\u00e9e \u00e0 la prison de HaSharon, o\u00f9 sont d\u00e9tenues de nombreuses prisonni\u00e8res palestiniennes. Elle a \u00e9t\u00e9 lib\u00e9r\u00e9e en f\u00e9vrier 2019, apr\u00e8s avoir pass\u00e9 pr\u00e8s de 20 mois en prison. <\/span><\/span><\/span><\/p>\n<p><span style=\"color: #000000;\"><span style=\"font-family: Arial, sans-serif;\"><span style=\"font-size: small;\">Une fois encore, Khalida Jarrar a \u00e9t\u00e9 arr\u00eat\u00e9e \u00e0 son domicile de Ramallah le 31 octobre 2019. Au cours de sa derni\u00e8re incarc\u00e9ration, l\u2019une de ses deux filles, Suha, est d\u00e9c\u00e9d\u00e9e, elle avait 31 ans. Malgr\u00e9 une campagne internationale demandant que Khalida puisse assister aux fun\u00e9railles de sa fille le 13 juillet 2021, le gouvernement isra\u00e9lien a rejet\u00e9 tous les appels. Cependant, une lettre d\u2019adieu \u00e0 Suha a \u00e9t\u00e9 sortie clandestinement de prison. Dans sa lettre, Khalida \u00e9crit : <\/span><\/span><\/span><\/p>\n<blockquote><p><span style=\"color: #000000;\"><span style=\"font-family: Arial, sans-serif;\"><span style=\"font-size: small;\">\u00ab Suha, mon tr\u00e9sor. <\/span><\/span><\/span><\/p>\n<p><span style=\"color: #000000;\"><span style=\"font-family: Arial, sans-serif;\"><span style=\"font-size: small;\">Ils m\u2019ont emp\u00each\u00e9 de te donner un dernier baiser d\u2019adieu. <\/span><\/span><\/span><\/p>\n<p><span style=\"color: #000000;\"><span style=\"font-family: Arial, sans-serif;\"><span style=\"font-size: small;\">Je te dis adieu avec une fleur. <\/span><\/span><\/span><\/p>\n<p><span style=\"color: #000000;\"><span style=\"font-family: Arial, sans-serif;\"><span style=\"font-size: small;\">Ton absence est terriblement douloureuse, horriblement douloureuse. <\/span><\/span><\/span><\/p>\n<p><span style=\"color: #000000;\"><span style=\"font-family: Arial, sans-serif;\"><span style=\"font-size: small;\">Mais je reste ferme et forte, <\/span><\/span><\/span><\/p>\n<p><span style=\"color: #000000;\"><span style=\"font-family: Arial, sans-serif;\"><span style=\"font-size: small;\">Comme les montagnes de notre Palestine bien-aim\u00e9e.\u00a0\u00bb<\/span><\/span><\/span><\/p><\/blockquote>\n<p><span style=\"color: #000000;\"><span style=\"font-family: Arial, sans-serif;\"><span style=\"font-size: small;\"><span lang=\"fr-FR\">Khalida Jarrar est un des nombreux exemples de ces r\u00e9sistants palestiniens qui ont gard\u00e9 leur fermet\u00e9 et leur r\u00e9sistance dans les prisons isra\u00e9liennes, trouvant des occasions de riposter, malgr\u00e9 la d\u00e9tention, malgr\u00e9 la douleur physique et la torture psychologique. En outre, plut\u00f4t que de consid\u00e9rer la prison comme un confinement contraint, Khalida Jarrar en a profit\u00e9 pour \u00e9duquer et responsabiliser ses cod\u00e9tenues. En fait, ses r\u00e9alisations en prison ont chang\u00e9 la face du mouvement des prisonni\u00e8res palestiniennes<\/span><\/span><\/span><\/span><em><span style=\"color: #000000;\"><span style=\"font-family: Arial, sans-serif;\"><span style=\"font-size: small;\"><span lang=\"fr-FR\">. <\/span><\/span><\/span><\/span><\/em><\/p>\n<p><strong><span style=\"color: #000000;\"><span style=\"font-family: Arial, sans-serif;\"><span style=\"font-size: large;\"><span lang=\"fr-FR\">Comment r\u00e9sister et vaincre dans les prisons isra\u00e9liennes <\/span><\/span><\/span><\/span><\/strong><\/p>\n<p><span style=\"color: #000000;\"><span style=\"font-family: Arial, sans-serif;\"><span style=\"font-size: small;\"><span lang=\"fr-FR\">La prison n\u2019est pas seulement un lieu fait de hauts murs, de barbel\u00e9s et de petites cellules \u00e9touffantes aux lourdes portes de fer. Ce n\u2019est pas non plus un endroit d\u00e9fini par les grincements m\u00e9talliques. En effet, stridence et claquement m\u00e9talliques sont les sons les plus courants dans les prisons, chaque fois que de lourdes portes sont ferm\u00e9es, que des lits pesants ou des armoires sont d\u00e9plac\u00e9s, que des menottes sont verrouill\u00e9es ou rel\u00e2ch\u00e9es. M\u00eame <\/span><\/span><\/span><\/span><em><span style=\"color: #000000;\"><span style=\"font-family: Arial, sans-serif;\"><span style=\"font-size: small;\"><span lang=\"fr-FR\">les bosta <\/span><\/span><\/span><\/span><\/em><span style=\"color: #000000;\"><span style=\"font-family: Arial, sans-serif;\"><span style=\"font-size: small;\"><span lang=\"fr-FR\">\u2013 les v\u00e9hicules tristement c\u00e9l\u00e8bres qui transportent les prisonniers d\u2019un \u00e9tablissement p\u00e9nitentiaire \u00e0 un autre \u2013 sont des monstres de m\u00e9tal, \u00e0 l&rsquo;int\u00e9rieur, \u00e0 l&rsquo;ext\u00e9rieur, et jusqu&rsquo;\u00e0 leurs portes et leurs cha\u00eenes. <\/span><\/span><\/span><\/span><\/p>\n<p><span style=\"color: #000000;\"><span style=\"font-family: Arial, sans-serif;\"><span style=\"font-size: small;\">Non, la prison, c\u2019est plus que tout cela. C\u2019est aussi l\u2019histoire de personnes r\u00e9elles, de souffrances quotidiennes et de luttes contre les gardiens de prison et contre l\u2019administration. La prison est une position morale qui doit \u00eatre assum\u00e9e chaque jour et qui ne peut jamais \u00eatre mise de c\u00f4t\u00e9.<\/span><\/span><\/span><\/p>\n<p><span style=\"color: #000000;\"><span style=\"font-family: Arial, sans-serif;\"><span style=\"font-size: small;\"><span lang=\"fr-FR\">La prison, ce sont des camarades, des s\u0153urs et des fr\u00e8res qui, avec le temps, deviennent plus proches que votre propre famille. C\u2019est l&rsquo;angoisse commune, la douleur, la tristesse et, malgr\u00e9 tout, parfois aussi la joie. En prison, nous d\u00e9fions ensemble le gardien abusif, avec une m\u00eame volont\u00e9 et d\u00e9termination de le d\u00e9molir pour qu\u2019il ne nous d\u00e9molisse pas. Cette lutte est sans fin et se manifeste sous toutes les formes possibles, depuis le simple fait de refuser nos repas, de refuser de sortir de nos chambres, jusqu\u2019\u00e0 l\u2019effort le plus p\u00e9nible, physiquement et physiologiquement, la gr\u00e8ve de l<\/span><span lang=\"fr-FR\">a faim stricte<\/span><span lang=\"fr-FR\">. Ce ne sont l\u00e0 que quelques-uns des moyens utilis\u00e9s par les prisonniers palestiniens pour lutter, obtenir leurs droits les plus \u00e9l\u00e9mentaires et pour pr\u00e9server une part de leur dignit\u00e9. <\/span><\/span><\/span><\/span><\/p>\n<p><span style=\"color: #000000;\"><span style=\"font-family: Arial, sans-serif;\"><span style=\"font-size: small;\">La prison est l\u2019art d\u2019explorer les possibilit\u00e9s, c\u2019est une \u00e9cole qui vous enseigne comment r\u00e9soudre les d\u00e9fis quotidiens par les moyens les plus simples et les plus cr\u00e9atifs, qu\u2019il s\u2019agisse de pr\u00e9parer la nourriture, de raccommoder de vieux v\u00eatements ou de trouver un terrain d\u2019entente pour, ensemble, pouvoir endurer et survivre. <\/span><\/span><\/span><\/p>\n<p><span style=\"color: #000000;\"><span style=\"font-family: Arial, sans-serif;\"><span style=\"font-size: small;\">En prison, nous devons prendre conscience du temps qui passe, car sinon, le temps s\u2019arr\u00eate. Nous faisons donc tout notre possible pour combattre la routine, pour saisir toutes les occasions de faire la f\u00eate et comm\u00e9morer chaque \u00e9v\u00e9nement important de notre vie, personnel ou collectif. <\/span><\/span><\/span><\/p>\n<p><span style=\"color: #000000;\"><span style=\"font-family: Arial, sans-serif;\"><span style=\"font-size: small;\"><span lang=\"fr-FR\">Les femmes d\u00e9tenues dans les prisons isra\u00e9liennes <\/span><span lang=\"fr-FR\">sont trait\u00e9es un peu diff\u00e9remment des hommes par le type de violences qu\u2019elles subissent mais aussi dans leur degr\u00e9 d&rsquo;isolement. <\/span><span lang=\"fr-FR\">Les femmes d\u00e9tenues \u00e9tant beaucoup moins nombreuses que les hommes, il est plus facile pour les autorit\u00e9s p\u00e9nitentiaires de les couper totalement du reste du monde. De plus, il n&rsquo;y a que quelques prisonni\u00e8res qui ont des dipl\u00f4mes universitaires, le niveau d&rsquo;\u00e9ducation de ces femmes \u00e9tant en moyenne dramatiquement bas.<\/span><\/span><\/span><\/span><\/p>\n<p><span style=\"color: #000000;\"><span style=\"font-family: Arial, sans-serif;\"><span style=\"font-size: small;\"><span lang=\"fr-FR\">J&rsquo;en \u00e9tais d\u00e9j\u00e0 consciente lorsque j&rsquo;ai \u00e9t\u00e9 emprisonn\u00e9e en 2015, purgeant la majeure partie du temps d\u2019incarc\u00e9ration dans la prison de HaSharon. J&rsquo;ai alors d\u00e9cid\u00e9 de me concentrer sur la question de l&rsquo;\u00e9ducation des femmes qui n&rsquo;ont pas eu la possibilit\u00e9 de terminer leur scolarit\u00e9, souvent en raison de conditions sociales difficiles. L&rsquo;id\u00e9e s&rsquo;est rapidement impos\u00e9e \u00e0 moi : si j\u2019aidais quelques femmes \u00e0 obtenir leur dipl\u00f4me de fin d&rsquo;\u00e9tudes secondaires, j&rsquo;aurais fait bon usage de mon temps en prison. Ces dipl\u00f4mes leur permettraient de poursuivre des \u00e9tudes universitaires au moment opportun et, \u00e9ventuellement, d\u2019obtenir un niveau m<\/span><span lang=\"fr-FR\">\u00eame relatif <\/span><span lang=\"fr-FR\">d&rsquo;ind\u00e9pendance \u00e9conomique. Et plus important : arm\u00e9es d&rsquo;une instruction solide, ces femmes pourraient davantage contribuer \u00e0 l\u2019autonomisation des communaut\u00e9s palestiniennes.<\/span><\/span><\/span><\/span><\/p>\n<p><span style=\"color: #000000;\"><span style=\"font-family: Arial, sans-serif;\"><span style=\"font-size: small;\"><span lang=\"fr-FR\">Mais tous les prisonniers, et en particulier les femmes, font face \u00e0 de nombreux obstacles. L\u2019administration p\u00e9nitentiaire isra\u00e9lienne (ndt\u00a0: l&rsquo;IPS est l&rsquo;autorit\u00e9 p\u00e9nitentiaire nationale en Isra\u00ebl) impose de nombreuses restrictions aux prisonniers qui souhaitent poursuivre des \u00e9tudes. M\u00eame lorsque l&rsquo;IPS accepte, en principe, d&rsquo;accorder un tel droit, elle veille \u00e0 ce que les conditions pratiques ne soient pas toutes remplies, comme la disponibilit\u00e9 de salles, de tableaux, de fournitures et d&rsquo;enseignants qualifi\u00e9s.<\/span><\/span><\/span><\/span><\/p>\n<p><iframe loading=\"lazy\" title=\"Khalida Jarrar\" width=\"600\" height=\"338\" src=\"https:\/\/www.youtube.com\/embed\/lktcobfxds4?feature=oembed\" frameborder=\"0\" allow=\"accelerometer; autoplay; clipboard-write; encrypted-media; gyroscope; picture-in-picture; web-share\" referrerpolicy=\"strict-origin-when-cross-origin\" allowfullscreen><\/iframe><\/p>\n<p><span style=\"color: #000000;\"><span style=\"font-family: Arial, sans-serif;\"><span style=\"font-size: small;\"><span lang=\"fr-FR\">Ce dernier obstacle a toutefois \u00e9t\u00e9 lev\u00e9 du fait que je suis titulaire d&rsquo;une ma\u00eetrise, ce qui me qualifie, aux yeux du minist\u00e8re palestinien de l\u2019\u00c9ducation, pour exercer les fonctions d&rsquo;enseignante et superviser les examens de fin d&rsquo;\u00e9tudes secondaires, connus sous le nom de <\/span><span lang=\"fr-FR\"><i>Tawjihi.<\/i><\/span><span lang=\"fr-FR\"> Le simple fait de voir l\u2019enthousiasme des filles lorsque je leur ai soumis l&rsquo;id\u00e9e m&rsquo;a encourag\u00e9e \u00e0 m&rsquo;atteler \u00e0 cette t\u00e2che consid\u00e9rable, la premi\u00e8re initiative de ce genre dans l&rsquo;histoire des femmes palestiniennes d\u00e9tenues dans les prisons isra\u00e9liennes.<\/span><\/span><\/span><\/span><\/p>\n<p><span style=\"color: #000000;\"><span style=\"font-family: Arial, sans-serif;\"><span style=\"font-size: small;\"><span lang=\"fr-FR\">J&rsquo;ai commenc\u00e9 par contacter le minist\u00e8re de l&rsquo;Education (ndt\u00a0: <\/span><span lang=\"fr-FR\">d\u00e9pendant de l&rsquo;Autorit\u00e9 palestinienne \u00e0 Ramallah<\/span><span lang=\"fr-FR\">) <\/span><span lang=\"fr-FR\">afin de bien comprendre leurs normes et leurs exigences, ainsi que la mani\u00e8re dont celles-ci s&rsquo;appliquent aux femmes d\u00e9tenues qui souhaitent \u00e9tudier pour leur examen final. Ma premi\u00e8re classe se composait de cinq \u00e9tudiantes qui ont relev\u00e9 le d\u00e9fi avec une grande motivation.<\/span><\/span><\/span><\/span><\/p>\n<p><span style=\"color: #000000;\"><span style=\"font-family: Arial, sans-serif;\"><span style=\"font-size: small;\"><span lang=\"fr-FR\">\u00c0 ce stade, l&rsquo;administration p\u00e9nitentiaire n&rsquo;\u00e9tait pas vraiment consciente de la teneur de notre \u00ab action \u00bb, de sorte que les restrictions qu&rsquo;elle imposait \u00e9taient juste d&rsquo;ordre fonctionnel et administratif. En fait, l&rsquo;exp\u00e9rience \u00e9tait nouvelle pour nous tous, et surtout pour moi. Je dois admettre que j\u2019exag\u00e9rais peut-<\/span><span lang=\"fr-FR\">\u00eatre <\/span><span lang=\"fr-FR\">mes attentes dans ma volont\u00e9 d&rsquo;assurer un haut degr\u00e9 de professionnalisme universitaire dans mes cours et dans l&rsquo;examen terminal. Je voulais avant tout m&rsquo;assurer que je ne violais pas mes principes, car je voulais sinc\u00e8rement que ces femmes m\u00e9ritent leur dipl\u00f4me et qu&rsquo;elles renforcent leurs exigences vis-\u00e0-vis d\u2019elles-m\u00eames.<\/span><\/span><\/span><\/span><\/p>\n<p><span style=\"color: #000000;\"><span style=\"font-family: Arial, sans-serif;\"><span style=\"font-size: small;\"><span lang=\"fr-FR\">Nous avions peu de fournitures scolaires. En fait, chaque classe devait se partager un seul manuel qui avait \u00e9t\u00e9 laiss\u00e9 par des enfants palestiniens prisonniers avant qu&rsquo;ils ne soient transf\u00e9r\u00e9s par l&rsquo;IPS dans un autre \u00e9tablissement. Nous avons copi\u00e9 les quelques manuels \u00e0 la main et ainsi plusieurs \u00e9l\u00e8ves ont pu suivre les le\u00e7ons en m\u00eame temps. Elles \u00e9tudiaient beaucoup. Un seul cours durait parfois plusieurs heures, ce qui impliquait pour elles de perdre sans h\u00e9siter la seule sortie de la journ\u00e9e, quand elles \u00e9taient autoris\u00e9es \u00e0 quitter leur cellule. Nous avions tant de choses \u00e0 traiter et en si peu de temps. Finalement, cinq \u00e9tudiantes se sont pr\u00e9sent\u00e9es \u00e0 l&rsquo;examen et leurs travaux ont \u00e9t\u00e9 envoy\u00e9s au minist\u00e8re de l&rsquo;Education pour \u00eatre valid\u00e9s. Quelques semaines plus tard, les r\u00e9sultats nous sont parvenus. Deux des \u00e9tudiantes avaient <\/span><span lang=\"fr-FR\">r\u00e9ussi<\/span><span lang=\"fr-FR\">.<\/span><\/span><\/span><\/span><\/p>\n<p><span style=\"color: #000000;\"><span style=\"font-family: Arial, sans-serif;\"><span style=\"font-size: small;\"><span lang=\"fr-FR\">Ce fut un moment magique. La nouvelle que deux \u00e9tudiantes avaient r\u00e9ussi \u00e0 d\u00e9crocher leur dipl<\/span><span lang=\"fr-FR\">\u00f4me<\/span><span lang=\"fr-FR\"> en prison s&rsquo;est rapidement r\u00e9pandue parmi tous les prisonniers, leurs familles et les organisations qui d\u00e9fendent les droits des d\u00e9tenus. Les filles ont f\u00eat\u00e9 la nouvelle et toutes leurs camarades se sont senties vraiment heureuses pour elles. Nous nous sommes \u00e0 nouveau rapidement mobilis\u00e9es, pr\u00e9parant une nouvelle promotion. Mais plus notre r\u00e9ussite \u00e9tait connue, plus les autorit\u00e9s p\u00e9nitentiaires s&rsquo;inqui\u00e9taient. Je n&rsquo;ai pas du tout \u00e9t\u00e9 surprise que l&rsquo;IPS d\u00e9cide de compliquer \u00e0 l\u2019extr<\/span><span lang=\"fr-FR\">\u00eame<\/span><span lang=\"fr-FR\"> la m\u00eame exp\u00e9rience pour le deuxi\u00e8me groupe, \u00e9galement compos\u00e9 de cinq \u00e9tudiantes.<\/span><\/span><\/span><\/span><\/p>\n<p><span style=\"color: #000000;\"><span style=\"font-family: Arial, sans-serif;\"><span style=\"font-size: small;\">C&rsquo;\u00e9tait une v\u00e9ritable bataille, mais nous avions la ferme intention de ne rien c\u00e9der, quelles que soient les pressions. L&rsquo;administration p\u00e9nitentiaire m&rsquo;a officiellement inform\u00e9e que je n&rsquo;\u00e9tais plus autoris\u00e9e \u00e0 dispenser des cours aux prisonni\u00e8res. Ils m&rsquo;ont maintes fois harcel\u00e9e, mena\u00e7ant de m&rsquo;envoyer en isolement. Mais je connais bien le droit international et je n\u2019ai eu de cesse de dire aux Isra\u00e9liens que je connaissais les droits des prisonniers et que je n&rsquo;avais pas l&rsquo;intention de baisser les bras. En d\u00e9pit de tout, j&rsquo;ai r\u00e9ussi \u00e0 enseigner au deuxi\u00e8me groupe, pr\u00e9parant moi-m\u00eame les examens en coordination avec le minist\u00e8re de l&rsquo;Education. Cette fois-ci, les cinq \u00e9tudiantes ont r\u00e9ussi. Ce fut un beau triomphe.<\/span><\/span><\/span><\/p>\n<p><span style=\"color: #000000;\"><span style=\"font-family: Arial, sans-serif;\"><span style=\"font-size: small;\"><span lang=\"fr-FR\">Apr\u00e8s ce que nous avons r\u00e9ussi, j&rsquo;ai compris qu&rsquo;il \u00e9tait n\u00e9cessaire d&rsquo;institutionnaliser l&rsquo;exp\u00e9rience de formation pour les femmes d\u00e9tenues, et de ne pas la faire d\u00e9pendre de moi-m<\/span><span lang=\"fr-FR\">\u00eame<\/span><span lang=\"fr-FR\"> ou d\u2019une seule personne. Pour que cela fonctionne \u00e0 long terme, il faut que ce soit un effort collectif, une mission qui doit \u00eatre d\u00e9fendue par chaque groupe de femmes en prison pour les ann\u00e9es \u00e0 venir. J&rsquo;ai mis l&rsquo;accent sur la formation de d\u00e9tenues qualifi\u00e9es, en les impliquant dans l&rsquo;enseignement et en les familiarisant avec le processus administratif exig\u00e9 par le minist\u00e8re de l&rsquo;Education. J&rsquo;ai mis en place le dispositif n\u00e9cessaire pour assurer une transition en douceur pour le troisi\u00e8me groupe de dipl\u00f4m\u00e9es, car j&rsquo;anticipais une lib\u00e9ration prochaine.<\/span><\/span><\/span><\/span><\/p>\n<p><span style=\"color: #000000;\"><span style=\"font-family: Arial, sans-serif;\"><span style=\"font-size: small;\">J&rsquo;ai \u00e9t\u00e9 lib\u00e9r\u00e9e en juin 2016. Bien que je sois retourn\u00e9e \u00e0 ma vie normale et \u00e0 mon travail professionnel, je n&rsquo;ai jamais cess\u00e9 de penser \u00e0 mes camarades de prison, \u00e0 leurs luttes et \u00e0 leurs \u00e9preuves quotidiennes, en particulier \u00e0 celles qui souhaitaient obtenir la qualification dont elles avaient besoin et qu&rsquo;elles m\u00e9ritaient. J&rsquo;ai \u00e9t\u00e9 ravie d&rsquo;apprendre que deux d\u00e9tenues s&rsquo;\u00e9taient pr\u00e9sent\u00e9es aux examens finaux apr\u00e8s mon d\u00e9part et avaient obtenu leur dipl\u00f4me. Je me suis sentie aussi heureuse que lorsque j&rsquo;ai \u00e9t\u00e9 lib\u00e9r\u00e9e et que j&rsquo;ai retrouv\u00e9 ma famille. J&rsquo;ai \u00e9galement \u00e9t\u00e9 soulag\u00e9e de constater que le syst\u00e8me que j&rsquo;avais mis en place avant ma sortie de prison fonctionnait. Cela m&rsquo;a donn\u00e9 beaucoup d&rsquo;espoir pour l&rsquo;avenir.<\/span><\/span><\/span><\/p>\n<p><span style=\"color: #000000;\"><span style=\"font-family: Arial, sans-serif;\"><span style=\"font-size: small;\">En juillet 2017, l&rsquo;arm\u00e9e isra\u00e9lienne m&rsquo;a de nouveau arr\u00eat\u00e9e, cette fois pour 20 mois. Je me suis retrouv\u00e9e dans la m\u00eame prison de HaSharon. Il y avait beaucoup plus de prisonni\u00e8res qu&rsquo;auparavant. Imm\u00e9diatement, avec l&rsquo;aide d&rsquo;autres d\u00e9tenues dipl\u00f4m\u00e9es, nous avons commenc\u00e9 \u00e0 nous pr\u00e9parer pour que le quatri\u00e8me groupe passe son examen. Cette fois-l\u00e0, neuf prisonni\u00e8res suivirent les cours, et il y avait davantage d&rsquo;enseignants et d&rsquo;administrateurs b\u00e9n\u00e9voles. La prison s&rsquo;est soudainement transform\u00e9e en un lieu de formation et d\u2019autonomisation.<\/span><\/span><\/span><\/p>\n<p><span style=\"color: #000000;\"><span style=\"font-family: Arial, sans-serif;\"><span style=\"font-size: small;\"><span lang=\"fr-FR\">L&rsquo;administration p\u00e9nitentiaire en perdait la t<\/span><span lang=\"fr-FR\">\u00eate<\/span><span lang=\"fr-FR\"> ! Elle m&rsquo;a accus\u00e9e de provocation et a pris une s\u00e9rie de mesures pour mettre un terme \u00e0 tout le processus d\u2019enseignement. Nous avons relev\u00e9 le d\u00e9fi. Lorsqu&rsquo;ils ont ferm\u00e9 notre salle de classe, nous nous sommes mises en gr\u00e8ve. Lorsqu&rsquo;ils ont confisqu\u00e9 nos stylos et nos crayons, nous avons utilis\u00e9 des crayons de couleur. Lorsqu&rsquo;ils ont pris notre tableau noir, nous avons d\u00e9croch\u00e9 une fen\u00eatre et nous avons \u00e9crit dessus. Nous la passions en cachette d&rsquo;une pi\u00e8ce \u00e0 l&rsquo;autre pendant les heures que nous avions r\u00e9serv\u00e9es \u00e0 l&rsquo;enseignement. Les gardiens ont essay\u00e9 tous les stratag\u00e8mes possibles pour nous emp\u00eacher d&rsquo;exercer notre droit \u00e0 l&rsquo;\u00e9ducation. Pour montrer notre d\u00e9termination \u00e0 passer outre, nous avons baptis\u00e9 le quatri\u00e8me groupe \u00ab Le bataillon du d\u00e9fi \u00bb. Finalement, notre volont\u00e9 s&rsquo;est av\u00e9r\u00e9e plus forte que leur injustice et nous avons men\u00e9 \u00e0 bien l&rsquo;ensemble du projet. Toutes les femmes qui ont pass\u00e9 l&rsquo;examen final l&rsquo;ont r\u00e9ussi haut la main.<\/span><\/span><\/span><\/span><\/p>\n<p><span style=\"color: #000000;\"><span style=\"font-family: Arial, sans-serif;\"><span style=\"font-size: small;\">D\u00e9crire avec des mots simples ce que nous avons ressenti ces jours-l\u00e0. n\u2019est pas ais\u00e9. C&rsquo;\u00e9tait une grande victoire. Nous avons d\u00e9cor\u00e9 les murs de la prison et nous avons fait la f\u00eate. Nous \u00e9tions toutes heureuses, souriantes et en pleine liesse pour ce que nous avions r\u00e9ussi \u00e0 accomplir ensemble, en nous unissant contre les pratiques injustes d&rsquo;Isra\u00ebl et de son administration p\u00e9nitentiaire. La nouvelle a franchi les murs de la prison et les familles des laur\u00e9ates ont c\u00e9l\u00e9br\u00e9 l\u2019\u00e9v\u00e8nement dans toute la Palestine.<\/span><\/span><\/span><\/p>\n<p><span style=\"color: #000000;\"><span style=\"font-family: Arial, sans-serif;\"><span style=\"font-size: small;\">La cinqui\u00e8me promotion \u00e9tait le couronnement de cette \u0153uvre collective. C&rsquo;\u00e9tait la juste r\u00e9compense de mois de lutte et d&rsquo;\u00e9preuves que nous avions surmont\u00e9es, d\u00e9fendant notre droit \u00e0 l&rsquo;\u00e9ducation. Sept autres \u00e9tudiantes se pr\u00e9parent actuellement \u00e0 l&rsquo;examen final, dans l&rsquo;espoir de rejoindre les 18 dipl\u00f4m\u00e9es qui ont connu le succ\u00e8s depuis le d\u00e9but de l&rsquo;exp\u00e9rience en 2015.<\/span><\/span><\/span><\/p>\n<p><span style=\"color: #000000;\"><span style=\"font-family: Arial, sans-serif;\"><span style=\"font-size: small;\"><span lang=\"fr-FR\">Les aspirations des d\u00e9tenues ont \u00e9volu\u00e9, car elles se sont senties r\u00e9ellement comp\u00e9tentes et responsabilis\u00e9es par l&rsquo;enseignement re\u00e7u, d&rsquo;autant plus qu&rsquo;elles ont support\u00e9 tant d&rsquo;\u00e9preuves pour obtenir ce qui devrait \u00eatre un droit fondamental pour tous. Celles qui ont obtenu leur <\/span><span lang=\"fr-FR\"><i>Tawjihi<\/i><\/span><span lang=\"fr-FR\"> sont pr\u00eates \u00e0 passer \u00e0 un niveau d&rsquo;\u00e9tude sup\u00e9rieur. Cependant, comme le minist\u00e8re de l&rsquo;Education n&rsquo;est pas encore pr\u00eat pour cette \u00e9tape, les prisonniers mettent en place des solutions d\u2019attente.<\/span><\/span><\/span><\/span><\/p>\n<p><span style=\"color: #000000;\"><span style=\"font-family: Arial, sans-serif;\"><span style=\"font-size: small;\">Du fait que je suis titulaire d&rsquo;une ma\u00eetrise en D\u00e9mocratie et Droits de l&rsquo;Homme et que j&rsquo;ai une longue exp\u00e9rience dans ce domaine gr\u00e2ce \u00e0 mon travail avec Addameer et le Conseil L\u00e9gislatif Palestinien, entre autres institutions, j&rsquo;ai propos\u00e9 \u00e0 mes \u00e9tudiantes un cours en Droit International et Humanitaire. Pour cet enseignement, j&rsquo;ai r\u00e9ussi \u00e0 faire entrer en prison certains des documents les plus importants et les plus pertinents relatifs aux trait\u00e9s internationaux sur les Droits de l&rsquo;homme, dont les traductions en arabe des quatre Conventions de Gen\u00e8ve. Certains de ces documents ont \u00e9t\u00e9 fournis par la Croix-Rouge, d&rsquo;autres par des membres de ma famille venus me voir en prison.<\/span><\/span><\/span><\/p>\n<p><span style=\"color: #000000;\"><span style=\"font-family: Arial, sans-serif;\"><span style=\"font-size: small;\"><span lang=\"fr-FR\">Quarante-neuf prisonni\u00e8res ont suivi le cours, divis\u00e9 en plusieurs sessions de deux mois chacune. \u00c0 la fin du cours, les participantes ont re\u00e7u un certificat attestant qu&rsquo;elles avaient suivi 36 heures de formation en Droit International et Humanitaire, dont les r\u00e9sultats ont \u00e9t\u00e9 certifi\u00e9s par plusieurs minist\u00e8res palestiniens. Pendant que nous f<\/span><span lang=\"fr-FR\">\u00eations l\u2019\u00e9v\u00e8nement<\/span><span lang=\"fr-FR\"> en prison, une grande c\u00e9r\u00e9monie parrain\u00e9e par le minist\u00e8re palestinien des Affaires p\u00e9nitentiaires s&rsquo;est tenue \u00e0 l&rsquo;ext\u00e9rieur, \u00e0 laquelle ont assist\u00e9 les familles et d\u2019ex-prisonniers et prisonni\u00e8res, le tout dans une ambiance extraordinaire.<\/span><\/span><\/span><\/span><\/p>\n<p><span style=\"color: #000000;\"><span style=\"font-family: Arial, sans-serif;\"><span style=\"font-size: small;\">En fin de compte, nous avons fait plus que passer du d\u00e9sespoir \u00e0 l&rsquo;espoir. Nous avons aussi \u00e9volu\u00e9 dans notre discours, dans la mani\u00e8re dont nous percevions la prison et ses gardiens, mais aussi nous-m\u00eames,. Nous avons vaincu tout sentiment d&rsquo;inf\u00e9riorit\u00e9 et fait des murs de la prison, une opportunit\u00e9. Lorsque j&rsquo;ai vu les sourires radieux sur les visages de mes \u00e9l\u00e8ves qui avaient termin\u00e9 leurs \u00e9tudes secondaires en prison, j&rsquo;ai eu le sentiment que ma mission avait \u00e9t\u00e9 remplie.<\/span><\/span><\/span><\/p>\n<p><span style=\"color: #000000;\"><span style=\"font-family: Arial, sans-serif;\"><span style=\"font-size: small;\">L&rsquo;espoir en prison est une fleur qui pousse sur une pierre. Pour nous, Palestiniens, l&rsquo;\u00e9ducation est notre premi\u00e8re arme. Avec elle, nous serons toujours victorieux.<\/span><\/span><\/span><\/p>\n<p><span style=\"color: #000000;\"><span style=\"font-family: Arial, sans-serif;\"><span style=\"font-size: small;\">&#8212; Khalida Jarrar<\/span><\/span><\/span><\/p>\n<p><span style=\"font-family: Arial, sans-serif;\"><span style=\"font-size: small;\"><span style=\"color: #000000;\">Article original en anglais sur <a href=\"https:\/\/www.palestinechronicle.com\/fashioning-hope-out-of-despair-who-is-khalida-jarrar-iconic-palestinian-leader-detained-by-israel\/\">The Palestine Chronicle<\/a> \/ Traduction Chroniques de Palestine \u2013 Chris &amp; Dine<\/span><\/span><\/span><\/p>\n","protected":false},"excerpt":{"rendered":"<p>The Palestine Chronicle, 26 d\u00e9cembre 2023. Les forces isra\u00e9liennes ont arr\u00eat\u00e9 l\u2019embl\u00e9matique dirigeante palestinienne Khalida Jarrar, mardi 26 d\u00e9cembre, \u00e0 son domicile de Ramallah, en Cisjordanie occup\u00e9e. L\u2019agence de presse <a class=\"more-link\" href=\"https:\/\/ismfrance.org\/index.php\/2023\/12\/28\/lespoir-nait-du-desespoir-qui-est-khalida-jarrar-dirigeante-palestinienne-detenue-par-israel\/\">Lire la suite &rarr;<\/a><\/p>\n","protected":false},"author":3,"featured_media":8494,"comment_status":"closed","ping_status":"closed","sticky":false,"template":"","format":"standard","meta":{"footnotes":""},"categories":[12,2],"tags":[58,413,3],"class_list":["post-8492","post","type-post","status-publish","format-standard","has-post-thumbnail","hentry","category-analyses","category-articles","tag-histoire","tag-pris","tag-resistance"],"yoast_head":"<!-- This site is optimized with the Yoast SEO plugin v27.2 - https:\/\/yoast.com\/product\/yoast-seo-wordpress\/ -->\n<title>L&#039;espoir na\u00eet du d\u00e9sespoir : qui est Khalida Jarrar, dirigeante palestinienne d\u00e9tenue par Isra\u00ebl ? - International Solidarity Movement - ISM-France<\/title>\n<meta name=\"robots\" content=\"index, follow, max-snippet:-1, max-image-preview:large, max-video-preview:-1\" \/>\n<link rel=\"canonical\" href=\"https:\/\/ismfrance.org\/index.php\/2023\/12\/28\/lespoir-nait-du-desespoir-qui-est-khalida-jarrar-dirigeante-palestinienne-detenue-par-israel\/\" \/>\n<meta property=\"og:locale\" content=\"fr_FR\" \/>\n<meta property=\"og:type\" content=\"article\" \/>\n<meta property=\"og:title\" content=\"L&#039;espoir na\u00eet du d\u00e9sespoir : qui est Khalida Jarrar, dirigeante palestinienne d\u00e9tenue par Isra\u00ebl ? - International Solidarity Movement - ISM-France\" \/>\n<meta property=\"og:description\" content=\"The Palestine Chronicle, 26 d\u00e9cembre 2023. Les forces isra\u00e9liennes ont arr\u00eat\u00e9 l\u2019embl\u00e9matique dirigeante palestinienne Khalida Jarrar, mardi 26 d\u00e9cembre, \u00e0 son domicile de Ramallah, en Cisjordanie occup\u00e9e. L\u2019agence de presse Lire la suite &rarr;\" \/>\n<meta property=\"og:url\" content=\"https:\/\/ismfrance.org\/index.php\/2023\/12\/28\/lespoir-nait-du-desespoir-qui-est-khalida-jarrar-dirigeante-palestinienne-detenue-par-israel\/\" \/>\n<meta property=\"og:site_name\" content=\"International Solidarity Movement - ISM-France\" \/>\n<meta property=\"article:published_time\" content=\"2023-12-28T08:04:37+00:00\" \/>\n<meta property=\"og:image\" content=\"https:\/\/ismfrance.org\/wp-content\/uploads\/2023\/12\/khalida.jpg\" \/>\n\t<meta property=\"og:image:width\" content=\"678\" \/>\n\t<meta property=\"og:image:height\" content=\"455\" \/>\n\t<meta property=\"og:image:type\" content=\"image\/jpeg\" \/>\n<meta name=\"author\" content=\"mru_01\" \/>\n<meta name=\"twitter:card\" content=\"summary_large_image\" \/>\n<meta name=\"twitter:creator\" content=\"@ISMFRANCE\" \/>\n<meta name=\"twitter:site\" content=\"@ISMFRANCE\" \/>\n<meta name=\"twitter:label1\" content=\"\u00c9crit par\" \/>\n\t<meta name=\"twitter:data1\" content=\"mru_01\" \/>\n\t<meta name=\"twitter:label2\" content=\"Dur\u00e9e de lecture estim\u00e9e\" \/>\n\t<meta name=\"twitter:data2\" content=\"16 minutes\" \/>\n<script type=\"application\/ld+json\" class=\"yoast-schema-graph\">{\"@context\":\"https:\/\/schema.org\",\"@graph\":[{\"@type\":\"Article\",\"@id\":\"https:\/\/ismfrance.org\/index.php\/2023\/12\/28\/lespoir-nait-du-desespoir-qui-est-khalida-jarrar-dirigeante-palestinienne-detenue-par-israel\/#article\",\"isPartOf\":{\"@id\":\"https:\/\/ismfrance.org\/index.php\/2023\/12\/28\/lespoir-nait-du-desespoir-qui-est-khalida-jarrar-dirigeante-palestinienne-detenue-par-israel\/\"},\"author\":{\"name\":\"mru_01\",\"@id\":\"https:\/\/ismfrance.org\/#\/schema\/person\/3c411eb72adfaae19c0dca1f41fae01d\"},\"headline\":\"L&rsquo;espoir na\u00eet du d\u00e9sespoir : qui est Khalida Jarrar, dirigeante palestinienne d\u00e9tenue par Isra\u00ebl ?\",\"datePublished\":\"2023-12-28T08:04:37+00:00\",\"mainEntityOfPage\":{\"@id\":\"https:\/\/ismfrance.org\/index.php\/2023\/12\/28\/lespoir-nait-du-desespoir-qui-est-khalida-jarrar-dirigeante-palestinienne-detenue-par-israel\/\"},\"wordCount\":3495,\"publisher\":{\"@id\":\"https:\/\/ismfrance.org\/#organization\"},\"image\":{\"@id\":\"https:\/\/ismfrance.org\/index.php\/2023\/12\/28\/lespoir-nait-du-desespoir-qui-est-khalida-jarrar-dirigeante-palestinienne-detenue-par-israel\/#primaryimage\"},\"thumbnailUrl\":\"https:\/\/ismfrance.org\/wp-content\/uploads\/2023\/12\/khalida.jpg\",\"keywords\":[\"Histoire\",\"pris\",\"R\u00e9sistance\"],\"articleSection\":[\"Analyses\",\"Articles\"],\"inLanguage\":\"fr-FR\"},{\"@type\":\"WebPage\",\"@id\":\"https:\/\/ismfrance.org\/index.php\/2023\/12\/28\/lespoir-nait-du-desespoir-qui-est-khalida-jarrar-dirigeante-palestinienne-detenue-par-israel\/\",\"url\":\"https:\/\/ismfrance.org\/index.php\/2023\/12\/28\/lespoir-nait-du-desespoir-qui-est-khalida-jarrar-dirigeante-palestinienne-detenue-par-israel\/\",\"name\":\"L'espoir na\u00eet du d\u00e9sespoir : qui est Khalida Jarrar, dirigeante palestinienne d\u00e9tenue par Isra\u00ebl ? - International Solidarity Movement - ISM-France\",\"isPartOf\":{\"@id\":\"https:\/\/ismfrance.org\/#website\"},\"primaryImageOfPage\":{\"@id\":\"https:\/\/ismfrance.org\/index.php\/2023\/12\/28\/lespoir-nait-du-desespoir-qui-est-khalida-jarrar-dirigeante-palestinienne-detenue-par-israel\/#primaryimage\"},\"image\":{\"@id\":\"https:\/\/ismfrance.org\/index.php\/2023\/12\/28\/lespoir-nait-du-desespoir-qui-est-khalida-jarrar-dirigeante-palestinienne-detenue-par-israel\/#primaryimage\"},\"thumbnailUrl\":\"https:\/\/ismfrance.org\/wp-content\/uploads\/2023\/12\/khalida.jpg\",\"datePublished\":\"2023-12-28T08:04:37+00:00\",\"breadcrumb\":{\"@id\":\"https:\/\/ismfrance.org\/index.php\/2023\/12\/28\/lespoir-nait-du-desespoir-qui-est-khalida-jarrar-dirigeante-palestinienne-detenue-par-israel\/#breadcrumb\"},\"inLanguage\":\"fr-FR\",\"potentialAction\":[{\"@type\":\"ReadAction\",\"target\":[\"https:\/\/ismfrance.org\/index.php\/2023\/12\/28\/lespoir-nait-du-desespoir-qui-est-khalida-jarrar-dirigeante-palestinienne-detenue-par-israel\/\"]}]},{\"@type\":\"ImageObject\",\"inLanguage\":\"fr-FR\",\"@id\":\"https:\/\/ismfrance.org\/index.php\/2023\/12\/28\/lespoir-nait-du-desespoir-qui-est-khalida-jarrar-dirigeante-palestinienne-detenue-par-israel\/#primaryimage\",\"url\":\"https:\/\/ismfrance.org\/wp-content\/uploads\/2023\/12\/khalida.jpg\",\"contentUrl\":\"https:\/\/ismfrance.org\/wp-content\/uploads\/2023\/12\/khalida.jpg\",\"width\":678,\"height\":455},{\"@type\":\"BreadcrumbList\",\"@id\":\"https:\/\/ismfrance.org\/index.php\/2023\/12\/28\/lespoir-nait-du-desespoir-qui-est-khalida-jarrar-dirigeante-palestinienne-detenue-par-israel\/#breadcrumb\",\"itemListElement\":[{\"@type\":\"ListItem\",\"position\":1,\"name\":\"Accueil\",\"item\":\"https:\/\/ismfrance.org\/\"},{\"@type\":\"ListItem\",\"position\":2,\"name\":\"L&#8217;espoir na\u00eet du d\u00e9sespoir : qui est Khalida Jarrar, dirigeante palestinienne d\u00e9tenue par Isra\u00ebl ?\"}]},{\"@type\":\"WebSite\",\"@id\":\"https:\/\/ismfrance.org\/#website\",\"url\":\"https:\/\/ismfrance.org\/\",\"name\":\"ISM Palestine France\",\"description\":\"Soutien aux luttes de lib\u00e9ration du peuple palestinien\",\"publisher\":{\"@id\":\"https:\/\/ismfrance.org\/#organization\"},\"potentialAction\":[{\"@type\":\"SearchAction\",\"target\":{\"@type\":\"EntryPoint\",\"urlTemplate\":\"https:\/\/ismfrance.org\/?s={search_term_string}\"},\"query-input\":{\"@type\":\"PropertyValueSpecification\",\"valueRequired\":true,\"valueName\":\"search_term_string\"}}],\"inLanguage\":\"fr-FR\"},{\"@type\":\"Organization\",\"@id\":\"https:\/\/ismfrance.org\/#organization\",\"name\":\"International Solidarity Movement\",\"url\":\"https:\/\/ismfrance.org\/\",\"logo\":{\"@type\":\"ImageObject\",\"inLanguage\":\"fr-FR\",\"@id\":\"https:\/\/ismfrance.org\/#\/schema\/logo\/image\/\",\"url\":\"https:\/\/ismfrance.org\/wp-content\/uploads\/2020\/12\/00.png\",\"contentUrl\":\"https:\/\/ismfrance.org\/wp-content\/uploads\/2020\/12\/00.png\",\"width\":400,\"height\":400,\"caption\":\"International Solidarity Movement\"},\"image\":{\"@id\":\"https:\/\/ismfrance.org\/#\/schema\/logo\/image\/\"},\"sameAs\":[\"https:\/\/x.com\/ISMFRANCE\"]},{\"@type\":\"Person\",\"@id\":\"https:\/\/ismfrance.org\/#\/schema\/person\/3c411eb72adfaae19c0dca1f41fae01d\",\"name\":\"mru_01\",\"image\":{\"@type\":\"ImageObject\",\"inLanguage\":\"fr-FR\",\"@id\":\"https:\/\/secure.gravatar.com\/avatar\/3a0be343b445d2ccc79e87444a294fad2b232e90d2051d0e3cc219e1ecd6a330?s=96&d=mm&r=g\",\"url\":\"https:\/\/secure.gravatar.com\/avatar\/3a0be343b445d2ccc79e87444a294fad2b232e90d2051d0e3cc219e1ecd6a330?s=96&d=mm&r=g\",\"contentUrl\":\"https:\/\/secure.gravatar.com\/avatar\/3a0be343b445d2ccc79e87444a294fad2b232e90d2051d0e3cc219e1ecd6a330?s=96&d=mm&r=g\",\"caption\":\"mru_01\"},\"url\":\"https:\/\/ismfrance.org\/index.php\/author\/admin02\/\"}]}<\/script>\n<!-- \/ Yoast SEO plugin. -->","yoast_head_json":{"title":"L'espoir na\u00eet du d\u00e9sespoir : qui est Khalida Jarrar, dirigeante palestinienne d\u00e9tenue par Isra\u00ebl ? - International Solidarity Movement - ISM-France","robots":{"index":"index","follow":"follow","max-snippet":"max-snippet:-1","max-image-preview":"max-image-preview:large","max-video-preview":"max-video-preview:-1"},"canonical":"https:\/\/ismfrance.org\/index.php\/2023\/12\/28\/lespoir-nait-du-desespoir-qui-est-khalida-jarrar-dirigeante-palestinienne-detenue-par-israel\/","og_locale":"fr_FR","og_type":"article","og_title":"L'espoir na\u00eet du d\u00e9sespoir : qui est Khalida Jarrar, dirigeante palestinienne d\u00e9tenue par Isra\u00ebl ? - International Solidarity Movement - ISM-France","og_description":"The Palestine Chronicle, 26 d\u00e9cembre 2023. Les forces isra\u00e9liennes ont arr\u00eat\u00e9 l\u2019embl\u00e9matique dirigeante palestinienne Khalida Jarrar, mardi 26 d\u00e9cembre, \u00e0 son domicile de Ramallah, en Cisjordanie occup\u00e9e. L\u2019agence de presse Lire la suite &rarr;","og_url":"https:\/\/ismfrance.org\/index.php\/2023\/12\/28\/lespoir-nait-du-desespoir-qui-est-khalida-jarrar-dirigeante-palestinienne-detenue-par-israel\/","og_site_name":"International Solidarity Movement - ISM-France","article_published_time":"2023-12-28T08:04:37+00:00","og_image":[{"width":678,"height":455,"url":"https:\/\/ismfrance.org\/wp-content\/uploads\/2023\/12\/khalida.jpg","type":"image\/jpeg"}],"author":"mru_01","twitter_card":"summary_large_image","twitter_creator":"@ISMFRANCE","twitter_site":"@ISMFRANCE","twitter_misc":{"\u00c9crit par":"mru_01","Dur\u00e9e de lecture estim\u00e9e":"16 minutes"},"schema":{"@context":"https:\/\/schema.org","@graph":[{"@type":"Article","@id":"https:\/\/ismfrance.org\/index.php\/2023\/12\/28\/lespoir-nait-du-desespoir-qui-est-khalida-jarrar-dirigeante-palestinienne-detenue-par-israel\/#article","isPartOf":{"@id":"https:\/\/ismfrance.org\/index.php\/2023\/12\/28\/lespoir-nait-du-desespoir-qui-est-khalida-jarrar-dirigeante-palestinienne-detenue-par-israel\/"},"author":{"name":"mru_01","@id":"https:\/\/ismfrance.org\/#\/schema\/person\/3c411eb72adfaae19c0dca1f41fae01d"},"headline":"L&rsquo;espoir na\u00eet du d\u00e9sespoir : qui est Khalida Jarrar, dirigeante palestinienne d\u00e9tenue par Isra\u00ebl ?","datePublished":"2023-12-28T08:04:37+00:00","mainEntityOfPage":{"@id":"https:\/\/ismfrance.org\/index.php\/2023\/12\/28\/lespoir-nait-du-desespoir-qui-est-khalida-jarrar-dirigeante-palestinienne-detenue-par-israel\/"},"wordCount":3495,"publisher":{"@id":"https:\/\/ismfrance.org\/#organization"},"image":{"@id":"https:\/\/ismfrance.org\/index.php\/2023\/12\/28\/lespoir-nait-du-desespoir-qui-est-khalida-jarrar-dirigeante-palestinienne-detenue-par-israel\/#primaryimage"},"thumbnailUrl":"https:\/\/ismfrance.org\/wp-content\/uploads\/2023\/12\/khalida.jpg","keywords":["Histoire","pris","R\u00e9sistance"],"articleSection":["Analyses","Articles"],"inLanguage":"fr-FR"},{"@type":"WebPage","@id":"https:\/\/ismfrance.org\/index.php\/2023\/12\/28\/lespoir-nait-du-desespoir-qui-est-khalida-jarrar-dirigeante-palestinienne-detenue-par-israel\/","url":"https:\/\/ismfrance.org\/index.php\/2023\/12\/28\/lespoir-nait-du-desespoir-qui-est-khalida-jarrar-dirigeante-palestinienne-detenue-par-israel\/","name":"L'espoir na\u00eet du d\u00e9sespoir : qui est Khalida Jarrar, dirigeante palestinienne d\u00e9tenue par Isra\u00ebl ? - International Solidarity Movement - ISM-France","isPartOf":{"@id":"https:\/\/ismfrance.org\/#website"},"primaryImageOfPage":{"@id":"https:\/\/ismfrance.org\/index.php\/2023\/12\/28\/lespoir-nait-du-desespoir-qui-est-khalida-jarrar-dirigeante-palestinienne-detenue-par-israel\/#primaryimage"},"image":{"@id":"https:\/\/ismfrance.org\/index.php\/2023\/12\/28\/lespoir-nait-du-desespoir-qui-est-khalida-jarrar-dirigeante-palestinienne-detenue-par-israel\/#primaryimage"},"thumbnailUrl":"https:\/\/ismfrance.org\/wp-content\/uploads\/2023\/12\/khalida.jpg","datePublished":"2023-12-28T08:04:37+00:00","breadcrumb":{"@id":"https:\/\/ismfrance.org\/index.php\/2023\/12\/28\/lespoir-nait-du-desespoir-qui-est-khalida-jarrar-dirigeante-palestinienne-detenue-par-israel\/#breadcrumb"},"inLanguage":"fr-FR","potentialAction":[{"@type":"ReadAction","target":["https:\/\/ismfrance.org\/index.php\/2023\/12\/28\/lespoir-nait-du-desespoir-qui-est-khalida-jarrar-dirigeante-palestinienne-detenue-par-israel\/"]}]},{"@type":"ImageObject","inLanguage":"fr-FR","@id":"https:\/\/ismfrance.org\/index.php\/2023\/12\/28\/lespoir-nait-du-desespoir-qui-est-khalida-jarrar-dirigeante-palestinienne-detenue-par-israel\/#primaryimage","url":"https:\/\/ismfrance.org\/wp-content\/uploads\/2023\/12\/khalida.jpg","contentUrl":"https:\/\/ismfrance.org\/wp-content\/uploads\/2023\/12\/khalida.jpg","width":678,"height":455},{"@type":"BreadcrumbList","@id":"https:\/\/ismfrance.org\/index.php\/2023\/12\/28\/lespoir-nait-du-desespoir-qui-est-khalida-jarrar-dirigeante-palestinienne-detenue-par-israel\/#breadcrumb","itemListElement":[{"@type":"ListItem","position":1,"name":"Accueil","item":"https:\/\/ismfrance.org\/"},{"@type":"ListItem","position":2,"name":"L&#8217;espoir na\u00eet du d\u00e9sespoir : qui est Khalida Jarrar, dirigeante palestinienne d\u00e9tenue par Isra\u00ebl ?"}]},{"@type":"WebSite","@id":"https:\/\/ismfrance.org\/#website","url":"https:\/\/ismfrance.org\/","name":"ISM Palestine France","description":"Soutien aux luttes de lib\u00e9ration du peuple palestinien","publisher":{"@id":"https:\/\/ismfrance.org\/#organization"},"potentialAction":[{"@type":"SearchAction","target":{"@type":"EntryPoint","urlTemplate":"https:\/\/ismfrance.org\/?s={search_term_string}"},"query-input":{"@type":"PropertyValueSpecification","valueRequired":true,"valueName":"search_term_string"}}],"inLanguage":"fr-FR"},{"@type":"Organization","@id":"https:\/\/ismfrance.org\/#organization","name":"International Solidarity Movement","url":"https:\/\/ismfrance.org\/","logo":{"@type":"ImageObject","inLanguage":"fr-FR","@id":"https:\/\/ismfrance.org\/#\/schema\/logo\/image\/","url":"https:\/\/ismfrance.org\/wp-content\/uploads\/2020\/12\/00.png","contentUrl":"https:\/\/ismfrance.org\/wp-content\/uploads\/2020\/12\/00.png","width":400,"height":400,"caption":"International Solidarity Movement"},"image":{"@id":"https:\/\/ismfrance.org\/#\/schema\/logo\/image\/"},"sameAs":["https:\/\/x.com\/ISMFRANCE"]},{"@type":"Person","@id":"https:\/\/ismfrance.org\/#\/schema\/person\/3c411eb72adfaae19c0dca1f41fae01d","name":"mru_01","image":{"@type":"ImageObject","inLanguage":"fr-FR","@id":"https:\/\/secure.gravatar.com\/avatar\/3a0be343b445d2ccc79e87444a294fad2b232e90d2051d0e3cc219e1ecd6a330?s=96&d=mm&r=g","url":"https:\/\/secure.gravatar.com\/avatar\/3a0be343b445d2ccc79e87444a294fad2b232e90d2051d0e3cc219e1ecd6a330?s=96&d=mm&r=g","contentUrl":"https:\/\/secure.gravatar.com\/avatar\/3a0be343b445d2ccc79e87444a294fad2b232e90d2051d0e3cc219e1ecd6a330?s=96&d=mm&r=g","caption":"mru_01"},"url":"https:\/\/ismfrance.org\/index.php\/author\/admin02\/"}]}},"_links":{"self":[{"href":"https:\/\/ismfrance.org\/index.php\/wp-json\/wp\/v2\/posts\/8492","targetHints":{"allow":["GET"]}}],"collection":[{"href":"https:\/\/ismfrance.org\/index.php\/wp-json\/wp\/v2\/posts"}],"about":[{"href":"https:\/\/ismfrance.org\/index.php\/wp-json\/wp\/v2\/types\/post"}],"author":[{"embeddable":true,"href":"https:\/\/ismfrance.org\/index.php\/wp-json\/wp\/v2\/users\/3"}],"replies":[{"embeddable":true,"href":"https:\/\/ismfrance.org\/index.php\/wp-json\/wp\/v2\/comments?post=8492"}],"version-history":[{"count":0,"href":"https:\/\/ismfrance.org\/index.php\/wp-json\/wp\/v2\/posts\/8492\/revisions"}],"wp:featuredmedia":[{"embeddable":true,"href":"https:\/\/ismfrance.org\/index.php\/wp-json\/wp\/v2\/media\/8494"}],"wp:attachment":[{"href":"https:\/\/ismfrance.org\/index.php\/wp-json\/wp\/v2\/media?parent=8492"}],"wp:term":[{"taxonomy":"category","embeddable":true,"href":"https:\/\/ismfrance.org\/index.php\/wp-json\/wp\/v2\/categories?post=8492"},{"taxonomy":"post_tag","embeddable":true,"href":"https:\/\/ismfrance.org\/index.php\/wp-json\/wp\/v2\/tags?post=8492"}],"curies":[{"name":"wp","href":"https:\/\/api.w.org\/{rel}","templated":true}]}}