{"id":8467,"date":"2023-12-24T10:28:29","date_gmt":"2023-12-24T09:28:29","guid":{"rendered":"https:\/\/ismfrance.org\/?p=8467"},"modified":"2023-12-24T10:28:29","modified_gmt":"2023-12-24T09:28:29","slug":"israel-va-retirer-ses-troupes-terrestres-de-gaza-dans-une-nouvelle-phase-de-guerre","status":"publish","type":"post","link":"https:\/\/ismfrance.org\/index.php\/2023\/12\/24\/israel-va-retirer-ses-troupes-terrestres-de-gaza-dans-une-nouvelle-phase-de-guerre\/","title":{"rendered":"Isra\u00ebl va retirer ses troupes terrestres de Gaza dans une \u00ab nouvelle phase \u00bb de guerre"},"content":{"rendered":"<p><span style=\"color: #000000;\"><span style=\"font-family: Arial, sans-serif;\"><strong>The Cradle, 23 d\u00e9cembre 2023<\/strong>. L&rsquo;Autorit\u00e9 isra\u00e9lienne de radiodiffusion a r\u00e9v\u00e9l\u00e9 le 23 d\u00e9cembre que Tel-Aviv pr\u00e9voyait de <a href=\"https:\/\/sputnikarabic.ae\/20231223\/\u0625\u0639\u0644\u0627\u0645-\u063a\u0627\u0631\u0627\u062a-\u0641\u0642\u0637-\u0648\u0627\u0646\u0633\u062d\u0627\u0628-\u0627\u0644\u0642\u0648\u0627\u062a-\u0627\u0644\u0628\u0631\u064a\u0629-\u0625\u0633\u0631\u0627\u0626\u064a\u0644-\u062a\u0633\u062a\u0639\u062f-\u0644\u0645\u0631\u062d\u0644\u0629-\u062c\u062f\u064a\u062f\u0629-\u0641\u064a-\u063a\u0632\u0629--1084382562.html\">passer<\/a> \u00e0 une nouvelle phase de la guerre dans les semaines \u00e0 venir, en mettant fin aux op\u00e9rations terrestres et en se concentrant sur des frappes a\u00e9riennes lourdes sur la bande de Gaza.<\/span><\/span><\/p>\n<p><a href=\"https:\/\/ismfrance.org\/wp-content\/uploads\/2023\/12\/funeraille-soldat.png\"><img loading=\"lazy\" decoding=\"async\" class=\"size-large wp-image-8469 aligncenter\" src=\"https:\/\/ismfrance.org\/wp-content\/uploads\/2023\/12\/funeraille-soldat-700x457.png\" alt=\"\" width=\"600\" height=\"392\" srcset=\"https:\/\/ismfrance.org\/wp-content\/uploads\/2023\/12\/funeraille-soldat-700x457.png 700w, https:\/\/ismfrance.org\/wp-content\/uploads\/2023\/12\/funeraille-soldat-300x196.png 300w, https:\/\/ismfrance.org\/wp-content\/uploads\/2023\/12\/funeraille-soldat-768x501.png 768w, https:\/\/ismfrance.org\/wp-content\/uploads\/2023\/12\/funeraille-soldat.png 847w\" sizes=\"auto, (max-width: 600px) 100vw, 600px\" \/><\/a><\/p>\n<p><span style=\"color: #000000;\"><span style=\"font-family: Arial, sans-serif;\">\u00ab L\u2019arm\u00e9e isra\u00e9lienne se pr\u00e9pare \u00e0 passer \u00e0 la troisi\u00e8me phase des combats \u00e0 Gaza dans les semaines \u00e0 venir \u00bb, indique le rapport, citant des sources bien inform\u00e9es.<\/span><\/span><\/p>\n<p><span style=\"color: #000000;\"><span style=\"font-family: Arial, sans-serif;\">La cha\u00eene isra\u00e9lienne a ajout\u00e9 que cette phase comprendra \u00ab la fin des op\u00e9rations terrestres dans la bande de Gaza, la r\u00e9duction des forces et la d\u00e9mobilisation des forces de r\u00e9serve \u00bb.<\/span><\/span><\/p>\n<p><span style=\"color: #000000;\"><span style=\"font-family: Arial, sans-serif;\">La nouvelle phase se concentrera sur des bombardements intensifs et sur l\u2019\u00e9tablissement d\u2019une \u00ab zone tampon \u00bb pr\u00e8s de la fronti\u00e8re de la bande, conform\u00e9ment \u00e0 un objectif isra\u00e9lien de longue date.<\/span><\/span><\/p>\n<p><span style=\"color: #000000;\"><span style=\"font-family: Arial, sans-serif;\">Alors que les sources affirment que l\u2019arm\u00e9e isra\u00e9lienne \u00ab a pris le contr\u00f4le de la majeure partie de la zone nord de la bande de Gaza \u00bb, les combats avec la r\u00e9sistance palestinienne continuent de faire rage au nord et au sud de Gaza.<\/span><\/span><\/p>\n<p><span style=\"color: #000000;\"><span style=\"font-family: Arial, sans-serif;\">Le rapport isra\u00e9lien intervient quelques jours apr\u00e8s le <a href=\"https:\/\/ismfrance.org\/index.php\/2023\/12\/24\/la-brigade-golani-israelienne-bat-en-retraite-a-gaza\/\">retrait de la brigade d&rsquo;\u00e9lite Golani<\/a> de Gaza pour \u00ab r\u00e9organiser ses rangs \u00bb. La Brigade Golani a subi d&rsquo;\u00e9normes pertes en combattant les Brigades Qassam du Hamas, les Brigades Quds et d&rsquo;autres groupes retranch\u00e9s dans la bande de Gaza.<\/span><\/span><\/p>\n<p><span style=\"color: #000000;\"><span style=\"font-family: Arial, sans-serif;\">Selon un g\u00e9n\u00e9ral isra\u00e9lien \u00e0 la retraite, la force d\u2019\u00e9lite a perdu un quart de ses troupes.<\/span><\/span><\/p>\n<p><span style=\"color: #000000;\"><span style=\"font-family: Arial, sans-serif;\">Les Brigades Qassam diffusent presque quotidiennement des images de leurs embuscades contre les forces isra\u00e9liennes. Les vid\u00e9os incluent des sc\u00e8nes de frappes de missiles guid\u00e9s, d&rsquo;op\u00e9rations de tireurs d&rsquo;\u00e9lite et d&rsquo;attaques RPG contre des chars, des v\u00e9hicules et des bulldozers.<\/span><\/span><\/p>\n<p><span style=\"color: #000000;\"><span style=\"font-family: Arial, sans-serif;\">Le\u00a0<a href=\"https:\/\/www.washingtonpost.com\/world\/2023\/12\/22\/hamas-booby-traps-gaza\/\"><i>Washington Post<\/i><\/a>\u00a0a rapport\u00e9 le 22 d\u00e9cembre certains t\u00e9moignages de soldats isra\u00e9liens sur les pi\u00e8ges \u00ab mortels \u00bb et \u00ab surr\u00e9alistes \u00bb tendus par les r\u00e9sistants.<\/span><\/span><\/p>\n<p><span style=\"color: #000000;\"><span style=\"font-family: Arial, sans-serif;\">Certaines de ces\u00a0<a href=\"https:\/\/new.thecradle.co\/articles-id\/15422\">embuscades<\/a>\u00a0incluent l&rsquo;utilisation de haut-parleurs, qui diffusent des sons de personnes pleurant ou parlant h\u00e9breu, dans le but d&rsquo;attirer les soldats et de leur faire croire que des prisonniers pourraient se trouver \u00e0 proximit\u00e9.<\/span><\/span><\/p>\n<p><span style=\"color: #000000;\"><span style=\"font-family: Arial, sans-serif;\">\u00ab Dans d\u2019intenses combats urbains, men\u00e9s en surface et sous terre, les militants du Hamas se pr\u00e9cipitent d\u2019un b\u00e2timent \u00e0 l\u2019autre en v\u00eatements civils\u2026 et tentent de leurrer les soldats isra\u00e9liens avec des pi\u00e8ges et des leurres. \u00bb<\/span><\/span><\/p>\n<p><span style=\"color: #000000;\"><span style=\"font-family: Arial, sans-serif;\">Isra\u00ebl affirme avoir obtenu le contr\u00f4le op\u00e9rationnel de plusieurs zones du nord de Gaza, y compris le tristement c\u00e9l\u00e8bre quartier de Shujaiya.<\/span><\/span><\/p>\n<p><span style=\"color: #000000;\"><span style=\"font-family: Arial, sans-serif;\">Isra\u00ebl pr\u00e9tend cibler les infrastructures et les capacit\u00e9s militaires du Hamas, mais le groupe est toujours en mesure de lancer d\u2019importants barrages de roquettes sur Tel Aviv depuis plusieurs secteurs de la bande \u2013 ce qui indique que pr\u00e8s de deux mois d\u2019op\u00e9rations au sol ont eu peu d\u2019effet.<\/span><\/span><\/p>\n<p><span style=\"color: #000000;\"><span style=\"font-family: Arial, sans-serif;\">L&rsquo;annonce d&rsquo;une \u00ab nouvelle phase \u00bb de la guerre ax\u00e9e sur les frappes a\u00e9riennes intervient alors que Washington continue de demander \u00e0 Isra\u00ebl de r\u00e9duire <a href=\"https:\/\/new.thecradle.co\/articles\/ben-gvir-calls-to-disband-war-cabinet-if-gaza-assault-scaled-back\">l&rsquo;intensit\u00e9<\/a> de la campagne de nettoyage ethnique qu&rsquo;il m\u00e8ne \u00e0 Gaza dans les semaines \u00e0 venir.<\/span><\/span><\/p>\n<p><span style=\"color: #000000;\"><span style=\"font-family: Arial, sans-serif;\">Les responsables am\u00e9ricains conseillent continuellement \u00e0 Tel Aviv d\u2019\u00e9viter les pertes civiles afin de maintenir le soutien international.<\/span><\/span><\/p>\n<p><span style=\"color: #000000;\"><span style=\"font-family: Arial, sans-serif;\">Cependant, si la nouvelle phase doit se concentrer sur des bombardements intenses \u2013 comme le disent les sources \u2013 les pertes civiles continueront d\u2019augmenter, tout comme la destruction des infrastructures de la bande de Gaza.<\/span><\/span><\/p>\n<p><span style=\"color: #000000;\"><span style=\"font-family: Arial, sans-serif;\">Le <a href=\"https:\/\/new.thecradle.co\/articles\/israeli-siege-of-gaza-atop-most-destructive-in-modern-history\">blitz isra\u00e9lien<\/a> sur Gaza a \u00ab caus\u00e9 plus de destructions que la destruction d\u2019Alep en Syrie entre 2012 et 2016, que Marioupol en Ukraine ou, proportionnellement, que le bombardement alli\u00e9 de l\u2019Allemagne pendant la Seconde Guerre mondiale \u00bb, a soulign\u00e9 l\u2019AP le 21 d\u00e9cembre.<\/span><\/span><\/p>\n<p><span style=\"color: #000000;\"><span style=\"font-family: Arial, sans-serif;\">Avec un taux de mortalit\u00e9 de pas moins de 355 civils par jour \u2013 dont environ 70 % sont des femmes et des enfants \u2013 le blitz de Gaza se situe au sommet de la plupart des campagnes de bombardement modernes.<\/span><\/span><\/p>\n<pre><em><span style=\"color: #000000;\"><span style=\"font-family: Arial, sans-serif;\">Article original en anglais sur <a href=\"https:\/\/new.thecradle.co\/articles\/israel-to-withdraw-ground-troops-from-gaza-in-new-phase-of-war-report\">The Cradle<\/a> \/ Traduction MR<\/span><\/span><\/em><\/pre>\n","protected":false},"excerpt":{"rendered":"<p>The Cradle, 23 d\u00e9cembre 2023. L&rsquo;Autorit\u00e9 isra\u00e9lienne de radiodiffusion a r\u00e9v\u00e9l\u00e9 le 23 d\u00e9cembre que Tel-Aviv pr\u00e9voyait de passer \u00e0 une nouvelle phase de la guerre dans les semaines \u00e0 <a class=\"more-link\" href=\"https:\/\/ismfrance.org\/index.php\/2023\/12\/24\/israel-va-retirer-ses-troupes-terrestres-de-gaza-dans-une-nouvelle-phase-de-guerre\/\">Lire la suite &rarr;<\/a><\/p>\n","protected":false},"author":3,"featured_media":8469,"comment_status":"closed","ping_status":"closed","sticky":false,"template":"","format":"standard","meta":{"footnotes":""},"categories":[12,2],"tags":[348,65,3],"class_list":["post-8467","post","type-post","status-publish","format-standard","has-post-thumbnail","hentry","category-analyses","category-articles","tag-7-octobre-2023","tag-armement-israelien","tag-resistance"],"yoast_head":"<!-- This site is optimized with the Yoast SEO plugin v27.2 - https:\/\/yoast.com\/product\/yoast-seo-wordpress\/ -->\n<title>Isra\u00ebl va retirer ses troupes terrestres de Gaza dans une \u00ab nouvelle phase \u00bb de guerre - International Solidarity Movement - ISM-France<\/title>\n<meta name=\"robots\" content=\"index, follow, max-snippet:-1, max-image-preview:large, max-video-preview:-1\" \/>\n<link rel=\"canonical\" href=\"https:\/\/ismfrance.org\/index.php\/2023\/12\/24\/israel-va-retirer-ses-troupes-terrestres-de-gaza-dans-une-nouvelle-phase-de-guerre\/\" \/>\n<meta property=\"og:locale\" content=\"fr_FR\" \/>\n<meta property=\"og:type\" content=\"article\" \/>\n<meta property=\"og:title\" content=\"Isra\u00ebl va retirer ses troupes terrestres de Gaza dans une \u00ab nouvelle phase \u00bb de guerre - International Solidarity Movement - ISM-France\" \/>\n<meta property=\"og:description\" content=\"The Cradle, 23 d\u00e9cembre 2023. L&rsquo;Autorit\u00e9 isra\u00e9lienne de radiodiffusion a r\u00e9v\u00e9l\u00e9 le 23 d\u00e9cembre que Tel-Aviv pr\u00e9voyait de passer \u00e0 une nouvelle phase de la guerre dans les semaines \u00e0 Lire la suite &rarr;\" \/>\n<meta property=\"og:url\" content=\"https:\/\/ismfrance.org\/index.php\/2023\/12\/24\/israel-va-retirer-ses-troupes-terrestres-de-gaza-dans-une-nouvelle-phase-de-guerre\/\" \/>\n<meta property=\"og:site_name\" content=\"International Solidarity Movement - ISM-France\" \/>\n<meta property=\"article:published_time\" content=\"2023-12-24T09:28:29+00:00\" \/>\n<meta property=\"og:image\" content=\"https:\/\/ismfrance.org\/wp-content\/uploads\/2023\/12\/funeraille-soldat.png\" \/>\n\t<meta property=\"og:image:width\" content=\"847\" \/>\n\t<meta property=\"og:image:height\" content=\"553\" \/>\n\t<meta property=\"og:image:type\" content=\"image\/png\" \/>\n<meta name=\"author\" content=\"mru_01\" \/>\n<meta name=\"twitter:card\" content=\"summary_large_image\" \/>\n<meta name=\"twitter:creator\" content=\"@ISMFRANCE\" \/>\n<meta name=\"twitter:site\" content=\"@ISMFRANCE\" \/>\n<meta name=\"twitter:label1\" content=\"\u00c9crit par\" \/>\n\t<meta name=\"twitter:data1\" content=\"mru_01\" \/>\n\t<meta name=\"twitter:label2\" content=\"Dur\u00e9e de lecture estim\u00e9e\" \/>\n\t<meta name=\"twitter:data2\" content=\"4 minutes\" \/>\n<script type=\"application\/ld+json\" class=\"yoast-schema-graph\">{\"@context\":\"https:\/\/schema.org\",\"@graph\":[{\"@type\":\"Article\",\"@id\":\"https:\/\/ismfrance.org\/index.php\/2023\/12\/24\/israel-va-retirer-ses-troupes-terrestres-de-gaza-dans-une-nouvelle-phase-de-guerre\/#article\",\"isPartOf\":{\"@id\":\"https:\/\/ismfrance.org\/index.php\/2023\/12\/24\/israel-va-retirer-ses-troupes-terrestres-de-gaza-dans-une-nouvelle-phase-de-guerre\/\"},\"author\":{\"name\":\"mru_01\",\"@id\":\"https:\/\/ismfrance.org\/#\/schema\/person\/3c411eb72adfaae19c0dca1f41fae01d\"},\"headline\":\"Isra\u00ebl va retirer ses troupes terrestres de Gaza dans une \u00ab nouvelle phase \u00bb de guerre\",\"datePublished\":\"2023-12-24T09:28:29+00:00\",\"mainEntityOfPage\":{\"@id\":\"https:\/\/ismfrance.org\/index.php\/2023\/12\/24\/israel-va-retirer-ses-troupes-terrestres-de-gaza-dans-une-nouvelle-phase-de-guerre\/\"},\"wordCount\":712,\"publisher\":{\"@id\":\"https:\/\/ismfrance.org\/#organization\"},\"image\":{\"@id\":\"https:\/\/ismfrance.org\/index.php\/2023\/12\/24\/israel-va-retirer-ses-troupes-terrestres-de-gaza-dans-une-nouvelle-phase-de-guerre\/#primaryimage\"},\"thumbnailUrl\":\"https:\/\/ismfrance.org\/wp-content\/uploads\/2023\/12\/funeraille-soldat.png\",\"keywords\":[\"7 octobre 2023\",\"armement isra\u00e9lien\",\"R\u00e9sistance\"],\"articleSection\":[\"Analyses\",\"Articles\"],\"inLanguage\":\"fr-FR\"},{\"@type\":\"WebPage\",\"@id\":\"https:\/\/ismfrance.org\/index.php\/2023\/12\/24\/israel-va-retirer-ses-troupes-terrestres-de-gaza-dans-une-nouvelle-phase-de-guerre\/\",\"url\":\"https:\/\/ismfrance.org\/index.php\/2023\/12\/24\/israel-va-retirer-ses-troupes-terrestres-de-gaza-dans-une-nouvelle-phase-de-guerre\/\",\"name\":\"Isra\u00ebl va retirer ses troupes terrestres de Gaza dans une \u00ab nouvelle phase \u00bb de guerre - International Solidarity Movement - ISM-France\",\"isPartOf\":{\"@id\":\"https:\/\/ismfrance.org\/#website\"},\"primaryImageOfPage\":{\"@id\":\"https:\/\/ismfrance.org\/index.php\/2023\/12\/24\/israel-va-retirer-ses-troupes-terrestres-de-gaza-dans-une-nouvelle-phase-de-guerre\/#primaryimage\"},\"image\":{\"@id\":\"https:\/\/ismfrance.org\/index.php\/2023\/12\/24\/israel-va-retirer-ses-troupes-terrestres-de-gaza-dans-une-nouvelle-phase-de-guerre\/#primaryimage\"},\"thumbnailUrl\":\"https:\/\/ismfrance.org\/wp-content\/uploads\/2023\/12\/funeraille-soldat.png\",\"datePublished\":\"2023-12-24T09:28:29+00:00\",\"breadcrumb\":{\"@id\":\"https:\/\/ismfrance.org\/index.php\/2023\/12\/24\/israel-va-retirer-ses-troupes-terrestres-de-gaza-dans-une-nouvelle-phase-de-guerre\/#breadcrumb\"},\"inLanguage\":\"fr-FR\",\"potentialAction\":[{\"@type\":\"ReadAction\",\"target\":[\"https:\/\/ismfrance.org\/index.php\/2023\/12\/24\/israel-va-retirer-ses-troupes-terrestres-de-gaza-dans-une-nouvelle-phase-de-guerre\/\"]}]},{\"@type\":\"ImageObject\",\"inLanguage\":\"fr-FR\",\"@id\":\"https:\/\/ismfrance.org\/index.php\/2023\/12\/24\/israel-va-retirer-ses-troupes-terrestres-de-gaza-dans-une-nouvelle-phase-de-guerre\/#primaryimage\",\"url\":\"https:\/\/ismfrance.org\/wp-content\/uploads\/2023\/12\/funeraille-soldat.png\",\"contentUrl\":\"https:\/\/ismfrance.org\/wp-content\/uploads\/2023\/12\/funeraille-soldat.png\",\"width\":847,\"height\":553},{\"@type\":\"BreadcrumbList\",\"@id\":\"https:\/\/ismfrance.org\/index.php\/2023\/12\/24\/israel-va-retirer-ses-troupes-terrestres-de-gaza-dans-une-nouvelle-phase-de-guerre\/#breadcrumb\",\"itemListElement\":[{\"@type\":\"ListItem\",\"position\":1,\"name\":\"Accueil\",\"item\":\"https:\/\/ismfrance.org\/\"},{\"@type\":\"ListItem\",\"position\":2,\"name\":\"Isra\u00ebl va retirer ses troupes terrestres de Gaza dans une \u00ab nouvelle phase \u00bb de guerre\"}]},{\"@type\":\"WebSite\",\"@id\":\"https:\/\/ismfrance.org\/#website\",\"url\":\"https:\/\/ismfrance.org\/\",\"name\":\"ISM Palestine France\",\"description\":\"Soutien aux luttes de lib\u00e9ration du peuple palestinien\",\"publisher\":{\"@id\":\"https:\/\/ismfrance.org\/#organization\"},\"potentialAction\":[{\"@type\":\"SearchAction\",\"target\":{\"@type\":\"EntryPoint\",\"urlTemplate\":\"https:\/\/ismfrance.org\/?s={search_term_string}\"},\"query-input\":{\"@type\":\"PropertyValueSpecification\",\"valueRequired\":true,\"valueName\":\"search_term_string\"}}],\"inLanguage\":\"fr-FR\"},{\"@type\":\"Organization\",\"@id\":\"https:\/\/ismfrance.org\/#organization\",\"name\":\"International Solidarity Movement\",\"url\":\"https:\/\/ismfrance.org\/\",\"logo\":{\"@type\":\"ImageObject\",\"inLanguage\":\"fr-FR\",\"@id\":\"https:\/\/ismfrance.org\/#\/schema\/logo\/image\/\",\"url\":\"https:\/\/ismfrance.org\/wp-content\/uploads\/2020\/12\/00.png\",\"contentUrl\":\"https:\/\/ismfrance.org\/wp-content\/uploads\/2020\/12\/00.png\",\"width\":400,\"height\":400,\"caption\":\"International Solidarity Movement\"},\"image\":{\"@id\":\"https:\/\/ismfrance.org\/#\/schema\/logo\/image\/\"},\"sameAs\":[\"https:\/\/x.com\/ISMFRANCE\"]},{\"@type\":\"Person\",\"@id\":\"https:\/\/ismfrance.org\/#\/schema\/person\/3c411eb72adfaae19c0dca1f41fae01d\",\"name\":\"mru_01\",\"image\":{\"@type\":\"ImageObject\",\"inLanguage\":\"fr-FR\",\"@id\":\"https:\/\/secure.gravatar.com\/avatar\/3a0be343b445d2ccc79e87444a294fad2b232e90d2051d0e3cc219e1ecd6a330?s=96&d=mm&r=g\",\"url\":\"https:\/\/secure.gravatar.com\/avatar\/3a0be343b445d2ccc79e87444a294fad2b232e90d2051d0e3cc219e1ecd6a330?s=96&d=mm&r=g\",\"contentUrl\":\"https:\/\/secure.gravatar.com\/avatar\/3a0be343b445d2ccc79e87444a294fad2b232e90d2051d0e3cc219e1ecd6a330?s=96&d=mm&r=g\",\"caption\":\"mru_01\"},\"url\":\"https:\/\/ismfrance.org\/index.php\/author\/admin02\/\"}]}<\/script>\n<!-- \/ Yoast SEO plugin. -->","yoast_head_json":{"title":"Isra\u00ebl va retirer ses troupes terrestres de Gaza dans une \u00ab nouvelle phase \u00bb de guerre - International Solidarity Movement - ISM-France","robots":{"index":"index","follow":"follow","max-snippet":"max-snippet:-1","max-image-preview":"max-image-preview:large","max-video-preview":"max-video-preview:-1"},"canonical":"https:\/\/ismfrance.org\/index.php\/2023\/12\/24\/israel-va-retirer-ses-troupes-terrestres-de-gaza-dans-une-nouvelle-phase-de-guerre\/","og_locale":"fr_FR","og_type":"article","og_title":"Isra\u00ebl va retirer ses troupes terrestres de Gaza dans une \u00ab nouvelle phase \u00bb de guerre - International Solidarity Movement - ISM-France","og_description":"The Cradle, 23 d\u00e9cembre 2023. L&rsquo;Autorit\u00e9 isra\u00e9lienne de radiodiffusion a r\u00e9v\u00e9l\u00e9 le 23 d\u00e9cembre que Tel-Aviv pr\u00e9voyait de passer \u00e0 une nouvelle phase de la guerre dans les semaines \u00e0 Lire la suite &rarr;","og_url":"https:\/\/ismfrance.org\/index.php\/2023\/12\/24\/israel-va-retirer-ses-troupes-terrestres-de-gaza-dans-une-nouvelle-phase-de-guerre\/","og_site_name":"International Solidarity Movement - ISM-France","article_published_time":"2023-12-24T09:28:29+00:00","og_image":[{"width":847,"height":553,"url":"https:\/\/ismfrance.org\/wp-content\/uploads\/2023\/12\/funeraille-soldat.png","type":"image\/png"}],"author":"mru_01","twitter_card":"summary_large_image","twitter_creator":"@ISMFRANCE","twitter_site":"@ISMFRANCE","twitter_misc":{"\u00c9crit par":"mru_01","Dur\u00e9e de lecture estim\u00e9e":"4 minutes"},"schema":{"@context":"https:\/\/schema.org","@graph":[{"@type":"Article","@id":"https:\/\/ismfrance.org\/index.php\/2023\/12\/24\/israel-va-retirer-ses-troupes-terrestres-de-gaza-dans-une-nouvelle-phase-de-guerre\/#article","isPartOf":{"@id":"https:\/\/ismfrance.org\/index.php\/2023\/12\/24\/israel-va-retirer-ses-troupes-terrestres-de-gaza-dans-une-nouvelle-phase-de-guerre\/"},"author":{"name":"mru_01","@id":"https:\/\/ismfrance.org\/#\/schema\/person\/3c411eb72adfaae19c0dca1f41fae01d"},"headline":"Isra\u00ebl va retirer ses troupes terrestres de Gaza dans une \u00ab nouvelle phase \u00bb de guerre","datePublished":"2023-12-24T09:28:29+00:00","mainEntityOfPage":{"@id":"https:\/\/ismfrance.org\/index.php\/2023\/12\/24\/israel-va-retirer-ses-troupes-terrestres-de-gaza-dans-une-nouvelle-phase-de-guerre\/"},"wordCount":712,"publisher":{"@id":"https:\/\/ismfrance.org\/#organization"},"image":{"@id":"https:\/\/ismfrance.org\/index.php\/2023\/12\/24\/israel-va-retirer-ses-troupes-terrestres-de-gaza-dans-une-nouvelle-phase-de-guerre\/#primaryimage"},"thumbnailUrl":"https:\/\/ismfrance.org\/wp-content\/uploads\/2023\/12\/funeraille-soldat.png","keywords":["7 octobre 2023","armement isra\u00e9lien","R\u00e9sistance"],"articleSection":["Analyses","Articles"],"inLanguage":"fr-FR"},{"@type":"WebPage","@id":"https:\/\/ismfrance.org\/index.php\/2023\/12\/24\/israel-va-retirer-ses-troupes-terrestres-de-gaza-dans-une-nouvelle-phase-de-guerre\/","url":"https:\/\/ismfrance.org\/index.php\/2023\/12\/24\/israel-va-retirer-ses-troupes-terrestres-de-gaza-dans-une-nouvelle-phase-de-guerre\/","name":"Isra\u00ebl va retirer ses troupes terrestres de Gaza dans une \u00ab nouvelle phase \u00bb de guerre - International Solidarity Movement - ISM-France","isPartOf":{"@id":"https:\/\/ismfrance.org\/#website"},"primaryImageOfPage":{"@id":"https:\/\/ismfrance.org\/index.php\/2023\/12\/24\/israel-va-retirer-ses-troupes-terrestres-de-gaza-dans-une-nouvelle-phase-de-guerre\/#primaryimage"},"image":{"@id":"https:\/\/ismfrance.org\/index.php\/2023\/12\/24\/israel-va-retirer-ses-troupes-terrestres-de-gaza-dans-une-nouvelle-phase-de-guerre\/#primaryimage"},"thumbnailUrl":"https:\/\/ismfrance.org\/wp-content\/uploads\/2023\/12\/funeraille-soldat.png","datePublished":"2023-12-24T09:28:29+00:00","breadcrumb":{"@id":"https:\/\/ismfrance.org\/index.php\/2023\/12\/24\/israel-va-retirer-ses-troupes-terrestres-de-gaza-dans-une-nouvelle-phase-de-guerre\/#breadcrumb"},"inLanguage":"fr-FR","potentialAction":[{"@type":"ReadAction","target":["https:\/\/ismfrance.org\/index.php\/2023\/12\/24\/israel-va-retirer-ses-troupes-terrestres-de-gaza-dans-une-nouvelle-phase-de-guerre\/"]}]},{"@type":"ImageObject","inLanguage":"fr-FR","@id":"https:\/\/ismfrance.org\/index.php\/2023\/12\/24\/israel-va-retirer-ses-troupes-terrestres-de-gaza-dans-une-nouvelle-phase-de-guerre\/#primaryimage","url":"https:\/\/ismfrance.org\/wp-content\/uploads\/2023\/12\/funeraille-soldat.png","contentUrl":"https:\/\/ismfrance.org\/wp-content\/uploads\/2023\/12\/funeraille-soldat.png","width":847,"height":553},{"@type":"BreadcrumbList","@id":"https:\/\/ismfrance.org\/index.php\/2023\/12\/24\/israel-va-retirer-ses-troupes-terrestres-de-gaza-dans-une-nouvelle-phase-de-guerre\/#breadcrumb","itemListElement":[{"@type":"ListItem","position":1,"name":"Accueil","item":"https:\/\/ismfrance.org\/"},{"@type":"ListItem","position":2,"name":"Isra\u00ebl va retirer ses troupes terrestres de Gaza dans une \u00ab nouvelle phase \u00bb de guerre"}]},{"@type":"WebSite","@id":"https:\/\/ismfrance.org\/#website","url":"https:\/\/ismfrance.org\/","name":"ISM Palestine France","description":"Soutien aux luttes de lib\u00e9ration du peuple palestinien","publisher":{"@id":"https:\/\/ismfrance.org\/#organization"},"potentialAction":[{"@type":"SearchAction","target":{"@type":"EntryPoint","urlTemplate":"https:\/\/ismfrance.org\/?s={search_term_string}"},"query-input":{"@type":"PropertyValueSpecification","valueRequired":true,"valueName":"search_term_string"}}],"inLanguage":"fr-FR"},{"@type":"Organization","@id":"https:\/\/ismfrance.org\/#organization","name":"International Solidarity Movement","url":"https:\/\/ismfrance.org\/","logo":{"@type":"ImageObject","inLanguage":"fr-FR","@id":"https:\/\/ismfrance.org\/#\/schema\/logo\/image\/","url":"https:\/\/ismfrance.org\/wp-content\/uploads\/2020\/12\/00.png","contentUrl":"https:\/\/ismfrance.org\/wp-content\/uploads\/2020\/12\/00.png","width":400,"height":400,"caption":"International Solidarity Movement"},"image":{"@id":"https:\/\/ismfrance.org\/#\/schema\/logo\/image\/"},"sameAs":["https:\/\/x.com\/ISMFRANCE"]},{"@type":"Person","@id":"https:\/\/ismfrance.org\/#\/schema\/person\/3c411eb72adfaae19c0dca1f41fae01d","name":"mru_01","image":{"@type":"ImageObject","inLanguage":"fr-FR","@id":"https:\/\/secure.gravatar.com\/avatar\/3a0be343b445d2ccc79e87444a294fad2b232e90d2051d0e3cc219e1ecd6a330?s=96&d=mm&r=g","url":"https:\/\/secure.gravatar.com\/avatar\/3a0be343b445d2ccc79e87444a294fad2b232e90d2051d0e3cc219e1ecd6a330?s=96&d=mm&r=g","contentUrl":"https:\/\/secure.gravatar.com\/avatar\/3a0be343b445d2ccc79e87444a294fad2b232e90d2051d0e3cc219e1ecd6a330?s=96&d=mm&r=g","caption":"mru_01"},"url":"https:\/\/ismfrance.org\/index.php\/author\/admin02\/"}]}},"_links":{"self":[{"href":"https:\/\/ismfrance.org\/index.php\/wp-json\/wp\/v2\/posts\/8467","targetHints":{"allow":["GET"]}}],"collection":[{"href":"https:\/\/ismfrance.org\/index.php\/wp-json\/wp\/v2\/posts"}],"about":[{"href":"https:\/\/ismfrance.org\/index.php\/wp-json\/wp\/v2\/types\/post"}],"author":[{"embeddable":true,"href":"https:\/\/ismfrance.org\/index.php\/wp-json\/wp\/v2\/users\/3"}],"replies":[{"embeddable":true,"href":"https:\/\/ismfrance.org\/index.php\/wp-json\/wp\/v2\/comments?post=8467"}],"version-history":[{"count":0,"href":"https:\/\/ismfrance.org\/index.php\/wp-json\/wp\/v2\/posts\/8467\/revisions"}],"wp:featuredmedia":[{"embeddable":true,"href":"https:\/\/ismfrance.org\/index.php\/wp-json\/wp\/v2\/media\/8469"}],"wp:attachment":[{"href":"https:\/\/ismfrance.org\/index.php\/wp-json\/wp\/v2\/media?parent=8467"}],"wp:term":[{"taxonomy":"category","embeddable":true,"href":"https:\/\/ismfrance.org\/index.php\/wp-json\/wp\/v2\/categories?post=8467"},{"taxonomy":"post_tag","embeddable":true,"href":"https:\/\/ismfrance.org\/index.php\/wp-json\/wp\/v2\/tags?post=8467"}],"curies":[{"name":"wp","href":"https:\/\/api.w.org\/{rel}","templated":true}]}}