{"id":8366,"date":"2023-12-19T18:10:43","date_gmt":"2023-12-19T17:10:43","guid":{"rendered":"https:\/\/ismfrance.org\/?p=8366"},"modified":"2023-12-19T18:10:43","modified_gmt":"2023-12-19T17:10:43","slug":"du-fleuve-a-la-mer-rouge-pourquoi-les-etats-unis-forment-une-nouvelle-force-operationnelle-navale","status":"publish","type":"post","link":"https:\/\/ismfrance.org\/index.php\/2023\/12\/19\/du-fleuve-a-la-mer-rouge-pourquoi-les-etats-unis-forment-une-nouvelle-force-operationnelle-navale\/","title":{"rendered":"Du fleuve \u00e0 la mer (Rouge) : pourquoi les \u00c9tats-Unis forment une nouvelle force op\u00e9rationnelle navale"},"content":{"rendered":"<p><span style=\"color: #000000;\"><span style=\"font-family: Arial, sans-serif;\"><span style=\"font-size: medium;\"><strong>Khalil Harb, 18 d\u00e9cembre 2023<\/strong>. Au lieu de faire pression sur Isra\u00ebl pour qu\u2019il mette fin \u00e0 son assaut brutal contre la bande de Gaza, l\u2019administration Biden mobilise d\u00e9sormais les flottes arabes et occidentales \u2013 et peut-\u00eatre aussi une flotte isra\u00e9lienne \u2013 pour sauvegarder les int\u00e9r\u00eats \u00e9conomiques, politiques et militaires de Tel Aviv.<\/span><\/span><\/span><\/p>\n<p><a href=\"https:\/\/ismfrance.org\/wp-content\/uploads\/2023\/12\/yemen.webp\"><img loading=\"lazy\" decoding=\"async\" class=\"size-large wp-image-8368 aligncenter\" src=\"https:\/\/ismfrance.org\/wp-content\/uploads\/2023\/12\/yemen-700x331.webp\" alt=\"\" width=\"600\" height=\"284\" srcset=\"https:\/\/ismfrance.org\/wp-content\/uploads\/2023\/12\/yemen-700x331.webp 700w, https:\/\/ismfrance.org\/wp-content\/uploads\/2023\/12\/yemen-300x142.webp 300w, https:\/\/ismfrance.org\/wp-content\/uploads\/2023\/12\/yemen-768x363.webp 768w, https:\/\/ismfrance.org\/wp-content\/uploads\/2023\/12\/yemen-1536x727.webp 1536w, https:\/\/ismfrance.org\/wp-content\/uploads\/2023\/12\/yemen-2048x969.webp 2048w, https:\/\/ismfrance.org\/wp-content\/uploads\/2023\/12\/yemen-1320x625.webp 1320w\" sizes=\"auto, (max-width: 600px) 100vw, 600px\" \/><\/a><\/p>\n<p><span style=\"color: #000000;\"><span style=\"font-family: Arial, sans-serif;\"><span style=\"font-size: medium;\">Face \u00e0 <a href=\"https:\/\/new.thecradle.co\/articles\/yemeni-operations-in-support-of-gaza-deal-new-blow-to-israeli-economy\">l&rsquo;intensification<\/a> des op\u00e9rations navales men\u00e9es contre les navires \u00e0 destination d\u2019Isra\u00ebl par les forces arm\u00e9es y\u00e9m\u00e9nites align\u00e9es sur Ansarallah, cette mobilisation am\u00e9ricaine pr\u00e9tend d\u00e9fendre la libert\u00e9 de navigation dans la mer Rouge et \u00e0 Bab al-Mandab.<\/span><\/span><\/span><\/p>\n<p><span style=\"color: #000000;\"><span style=\"font-family: Arial, sans-serif;\"><span style=\"font-size: medium;\">Officiellement, Washington affirme qu&rsquo;il fait tout son possible pour emp\u00eacher la guerre isra\u00e9lienne de se transformer en une confrontation r\u00e9gionale, et a publiquement exhort\u00e9 Tel-Aviv \u00e0 <a href=\"https:\/\/abcnews.go.com\/International\/national-security-adviser-jake-sullivan-urges-israel-lower\/story?id=105667738\">mod\u00e9rer<\/a> ses attaques aveugles contre les civils dans la bande assi\u00e9g\u00e9e.<\/span><\/span><\/span><\/p>\n<p><span style=\"color: #000000;\"><span style=\"font-family: Arial, sans-serif;\"><span style=\"font-size: medium;\">En r\u00e9alit\u00e9, cependant, la Maison Blanche emploie une rh\u00e9torique vide de sens pour donner \u00e0 Isra\u00ebl plus de temps pour remporter une victoire \u00e0 Gaza et \u00e9liminer la r\u00e9sistance palestinienne.<\/span><\/span><\/span><\/p>\n<p><span style=\"color: #000000;\"><span style=\"font-family: Arial, sans-serif;\"><span style=\"font-size: medium;\">La proposition am\u00e9ricaine de constituer une force navale internationale pour prot\u00e9ger la navigation en mer Rouge ne peut \u00eatre comprise que dans le contexte du soutien inconditionnel des \u00c9tats-Unis \u00e0 Isra\u00ebl. Lorsque le conseiller \u00e0 la s\u00e9curit\u00e9 nationale Jake Sullivan a annonc\u00e9 le 4 d\u00e9cembre des discussions sur la cr\u00e9ation d\u2019une force op\u00e9rationnelle navale, Tel Aviv a imm\u00e9diatement accru ses menaces de repr\u00e9sailles militaires contre le Y\u00e9men pour avoir entraver les navires isra\u00e9liens et ceux associ\u00e9s aux int\u00e9r\u00eats isra\u00e9liens \u00e0 Bab al-Mandab.<\/span><\/span><\/span><\/p>\n<p><strong><span style=\"color: #000000;\"><span style=\"font-family: Arial, sans-serif;\"><span style=\"font-size: large;\">Les \u00c9tats-Unis cherchent \u00e0 jouer un r\u00f4le plus important en mer Rouge<\/span><\/span><\/span><\/strong><\/p>\n<p><span style=\"color: #000000;\"><span style=\"font-family: Arial, sans-serif;\"><span style=\"font-size: medium;\">Plut\u00f4t que de tenir compte des <a href=\"https:\/\/www.timesofisrael.com\/us-allies-mull-naval-task-force-to-protect-shipping-in-red-sea-after-houthi-attacks\/\">avertissements<\/a> r\u00e9p\u00e9t\u00e9s du leader d\u2019Ansarallah, Abdulmalik al-Houthi, demandant \u00e0 Washington de cesser son soutien \u00e0 la guerre isra\u00e9lienne contre Gaza \u00e0 la suite de l\u2019op\u00e9ration D\u00e9luge d\u2019Al-Aqsa men\u00e9e de la r\u00e9sistance palestinienne le 7 octobre, l\u2019administration Biden semble avoir ferm\u00e9 les yeux.<\/span><\/span><\/span><\/p>\n<p><span style=\"color: #000000;\"><span style=\"font-family: Arial, sans-serif;\"><span style=\"font-size: medium;\">Au lieu de faire pression sur Tel Aviv pour emp\u00eacher une escalade r\u00e9gionale, Washington a ouvert un pont a\u00e9rien d\u2019armes vers Isra\u00ebl qui d\u00e9passe de loin ses livraisons d\u2019armes \u00e0 l\u2019Ukraine au cours d\u2019une p\u00e9riode similaire. Les \u00c9tats-Unis ont m\u00eame \u00e9tendu leur d\u00e9ploiement militaire dans la r\u00e9gion et affront\u00e9 directement les missiles et drones y\u00e9m\u00e9nites cqui visaient la ville d\u2019Umm al-Rashrash (Eilat), dans le sud d\u2019Isra\u00ebl.<\/span><\/span><\/span><\/p>\n<p><span style=\"color: #000000;\"><span style=\"font-family: Arial, sans-serif;\"><span style=\"font-size: medium;\">Malgr\u00e9 deux mois de carnage sans pr\u00e9c\u00e9dent contre les civils de Gaza qui ont fait basculer l&rsquo;opinion mondiale contre Tel Aviv, les \u00c9tats-Unis ne semblent pas dispos\u00e9s \u00e0 s&rsquo;opposer \u00e0 la d\u00e9cision d&rsquo;Isra\u00ebl de mener une guerre prolong\u00e9e. L\u2019attention de la Maison Blanche s\u2019est plut\u00f4t tourn\u00e9e vers la protection des int\u00e9r\u00eats commerciaux d\u2019Isra\u00ebl dans la mer Rouge et a entra\u00een\u00e9 les \u00c9tats-Unis dans la formation d\u2019une force navale profond\u00e9ment controvers\u00e9e en Asie occidentale.<\/span><\/span><\/span><\/p>\n<p><span style=\"color: #000000;\"><span style=\"font-family: Arial, sans-serif;\"><span style=\"font-size: medium;\">La semaine derni\u00e8re, apr\u00e8s que la campagne militaire du Y\u00e9men visant \u00e0 arr\u00eater les transports maritimes li\u00e9s \u00e0 Isra\u00ebl ait pris de l&rsquo;ampleur, le chef du Conseil de s\u00e9curit\u00e9 nationale isra\u00e9lien, Tzachi Hanegbi, a <a href=\"https:\/\/www.thedrive.com\/the-war-zone\/israel-gaza-situation-report-ground-campaign-has-many-more-months-to-go\">d\u00e9clar\u00e9<\/a> que \u00ab si le monde ne s&rsquo;en occupe pas, nous agirons \u00bb. Cela faisait suite \u00e0 la <a href=\"https:\/\/www.defense.gov\/News\/Releases\/Release\/Article\/3610547\/secretary-of-defense-lloyd-j-austin-iiis-call-with-saudi-minister-of-defense-hi\/\">discussion<\/a> du secr\u00e9taire am\u00e9ricain \u00e0 la D\u00e9fense Lloyd Austin avec son homologue saoudien Khalid bin Salman sur les \u00ab menaces des Houthis \u00e0 la libert\u00e9 de navigation dans la mer Rouge \u00bb, plus t\u00f4t dans le mois.<\/span><\/span><\/span><\/p>\n<p><span style=\"color: #000000;\"><span style=\"font-family: Arial, sans-serif;\"><span style=\"font-size: medium;\">Sullivan a clarifi\u00e9 les choses lorsqu&rsquo;il a annonc\u00e9 des pourparlers en cours pour former \u00ab\u00a0une sorte\u00a0\u00bb de force op\u00e9rationnelle maritime pour assurer le passage en toute s\u00e9curit\u00e9 des navires sur la voie navigable.<\/span><\/span><\/span><\/p>\n<p><span style=\"color: #000000;\"><span style=\"font-family: Arial, sans-serif;\"><span style=\"font-size: medium;\">L&rsquo;expression \u00ab une sorte \u00bb de force indique que Washington n&rsquo;a pas l&rsquo;intention de se limiter \u00e0 ce qu&rsquo;on appelle la \u00ab Joint Task Force 153 \u00bb, cr\u00e9\u00e9e il y a deux ans pour \u00ab lutter contre les activit\u00e9s terroristes et de contrebande \u00bb dans la mer Rouge et le Golfe d&rsquo;Aden. Cette force comprend 15 pays, dont les \u00c9tats-Unis, l\u2019Arabie saoudite, l\u2019\u00c9gypte et la Jordanie, mais n\u2019inclut pas Isra\u00ebl.<\/span><\/span><\/span><\/p>\n<p><span style=\"color: #000000;\"><span style=\"font-family: Arial, sans-serif;\"><span style=\"font-size: medium;\">En fait, la nouvelle \u00ab task force \u00bb ressemble de plus en plus \u00e0 une initiative am\u00e9ricaine visant \u00e0 affronter plus directement le Y\u00e9men, apr\u00e8s une guerre de huit ans que ses alli\u00e9s saoudiens et \u00e9miratis n\u2019ont pas r\u00e9ussi \u00e0 gagner. C&rsquo;est \u00e9galement l&rsquo;occasion d&rsquo;imposer l&rsquo;int\u00e9gration r\u00e9gionale d&rsquo;Isra\u00ebl aux \u00c9tats d&rsquo;Asie occidentale, en impliquant Tel-Aviv dans une mission militaire dot\u00e9e de pouvoirs plus larges, d&rsquo;armements plus importants et de nature multinationale.<\/span><\/span><\/span><\/p>\n<p><a href=\"https:\/\/ismfrance.org\/wp-content\/uploads\/2023\/12\/combined-task-force.png\"><img loading=\"lazy\" decoding=\"async\" class=\"size-large wp-image-8370 aligncenter\" src=\"https:\/\/ismfrance.org\/wp-content\/uploads\/2023\/12\/combined-task-force-700x500.png\" alt=\"\" width=\"600\" height=\"429\" srcset=\"https:\/\/ismfrance.org\/wp-content\/uploads\/2023\/12\/combined-task-force-700x500.png 700w, https:\/\/ismfrance.org\/wp-content\/uploads\/2023\/12\/combined-task-force-300x214.png 300w, https:\/\/ismfrance.org\/wp-content\/uploads\/2023\/12\/combined-task-force-768x549.png 768w, https:\/\/ismfrance.org\/wp-content\/uploads\/2023\/12\/combined-task-force-1536x1098.png 1536w, https:\/\/ismfrance.org\/wp-content\/uploads\/2023\/12\/combined-task-force-1320x943.png 1320w, https:\/\/ismfrance.org\/wp-content\/uploads\/2023\/12\/combined-task-force.png 1804w\" sizes=\"auto, (max-width: 600px) 100vw, 600px\" \/><\/a><\/p>\n<p><strong><span style=\"color: #000000;\"><span style=\"font-family: Arial, sans-serif;\"><span style=\"font-size: large;\">D\u00e9fi Ansarallah pour la CTF 153<\/span><\/span><\/span><\/strong><\/p>\n<p><span style=\"color: #000000;\"><span style=\"font-family: Arial, sans-serif;\"><span style=\"font-size: medium;\">Les intentions de Washington sont claires depuis au moins f\u00e9vrier 2022, lorsque les \u00c9tats-Unis ont supervis\u00e9 des exercices militaires navals auxquels 60 pays ont particip\u00e9, dont Isra\u00ebl \u2013 la premi\u00e8re fois que l\u2019\u00c9tat d\u2019occupation a particip\u00e9 \u00e0 des exercices aux c\u00f4t\u00e9s de pays arabes avec lesquels il n\u2019a pas de relations diplomatiques formelles.<\/span><\/span><\/span><\/p>\n<p><span style=\"color: #000000;\"><span style=\"font-family: Arial, sans-serif;\"><span style=\"font-size: medium;\">La CTF 153 est la quatri\u00e8me force de ce type dans le cadre de la \u00ab Force maritime combin\u00e9e \u00bb (CMF), une alliance de forces multinationales de 39 pays cr\u00e9\u00e9e en 2002 sous le commandement de la Cinqui\u00e8me flotte \u00e0 Bahre\u00efn, apparemment pour lutter contre les activit\u00e9s de acteurs ill\u00e9gaux et terrorisme international dans les mers.<\/span><\/span><\/span><\/p>\n<p><span style=\"color: #000000;\"><span style=\"font-family: Arial, sans-serif;\"><span style=\"font-size: medium;\">Le CMF comprend trois autres groupes de travail (150, 151 et 152). Parmi les pays participants figurent l&rsquo;Australie, la Belgique, le Br\u00e9sil, la France, l&rsquo;Allemagne, la Gr\u00e8ce, l&rsquo;Inde, l&rsquo;Irak, l&rsquo;Italie, le Japon, la Cor\u00e9e du Sud, la Norv\u00e8ge, le Kowe\u00eft, le Portugal, le Qatar, Singapour, l&rsquo;Espagne, la Tha\u00eflande, la Turquie et la Grande-Bretagne.<\/span><\/span><\/span><\/p>\n<p><span style=\"color: #000000;\"><span style=\"font-family: Arial, sans-serif;\"><span style=\"font-size: medium;\">Mais selon <a href=\"https:\/\/www.defensenews.com\/opinion\/2023\/12\/08\/expand-existing-task-force-to-protect-red-sea-from-houthi-attacks\/#:~:text=The%20good%20news%20is%20that,can%20provide%20a%20running%20start.\"><i>Defense News<\/i><\/a>, les \u00c9tats-Unis \u00ab n\u2019ont pas besoin de cr\u00e9er une nouvelle force op\u00e9rationnelle ; il existe une force op\u00e9rationnelle au sein des Forces maritimes combin\u00e9es, \u00e0 savoir la CTF 153, qui peut d\u00e9marrer.\u00a0\u00bb<\/span><\/span><\/span><\/p>\n<p><span style=\"color: #000000;\"><span style=\"font-family: Arial, sans-serif;\"><span style=\"font-size: medium;\">En effet, la mission actuelle de la CTF 153 est de \u00ab se concentrer sur les efforts de s\u00e9curit\u00e9 maritime internationale et de renforcement des capacit\u00e9s dans la mer Rouge, \u00e0 Bab al-Mandeb et dans le golfe d\u2019Aden \u00bb.<\/span><\/span><\/span><\/p>\n<p><span style=\"color: #000000;\"><span style=\"font-family: Arial, sans-serif;\"><span style=\"font-size: medium;\">En effet, les forces am\u00e9ricaines et fran\u00e7aises ont affront\u00e9 ces derniers jours des drones et des missiles lanc\u00e9s par les Y\u00e9m\u00e9nites.<\/span><\/span><\/span><\/p>\n<p><span style=\"color: #000000;\"><span style=\"font-family: Arial, sans-serif;\"><span style=\"font-size: medium;\">Cependant, une potentielle escalade du ciblage des navires associ\u00e9s \u00e0 Isra\u00ebl par Ansarallah pourrait constituer un d\u00e9fi important pour la CTF 153. En raison du volume important de navires traversant les eaux proches du Y\u00e9men, du golfe d&rsquo;Aden \u00e0 Bab al-Mandab et \u00e0 la mer Rouge, la force navale devrait composer avec environ 21.000 navires.<\/span><\/span><\/span><\/p>\n<p><strong><span style=\"color: #000000;\"><span style=\"font-family: Arial, sans-serif;\"><span style=\"font-size: large;\">Objectifs g\u00e9opolitiques et s\u00e9curit\u00e9 \u00e9nerg\u00e9tique<\/span><\/span><\/span><\/strong><\/p>\n<p><span style=\"color: #000000;\"><span style=\"font-family: Arial, sans-serif;\"><span style=\"font-size: medium;\">Bab al-Mandab, en particulier, est identifi\u00e9e comme un point vuln\u00e9rable par lequel transite chaque ann\u00e9e <a href=\"https:\/\/www.reuters.com\/world\/bab-al-mandab-shipping-lane-target-israel-fights-hamas-2023-12-12\/\">12 pour cent<\/a> du commerce maritime mondial total. Cela soul\u00e8ve quelques consid\u00e9rations importantes pour les parties d\u00e9sireuses de contrecarrer les capacit\u00e9s d\u2019Ansarallah :<\/span><\/span><\/span><\/p>\n<p><span style=\"color: #000000;\"><span style=\"font-family: Arial, sans-serif;\"><span style=\"font-size: medium;\">Les \u00c9tats-Unis, par exemple, seront oblig\u00e9s de fournir un grand nombre de navires militaires multi-missions sur de vastes \u00e9tendues d\u2019eau. Le rapport de <i>Defense News<\/i> a soulign\u00e9 la n\u00e9cessit\u00e9 de la pr\u00e9sence d&rsquo;Isra\u00ebl aux c\u00f4t\u00e9s de l&rsquo;\u00c9gypte, de l&rsquo;Arabie saoudite, des \u00c9mirats arabes unis et de Bahre\u00efn dans la force navale propos\u00e9e, en plus des pays du G7 qui comprennent le Canada, la France, l&rsquo;Allemagne, l&rsquo;Italie, le Japon et la Grande-Bretagne.<\/span><\/span><\/span><\/p>\n<p><a href=\"https:\/\/ismfrance.org\/wp-content\/uploads\/2023\/12\/routes.jpeg\"><img loading=\"lazy\" decoding=\"async\" class=\"size-large wp-image-8372 aligncenter\" src=\"https:\/\/ismfrance.org\/wp-content\/uploads\/2023\/12\/routes-700x700.jpeg\" alt=\"\" width=\"600\" height=\"600\" srcset=\"https:\/\/ismfrance.org\/wp-content\/uploads\/2023\/12\/routes-700x700.jpeg 700w, https:\/\/ismfrance.org\/wp-content\/uploads\/2023\/12\/routes-300x300.jpeg 300w, https:\/\/ismfrance.org\/wp-content\/uploads\/2023\/12\/routes-150x150.jpeg 150w, https:\/\/ismfrance.org\/wp-content\/uploads\/2023\/12\/routes-768x768.jpeg 768w, https:\/\/ismfrance.org\/wp-content\/uploads\/2023\/12\/routes-144x144.jpeg 144w, https:\/\/ismfrance.org\/wp-content\/uploads\/2023\/12\/routes.jpeg 1280w\" sizes=\"auto, (max-width: 600px) 100vw, 600px\" \/><\/a><\/p>\n<p><span style=\"color: #000000;\"><span style=\"font-family: Arial, sans-serif;\"><span style=\"font-size: medium;\">Washington devra inclure un grand nombre de pays de la r\u00e9gion &#8211; et m\u00eame lointains &#8211; dans cette force, ce qui conduira effectivement \u00e0 la militarisation de zones maritimes enti\u00e8res, de la mer M\u00e9diterran\u00e9e au canal de Suez, en passant par le golfe d&rsquo;Aqaba, la mer Rouge, le golfe d&rsquo;Aden, la mer d&rsquo;Oman, jusqu&rsquo;au golfe Persique.<\/span><\/span><\/span><\/p>\n<p><span style=\"color: #000000;\"><span style=\"font-family: Arial, sans-serif;\"><span style=\"font-size: medium;\">Alors que les \u00c9tats-Unis sont en concurrence avec la Chine et la Russie, leur objectif primordial est d\u2019affirmer leur <a href=\"https:\/\/new.thecradle.co\/articles-id\/7561\">domination sur les corridors internationaux<\/a>, de renforcer la s\u00e9curit\u00e9 \u00e9nerg\u00e9tique et de g\u00e9rer les conflits g\u00e9opolitiques en Asie occidentale. Cependant, l&rsquo;escalade am\u00e9ricaine visant \u00e0 sauvegarder les int\u00e9r\u00eats d&rsquo;Isra\u00ebl soul\u00e8ve le spectre du d\u00e9clenchement d&rsquo;une guerre r\u00e9gionale, contredisant les affirmations de Washington selon lesquelles il chercherait \u00e0 \u00e9viter un tel sc\u00e9nario.<\/span><\/span><\/span><\/p>\n<p><span style=\"color: #000000;\"><span style=\"font-family: Arial, sans-serif;\"><span style=\"font-size: medium;\">Cette tension accrue suscite des inqui\u00e9tudes quant \u00e0 d\u2019\u00e9ventuelles attaques am\u00e9ricaines contre le Y\u00e9men, mettant en p\u00e9ril la tr\u00eave fragile qui a mis fin \u00e0 la guerre de sept ans men\u00e9e par l\u2019Arabie saoudite et les \u00c9mirats arabes unis. Cela risque \u00e9galement de saper les efforts d\u00e9ploy\u00e9s par l\u2019ONU pour consolider le cessez-le-feu.<\/span><\/span><\/span><\/p>\n<p><span style=\"color: #000000;\"><span style=\"font-family: Arial, sans-serif;\"><span style=\"font-size: medium;\">Selon les <a href=\"https:\/\/new.thecradle.co\/articles\/us-pressures-saudi-arabia-to-postpone-imminent-peace-deal-with-yemen\">m\u00e9dias<\/a>, les \u00c9tats-Unis exercent d\u00e9j\u00e0 des pressions sur Riyad pour qu&rsquo;il retarde la signature d&rsquo;un <a href=\"https:\/\/new.thecradle.co\/articles-id\/7489\">accord de paix<\/a> avec le Y\u00e9men. Washington exhorte plut\u00f4t les Saoudiens \u00e0 reprendre leur confrontation avec le Y\u00e9men en rejoignant la force op\u00e9rationnelle \u00e9largie de protection maritime.<\/span><\/span><\/span><\/p>\n<p><span style=\"color: #000000;\"><span style=\"font-family: Arial, sans-serif;\"><span style=\"font-size: medium;\">Une telle implication implique des actions militaires am\u00e9ricaines, occidentales, arabes ou isra\u00e9liennes dans l\u2019agression contre le Y\u00e9men, amplifiant le ressentiment r\u00e9gional contre la partialit\u00e9 per\u00e7ue des \u00c9tats-Unis en faveur d\u2019Isra\u00ebl.<\/span><\/span><\/span><\/p>\n<p><strong><span style=\"color: #000000;\"><span style=\"font-family: Arial, sans-serif;\"><span style=\"font-size: large;\">\u00ab Containment coalition \u00bb<\/span><\/span><\/span><\/strong><\/p>\n<p><span style=\"color: #000000;\"><span style=\"font-family: Arial, sans-serif;\"><span style=\"font-size: medium;\">En r\u00e9ponse au d\u00e9fi pos\u00e9 par le Y\u00e9men \u00e0 l\u2019alliance am\u00e9ricano-arabe-isra\u00e9lienne, diverses id\u00e9es et propositions \u00e9mergent, notamment\u00a0:<\/span><\/span><\/span><\/p>\n<p><span style=\"color: #000000;\"><span style=\"font-family: Arial, sans-serif;\"><span style=\"font-size: medium;\">*Cibler les sites de lancement de missiles et de drones et les installations radar au Y\u00e9men\u00a0; <\/span><\/span><\/span><\/p>\n<p><span style=\"color: #000000;\"><span style=\"font-family: Arial, sans-serif;\"><span style=\"font-size: medium;\">*Reclasser Ansarallah comme organisation terroriste et imposer des sanctions, notamment un embargo sur les armes\u00a0;<\/span><\/span><\/span><\/p>\n<p><span style=\"color: #000000;\"><span style=\"font-family: Arial, sans-serif;\"><span style=\"font-size: medium;\">*Renforcer l&rsquo;armement de la \u00ab Garde c\u00f4ti\u00e8re \u00bb affili\u00e9e au Conseil de transition du Sud (<a href=\"https:\/\/www.newarab.com\/news\/yemens-stc-ready-work-israel-against-houthis\">STC<\/a>) soutenu par les \u00c9mirats arabes unis ; <\/span><\/span><\/span><\/p>\n<p><span style=\"color: #000000;\"><span style=\"font-family: Arial, sans-serif;\"><span style=\"font-size: medium;\">*Surveiller les mouvements des forces navales iraniennes et \u00e9tablir un r\u00e9seau de d\u00e9fense a\u00e9rienne et antimissile dans la r\u00e9gion\u00a0; <\/span><\/span><\/span><\/p>\n<p><span style=\"font-family: Arial, sans-serif;\"><span style=\"font-size: medium;\"><span style=\"color: #000000;\">*Explorer l\u2019utilisation des capacit\u00e9s d\u2019Isra\u00ebl et de l\u2019Arabie Saoudite pour former une \u00ab <a href=\"https:\/\/www.washingtoninstitute.org\/policy-analysis\/containing-houthis-yemen-issues-and-options-policy-review\">Containment coalition<\/a> \u00bb [<\/span><span style=\"color: #000000;\">op\u00e9ration <\/span><span style=\"color: #000000;\"><i>Prosperity Guardian<\/i><\/span><span style=\"color: #000000;\">, Gardien de la Prosp\u00e9rit\u00e9\u00a0; NdT<\/span><span style=\"color: #000000;\">], comme le sugg\u00e8re le <\/span><span style=\"color: #000000;\"><i>Washington Institute<\/i><\/span><span style=\"color: #000000;\">.<\/span><\/span><\/span><\/p>\n<p><span style=\"color: #000000;\"><span style=\"font-family: Arial, sans-serif;\"><span style=\"font-size: medium;\">Les mesures envisag\u00e9es par l&rsquo;administration Biden, pr\u00e9sent\u00e9es comme des initiatives de sauvegarde des int\u00e9r\u00eats internationaux, am\u00e8nent \u00e0 s&rsquo;interroger sur les v\u00e9ritables motivations de la cr\u00e9ation d&rsquo;une nouvelle force op\u00e9rationnelle navale et sur leur impact possible sur la paix et la stabilit\u00e9 en Asie occidentale.<\/span><\/span><\/span><\/p>\n<p><span style=\"color: #000000;\"><span style=\"font-family: Arial, sans-serif;\"><span style=\"font-size: medium;\">Alors que les \u00c9tats-Unis poursuivent leurs objectifs strat\u00e9giques, on craint r\u00e9ellement qu\u2019ils ne d\u00e9stabilisent une situation g\u00e9opolitique d\u00e9j\u00e0 instable en faisant entrer d\u2019autres grandes puissances dans l\u2019\u00e9quation.<\/span><\/span><\/span><\/p>\n<p><span style=\"color: #000000;\"><span style=\"font-family: Arial, sans-serif;\"><span style=\"font-size: medium;\">Il est important de rappeler la maxime selon laquelle aucune action ne va sans r\u00e9action. Quels que soient les plans am\u00e9ricains et isra\u00e9liens pour affronter Ansarallah, ils devront faire face \u00e0 une r\u00e9ponse. Si l\u2019on en juge par l\u2019histoire, les aventures de Washington \u00e0 l\u2019\u00e9tranger sont pleines de cons\u00e9quences inattendues qui renforcent ses ennemis.<\/span><\/span><\/span><\/p>\n<p><span style=\"color: #000000;\"><span style=\"font-family: Arial, sans-serif;\"><span style=\"font-size: medium;\">Si le plan consiste \u00e0 d\u00e9truire les capacit\u00e9s militaires du Y\u00e9men, Sanaa r\u00e9agira durement et pourrait bien \u00ab fermer la mer Rouge pendant des ann\u00e9es \u00bb, affirment des sources officielles y\u00e9m\u00e9nites \u00e0 <i>The Cradle<\/i>. Les sources affirment qu\u2019Ansarallah a envoy\u00e9 ses \u00ab menaces d\u00e9fensives \u00bb \u00e0 Washington en r\u00e9ponse aux menaces am\u00e9ricaines re\u00e7ues par des interm\u00e9diaires. Les options de Washington et de Tel Aviv semblent donc tr\u00e8s limit\u00e9es face au Y\u00e9men.<\/span><\/span><\/span><\/p>\n<pre><span style=\"color: #000000;\"><span style=\"font-family: Arial, sans-serif;\"><span style=\"font-size: medium;\"><span style=\"font-size: small;\">Article original en anglais sur <a href=\"https:\/\/new.thecradle.co\/articles\/from-the-river-to-the-red-sea-why-the-us-is-forming-a-new-naval-task-force\">The Cradle<\/a> \/ Traduction MR<\/span><\/span><\/span><\/span><\/pre>\n<p><em><span style=\"color: #000000;\"><span style=\"font-family: Arial, sans-serif;\"><span style=\"font-size: medium;\"><span style=\"font-size: small;\">Khalil Harb est un journaliste bas\u00e9 \u00e0 Beyrouth et ancien r\u00e9dacteur en chef du quotidien libanais Al-Safir. Il a \u00e9galement travaill\u00e9 pour Associated Press et le journal libanais An-Nahar. Il est dipl\u00f4m\u00e9 de l&rsquo;Universit\u00e9 am\u00e9ricaine du Caire.<\/span><\/span><\/span><\/span><\/em><\/p>\n","protected":false},"excerpt":{"rendered":"<p>Khalil Harb, 18 d\u00e9cembre 2023. Au lieu de faire pression sur Isra\u00ebl pour qu\u2019il mette fin \u00e0 son assaut brutal contre la bande de Gaza, l\u2019administration Biden mobilise d\u00e9sormais les <a class=\"more-link\" href=\"https:\/\/ismfrance.org\/index.php\/2023\/12\/19\/du-fleuve-a-la-mer-rouge-pourquoi-les-etats-unis-forment-une-nouvelle-force-operationnelle-navale\/\">Lire la suite &rarr;<\/a><\/p>\n","protected":false},"author":3,"featured_media":8368,"comment_status":"closed","ping_status":"closed","sticky":false,"template":"","format":"standard","meta":{"footnotes":""},"categories":[12,2],"tags":[228,90,149],"class_list":["post-8366","post","type-post","status-publish","format-standard","has-post-thumbnail","hentry","category-analyses","category-articles","tag-axe-de-la-resistance","tag-geopolitique","tag-yemen"],"yoast_head":"<!-- This site is optimized with the Yoast SEO plugin v27.2 - https:\/\/yoast.com\/product\/yoast-seo-wordpress\/ -->\n<title>Du fleuve \u00e0 la mer (Rouge) : pourquoi les \u00c9tats-Unis forment une nouvelle force op\u00e9rationnelle navale - International Solidarity Movement - ISM-France<\/title>\n<meta name=\"robots\" content=\"index, follow, max-snippet:-1, max-image-preview:large, max-video-preview:-1\" \/>\n<link rel=\"canonical\" href=\"https:\/\/ismfrance.org\/index.php\/2023\/12\/19\/du-fleuve-a-la-mer-rouge-pourquoi-les-etats-unis-forment-une-nouvelle-force-operationnelle-navale\/\" \/>\n<meta property=\"og:locale\" content=\"fr_FR\" \/>\n<meta property=\"og:type\" content=\"article\" \/>\n<meta property=\"og:title\" content=\"Du fleuve \u00e0 la mer (Rouge) : pourquoi les \u00c9tats-Unis forment une nouvelle force op\u00e9rationnelle navale - International Solidarity Movement - ISM-France\" \/>\n<meta property=\"og:description\" content=\"Khalil Harb, 18 d\u00e9cembre 2023. Au lieu de faire pression sur Isra\u00ebl pour qu\u2019il mette fin \u00e0 son assaut brutal contre la bande de Gaza, l\u2019administration Biden mobilise d\u00e9sormais les Lire la suite &rarr;\" \/>\n<meta property=\"og:url\" content=\"https:\/\/ismfrance.org\/index.php\/2023\/12\/19\/du-fleuve-a-la-mer-rouge-pourquoi-les-etats-unis-forment-une-nouvelle-force-operationnelle-navale\/\" \/>\n<meta property=\"og:site_name\" content=\"International Solidarity Movement - ISM-France\" \/>\n<meta property=\"article:published_time\" content=\"2023-12-19T17:10:43+00:00\" \/>\n<meta property=\"og:image\" content=\"https:\/\/ismfrance.org\/wp-content\/uploads\/2023\/12\/yemen.webp\" \/>\n\t<meta property=\"og:image:width\" content=\"2088\" \/>\n\t<meta property=\"og:image:height\" content=\"988\" \/>\n\t<meta property=\"og:image:type\" content=\"image\/webp\" \/>\n<meta name=\"author\" content=\"mru_01\" \/>\n<meta name=\"twitter:card\" content=\"summary_large_image\" \/>\n<meta name=\"twitter:creator\" content=\"@ISMFRANCE\" \/>\n<meta name=\"twitter:site\" content=\"@ISMFRANCE\" \/>\n<meta name=\"twitter:label1\" content=\"\u00c9crit par\" \/>\n\t<meta name=\"twitter:data1\" content=\"mru_01\" \/>\n\t<meta name=\"twitter:label2\" content=\"Dur\u00e9e de lecture estim\u00e9e\" \/>\n\t<meta name=\"twitter:data2\" content=\"10 minutes\" \/>\n<script type=\"application\/ld+json\" class=\"yoast-schema-graph\">{\"@context\":\"https:\/\/schema.org\",\"@graph\":[{\"@type\":\"Article\",\"@id\":\"https:\/\/ismfrance.org\/index.php\/2023\/12\/19\/du-fleuve-a-la-mer-rouge-pourquoi-les-etats-unis-forment-une-nouvelle-force-operationnelle-navale\/#article\",\"isPartOf\":{\"@id\":\"https:\/\/ismfrance.org\/index.php\/2023\/12\/19\/du-fleuve-a-la-mer-rouge-pourquoi-les-etats-unis-forment-une-nouvelle-force-operationnelle-navale\/\"},\"author\":{\"name\":\"mru_01\",\"@id\":\"https:\/\/ismfrance.org\/#\/schema\/person\/3c411eb72adfaae19c0dca1f41fae01d\"},\"headline\":\"Du fleuve \u00e0 la mer (Rouge) : pourquoi les \u00c9tats-Unis forment une nouvelle force op\u00e9rationnelle navale\",\"datePublished\":\"2023-12-19T17:10:43+00:00\",\"mainEntityOfPage\":{\"@id\":\"https:\/\/ismfrance.org\/index.php\/2023\/12\/19\/du-fleuve-a-la-mer-rouge-pourquoi-les-etats-unis-forment-une-nouvelle-force-operationnelle-navale\/\"},\"wordCount\":2002,\"publisher\":{\"@id\":\"https:\/\/ismfrance.org\/#organization\"},\"image\":{\"@id\":\"https:\/\/ismfrance.org\/index.php\/2023\/12\/19\/du-fleuve-a-la-mer-rouge-pourquoi-les-etats-unis-forment-une-nouvelle-force-operationnelle-navale\/#primaryimage\"},\"thumbnailUrl\":\"https:\/\/ismfrance.org\/wp-content\/uploads\/2023\/12\/yemen.webp\",\"keywords\":[\"Axe de la R\u00e9sistance\",\"G\u00e9opolitique\",\"Yemen\"],\"articleSection\":[\"Analyses\",\"Articles\"],\"inLanguage\":\"fr-FR\"},{\"@type\":\"WebPage\",\"@id\":\"https:\/\/ismfrance.org\/index.php\/2023\/12\/19\/du-fleuve-a-la-mer-rouge-pourquoi-les-etats-unis-forment-une-nouvelle-force-operationnelle-navale\/\",\"url\":\"https:\/\/ismfrance.org\/index.php\/2023\/12\/19\/du-fleuve-a-la-mer-rouge-pourquoi-les-etats-unis-forment-une-nouvelle-force-operationnelle-navale\/\",\"name\":\"Du fleuve \u00e0 la mer (Rouge) : pourquoi les \u00c9tats-Unis forment une nouvelle force op\u00e9rationnelle navale - International Solidarity Movement - ISM-France\",\"isPartOf\":{\"@id\":\"https:\/\/ismfrance.org\/#website\"},\"primaryImageOfPage\":{\"@id\":\"https:\/\/ismfrance.org\/index.php\/2023\/12\/19\/du-fleuve-a-la-mer-rouge-pourquoi-les-etats-unis-forment-une-nouvelle-force-operationnelle-navale\/#primaryimage\"},\"image\":{\"@id\":\"https:\/\/ismfrance.org\/index.php\/2023\/12\/19\/du-fleuve-a-la-mer-rouge-pourquoi-les-etats-unis-forment-une-nouvelle-force-operationnelle-navale\/#primaryimage\"},\"thumbnailUrl\":\"https:\/\/ismfrance.org\/wp-content\/uploads\/2023\/12\/yemen.webp\",\"datePublished\":\"2023-12-19T17:10:43+00:00\",\"breadcrumb\":{\"@id\":\"https:\/\/ismfrance.org\/index.php\/2023\/12\/19\/du-fleuve-a-la-mer-rouge-pourquoi-les-etats-unis-forment-une-nouvelle-force-operationnelle-navale\/#breadcrumb\"},\"inLanguage\":\"fr-FR\",\"potentialAction\":[{\"@type\":\"ReadAction\",\"target\":[\"https:\/\/ismfrance.org\/index.php\/2023\/12\/19\/du-fleuve-a-la-mer-rouge-pourquoi-les-etats-unis-forment-une-nouvelle-force-operationnelle-navale\/\"]}]},{\"@type\":\"ImageObject\",\"inLanguage\":\"fr-FR\",\"@id\":\"https:\/\/ismfrance.org\/index.php\/2023\/12\/19\/du-fleuve-a-la-mer-rouge-pourquoi-les-etats-unis-forment-une-nouvelle-force-operationnelle-navale\/#primaryimage\",\"url\":\"https:\/\/ismfrance.org\/wp-content\/uploads\/2023\/12\/yemen.webp\",\"contentUrl\":\"https:\/\/ismfrance.org\/wp-content\/uploads\/2023\/12\/yemen.webp\",\"width\":2088,\"height\":988},{\"@type\":\"BreadcrumbList\",\"@id\":\"https:\/\/ismfrance.org\/index.php\/2023\/12\/19\/du-fleuve-a-la-mer-rouge-pourquoi-les-etats-unis-forment-une-nouvelle-force-operationnelle-navale\/#breadcrumb\",\"itemListElement\":[{\"@type\":\"ListItem\",\"position\":1,\"name\":\"Accueil\",\"item\":\"https:\/\/ismfrance.org\/\"},{\"@type\":\"ListItem\",\"position\":2,\"name\":\"Du fleuve \u00e0 la mer (Rouge) : pourquoi les \u00c9tats-Unis forment une nouvelle force op\u00e9rationnelle navale\"}]},{\"@type\":\"WebSite\",\"@id\":\"https:\/\/ismfrance.org\/#website\",\"url\":\"https:\/\/ismfrance.org\/\",\"name\":\"ISM Palestine France\",\"description\":\"Soutien aux luttes de lib\u00e9ration du peuple palestinien\",\"publisher\":{\"@id\":\"https:\/\/ismfrance.org\/#organization\"},\"potentialAction\":[{\"@type\":\"SearchAction\",\"target\":{\"@type\":\"EntryPoint\",\"urlTemplate\":\"https:\/\/ismfrance.org\/?s={search_term_string}\"},\"query-input\":{\"@type\":\"PropertyValueSpecification\",\"valueRequired\":true,\"valueName\":\"search_term_string\"}}],\"inLanguage\":\"fr-FR\"},{\"@type\":\"Organization\",\"@id\":\"https:\/\/ismfrance.org\/#organization\",\"name\":\"International Solidarity Movement\",\"url\":\"https:\/\/ismfrance.org\/\",\"logo\":{\"@type\":\"ImageObject\",\"inLanguage\":\"fr-FR\",\"@id\":\"https:\/\/ismfrance.org\/#\/schema\/logo\/image\/\",\"url\":\"https:\/\/ismfrance.org\/wp-content\/uploads\/2020\/12\/00.png\",\"contentUrl\":\"https:\/\/ismfrance.org\/wp-content\/uploads\/2020\/12\/00.png\",\"width\":400,\"height\":400,\"caption\":\"International Solidarity Movement\"},\"image\":{\"@id\":\"https:\/\/ismfrance.org\/#\/schema\/logo\/image\/\"},\"sameAs\":[\"https:\/\/x.com\/ISMFRANCE\"]},{\"@type\":\"Person\",\"@id\":\"https:\/\/ismfrance.org\/#\/schema\/person\/3c411eb72adfaae19c0dca1f41fae01d\",\"name\":\"mru_01\",\"image\":{\"@type\":\"ImageObject\",\"inLanguage\":\"fr-FR\",\"@id\":\"https:\/\/secure.gravatar.com\/avatar\/3a0be343b445d2ccc79e87444a294fad2b232e90d2051d0e3cc219e1ecd6a330?s=96&d=mm&r=g\",\"url\":\"https:\/\/secure.gravatar.com\/avatar\/3a0be343b445d2ccc79e87444a294fad2b232e90d2051d0e3cc219e1ecd6a330?s=96&d=mm&r=g\",\"contentUrl\":\"https:\/\/secure.gravatar.com\/avatar\/3a0be343b445d2ccc79e87444a294fad2b232e90d2051d0e3cc219e1ecd6a330?s=96&d=mm&r=g\",\"caption\":\"mru_01\"},\"url\":\"https:\/\/ismfrance.org\/index.php\/author\/admin02\/\"}]}<\/script>\n<!-- \/ Yoast SEO plugin. -->","yoast_head_json":{"title":"Du fleuve \u00e0 la mer (Rouge) : pourquoi les \u00c9tats-Unis forment une nouvelle force op\u00e9rationnelle navale - International Solidarity Movement - ISM-France","robots":{"index":"index","follow":"follow","max-snippet":"max-snippet:-1","max-image-preview":"max-image-preview:large","max-video-preview":"max-video-preview:-1"},"canonical":"https:\/\/ismfrance.org\/index.php\/2023\/12\/19\/du-fleuve-a-la-mer-rouge-pourquoi-les-etats-unis-forment-une-nouvelle-force-operationnelle-navale\/","og_locale":"fr_FR","og_type":"article","og_title":"Du fleuve \u00e0 la mer (Rouge) : pourquoi les \u00c9tats-Unis forment une nouvelle force op\u00e9rationnelle navale - International Solidarity Movement - ISM-France","og_description":"Khalil Harb, 18 d\u00e9cembre 2023. Au lieu de faire pression sur Isra\u00ebl pour qu\u2019il mette fin \u00e0 son assaut brutal contre la bande de Gaza, l\u2019administration Biden mobilise d\u00e9sormais les Lire la suite &rarr;","og_url":"https:\/\/ismfrance.org\/index.php\/2023\/12\/19\/du-fleuve-a-la-mer-rouge-pourquoi-les-etats-unis-forment-une-nouvelle-force-operationnelle-navale\/","og_site_name":"International Solidarity Movement - ISM-France","article_published_time":"2023-12-19T17:10:43+00:00","og_image":[{"width":2088,"height":988,"url":"https:\/\/ismfrance.org\/wp-content\/uploads\/2023\/12\/yemen.webp","type":"image\/webp"}],"author":"mru_01","twitter_card":"summary_large_image","twitter_creator":"@ISMFRANCE","twitter_site":"@ISMFRANCE","twitter_misc":{"\u00c9crit par":"mru_01","Dur\u00e9e de lecture estim\u00e9e":"10 minutes"},"schema":{"@context":"https:\/\/schema.org","@graph":[{"@type":"Article","@id":"https:\/\/ismfrance.org\/index.php\/2023\/12\/19\/du-fleuve-a-la-mer-rouge-pourquoi-les-etats-unis-forment-une-nouvelle-force-operationnelle-navale\/#article","isPartOf":{"@id":"https:\/\/ismfrance.org\/index.php\/2023\/12\/19\/du-fleuve-a-la-mer-rouge-pourquoi-les-etats-unis-forment-une-nouvelle-force-operationnelle-navale\/"},"author":{"name":"mru_01","@id":"https:\/\/ismfrance.org\/#\/schema\/person\/3c411eb72adfaae19c0dca1f41fae01d"},"headline":"Du fleuve \u00e0 la mer (Rouge) : pourquoi les \u00c9tats-Unis forment une nouvelle force op\u00e9rationnelle navale","datePublished":"2023-12-19T17:10:43+00:00","mainEntityOfPage":{"@id":"https:\/\/ismfrance.org\/index.php\/2023\/12\/19\/du-fleuve-a-la-mer-rouge-pourquoi-les-etats-unis-forment-une-nouvelle-force-operationnelle-navale\/"},"wordCount":2002,"publisher":{"@id":"https:\/\/ismfrance.org\/#organization"},"image":{"@id":"https:\/\/ismfrance.org\/index.php\/2023\/12\/19\/du-fleuve-a-la-mer-rouge-pourquoi-les-etats-unis-forment-une-nouvelle-force-operationnelle-navale\/#primaryimage"},"thumbnailUrl":"https:\/\/ismfrance.org\/wp-content\/uploads\/2023\/12\/yemen.webp","keywords":["Axe de la R\u00e9sistance","G\u00e9opolitique","Yemen"],"articleSection":["Analyses","Articles"],"inLanguage":"fr-FR"},{"@type":"WebPage","@id":"https:\/\/ismfrance.org\/index.php\/2023\/12\/19\/du-fleuve-a-la-mer-rouge-pourquoi-les-etats-unis-forment-une-nouvelle-force-operationnelle-navale\/","url":"https:\/\/ismfrance.org\/index.php\/2023\/12\/19\/du-fleuve-a-la-mer-rouge-pourquoi-les-etats-unis-forment-une-nouvelle-force-operationnelle-navale\/","name":"Du fleuve \u00e0 la mer (Rouge) : pourquoi les \u00c9tats-Unis forment une nouvelle force op\u00e9rationnelle navale - International Solidarity Movement - ISM-France","isPartOf":{"@id":"https:\/\/ismfrance.org\/#website"},"primaryImageOfPage":{"@id":"https:\/\/ismfrance.org\/index.php\/2023\/12\/19\/du-fleuve-a-la-mer-rouge-pourquoi-les-etats-unis-forment-une-nouvelle-force-operationnelle-navale\/#primaryimage"},"image":{"@id":"https:\/\/ismfrance.org\/index.php\/2023\/12\/19\/du-fleuve-a-la-mer-rouge-pourquoi-les-etats-unis-forment-une-nouvelle-force-operationnelle-navale\/#primaryimage"},"thumbnailUrl":"https:\/\/ismfrance.org\/wp-content\/uploads\/2023\/12\/yemen.webp","datePublished":"2023-12-19T17:10:43+00:00","breadcrumb":{"@id":"https:\/\/ismfrance.org\/index.php\/2023\/12\/19\/du-fleuve-a-la-mer-rouge-pourquoi-les-etats-unis-forment-une-nouvelle-force-operationnelle-navale\/#breadcrumb"},"inLanguage":"fr-FR","potentialAction":[{"@type":"ReadAction","target":["https:\/\/ismfrance.org\/index.php\/2023\/12\/19\/du-fleuve-a-la-mer-rouge-pourquoi-les-etats-unis-forment-une-nouvelle-force-operationnelle-navale\/"]}]},{"@type":"ImageObject","inLanguage":"fr-FR","@id":"https:\/\/ismfrance.org\/index.php\/2023\/12\/19\/du-fleuve-a-la-mer-rouge-pourquoi-les-etats-unis-forment-une-nouvelle-force-operationnelle-navale\/#primaryimage","url":"https:\/\/ismfrance.org\/wp-content\/uploads\/2023\/12\/yemen.webp","contentUrl":"https:\/\/ismfrance.org\/wp-content\/uploads\/2023\/12\/yemen.webp","width":2088,"height":988},{"@type":"BreadcrumbList","@id":"https:\/\/ismfrance.org\/index.php\/2023\/12\/19\/du-fleuve-a-la-mer-rouge-pourquoi-les-etats-unis-forment-une-nouvelle-force-operationnelle-navale\/#breadcrumb","itemListElement":[{"@type":"ListItem","position":1,"name":"Accueil","item":"https:\/\/ismfrance.org\/"},{"@type":"ListItem","position":2,"name":"Du fleuve \u00e0 la mer (Rouge) : pourquoi les \u00c9tats-Unis forment une nouvelle force op\u00e9rationnelle navale"}]},{"@type":"WebSite","@id":"https:\/\/ismfrance.org\/#website","url":"https:\/\/ismfrance.org\/","name":"ISM Palestine France","description":"Soutien aux luttes de lib\u00e9ration du peuple palestinien","publisher":{"@id":"https:\/\/ismfrance.org\/#organization"},"potentialAction":[{"@type":"SearchAction","target":{"@type":"EntryPoint","urlTemplate":"https:\/\/ismfrance.org\/?s={search_term_string}"},"query-input":{"@type":"PropertyValueSpecification","valueRequired":true,"valueName":"search_term_string"}}],"inLanguage":"fr-FR"},{"@type":"Organization","@id":"https:\/\/ismfrance.org\/#organization","name":"International Solidarity Movement","url":"https:\/\/ismfrance.org\/","logo":{"@type":"ImageObject","inLanguage":"fr-FR","@id":"https:\/\/ismfrance.org\/#\/schema\/logo\/image\/","url":"https:\/\/ismfrance.org\/wp-content\/uploads\/2020\/12\/00.png","contentUrl":"https:\/\/ismfrance.org\/wp-content\/uploads\/2020\/12\/00.png","width":400,"height":400,"caption":"International Solidarity Movement"},"image":{"@id":"https:\/\/ismfrance.org\/#\/schema\/logo\/image\/"},"sameAs":["https:\/\/x.com\/ISMFRANCE"]},{"@type":"Person","@id":"https:\/\/ismfrance.org\/#\/schema\/person\/3c411eb72adfaae19c0dca1f41fae01d","name":"mru_01","image":{"@type":"ImageObject","inLanguage":"fr-FR","@id":"https:\/\/secure.gravatar.com\/avatar\/3a0be343b445d2ccc79e87444a294fad2b232e90d2051d0e3cc219e1ecd6a330?s=96&d=mm&r=g","url":"https:\/\/secure.gravatar.com\/avatar\/3a0be343b445d2ccc79e87444a294fad2b232e90d2051d0e3cc219e1ecd6a330?s=96&d=mm&r=g","contentUrl":"https:\/\/secure.gravatar.com\/avatar\/3a0be343b445d2ccc79e87444a294fad2b232e90d2051d0e3cc219e1ecd6a330?s=96&d=mm&r=g","caption":"mru_01"},"url":"https:\/\/ismfrance.org\/index.php\/author\/admin02\/"}]}},"_links":{"self":[{"href":"https:\/\/ismfrance.org\/index.php\/wp-json\/wp\/v2\/posts\/8366","targetHints":{"allow":["GET"]}}],"collection":[{"href":"https:\/\/ismfrance.org\/index.php\/wp-json\/wp\/v2\/posts"}],"about":[{"href":"https:\/\/ismfrance.org\/index.php\/wp-json\/wp\/v2\/types\/post"}],"author":[{"embeddable":true,"href":"https:\/\/ismfrance.org\/index.php\/wp-json\/wp\/v2\/users\/3"}],"replies":[{"embeddable":true,"href":"https:\/\/ismfrance.org\/index.php\/wp-json\/wp\/v2\/comments?post=8366"}],"version-history":[{"count":0,"href":"https:\/\/ismfrance.org\/index.php\/wp-json\/wp\/v2\/posts\/8366\/revisions"}],"wp:featuredmedia":[{"embeddable":true,"href":"https:\/\/ismfrance.org\/index.php\/wp-json\/wp\/v2\/media\/8368"}],"wp:attachment":[{"href":"https:\/\/ismfrance.org\/index.php\/wp-json\/wp\/v2\/media?parent=8366"}],"wp:term":[{"taxonomy":"category","embeddable":true,"href":"https:\/\/ismfrance.org\/index.php\/wp-json\/wp\/v2\/categories?post=8366"},{"taxonomy":"post_tag","embeddable":true,"href":"https:\/\/ismfrance.org\/index.php\/wp-json\/wp\/v2\/tags?post=8366"}],"curies":[{"name":"wp","href":"https:\/\/api.w.org\/{rel}","templated":true}]}}