{"id":8311,"date":"2023-12-16T14:10:39","date_gmt":"2023-12-16T13:10:39","guid":{"rendered":"https:\/\/ismfrance.org\/?p=8311"},"modified":"2023-12-30T12:09:44","modified_gmt":"2023-12-30T11:09:44","slug":"reconstruire-le-gush-katif-le-projet-de-renvoyer-les-colons-juifs-a-gaza","status":"publish","type":"post","link":"https:\/\/ismfrance.org\/index.php\/2023\/12\/16\/reconstruire-le-gush-katif-le-projet-de-renvoyer-les-colons-juifs-a-gaza\/","title":{"rendered":"Reconstruire le Gush Katif : le projet de renvoyer les colons juifs \u00e0 Gaza"},"content":{"rendered":"<p><strong>William Van Wagenen, 13 d\u00e9cembre 2023<\/strong>. Pr\u00e8s de trois semaines apr\u00e8s le d\u00e9but de l&rsquo;invasion terrestre sanglante de Gaza par Isra\u00ebl, un soldat isra\u00e9lien a film\u00e9 une vid\u00e9o depuis l&rsquo;int\u00e9rieur de l&rsquo;enclave bombard\u00e9e et assi\u00e9g\u00e9e <a href=\"https:\/\/twitter.com\/UncapturedNews\/status\/1724186944853233954?s=20\">s&rsquo;exclamant\u00a0<\/a>: \u00ab\u00a0Nous terminerons la mission qui nous a \u00e9t\u00e9 assign\u00e9e. Conqu\u00e9rir, expulser et s\u2019installer. Tu entends \u00e7a, Bibi ?\u00a0\u00bb<\/p>\n<p><a href=\"https:\/\/ismfrance.org\/wp-content\/uploads\/2023\/12\/gush-katif.png\"><img loading=\"lazy\" decoding=\"async\" class=\"size-large wp-image-8313 aligncenter\" src=\"https:\/\/ismfrance.org\/wp-content\/uploads\/2023\/12\/gush-katif-700x330.png\" alt=\"\" width=\"600\" height=\"283\" srcset=\"https:\/\/ismfrance.org\/wp-content\/uploads\/2023\/12\/gush-katif-700x330.png 700w, https:\/\/ismfrance.org\/wp-content\/uploads\/2023\/12\/gush-katif-300x141.png 300w, https:\/\/ismfrance.org\/wp-content\/uploads\/2023\/12\/gush-katif-768x362.png 768w, https:\/\/ismfrance.org\/wp-content\/uploads\/2023\/12\/gush-katif-1536x724.png 1536w, https:\/\/ismfrance.org\/wp-content\/uploads\/2023\/12\/gush-katif-1320x622.png 1320w, https:\/\/ismfrance.org\/wp-content\/uploads\/2023\/12\/gush-katif.png 1675w\" sizes=\"auto, (max-width: 600px) 100vw, 600px\" \/><\/a><\/p>\n<p>Deux mois apr\u00e8s le d\u00e9but de l&rsquo;attaque de Tel Aviv contre Gaza, ses objectifs finaux ne sont toujours pas clairs. <em>CNN<\/em> a <a href=\"https:\/\/edition.cnn.com\/2023\/12\/05\/politics\/israel-ground-operation-us-warnings\/index.html\">r\u00e9v\u00e9l\u00e9<\/a>\u00a0que le \u00ab plan initial \u00bb d\u2019Isra\u00ebl pour la guerre \u00e9tait de \u00ab raser Gaza \u00bb. Et le ministre isra\u00e9lien Ron Dermer a <a href=\"https:\/\/www.israelhayom.co.il\/magazine\/hashavua\/article\/14889801\">propos\u00e9<\/a> un plan visant \u00e0 \u00ab\u00a0r\u00e9duire\u00a0\u00bb la population de Gaza en for\u00e7ant les civils \u00e0 fuir vers l&rsquo;\u00c9gypte par voie terrestre, ou vers d&rsquo;autres r\u00e9gions d&rsquo;Afrique et d&rsquo;Europe par bateau, parce que \u00ab\u00a0la mer leur est ouverte\u00a0\u00bb.<\/p>\n<p>Ce qui est certain, c\u2019est que cela ne ressemble \u00e0 aucune autre s\u00e9rie de bombardements isra\u00e9liens sur Gaza. Lors de campagnes pr\u00e9c\u00e9dentes, les Isra\u00e9liens ont fait appel \u00e0 des m\u00e9diateurs internationaux \u00ab d\u00e8s le premier jour \u00bb pour n\u00e9gocier un cessez-le-feu en quelques jours ou semaines.<\/p>\n<p>Mais cette fois, les Isra\u00e9liens et leurs partisans am\u00e9ricains ne veulent absolument pas d\u2019un cessez-le-feu. M\u00eame si leurs objectifs finaux pour Gaza ont chang\u00e9 dans le cadre de ce conflit, il est tout aussi important de noter que les plans de Tel Aviv pour cet avenir pourraient \u00eatre totalement diff\u00e9rents de ceux de Washington. Simplement, Isra\u00ebl n\u2019a jamais eu de gouvernement aussi \u00e0 droite que celui actuel concoct\u00e9 par son Premier ministre Benjamin Netanyahu ; un cabinet plein de fondamentalistes religieux et de ferveur messianique.<\/p>\n<p><strong>Projets pour \u00ab reconqu\u00e9rir \u00bb Gaza<\/strong><\/p>\n<p>Les racines de la campagne actuelle d\u2019Isra\u00ebl pour conqu\u00e9rir Gaza et nettoyer ethniquement ses 2,3 millions d\u2019habitants palestiniens remontent \u00e0 pr\u00e8s de deux d\u00e9cennies, avec l\u2019\u00e9vacuation du bloc de colonies de Gush Katif en 2005.<\/p>\n<p>Cette d\u00e9cision, orchestr\u00e9e par Ariel Sharon, alors Premier ministre, visait \u00e0 poursuivre la colonisation juive et l&rsquo;occupation militaire en Cisjordanie occup\u00e9e, mais a \u00e9t\u00e9 consid\u00e9r\u00e9e comme une trahison par le mouvement d&rsquo;extr\u00eame droite et religieux des colons isra\u00e9liens.<\/p>\n<p>C&rsquo;est Ariel Sharon, \u00ab le p\u00e8re des colonies \u00bb, qui a con\u00e7u le d\u00e9sengagement de Gaza pour assurer la poursuite des colonies juives et de l&rsquo;occupation militaire de la Cisjordanie, mais le mouvement religieux des colons le consid\u00e9rait comme un tra\u00eetre pour avoir renonc\u00e9 \u00e0 la \u00ab terre juive \u00bb, tout comme ils consid\u00e9raient l\u2019ancien Premier ministre Yitzhak Rabin comme un tra\u00eetre pour avoir sign\u00e9 les accords d\u2019Oslo visant \u00e0 \u00e9tablir un \u00c9tat palestinien.<\/p>\n<p>Rabin a \u00e9t\u00e9 assassin\u00e9 par l&rsquo;extr\u00e9miste juif Yigal Amir en 1995, dans un acte publiquement encourag\u00e9 par un jeune mais \u00e9minent activiste religieux des colons,\u00a0Itamar Ben Gvir.<\/p>\n<p>Un autre jeune colon religieux, Bezalel Smotrich, a \u00e9t\u00e9\u00a0<a href=\"https:\/\/www.timesofisrael.com\/former-shin-bet-deputy-chief-said-to-call-hardline-mk-smotrich-a-terrorist\/\">arr\u00eat\u00e9<\/a>\u00a0pour son opposition \u00e0 la politique de d\u00e9sengagement de Sharon. Pour arr\u00eater le d\u00e9sengagement de Gaza, Smotrich voulait faire exploser des voitures sur l&rsquo;autoroute d&rsquo;Ayalon, aux heures de pointe, avec 700 litres d&rsquo;essence.<\/p>\n<p>Les deux hommes sont aujourd\u2019hui des alli\u00e9s et des id\u00e9ologues \u00e9minents au sein du gouvernement de coalition extr\u00e9miste de Netanyahu.<\/p>\n<p>Au cours des 18 ann\u00e9es suivantes, le parti Likoud et le mouvement religieux des colons, dirig\u00e9s par des personnalit\u00e9s telles que Ben Gvir et Smotrich, ont nourri le r\u00eave de reconqu\u00e9rir Gaza pour reconstruire Gush Katif. Cette entreprise impliquerait d&rsquo;achever l&rsquo;expulsion initi\u00e9e par les milices sionistes en 1948, comme le note l&rsquo;historien isra\u00e9lien Benny Morris, en for\u00e7ant les Gazaouis \u00e0 l&rsquo;exil et en emp\u00eachant leur retour.<\/p>\n<p>En 2010, le Premier ministre Netanyahu et la d\u00e9put\u00e9e Gila Gamliel, tous deux membres du Likoud, ont propos\u00e9 au d\u00e9funt pr\u00e9sident \u00e9gyptien Hosni Moubarak l&rsquo;installation de Palestiniens dans la p\u00e9ninsule du Sina\u00ef dans le cadre d&rsquo;un \u00e9change de terres li\u00e9 \u00e0 un accord de paix.<\/p>\n<p>Apr\u00e8s avoir insist\u00e9 : \u00ab Je ne veux m\u00eame pas \u00e9couter ce genre de propositions \u00bb, Moubarak a \u00e9t\u00e9 renvers\u00e9 lors d\u2019une r\u00e9volution de couleur orchestr\u00e9e par les \u00c9tats-Unis, dans le cadre du \u00ab Printemps arabe \u00bb r\u00e9gional, comme on l\u2019a appel\u00e9.<\/p>\n<p>Netanyahu a propos\u00e9 un accord similaire au successeur de Moubarak, Mohammad Morsi en 2012, et au successeur de Morsi, Abdel Fatah al-Sisi en 2014, mais ceux-ci ont abouti aux m\u00eames r\u00e9sultats.<\/p>\n<p>En 2014, lors de l&rsquo;assaut brutal d&rsquo;Isra\u00ebl sur Gaza, qui a dur\u00e9 51 jours, Netanyahu a <a href=\"https:\/\/www.i24news.tv\/ar\/\u0623\u062e\u0628\u0627\u0631\/middle-east\/164919-180111-\u062a\u0642\u0631\u064a\u0631:-\u0646\u062a\u0646\u064a\u0627\u0647\u0648-\u0627\u0642\u062a\u0631\u062d-\u0625\u0639\u0637\u0627\u0621-\u0645\u0646\u0627\u0637\u0642-\u0645\u0646-\u0633\u064a\u0646\u0627\u0621-\u0644\u0644\u0641\u0644\u0633\u0637\u064a\u0646\u064a\u064a\u0646-\u0645\u0642\u0627\u0628\u0644-\u0636\u0645-\u0627\u0644\u0645\u0633\u062a\u0648\u0637\u0646\u0627\u062a\">demand\u00e9<\/a> une intervention am\u00e9ricaine aupr\u00e8s de Sissi pour proposer d&rsquo;installer des Palestiniens dans le Sina\u00ef, mais n&rsquo;a abouti \u00e0 rien. Plus de 2.300 civils ont \u00e9t\u00e9 tu\u00e9s dans cette op\u00e9ration militaire \u2013 encore une autre des campagnes isra\u00e9liennes visant \u00e0 \u00ab <a href=\"https:\/\/www.washingtonpost.com\/world\/2021\/05\/14\/israel-gaza-history\/\">tondre l\u2019herbe<\/a> \u00bb et \u00e0 infliger des revers \u00e0 la r\u00e9sistance, sans r\u00e9aliser de progr\u00e8s significatifs contre le Hamas.<\/p>\n<p><strong>Le projet prend forme<\/strong><\/p>\n<p>En juin 2018, des <a href=\"https:\/\/www.ynetnews.com\/articles\/0,7340,L-5295153,00.html\">articles<\/a> ont fait \u00e9tat d&rsquo;un nouveau plan de l&rsquo;arm\u00e9e isra\u00e9lienne pour \u00ab cr\u00e9er un changement consid\u00e9rable de la situation s&rsquo;il est n\u00e9cessaire de lancer une campagne majeure \u00e0 Gaza \u00bb. Cela impliquerait d\u2019aller au-del\u00e0 des bombardements temporaires vers des missions offensives impliquant des unit\u00e9s d\u2019\u00e9lite qui \u00ab entreraient dans Gaza et la diviseraient en deux, et en occuperaient m\u00eame des parties importantes \u00bb.<\/p>\n<p>Pendant ce temps, en 2019, des colons fondamentalistes comme Ben Gvir ont <a href=\"https:\/\/www.alquds.com\/en\/posts\/59305?language=he\">continu\u00e9<\/a> d&rsquo;exprimer un fervent d\u00e9sir de raser Gaza et de revenir reconstruire le Gush Katif.<\/p>\n<p>\u00c0 la veille des \u00e9lections \u00e0 la Knesset de 2022, trois partis politiques d\u2019extr\u00eame-droite se sont unis pour former la Coalition du sionisme religieux. Il s\u2019agissait notamment du parti Sionisme religieux, dirig\u00e9 par Smotrich, du parti Otzma Yehudit (Pouvoir juif), dirig\u00e9 par Ben Gvir, et de Noam, un petit parti ultra-orthodoxe.<\/p>\n<p>En juillet 2022, le candidat sioniste religieux Arnon Segal\u00a0a <a href=\"https:\/\/www.i24news.tv\/en\/news\/israel\/society\/1663151477-israeli-feelings-about-gush-katif-17-years-later\">\u00e9crit<\/a> lors de son annonce de campagne : \u00ab\u00a0Il est temps de commencer \u00e0 planifier un retour \u00e0 Gush Katif.\u00a0\u00bb<\/p>\n<p>\u00ab\u00a0Oui\u00a0\u00bb, a-t-il \u00e9crit, \u00ab\u00a0pour y revenir physiquement et le reconstruire\u00a0\u00bb.<\/p>\n<p>En septembre, alors que les \u00e9lections approchaient, <em>i24 News<\/em>, un m\u00e9dia proche de Netanyahu, abordait la question du Goush Katif, la qualifiant de \u00ab blessure persistante \u00bb, encore ouverte et fra\u00eeche pour les Isra\u00e9liens.<\/p>\n<p>\u00ab\u00a0C&rsquo;est un traumatisme\u00a0\u00bb, a d\u00e9clar\u00e9 un Isra\u00e9lien nomm\u00e9 Hillel cit\u00e9 par <em>i24 News<\/em>. \u00ab\u00a0Le pays tout entier souffre.\u00a0\u00bb<\/p>\n<p><strong>La \u00ab l\u00e9galit\u00e9 \u00bb du retour des colons<\/strong><\/p>\n<p>La tentation de reconstruction du Goush Katif a converg\u00e9 avec un changement significatif dans la situation \u00e0 Gaza lorsque Netanyahu est devenu Premier ministre pour la sixi\u00e8me fois apr\u00e8s les \u00e9lections de d\u00e9cembre 2022. Apr\u00e8s un an d\u2019absence du pouvoir, Netanyahu a form\u00e9 une coalition entre son parti, le Likoud, et la Coalition du sionisme religieux.<\/p>\n<p>L&rsquo;accord avec Netanyahu a permis \u00e0 Ben Gvir de devenir ministre de la S\u00e9curit\u00e9 nationale, tandis que Smotrich a \u00e9t\u00e9 nomm\u00e9 \u00e0 la fois ministre des Finances et ministre de la D\u00e9fense, responsable de l&rsquo;administration civile en Cisjordanie occup\u00e9e.<\/p>\n<p><a href=\"https:\/\/ismfrance.org\/wp-content\/uploads\/2023\/12\/projet-immobilier-gaza.jpeg\"><img loading=\"lazy\" decoding=\"async\" class=\"size-large wp-image-8319 aligncenter\" src=\"https:\/\/ismfrance.org\/wp-content\/uploads\/2023\/12\/projet-immobilier-gaza-700x700.jpeg\" alt=\"\" width=\"600\" height=\"600\" srcset=\"https:\/\/ismfrance.org\/wp-content\/uploads\/2023\/12\/projet-immobilier-gaza-700x700.jpeg 700w, https:\/\/ismfrance.org\/wp-content\/uploads\/2023\/12\/projet-immobilier-gaza-300x300.jpeg 300w, https:\/\/ismfrance.org\/wp-content\/uploads\/2023\/12\/projet-immobilier-gaza-150x150.jpeg 150w, https:\/\/ismfrance.org\/wp-content\/uploads\/2023\/12\/projet-immobilier-gaza-768x768.jpeg 768w, https:\/\/ismfrance.org\/wp-content\/uploads\/2023\/12\/projet-immobilier-gaza-144x144.jpeg 144w, https:\/\/ismfrance.org\/wp-content\/uploads\/2023\/12\/projet-immobilier-gaza.jpeg 1000w\" sizes=\"auto, (max-width: 600px) 100vw, 600px\" \/><\/a><\/p>\n<p>Sous leur direction, l\u2019\u00c9tat d\u2019occupation a rapidement intensifi\u00e9 ses raids militaires contre les groupes de r\u00e9sistance palestiniens, acc\u00e9l\u00e9r\u00e9 la construction de colonies juives et lanc\u00e9 des appels \u00e0 l\u2019annexion de la Cisjordanie.<\/p>\n<p>Alors que la violence s\u2019intensifiait en mars 2023, la coalition Likoud-sionisme religieux a discr\u00e8tement invers\u00e9 un aspect crucial du d\u00e9sengagement de Gaza de 2005. Le plan de retrait initial de Sharon impliquait l&rsquo;abandon de quatre petites colonies dans le nord de la Cisjordanie en raison des probl\u00e8mes de s\u00e9curit\u00e9.<\/p>\n<p>Cependant, la Knesset a adopt\u00e9 un\u00a0<a href=\"https:\/\/www.reuters.com\/world\/middle-east\/israel-repeals-law-that-banned-four-west-bank-settlements-2023-03-21\/#:~:text=JERUSALEM, March 21 (Reuters),Authority and the European Union.\">amendement<\/a>\u00a0\u00e0 la l\u00e9gislation sur le d\u00e9sengagement le 21\u00a0mars, qui a permis aux colons juifs de retourner dans ces colonies \u00e9vacu\u00e9es et a permis leur reconstruction.<\/p>\n<p>Apr\u00e8s le vote, le d\u00e9put\u00e9 Limor Son Har-Melech, du parti Pouvoir juif, a <a href=\"https:\/\/www.jpost.com\/israel-news\/politics-and-diplomacy\/article-734955\">d\u00e9clar\u00e9\u00a0<\/a>:\u00a0\u00ab\u00a0Nous ne devons pas nous reposer sur nos lauriers ou sur l&rsquo;euphorie du moment.\u00a0\u00bb Nous devons \u00e9galement nous mobiliser pour \u00ab retourner chez nous, dans la r\u00e9gion de Gush Katif, qui a \u00e9t\u00e9 abandonn\u00e9e [en 2005] dans un acte d\u2019une terrible folie \u00bb.<\/p>\n<p>La ministre des Missions nationales, Orit Strock, du parti Sionisme religieux, a lanc\u00e9 un appel similaire, en <a href=\"https:\/\/www.aa.com.tr\/en\/middle-east\/israeli-minister-says-gaza-settlements-part-of-israel\/2852881\">d\u00e9clarant<\/a> \u00e0 la cha\u00eene isra\u00e9lienne\u00a07\u00a0:<\/p>\n<p>\u00ab Je crois qu\u2019en fin de compte, le p\u00e9ch\u00e9 du d\u00e9sengagement sera invers\u00e9. \u00bb<\/p>\n<p>Elle a sugg\u00e9r\u00e9 que cela n\u00e9cessiterait de faire la guerre, ajoutant que \u00ab\u00a0Malheureusement, un retour dans la bande de Gaza entra\u00eenera de nombreuses victimes.\u00a0\u00bb En r\u00e9ponse, l&rsquo;ONG de gauche <em>Peace Now<\/em>\u00a0a <a href=\"https:\/\/www.jpost.com\/israel-news\/politics-and-diplomacy\/article-734955\">averti<\/a>\u00a0que\u00a0:<\/p>\n<p>\u00ab Une r\u00e9volution messianique est en train de se produire. Ce gouvernement va in\u00e9vitablement d\u00e9etruire notre pays. Ils vont aussi intensifier l\u2019occupation, mettre le feu \u00e0 la r\u00e9gion et \u00e9tablir un r\u00e9gime supr\u00e9maciste juif du fleuve \u00e0 la mer. \u00bb<\/p>\n<p><strong>La Nakba \u00e0 Gaza<\/strong><\/p>\n<p>Au lendemain de l&rsquo;op\u00e9ration de la r\u00e9sistance palestinienne D\u00e9luge d&rsquo;Al-Aqsa le 7 octobre, une <a href=\"https:\/\/new.thecradle.co\/articles\/israels-43-minute-hamas-atrocity-video-exposed\">vague de propagande et de fausses informations<\/a> a suscit\u00e9 l&rsquo;indignation du public, n\u00e9cessaire pour justifier le recours \u00e0 une violence \u00e9crasante non seulement contre le Hamas, mais contre tous les habitants de Gaza, et pour mettre en \u0153uvre des plans de retour \u00e0 Gush Katif.<\/p>\n<p>Les appels <a href=\"https:\/\/www.youtube.com\/watch?v=AUeEnjULHe0&amp;t=558s\">publics<\/a> \u00e0 commettre un g\u00e9nocide contre les habitants de Gaza se sont r\u00e9pandus parmi les hommes politiques, les journalistes et les c\u00e9l\u00e9brit\u00e9s isra\u00e9liens.<\/p>\n<p>Isra\u00ebl a saisi l&rsquo;occasion et a lanc\u00e9 une campagne de bombardements massifs sur Gaza, accompagn\u00e9e d&rsquo;exigences selon lesquelles les Palestiniens \u00e9vacuent la moiti\u00e9 nord de l&rsquo;enclave assi\u00e9g\u00e9e, une r\u00e9gion abritant 1,1 million d&rsquo;habitants \u2013 environ la moiti\u00e9 de la population du territoire \u2013 dans les 24 heures.<\/p>\n<p>L&rsquo;ancien vice-ministre isra\u00e9lien des Affaires \u00e9trang\u00e8res et diplomate principal Danny Ayalon a <a href=\"https:\/\/twitter.com\/ytirawi\/status\/1712959493691015316?s=20\">\u00e9crit<\/a> sur les r\u00e9seaux sociaux que les habitants de Gaza devaient non seulement se rendre dans le sud de Gaza, mais aussi fuir vers l&rsquo;\u00c9gypte\u00a0:<\/p>\n<p>\u00ab Nous ne disons pas aux Gazaouis d\u2019aller sur les plages ou de se noyer\u2026 Non, \u00e0 Dieu ne plaise\u2026 Allez dans le d\u00e9sert du Sina\u00ef\u2026 la communaut\u00e9 internationale leur construira des villes et leur donnera de la nourriture\u2026 L\u2019\u00c9gypte devrait jouer le jeu. \u00bb<\/p>\n<p>Les demandes isra\u00e9liennes que les Palestiniens fuient vers l&rsquo;\u00c9gypte se sont accompagn\u00e9es de la publication, le 13 octobre, d&rsquo;un <a href=\"https:\/\/new.thecradle.co\/articles\/leaked-israeli-plan-to-ethnically-cleanse-gaza\">rapport<\/a> du minist\u00e8re isra\u00e9lien du Renseignement, dirig\u00e9 par le d\u00e9put\u00e9 du Likoud Gamliel.<\/p>\n<p>Pr\u00e9par\u00e9 \u00e0 l&rsquo;\u00e9vidence avant les \u00e9v\u00e9nements du 7 octobre, le rapport recommandait l\u2019occupation de Gaza et le transfert total de ses 2,3 millions d\u2019habitants vers la p\u00e9ninsule \u00e9gyptienne du Sina\u00ef, tout en insistant sur le fait qu\u2019ils ne seraient jamais autoris\u00e9s \u00e0 revenir.<\/p>\n<p>En outre, le plan stipule que le gouvernement devrait lancer une campagne de relations publiques dirig\u00e9e vers l\u2019Occident qui promouvrait le nettoyage ethnique d\u2019une mani\u00e8re qui n\u2019alimente pas l\u2019hostilit\u00e9 internationale envers Isra\u00ebl ni ne porte atteinte \u00e0 sa r\u00e9putation d\u00e9j\u00e0 ternie.<\/p>\n<p>\u00ab\u00a0La d\u00e9portation massive de la population de Gaza doit \u00eatre pr\u00e9sent\u00e9e comme une mesure humanitaire n\u00e9cessaire pour recevoir un soutien international,\u00a0\u00bb indique le rapport. Une telle d\u00e9portation pourrait \u00eatre justifi\u00e9e si elle entra\u00eene \u00ab moins de victimes parmi la population civile par rapport au nombre attendu de victimes si elles restent \u00bb.<\/p>\n<p>L\u2019horrible campagne de bombardements d\u2019Isra\u00ebl s\u2019est poursuivie, garantissant que le nombre de victimes serait effectivement massif.<\/p>\n<p>Le 27 octobre, apr\u00e8s la mort de 7.028 Palestiniens \u2013 dont 2.913 enfants \u2013, Isra\u00ebl a lanc\u00e9 son invasion terrestre tant attendue de Gaza.<\/p>\n<p>Une semaine plus tard, le rabbin d&rsquo;une unit\u00e9 de l&rsquo;arm\u00e9e isra\u00e9lienne a prononc\u00e9 <a href=\"https:\/\/twitter.com\/i\/status\/1721155167519695330\">un discours enflamm\u00e9<\/a> devant les troupes\u00a0:\u00a0\u00ab\u00a0Cette terre est \u00e0 nous\u2026 la terre enti\u00e8re, y compris Gaza, y compris le Liban, y compris toute la terre promise\u00a0! \u2026 Gush Katif est minuscule compar\u00e9 \u00e0 ce que nous r\u00e9aliserons avec l\u2019aide de Dieu !\u00a0\u00bb<\/p>\n<p>&nbsp;<\/p>\n<p>Comme indiqu\u00e9 dans le plan de 2018 des dirigeants militaires, les troupes d\u2019invasion isra\u00e9liennes ont rapidement coup\u00e9 la bande de Gaza en deux, tout en envahissant \u00e9galement le long de la c\u00f4te depuis le nord.<\/p>\n<p>Apr\u00e8s avoir plant\u00e9 un drapeau isra\u00e9lien dans le sable de la plage de Gaza, un commandant isra\u00e9lien a <a href=\"https:\/\/twitter.com\/i\/status\/1722642183042261496\">d\u00e9clar\u00e9<\/a> \u00e0 ses troupes : \u00ab Nous sommes revenus, nous avons \u00e9t\u00e9 expuls\u00e9s d&rsquo;ici il y a presque 20 ans\u2026 C&rsquo;est notre terre ! Et c\u2019est la victoire, retourner sur nos terres.\u00a0\u00bb<\/p>\n<p>Alors que les soldats isra\u00e9liens faisaient la f\u00eate \u00e0 Gaza, les d\u00e9put\u00e9s du Likoud ont soumis le 8 novembre un projet de loi visant \u00e0 modifier \u00e0 nouveau la loi de d\u00e9sengagement de 2005 \u2013 cette fois pour \u00ab abroger la loi qui interdit aux Juifs d\u2019entrer dans la bande de Gaza \u00bb.<\/p>\n<p>Trois jours plus tard, Danny Danon, ancien ambassadeur d&rsquo;Isra\u00ebl aupr\u00e8s de l&rsquo;ONU, et Ram Ben Barak, ancien directeur adjoint du Mossad, le service de renseignement ext\u00e9rieur isra\u00e9lien, publiaient un article dans le <em>Wall Street Journal<\/em> pr\u00f4nant l&rsquo;expulsion des Palestiniens de Gaza, tout en feignant des motivations humanitaires, comme indiqu\u00e9 dans le plan du Minist\u00e8re du Renseignement.<\/p>\n<p>Sentant que son r\u00eave de nettoyer ethniquement Gaza et de reconstruire le Gush Katif sur les cadavres d&rsquo;enfants palestiniens morts \u00e9tait sur le point de se r\u00e9aliser, Bezalel Smotrich a salu\u00e9 la proposition, <a href=\"https:\/\/www.haaretz.com\/israel-news\/2023-11-14\/ty-article-live\/body-of-canadian-israel-peace-activist-idd-hamas-publishes-video-of-captive-idf-soldier\/0000018b-cc03-d57d-afff-cff3a1f90000?liveBlogItemId=389666301#389666301\">d\u00e9clarant<\/a> que \u00ab c&rsquo;est la solution humanitaire \u00bb.<\/p>\n<p>L&rsquo;ancienne ministre de la Justice Ayelet Shaked a \u00e9galement salu\u00e9 cette d\u00e9cision, mais s&rsquo;est montr\u00e9e moins diplomate,\u00a0<a href=\"https:\/\/twitter.com\/israeltrnsltd\/status\/1727255028434653280?s=46\">s&rsquo;exclamant<\/a>\u00a0\u00e0 la t\u00e9l\u00e9vision isra\u00e9lienne\u00a0:<\/p>\n<p>\u00ab Apr\u00e8s avoir transform\u00e9 Khan Yunis en terrain de football\u2026 nous devons profiter de la destruction [pour dire] aux pays que chacun d&rsquo;eux devrait prendre un quota, cela peut \u00eatre de 20.000 ou 50.000\u2026 Nous avons besoin que 2 millions s&rsquo;en aillent. C&rsquo;est la solution pour Gaza. \u00bb<\/p>\n<p>Au-del\u00e0 de la t\u00e2che monumentale de r\u00e9sister aux forces d\u2019occupation soutenues par les \u00c9tats-Unis, il incombe au Hamas et aux autres factions de la r\u00e9sistance palestinienne de contrecarrer tout progr\u00e8s r\u00e9alis\u00e9 dans la \u00ab r\u00e9volution messianique \u00bb isra\u00e9lienne \u00e0 Gaza.<\/p>\n<pre>Article original en anglais sur <a href=\"https:\/\/new.thecradle.co\/articles\/rebuilding-gush-katif-the-scheme-to-return-jewish-settlers-to-gaza\">The Cradle<\/a> \/ Traduction MR<\/pre>\n<p><em>William Van Wagenen est \u00e9crivain pour le Libertarian Institute. Il a beaucoup \u00e9crit sur la guerre en Syrie, avec un accent particulier sur le r\u00f4le des planificateurs am\u00e9ricains dans le d\u00e9clenchement et l\u2019exacerbation du conflit. William est titulaire d&rsquo;une ma\u00eetrise en \u00e9tudes th\u00e9ologiques de l&rsquo;Universit\u00e9 Harvard et a surv\u00e9cu \u00e0 un enl\u00e8vement dans la r\u00e9gion de Sinjar en Irak en 2007. <a href=\"https:\/\/twitter.com\/WVanwagenen\" data-v-286d2631=\"\"><span class=\"twitter-links\" data-v-286d2631=\"\">@WVanwagenen<\/span><\/a><\/em><\/p>\n","protected":false},"excerpt":{"rendered":"<p>William Van Wagenen, 13 d\u00e9cembre 2023. Pr\u00e8s de trois semaines apr\u00e8s le d\u00e9but de l&rsquo;invasion terrestre sanglante de Gaza par Isra\u00ebl, un soldat isra\u00e9lien a film\u00e9 une vid\u00e9o depuis l&rsquo;int\u00e9rieur <a class=\"more-link\" href=\"https:\/\/ismfrance.org\/index.php\/2023\/12\/16\/reconstruire-le-gush-katif-le-projet-de-renvoyer-les-colons-juifs-a-gaza\/\">Lire la suite &rarr;<\/a><\/p>\n","protected":false},"author":3,"featured_media":8313,"comment_status":"closed","ping_status":"closed","sticky":false,"template":"","format":"standard","meta":{"footnotes":""},"categories":[12,2],"tags":[348,25,45],"class_list":["post-8311","post","type-post","status-publish","format-standard","has-post-thumbnail","hentry","category-analyses","category-articles","tag-7-octobre-2023","tag-gaza","tag-nettoyage-ethnique"],"yoast_head":"<!-- This site is optimized with the Yoast SEO plugin v27.2 - https:\/\/yoast.com\/product\/yoast-seo-wordpress\/ -->\n<title>Reconstruire le Gush Katif : le projet de renvoyer les colons juifs \u00e0 Gaza - International Solidarity Movement - ISM-France<\/title>\n<meta name=\"robots\" content=\"index, follow, max-snippet:-1, max-image-preview:large, max-video-preview:-1\" \/>\n<link rel=\"canonical\" href=\"https:\/\/ismfrance.org\/index.php\/2023\/12\/16\/reconstruire-le-gush-katif-le-projet-de-renvoyer-les-colons-juifs-a-gaza\/\" \/>\n<meta property=\"og:locale\" content=\"fr_FR\" \/>\n<meta property=\"og:type\" content=\"article\" \/>\n<meta property=\"og:title\" content=\"Reconstruire le Gush Katif : le projet de renvoyer les colons juifs \u00e0 Gaza - International Solidarity Movement - ISM-France\" \/>\n<meta property=\"og:description\" content=\"William Van Wagenen, 13 d\u00e9cembre 2023. Pr\u00e8s de trois semaines apr\u00e8s le d\u00e9but de l&rsquo;invasion terrestre sanglante de Gaza par Isra\u00ebl, un soldat isra\u00e9lien a film\u00e9 une vid\u00e9o depuis l&rsquo;int\u00e9rieur Lire la suite &rarr;\" \/>\n<meta property=\"og:url\" content=\"https:\/\/ismfrance.org\/index.php\/2023\/12\/16\/reconstruire-le-gush-katif-le-projet-de-renvoyer-les-colons-juifs-a-gaza\/\" \/>\n<meta property=\"og:site_name\" content=\"International Solidarity Movement - ISM-France\" \/>\n<meta property=\"article:published_time\" content=\"2023-12-16T13:10:39+00:00\" \/>\n<meta property=\"article:modified_time\" content=\"2023-12-30T11:09:44+00:00\" \/>\n<meta property=\"og:image\" content=\"https:\/\/ismfrance.org\/wp-content\/uploads\/2023\/12\/gush-katif.png\" \/>\n\t<meta property=\"og:image:width\" content=\"1675\" \/>\n\t<meta property=\"og:image:height\" content=\"789\" \/>\n\t<meta property=\"og:image:type\" content=\"image\/png\" \/>\n<meta name=\"author\" content=\"mru_01\" \/>\n<meta name=\"twitter:card\" content=\"summary_large_image\" \/>\n<meta name=\"twitter:creator\" content=\"@ISMFRANCE\" \/>\n<meta name=\"twitter:site\" content=\"@ISMFRANCE\" \/>\n<meta name=\"twitter:label1\" content=\"\u00c9crit par\" \/>\n\t<meta name=\"twitter:data1\" content=\"mru_01\" \/>\n\t<meta name=\"twitter:label2\" content=\"Dur\u00e9e de lecture estim\u00e9e\" \/>\n\t<meta name=\"twitter:data2\" content=\"13 minutes\" \/>\n<script type=\"application\/ld+json\" class=\"yoast-schema-graph\">{\"@context\":\"https:\/\/schema.org\",\"@graph\":[{\"@type\":\"Article\",\"@id\":\"https:\/\/ismfrance.org\/index.php\/2023\/12\/16\/reconstruire-le-gush-katif-le-projet-de-renvoyer-les-colons-juifs-a-gaza\/#article\",\"isPartOf\":{\"@id\":\"https:\/\/ismfrance.org\/index.php\/2023\/12\/16\/reconstruire-le-gush-katif-le-projet-de-renvoyer-les-colons-juifs-a-gaza\/\"},\"author\":{\"name\":\"mru_01\",\"@id\":\"https:\/\/ismfrance.org\/#\/schema\/person\/3c411eb72adfaae19c0dca1f41fae01d\"},\"headline\":\"Reconstruire le Gush Katif : le projet de renvoyer les colons juifs \u00e0 Gaza\",\"datePublished\":\"2023-12-16T13:10:39+00:00\",\"dateModified\":\"2023-12-30T11:09:44+00:00\",\"mainEntityOfPage\":{\"@id\":\"https:\/\/ismfrance.org\/index.php\/2023\/12\/16\/reconstruire-le-gush-katif-le-projet-de-renvoyer-les-colons-juifs-a-gaza\/\"},\"wordCount\":2496,\"publisher\":{\"@id\":\"https:\/\/ismfrance.org\/#organization\"},\"image\":{\"@id\":\"https:\/\/ismfrance.org\/index.php\/2023\/12\/16\/reconstruire-le-gush-katif-le-projet-de-renvoyer-les-colons-juifs-a-gaza\/#primaryimage\"},\"thumbnailUrl\":\"https:\/\/ismfrance.org\/wp-content\/uploads\/2023\/12\/gush-katif.png\",\"keywords\":[\"7 octobre 2023\",\"Gaza\",\"nettoyage ethnique\"],\"articleSection\":[\"Analyses\",\"Articles\"],\"inLanguage\":\"fr-FR\"},{\"@type\":\"WebPage\",\"@id\":\"https:\/\/ismfrance.org\/index.php\/2023\/12\/16\/reconstruire-le-gush-katif-le-projet-de-renvoyer-les-colons-juifs-a-gaza\/\",\"url\":\"https:\/\/ismfrance.org\/index.php\/2023\/12\/16\/reconstruire-le-gush-katif-le-projet-de-renvoyer-les-colons-juifs-a-gaza\/\",\"name\":\"Reconstruire le Gush Katif : le projet de renvoyer les colons juifs \u00e0 Gaza - International Solidarity Movement - ISM-France\",\"isPartOf\":{\"@id\":\"https:\/\/ismfrance.org\/#website\"},\"primaryImageOfPage\":{\"@id\":\"https:\/\/ismfrance.org\/index.php\/2023\/12\/16\/reconstruire-le-gush-katif-le-projet-de-renvoyer-les-colons-juifs-a-gaza\/#primaryimage\"},\"image\":{\"@id\":\"https:\/\/ismfrance.org\/index.php\/2023\/12\/16\/reconstruire-le-gush-katif-le-projet-de-renvoyer-les-colons-juifs-a-gaza\/#primaryimage\"},\"thumbnailUrl\":\"https:\/\/ismfrance.org\/wp-content\/uploads\/2023\/12\/gush-katif.png\",\"datePublished\":\"2023-12-16T13:10:39+00:00\",\"dateModified\":\"2023-12-30T11:09:44+00:00\",\"breadcrumb\":{\"@id\":\"https:\/\/ismfrance.org\/index.php\/2023\/12\/16\/reconstruire-le-gush-katif-le-projet-de-renvoyer-les-colons-juifs-a-gaza\/#breadcrumb\"},\"inLanguage\":\"fr-FR\",\"potentialAction\":[{\"@type\":\"ReadAction\",\"target\":[\"https:\/\/ismfrance.org\/index.php\/2023\/12\/16\/reconstruire-le-gush-katif-le-projet-de-renvoyer-les-colons-juifs-a-gaza\/\"]}]},{\"@type\":\"ImageObject\",\"inLanguage\":\"fr-FR\",\"@id\":\"https:\/\/ismfrance.org\/index.php\/2023\/12\/16\/reconstruire-le-gush-katif-le-projet-de-renvoyer-les-colons-juifs-a-gaza\/#primaryimage\",\"url\":\"https:\/\/ismfrance.org\/wp-content\/uploads\/2023\/12\/gush-katif.png\",\"contentUrl\":\"https:\/\/ismfrance.org\/wp-content\/uploads\/2023\/12\/gush-katif.png\",\"width\":1675,\"height\":789},{\"@type\":\"BreadcrumbList\",\"@id\":\"https:\/\/ismfrance.org\/index.php\/2023\/12\/16\/reconstruire-le-gush-katif-le-projet-de-renvoyer-les-colons-juifs-a-gaza\/#breadcrumb\",\"itemListElement\":[{\"@type\":\"ListItem\",\"position\":1,\"name\":\"Accueil\",\"item\":\"https:\/\/ismfrance.org\/\"},{\"@type\":\"ListItem\",\"position\":2,\"name\":\"Reconstruire le Gush Katif : le projet de renvoyer les colons juifs \u00e0 Gaza\"}]},{\"@type\":\"WebSite\",\"@id\":\"https:\/\/ismfrance.org\/#website\",\"url\":\"https:\/\/ismfrance.org\/\",\"name\":\"ISM Palestine France\",\"description\":\"Soutien aux luttes de lib\u00e9ration du peuple palestinien\",\"publisher\":{\"@id\":\"https:\/\/ismfrance.org\/#organization\"},\"potentialAction\":[{\"@type\":\"SearchAction\",\"target\":{\"@type\":\"EntryPoint\",\"urlTemplate\":\"https:\/\/ismfrance.org\/?s={search_term_string}\"},\"query-input\":{\"@type\":\"PropertyValueSpecification\",\"valueRequired\":true,\"valueName\":\"search_term_string\"}}],\"inLanguage\":\"fr-FR\"},{\"@type\":\"Organization\",\"@id\":\"https:\/\/ismfrance.org\/#organization\",\"name\":\"International Solidarity Movement\",\"url\":\"https:\/\/ismfrance.org\/\",\"logo\":{\"@type\":\"ImageObject\",\"inLanguage\":\"fr-FR\",\"@id\":\"https:\/\/ismfrance.org\/#\/schema\/logo\/image\/\",\"url\":\"https:\/\/ismfrance.org\/wp-content\/uploads\/2020\/12\/00.png\",\"contentUrl\":\"https:\/\/ismfrance.org\/wp-content\/uploads\/2020\/12\/00.png\",\"width\":400,\"height\":400,\"caption\":\"International Solidarity Movement\"},\"image\":{\"@id\":\"https:\/\/ismfrance.org\/#\/schema\/logo\/image\/\"},\"sameAs\":[\"https:\/\/x.com\/ISMFRANCE\"]},{\"@type\":\"Person\",\"@id\":\"https:\/\/ismfrance.org\/#\/schema\/person\/3c411eb72adfaae19c0dca1f41fae01d\",\"name\":\"mru_01\",\"image\":{\"@type\":\"ImageObject\",\"inLanguage\":\"fr-FR\",\"@id\":\"https:\/\/secure.gravatar.com\/avatar\/3a0be343b445d2ccc79e87444a294fad2b232e90d2051d0e3cc219e1ecd6a330?s=96&d=mm&r=g\",\"url\":\"https:\/\/secure.gravatar.com\/avatar\/3a0be343b445d2ccc79e87444a294fad2b232e90d2051d0e3cc219e1ecd6a330?s=96&d=mm&r=g\",\"contentUrl\":\"https:\/\/secure.gravatar.com\/avatar\/3a0be343b445d2ccc79e87444a294fad2b232e90d2051d0e3cc219e1ecd6a330?s=96&d=mm&r=g\",\"caption\":\"mru_01\"},\"url\":\"https:\/\/ismfrance.org\/index.php\/author\/admin02\/\"}]}<\/script>\n<!-- \/ Yoast SEO plugin. -->","yoast_head_json":{"title":"Reconstruire le Gush Katif : le projet de renvoyer les colons juifs \u00e0 Gaza - International Solidarity Movement - ISM-France","robots":{"index":"index","follow":"follow","max-snippet":"max-snippet:-1","max-image-preview":"max-image-preview:large","max-video-preview":"max-video-preview:-1"},"canonical":"https:\/\/ismfrance.org\/index.php\/2023\/12\/16\/reconstruire-le-gush-katif-le-projet-de-renvoyer-les-colons-juifs-a-gaza\/","og_locale":"fr_FR","og_type":"article","og_title":"Reconstruire le Gush Katif : le projet de renvoyer les colons juifs \u00e0 Gaza - International Solidarity Movement - ISM-France","og_description":"William Van Wagenen, 13 d\u00e9cembre 2023. Pr\u00e8s de trois semaines apr\u00e8s le d\u00e9but de l&rsquo;invasion terrestre sanglante de Gaza par Isra\u00ebl, un soldat isra\u00e9lien a film\u00e9 une vid\u00e9o depuis l&rsquo;int\u00e9rieur Lire la suite &rarr;","og_url":"https:\/\/ismfrance.org\/index.php\/2023\/12\/16\/reconstruire-le-gush-katif-le-projet-de-renvoyer-les-colons-juifs-a-gaza\/","og_site_name":"International Solidarity Movement - ISM-France","article_published_time":"2023-12-16T13:10:39+00:00","article_modified_time":"2023-12-30T11:09:44+00:00","og_image":[{"width":1675,"height":789,"url":"https:\/\/ismfrance.org\/wp-content\/uploads\/2023\/12\/gush-katif.png","type":"image\/png"}],"author":"mru_01","twitter_card":"summary_large_image","twitter_creator":"@ISMFRANCE","twitter_site":"@ISMFRANCE","twitter_misc":{"\u00c9crit par":"mru_01","Dur\u00e9e de lecture estim\u00e9e":"13 minutes"},"schema":{"@context":"https:\/\/schema.org","@graph":[{"@type":"Article","@id":"https:\/\/ismfrance.org\/index.php\/2023\/12\/16\/reconstruire-le-gush-katif-le-projet-de-renvoyer-les-colons-juifs-a-gaza\/#article","isPartOf":{"@id":"https:\/\/ismfrance.org\/index.php\/2023\/12\/16\/reconstruire-le-gush-katif-le-projet-de-renvoyer-les-colons-juifs-a-gaza\/"},"author":{"name":"mru_01","@id":"https:\/\/ismfrance.org\/#\/schema\/person\/3c411eb72adfaae19c0dca1f41fae01d"},"headline":"Reconstruire le Gush Katif : le projet de renvoyer les colons juifs \u00e0 Gaza","datePublished":"2023-12-16T13:10:39+00:00","dateModified":"2023-12-30T11:09:44+00:00","mainEntityOfPage":{"@id":"https:\/\/ismfrance.org\/index.php\/2023\/12\/16\/reconstruire-le-gush-katif-le-projet-de-renvoyer-les-colons-juifs-a-gaza\/"},"wordCount":2496,"publisher":{"@id":"https:\/\/ismfrance.org\/#organization"},"image":{"@id":"https:\/\/ismfrance.org\/index.php\/2023\/12\/16\/reconstruire-le-gush-katif-le-projet-de-renvoyer-les-colons-juifs-a-gaza\/#primaryimage"},"thumbnailUrl":"https:\/\/ismfrance.org\/wp-content\/uploads\/2023\/12\/gush-katif.png","keywords":["7 octobre 2023","Gaza","nettoyage ethnique"],"articleSection":["Analyses","Articles"],"inLanguage":"fr-FR"},{"@type":"WebPage","@id":"https:\/\/ismfrance.org\/index.php\/2023\/12\/16\/reconstruire-le-gush-katif-le-projet-de-renvoyer-les-colons-juifs-a-gaza\/","url":"https:\/\/ismfrance.org\/index.php\/2023\/12\/16\/reconstruire-le-gush-katif-le-projet-de-renvoyer-les-colons-juifs-a-gaza\/","name":"Reconstruire le Gush Katif : le projet de renvoyer les colons juifs \u00e0 Gaza - International Solidarity Movement - ISM-France","isPartOf":{"@id":"https:\/\/ismfrance.org\/#website"},"primaryImageOfPage":{"@id":"https:\/\/ismfrance.org\/index.php\/2023\/12\/16\/reconstruire-le-gush-katif-le-projet-de-renvoyer-les-colons-juifs-a-gaza\/#primaryimage"},"image":{"@id":"https:\/\/ismfrance.org\/index.php\/2023\/12\/16\/reconstruire-le-gush-katif-le-projet-de-renvoyer-les-colons-juifs-a-gaza\/#primaryimage"},"thumbnailUrl":"https:\/\/ismfrance.org\/wp-content\/uploads\/2023\/12\/gush-katif.png","datePublished":"2023-12-16T13:10:39+00:00","dateModified":"2023-12-30T11:09:44+00:00","breadcrumb":{"@id":"https:\/\/ismfrance.org\/index.php\/2023\/12\/16\/reconstruire-le-gush-katif-le-projet-de-renvoyer-les-colons-juifs-a-gaza\/#breadcrumb"},"inLanguage":"fr-FR","potentialAction":[{"@type":"ReadAction","target":["https:\/\/ismfrance.org\/index.php\/2023\/12\/16\/reconstruire-le-gush-katif-le-projet-de-renvoyer-les-colons-juifs-a-gaza\/"]}]},{"@type":"ImageObject","inLanguage":"fr-FR","@id":"https:\/\/ismfrance.org\/index.php\/2023\/12\/16\/reconstruire-le-gush-katif-le-projet-de-renvoyer-les-colons-juifs-a-gaza\/#primaryimage","url":"https:\/\/ismfrance.org\/wp-content\/uploads\/2023\/12\/gush-katif.png","contentUrl":"https:\/\/ismfrance.org\/wp-content\/uploads\/2023\/12\/gush-katif.png","width":1675,"height":789},{"@type":"BreadcrumbList","@id":"https:\/\/ismfrance.org\/index.php\/2023\/12\/16\/reconstruire-le-gush-katif-le-projet-de-renvoyer-les-colons-juifs-a-gaza\/#breadcrumb","itemListElement":[{"@type":"ListItem","position":1,"name":"Accueil","item":"https:\/\/ismfrance.org\/"},{"@type":"ListItem","position":2,"name":"Reconstruire le Gush Katif : le projet de renvoyer les colons juifs \u00e0 Gaza"}]},{"@type":"WebSite","@id":"https:\/\/ismfrance.org\/#website","url":"https:\/\/ismfrance.org\/","name":"ISM Palestine France","description":"Soutien aux luttes de lib\u00e9ration du peuple palestinien","publisher":{"@id":"https:\/\/ismfrance.org\/#organization"},"potentialAction":[{"@type":"SearchAction","target":{"@type":"EntryPoint","urlTemplate":"https:\/\/ismfrance.org\/?s={search_term_string}"},"query-input":{"@type":"PropertyValueSpecification","valueRequired":true,"valueName":"search_term_string"}}],"inLanguage":"fr-FR"},{"@type":"Organization","@id":"https:\/\/ismfrance.org\/#organization","name":"International Solidarity Movement","url":"https:\/\/ismfrance.org\/","logo":{"@type":"ImageObject","inLanguage":"fr-FR","@id":"https:\/\/ismfrance.org\/#\/schema\/logo\/image\/","url":"https:\/\/ismfrance.org\/wp-content\/uploads\/2020\/12\/00.png","contentUrl":"https:\/\/ismfrance.org\/wp-content\/uploads\/2020\/12\/00.png","width":400,"height":400,"caption":"International Solidarity Movement"},"image":{"@id":"https:\/\/ismfrance.org\/#\/schema\/logo\/image\/"},"sameAs":["https:\/\/x.com\/ISMFRANCE"]},{"@type":"Person","@id":"https:\/\/ismfrance.org\/#\/schema\/person\/3c411eb72adfaae19c0dca1f41fae01d","name":"mru_01","image":{"@type":"ImageObject","inLanguage":"fr-FR","@id":"https:\/\/secure.gravatar.com\/avatar\/3a0be343b445d2ccc79e87444a294fad2b232e90d2051d0e3cc219e1ecd6a330?s=96&d=mm&r=g","url":"https:\/\/secure.gravatar.com\/avatar\/3a0be343b445d2ccc79e87444a294fad2b232e90d2051d0e3cc219e1ecd6a330?s=96&d=mm&r=g","contentUrl":"https:\/\/secure.gravatar.com\/avatar\/3a0be343b445d2ccc79e87444a294fad2b232e90d2051d0e3cc219e1ecd6a330?s=96&d=mm&r=g","caption":"mru_01"},"url":"https:\/\/ismfrance.org\/index.php\/author\/admin02\/"}]}},"_links":{"self":[{"href":"https:\/\/ismfrance.org\/index.php\/wp-json\/wp\/v2\/posts\/8311","targetHints":{"allow":["GET"]}}],"collection":[{"href":"https:\/\/ismfrance.org\/index.php\/wp-json\/wp\/v2\/posts"}],"about":[{"href":"https:\/\/ismfrance.org\/index.php\/wp-json\/wp\/v2\/types\/post"}],"author":[{"embeddable":true,"href":"https:\/\/ismfrance.org\/index.php\/wp-json\/wp\/v2\/users\/3"}],"replies":[{"embeddable":true,"href":"https:\/\/ismfrance.org\/index.php\/wp-json\/wp\/v2\/comments?post=8311"}],"version-history":[{"count":0,"href":"https:\/\/ismfrance.org\/index.php\/wp-json\/wp\/v2\/posts\/8311\/revisions"}],"wp:featuredmedia":[{"embeddable":true,"href":"https:\/\/ismfrance.org\/index.php\/wp-json\/wp\/v2\/media\/8313"}],"wp:attachment":[{"href":"https:\/\/ismfrance.org\/index.php\/wp-json\/wp\/v2\/media?parent=8311"}],"wp:term":[{"taxonomy":"category","embeddable":true,"href":"https:\/\/ismfrance.org\/index.php\/wp-json\/wp\/v2\/categories?post=8311"},{"taxonomy":"post_tag","embeddable":true,"href":"https:\/\/ismfrance.org\/index.php\/wp-json\/wp\/v2\/tags?post=8311"}],"curies":[{"name":"wp","href":"https:\/\/api.w.org\/{rel}","templated":true}]}}