{"id":8205,"date":"2023-12-11T17:58:14","date_gmt":"2023-12-11T16:58:14","guid":{"rendered":"https:\/\/ismfrance.org\/?p=8205"},"modified":"2023-12-11T17:58:14","modified_gmt":"2023-12-11T16:58:14","slug":"une-guerre-a-gaza-et-une-autre-en-cisjordanie","status":"publish","type":"post","link":"https:\/\/ismfrance.org\/index.php\/2023\/12\/11\/une-guerre-a-gaza-et-une-autre-en-cisjordanie\/","title":{"rendered":"Une guerre \u00e0 Gaza et une autre en Cisjordanie"},"content":{"rendered":"<p><span style=\"color: #000000;\"><span style=\"font-family: Arial, sans-serif;\"><span style=\"font-size: medium;\"><strong>Diana Khwaelid, 7 d\u00e9cembre 2023<\/strong>. Le feu de la guerre entre le Hamas et Isra\u00ebl depuis le 7 octobre n&rsquo;a pas seulement br\u00fbl\u00e9 la population civile de Gaza. Les civils palestiniens de Cisjordanie en ont \u00e9galement go\u00fbt\u00e9 leur part.<\/span><\/span><\/span><\/p>\n<div id=\"attachment_8209\" style=\"width: 610px\" class=\"wp-caption aligncenter\"><a href=\"https:\/\/ismfrance.org\/wp-content\/uploads\/2023\/12\/entree-ecole-UNRWA.jpeg\"><img loading=\"lazy\" decoding=\"async\" aria-describedby=\"caption-attachment-8209\" class=\"size-large wp-image-8209\" src=\"https:\/\/ismfrance.org\/wp-content\/uploads\/2023\/12\/entree-ecole-UNRWA-700x467.jpeg\" alt=\"\" width=\"600\" height=\"400\" srcset=\"https:\/\/ismfrance.org\/wp-content\/uploads\/2023\/12\/entree-ecole-UNRWA-700x467.jpeg 700w, https:\/\/ismfrance.org\/wp-content\/uploads\/2023\/12\/entree-ecole-UNRWA-300x200.jpeg 300w, https:\/\/ismfrance.org\/wp-content\/uploads\/2023\/12\/entree-ecole-UNRWA-768x512.jpeg 768w, https:\/\/ismfrance.org\/wp-content\/uploads\/2023\/12\/entree-ecole-UNRWA-1536x1024.jpeg 1536w, https:\/\/ismfrance.org\/wp-content\/uploads\/2023\/12\/entree-ecole-UNRWA-2048x1366.jpeg 2048w, https:\/\/ismfrance.org\/wp-content\/uploads\/2023\/12\/entree-ecole-UNRWA-1320x880.jpeg 1320w\" sizes=\"auto, (max-width: 600px) 100vw, 600px\" \/><\/a><p id=\"caption-attachment-8209\" class=\"wp-caption-text\">Entr\u00e9e de l&rsquo;\u00e9cole de l&rsquo;UNRWA<\/p><\/div>\n<p><span style=\"color: #000000;\"><span style=\"font-family: Arial, sans-serif;\"><span style=\"font-size: medium;\">Le 7 d\u00e9cembre, les forces d&rsquo;occupation isra\u00e9liennes ont de nouveau pris d&rsquo;assaut la ville de Tulkarem. Ils l&rsquo;ont fait tard dans la nuit, avec des dizaines de v\u00e9hicules militaires, dont les bulldozers D9 dont l&rsquo;arm\u00e9e d&rsquo;occupation s&rsquo;est servi pour d\u00e9foncer les routes, les rues et les infrastructures comme lors de toutes les incursions pr\u00e9c\u00e9dentes dans les camps de Tulkarem, de Nur Shams, de J\u00e9nine et de Balata.<\/span><\/span><\/span><\/p>\n<p><span style=\"color: #000000;\"><span style=\"font-family: Arial, sans-serif;\"><span style=\"font-size: medium;\">Les forces d&rsquo;occupation isra\u00e9liennes (FOI) ont encercl\u00e9 l&rsquo;h\u00f4pital gouvernemental Thabet Thabet de la ville et ont entrav\u00e9 la circulation des ambulances. Les soldats les ont arr\u00eat\u00e9es et inspect\u00e9es lorsqu&rsquo;elles avaient r\u00e9ussi \u00e0 atteindre certains des Palestiniens bless\u00e9s.<\/span><\/span><\/span><\/p>\n<p><span style=\"color: #000000;\"><span style=\"font-family: Arial, sans-serif;\"><span style=\"font-size: medium;\">A Tulkarem, les FOI ont \u00e9galement pris d&rsquo;assaut le camp de r\u00e9fugi\u00e9s et d\u00e9truit sa rue principale. Mais lors de cette derni\u00e8re incursion, c&rsquo;est la population du camp de r\u00e9fugi\u00e9s de Nur Shams, situ\u00e9 \u00e0 trois kilom\u00e8tres \u00e0 l&rsquo;est de Tulkarem, qui a subi les plus lourds d\u00e9g\u00e2ts.<\/span><\/span><\/span><\/p>\n<p><a href=\"https:\/\/ismfrance.org\/wp-content\/uploads\/2023\/12\/rue-defoncee.jpeg\"><img loading=\"lazy\" decoding=\"async\" class=\"size-large wp-image-8213 aligncenter\" src=\"https:\/\/ismfrance.org\/wp-content\/uploads\/2023\/12\/rue-defoncee-700x467.jpeg\" alt=\"\" width=\"600\" height=\"400\" srcset=\"https:\/\/ismfrance.org\/wp-content\/uploads\/2023\/12\/rue-defoncee-700x467.jpeg 700w, https:\/\/ismfrance.org\/wp-content\/uploads\/2023\/12\/rue-defoncee-300x200.jpeg 300w, https:\/\/ismfrance.org\/wp-content\/uploads\/2023\/12\/rue-defoncee-768x512.jpeg 768w, https:\/\/ismfrance.org\/wp-content\/uploads\/2023\/12\/rue-defoncee-1536x1024.jpeg 1536w, https:\/\/ismfrance.org\/wp-content\/uploads\/2023\/12\/rue-defoncee-2048x1366.jpeg 2048w, https:\/\/ismfrance.org\/wp-content\/uploads\/2023\/12\/rue-defoncee-1320x880.jpeg 1320w\" sizes=\"auto, (max-width: 600px) 100vw, 600px\" \/><\/a><\/p>\n<p><span style=\"color: #000000;\"><span style=\"font-family: Arial, sans-serif;\"><span style=\"font-size: medium;\">Les forces d&rsquo;occupation isra\u00e9liennes ont d\u00e9truit l&rsquo;entr\u00e9e principale du camp de r\u00e9fugi\u00e9s de Nur Shams pour la septi\u00e8me fois cette ann\u00e9e. Des t\u00e9moins oculaires ont d\u00e9clar\u00e9 que les forces d&rsquo;occupation ont utilis\u00e9 des bulldozers pour d\u00e9truire les infrastructures et les routes du camp, y compris les routes principales du quartier d&rsquo;Al-Damaj.<\/span><\/span><\/span><\/p>\n<p><span style=\"color: #000000;\"><span style=\"font-family: Arial, sans-serif;\"><span style=\"font-size: medium;\">Les infrastructures civiles vitales, notamment les r\u00e9seaux d&rsquo;eau et d&rsquo;\u00e9gouts, ont \u00e9t\u00e9 d\u00e9truites, et les routes et les rues sont devenues une zone dangereuse pour tous les r\u00e9sidents du camp, y compris les femmes et les enfants.<\/span><\/span><\/span><\/p>\n<p><span style=\"color: #000000;\"><span style=\"font-family: Arial, sans-serif;\"><span style=\"font-size: medium;\">L\u2019OIF n\u2019a pas non plus \u00e9pargn\u00e9 les \u00e9coles. L&rsquo;entr\u00e9e principale de l&rsquo;\u00e9cole de l&rsquo;UNRWA dans le camp a \u00e9galement \u00e9t\u00e9 d\u00e9truite, tandis qu&rsquo;une autre \u00e9cole a vu son mur partiellement d\u00e9moli (ci-dessous).<\/span><\/span><\/span><\/p>\n<p><a href=\"https:\/\/ismfrance.org\/wp-content\/uploads\/2023\/12\/ecole.jpeg\"><img loading=\"lazy\" decoding=\"async\" class=\"size-large wp-image-8211 aligncenter\" src=\"https:\/\/ismfrance.org\/wp-content\/uploads\/2023\/12\/ecole-700x467.jpeg\" alt=\"\" width=\"600\" height=\"400\" srcset=\"https:\/\/ismfrance.org\/wp-content\/uploads\/2023\/12\/ecole-700x467.jpeg 700w, https:\/\/ismfrance.org\/wp-content\/uploads\/2023\/12\/ecole-300x200.jpeg 300w, https:\/\/ismfrance.org\/wp-content\/uploads\/2023\/12\/ecole-768x512.jpeg 768w, https:\/\/ismfrance.org\/wp-content\/uploads\/2023\/12\/ecole-1536x1024.jpeg 1536w, https:\/\/ismfrance.org\/wp-content\/uploads\/2023\/12\/ecole-2048x1366.jpeg 2048w, https:\/\/ismfrance.org\/wp-content\/uploads\/2023\/12\/ecole-1320x880.jpeg 1320w\" sizes=\"auto, (max-width: 600px) 100vw, 600px\" \/><\/a><\/p>\n<p><span style=\"color: #000000;\"><span style=\"font-size: medium;\"><span style=\"font-family: Arial, sans-serif;\">Entretemps, les habitants du camp de Tulkarem ont enterr\u00e9 le corps du p\u00e8re martyr\u00a0Ayman Anbar, 47 ans,\u00a0qui a \u00e9t\u00e9 bless\u00e9 par une balle r\u00e9elle tir\u00e9e par un soldat isra\u00e9lien lors de l&rsquo;avant-dernier raid du camp, qui a eu lieu le 14 novembre. Abu Lamin\u00a0est rest\u00e9 dans l&rsquo;unit\u00e9 de soins intensifs de l&rsquo;h\u00f4pital sp\u00e9cialis\u00e9 de Naplouse pendant pr\u00e8s de trois semaines avant de succomber \u00e0 ses blessures. Il laisse derri\u00e8re lui sa femme et sa famille, dont Lamis, sa fille de 8 ans.<\/span><\/span><\/span><\/p>\n<div id=\"attachment_8207\" style=\"width: 610px\" class=\"wp-caption aligncenter\"><a href=\"https:\/\/ismfrance.org\/wp-content\/uploads\/2023\/12\/lamis.jpeg\"><img loading=\"lazy\" decoding=\"async\" aria-describedby=\"caption-attachment-8207\" class=\"size-large wp-image-8207\" src=\"https:\/\/ismfrance.org\/wp-content\/uploads\/2023\/12\/lamis-700x467.jpeg\" alt=\"\" width=\"600\" height=\"400\" srcset=\"https:\/\/ismfrance.org\/wp-content\/uploads\/2023\/12\/lamis-700x467.jpeg 700w, https:\/\/ismfrance.org\/wp-content\/uploads\/2023\/12\/lamis-300x200.jpeg 300w, https:\/\/ismfrance.org\/wp-content\/uploads\/2023\/12\/lamis-768x512.jpeg 768w, https:\/\/ismfrance.org\/wp-content\/uploads\/2023\/12\/lamis-1536x1024.jpeg 1536w, https:\/\/ismfrance.org\/wp-content\/uploads\/2023\/12\/lamis-2048x1366.jpeg 2048w, https:\/\/ismfrance.org\/wp-content\/uploads\/2023\/12\/lamis-1320x880.jpeg 1320w\" sizes=\"auto, (max-width: 600px) 100vw, 600px\" \/><\/a><p id=\"caption-attachment-8207\" class=\"wp-caption-text\">Lamis, 8 ans, aux fun\u00e9railles de son p\u00e8re.<\/p><\/div>\n<p><span style=\"color: #000000;\"><span style=\"font-size: medium;\"><span style=\"font-family: Arial, sans-serif;\">Lamis Anbar a \u00e9t\u00e9 rejointe par les habitants du camp de Tulkarem pour accompagner le corps de son p\u00e8re et lui dire un dernier au revoir.<\/span><\/span><\/span><\/p>\n<p><span style=\"color: #000000;\"><span style=\"font-size: medium;\"><span style=\"font-family: Arial, sans-serif;\">Selon les derni\u00e8res statistiques du minist\u00e8re palestinien de la Sant\u00e9, le nombre de martyrs palestiniens depuis le d\u00e9but de cette ann\u00e9e a atteint 18.019, tandis que\u00a055.069\u00a0Palestiniens ont \u00e9t\u00e9\u00a0bless\u00e9s\u00a0et\u00a09.029 arr\u00eat\u00e9s.<\/span><\/span><\/span><\/p>\n<p><span style=\"color: #000000;\"><span style=\"font-size: medium;\"><span style=\"font-family: Arial, sans-serif;\">Selon le minist\u00e8re palestinien de la Sant\u00e9, le nombre de martyrs en Cisjordanie depuis le 7 octobre a atteint 274.<\/span><\/span><\/span><\/p>\n<p><span style=\"color: #000000;\"><span style=\"font-size: medium;\"><span style=\"font-family: Arial, sans-serif;\">La ville de Tulkarem a enregistr\u00e9 44 martyrs palestiniens depuis le 7 octobre.<\/span><\/span><\/span><\/p>\n<pre>Article original en anglais sur <a href=\"https:\/\/palsolidarity.org\/2023\/12\/one-war-in-gaza-and-another-in-the-west-bank\/\">Palsolidarity.org<\/a> \/ Traduction MR<\/pre>\n","protected":false},"excerpt":{"rendered":"<p>Diana Khwaelid, 7 d\u00e9cembre 2023. Le feu de la guerre entre le Hamas et Isra\u00ebl depuis le 7 octobre n&rsquo;a pas seulement br\u00fbl\u00e9 la population civile de Gaza. Les civils <a class=\"more-link\" href=\"https:\/\/ismfrance.org\/index.php\/2023\/12\/11\/une-guerre-a-gaza-et-une-autre-en-cisjordanie\/\">Lire la suite &rarr;<\/a><\/p>\n","protected":false},"author":3,"featured_media":8209,"comment_status":"closed","ping_status":"closed","sticky":false,"template":"","format":"standard","meta":{"footnotes":""},"categories":[2,13],"tags":[45],"class_list":["post-8205","post","type-post","status-publish","format-standard","has-post-thumbnail","hentry","category-articles","category-temoignages","tag-nettoyage-ethnique"],"yoast_head":"<!-- This site is optimized with the Yoast SEO plugin v27.2 - https:\/\/yoast.com\/product\/yoast-seo-wordpress\/ -->\n<title>Une guerre \u00e0 Gaza et une autre en Cisjordanie - International Solidarity Movement - ISM-France<\/title>\n<meta name=\"robots\" content=\"index, follow, max-snippet:-1, max-image-preview:large, max-video-preview:-1\" \/>\n<link rel=\"canonical\" href=\"https:\/\/ismfrance.org\/index.php\/2023\/12\/11\/une-guerre-a-gaza-et-une-autre-en-cisjordanie\/\" \/>\n<meta property=\"og:locale\" content=\"fr_FR\" \/>\n<meta property=\"og:type\" content=\"article\" \/>\n<meta property=\"og:title\" content=\"Une guerre \u00e0 Gaza et une autre en Cisjordanie - International Solidarity Movement - ISM-France\" \/>\n<meta property=\"og:description\" content=\"Diana Khwaelid, 7 d\u00e9cembre 2023. Le feu de la guerre entre le Hamas et Isra\u00ebl depuis le 7 octobre n&rsquo;a pas seulement br\u00fbl\u00e9 la population civile de Gaza. Les civils Lire la suite &rarr;\" \/>\n<meta property=\"og:url\" content=\"https:\/\/ismfrance.org\/index.php\/2023\/12\/11\/une-guerre-a-gaza-et-une-autre-en-cisjordanie\/\" \/>\n<meta property=\"og:site_name\" content=\"International Solidarity Movement - ISM-France\" \/>\n<meta property=\"article:published_time\" content=\"2023-12-11T16:58:14+00:00\" \/>\n<meta property=\"og:image\" content=\"https:\/\/ismfrance.org\/wp-content\/uploads\/2023\/12\/entree-ecole-UNRWA.jpeg\" \/>\n\t<meta property=\"og:image:width\" content=\"2560\" \/>\n\t<meta property=\"og:image:height\" content=\"1707\" \/>\n\t<meta property=\"og:image:type\" content=\"image\/jpeg\" \/>\n<meta name=\"author\" content=\"mru_01\" \/>\n<meta name=\"twitter:card\" content=\"summary_large_image\" \/>\n<meta name=\"twitter:creator\" content=\"@ISMFRANCE\" \/>\n<meta name=\"twitter:site\" content=\"@ISMFRANCE\" \/>\n<meta name=\"twitter:label1\" content=\"\u00c9crit par\" \/>\n\t<meta name=\"twitter:data1\" content=\"mru_01\" \/>\n\t<meta name=\"twitter:label2\" content=\"Dur\u00e9e de lecture estim\u00e9e\" \/>\n\t<meta name=\"twitter:data2\" content=\"4 minutes\" \/>\n<script type=\"application\/ld+json\" class=\"yoast-schema-graph\">{\"@context\":\"https:\/\/schema.org\",\"@graph\":[{\"@type\":\"Article\",\"@id\":\"https:\/\/ismfrance.org\/index.php\/2023\/12\/11\/une-guerre-a-gaza-et-une-autre-en-cisjordanie\/#article\",\"isPartOf\":{\"@id\":\"https:\/\/ismfrance.org\/index.php\/2023\/12\/11\/une-guerre-a-gaza-et-une-autre-en-cisjordanie\/\"},\"author\":{\"name\":\"mru_01\",\"@id\":\"https:\/\/ismfrance.org\/#\/schema\/person\/3c411eb72adfaae19c0dca1f41fae01d\"},\"headline\":\"Une guerre \u00e0 Gaza et une autre en Cisjordanie\",\"datePublished\":\"2023-12-11T16:58:14+00:00\",\"mainEntityOfPage\":{\"@id\":\"https:\/\/ismfrance.org\/index.php\/2023\/12\/11\/une-guerre-a-gaza-et-une-autre-en-cisjordanie\/\"},\"wordCount\":599,\"publisher\":{\"@id\":\"https:\/\/ismfrance.org\/#organization\"},\"image\":{\"@id\":\"https:\/\/ismfrance.org\/index.php\/2023\/12\/11\/une-guerre-a-gaza-et-une-autre-en-cisjordanie\/#primaryimage\"},\"thumbnailUrl\":\"https:\/\/ismfrance.org\/wp-content\/uploads\/2023\/12\/entree-ecole-UNRWA.jpeg\",\"keywords\":[\"nettoyage ethnique\"],\"articleSection\":[\"Articles\",\"T\u00e9moignages\"],\"inLanguage\":\"fr-FR\"},{\"@type\":\"WebPage\",\"@id\":\"https:\/\/ismfrance.org\/index.php\/2023\/12\/11\/une-guerre-a-gaza-et-une-autre-en-cisjordanie\/\",\"url\":\"https:\/\/ismfrance.org\/index.php\/2023\/12\/11\/une-guerre-a-gaza-et-une-autre-en-cisjordanie\/\",\"name\":\"Une guerre \u00e0 Gaza et une autre en Cisjordanie - International Solidarity Movement - ISM-France\",\"isPartOf\":{\"@id\":\"https:\/\/ismfrance.org\/#website\"},\"primaryImageOfPage\":{\"@id\":\"https:\/\/ismfrance.org\/index.php\/2023\/12\/11\/une-guerre-a-gaza-et-une-autre-en-cisjordanie\/#primaryimage\"},\"image\":{\"@id\":\"https:\/\/ismfrance.org\/index.php\/2023\/12\/11\/une-guerre-a-gaza-et-une-autre-en-cisjordanie\/#primaryimage\"},\"thumbnailUrl\":\"https:\/\/ismfrance.org\/wp-content\/uploads\/2023\/12\/entree-ecole-UNRWA.jpeg\",\"datePublished\":\"2023-12-11T16:58:14+00:00\",\"breadcrumb\":{\"@id\":\"https:\/\/ismfrance.org\/index.php\/2023\/12\/11\/une-guerre-a-gaza-et-une-autre-en-cisjordanie\/#breadcrumb\"},\"inLanguage\":\"fr-FR\",\"potentialAction\":[{\"@type\":\"ReadAction\",\"target\":[\"https:\/\/ismfrance.org\/index.php\/2023\/12\/11\/une-guerre-a-gaza-et-une-autre-en-cisjordanie\/\"]}]},{\"@type\":\"ImageObject\",\"inLanguage\":\"fr-FR\",\"@id\":\"https:\/\/ismfrance.org\/index.php\/2023\/12\/11\/une-guerre-a-gaza-et-une-autre-en-cisjordanie\/#primaryimage\",\"url\":\"https:\/\/ismfrance.org\/wp-content\/uploads\/2023\/12\/entree-ecole-UNRWA.jpeg\",\"contentUrl\":\"https:\/\/ismfrance.org\/wp-content\/uploads\/2023\/12\/entree-ecole-UNRWA.jpeg\",\"width\":2560,\"height\":1707,\"caption\":\"Entr\u00e9e de l'\u00e9cole de l'UNRWA\"},{\"@type\":\"BreadcrumbList\",\"@id\":\"https:\/\/ismfrance.org\/index.php\/2023\/12\/11\/une-guerre-a-gaza-et-une-autre-en-cisjordanie\/#breadcrumb\",\"itemListElement\":[{\"@type\":\"ListItem\",\"position\":1,\"name\":\"Accueil\",\"item\":\"https:\/\/ismfrance.org\/\"},{\"@type\":\"ListItem\",\"position\":2,\"name\":\"Une guerre \u00e0 Gaza et une autre en Cisjordanie\"}]},{\"@type\":\"WebSite\",\"@id\":\"https:\/\/ismfrance.org\/#website\",\"url\":\"https:\/\/ismfrance.org\/\",\"name\":\"ISM Palestine France\",\"description\":\"Soutien aux luttes de lib\u00e9ration du peuple palestinien\",\"publisher\":{\"@id\":\"https:\/\/ismfrance.org\/#organization\"},\"potentialAction\":[{\"@type\":\"SearchAction\",\"target\":{\"@type\":\"EntryPoint\",\"urlTemplate\":\"https:\/\/ismfrance.org\/?s={search_term_string}\"},\"query-input\":{\"@type\":\"PropertyValueSpecification\",\"valueRequired\":true,\"valueName\":\"search_term_string\"}}],\"inLanguage\":\"fr-FR\"},{\"@type\":\"Organization\",\"@id\":\"https:\/\/ismfrance.org\/#organization\",\"name\":\"International Solidarity Movement\",\"url\":\"https:\/\/ismfrance.org\/\",\"logo\":{\"@type\":\"ImageObject\",\"inLanguage\":\"fr-FR\",\"@id\":\"https:\/\/ismfrance.org\/#\/schema\/logo\/image\/\",\"url\":\"https:\/\/ismfrance.org\/wp-content\/uploads\/2020\/12\/00.png\",\"contentUrl\":\"https:\/\/ismfrance.org\/wp-content\/uploads\/2020\/12\/00.png\",\"width\":400,\"height\":400,\"caption\":\"International Solidarity Movement\"},\"image\":{\"@id\":\"https:\/\/ismfrance.org\/#\/schema\/logo\/image\/\"},\"sameAs\":[\"https:\/\/x.com\/ISMFRANCE\"]},{\"@type\":\"Person\",\"@id\":\"https:\/\/ismfrance.org\/#\/schema\/person\/3c411eb72adfaae19c0dca1f41fae01d\",\"name\":\"mru_01\",\"image\":{\"@type\":\"ImageObject\",\"inLanguage\":\"fr-FR\",\"@id\":\"https:\/\/secure.gravatar.com\/avatar\/3a0be343b445d2ccc79e87444a294fad2b232e90d2051d0e3cc219e1ecd6a330?s=96&d=mm&r=g\",\"url\":\"https:\/\/secure.gravatar.com\/avatar\/3a0be343b445d2ccc79e87444a294fad2b232e90d2051d0e3cc219e1ecd6a330?s=96&d=mm&r=g\",\"contentUrl\":\"https:\/\/secure.gravatar.com\/avatar\/3a0be343b445d2ccc79e87444a294fad2b232e90d2051d0e3cc219e1ecd6a330?s=96&d=mm&r=g\",\"caption\":\"mru_01\"},\"url\":\"https:\/\/ismfrance.org\/index.php\/author\/admin02\/\"}]}<\/script>\n<!-- \/ Yoast SEO plugin. -->","yoast_head_json":{"title":"Une guerre \u00e0 Gaza et une autre en Cisjordanie - International Solidarity Movement - ISM-France","robots":{"index":"index","follow":"follow","max-snippet":"max-snippet:-1","max-image-preview":"max-image-preview:large","max-video-preview":"max-video-preview:-1"},"canonical":"https:\/\/ismfrance.org\/index.php\/2023\/12\/11\/une-guerre-a-gaza-et-une-autre-en-cisjordanie\/","og_locale":"fr_FR","og_type":"article","og_title":"Une guerre \u00e0 Gaza et une autre en Cisjordanie - International Solidarity Movement - ISM-France","og_description":"Diana Khwaelid, 7 d\u00e9cembre 2023. Le feu de la guerre entre le Hamas et Isra\u00ebl depuis le 7 octobre n&rsquo;a pas seulement br\u00fbl\u00e9 la population civile de Gaza. Les civils Lire la suite &rarr;","og_url":"https:\/\/ismfrance.org\/index.php\/2023\/12\/11\/une-guerre-a-gaza-et-une-autre-en-cisjordanie\/","og_site_name":"International Solidarity Movement - ISM-France","article_published_time":"2023-12-11T16:58:14+00:00","og_image":[{"width":2560,"height":1707,"url":"https:\/\/ismfrance.org\/wp-content\/uploads\/2023\/12\/entree-ecole-UNRWA.jpeg","type":"image\/jpeg"}],"author":"mru_01","twitter_card":"summary_large_image","twitter_creator":"@ISMFRANCE","twitter_site":"@ISMFRANCE","twitter_misc":{"\u00c9crit par":"mru_01","Dur\u00e9e de lecture estim\u00e9e":"4 minutes"},"schema":{"@context":"https:\/\/schema.org","@graph":[{"@type":"Article","@id":"https:\/\/ismfrance.org\/index.php\/2023\/12\/11\/une-guerre-a-gaza-et-une-autre-en-cisjordanie\/#article","isPartOf":{"@id":"https:\/\/ismfrance.org\/index.php\/2023\/12\/11\/une-guerre-a-gaza-et-une-autre-en-cisjordanie\/"},"author":{"name":"mru_01","@id":"https:\/\/ismfrance.org\/#\/schema\/person\/3c411eb72adfaae19c0dca1f41fae01d"},"headline":"Une guerre \u00e0 Gaza et une autre en Cisjordanie","datePublished":"2023-12-11T16:58:14+00:00","mainEntityOfPage":{"@id":"https:\/\/ismfrance.org\/index.php\/2023\/12\/11\/une-guerre-a-gaza-et-une-autre-en-cisjordanie\/"},"wordCount":599,"publisher":{"@id":"https:\/\/ismfrance.org\/#organization"},"image":{"@id":"https:\/\/ismfrance.org\/index.php\/2023\/12\/11\/une-guerre-a-gaza-et-une-autre-en-cisjordanie\/#primaryimage"},"thumbnailUrl":"https:\/\/ismfrance.org\/wp-content\/uploads\/2023\/12\/entree-ecole-UNRWA.jpeg","keywords":["nettoyage ethnique"],"articleSection":["Articles","T\u00e9moignages"],"inLanguage":"fr-FR"},{"@type":"WebPage","@id":"https:\/\/ismfrance.org\/index.php\/2023\/12\/11\/une-guerre-a-gaza-et-une-autre-en-cisjordanie\/","url":"https:\/\/ismfrance.org\/index.php\/2023\/12\/11\/une-guerre-a-gaza-et-une-autre-en-cisjordanie\/","name":"Une guerre \u00e0 Gaza et une autre en Cisjordanie - International Solidarity Movement - ISM-France","isPartOf":{"@id":"https:\/\/ismfrance.org\/#website"},"primaryImageOfPage":{"@id":"https:\/\/ismfrance.org\/index.php\/2023\/12\/11\/une-guerre-a-gaza-et-une-autre-en-cisjordanie\/#primaryimage"},"image":{"@id":"https:\/\/ismfrance.org\/index.php\/2023\/12\/11\/une-guerre-a-gaza-et-une-autre-en-cisjordanie\/#primaryimage"},"thumbnailUrl":"https:\/\/ismfrance.org\/wp-content\/uploads\/2023\/12\/entree-ecole-UNRWA.jpeg","datePublished":"2023-12-11T16:58:14+00:00","breadcrumb":{"@id":"https:\/\/ismfrance.org\/index.php\/2023\/12\/11\/une-guerre-a-gaza-et-une-autre-en-cisjordanie\/#breadcrumb"},"inLanguage":"fr-FR","potentialAction":[{"@type":"ReadAction","target":["https:\/\/ismfrance.org\/index.php\/2023\/12\/11\/une-guerre-a-gaza-et-une-autre-en-cisjordanie\/"]}]},{"@type":"ImageObject","inLanguage":"fr-FR","@id":"https:\/\/ismfrance.org\/index.php\/2023\/12\/11\/une-guerre-a-gaza-et-une-autre-en-cisjordanie\/#primaryimage","url":"https:\/\/ismfrance.org\/wp-content\/uploads\/2023\/12\/entree-ecole-UNRWA.jpeg","contentUrl":"https:\/\/ismfrance.org\/wp-content\/uploads\/2023\/12\/entree-ecole-UNRWA.jpeg","width":2560,"height":1707,"caption":"Entr\u00e9e de l'\u00e9cole de l'UNRWA"},{"@type":"BreadcrumbList","@id":"https:\/\/ismfrance.org\/index.php\/2023\/12\/11\/une-guerre-a-gaza-et-une-autre-en-cisjordanie\/#breadcrumb","itemListElement":[{"@type":"ListItem","position":1,"name":"Accueil","item":"https:\/\/ismfrance.org\/"},{"@type":"ListItem","position":2,"name":"Une guerre \u00e0 Gaza et une autre en Cisjordanie"}]},{"@type":"WebSite","@id":"https:\/\/ismfrance.org\/#website","url":"https:\/\/ismfrance.org\/","name":"ISM Palestine France","description":"Soutien aux luttes de lib\u00e9ration du peuple palestinien","publisher":{"@id":"https:\/\/ismfrance.org\/#organization"},"potentialAction":[{"@type":"SearchAction","target":{"@type":"EntryPoint","urlTemplate":"https:\/\/ismfrance.org\/?s={search_term_string}"},"query-input":{"@type":"PropertyValueSpecification","valueRequired":true,"valueName":"search_term_string"}}],"inLanguage":"fr-FR"},{"@type":"Organization","@id":"https:\/\/ismfrance.org\/#organization","name":"International Solidarity Movement","url":"https:\/\/ismfrance.org\/","logo":{"@type":"ImageObject","inLanguage":"fr-FR","@id":"https:\/\/ismfrance.org\/#\/schema\/logo\/image\/","url":"https:\/\/ismfrance.org\/wp-content\/uploads\/2020\/12\/00.png","contentUrl":"https:\/\/ismfrance.org\/wp-content\/uploads\/2020\/12\/00.png","width":400,"height":400,"caption":"International Solidarity Movement"},"image":{"@id":"https:\/\/ismfrance.org\/#\/schema\/logo\/image\/"},"sameAs":["https:\/\/x.com\/ISMFRANCE"]},{"@type":"Person","@id":"https:\/\/ismfrance.org\/#\/schema\/person\/3c411eb72adfaae19c0dca1f41fae01d","name":"mru_01","image":{"@type":"ImageObject","inLanguage":"fr-FR","@id":"https:\/\/secure.gravatar.com\/avatar\/3a0be343b445d2ccc79e87444a294fad2b232e90d2051d0e3cc219e1ecd6a330?s=96&d=mm&r=g","url":"https:\/\/secure.gravatar.com\/avatar\/3a0be343b445d2ccc79e87444a294fad2b232e90d2051d0e3cc219e1ecd6a330?s=96&d=mm&r=g","contentUrl":"https:\/\/secure.gravatar.com\/avatar\/3a0be343b445d2ccc79e87444a294fad2b232e90d2051d0e3cc219e1ecd6a330?s=96&d=mm&r=g","caption":"mru_01"},"url":"https:\/\/ismfrance.org\/index.php\/author\/admin02\/"}]}},"_links":{"self":[{"href":"https:\/\/ismfrance.org\/index.php\/wp-json\/wp\/v2\/posts\/8205","targetHints":{"allow":["GET"]}}],"collection":[{"href":"https:\/\/ismfrance.org\/index.php\/wp-json\/wp\/v2\/posts"}],"about":[{"href":"https:\/\/ismfrance.org\/index.php\/wp-json\/wp\/v2\/types\/post"}],"author":[{"embeddable":true,"href":"https:\/\/ismfrance.org\/index.php\/wp-json\/wp\/v2\/users\/3"}],"replies":[{"embeddable":true,"href":"https:\/\/ismfrance.org\/index.php\/wp-json\/wp\/v2\/comments?post=8205"}],"version-history":[{"count":0,"href":"https:\/\/ismfrance.org\/index.php\/wp-json\/wp\/v2\/posts\/8205\/revisions"}],"wp:featuredmedia":[{"embeddable":true,"href":"https:\/\/ismfrance.org\/index.php\/wp-json\/wp\/v2\/media\/8209"}],"wp:attachment":[{"href":"https:\/\/ismfrance.org\/index.php\/wp-json\/wp\/v2\/media?parent=8205"}],"wp:term":[{"taxonomy":"category","embeddable":true,"href":"https:\/\/ismfrance.org\/index.php\/wp-json\/wp\/v2\/categories?post=8205"},{"taxonomy":"post_tag","embeddable":true,"href":"https:\/\/ismfrance.org\/index.php\/wp-json\/wp\/v2\/tags?post=8205"}],"curies":[{"name":"wp","href":"https:\/\/api.w.org\/{rel}","templated":true}]}}