{"id":8192,"date":"2023-12-11T12:08:43","date_gmt":"2023-12-11T11:08:43","guid":{"rendered":"https:\/\/ismfrance.org\/?p=8192"},"modified":"2023-12-11T12:08:43","modified_gmt":"2023-12-11T11:08:43","slug":"genocide-a-gaza-des-civils-tues-et-deplaces-en-masse-des-maladies-infectieuses-nous-approchons-du-point-de-non-retour","status":"publish","type":"post","link":"https:\/\/ismfrance.org\/index.php\/2023\/12\/11\/genocide-a-gaza-des-civils-tues-et-deplaces-en-masse-des-maladies-infectieuses-nous-approchons-du-point-de-non-retour\/","title":{"rendered":"G\u00e9nocide \u00e0 Gaza\u00a0: des civils tu\u00e9s et d\u00e9plac\u00e9s en masse, des maladies infectieuses &#8211; \u00ab Nous approchons du point de non-retour \u00bb"},"content":{"rendered":"<p><span style=\"color: #000000;\"><span style=\"font-family: Arial, sans-serif;\"><span style=\"font-size: medium;\"><strong>ISM-Palestine, 10 d\u00e9cembre 2023<\/strong>. Ce sont les mots prononc\u00e9s par le n\u00e9phrologue Ben Thomson lors de sa <a href=\"https:\/\/www.instagram.com\/reel\/C0nhDjDg2zh\/?igshid=NGEwZGU0MjU5Mw==\">conf\u00e9rence de presse<\/a> d&rsquo;hier sur la \u00ab catastrophe sanitaire urgente \u00e0 Gaza \u00bb et le d\u00e9sastre de sant\u00e9 publique qui entre dans son 63e jour dans la bande de Gaza assi\u00e9g\u00e9e et bombard\u00e9e.<\/span><\/span><\/span><\/p>\n<div id=\"attachment_8202\" style=\"width: 610px\" class=\"wp-caption aligncenter\"><a href=\"https:\/\/ismfrance.org\/wp-content\/uploads\/2023\/12\/jabalia-school.jpeg\"><img loading=\"lazy\" decoding=\"async\" aria-describedby=\"caption-attachment-8202\" class=\"size-large wp-image-8202\" src=\"https:\/\/ismfrance.org\/wp-content\/uploads\/2023\/12\/jabalia-school-700x394.jpeg\" alt=\"\" width=\"600\" height=\"338\" srcset=\"https:\/\/ismfrance.org\/wp-content\/uploads\/2023\/12\/jabalia-school-700x394.jpeg 700w, https:\/\/ismfrance.org\/wp-content\/uploads\/2023\/12\/jabalia-school-300x169.jpeg 300w, https:\/\/ismfrance.org\/wp-content\/uploads\/2023\/12\/jabalia-school-768x432.jpeg 768w, https:\/\/ismfrance.org\/wp-content\/uploads\/2023\/12\/jabalia-school.jpeg 1280w\" sizes=\"auto, (max-width: 600px) 100vw, 600px\" \/><\/a><p id=\"caption-attachment-8202\" class=\"wp-caption-text\">10.12 &#8211; Les FOI ciblent les personnes d\u00e9plac\u00e9es r\u00e9fugi\u00e9es \u00e0 l&rsquo;int\u00e9rieur d&rsquo;une \u00e9cole de l&rsquo;UNRWA dans le camp de Jabalia, au nord de la bande de Gaza. (source <a href=\"https:\/\/twitter.com\/QudsNen\/status\/1733920904898355353\/photo\/1\">Quds News Network<\/a>)<\/p><\/div>\n<p><span style=\"color: #000000;\"><span style=\"font-family: Arial, sans-serif;\"><span style=\"font-size: medium;\">Par ces mots d&rsquo;introduction, le Dr Thomson a annonc\u00e9 l&rsquo;ampleur de la situation : \u00ab Sur les 35 h\u00f4pitaux de Gaza, 26 ne sont pas fonctionnels. 9 ne restent que partiellement fonctionnels mais fonctionnent \u00e0 plus du double de leur capacit\u00e9 avec des p\u00e9nuries critiques et fournissent un abri \u00e0 des milliers de personnes d\u00e9plac\u00e9es \u00e0 l&rsquo;int\u00e9rieur du pays.\u00a0\u00bb <\/span><\/span><\/span><\/p>\n<p><span style=\"color: #000000;\"><span style=\"font-family: Arial, sans-serif;\"><span style=\"font-size: medium;\">Les civils du nord sont d\u00e9sormais priv\u00e9s d&rsquo;acc\u00e8s aux transports m\u00e9dicaux d&rsquo;urgence en raison de la destruction cibl\u00e9e de 100 ambulances du Croissant-Rouge, du bombardement de convois d&rsquo;ambulances et de la p\u00e9nurie brutale de carburant. Au moins 364 attaques contre des services de sant\u00e9 ont \u00e9t\u00e9 enregistr\u00e9es dans le territoire palestinien occup\u00e9 depuis le 7 octobre 2023.<\/span><\/span><\/span><\/p>\n<p><span style=\"color: #000000;\"><span style=\"font-family: Arial, sans-serif;\"><span style=\"font-size: medium;\">Avec des dizaines de milliers de Palestiniens bless\u00e9s et des milliers d\u2019autres disparus et pr\u00e9sum\u00e9s enterr\u00e9s vivants dans la couche arable des d\u00e9combres qui marquent d\u00e9sormais le paysage de Gaza, nombreux sont ceux qui meurent, appelant peut-\u00eatre au secours. Les infrastructures \u00e0 Gaza ne sont pas \u00ab en panne \u00bb. Elles ont \u00e9t\u00e9 volontairement d\u00e9truites. Des ambulances aux \u00e9coles de m\u00e9decine, en passant par le seul h\u00f4pital psychiatrique de la r\u00e9gion, jusqu&rsquo;aux arrestations de dizaines de m\u00e9decins et de cadres m\u00e9dicaux emmen\u00e9s de force dans des lieux inconnus, les cibles ont \u00e9t\u00e9 ex\u00e9cut\u00e9es avec pr\u00e9cision par les forces d&rsquo;occupation qui se livrent, comme indiqu\u00e9 lors de la conf\u00e9rence, \u00e0 \u00ab des atrocit\u00e9s criminelles \u00bb en violation de diverses lois humanitaires et des crimes de guerre. <\/span><\/span><\/span><\/p>\n<p><span style=\"color: #000000;\"><span style=\"font-family: Arial, sans-serif;\"><span style=\"font-size: medium;\">Parmi le personnel m\u00e9dical port\u00e9 disparu figure le directeur de l&rsquo;h\u00f4pital Al Shifa, le Dr Muhammad Abu Salmiya, qui a \u00e9t\u00e9 enlev\u00e9 le 23\u00a0novembre alors qu&rsquo;il facilitait l&rsquo;\u00e9vacuation forc\u00e9e de l&rsquo;h\u00f4pital. Diverses agences de d\u00e9fense des droits ont exprim\u00e9 leur inqui\u00e9tude quant au bien-\u00eatre du m\u00e9decin qui, jusqu&rsquo;\u00e0 son enl\u00e8vement par les forces d&rsquo;occupation, informait r\u00e9guli\u00e8rement le monde de la situation \u00e0 l&rsquo;int\u00e9rieur et autour de l&rsquo;h\u00f4pital, sur les bless\u00e9s, sur les morts.<\/span><\/span><\/span><\/p>\n<div id=\"attachment_8194\" style=\"width: 522px\" class=\"wp-caption aligncenter\"><a href=\"https:\/\/ismfrance.org\/wp-content\/uploads\/2023\/12\/medecin-kidnappe.jpg\"><img loading=\"lazy\" decoding=\"async\" aria-describedby=\"caption-attachment-8194\" class=\"size-full wp-image-8194\" src=\"https:\/\/ismfrance.org\/wp-content\/uploads\/2023\/12\/medecin-kidnappe.jpg\" alt=\"\" width=\"512\" height=\"288\" srcset=\"https:\/\/ismfrance.org\/wp-content\/uploads\/2023\/12\/medecin-kidnappe.jpg 512w, https:\/\/ismfrance.org\/wp-content\/uploads\/2023\/12\/medecin-kidnappe-300x169.jpg 300w\" sizes=\"auto, (max-width: 512px) 100vw, 512px\" \/><\/a><p id=\"caption-attachment-8194\" class=\"wp-caption-text\">Muhammad Abu Salmiya, directeur de l&rsquo;h\u00f4pital Al Shifa Hospital, kidnapp\u00e9 et emmen\u00e9 dans un lieu inconnu. Photo Credit: AFP Archive<\/p><\/div>\n<p><span style=\"color: #000000;\"><span style=\"font-family: Arial, sans-serif;\"><span style=\"font-size: medium;\">Le minist\u00e8re de la Sant\u00e9 de Gaza a not\u00e9 samedi 9 d\u00e9cembre que 17.487 Palestiniens avaient \u00e9t\u00e9 massacr\u00e9s, dont plus de 70 % \u00e9taient des femmes et des enfants. Mais ce nombre de morts augmente de minute en minute et, avec des milliers de disparus et les forces d\u2019occupation ciblant et criminalisant les processus civiques les plus \u00e9l\u00e9mentaires qui se d\u00e9roulent dans les cinq districts de Gaza, il est devenu impossible de tenir le d\u00e9compte des morts. Et ce que l&rsquo;arm\u00e9e d&rsquo;occupation n&rsquo;a pas d\u00e9truit avec des bombes et des armes \u00e0 feu, elle s&rsquo;efforce d&rsquo;y parvenir en faisant circuler de faux r\u00e9cits repris par les m\u00e9dias du monde entier qui mettent en doute les rapports sur la sant\u00e9 de Gaza publi\u00e9s par les fonctionnaires palestiniens qui informent le monde sur le g\u00e9nocide en cours de plus de 2,2 millions de Palestiniens dans la bande de Gaza.<\/span><\/span><\/span><\/p>\n<p><span style=\"color: #000000;\"><span style=\"font-family: Arial, sans-serif;\"><span style=\"font-size: medium;\">Le 8 d\u00e9cembre, des images choquantes provenant du quartier de Beit Lahia, au nord de Gaza, ont montr\u00e9 <a href=\"https:\/\/ismfrance.org\/index.php\/2023\/12\/10\/la-mise-en-scene-grossiere-dune-fausse-reddition-de-combattants-palestiniens\/\">la sc\u00e8ne de d\u00e9shabillage et l&rsquo;enl\u00e8vement de civils palestiniens<\/a> d\u00e9plac\u00e9s d&rsquo;une \u00e9cole des Nations Unies attaqu\u00e9e, parmi lesquels figuraient un \u00e9tudiant, un commer\u00e7ant local et un journaliste bien connu. Alors que le monde r\u00e9agissait avec une col\u00e8re l\u00e9gitime aux actes horribles de l\u2019arm\u00e9e d\u2019occupation, un porte-parole des forces d\u2019occupation isra\u00e9liennes a rejet\u00e9 les enqu\u00eates en assimilant les civils \u00e0 des membres du Hamas, une tactique persistante refl\u00e9tant leur point de vue : tous les corps palestiniens sont intrins\u00e8quement \u00ab terroristes \u00bb.<\/span><\/span><\/span><\/p>\n<p><span style=\"color: #000000;\"><span style=\"font-family: Arial, sans-serif;\"><span style=\"font-size: medium;\">L\u2019\u00e9cole des Nations Unies abritant les d\u00e9plac\u00e9s n\u2019\u00e9tait que l\u2019une des nombreuses installations dans la bande terroris\u00e9e abritant plus de 1,7 million de personnes d\u00e9plac\u00e9es \u00e0 cause des bombardements incessants. Selon les derniers chiffres sur le terrain, les forces d&rsquo;occupation ont d\u00e9cim\u00e9 les infrastructures r\u00e9sidentielles de Gaza, dont 300.000 logements, soit plus de la moiti\u00e9 des foyers de Gaza, comme le montre le graphique suivant :<\/span><\/span><\/span><\/p>\n<p><a href=\"https:\/\/ismfrance.org\/wp-content\/uploads\/2023\/12\/doc-ocha.png\"><img loading=\"lazy\" decoding=\"async\" class=\"size-full wp-image-8196 aligncenter\" src=\"https:\/\/ismfrance.org\/wp-content\/uploads\/2023\/12\/doc-ocha.png\" alt=\"\" width=\"512\" height=\"433\" srcset=\"https:\/\/ismfrance.org\/wp-content\/uploads\/2023\/12\/doc-ocha.png 512w, https:\/\/ismfrance.org\/wp-content\/uploads\/2023\/12\/doc-ocha-300x254.png 300w\" sizes=\"auto, (max-width: 512px) 100vw, 512px\" \/><\/a><\/p>\n<p><span style=\"color: #000000;\"><span style=\"font-family: Arial, sans-serif;\"><span style=\"font-size: medium;\">Les forces d&rsquo;occupation exigent que les d\u00e9plac\u00e9s en masse s&rsquo;entassent dans une zone constitu\u00e9e de dunes de sable, d\u00e9pourvue de la moindre infrastructure humanitaire, dans la r\u00e9gion sud-ouest d&rsquo;Al-Mawasi. Les informations qui parviennent de cette \u00ab zone de s\u00e9curit\u00e9 \u00bb r\u00e9v\u00e8lent les horreurs de la r\u00e9gion, une nourriture insuffisante, des abris insuffisants et une source d\u2019eau non fiable, ce qui \u00e9quivaut \u00e0 l\u2019arm\u00e9e d\u2019occupation offrant aux Palestiniens une mort plus lente qui se produira par la famine, la soif et les maladies infectieuses. Les conditions actuelles \u00e0 Gaza sont d\u00e9pourvues de mesures sanitaires alors que les maladies infectieuses commencent \u00e0 s&rsquo;installer dans des conditions de surpopulation avec les corps de civils assassin\u00e9s gisant dans les rues. Comme le rapporte le Programme alimentaire mondial, la situation est d\u00e9sastreuse dans l&rsquo;ensemble de la bande de Gaza, avec une ins\u00e9curit\u00e9 alimentaire et hydrique g\u00e9n\u00e9ralis\u00e9e, notamment des d\u00e9ficits de consommation \u00ab extr\u00eamement alarmants \u00bb que connaissent des proportions croissantes de la population dans les gouvernorats du Nord et du Sud.<\/span><\/span><\/span><\/p>\n<blockquote class=\"twitter-tweet\" data-width=\"550\" data-dnt=\"true\">\n<p lang=\"fr\" dir=\"ltr\">Les nouveaux camps de r\u00e9fugi\u00e9s palestiniens \u00e0 Gaza.<br \/>Isra\u00ebl a d\u00e9truit leurs maisons, leurs \u00e9coles, leur h\u00f4pitaux, leurs centres de loisirs, leurs biblioth\u00e8ques  &#8230; et leurs vies. <a href=\"https:\/\/t.co\/0oXqEYpry8\">pic.twitter.com\/0oXqEYpry8<\/a><\/p>\n<p>&mdash; Taoufiq TAHANI (@TaoufiqTahani) <a href=\"https:\/\/twitter.com\/TaoufiqTahani\/status\/1734126058595561636?ref_src=twsrc%5Etfw\">December 11, 2023<\/a><\/p><\/blockquote>\n<p><script async src=\"https:\/\/platform.twitter.com\/widgets.js\" charset=\"utf-8\"><\/script><\/p>\n<p>&nbsp;<\/p>\n<p><span style=\"color: #000000;\"><span style=\"font-family: Arial, sans-serif;\"><span style=\"font-size: medium;\">Des dizaines de milliers de cas de maladies diarrh\u00e9iques ont \u00e9t\u00e9 signal\u00e9s \u00e0 travers Gaza, les enfants palestiniens repr\u00e9sentant plus de la moiti\u00e9 de ce chiffre. Il y a quelques jours, OCHA a publi\u00e9 une d\u00e9claration annon\u00e7ant une \u00e9pid\u00e9mie d&rsquo;h\u00e9patite dans les abris de l&rsquo;UNRWA qui fonctionnent \u00e0 plusieurs fois leur capacit\u00e9. Au fil des jours, on craint que les maladies et les d\u00e9c\u00e8s dus \u00e0 des maladies infectieuses augmentent consid\u00e9rablement. Cela t\u00e9moigne d\u2019un \u00e9chec multisyst\u00e9mique des principes les plus fondamentaux de la r\u00e9ponse humanitaire aux civils et aux enfants pris dans un conflit : la fourniture de nourriture, d\u2019eau potable, de m\u00e9dicaments et la protection contre les hostilit\u00e9s.<\/span><\/span><\/span><\/p>\n<p><span style=\"color: #000000;\"><span style=\"font-family: Arial, sans-serif;\"><span style=\"font-size: medium;\">Parall\u00e8lement aux largages de bombes s&rsquo;ajoutent des informations d\u00e9chirantes faisant \u00e9tat d&rsquo;enfants \u00e9cras\u00e9s sous les d\u00e9combres, de familles enti\u00e8res disparues et, il y a quelques jours \u00e0 peine, du meurtre d&rsquo;un professeur palestinien bien-aim\u00e9. En un \u00e9clair instantan\u00e9 et explosif, la vie de <a href=\"https:\/\/ismfrance.org\/index.php\/2023\/12\/08\/si-je-dois-mourir-que-cela-devienne-un-conte-poeme-de-refaat-alareer\/\">Refaat Alareer<\/a>, co-fondateur de <\/span><\/span><\/span><span style=\"color: #000000;\"><span style=\"font-family: Arial, sans-serif;\"><span style=\"font-size: medium;\"><i>We Are Not Numbers<\/i><\/span><\/span><\/span><span style=\"color: #000000;\"><span style=\"font-family: Arial, sans-serif;\"><span style=\"font-size: medium;\">, po\u00e8te et universitaire, a \u00e9t\u00e9 violemment interrompue par une frappe a\u00e9rienne de l&rsquo;occupation qui a tu\u00e9 de nombreux membres de sa famille, dont quatre de ses ni\u00e8ces. Dans le chaos des bombardements des forces d&rsquo;occupation et de la reprise du \u00ab cessez-le-feu temporaire \u00bb, Alareer s&rsquo;\u00e9tait \u00e9lev\u00e9 contre les hostilit\u00e9s et le massacre insens\u00e9 de civils.<\/span><\/span><\/span><\/p>\n<div id=\"attachment_8200\" style=\"width: 610px\" class=\"wp-caption aligncenter\"><a href=\"https:\/\/ismfrance.org\/wp-content\/uploads\/2023\/12\/mosquee-amari.jpeg\"><img loading=\"lazy\" decoding=\"async\" aria-describedby=\"caption-attachment-8200\" class=\"size-large wp-image-8200\" src=\"https:\/\/ismfrance.org\/wp-content\/uploads\/2023\/12\/mosquee-amari-700x467.jpeg\" alt=\"\" width=\"600\" height=\"400\" srcset=\"https:\/\/ismfrance.org\/wp-content\/uploads\/2023\/12\/mosquee-amari-700x467.jpeg 700w, https:\/\/ismfrance.org\/wp-content\/uploads\/2023\/12\/mosquee-amari-300x200.jpeg 300w, https:\/\/ismfrance.org\/wp-content\/uploads\/2023\/12\/mosquee-amari-768x512.jpeg 768w, https:\/\/ismfrance.org\/wp-content\/uploads\/2023\/12\/mosquee-amari.jpeg 1080w\" sizes=\"auto, (max-width: 600px) 100vw, 600px\" \/><\/a><p id=\"caption-attachment-8200\" class=\"wp-caption-text\">Ce qui reste de la Mosqu\u00e9e Al-Mari apr\u00e8s les bombardements de l&rsquo;arm\u00e9e d&rsquo;occupation. (source <a href=\"https:\/\/x.com\/GazaNewsPlus\/status\/1715316701380682073?s=20\">Gaza News+<\/a>)<\/p><\/div>\n<p><span style=\"color: #000000;\"><span style=\"font-family: Arial, sans-serif;\"><span style=\"font-size: medium;\">Au milieu des d\u00e9combres inextricalbes de la bande de Gaza se trouvent les restes de\u00a0104 mosqu\u00e9es\u00a0et de nombreuses\u00a0\u00e9glises\u00a0qui ont \u00e9t\u00e9 cibl\u00e9es par les frappes a\u00e9riennes de l&rsquo;occupation, alors m\u00eame que des vid\u00e9os prises par les FOI circulent sur les r\u00e9seaux sociaux, montrant l&rsquo;entr\u00e9e d&rsquo;une synagogue \u00e0 l&rsquo;int\u00e9rieur d&rsquo;un immeuble vol\u00e9 \u00e0 Gaza. La Grande Mosqu\u00e9e m\u00e9di\u00e9vale d&rsquo;Omari \u00e0 Gaza, \u00e0 couper le souffle, \u00e9tait devenue embl\u00e9matique et se trouve d\u00e9sormais tragiquement parmi les d\u00e9combres, avec son minaret survivant debout devant elle. Et la majestueuse \u00e9glise grecque orthodoxe Saint-Porphyre, construite vers 1150, \u00e9tait notamment la plus ancienne \u00e9glise encore en activit\u00e9 \u00e0 Gaza et celle qui abritait des musulmans et des chr\u00e9tiens palestiniens d\u00e9plac\u00e9s pendant le bombardement, dont 16 ont perdu la vie \u00e0 l&rsquo;int\u00e9rieur de ses murs d\u00e9truits.<\/span><\/span><\/span><\/p>\n<p><span style=\"color: #000000;\"><span style=\"font-family: Arial, sans-serif;\"><span style=\"font-size: medium;\">Cette guerre a vol\u00e9 leur vie \u00e0 63 journalistes, \u00e0 133 travailleurs humanitaires de l&rsquo;ONU, \u00e0 plus de 250 personnels de sant\u00e9. Les chiffres augmentent de jour en jour. Et alors que les autorit\u00e9s isra\u00e9liennes promettent de poursuivre cette horrible agression pendant encore deux mois, les rapports continueront de d\u00e9filer sous les yeux du monde t\u00e9moin du cauchemar vivant dans lequel la population de Gaza est pi\u00e9g\u00e9e. Avec les victimes, les morts et les destructions, la justice aussi est ensevelie sous les d\u00e9combres.<\/span><\/span><\/span><\/p>\n<pre><em><span style=\"color: #000000;\"><span style=\"font-family: Arial, sans-serif;\"><span style=\"font-size: medium;\">Article original en anglais sur <a href=\"https:\/\/palsolidarity.org\/2023\/12\/genocide-in-gaza-mass-civilian-death-mass-displacement-infectious-disease\/\">Palsolidarity.org<\/a> \/ Traduction MR<\/span><\/span><\/span><\/em><\/pre>\n","protected":false},"excerpt":{"rendered":"<p>ISM-Palestine, 10 d\u00e9cembre 2023. Ce sont les mots prononc\u00e9s par le n\u00e9phrologue Ben Thomson lors de sa conf\u00e9rence de presse d&rsquo;hier sur la \u00ab catastrophe sanitaire urgente \u00e0 Gaza \u00bb <a class=\"more-link\" href=\"https:\/\/ismfrance.org\/index.php\/2023\/12\/11\/genocide-a-gaza-des-civils-tues-et-deplaces-en-masse-des-maladies-infectieuses-nous-approchons-du-point-de-non-retour\/\">Lire la suite &rarr;<\/a><\/p>\n","protected":false},"author":3,"featured_media":8202,"comment_status":"closed","ping_status":"closed","sticky":false,"template":"","format":"standard","meta":{"footnotes":""},"categories":[12,2],"tags":[331,25,45],"class_list":["post-8192","post","type-post","status-publish","format-standard","has-post-thumbnail","hentry","category-analyses","category-articles","tag-crimes-de-guerre","tag-gaza","tag-nettoyage-ethnique"],"yoast_head":"<!-- This site is optimized with the Yoast SEO plugin v27.2 - https:\/\/yoast.com\/product\/yoast-seo-wordpress\/ -->\n<title>G\u00e9nocide \u00e0 Gaza\u00a0: des civils tu\u00e9s et d\u00e9plac\u00e9s en masse, des maladies infectieuses - \u00ab Nous approchons du point de non-retour \u00bb - International Solidarity Movement - ISM-France<\/title>\n<meta name=\"robots\" content=\"index, follow, max-snippet:-1, max-image-preview:large, max-video-preview:-1\" \/>\n<link rel=\"canonical\" href=\"https:\/\/ismfrance.org\/index.php\/2023\/12\/11\/genocide-a-gaza-des-civils-tues-et-deplaces-en-masse-des-maladies-infectieuses-nous-approchons-du-point-de-non-retour\/\" \/>\n<meta property=\"og:locale\" content=\"fr_FR\" \/>\n<meta property=\"og:type\" content=\"article\" \/>\n<meta property=\"og:title\" content=\"G\u00e9nocide \u00e0 Gaza\u00a0: des civils tu\u00e9s et d\u00e9plac\u00e9s en masse, des maladies infectieuses - \u00ab Nous approchons du point de non-retour \u00bb - International Solidarity Movement - ISM-France\" \/>\n<meta property=\"og:description\" content=\"ISM-Palestine, 10 d\u00e9cembre 2023. Ce sont les mots prononc\u00e9s par le n\u00e9phrologue Ben Thomson lors de sa conf\u00e9rence de presse d&rsquo;hier sur la \u00ab catastrophe sanitaire urgente \u00e0 Gaza \u00bb Lire la suite &rarr;\" \/>\n<meta property=\"og:url\" content=\"https:\/\/ismfrance.org\/index.php\/2023\/12\/11\/genocide-a-gaza-des-civils-tues-et-deplaces-en-masse-des-maladies-infectieuses-nous-approchons-du-point-de-non-retour\/\" \/>\n<meta property=\"og:site_name\" content=\"International Solidarity Movement - ISM-France\" \/>\n<meta property=\"article:published_time\" content=\"2023-12-11T11:08:43+00:00\" \/>\n<meta property=\"og:image\" content=\"https:\/\/ismfrance.org\/wp-content\/uploads\/2023\/12\/jabalia-school.jpeg\" \/>\n\t<meta property=\"og:image:width\" content=\"1280\" \/>\n\t<meta property=\"og:image:height\" content=\"720\" \/>\n\t<meta property=\"og:image:type\" content=\"image\/jpeg\" \/>\n<meta name=\"author\" content=\"mru_01\" \/>\n<meta name=\"twitter:card\" content=\"summary_large_image\" \/>\n<meta name=\"twitter:creator\" content=\"@ISMFRANCE\" \/>\n<meta name=\"twitter:site\" content=\"@ISMFRANCE\" \/>\n<meta name=\"twitter:label1\" content=\"\u00c9crit par\" \/>\n\t<meta name=\"twitter:data1\" content=\"mru_01\" \/>\n\t<meta name=\"twitter:label2\" content=\"Dur\u00e9e de lecture estim\u00e9e\" \/>\n\t<meta name=\"twitter:data2\" content=\"8 minutes\" \/>\n<script type=\"application\/ld+json\" class=\"yoast-schema-graph\">{\"@context\":\"https:\/\/schema.org\",\"@graph\":[{\"@type\":\"Article\",\"@id\":\"https:\/\/ismfrance.org\/index.php\/2023\/12\/11\/genocide-a-gaza-des-civils-tues-et-deplaces-en-masse-des-maladies-infectieuses-nous-approchons-du-point-de-non-retour\/#article\",\"isPartOf\":{\"@id\":\"https:\/\/ismfrance.org\/index.php\/2023\/12\/11\/genocide-a-gaza-des-civils-tues-et-deplaces-en-masse-des-maladies-infectieuses-nous-approchons-du-point-de-non-retour\/\"},\"author\":{\"name\":\"mru_01\",\"@id\":\"https:\/\/ismfrance.org\/#\/schema\/person\/3c411eb72adfaae19c0dca1f41fae01d\"},\"headline\":\"G\u00e9nocide \u00e0 Gaza\u00a0: des civils tu\u00e9s et d\u00e9plac\u00e9s en masse, des maladies infectieuses &#8211; \u00ab Nous approchons du point de non-retour \u00bb\",\"datePublished\":\"2023-12-11T11:08:43+00:00\",\"mainEntityOfPage\":{\"@id\":\"https:\/\/ismfrance.org\/index.php\/2023\/12\/11\/genocide-a-gaza-des-civils-tues-et-deplaces-en-masse-des-maladies-infectieuses-nous-approchons-du-point-de-non-retour\/\"},\"wordCount\":1551,\"publisher\":{\"@id\":\"https:\/\/ismfrance.org\/#organization\"},\"image\":{\"@id\":\"https:\/\/ismfrance.org\/index.php\/2023\/12\/11\/genocide-a-gaza-des-civils-tues-et-deplaces-en-masse-des-maladies-infectieuses-nous-approchons-du-point-de-non-retour\/#primaryimage\"},\"thumbnailUrl\":\"https:\/\/ismfrance.org\/wp-content\/uploads\/2023\/12\/jabalia-school.jpeg\",\"keywords\":[\"Crimes de guerre\",\"Gaza\",\"nettoyage ethnique\"],\"articleSection\":[\"Analyses\",\"Articles\"],\"inLanguage\":\"fr-FR\"},{\"@type\":\"WebPage\",\"@id\":\"https:\/\/ismfrance.org\/index.php\/2023\/12\/11\/genocide-a-gaza-des-civils-tues-et-deplaces-en-masse-des-maladies-infectieuses-nous-approchons-du-point-de-non-retour\/\",\"url\":\"https:\/\/ismfrance.org\/index.php\/2023\/12\/11\/genocide-a-gaza-des-civils-tues-et-deplaces-en-masse-des-maladies-infectieuses-nous-approchons-du-point-de-non-retour\/\",\"name\":\"G\u00e9nocide \u00e0 Gaza\u00a0: des civils tu\u00e9s et d\u00e9plac\u00e9s en masse, des maladies infectieuses - \u00ab Nous approchons du point de non-retour \u00bb - International Solidarity Movement - ISM-France\",\"isPartOf\":{\"@id\":\"https:\/\/ismfrance.org\/#website\"},\"primaryImageOfPage\":{\"@id\":\"https:\/\/ismfrance.org\/index.php\/2023\/12\/11\/genocide-a-gaza-des-civils-tues-et-deplaces-en-masse-des-maladies-infectieuses-nous-approchons-du-point-de-non-retour\/#primaryimage\"},\"image\":{\"@id\":\"https:\/\/ismfrance.org\/index.php\/2023\/12\/11\/genocide-a-gaza-des-civils-tues-et-deplaces-en-masse-des-maladies-infectieuses-nous-approchons-du-point-de-non-retour\/#primaryimage\"},\"thumbnailUrl\":\"https:\/\/ismfrance.org\/wp-content\/uploads\/2023\/12\/jabalia-school.jpeg\",\"datePublished\":\"2023-12-11T11:08:43+00:00\",\"breadcrumb\":{\"@id\":\"https:\/\/ismfrance.org\/index.php\/2023\/12\/11\/genocide-a-gaza-des-civils-tues-et-deplaces-en-masse-des-maladies-infectieuses-nous-approchons-du-point-de-non-retour\/#breadcrumb\"},\"inLanguage\":\"fr-FR\",\"potentialAction\":[{\"@type\":\"ReadAction\",\"target\":[\"https:\/\/ismfrance.org\/index.php\/2023\/12\/11\/genocide-a-gaza-des-civils-tues-et-deplaces-en-masse-des-maladies-infectieuses-nous-approchons-du-point-de-non-retour\/\"]}]},{\"@type\":\"ImageObject\",\"inLanguage\":\"fr-FR\",\"@id\":\"https:\/\/ismfrance.org\/index.php\/2023\/12\/11\/genocide-a-gaza-des-civils-tues-et-deplaces-en-masse-des-maladies-infectieuses-nous-approchons-du-point-de-non-retour\/#primaryimage\",\"url\":\"https:\/\/ismfrance.org\/wp-content\/uploads\/2023\/12\/jabalia-school.jpeg\",\"contentUrl\":\"https:\/\/ismfrance.org\/wp-content\/uploads\/2023\/12\/jabalia-school.jpeg\",\"width\":1280,\"height\":720,\"caption\":\"The IOF target displaced people inside a UNRWA school in Jabalia camp, north of the Gaza Strip.\"},{\"@type\":\"BreadcrumbList\",\"@id\":\"https:\/\/ismfrance.org\/index.php\/2023\/12\/11\/genocide-a-gaza-des-civils-tues-et-deplaces-en-masse-des-maladies-infectieuses-nous-approchons-du-point-de-non-retour\/#breadcrumb\",\"itemListElement\":[{\"@type\":\"ListItem\",\"position\":1,\"name\":\"Accueil\",\"item\":\"https:\/\/ismfrance.org\/\"},{\"@type\":\"ListItem\",\"position\":2,\"name\":\"G\u00e9nocide \u00e0 Gaza\u00a0: des civils tu\u00e9s et d\u00e9plac\u00e9s en masse, des maladies infectieuses &#8211; \u00ab Nous approchons du point de non-retour \u00bb\"}]},{\"@type\":\"WebSite\",\"@id\":\"https:\/\/ismfrance.org\/#website\",\"url\":\"https:\/\/ismfrance.org\/\",\"name\":\"ISM Palestine France\",\"description\":\"Soutien aux luttes de lib\u00e9ration du peuple palestinien\",\"publisher\":{\"@id\":\"https:\/\/ismfrance.org\/#organization\"},\"potentialAction\":[{\"@type\":\"SearchAction\",\"target\":{\"@type\":\"EntryPoint\",\"urlTemplate\":\"https:\/\/ismfrance.org\/?s={search_term_string}\"},\"query-input\":{\"@type\":\"PropertyValueSpecification\",\"valueRequired\":true,\"valueName\":\"search_term_string\"}}],\"inLanguage\":\"fr-FR\"},{\"@type\":\"Organization\",\"@id\":\"https:\/\/ismfrance.org\/#organization\",\"name\":\"International Solidarity Movement\",\"url\":\"https:\/\/ismfrance.org\/\",\"logo\":{\"@type\":\"ImageObject\",\"inLanguage\":\"fr-FR\",\"@id\":\"https:\/\/ismfrance.org\/#\/schema\/logo\/image\/\",\"url\":\"https:\/\/ismfrance.org\/wp-content\/uploads\/2020\/12\/00.png\",\"contentUrl\":\"https:\/\/ismfrance.org\/wp-content\/uploads\/2020\/12\/00.png\",\"width\":400,\"height\":400,\"caption\":\"International Solidarity Movement\"},\"image\":{\"@id\":\"https:\/\/ismfrance.org\/#\/schema\/logo\/image\/\"},\"sameAs\":[\"https:\/\/x.com\/ISMFRANCE\"]},{\"@type\":\"Person\",\"@id\":\"https:\/\/ismfrance.org\/#\/schema\/person\/3c411eb72adfaae19c0dca1f41fae01d\",\"name\":\"mru_01\",\"image\":{\"@type\":\"ImageObject\",\"inLanguage\":\"fr-FR\",\"@id\":\"https:\/\/secure.gravatar.com\/avatar\/3a0be343b445d2ccc79e87444a294fad2b232e90d2051d0e3cc219e1ecd6a330?s=96&d=mm&r=g\",\"url\":\"https:\/\/secure.gravatar.com\/avatar\/3a0be343b445d2ccc79e87444a294fad2b232e90d2051d0e3cc219e1ecd6a330?s=96&d=mm&r=g\",\"contentUrl\":\"https:\/\/secure.gravatar.com\/avatar\/3a0be343b445d2ccc79e87444a294fad2b232e90d2051d0e3cc219e1ecd6a330?s=96&d=mm&r=g\",\"caption\":\"mru_01\"},\"url\":\"https:\/\/ismfrance.org\/index.php\/author\/admin02\/\"}]}<\/script>\n<!-- \/ Yoast SEO plugin. -->","yoast_head_json":{"title":"G\u00e9nocide \u00e0 Gaza\u00a0: des civils tu\u00e9s et d\u00e9plac\u00e9s en masse, des maladies infectieuses - \u00ab Nous approchons du point de non-retour \u00bb - International Solidarity Movement - ISM-France","robots":{"index":"index","follow":"follow","max-snippet":"max-snippet:-1","max-image-preview":"max-image-preview:large","max-video-preview":"max-video-preview:-1"},"canonical":"https:\/\/ismfrance.org\/index.php\/2023\/12\/11\/genocide-a-gaza-des-civils-tues-et-deplaces-en-masse-des-maladies-infectieuses-nous-approchons-du-point-de-non-retour\/","og_locale":"fr_FR","og_type":"article","og_title":"G\u00e9nocide \u00e0 Gaza\u00a0: des civils tu\u00e9s et d\u00e9plac\u00e9s en masse, des maladies infectieuses - \u00ab Nous approchons du point de non-retour \u00bb - International Solidarity Movement - ISM-France","og_description":"ISM-Palestine, 10 d\u00e9cembre 2023. Ce sont les mots prononc\u00e9s par le n\u00e9phrologue Ben Thomson lors de sa conf\u00e9rence de presse d&rsquo;hier sur la \u00ab catastrophe sanitaire urgente \u00e0 Gaza \u00bb Lire la suite &rarr;","og_url":"https:\/\/ismfrance.org\/index.php\/2023\/12\/11\/genocide-a-gaza-des-civils-tues-et-deplaces-en-masse-des-maladies-infectieuses-nous-approchons-du-point-de-non-retour\/","og_site_name":"International Solidarity Movement - ISM-France","article_published_time":"2023-12-11T11:08:43+00:00","og_image":[{"width":1280,"height":720,"url":"https:\/\/ismfrance.org\/wp-content\/uploads\/2023\/12\/jabalia-school.jpeg","type":"image\/jpeg"}],"author":"mru_01","twitter_card":"summary_large_image","twitter_creator":"@ISMFRANCE","twitter_site":"@ISMFRANCE","twitter_misc":{"\u00c9crit par":"mru_01","Dur\u00e9e de lecture estim\u00e9e":"8 minutes"},"schema":{"@context":"https:\/\/schema.org","@graph":[{"@type":"Article","@id":"https:\/\/ismfrance.org\/index.php\/2023\/12\/11\/genocide-a-gaza-des-civils-tues-et-deplaces-en-masse-des-maladies-infectieuses-nous-approchons-du-point-de-non-retour\/#article","isPartOf":{"@id":"https:\/\/ismfrance.org\/index.php\/2023\/12\/11\/genocide-a-gaza-des-civils-tues-et-deplaces-en-masse-des-maladies-infectieuses-nous-approchons-du-point-de-non-retour\/"},"author":{"name":"mru_01","@id":"https:\/\/ismfrance.org\/#\/schema\/person\/3c411eb72adfaae19c0dca1f41fae01d"},"headline":"G\u00e9nocide \u00e0 Gaza\u00a0: des civils tu\u00e9s et d\u00e9plac\u00e9s en masse, des maladies infectieuses &#8211; \u00ab Nous approchons du point de non-retour \u00bb","datePublished":"2023-12-11T11:08:43+00:00","mainEntityOfPage":{"@id":"https:\/\/ismfrance.org\/index.php\/2023\/12\/11\/genocide-a-gaza-des-civils-tues-et-deplaces-en-masse-des-maladies-infectieuses-nous-approchons-du-point-de-non-retour\/"},"wordCount":1551,"publisher":{"@id":"https:\/\/ismfrance.org\/#organization"},"image":{"@id":"https:\/\/ismfrance.org\/index.php\/2023\/12\/11\/genocide-a-gaza-des-civils-tues-et-deplaces-en-masse-des-maladies-infectieuses-nous-approchons-du-point-de-non-retour\/#primaryimage"},"thumbnailUrl":"https:\/\/ismfrance.org\/wp-content\/uploads\/2023\/12\/jabalia-school.jpeg","keywords":["Crimes de guerre","Gaza","nettoyage ethnique"],"articleSection":["Analyses","Articles"],"inLanguage":"fr-FR"},{"@type":"WebPage","@id":"https:\/\/ismfrance.org\/index.php\/2023\/12\/11\/genocide-a-gaza-des-civils-tues-et-deplaces-en-masse-des-maladies-infectieuses-nous-approchons-du-point-de-non-retour\/","url":"https:\/\/ismfrance.org\/index.php\/2023\/12\/11\/genocide-a-gaza-des-civils-tues-et-deplaces-en-masse-des-maladies-infectieuses-nous-approchons-du-point-de-non-retour\/","name":"G\u00e9nocide \u00e0 Gaza\u00a0: des civils tu\u00e9s et d\u00e9plac\u00e9s en masse, des maladies infectieuses - \u00ab Nous approchons du point de non-retour \u00bb - International Solidarity Movement - ISM-France","isPartOf":{"@id":"https:\/\/ismfrance.org\/#website"},"primaryImageOfPage":{"@id":"https:\/\/ismfrance.org\/index.php\/2023\/12\/11\/genocide-a-gaza-des-civils-tues-et-deplaces-en-masse-des-maladies-infectieuses-nous-approchons-du-point-de-non-retour\/#primaryimage"},"image":{"@id":"https:\/\/ismfrance.org\/index.php\/2023\/12\/11\/genocide-a-gaza-des-civils-tues-et-deplaces-en-masse-des-maladies-infectieuses-nous-approchons-du-point-de-non-retour\/#primaryimage"},"thumbnailUrl":"https:\/\/ismfrance.org\/wp-content\/uploads\/2023\/12\/jabalia-school.jpeg","datePublished":"2023-12-11T11:08:43+00:00","breadcrumb":{"@id":"https:\/\/ismfrance.org\/index.php\/2023\/12\/11\/genocide-a-gaza-des-civils-tues-et-deplaces-en-masse-des-maladies-infectieuses-nous-approchons-du-point-de-non-retour\/#breadcrumb"},"inLanguage":"fr-FR","potentialAction":[{"@type":"ReadAction","target":["https:\/\/ismfrance.org\/index.php\/2023\/12\/11\/genocide-a-gaza-des-civils-tues-et-deplaces-en-masse-des-maladies-infectieuses-nous-approchons-du-point-de-non-retour\/"]}]},{"@type":"ImageObject","inLanguage":"fr-FR","@id":"https:\/\/ismfrance.org\/index.php\/2023\/12\/11\/genocide-a-gaza-des-civils-tues-et-deplaces-en-masse-des-maladies-infectieuses-nous-approchons-du-point-de-non-retour\/#primaryimage","url":"https:\/\/ismfrance.org\/wp-content\/uploads\/2023\/12\/jabalia-school.jpeg","contentUrl":"https:\/\/ismfrance.org\/wp-content\/uploads\/2023\/12\/jabalia-school.jpeg","width":1280,"height":720,"caption":"The IOF target displaced people inside a UNRWA school in Jabalia camp, north of the Gaza Strip."},{"@type":"BreadcrumbList","@id":"https:\/\/ismfrance.org\/index.php\/2023\/12\/11\/genocide-a-gaza-des-civils-tues-et-deplaces-en-masse-des-maladies-infectieuses-nous-approchons-du-point-de-non-retour\/#breadcrumb","itemListElement":[{"@type":"ListItem","position":1,"name":"Accueil","item":"https:\/\/ismfrance.org\/"},{"@type":"ListItem","position":2,"name":"G\u00e9nocide \u00e0 Gaza\u00a0: des civils tu\u00e9s et d\u00e9plac\u00e9s en masse, des maladies infectieuses &#8211; \u00ab Nous approchons du point de non-retour \u00bb"}]},{"@type":"WebSite","@id":"https:\/\/ismfrance.org\/#website","url":"https:\/\/ismfrance.org\/","name":"ISM Palestine France","description":"Soutien aux luttes de lib\u00e9ration du peuple palestinien","publisher":{"@id":"https:\/\/ismfrance.org\/#organization"},"potentialAction":[{"@type":"SearchAction","target":{"@type":"EntryPoint","urlTemplate":"https:\/\/ismfrance.org\/?s={search_term_string}"},"query-input":{"@type":"PropertyValueSpecification","valueRequired":true,"valueName":"search_term_string"}}],"inLanguage":"fr-FR"},{"@type":"Organization","@id":"https:\/\/ismfrance.org\/#organization","name":"International Solidarity Movement","url":"https:\/\/ismfrance.org\/","logo":{"@type":"ImageObject","inLanguage":"fr-FR","@id":"https:\/\/ismfrance.org\/#\/schema\/logo\/image\/","url":"https:\/\/ismfrance.org\/wp-content\/uploads\/2020\/12\/00.png","contentUrl":"https:\/\/ismfrance.org\/wp-content\/uploads\/2020\/12\/00.png","width":400,"height":400,"caption":"International Solidarity Movement"},"image":{"@id":"https:\/\/ismfrance.org\/#\/schema\/logo\/image\/"},"sameAs":["https:\/\/x.com\/ISMFRANCE"]},{"@type":"Person","@id":"https:\/\/ismfrance.org\/#\/schema\/person\/3c411eb72adfaae19c0dca1f41fae01d","name":"mru_01","image":{"@type":"ImageObject","inLanguage":"fr-FR","@id":"https:\/\/secure.gravatar.com\/avatar\/3a0be343b445d2ccc79e87444a294fad2b232e90d2051d0e3cc219e1ecd6a330?s=96&d=mm&r=g","url":"https:\/\/secure.gravatar.com\/avatar\/3a0be343b445d2ccc79e87444a294fad2b232e90d2051d0e3cc219e1ecd6a330?s=96&d=mm&r=g","contentUrl":"https:\/\/secure.gravatar.com\/avatar\/3a0be343b445d2ccc79e87444a294fad2b232e90d2051d0e3cc219e1ecd6a330?s=96&d=mm&r=g","caption":"mru_01"},"url":"https:\/\/ismfrance.org\/index.php\/author\/admin02\/"}]}},"_links":{"self":[{"href":"https:\/\/ismfrance.org\/index.php\/wp-json\/wp\/v2\/posts\/8192","targetHints":{"allow":["GET"]}}],"collection":[{"href":"https:\/\/ismfrance.org\/index.php\/wp-json\/wp\/v2\/posts"}],"about":[{"href":"https:\/\/ismfrance.org\/index.php\/wp-json\/wp\/v2\/types\/post"}],"author":[{"embeddable":true,"href":"https:\/\/ismfrance.org\/index.php\/wp-json\/wp\/v2\/users\/3"}],"replies":[{"embeddable":true,"href":"https:\/\/ismfrance.org\/index.php\/wp-json\/wp\/v2\/comments?post=8192"}],"version-history":[{"count":0,"href":"https:\/\/ismfrance.org\/index.php\/wp-json\/wp\/v2\/posts\/8192\/revisions"}],"wp:featuredmedia":[{"embeddable":true,"href":"https:\/\/ismfrance.org\/index.php\/wp-json\/wp\/v2\/media\/8202"}],"wp:attachment":[{"href":"https:\/\/ismfrance.org\/index.php\/wp-json\/wp\/v2\/media?parent=8192"}],"wp:term":[{"taxonomy":"category","embeddable":true,"href":"https:\/\/ismfrance.org\/index.php\/wp-json\/wp\/v2\/categories?post=8192"},{"taxonomy":"post_tag","embeddable":true,"href":"https:\/\/ismfrance.org\/index.php\/wp-json\/wp\/v2\/tags?post=8192"}],"curies":[{"name":"wp","href":"https:\/\/api.w.org\/{rel}","templated":true}]}}