{"id":8029,"date":"2023-12-05T08:40:36","date_gmt":"2023-12-05T07:40:36","guid":{"rendered":"https:\/\/ismfrance.org\/?p=8029"},"modified":"2023-12-05T08:42:28","modified_gmt":"2023-12-05T07:42:28","slug":"libres-dans-la-prison-de-gaza-projection-debat-jeudi-7-12-a-bordeaux","status":"publish","type":"post","link":"https:\/\/ismfrance.org\/index.php\/2023\/12\/05\/libres-dans-la-prison-de-gaza-projection-debat-jeudi-7-12-a-bordeaux\/","title":{"rendered":"\u00ab\u00a0Libres dans la prison de Gaza\u00a0\u00bb, projection-d\u00e9bat jeudi 7.12 \u00e0 Bordeaux"},"content":{"rendered":"<p>Exiger la lib\u00e9ration des milliers de prisonniers palestiniens, et de Georges Ibrahim Abdallah ici, c&rsquo;est d\u00e9noncer le sionisme partout o\u00f9 il s\u00e9vit, et soutenir le combat de la r\u00e9sistance jusqu\u2019\u00e0 la victoire de la libert\u00e9<a href=\"https:\/\/ismfrance.org\/wp-content\/uploads\/2023\/12\/bdx-prisonniers.jpeg\"><img loading=\"lazy\" decoding=\"async\" class=\"size-large wp-image-8030 aligncenter\" src=\"https:\/\/ismfrance.org\/wp-content\/uploads\/2023\/12\/bdx-prisonniers-502x700.jpeg\" alt=\"\" width=\"502\" height=\"700\" srcset=\"https:\/\/ismfrance.org\/wp-content\/uploads\/2023\/12\/bdx-prisonniers-502x700.jpeg 502w, https:\/\/ismfrance.org\/wp-content\/uploads\/2023\/12\/bdx-prisonniers-215x300.jpeg 215w, https:\/\/ismfrance.org\/wp-content\/uploads\/2023\/12\/bdx-prisonniers-768x1072.jpeg 768w, https:\/\/ismfrance.org\/wp-content\/uploads\/2023\/12\/bdx-prisonniers-1101x1536.jpeg 1101w, https:\/\/ismfrance.org\/wp-content\/uploads\/2023\/12\/bdx-prisonniers.jpeg 1170w\" sizes=\"auto, (max-width: 502px) 100vw, 502px\" \/><\/a><\/p>\n","protected":false},"excerpt":{"rendered":"<p>Exiger la lib\u00e9ration des milliers de prisonniers palestiniens, et de Georges Ibrahim Abdallah ici, c&rsquo;est d\u00e9noncer le sionisme partout o\u00f9 il s\u00e9vit, et soutenir le combat de la r\u00e9sistance jusqu\u2019\u00e0 <a class=\"more-link\" href=\"https:\/\/ismfrance.org\/index.php\/2023\/12\/05\/libres-dans-la-prison-de-gaza-projection-debat-jeudi-7-12-a-bordeaux\/\">Lire la suite &rarr;<\/a><\/p>\n","protected":false},"author":3,"featured_media":8030,"comment_status":"closed","ping_status":"closed","sticky":false,"template":"","format":"standard","meta":{"footnotes":""},"categories":[2,14],"tags":[44,21],"class_list":["post-8029","post","type-post","status-publish","format-standard","has-post-thumbnail","hentry","category-articles","category-communiques","tag-materiel-militant","tag-prisonniers"],"yoast_head":"<!-- This site is optimized with the Yoast SEO plugin v27.2 - https:\/\/yoast.com\/product\/yoast-seo-wordpress\/ -->\n<title>&quot;Libres dans la prison de Gaza&quot;, projection-d\u00e9bat jeudi 7.12 \u00e0 Bordeaux - International Solidarity Movement - ISM-France<\/title>\n<meta name=\"robots\" content=\"index, follow, max-snippet:-1, max-image-preview:large, max-video-preview:-1\" \/>\n<link rel=\"canonical\" href=\"https:\/\/ismfrance.org\/index.php\/2023\/12\/05\/libres-dans-la-prison-de-gaza-projection-debat-jeudi-7-12-a-bordeaux\/\" \/>\n<meta property=\"og:locale\" content=\"fr_FR\" \/>\n<meta property=\"og:type\" content=\"article\" \/>\n<meta property=\"og:title\" content=\"&quot;Libres dans la prison de Gaza&quot;, projection-d\u00e9bat jeudi 7.12 \u00e0 Bordeaux - International Solidarity Movement - ISM-France\" \/>\n<meta property=\"og:description\" content=\"Exiger la lib\u00e9ration des milliers de prisonniers palestiniens, et de Georges Ibrahim Abdallah ici, c&rsquo;est d\u00e9noncer le sionisme partout o\u00f9 il s\u00e9vit, et soutenir le combat de la r\u00e9sistance jusqu\u2019\u00e0 Lire la suite &rarr;\" \/>\n<meta property=\"og:url\" content=\"https:\/\/ismfrance.org\/index.php\/2023\/12\/05\/libres-dans-la-prison-de-gaza-projection-debat-jeudi-7-12-a-bordeaux\/\" \/>\n<meta property=\"og:site_name\" content=\"International Solidarity Movement - ISM-France\" \/>\n<meta property=\"article:published_time\" content=\"2023-12-05T07:40:36+00:00\" \/>\n<meta property=\"article:modified_time\" content=\"2023-12-05T07:42:28+00:00\" \/>\n<meta property=\"og:image\" content=\"https:\/\/ismfrance.org\/wp-content\/uploads\/2023\/12\/bdx-prisonniers.jpeg\" \/>\n\t<meta property=\"og:image:width\" content=\"1170\" \/>\n\t<meta property=\"og:image:height\" content=\"1633\" \/>\n\t<meta property=\"og:image:type\" content=\"image\/jpeg\" \/>\n<meta name=\"author\" content=\"mru_01\" \/>\n<meta name=\"twitter:card\" content=\"summary_large_image\" \/>\n<meta name=\"twitter:creator\" content=\"@ISMFRANCE\" \/>\n<meta name=\"twitter:site\" content=\"@ISMFRANCE\" \/>\n<meta name=\"twitter:label1\" content=\"\u00c9crit par\" \/>\n\t<meta name=\"twitter:data1\" content=\"mru_01\" \/>\n\t<meta name=\"twitter:label2\" content=\"Dur\u00e9e de lecture estim\u00e9e\" \/>\n\t<meta name=\"twitter:data2\" content=\"1 minute\" \/>\n<script type=\"application\/ld+json\" class=\"yoast-schema-graph\">{\"@context\":\"https:\/\/schema.org\",\"@graph\":[{\"@type\":\"Article\",\"@id\":\"https:\/\/ismfrance.org\/index.php\/2023\/12\/05\/libres-dans-la-prison-de-gaza-projection-debat-jeudi-7-12-a-bordeaux\/#article\",\"isPartOf\":{\"@id\":\"https:\/\/ismfrance.org\/index.php\/2023\/12\/05\/libres-dans-la-prison-de-gaza-projection-debat-jeudi-7-12-a-bordeaux\/\"},\"author\":{\"name\":\"mru_01\",\"@id\":\"https:\/\/ismfrance.org\/#\/schema\/person\/3c411eb72adfaae19c0dca1f41fae01d\"},\"headline\":\"\u00ab\u00a0Libres dans la prison de Gaza\u00a0\u00bb, projection-d\u00e9bat jeudi 7.12 \u00e0 Bordeaux\",\"datePublished\":\"2023-12-05T07:40:36+00:00\",\"dateModified\":\"2023-12-05T07:42:28+00:00\",\"mainEntityOfPage\":{\"@id\":\"https:\/\/ismfrance.org\/index.php\/2023\/12\/05\/libres-dans-la-prison-de-gaza-projection-debat-jeudi-7-12-a-bordeaux\/\"},\"wordCount\":50,\"publisher\":{\"@id\":\"https:\/\/ismfrance.org\/#organization\"},\"image\":{\"@id\":\"https:\/\/ismfrance.org\/index.php\/2023\/12\/05\/libres-dans-la-prison-de-gaza-projection-debat-jeudi-7-12-a-bordeaux\/#primaryimage\"},\"thumbnailUrl\":\"https:\/\/ismfrance.org\/wp-content\/uploads\/2023\/12\/bdx-prisonniers.jpeg\",\"keywords\":[\"mat\u00e9riel militant\",\"Prisonniers\"],\"articleSection\":[\"Articles\",\"Communiqu\u00e9s\"],\"inLanguage\":\"fr-FR\"},{\"@type\":\"WebPage\",\"@id\":\"https:\/\/ismfrance.org\/index.php\/2023\/12\/05\/libres-dans-la-prison-de-gaza-projection-debat-jeudi-7-12-a-bordeaux\/\",\"url\":\"https:\/\/ismfrance.org\/index.php\/2023\/12\/05\/libres-dans-la-prison-de-gaza-projection-debat-jeudi-7-12-a-bordeaux\/\",\"name\":\"\\\"Libres dans la prison de Gaza\\\", projection-d\u00e9bat jeudi 7.12 \u00e0 Bordeaux - International Solidarity Movement - ISM-France\",\"isPartOf\":{\"@id\":\"https:\/\/ismfrance.org\/#website\"},\"primaryImageOfPage\":{\"@id\":\"https:\/\/ismfrance.org\/index.php\/2023\/12\/05\/libres-dans-la-prison-de-gaza-projection-debat-jeudi-7-12-a-bordeaux\/#primaryimage\"},\"image\":{\"@id\":\"https:\/\/ismfrance.org\/index.php\/2023\/12\/05\/libres-dans-la-prison-de-gaza-projection-debat-jeudi-7-12-a-bordeaux\/#primaryimage\"},\"thumbnailUrl\":\"https:\/\/ismfrance.org\/wp-content\/uploads\/2023\/12\/bdx-prisonniers.jpeg\",\"datePublished\":\"2023-12-05T07:40:36+00:00\",\"dateModified\":\"2023-12-05T07:42:28+00:00\",\"breadcrumb\":{\"@id\":\"https:\/\/ismfrance.org\/index.php\/2023\/12\/05\/libres-dans-la-prison-de-gaza-projection-debat-jeudi-7-12-a-bordeaux\/#breadcrumb\"},\"inLanguage\":\"fr-FR\",\"potentialAction\":[{\"@type\":\"ReadAction\",\"target\":[\"https:\/\/ismfrance.org\/index.php\/2023\/12\/05\/libres-dans-la-prison-de-gaza-projection-debat-jeudi-7-12-a-bordeaux\/\"]}]},{\"@type\":\"ImageObject\",\"inLanguage\":\"fr-FR\",\"@id\":\"https:\/\/ismfrance.org\/index.php\/2023\/12\/05\/libres-dans-la-prison-de-gaza-projection-debat-jeudi-7-12-a-bordeaux\/#primaryimage\",\"url\":\"https:\/\/ismfrance.org\/wp-content\/uploads\/2023\/12\/bdx-prisonniers.jpeg\",\"contentUrl\":\"https:\/\/ismfrance.org\/wp-content\/uploads\/2023\/12\/bdx-prisonniers.jpeg\",\"width\":1170,\"height\":1633},{\"@type\":\"BreadcrumbList\",\"@id\":\"https:\/\/ismfrance.org\/index.php\/2023\/12\/05\/libres-dans-la-prison-de-gaza-projection-debat-jeudi-7-12-a-bordeaux\/#breadcrumb\",\"itemListElement\":[{\"@type\":\"ListItem\",\"position\":1,\"name\":\"Accueil\",\"item\":\"https:\/\/ismfrance.org\/\"},{\"@type\":\"ListItem\",\"position\":2,\"name\":\"&#8220;Libres dans la prison de Gaza&#8221;, projection-d\u00e9bat jeudi 7.12 \u00e0 Bordeaux\"}]},{\"@type\":\"WebSite\",\"@id\":\"https:\/\/ismfrance.org\/#website\",\"url\":\"https:\/\/ismfrance.org\/\",\"name\":\"ISM Palestine France\",\"description\":\"Soutien aux luttes de lib\u00e9ration du peuple palestinien\",\"publisher\":{\"@id\":\"https:\/\/ismfrance.org\/#organization\"},\"potentialAction\":[{\"@type\":\"SearchAction\",\"target\":{\"@type\":\"EntryPoint\",\"urlTemplate\":\"https:\/\/ismfrance.org\/?s={search_term_string}\"},\"query-input\":{\"@type\":\"PropertyValueSpecification\",\"valueRequired\":true,\"valueName\":\"search_term_string\"}}],\"inLanguage\":\"fr-FR\"},{\"@type\":\"Organization\",\"@id\":\"https:\/\/ismfrance.org\/#organization\",\"name\":\"International Solidarity Movement\",\"url\":\"https:\/\/ismfrance.org\/\",\"logo\":{\"@type\":\"ImageObject\",\"inLanguage\":\"fr-FR\",\"@id\":\"https:\/\/ismfrance.org\/#\/schema\/logo\/image\/\",\"url\":\"https:\/\/ismfrance.org\/wp-content\/uploads\/2020\/12\/00.png\",\"contentUrl\":\"https:\/\/ismfrance.org\/wp-content\/uploads\/2020\/12\/00.png\",\"width\":400,\"height\":400,\"caption\":\"International Solidarity Movement\"},\"image\":{\"@id\":\"https:\/\/ismfrance.org\/#\/schema\/logo\/image\/\"},\"sameAs\":[\"https:\/\/x.com\/ISMFRANCE\"]},{\"@type\":\"Person\",\"@id\":\"https:\/\/ismfrance.org\/#\/schema\/person\/3c411eb72adfaae19c0dca1f41fae01d\",\"name\":\"mru_01\",\"image\":{\"@type\":\"ImageObject\",\"inLanguage\":\"fr-FR\",\"@id\":\"https:\/\/secure.gravatar.com\/avatar\/3a0be343b445d2ccc79e87444a294fad2b232e90d2051d0e3cc219e1ecd6a330?s=96&d=mm&r=g\",\"url\":\"https:\/\/secure.gravatar.com\/avatar\/3a0be343b445d2ccc79e87444a294fad2b232e90d2051d0e3cc219e1ecd6a330?s=96&d=mm&r=g\",\"contentUrl\":\"https:\/\/secure.gravatar.com\/avatar\/3a0be343b445d2ccc79e87444a294fad2b232e90d2051d0e3cc219e1ecd6a330?s=96&d=mm&r=g\",\"caption\":\"mru_01\"},\"url\":\"https:\/\/ismfrance.org\/index.php\/author\/admin02\/\"}]}<\/script>\n<!-- \/ Yoast SEO plugin. -->","yoast_head_json":{"title":"\"Libres dans la prison de Gaza\", projection-d\u00e9bat jeudi 7.12 \u00e0 Bordeaux - International Solidarity Movement - ISM-France","robots":{"index":"index","follow":"follow","max-snippet":"max-snippet:-1","max-image-preview":"max-image-preview:large","max-video-preview":"max-video-preview:-1"},"canonical":"https:\/\/ismfrance.org\/index.php\/2023\/12\/05\/libres-dans-la-prison-de-gaza-projection-debat-jeudi-7-12-a-bordeaux\/","og_locale":"fr_FR","og_type":"article","og_title":"\"Libres dans la prison de Gaza\", projection-d\u00e9bat jeudi 7.12 \u00e0 Bordeaux - International Solidarity Movement - ISM-France","og_description":"Exiger la lib\u00e9ration des milliers de prisonniers palestiniens, et de Georges Ibrahim Abdallah ici, c&rsquo;est d\u00e9noncer le sionisme partout o\u00f9 il s\u00e9vit, et soutenir le combat de la r\u00e9sistance jusqu\u2019\u00e0 Lire la suite &rarr;","og_url":"https:\/\/ismfrance.org\/index.php\/2023\/12\/05\/libres-dans-la-prison-de-gaza-projection-debat-jeudi-7-12-a-bordeaux\/","og_site_name":"International Solidarity Movement - ISM-France","article_published_time":"2023-12-05T07:40:36+00:00","article_modified_time":"2023-12-05T07:42:28+00:00","og_image":[{"width":1170,"height":1633,"url":"https:\/\/ismfrance.org\/wp-content\/uploads\/2023\/12\/bdx-prisonniers.jpeg","type":"image\/jpeg"}],"author":"mru_01","twitter_card":"summary_large_image","twitter_creator":"@ISMFRANCE","twitter_site":"@ISMFRANCE","twitter_misc":{"\u00c9crit par":"mru_01","Dur\u00e9e de lecture estim\u00e9e":"1 minute"},"schema":{"@context":"https:\/\/schema.org","@graph":[{"@type":"Article","@id":"https:\/\/ismfrance.org\/index.php\/2023\/12\/05\/libres-dans-la-prison-de-gaza-projection-debat-jeudi-7-12-a-bordeaux\/#article","isPartOf":{"@id":"https:\/\/ismfrance.org\/index.php\/2023\/12\/05\/libres-dans-la-prison-de-gaza-projection-debat-jeudi-7-12-a-bordeaux\/"},"author":{"name":"mru_01","@id":"https:\/\/ismfrance.org\/#\/schema\/person\/3c411eb72adfaae19c0dca1f41fae01d"},"headline":"\u00ab\u00a0Libres dans la prison de Gaza\u00a0\u00bb, projection-d\u00e9bat jeudi 7.12 \u00e0 Bordeaux","datePublished":"2023-12-05T07:40:36+00:00","dateModified":"2023-12-05T07:42:28+00:00","mainEntityOfPage":{"@id":"https:\/\/ismfrance.org\/index.php\/2023\/12\/05\/libres-dans-la-prison-de-gaza-projection-debat-jeudi-7-12-a-bordeaux\/"},"wordCount":50,"publisher":{"@id":"https:\/\/ismfrance.org\/#organization"},"image":{"@id":"https:\/\/ismfrance.org\/index.php\/2023\/12\/05\/libres-dans-la-prison-de-gaza-projection-debat-jeudi-7-12-a-bordeaux\/#primaryimage"},"thumbnailUrl":"https:\/\/ismfrance.org\/wp-content\/uploads\/2023\/12\/bdx-prisonniers.jpeg","keywords":["mat\u00e9riel militant","Prisonniers"],"articleSection":["Articles","Communiqu\u00e9s"],"inLanguage":"fr-FR"},{"@type":"WebPage","@id":"https:\/\/ismfrance.org\/index.php\/2023\/12\/05\/libres-dans-la-prison-de-gaza-projection-debat-jeudi-7-12-a-bordeaux\/","url":"https:\/\/ismfrance.org\/index.php\/2023\/12\/05\/libres-dans-la-prison-de-gaza-projection-debat-jeudi-7-12-a-bordeaux\/","name":"\"Libres dans la prison de Gaza\", projection-d\u00e9bat jeudi 7.12 \u00e0 Bordeaux - International Solidarity Movement - ISM-France","isPartOf":{"@id":"https:\/\/ismfrance.org\/#website"},"primaryImageOfPage":{"@id":"https:\/\/ismfrance.org\/index.php\/2023\/12\/05\/libres-dans-la-prison-de-gaza-projection-debat-jeudi-7-12-a-bordeaux\/#primaryimage"},"image":{"@id":"https:\/\/ismfrance.org\/index.php\/2023\/12\/05\/libres-dans-la-prison-de-gaza-projection-debat-jeudi-7-12-a-bordeaux\/#primaryimage"},"thumbnailUrl":"https:\/\/ismfrance.org\/wp-content\/uploads\/2023\/12\/bdx-prisonniers.jpeg","datePublished":"2023-12-05T07:40:36+00:00","dateModified":"2023-12-05T07:42:28+00:00","breadcrumb":{"@id":"https:\/\/ismfrance.org\/index.php\/2023\/12\/05\/libres-dans-la-prison-de-gaza-projection-debat-jeudi-7-12-a-bordeaux\/#breadcrumb"},"inLanguage":"fr-FR","potentialAction":[{"@type":"ReadAction","target":["https:\/\/ismfrance.org\/index.php\/2023\/12\/05\/libres-dans-la-prison-de-gaza-projection-debat-jeudi-7-12-a-bordeaux\/"]}]},{"@type":"ImageObject","inLanguage":"fr-FR","@id":"https:\/\/ismfrance.org\/index.php\/2023\/12\/05\/libres-dans-la-prison-de-gaza-projection-debat-jeudi-7-12-a-bordeaux\/#primaryimage","url":"https:\/\/ismfrance.org\/wp-content\/uploads\/2023\/12\/bdx-prisonniers.jpeg","contentUrl":"https:\/\/ismfrance.org\/wp-content\/uploads\/2023\/12\/bdx-prisonniers.jpeg","width":1170,"height":1633},{"@type":"BreadcrumbList","@id":"https:\/\/ismfrance.org\/index.php\/2023\/12\/05\/libres-dans-la-prison-de-gaza-projection-debat-jeudi-7-12-a-bordeaux\/#breadcrumb","itemListElement":[{"@type":"ListItem","position":1,"name":"Accueil","item":"https:\/\/ismfrance.org\/"},{"@type":"ListItem","position":2,"name":"&#8220;Libres dans la prison de Gaza&#8221;, projection-d\u00e9bat jeudi 7.12 \u00e0 Bordeaux"}]},{"@type":"WebSite","@id":"https:\/\/ismfrance.org\/#website","url":"https:\/\/ismfrance.org\/","name":"ISM Palestine France","description":"Soutien aux luttes de lib\u00e9ration du peuple palestinien","publisher":{"@id":"https:\/\/ismfrance.org\/#organization"},"potentialAction":[{"@type":"SearchAction","target":{"@type":"EntryPoint","urlTemplate":"https:\/\/ismfrance.org\/?s={search_term_string}"},"query-input":{"@type":"PropertyValueSpecification","valueRequired":true,"valueName":"search_term_string"}}],"inLanguage":"fr-FR"},{"@type":"Organization","@id":"https:\/\/ismfrance.org\/#organization","name":"International Solidarity Movement","url":"https:\/\/ismfrance.org\/","logo":{"@type":"ImageObject","inLanguage":"fr-FR","@id":"https:\/\/ismfrance.org\/#\/schema\/logo\/image\/","url":"https:\/\/ismfrance.org\/wp-content\/uploads\/2020\/12\/00.png","contentUrl":"https:\/\/ismfrance.org\/wp-content\/uploads\/2020\/12\/00.png","width":400,"height":400,"caption":"International Solidarity Movement"},"image":{"@id":"https:\/\/ismfrance.org\/#\/schema\/logo\/image\/"},"sameAs":["https:\/\/x.com\/ISMFRANCE"]},{"@type":"Person","@id":"https:\/\/ismfrance.org\/#\/schema\/person\/3c411eb72adfaae19c0dca1f41fae01d","name":"mru_01","image":{"@type":"ImageObject","inLanguage":"fr-FR","@id":"https:\/\/secure.gravatar.com\/avatar\/3a0be343b445d2ccc79e87444a294fad2b232e90d2051d0e3cc219e1ecd6a330?s=96&d=mm&r=g","url":"https:\/\/secure.gravatar.com\/avatar\/3a0be343b445d2ccc79e87444a294fad2b232e90d2051d0e3cc219e1ecd6a330?s=96&d=mm&r=g","contentUrl":"https:\/\/secure.gravatar.com\/avatar\/3a0be343b445d2ccc79e87444a294fad2b232e90d2051d0e3cc219e1ecd6a330?s=96&d=mm&r=g","caption":"mru_01"},"url":"https:\/\/ismfrance.org\/index.php\/author\/admin02\/"}]}},"_links":{"self":[{"href":"https:\/\/ismfrance.org\/index.php\/wp-json\/wp\/v2\/posts\/8029","targetHints":{"allow":["GET"]}}],"collection":[{"href":"https:\/\/ismfrance.org\/index.php\/wp-json\/wp\/v2\/posts"}],"about":[{"href":"https:\/\/ismfrance.org\/index.php\/wp-json\/wp\/v2\/types\/post"}],"author":[{"embeddable":true,"href":"https:\/\/ismfrance.org\/index.php\/wp-json\/wp\/v2\/users\/3"}],"replies":[{"embeddable":true,"href":"https:\/\/ismfrance.org\/index.php\/wp-json\/wp\/v2\/comments?post=8029"}],"version-history":[{"count":0,"href":"https:\/\/ismfrance.org\/index.php\/wp-json\/wp\/v2\/posts\/8029\/revisions"}],"wp:featuredmedia":[{"embeddable":true,"href":"https:\/\/ismfrance.org\/index.php\/wp-json\/wp\/v2\/media\/8030"}],"wp:attachment":[{"href":"https:\/\/ismfrance.org\/index.php\/wp-json\/wp\/v2\/media?parent=8029"}],"wp:term":[{"taxonomy":"category","embeddable":true,"href":"https:\/\/ismfrance.org\/index.php\/wp-json\/wp\/v2\/categories?post=8029"},{"taxonomy":"post_tag","embeddable":true,"href":"https:\/\/ismfrance.org\/index.php\/wp-json\/wp\/v2\/tags?post=8029"}],"curies":[{"name":"wp","href":"https:\/\/api.w.org\/{rel}","templated":true}]}}