{"id":7806,"date":"2023-11-28T11:07:29","date_gmt":"2023-11-28T10:07:29","guid":{"rendered":"https:\/\/ismfrance.org\/?p=7806"},"modified":"2023-11-28T11:31:51","modified_gmt":"2023-11-28T10:31:51","slug":"jour-50-operation-deluge-dal-aqsa-dans-la-ville-de-jerusalem","status":"publish","type":"post","link":"https:\/\/ismfrance.org\/index.php\/2023\/11\/28\/jour-50-operation-deluge-dal-aqsa-dans-la-ville-de-jerusalem\/","title":{"rendered":"Jour 50 : Op\u00e9ration D\u00e9luge d&rsquo;Al-Aqsa dans la ville de J\u00e9rusalem"},"content":{"rendered":"<p align=\"LEFT\"><span style=\"color: #000000;\"><span style=\"font-family: Arial, sans-serif;\"><span style=\"font-size: small;\"><strong>Silwanic, 25 novembre 2023.<\/strong> Au 50e jour de l\u2019op\u00e9ration \u00ab D\u00e9luge d\u2019Al-Aqsa \u00bb, le deuxi\u00e8me \u00e9change de prisonniers a eu lieu entre Isra\u00ebl et le Hamas, et on a appris le martyre du prisonnier lib\u00e9r\u00e9 d\u00e9port\u00e9 vers la bande de Gaza, Mohammad Hamada, porte-parole du Mouvement Islamique, dans un bombardement isra\u00e9lien. La municipalit\u00e9 a forc\u00e9 un citoyen j\u00e9rusal\u00e9mite \u00e0 auto-d\u00e9molir sa maison, tandis que les forces poursuivaient le si\u00e8ge impos\u00e9 \u00e0 la mosqu\u00e9e Al-Aqsa et que les raids contre les villes de J\u00e9rusalem se poursuivaient.<\/span><\/span><\/span><\/p>\n<div id=\"attachment_7808\" style=\"width: 610px\" class=\"wp-caption aligncenter\"><a href=\"https:\/\/ismfrance.org\/wp-content\/uploads\/2023\/11\/israa-jaabis.jpg\"><img loading=\"lazy\" decoding=\"async\" aria-describedby=\"caption-attachment-7808\" class=\"size-large wp-image-7808\" src=\"https:\/\/ismfrance.org\/wp-content\/uploads\/2023\/11\/israa-jaabis-700x395.jpg\" alt=\"\" width=\"600\" height=\"339\" srcset=\"https:\/\/ismfrance.org\/wp-content\/uploads\/2023\/11\/israa-jaabis-700x395.jpg 700w, https:\/\/ismfrance.org\/wp-content\/uploads\/2023\/11\/israa-jaabis-300x169.jpg 300w, https:\/\/ismfrance.org\/wp-content\/uploads\/2023\/11\/israa-jaabis-768x433.jpg 768w, https:\/\/ismfrance.org\/wp-content\/uploads\/2023\/11\/israa-jaabis.jpg 886w\" sizes=\"auto, (max-width: 600px) 100vw, 600px\" \/><\/a><p id=\"caption-attachment-7808\" class=\"wp-caption-text\">Israa Ja&rsquo;abis retrouve sa famille.<\/p><\/div>\n<p align=\"LEFT\"><strong><span style=\"color: #000000;\"><span style=\"font-family: Arial, sans-serif;\"><span style=\"font-size: large;\">Un martyr de J\u00e9rusalem<\/span><\/span><\/span><\/strong><\/p>\n<p align=\"LEFT\"><span style=\"color: #000000;\"><span style=\"font-family: Arial, sans-serif;\"><span style=\"font-size: small;\">Le martyre du prisonnier lib\u00e9r\u00e9 et d\u00e9port\u00e9 de la ville de J\u00e9rusalem, <a href=\"https:\/\/english.palinfo.com\/reports\/2023\/11\/26\/82869\/\">Mohammad Ibrahim Hamada<\/a>, a \u00e9t\u00e9 annonc\u00e9 samedi soir suite \u00e0 un attentat \u00e0 la bombe sur la bande de Gaza jeudi soir.<\/span><\/span><\/span><\/p>\n<p align=\"LEFT\"><span style=\"color: #000000;\"><span style=\"font-family: Arial, sans-serif;\"><span style=\"font-size: small;\">La famille du martyr a expliqu\u00e9 au Centre d&rsquo;information Wadi Hilweh &#8211; J\u00e9rusalem, qu&rsquo;elle avait \u00e9t\u00e9 inform\u00e9e de la nouvelle du martyre de leur fils.<\/span><\/span><\/span><\/p>\n<p align=\"LEFT\"><span style=\"color: #000000;\"><span style=\"font-family: Arial, sans-serif;\"><span style=\"font-size: small;\">La famille a ajout\u00e9 que leur fils Mohammad avait \u00e9t\u00e9 arr\u00eat\u00e9 en ao\u00fbt 1997 et condamn\u00e9 \u00e0 28 ans de prison, dont 14 ans. Il a \u00e9t\u00e9 lib\u00e9r\u00e9 dans le cadre d\u2019un accord d\u2019\u00e9change de prisonniers en 2011 et expuls\u00e9 vers la bande de Gaza.<\/span><\/span><\/span><\/p>\n<p align=\"LEFT\"><span style=\"color: #000000;\"><span style=\"font-family: Arial, sans-serif;\"><span style=\"font-size: small;\">La famille a indiqu\u00e9 que leur fils est mari\u00e9 et p\u00e8re de 4 enfants.<\/span><\/span><\/span><\/p>\n<p align=\"LEFT\"><span style=\"color: #000000;\"><span style=\"font-family: Arial, sans-serif;\"><span style=\"font-size: small;\">Les forces ont pris d&rsquo;assaut la maison de la famille du martyr dans le village de Sur Baher, les ont emp\u00each\u00e9s d&rsquo;installer une tente fun\u00e9raire et ont exig\u00e9 qu&rsquo;elles la d\u00e9montent et enl\u00e8vent les chaises.<\/span><\/span><\/span><\/p>\n<p align=\"LEFT\"><strong><span style=\"color: #000000;\"><span style=\"font-family: Arial, sans-serif;\"><span style=\"font-size: large;\">Le deuxi\u00e8me contingent de l&rsquo;accord<\/span><\/span><\/span><\/strong><\/p>\n<p align=\"LEFT\"><span style=\"color: #000000;\"><span style=\"font-family: Arial, sans-serif;\"><span style=\"font-size: small;\">Au deuxi\u00e8me jour de la \u00ab tr\u00eave humanitaire \u00bb, les autorit\u00e9s d\u2019occupation ont lib\u00e9r\u00e9 39 prisonniers palestiniens (6 prisonni\u00e8res et 33 enfants), tandis que les Brigades Al-Qassam ont lib\u00e9r\u00e9 13 Isra\u00e9liens et 4 \u00e9trangers.<\/span><\/span><\/span><\/p>\n<p align=\"LEFT\"><span style=\"color: #000000;\"><span style=\"font-family: Arial, sans-serif;\"><span style=\"font-size: small;\">Le <i>Centre d&rsquo;information Wadi Hilweh &#8211; J\u00e9rusalem<\/i> a expliqu\u00e9 que les autorit\u00e9s d&rsquo;occupation ont lib\u00e9r\u00e9 aujourd&rsquo;hui les prisonni\u00e8res : <\/span><\/span><\/span><\/p>\n<p align=\"LEFT\"><span style=\"color: #000000;\"><span style=\"font-family: Arial, sans-serif;\"><span style=\"font-size: small;\">Shorouq Dwayyat, condamn\u00e9e \u00e0 16 ans de prison et arr\u00eat\u00e9e en 2015, <\/span><\/span><\/span><\/p>\n<p align=\"LEFT\"><span style=\"color: #000000;\"><span style=\"font-family: Arial, sans-serif;\"><span style=\"font-size: small;\">Aisha Al-Afghani, condamn\u00e9e \u00e0 14 ans de prison et arr\u00eat\u00e9e en 2016, <\/span><\/span><\/span><\/p>\n<p align=\"LEFT\"><span style=\"color: #000000;\"><span style=\"font-family: Arial, sans-serif;\"><span style=\"font-size: small;\">Israa Ja&rsquo;abis, condamn\u00e9e \u00e0 11 ans de prison et arr\u00eat\u00e9e en 2015, <\/span><\/span><\/span><\/p>\n<p align=\"LEFT\"><span style=\"color: #000000;\"><span style=\"font-family: Arial, sans-serif;\"><span style=\"font-size: small;\">Fadwa Hamada, condamn\u00e9e \u00e0 10 ans de prison et arr\u00eat\u00e9e en 2017, <\/span><\/span><\/span><\/p>\n<p align=\"LEFT\"><span style=\"color: #000000;\"><span style=\"font-family: Arial, sans-serif;\"><span style=\"font-size: small;\">Nourhan Awad, condamn\u00e9e \u00e0 10 ans de prison et arr\u00eat\u00e9e en 2016, <\/span><\/span><\/span><\/p>\n<p align=\"LEFT\"><span style=\"color: #000000;\"><span style=\"font-family: Arial, sans-serif;\"><span style=\"font-size: small;\">Omar Shweiki, condamn\u00e9 \u00e0 26 mois de prison et arr\u00eat\u00e9 en 2021. (<a href=\"https:\/\/www.middleeastmonitor.com\/20231126-minor-freed-prisoner-omar-shweiki-welcomed-by-family-and-friends-in-silwan\/\">vid\u00e9o de sa lib\u00e9ration<\/a>)<\/span><\/span><\/span><\/p>\n<p align=\"LEFT\"><span style=\"color: #000000;\"><span style=\"font-family: Arial, sans-serif;\"><span style=\"font-size: small;\">Le v\u00e9hicule des renseignements les emm\u00e8ne chez eux d&rsquo;Al-Damon \u00e0 Al-Maskobyeh.<\/span><\/span><\/span><\/p>\n<p align=\"LEFT\"><span style=\"color: #000000;\"><span style=\"font-family: Arial, sans-serif;\"><span style=\"font-size: small;\">Comme le premier jour de l&rsquo;accord d&rsquo;\u00e9change, les prisonniers ont \u00e9t\u00e9 transf\u00e9r\u00e9s \u00e0 la prison d&rsquo;Al-Maskobyeh et y ont \u00e9t\u00e9 d\u00e9tenus jusqu&rsquo;\u00e0 minuit.<\/span><\/span><\/span><\/p>\n<p align=\"LEFT\"><span style=\"color: #000000;\"><span style=\"font-family: Arial, sans-serif;\"><span style=\"font-size: small;\">Les prisonni\u00e8res lib\u00e9r\u00e9es ont expliqu\u00e9 qu&rsquo;elles avaient \u00e9t\u00e9 transf\u00e9r\u00e9es de la prison d&rsquo;Al-Damon \u00e0 Al-Maskobyeh et qu&rsquo;elles \u00e9taient rest\u00e9es entre les pi\u00e8ces et la salle d&rsquo;attente.<\/span><\/span><\/span><\/p>\n<p align=\"LEFT\"><span style=\"color: #000000;\"><span style=\"font-family: Arial, sans-serif;\"><span style=\"font-size: small;\">Les familles ont expliqu\u00e9 au <i>Centre d&rsquo;information Wadi Hilweh &#8211; J\u00e9rusalem<\/i>, qu\u00a0&lsquo;elles ont re\u00e7u un appel des services de renseignement dans l&rsquo;apr\u00e8s-midi de samedi, leur demandant de se rendre au centre, \u00ab Salle 4 \u00bb pour enqu\u00eate, \u00ab une personne de chaque famille, \u00bb et d&rsquo;apporter sa pi\u00e8ce d&rsquo;identit\u00e9 et son t\u00e9l\u00e9phone portable.<\/span><\/span><\/span><\/p>\n<p align=\"LEFT\"><span style=\"color: #000000;\"><span style=\"font-family: Arial, sans-serif;\"><span style=\"font-size: small;\">Une fois au centre d&rsquo;enqu\u00eate, les autorit\u00e9s d&rsquo;occupation avaient saisi leurs identit\u00e9s et leurs t\u00e9l\u00e9phones portables, et les avaient inform\u00e9es que les prisonni\u00e8res et le prisonnier Shweiki seraient lib\u00e9r\u00e9s, sous conditions de \u00ab ne pas organiser \u00bb de c\u00e9l\u00e9brations ou de rassemblements dans les rues et devant les maisons, et de ne pas \u00ab brandir de drapeaux et de banderoles ni tirer des feux d\u2019artifice \u00bb.<\/span><\/span><\/span><\/p>\n<p align=\"LEFT\"><span style=\"color: #000000;\"><span style=\"font-family: Arial, sans-serif;\"><span style=\"font-size: small;\">Les familles ont ajout\u00e9 qu&rsquo;apr\u00e8s interrogatoire, ils ont tous \u00e9t\u00e9 d\u00e9tenus ensemble de midi \u00e0 minuit. Quelques minutes avant minuit, chaque personne a \u00e9t\u00e9 transf\u00e9r\u00e9e dans un v\u00e9hicule de renseignement priv\u00e9 et contrainte de s&rsquo;asseoir \u00e0 bord. En quelques minutes, les prisonni\u00e8res et le gar\u00e7on ont \u00e9t\u00e9 transf\u00e9r\u00e9s dans les v\u00e9hicules et chaque famille a \u00e9t\u00e9 conduite \u00e0 la porte de sa maison.<\/span><\/span><\/span><\/p>\n<p align=\"LEFT\"><span style=\"color: #000000;\"><span style=\"font-family: Arial, sans-serif;\"><span style=\"font-size: small;\">Dans le v\u00e9hicule des renseignements, les familles ont expliqu\u00e9 qu&rsquo;elles n&rsquo;avaient pas \u00e9t\u00e9 autoris\u00e9es \u00e0 serrer dans leurs bras les lib\u00e9r\u00e9es et qu&rsquo;elles n&rsquo;\u00e9taient pas non plus autoris\u00e9es \u00e0 se parler.<\/span><\/span><\/span><\/p>\n<p align=\"LEFT\"><span style=\"color: #000000;\"><span style=\"font-family: Arial, sans-serif;\"><span style=\"font-size: small;\">Le centre a soulign\u00e9 que les services de renseignement se tenaient \u00e0 la porte de chaque prisonnier apr\u00e8s son retour chez lui, obligeaient les membres de la famille \u00e0 entrer imm\u00e9diatement dans les maisons et pointaient leurs armes partout.<\/span><\/span><\/span><\/p>\n<p align=\"LEFT\"><span style=\"color: #000000;\"><span style=\"font-family: Arial, sans-serif;\"><span style=\"font-size: small;\">Le centre a soulign\u00e9 que les services de renseignement ont convoqu\u00e9 le p\u00e8re de la prisonni\u00e8re, Nufouth Hammad, et le p\u00e8re d&rsquo;un autre gar\u00e7on de J\u00e9rusalem, et qu&rsquo;apr\u00e8s des heures de d\u00e9tention, ils ont \u00e9t\u00e9 lib\u00e9r\u00e9s sans que leurs enfants le soient.<\/span><\/span><\/span><\/p>\n<p align=\"LEFT\"><span style=\"color: #000000;\"><span style=\"font-family: Arial, sans-serif;\"><span style=\"font-size: small;\"><strong><span style=\"font-size: large;\">Conditions tr\u00e8s dures dans les prisons<\/span><\/strong><\/span><\/span><\/span><\/p>\n<p align=\"LEFT\"><span style=\"color: #000000;\"><span style=\"font-family: Arial, sans-serif;\"><span style=\"font-size: small;\">Les prisonni\u00e8res et le prisonnier Omar Shweiki ont parl\u00e9 des conditions tr\u00e8s dures dans les prisons, surtout depuis le 7 octobre dernier, et les anciennes prisonni\u00e8res ont confirm\u00e9 que ces jours sont les plus difficiles et les plus cruels en mati\u00e8re de captivit\u00e9\u00a0: r\u00e9pression, jets de gaz, confiscation de tous les v\u00eatements, des couvertures, des appareils \u00e9lectriques, des chaussures et d&rsquo;un grand nombre de prisonniers \u00e0 l&rsquo;int\u00e9rieur des cellules, emp\u00eachant les avocats de leur rendre visite, mises en isolement.<\/span><\/span><\/span><\/p>\n<p align=\"LEFT\"><span style=\"color: #000000;\"><span style=\"font-family: Arial, sans-serif;\"><span style=\"font-size: small;\"><strong><span style=\"font-size: large;\">Prise d\u2019assaut de la maison de la famille Ja\u2019abis<\/span><\/strong><\/span><\/span><\/span><\/p>\n<p align=\"LEFT\"><span style=\"color: #000000;\"><span style=\"font-family: Arial, sans-serif;\"><span style=\"font-size: small;\">Les forces d&rsquo;occupation ont pris d&rsquo;assaut la maison de la famille Ja&rsquo;abis \u00e0 deux reprises\u00a0; la premi\u00e8re fois, elles ont pris d&rsquo;assaut la maison de son fr\u00e8re \u00e0 Jabal Al-Mukabber, et elles ont demand\u00e9 \u00e0 toutes les personnes pr\u00e9sentes de d\u00e9m\u00e9nager dans la maison familiale dans le quartier d&rsquo;Al-Muruj de la ville. Apr\u00e8s que la famille se soit rendue l\u00e0-bas, les forces ont pris d\u2019assaut les lieux en grand nombre et l\u2019ont compl\u00e8tement encercl\u00e9, puis l\u2019ont \u00e9vacu\u00e9 de force apr\u00e8s avoir attaqu\u00e9 toutes les personnes pr\u00e9sentes, parmi lesquelles se trouvaient les parents de la prisonni\u00e8re Israa Ja\u2019abis.<\/span><\/span><\/span><\/p>\n<p align=\"LEFT\"><span style=\"color: #000000;\"><span style=\"font-family: Arial, sans-serif;\"><span style=\"font-size: small;\">Les forces de l&rsquo;ordre ont \u00e9galement attaqu\u00e9 des \u00e9quipes de presse, les ont \u00e9vacu\u00e9es des lieux, en ont d\u00e9tenu certaines dans les v\u00e9hicules de presse pour les emp\u00eacher de filmer.<\/span><\/span><\/span><\/p>\n<p align=\"LEFT\"><span style=\"color: #000000;\"><span style=\"font-family: Arial, sans-serif;\"><span style=\"font-size: small;\"><strong><span style=\"font-size: large;\">Auto-d\u00e9molition<\/span><\/strong><\/span><\/span><\/span><\/p>\n<p align=\"LEFT\"><span style=\"color: #000000;\"><span style=\"font-family: Arial, sans-serif;\"><span style=\"font-size: small;\">La municipalit\u00e9 d&rsquo;occupation a forc\u00e9 le J\u00e9rusalemite Rami Al-Zeer \u00e0 d\u00e9molir lui-m\u00eame sa maison dans le quartier de Jabal Al-Mukabber, au sud de J\u00e9rusalem.<\/span><\/span><\/span><\/p>\n<p align=\"LEFT\"><span style=\"color: #000000;\"><span style=\"font-family: Arial, sans-serif;\"><span style=\"font-size: small;\">Al-Zeer a expliqu\u00e9 que la maison a une superficie de 80 m\u00e8tres carr\u00e9s et que depuis l&rsquo;ann\u00e9e derni\u00e8re, la municipalit\u00e9 l&rsquo;a poursuivi jusqu&rsquo;\u00e0 ce qu&rsquo;il y a un mois et demi, elle ait rendu la d\u00e9cision finale de d\u00e9molition. Il a d\u00e9clar\u00e9 : \u00ab J\u2019ai \u00e9t\u00e9 oblig\u00e9 de le d\u00e9molir moi-m\u00eame pour \u00e9viter de payer des amendes. \u00bb<\/span><\/span><\/span><\/p>\n<p align=\"LEFT\"><span style=\"color: #000000;\"><span style=\"font-family: Arial, sans-serif;\"><span style=\"font-size: small;\">La municipalit\u00e9 a \u00e9galement contraint Al-Zeer \u00e0 d\u00e9molir un entrep\u00f4t sur son terrain.<\/span><\/span><\/span><\/p>\n<p align=\"LEFT\"><span style=\"color: #000000;\"><span style=\"font-family: Arial, sans-serif;\"><span style=\"font-size: small;\"><strong><span style=\"font-size: large;\">Poursuite du si\u00e8ge d&rsquo;Al-Aqsa<\/span><\/strong><\/span><\/span><\/span><\/p>\n<p align=\"LEFT\"><span style=\"color: #000000;\"><span style=\"font-family: Arial, sans-serif;\"><span style=\"font-size: small;\">Les autorit\u00e9s d&rsquo;occupation ont continu\u00e9 d&rsquo;imposer le si\u00e8ge de la mosqu\u00e9e Al-Aqsa, en interdisant l&rsquo;acc\u00e8s \u00e0 l&rsquo;exception des employ\u00e9s des Fondations islamiques et des personnes \u00e2g\u00e9es, dont la plupart sont des r\u00e9sidents de la vieille ville.<\/span><\/span><\/span><\/p>\n<p align=\"LEFT\"><span style=\"color: #000000;\"><span style=\"font-family: Arial, sans-serif;\"><span style=\"font-size: small;\">Les forces continuent \u00e9galement de se d\u00e9ployer et de se stationner aux portes d\u2019Al-Aqsa et sur les rues qui y m\u00e8nent.<\/span><\/span><\/span><\/p>\n<p align=\"LEFT\"><span style=\"color: #000000;\"><span style=\"font-family: Arial, sans-serif;\"><span style=\"font-size: small;\">Les forces continuent d&rsquo;\u00eatre stationn\u00e9es aux portes de la vieille ville, arr\u00eatant ceux qui y arrivent, examinant leur identit\u00e9 et menant des enqu\u00eates sur eux.<\/span><\/span><\/span><\/p>\n<p align=\"LEFT\"><span style=\"color: #000000;\"><span style=\"font-family: Arial, sans-serif;\"><span style=\"font-size: small;\">Les forces ont \u00e9galement continu\u00e9 \u00e0 prendre d\u2019assaut les quartiers de J\u00e9rusalem.<\/span><\/span><\/span><\/p>\n<pre><span style=\"color: #000000;\"><span style=\"font-family: Arial, sans-serif;\"><span style=\"font-size: small;\"><i>Article original en anglais sur <a href=\"https:\/\/www.silwanic.net\/article\/news\/79161\/day-50-al-aqsa-flood-operation-in-the-city-of-jerusalem\">The Wadi Hilweh Information Center<\/a> \/ Traduction MR<\/i><\/span><\/span><\/span><\/pre>\n<p align=\"LEFT\"><strong><span style=\"color: #000000;\"><span style=\"font-family: Arial, sans-serif;\"><span style=\"font-size: small;\">Voir de nombreuses photos des prisonni\u00e8res lib\u00e9r\u00e9es <a href=\"https:\/\/www.silwanic.net\/article\/news\/79161\/day-50-al-aqsa-flood-operation-in-the-city-of-jerusalem\">ici<\/a><\/span><\/span><\/span><\/strong><\/p>\n","protected":false},"excerpt":{"rendered":"<p>Silwanic, 25 novembre 2023. Au 50e jour de l\u2019op\u00e9ration \u00ab D\u00e9luge d\u2019Al-Aqsa \u00bb, le deuxi\u00e8me \u00e9change de prisonniers a eu lieu entre Isra\u00ebl et le Hamas, et on a appris <a class=\"more-link\" href=\"https:\/\/ismfrance.org\/index.php\/2023\/11\/28\/jour-50-operation-deluge-dal-aqsa-dans-la-ville-de-jerusalem\/\">Lire la suite &rarr;<\/a><\/p>\n","protected":false},"author":3,"featured_media":7808,"comment_status":"closed","ping_status":"closed","sticky":false,"template":"","format":"standard","meta":{"footnotes":""},"categories":[2,14],"tags":[348,128,281],"class_list":["post-7806","post","type-post","status-publish","format-standard","has-post-thumbnail","hentry","category-articles","category-communiques","tag-7-octobre-2023","tag-demolition-de-maison","tag-echange-de-prisonniers"],"yoast_head":"<!-- This site is optimized with the Yoast SEO plugin v27.2 - https:\/\/yoast.com\/product\/yoast-seo-wordpress\/ -->\n<title>Jour 50 : Op\u00e9ration D\u00e9luge d&#039;Al-Aqsa dans la ville de J\u00e9rusalem - International Solidarity Movement - ISM-France<\/title>\n<meta name=\"robots\" content=\"index, follow, max-snippet:-1, max-image-preview:large, max-video-preview:-1\" \/>\n<link rel=\"canonical\" href=\"https:\/\/ismfrance.org\/index.php\/2023\/11\/28\/jour-50-operation-deluge-dal-aqsa-dans-la-ville-de-jerusalem\/\" \/>\n<meta property=\"og:locale\" content=\"fr_FR\" \/>\n<meta property=\"og:type\" content=\"article\" \/>\n<meta property=\"og:title\" content=\"Jour 50 : Op\u00e9ration D\u00e9luge d&#039;Al-Aqsa dans la ville de J\u00e9rusalem - International Solidarity Movement - ISM-France\" \/>\n<meta property=\"og:description\" content=\"Silwanic, 25 novembre 2023. Au 50e jour de l\u2019op\u00e9ration \u00ab D\u00e9luge d\u2019Al-Aqsa \u00bb, le deuxi\u00e8me \u00e9change de prisonniers a eu lieu entre Isra\u00ebl et le Hamas, et on a appris Lire la suite &rarr;\" \/>\n<meta property=\"og:url\" content=\"https:\/\/ismfrance.org\/index.php\/2023\/11\/28\/jour-50-operation-deluge-dal-aqsa-dans-la-ville-de-jerusalem\/\" \/>\n<meta property=\"og:site_name\" content=\"International Solidarity Movement - ISM-France\" \/>\n<meta property=\"article:published_time\" content=\"2023-11-28T10:07:29+00:00\" \/>\n<meta property=\"article:modified_time\" content=\"2023-11-28T10:31:51+00:00\" \/>\n<meta property=\"og:image\" content=\"https:\/\/ismfrance.org\/wp-content\/uploads\/2023\/11\/israa-jaabis.jpg\" \/>\n\t<meta property=\"og:image:width\" content=\"886\" \/>\n\t<meta property=\"og:image:height\" content=\"500\" \/>\n\t<meta property=\"og:image:type\" content=\"image\/jpeg\" \/>\n<meta name=\"author\" content=\"mru_01\" \/>\n<meta name=\"twitter:card\" content=\"summary_large_image\" \/>\n<meta name=\"twitter:creator\" content=\"@ISMFRANCE\" \/>\n<meta name=\"twitter:site\" content=\"@ISMFRANCE\" \/>\n<meta name=\"twitter:label1\" content=\"\u00c9crit par\" \/>\n\t<meta name=\"twitter:data1\" content=\"mru_01\" \/>\n\t<meta name=\"twitter:label2\" content=\"Dur\u00e9e de lecture estim\u00e9e\" \/>\n\t<meta name=\"twitter:data2\" content=\"7 minutes\" \/>\n<script type=\"application\/ld+json\" class=\"yoast-schema-graph\">{\"@context\":\"https:\/\/schema.org\",\"@graph\":[{\"@type\":\"Article\",\"@id\":\"https:\/\/ismfrance.org\/index.php\/2023\/11\/28\/jour-50-operation-deluge-dal-aqsa-dans-la-ville-de-jerusalem\/#article\",\"isPartOf\":{\"@id\":\"https:\/\/ismfrance.org\/index.php\/2023\/11\/28\/jour-50-operation-deluge-dal-aqsa-dans-la-ville-de-jerusalem\/\"},\"author\":{\"name\":\"mru_01\",\"@id\":\"https:\/\/ismfrance.org\/#\/schema\/person\/3c411eb72adfaae19c0dca1f41fae01d\"},\"headline\":\"Jour 50 : Op\u00e9ration D\u00e9luge d&rsquo;Al-Aqsa dans la ville de J\u00e9rusalem\",\"datePublished\":\"2023-11-28T10:07:29+00:00\",\"dateModified\":\"2023-11-28T10:31:51+00:00\",\"mainEntityOfPage\":{\"@id\":\"https:\/\/ismfrance.org\/index.php\/2023\/11\/28\/jour-50-operation-deluge-dal-aqsa-dans-la-ville-de-jerusalem\/\"},\"wordCount\":1344,\"publisher\":{\"@id\":\"https:\/\/ismfrance.org\/#organization\"},\"image\":{\"@id\":\"https:\/\/ismfrance.org\/index.php\/2023\/11\/28\/jour-50-operation-deluge-dal-aqsa-dans-la-ville-de-jerusalem\/#primaryimage\"},\"thumbnailUrl\":\"https:\/\/ismfrance.org\/wp-content\/uploads\/2023\/11\/israa-jaabis.jpg\",\"keywords\":[\"7 octobre 2023\",\"D\u00e9molition de maison\",\"\u00e9change de prisonniers\"],\"articleSection\":[\"Articles\",\"Communiqu\u00e9s\"],\"inLanguage\":\"fr-FR\"},{\"@type\":\"WebPage\",\"@id\":\"https:\/\/ismfrance.org\/index.php\/2023\/11\/28\/jour-50-operation-deluge-dal-aqsa-dans-la-ville-de-jerusalem\/\",\"url\":\"https:\/\/ismfrance.org\/index.php\/2023\/11\/28\/jour-50-operation-deluge-dal-aqsa-dans-la-ville-de-jerusalem\/\",\"name\":\"Jour 50 : Op\u00e9ration D\u00e9luge d'Al-Aqsa dans la ville de J\u00e9rusalem - International Solidarity Movement - ISM-France\",\"isPartOf\":{\"@id\":\"https:\/\/ismfrance.org\/#website\"},\"primaryImageOfPage\":{\"@id\":\"https:\/\/ismfrance.org\/index.php\/2023\/11\/28\/jour-50-operation-deluge-dal-aqsa-dans-la-ville-de-jerusalem\/#primaryimage\"},\"image\":{\"@id\":\"https:\/\/ismfrance.org\/index.php\/2023\/11\/28\/jour-50-operation-deluge-dal-aqsa-dans-la-ville-de-jerusalem\/#primaryimage\"},\"thumbnailUrl\":\"https:\/\/ismfrance.org\/wp-content\/uploads\/2023\/11\/israa-jaabis.jpg\",\"datePublished\":\"2023-11-28T10:07:29+00:00\",\"dateModified\":\"2023-11-28T10:31:51+00:00\",\"breadcrumb\":{\"@id\":\"https:\/\/ismfrance.org\/index.php\/2023\/11\/28\/jour-50-operation-deluge-dal-aqsa-dans-la-ville-de-jerusalem\/#breadcrumb\"},\"inLanguage\":\"fr-FR\",\"potentialAction\":[{\"@type\":\"ReadAction\",\"target\":[\"https:\/\/ismfrance.org\/index.php\/2023\/11\/28\/jour-50-operation-deluge-dal-aqsa-dans-la-ville-de-jerusalem\/\"]}]},{\"@type\":\"ImageObject\",\"inLanguage\":\"fr-FR\",\"@id\":\"https:\/\/ismfrance.org\/index.php\/2023\/11\/28\/jour-50-operation-deluge-dal-aqsa-dans-la-ville-de-jerusalem\/#primaryimage\",\"url\":\"https:\/\/ismfrance.org\/wp-content\/uploads\/2023\/11\/israa-jaabis.jpg\",\"contentUrl\":\"https:\/\/ismfrance.org\/wp-content\/uploads\/2023\/11\/israa-jaabis.jpg\",\"width\":886,\"height\":500,\"caption\":\"Israa Ja'abis retrouve sa famille.\"},{\"@type\":\"BreadcrumbList\",\"@id\":\"https:\/\/ismfrance.org\/index.php\/2023\/11\/28\/jour-50-operation-deluge-dal-aqsa-dans-la-ville-de-jerusalem\/#breadcrumb\",\"itemListElement\":[{\"@type\":\"ListItem\",\"position\":1,\"name\":\"Accueil\",\"item\":\"https:\/\/ismfrance.org\/\"},{\"@type\":\"ListItem\",\"position\":2,\"name\":\"Jour 50 : Op\u00e9ration D\u00e9luge d&#8217;Al-Aqsa dans la ville de J\u00e9rusalem\"}]},{\"@type\":\"WebSite\",\"@id\":\"https:\/\/ismfrance.org\/#website\",\"url\":\"https:\/\/ismfrance.org\/\",\"name\":\"ISM Palestine France\",\"description\":\"Soutien aux luttes de lib\u00e9ration du peuple palestinien\",\"publisher\":{\"@id\":\"https:\/\/ismfrance.org\/#organization\"},\"potentialAction\":[{\"@type\":\"SearchAction\",\"target\":{\"@type\":\"EntryPoint\",\"urlTemplate\":\"https:\/\/ismfrance.org\/?s={search_term_string}\"},\"query-input\":{\"@type\":\"PropertyValueSpecification\",\"valueRequired\":true,\"valueName\":\"search_term_string\"}}],\"inLanguage\":\"fr-FR\"},{\"@type\":\"Organization\",\"@id\":\"https:\/\/ismfrance.org\/#organization\",\"name\":\"International Solidarity Movement\",\"url\":\"https:\/\/ismfrance.org\/\",\"logo\":{\"@type\":\"ImageObject\",\"inLanguage\":\"fr-FR\",\"@id\":\"https:\/\/ismfrance.org\/#\/schema\/logo\/image\/\",\"url\":\"https:\/\/ismfrance.org\/wp-content\/uploads\/2020\/12\/00.png\",\"contentUrl\":\"https:\/\/ismfrance.org\/wp-content\/uploads\/2020\/12\/00.png\",\"width\":400,\"height\":400,\"caption\":\"International Solidarity Movement\"},\"image\":{\"@id\":\"https:\/\/ismfrance.org\/#\/schema\/logo\/image\/\"},\"sameAs\":[\"https:\/\/x.com\/ISMFRANCE\"]},{\"@type\":\"Person\",\"@id\":\"https:\/\/ismfrance.org\/#\/schema\/person\/3c411eb72adfaae19c0dca1f41fae01d\",\"name\":\"mru_01\",\"image\":{\"@type\":\"ImageObject\",\"inLanguage\":\"fr-FR\",\"@id\":\"https:\/\/secure.gravatar.com\/avatar\/3a0be343b445d2ccc79e87444a294fad2b232e90d2051d0e3cc219e1ecd6a330?s=96&d=mm&r=g\",\"url\":\"https:\/\/secure.gravatar.com\/avatar\/3a0be343b445d2ccc79e87444a294fad2b232e90d2051d0e3cc219e1ecd6a330?s=96&d=mm&r=g\",\"contentUrl\":\"https:\/\/secure.gravatar.com\/avatar\/3a0be343b445d2ccc79e87444a294fad2b232e90d2051d0e3cc219e1ecd6a330?s=96&d=mm&r=g\",\"caption\":\"mru_01\"},\"url\":\"https:\/\/ismfrance.org\/index.php\/author\/admin02\/\"}]}<\/script>\n<!-- \/ Yoast SEO plugin. -->","yoast_head_json":{"title":"Jour 50 : Op\u00e9ration D\u00e9luge d'Al-Aqsa dans la ville de J\u00e9rusalem - International Solidarity Movement - ISM-France","robots":{"index":"index","follow":"follow","max-snippet":"max-snippet:-1","max-image-preview":"max-image-preview:large","max-video-preview":"max-video-preview:-1"},"canonical":"https:\/\/ismfrance.org\/index.php\/2023\/11\/28\/jour-50-operation-deluge-dal-aqsa-dans-la-ville-de-jerusalem\/","og_locale":"fr_FR","og_type":"article","og_title":"Jour 50 : Op\u00e9ration D\u00e9luge d'Al-Aqsa dans la ville de J\u00e9rusalem - International Solidarity Movement - ISM-France","og_description":"Silwanic, 25 novembre 2023. Au 50e jour de l\u2019op\u00e9ration \u00ab D\u00e9luge d\u2019Al-Aqsa \u00bb, le deuxi\u00e8me \u00e9change de prisonniers a eu lieu entre Isra\u00ebl et le Hamas, et on a appris Lire la suite &rarr;","og_url":"https:\/\/ismfrance.org\/index.php\/2023\/11\/28\/jour-50-operation-deluge-dal-aqsa-dans-la-ville-de-jerusalem\/","og_site_name":"International Solidarity Movement - ISM-France","article_published_time":"2023-11-28T10:07:29+00:00","article_modified_time":"2023-11-28T10:31:51+00:00","og_image":[{"width":886,"height":500,"url":"https:\/\/ismfrance.org\/wp-content\/uploads\/2023\/11\/israa-jaabis.jpg","type":"image\/jpeg"}],"author":"mru_01","twitter_card":"summary_large_image","twitter_creator":"@ISMFRANCE","twitter_site":"@ISMFRANCE","twitter_misc":{"\u00c9crit par":"mru_01","Dur\u00e9e de lecture estim\u00e9e":"7 minutes"},"schema":{"@context":"https:\/\/schema.org","@graph":[{"@type":"Article","@id":"https:\/\/ismfrance.org\/index.php\/2023\/11\/28\/jour-50-operation-deluge-dal-aqsa-dans-la-ville-de-jerusalem\/#article","isPartOf":{"@id":"https:\/\/ismfrance.org\/index.php\/2023\/11\/28\/jour-50-operation-deluge-dal-aqsa-dans-la-ville-de-jerusalem\/"},"author":{"name":"mru_01","@id":"https:\/\/ismfrance.org\/#\/schema\/person\/3c411eb72adfaae19c0dca1f41fae01d"},"headline":"Jour 50 : Op\u00e9ration D\u00e9luge d&rsquo;Al-Aqsa dans la ville de J\u00e9rusalem","datePublished":"2023-11-28T10:07:29+00:00","dateModified":"2023-11-28T10:31:51+00:00","mainEntityOfPage":{"@id":"https:\/\/ismfrance.org\/index.php\/2023\/11\/28\/jour-50-operation-deluge-dal-aqsa-dans-la-ville-de-jerusalem\/"},"wordCount":1344,"publisher":{"@id":"https:\/\/ismfrance.org\/#organization"},"image":{"@id":"https:\/\/ismfrance.org\/index.php\/2023\/11\/28\/jour-50-operation-deluge-dal-aqsa-dans-la-ville-de-jerusalem\/#primaryimage"},"thumbnailUrl":"https:\/\/ismfrance.org\/wp-content\/uploads\/2023\/11\/israa-jaabis.jpg","keywords":["7 octobre 2023","D\u00e9molition de maison","\u00e9change de prisonniers"],"articleSection":["Articles","Communiqu\u00e9s"],"inLanguage":"fr-FR"},{"@type":"WebPage","@id":"https:\/\/ismfrance.org\/index.php\/2023\/11\/28\/jour-50-operation-deluge-dal-aqsa-dans-la-ville-de-jerusalem\/","url":"https:\/\/ismfrance.org\/index.php\/2023\/11\/28\/jour-50-operation-deluge-dal-aqsa-dans-la-ville-de-jerusalem\/","name":"Jour 50 : Op\u00e9ration D\u00e9luge d'Al-Aqsa dans la ville de J\u00e9rusalem - International Solidarity Movement - ISM-France","isPartOf":{"@id":"https:\/\/ismfrance.org\/#website"},"primaryImageOfPage":{"@id":"https:\/\/ismfrance.org\/index.php\/2023\/11\/28\/jour-50-operation-deluge-dal-aqsa-dans-la-ville-de-jerusalem\/#primaryimage"},"image":{"@id":"https:\/\/ismfrance.org\/index.php\/2023\/11\/28\/jour-50-operation-deluge-dal-aqsa-dans-la-ville-de-jerusalem\/#primaryimage"},"thumbnailUrl":"https:\/\/ismfrance.org\/wp-content\/uploads\/2023\/11\/israa-jaabis.jpg","datePublished":"2023-11-28T10:07:29+00:00","dateModified":"2023-11-28T10:31:51+00:00","breadcrumb":{"@id":"https:\/\/ismfrance.org\/index.php\/2023\/11\/28\/jour-50-operation-deluge-dal-aqsa-dans-la-ville-de-jerusalem\/#breadcrumb"},"inLanguage":"fr-FR","potentialAction":[{"@type":"ReadAction","target":["https:\/\/ismfrance.org\/index.php\/2023\/11\/28\/jour-50-operation-deluge-dal-aqsa-dans-la-ville-de-jerusalem\/"]}]},{"@type":"ImageObject","inLanguage":"fr-FR","@id":"https:\/\/ismfrance.org\/index.php\/2023\/11\/28\/jour-50-operation-deluge-dal-aqsa-dans-la-ville-de-jerusalem\/#primaryimage","url":"https:\/\/ismfrance.org\/wp-content\/uploads\/2023\/11\/israa-jaabis.jpg","contentUrl":"https:\/\/ismfrance.org\/wp-content\/uploads\/2023\/11\/israa-jaabis.jpg","width":886,"height":500,"caption":"Israa Ja'abis retrouve sa famille."},{"@type":"BreadcrumbList","@id":"https:\/\/ismfrance.org\/index.php\/2023\/11\/28\/jour-50-operation-deluge-dal-aqsa-dans-la-ville-de-jerusalem\/#breadcrumb","itemListElement":[{"@type":"ListItem","position":1,"name":"Accueil","item":"https:\/\/ismfrance.org\/"},{"@type":"ListItem","position":2,"name":"Jour 50 : Op\u00e9ration D\u00e9luge d&#8217;Al-Aqsa dans la ville de J\u00e9rusalem"}]},{"@type":"WebSite","@id":"https:\/\/ismfrance.org\/#website","url":"https:\/\/ismfrance.org\/","name":"ISM Palestine France","description":"Soutien aux luttes de lib\u00e9ration du peuple palestinien","publisher":{"@id":"https:\/\/ismfrance.org\/#organization"},"potentialAction":[{"@type":"SearchAction","target":{"@type":"EntryPoint","urlTemplate":"https:\/\/ismfrance.org\/?s={search_term_string}"},"query-input":{"@type":"PropertyValueSpecification","valueRequired":true,"valueName":"search_term_string"}}],"inLanguage":"fr-FR"},{"@type":"Organization","@id":"https:\/\/ismfrance.org\/#organization","name":"International Solidarity Movement","url":"https:\/\/ismfrance.org\/","logo":{"@type":"ImageObject","inLanguage":"fr-FR","@id":"https:\/\/ismfrance.org\/#\/schema\/logo\/image\/","url":"https:\/\/ismfrance.org\/wp-content\/uploads\/2020\/12\/00.png","contentUrl":"https:\/\/ismfrance.org\/wp-content\/uploads\/2020\/12\/00.png","width":400,"height":400,"caption":"International Solidarity Movement"},"image":{"@id":"https:\/\/ismfrance.org\/#\/schema\/logo\/image\/"},"sameAs":["https:\/\/x.com\/ISMFRANCE"]},{"@type":"Person","@id":"https:\/\/ismfrance.org\/#\/schema\/person\/3c411eb72adfaae19c0dca1f41fae01d","name":"mru_01","image":{"@type":"ImageObject","inLanguage":"fr-FR","@id":"https:\/\/secure.gravatar.com\/avatar\/3a0be343b445d2ccc79e87444a294fad2b232e90d2051d0e3cc219e1ecd6a330?s=96&d=mm&r=g","url":"https:\/\/secure.gravatar.com\/avatar\/3a0be343b445d2ccc79e87444a294fad2b232e90d2051d0e3cc219e1ecd6a330?s=96&d=mm&r=g","contentUrl":"https:\/\/secure.gravatar.com\/avatar\/3a0be343b445d2ccc79e87444a294fad2b232e90d2051d0e3cc219e1ecd6a330?s=96&d=mm&r=g","caption":"mru_01"},"url":"https:\/\/ismfrance.org\/index.php\/author\/admin02\/"}]}},"_links":{"self":[{"href":"https:\/\/ismfrance.org\/index.php\/wp-json\/wp\/v2\/posts\/7806","targetHints":{"allow":["GET"]}}],"collection":[{"href":"https:\/\/ismfrance.org\/index.php\/wp-json\/wp\/v2\/posts"}],"about":[{"href":"https:\/\/ismfrance.org\/index.php\/wp-json\/wp\/v2\/types\/post"}],"author":[{"embeddable":true,"href":"https:\/\/ismfrance.org\/index.php\/wp-json\/wp\/v2\/users\/3"}],"replies":[{"embeddable":true,"href":"https:\/\/ismfrance.org\/index.php\/wp-json\/wp\/v2\/comments?post=7806"}],"version-history":[{"count":0,"href":"https:\/\/ismfrance.org\/index.php\/wp-json\/wp\/v2\/posts\/7806\/revisions"}],"wp:featuredmedia":[{"embeddable":true,"href":"https:\/\/ismfrance.org\/index.php\/wp-json\/wp\/v2\/media\/7808"}],"wp:attachment":[{"href":"https:\/\/ismfrance.org\/index.php\/wp-json\/wp\/v2\/media?parent=7806"}],"wp:term":[{"taxonomy":"category","embeddable":true,"href":"https:\/\/ismfrance.org\/index.php\/wp-json\/wp\/v2\/categories?post=7806"},{"taxonomy":"post_tag","embeddable":true,"href":"https:\/\/ismfrance.org\/index.php\/wp-json\/wp\/v2\/tags?post=7806"}],"curies":[{"name":"wp","href":"https:\/\/api.w.org\/{rel}","templated":true}]}}