{"id":7661,"date":"2023-11-22T12:00:09","date_gmt":"2023-11-22T11:00:09","guid":{"rendered":"https:\/\/ismfrance.org\/?p=7661"},"modified":"2023-11-29T20:14:48","modified_gmt":"2023-11-29T19:14:48","slug":"la-guerre-contre-les-prisonniers-politiques-palestiniens","status":"publish","type":"post","link":"https:\/\/ismfrance.org\/index.php\/2023\/11\/22\/la-guerre-contre-les-prisonniers-politiques-palestiniens\/","title":{"rendered":"La guerre contre les prisonniers politiques palestiniens"},"content":{"rendered":"<p><strong>Basil Farraj, 20 novembre 2023<\/strong>. <span style=\"font-family: Arial, serif;\">Je n&rsquo;ai pas de nouvelles de mon p\u00e8re depuis le 7 octobre, lorsqu&rsquo;Isra\u00ebl a intensifi\u00e9 ses violences contre les Palestiniens, en particulier \u00e0 Gaza, \u00e0 la suite des attaques du Hamas en Isra\u00ebl. Mon p\u00e8re est d\u00e9tenu \u00e0 la prison d\u2019Ofer depuis quatre ans, en attente d&rsquo;un proc\u00e8s, aux c\u00f4t\u00e9s d\u2019environ 8\u00a0000 autres Palestiniens en Isra\u00ebl et dans les territoires occup\u00e9s \u2013 un chiffre qui a mont\u00e9 en fl\u00e8che ces derni\u00e8res semaines. Plus de 2\u00a0000 de ces personnes sont d\u00e9tenues sans inculpation, et toutes sont enferm\u00e9es dans des prisons que les groupes de d\u00e9fense des droits humains ont depuis <a href=\"https:\/\/www.amnesty.org\/en\/latest\/news\/2023\/11\/israel-opt-horrifying-cases-of-torture-and-degrading-treatment-of-palestinian-detainees-amid-spike-in-arbitrary-arrests\/\">longtemps <\/a><a href=\"https:\/\/www.amnesty.org\/en\/wp-content\/uploads\/2021\/07\/mde150402008en.pdf\">identifi\u00e9es <\/a>comme des centres de torture semblables \u00e0 Abu Ghraib et Guantanamo Bay. <\/span><\/p>\n<div id=\"attachment_7663\" style=\"width: 610px\" class=\"wp-caption aligncenter\"><a href=\"https:\/\/ismfrance.org\/wp-content\/uploads\/2023\/11\/manif-prisonniers-ramallah.webp\"><img loading=\"lazy\" decoding=\"async\" aria-describedby=\"caption-attachment-7663\" class=\"size-large wp-image-7663\" src=\"https:\/\/ismfrance.org\/wp-content\/uploads\/2023\/11\/manif-prisonniers-ramallah-700x467.webp\" alt=\"\" width=\"600\" height=\"400\" srcset=\"https:\/\/ismfrance.org\/wp-content\/uploads\/2023\/11\/manif-prisonniers-ramallah-700x467.webp 700w, https:\/\/ismfrance.org\/wp-content\/uploads\/2023\/11\/manif-prisonniers-ramallah-300x200.webp 300w, https:\/\/ismfrance.org\/wp-content\/uploads\/2023\/11\/manif-prisonniers-ramallah-768x512.webp 768w, https:\/\/ismfrance.org\/wp-content\/uploads\/2023\/11\/manif-prisonniers-ramallah.webp 1200w\" sizes=\"auto, (max-width: 600px) 100vw, 600px\" \/><\/a><p id=\"caption-attachment-7663\" class=\"wp-caption-text\">Manifestation de solidarit\u00e9 avec les prisonniers palestiniens d\u00e9tenus dans les prisons isra\u00e9liennes devant le b\u00e2timent de la Croix-Rouge \u00e0 Ramallah, en Cisjordanie, le 30 mai 2023 [Issam Rimawi \u2013 Agence Anadolu]<\/p><\/div>\n<p class=\"western\" lang=\"fr-FR\"><span style=\"font-family: Arial, serif;\">Alors qu\u2019Isra\u00ebl poursuit sa guerre contre les Palestiniens \u2013 une guerre que des centaines d\u2019universitaires ont <a href=\"https:\/\/opiniojuris.org\/2023\/10\/18\/public-statement-scholars-warn-of-potential-genocide-in-gaza\/\">qualifi\u00e9e de potentiellement g\u00e9nocidaire <\/a>\u2013 l\u2019attention s\u2019est naturellement concentr\u00e9e sur le bilan des morts, \u00e0 la fois horrible et inimaginable. Plus de <a href=\"https:\/\/www.aa.com.tr\/en\/middle-east\/palestinian-death-toll-in-gaza-strip-rises-to-13-000-since-oct-7\/3058854\">13\u00a0000 personnes ont \u00e9t\u00e9 tu\u00e9es \u00e0 Gaza <\/a>au moment o\u00f9 ces lignes sont \u00e9crites, dont plus de 5\u00a0500 enfants. \u00c0 cela s\u2019ajoutent <a href=\"#:~:text=The deaths raised to 205,uprising in the early2000s.\">plus de 200 Palestiniens<\/a> tu\u00e9s et 2\u00a0200 bless\u00e9s en Cisjordanie occup\u00e9e. Ces crimes d\u00e9passent l\u2019entendement. <\/span><\/p>\n<p class=\"western\" lang=\"fr-FR\"><span style=\"font-family: Arial, serif;\">Mais les emprisonnements de masse, les arrestations quotidiennes et la torture font partie de l&rsquo;offensive isra\u00e9lienne autant que les frappes a\u00e9riennes. C\u2019est pourquoi il est essentiel de ne pas oublier ces milliers de personnes derri\u00e8re les barreaux et leur donner une visibilit\u00e9. <\/span><\/p>\n<p class=\"western\" lang=\"fr-FR\"><span style=\"font-family: Arial, serif;\">Avant le 7 octobre, les forces coloniales isra\u00e9liennes d\u00e9tenaient <a href=\"https:\/\/www.addameer.org\/statistics\/2023\/09\">pr\u00e8s de 5\u00a0200<\/a> prisonniers palestiniens, dont 170 enfants, 33 femmes, quatre membres du Conseil l\u00e9gislatif palestinien et 1\u00a0264 d\u00e9tenus administratifs. Le 20 novembre, pr\u00e8s d&rsquo;un mois apr\u00e8s le d\u00e9but de la derni\u00e8re guerre g\u00e9nocidaire en Isra\u00ebl, le nombre de prisonniers politiques<a href=\"https:\/\/www.addameer.org\/statistics\"> avait grimp\u00e9 \u00e0 7\u00a0000<\/a>, dont 200 enfants, 100 femmes et 2\u00a0070 d\u00e9tenus administratifs. <\/span><\/p>\n<p class=\"western\" lang=\"fr-FR\"><span style=\"font-family: Arial, serif;\">Des milliers de Palestiniens de la bande de Gaza qui travaillaient en Isra\u00ebl ont \u00e9galement \u00e9t\u00e9 arr\u00eat\u00e9s par les forces isra\u00e9liennes apr\u00e8s le 7 octobre. Nombre de ces travailleurs ont \u00e9t\u00e9 r\u00e9cemment renvoy\u00e9s \u00e0 Gaza par Isra\u00ebl et <a href=\"https:\/\/www.middleeasteye.net\/news\/israel-palestine-war-gaza-workers-torture-abuse-detention\">ont d\u00e9clar\u00e9<\/a> avoir \u00e9t\u00e9 tortur\u00e9s, battus insult\u00e9s dans les centres de d\u00e9tention isra\u00e9liens. Le nombre de Gazaouis d\u00e9tenus dans les prisons et centres de d\u00e9tention isra\u00e9liens reste inconnu, les avocats et organisations de d\u00e9fense des droits humains ne savent rien de leur situation. \u00c0 cela s\u2019ajoutent les arrestations et pers\u00e9cutions de dizaines de Palestiniens vivant \u00e0 J\u00e9rusalem et \u00e0 l\u2019int\u00e9rieur des fronti\u00e8res de 1948, qui ont \u00e9t\u00e9 accus\u00e9s de \u00ab provocations \u00bb, ce qui porte le nombre total de Palestiniens d\u00e9tenus dans les prisons et centres de d\u00e9tention isra\u00e9liens \u00e0 environ 8\u00a0000 personnes. <\/span><\/p>\n<p class=\"western\" lang=\"fr-FR\"><span style=\"font-family: Arial, serif;\">Le lancement de campagnes isra\u00e9liennes d&rsquo;arrestations massives dans toute la Palestine historique s&rsquo;est accompagn\u00e9 de mesures destin\u00e9es \u00e0 instiller un sentiment de peur parmi les Palestiniens et \u00e0 retirer aux prisonniers les droits acquis apr\u00e8s des d\u00e9cennies de lutte. Depuis le 7 octobre, l&rsquo;administration p\u00e9nitentiaire isra\u00e9lienne (IPS) a pris une s\u00e9rie de mesures \u00e0 l&rsquo;encontre des prisonniers palestiniens. Ces mesures <a href=\"https:\/\/www.addameer.org\/news\/5164\">incluent<\/a> le bouclage de toutes les sections des prisons, l&rsquo;interdiction de visite des familles et de s\u00e9v\u00e8res restrictions \u00e0 l&rsquo;acc\u00e8s des avocats aux prisonniers. L&rsquo;IPS a \u00e9galement confisqu\u00e9 les objets personnels et les v\u00eatements des prisonniers, les appareils \u00e9lectriques, y compris les radios et t\u00e9l\u00e9viseurs, et limit\u00e9 l&rsquo;acc\u00e8s \u00e0 l\u2019eau et l&rsquo;\u00e9lectricit\u00e9 \u00e0 des dur\u00e9es tr\u00e8s courtes. La cantine, o\u00f9 les prisonniers achetaient et cuisinaient eux-m\u00eames, a \u00e9t\u00e9 ferm\u00e9e. L&rsquo;IPS a aussi ferm\u00e9 les services m\u00e9dicaux et refuse le transfert des prisonniers vers des h\u00f4pitaux et cliniques externes, ce qui menace dangereusement la sant\u00e9 de nombreux prisonniers souffrant de probl\u00e8mes graves et potentiellement mortels. Le temps accord\u00e9 aux prisonniers pour se promener dans la \u00ab\u00a0cour \u00bb a \u00e9t\u00e9 r\u00e9duit \u00e0 15 minutes et, dans certains quartiers la promenade a \u00e9t\u00e9 interdite, laissant ainsi les prisonniers confin\u00e9s dans leurs cellules 24 heures sur 24, 7 jours sur 7. \u00c0 tout cela s\u2019ajoute le fait que les prisonniers ne re\u00e7oivent qu&rsquo;une quantit\u00e9 limit\u00e9e de nourriture de mauvaise qualit\u00e9. La Commission palestinienne des affaires des d\u00e9tenus et ex-prisonniers avait d\u00e9j\u00e0 mis en garde contre une campagne de famine \u00e0 l&rsquo;encontre des prisonniers. L\u2019ampleur de cette campagne men\u00e9e par les autorit\u00e9s isra\u00e9liennes a \u00e9t\u00e9 soulign\u00e9e par un prisonnier qui a r\u00e9cemment d\u00e9clar\u00e9 \u00e0 son avocat\u00a0: \u00ab\u00a0tout comme on utilise l&rsquo;expression \u00ab sous le seuil de pauvret\u00e9 \u00bb, ce qui se passe ici se situe en dessous du seuil de famine \u00bb. <\/span><\/p>\n<p class=\"western\" lang=\"fr-FR\"><span style=\"font-family: Arial, serif;\">Les organisations palestiniennes de d\u00e9fense des droits humains d\u00e9noncent depuis longtemps le <a href=\"https:\/\/www.addameer.org\/key_issues\/torture-and-ill-treatment\">recours syst\u00e9matique <\/a>\u00e0 la torture dans les prisons et centres d\u2019interrogatoire isra\u00e9liens. Cependant, depuis le 7 octobre, l&rsquo;administration p\u00e9nitentiaire, aid\u00e9e par la pr\u00e9sence de gardes arm\u00e9s et de l\u2019arm\u00e9e isra\u00e9lienne, a multipli\u00e9 l&rsquo;utilisation de nombreuses formes de torture et autres mauvais traitements lors des arrestations et \u00e0 l\u2019int\u00e9rieur des prisons et centres de d\u00e9tention. Amnesty International <a href=\"https:\/\/www.amnesty.org\/en\/latest\/news\/2023\/11\/israel-opt-horrifying-cases-of-torture-and-degrading-treatment-of-palestinian-detainees-amid-spike-in-arbitrary-arrests\/\">a recens\u00e9 <\/a>des cas de prisonniers qui ont \u00e9t\u00e9 s\u00e9v\u00e8rement battus, humili\u00e9s et contraints de garder la t\u00eate baiss\u00e9e, de s&rsquo;agenouiller sur le sol pendant le comptage des d\u00e9tenus et de chanter des chants isra\u00e9liens. Ces formes de violence brutale ont entra\u00een\u00e9 la mort d&rsquo;au moins six d\u00e9tenus palestiniens, y compris deux travailleurs de la bande de Gaza occup\u00e9e, dont la mort n&rsquo;a \u00e9t\u00e9 rendue publique que r\u00e9cemment alors qu&rsquo;ils ont \u00e9t\u00e9 tu\u00e9s il y a des semaines. Connaissant l\u2019isolement dans lequel la plupart des prisonniers sont d\u00e9tenus, l\u2019acc\u00e8s aux avocats s\u00e9v\u00e8rement restreint et l\u2019interdiction totale des visites des familles, il est certain que d\u2019autres cas de violence et, malheureusement, de d\u00e9c\u00e8s pourraient \u00eatre signal\u00e9s. <\/span><\/p>\n<p class=\"western\" lang=\"fr-FR\"><span style=\"font-family: Arial, serif;\">L&rsquo;escalade de la campagne d&rsquo;arrestations et de tortures a \u00e9t\u00e9 favoris\u00e9e par plusieurs mesures juridiques du gouvernement isra\u00e9lien permettant la punition collective des Palestiniens. Le 18 octobre, la Knesset a approuv\u00e9 un <a href=\"https:\/\/www.haaretz.com\/israel-news\/2023-10-18\/ty-article\/.premium\/israels-knesset-approves-temporal-prison-overcrowding-for-palestinian-prisoners\/0000018b-4333-d242-abef-533795bc0000?lts=1697808999504\">amendement <\/a>\u00e0 son \u00ab d\u00e9cret sur les prisons \u00bb, autorisant de placer les d\u00e9tenus sur des matelas \u00e0 m\u00eame le sol, outre des mesures approuvant la surpopulation dans les cellules. Le gouvernement isra\u00e9lien a \u00e9galement <a href=\"https:\/\/www.addameer.org\/news\/5164\">modifi\u00e9 <\/a>la loi \u00ab\u00a0antiterroriste \u00bb pour y inclure une surveillance plus s\u00e9v\u00e8re de ce que les gens publient sur les r\u00e9seaux sociaux, et des sites et plateformes avec lesquels ils collaborent. Le ministre isra\u00e9lien de la S\u00e9curit\u00e9 a publi\u00e9 un d\u00e9cret qui <a href=\"https:\/\/www.addameer.org\/news\/5164\">consid\u00e8re <\/a>les d\u00e9tenus palestiniens de la bande de Gaza occup\u00e9e comme des \u00ab\u00a0combattants ill\u00e9gaux\u00a0\u00bb, sur la base de la \u00ab\u00a0Loi sur les combattants ill\u00e9gaux\u00a0\u00bb adopt\u00e9e en 2002. Cette loi <a href=\"https:\/\/www.addameer.org\/Campaign\/stop-administrative-detention\">autorise <\/a>la d\u00e9tention de Palestiniens pour une p\u00e9riode illimit\u00e9e sans contr\u00f4le judiciaire effectif. De surcro\u00eet, des ordres militaires ont \u00e9t\u00e9 \u00e9mis pour pouvoir allonger les p\u00e9riodes durant lesquelles les d\u00e9tentions administratives peuvent \u00eatre ordonn\u00e9es et reconduites. <\/span><\/p>\n<p class=\"western\" lang=\"fr-FR\"><span style=\"font-family: Arial, serif;\">L\u2019\u00c9tat colonial isra\u00e9lien a, en effet, transform\u00e9 les prisons en un champ de bataille suppl\u00e9mentaire pour sa guerre contre les Palestiniens. Les prisonniers sont compl\u00e8tement isol\u00e9s, coup\u00e9s de leur famille, de leur communaut\u00e9, et brutalement soumis \u00e0 des violences destin\u00e9es \u00e0 les d\u00e9grader, les humilier et finalement les tuer. Dans un autre <a href=\"https:\/\/www.jadaliyya.com\/Details\/45487\/Palestinians-in-Israeli-Prisons-Experience-the-War\">t\u00e9moignage<\/a> communiqu\u00e9 \u00e0 un avocat, un prisonnier raconte ce qui suit :<\/span><\/p>\n<blockquote class=\"western\" lang=\"fr-FR\"><p><span style=\"font-family: Arial, serif;\">Le 23 octobre a \u00e9t\u00e9 l&rsquo;un des jours les pires. \u00c0 9 heures pr\u00e9cises, les unit\u00e9s de r\u00e9pression sont entr\u00e9es dans la cellule. La fouille s&rsquo;est poursuivie tard dans la nuit, jusqu&rsquo;\u00e0 23 heures. Nous avons \u00e9t\u00e9 menott\u00e9s, sans \u00e9lectricit\u00e9 ni eau. Nous sommes retourn\u00e9s en cellule, fiers d&rsquo;avoir pu dissimuler quelques feuilles de papier et un stylo. C&rsquo;\u00e9tait le maximum que nous puissions faire, pris dans cette tourmente terrifiante.<\/span><\/p><\/blockquote>\n<blockquote class=\"western\" lang=\"fr-FR\"><p><span style=\"font-family: Arial, serif;\">Apr\u00e8s l\u2019assaut, la cellule \u00e9tait sale. Des \u0153ufs cass\u00e9s \u00e9taient \u00e9parpill\u00e9s, tout avait \u00e9t\u00e9 confisqu\u00e9\u00a0; la cellule \u00e9tait compl\u00e8tement vide,plus le moindre objet. C\u2019\u00e9tait une petite Nakba [catastrophe, en r\u00e9f\u00e9rence \u00e0 1948]. On pouvait voir la m\u00e9chancet\u00e9 dans leurs yeux alors qu\u2019ils brisaient tout. <\/span><\/p><\/blockquote>\n<blockquote class=\"western\" lang=\"fr-FR\"><p><span style=\"font-family: Arial, serif;\">Nous ne savons pas ce qui se passe \u00e0 l&rsquo;ext\u00e9rieur. Nous ne savons pas non plus quelle r\u00e9pression et quelles mesures le service p\u00e9nitentiaire va mettre en \u0153uvre. <\/span><\/p><\/blockquote>\n<blockquote class=\"western\" lang=\"fr-FR\"><p><span style=\"font-family: Arial, serif;\">Mon corps est \u00e9puis\u00e9 \u2013 peut-\u00eatre parce que je suis rest\u00e9 assis longtemps, confin\u00e9 dans une cellule d&rsquo;environ 5 m\u00e8tres sur 3, et parce que le temps de promenade dans la cour est limit\u00e9 (la cour fait environ 8 m\u00e8tres sur 10). J&rsquo;ai commenc\u00e9 \u00e0 faire de l&rsquo;exercice dans la cellule. C\u2019est d\u00e9sormais le seul petit espace dont nous disposons et que nous partageons entre huit prisonniers.<\/span><b> <\/b><\/p><\/blockquote>\n<blockquote class=\"western\" lang=\"fr-FR\"><p><span style=\"font-family: Arial, serif;\">Se doucher est devenu impossible. Auparavant, les d\u00e9tenus prenaient leur douche \u00e0 l\u2019ext\u00e9rieur des quartiers cellulaires, dans un espace appel\u00e9 \u00ab\u00a0douches\u00a0\u00bb. Celui-ci est g\u00e9n\u00e9ralement recouvert d&rsquo;un tissu, que l&rsquo;administration p\u00e9nitentiaire a confisqu\u00e9. Par cons\u00e9quent, les d\u00e9tenus sont oblig\u00e9s de se doucher \u00e0 d\u00e9couvert, ce qu\u2019ils refusent, pr\u00e9f\u00e9rant se laver dans leur cellule \u00e0 l\u2019aide de bo\u00eetes en plastique. <\/span><\/p><\/blockquote>\n<blockquote class=\"western\" lang=\"fr-FR\"><p><span style=\"font-family: Arial, serif;\">Il n\u2019y a pas de r\u00e9cup\u00e9rateur d\u2019eau dans les cellules. Nous en demandons au ge\u00f4lier et soit il en apporte, soit le sol reste inond\u00e9.<\/span><\/p><\/blockquote>\n<p class=\"western\" lang=\"fr-FR\"><span style=\"font-family: Arial, serif;\">L&#8217;emprisonnement est un m\u00e9canisme central de contr\u00f4le et d&rsquo;asservissement depuis la cr\u00e9ation violente d&rsquo;Isra\u00ebl en 1948. Selon les estimations, il y a eu entre 7\u00a0000 et 12\u00a0000 Palestiniens et Arabes d&rsquo;autres nationalit\u00e9s emprisonn\u00e9s en 1948-1949, l&rsquo;ann\u00e9e qui a suivi la Nakba. <a href=\"https:\/\/www.ohchr.org\/en\/news\/2023\/07\/special-rapporteur-says-israels-unlawful-carceral-practices-occupied-palestinian\">Les statistiques <\/a>documentant le recours \u00e0 l&#8217;emprisonnement depuis l&rsquo;occupation de la Cisjordanie et de la bande de Gaza en 1967 estiment qu&rsquo;au total pr\u00e8s d&rsquo;un million de Palestiniens sont pass\u00e9s par les nombreuses prisons et centres de d\u00e9tention d&rsquo;Isra\u00ebl. <\/span><\/p>\n<p class=\"western\" lang=\"fr-FR\"><span style=\"font-family: Arial, serif;\">Cet aspect de la strat\u00e9gie coloniale de contr\u00f4le isra\u00e9lien a \u00e9t\u00e9 d\u00e9crit par les sp\u00e9cialistes comme une \u00ab\u00a0<a href=\"https:\/\/www.ucpress.edu\/book\/9780520241947\/courting-conflict\">entreprise carc\u00e9rale<\/a>\u00a0\u00bb et un \u00ab\u00a0<a href=\"https:\/\/www.sup.org\/books\/title\/?id=21640\">r\u00e9gime d\u2019enclavement<\/a>\u00a0\u00bb. En effet, au fil des ann\u00e9es, l\u2019emprisonnement a acquis une signification plus large dans un contexte de violence caract\u00e9ris\u00e9 par une fragmentation territoriale toujours croissante, l&rsquo;annexion continue des terres palestiniennes, la s\u00e9paration des familles, le bouclage de villages, agglom\u00e9rations et villes enti\u00e8res, les restrictions de circulation des personnes et marchandises et le d\u00e9cha\u00eenement d\u2019une force meurtri\u00e8re sur des populations captives, la bande de Gaza \u00e9tant l\u2019exemple le plus \u00e9vident et le plus r\u00e9current. <\/span><\/p>\n<p class=\"western\" lang=\"fr-FR\"><span style=\"font-family: Arial, serif;\">La r\u00e9alit\u00e9 de la captivit\u00e9 en Palestine a \u00e9t\u00e9 d\u00e9crite avec \u00e9loquence par le prisonnier politique et \u00e9crivain Walid Daka, d\u00e9tenu dans les prisons isra\u00e9liennes depuis 1986, dans un enregistrement audio diffus\u00e9 suite \u00e0 la publication de l&rsquo;un de ses contes pour enfants \u00e9crits en prison\u00a0:<\/span><\/p>\n<blockquote class=\"western\" lang=\"fr-FR\"><p><span style=\"font-family: Arial, serif;\">La motivation qui m&rsquo;a pouss\u00e9 \u00e0 \u00e9crire <\/span><span style=\"font-family: Arial, serif;\"><i>Le conte secret de l&rsquo;huile<\/i><\/span><span style=\"font-family: Arial, serif;\"> n&rsquo;\u00e9tait pas la cr\u00e9ation litt\u00e9raire mais plut\u00f4t le sumud [la t\u00e9nacit\u00e9] indispensable en captivit\u00e9 car, sans lib\u00e9rer progressivement mon esprit de sa prison, je n\u2019aurais pas pu tenir bon au cours de ces longues ann\u00e9es. J\u2019aspire autant \u00e0 \u00eatre lib\u00e9r\u00e9 de la prison qu&rsquo;\u00e0 lib\u00e9rer la prison de moi-m\u00eame. Ce qui m&rsquo;a fait le plus de mal, c&rsquo;est qu&rsquo;au cours de ma captivit\u00e9, j&rsquo;ai \u00ab\u00a0v\u00e9cu\u00a0\u00bb avec le grand-p\u00e8re, le p\u00e8re et le fils, et j&rsquo;ai retrouv\u00e9 un sc\u00e9nario se r\u00e9p\u00e9tant sans cesse, comme si la captivit\u00e9 \u00e9tait h\u00e9r\u00e9ditaire.<\/span><\/p><\/blockquote>\n<p class=\"western\" lang=\"fr-FR\"><span style=\"font-family: Arial, serif;\"><a href=\"https:\/\/qudsnen.co\/breaking-six-palestinian-prisoners-escape-from-israeli-prison\/\">Ce sc\u00e9nario d&rsquo;h\u00e9ritage est, peut-\u00eatre, ce qui a fait de la br\u00e8ve \u00e9vasion <\/a>de six Palestiniens de la prison de Gilboa par un tunnel creus\u00e9 sous les toilettes de leur cellule en septembre 2021, un \u00e9v\u00e9nement d&rsquo;une importance extraordinaire. Cette \u00e9vasion a d\u00e9montr\u00e9 la capacit\u00e9 des Palestiniens \u2013 et, plus encore, de ceux enferm\u00e9s dans les prisons isra\u00e9liennes \u2013 \u00e0 <\/span><em><span style=\"font-family: Arial, serif;\">litt\u00e9ralement <\/span><\/em><span style=\"font-family: Arial, serif;\">se lib\u00e9rer <\/span><\/p>\n<p class=\"western\" lang=\"fr-FR\"><span style=\"font-family: Arial, serif;\">Les organisations de prisonniers palestiniens et de d\u00e9fense des droits humains d\u00e9noncent depuis longtemps la fa\u00e7on isra\u00e9lienne d&rsquo;appliquer et d\u00e9finir des lois non seulement pour faciliter la d\u00e9tention des Palestiniens, mais aussi pour le recours syst\u00e9matique \u00e0 la violence et \u00e0 la torture, tout en garantissant une impunit\u00e9 totale aux auteurs de ces crimes. <\/span><\/p>\n<p class=\"western\" lang=\"fr-FR\"><span style=\"font-family: Arial, serif;\">Depuis le d\u00e9but de l&rsquo;occupation en 1967, l\u2019arm\u00e9e isra\u00e9lienne <a href=\"https:\/\/www.hrw.org\/report\/2019\/12\/17\/born-without-civil-rights\/israels-use-draconian-military-orders-repress\">s\u2019est proclam\u00e9e <\/a><a href=\"https:\/\/www.hrw.org\/report\/2019\/12\/17\/born-without-civil-rights\/israels-use-draconian-military-orders-repress\">autorit\u00e9 ultime <\/a>en mati\u00e8re de gouvernement, de l\u00e9gislation et de contr\u00f4le sur un territoire et une population qu\u2019elle d\u00e9signe comme \u00ab\u00a0administr\u00e9s\u00a0\u00bb plut\u00f4t qu\u2019occup\u00e9s. Le pr\u00e9texte du maintien de l\u2019ordre public et de la s\u00e9curit\u00e9 a permis de d\u00e9finir les ordres et r\u00e8glements r\u00e9gissant la conduite des Palestiniens, ainsi que les m\u00e9canismes de punition. Les prisons sont donc naturellement devenues <\/span><em><span style=\"font-family: Arial, serif;\">le <\/span><\/em><span style=\"font-family: Arial, serif;\">lieu o\u00f9 s&rsquo;exercent les mesures punitives d&rsquo;Isra\u00ebl contre les Palestiniens. <\/span><\/p>\n<p class=\"western\" lang=\"fr-FR\"><span style=\"font-family: Arial, serif;\">Aujourd&rsquo;hui, <a href=\"https:\/\/www.militarycourtwatch.org\/page.php?id=SNHdhRow9Pa30432AKJqGwVetO9\">le d\u00e9cret militaire n\u00b0 1651 <\/a>, en vigueur sous diverses formes depuis 1970, encadre le fonctionnement des tribunaux militaires ainsi que les proc\u00e9dures d&rsquo;arrestation, de d\u00e9tention et d&rsquo;interrogatoire. Il autorise tout soldat isra\u00e9lien \u00e0 arr\u00eater tout Palestinien s&rsquo;il soup\u00e7onne qu&rsquo;une \u00ab\u00a0infraction\u00a0\u00bb a \u00e9t\u00e9 commise ou sera commise. Le d\u00e9cret pr\u00e9voit des dur\u00e9es de d\u00e9tention en fonction des circonstances, mais aussi de l&rsquo;officier ou des officiers proc\u00e9dant \u00e0 l&rsquo;arrestation. Ce d\u00e9cret militaire constitue la base juridique de la politique de d\u00e9tention administrative, une politique &#8211; h\u00e9rit\u00e9e des lois d\u2019exception sous le mandat britannique [<\/span><span style=\"font-family: Arial, serif;\"><i>d\u00e9fence (emergency) regulations<\/i><\/span><span style=\"font-family: Arial, serif;\"> ] &#8211; qui permet la d\u00e9tention arbitraire de Palestiniens pour des p\u00e9riodes prolong\u00e9es sans les soumettre \u00e0 un proc\u00e8s. Essentiellement, ce d\u00e9cret accorde aux membres de l&rsquo;arm\u00e9e<\/span><i> <\/i><span style=\"font-family: Arial, serif;\">et de la police isra\u00e9liennes une autorit\u00e9 totale, globale et sans obligation de rendre des comptes, leur permettant d&rsquo;arr\u00eater n&rsquo;importe quel Palestinien \u00e0 n&rsquo;importe quel moment. Un \u00e9tat de fait qui dure depuis l&rsquo;occupation par Isra\u00ebl de la Cisjordanie et de la bande de Gaza en 1967. <\/span><\/p>\n<p class=\"western\" lang=\"fr-FR\"><span style=\"font-family: Arial, serif;\">De m\u00eame, le personnel de s\u00e9curit\u00e9 et de l&rsquo;administration p\u00e9nitentiaire a longtemps eu recours \u00e0 de nombreuses m\u00e9thodes de torture contre les d\u00e9tenus palestiniens. Ils les ont notamment soumis \u00e0 des secousses, positions stressantes, menottes excessivement serr\u00e9es, musique \u00e0 fort volume, ongles, cheveux et poils du visage arrach\u00e9s, t\u00eate recouverte d&rsquo;un sac, recours \u00e0 des chiens lors des arrestations et interrogatoires, et menaces d&rsquo;arrestation des membres de la famille, entre autres pratiques destin\u00e9es \u00e0 briser la volont\u00e9 des prisonniers et \u00e0 les humilier. Depuis le d\u00e9but de l&rsquo;occupation en 1967, 73 d\u00e9tenus palestiniens ont \u00e9t\u00e9 tu\u00e9s lors d&rsquo;interrogatoires.<\/span><\/p>\n<p class=\"western\" lang=\"fr-FR\"><span style=\"font-family: Arial, serif;\">De m\u00eame, les droits des Palestiniens au sein des prisons sont bafou\u00e9s par les autorit\u00e9s isra\u00e9liennes qui restreignent les visites des familles et les communications entre prisonniers, limitent l\u2019acc\u00e8s aux livres et au mat\u00e9riel \u00e9ducatif et les emp\u00eachent de s\u2019inscrire \u00e0 des programmes d\u2019enseignement sup\u00e9rieur, leur refusent d\u00e9lib\u00e9r\u00e9ment les soins m\u00e9dicaux, et les soumettent \u00e0 l&rsquo;isolement. Et puis il y a la politique atroce qui consiste \u00e0 <a href=\"https:\/\/www.addameer.org\/news\/5115\">refuser <\/a>de remettre aux familles les corps des prisonniers palestiniens morts en captivit\u00e9. \u00c0 ce jour, Isra\u00ebl <a href=\"https:\/\/www.addameer.org\/news\/5115\">d\u00e9tient toujours <\/a>les corps d&rsquo;au moins 15 prisonniers, dont au moins six qui ont \u00e9t\u00e9 tu\u00e9s r\u00e9cemment dans les prisons et centres de d\u00e9tention, suite \u00e0 la guerre g\u00e9nocidaire isra\u00e9lienne qui a d\u00e9but\u00e9 le 7 octobre. <\/span><\/p>\n<p class=\"western\" lang=\"fr-FR\"><span style=\"font-family: Arial, serif;\">Au fil des d\u00e9cennies, les prisonniers palestiniens ont eu recours \u00e0 diff\u00e9rentes <a href=\"https:\/\/www.newarab.com\/analysis\/icons-resistance-plight-palestinian-prisoners\">m\u00e9thodes de lutte <\/a>\u2013 gr\u00e8ve de la faim, boycott des tribunaux militaires, organisation d&rsquo;enseignements et d\u00e9sob\u00e9issance \u2013 pour exiger leurs droits et un changement des politiques carc\u00e9rales isra\u00e9liennes. Bien que les pratiques violentes des autorit\u00e9s isra\u00e9liennes n&rsquo;aient jamais cess\u00e9, les prisonniers ont r\u00e9ussi \u00e0 obtenir des droits sp\u00e9cifiques, for\u00e7ant les autorit\u00e9s \u00e0 acc\u00e9der \u00e0 leurs demandes et am\u00e9liorer leurs conditions de d\u00e9tention. <\/span><\/p>\n<p class=\"western\" lang=\"fr-FR\"><span style=\"font-family: Arial, serif;\">La situation depuis le 7 octobre a toutefois radicalement chang\u00e9. Elle est sans pr\u00e9c\u00e9dent et rappelle \u00e0 la m\u00e9moire collective les premi\u00e8res prisons qui ont suivi l\u2019occupation de 1967. <\/span><\/p>\n<p class=\"western\" lang=\"fr-FR\"><span style=\"font-family: Arial, serif;\">Il est difficile de parler d\u2019espoir en ces heures gorg\u00e9es d\u2019images de g\u00e9nocide et de massacres perp\u00e9tr\u00e9s par les colons. Pourtant, l\u2019histoire palestinienne, tout comme celle d\u2019autres peuples victimes de la violence coloniale et de la torture, nous enseigne que la volont\u00e9 et l\u2019espoir combin\u00e9s peuvent faire des miracles. <\/span><\/p>\n<p class=\"western\" lang=\"fr-FR\"><span style=\"font-family: Arial, serif;\">Dans ses <a href=\"https:\/\/www.palestine-studies.org\/en\/taxonomy\/term\/24\">\u00e9crits <\/a>depuis la prison, \u00e0 l&rsquo;instar d\u2019autres <a href=\"https:\/\/www.amazon.com\/Barred-Women-Writing-Political-Detention\/dp\/0819552496\">prisonniers <\/a>qui s\u2019engagent dans des productions culturelles et politiques comme m\u00e9thode de lutte, mon p\u00e8re souligne la dualit\u00e9 de l\u2019espoir et de la douleur avec laquelle les prisonniers palestiniens et leurs familles ont d\u00fb vivre si longtemps. Cette dualit\u00e9 est encore plus \u00e9vidente aujourd\u2019hui. Alors que les familles de prisonniers attendent avec anxi\u00e9t\u00e9 des nouvelles venant des prisons et gardent l&rsquo;espoir de pouvoir parler \u00e0 leurs proches et leur rendre visite, elles sont \u00e9galement conscientes que la vengeance d&rsquo;Isra\u00ebl contre les prisonniers ne fait que commencer. La situation est \u00e9prouvante. Cependant l\u2019espoir de pouvoir enfin embrasser les \u00eatres chers est tenace, d\u2019autant que la possibilit\u00e9 d\u2019un accord d\u2019\u00e9change de prisonniers reste d&rsquo;actualit\u00e9. <\/span><\/p>\n<p class=\"western\" lang=\"fr-FR\"><span style=\"font-family: Arial, serif;\">En effet, le slogan \u00ab\u00a0blanchir les prisons\u00a0\u00bb \u2013\u00a0en d\u2019autres termes, lib\u00e9rer les prisonniers politiques \u2013\u00a0est lanc\u00e9 par de nombreux Palestiniens qui pendant des ann\u00e9es ont vu des membres de leur famille arr\u00eat\u00e9s, humili\u00e9s, tortur\u00e9s, voire tu\u00e9s et leur corps confisqu\u00e9. <\/span><\/p>\n<p class=\"western\" lang=\"fr-FR\"><span style=\"font-family: Arial, serif;\">Ce slogan \u00e9voque le r\u00eave de lib\u00e9rer tous les prisonniers politiques ainsi que les corps confisqu\u00e9s, retenus depuis longtemps par l\u2019\u00c9tat colonial. Ce slogan renvoie \u00e9galement \u00e0 une aspiration politique plus large, celle d&rsquo;une v\u00e9ritable lib\u00e9ration o\u00f9 les Palestiniens vivraient librement, dans la dignit\u00e9 et la justice, sans avoir \u00e0 s&rsquo;inqui\u00e9ter du prochain coup frapp\u00e9 \u00e0 leur porte pour les arr\u00eater \u00e0 l&rsquo;aube, ou du prochain missile tir\u00e9 sur leur quartiers dans l\u2019intention de les tuer. <\/span><\/p>\n<pre><em>Article original en anglais sur <a href=\"https:\/\/www.thenation.com\/article\/world\/war-on-palestinian-political-prisoners\/\">The Nation<\/a> \/ Traduction Chris &amp; Dine<\/em><\/pre>\n<p><span style=\"color: #201f1e;\"><span style=\"font-family: Vrinda, serif;\"><span style=\"font-size: medium;\">[writers slug=basil-farraj]<\/span><\/span><\/span><\/p>\n","protected":false},"excerpt":{"rendered":"<p>Basil Farraj, 20 novembre 2023. Je n&rsquo;ai pas de nouvelles de mon p\u00e8re depuis le 7 octobre, lorsqu&rsquo;Isra\u00ebl a intensifi\u00e9 ses violences contre les Palestiniens, en particulier \u00e0 Gaza, \u00e0 <a class=\"more-link\" href=\"https:\/\/ismfrance.org\/index.php\/2023\/11\/22\/la-guerre-contre-les-prisonniers-politiques-palestiniens\/\">Lire la suite &rarr;<\/a><\/p>\n","protected":false},"author":3,"featured_media":7663,"comment_status":"closed","ping_status":"closed","sticky":false,"template":"","format":"standard","meta":{"footnotes":""},"categories":[12,2],"tags":[21],"class_list":["post-7661","post","type-post","status-publish","format-standard","has-post-thumbnail","hentry","category-analyses","category-articles","tag-prisonniers"],"yoast_head":"<!-- This site is optimized with the Yoast SEO plugin v27.2 - https:\/\/yoast.com\/product\/yoast-seo-wordpress\/ -->\n<title>La guerre contre les prisonniers politiques palestiniens - International Solidarity Movement - ISM-France<\/title>\n<meta name=\"robots\" content=\"index, follow, max-snippet:-1, max-image-preview:large, max-video-preview:-1\" \/>\n<link rel=\"canonical\" href=\"https:\/\/ismfrance.org\/index.php\/2023\/11\/22\/la-guerre-contre-les-prisonniers-politiques-palestiniens\/\" \/>\n<meta property=\"og:locale\" content=\"fr_FR\" \/>\n<meta property=\"og:type\" content=\"article\" \/>\n<meta property=\"og:title\" content=\"La guerre contre les prisonniers politiques palestiniens - International Solidarity Movement - ISM-France\" \/>\n<meta property=\"og:description\" content=\"Basil Farraj, 20 novembre 2023. Je n&rsquo;ai pas de nouvelles de mon p\u00e8re depuis le 7 octobre, lorsqu&rsquo;Isra\u00ebl a intensifi\u00e9 ses violences contre les Palestiniens, en particulier \u00e0 Gaza, \u00e0 Lire la suite &rarr;\" \/>\n<meta property=\"og:url\" content=\"https:\/\/ismfrance.org\/index.php\/2023\/11\/22\/la-guerre-contre-les-prisonniers-politiques-palestiniens\/\" \/>\n<meta property=\"og:site_name\" content=\"International Solidarity Movement - ISM-France\" \/>\n<meta property=\"article:published_time\" content=\"2023-11-22T11:00:09+00:00\" \/>\n<meta property=\"article:modified_time\" content=\"2023-11-29T19:14:48+00:00\" \/>\n<meta property=\"og:image\" content=\"https:\/\/ismfrance.org\/wp-content\/uploads\/2023\/11\/manif-prisonniers-ramallah.webp\" \/>\n\t<meta property=\"og:image:width\" content=\"1200\" \/>\n\t<meta property=\"og:image:height\" content=\"800\" \/>\n\t<meta property=\"og:image:type\" content=\"image\/webp\" \/>\n<meta name=\"author\" content=\"mru_01\" \/>\n<meta name=\"twitter:card\" content=\"summary_large_image\" \/>\n<meta name=\"twitter:creator\" content=\"@ISMFRANCE\" \/>\n<meta name=\"twitter:site\" content=\"@ISMFRANCE\" \/>\n<meta name=\"twitter:label1\" content=\"\u00c9crit par\" \/>\n\t<meta name=\"twitter:data1\" content=\"mru_01\" \/>\n\t<meta name=\"twitter:label2\" content=\"Dur\u00e9e de lecture estim\u00e9e\" \/>\n\t<meta name=\"twitter:data2\" content=\"13 minutes\" \/>\n<script type=\"application\/ld+json\" class=\"yoast-schema-graph\">{\"@context\":\"https:\/\/schema.org\",\"@graph\":[{\"@type\":\"Article\",\"@id\":\"https:\/\/ismfrance.org\/index.php\/2023\/11\/22\/la-guerre-contre-les-prisonniers-politiques-palestiniens\/#article\",\"isPartOf\":{\"@id\":\"https:\/\/ismfrance.org\/index.php\/2023\/11\/22\/la-guerre-contre-les-prisonniers-politiques-palestiniens\/\"},\"author\":{\"name\":\"mru_01\",\"@id\":\"https:\/\/ismfrance.org\/#\/schema\/person\/3c411eb72adfaae19c0dca1f41fae01d\"},\"headline\":\"La guerre contre les prisonniers politiques palestiniens\",\"datePublished\":\"2023-11-22T11:00:09+00:00\",\"dateModified\":\"2023-11-29T19:14:48+00:00\",\"mainEntityOfPage\":{\"@id\":\"https:\/\/ismfrance.org\/index.php\/2023\/11\/22\/la-guerre-contre-les-prisonniers-politiques-palestiniens\/\"},\"wordCount\":3174,\"publisher\":{\"@id\":\"https:\/\/ismfrance.org\/#organization\"},\"image\":{\"@id\":\"https:\/\/ismfrance.org\/index.php\/2023\/11\/22\/la-guerre-contre-les-prisonniers-politiques-palestiniens\/#primaryimage\"},\"thumbnailUrl\":\"https:\/\/ismfrance.org\/wp-content\/uploads\/2023\/11\/manif-prisonniers-ramallah.webp\",\"keywords\":[\"Prisonniers\"],\"articleSection\":[\"Analyses\",\"Articles\"],\"inLanguage\":\"fr-FR\"},{\"@type\":\"WebPage\",\"@id\":\"https:\/\/ismfrance.org\/index.php\/2023\/11\/22\/la-guerre-contre-les-prisonniers-politiques-palestiniens\/\",\"url\":\"https:\/\/ismfrance.org\/index.php\/2023\/11\/22\/la-guerre-contre-les-prisonniers-politiques-palestiniens\/\",\"name\":\"La guerre contre les prisonniers politiques palestiniens - International Solidarity Movement - ISM-France\",\"isPartOf\":{\"@id\":\"https:\/\/ismfrance.org\/#website\"},\"primaryImageOfPage\":{\"@id\":\"https:\/\/ismfrance.org\/index.php\/2023\/11\/22\/la-guerre-contre-les-prisonniers-politiques-palestiniens\/#primaryimage\"},\"image\":{\"@id\":\"https:\/\/ismfrance.org\/index.php\/2023\/11\/22\/la-guerre-contre-les-prisonniers-politiques-palestiniens\/#primaryimage\"},\"thumbnailUrl\":\"https:\/\/ismfrance.org\/wp-content\/uploads\/2023\/11\/manif-prisonniers-ramallah.webp\",\"datePublished\":\"2023-11-22T11:00:09+00:00\",\"dateModified\":\"2023-11-29T19:14:48+00:00\",\"breadcrumb\":{\"@id\":\"https:\/\/ismfrance.org\/index.php\/2023\/11\/22\/la-guerre-contre-les-prisonniers-politiques-palestiniens\/#breadcrumb\"},\"inLanguage\":\"fr-FR\",\"potentialAction\":[{\"@type\":\"ReadAction\",\"target\":[\"https:\/\/ismfrance.org\/index.php\/2023\/11\/22\/la-guerre-contre-les-prisonniers-politiques-palestiniens\/\"]}]},{\"@type\":\"ImageObject\",\"inLanguage\":\"fr-FR\",\"@id\":\"https:\/\/ismfrance.org\/index.php\/2023\/11\/22\/la-guerre-contre-les-prisonniers-politiques-palestiniens\/#primaryimage\",\"url\":\"https:\/\/ismfrance.org\/wp-content\/uploads\/2023\/11\/manif-prisonniers-ramallah.webp\",\"contentUrl\":\"https:\/\/ismfrance.org\/wp-content\/uploads\/2023\/11\/manif-prisonniers-ramallah.webp\",\"width\":1200,\"height\":800,\"caption\":\"Des gens, tenant des photos de prisonniers, se rassemblent pour une manifestation de solidarit\u00e9 pour les prisonniers palestiniens d\u00e9tenus dans les prisons isra\u00e9liennes devant le b\u00e2timent de la Croix-Rouge \u00e0 Ramallah, en Cisjordanie, le 30 mai 2023 [Issam Rimawi \u2013 Agence Anadolu]\"},{\"@type\":\"BreadcrumbList\",\"@id\":\"https:\/\/ismfrance.org\/index.php\/2023\/11\/22\/la-guerre-contre-les-prisonniers-politiques-palestiniens\/#breadcrumb\",\"itemListElement\":[{\"@type\":\"ListItem\",\"position\":1,\"name\":\"Accueil\",\"item\":\"https:\/\/ismfrance.org\/\"},{\"@type\":\"ListItem\",\"position\":2,\"name\":\"La guerre contre les prisonniers politiques palestiniens\"}]},{\"@type\":\"WebSite\",\"@id\":\"https:\/\/ismfrance.org\/#website\",\"url\":\"https:\/\/ismfrance.org\/\",\"name\":\"ISM Palestine France\",\"description\":\"Soutien aux luttes de lib\u00e9ration du peuple palestinien\",\"publisher\":{\"@id\":\"https:\/\/ismfrance.org\/#organization\"},\"potentialAction\":[{\"@type\":\"SearchAction\",\"target\":{\"@type\":\"EntryPoint\",\"urlTemplate\":\"https:\/\/ismfrance.org\/?s={search_term_string}\"},\"query-input\":{\"@type\":\"PropertyValueSpecification\",\"valueRequired\":true,\"valueName\":\"search_term_string\"}}],\"inLanguage\":\"fr-FR\"},{\"@type\":\"Organization\",\"@id\":\"https:\/\/ismfrance.org\/#organization\",\"name\":\"International Solidarity Movement\",\"url\":\"https:\/\/ismfrance.org\/\",\"logo\":{\"@type\":\"ImageObject\",\"inLanguage\":\"fr-FR\",\"@id\":\"https:\/\/ismfrance.org\/#\/schema\/logo\/image\/\",\"url\":\"https:\/\/ismfrance.org\/wp-content\/uploads\/2020\/12\/00.png\",\"contentUrl\":\"https:\/\/ismfrance.org\/wp-content\/uploads\/2020\/12\/00.png\",\"width\":400,\"height\":400,\"caption\":\"International Solidarity Movement\"},\"image\":{\"@id\":\"https:\/\/ismfrance.org\/#\/schema\/logo\/image\/\"},\"sameAs\":[\"https:\/\/x.com\/ISMFRANCE\"]},{\"@type\":\"Person\",\"@id\":\"https:\/\/ismfrance.org\/#\/schema\/person\/3c411eb72adfaae19c0dca1f41fae01d\",\"name\":\"mru_01\",\"image\":{\"@type\":\"ImageObject\",\"inLanguage\":\"fr-FR\",\"@id\":\"https:\/\/secure.gravatar.com\/avatar\/3a0be343b445d2ccc79e87444a294fad2b232e90d2051d0e3cc219e1ecd6a330?s=96&d=mm&r=g\",\"url\":\"https:\/\/secure.gravatar.com\/avatar\/3a0be343b445d2ccc79e87444a294fad2b232e90d2051d0e3cc219e1ecd6a330?s=96&d=mm&r=g\",\"contentUrl\":\"https:\/\/secure.gravatar.com\/avatar\/3a0be343b445d2ccc79e87444a294fad2b232e90d2051d0e3cc219e1ecd6a330?s=96&d=mm&r=g\",\"caption\":\"mru_01\"},\"url\":\"https:\/\/ismfrance.org\/index.php\/author\/admin02\/\"}]}<\/script>\n<!-- \/ Yoast SEO plugin. -->","yoast_head_json":{"title":"La guerre contre les prisonniers politiques palestiniens - International Solidarity Movement - ISM-France","robots":{"index":"index","follow":"follow","max-snippet":"max-snippet:-1","max-image-preview":"max-image-preview:large","max-video-preview":"max-video-preview:-1"},"canonical":"https:\/\/ismfrance.org\/index.php\/2023\/11\/22\/la-guerre-contre-les-prisonniers-politiques-palestiniens\/","og_locale":"fr_FR","og_type":"article","og_title":"La guerre contre les prisonniers politiques palestiniens - International Solidarity Movement - ISM-France","og_description":"Basil Farraj, 20 novembre 2023. Je n&rsquo;ai pas de nouvelles de mon p\u00e8re depuis le 7 octobre, lorsqu&rsquo;Isra\u00ebl a intensifi\u00e9 ses violences contre les Palestiniens, en particulier \u00e0 Gaza, \u00e0 Lire la suite &rarr;","og_url":"https:\/\/ismfrance.org\/index.php\/2023\/11\/22\/la-guerre-contre-les-prisonniers-politiques-palestiniens\/","og_site_name":"International Solidarity Movement - ISM-France","article_published_time":"2023-11-22T11:00:09+00:00","article_modified_time":"2023-11-29T19:14:48+00:00","og_image":[{"width":1200,"height":800,"url":"https:\/\/ismfrance.org\/wp-content\/uploads\/2023\/11\/manif-prisonniers-ramallah.webp","type":"image\/webp"}],"author":"mru_01","twitter_card":"summary_large_image","twitter_creator":"@ISMFRANCE","twitter_site":"@ISMFRANCE","twitter_misc":{"\u00c9crit par":"mru_01","Dur\u00e9e de lecture estim\u00e9e":"13 minutes"},"schema":{"@context":"https:\/\/schema.org","@graph":[{"@type":"Article","@id":"https:\/\/ismfrance.org\/index.php\/2023\/11\/22\/la-guerre-contre-les-prisonniers-politiques-palestiniens\/#article","isPartOf":{"@id":"https:\/\/ismfrance.org\/index.php\/2023\/11\/22\/la-guerre-contre-les-prisonniers-politiques-palestiniens\/"},"author":{"name":"mru_01","@id":"https:\/\/ismfrance.org\/#\/schema\/person\/3c411eb72adfaae19c0dca1f41fae01d"},"headline":"La guerre contre les prisonniers politiques palestiniens","datePublished":"2023-11-22T11:00:09+00:00","dateModified":"2023-11-29T19:14:48+00:00","mainEntityOfPage":{"@id":"https:\/\/ismfrance.org\/index.php\/2023\/11\/22\/la-guerre-contre-les-prisonniers-politiques-palestiniens\/"},"wordCount":3174,"publisher":{"@id":"https:\/\/ismfrance.org\/#organization"},"image":{"@id":"https:\/\/ismfrance.org\/index.php\/2023\/11\/22\/la-guerre-contre-les-prisonniers-politiques-palestiniens\/#primaryimage"},"thumbnailUrl":"https:\/\/ismfrance.org\/wp-content\/uploads\/2023\/11\/manif-prisonniers-ramallah.webp","keywords":["Prisonniers"],"articleSection":["Analyses","Articles"],"inLanguage":"fr-FR"},{"@type":"WebPage","@id":"https:\/\/ismfrance.org\/index.php\/2023\/11\/22\/la-guerre-contre-les-prisonniers-politiques-palestiniens\/","url":"https:\/\/ismfrance.org\/index.php\/2023\/11\/22\/la-guerre-contre-les-prisonniers-politiques-palestiniens\/","name":"La guerre contre les prisonniers politiques palestiniens - International Solidarity Movement - ISM-France","isPartOf":{"@id":"https:\/\/ismfrance.org\/#website"},"primaryImageOfPage":{"@id":"https:\/\/ismfrance.org\/index.php\/2023\/11\/22\/la-guerre-contre-les-prisonniers-politiques-palestiniens\/#primaryimage"},"image":{"@id":"https:\/\/ismfrance.org\/index.php\/2023\/11\/22\/la-guerre-contre-les-prisonniers-politiques-palestiniens\/#primaryimage"},"thumbnailUrl":"https:\/\/ismfrance.org\/wp-content\/uploads\/2023\/11\/manif-prisonniers-ramallah.webp","datePublished":"2023-11-22T11:00:09+00:00","dateModified":"2023-11-29T19:14:48+00:00","breadcrumb":{"@id":"https:\/\/ismfrance.org\/index.php\/2023\/11\/22\/la-guerre-contre-les-prisonniers-politiques-palestiniens\/#breadcrumb"},"inLanguage":"fr-FR","potentialAction":[{"@type":"ReadAction","target":["https:\/\/ismfrance.org\/index.php\/2023\/11\/22\/la-guerre-contre-les-prisonniers-politiques-palestiniens\/"]}]},{"@type":"ImageObject","inLanguage":"fr-FR","@id":"https:\/\/ismfrance.org\/index.php\/2023\/11\/22\/la-guerre-contre-les-prisonniers-politiques-palestiniens\/#primaryimage","url":"https:\/\/ismfrance.org\/wp-content\/uploads\/2023\/11\/manif-prisonniers-ramallah.webp","contentUrl":"https:\/\/ismfrance.org\/wp-content\/uploads\/2023\/11\/manif-prisonniers-ramallah.webp","width":1200,"height":800,"caption":"Des gens, tenant des photos de prisonniers, se rassemblent pour une manifestation de solidarit\u00e9 pour les prisonniers palestiniens d\u00e9tenus dans les prisons isra\u00e9liennes devant le b\u00e2timent de la Croix-Rouge \u00e0 Ramallah, en Cisjordanie, le 30 mai 2023 [Issam Rimawi \u2013 Agence Anadolu]"},{"@type":"BreadcrumbList","@id":"https:\/\/ismfrance.org\/index.php\/2023\/11\/22\/la-guerre-contre-les-prisonniers-politiques-palestiniens\/#breadcrumb","itemListElement":[{"@type":"ListItem","position":1,"name":"Accueil","item":"https:\/\/ismfrance.org\/"},{"@type":"ListItem","position":2,"name":"La guerre contre les prisonniers politiques palestiniens"}]},{"@type":"WebSite","@id":"https:\/\/ismfrance.org\/#website","url":"https:\/\/ismfrance.org\/","name":"ISM Palestine France","description":"Soutien aux luttes de lib\u00e9ration du peuple palestinien","publisher":{"@id":"https:\/\/ismfrance.org\/#organization"},"potentialAction":[{"@type":"SearchAction","target":{"@type":"EntryPoint","urlTemplate":"https:\/\/ismfrance.org\/?s={search_term_string}"},"query-input":{"@type":"PropertyValueSpecification","valueRequired":true,"valueName":"search_term_string"}}],"inLanguage":"fr-FR"},{"@type":"Organization","@id":"https:\/\/ismfrance.org\/#organization","name":"International Solidarity Movement","url":"https:\/\/ismfrance.org\/","logo":{"@type":"ImageObject","inLanguage":"fr-FR","@id":"https:\/\/ismfrance.org\/#\/schema\/logo\/image\/","url":"https:\/\/ismfrance.org\/wp-content\/uploads\/2020\/12\/00.png","contentUrl":"https:\/\/ismfrance.org\/wp-content\/uploads\/2020\/12\/00.png","width":400,"height":400,"caption":"International Solidarity Movement"},"image":{"@id":"https:\/\/ismfrance.org\/#\/schema\/logo\/image\/"},"sameAs":["https:\/\/x.com\/ISMFRANCE"]},{"@type":"Person","@id":"https:\/\/ismfrance.org\/#\/schema\/person\/3c411eb72adfaae19c0dca1f41fae01d","name":"mru_01","image":{"@type":"ImageObject","inLanguage":"fr-FR","@id":"https:\/\/secure.gravatar.com\/avatar\/3a0be343b445d2ccc79e87444a294fad2b232e90d2051d0e3cc219e1ecd6a330?s=96&d=mm&r=g","url":"https:\/\/secure.gravatar.com\/avatar\/3a0be343b445d2ccc79e87444a294fad2b232e90d2051d0e3cc219e1ecd6a330?s=96&d=mm&r=g","contentUrl":"https:\/\/secure.gravatar.com\/avatar\/3a0be343b445d2ccc79e87444a294fad2b232e90d2051d0e3cc219e1ecd6a330?s=96&d=mm&r=g","caption":"mru_01"},"url":"https:\/\/ismfrance.org\/index.php\/author\/admin02\/"}]}},"_links":{"self":[{"href":"https:\/\/ismfrance.org\/index.php\/wp-json\/wp\/v2\/posts\/7661","targetHints":{"allow":["GET"]}}],"collection":[{"href":"https:\/\/ismfrance.org\/index.php\/wp-json\/wp\/v2\/posts"}],"about":[{"href":"https:\/\/ismfrance.org\/index.php\/wp-json\/wp\/v2\/types\/post"}],"author":[{"embeddable":true,"href":"https:\/\/ismfrance.org\/index.php\/wp-json\/wp\/v2\/users\/3"}],"replies":[{"embeddable":true,"href":"https:\/\/ismfrance.org\/index.php\/wp-json\/wp\/v2\/comments?post=7661"}],"version-history":[{"count":0,"href":"https:\/\/ismfrance.org\/index.php\/wp-json\/wp\/v2\/posts\/7661\/revisions"}],"wp:featuredmedia":[{"embeddable":true,"href":"https:\/\/ismfrance.org\/index.php\/wp-json\/wp\/v2\/media\/7663"}],"wp:attachment":[{"href":"https:\/\/ismfrance.org\/index.php\/wp-json\/wp\/v2\/media?parent=7661"}],"wp:term":[{"taxonomy":"category","embeddable":true,"href":"https:\/\/ismfrance.org\/index.php\/wp-json\/wp\/v2\/categories?post=7661"},{"taxonomy":"post_tag","embeddable":true,"href":"https:\/\/ismfrance.org\/index.php\/wp-json\/wp\/v2\/tags?post=7661"}],"curies":[{"name":"wp","href":"https:\/\/api.w.org\/{rel}","templated":true}]}}