{"id":7630,"date":"2023-11-21T18:50:09","date_gmt":"2023-11-21T17:50:09","guid":{"rendered":"https:\/\/ismfrance.org\/?p=7630"},"modified":"2023-11-21T18:50:09","modified_gmt":"2023-11-21T17:50:09","slug":"wadi-tiran-affronter-le-nettoyage-ethnique-et-se-languir-de-chez-soi","status":"publish","type":"post","link":"https:\/\/ismfrance.org\/index.php\/2023\/11\/21\/wadi-tiran-affronter-le-nettoyage-ethnique-et-se-languir-de-chez-soi\/","title":{"rendered":"Wadi Tiran : Affronter le nettoyage ethnique et se languir de chez soi"},"content":{"rendered":"<p><strong><span style=\"color: #000000;\"><span style=\"font-family: Trebuchet MS, sans-serif;\"><span style=\"font-size: medium;\">ISM-Palestine, 20 novembre 2023.<\/span><\/span><\/span><\/strong><span style=\"color: #000000;\"><span style=\"font-family: Trebuchet MS, sans-serif;\"><span style=\"font-size: medium;\"> Wadi Tiran (dans les collines du sud d&rsquo;AlKhalil-H\u00e9bron) est un bon exemple, et malheureusement un parmi tant d\u2019autres, du grand projet isra\u00e9lien visant \u00e0 faire de la Palestine une terre sans peuple. Au cours du mois dernier, la communaut\u00e9 de Wadi Tiran a \u00e9t\u00e9 \u00ab visit\u00e9e \u00bb \u00e0 plusieurs reprises soit par des colons, soit par des soldats, ou les deux (puisque les distinguer est de plus en plus difficile de nos jours), ordonnant \u00e0 tous les habitants du village de partir sous peine de se faire tuer. Lors d&rsquo;une de ces \u00ab visites \u00bb, toutes les vitres de leur tracteur, de leur camionnette et de leur voiture ont \u00e9t\u00e9 bris\u00e9es (photo ci-dessous).<\/span><\/span><\/span><\/p>\n<p><a href=\"https:\/\/ismfrance.org\/wp-content\/uploads\/2023\/11\/voiture.jpg\"><img loading=\"lazy\" decoding=\"async\" class=\"size-large wp-image-7633 aligncenter\" src=\"https:\/\/ismfrance.org\/wp-content\/uploads\/2023\/11\/voiture-700x525.jpg\" alt=\"\" width=\"600\" height=\"450\" srcset=\"https:\/\/ismfrance.org\/wp-content\/uploads\/2023\/11\/voiture-700x525.jpg 700w, https:\/\/ismfrance.org\/wp-content\/uploads\/2023\/11\/voiture-300x225.jpg 300w, https:\/\/ismfrance.org\/wp-content\/uploads\/2023\/11\/voiture-768x576.jpg 768w, https:\/\/ismfrance.org\/wp-content\/uploads\/2023\/11\/voiture-1536x1152.jpg 1536w, https:\/\/ismfrance.org\/wp-content\/uploads\/2023\/11\/voiture-350x263.jpg 350w, https:\/\/ismfrance.org\/wp-content\/uploads\/2023\/11\/voiture-1320x990.jpg 1320w, https:\/\/ismfrance.org\/wp-content\/uploads\/2023\/11\/voiture.jpg 2048w\" sizes=\"auto, (max-width: 600px) 100vw, 600px\" \/><\/a><\/p>\n<p><span style=\"color: #000000;\"><span style=\"font-family: Trebuchet MS, sans-serif;\"><span style=\"font-size: medium;\">L&rsquo;\u00e9quipe ISM, en collaboration avec des militants isra\u00e9liens, fait partie de la pr\u00e9sence protectrice \u00e0 Wadi Tiran depuis plus d&rsquo;une semaine et a \u00e9t\u00e9 t\u00e9moin de certaines des menaces auxquelles cette petite propri\u00e9t\u00e9 de berger a \u00e9t\u00e9 confront\u00e9e, notamment l&rsquo;arriv\u00e9e de colons \u00e0 moto et en quad \u00e0 proximit\u00e9, et pas plus tard qu&rsquo;hier (18 novembre), un v\u00e9hicule \u00e0 quatre roues motrices avec des colons \u00e0 bord est apparu \u00e0 l&rsquo;int\u00e9rieur de la ferme. Les colons ne sont pas descendus de la voiture mais ont roul\u00e9 de fa\u00e7on agressive pluis se sont dirig\u00e9s vers une autre ferme du village situ\u00e9e sur la colline voisine.<\/span><\/span><\/span><\/p>\n<p><span style=\"color: #000000;\"><span style=\"font-family: Trebuchet MS, sans-serif;\"><span style=\"font-size: medium;\">Les militants isra\u00e9liens ont appel\u00e9 la police isra\u00e9lienne, mais celle-ci leur a demand\u00e9 : \u00ab Pourquoi soutenez-vous les terroristes ?\u00a0\u00bb Ayant \u00e9t\u00e9 t\u00e9moins de la terreur inflig\u00e9e aux habitants de Wadi Tiran, nous posons la m\u00eame question au gouvernement isra\u00e9lien, au gouvernement des \u00c9tats-Unis et \u00e0 d&rsquo;autres organismes nationaux et internationaux qui permettent, soutiennent et financent le nettoyage ethnique de communaut\u00e9s comme Wadi Tiran.<\/span><\/span><\/span><\/p>\n<p><span style=\"color: #000000;\"><span style=\"font-family: Trebuchet MS, sans-serif;\"><span style=\"font-size: medium;\">Wadi Tiran est une petite communaut\u00e9 o\u00f9 vivent deux fr\u00e8res et leurs familles, soit au total une trentaine de personnes, pour la plupart des enfants, et \u00e9l\u00e8vent environ 300 moutons et ch\u00e8vres. Le p\u00e8re des deux agriculteurs a \u00e9t\u00e9 expuls\u00e9 de la r\u00e9gion de Yattir en 1948 et s&rsquo;est install\u00e9 sur le versant aride de la colline de Wadi Tiran o\u00f9 ils vivent depuis lors.<\/span><\/span><\/span><\/p>\n<div id=\"attachment_7635\" style=\"width: 610px\" class=\"wp-caption aligncenter\"><a href=\"https:\/\/ismfrance.org\/wp-content\/uploads\/2023\/11\/cles.jpg\"><img loading=\"lazy\" decoding=\"async\" aria-describedby=\"caption-attachment-7635\" class=\"size-large wp-image-7635\" src=\"https:\/\/ismfrance.org\/wp-content\/uploads\/2023\/11\/cles-700x525.jpg\" alt=\"\" width=\"600\" height=\"450\" srcset=\"https:\/\/ismfrance.org\/wp-content\/uploads\/2023\/11\/cles-700x525.jpg 700w, https:\/\/ismfrance.org\/wp-content\/uploads\/2023\/11\/cles-300x225.jpg 300w, https:\/\/ismfrance.org\/wp-content\/uploads\/2023\/11\/cles-768x576.jpg 768w, https:\/\/ismfrance.org\/wp-content\/uploads\/2023\/11\/cles-1536x1152.jpg 1536w, https:\/\/ismfrance.org\/wp-content\/uploads\/2023\/11\/cles-350x263.jpg 350w, https:\/\/ismfrance.org\/wp-content\/uploads\/2023\/11\/cles-1320x990.jpg 1320w, https:\/\/ismfrance.org\/wp-content\/uploads\/2023\/11\/cles.jpg 2048w\" sizes=\"auto, (max-width: 600px) 100vw, 600px\" \/><\/a><p id=\"caption-attachment-7635\" class=\"wp-caption-text\">Les cl\u00e9s sont suspendues \u00e0 un espace commun \u00e0 Wadi Tiran. De nombreux Palestiniens ont conserv\u00e9 les cl\u00e9s des maisons ancestrales dont ils ont \u00e9t\u00e9 expuls\u00e9s. Elles sont devenues un symbole populaire du droit au retour des r\u00e9fugi\u00e9s.<\/p><\/div>\n<p><span style=\"color: #000000;\"><span style=\"font-family: Trebuchet MS, sans-serif;\"><span style=\"font-size: medium;\">Les deux fr\u00e8res ont parl\u00e9 avec tristesse et nostalgie de leur terre ancestrale o\u00f9 leur p\u00e8re cultivait du bl\u00e9, du ma\u00efs, des pois chiches et des lentilles et o\u00f9 l&rsquo;eau \u00e9tait disponible en abondance. \u00ab Dans une seule partie de Yattir, il y avait plus de 100 sources \u00bb, se souviennent-ils.<\/span><\/span><\/span><\/p>\n<p><span style=\"color: #000000;\"><span style=\"font-family: Trebuchet MS, sans-serif;\"><span style=\"font-size: medium;\">Aujourd&rsquo;hui, l&rsquo;eau dont ils disposent provient de la pluie recueillie dans un puits, qu&rsquo;ils utilisent pour les animaux, mais il n&rsquo;y en a pas assez. De l&rsquo;eau suppl\u00e9mentaire doit \u00eatre achet\u00e9e et amen\u00e9e de l&rsquo;ext\u00e9rieur \u00e0 un co\u00fbt qu&rsquo;ils ne peuvent pas se permettre de nos jours. Les deux fr\u00e8res travaillaient de temps en temps dans des travaux agricoles en Isra\u00ebl jusqu&rsquo;au d\u00e9but de l&rsquo;escalade actuelle des hostilit\u00e9s et, comme tous les autres travailleurs palestiniens, ils ont maintenant perdu leur emploi.<\/span><\/span><\/span><\/p>\n<p><strong><span style=\"color: #000000;\"><span style=\"font-family: Trebuchet MS, sans-serif;\"><span style=\"font-size: large;\"><b>Un puits presque vide \u00e0 Wadi Tiran<\/b><\/span><\/span><\/span><\/strong><\/p>\n<p><span style=\"color: #000000;\"><span style=\"font-family: Trebuchet MS, sans-serif;\"><span style=\"font-size: medium;\">Les efforts d\u00e9ploy\u00e9s par les occupants pour rendre impossible leur vie d\u00e9j\u00e0 difficile ont atteint leur paroxysme, mais ils ont commenc\u00e9 il y a longtemps. Sur notre trajet vers Wadi Tiran par le chemin de terre, nous avons pu constater que dans de nombreux endroits, il a \u00e9t\u00e9 d\u00e9truit. C&rsquo;est le travail des bulldozers de l&rsquo;arm\u00e9e isra\u00e9lienne qui, il y a trois mois, ont empil\u00e9 des rochers et des tas de terre et de roches sur la route \u00e0 plusieurs endroits pour rendre difficile l&rsquo;acc\u00e8s \u00e0 la ferme. Nous avons d\u00fb les contourner et parfois les franchir, et ce fut un parcours caillouteux d\u00e9sagr\u00e9able, avec la peur d&rsquo;endommager notre v\u00e9hicule.<\/span><\/span><\/span><\/p>\n<p><span style=\"color: #000000;\"><span style=\"font-family: Trebuchet MS, sans-serif;\"><span style=\"font-size: medium;\">La principale menace pour les moyens de subsistance des agriculteurs \u00e9tait \u00ab la loi \u00bb introduite verbalement par les colons fixant une limite de 200 m\u00e8tres de la ferme o\u00f9 le p\u00e2turage est d\u00e9sormais interdit. Depuis, les fr\u00e8res doivent acheter pratiquement toute la nourriture pour leurs animaux et transporter les sept tonnes mensuelles sur la route d\u00e9fonc\u00e9e par l&rsquo;arm\u00e9e.<\/span><\/span><\/span><\/p>\n<p><a href=\"https:\/\/ismfrance.org\/wp-content\/uploads\/2023\/11\/troupeau.jpg\"><img loading=\"lazy\" decoding=\"async\" class=\"size-large wp-image-7636 aligncenter\" src=\"https:\/\/ismfrance.org\/wp-content\/uploads\/2023\/11\/troupeau-700x340.jpg\" alt=\"\" width=\"600\" height=\"291\" srcset=\"https:\/\/ismfrance.org\/wp-content\/uploads\/2023\/11\/troupeau-700x340.jpg 700w, https:\/\/ismfrance.org\/wp-content\/uploads\/2023\/11\/troupeau-300x146.jpg 300w, https:\/\/ismfrance.org\/wp-content\/uploads\/2023\/11\/troupeau-768x373.jpg 768w, https:\/\/ismfrance.org\/wp-content\/uploads\/2023\/11\/troupeau-1536x746.jpg 1536w, https:\/\/ismfrance.org\/wp-content\/uploads\/2023\/11\/troupeau-1320x641.jpg 1320w, https:\/\/ismfrance.org\/wp-content\/uploads\/2023\/11\/troupeau.jpg 1600w\" sizes=\"auto, (max-width: 600px) 100vw, 600px\" \/><\/a><\/p>\n<p><span style=\"color: #000000;\"><span style=\"font-family: Trebuchet MS, sans-serif;\"><span style=\"font-size: medium;\">Non pas que l\u2019occupation isra\u00e9lienne ait jamais \u00e9t\u00e9 \u00ab l\u00e9g\u00e8re \u00bb, mais depuis la guerre contre Gaza, elle a abandonn\u00e9 toutes les r\u00e8gles et pratiques \u00e9tablies. Se nourrissant de la rage qui s&rsquo;est empar\u00e9e de la population isra\u00e9lienne apr\u00e8s les attaques des combattants de Gaza, les colons sont hors de contr\u00f4le et toutes les tentatives des autorit\u00e9s d&rsquo;occupation de les emp\u00eacher de commettre des violences ont \u00e9t\u00e9 abandonn\u00e9es. L\u2019arm\u00e9e est au courant de la violence des colons et choisit soit de fermer les yeux, soit de se joindre \u00e0 leur violence.<\/span><\/span><\/span><\/p>\n<p><span style=\"color: #000000;\"><span style=\"font-family: Trebuchet MS, sans-serif;\"><span style=\"font-size: medium;\">Ce qui est \u00e9galement diff\u00e9rent actuellement, c&rsquo;est que personne ne sait si ceux qui harc\u00e8lent, attaquent et menacent sont des soldats, des colons ou des agents de s\u00e9curit\u00e9 des colons. L&rsquo;arm\u00e9e r\u00e9guli\u00e8re a \u00e9t\u00e9 envoy\u00e9e pour attaquer Gaza. L\u2019occupation de la Cisjordanie et la \u00ab protection \u00bb des colonies ill\u00e9gales ont \u00e9t\u00e9 confi\u00e9es aux r\u00e9servistes de l\u2019arm\u00e9e, dont beaucoup sont des colons et assurent leur s\u00e9curit\u00e9. Ils ont form\u00e9 des \u00ab bataillons de d\u00e9fense r\u00e9gionale \u00bb et ces arm\u00e9es de voyous violents, souvent masqu\u00e9s et enti\u00e8rement ou partiellement v\u00eatus d&rsquo;uniformes militaires, bloquent les routes et les entr\u00e9es des villages et apparaissent \u00e0 toute heure du jour et de la nuit pour attaquer les Palestiniens, d\u00e9truire leurs champs, leur b\u00e9tail et le contenu de leur maison.<\/span><\/span><\/span><\/p>\n<p><a href=\"https:\/\/ismfrance.org\/wp-content\/uploads\/2023\/11\/enfants.jpg\"><img loading=\"lazy\" decoding=\"async\" class=\"size-large wp-image-7640 aligncenter\" src=\"https:\/\/ismfrance.org\/wp-content\/uploads\/2023\/11\/enfants-700x340.jpg\" alt=\"\" width=\"600\" height=\"291\" srcset=\"https:\/\/ismfrance.org\/wp-content\/uploads\/2023\/11\/enfants-700x340.jpg 700w, https:\/\/ismfrance.org\/wp-content\/uploads\/2023\/11\/enfants-300x146.jpg 300w, https:\/\/ismfrance.org\/wp-content\/uploads\/2023\/11\/enfants-768x373.jpg 768w, https:\/\/ismfrance.org\/wp-content\/uploads\/2023\/11\/enfants-1536x746.jpg 1536w, https:\/\/ismfrance.org\/wp-content\/uploads\/2023\/11\/enfants-1320x641.jpg 1320w, https:\/\/ismfrance.org\/wp-content\/uploads\/2023\/11\/enfants.jpg 1600w\" sizes=\"auto, (max-width: 600px) 100vw, 600px\" \/><\/a><span style=\"color: #000000;\"><span style=\"font-family: Trebuchet MS, sans-serif;\"><span style=\"font-size: medium;\">Ils sont soit rejoints, soit dirig\u00e9s par des colons \u00ab civils \u00bb qui ont re\u00e7u de grandes quantit\u00e9s d\u2019armes du minist\u00e8re de la S\u00e9curit\u00e9 de Ben Gvir afin qu\u2019ils puissent \u00ab d\u00e9fendre \u00bb leurs colonies. Alors que dans le pass\u00e9, les services de s\u00e9curit\u00e9 des colonies op\u00e9raient principalement \u00e0 l&rsquo;int\u00e9rieur des limites des colonies, depuis le 7 octobre, ils sont charg\u00e9s de terroriser et de nettoyer ethniquement de vastes zones entourant les colonies.<\/span><\/span><\/span><\/p>\n<p><span style=\"color: #000000;\"><span style=\"font-family: Trebuchet MS, sans-serif;\"><span style=\"font-size: medium;\">Il ne fait aucun doute que, sans implication s\u00e9rieuse de la part des puissants alli\u00e9s d\u2019Isra\u00ebl, et des \u00c9tats-Unis en particulier, l\u2019horrible et criminelle anarchie et la violence laisseront les familles de Wadi Tiran sans avenir dans cette r\u00e9gion.<\/span><\/span><\/span><\/p>\n<p><span style=\"color: #000000;\"><span style=\"font-family: Trebuchet MS, sans-serif;\"><span style=\"font-size: medium;\">Les p\u00e8res des deux familles nous ont fait part de leurs craintes pour leur avenir et celui de leurs enfants. \u00ab Nous avons \u00e9t\u00e9 agriculteurs toute notre vie et c&rsquo;est ce que nous faisons. O\u00f9 irons-nous ? \u00bb demandent les deux fermiers. C\u2019est la question la plus pos\u00e9e ces jours-ci dans les collines du sud d\u2019H\u00e9bron, entra\u00eenant de longues nuits d\u2019insomnie, d\u2019anxi\u00e9t\u00e9, de peur et un cauchemar vivant, qui se r\u00e9percutent dans la vie des habitants de dizaines de villages confront\u00e9s au m\u00eame sort.<\/span><\/span><\/span><\/p>\n<div id=\"attachment_7638\" style=\"width: 350px\" class=\"wp-caption aligncenter\"><a href=\"https:\/\/ismfrance.org\/wp-content\/uploads\/2023\/11\/puits.jpg\"><img loading=\"lazy\" decoding=\"async\" aria-describedby=\"caption-attachment-7638\" class=\"size-large wp-image-7638\" src=\"https:\/\/ismfrance.org\/wp-content\/uploads\/2023\/11\/puits-340x700.jpg\" alt=\"\" width=\"340\" height=\"700\" srcset=\"https:\/\/ismfrance.org\/wp-content\/uploads\/2023\/11\/puits-340x700.jpg 340w, https:\/\/ismfrance.org\/wp-content\/uploads\/2023\/11\/puits-146x300.jpg 146w, https:\/\/ismfrance.org\/wp-content\/uploads\/2023\/11\/puits-768x1581.jpg 768w, https:\/\/ismfrance.org\/wp-content\/uploads\/2023\/11\/puits-746x1536.jpg 746w, https:\/\/ismfrance.org\/wp-content\/uploads\/2023\/11\/puits.jpg 777w\" sizes=\"auto, (max-width: 340px) 100vw, 340px\" \/><\/a><p id=\"caption-attachment-7638\" class=\"wp-caption-text\">Un des puits de Wadi Tiran, presque vide.<\/p><\/div>\n<pre><em><span style=\"color: #000000;\"><span style=\"font-family: Trebuchet MS, sans-serif;\"><span style=\"font-size: medium;\">Article original en anglais sur <a href=\"https:\/\/palsolidarity.org\/2023\/11\/wadi-tiran-facing-ethnic-cleansing-longing-for-home\/\">Palsolidarity.org<\/a> \/ Traduction MR<\/span><\/span><\/span><\/em><\/pre>\n","protected":false},"excerpt":{"rendered":"<p>ISM-Palestine, 20 novembre 2023. Wadi Tiran (dans les collines du sud d&rsquo;AlKhalil-H\u00e9bron) est un bon exemple, et malheureusement un parmi tant d\u2019autres, du grand projet isra\u00e9lien visant \u00e0 faire de <a class=\"more-link\" href=\"https:\/\/ismfrance.org\/index.php\/2023\/11\/21\/wadi-tiran-affronter-le-nettoyage-ethnique-et-se-languir-de-chez-soi\/\">Lire la suite &rarr;<\/a><\/p>\n","protected":false},"author":3,"featured_media":7635,"comment_status":"closed","ping_status":"closed","sticky":false,"template":"","format":"standard","meta":{"footnotes":""},"categories":[2,13],"tags":[348,88,45],"class_list":["post-7630","post","type-post","status-publish","format-standard","has-post-thumbnail","hentry","category-articles","category-temoignages","tag-7-octobre-2023","tag-attaques-de-colons","tag-nettoyage-ethnique"],"yoast_head":"<!-- This site is optimized with the Yoast SEO plugin v27.2 - https:\/\/yoast.com\/product\/yoast-seo-wordpress\/ -->\n<title>Wadi Tiran : Affronter le nettoyage ethnique et se languir de chez soi - International Solidarity Movement - ISM-France<\/title>\n<meta name=\"robots\" content=\"index, follow, max-snippet:-1, max-image-preview:large, max-video-preview:-1\" \/>\n<link rel=\"canonical\" href=\"https:\/\/ismfrance.org\/index.php\/2023\/11\/21\/wadi-tiran-affronter-le-nettoyage-ethnique-et-se-languir-de-chez-soi\/\" \/>\n<meta property=\"og:locale\" content=\"fr_FR\" \/>\n<meta property=\"og:type\" content=\"article\" \/>\n<meta property=\"og:title\" content=\"Wadi Tiran : Affronter le nettoyage ethnique et se languir de chez soi - International Solidarity Movement - ISM-France\" \/>\n<meta property=\"og:description\" content=\"ISM-Palestine, 20 novembre 2023. Wadi Tiran (dans les collines du sud d&rsquo;AlKhalil-H\u00e9bron) est un bon exemple, et malheureusement un parmi tant d\u2019autres, du grand projet isra\u00e9lien visant \u00e0 faire de Lire la suite &rarr;\" \/>\n<meta property=\"og:url\" content=\"https:\/\/ismfrance.org\/index.php\/2023\/11\/21\/wadi-tiran-affronter-le-nettoyage-ethnique-et-se-languir-de-chez-soi\/\" \/>\n<meta property=\"og:site_name\" content=\"International Solidarity Movement - ISM-France\" \/>\n<meta property=\"article:published_time\" content=\"2023-11-21T17:50:09+00:00\" \/>\n<meta property=\"og:image\" content=\"https:\/\/ismfrance.org\/wp-content\/uploads\/2023\/11\/cles.jpg\" \/>\n\t<meta property=\"og:image:width\" content=\"2048\" \/>\n\t<meta property=\"og:image:height\" content=\"1536\" \/>\n\t<meta property=\"og:image:type\" content=\"image\/jpeg\" \/>\n<meta name=\"author\" content=\"mru_01\" \/>\n<meta name=\"twitter:card\" content=\"summary_large_image\" \/>\n<meta name=\"twitter:creator\" content=\"@ISMFRANCE\" \/>\n<meta name=\"twitter:site\" content=\"@ISMFRANCE\" \/>\n<meta name=\"twitter:label1\" content=\"\u00c9crit par\" \/>\n\t<meta name=\"twitter:data1\" content=\"mru_01\" \/>\n\t<meta name=\"twitter:label2\" content=\"Dur\u00e9e de lecture estim\u00e9e\" \/>\n\t<meta name=\"twitter:data2\" content=\"7 minutes\" \/>\n<script type=\"application\/ld+json\" class=\"yoast-schema-graph\">{\"@context\":\"https:\/\/schema.org\",\"@graph\":[{\"@type\":\"Article\",\"@id\":\"https:\/\/ismfrance.org\/index.php\/2023\/11\/21\/wadi-tiran-affronter-le-nettoyage-ethnique-et-se-languir-de-chez-soi\/#article\",\"isPartOf\":{\"@id\":\"https:\/\/ismfrance.org\/index.php\/2023\/11\/21\/wadi-tiran-affronter-le-nettoyage-ethnique-et-se-languir-de-chez-soi\/\"},\"author\":{\"name\":\"mru_01\",\"@id\":\"https:\/\/ismfrance.org\/#\/schema\/person\/3c411eb72adfaae19c0dca1f41fae01d\"},\"headline\":\"Wadi Tiran : Affronter le nettoyage ethnique et se languir de chez soi\",\"datePublished\":\"2023-11-21T17:50:09+00:00\",\"mainEntityOfPage\":{\"@id\":\"https:\/\/ismfrance.org\/index.php\/2023\/11\/21\/wadi-tiran-affronter-le-nettoyage-ethnique-et-se-languir-de-chez-soi\/\"},\"wordCount\":1251,\"publisher\":{\"@id\":\"https:\/\/ismfrance.org\/#organization\"},\"image\":{\"@id\":\"https:\/\/ismfrance.org\/index.php\/2023\/11\/21\/wadi-tiran-affronter-le-nettoyage-ethnique-et-se-languir-de-chez-soi\/#primaryimage\"},\"thumbnailUrl\":\"https:\/\/ismfrance.org\/wp-content\/uploads\/2023\/11\/cles.jpg\",\"keywords\":[\"7 octobre 2023\",\"attaques de colons\",\"nettoyage ethnique\"],\"articleSection\":[\"Articles\",\"T\u00e9moignages\"],\"inLanguage\":\"fr-FR\"},{\"@type\":\"WebPage\",\"@id\":\"https:\/\/ismfrance.org\/index.php\/2023\/11\/21\/wadi-tiran-affronter-le-nettoyage-ethnique-et-se-languir-de-chez-soi\/\",\"url\":\"https:\/\/ismfrance.org\/index.php\/2023\/11\/21\/wadi-tiran-affronter-le-nettoyage-ethnique-et-se-languir-de-chez-soi\/\",\"name\":\"Wadi Tiran : Affronter le nettoyage ethnique et se languir de chez soi - International Solidarity Movement - ISM-France\",\"isPartOf\":{\"@id\":\"https:\/\/ismfrance.org\/#website\"},\"primaryImageOfPage\":{\"@id\":\"https:\/\/ismfrance.org\/index.php\/2023\/11\/21\/wadi-tiran-affronter-le-nettoyage-ethnique-et-se-languir-de-chez-soi\/#primaryimage\"},\"image\":{\"@id\":\"https:\/\/ismfrance.org\/index.php\/2023\/11\/21\/wadi-tiran-affronter-le-nettoyage-ethnique-et-se-languir-de-chez-soi\/#primaryimage\"},\"thumbnailUrl\":\"https:\/\/ismfrance.org\/wp-content\/uploads\/2023\/11\/cles.jpg\",\"datePublished\":\"2023-11-21T17:50:09+00:00\",\"breadcrumb\":{\"@id\":\"https:\/\/ismfrance.org\/index.php\/2023\/11\/21\/wadi-tiran-affronter-le-nettoyage-ethnique-et-se-languir-de-chez-soi\/#breadcrumb\"},\"inLanguage\":\"fr-FR\",\"potentialAction\":[{\"@type\":\"ReadAction\",\"target\":[\"https:\/\/ismfrance.org\/index.php\/2023\/11\/21\/wadi-tiran-affronter-le-nettoyage-ethnique-et-se-languir-de-chez-soi\/\"]}]},{\"@type\":\"ImageObject\",\"inLanguage\":\"fr-FR\",\"@id\":\"https:\/\/ismfrance.org\/index.php\/2023\/11\/21\/wadi-tiran-affronter-le-nettoyage-ethnique-et-se-languir-de-chez-soi\/#primaryimage\",\"url\":\"https:\/\/ismfrance.org\/wp-content\/uploads\/2023\/11\/cles.jpg\",\"contentUrl\":\"https:\/\/ismfrance.org\/wp-content\/uploads\/2023\/11\/cles.jpg\",\"width\":2048,\"height\":1536,\"caption\":\"Les cl\u00e9s sont suspendues \u00e0 un espace commun \u00e0 Wadi Tiran. De nombreux Palestiniens ont conserv\u00e9 les cl\u00e9s des maisons ancestrales dont ils ont \u00e9t\u00e9 expuls\u00e9s. Elles sont devenues un symbole populaire du droit au retour des r\u00e9fugi\u00e9s.\"},{\"@type\":\"BreadcrumbList\",\"@id\":\"https:\/\/ismfrance.org\/index.php\/2023\/11\/21\/wadi-tiran-affronter-le-nettoyage-ethnique-et-se-languir-de-chez-soi\/#breadcrumb\",\"itemListElement\":[{\"@type\":\"ListItem\",\"position\":1,\"name\":\"Accueil\",\"item\":\"https:\/\/ismfrance.org\/\"},{\"@type\":\"ListItem\",\"position\":2,\"name\":\"Wadi Tiran : Affronter le nettoyage ethnique et se languir de chez soi\"}]},{\"@type\":\"WebSite\",\"@id\":\"https:\/\/ismfrance.org\/#website\",\"url\":\"https:\/\/ismfrance.org\/\",\"name\":\"ISM Palestine France\",\"description\":\"Soutien aux luttes de lib\u00e9ration du peuple palestinien\",\"publisher\":{\"@id\":\"https:\/\/ismfrance.org\/#organization\"},\"potentialAction\":[{\"@type\":\"SearchAction\",\"target\":{\"@type\":\"EntryPoint\",\"urlTemplate\":\"https:\/\/ismfrance.org\/?s={search_term_string}\"},\"query-input\":{\"@type\":\"PropertyValueSpecification\",\"valueRequired\":true,\"valueName\":\"search_term_string\"}}],\"inLanguage\":\"fr-FR\"},{\"@type\":\"Organization\",\"@id\":\"https:\/\/ismfrance.org\/#organization\",\"name\":\"International Solidarity Movement\",\"url\":\"https:\/\/ismfrance.org\/\",\"logo\":{\"@type\":\"ImageObject\",\"inLanguage\":\"fr-FR\",\"@id\":\"https:\/\/ismfrance.org\/#\/schema\/logo\/image\/\",\"url\":\"https:\/\/ismfrance.org\/wp-content\/uploads\/2020\/12\/00.png\",\"contentUrl\":\"https:\/\/ismfrance.org\/wp-content\/uploads\/2020\/12\/00.png\",\"width\":400,\"height\":400,\"caption\":\"International Solidarity Movement\"},\"image\":{\"@id\":\"https:\/\/ismfrance.org\/#\/schema\/logo\/image\/\"},\"sameAs\":[\"https:\/\/x.com\/ISMFRANCE\"]},{\"@type\":\"Person\",\"@id\":\"https:\/\/ismfrance.org\/#\/schema\/person\/3c411eb72adfaae19c0dca1f41fae01d\",\"name\":\"mru_01\",\"image\":{\"@type\":\"ImageObject\",\"inLanguage\":\"fr-FR\",\"@id\":\"https:\/\/secure.gravatar.com\/avatar\/3a0be343b445d2ccc79e87444a294fad2b232e90d2051d0e3cc219e1ecd6a330?s=96&d=mm&r=g\",\"url\":\"https:\/\/secure.gravatar.com\/avatar\/3a0be343b445d2ccc79e87444a294fad2b232e90d2051d0e3cc219e1ecd6a330?s=96&d=mm&r=g\",\"contentUrl\":\"https:\/\/secure.gravatar.com\/avatar\/3a0be343b445d2ccc79e87444a294fad2b232e90d2051d0e3cc219e1ecd6a330?s=96&d=mm&r=g\",\"caption\":\"mru_01\"},\"url\":\"https:\/\/ismfrance.org\/index.php\/author\/admin02\/\"}]}<\/script>\n<!-- \/ Yoast SEO plugin. -->","yoast_head_json":{"title":"Wadi Tiran : Affronter le nettoyage ethnique et se languir de chez soi - International Solidarity Movement - ISM-France","robots":{"index":"index","follow":"follow","max-snippet":"max-snippet:-1","max-image-preview":"max-image-preview:large","max-video-preview":"max-video-preview:-1"},"canonical":"https:\/\/ismfrance.org\/index.php\/2023\/11\/21\/wadi-tiran-affronter-le-nettoyage-ethnique-et-se-languir-de-chez-soi\/","og_locale":"fr_FR","og_type":"article","og_title":"Wadi Tiran : Affronter le nettoyage ethnique et se languir de chez soi - International Solidarity Movement - ISM-France","og_description":"ISM-Palestine, 20 novembre 2023. Wadi Tiran (dans les collines du sud d&rsquo;AlKhalil-H\u00e9bron) est un bon exemple, et malheureusement un parmi tant d\u2019autres, du grand projet isra\u00e9lien visant \u00e0 faire de Lire la suite &rarr;","og_url":"https:\/\/ismfrance.org\/index.php\/2023\/11\/21\/wadi-tiran-affronter-le-nettoyage-ethnique-et-se-languir-de-chez-soi\/","og_site_name":"International Solidarity Movement - ISM-France","article_published_time":"2023-11-21T17:50:09+00:00","og_image":[{"width":2048,"height":1536,"url":"https:\/\/ismfrance.org\/wp-content\/uploads\/2023\/11\/cles.jpg","type":"image\/jpeg"}],"author":"mru_01","twitter_card":"summary_large_image","twitter_creator":"@ISMFRANCE","twitter_site":"@ISMFRANCE","twitter_misc":{"\u00c9crit par":"mru_01","Dur\u00e9e de lecture estim\u00e9e":"7 minutes"},"schema":{"@context":"https:\/\/schema.org","@graph":[{"@type":"Article","@id":"https:\/\/ismfrance.org\/index.php\/2023\/11\/21\/wadi-tiran-affronter-le-nettoyage-ethnique-et-se-languir-de-chez-soi\/#article","isPartOf":{"@id":"https:\/\/ismfrance.org\/index.php\/2023\/11\/21\/wadi-tiran-affronter-le-nettoyage-ethnique-et-se-languir-de-chez-soi\/"},"author":{"name":"mru_01","@id":"https:\/\/ismfrance.org\/#\/schema\/person\/3c411eb72adfaae19c0dca1f41fae01d"},"headline":"Wadi Tiran : Affronter le nettoyage ethnique et se languir de chez soi","datePublished":"2023-11-21T17:50:09+00:00","mainEntityOfPage":{"@id":"https:\/\/ismfrance.org\/index.php\/2023\/11\/21\/wadi-tiran-affronter-le-nettoyage-ethnique-et-se-languir-de-chez-soi\/"},"wordCount":1251,"publisher":{"@id":"https:\/\/ismfrance.org\/#organization"},"image":{"@id":"https:\/\/ismfrance.org\/index.php\/2023\/11\/21\/wadi-tiran-affronter-le-nettoyage-ethnique-et-se-languir-de-chez-soi\/#primaryimage"},"thumbnailUrl":"https:\/\/ismfrance.org\/wp-content\/uploads\/2023\/11\/cles.jpg","keywords":["7 octobre 2023","attaques de colons","nettoyage ethnique"],"articleSection":["Articles","T\u00e9moignages"],"inLanguage":"fr-FR"},{"@type":"WebPage","@id":"https:\/\/ismfrance.org\/index.php\/2023\/11\/21\/wadi-tiran-affronter-le-nettoyage-ethnique-et-se-languir-de-chez-soi\/","url":"https:\/\/ismfrance.org\/index.php\/2023\/11\/21\/wadi-tiran-affronter-le-nettoyage-ethnique-et-se-languir-de-chez-soi\/","name":"Wadi Tiran : Affronter le nettoyage ethnique et se languir de chez soi - International Solidarity Movement - ISM-France","isPartOf":{"@id":"https:\/\/ismfrance.org\/#website"},"primaryImageOfPage":{"@id":"https:\/\/ismfrance.org\/index.php\/2023\/11\/21\/wadi-tiran-affronter-le-nettoyage-ethnique-et-se-languir-de-chez-soi\/#primaryimage"},"image":{"@id":"https:\/\/ismfrance.org\/index.php\/2023\/11\/21\/wadi-tiran-affronter-le-nettoyage-ethnique-et-se-languir-de-chez-soi\/#primaryimage"},"thumbnailUrl":"https:\/\/ismfrance.org\/wp-content\/uploads\/2023\/11\/cles.jpg","datePublished":"2023-11-21T17:50:09+00:00","breadcrumb":{"@id":"https:\/\/ismfrance.org\/index.php\/2023\/11\/21\/wadi-tiran-affronter-le-nettoyage-ethnique-et-se-languir-de-chez-soi\/#breadcrumb"},"inLanguage":"fr-FR","potentialAction":[{"@type":"ReadAction","target":["https:\/\/ismfrance.org\/index.php\/2023\/11\/21\/wadi-tiran-affronter-le-nettoyage-ethnique-et-se-languir-de-chez-soi\/"]}]},{"@type":"ImageObject","inLanguage":"fr-FR","@id":"https:\/\/ismfrance.org\/index.php\/2023\/11\/21\/wadi-tiran-affronter-le-nettoyage-ethnique-et-se-languir-de-chez-soi\/#primaryimage","url":"https:\/\/ismfrance.org\/wp-content\/uploads\/2023\/11\/cles.jpg","contentUrl":"https:\/\/ismfrance.org\/wp-content\/uploads\/2023\/11\/cles.jpg","width":2048,"height":1536,"caption":"Les cl\u00e9s sont suspendues \u00e0 un espace commun \u00e0 Wadi Tiran. De nombreux Palestiniens ont conserv\u00e9 les cl\u00e9s des maisons ancestrales dont ils ont \u00e9t\u00e9 expuls\u00e9s. Elles sont devenues un symbole populaire du droit au retour des r\u00e9fugi\u00e9s."},{"@type":"BreadcrumbList","@id":"https:\/\/ismfrance.org\/index.php\/2023\/11\/21\/wadi-tiran-affronter-le-nettoyage-ethnique-et-se-languir-de-chez-soi\/#breadcrumb","itemListElement":[{"@type":"ListItem","position":1,"name":"Accueil","item":"https:\/\/ismfrance.org\/"},{"@type":"ListItem","position":2,"name":"Wadi Tiran : Affronter le nettoyage ethnique et se languir de chez soi"}]},{"@type":"WebSite","@id":"https:\/\/ismfrance.org\/#website","url":"https:\/\/ismfrance.org\/","name":"ISM Palestine France","description":"Soutien aux luttes de lib\u00e9ration du peuple palestinien","publisher":{"@id":"https:\/\/ismfrance.org\/#organization"},"potentialAction":[{"@type":"SearchAction","target":{"@type":"EntryPoint","urlTemplate":"https:\/\/ismfrance.org\/?s={search_term_string}"},"query-input":{"@type":"PropertyValueSpecification","valueRequired":true,"valueName":"search_term_string"}}],"inLanguage":"fr-FR"},{"@type":"Organization","@id":"https:\/\/ismfrance.org\/#organization","name":"International Solidarity Movement","url":"https:\/\/ismfrance.org\/","logo":{"@type":"ImageObject","inLanguage":"fr-FR","@id":"https:\/\/ismfrance.org\/#\/schema\/logo\/image\/","url":"https:\/\/ismfrance.org\/wp-content\/uploads\/2020\/12\/00.png","contentUrl":"https:\/\/ismfrance.org\/wp-content\/uploads\/2020\/12\/00.png","width":400,"height":400,"caption":"International Solidarity Movement"},"image":{"@id":"https:\/\/ismfrance.org\/#\/schema\/logo\/image\/"},"sameAs":["https:\/\/x.com\/ISMFRANCE"]},{"@type":"Person","@id":"https:\/\/ismfrance.org\/#\/schema\/person\/3c411eb72adfaae19c0dca1f41fae01d","name":"mru_01","image":{"@type":"ImageObject","inLanguage":"fr-FR","@id":"https:\/\/secure.gravatar.com\/avatar\/3a0be343b445d2ccc79e87444a294fad2b232e90d2051d0e3cc219e1ecd6a330?s=96&d=mm&r=g","url":"https:\/\/secure.gravatar.com\/avatar\/3a0be343b445d2ccc79e87444a294fad2b232e90d2051d0e3cc219e1ecd6a330?s=96&d=mm&r=g","contentUrl":"https:\/\/secure.gravatar.com\/avatar\/3a0be343b445d2ccc79e87444a294fad2b232e90d2051d0e3cc219e1ecd6a330?s=96&d=mm&r=g","caption":"mru_01"},"url":"https:\/\/ismfrance.org\/index.php\/author\/admin02\/"}]}},"_links":{"self":[{"href":"https:\/\/ismfrance.org\/index.php\/wp-json\/wp\/v2\/posts\/7630","targetHints":{"allow":["GET"]}}],"collection":[{"href":"https:\/\/ismfrance.org\/index.php\/wp-json\/wp\/v2\/posts"}],"about":[{"href":"https:\/\/ismfrance.org\/index.php\/wp-json\/wp\/v2\/types\/post"}],"author":[{"embeddable":true,"href":"https:\/\/ismfrance.org\/index.php\/wp-json\/wp\/v2\/users\/3"}],"replies":[{"embeddable":true,"href":"https:\/\/ismfrance.org\/index.php\/wp-json\/wp\/v2\/comments?post=7630"}],"version-history":[{"count":0,"href":"https:\/\/ismfrance.org\/index.php\/wp-json\/wp\/v2\/posts\/7630\/revisions"}],"wp:featuredmedia":[{"embeddable":true,"href":"https:\/\/ismfrance.org\/index.php\/wp-json\/wp\/v2\/media\/7635"}],"wp:attachment":[{"href":"https:\/\/ismfrance.org\/index.php\/wp-json\/wp\/v2\/media?parent=7630"}],"wp:term":[{"taxonomy":"category","embeddable":true,"href":"https:\/\/ismfrance.org\/index.php\/wp-json\/wp\/v2\/categories?post=7630"},{"taxonomy":"post_tag","embeddable":true,"href":"https:\/\/ismfrance.org\/index.php\/wp-json\/wp\/v2\/tags?post=7630"}],"curies":[{"name":"wp","href":"https:\/\/api.w.org\/{rel}","templated":true}]}}