{"id":7606,"date":"2023-11-20T19:32:02","date_gmt":"2023-11-20T18:32:02","guid":{"rendered":"https:\/\/ismfrance.org\/?p=7606"},"modified":"2023-11-20T19:32:02","modified_gmt":"2023-11-20T18:32:02","slug":"calendrier-palestine-libre-2024-palestine-la-cause-des-peuples","status":"publish","type":"post","link":"https:\/\/ismfrance.org\/index.php\/2023\/11\/20\/calendrier-palestine-libre-2024-palestine-la-cause-des-peuples\/","title":{"rendered":"Calendrier Palestine Libre 2024 : Palestine, la cause des peuples"},"content":{"rendered":"<p><span style=\"color: #000000;\"><span style=\"font-family: Trebuchet MS, sans-serif;\"><span style=\"font-size: medium;\"><strong>Comit\u00e9 Action Palestine, novembre 2023.<\/strong> 75 ans de colonisation, 75 ans de r\u00e9sistance. Le peuple palestinien ne l\u00e2chera rien. La justice et la v\u00e9rit\u00e9 sont de son c\u00f4t\u00e9. Le projet de la r\u00e9sistance est sans ambigu\u00eft\u00e9 : r\u00e9aliser la souverainet\u00e9 du peuple palestinien sur sa terre. Il fait face \u00e0 la violence des imp\u00e9rialistes d\u2019une puissance financi\u00e8re et militaire gigantesque, mais rien n\u2019a entam\u00e9 et n\u2019entamera sa d\u00e9termination \u00e0 r\u00e9sister pour faire valoir ses droits et lib\u00e9rer la Palestine de l\u2019enfer sioniste.<\/span><\/span><\/span><\/p>\n<p><a href=\"https:\/\/ismfrance.org\/wp-content\/uploads\/2023\/11\/calendrier.jpg\"><img loading=\"lazy\" decoding=\"async\" class=\"alignnone size-large wp-image-7607\" src=\"https:\/\/ismfrance.org\/wp-content\/uploads\/2023\/11\/calendrier-700x373.jpg\" alt=\"\" width=\"600\" height=\"320\" srcset=\"https:\/\/ismfrance.org\/wp-content\/uploads\/2023\/11\/calendrier-700x373.jpg 700w, https:\/\/ismfrance.org\/wp-content\/uploads\/2023\/11\/calendrier-300x160.jpg 300w, https:\/\/ismfrance.org\/wp-content\/uploads\/2023\/11\/calendrier.jpg 750w\" sizes=\"auto, (max-width: 600px) 100vw, 600px\" \/><\/a><\/p>\n<p><span style=\"color: #000000;\"><span style=\"font-family: Trebuchet MS, sans-serif;\"><span style=\"font-size: medium;\">Depuis le 7 octobre 2023, le camp am\u00e9ricano-sioniste crie au scandale et lance une propagande furieuse, mensong\u00e8re et raciste\u00a0: \u00ab\u00a0Voyez comme ils sont barbares. Voyez de quoi ils sont capables\u00a0!\u00a0\u00bb. Pour justifier les massacres \u00e0 grande \u00e9chelle de civils qui allaient suivre et toujours en cours, les sionistes font comme si l\u2019Histoire commen\u00e7ait \u00e0 partir du 7 octobre. Comme si rien ne s\u2019\u00e9tait pass\u00e9 auparavant. Le 7 octobre devait effacer 75 ans de colonisation, 75 ans de crimes, effacer Deir Yassine, Sabra et Chatila, les 17 ans de blocus de Gaza, les six guerres criminelles contre les Gazaouis et le grignotage colonial m\u00e9thodique de toute la Palestine. Le 7 octobre devait effacer l\u2019inf\u00e2mie coloniale et laver l\u2019entit\u00e9 sioniste de ses crimes. La propagande occidentale tord les faits et inverse sans vergogne les responsabilit\u00e9s devant l\u2019Histoire.<\/span><\/span><\/span><\/p>\n<p><span style=\"color: #000000;\"><span style=\"font-family: Trebuchet MS, sans-serif;\"><span style=\"font-size: medium;\">Mais il y a loin de la propagande \u00e0 la r\u00e9alit\u00e9. Les faits sont t\u00eatus. Personne ne croit aux balivernes des sionistes. Le monde entier voit, au jour le jour, leur violence inou\u00efe qui n\u2019a laiss\u00e9 aucun r\u00e9pit aux Palestiniens. L\u2019acharnement criminel qui se d\u00e9roule sous nos yeux, avec toute la puissance de feu am\u00e9ricano-isra\u00e9lienne tuant des civils pour la plupart des femmes et des enfants, rappelle \u00e0 lui seul plusieurs si\u00e8cles de crimes contre l\u2019humanit\u00e9 sur toute la surface du globe. Des peuples entiers ont \u00e9t\u00e9 extermin\u00e9s par les Europ\u00e9ens. Rien ne devait et ne doit faire obstacle \u00e0 l\u2019exploitation des ressources et aux profits. Le contr\u00f4le du Moyen-Orient est strat\u00e9gique pour les imp\u00e9rialo-sionistes, et pour y parvenir, le peuple palestinien doit \u00eatre r\u00e9duit en poussi\u00e8re par tous les moyens. La violence g\u00e9nocidaire est au principe de la religion occidentale du profit et de l\u2019argent.<\/span><\/span><\/span><\/p>\n<p><span style=\"color: #000000;\"><span style=\"font-family: Trebuchet MS, sans-serif;\"><span style=\"font-size: medium;\">La lutte glorieuse du peuple palestinien contrecarre le plan funeste d\u2019une Palestine conquise et sous domination totale des sionistes. La r\u00e9sistance h\u00e9ro\u00efque de Gaza est aujourd\u2019hui objet d\u2019admiration malgr\u00e9 la censure et la r\u00e9pression. Partout fleurissent des manifestations de solidarit\u00e9. Face \u00e0 l\u2019ultra violence sioniste, les Palestiniens ne sont pas seuls. Ils peuvent compter sur le soutien populaire partout dans le monde. Les peuples savent dans leur chair que l\u2019ordre du monde est impitoyable et que les Palestiniens paient le prix fort du r\u00e8gne barbare de l\u2019imp\u00e9rialisme occidental.<\/span><\/span><\/span><\/p>\n<p><span style=\"color: #000000;\"><span style=\"font-family: Trebuchet MS, sans-serif;\"><span style=\"font-size: medium;\"><b>Le calendrier 2024 du Comit\u00e9 Action Palestine<\/b> rend hommage \u00e0 la fois \u00e0 la r\u00e9sistance h\u00e9ro\u00efque du peuple palestinien et \u00e0 la solidarit\u00e9 internationale. Le bruit des armes qui \u00e9ventrent Gaza ne rendra pas inaudible le cri de la justice\u00a0: Palestine libre\u00a0!<\/span><\/span><\/span><\/p>\n<p><span style=\"color: #000000;\"><span style=\"font-family: Trebuchet MS, sans-serif;\"><span style=\"font-size: medium;\">Vous pouvez soutenir nos actions et t\u00e9moigner de votre solidarit\u00e9 avec la r\u00e9sistance palestinienne en achetant ce calendrier au prix de 5\u20ac (+1\u20ac par calendrier pour les frais de port) directement en ligne en cliquant sur ce lien :\u00a0<\/span><\/span><\/span><span style=\"color: #000000;\"><span style=\"font-family: Trebuchet MS, sans-serif;\"><span style=\"font-size: medium;\"><a href=\"https:\/\/www.helloasso.com\/associations\/comite-action-palestine\/paiements\/calendrier-palestine-libre-2024-palestine-la-cause-des-peuples\">https:\/\/www.helloasso.com\/associations\/comite-action-palestine\/paiements\/calendrier-palestine-libre-2024-palestine-la-cause-des-peuples<\/a><\/span><\/span><\/span><\/p>\n<p><span style=\"color: #000000;\"><span style=\"font-family: Trebuchet MS, sans-serif;\"><span style=\"font-size: medium;\">ou en t\u00e9l\u00e9chargeant le <a href=\"http:\/\/www.comiteactionpalestine.org\/word\/wp-content\/uploads\/2023\/11\/bondecommande2024.pdf\">bon de commande <\/a><\/span><\/span><\/span><span style=\"color: #000000;\"><span style=\"font-family: Trebuchet MS, sans-serif;\"><span style=\"font-size: medium;\">et en nous l\u2019envoyant par courrier accompagn\u00e9 du r\u00e8glement.<\/span><\/span><\/span><\/p>\n<p><span style=\"color: #000000;\"><span style=\"font-family: Trebuchet MS, sans-serif;\"><span style=\"font-size: medium;\">Par avance nous vous remercions.<\/span><\/span><\/span><\/p>\n<p><span style=\"color: #000000;\"><span style=\"font-family: Trebuchet MS, sans-serif;\"><span style=\"font-size: medium;\"><a href=\"http:\/\/www.comiteactionpalestine.org\/word\/calendrier-palestine-libre-2024-palestine-la-cause-des-peuples\/\">Comit\u00e9 Action Palestine<\/a><\/span><\/span><\/span><\/p>\n","protected":false},"excerpt":{"rendered":"<p>Comit\u00e9 Action Palestine, novembre 2023. 75 ans de colonisation, 75 ans de r\u00e9sistance. Le peuple palestinien ne l\u00e2chera rien. La justice et la v\u00e9rit\u00e9 sont de son c\u00f4t\u00e9. Le projet <a class=\"more-link\" href=\"https:\/\/ismfrance.org\/index.php\/2023\/11\/20\/calendrier-palestine-libre-2024-palestine-la-cause-des-peuples\/\">Lire la suite &rarr;<\/a><\/p>\n","protected":false},"author":3,"featured_media":7607,"comment_status":"closed","ping_status":"closed","sticky":false,"template":"","format":"standard","meta":{"footnotes":""},"categories":[2,14],"tags":[44],"class_list":["post-7606","post","type-post","status-publish","format-standard","has-post-thumbnail","hentry","category-articles","category-communiques","tag-materiel-militant"],"yoast_head":"<!-- This site is optimized with the Yoast SEO plugin v27.2 - https:\/\/yoast.com\/product\/yoast-seo-wordpress\/ -->\n<title>Calendrier Palestine Libre 2024 : Palestine, la cause des peuples - International Solidarity Movement - ISM-France<\/title>\n<meta name=\"robots\" content=\"index, follow, max-snippet:-1, max-image-preview:large, max-video-preview:-1\" \/>\n<link rel=\"canonical\" href=\"https:\/\/ismfrance.org\/index.php\/2023\/11\/20\/calendrier-palestine-libre-2024-palestine-la-cause-des-peuples\/\" \/>\n<meta property=\"og:locale\" content=\"fr_FR\" \/>\n<meta property=\"og:type\" content=\"article\" \/>\n<meta property=\"og:title\" content=\"Calendrier Palestine Libre 2024 : Palestine, la cause des peuples - International Solidarity Movement - ISM-France\" \/>\n<meta property=\"og:description\" content=\"Comit\u00e9 Action Palestine, novembre 2023. 75 ans de colonisation, 75 ans de r\u00e9sistance. Le peuple palestinien ne l\u00e2chera rien. La justice et la v\u00e9rit\u00e9 sont de son c\u00f4t\u00e9. Le projet Lire la suite &rarr;\" \/>\n<meta property=\"og:url\" content=\"https:\/\/ismfrance.org\/index.php\/2023\/11\/20\/calendrier-palestine-libre-2024-palestine-la-cause-des-peuples\/\" \/>\n<meta property=\"og:site_name\" content=\"International Solidarity Movement - ISM-France\" \/>\n<meta property=\"article:published_time\" content=\"2023-11-20T18:32:02+00:00\" \/>\n<meta property=\"og:image\" content=\"https:\/\/ismfrance.org\/wp-content\/uploads\/2023\/11\/calendrier.jpg\" \/>\n\t<meta property=\"og:image:width\" content=\"750\" \/>\n\t<meta property=\"og:image:height\" content=\"400\" \/>\n\t<meta property=\"og:image:type\" content=\"image\/jpeg\" \/>\n<meta name=\"author\" content=\"mru_01\" \/>\n<meta name=\"twitter:card\" content=\"summary_large_image\" \/>\n<meta name=\"twitter:creator\" content=\"@ISMFRANCE\" \/>\n<meta name=\"twitter:site\" content=\"@ISMFRANCE\" \/>\n<meta name=\"twitter:label1\" content=\"\u00c9crit par\" \/>\n\t<meta name=\"twitter:data1\" content=\"mru_01\" \/>\n\t<meta name=\"twitter:label2\" content=\"Dur\u00e9e de lecture estim\u00e9e\" \/>\n\t<meta name=\"twitter:data2\" content=\"4 minutes\" \/>\n<script type=\"application\/ld+json\" class=\"yoast-schema-graph\">{\"@context\":\"https:\/\/schema.org\",\"@graph\":[{\"@type\":\"Article\",\"@id\":\"https:\/\/ismfrance.org\/index.php\/2023\/11\/20\/calendrier-palestine-libre-2024-palestine-la-cause-des-peuples\/#article\",\"isPartOf\":{\"@id\":\"https:\/\/ismfrance.org\/index.php\/2023\/11\/20\/calendrier-palestine-libre-2024-palestine-la-cause-des-peuples\/\"},\"author\":{\"name\":\"mru_01\",\"@id\":\"https:\/\/ismfrance.org\/#\/schema\/person\/3c411eb72adfaae19c0dca1f41fae01d\"},\"headline\":\"Calendrier Palestine Libre 2024 : Palestine, la cause des peuples\",\"datePublished\":\"2023-11-20T18:32:02+00:00\",\"mainEntityOfPage\":{\"@id\":\"https:\/\/ismfrance.org\/index.php\/2023\/11\/20\/calendrier-palestine-libre-2024-palestine-la-cause-des-peuples\/\"},\"wordCount\":615,\"publisher\":{\"@id\":\"https:\/\/ismfrance.org\/#organization\"},\"image\":{\"@id\":\"https:\/\/ismfrance.org\/index.php\/2023\/11\/20\/calendrier-palestine-libre-2024-palestine-la-cause-des-peuples\/#primaryimage\"},\"thumbnailUrl\":\"https:\/\/ismfrance.org\/wp-content\/uploads\/2023\/11\/calendrier.jpg\",\"keywords\":[\"mat\u00e9riel militant\"],\"articleSection\":[\"Articles\",\"Communiqu\u00e9s\"],\"inLanguage\":\"fr-FR\"},{\"@type\":\"WebPage\",\"@id\":\"https:\/\/ismfrance.org\/index.php\/2023\/11\/20\/calendrier-palestine-libre-2024-palestine-la-cause-des-peuples\/\",\"url\":\"https:\/\/ismfrance.org\/index.php\/2023\/11\/20\/calendrier-palestine-libre-2024-palestine-la-cause-des-peuples\/\",\"name\":\"Calendrier Palestine Libre 2024 : Palestine, la cause des peuples - International Solidarity Movement - ISM-France\",\"isPartOf\":{\"@id\":\"https:\/\/ismfrance.org\/#website\"},\"primaryImageOfPage\":{\"@id\":\"https:\/\/ismfrance.org\/index.php\/2023\/11\/20\/calendrier-palestine-libre-2024-palestine-la-cause-des-peuples\/#primaryimage\"},\"image\":{\"@id\":\"https:\/\/ismfrance.org\/index.php\/2023\/11\/20\/calendrier-palestine-libre-2024-palestine-la-cause-des-peuples\/#primaryimage\"},\"thumbnailUrl\":\"https:\/\/ismfrance.org\/wp-content\/uploads\/2023\/11\/calendrier.jpg\",\"datePublished\":\"2023-11-20T18:32:02+00:00\",\"breadcrumb\":{\"@id\":\"https:\/\/ismfrance.org\/index.php\/2023\/11\/20\/calendrier-palestine-libre-2024-palestine-la-cause-des-peuples\/#breadcrumb\"},\"inLanguage\":\"fr-FR\",\"potentialAction\":[{\"@type\":\"ReadAction\",\"target\":[\"https:\/\/ismfrance.org\/index.php\/2023\/11\/20\/calendrier-palestine-libre-2024-palestine-la-cause-des-peuples\/\"]}]},{\"@type\":\"ImageObject\",\"inLanguage\":\"fr-FR\",\"@id\":\"https:\/\/ismfrance.org\/index.php\/2023\/11\/20\/calendrier-palestine-libre-2024-palestine-la-cause-des-peuples\/#primaryimage\",\"url\":\"https:\/\/ismfrance.org\/wp-content\/uploads\/2023\/11\/calendrier.jpg\",\"contentUrl\":\"https:\/\/ismfrance.org\/wp-content\/uploads\/2023\/11\/calendrier.jpg\",\"width\":750,\"height\":400},{\"@type\":\"BreadcrumbList\",\"@id\":\"https:\/\/ismfrance.org\/index.php\/2023\/11\/20\/calendrier-palestine-libre-2024-palestine-la-cause-des-peuples\/#breadcrumb\",\"itemListElement\":[{\"@type\":\"ListItem\",\"position\":1,\"name\":\"Accueil\",\"item\":\"https:\/\/ismfrance.org\/\"},{\"@type\":\"ListItem\",\"position\":2,\"name\":\"Calendrier Palestine Libre 2024 : Palestine, la cause des peuples\"}]},{\"@type\":\"WebSite\",\"@id\":\"https:\/\/ismfrance.org\/#website\",\"url\":\"https:\/\/ismfrance.org\/\",\"name\":\"ISM Palestine France\",\"description\":\"Soutien aux luttes de lib\u00e9ration du peuple palestinien\",\"publisher\":{\"@id\":\"https:\/\/ismfrance.org\/#organization\"},\"potentialAction\":[{\"@type\":\"SearchAction\",\"target\":{\"@type\":\"EntryPoint\",\"urlTemplate\":\"https:\/\/ismfrance.org\/?s={search_term_string}\"},\"query-input\":{\"@type\":\"PropertyValueSpecification\",\"valueRequired\":true,\"valueName\":\"search_term_string\"}}],\"inLanguage\":\"fr-FR\"},{\"@type\":\"Organization\",\"@id\":\"https:\/\/ismfrance.org\/#organization\",\"name\":\"International Solidarity Movement\",\"url\":\"https:\/\/ismfrance.org\/\",\"logo\":{\"@type\":\"ImageObject\",\"inLanguage\":\"fr-FR\",\"@id\":\"https:\/\/ismfrance.org\/#\/schema\/logo\/image\/\",\"url\":\"https:\/\/ismfrance.org\/wp-content\/uploads\/2020\/12\/00.png\",\"contentUrl\":\"https:\/\/ismfrance.org\/wp-content\/uploads\/2020\/12\/00.png\",\"width\":400,\"height\":400,\"caption\":\"International Solidarity Movement\"},\"image\":{\"@id\":\"https:\/\/ismfrance.org\/#\/schema\/logo\/image\/\"},\"sameAs\":[\"https:\/\/x.com\/ISMFRANCE\"]},{\"@type\":\"Person\",\"@id\":\"https:\/\/ismfrance.org\/#\/schema\/person\/3c411eb72adfaae19c0dca1f41fae01d\",\"name\":\"mru_01\",\"image\":{\"@type\":\"ImageObject\",\"inLanguage\":\"fr-FR\",\"@id\":\"https:\/\/secure.gravatar.com\/avatar\/3a0be343b445d2ccc79e87444a294fad2b232e90d2051d0e3cc219e1ecd6a330?s=96&d=mm&r=g\",\"url\":\"https:\/\/secure.gravatar.com\/avatar\/3a0be343b445d2ccc79e87444a294fad2b232e90d2051d0e3cc219e1ecd6a330?s=96&d=mm&r=g\",\"contentUrl\":\"https:\/\/secure.gravatar.com\/avatar\/3a0be343b445d2ccc79e87444a294fad2b232e90d2051d0e3cc219e1ecd6a330?s=96&d=mm&r=g\",\"caption\":\"mru_01\"},\"url\":\"https:\/\/ismfrance.org\/index.php\/author\/admin02\/\"}]}<\/script>\n<!-- \/ Yoast SEO plugin. -->","yoast_head_json":{"title":"Calendrier Palestine Libre 2024 : Palestine, la cause des peuples - International Solidarity Movement - ISM-France","robots":{"index":"index","follow":"follow","max-snippet":"max-snippet:-1","max-image-preview":"max-image-preview:large","max-video-preview":"max-video-preview:-1"},"canonical":"https:\/\/ismfrance.org\/index.php\/2023\/11\/20\/calendrier-palestine-libre-2024-palestine-la-cause-des-peuples\/","og_locale":"fr_FR","og_type":"article","og_title":"Calendrier Palestine Libre 2024 : Palestine, la cause des peuples - International Solidarity Movement - ISM-France","og_description":"Comit\u00e9 Action Palestine, novembre 2023. 75 ans de colonisation, 75 ans de r\u00e9sistance. Le peuple palestinien ne l\u00e2chera rien. La justice et la v\u00e9rit\u00e9 sont de son c\u00f4t\u00e9. Le projet Lire la suite &rarr;","og_url":"https:\/\/ismfrance.org\/index.php\/2023\/11\/20\/calendrier-palestine-libre-2024-palestine-la-cause-des-peuples\/","og_site_name":"International Solidarity Movement - ISM-France","article_published_time":"2023-11-20T18:32:02+00:00","og_image":[{"width":750,"height":400,"url":"https:\/\/ismfrance.org\/wp-content\/uploads\/2023\/11\/calendrier.jpg","type":"image\/jpeg"}],"author":"mru_01","twitter_card":"summary_large_image","twitter_creator":"@ISMFRANCE","twitter_site":"@ISMFRANCE","twitter_misc":{"\u00c9crit par":"mru_01","Dur\u00e9e de lecture estim\u00e9e":"4 minutes"},"schema":{"@context":"https:\/\/schema.org","@graph":[{"@type":"Article","@id":"https:\/\/ismfrance.org\/index.php\/2023\/11\/20\/calendrier-palestine-libre-2024-palestine-la-cause-des-peuples\/#article","isPartOf":{"@id":"https:\/\/ismfrance.org\/index.php\/2023\/11\/20\/calendrier-palestine-libre-2024-palestine-la-cause-des-peuples\/"},"author":{"name":"mru_01","@id":"https:\/\/ismfrance.org\/#\/schema\/person\/3c411eb72adfaae19c0dca1f41fae01d"},"headline":"Calendrier Palestine Libre 2024 : Palestine, la cause des peuples","datePublished":"2023-11-20T18:32:02+00:00","mainEntityOfPage":{"@id":"https:\/\/ismfrance.org\/index.php\/2023\/11\/20\/calendrier-palestine-libre-2024-palestine-la-cause-des-peuples\/"},"wordCount":615,"publisher":{"@id":"https:\/\/ismfrance.org\/#organization"},"image":{"@id":"https:\/\/ismfrance.org\/index.php\/2023\/11\/20\/calendrier-palestine-libre-2024-palestine-la-cause-des-peuples\/#primaryimage"},"thumbnailUrl":"https:\/\/ismfrance.org\/wp-content\/uploads\/2023\/11\/calendrier.jpg","keywords":["mat\u00e9riel militant"],"articleSection":["Articles","Communiqu\u00e9s"],"inLanguage":"fr-FR"},{"@type":"WebPage","@id":"https:\/\/ismfrance.org\/index.php\/2023\/11\/20\/calendrier-palestine-libre-2024-palestine-la-cause-des-peuples\/","url":"https:\/\/ismfrance.org\/index.php\/2023\/11\/20\/calendrier-palestine-libre-2024-palestine-la-cause-des-peuples\/","name":"Calendrier Palestine Libre 2024 : Palestine, la cause des peuples - International Solidarity Movement - ISM-France","isPartOf":{"@id":"https:\/\/ismfrance.org\/#website"},"primaryImageOfPage":{"@id":"https:\/\/ismfrance.org\/index.php\/2023\/11\/20\/calendrier-palestine-libre-2024-palestine-la-cause-des-peuples\/#primaryimage"},"image":{"@id":"https:\/\/ismfrance.org\/index.php\/2023\/11\/20\/calendrier-palestine-libre-2024-palestine-la-cause-des-peuples\/#primaryimage"},"thumbnailUrl":"https:\/\/ismfrance.org\/wp-content\/uploads\/2023\/11\/calendrier.jpg","datePublished":"2023-11-20T18:32:02+00:00","breadcrumb":{"@id":"https:\/\/ismfrance.org\/index.php\/2023\/11\/20\/calendrier-palestine-libre-2024-palestine-la-cause-des-peuples\/#breadcrumb"},"inLanguage":"fr-FR","potentialAction":[{"@type":"ReadAction","target":["https:\/\/ismfrance.org\/index.php\/2023\/11\/20\/calendrier-palestine-libre-2024-palestine-la-cause-des-peuples\/"]}]},{"@type":"ImageObject","inLanguage":"fr-FR","@id":"https:\/\/ismfrance.org\/index.php\/2023\/11\/20\/calendrier-palestine-libre-2024-palestine-la-cause-des-peuples\/#primaryimage","url":"https:\/\/ismfrance.org\/wp-content\/uploads\/2023\/11\/calendrier.jpg","contentUrl":"https:\/\/ismfrance.org\/wp-content\/uploads\/2023\/11\/calendrier.jpg","width":750,"height":400},{"@type":"BreadcrumbList","@id":"https:\/\/ismfrance.org\/index.php\/2023\/11\/20\/calendrier-palestine-libre-2024-palestine-la-cause-des-peuples\/#breadcrumb","itemListElement":[{"@type":"ListItem","position":1,"name":"Accueil","item":"https:\/\/ismfrance.org\/"},{"@type":"ListItem","position":2,"name":"Calendrier Palestine Libre 2024 : Palestine, la cause des peuples"}]},{"@type":"WebSite","@id":"https:\/\/ismfrance.org\/#website","url":"https:\/\/ismfrance.org\/","name":"ISM Palestine France","description":"Soutien aux luttes de lib\u00e9ration du peuple palestinien","publisher":{"@id":"https:\/\/ismfrance.org\/#organization"},"potentialAction":[{"@type":"SearchAction","target":{"@type":"EntryPoint","urlTemplate":"https:\/\/ismfrance.org\/?s={search_term_string}"},"query-input":{"@type":"PropertyValueSpecification","valueRequired":true,"valueName":"search_term_string"}}],"inLanguage":"fr-FR"},{"@type":"Organization","@id":"https:\/\/ismfrance.org\/#organization","name":"International Solidarity Movement","url":"https:\/\/ismfrance.org\/","logo":{"@type":"ImageObject","inLanguage":"fr-FR","@id":"https:\/\/ismfrance.org\/#\/schema\/logo\/image\/","url":"https:\/\/ismfrance.org\/wp-content\/uploads\/2020\/12\/00.png","contentUrl":"https:\/\/ismfrance.org\/wp-content\/uploads\/2020\/12\/00.png","width":400,"height":400,"caption":"International Solidarity Movement"},"image":{"@id":"https:\/\/ismfrance.org\/#\/schema\/logo\/image\/"},"sameAs":["https:\/\/x.com\/ISMFRANCE"]},{"@type":"Person","@id":"https:\/\/ismfrance.org\/#\/schema\/person\/3c411eb72adfaae19c0dca1f41fae01d","name":"mru_01","image":{"@type":"ImageObject","inLanguage":"fr-FR","@id":"https:\/\/secure.gravatar.com\/avatar\/3a0be343b445d2ccc79e87444a294fad2b232e90d2051d0e3cc219e1ecd6a330?s=96&d=mm&r=g","url":"https:\/\/secure.gravatar.com\/avatar\/3a0be343b445d2ccc79e87444a294fad2b232e90d2051d0e3cc219e1ecd6a330?s=96&d=mm&r=g","contentUrl":"https:\/\/secure.gravatar.com\/avatar\/3a0be343b445d2ccc79e87444a294fad2b232e90d2051d0e3cc219e1ecd6a330?s=96&d=mm&r=g","caption":"mru_01"},"url":"https:\/\/ismfrance.org\/index.php\/author\/admin02\/"}]}},"_links":{"self":[{"href":"https:\/\/ismfrance.org\/index.php\/wp-json\/wp\/v2\/posts\/7606","targetHints":{"allow":["GET"]}}],"collection":[{"href":"https:\/\/ismfrance.org\/index.php\/wp-json\/wp\/v2\/posts"}],"about":[{"href":"https:\/\/ismfrance.org\/index.php\/wp-json\/wp\/v2\/types\/post"}],"author":[{"embeddable":true,"href":"https:\/\/ismfrance.org\/index.php\/wp-json\/wp\/v2\/users\/3"}],"replies":[{"embeddable":true,"href":"https:\/\/ismfrance.org\/index.php\/wp-json\/wp\/v2\/comments?post=7606"}],"version-history":[{"count":0,"href":"https:\/\/ismfrance.org\/index.php\/wp-json\/wp\/v2\/posts\/7606\/revisions"}],"wp:featuredmedia":[{"embeddable":true,"href":"https:\/\/ismfrance.org\/index.php\/wp-json\/wp\/v2\/media\/7607"}],"wp:attachment":[{"href":"https:\/\/ismfrance.org\/index.php\/wp-json\/wp\/v2\/media?parent=7606"}],"wp:term":[{"taxonomy":"category","embeddable":true,"href":"https:\/\/ismfrance.org\/index.php\/wp-json\/wp\/v2\/categories?post=7606"},{"taxonomy":"post_tag","embeddable":true,"href":"https:\/\/ismfrance.org\/index.php\/wp-json\/wp\/v2\/tags?post=7606"}],"curies":[{"name":"wp","href":"https:\/\/api.w.org\/{rel}","templated":true}]}}