{"id":7599,"date":"2023-11-20T17:35:44","date_gmt":"2023-11-20T16:35:44","guid":{"rendered":"https:\/\/ismfrance.org\/?p=7599"},"modified":"2023-11-20T17:35:44","modified_gmt":"2023-11-20T16:35:44","slug":"nous-ne-nous-laisserons-pas-intimider-declaration-et-appel-a-laction-concernant-les-attaques-contre-notre-groupe-dans-les-medias-israeliens","status":"publish","type":"post","link":"https:\/\/ismfrance.org\/index.php\/2023\/11\/20\/nous-ne-nous-laisserons-pas-intimider-declaration-et-appel-a-laction-concernant-les-attaques-contre-notre-groupe-dans-les-medias-israeliens\/","title":{"rendered":"Nous ne nous laisserons pas intimider\u00a0: d\u00e9claration et appel \u00e0 l&rsquo;action concernant les attaques contre notre groupe dans les m\u00e9dias isra\u00e9liens"},"content":{"rendered":"<p><span style=\"color: #000000;\"><span style=\"font-family: Trebuchet MS, sans-serif;\"><span style=\"font-size: medium;\"><strong>ISM-Palestine, 13 novembre 2023<\/strong>. Cette semaine, le Mouvement de Solidarit\u00e9 Internationale (ISM-Palestine) a \u00e9t\u00e9 pris pour cible dans les m\u00e9dias isra\u00e9liens. Des articles sont parus citant et montrant des photos et des vid\u00e9os de volontaires de l\u2019ISM et d\u2019activistes isra\u00e9liens, les accusant de diffuser \u00ab une fausse campagne contre la violence des colons \u00bb et d\u2019\u00eatre des partisans du Hamas et des \u00ab aides aux nazis \u00bb. Dans <a href=\"https:\/\/www.middleeasteye.net\/news\/israel-palestine-war-aqsa-imam-far-right-telegram-hit-list\">l&rsquo;atmosph\u00e8re actuelle de violence<\/a> <a href=\"https:\/\/mondoweiss.net\/2023\/11\/from-the-river-to-the-sea-there-is-one-israeli-dictatorship\/\">contre la dissidence<\/a>, cela expose les individus accus\u00e9s \u00e0 un risque consid\u00e9rable.<\/span><\/span><\/span><\/p>\n<div id=\"attachment_7601\" style=\"width: 610px\" class=\"wp-caption alignnone\"><a href=\"https:\/\/ismfrance.org\/wp-content\/uploads\/2023\/11\/der-istiya.png\"><img loading=\"lazy\" decoding=\"async\" aria-describedby=\"caption-attachment-7601\" class=\"wp-image-7601 size-large\" src=\"https:\/\/ismfrance.org\/wp-content\/uploads\/2023\/11\/der-istiya-700x412.png\" alt=\"\" width=\"600\" height=\"353\" srcset=\"https:\/\/ismfrance.org\/wp-content\/uploads\/2023\/11\/der-istiya-700x412.png 700w, https:\/\/ismfrance.org\/wp-content\/uploads\/2023\/11\/der-istiya-300x177.png 300w, https:\/\/ismfrance.org\/wp-content\/uploads\/2023\/11\/der-istiya.png 769w\" sizes=\"auto, (max-width: 600px) 100vw, 600px\" \/><\/a><p id=\"caption-attachment-7601\" class=\"wp-caption-text\">Manifestation hebdomadaire \u00e0 Der Istya, Cisjordanie occup\u00e9e, le 6 octobre 2023. Capture d&rsquo;\u00e9cran de la vid\u00e9o ci-dessous.<\/p><\/div>\n<p><span style=\"color: #000000;\"><span style=\"font-family: Trebuchet MS, sans-serif;\"><span style=\"font-size: medium;\">L&rsquo;attaque de droite contre l&rsquo;ISM a commenc\u00e9 apr\u00e8s que nous avons appel\u00e9 nos soutiens \u00e0\u00a0<a href=\"https:\/\/palsolidarity.org\/2023\/10\/call-to-action-embassies-of-ireland-uk-belgium-and-mexico-act-now-to-stop-the-violence-in-masafer-yatta\/\">contacter les ambassades internationales<\/a>\u00a0au sujet de la situation \u00e0 Masafer Yatta. Notre appel a d\u00fb toucher une corde sensible et nous aimerions que nos partisans renouvellent leurs efforts pour faire pression sur les bureaux de repr\u00e9sentation et les ambassades au cours de la semaine \u00e0 venir.<\/span><\/span><\/span><\/p>\n<p><span style=\"color: #000000;\"><span style=\"font-family: Trebuchet MS, sans-serif;\"><span style=\"font-size: medium;\">L&rsquo;attaque contre l&rsquo;ISM et d&rsquo;autres d\u00e9fenseurs des droits de l&rsquo;homme est une tentative de s&rsquo;assurer qu&rsquo;il n&rsquo;y ait aucun t\u00e9moin pour signaler les attaques des colons isra\u00e9liens contre les Palestiniens, afin que colons et militaires puissent continuer \u00e0 commettre un nettoyage ethnique \u00e0 travers la Cisjordanie occup\u00e9e. Ils pr\u00e9tendent que nous nous faisons faussement passer pour des d\u00e9fenseurs des droits de l&rsquo;homme, aux c\u00f4t\u00e9s de 22 autres organisations qui ont appel\u00e9 \u00e0 mettre fin au nettoyage ethnique dans les collines du sud d&rsquo;H\u00e9bron.<\/span><\/span><\/span><\/p>\n<p><span style=\"color: #000000;\"><span style=\"font-family: Trebuchet MS, sans-serif;\"><span style=\"font-size: medium;\">Ils nous accusent \u00e9galement d\u2019\u00ab alimenter la fausse violence des colons \u00bb afin de nuire \u00e0 l&rsquo;image d&rsquo;Isra\u00ebl sur la sc\u00e8ne internationale. En fait, nos d\u00e9clarations et notre documentation sur\u00a0<a href=\"https:\/\/english.wafa.ps\/Pages\/Details\/139218\">la\u00a0r\u00e9alit\u00e9 de la situation<\/a>\u00a0sur le terrain n&rsquo;ont couvert qu&rsquo;une fraction des atrocit\u00e9s commises par les colons. En septembre, <a href=\"https:\/\/www.ochaopt.org\/content\/displacement-palestinian-herders-amid-increasing-settler-violence?_gl=1*v5jivs*_ga*MTczMDMwOTk2MC4xNjk4NTAwNDc3*_ga_E60ZNX2F68*MTY5OTgxODMzNi4yLjEuMTY5OTgxODQ0NS42MC4wLjA\">l&rsquo;ONU<\/a> a signal\u00e9 que les d\u00e9placements provoqu\u00e9s par les colons avaient d\u00e9j\u00e0 augment\u00e9 en nombre tout au long de 2022 et que les Palestiniens restant dans des communaut\u00e9s isol\u00e9es couraient un \u00ab risque \u00e9lev\u00e9 \u00bb. Sur les pr\u00e8s de 2.000 Palestiniens <a href=\"https:\/\/reliefweb.int\/report\/occupied-palestinian-territory\/other-mass-displacement-while-eyes-are-gaza-settlers-advance-west-bank-herders-enhe#:~:text=On 28 October 2023, the,12, 21 and 26 October.\">d\u00e9plac\u00e9s \u00e0 cause des violences<\/a> des colons depuis 2022, 43 % de ces d\u00e9placements dus aux pers\u00e9cutions continues des colons ont eu lieu \u2013 en un peu plus d&rsquo;un mois \u2013 depuis le 7 octobre 2023.<\/span><\/span><\/span><\/p>\n<p><span style=\"color: #000000;\"><span style=\"font-family: Trebuchet MS, sans-serif;\"><span style=\"font-size: medium;\">Nous ne nous laisserons pas intimider, nous continuerons \u00e0 assurer une pr\u00e9sence protectrice aux communaut\u00e9s qui le demandent, et nous continuerons \u00e0 d\u00e9noncer et \u00e0 r\u00e9sister de mani\u00e8re non violente au nettoyage ethnique en cours. Nous vivons actuellement un moment critique de la lutte palestinienne et de la lutte mondiale pour la justice. La solidarit\u00e9 est plus que jamais n\u00e9cessaire.<\/span><\/span><\/span><\/p>\n<div style=\"width: 600px;\" class=\"wp-video\"><video class=\"wp-video-shortcode\" id=\"video-7599-1\" width=\"600\" height=\"401\" preload=\"metadata\" controls=\"controls\"><source type=\"video\/mp4\" src=\"https:\/\/ismfrance.org\/wp-content\/uploads\/2023\/11\/video-1.mp4?_=1\" \/><a href=\"https:\/\/ismfrance.org\/wp-content\/uploads\/2023\/11\/video-1.mp4\">https:\/\/ismfrance.org\/wp-content\/uploads\/2023\/11\/video-1.mp4<\/a><\/video><\/div>\n<div style=\"width: 600px;\" class=\"wp-video\"><video class=\"wp-video-shortcode\" id=\"video-7599-2\" width=\"600\" height=\"338\" preload=\"metadata\" controls=\"controls\"><source type=\"video\/mp4\" src=\"https:\/\/ismfrance.org\/wp-content\/uploads\/2023\/11\/video-2.mp4?_=2\" \/><a href=\"https:\/\/ismfrance.org\/wp-content\/uploads\/2023\/11\/video-2.mp4\">https:\/\/ismfrance.org\/wp-content\/uploads\/2023\/11\/video-2.mp4<\/a><\/video><\/div>\n<div style=\"width: 600px;\" class=\"wp-video\"><video class=\"wp-video-shortcode\" id=\"video-7599-3\" width=\"600\" height=\"338\" preload=\"metadata\" controls=\"controls\"><source type=\"video\/mp4\" src=\"https:\/\/ismfrance.org\/wp-content\/uploads\/2023\/11\/video-3.mp4?_=3\" \/><a href=\"https:\/\/ismfrance.org\/wp-content\/uploads\/2023\/11\/video-3.mp4\">https:\/\/ismfrance.org\/wp-content\/uploads\/2023\/11\/video-3.mp4<\/a><\/video><\/div>\n<p>&nbsp;<\/p>\n<p><span style=\"color: #000000;\"><span style=\"font-family: Trebuchet MS, sans-serif;\"><span style=\"font-size: medium;\">Depuis le d\u00e9but de l&rsquo;attaque sur Gaza, nos volontaires ont signal\u00e9 et vu des colons en uniforme terroriser de petits hameaux palestiniens, prof\u00e9rant des menaces de mort et ouvrant le feu sur des civils \u00e0 balles r\u00e9elles. Le r\u00f4le de l\u2019ISM \u00e0 Masafer Yatta \u2013 aux c\u00f4t\u00e9s de nos camarades isra\u00e9liens \u2013 est de maintenir une pr\u00e9sence protectrice pour dissuader de nouvelles violences et de rendre compte de la tentative des colons de d\u00e9placer de force les Palestiniens de la r\u00e9gion.<\/span><\/span><\/span><\/p>\n<p><span style=\"color: #000000;\"><span style=\"font-family: Trebuchet MS, sans-serif;\"><span style=\"font-size: medium;\">Certains articles parus dans les m\u00e9dias isra\u00e9liens de droite se sont concentr\u00e9s sur un ancien volontaire am\u00e9ricain de l\u2019ISM qui, selon eux, est l\u2019un des fondateurs et \u00ab le leader de l\u2019ISM \u00bb. La personne en question, bien qu\u2019elle ait \u00e9t\u00e9 dans le pass\u00e9 volontaire de l\u2019ISM, n\u2019en \u00e9tait pas un fondateur ni\u00a0un de ses leaders. En fait, l&rsquo;un des\u00a0<a href=\"https:\/\/ismfrance.org\/index.php\/qui-sommes-nous\/\">quatre principes directeurs de l&rsquo;ISM<\/a>\u00a0est que nous sommes un mouvement non hi\u00e9rarchique et que nous n&rsquo;avons pas de dirigeants individuels. Cet individu ne fait plus partie d&rsquo;ISM \u00e0 la suite d&rsquo;un processus interne de r\u00e9solution de d\u00e9saccords \u00e9thiques qui a abouti \u00e0 son d\u00e9part du groupe en 2017. ISM n&rsquo;est pas responsable des actions de cet individu \u2013 ou de tout autre \u2013 qui n&rsquo;oeuvre pas selon nos principes et qui ne sont plus connect\u00e9s \u00e0 nos groupes de soutien.<\/span><\/span><\/span><\/p>\n<p><span style=\"color: #000000;\"><span style=\"font-family: Trebuchet MS, sans-serif;\"><span style=\"font-size: medium;\">Les articles disent \u00e9galement que l\u2019ISM est \u00ab une branche op\u00e9rationnelle du Hamas \u00bb, alors qu\u2019en r\u00e9alit\u00e9 l\u2019ISM est ind\u00e9pendant. Nous ne sommes partisans d\u2019aucun parti politique. Nous utilisons uniquement des tactiques non-violentes et pensons que les actions non-violentes constituent un outil puissant dans la lutte contre l\u2019oppression, l\u2019occupation et l\u2019apartheid.<\/span><\/span><\/span><\/p>\n<p><span style=\"color: #000000;\"><span style=\"font-family: Trebuchet MS, sans-serif;\"><span style=\"font-size: medium;\">Les attaques de ce type se sont r\u00e9cemment multipli\u00e9es, mais elles ne sont pas nouvelles. En novembre dernier, Bezalel Smotrich\u00a0<a href=\"https:\/\/www.haaretz.com\/israel-news\/2022-11-21\/ty-article\/.premium\/israel-must-deal-with-human-rights-orgs-as-an-existential-threat-far-right-mk-says\/00000184-99a8-dc14-a99e-b9ebb5930000?172\">a d\u00e9clar\u00e9<\/a>\u00a0que les organisations de d\u00e9fense des droits humains constituent\u00a0\u00ab\u00a0une menace existentielle pour Isra\u00ebl\u00a0\u00bb\u00a0et que leur v\u00e9ritable objectif est\u00a0\u00ab\u00a0de saper la l\u00e9gitimit\u00e9 de l&rsquo;\u00c9tat d&rsquo;Isra\u00ebl\u00a0\u00bb.<\/span><\/span><\/span><\/p>\n<p><span style=\"color: #000000;\"><span style=\"font-family: Trebuchet MS, sans-serif;\"><span style=\"font-size: medium;\">Outre l&rsquo;ISM, l&rsquo;attaque vise 22 autres organisations de gauche qui ont r\u00e9cemment lanc\u00e9 un appel \u00e0 la communaut\u00e9 internationale pour qu&rsquo;elle mette fin au nettoyage ethnique et aux d\u00e9placements forc\u00e9s en Cisjordanie. La lettre envoy\u00e9e par les organisations dit\u00a0: \u00ab\u00a0La communaut\u00e9 internationale est appel\u00e9e \u00e0 agir de toute urgence pour mettre fin \u00e0 la vague de violence des colons, qui est men\u00e9e avec le soutien de l&rsquo;\u00c9tat, et qui conduit et conduira \u00e0 l&rsquo;expulsion des communaut\u00e9s palestiniennes en Cisjordanie. Nous pensons que la seule mani\u00e8re d\u2019arr\u00eater les expulsions en Cisjordanie passe par une intervention directe, forte et sans \u00e9quivoque de la communaut\u00e9 internationale. \u00bb<\/span><\/span><\/span><\/p>\n<p><span style=\"color: #000000;\"><span style=\"font-family: Trebuchet MS, sans-serif;\"><span style=\"font-size: medium;\">La situation en Cisjordanie s&rsquo;est rapidement <a href=\"https:\/\/palsolidarity.org\/2023\/10\/israeli-crimes-around-the-clock-in-the-west-bank\/\">d\u00e9t\u00e9rior\u00e9e<\/a> depuis le d\u00e9but de la derni\u00e8re guerre contre Gaza le 7 octobre. Depuis cette date, au moins 169 Palestiniens \u2013 dont 46 enfants \u2013 ont \u00e9t\u00e9 tu\u00e9s en Cisjordanie et plus de 3.000 ont \u00e9t\u00e9 arr\u00eat\u00e9s. Alors que Gaza souffre de bombardements incessants et criminels, les colons ont accru <a href=\"https:\/\/palsolidarity.org\/2023\/10\/ethnic-cleansing-in-masafer-yatta-reaches-unbearable-level-call-to-action\/\">leurs attaques<\/a> contre les communaut\u00e9s pastorales et isol\u00e9es de Cisjordanie occup\u00e9e pour forcer les Palestiniens \u00e0 partir en leur rendant la vie insupportable. Dans les communaut\u00e9s d&rsquo;\u00e9leveurs des collines du sud d&rsquo;H\u00e9bron, des colons arm\u00e9s ferment les routes d&rsquo;acc\u00e8s, et attaquent ceux qui tentent de partir. Les villageois sont r\u00e9guli\u00e8rement bless\u00e9s par les colons qui ouvrent le feu \u00e0 balles r\u00e9elles. Aucune nourriture ni fourrage ne peut p\u00e9n\u00e9trer dans les communaut\u00e9s, les enfants ne peuvent pas acc\u00e9der \u00e0 leurs \u00e9coles et les membres de la communaut\u00e9 sont dans un \u00e9tat persistant d&rsquo;anxi\u00e9t\u00e9 et de terreur.<\/span><\/span><\/span><\/p>\n<p><span style=\"color: #000000;\"><span style=\"font-family: Trebuchet MS, sans-serif;\"><span style=\"font-size: medium;\">L&rsquo;ISM maintient une pr\u00e9sence continue en Cisjordanie depuis le d\u00e9but de la Seconde Intifada. Notre r\u00f4le est de soutenir la lutte palestinienne pour la lib\u00e9ration et de fournir une plate-forme internationaliste permettant aux volontaires de se tenir aux c\u00f4t\u00e9s des Palestiniens, de faire entendre la voix des Palestiniens et de faire conna\u00eetre \u00e0 la communaut\u00e9 internationale la v\u00e9rit\u00e9 sur le g\u00e9nocide et le nettoyage ethnique en cours.<\/span><\/span><\/span><\/p>\n<p><span style=\"color: #000000;\"><span style=\"font-family: Trebuchet MS, sans-serif;\"><span style=\"font-size: medium;\">Les b\u00e9n\u00e9voles de l&rsquo;ISM, aux c\u00f4t\u00e9s des d\u00e9fenseurs isra\u00e9liens des droits humains, assurent une\u00a0<a href=\"https:\/\/ismfrance.org\/index.php\/2023\/11\/07\/en-attendant-le-lever-du-soleil-a-susiya-messages-de-masafer-yatta\/\">pr\u00e9sence protectrice<\/a>\u00a0dans ces communaut\u00e9s de Cisjordanie. Nous sommes h\u00e9berg\u00e9s par des membres de la communaut\u00e9. Notre pr\u00e9sence vise \u00e0 dissuader les colons et les forces d&rsquo;occupation isra\u00e9liennes de commettre des actes de violence dans ces communaut\u00e9s. Les volontaires documentent les violations des droits humains et font office de gardiens de nuit dans les communaut\u00e9s qui veillent pendant la nuit afin que les familles puissent dormir un peu.<\/span><\/span><\/span><\/p>\n<p><span style=\"color: #000000;\"><span style=\"font-family: Trebuchet MS, sans-serif;\"><span style=\"font-size: medium;\">Alors que les yeux du monde entier sont, \u00e0 juste titre, tourn\u00e9s vers le g\u00e9nocide isra\u00e9lien en cours \u00e0 Gaza, de nombreux \u00e9pisodes horribles de nettoyage ethnique des communaut\u00e9s palestiniennes se d\u00e9roulent dans l\u2019obscurit\u00e9 en Cisjordanie, inaper\u00e7us de la majorit\u00e9 de la communaut\u00e9 internationale.<\/span><\/span><\/span><\/p>\n<p><span style=\"font-size: medium;\"><span style=\"color: #000000;\"><span style=\"font-family: Trebuchet MS, sans-serif;\">Nous demandons aux peuples du monde entier de faire pression sur leurs gouvernements pour qu&rsquo;ils prennent des mesures imm\u00e9diates pour mettre fin aux attaques en Cisjordanie.<\/span><\/span><\/span><\/p>\n<p><span style=\"color: #000000;\"><span style=\"font-family: Trebuchet MS, sans-serif;\"><span style=\"font-size: medium;\"><b>Mod\u00e8le de communication aux ambassades et aux repr\u00e9sentants\u00a0:<\/b><\/span><\/span><\/span><\/p>\n<blockquote><p><span style=\"color: #000000;\"><span style=\"font-family: Trebuchet MS, sans-serif;\"><span style=\"font-size: medium;\"><i>\u00ab\u00a0J&rsquo;\u00e9cris pour exiger que des mesures rapides soient prises par cet organisme pour d\u00e9fendre les droits humains en Cisjordanie. Alors que des violations du droit international humanitaire continuent d&rsquo;\u00eatre commises contre les Palestiniens occup\u00e9s, les dirigeants du monde qui ne prennent pas toutes les mesures n\u00e9cessaires pour d\u00e9fendre la vie et la dignit\u00e9 humaines se rendent complices du d\u00e9ni de ces violations.<\/i><\/span><\/span><\/span><\/p>\n<p><span style=\"color: #000000;\"><span style=\"font-family: Trebuchet MS, sans-serif;\"><span style=\"font-size: medium;\"><i>Des incidents quotidiens de violence commis par des colons isra\u00e9liens contre des familles palestiniennes isol\u00e9es et vuln\u00e9rables dans les collines du sud d&rsquo;H\u00e9bron sont document\u00e9s et transmis au monde. Des transgressions quotidiennes du droit des Palestiniens \u00e0 vivre leur vie sans \u00eatre harcel\u00e9s, fouill\u00e9s, arbitrairement arr\u00eat\u00e9s et d\u00e9tenus sans inculpation, perquisitionn\u00e9s, abattus et humili\u00e9s par l&rsquo;arm\u00e9e et les colons \u2013 qui sont enhardis par le silence de la communaut\u00e9 internationale. Ces violations sont signal\u00e9es par des organisations de d\u00e9fense des droits humains du monde entier. Sous les yeux du monde entier, de quel c\u00f4t\u00e9 de l\u2019histoire serez-vous ?\u00a0\u00bb<\/i><\/span><\/span><\/span><\/p><\/blockquote>\n<pre><em><span style=\"color: #000000;\"><span style=\"font-family: Trebuchet MS, sans-serif;\"><span style=\"font-size: medium;\">Article original en anglais sur <a href=\"https:\/\/palsolidarity.org\/2023\/11\/we-will-not-be-intimidated-statement-and-call-to-action-about-the-attacks-on-our-group-in-the-israeli-media\/\">Palsolidarity.org<\/a> \/ Traduction MR<\/span><\/span><\/span><\/em><\/pre>\n","protected":false},"excerpt":{"rendered":"<p>ISM-Palestine, 13 novembre 2023. Cette semaine, le Mouvement de Solidarit\u00e9 Internationale (ISM-Palestine) a \u00e9t\u00e9 pris pour cible dans les m\u00e9dias isra\u00e9liens. Des articles sont parus citant et montrant des photos <a class=\"more-link\" href=\"https:\/\/ismfrance.org\/index.php\/2023\/11\/20\/nous-ne-nous-laisserons-pas-intimider-declaration-et-appel-a-laction-concernant-les-attaques-contre-notre-groupe-dans-les-medias-israeliens\/\">Lire la suite &rarr;<\/a><\/p>\n","protected":false},"author":3,"featured_media":7601,"comment_status":"closed","ping_status":"closed","sticky":false,"template":"","format":"standard","meta":{"footnotes":""},"categories":[2,13],"tags":[88,44],"class_list":["post-7599","post","type-post","status-publish","format-standard","has-post-thumbnail","hentry","category-articles","category-temoignages","tag-attaques-de-colons","tag-materiel-militant"],"yoast_head":"<!-- This site is optimized with the Yoast SEO plugin v27.2 - https:\/\/yoast.com\/product\/yoast-seo-wordpress\/ -->\n<title>Nous ne nous laisserons pas intimider\u00a0: d\u00e9claration et appel \u00e0 l&#039;action concernant les attaques contre notre groupe dans les m\u00e9dias isra\u00e9liens - International Solidarity Movement - ISM-France<\/title>\n<meta name=\"robots\" content=\"index, follow, max-snippet:-1, max-image-preview:large, max-video-preview:-1\" \/>\n<link rel=\"canonical\" href=\"https:\/\/ismfrance.org\/index.php\/2023\/11\/20\/nous-ne-nous-laisserons-pas-intimider-declaration-et-appel-a-laction-concernant-les-attaques-contre-notre-groupe-dans-les-medias-israeliens\/\" \/>\n<meta property=\"og:locale\" content=\"fr_FR\" \/>\n<meta property=\"og:type\" content=\"article\" \/>\n<meta property=\"og:title\" content=\"Nous ne nous laisserons pas intimider\u00a0: d\u00e9claration et appel \u00e0 l&#039;action concernant les attaques contre notre groupe dans les m\u00e9dias isra\u00e9liens - International Solidarity Movement - ISM-France\" \/>\n<meta property=\"og:description\" content=\"ISM-Palestine, 13 novembre 2023. Cette semaine, le Mouvement de Solidarit\u00e9 Internationale (ISM-Palestine) a \u00e9t\u00e9 pris pour cible dans les m\u00e9dias isra\u00e9liens. Des articles sont parus citant et montrant des photos Lire la suite &rarr;\" \/>\n<meta property=\"og:url\" content=\"https:\/\/ismfrance.org\/index.php\/2023\/11\/20\/nous-ne-nous-laisserons-pas-intimider-declaration-et-appel-a-laction-concernant-les-attaques-contre-notre-groupe-dans-les-medias-israeliens\/\" \/>\n<meta property=\"og:site_name\" content=\"International Solidarity Movement - ISM-France\" \/>\n<meta property=\"article:published_time\" content=\"2023-11-20T16:35:44+00:00\" \/>\n<meta property=\"og:image\" content=\"https:\/\/ismfrance.org\/wp-content\/uploads\/2023\/11\/der-istiya.png\" \/>\n\t<meta property=\"og:image:width\" content=\"769\" \/>\n\t<meta property=\"og:image:height\" content=\"453\" \/>\n\t<meta property=\"og:image:type\" content=\"image\/png\" \/>\n<meta name=\"author\" content=\"mru_01\" \/>\n<meta name=\"twitter:card\" content=\"summary_large_image\" \/>\n<meta name=\"twitter:creator\" content=\"@ISMFRANCE\" \/>\n<meta name=\"twitter:site\" content=\"@ISMFRANCE\" \/>\n<meta name=\"twitter:label1\" content=\"\u00c9crit par\" \/>\n\t<meta name=\"twitter:data1\" content=\"mru_01\" \/>\n\t<meta name=\"twitter:label2\" content=\"Dur\u00e9e de lecture estim\u00e9e\" \/>\n\t<meta name=\"twitter:data2\" content=\"7 minutes\" \/>\n<script type=\"application\/ld+json\" class=\"yoast-schema-graph\">{\"@context\":\"https:\/\/schema.org\",\"@graph\":[{\"@type\":\"Article\",\"@id\":\"https:\/\/ismfrance.org\/index.php\/2023\/11\/20\/nous-ne-nous-laisserons-pas-intimider-declaration-et-appel-a-laction-concernant-les-attaques-contre-notre-groupe-dans-les-medias-israeliens\/#article\",\"isPartOf\":{\"@id\":\"https:\/\/ismfrance.org\/index.php\/2023\/11\/20\/nous-ne-nous-laisserons-pas-intimider-declaration-et-appel-a-laction-concernant-les-attaques-contre-notre-groupe-dans-les-medias-israeliens\/\"},\"author\":{\"name\":\"mru_01\",\"@id\":\"https:\/\/ismfrance.org\/#\/schema\/person\/3c411eb72adfaae19c0dca1f41fae01d\"},\"headline\":\"Nous ne nous laisserons pas intimider\u00a0: d\u00e9claration et appel \u00e0 l&rsquo;action concernant les attaques contre notre groupe dans les m\u00e9dias isra\u00e9liens\",\"datePublished\":\"2023-11-20T16:35:44+00:00\",\"mainEntityOfPage\":{\"@id\":\"https:\/\/ismfrance.org\/index.php\/2023\/11\/20\/nous-ne-nous-laisserons-pas-intimider-declaration-et-appel-a-laction-concernant-les-attaques-contre-notre-groupe-dans-les-medias-israeliens\/\"},\"wordCount\":1620,\"publisher\":{\"@id\":\"https:\/\/ismfrance.org\/#organization\"},\"image\":{\"@id\":\"https:\/\/ismfrance.org\/index.php\/2023\/11\/20\/nous-ne-nous-laisserons-pas-intimider-declaration-et-appel-a-laction-concernant-les-attaques-contre-notre-groupe-dans-les-medias-israeliens\/#primaryimage\"},\"thumbnailUrl\":\"https:\/\/ismfrance.org\/wp-content\/uploads\/2023\/11\/der-istiya.png\",\"keywords\":[\"attaques de colons\",\"mat\u00e9riel militant\"],\"articleSection\":[\"Articles\",\"T\u00e9moignages\"],\"inLanguage\":\"fr-FR\"},{\"@type\":\"WebPage\",\"@id\":\"https:\/\/ismfrance.org\/index.php\/2023\/11\/20\/nous-ne-nous-laisserons-pas-intimider-declaration-et-appel-a-laction-concernant-les-attaques-contre-notre-groupe-dans-les-medias-israeliens\/\",\"url\":\"https:\/\/ismfrance.org\/index.php\/2023\/11\/20\/nous-ne-nous-laisserons-pas-intimider-declaration-et-appel-a-laction-concernant-les-attaques-contre-notre-groupe-dans-les-medias-israeliens\/\",\"name\":\"Nous ne nous laisserons pas intimider\u00a0: d\u00e9claration et appel \u00e0 l'action concernant les attaques contre notre groupe dans les m\u00e9dias isra\u00e9liens - International Solidarity Movement - ISM-France\",\"isPartOf\":{\"@id\":\"https:\/\/ismfrance.org\/#website\"},\"primaryImageOfPage\":{\"@id\":\"https:\/\/ismfrance.org\/index.php\/2023\/11\/20\/nous-ne-nous-laisserons-pas-intimider-declaration-et-appel-a-laction-concernant-les-attaques-contre-notre-groupe-dans-les-medias-israeliens\/#primaryimage\"},\"image\":{\"@id\":\"https:\/\/ismfrance.org\/index.php\/2023\/11\/20\/nous-ne-nous-laisserons-pas-intimider-declaration-et-appel-a-laction-concernant-les-attaques-contre-notre-groupe-dans-les-medias-israeliens\/#primaryimage\"},\"thumbnailUrl\":\"https:\/\/ismfrance.org\/wp-content\/uploads\/2023\/11\/der-istiya.png\",\"datePublished\":\"2023-11-20T16:35:44+00:00\",\"breadcrumb\":{\"@id\":\"https:\/\/ismfrance.org\/index.php\/2023\/11\/20\/nous-ne-nous-laisserons-pas-intimider-declaration-et-appel-a-laction-concernant-les-attaques-contre-notre-groupe-dans-les-medias-israeliens\/#breadcrumb\"},\"inLanguage\":\"fr-FR\",\"potentialAction\":[{\"@type\":\"ReadAction\",\"target\":[\"https:\/\/ismfrance.org\/index.php\/2023\/11\/20\/nous-ne-nous-laisserons-pas-intimider-declaration-et-appel-a-laction-concernant-les-attaques-contre-notre-groupe-dans-les-medias-israeliens\/\"]}]},{\"@type\":\"ImageObject\",\"inLanguage\":\"fr-FR\",\"@id\":\"https:\/\/ismfrance.org\/index.php\/2023\/11\/20\/nous-ne-nous-laisserons-pas-intimider-declaration-et-appel-a-laction-concernant-les-attaques-contre-notre-groupe-dans-les-medias-israeliens\/#primaryimage\",\"url\":\"https:\/\/ismfrance.org\/wp-content\/uploads\/2023\/11\/der-istiya.png\",\"contentUrl\":\"https:\/\/ismfrance.org\/wp-content\/uploads\/2023\/11\/der-istiya.png\",\"width\":769,\"height\":453},{\"@type\":\"BreadcrumbList\",\"@id\":\"https:\/\/ismfrance.org\/index.php\/2023\/11\/20\/nous-ne-nous-laisserons-pas-intimider-declaration-et-appel-a-laction-concernant-les-attaques-contre-notre-groupe-dans-les-medias-israeliens\/#breadcrumb\",\"itemListElement\":[{\"@type\":\"ListItem\",\"position\":1,\"name\":\"Accueil\",\"item\":\"https:\/\/ismfrance.org\/\"},{\"@type\":\"ListItem\",\"position\":2,\"name\":\"Nous ne nous laisserons pas intimider\u00a0: d\u00e9claration et appel \u00e0 l&#8217;action concernant les attaques contre notre groupe dans les m\u00e9dias isra\u00e9liens\"}]},{\"@type\":\"WebSite\",\"@id\":\"https:\/\/ismfrance.org\/#website\",\"url\":\"https:\/\/ismfrance.org\/\",\"name\":\"ISM Palestine France\",\"description\":\"Soutien aux luttes de lib\u00e9ration du peuple palestinien\",\"publisher\":{\"@id\":\"https:\/\/ismfrance.org\/#organization\"},\"potentialAction\":[{\"@type\":\"SearchAction\",\"target\":{\"@type\":\"EntryPoint\",\"urlTemplate\":\"https:\/\/ismfrance.org\/?s={search_term_string}\"},\"query-input\":{\"@type\":\"PropertyValueSpecification\",\"valueRequired\":true,\"valueName\":\"search_term_string\"}}],\"inLanguage\":\"fr-FR\"},{\"@type\":\"Organization\",\"@id\":\"https:\/\/ismfrance.org\/#organization\",\"name\":\"International Solidarity Movement\",\"url\":\"https:\/\/ismfrance.org\/\",\"logo\":{\"@type\":\"ImageObject\",\"inLanguage\":\"fr-FR\",\"@id\":\"https:\/\/ismfrance.org\/#\/schema\/logo\/image\/\",\"url\":\"https:\/\/ismfrance.org\/wp-content\/uploads\/2020\/12\/00.png\",\"contentUrl\":\"https:\/\/ismfrance.org\/wp-content\/uploads\/2020\/12\/00.png\",\"width\":400,\"height\":400,\"caption\":\"International Solidarity Movement\"},\"image\":{\"@id\":\"https:\/\/ismfrance.org\/#\/schema\/logo\/image\/\"},\"sameAs\":[\"https:\/\/x.com\/ISMFRANCE\"]},{\"@type\":\"Person\",\"@id\":\"https:\/\/ismfrance.org\/#\/schema\/person\/3c411eb72adfaae19c0dca1f41fae01d\",\"name\":\"mru_01\",\"image\":{\"@type\":\"ImageObject\",\"inLanguage\":\"fr-FR\",\"@id\":\"https:\/\/secure.gravatar.com\/avatar\/3a0be343b445d2ccc79e87444a294fad2b232e90d2051d0e3cc219e1ecd6a330?s=96&d=mm&r=g\",\"url\":\"https:\/\/secure.gravatar.com\/avatar\/3a0be343b445d2ccc79e87444a294fad2b232e90d2051d0e3cc219e1ecd6a330?s=96&d=mm&r=g\",\"contentUrl\":\"https:\/\/secure.gravatar.com\/avatar\/3a0be343b445d2ccc79e87444a294fad2b232e90d2051d0e3cc219e1ecd6a330?s=96&d=mm&r=g\",\"caption\":\"mru_01\"},\"url\":\"https:\/\/ismfrance.org\/index.php\/author\/admin02\/\"}]}<\/script>\n<!-- \/ Yoast SEO plugin. -->","yoast_head_json":{"title":"Nous ne nous laisserons pas intimider\u00a0: d\u00e9claration et appel \u00e0 l'action concernant les attaques contre notre groupe dans les m\u00e9dias isra\u00e9liens - International Solidarity Movement - ISM-France","robots":{"index":"index","follow":"follow","max-snippet":"max-snippet:-1","max-image-preview":"max-image-preview:large","max-video-preview":"max-video-preview:-1"},"canonical":"https:\/\/ismfrance.org\/index.php\/2023\/11\/20\/nous-ne-nous-laisserons-pas-intimider-declaration-et-appel-a-laction-concernant-les-attaques-contre-notre-groupe-dans-les-medias-israeliens\/","og_locale":"fr_FR","og_type":"article","og_title":"Nous ne nous laisserons pas intimider\u00a0: d\u00e9claration et appel \u00e0 l'action concernant les attaques contre notre groupe dans les m\u00e9dias isra\u00e9liens - International Solidarity Movement - ISM-France","og_description":"ISM-Palestine, 13 novembre 2023. Cette semaine, le Mouvement de Solidarit\u00e9 Internationale (ISM-Palestine) a \u00e9t\u00e9 pris pour cible dans les m\u00e9dias isra\u00e9liens. Des articles sont parus citant et montrant des photos Lire la suite &rarr;","og_url":"https:\/\/ismfrance.org\/index.php\/2023\/11\/20\/nous-ne-nous-laisserons-pas-intimider-declaration-et-appel-a-laction-concernant-les-attaques-contre-notre-groupe-dans-les-medias-israeliens\/","og_site_name":"International Solidarity Movement - ISM-France","article_published_time":"2023-11-20T16:35:44+00:00","og_image":[{"width":769,"height":453,"url":"https:\/\/ismfrance.org\/wp-content\/uploads\/2023\/11\/der-istiya.png","type":"image\/png"}],"author":"mru_01","twitter_card":"summary_large_image","twitter_creator":"@ISMFRANCE","twitter_site":"@ISMFRANCE","twitter_misc":{"\u00c9crit par":"mru_01","Dur\u00e9e de lecture estim\u00e9e":"7 minutes"},"schema":{"@context":"https:\/\/schema.org","@graph":[{"@type":"Article","@id":"https:\/\/ismfrance.org\/index.php\/2023\/11\/20\/nous-ne-nous-laisserons-pas-intimider-declaration-et-appel-a-laction-concernant-les-attaques-contre-notre-groupe-dans-les-medias-israeliens\/#article","isPartOf":{"@id":"https:\/\/ismfrance.org\/index.php\/2023\/11\/20\/nous-ne-nous-laisserons-pas-intimider-declaration-et-appel-a-laction-concernant-les-attaques-contre-notre-groupe-dans-les-medias-israeliens\/"},"author":{"name":"mru_01","@id":"https:\/\/ismfrance.org\/#\/schema\/person\/3c411eb72adfaae19c0dca1f41fae01d"},"headline":"Nous ne nous laisserons pas intimider\u00a0: d\u00e9claration et appel \u00e0 l&rsquo;action concernant les attaques contre notre groupe dans les m\u00e9dias isra\u00e9liens","datePublished":"2023-11-20T16:35:44+00:00","mainEntityOfPage":{"@id":"https:\/\/ismfrance.org\/index.php\/2023\/11\/20\/nous-ne-nous-laisserons-pas-intimider-declaration-et-appel-a-laction-concernant-les-attaques-contre-notre-groupe-dans-les-medias-israeliens\/"},"wordCount":1620,"publisher":{"@id":"https:\/\/ismfrance.org\/#organization"},"image":{"@id":"https:\/\/ismfrance.org\/index.php\/2023\/11\/20\/nous-ne-nous-laisserons-pas-intimider-declaration-et-appel-a-laction-concernant-les-attaques-contre-notre-groupe-dans-les-medias-israeliens\/#primaryimage"},"thumbnailUrl":"https:\/\/ismfrance.org\/wp-content\/uploads\/2023\/11\/der-istiya.png","keywords":["attaques de colons","mat\u00e9riel militant"],"articleSection":["Articles","T\u00e9moignages"],"inLanguage":"fr-FR"},{"@type":"WebPage","@id":"https:\/\/ismfrance.org\/index.php\/2023\/11\/20\/nous-ne-nous-laisserons-pas-intimider-declaration-et-appel-a-laction-concernant-les-attaques-contre-notre-groupe-dans-les-medias-israeliens\/","url":"https:\/\/ismfrance.org\/index.php\/2023\/11\/20\/nous-ne-nous-laisserons-pas-intimider-declaration-et-appel-a-laction-concernant-les-attaques-contre-notre-groupe-dans-les-medias-israeliens\/","name":"Nous ne nous laisserons pas intimider\u00a0: d\u00e9claration et appel \u00e0 l'action concernant les attaques contre notre groupe dans les m\u00e9dias isra\u00e9liens - International Solidarity Movement - ISM-France","isPartOf":{"@id":"https:\/\/ismfrance.org\/#website"},"primaryImageOfPage":{"@id":"https:\/\/ismfrance.org\/index.php\/2023\/11\/20\/nous-ne-nous-laisserons-pas-intimider-declaration-et-appel-a-laction-concernant-les-attaques-contre-notre-groupe-dans-les-medias-israeliens\/#primaryimage"},"image":{"@id":"https:\/\/ismfrance.org\/index.php\/2023\/11\/20\/nous-ne-nous-laisserons-pas-intimider-declaration-et-appel-a-laction-concernant-les-attaques-contre-notre-groupe-dans-les-medias-israeliens\/#primaryimage"},"thumbnailUrl":"https:\/\/ismfrance.org\/wp-content\/uploads\/2023\/11\/der-istiya.png","datePublished":"2023-11-20T16:35:44+00:00","breadcrumb":{"@id":"https:\/\/ismfrance.org\/index.php\/2023\/11\/20\/nous-ne-nous-laisserons-pas-intimider-declaration-et-appel-a-laction-concernant-les-attaques-contre-notre-groupe-dans-les-medias-israeliens\/#breadcrumb"},"inLanguage":"fr-FR","potentialAction":[{"@type":"ReadAction","target":["https:\/\/ismfrance.org\/index.php\/2023\/11\/20\/nous-ne-nous-laisserons-pas-intimider-declaration-et-appel-a-laction-concernant-les-attaques-contre-notre-groupe-dans-les-medias-israeliens\/"]}]},{"@type":"ImageObject","inLanguage":"fr-FR","@id":"https:\/\/ismfrance.org\/index.php\/2023\/11\/20\/nous-ne-nous-laisserons-pas-intimider-declaration-et-appel-a-laction-concernant-les-attaques-contre-notre-groupe-dans-les-medias-israeliens\/#primaryimage","url":"https:\/\/ismfrance.org\/wp-content\/uploads\/2023\/11\/der-istiya.png","contentUrl":"https:\/\/ismfrance.org\/wp-content\/uploads\/2023\/11\/der-istiya.png","width":769,"height":453},{"@type":"BreadcrumbList","@id":"https:\/\/ismfrance.org\/index.php\/2023\/11\/20\/nous-ne-nous-laisserons-pas-intimider-declaration-et-appel-a-laction-concernant-les-attaques-contre-notre-groupe-dans-les-medias-israeliens\/#breadcrumb","itemListElement":[{"@type":"ListItem","position":1,"name":"Accueil","item":"https:\/\/ismfrance.org\/"},{"@type":"ListItem","position":2,"name":"Nous ne nous laisserons pas intimider\u00a0: d\u00e9claration et appel \u00e0 l&#8217;action concernant les attaques contre notre groupe dans les m\u00e9dias isra\u00e9liens"}]},{"@type":"WebSite","@id":"https:\/\/ismfrance.org\/#website","url":"https:\/\/ismfrance.org\/","name":"ISM Palestine France","description":"Soutien aux luttes de lib\u00e9ration du peuple palestinien","publisher":{"@id":"https:\/\/ismfrance.org\/#organization"},"potentialAction":[{"@type":"SearchAction","target":{"@type":"EntryPoint","urlTemplate":"https:\/\/ismfrance.org\/?s={search_term_string}"},"query-input":{"@type":"PropertyValueSpecification","valueRequired":true,"valueName":"search_term_string"}}],"inLanguage":"fr-FR"},{"@type":"Organization","@id":"https:\/\/ismfrance.org\/#organization","name":"International Solidarity Movement","url":"https:\/\/ismfrance.org\/","logo":{"@type":"ImageObject","inLanguage":"fr-FR","@id":"https:\/\/ismfrance.org\/#\/schema\/logo\/image\/","url":"https:\/\/ismfrance.org\/wp-content\/uploads\/2020\/12\/00.png","contentUrl":"https:\/\/ismfrance.org\/wp-content\/uploads\/2020\/12\/00.png","width":400,"height":400,"caption":"International Solidarity Movement"},"image":{"@id":"https:\/\/ismfrance.org\/#\/schema\/logo\/image\/"},"sameAs":["https:\/\/x.com\/ISMFRANCE"]},{"@type":"Person","@id":"https:\/\/ismfrance.org\/#\/schema\/person\/3c411eb72adfaae19c0dca1f41fae01d","name":"mru_01","image":{"@type":"ImageObject","inLanguage":"fr-FR","@id":"https:\/\/secure.gravatar.com\/avatar\/3a0be343b445d2ccc79e87444a294fad2b232e90d2051d0e3cc219e1ecd6a330?s=96&d=mm&r=g","url":"https:\/\/secure.gravatar.com\/avatar\/3a0be343b445d2ccc79e87444a294fad2b232e90d2051d0e3cc219e1ecd6a330?s=96&d=mm&r=g","contentUrl":"https:\/\/secure.gravatar.com\/avatar\/3a0be343b445d2ccc79e87444a294fad2b232e90d2051d0e3cc219e1ecd6a330?s=96&d=mm&r=g","caption":"mru_01"},"url":"https:\/\/ismfrance.org\/index.php\/author\/admin02\/"}]}},"_links":{"self":[{"href":"https:\/\/ismfrance.org\/index.php\/wp-json\/wp\/v2\/posts\/7599","targetHints":{"allow":["GET"]}}],"collection":[{"href":"https:\/\/ismfrance.org\/index.php\/wp-json\/wp\/v2\/posts"}],"about":[{"href":"https:\/\/ismfrance.org\/index.php\/wp-json\/wp\/v2\/types\/post"}],"author":[{"embeddable":true,"href":"https:\/\/ismfrance.org\/index.php\/wp-json\/wp\/v2\/users\/3"}],"replies":[{"embeddable":true,"href":"https:\/\/ismfrance.org\/index.php\/wp-json\/wp\/v2\/comments?post=7599"}],"version-history":[{"count":0,"href":"https:\/\/ismfrance.org\/index.php\/wp-json\/wp\/v2\/posts\/7599\/revisions"}],"wp:featuredmedia":[{"embeddable":true,"href":"https:\/\/ismfrance.org\/index.php\/wp-json\/wp\/v2\/media\/7601"}],"wp:attachment":[{"href":"https:\/\/ismfrance.org\/index.php\/wp-json\/wp\/v2\/media?parent=7599"}],"wp:term":[{"taxonomy":"category","embeddable":true,"href":"https:\/\/ismfrance.org\/index.php\/wp-json\/wp\/v2\/categories?post=7599"},{"taxonomy":"post_tag","embeddable":true,"href":"https:\/\/ismfrance.org\/index.php\/wp-json\/wp\/v2\/tags?post=7599"}],"curies":[{"name":"wp","href":"https:\/\/api.w.org\/{rel}","templated":true}]}}