{"id":7593,"date":"2023-11-20T16:21:58","date_gmt":"2023-11-20T15:21:58","guid":{"rendered":"https:\/\/ismfrance.org\/?p=7593"},"modified":"2023-11-20T16:23:52","modified_gmt":"2023-11-20T15:23:52","slug":"masafer-yatta-les-villageois-de-shib-al-butm-sont-determines-a-rester-sur-leurs-terres","status":"publish","type":"post","link":"https:\/\/ismfrance.org\/index.php\/2023\/11\/20\/masafer-yatta-les-villageois-de-shib-al-butm-sont-determines-a-rester-sur-leurs-terres\/","title":{"rendered":"Masafer Yatta : les villageois de Shi&rsquo;b Al Butm sont d\u00e9termin\u00e9s \u00e0 rester sur leurs terres"},"content":{"rendered":"<p><strong>ISM-Palestine, 16 novembre 2023.<\/strong> Shi&rsquo;b Al Butm est un village situ\u00e9 sur le flanc d&rsquo;une des collines au sud d&rsquo;H\u00e9bron. Il abrite 18 familles palestiniennes avec une colonie isra\u00e9lienne ill\u00e9gale \u00e0 proximit\u00e9 et un avant-poste de colons, cr\u00e9\u00e9 par cette colonie, encore plus pr\u00e8s, \u00e0 quelques pas des maisons tout en haut du village.<\/p>\n<p><a href=\"https:\/\/ismfrance.org\/wp-content\/uploads\/2023\/11\/shib.jpeg\"><img loading=\"lazy\" decoding=\"async\" class=\"alignnone size-large wp-image-7594\" src=\"https:\/\/ismfrance.org\/wp-content\/uploads\/2023\/11\/shib-700x340.jpeg\" alt=\"\" width=\"600\" height=\"291\" srcset=\"https:\/\/ismfrance.org\/wp-content\/uploads\/2023\/11\/shib-700x340.jpeg 700w, https:\/\/ismfrance.org\/wp-content\/uploads\/2023\/11\/shib-300x146.jpeg 300w, https:\/\/ismfrance.org\/wp-content\/uploads\/2023\/11\/shib-768x373.jpeg 768w, https:\/\/ismfrance.org\/wp-content\/uploads\/2023\/11\/shib-1536x746.jpeg 1536w, https:\/\/ismfrance.org\/wp-content\/uploads\/2023\/11\/shib-1320x641.jpeg 1320w, https:\/\/ismfrance.org\/wp-content\/uploads\/2023\/11\/shib.jpeg 1600w\" sizes=\"auto, (max-width: 600px) 100vw, 600px\" \/><\/a><\/p>\n<p>Quand nous sommes arriv\u00e9s hier soir, l&rsquo;\u00e9clat jaun\u00e2tre des lumi\u00e8res de la colonie semblait trop proche pour que nous puissions nous sentir \u00e0 l&rsquo;aise. Les lumi\u00e8res blanches de la ville palestinienne de Yatta \u00e9taient bien plus lointaines. Une route moderne r\u00e9serv\u00e9e aux colons s&rsquo;\u00e9tend de l&rsquo;autre c\u00f4t\u00e9 du village, traversant les collines et isolant Shi&rsquo;b Al Butm de Yatta.<\/p>\n<p>Notre h\u00f4te et sa famille \u00e9taient assis autour d&rsquo;une \u00e9norme b\u00fbche de tronc d&rsquo;olivier en train de br\u00fbler, avec du th\u00e9 et du caf\u00e9 faisant le tour \u00e0 plusieurs reprises. Lorsque le drone des colons s&rsquo;est \u00e9lev\u00e9 dans le ciel nocturne, nous savions qu&rsquo;ils nous surveillaient et nous rappelaient leur pr\u00e9sence.<\/p>\n<p>Il y a eu du mouvement du c\u00f4t\u00e9 de l&rsquo;avant-poste. Les bruits nocturnes sont \u00e9vidents pour ceux qui ont v\u00e9cu l\u00e0 toute leur vie, mais pas pour nous qui ne connaissons pas la r\u00e9gion.<\/p>\n<p>D&rsquo;un avis unanime, c&rsquo;\u00e9tait probablement les colons qui enlevaient la tente la plus proche des maisons du village. Pourquoi faire \u00e7a au milieu de la nuit ? Des militants isra\u00e9liens solidaires nous ont dit qu&rsquo;une visite des colonies \u00e9tait organis\u00e9e le lendemain pour montrer leur nature pacifique et idyllique et que la pr\u00e9sence d&rsquo;une tente comme signe d&rsquo;extension d&rsquo;un avant-poste \u00e0 la limite d&rsquo;un village palestinien ne pouvait pas faire partie de cette mise en sc\u00e8ne.<\/p>\n<p>Notre h\u00f4te et ses fils nous ont dit qu&rsquo;ils resteraient \u00e9veill\u00e9s toute la nuit et nous avons \u00e9tabli un roulement pour que nous, les internationaux, leur tenions compagnie. Un journaliste du <i>Los Angeles Times<\/i>, qui passait la nuit dans le village, s&rsquo;est \u00e9galement joint \u00e0 la veill\u00e9e.<\/p>\n<p><a href=\"https:\/\/ismfrance.org\/wp-content\/uploads\/2023\/11\/shib-at-night.jpeg\"><img loading=\"lazy\" decoding=\"async\" class=\"alignnone size-large wp-image-7596\" src=\"https:\/\/ismfrance.org\/wp-content\/uploads\/2023\/11\/shib-at-night-700x340.jpeg\" alt=\"\" width=\"600\" height=\"291\" srcset=\"https:\/\/ismfrance.org\/wp-content\/uploads\/2023\/11\/shib-at-night-700x340.jpeg 700w, https:\/\/ismfrance.org\/wp-content\/uploads\/2023\/11\/shib-at-night-300x146.jpeg 300w, https:\/\/ismfrance.org\/wp-content\/uploads\/2023\/11\/shib-at-night-768x373.jpeg 768w, https:\/\/ismfrance.org\/wp-content\/uploads\/2023\/11\/shib-at-night-1536x746.jpeg 1536w, https:\/\/ismfrance.org\/wp-content\/uploads\/2023\/11\/shib-at-night-1320x641.jpeg 1320w, https:\/\/ismfrance.org\/wp-content\/uploads\/2023\/11\/shib-at-night.jpeg 1600w\" sizes=\"auto, (max-width: 600px) 100vw, 600px\" \/><\/a><\/p>\n<p>Durant mon quart de nuit, tous les bruits \u00e9taient une source d&rsquo;alerte. Notre h\u00f4te et son fils se levaient sans arr\u00eat, \u00e9coutaient attentivement et allumaient une torche pour s&rsquo;assurer qu&rsquo;il n&rsquo;y avait pas de visiteurs ind\u00e9sirables. Puis les chiens se sont mis \u00e0 aboyer et le fils de notre h\u00f4te s&rsquo;est aventur\u00e9 dans le noir pour voir ce qui les excitait.<\/p>\n<p>Heureusement, la nuit a \u00e9t\u00e9 calme, mais plusieurs hommes de la maison n&rsquo;ont pas ferm\u00e9 l&rsquo;oeil. Ils avaient pr\u00e9vu de rattraper leur sommeil en dormant apr\u00e8s la pri\u00e8re du matin.<\/p>\n<p>Une militante isra\u00e9lienne qui passe beaucoup de temps dans la r\u00e9gion et s\u00e9journe dans diff\u00e9rents villages, m&rsquo;a dit que les colons viennent toujours de l&rsquo;avant-poste situ\u00e9 juste au-dessus du village. La derni\u00e8re fois, il y a quelques jours, ils sont venus dire \u00e0 toute la population du village de partir, sinon ils les tueraient. Mais les villageois n&rsquo;ont pas l\u2019intention de partir et ne se laisseront pas surprendre en plein sommeil.<\/p>\n<p>L&rsquo;activiste isra\u00e9lienne a d\u00e9clar\u00e9 qu&rsquo;il s&rsquo;agissait de la troisi\u00e8me attaque depuis le le d\u00e9but de la guerre contre Gaza, les pr\u00e9c\u00e9dentes s&rsquo;\u00e9tant sold\u00e9es par le saccage de tout le contenu d&rsquo;une maison, de la farine renvers\u00e9e partout, des pots de fleurs bris\u00e9s ainsi qu\u2019un canard et un poulet tu\u00e9s. Elle a rapport\u00e9 la remarque cynique d&rsquo;un villageois : \u00ab Maintenant que la vie des Palestiniens ne compte plus, quelqu&rsquo;un peut-il au moins essayer de prot\u00e9ger la vie des animaux ?\u00a0\u00bb<\/p>\n<p><a href=\"https:\/\/ismfrance.org\/wp-content\/uploads\/2023\/11\/shib3.jpeg\"><img loading=\"lazy\" decoding=\"async\" class=\"alignnone size-large wp-image-7597\" src=\"https:\/\/ismfrance.org\/wp-content\/uploads\/2023\/11\/shib3-700x340.jpeg\" alt=\"\" width=\"600\" height=\"291\" srcset=\"https:\/\/ismfrance.org\/wp-content\/uploads\/2023\/11\/shib3-700x340.jpeg 700w, https:\/\/ismfrance.org\/wp-content\/uploads\/2023\/11\/shib3-300x146.jpeg 300w, https:\/\/ismfrance.org\/wp-content\/uploads\/2023\/11\/shib3-768x373.jpeg 768w, https:\/\/ismfrance.org\/wp-content\/uploads\/2023\/11\/shib3-1536x746.jpeg 1536w, https:\/\/ismfrance.org\/wp-content\/uploads\/2023\/11\/shib3-1320x641.jpeg 1320w, https:\/\/ismfrance.org\/wp-content\/uploads\/2023\/11\/shib3.jpeg 1600w\" sizes=\"auto, (max-width: 600px) 100vw, 600px\" \/><\/a><\/p>\n<pre>Article original en anglais sur <a href=\"https:\/\/palsolidarity.org\/2023\/11\/masafer-yatta-shib-al-butm-villager-determined-to-stay-on-their-land\/\">Palsolidarity.org<\/a> \/ Traduction Chris &amp; Dine<\/pre>\n","protected":false},"excerpt":{"rendered":"<p>ISM-Palestine, 16 novembre 2023. Shi&rsquo;b Al Butm est un village situ\u00e9 sur le flanc d&rsquo;une des collines au sud d&rsquo;H\u00e9bron. Il abrite 18 familles palestiniennes avec une colonie isra\u00e9lienne ill\u00e9gale <a class=\"more-link\" href=\"https:\/\/ismfrance.org\/index.php\/2023\/11\/20\/masafer-yatta-les-villageois-de-shib-al-butm-sont-determines-a-rester-sur-leurs-terres\/\">Lire la suite &rarr;<\/a><\/p>\n","protected":false},"author":3,"featured_media":7594,"comment_status":"closed","ping_status":"closed","sticky":false,"template":"","format":"standard","meta":{"footnotes":""},"categories":[2,13],"tags":[45],"class_list":["post-7593","post","type-post","status-publish","format-standard","has-post-thumbnail","hentry","category-articles","category-temoignages","tag-nettoyage-ethnique"],"yoast_head":"<!-- This site is optimized with the Yoast SEO plugin v27.2 - https:\/\/yoast.com\/product\/yoast-seo-wordpress\/ -->\n<title>Masafer Yatta : les villageois de Shi&#039;b Al Butm sont d\u00e9termin\u00e9s \u00e0 rester sur leurs terres - International Solidarity Movement - ISM-France<\/title>\n<meta name=\"robots\" content=\"index, follow, max-snippet:-1, max-image-preview:large, max-video-preview:-1\" \/>\n<link rel=\"canonical\" href=\"https:\/\/ismfrance.org\/index.php\/2023\/11\/20\/masafer-yatta-les-villageois-de-shib-al-butm-sont-determines-a-rester-sur-leurs-terres\/\" \/>\n<meta property=\"og:locale\" content=\"fr_FR\" \/>\n<meta property=\"og:type\" content=\"article\" \/>\n<meta property=\"og:title\" content=\"Masafer Yatta : les villageois de Shi&#039;b Al Butm sont d\u00e9termin\u00e9s \u00e0 rester sur leurs terres - International Solidarity Movement - ISM-France\" \/>\n<meta property=\"og:description\" content=\"ISM-Palestine, 16 novembre 2023. Shi&rsquo;b Al Butm est un village situ\u00e9 sur le flanc d&rsquo;une des collines au sud d&rsquo;H\u00e9bron. Il abrite 18 familles palestiniennes avec une colonie isra\u00e9lienne ill\u00e9gale Lire la suite &rarr;\" \/>\n<meta property=\"og:url\" content=\"https:\/\/ismfrance.org\/index.php\/2023\/11\/20\/masafer-yatta-les-villageois-de-shib-al-butm-sont-determines-a-rester-sur-leurs-terres\/\" \/>\n<meta property=\"og:site_name\" content=\"International Solidarity Movement - ISM-France\" \/>\n<meta property=\"article:published_time\" content=\"2023-11-20T15:21:58+00:00\" \/>\n<meta property=\"article:modified_time\" content=\"2023-11-20T15:23:52+00:00\" \/>\n<meta property=\"og:image\" content=\"https:\/\/ismfrance.org\/wp-content\/uploads\/2023\/11\/shib.jpeg\" \/>\n\t<meta property=\"og:image:width\" content=\"1600\" \/>\n\t<meta property=\"og:image:height\" content=\"777\" \/>\n\t<meta property=\"og:image:type\" content=\"image\/jpeg\" \/>\n<meta name=\"author\" content=\"mru_01\" \/>\n<meta name=\"twitter:card\" content=\"summary_large_image\" \/>\n<meta name=\"twitter:creator\" content=\"@ISMFRANCE\" \/>\n<meta name=\"twitter:site\" content=\"@ISMFRANCE\" \/>\n<meta name=\"twitter:label1\" content=\"\u00c9crit par\" \/>\n\t<meta name=\"twitter:data1\" content=\"mru_01\" \/>\n\t<meta name=\"twitter:label2\" content=\"Dur\u00e9e de lecture estim\u00e9e\" \/>\n\t<meta name=\"twitter:data2\" content=\"4 minutes\" \/>\n<script type=\"application\/ld+json\" class=\"yoast-schema-graph\">{\"@context\":\"https:\/\/schema.org\",\"@graph\":[{\"@type\":\"Article\",\"@id\":\"https:\/\/ismfrance.org\/index.php\/2023\/11\/20\/masafer-yatta-les-villageois-de-shib-al-butm-sont-determines-a-rester-sur-leurs-terres\/#article\",\"isPartOf\":{\"@id\":\"https:\/\/ismfrance.org\/index.php\/2023\/11\/20\/masafer-yatta-les-villageois-de-shib-al-butm-sont-determines-a-rester-sur-leurs-terres\/\"},\"author\":{\"name\":\"mru_01\",\"@id\":\"https:\/\/ismfrance.org\/#\/schema\/person\/3c411eb72adfaae19c0dca1f41fae01d\"},\"headline\":\"Masafer Yatta : les villageois de Shi&rsquo;b Al Butm sont d\u00e9termin\u00e9s \u00e0 rester sur leurs terres\",\"datePublished\":\"2023-11-20T15:21:58+00:00\",\"dateModified\":\"2023-11-20T15:23:52+00:00\",\"mainEntityOfPage\":{\"@id\":\"https:\/\/ismfrance.org\/index.php\/2023\/11\/20\/masafer-yatta-les-villageois-de-shib-al-butm-sont-determines-a-rester-sur-leurs-terres\/\"},\"wordCount\":654,\"publisher\":{\"@id\":\"https:\/\/ismfrance.org\/#organization\"},\"image\":{\"@id\":\"https:\/\/ismfrance.org\/index.php\/2023\/11\/20\/masafer-yatta-les-villageois-de-shib-al-butm-sont-determines-a-rester-sur-leurs-terres\/#primaryimage\"},\"thumbnailUrl\":\"https:\/\/ismfrance.org\/wp-content\/uploads\/2023\/11\/shib.jpeg\",\"keywords\":[\"nettoyage ethnique\"],\"articleSection\":[\"Articles\",\"T\u00e9moignages\"],\"inLanguage\":\"fr-FR\"},{\"@type\":\"WebPage\",\"@id\":\"https:\/\/ismfrance.org\/index.php\/2023\/11\/20\/masafer-yatta-les-villageois-de-shib-al-butm-sont-determines-a-rester-sur-leurs-terres\/\",\"url\":\"https:\/\/ismfrance.org\/index.php\/2023\/11\/20\/masafer-yatta-les-villageois-de-shib-al-butm-sont-determines-a-rester-sur-leurs-terres\/\",\"name\":\"Masafer Yatta : les villageois de Shi'b Al Butm sont d\u00e9termin\u00e9s \u00e0 rester sur leurs terres - International Solidarity Movement - ISM-France\",\"isPartOf\":{\"@id\":\"https:\/\/ismfrance.org\/#website\"},\"primaryImageOfPage\":{\"@id\":\"https:\/\/ismfrance.org\/index.php\/2023\/11\/20\/masafer-yatta-les-villageois-de-shib-al-butm-sont-determines-a-rester-sur-leurs-terres\/#primaryimage\"},\"image\":{\"@id\":\"https:\/\/ismfrance.org\/index.php\/2023\/11\/20\/masafer-yatta-les-villageois-de-shib-al-butm-sont-determines-a-rester-sur-leurs-terres\/#primaryimage\"},\"thumbnailUrl\":\"https:\/\/ismfrance.org\/wp-content\/uploads\/2023\/11\/shib.jpeg\",\"datePublished\":\"2023-11-20T15:21:58+00:00\",\"dateModified\":\"2023-11-20T15:23:52+00:00\",\"breadcrumb\":{\"@id\":\"https:\/\/ismfrance.org\/index.php\/2023\/11\/20\/masafer-yatta-les-villageois-de-shib-al-butm-sont-determines-a-rester-sur-leurs-terres\/#breadcrumb\"},\"inLanguage\":\"fr-FR\",\"potentialAction\":[{\"@type\":\"ReadAction\",\"target\":[\"https:\/\/ismfrance.org\/index.php\/2023\/11\/20\/masafer-yatta-les-villageois-de-shib-al-butm-sont-determines-a-rester-sur-leurs-terres\/\"]}]},{\"@type\":\"ImageObject\",\"inLanguage\":\"fr-FR\",\"@id\":\"https:\/\/ismfrance.org\/index.php\/2023\/11\/20\/masafer-yatta-les-villageois-de-shib-al-butm-sont-determines-a-rester-sur-leurs-terres\/#primaryimage\",\"url\":\"https:\/\/ismfrance.org\/wp-content\/uploads\/2023\/11\/shib.jpeg\",\"contentUrl\":\"https:\/\/ismfrance.org\/wp-content\/uploads\/2023\/11\/shib.jpeg\",\"width\":1600,\"height\":777},{\"@type\":\"BreadcrumbList\",\"@id\":\"https:\/\/ismfrance.org\/index.php\/2023\/11\/20\/masafer-yatta-les-villageois-de-shib-al-butm-sont-determines-a-rester-sur-leurs-terres\/#breadcrumb\",\"itemListElement\":[{\"@type\":\"ListItem\",\"position\":1,\"name\":\"Accueil\",\"item\":\"https:\/\/ismfrance.org\/\"},{\"@type\":\"ListItem\",\"position\":2,\"name\":\"Masafer Yatta : les villageois de Shi&#8217;b Al Butm sont d\u00e9termin\u00e9s \u00e0 rester sur leurs terres\"}]},{\"@type\":\"WebSite\",\"@id\":\"https:\/\/ismfrance.org\/#website\",\"url\":\"https:\/\/ismfrance.org\/\",\"name\":\"ISM Palestine France\",\"description\":\"Soutien aux luttes de lib\u00e9ration du peuple palestinien\",\"publisher\":{\"@id\":\"https:\/\/ismfrance.org\/#organization\"},\"potentialAction\":[{\"@type\":\"SearchAction\",\"target\":{\"@type\":\"EntryPoint\",\"urlTemplate\":\"https:\/\/ismfrance.org\/?s={search_term_string}\"},\"query-input\":{\"@type\":\"PropertyValueSpecification\",\"valueRequired\":true,\"valueName\":\"search_term_string\"}}],\"inLanguage\":\"fr-FR\"},{\"@type\":\"Organization\",\"@id\":\"https:\/\/ismfrance.org\/#organization\",\"name\":\"International Solidarity Movement\",\"url\":\"https:\/\/ismfrance.org\/\",\"logo\":{\"@type\":\"ImageObject\",\"inLanguage\":\"fr-FR\",\"@id\":\"https:\/\/ismfrance.org\/#\/schema\/logo\/image\/\",\"url\":\"https:\/\/ismfrance.org\/wp-content\/uploads\/2020\/12\/00.png\",\"contentUrl\":\"https:\/\/ismfrance.org\/wp-content\/uploads\/2020\/12\/00.png\",\"width\":400,\"height\":400,\"caption\":\"International Solidarity Movement\"},\"image\":{\"@id\":\"https:\/\/ismfrance.org\/#\/schema\/logo\/image\/\"},\"sameAs\":[\"https:\/\/x.com\/ISMFRANCE\"]},{\"@type\":\"Person\",\"@id\":\"https:\/\/ismfrance.org\/#\/schema\/person\/3c411eb72adfaae19c0dca1f41fae01d\",\"name\":\"mru_01\",\"image\":{\"@type\":\"ImageObject\",\"inLanguage\":\"fr-FR\",\"@id\":\"https:\/\/secure.gravatar.com\/avatar\/3a0be343b445d2ccc79e87444a294fad2b232e90d2051d0e3cc219e1ecd6a330?s=96&d=mm&r=g\",\"url\":\"https:\/\/secure.gravatar.com\/avatar\/3a0be343b445d2ccc79e87444a294fad2b232e90d2051d0e3cc219e1ecd6a330?s=96&d=mm&r=g\",\"contentUrl\":\"https:\/\/secure.gravatar.com\/avatar\/3a0be343b445d2ccc79e87444a294fad2b232e90d2051d0e3cc219e1ecd6a330?s=96&d=mm&r=g\",\"caption\":\"mru_01\"},\"url\":\"https:\/\/ismfrance.org\/index.php\/author\/admin02\/\"}]}<\/script>\n<!-- \/ Yoast SEO plugin. -->","yoast_head_json":{"title":"Masafer Yatta : les villageois de Shi'b Al Butm sont d\u00e9termin\u00e9s \u00e0 rester sur leurs terres - International Solidarity Movement - ISM-France","robots":{"index":"index","follow":"follow","max-snippet":"max-snippet:-1","max-image-preview":"max-image-preview:large","max-video-preview":"max-video-preview:-1"},"canonical":"https:\/\/ismfrance.org\/index.php\/2023\/11\/20\/masafer-yatta-les-villageois-de-shib-al-butm-sont-determines-a-rester-sur-leurs-terres\/","og_locale":"fr_FR","og_type":"article","og_title":"Masafer Yatta : les villageois de Shi'b Al Butm sont d\u00e9termin\u00e9s \u00e0 rester sur leurs terres - International Solidarity Movement - ISM-France","og_description":"ISM-Palestine, 16 novembre 2023. Shi&rsquo;b Al Butm est un village situ\u00e9 sur le flanc d&rsquo;une des collines au sud d&rsquo;H\u00e9bron. Il abrite 18 familles palestiniennes avec une colonie isra\u00e9lienne ill\u00e9gale Lire la suite &rarr;","og_url":"https:\/\/ismfrance.org\/index.php\/2023\/11\/20\/masafer-yatta-les-villageois-de-shib-al-butm-sont-determines-a-rester-sur-leurs-terres\/","og_site_name":"International Solidarity Movement - ISM-France","article_published_time":"2023-11-20T15:21:58+00:00","article_modified_time":"2023-11-20T15:23:52+00:00","og_image":[{"width":1600,"height":777,"url":"https:\/\/ismfrance.org\/wp-content\/uploads\/2023\/11\/shib.jpeg","type":"image\/jpeg"}],"author":"mru_01","twitter_card":"summary_large_image","twitter_creator":"@ISMFRANCE","twitter_site":"@ISMFRANCE","twitter_misc":{"\u00c9crit par":"mru_01","Dur\u00e9e de lecture estim\u00e9e":"4 minutes"},"schema":{"@context":"https:\/\/schema.org","@graph":[{"@type":"Article","@id":"https:\/\/ismfrance.org\/index.php\/2023\/11\/20\/masafer-yatta-les-villageois-de-shib-al-butm-sont-determines-a-rester-sur-leurs-terres\/#article","isPartOf":{"@id":"https:\/\/ismfrance.org\/index.php\/2023\/11\/20\/masafer-yatta-les-villageois-de-shib-al-butm-sont-determines-a-rester-sur-leurs-terres\/"},"author":{"name":"mru_01","@id":"https:\/\/ismfrance.org\/#\/schema\/person\/3c411eb72adfaae19c0dca1f41fae01d"},"headline":"Masafer Yatta : les villageois de Shi&rsquo;b Al Butm sont d\u00e9termin\u00e9s \u00e0 rester sur leurs terres","datePublished":"2023-11-20T15:21:58+00:00","dateModified":"2023-11-20T15:23:52+00:00","mainEntityOfPage":{"@id":"https:\/\/ismfrance.org\/index.php\/2023\/11\/20\/masafer-yatta-les-villageois-de-shib-al-butm-sont-determines-a-rester-sur-leurs-terres\/"},"wordCount":654,"publisher":{"@id":"https:\/\/ismfrance.org\/#organization"},"image":{"@id":"https:\/\/ismfrance.org\/index.php\/2023\/11\/20\/masafer-yatta-les-villageois-de-shib-al-butm-sont-determines-a-rester-sur-leurs-terres\/#primaryimage"},"thumbnailUrl":"https:\/\/ismfrance.org\/wp-content\/uploads\/2023\/11\/shib.jpeg","keywords":["nettoyage ethnique"],"articleSection":["Articles","T\u00e9moignages"],"inLanguage":"fr-FR"},{"@type":"WebPage","@id":"https:\/\/ismfrance.org\/index.php\/2023\/11\/20\/masafer-yatta-les-villageois-de-shib-al-butm-sont-determines-a-rester-sur-leurs-terres\/","url":"https:\/\/ismfrance.org\/index.php\/2023\/11\/20\/masafer-yatta-les-villageois-de-shib-al-butm-sont-determines-a-rester-sur-leurs-terres\/","name":"Masafer Yatta : les villageois de Shi'b Al Butm sont d\u00e9termin\u00e9s \u00e0 rester sur leurs terres - International Solidarity Movement - ISM-France","isPartOf":{"@id":"https:\/\/ismfrance.org\/#website"},"primaryImageOfPage":{"@id":"https:\/\/ismfrance.org\/index.php\/2023\/11\/20\/masafer-yatta-les-villageois-de-shib-al-butm-sont-determines-a-rester-sur-leurs-terres\/#primaryimage"},"image":{"@id":"https:\/\/ismfrance.org\/index.php\/2023\/11\/20\/masafer-yatta-les-villageois-de-shib-al-butm-sont-determines-a-rester-sur-leurs-terres\/#primaryimage"},"thumbnailUrl":"https:\/\/ismfrance.org\/wp-content\/uploads\/2023\/11\/shib.jpeg","datePublished":"2023-11-20T15:21:58+00:00","dateModified":"2023-11-20T15:23:52+00:00","breadcrumb":{"@id":"https:\/\/ismfrance.org\/index.php\/2023\/11\/20\/masafer-yatta-les-villageois-de-shib-al-butm-sont-determines-a-rester-sur-leurs-terres\/#breadcrumb"},"inLanguage":"fr-FR","potentialAction":[{"@type":"ReadAction","target":["https:\/\/ismfrance.org\/index.php\/2023\/11\/20\/masafer-yatta-les-villageois-de-shib-al-butm-sont-determines-a-rester-sur-leurs-terres\/"]}]},{"@type":"ImageObject","inLanguage":"fr-FR","@id":"https:\/\/ismfrance.org\/index.php\/2023\/11\/20\/masafer-yatta-les-villageois-de-shib-al-butm-sont-determines-a-rester-sur-leurs-terres\/#primaryimage","url":"https:\/\/ismfrance.org\/wp-content\/uploads\/2023\/11\/shib.jpeg","contentUrl":"https:\/\/ismfrance.org\/wp-content\/uploads\/2023\/11\/shib.jpeg","width":1600,"height":777},{"@type":"BreadcrumbList","@id":"https:\/\/ismfrance.org\/index.php\/2023\/11\/20\/masafer-yatta-les-villageois-de-shib-al-butm-sont-determines-a-rester-sur-leurs-terres\/#breadcrumb","itemListElement":[{"@type":"ListItem","position":1,"name":"Accueil","item":"https:\/\/ismfrance.org\/"},{"@type":"ListItem","position":2,"name":"Masafer Yatta : les villageois de Shi&#8217;b Al Butm sont d\u00e9termin\u00e9s \u00e0 rester sur leurs terres"}]},{"@type":"WebSite","@id":"https:\/\/ismfrance.org\/#website","url":"https:\/\/ismfrance.org\/","name":"ISM Palestine France","description":"Soutien aux luttes de lib\u00e9ration du peuple palestinien","publisher":{"@id":"https:\/\/ismfrance.org\/#organization"},"potentialAction":[{"@type":"SearchAction","target":{"@type":"EntryPoint","urlTemplate":"https:\/\/ismfrance.org\/?s={search_term_string}"},"query-input":{"@type":"PropertyValueSpecification","valueRequired":true,"valueName":"search_term_string"}}],"inLanguage":"fr-FR"},{"@type":"Organization","@id":"https:\/\/ismfrance.org\/#organization","name":"International Solidarity Movement","url":"https:\/\/ismfrance.org\/","logo":{"@type":"ImageObject","inLanguage":"fr-FR","@id":"https:\/\/ismfrance.org\/#\/schema\/logo\/image\/","url":"https:\/\/ismfrance.org\/wp-content\/uploads\/2020\/12\/00.png","contentUrl":"https:\/\/ismfrance.org\/wp-content\/uploads\/2020\/12\/00.png","width":400,"height":400,"caption":"International Solidarity Movement"},"image":{"@id":"https:\/\/ismfrance.org\/#\/schema\/logo\/image\/"},"sameAs":["https:\/\/x.com\/ISMFRANCE"]},{"@type":"Person","@id":"https:\/\/ismfrance.org\/#\/schema\/person\/3c411eb72adfaae19c0dca1f41fae01d","name":"mru_01","image":{"@type":"ImageObject","inLanguage":"fr-FR","@id":"https:\/\/secure.gravatar.com\/avatar\/3a0be343b445d2ccc79e87444a294fad2b232e90d2051d0e3cc219e1ecd6a330?s=96&d=mm&r=g","url":"https:\/\/secure.gravatar.com\/avatar\/3a0be343b445d2ccc79e87444a294fad2b232e90d2051d0e3cc219e1ecd6a330?s=96&d=mm&r=g","contentUrl":"https:\/\/secure.gravatar.com\/avatar\/3a0be343b445d2ccc79e87444a294fad2b232e90d2051d0e3cc219e1ecd6a330?s=96&d=mm&r=g","caption":"mru_01"},"url":"https:\/\/ismfrance.org\/index.php\/author\/admin02\/"}]}},"_links":{"self":[{"href":"https:\/\/ismfrance.org\/index.php\/wp-json\/wp\/v2\/posts\/7593","targetHints":{"allow":["GET"]}}],"collection":[{"href":"https:\/\/ismfrance.org\/index.php\/wp-json\/wp\/v2\/posts"}],"about":[{"href":"https:\/\/ismfrance.org\/index.php\/wp-json\/wp\/v2\/types\/post"}],"author":[{"embeddable":true,"href":"https:\/\/ismfrance.org\/index.php\/wp-json\/wp\/v2\/users\/3"}],"replies":[{"embeddable":true,"href":"https:\/\/ismfrance.org\/index.php\/wp-json\/wp\/v2\/comments?post=7593"}],"version-history":[{"count":0,"href":"https:\/\/ismfrance.org\/index.php\/wp-json\/wp\/v2\/posts\/7593\/revisions"}],"wp:featuredmedia":[{"embeddable":true,"href":"https:\/\/ismfrance.org\/index.php\/wp-json\/wp\/v2\/media\/7594"}],"wp:attachment":[{"href":"https:\/\/ismfrance.org\/index.php\/wp-json\/wp\/v2\/media?parent=7593"}],"wp:term":[{"taxonomy":"category","embeddable":true,"href":"https:\/\/ismfrance.org\/index.php\/wp-json\/wp\/v2\/categories?post=7593"},{"taxonomy":"post_tag","embeddable":true,"href":"https:\/\/ismfrance.org\/index.php\/wp-json\/wp\/v2\/tags?post=7593"}],"curies":[{"name":"wp","href":"https:\/\/api.w.org\/{rel}","templated":true}]}}