{"id":7512,"date":"2023-11-15T10:35:41","date_gmt":"2023-11-15T09:35:41","guid":{"rendered":"https:\/\/ismfrance.org\/?p=7512"},"modified":"2023-11-15T11:12:15","modified_gmt":"2023-11-15T10:12:15","slug":"larmee-doccupation-prend-dassaut-lhopital-dal-shifa","status":"publish","type":"post","link":"https:\/\/ismfrance.org\/index.php\/2023\/11\/15\/larmee-doccupation-prend-dassaut-lhopital-dal-shifa\/","title":{"rendered":"L&rsquo;arm\u00e9e d&rsquo;occupation prend d&rsquo;assaut l&rsquo;h\u00f4pital d&rsquo;Al-Shifa \/ communiqu\u00e9 du superviseur des urgences"},"content":{"rendered":"<p><strong>Al-Mayadeen, 15 novembre 2023<\/strong>.\u00a0 Le correspondant d&rsquo;<em>Al Mayadee<\/em>n \u00e0 Gaza a confirm\u00e9 qu&rsquo;il y a eu des martyrs et de nombreux bless\u00e9s lors des attaques isra\u00e9liennes contre l&rsquo;h\u00f4pital al-Shifa \u00e0 l&rsquo;aube aujourd&rsquo;hui, co\u00efncidant avec les raids lanc\u00e9s par l&rsquo;occupation dans les cours de l&rsquo;h\u00f4pital.<\/p>\n<p><a href=\"https:\/\/ismfrance.org\/wp-content\/uploads\/2023\/11\/F-6D1swWoAAh6QP.jpeg\"><img loading=\"lazy\" decoding=\"async\" class=\"wp-image-7514 aligncenter\" src=\"https:\/\/ismfrance.org\/wp-content\/uploads\/2023\/11\/F-6D1swWoAAh6QP.jpeg\" alt=\"\" width=\"565\" height=\"565\" srcset=\"https:\/\/ismfrance.org\/wp-content\/uploads\/2023\/11\/F-6D1swWoAAh6QP.jpeg 680w, https:\/\/ismfrance.org\/wp-content\/uploads\/2023\/11\/F-6D1swWoAAh6QP-300x300.jpeg 300w, https:\/\/ismfrance.org\/wp-content\/uploads\/2023\/11\/F-6D1swWoAAh6QP-150x150.jpeg 150w, https:\/\/ismfrance.org\/wp-content\/uploads\/2023\/11\/F-6D1swWoAAh6QP-144x144.jpeg 144w\" sizes=\"auto, (max-width: 565px) 100vw, 565px\" \/><\/a><\/p>\n<p>Selon notre correspondant, la plupart des h\u00f4pitaux du nord et du sud de Gaza sont hors service en raison de l&rsquo;agression isra\u00e9lienne en cours contre la bande de Gaza.<\/p>\n<p>Il a ajout\u00e9 que l&rsquo;occupation avait commis un crime de guerre \u00e0 l&rsquo;h\u00f4pital, en le prenant d&rsquo;assaut avec des centaines de soldats, en l&rsquo;encerclant et en tirant dans les couloirs.<\/p>\n<p>Notre correspondant a ajout\u00e9 qu&rsquo;un grand nombre de forces d&rsquo;occupation sont entr\u00e9es dans les salles d&rsquo;Al-Shifa, ont arr\u00eat\u00e9 et menott\u00e9 de nombreux m\u00e9decins et r\u00e9fugi\u00e9s.<\/p>\n<p>https:\/\/twitter.com\/i\/status\/1724600717858455804<\/p>\n<p>Le directeur g\u00e9n\u00e9ral des h\u00f4pitaux de Gaza, Mohammad Zaqout, a d\u00e9clar\u00e9 que les forces d&rsquo;occupation isra\u00e9liennes ont cibl\u00e9 l&rsquo;h\u00f4pital al-Shifa avec plusieurs frappes a\u00e9riennes, pris d&rsquo;assaut le service des urgences et agress\u00e9 des patients.<\/p>\n<p>Zaqout a ajout\u00e9 que l&rsquo;occupation a pris d&rsquo;assaut plus d&rsquo;un h\u00f4pital et n&rsquo;a trouv\u00e9 aucun membre du Hamas ou d&rsquo;une autre faction de la r\u00e9sistance palestinienne.<\/p>\n<p>Il a en outre rapport\u00e9 que de nombreux soldats isra\u00e9liens avaient attaqu\u00e9 le service des urgences du complexe Shifa. Il a ajout\u00e9 que \u00ab\u00a0tous les moyens de communication ont \u00e9t\u00e9 coup\u00e9s avec le complexe de Shifa et que les forces d&rsquo;occupation contr\u00f4lent d\u00e9sormais les informations concernant la situation \u00e0 l&rsquo;int\u00e9rieur\u00a0\u00bb.<\/p>\n<p>Article original en anglais sur <a href=\"https:\/\/english.almayadeen.net\/news\/politics\/martyrs--wounded-during-israeli-attacks-on-al-shifa-hospital.\">Al-Mayadeen<\/a> \/ Traduction MR<\/p>\n<p>&#8212;&#8212;&#8212;&#8212;&#8212;&#8212;&#8212;&#8212;&#8212;&#8212;-<\/p>\n<p>Le superviseur des urgences du complexe m\u00e9dical d&rsquo;Al-Shifa a d\u00e9clar\u00e9 \u00e0 <em>Al Jazeera<\/em>\u00a0:<\/p>\n<p>\u2b55 La situation \u00e0 l&rsquo;h\u00f4pital est tragique et nous perdons chaque jour davantage de vies.<\/p>\n<p>\u2b55 La derni\u00e8re nuit a \u00e9t\u00e9 terrifiante pour les enfants, les femmes et les malades<\/p>\n<p>\u2b55 L&rsquo;occupation isra\u00e9lienne a apport\u00e9 des balles, des bombes, des bombardements et la terreur aux enfants et aux nourrissons.<\/p>\n<p>\u2b55 L&rsquo;occupation isra\u00e9lienne a arr\u00eat\u00e9 de nombreuses personnes d\u00e9plac\u00e9es, leur a band\u00e9 les yeux et les a d\u00e9shabill\u00e9s, puis les a emmen\u00e9es vers une destination inconnue.<\/p>\n<p>\u2b55 L&rsquo;occupation a fait sauter la plupart des portes de l&rsquo;h\u00f4pital et des \u00e9clats d&rsquo;obus se sont dispers\u00e9s parmi les personnes pr\u00e9sentes<\/p>\n<p>\u2b55 Avant que l&rsquo;arm\u00e9e isra\u00e9lienne ne prenne d&rsquo;assaut l&rsquo;h\u00f4pital, des tirs nourris avaient \u00e9t\u00e9 tir\u00e9s et nous avons entendu des centaines d&rsquo;explosions.<\/p>\n<p>\u2b55 Tous les gens \u00e0 l&rsquo;h\u00f4pital sont des civils, nous nous connaissons tous et il n&rsquo;y a aucune personne arm\u00e9e l\u00e0-bas<\/p>\n<p>source : <a href=\"https:\/\/x.com\/QudsNen\/status\/1724726131960541630?s=20\">Quds News Network<\/a><\/p>\n<p>&nbsp;<\/p>\n","protected":false},"excerpt":{"rendered":"<p>Al-Mayadeen, 15 novembre 2023.\u00a0 Le correspondant d&rsquo;Al Mayadeen \u00e0 Gaza a confirm\u00e9 qu&rsquo;il y a eu des martyrs et de nombreux bless\u00e9s lors des attaques isra\u00e9liennes contre l&rsquo;h\u00f4pital al-Shifa \u00e0 <a class=\"more-link\" href=\"https:\/\/ismfrance.org\/index.php\/2023\/11\/15\/larmee-doccupation-prend-dassaut-lhopital-dal-shifa\/\">Lire la suite &rarr;<\/a><\/p>\n","protected":false},"author":3,"featured_media":7514,"comment_status":"closed","ping_status":"closed","sticky":false,"template":"","format":"standard","meta":{"footnotes":""},"categories":[2,13],"tags":[348,331],"class_list":["post-7512","post","type-post","status-publish","format-standard","has-post-thumbnail","hentry","category-articles","category-temoignages","tag-7-octobre-2023","tag-crimes-de-guerre"],"yoast_head":"<!-- This site is optimized with the Yoast SEO plugin v27.2 - https:\/\/yoast.com\/product\/yoast-seo-wordpress\/ -->\n<title>L&#039;arm\u00e9e d&#039;occupation prend d&#039;assaut l&#039;h\u00f4pital d&#039;Al-Shifa \/ communiqu\u00e9 du superviseur des urgences - International Solidarity Movement - ISM-France<\/title>\n<meta name=\"robots\" content=\"index, follow, max-snippet:-1, max-image-preview:large, max-video-preview:-1\" \/>\n<link rel=\"canonical\" href=\"https:\/\/ismfrance.org\/index.php\/2023\/11\/15\/larmee-doccupation-prend-dassaut-lhopital-dal-shifa\/\" \/>\n<meta property=\"og:locale\" content=\"fr_FR\" \/>\n<meta property=\"og:type\" content=\"article\" \/>\n<meta property=\"og:title\" content=\"L&#039;arm\u00e9e d&#039;occupation prend d&#039;assaut l&#039;h\u00f4pital d&#039;Al-Shifa \/ communiqu\u00e9 du superviseur des urgences - International Solidarity Movement - ISM-France\" \/>\n<meta property=\"og:description\" content=\"Al-Mayadeen, 15 novembre 2023.\u00a0 Le correspondant d&rsquo;Al Mayadeen \u00e0 Gaza a confirm\u00e9 qu&rsquo;il y a eu des martyrs et de nombreux bless\u00e9s lors des attaques isra\u00e9liennes contre l&rsquo;h\u00f4pital al-Shifa \u00e0 Lire la suite &rarr;\" \/>\n<meta property=\"og:url\" content=\"https:\/\/ismfrance.org\/index.php\/2023\/11\/15\/larmee-doccupation-prend-dassaut-lhopital-dal-shifa\/\" \/>\n<meta property=\"og:site_name\" content=\"International Solidarity Movement - ISM-France\" \/>\n<meta property=\"article:published_time\" content=\"2023-11-15T09:35:41+00:00\" \/>\n<meta property=\"article:modified_time\" content=\"2023-11-15T10:12:15+00:00\" \/>\n<meta property=\"og:image\" content=\"https:\/\/ismfrance.org\/wp-content\/uploads\/2023\/11\/F-6D1swWoAAh6QP.jpeg\" \/>\n\t<meta property=\"og:image:width\" content=\"680\" \/>\n\t<meta property=\"og:image:height\" content=\"680\" \/>\n\t<meta property=\"og:image:type\" content=\"image\/jpeg\" \/>\n<meta name=\"author\" content=\"mru_01\" \/>\n<meta name=\"twitter:card\" content=\"summary_large_image\" \/>\n<meta name=\"twitter:creator\" content=\"@ISMFRANCE\" \/>\n<meta name=\"twitter:site\" content=\"@ISMFRANCE\" \/>\n<meta name=\"twitter:label1\" content=\"\u00c9crit par\" \/>\n\t<meta name=\"twitter:data1\" content=\"mru_01\" \/>\n\t<meta name=\"twitter:label2\" content=\"Dur\u00e9e de lecture estim\u00e9e\" \/>\n\t<meta name=\"twitter:data2\" content=\"3 minutes\" \/>\n<script type=\"application\/ld+json\" class=\"yoast-schema-graph\">{\"@context\":\"https:\/\/schema.org\",\"@graph\":[{\"@type\":\"Article\",\"@id\":\"https:\/\/ismfrance.org\/index.php\/2023\/11\/15\/larmee-doccupation-prend-dassaut-lhopital-dal-shifa\/#article\",\"isPartOf\":{\"@id\":\"https:\/\/ismfrance.org\/index.php\/2023\/11\/15\/larmee-doccupation-prend-dassaut-lhopital-dal-shifa\/\"},\"author\":{\"name\":\"mru_01\",\"@id\":\"https:\/\/ismfrance.org\/#\/schema\/person\/3c411eb72adfaae19c0dca1f41fae01d\"},\"headline\":\"L&rsquo;arm\u00e9e d&rsquo;occupation prend d&rsquo;assaut l&rsquo;h\u00f4pital d&rsquo;Al-Shifa \/ communiqu\u00e9 du superviseur des urgences\",\"datePublished\":\"2023-11-15T09:35:41+00:00\",\"dateModified\":\"2023-11-15T10:12:15+00:00\",\"mainEntityOfPage\":{\"@id\":\"https:\/\/ismfrance.org\/index.php\/2023\/11\/15\/larmee-doccupation-prend-dassaut-lhopital-dal-shifa\/\"},\"wordCount\":500,\"publisher\":{\"@id\":\"https:\/\/ismfrance.org\/#organization\"},\"image\":{\"@id\":\"https:\/\/ismfrance.org\/index.php\/2023\/11\/15\/larmee-doccupation-prend-dassaut-lhopital-dal-shifa\/#primaryimage\"},\"thumbnailUrl\":\"https:\/\/ismfrance.org\/wp-content\/uploads\/2023\/11\/F-6D1swWoAAh6QP.jpeg\",\"keywords\":[\"7 octobre 2023\",\"Crimes de guerre\"],\"articleSection\":[\"Articles\",\"T\u00e9moignages\"],\"inLanguage\":\"fr-FR\"},{\"@type\":\"WebPage\",\"@id\":\"https:\/\/ismfrance.org\/index.php\/2023\/11\/15\/larmee-doccupation-prend-dassaut-lhopital-dal-shifa\/\",\"url\":\"https:\/\/ismfrance.org\/index.php\/2023\/11\/15\/larmee-doccupation-prend-dassaut-lhopital-dal-shifa\/\",\"name\":\"L'arm\u00e9e d'occupation prend d'assaut l'h\u00f4pital d'Al-Shifa \/ communiqu\u00e9 du superviseur des urgences - International Solidarity Movement - ISM-France\",\"isPartOf\":{\"@id\":\"https:\/\/ismfrance.org\/#website\"},\"primaryImageOfPage\":{\"@id\":\"https:\/\/ismfrance.org\/index.php\/2023\/11\/15\/larmee-doccupation-prend-dassaut-lhopital-dal-shifa\/#primaryimage\"},\"image\":{\"@id\":\"https:\/\/ismfrance.org\/index.php\/2023\/11\/15\/larmee-doccupation-prend-dassaut-lhopital-dal-shifa\/#primaryimage\"},\"thumbnailUrl\":\"https:\/\/ismfrance.org\/wp-content\/uploads\/2023\/11\/F-6D1swWoAAh6QP.jpeg\",\"datePublished\":\"2023-11-15T09:35:41+00:00\",\"dateModified\":\"2023-11-15T10:12:15+00:00\",\"breadcrumb\":{\"@id\":\"https:\/\/ismfrance.org\/index.php\/2023\/11\/15\/larmee-doccupation-prend-dassaut-lhopital-dal-shifa\/#breadcrumb\"},\"inLanguage\":\"fr-FR\",\"potentialAction\":[{\"@type\":\"ReadAction\",\"target\":[\"https:\/\/ismfrance.org\/index.php\/2023\/11\/15\/larmee-doccupation-prend-dassaut-lhopital-dal-shifa\/\"]}]},{\"@type\":\"ImageObject\",\"inLanguage\":\"fr-FR\",\"@id\":\"https:\/\/ismfrance.org\/index.php\/2023\/11\/15\/larmee-doccupation-prend-dassaut-lhopital-dal-shifa\/#primaryimage\",\"url\":\"https:\/\/ismfrance.org\/wp-content\/uploads\/2023\/11\/F-6D1swWoAAh6QP.jpeg\",\"contentUrl\":\"https:\/\/ismfrance.org\/wp-content\/uploads\/2023\/11\/F-6D1swWoAAh6QP.jpeg\",\"width\":680,\"height\":680},{\"@type\":\"BreadcrumbList\",\"@id\":\"https:\/\/ismfrance.org\/index.php\/2023\/11\/15\/larmee-doccupation-prend-dassaut-lhopital-dal-shifa\/#breadcrumb\",\"itemListElement\":[{\"@type\":\"ListItem\",\"position\":1,\"name\":\"Accueil\",\"item\":\"https:\/\/ismfrance.org\/\"},{\"@type\":\"ListItem\",\"position\":2,\"name\":\"L&#8217;arm\u00e9e d&#8217;occupation prend d&#8217;assaut l&#8217;h\u00f4pital d&#8217;Al-Shifa \/ communiqu\u00e9 du superviseur des urgences\"}]},{\"@type\":\"WebSite\",\"@id\":\"https:\/\/ismfrance.org\/#website\",\"url\":\"https:\/\/ismfrance.org\/\",\"name\":\"ISM Palestine France\",\"description\":\"Soutien aux luttes de lib\u00e9ration du peuple palestinien\",\"publisher\":{\"@id\":\"https:\/\/ismfrance.org\/#organization\"},\"potentialAction\":[{\"@type\":\"SearchAction\",\"target\":{\"@type\":\"EntryPoint\",\"urlTemplate\":\"https:\/\/ismfrance.org\/?s={search_term_string}\"},\"query-input\":{\"@type\":\"PropertyValueSpecification\",\"valueRequired\":true,\"valueName\":\"search_term_string\"}}],\"inLanguage\":\"fr-FR\"},{\"@type\":\"Organization\",\"@id\":\"https:\/\/ismfrance.org\/#organization\",\"name\":\"International Solidarity Movement\",\"url\":\"https:\/\/ismfrance.org\/\",\"logo\":{\"@type\":\"ImageObject\",\"inLanguage\":\"fr-FR\",\"@id\":\"https:\/\/ismfrance.org\/#\/schema\/logo\/image\/\",\"url\":\"https:\/\/ismfrance.org\/wp-content\/uploads\/2020\/12\/00.png\",\"contentUrl\":\"https:\/\/ismfrance.org\/wp-content\/uploads\/2020\/12\/00.png\",\"width\":400,\"height\":400,\"caption\":\"International Solidarity Movement\"},\"image\":{\"@id\":\"https:\/\/ismfrance.org\/#\/schema\/logo\/image\/\"},\"sameAs\":[\"https:\/\/x.com\/ISMFRANCE\"]},{\"@type\":\"Person\",\"@id\":\"https:\/\/ismfrance.org\/#\/schema\/person\/3c411eb72adfaae19c0dca1f41fae01d\",\"name\":\"mru_01\",\"image\":{\"@type\":\"ImageObject\",\"inLanguage\":\"fr-FR\",\"@id\":\"https:\/\/secure.gravatar.com\/avatar\/3a0be343b445d2ccc79e87444a294fad2b232e90d2051d0e3cc219e1ecd6a330?s=96&d=mm&r=g\",\"url\":\"https:\/\/secure.gravatar.com\/avatar\/3a0be343b445d2ccc79e87444a294fad2b232e90d2051d0e3cc219e1ecd6a330?s=96&d=mm&r=g\",\"contentUrl\":\"https:\/\/secure.gravatar.com\/avatar\/3a0be343b445d2ccc79e87444a294fad2b232e90d2051d0e3cc219e1ecd6a330?s=96&d=mm&r=g\",\"caption\":\"mru_01\"},\"url\":\"https:\/\/ismfrance.org\/index.php\/author\/admin02\/\"}]}<\/script>\n<!-- \/ Yoast SEO plugin. -->","yoast_head_json":{"title":"L'arm\u00e9e d'occupation prend d'assaut l'h\u00f4pital d'Al-Shifa \/ communiqu\u00e9 du superviseur des urgences - International Solidarity Movement - ISM-France","robots":{"index":"index","follow":"follow","max-snippet":"max-snippet:-1","max-image-preview":"max-image-preview:large","max-video-preview":"max-video-preview:-1"},"canonical":"https:\/\/ismfrance.org\/index.php\/2023\/11\/15\/larmee-doccupation-prend-dassaut-lhopital-dal-shifa\/","og_locale":"fr_FR","og_type":"article","og_title":"L'arm\u00e9e d'occupation prend d'assaut l'h\u00f4pital d'Al-Shifa \/ communiqu\u00e9 du superviseur des urgences - International Solidarity Movement - ISM-France","og_description":"Al-Mayadeen, 15 novembre 2023.\u00a0 Le correspondant d&rsquo;Al Mayadeen \u00e0 Gaza a confirm\u00e9 qu&rsquo;il y a eu des martyrs et de nombreux bless\u00e9s lors des attaques isra\u00e9liennes contre l&rsquo;h\u00f4pital al-Shifa \u00e0 Lire la suite &rarr;","og_url":"https:\/\/ismfrance.org\/index.php\/2023\/11\/15\/larmee-doccupation-prend-dassaut-lhopital-dal-shifa\/","og_site_name":"International Solidarity Movement - ISM-France","article_published_time":"2023-11-15T09:35:41+00:00","article_modified_time":"2023-11-15T10:12:15+00:00","og_image":[{"width":680,"height":680,"url":"https:\/\/ismfrance.org\/wp-content\/uploads\/2023\/11\/F-6D1swWoAAh6QP.jpeg","type":"image\/jpeg"}],"author":"mru_01","twitter_card":"summary_large_image","twitter_creator":"@ISMFRANCE","twitter_site":"@ISMFRANCE","twitter_misc":{"\u00c9crit par":"mru_01","Dur\u00e9e de lecture estim\u00e9e":"3 minutes"},"schema":{"@context":"https:\/\/schema.org","@graph":[{"@type":"Article","@id":"https:\/\/ismfrance.org\/index.php\/2023\/11\/15\/larmee-doccupation-prend-dassaut-lhopital-dal-shifa\/#article","isPartOf":{"@id":"https:\/\/ismfrance.org\/index.php\/2023\/11\/15\/larmee-doccupation-prend-dassaut-lhopital-dal-shifa\/"},"author":{"name":"mru_01","@id":"https:\/\/ismfrance.org\/#\/schema\/person\/3c411eb72adfaae19c0dca1f41fae01d"},"headline":"L&rsquo;arm\u00e9e d&rsquo;occupation prend d&rsquo;assaut l&rsquo;h\u00f4pital d&rsquo;Al-Shifa \/ communiqu\u00e9 du superviseur des urgences","datePublished":"2023-11-15T09:35:41+00:00","dateModified":"2023-11-15T10:12:15+00:00","mainEntityOfPage":{"@id":"https:\/\/ismfrance.org\/index.php\/2023\/11\/15\/larmee-doccupation-prend-dassaut-lhopital-dal-shifa\/"},"wordCount":500,"publisher":{"@id":"https:\/\/ismfrance.org\/#organization"},"image":{"@id":"https:\/\/ismfrance.org\/index.php\/2023\/11\/15\/larmee-doccupation-prend-dassaut-lhopital-dal-shifa\/#primaryimage"},"thumbnailUrl":"https:\/\/ismfrance.org\/wp-content\/uploads\/2023\/11\/F-6D1swWoAAh6QP.jpeg","keywords":["7 octobre 2023","Crimes de guerre"],"articleSection":["Articles","T\u00e9moignages"],"inLanguage":"fr-FR"},{"@type":"WebPage","@id":"https:\/\/ismfrance.org\/index.php\/2023\/11\/15\/larmee-doccupation-prend-dassaut-lhopital-dal-shifa\/","url":"https:\/\/ismfrance.org\/index.php\/2023\/11\/15\/larmee-doccupation-prend-dassaut-lhopital-dal-shifa\/","name":"L'arm\u00e9e d'occupation prend d'assaut l'h\u00f4pital d'Al-Shifa \/ communiqu\u00e9 du superviseur des urgences - International Solidarity Movement - ISM-France","isPartOf":{"@id":"https:\/\/ismfrance.org\/#website"},"primaryImageOfPage":{"@id":"https:\/\/ismfrance.org\/index.php\/2023\/11\/15\/larmee-doccupation-prend-dassaut-lhopital-dal-shifa\/#primaryimage"},"image":{"@id":"https:\/\/ismfrance.org\/index.php\/2023\/11\/15\/larmee-doccupation-prend-dassaut-lhopital-dal-shifa\/#primaryimage"},"thumbnailUrl":"https:\/\/ismfrance.org\/wp-content\/uploads\/2023\/11\/F-6D1swWoAAh6QP.jpeg","datePublished":"2023-11-15T09:35:41+00:00","dateModified":"2023-11-15T10:12:15+00:00","breadcrumb":{"@id":"https:\/\/ismfrance.org\/index.php\/2023\/11\/15\/larmee-doccupation-prend-dassaut-lhopital-dal-shifa\/#breadcrumb"},"inLanguage":"fr-FR","potentialAction":[{"@type":"ReadAction","target":["https:\/\/ismfrance.org\/index.php\/2023\/11\/15\/larmee-doccupation-prend-dassaut-lhopital-dal-shifa\/"]}]},{"@type":"ImageObject","inLanguage":"fr-FR","@id":"https:\/\/ismfrance.org\/index.php\/2023\/11\/15\/larmee-doccupation-prend-dassaut-lhopital-dal-shifa\/#primaryimage","url":"https:\/\/ismfrance.org\/wp-content\/uploads\/2023\/11\/F-6D1swWoAAh6QP.jpeg","contentUrl":"https:\/\/ismfrance.org\/wp-content\/uploads\/2023\/11\/F-6D1swWoAAh6QP.jpeg","width":680,"height":680},{"@type":"BreadcrumbList","@id":"https:\/\/ismfrance.org\/index.php\/2023\/11\/15\/larmee-doccupation-prend-dassaut-lhopital-dal-shifa\/#breadcrumb","itemListElement":[{"@type":"ListItem","position":1,"name":"Accueil","item":"https:\/\/ismfrance.org\/"},{"@type":"ListItem","position":2,"name":"L&#8217;arm\u00e9e d&#8217;occupation prend d&#8217;assaut l&#8217;h\u00f4pital d&#8217;Al-Shifa \/ communiqu\u00e9 du superviseur des urgences"}]},{"@type":"WebSite","@id":"https:\/\/ismfrance.org\/#website","url":"https:\/\/ismfrance.org\/","name":"ISM Palestine France","description":"Soutien aux luttes de lib\u00e9ration du peuple palestinien","publisher":{"@id":"https:\/\/ismfrance.org\/#organization"},"potentialAction":[{"@type":"SearchAction","target":{"@type":"EntryPoint","urlTemplate":"https:\/\/ismfrance.org\/?s={search_term_string}"},"query-input":{"@type":"PropertyValueSpecification","valueRequired":true,"valueName":"search_term_string"}}],"inLanguage":"fr-FR"},{"@type":"Organization","@id":"https:\/\/ismfrance.org\/#organization","name":"International Solidarity Movement","url":"https:\/\/ismfrance.org\/","logo":{"@type":"ImageObject","inLanguage":"fr-FR","@id":"https:\/\/ismfrance.org\/#\/schema\/logo\/image\/","url":"https:\/\/ismfrance.org\/wp-content\/uploads\/2020\/12\/00.png","contentUrl":"https:\/\/ismfrance.org\/wp-content\/uploads\/2020\/12\/00.png","width":400,"height":400,"caption":"International Solidarity Movement"},"image":{"@id":"https:\/\/ismfrance.org\/#\/schema\/logo\/image\/"},"sameAs":["https:\/\/x.com\/ISMFRANCE"]},{"@type":"Person","@id":"https:\/\/ismfrance.org\/#\/schema\/person\/3c411eb72adfaae19c0dca1f41fae01d","name":"mru_01","image":{"@type":"ImageObject","inLanguage":"fr-FR","@id":"https:\/\/secure.gravatar.com\/avatar\/3a0be343b445d2ccc79e87444a294fad2b232e90d2051d0e3cc219e1ecd6a330?s=96&d=mm&r=g","url":"https:\/\/secure.gravatar.com\/avatar\/3a0be343b445d2ccc79e87444a294fad2b232e90d2051d0e3cc219e1ecd6a330?s=96&d=mm&r=g","contentUrl":"https:\/\/secure.gravatar.com\/avatar\/3a0be343b445d2ccc79e87444a294fad2b232e90d2051d0e3cc219e1ecd6a330?s=96&d=mm&r=g","caption":"mru_01"},"url":"https:\/\/ismfrance.org\/index.php\/author\/admin02\/"}]}},"_links":{"self":[{"href":"https:\/\/ismfrance.org\/index.php\/wp-json\/wp\/v2\/posts\/7512","targetHints":{"allow":["GET"]}}],"collection":[{"href":"https:\/\/ismfrance.org\/index.php\/wp-json\/wp\/v2\/posts"}],"about":[{"href":"https:\/\/ismfrance.org\/index.php\/wp-json\/wp\/v2\/types\/post"}],"author":[{"embeddable":true,"href":"https:\/\/ismfrance.org\/index.php\/wp-json\/wp\/v2\/users\/3"}],"replies":[{"embeddable":true,"href":"https:\/\/ismfrance.org\/index.php\/wp-json\/wp\/v2\/comments?post=7512"}],"version-history":[{"count":0,"href":"https:\/\/ismfrance.org\/index.php\/wp-json\/wp\/v2\/posts\/7512\/revisions"}],"wp:featuredmedia":[{"embeddable":true,"href":"https:\/\/ismfrance.org\/index.php\/wp-json\/wp\/v2\/media\/7514"}],"wp:attachment":[{"href":"https:\/\/ismfrance.org\/index.php\/wp-json\/wp\/v2\/media?parent=7512"}],"wp:term":[{"taxonomy":"category","embeddable":true,"href":"https:\/\/ismfrance.org\/index.php\/wp-json\/wp\/v2\/categories?post=7512"},{"taxonomy":"post_tag","embeddable":true,"href":"https:\/\/ismfrance.org\/index.php\/wp-json\/wp\/v2\/tags?post=7512"}],"curies":[{"name":"wp","href":"https:\/\/api.w.org\/{rel}","templated":true}]}}