{"id":7478,"date":"2023-11-12T22:44:20","date_gmt":"2023-11-12T21:44:20","guid":{"rendered":"https:\/\/ismfrance.org\/?p=7478"},"modified":"2023-11-12T22:44:20","modified_gmt":"2023-11-12T21:44:20","slug":"solidarite-gaza-rassemblement-jeudi-23-novembre-2023-a-18h-devant-lambassade-degypte-a-paris","status":"publish","type":"post","link":"https:\/\/ismfrance.org\/index.php\/2023\/11\/12\/solidarite-gaza-rassemblement-jeudi-23-novembre-2023-a-18h-devant-lambassade-degypte-a-paris\/","title":{"rendered":"Solidarit\u00e9 Gaza &#8211; Rassemblement jeudi 23 novembre 2023 \u00e0 18h devant l&rsquo;ambassade d&rsquo;\u00c9gypte \u00e0 Paris"},"content":{"rendered":"<p><span style=\"color: #000000;\"><span style=\"font-family: Trebuchet MS, sans-serif;\"><span style=\"font-size: medium;\"><strong>Association de Palestiniens en Ile-de-France, 12 novembre 2023<\/strong>. En solidarit\u00e9 avec Gaza et afin de demander \u00e0 l&rsquo;Egypte de lever son blocus de Gaza et d&rsquo;ouvrir sa fronti\u00e8re pour l&rsquo;acheminement des denr\u00e9es \u00e0 la population palestinienne l\u00e0-bas, rassemblement au :<\/span><\/span><\/span><\/p>\n<div id=\"attachment_7480\" style=\"width: 610px\" class=\"wp-caption alignnone\"><a href=\"https:\/\/ismfrance.org\/wp-content\/uploads\/2023\/11\/rafah.webp\"><img loading=\"lazy\" decoding=\"async\" aria-describedby=\"caption-attachment-7480\" class=\"wp-image-7480 size-large\" src=\"https:\/\/ismfrance.org\/wp-content\/uploads\/2023\/11\/rafah-700x502.webp\" alt=\"\" width=\"600\" height=\"430\" srcset=\"https:\/\/ismfrance.org\/wp-content\/uploads\/2023\/11\/rafah-700x502.webp 700w, https:\/\/ismfrance.org\/wp-content\/uploads\/2023\/11\/rafah-300x215.webp 300w, https:\/\/ismfrance.org\/wp-content\/uploads\/2023\/11\/rafah-768x551.webp 768w, https:\/\/ismfrance.org\/wp-content\/uploads\/2023\/11\/rafah.webp 1186w\" sizes=\"auto, (max-width: 600px) 100vw, 600px\" \/><\/a><p id=\"caption-attachment-7480\" class=\"wp-caption-text\">Mi-octobre, des camions d&rsquo;aide bloqu\u00e9s \u00e0 Rafah. (<a href=\"ttps:\/\/www.koha.net\/fr\/bateau\/395721\/L%27aide-\u00e9gyptienne-\u00e0-Gaza-est-bloqu\u00e9e-au-poste-fronti\u00e8re-de-Rafah\/\">source<\/a>)<\/p><\/div>\n<p>&nbsp;<\/p>\n<p style=\"text-align: left;\"><span style=\"color: #000000;\"><span style=\"font-family: Trebuchet MS, sans-serif;\"><span style=\"font-size: medium;\"><span style=\"font-size: large;\">56 avenue d&rsquo;Iena<br \/>\n75016 Paris<br \/>\nM\u00e9tro Iena<\/span><\/span><\/span><\/span><\/p>\n<p>Pour tout contact :<br \/>\nassoc.pal.if@gmail.com<\/p>\n","protected":false},"excerpt":{"rendered":"<p>Association de Palestiniens en Ile-de-France, 12 novembre 2023. En solidarit\u00e9 avec Gaza et afin de demander \u00e0 l&rsquo;Egypte de lever son blocus de Gaza et d&rsquo;ouvrir sa fronti\u00e8re pour l&rsquo;acheminement <a class=\"more-link\" href=\"https:\/\/ismfrance.org\/index.php\/2023\/11\/12\/solidarite-gaza-rassemblement-jeudi-23-novembre-2023-a-18h-devant-lambassade-degypte-a-paris\/\">Lire la suite &rarr;<\/a><\/p>\n","protected":false},"author":3,"featured_media":7480,"comment_status":"closed","ping_status":"closed","sticky":false,"template":"","format":"standard","meta":{"footnotes":""},"categories":[2,14],"tags":[47,323,44],"class_list":["post-7478","post","type-post","status-publish","format-standard","has-post-thumbnail","hentry","category-articles","category-communiques","tag-blocus","tag-egypte","tag-materiel-militant"],"yoast_head":"<!-- This site is optimized with the Yoast SEO plugin v27.2 - https:\/\/yoast.com\/product\/yoast-seo-wordpress\/ -->\n<title>Solidarit\u00e9 Gaza - Rassemblement jeudi 23 novembre 2023 \u00e0 18h devant l&#039;ambassade d&#039;\u00c9gypte \u00e0 Paris - International Solidarity Movement - ISM-France<\/title>\n<meta name=\"robots\" content=\"index, follow, max-snippet:-1, max-image-preview:large, max-video-preview:-1\" \/>\n<link rel=\"canonical\" href=\"https:\/\/ismfrance.org\/index.php\/2023\/11\/12\/solidarite-gaza-rassemblement-jeudi-23-novembre-2023-a-18h-devant-lambassade-degypte-a-paris\/\" \/>\n<meta property=\"og:locale\" content=\"fr_FR\" \/>\n<meta property=\"og:type\" content=\"article\" \/>\n<meta property=\"og:title\" content=\"Solidarit\u00e9 Gaza - Rassemblement jeudi 23 novembre 2023 \u00e0 18h devant l&#039;ambassade d&#039;\u00c9gypte \u00e0 Paris - International Solidarity Movement - ISM-France\" \/>\n<meta property=\"og:description\" content=\"Association de Palestiniens en Ile-de-France, 12 novembre 2023. En solidarit\u00e9 avec Gaza et afin de demander \u00e0 l&rsquo;Egypte de lever son blocus de Gaza et d&rsquo;ouvrir sa fronti\u00e8re pour l&rsquo;acheminement Lire la suite &rarr;\" \/>\n<meta property=\"og:url\" content=\"https:\/\/ismfrance.org\/index.php\/2023\/11\/12\/solidarite-gaza-rassemblement-jeudi-23-novembre-2023-a-18h-devant-lambassade-degypte-a-paris\/\" \/>\n<meta property=\"og:site_name\" content=\"International Solidarity Movement - ISM-France\" \/>\n<meta property=\"article:published_time\" content=\"2023-11-12T21:44:20+00:00\" \/>\n<meta property=\"og:image\" content=\"https:\/\/ismfrance.org\/wp-content\/uploads\/2023\/11\/rafah.webp\" \/>\n\t<meta property=\"og:image:width\" content=\"1186\" \/>\n\t<meta property=\"og:image:height\" content=\"851\" \/>\n\t<meta property=\"og:image:type\" content=\"image\/webp\" \/>\n<meta name=\"author\" content=\"mru_01\" \/>\n<meta name=\"twitter:card\" content=\"summary_large_image\" \/>\n<meta name=\"twitter:creator\" content=\"@ISMFRANCE\" \/>\n<meta name=\"twitter:site\" content=\"@ISMFRANCE\" \/>\n<meta name=\"twitter:label1\" content=\"\u00c9crit par\" \/>\n\t<meta name=\"twitter:data1\" content=\"mru_01\" \/>\n\t<meta name=\"twitter:label2\" content=\"Dur\u00e9e de lecture estim\u00e9e\" \/>\n\t<meta name=\"twitter:data2\" content=\"1 minute\" \/>\n<script type=\"application\/ld+json\" class=\"yoast-schema-graph\">{\"@context\":\"https:\/\/schema.org\",\"@graph\":[{\"@type\":\"Article\",\"@id\":\"https:\/\/ismfrance.org\/index.php\/2023\/11\/12\/solidarite-gaza-rassemblement-jeudi-23-novembre-2023-a-18h-devant-lambassade-degypte-a-paris\/#article\",\"isPartOf\":{\"@id\":\"https:\/\/ismfrance.org\/index.php\/2023\/11\/12\/solidarite-gaza-rassemblement-jeudi-23-novembre-2023-a-18h-devant-lambassade-degypte-a-paris\/\"},\"author\":{\"name\":\"mru_01\",\"@id\":\"https:\/\/ismfrance.org\/#\/schema\/person\/3c411eb72adfaae19c0dca1f41fae01d\"},\"headline\":\"Solidarit\u00e9 Gaza &#8211; Rassemblement jeudi 23 novembre 2023 \u00e0 18h devant l&rsquo;ambassade d&rsquo;\u00c9gypte \u00e0 Paris\",\"datePublished\":\"2023-11-12T21:44:20+00:00\",\"mainEntityOfPage\":{\"@id\":\"https:\/\/ismfrance.org\/index.php\/2023\/11\/12\/solidarite-gaza-rassemblement-jeudi-23-novembre-2023-a-18h-devant-lambassade-degypte-a-paris\/\"},\"wordCount\":86,\"publisher\":{\"@id\":\"https:\/\/ismfrance.org\/#organization\"},\"image\":{\"@id\":\"https:\/\/ismfrance.org\/index.php\/2023\/11\/12\/solidarite-gaza-rassemblement-jeudi-23-novembre-2023-a-18h-devant-lambassade-degypte-a-paris\/#primaryimage\"},\"thumbnailUrl\":\"https:\/\/ismfrance.org\/wp-content\/uploads\/2023\/11\/rafah.webp\",\"keywords\":[\"blocus\",\"Egypte\",\"mat\u00e9riel militant\"],\"articleSection\":[\"Articles\",\"Communiqu\u00e9s\"],\"inLanguage\":\"fr-FR\"},{\"@type\":\"WebPage\",\"@id\":\"https:\/\/ismfrance.org\/index.php\/2023\/11\/12\/solidarite-gaza-rassemblement-jeudi-23-novembre-2023-a-18h-devant-lambassade-degypte-a-paris\/\",\"url\":\"https:\/\/ismfrance.org\/index.php\/2023\/11\/12\/solidarite-gaza-rassemblement-jeudi-23-novembre-2023-a-18h-devant-lambassade-degypte-a-paris\/\",\"name\":\"Solidarit\u00e9 Gaza - Rassemblement jeudi 23 novembre 2023 \u00e0 18h devant l'ambassade d'\u00c9gypte \u00e0 Paris - International Solidarity Movement - ISM-France\",\"isPartOf\":{\"@id\":\"https:\/\/ismfrance.org\/#website\"},\"primaryImageOfPage\":{\"@id\":\"https:\/\/ismfrance.org\/index.php\/2023\/11\/12\/solidarite-gaza-rassemblement-jeudi-23-novembre-2023-a-18h-devant-lambassade-degypte-a-paris\/#primaryimage\"},\"image\":{\"@id\":\"https:\/\/ismfrance.org\/index.php\/2023\/11\/12\/solidarite-gaza-rassemblement-jeudi-23-novembre-2023-a-18h-devant-lambassade-degypte-a-paris\/#primaryimage\"},\"thumbnailUrl\":\"https:\/\/ismfrance.org\/wp-content\/uploads\/2023\/11\/rafah.webp\",\"datePublished\":\"2023-11-12T21:44:20+00:00\",\"breadcrumb\":{\"@id\":\"https:\/\/ismfrance.org\/index.php\/2023\/11\/12\/solidarite-gaza-rassemblement-jeudi-23-novembre-2023-a-18h-devant-lambassade-degypte-a-paris\/#breadcrumb\"},\"inLanguage\":\"fr-FR\",\"potentialAction\":[{\"@type\":\"ReadAction\",\"target\":[\"https:\/\/ismfrance.org\/index.php\/2023\/11\/12\/solidarite-gaza-rassemblement-jeudi-23-novembre-2023-a-18h-devant-lambassade-degypte-a-paris\/\"]}]},{\"@type\":\"ImageObject\",\"inLanguage\":\"fr-FR\",\"@id\":\"https:\/\/ismfrance.org\/index.php\/2023\/11\/12\/solidarite-gaza-rassemblement-jeudi-23-novembre-2023-a-18h-devant-lambassade-degypte-a-paris\/#primaryimage\",\"url\":\"https:\/\/ismfrance.org\/wp-content\/uploads\/2023\/11\/rafah.webp\",\"contentUrl\":\"https:\/\/ismfrance.org\/wp-content\/uploads\/2023\/11\/rafah.webp\",\"width\":1186,\"height\":851},{\"@type\":\"BreadcrumbList\",\"@id\":\"https:\/\/ismfrance.org\/index.php\/2023\/11\/12\/solidarite-gaza-rassemblement-jeudi-23-novembre-2023-a-18h-devant-lambassade-degypte-a-paris\/#breadcrumb\",\"itemListElement\":[{\"@type\":\"ListItem\",\"position\":1,\"name\":\"Accueil\",\"item\":\"https:\/\/ismfrance.org\/\"},{\"@type\":\"ListItem\",\"position\":2,\"name\":\"Solidarit\u00e9 Gaza &#8211; Rassemblement jeudi 23 novembre 2023 \u00e0 18h devant l&#8217;ambassade d&#8217;\u00c9gypte \u00e0 Paris\"}]},{\"@type\":\"WebSite\",\"@id\":\"https:\/\/ismfrance.org\/#website\",\"url\":\"https:\/\/ismfrance.org\/\",\"name\":\"ISM Palestine France\",\"description\":\"Soutien aux luttes de lib\u00e9ration du peuple palestinien\",\"publisher\":{\"@id\":\"https:\/\/ismfrance.org\/#organization\"},\"potentialAction\":[{\"@type\":\"SearchAction\",\"target\":{\"@type\":\"EntryPoint\",\"urlTemplate\":\"https:\/\/ismfrance.org\/?s={search_term_string}\"},\"query-input\":{\"@type\":\"PropertyValueSpecification\",\"valueRequired\":true,\"valueName\":\"search_term_string\"}}],\"inLanguage\":\"fr-FR\"},{\"@type\":\"Organization\",\"@id\":\"https:\/\/ismfrance.org\/#organization\",\"name\":\"International Solidarity Movement\",\"url\":\"https:\/\/ismfrance.org\/\",\"logo\":{\"@type\":\"ImageObject\",\"inLanguage\":\"fr-FR\",\"@id\":\"https:\/\/ismfrance.org\/#\/schema\/logo\/image\/\",\"url\":\"https:\/\/ismfrance.org\/wp-content\/uploads\/2020\/12\/00.png\",\"contentUrl\":\"https:\/\/ismfrance.org\/wp-content\/uploads\/2020\/12\/00.png\",\"width\":400,\"height\":400,\"caption\":\"International Solidarity Movement\"},\"image\":{\"@id\":\"https:\/\/ismfrance.org\/#\/schema\/logo\/image\/\"},\"sameAs\":[\"https:\/\/x.com\/ISMFRANCE\"]},{\"@type\":\"Person\",\"@id\":\"https:\/\/ismfrance.org\/#\/schema\/person\/3c411eb72adfaae19c0dca1f41fae01d\",\"name\":\"mru_01\",\"image\":{\"@type\":\"ImageObject\",\"inLanguage\":\"fr-FR\",\"@id\":\"https:\/\/secure.gravatar.com\/avatar\/3a0be343b445d2ccc79e87444a294fad2b232e90d2051d0e3cc219e1ecd6a330?s=96&d=mm&r=g\",\"url\":\"https:\/\/secure.gravatar.com\/avatar\/3a0be343b445d2ccc79e87444a294fad2b232e90d2051d0e3cc219e1ecd6a330?s=96&d=mm&r=g\",\"contentUrl\":\"https:\/\/secure.gravatar.com\/avatar\/3a0be343b445d2ccc79e87444a294fad2b232e90d2051d0e3cc219e1ecd6a330?s=96&d=mm&r=g\",\"caption\":\"mru_01\"},\"url\":\"https:\/\/ismfrance.org\/index.php\/author\/admin02\/\"}]}<\/script>\n<!-- \/ Yoast SEO plugin. -->","yoast_head_json":{"title":"Solidarit\u00e9 Gaza - Rassemblement jeudi 23 novembre 2023 \u00e0 18h devant l'ambassade d'\u00c9gypte \u00e0 Paris - International Solidarity Movement - ISM-France","robots":{"index":"index","follow":"follow","max-snippet":"max-snippet:-1","max-image-preview":"max-image-preview:large","max-video-preview":"max-video-preview:-1"},"canonical":"https:\/\/ismfrance.org\/index.php\/2023\/11\/12\/solidarite-gaza-rassemblement-jeudi-23-novembre-2023-a-18h-devant-lambassade-degypte-a-paris\/","og_locale":"fr_FR","og_type":"article","og_title":"Solidarit\u00e9 Gaza - Rassemblement jeudi 23 novembre 2023 \u00e0 18h devant l'ambassade d'\u00c9gypte \u00e0 Paris - International Solidarity Movement - ISM-France","og_description":"Association de Palestiniens en Ile-de-France, 12 novembre 2023. En solidarit\u00e9 avec Gaza et afin de demander \u00e0 l&rsquo;Egypte de lever son blocus de Gaza et d&rsquo;ouvrir sa fronti\u00e8re pour l&rsquo;acheminement Lire la suite &rarr;","og_url":"https:\/\/ismfrance.org\/index.php\/2023\/11\/12\/solidarite-gaza-rassemblement-jeudi-23-novembre-2023-a-18h-devant-lambassade-degypte-a-paris\/","og_site_name":"International Solidarity Movement - ISM-France","article_published_time":"2023-11-12T21:44:20+00:00","og_image":[{"width":1186,"height":851,"url":"https:\/\/ismfrance.org\/wp-content\/uploads\/2023\/11\/rafah.webp","type":"image\/webp"}],"author":"mru_01","twitter_card":"summary_large_image","twitter_creator":"@ISMFRANCE","twitter_site":"@ISMFRANCE","twitter_misc":{"\u00c9crit par":"mru_01","Dur\u00e9e de lecture estim\u00e9e":"1 minute"},"schema":{"@context":"https:\/\/schema.org","@graph":[{"@type":"Article","@id":"https:\/\/ismfrance.org\/index.php\/2023\/11\/12\/solidarite-gaza-rassemblement-jeudi-23-novembre-2023-a-18h-devant-lambassade-degypte-a-paris\/#article","isPartOf":{"@id":"https:\/\/ismfrance.org\/index.php\/2023\/11\/12\/solidarite-gaza-rassemblement-jeudi-23-novembre-2023-a-18h-devant-lambassade-degypte-a-paris\/"},"author":{"name":"mru_01","@id":"https:\/\/ismfrance.org\/#\/schema\/person\/3c411eb72adfaae19c0dca1f41fae01d"},"headline":"Solidarit\u00e9 Gaza &#8211; Rassemblement jeudi 23 novembre 2023 \u00e0 18h devant l&rsquo;ambassade d&rsquo;\u00c9gypte \u00e0 Paris","datePublished":"2023-11-12T21:44:20+00:00","mainEntityOfPage":{"@id":"https:\/\/ismfrance.org\/index.php\/2023\/11\/12\/solidarite-gaza-rassemblement-jeudi-23-novembre-2023-a-18h-devant-lambassade-degypte-a-paris\/"},"wordCount":86,"publisher":{"@id":"https:\/\/ismfrance.org\/#organization"},"image":{"@id":"https:\/\/ismfrance.org\/index.php\/2023\/11\/12\/solidarite-gaza-rassemblement-jeudi-23-novembre-2023-a-18h-devant-lambassade-degypte-a-paris\/#primaryimage"},"thumbnailUrl":"https:\/\/ismfrance.org\/wp-content\/uploads\/2023\/11\/rafah.webp","keywords":["blocus","Egypte","mat\u00e9riel militant"],"articleSection":["Articles","Communiqu\u00e9s"],"inLanguage":"fr-FR"},{"@type":"WebPage","@id":"https:\/\/ismfrance.org\/index.php\/2023\/11\/12\/solidarite-gaza-rassemblement-jeudi-23-novembre-2023-a-18h-devant-lambassade-degypte-a-paris\/","url":"https:\/\/ismfrance.org\/index.php\/2023\/11\/12\/solidarite-gaza-rassemblement-jeudi-23-novembre-2023-a-18h-devant-lambassade-degypte-a-paris\/","name":"Solidarit\u00e9 Gaza - Rassemblement jeudi 23 novembre 2023 \u00e0 18h devant l'ambassade d'\u00c9gypte \u00e0 Paris - International Solidarity Movement - ISM-France","isPartOf":{"@id":"https:\/\/ismfrance.org\/#website"},"primaryImageOfPage":{"@id":"https:\/\/ismfrance.org\/index.php\/2023\/11\/12\/solidarite-gaza-rassemblement-jeudi-23-novembre-2023-a-18h-devant-lambassade-degypte-a-paris\/#primaryimage"},"image":{"@id":"https:\/\/ismfrance.org\/index.php\/2023\/11\/12\/solidarite-gaza-rassemblement-jeudi-23-novembre-2023-a-18h-devant-lambassade-degypte-a-paris\/#primaryimage"},"thumbnailUrl":"https:\/\/ismfrance.org\/wp-content\/uploads\/2023\/11\/rafah.webp","datePublished":"2023-11-12T21:44:20+00:00","breadcrumb":{"@id":"https:\/\/ismfrance.org\/index.php\/2023\/11\/12\/solidarite-gaza-rassemblement-jeudi-23-novembre-2023-a-18h-devant-lambassade-degypte-a-paris\/#breadcrumb"},"inLanguage":"fr-FR","potentialAction":[{"@type":"ReadAction","target":["https:\/\/ismfrance.org\/index.php\/2023\/11\/12\/solidarite-gaza-rassemblement-jeudi-23-novembre-2023-a-18h-devant-lambassade-degypte-a-paris\/"]}]},{"@type":"ImageObject","inLanguage":"fr-FR","@id":"https:\/\/ismfrance.org\/index.php\/2023\/11\/12\/solidarite-gaza-rassemblement-jeudi-23-novembre-2023-a-18h-devant-lambassade-degypte-a-paris\/#primaryimage","url":"https:\/\/ismfrance.org\/wp-content\/uploads\/2023\/11\/rafah.webp","contentUrl":"https:\/\/ismfrance.org\/wp-content\/uploads\/2023\/11\/rafah.webp","width":1186,"height":851},{"@type":"BreadcrumbList","@id":"https:\/\/ismfrance.org\/index.php\/2023\/11\/12\/solidarite-gaza-rassemblement-jeudi-23-novembre-2023-a-18h-devant-lambassade-degypte-a-paris\/#breadcrumb","itemListElement":[{"@type":"ListItem","position":1,"name":"Accueil","item":"https:\/\/ismfrance.org\/"},{"@type":"ListItem","position":2,"name":"Solidarit\u00e9 Gaza &#8211; Rassemblement jeudi 23 novembre 2023 \u00e0 18h devant l&#8217;ambassade d&#8217;\u00c9gypte \u00e0 Paris"}]},{"@type":"WebSite","@id":"https:\/\/ismfrance.org\/#website","url":"https:\/\/ismfrance.org\/","name":"ISM Palestine France","description":"Soutien aux luttes de lib\u00e9ration du peuple palestinien","publisher":{"@id":"https:\/\/ismfrance.org\/#organization"},"potentialAction":[{"@type":"SearchAction","target":{"@type":"EntryPoint","urlTemplate":"https:\/\/ismfrance.org\/?s={search_term_string}"},"query-input":{"@type":"PropertyValueSpecification","valueRequired":true,"valueName":"search_term_string"}}],"inLanguage":"fr-FR"},{"@type":"Organization","@id":"https:\/\/ismfrance.org\/#organization","name":"International Solidarity Movement","url":"https:\/\/ismfrance.org\/","logo":{"@type":"ImageObject","inLanguage":"fr-FR","@id":"https:\/\/ismfrance.org\/#\/schema\/logo\/image\/","url":"https:\/\/ismfrance.org\/wp-content\/uploads\/2020\/12\/00.png","contentUrl":"https:\/\/ismfrance.org\/wp-content\/uploads\/2020\/12\/00.png","width":400,"height":400,"caption":"International Solidarity Movement"},"image":{"@id":"https:\/\/ismfrance.org\/#\/schema\/logo\/image\/"},"sameAs":["https:\/\/x.com\/ISMFRANCE"]},{"@type":"Person","@id":"https:\/\/ismfrance.org\/#\/schema\/person\/3c411eb72adfaae19c0dca1f41fae01d","name":"mru_01","image":{"@type":"ImageObject","inLanguage":"fr-FR","@id":"https:\/\/secure.gravatar.com\/avatar\/3a0be343b445d2ccc79e87444a294fad2b232e90d2051d0e3cc219e1ecd6a330?s=96&d=mm&r=g","url":"https:\/\/secure.gravatar.com\/avatar\/3a0be343b445d2ccc79e87444a294fad2b232e90d2051d0e3cc219e1ecd6a330?s=96&d=mm&r=g","contentUrl":"https:\/\/secure.gravatar.com\/avatar\/3a0be343b445d2ccc79e87444a294fad2b232e90d2051d0e3cc219e1ecd6a330?s=96&d=mm&r=g","caption":"mru_01"},"url":"https:\/\/ismfrance.org\/index.php\/author\/admin02\/"}]}},"_links":{"self":[{"href":"https:\/\/ismfrance.org\/index.php\/wp-json\/wp\/v2\/posts\/7478","targetHints":{"allow":["GET"]}}],"collection":[{"href":"https:\/\/ismfrance.org\/index.php\/wp-json\/wp\/v2\/posts"}],"about":[{"href":"https:\/\/ismfrance.org\/index.php\/wp-json\/wp\/v2\/types\/post"}],"author":[{"embeddable":true,"href":"https:\/\/ismfrance.org\/index.php\/wp-json\/wp\/v2\/users\/3"}],"replies":[{"embeddable":true,"href":"https:\/\/ismfrance.org\/index.php\/wp-json\/wp\/v2\/comments?post=7478"}],"version-history":[{"count":0,"href":"https:\/\/ismfrance.org\/index.php\/wp-json\/wp\/v2\/posts\/7478\/revisions"}],"wp:featuredmedia":[{"embeddable":true,"href":"https:\/\/ismfrance.org\/index.php\/wp-json\/wp\/v2\/media\/7480"}],"wp:attachment":[{"href":"https:\/\/ismfrance.org\/index.php\/wp-json\/wp\/v2\/media?parent=7478"}],"wp:term":[{"taxonomy":"category","embeddable":true,"href":"https:\/\/ismfrance.org\/index.php\/wp-json\/wp\/v2\/categories?post=7478"},{"taxonomy":"post_tag","embeddable":true,"href":"https:\/\/ismfrance.org\/index.php\/wp-json\/wp\/v2\/tags?post=7478"}],"curies":[{"name":"wp","href":"https:\/\/api.w.org\/{rel}","templated":true}]}}