{"id":7467,"date":"2023-11-12T17:21:30","date_gmt":"2023-11-12T16:21:30","guid":{"rendered":"https:\/\/ismfrance.org\/?p=7467"},"modified":"2023-11-12T22:32:57","modified_gmt":"2023-11-12T21:32:57","slug":"jour-36-operation-deluge-al-aqsa-dans-la-ville-de-jerusalem","status":"publish","type":"post","link":"https:\/\/ismfrance.org\/index.php\/2023\/11\/12\/jour-36-operation-deluge-al-aqsa-dans-la-ville-de-jerusalem\/","title":{"rendered":"Jour 36 : Op\u00e9ration D\u00e9luge Al-Aqsa dans la ville de J\u00e9rusalem"},"content":{"rendered":"<p><span style=\"color: #000000;\"><span style=\"font-family: Tahoma, sans-serif;\"><span style=\"font-size: medium;\"><strong>Silwanic, 11 novembre 2023.<\/strong> Au 36e jour de l&rsquo;op\u00e9ration \u00ab D\u00e9luge d&rsquo;Al-Aqsa \u00bb, le si\u00e8ge impos\u00e9 \u00e0 la mosqu\u00e9e Al-Aqsa et \u00e0 la vieille ville d&rsquo;Al-Qods se poursuit\u00a0; une famille de J\u00e9rusalem a d\u00fb d\u00e9molir elle-m\u00eame sa maison dans le quartier de Silwan, tandis que les patriarches et les chefs d&rsquo;\u00e9glises de la ville ont annonc\u00e9 l&rsquo;annulation des festivit\u00e9s c\u00e9l\u00e9brant No\u00ebl.<\/span><\/span><\/span><\/p>\n<div id=\"attachment_7469\" style=\"width: 610px\" class=\"wp-caption alignnone\"><a href=\"https:\/\/ismfrance.org\/wp-content\/uploads\/2023\/11\/demolition-appart.jpg\"><img loading=\"lazy\" decoding=\"async\" aria-describedby=\"caption-attachment-7469\" class=\"wp-image-7469 size-large\" src=\"https:\/\/ismfrance.org\/wp-content\/uploads\/2023\/11\/demolition-appart-700x394.jpg\" alt=\"\" width=\"600\" height=\"338\" srcset=\"https:\/\/ismfrance.org\/wp-content\/uploads\/2023\/11\/demolition-appart-700x394.jpg 700w, https:\/\/ismfrance.org\/wp-content\/uploads\/2023\/11\/demolition-appart-300x169.jpg 300w, https:\/\/ismfrance.org\/wp-content\/uploads\/2023\/11\/demolition-appart-768x432.jpg 768w, https:\/\/ismfrance.org\/wp-content\/uploads\/2023\/11\/demolition-appart.jpg 889w\" sizes=\"auto, (max-width: 600px) 100vw, 600px\" \/><\/a><p id=\"caption-attachment-7469\" class=\"wp-caption-text\">Bader Dandis et de son fils Mahmoud oblig\u00e9s par les autorit\u00e9s d&rsquo;occupation de d\u00e9molir leurs appartements construits depuis 15 ans sous pr\u00e9texte qu&rsquo;ils ont \u00e9t\u00e9 construits sans permis (les Palestiniens n&rsquo;obtiennent jamais de permis) (<a href=\"https:\/\/www.silwanic.net\/article\/news\/79141\/day-36-al-aqsa-flood-operation-in-the-city-of-jerusalem\">source photo<\/a>)<\/p><\/div>\n<p><strong><span style=\"color: #000000;\"><span style=\"font-family: Tahoma, sans-serif;\"><span style=\"font-size: large;\">Si\u00e8ge d&rsquo;Al-Aqsa<\/span><\/span><\/span><\/strong><\/p>\n<p><span style=\"color: #000000;\"><span style=\"font-family: Tahoma, sans-serif;\"><span style=\"font-size: medium;\">Depuis le 7 octobre dernier, les autorit\u00e9s d&rsquo;occupation ont continu\u00e9 le si\u00e8ge de la mosqu\u00e9e Al-Aqsa\u00a0: elles ont d\u00e9ploy\u00e9 des forces \u00e0 ses portes, install\u00e9 des barri\u00e8res de fer, v\u00e9rifi\u00e9 les identit\u00e9s, interdit l&rsquo;entr\u00e9e \u00e0 l&rsquo;exception des employ\u00e9s des Fondations islamiques et des personnes \u00e2g\u00e9es, et exig\u00e9 que la plupart des personnes \u00e2g\u00e9es soient des \u00ab r\u00e9sidents \u00bb de la vieille ville de J\u00e9rusalem.<\/span><\/span><\/span><\/p>\n<p><span style=\"color: #000000;\"><span style=\"font-family: Tahoma, sans-serif;\"><span style=\"font-size: medium;\">De m\u00eame, les forces continuent d&rsquo;imposer des restrictions \u00e0 l&rsquo;entr\u00e9e dans la vieille ville, emp\u00eachant les jeunes hommes, fouillant les jeunes filles et v\u00e9rifiant leur identit\u00e9 avant de les autoriser \u00e0 entrer.<\/span><\/span><\/span><\/p>\n<p><span style=\"color: #000000;\"><span style=\"font-family: Tahoma, sans-serif;\"><span style=\"font-size: medium;\">Les forces d&rsquo;occupation continuent \u00e9galement d&#8217;emp\u00eacher les gens de s&rsquo;asseoir ou d&rsquo;\u00eatre pr\u00e9sents dans le secteur de la porte de Damas.<\/span><\/span><\/span><\/p>\n<p><span style=\"color: #000000;\"><span style=\"font-family: Tahoma, sans-serif;\"><span style=\"font-size: medium;\">Elles ont \u00e9galement continu\u00e9 \u00e0 \u00e9tablir des postes de contr\u00f4le volants dans les rues, les quartiers et les villes de J\u00e9rusalem.<\/span><\/span><\/span><\/p>\n<p><strong><span style=\"color: #000000;\"><span style=\"font-family: Tahoma, sans-serif;\"><span style=\"font-size: large;\">D\u00e9molition<\/span><\/span><\/span><\/strong><\/p>\n<p><span style=\"color: #000000;\"><span style=\"font-family: Tahoma, sans-serif;\"><span style=\"font-size: medium;\">La famille Dandis a d\u00fb d\u00e9molir de ses propres mains ses deux appartements situ\u00e9es dans le quartier de Wadi Qaddoum \u00e0 Silwan, sur d\u00e9cision de la municipalit\u00e9 d&rsquo;occupation. La famille Dandis a expliqu\u00e9 avoir d\u00fb d\u00e9molir les appartements de Bader et de son fils Mahmoud, sur d\u00e9cision de la municipalit\u00e9, sous pr\u00e9texte de construction sans permis.<\/span><\/span><\/span><\/p>\n<p><span style=\"color: #000000;\"><span style=\"font-family: Tahoma, sans-serif;\"><span style=\"font-size: medium;\">La famille a soulign\u00e9 que l&rsquo;immeuble \u00e9tait l\u00e0 depuis 14 ans et que l&rsquo;occupation a impos\u00e9e \u00e0 la famille une amende d&rsquo;un montant de 40.000 shekels (9.700\u20ac) pour \u00ab infraction \u00e0 la construction \u00bb.<\/span><\/span><\/span><\/p>\n<p><span style=\"color: #000000;\"><span style=\"font-family: Tahoma, sans-serif;\"><span style=\"font-size: medium;\">La famille Dandis a utilis\u00e9 des outils de d\u00e9molition manuels pour mettre en \u0153uvre la d\u00e9cision de d\u00e9molir des deux appartements situ\u00e9es au cinqui\u00e8me \u00e9tage, construits en t\u00f4le renforc\u00e9e.<\/span><\/span><\/span><\/p>\n<p><span style=\"color: #000000;\"><span style=\"font-family: Tahoma, sans-serif;\"><span style=\"font-size: medium;\">Le processus de d\u00e9molition a d\u00e9plac\u00e9 la famille de 7 personnes de Bader de son appartement de 80 m\u00e8tres\u00b2, ainsi que la famille de son fils Mahmoud et de sa femme, dont l&rsquo;appartement faisait 60 m\u00e8tres\u00b2.<\/span><\/span><\/span><\/p>\n<p><strong><span style=\"color: #000000;\"><span style=\"font-family: Tahoma, sans-serif;\"><span style=\"font-size: large;\">Patriarches et chefs d&rsquo;\u00e9glises de la ville de J\u00e9rusalem<\/span><\/span><\/span><\/strong><\/p>\n<p><span style=\"color: #000000;\"><span style=\"font-family: Tahoma, sans-serif;\"><span style=\"font-size: medium;\">Les patriarches et chefs d\u2019\u00e9glises de la ville de J\u00e9rusalem ont annonc\u00e9 l\u2019annulation des c\u00e9l\u00e9brations de No\u00ebl de cette ann\u00e9e, alors que la guerre dans la bande de Gaza se poursuit.<\/span><\/span><\/span><\/p>\n<div id=\"attachment_7471\" style=\"width: 610px\" class=\"wp-caption aligncenter\"><a href=\"https:\/\/ismfrance.org\/wp-content\/uploads\/2023\/11\/porte-damas.jpg\"><img loading=\"lazy\" decoding=\"async\" aria-describedby=\"caption-attachment-7471\" class=\"size-large wp-image-7471\" src=\"https:\/\/ismfrance.org\/wp-content\/uploads\/2023\/11\/porte-damas-700x395.jpg\" alt=\"\" width=\"600\" height=\"339\" srcset=\"https:\/\/ismfrance.org\/wp-content\/uploads\/2023\/11\/porte-damas-700x395.jpg 700w, https:\/\/ismfrance.org\/wp-content\/uploads\/2023\/11\/porte-damas-300x169.jpg 300w, https:\/\/ismfrance.org\/wp-content\/uploads\/2023\/11\/porte-damas-768x433.jpg 768w, https:\/\/ismfrance.org\/wp-content\/uploads\/2023\/11\/porte-damas.jpg 886w\" sizes=\"auto, (max-width: 600px) 100vw, 600px\" \/><\/a><p id=\"caption-attachment-7471\" class=\"wp-caption-text\">La porte de Damas, habituellement si anim\u00e9e, est maintenant d\u00e9sert\u00e9e, sous les menaces des autorit\u00e9s d&rsquo;occupation.<\/p><\/div>\n<p><span style=\"color: #000000;\"><span style=\"font-family: Tahoma, sans-serif;\"><span style=\"font-size: medium;\">Les patriarches et chefs d\u2019\u00e9glises de la ville de J\u00e9rusalem ont d\u00e9clar\u00e9 dans un communiqu\u00e9 : \u00ab Ces jours-ci, nous ne vivons pas des temps normaux. Depuis le d\u00e9but de la guerre contre Gaza, nous vivons dans une atmosph\u00e8re douloureuse et triste. Des milliers d\u2019innocents ont perdu la vie et de nombreux autres ont \u00e9t\u00e9 gri\u00e8vement bless\u00e9s. Les gens vivent dans un \u00e9tat de chagrin face \u00e0 la perte de leurs proches et s\u2019inqui\u00e8tent pour ceux dont le sort est inconnu. Dans notre r\u00e9gion, de nombreuses personnes ont perdu leur emploi et souffrent de graves difficult\u00e9s \u00e9conomiques. Malgr\u00e9 nos appels r\u00e9p\u00e9t\u00e9s au cessez-le-feu et \u00e0 une r\u00e9duction de la violence, la guerre continue. \u00bb<\/span><\/span><\/span><\/p>\n<p><span style=\"color: #000000;\"><span style=\"font-family: Tahoma, sans-serif;\"><span style=\"font-size: medium;\">Il a appel\u00e9 les patriarches et les chefs des \u00e9glises de J\u00e9rusalem \u00e0 rester fermes dans ces circonstances et \u00e0 abandonner toute activit\u00e9 de c\u00e9l\u00e9bration inutile. Ils ont appel\u00e9 les pr\u00eatres \u00e0 se concentrer davantage sur la signification spirituelle de No\u00ebl dans les activit\u00e9s pastorales et les rituels religieux, \u00e0 se concentrer sur les personnes touch\u00e9es par cette guerre et ses cons\u00e9quences et \u00e0 prier pour une paix juste et permanente.<\/span><\/span><\/span><\/p>\n<p><strong><span style=\"color: #000000;\"><span style=\"font-family: Tahoma, sans-serif;\"><span style=\"font-size: large;\">Arrestations et perquisitions<\/span><\/span><\/span><\/strong><\/p>\n<p><span style=\"color: #000000;\"><span style=\"font-family: Tahoma, sans-serif;\"><span style=\"font-size: medium;\">Les raids contre les villes et les quartiers de la ville de J\u00e9rusalem se sont poursuivis et, dans la soir\u00e9e, les forces ont pris d&rsquo;assaut le village d&rsquo;Issawiya.<\/span><\/span><\/span><\/p>\n<p><span style=\"color: #000000;\"><span style=\"font-family: Tahoma, sans-serif;\"><span style=\"font-size: medium;\">Les forces ont \u00e9galement arr\u00eat\u00e9 Mme Jamila Jbareen.<\/span><\/span><\/span><\/p>\n<pre><em><span style=\"color: #000000;\"><span style=\"font-family: Tahoma, sans-serif;\"><span style=\"font-size: medium;\">Article original en anglais sur <a href=\"https:\/\/www.silwanic.net\/article\/news\/79141\/day-36-al-aqsa-flood-operation-in-the-city-of-jerusalem\">Silwanic<\/a> \/ Traduction MR<\/span><\/span><\/span><\/em><\/pre>\n","protected":false},"excerpt":{"rendered":"<p>Silwanic, 11 novembre 2023. Au 36e jour de l&rsquo;op\u00e9ration \u00ab D\u00e9luge d&rsquo;Al-Aqsa \u00bb, le si\u00e8ge impos\u00e9 \u00e0 la mosqu\u00e9e Al-Aqsa et \u00e0 la vieille ville d&rsquo;Al-Qods se poursuit\u00a0; une famille <a class=\"more-link\" href=\"https:\/\/ismfrance.org\/index.php\/2023\/11\/12\/jour-36-operation-deluge-al-aqsa-dans-la-ville-de-jerusalem\/\">Lire la suite &rarr;<\/a><\/p>\n","protected":false},"author":3,"featured_media":7469,"comment_status":"closed","ping_status":"closed","sticky":false,"template":"","format":"standard","meta":{"footnotes":""},"categories":[2,14],"tags":[348,51,128,45],"class_list":["post-7467","post","type-post","status-publish","format-standard","has-post-thumbnail","hentry","category-articles","category-communiques","tag-7-octobre-2023","tag-colonialisme","tag-demolition-de-maison","tag-nettoyage-ethnique"],"yoast_head":"<!-- This site is optimized with the Yoast SEO plugin v27.2 - https:\/\/yoast.com\/product\/yoast-seo-wordpress\/ -->\n<title>Jour 36 : Op\u00e9ration D\u00e9luge Al-Aqsa dans la ville de J\u00e9rusalem - International Solidarity Movement - ISM-France<\/title>\n<meta name=\"robots\" content=\"index, follow, max-snippet:-1, max-image-preview:large, max-video-preview:-1\" \/>\n<link rel=\"canonical\" href=\"https:\/\/ismfrance.org\/index.php\/2023\/11\/12\/jour-36-operation-deluge-al-aqsa-dans-la-ville-de-jerusalem\/\" \/>\n<meta property=\"og:locale\" content=\"fr_FR\" \/>\n<meta property=\"og:type\" content=\"article\" \/>\n<meta property=\"og:title\" content=\"Jour 36 : Op\u00e9ration D\u00e9luge Al-Aqsa dans la ville de J\u00e9rusalem - International Solidarity Movement - ISM-France\" \/>\n<meta property=\"og:description\" content=\"Silwanic, 11 novembre 2023. Au 36e jour de l&rsquo;op\u00e9ration \u00ab D\u00e9luge d&rsquo;Al-Aqsa \u00bb, le si\u00e8ge impos\u00e9 \u00e0 la mosqu\u00e9e Al-Aqsa et \u00e0 la vieille ville d&rsquo;Al-Qods se poursuit\u00a0; une famille Lire la suite &rarr;\" \/>\n<meta property=\"og:url\" content=\"https:\/\/ismfrance.org\/index.php\/2023\/11\/12\/jour-36-operation-deluge-al-aqsa-dans-la-ville-de-jerusalem\/\" \/>\n<meta property=\"og:site_name\" content=\"International Solidarity Movement - ISM-France\" \/>\n<meta property=\"article:published_time\" content=\"2023-11-12T16:21:30+00:00\" \/>\n<meta property=\"article:modified_time\" content=\"2023-11-12T21:32:57+00:00\" \/>\n<meta property=\"og:image\" content=\"https:\/\/ismfrance.org\/wp-content\/uploads\/2023\/11\/demolition-appart.jpg\" \/>\n\t<meta property=\"og:image:width\" content=\"889\" \/>\n\t<meta property=\"og:image:height\" content=\"500\" \/>\n\t<meta property=\"og:image:type\" content=\"image\/jpeg\" \/>\n<meta name=\"author\" content=\"mru_01\" \/>\n<meta name=\"twitter:card\" content=\"summary_large_image\" \/>\n<meta name=\"twitter:creator\" content=\"@ISMFRANCE\" \/>\n<meta name=\"twitter:site\" content=\"@ISMFRANCE\" \/>\n<meta name=\"twitter:label1\" content=\"\u00c9crit par\" \/>\n\t<meta name=\"twitter:data1\" content=\"mru_01\" \/>\n\t<meta name=\"twitter:label2\" content=\"Dur\u00e9e de lecture estim\u00e9e\" \/>\n\t<meta name=\"twitter:data2\" content=\"4 minutes\" \/>\n<script type=\"application\/ld+json\" class=\"yoast-schema-graph\">{\"@context\":\"https:\/\/schema.org\",\"@graph\":[{\"@type\":\"Article\",\"@id\":\"https:\/\/ismfrance.org\/index.php\/2023\/11\/12\/jour-36-operation-deluge-al-aqsa-dans-la-ville-de-jerusalem\/#article\",\"isPartOf\":{\"@id\":\"https:\/\/ismfrance.org\/index.php\/2023\/11\/12\/jour-36-operation-deluge-al-aqsa-dans-la-ville-de-jerusalem\/\"},\"author\":{\"name\":\"mru_01\",\"@id\":\"https:\/\/ismfrance.org\/#\/schema\/person\/3c411eb72adfaae19c0dca1f41fae01d\"},\"headline\":\"Jour 36 : Op\u00e9ration D\u00e9luge Al-Aqsa dans la ville de J\u00e9rusalem\",\"datePublished\":\"2023-11-12T16:21:30+00:00\",\"dateModified\":\"2023-11-12T21:32:57+00:00\",\"mainEntityOfPage\":{\"@id\":\"https:\/\/ismfrance.org\/index.php\/2023\/11\/12\/jour-36-operation-deluge-al-aqsa-dans-la-ville-de-jerusalem\/\"},\"wordCount\":785,\"publisher\":{\"@id\":\"https:\/\/ismfrance.org\/#organization\"},\"image\":{\"@id\":\"https:\/\/ismfrance.org\/index.php\/2023\/11\/12\/jour-36-operation-deluge-al-aqsa-dans-la-ville-de-jerusalem\/#primaryimage\"},\"thumbnailUrl\":\"https:\/\/ismfrance.org\/wp-content\/uploads\/2023\/11\/demolition-appart.jpg\",\"keywords\":[\"7 octobre 2023\",\"colonialisme\",\"D\u00e9molition de maison\",\"nettoyage ethnique\"],\"articleSection\":[\"Articles\",\"Communiqu\u00e9s\"],\"inLanguage\":\"fr-FR\"},{\"@type\":\"WebPage\",\"@id\":\"https:\/\/ismfrance.org\/index.php\/2023\/11\/12\/jour-36-operation-deluge-al-aqsa-dans-la-ville-de-jerusalem\/\",\"url\":\"https:\/\/ismfrance.org\/index.php\/2023\/11\/12\/jour-36-operation-deluge-al-aqsa-dans-la-ville-de-jerusalem\/\",\"name\":\"Jour 36 : Op\u00e9ration D\u00e9luge Al-Aqsa dans la ville de J\u00e9rusalem - International Solidarity Movement - ISM-France\",\"isPartOf\":{\"@id\":\"https:\/\/ismfrance.org\/#website\"},\"primaryImageOfPage\":{\"@id\":\"https:\/\/ismfrance.org\/index.php\/2023\/11\/12\/jour-36-operation-deluge-al-aqsa-dans-la-ville-de-jerusalem\/#primaryimage\"},\"image\":{\"@id\":\"https:\/\/ismfrance.org\/index.php\/2023\/11\/12\/jour-36-operation-deluge-al-aqsa-dans-la-ville-de-jerusalem\/#primaryimage\"},\"thumbnailUrl\":\"https:\/\/ismfrance.org\/wp-content\/uploads\/2023\/11\/demolition-appart.jpg\",\"datePublished\":\"2023-11-12T16:21:30+00:00\",\"dateModified\":\"2023-11-12T21:32:57+00:00\",\"breadcrumb\":{\"@id\":\"https:\/\/ismfrance.org\/index.php\/2023\/11\/12\/jour-36-operation-deluge-al-aqsa-dans-la-ville-de-jerusalem\/#breadcrumb\"},\"inLanguage\":\"fr-FR\",\"potentialAction\":[{\"@type\":\"ReadAction\",\"target\":[\"https:\/\/ismfrance.org\/index.php\/2023\/11\/12\/jour-36-operation-deluge-al-aqsa-dans-la-ville-de-jerusalem\/\"]}]},{\"@type\":\"ImageObject\",\"inLanguage\":\"fr-FR\",\"@id\":\"https:\/\/ismfrance.org\/index.php\/2023\/11\/12\/jour-36-operation-deluge-al-aqsa-dans-la-ville-de-jerusalem\/#primaryimage\",\"url\":\"https:\/\/ismfrance.org\/wp-content\/uploads\/2023\/11\/demolition-appart.jpg\",\"contentUrl\":\"https:\/\/ismfrance.org\/wp-content\/uploads\/2023\/11\/demolition-appart.jpg\",\"width\":889,\"height\":500},{\"@type\":\"BreadcrumbList\",\"@id\":\"https:\/\/ismfrance.org\/index.php\/2023\/11\/12\/jour-36-operation-deluge-al-aqsa-dans-la-ville-de-jerusalem\/#breadcrumb\",\"itemListElement\":[{\"@type\":\"ListItem\",\"position\":1,\"name\":\"Accueil\",\"item\":\"https:\/\/ismfrance.org\/\"},{\"@type\":\"ListItem\",\"position\":2,\"name\":\"Jour 36 : Op\u00e9ration D\u00e9luge Al-Aqsa dans la ville de J\u00e9rusalem\"}]},{\"@type\":\"WebSite\",\"@id\":\"https:\/\/ismfrance.org\/#website\",\"url\":\"https:\/\/ismfrance.org\/\",\"name\":\"ISM Palestine France\",\"description\":\"Soutien aux luttes de lib\u00e9ration du peuple palestinien\",\"publisher\":{\"@id\":\"https:\/\/ismfrance.org\/#organization\"},\"potentialAction\":[{\"@type\":\"SearchAction\",\"target\":{\"@type\":\"EntryPoint\",\"urlTemplate\":\"https:\/\/ismfrance.org\/?s={search_term_string}\"},\"query-input\":{\"@type\":\"PropertyValueSpecification\",\"valueRequired\":true,\"valueName\":\"search_term_string\"}}],\"inLanguage\":\"fr-FR\"},{\"@type\":\"Organization\",\"@id\":\"https:\/\/ismfrance.org\/#organization\",\"name\":\"International Solidarity Movement\",\"url\":\"https:\/\/ismfrance.org\/\",\"logo\":{\"@type\":\"ImageObject\",\"inLanguage\":\"fr-FR\",\"@id\":\"https:\/\/ismfrance.org\/#\/schema\/logo\/image\/\",\"url\":\"https:\/\/ismfrance.org\/wp-content\/uploads\/2020\/12\/00.png\",\"contentUrl\":\"https:\/\/ismfrance.org\/wp-content\/uploads\/2020\/12\/00.png\",\"width\":400,\"height\":400,\"caption\":\"International Solidarity Movement\"},\"image\":{\"@id\":\"https:\/\/ismfrance.org\/#\/schema\/logo\/image\/\"},\"sameAs\":[\"https:\/\/x.com\/ISMFRANCE\"]},{\"@type\":\"Person\",\"@id\":\"https:\/\/ismfrance.org\/#\/schema\/person\/3c411eb72adfaae19c0dca1f41fae01d\",\"name\":\"mru_01\",\"image\":{\"@type\":\"ImageObject\",\"inLanguage\":\"fr-FR\",\"@id\":\"https:\/\/secure.gravatar.com\/avatar\/3a0be343b445d2ccc79e87444a294fad2b232e90d2051d0e3cc219e1ecd6a330?s=96&d=mm&r=g\",\"url\":\"https:\/\/secure.gravatar.com\/avatar\/3a0be343b445d2ccc79e87444a294fad2b232e90d2051d0e3cc219e1ecd6a330?s=96&d=mm&r=g\",\"contentUrl\":\"https:\/\/secure.gravatar.com\/avatar\/3a0be343b445d2ccc79e87444a294fad2b232e90d2051d0e3cc219e1ecd6a330?s=96&d=mm&r=g\",\"caption\":\"mru_01\"},\"url\":\"https:\/\/ismfrance.org\/index.php\/author\/admin02\/\"}]}<\/script>\n<!-- \/ Yoast SEO plugin. -->","yoast_head_json":{"title":"Jour 36 : Op\u00e9ration D\u00e9luge Al-Aqsa dans la ville de J\u00e9rusalem - International Solidarity Movement - ISM-France","robots":{"index":"index","follow":"follow","max-snippet":"max-snippet:-1","max-image-preview":"max-image-preview:large","max-video-preview":"max-video-preview:-1"},"canonical":"https:\/\/ismfrance.org\/index.php\/2023\/11\/12\/jour-36-operation-deluge-al-aqsa-dans-la-ville-de-jerusalem\/","og_locale":"fr_FR","og_type":"article","og_title":"Jour 36 : Op\u00e9ration D\u00e9luge Al-Aqsa dans la ville de J\u00e9rusalem - International Solidarity Movement - ISM-France","og_description":"Silwanic, 11 novembre 2023. Au 36e jour de l&rsquo;op\u00e9ration \u00ab D\u00e9luge d&rsquo;Al-Aqsa \u00bb, le si\u00e8ge impos\u00e9 \u00e0 la mosqu\u00e9e Al-Aqsa et \u00e0 la vieille ville d&rsquo;Al-Qods se poursuit\u00a0; une famille Lire la suite &rarr;","og_url":"https:\/\/ismfrance.org\/index.php\/2023\/11\/12\/jour-36-operation-deluge-al-aqsa-dans-la-ville-de-jerusalem\/","og_site_name":"International Solidarity Movement - ISM-France","article_published_time":"2023-11-12T16:21:30+00:00","article_modified_time":"2023-11-12T21:32:57+00:00","og_image":[{"width":889,"height":500,"url":"https:\/\/ismfrance.org\/wp-content\/uploads\/2023\/11\/demolition-appart.jpg","type":"image\/jpeg"}],"author":"mru_01","twitter_card":"summary_large_image","twitter_creator":"@ISMFRANCE","twitter_site":"@ISMFRANCE","twitter_misc":{"\u00c9crit par":"mru_01","Dur\u00e9e de lecture estim\u00e9e":"4 minutes"},"schema":{"@context":"https:\/\/schema.org","@graph":[{"@type":"Article","@id":"https:\/\/ismfrance.org\/index.php\/2023\/11\/12\/jour-36-operation-deluge-al-aqsa-dans-la-ville-de-jerusalem\/#article","isPartOf":{"@id":"https:\/\/ismfrance.org\/index.php\/2023\/11\/12\/jour-36-operation-deluge-al-aqsa-dans-la-ville-de-jerusalem\/"},"author":{"name":"mru_01","@id":"https:\/\/ismfrance.org\/#\/schema\/person\/3c411eb72adfaae19c0dca1f41fae01d"},"headline":"Jour 36 : Op\u00e9ration D\u00e9luge Al-Aqsa dans la ville de J\u00e9rusalem","datePublished":"2023-11-12T16:21:30+00:00","dateModified":"2023-11-12T21:32:57+00:00","mainEntityOfPage":{"@id":"https:\/\/ismfrance.org\/index.php\/2023\/11\/12\/jour-36-operation-deluge-al-aqsa-dans-la-ville-de-jerusalem\/"},"wordCount":785,"publisher":{"@id":"https:\/\/ismfrance.org\/#organization"},"image":{"@id":"https:\/\/ismfrance.org\/index.php\/2023\/11\/12\/jour-36-operation-deluge-al-aqsa-dans-la-ville-de-jerusalem\/#primaryimage"},"thumbnailUrl":"https:\/\/ismfrance.org\/wp-content\/uploads\/2023\/11\/demolition-appart.jpg","keywords":["7 octobre 2023","colonialisme","D\u00e9molition de maison","nettoyage ethnique"],"articleSection":["Articles","Communiqu\u00e9s"],"inLanguage":"fr-FR"},{"@type":"WebPage","@id":"https:\/\/ismfrance.org\/index.php\/2023\/11\/12\/jour-36-operation-deluge-al-aqsa-dans-la-ville-de-jerusalem\/","url":"https:\/\/ismfrance.org\/index.php\/2023\/11\/12\/jour-36-operation-deluge-al-aqsa-dans-la-ville-de-jerusalem\/","name":"Jour 36 : Op\u00e9ration D\u00e9luge Al-Aqsa dans la ville de J\u00e9rusalem - International Solidarity Movement - ISM-France","isPartOf":{"@id":"https:\/\/ismfrance.org\/#website"},"primaryImageOfPage":{"@id":"https:\/\/ismfrance.org\/index.php\/2023\/11\/12\/jour-36-operation-deluge-al-aqsa-dans-la-ville-de-jerusalem\/#primaryimage"},"image":{"@id":"https:\/\/ismfrance.org\/index.php\/2023\/11\/12\/jour-36-operation-deluge-al-aqsa-dans-la-ville-de-jerusalem\/#primaryimage"},"thumbnailUrl":"https:\/\/ismfrance.org\/wp-content\/uploads\/2023\/11\/demolition-appart.jpg","datePublished":"2023-11-12T16:21:30+00:00","dateModified":"2023-11-12T21:32:57+00:00","breadcrumb":{"@id":"https:\/\/ismfrance.org\/index.php\/2023\/11\/12\/jour-36-operation-deluge-al-aqsa-dans-la-ville-de-jerusalem\/#breadcrumb"},"inLanguage":"fr-FR","potentialAction":[{"@type":"ReadAction","target":["https:\/\/ismfrance.org\/index.php\/2023\/11\/12\/jour-36-operation-deluge-al-aqsa-dans-la-ville-de-jerusalem\/"]}]},{"@type":"ImageObject","inLanguage":"fr-FR","@id":"https:\/\/ismfrance.org\/index.php\/2023\/11\/12\/jour-36-operation-deluge-al-aqsa-dans-la-ville-de-jerusalem\/#primaryimage","url":"https:\/\/ismfrance.org\/wp-content\/uploads\/2023\/11\/demolition-appart.jpg","contentUrl":"https:\/\/ismfrance.org\/wp-content\/uploads\/2023\/11\/demolition-appart.jpg","width":889,"height":500},{"@type":"BreadcrumbList","@id":"https:\/\/ismfrance.org\/index.php\/2023\/11\/12\/jour-36-operation-deluge-al-aqsa-dans-la-ville-de-jerusalem\/#breadcrumb","itemListElement":[{"@type":"ListItem","position":1,"name":"Accueil","item":"https:\/\/ismfrance.org\/"},{"@type":"ListItem","position":2,"name":"Jour 36 : Op\u00e9ration D\u00e9luge Al-Aqsa dans la ville de J\u00e9rusalem"}]},{"@type":"WebSite","@id":"https:\/\/ismfrance.org\/#website","url":"https:\/\/ismfrance.org\/","name":"ISM Palestine France","description":"Soutien aux luttes de lib\u00e9ration du peuple palestinien","publisher":{"@id":"https:\/\/ismfrance.org\/#organization"},"potentialAction":[{"@type":"SearchAction","target":{"@type":"EntryPoint","urlTemplate":"https:\/\/ismfrance.org\/?s={search_term_string}"},"query-input":{"@type":"PropertyValueSpecification","valueRequired":true,"valueName":"search_term_string"}}],"inLanguage":"fr-FR"},{"@type":"Organization","@id":"https:\/\/ismfrance.org\/#organization","name":"International Solidarity Movement","url":"https:\/\/ismfrance.org\/","logo":{"@type":"ImageObject","inLanguage":"fr-FR","@id":"https:\/\/ismfrance.org\/#\/schema\/logo\/image\/","url":"https:\/\/ismfrance.org\/wp-content\/uploads\/2020\/12\/00.png","contentUrl":"https:\/\/ismfrance.org\/wp-content\/uploads\/2020\/12\/00.png","width":400,"height":400,"caption":"International Solidarity Movement"},"image":{"@id":"https:\/\/ismfrance.org\/#\/schema\/logo\/image\/"},"sameAs":["https:\/\/x.com\/ISMFRANCE"]},{"@type":"Person","@id":"https:\/\/ismfrance.org\/#\/schema\/person\/3c411eb72adfaae19c0dca1f41fae01d","name":"mru_01","image":{"@type":"ImageObject","inLanguage":"fr-FR","@id":"https:\/\/secure.gravatar.com\/avatar\/3a0be343b445d2ccc79e87444a294fad2b232e90d2051d0e3cc219e1ecd6a330?s=96&d=mm&r=g","url":"https:\/\/secure.gravatar.com\/avatar\/3a0be343b445d2ccc79e87444a294fad2b232e90d2051d0e3cc219e1ecd6a330?s=96&d=mm&r=g","contentUrl":"https:\/\/secure.gravatar.com\/avatar\/3a0be343b445d2ccc79e87444a294fad2b232e90d2051d0e3cc219e1ecd6a330?s=96&d=mm&r=g","caption":"mru_01"},"url":"https:\/\/ismfrance.org\/index.php\/author\/admin02\/"}]}},"_links":{"self":[{"href":"https:\/\/ismfrance.org\/index.php\/wp-json\/wp\/v2\/posts\/7467","targetHints":{"allow":["GET"]}}],"collection":[{"href":"https:\/\/ismfrance.org\/index.php\/wp-json\/wp\/v2\/posts"}],"about":[{"href":"https:\/\/ismfrance.org\/index.php\/wp-json\/wp\/v2\/types\/post"}],"author":[{"embeddable":true,"href":"https:\/\/ismfrance.org\/index.php\/wp-json\/wp\/v2\/users\/3"}],"replies":[{"embeddable":true,"href":"https:\/\/ismfrance.org\/index.php\/wp-json\/wp\/v2\/comments?post=7467"}],"version-history":[{"count":0,"href":"https:\/\/ismfrance.org\/index.php\/wp-json\/wp\/v2\/posts\/7467\/revisions"}],"wp:featuredmedia":[{"embeddable":true,"href":"https:\/\/ismfrance.org\/index.php\/wp-json\/wp\/v2\/media\/7469"}],"wp:attachment":[{"href":"https:\/\/ismfrance.org\/index.php\/wp-json\/wp\/v2\/media?parent=7467"}],"wp:term":[{"taxonomy":"category","embeddable":true,"href":"https:\/\/ismfrance.org\/index.php\/wp-json\/wp\/v2\/categories?post=7467"},{"taxonomy":"post_tag","embeddable":true,"href":"https:\/\/ismfrance.org\/index.php\/wp-json\/wp\/v2\/tags?post=7467"}],"curies":[{"name":"wp","href":"https:\/\/api.w.org\/{rel}","templated":true}]}}