{"id":7376,"date":"2023-11-09T20:13:28","date_gmt":"2023-11-09T19:13:28","guid":{"rendered":"https:\/\/ismfrance.org\/?p=7376"},"modified":"2023-11-09T20:13:28","modified_gmt":"2023-11-09T19:13:28","slug":"nouveau-massacre-a-jenine-11-martyrs-et-au-moins-20-blesses","status":"publish","type":"post","link":"https:\/\/ismfrance.org\/index.php\/2023\/11\/09\/nouveau-massacre-a-jenine-11-martyrs-et-au-moins-20-blesses\/","title":{"rendered":"Nouveau massacre \u00e0 J\u00e9nine\u00a0: 11 martyrs et au moins 20 bless\u00e9s"},"content":{"rendered":"<p><span style=\"color: #505050;\"><span style=\"font-family: DIN Next LT Arabic, sans-serif;\"><span style=\"font-size: large;\"><strong>Ma&rsquo;an News, 9 novembre 2023.<\/strong> \u2013 Le bilan des morts dues \u00e0 l&rsquo;agression continue de l&rsquo;occupation isra\u00e9lienne contre la ville de J\u00e9nine et son camp s&rsquo;\u00e9l\u00e8ve \u00e0 11 martyrs, en plus de plus de 20 bless\u00e9s par balles r\u00e9elles, y compris des cas graves.<\/span><\/span><\/span><\/p>\n<p><a href=\"https:\/\/ismfrance.org\/wp-content\/uploads\/2023\/11\/jenin.jpg\"><img loading=\"lazy\" decoding=\"async\" class=\"size-full wp-image-7378 aligncenter\" src=\"https:\/\/ismfrance.org\/wp-content\/uploads\/2023\/11\/jenin.jpg\" alt=\"\" width=\"640\" height=\"376\" srcset=\"https:\/\/ismfrance.org\/wp-content\/uploads\/2023\/11\/jenin.jpg 640w, https:\/\/ismfrance.org\/wp-content\/uploads\/2023\/11\/jenin-300x176.jpg 300w\" sizes=\"auto, (max-width: 640px) 100vw, 640px\" \/><\/a><\/p>\n<p><span style=\"color: #505050;\"><span style=\"font-family: DIN Next LT Arabic, sans-serif;\"><span style=\"font-size: large;\">Parmi les martyrs figurent\u00a0: Mahmoud Hussein Ali Abu Nada (43 ans) et Ayham Muhammad Ibrahim Amer (24 ans), fr\u00e8re du martyr Aysar, Raafat Omar Abu Aqel (21 ans), le jeune Muhammad Yousef Hazem Zayed (15 ans) de la ville d&rsquo;Al-Yamun, Lotfi Sayel Huwaiti \u00ab\u00a0Turkm\u00e8ne\u00a0\u00bb, Muhammad Nasser Hassan Mills (30 ans), Qais Raed Kamal Dweikat (21 ans) du camp de r\u00e9fugi\u00e9s de Balata \u00e0 Naplouse, Muhammad Abdul Karim Al-Sabbagh (30 ans) et Mutasim Fawaz Mustafa Issa (30 ans) du village d&rsquo;Anin, \u00e0 l&rsquo;ouest de J\u00e9nine, apr\u00e8s qu&rsquo;un drone ait cibl\u00e9 plusieurs d&rsquo;entre eux dans le camp de r\u00e9fugi\u00e9s de J\u00e9nine.<\/span><\/span><\/span><\/p>\n<p><span style=\"color: #505050;\"><span style=\"font-family: DIN Next LT Arabic, sans-serif;\"><span style=\"font-size: large;\">D&rsquo;importantes forces de l&rsquo;arm\u00e9e d&rsquo;occupation, accompagn\u00e9es d&rsquo;un bulldozer militaire, ont pris d&rsquo;assaut le camp sur plusieurs axes, et leurs tireurs d&rsquo;\u00e9lite ont grimp\u00e9 sur les toits d&rsquo;un certain nombre de b\u00e2timents surplombant le camp, tandis que le bulldozer d\u00e9truisait les rues et les infrastructures du camp et de ses environs.<\/span><\/span><\/span><\/p>\n<p><span style=\"color: #505050;\"><span style=\"font-family: DIN Next LT Arabic, sans-serif;\"><span style=\"font-size: large;\">Des t\u00e9moins oculaires ont d\u00e9clar\u00e9 que les Palestiniens ont affront\u00e9 les troupes d&rsquo;accupation, qui ont tu\u00e9 11 citoyens et bless\u00e9 de plus de 20 autres, par balles r\u00e9elles. Certains des bless\u00e9s sont dans un \u00e9tat critique.<\/span><\/span><\/span><\/p>\n<p><span style=\"color: #505050;\"><span style=\"font-family: DIN Next LT Arabic, sans-serif;\"><span style=\"font-size: large;\">Selon des t\u00e9moins oculaires, les forces d&rsquo;occupation ont encercl\u00e9 l&rsquo;h\u00f4pital gouvernemental Martyr Khalil Suleiman \u00e0 J\u00e9nine et les alentours, tirant sur tout ce qui bougeait, y compris sur les ambulances.<\/span><\/span><\/span><\/p>\n<p><span style=\"color: #505050;\"><span style=\"font-family: DIN Next LT Arabic, sans-serif;\"><span style=\"font-size: large;\">La Soci\u00e9t\u00e9 du Croissant-Rouge a indiqu\u00e9 que les forces d&rsquo;occupation ont pris pour cible une ambulance \u00e0 J\u00e9nine et bless\u00e9 un de ses agents d&rsquo;une balle dans le dos, et qu&rsquo;elles continuent d&#8217;emp\u00eacher les \u00e9quipes m\u00e9dicales d&rsquo;entrer dans le camp pour atteindre les bless\u00e9s.<\/span><\/span><\/span><\/p>\n<pre><em><span style=\"color: #505050;\"><span style=\"font-family: DIN Next LT Arabic, sans-serif;\"><span style=\"font-size: large;\"><span style=\"color: #000000;\"><span style=\"font-size: medium;\">Article original en arabe sur <a href=\"https:\/\/www.maannews.net\/news\/2105593.html\">Ma'an News<\/a> \/ Traduction ISM<\/span><\/span><\/span><\/span><\/span><\/em><\/pre>\n<p>&nbsp;<\/p>\n","protected":false},"excerpt":{"rendered":"<p>Ma&rsquo;an News, 9 novembre 2023. \u2013 Le bilan des morts dues \u00e0 l&rsquo;agression continue de l&rsquo;occupation isra\u00e9lienne contre la ville de J\u00e9nine et son camp s&rsquo;\u00e9l\u00e8ve \u00e0 11 martyrs, en <a class=\"more-link\" href=\"https:\/\/ismfrance.org\/index.php\/2023\/11\/09\/nouveau-massacre-a-jenine-11-martyrs-et-au-moins-20-blesses\/\">Lire la suite &rarr;<\/a><\/p>\n","protected":false},"author":3,"featured_media":7378,"comment_status":"closed","ping_status":"closed","sticky":false,"template":"","format":"standard","meta":{"footnotes":""},"categories":[2,14],"tags":[60,3],"class_list":["post-7376","post","type-post","status-publish","format-standard","has-post-thumbnail","hentry","category-articles","category-communiques","tag-assassinats","tag-resistance"],"yoast_head":"<!-- This site is optimized with the Yoast SEO plugin v27.2 - https:\/\/yoast.com\/product\/yoast-seo-wordpress\/ -->\n<title>Nouveau massacre \u00e0 J\u00e9nine\u00a0: 11 martyrs et au moins 20 bless\u00e9s - International Solidarity Movement - ISM-France<\/title>\n<meta name=\"robots\" content=\"index, follow, max-snippet:-1, max-image-preview:large, max-video-preview:-1\" \/>\n<link rel=\"canonical\" href=\"https:\/\/ismfrance.org\/index.php\/2023\/11\/09\/nouveau-massacre-a-jenine-11-martyrs-et-au-moins-20-blesses\/\" \/>\n<meta property=\"og:locale\" content=\"fr_FR\" \/>\n<meta property=\"og:type\" content=\"article\" \/>\n<meta property=\"og:title\" content=\"Nouveau massacre \u00e0 J\u00e9nine\u00a0: 11 martyrs et au moins 20 bless\u00e9s - International Solidarity Movement - ISM-France\" \/>\n<meta property=\"og:description\" content=\"Ma&rsquo;an News, 9 novembre 2023. \u2013 Le bilan des morts dues \u00e0 l&rsquo;agression continue de l&rsquo;occupation isra\u00e9lienne contre la ville de J\u00e9nine et son camp s&rsquo;\u00e9l\u00e8ve \u00e0 11 martyrs, en Lire la suite &rarr;\" \/>\n<meta property=\"og:url\" content=\"https:\/\/ismfrance.org\/index.php\/2023\/11\/09\/nouveau-massacre-a-jenine-11-martyrs-et-au-moins-20-blesses\/\" \/>\n<meta property=\"og:site_name\" content=\"International Solidarity Movement - ISM-France\" \/>\n<meta property=\"article:published_time\" content=\"2023-11-09T19:13:28+00:00\" \/>\n<meta property=\"og:image\" content=\"https:\/\/ismfrance.org\/wp-content\/uploads\/2023\/11\/jenin.jpg\" \/>\n\t<meta property=\"og:image:width\" content=\"640\" \/>\n\t<meta property=\"og:image:height\" content=\"376\" \/>\n\t<meta property=\"og:image:type\" content=\"image\/jpeg\" \/>\n<meta name=\"author\" content=\"mru_01\" \/>\n<meta name=\"twitter:card\" content=\"summary_large_image\" \/>\n<meta name=\"twitter:creator\" content=\"@ISMFRANCE\" \/>\n<meta name=\"twitter:site\" content=\"@ISMFRANCE\" \/>\n<meta name=\"twitter:label1\" content=\"\u00c9crit par\" \/>\n\t<meta name=\"twitter:data1\" content=\"mru_01\" \/>\n\t<meta name=\"twitter:label2\" content=\"Dur\u00e9e de lecture estim\u00e9e\" \/>\n\t<meta name=\"twitter:data2\" content=\"2 minutes\" \/>\n<script type=\"application\/ld+json\" class=\"yoast-schema-graph\">{\"@context\":\"https:\/\/schema.org\",\"@graph\":[{\"@type\":\"Article\",\"@id\":\"https:\/\/ismfrance.org\/index.php\/2023\/11\/09\/nouveau-massacre-a-jenine-11-martyrs-et-au-moins-20-blesses\/#article\",\"isPartOf\":{\"@id\":\"https:\/\/ismfrance.org\/index.php\/2023\/11\/09\/nouveau-massacre-a-jenine-11-martyrs-et-au-moins-20-blesses\/\"},\"author\":{\"name\":\"mru_01\",\"@id\":\"https:\/\/ismfrance.org\/#\/schema\/person\/3c411eb72adfaae19c0dca1f41fae01d\"},\"headline\":\"Nouveau massacre \u00e0 J\u00e9nine\u00a0: 11 martyrs et au moins 20 bless\u00e9s\",\"datePublished\":\"2023-11-09T19:13:28+00:00\",\"mainEntityOfPage\":{\"@id\":\"https:\/\/ismfrance.org\/index.php\/2023\/11\/09\/nouveau-massacre-a-jenine-11-martyrs-et-au-moins-20-blesses\/\"},\"wordCount\":347,\"publisher\":{\"@id\":\"https:\/\/ismfrance.org\/#organization\"},\"image\":{\"@id\":\"https:\/\/ismfrance.org\/index.php\/2023\/11\/09\/nouveau-massacre-a-jenine-11-martyrs-et-au-moins-20-blesses\/#primaryimage\"},\"thumbnailUrl\":\"https:\/\/ismfrance.org\/wp-content\/uploads\/2023\/11\/jenin.jpg\",\"keywords\":[\"Assassinats\",\"R\u00e9sistance\"],\"articleSection\":[\"Articles\",\"Communiqu\u00e9s\"],\"inLanguage\":\"fr-FR\"},{\"@type\":\"WebPage\",\"@id\":\"https:\/\/ismfrance.org\/index.php\/2023\/11\/09\/nouveau-massacre-a-jenine-11-martyrs-et-au-moins-20-blesses\/\",\"url\":\"https:\/\/ismfrance.org\/index.php\/2023\/11\/09\/nouveau-massacre-a-jenine-11-martyrs-et-au-moins-20-blesses\/\",\"name\":\"Nouveau massacre \u00e0 J\u00e9nine\u00a0: 11 martyrs et au moins 20 bless\u00e9s - International Solidarity Movement - ISM-France\",\"isPartOf\":{\"@id\":\"https:\/\/ismfrance.org\/#website\"},\"primaryImageOfPage\":{\"@id\":\"https:\/\/ismfrance.org\/index.php\/2023\/11\/09\/nouveau-massacre-a-jenine-11-martyrs-et-au-moins-20-blesses\/#primaryimage\"},\"image\":{\"@id\":\"https:\/\/ismfrance.org\/index.php\/2023\/11\/09\/nouveau-massacre-a-jenine-11-martyrs-et-au-moins-20-blesses\/#primaryimage\"},\"thumbnailUrl\":\"https:\/\/ismfrance.org\/wp-content\/uploads\/2023\/11\/jenin.jpg\",\"datePublished\":\"2023-11-09T19:13:28+00:00\",\"breadcrumb\":{\"@id\":\"https:\/\/ismfrance.org\/index.php\/2023\/11\/09\/nouveau-massacre-a-jenine-11-martyrs-et-au-moins-20-blesses\/#breadcrumb\"},\"inLanguage\":\"fr-FR\",\"potentialAction\":[{\"@type\":\"ReadAction\",\"target\":[\"https:\/\/ismfrance.org\/index.php\/2023\/11\/09\/nouveau-massacre-a-jenine-11-martyrs-et-au-moins-20-blesses\/\"]}]},{\"@type\":\"ImageObject\",\"inLanguage\":\"fr-FR\",\"@id\":\"https:\/\/ismfrance.org\/index.php\/2023\/11\/09\/nouveau-massacre-a-jenine-11-martyrs-et-au-moins-20-blesses\/#primaryimage\",\"url\":\"https:\/\/ismfrance.org\/wp-content\/uploads\/2023\/11\/jenin.jpg\",\"contentUrl\":\"https:\/\/ismfrance.org\/wp-content\/uploads\/2023\/11\/jenin.jpg\",\"width\":640,\"height\":376},{\"@type\":\"BreadcrumbList\",\"@id\":\"https:\/\/ismfrance.org\/index.php\/2023\/11\/09\/nouveau-massacre-a-jenine-11-martyrs-et-au-moins-20-blesses\/#breadcrumb\",\"itemListElement\":[{\"@type\":\"ListItem\",\"position\":1,\"name\":\"Accueil\",\"item\":\"https:\/\/ismfrance.org\/\"},{\"@type\":\"ListItem\",\"position\":2,\"name\":\"Nouveau massacre \u00e0 J\u00e9nine\u00a0: 11 martyrs et au moins 20 bless\u00e9s\"}]},{\"@type\":\"WebSite\",\"@id\":\"https:\/\/ismfrance.org\/#website\",\"url\":\"https:\/\/ismfrance.org\/\",\"name\":\"ISM Palestine France\",\"description\":\"Soutien aux luttes de lib\u00e9ration du peuple palestinien\",\"publisher\":{\"@id\":\"https:\/\/ismfrance.org\/#organization\"},\"potentialAction\":[{\"@type\":\"SearchAction\",\"target\":{\"@type\":\"EntryPoint\",\"urlTemplate\":\"https:\/\/ismfrance.org\/?s={search_term_string}\"},\"query-input\":{\"@type\":\"PropertyValueSpecification\",\"valueRequired\":true,\"valueName\":\"search_term_string\"}}],\"inLanguage\":\"fr-FR\"},{\"@type\":\"Organization\",\"@id\":\"https:\/\/ismfrance.org\/#organization\",\"name\":\"International Solidarity Movement\",\"url\":\"https:\/\/ismfrance.org\/\",\"logo\":{\"@type\":\"ImageObject\",\"inLanguage\":\"fr-FR\",\"@id\":\"https:\/\/ismfrance.org\/#\/schema\/logo\/image\/\",\"url\":\"https:\/\/ismfrance.org\/wp-content\/uploads\/2020\/12\/00.png\",\"contentUrl\":\"https:\/\/ismfrance.org\/wp-content\/uploads\/2020\/12\/00.png\",\"width\":400,\"height\":400,\"caption\":\"International Solidarity Movement\"},\"image\":{\"@id\":\"https:\/\/ismfrance.org\/#\/schema\/logo\/image\/\"},\"sameAs\":[\"https:\/\/x.com\/ISMFRANCE\"]},{\"@type\":\"Person\",\"@id\":\"https:\/\/ismfrance.org\/#\/schema\/person\/3c411eb72adfaae19c0dca1f41fae01d\",\"name\":\"mru_01\",\"image\":{\"@type\":\"ImageObject\",\"inLanguage\":\"fr-FR\",\"@id\":\"https:\/\/secure.gravatar.com\/avatar\/3a0be343b445d2ccc79e87444a294fad2b232e90d2051d0e3cc219e1ecd6a330?s=96&d=mm&r=g\",\"url\":\"https:\/\/secure.gravatar.com\/avatar\/3a0be343b445d2ccc79e87444a294fad2b232e90d2051d0e3cc219e1ecd6a330?s=96&d=mm&r=g\",\"contentUrl\":\"https:\/\/secure.gravatar.com\/avatar\/3a0be343b445d2ccc79e87444a294fad2b232e90d2051d0e3cc219e1ecd6a330?s=96&d=mm&r=g\",\"caption\":\"mru_01\"},\"url\":\"https:\/\/ismfrance.org\/index.php\/author\/admin02\/\"}]}<\/script>\n<!-- \/ Yoast SEO plugin. -->","yoast_head_json":{"title":"Nouveau massacre \u00e0 J\u00e9nine\u00a0: 11 martyrs et au moins 20 bless\u00e9s - International Solidarity Movement - ISM-France","robots":{"index":"index","follow":"follow","max-snippet":"max-snippet:-1","max-image-preview":"max-image-preview:large","max-video-preview":"max-video-preview:-1"},"canonical":"https:\/\/ismfrance.org\/index.php\/2023\/11\/09\/nouveau-massacre-a-jenine-11-martyrs-et-au-moins-20-blesses\/","og_locale":"fr_FR","og_type":"article","og_title":"Nouveau massacre \u00e0 J\u00e9nine\u00a0: 11 martyrs et au moins 20 bless\u00e9s - International Solidarity Movement - ISM-France","og_description":"Ma&rsquo;an News, 9 novembre 2023. \u2013 Le bilan des morts dues \u00e0 l&rsquo;agression continue de l&rsquo;occupation isra\u00e9lienne contre la ville de J\u00e9nine et son camp s&rsquo;\u00e9l\u00e8ve \u00e0 11 martyrs, en Lire la suite &rarr;","og_url":"https:\/\/ismfrance.org\/index.php\/2023\/11\/09\/nouveau-massacre-a-jenine-11-martyrs-et-au-moins-20-blesses\/","og_site_name":"International Solidarity Movement - ISM-France","article_published_time":"2023-11-09T19:13:28+00:00","og_image":[{"width":640,"height":376,"url":"https:\/\/ismfrance.org\/wp-content\/uploads\/2023\/11\/jenin.jpg","type":"image\/jpeg"}],"author":"mru_01","twitter_card":"summary_large_image","twitter_creator":"@ISMFRANCE","twitter_site":"@ISMFRANCE","twitter_misc":{"\u00c9crit par":"mru_01","Dur\u00e9e de lecture estim\u00e9e":"2 minutes"},"schema":{"@context":"https:\/\/schema.org","@graph":[{"@type":"Article","@id":"https:\/\/ismfrance.org\/index.php\/2023\/11\/09\/nouveau-massacre-a-jenine-11-martyrs-et-au-moins-20-blesses\/#article","isPartOf":{"@id":"https:\/\/ismfrance.org\/index.php\/2023\/11\/09\/nouveau-massacre-a-jenine-11-martyrs-et-au-moins-20-blesses\/"},"author":{"name":"mru_01","@id":"https:\/\/ismfrance.org\/#\/schema\/person\/3c411eb72adfaae19c0dca1f41fae01d"},"headline":"Nouveau massacre \u00e0 J\u00e9nine\u00a0: 11 martyrs et au moins 20 bless\u00e9s","datePublished":"2023-11-09T19:13:28+00:00","mainEntityOfPage":{"@id":"https:\/\/ismfrance.org\/index.php\/2023\/11\/09\/nouveau-massacre-a-jenine-11-martyrs-et-au-moins-20-blesses\/"},"wordCount":347,"publisher":{"@id":"https:\/\/ismfrance.org\/#organization"},"image":{"@id":"https:\/\/ismfrance.org\/index.php\/2023\/11\/09\/nouveau-massacre-a-jenine-11-martyrs-et-au-moins-20-blesses\/#primaryimage"},"thumbnailUrl":"https:\/\/ismfrance.org\/wp-content\/uploads\/2023\/11\/jenin.jpg","keywords":["Assassinats","R\u00e9sistance"],"articleSection":["Articles","Communiqu\u00e9s"],"inLanguage":"fr-FR"},{"@type":"WebPage","@id":"https:\/\/ismfrance.org\/index.php\/2023\/11\/09\/nouveau-massacre-a-jenine-11-martyrs-et-au-moins-20-blesses\/","url":"https:\/\/ismfrance.org\/index.php\/2023\/11\/09\/nouveau-massacre-a-jenine-11-martyrs-et-au-moins-20-blesses\/","name":"Nouveau massacre \u00e0 J\u00e9nine\u00a0: 11 martyrs et au moins 20 bless\u00e9s - International Solidarity Movement - ISM-France","isPartOf":{"@id":"https:\/\/ismfrance.org\/#website"},"primaryImageOfPage":{"@id":"https:\/\/ismfrance.org\/index.php\/2023\/11\/09\/nouveau-massacre-a-jenine-11-martyrs-et-au-moins-20-blesses\/#primaryimage"},"image":{"@id":"https:\/\/ismfrance.org\/index.php\/2023\/11\/09\/nouveau-massacre-a-jenine-11-martyrs-et-au-moins-20-blesses\/#primaryimage"},"thumbnailUrl":"https:\/\/ismfrance.org\/wp-content\/uploads\/2023\/11\/jenin.jpg","datePublished":"2023-11-09T19:13:28+00:00","breadcrumb":{"@id":"https:\/\/ismfrance.org\/index.php\/2023\/11\/09\/nouveau-massacre-a-jenine-11-martyrs-et-au-moins-20-blesses\/#breadcrumb"},"inLanguage":"fr-FR","potentialAction":[{"@type":"ReadAction","target":["https:\/\/ismfrance.org\/index.php\/2023\/11\/09\/nouveau-massacre-a-jenine-11-martyrs-et-au-moins-20-blesses\/"]}]},{"@type":"ImageObject","inLanguage":"fr-FR","@id":"https:\/\/ismfrance.org\/index.php\/2023\/11\/09\/nouveau-massacre-a-jenine-11-martyrs-et-au-moins-20-blesses\/#primaryimage","url":"https:\/\/ismfrance.org\/wp-content\/uploads\/2023\/11\/jenin.jpg","contentUrl":"https:\/\/ismfrance.org\/wp-content\/uploads\/2023\/11\/jenin.jpg","width":640,"height":376},{"@type":"BreadcrumbList","@id":"https:\/\/ismfrance.org\/index.php\/2023\/11\/09\/nouveau-massacre-a-jenine-11-martyrs-et-au-moins-20-blesses\/#breadcrumb","itemListElement":[{"@type":"ListItem","position":1,"name":"Accueil","item":"https:\/\/ismfrance.org\/"},{"@type":"ListItem","position":2,"name":"Nouveau massacre \u00e0 J\u00e9nine\u00a0: 11 martyrs et au moins 20 bless\u00e9s"}]},{"@type":"WebSite","@id":"https:\/\/ismfrance.org\/#website","url":"https:\/\/ismfrance.org\/","name":"ISM Palestine France","description":"Soutien aux luttes de lib\u00e9ration du peuple palestinien","publisher":{"@id":"https:\/\/ismfrance.org\/#organization"},"potentialAction":[{"@type":"SearchAction","target":{"@type":"EntryPoint","urlTemplate":"https:\/\/ismfrance.org\/?s={search_term_string}"},"query-input":{"@type":"PropertyValueSpecification","valueRequired":true,"valueName":"search_term_string"}}],"inLanguage":"fr-FR"},{"@type":"Organization","@id":"https:\/\/ismfrance.org\/#organization","name":"International Solidarity Movement","url":"https:\/\/ismfrance.org\/","logo":{"@type":"ImageObject","inLanguage":"fr-FR","@id":"https:\/\/ismfrance.org\/#\/schema\/logo\/image\/","url":"https:\/\/ismfrance.org\/wp-content\/uploads\/2020\/12\/00.png","contentUrl":"https:\/\/ismfrance.org\/wp-content\/uploads\/2020\/12\/00.png","width":400,"height":400,"caption":"International Solidarity Movement"},"image":{"@id":"https:\/\/ismfrance.org\/#\/schema\/logo\/image\/"},"sameAs":["https:\/\/x.com\/ISMFRANCE"]},{"@type":"Person","@id":"https:\/\/ismfrance.org\/#\/schema\/person\/3c411eb72adfaae19c0dca1f41fae01d","name":"mru_01","image":{"@type":"ImageObject","inLanguage":"fr-FR","@id":"https:\/\/secure.gravatar.com\/avatar\/3a0be343b445d2ccc79e87444a294fad2b232e90d2051d0e3cc219e1ecd6a330?s=96&d=mm&r=g","url":"https:\/\/secure.gravatar.com\/avatar\/3a0be343b445d2ccc79e87444a294fad2b232e90d2051d0e3cc219e1ecd6a330?s=96&d=mm&r=g","contentUrl":"https:\/\/secure.gravatar.com\/avatar\/3a0be343b445d2ccc79e87444a294fad2b232e90d2051d0e3cc219e1ecd6a330?s=96&d=mm&r=g","caption":"mru_01"},"url":"https:\/\/ismfrance.org\/index.php\/author\/admin02\/"}]}},"_links":{"self":[{"href":"https:\/\/ismfrance.org\/index.php\/wp-json\/wp\/v2\/posts\/7376","targetHints":{"allow":["GET"]}}],"collection":[{"href":"https:\/\/ismfrance.org\/index.php\/wp-json\/wp\/v2\/posts"}],"about":[{"href":"https:\/\/ismfrance.org\/index.php\/wp-json\/wp\/v2\/types\/post"}],"author":[{"embeddable":true,"href":"https:\/\/ismfrance.org\/index.php\/wp-json\/wp\/v2\/users\/3"}],"replies":[{"embeddable":true,"href":"https:\/\/ismfrance.org\/index.php\/wp-json\/wp\/v2\/comments?post=7376"}],"version-history":[{"count":0,"href":"https:\/\/ismfrance.org\/index.php\/wp-json\/wp\/v2\/posts\/7376\/revisions"}],"wp:featuredmedia":[{"embeddable":true,"href":"https:\/\/ismfrance.org\/index.php\/wp-json\/wp\/v2\/media\/7378"}],"wp:attachment":[{"href":"https:\/\/ismfrance.org\/index.php\/wp-json\/wp\/v2\/media?parent=7376"}],"wp:term":[{"taxonomy":"category","embeddable":true,"href":"https:\/\/ismfrance.org\/index.php\/wp-json\/wp\/v2\/categories?post=7376"},{"taxonomy":"post_tag","embeddable":true,"href":"https:\/\/ismfrance.org\/index.php\/wp-json\/wp\/v2\/tags?post=7376"}],"curies":[{"name":"wp","href":"https:\/\/api.w.org\/{rel}","templated":true}]}}