{"id":7367,"date":"2023-11-09T13:48:43","date_gmt":"2023-11-09T12:48:43","guid":{"rendered":"https:\/\/ismfrance.org\/?p=7367"},"modified":"2023-11-09T13:48:43","modified_gmt":"2023-11-09T12:48:43","slug":"pour-le-peuple-palestinien-en-danger-de-mort-samedi-11-novembre-a-14h30-place-de-la-republique-a-paris","status":"publish","type":"post","link":"https:\/\/ismfrance.org\/index.php\/2023\/11\/09\/pour-le-peuple-palestinien-en-danger-de-mort-samedi-11-novembre-a-14h30-place-de-la-republique-a-paris\/","title":{"rendered":"Pour le peuple palestinien en danger de mort, samedi 11 novembre \u00e0 14h30, place de la R\u00e9publique \u00e0 Paris"},"content":{"rendered":"<p class=\"p3\"><strong>CAPJPO-EuroPalestine, 9 novembre 2023<\/strong>. Le g\u00e9nocide du peuple palestinien se poursuit avec des bombardements isra\u00e9liens quotidiens sur Gaza qui d\u00e9passent d\u00e9sormais en tonnage ceux des bombes atomiques largu\u00e9es par les \u00c9tats-Unis sur les villes japonaises d\u2019Hiroshima et Nagasaki en 1945.<a href=\"https:\/\/ismfrance.org\/wp-content\/uploads\/2023\/11\/exode-gaza-8-nov.jpeg\"><img loading=\"lazy\" decoding=\"async\" class=\" wp-image-7369 aligncenter\" src=\"https:\/\/ismfrance.org\/wp-content\/uploads\/2023\/11\/exode-gaza-8-nov-525x700.jpeg\" alt=\"\" width=\"418\" height=\"554\" \/><\/a>Le bilan des victimes d\u00e9passe les 13.000 tu\u00e9s, dont plus de 5000 enfants et pr\u00e8s de 3.500 femmes. De tr\u00e8s nombreux bless\u00e9s ne vont pas survivre, car les h\u00f4pitaux manquent de tout, suite au blocus infernal impos\u00e9 par l\u2019occupant.<\/p>\n<p class=\"p3\">Le g\u00e9nocide est d\u2019ailleurs ouvertement assum\u00e9, quand on sait que la moiti\u00e9 des Palestiniens massacr\u00e9s (49%) l\u2019ont \u00e9t\u00e9 dans le sud de la bande de Gaza, l\u00e0 o\u00f9 pr\u00e9cis\u00e9ment l\u2019arm\u00e9e a donn\u00e9 l\u2019ordre aux habitants du nord de s\u2019y \u00ab r\u00e9fugier \u00bb s\u2019ils voulaient avoir la vie sauve !<\/p>\n<p class=\"p3\">Ici en France, le gouvernement et les \u00ab grands m\u00e9dias \u00bb sont directement complices de la tuerie. Tandis que Macron a applaudi \u00e0 la \u00ab juste riposte \u00bb d\u2019Isra\u00ebl apr\u00e8s l\u2019attaque du 7 octobre, il verse quelques larmes de crocodile en organisant une \u00ab conf\u00e9rence humanitaire \u00bb dans son palais de l\u2019\u00c9lys\u00e9e, dont il ne sortira que quelques paroles creuses.<\/p>\n<p class=\"p3\">Et comme Isra\u00ebl est incapable de d\u00e9fendre l\u2019ind\u00e9fendable face \u00e0 une opinion populaire indign\u00e9e dans le monde entier, on a recours au sempiternel chantage \u00e0 l\u2019antis\u00e9mitisme, avec l\u2019annonce d\u2019une marche dimanche \u00e0 Paris o\u00f9 c\u2019est bien le terrorisme d\u2019\u00c9tat isra\u00e9lien qui sera \u00e0 l\u2019honneur.<\/p>\n<p class=\"p3\">Continuons de manifester partout, dans les villes petites et grandes, dans la capitale comme en r\u00e9gions, car devant la trahison des gouvernants, le peuple palestinien ne peut compter que sur le soutien des peuples du monde.<\/p>\n<p class=\"p3\">\u00c0 Paris nous \u00e9tions au moins 50.000 la semaine derni\u00e8re. Nous devons \u00eatre encore plus nombreux<\/p>\n<p class=\"p3\"><b>SAMEDI 11 NOVEMBRE \u00c0 14H30 PLACE DE LA R\u00c9PUBLIQUE<\/b><\/p>\n<p class=\"p3\">La manifestation est accept\u00e9e par le gouvernement. Venez tous, avec vos familles et vos proches, et faites venir vos amis. Le peuple palestinien est en danger de mort.<\/p>\n","protected":false},"excerpt":{"rendered":"<p>CAPJPO-EuroPalestine, 9 novembre 2023. Le g\u00e9nocide du peuple palestinien se poursuit avec des bombardements isra\u00e9liens quotidiens sur Gaza qui d\u00e9passent d\u00e9sormais en tonnage ceux des bombes atomiques largu\u00e9es par les <a class=\"more-link\" href=\"https:\/\/ismfrance.org\/index.php\/2023\/11\/09\/pour-le-peuple-palestinien-en-danger-de-mort-samedi-11-novembre-a-14h30-place-de-la-republique-a-paris\/\">Lire la suite &rarr;<\/a><\/p>\n","protected":false},"author":3,"featured_media":7369,"comment_status":"closed","ping_status":"closed","sticky":false,"template":"","format":"standard","meta":{"footnotes":""},"categories":[2,14],"tags":[348,44,238],"class_list":["post-7367","post","type-post","status-publish","format-standard","has-post-thumbnail","hentry","category-articles","category-communiques","tag-7-octobre-2023","tag-materiel-militant","tag-nakba"],"yoast_head":"<!-- This site is optimized with the Yoast SEO plugin v27.2 - https:\/\/yoast.com\/product\/yoast-seo-wordpress\/ -->\n<title>Pour le peuple palestinien en danger de mort, samedi 11 novembre \u00e0 14h30, place de la R\u00e9publique \u00e0 Paris - International Solidarity Movement - ISM-France<\/title>\n<meta name=\"robots\" content=\"index, follow, max-snippet:-1, max-image-preview:large, max-video-preview:-1\" \/>\n<link rel=\"canonical\" href=\"https:\/\/ismfrance.org\/index.php\/2023\/11\/09\/pour-le-peuple-palestinien-en-danger-de-mort-samedi-11-novembre-a-14h30-place-de-la-republique-a-paris\/\" \/>\n<meta property=\"og:locale\" content=\"fr_FR\" \/>\n<meta property=\"og:type\" content=\"article\" \/>\n<meta property=\"og:title\" content=\"Pour le peuple palestinien en danger de mort, samedi 11 novembre \u00e0 14h30, place de la R\u00e9publique \u00e0 Paris - International Solidarity Movement - ISM-France\" \/>\n<meta property=\"og:description\" content=\"CAPJPO-EuroPalestine, 9 novembre 2023. Le g\u00e9nocide du peuple palestinien se poursuit avec des bombardements isra\u00e9liens quotidiens sur Gaza qui d\u00e9passent d\u00e9sormais en tonnage ceux des bombes atomiques largu\u00e9es par les Lire la suite &rarr;\" \/>\n<meta property=\"og:url\" content=\"https:\/\/ismfrance.org\/index.php\/2023\/11\/09\/pour-le-peuple-palestinien-en-danger-de-mort-samedi-11-novembre-a-14h30-place-de-la-republique-a-paris\/\" \/>\n<meta property=\"og:site_name\" content=\"International Solidarity Movement - ISM-France\" \/>\n<meta property=\"article:published_time\" content=\"2023-11-09T12:48:43+00:00\" \/>\n<meta property=\"og:image\" content=\"https:\/\/ismfrance.org\/wp-content\/uploads\/2023\/11\/exode-gaza-8-nov.jpeg\" \/>\n\t<meta property=\"og:image:width\" content=\"675\" \/>\n\t<meta property=\"og:image:height\" content=\"900\" \/>\n\t<meta property=\"og:image:type\" content=\"image\/jpeg\" \/>\n<meta name=\"author\" content=\"mru_01\" \/>\n<meta name=\"twitter:card\" content=\"summary_large_image\" \/>\n<meta name=\"twitter:creator\" content=\"@ISMFRANCE\" \/>\n<meta name=\"twitter:site\" content=\"@ISMFRANCE\" \/>\n<meta name=\"twitter:label1\" content=\"\u00c9crit par\" \/>\n\t<meta name=\"twitter:data1\" content=\"mru_01\" \/>\n\t<meta name=\"twitter:label2\" content=\"Dur\u00e9e de lecture estim\u00e9e\" \/>\n\t<meta name=\"twitter:data2\" content=\"2 minutes\" \/>\n<script type=\"application\/ld+json\" class=\"yoast-schema-graph\">{\"@context\":\"https:\/\/schema.org\",\"@graph\":[{\"@type\":\"Article\",\"@id\":\"https:\/\/ismfrance.org\/index.php\/2023\/11\/09\/pour-le-peuple-palestinien-en-danger-de-mort-samedi-11-novembre-a-14h30-place-de-la-republique-a-paris\/#article\",\"isPartOf\":{\"@id\":\"https:\/\/ismfrance.org\/index.php\/2023\/11\/09\/pour-le-peuple-palestinien-en-danger-de-mort-samedi-11-novembre-a-14h30-place-de-la-republique-a-paris\/\"},\"author\":{\"name\":\"mru_01\",\"@id\":\"https:\/\/ismfrance.org\/#\/schema\/person\/3c411eb72adfaae19c0dca1f41fae01d\"},\"headline\":\"Pour le peuple palestinien en danger de mort, samedi 11 novembre \u00e0 14h30, place de la R\u00e9publique \u00e0 Paris\",\"datePublished\":\"2023-11-09T12:48:43+00:00\",\"mainEntityOfPage\":{\"@id\":\"https:\/\/ismfrance.org\/index.php\/2023\/11\/09\/pour-le-peuple-palestinien-en-danger-de-mort-samedi-11-novembre-a-14h30-place-de-la-republique-a-paris\/\"},\"wordCount\":362,\"publisher\":{\"@id\":\"https:\/\/ismfrance.org\/#organization\"},\"image\":{\"@id\":\"https:\/\/ismfrance.org\/index.php\/2023\/11\/09\/pour-le-peuple-palestinien-en-danger-de-mort-samedi-11-novembre-a-14h30-place-de-la-republique-a-paris\/#primaryimage\"},\"thumbnailUrl\":\"https:\/\/ismfrance.org\/wp-content\/uploads\/2023\/11\/exode-gaza-8-nov.jpeg\",\"keywords\":[\"7 octobre 2023\",\"mat\u00e9riel militant\",\"Nakba\"],\"articleSection\":[\"Articles\",\"Communiqu\u00e9s\"],\"inLanguage\":\"fr-FR\"},{\"@type\":\"WebPage\",\"@id\":\"https:\/\/ismfrance.org\/index.php\/2023\/11\/09\/pour-le-peuple-palestinien-en-danger-de-mort-samedi-11-novembre-a-14h30-place-de-la-republique-a-paris\/\",\"url\":\"https:\/\/ismfrance.org\/index.php\/2023\/11\/09\/pour-le-peuple-palestinien-en-danger-de-mort-samedi-11-novembre-a-14h30-place-de-la-republique-a-paris\/\",\"name\":\"Pour le peuple palestinien en danger de mort, samedi 11 novembre \u00e0 14h30, place de la R\u00e9publique \u00e0 Paris - International Solidarity Movement - ISM-France\",\"isPartOf\":{\"@id\":\"https:\/\/ismfrance.org\/#website\"},\"primaryImageOfPage\":{\"@id\":\"https:\/\/ismfrance.org\/index.php\/2023\/11\/09\/pour-le-peuple-palestinien-en-danger-de-mort-samedi-11-novembre-a-14h30-place-de-la-republique-a-paris\/#primaryimage\"},\"image\":{\"@id\":\"https:\/\/ismfrance.org\/index.php\/2023\/11\/09\/pour-le-peuple-palestinien-en-danger-de-mort-samedi-11-novembre-a-14h30-place-de-la-republique-a-paris\/#primaryimage\"},\"thumbnailUrl\":\"https:\/\/ismfrance.org\/wp-content\/uploads\/2023\/11\/exode-gaza-8-nov.jpeg\",\"datePublished\":\"2023-11-09T12:48:43+00:00\",\"breadcrumb\":{\"@id\":\"https:\/\/ismfrance.org\/index.php\/2023\/11\/09\/pour-le-peuple-palestinien-en-danger-de-mort-samedi-11-novembre-a-14h30-place-de-la-republique-a-paris\/#breadcrumb\"},\"inLanguage\":\"fr-FR\",\"potentialAction\":[{\"@type\":\"ReadAction\",\"target\":[\"https:\/\/ismfrance.org\/index.php\/2023\/11\/09\/pour-le-peuple-palestinien-en-danger-de-mort-samedi-11-novembre-a-14h30-place-de-la-republique-a-paris\/\"]}]},{\"@type\":\"ImageObject\",\"inLanguage\":\"fr-FR\",\"@id\":\"https:\/\/ismfrance.org\/index.php\/2023\/11\/09\/pour-le-peuple-palestinien-en-danger-de-mort-samedi-11-novembre-a-14h30-place-de-la-republique-a-paris\/#primaryimage\",\"url\":\"https:\/\/ismfrance.org\/wp-content\/uploads\/2023\/11\/exode-gaza-8-nov.jpeg\",\"contentUrl\":\"https:\/\/ismfrance.org\/wp-content\/uploads\/2023\/11\/exode-gaza-8-nov.jpeg\",\"width\":675,\"height\":900},{\"@type\":\"BreadcrumbList\",\"@id\":\"https:\/\/ismfrance.org\/index.php\/2023\/11\/09\/pour-le-peuple-palestinien-en-danger-de-mort-samedi-11-novembre-a-14h30-place-de-la-republique-a-paris\/#breadcrumb\",\"itemListElement\":[{\"@type\":\"ListItem\",\"position\":1,\"name\":\"Accueil\",\"item\":\"https:\/\/ismfrance.org\/\"},{\"@type\":\"ListItem\",\"position\":2,\"name\":\"Pour le peuple palestinien en danger de mort, samedi 11 novembre \u00e0 14h30, place de la R\u00e9publique \u00e0 Paris\"}]},{\"@type\":\"WebSite\",\"@id\":\"https:\/\/ismfrance.org\/#website\",\"url\":\"https:\/\/ismfrance.org\/\",\"name\":\"ISM Palestine France\",\"description\":\"Soutien aux luttes de lib\u00e9ration du peuple palestinien\",\"publisher\":{\"@id\":\"https:\/\/ismfrance.org\/#organization\"},\"potentialAction\":[{\"@type\":\"SearchAction\",\"target\":{\"@type\":\"EntryPoint\",\"urlTemplate\":\"https:\/\/ismfrance.org\/?s={search_term_string}\"},\"query-input\":{\"@type\":\"PropertyValueSpecification\",\"valueRequired\":true,\"valueName\":\"search_term_string\"}}],\"inLanguage\":\"fr-FR\"},{\"@type\":\"Organization\",\"@id\":\"https:\/\/ismfrance.org\/#organization\",\"name\":\"International Solidarity Movement\",\"url\":\"https:\/\/ismfrance.org\/\",\"logo\":{\"@type\":\"ImageObject\",\"inLanguage\":\"fr-FR\",\"@id\":\"https:\/\/ismfrance.org\/#\/schema\/logo\/image\/\",\"url\":\"https:\/\/ismfrance.org\/wp-content\/uploads\/2020\/12\/00.png\",\"contentUrl\":\"https:\/\/ismfrance.org\/wp-content\/uploads\/2020\/12\/00.png\",\"width\":400,\"height\":400,\"caption\":\"International Solidarity Movement\"},\"image\":{\"@id\":\"https:\/\/ismfrance.org\/#\/schema\/logo\/image\/\"},\"sameAs\":[\"https:\/\/x.com\/ISMFRANCE\"]},{\"@type\":\"Person\",\"@id\":\"https:\/\/ismfrance.org\/#\/schema\/person\/3c411eb72adfaae19c0dca1f41fae01d\",\"name\":\"mru_01\",\"image\":{\"@type\":\"ImageObject\",\"inLanguage\":\"fr-FR\",\"@id\":\"https:\/\/secure.gravatar.com\/avatar\/3a0be343b445d2ccc79e87444a294fad2b232e90d2051d0e3cc219e1ecd6a330?s=96&d=mm&r=g\",\"url\":\"https:\/\/secure.gravatar.com\/avatar\/3a0be343b445d2ccc79e87444a294fad2b232e90d2051d0e3cc219e1ecd6a330?s=96&d=mm&r=g\",\"contentUrl\":\"https:\/\/secure.gravatar.com\/avatar\/3a0be343b445d2ccc79e87444a294fad2b232e90d2051d0e3cc219e1ecd6a330?s=96&d=mm&r=g\",\"caption\":\"mru_01\"},\"url\":\"https:\/\/ismfrance.org\/index.php\/author\/admin02\/\"}]}<\/script>\n<!-- \/ Yoast SEO plugin. -->","yoast_head_json":{"title":"Pour le peuple palestinien en danger de mort, samedi 11 novembre \u00e0 14h30, place de la R\u00e9publique \u00e0 Paris - International Solidarity Movement - ISM-France","robots":{"index":"index","follow":"follow","max-snippet":"max-snippet:-1","max-image-preview":"max-image-preview:large","max-video-preview":"max-video-preview:-1"},"canonical":"https:\/\/ismfrance.org\/index.php\/2023\/11\/09\/pour-le-peuple-palestinien-en-danger-de-mort-samedi-11-novembre-a-14h30-place-de-la-republique-a-paris\/","og_locale":"fr_FR","og_type":"article","og_title":"Pour le peuple palestinien en danger de mort, samedi 11 novembre \u00e0 14h30, place de la R\u00e9publique \u00e0 Paris - International Solidarity Movement - ISM-France","og_description":"CAPJPO-EuroPalestine, 9 novembre 2023. Le g\u00e9nocide du peuple palestinien se poursuit avec des bombardements isra\u00e9liens quotidiens sur Gaza qui d\u00e9passent d\u00e9sormais en tonnage ceux des bombes atomiques largu\u00e9es par les Lire la suite &rarr;","og_url":"https:\/\/ismfrance.org\/index.php\/2023\/11\/09\/pour-le-peuple-palestinien-en-danger-de-mort-samedi-11-novembre-a-14h30-place-de-la-republique-a-paris\/","og_site_name":"International Solidarity Movement - ISM-France","article_published_time":"2023-11-09T12:48:43+00:00","og_image":[{"width":675,"height":900,"url":"https:\/\/ismfrance.org\/wp-content\/uploads\/2023\/11\/exode-gaza-8-nov.jpeg","type":"image\/jpeg"}],"author":"mru_01","twitter_card":"summary_large_image","twitter_creator":"@ISMFRANCE","twitter_site":"@ISMFRANCE","twitter_misc":{"\u00c9crit par":"mru_01","Dur\u00e9e de lecture estim\u00e9e":"2 minutes"},"schema":{"@context":"https:\/\/schema.org","@graph":[{"@type":"Article","@id":"https:\/\/ismfrance.org\/index.php\/2023\/11\/09\/pour-le-peuple-palestinien-en-danger-de-mort-samedi-11-novembre-a-14h30-place-de-la-republique-a-paris\/#article","isPartOf":{"@id":"https:\/\/ismfrance.org\/index.php\/2023\/11\/09\/pour-le-peuple-palestinien-en-danger-de-mort-samedi-11-novembre-a-14h30-place-de-la-republique-a-paris\/"},"author":{"name":"mru_01","@id":"https:\/\/ismfrance.org\/#\/schema\/person\/3c411eb72adfaae19c0dca1f41fae01d"},"headline":"Pour le peuple palestinien en danger de mort, samedi 11 novembre \u00e0 14h30, place de la R\u00e9publique \u00e0 Paris","datePublished":"2023-11-09T12:48:43+00:00","mainEntityOfPage":{"@id":"https:\/\/ismfrance.org\/index.php\/2023\/11\/09\/pour-le-peuple-palestinien-en-danger-de-mort-samedi-11-novembre-a-14h30-place-de-la-republique-a-paris\/"},"wordCount":362,"publisher":{"@id":"https:\/\/ismfrance.org\/#organization"},"image":{"@id":"https:\/\/ismfrance.org\/index.php\/2023\/11\/09\/pour-le-peuple-palestinien-en-danger-de-mort-samedi-11-novembre-a-14h30-place-de-la-republique-a-paris\/#primaryimage"},"thumbnailUrl":"https:\/\/ismfrance.org\/wp-content\/uploads\/2023\/11\/exode-gaza-8-nov.jpeg","keywords":["7 octobre 2023","mat\u00e9riel militant","Nakba"],"articleSection":["Articles","Communiqu\u00e9s"],"inLanguage":"fr-FR"},{"@type":"WebPage","@id":"https:\/\/ismfrance.org\/index.php\/2023\/11\/09\/pour-le-peuple-palestinien-en-danger-de-mort-samedi-11-novembre-a-14h30-place-de-la-republique-a-paris\/","url":"https:\/\/ismfrance.org\/index.php\/2023\/11\/09\/pour-le-peuple-palestinien-en-danger-de-mort-samedi-11-novembre-a-14h30-place-de-la-republique-a-paris\/","name":"Pour le peuple palestinien en danger de mort, samedi 11 novembre \u00e0 14h30, place de la R\u00e9publique \u00e0 Paris - International Solidarity Movement - ISM-France","isPartOf":{"@id":"https:\/\/ismfrance.org\/#website"},"primaryImageOfPage":{"@id":"https:\/\/ismfrance.org\/index.php\/2023\/11\/09\/pour-le-peuple-palestinien-en-danger-de-mort-samedi-11-novembre-a-14h30-place-de-la-republique-a-paris\/#primaryimage"},"image":{"@id":"https:\/\/ismfrance.org\/index.php\/2023\/11\/09\/pour-le-peuple-palestinien-en-danger-de-mort-samedi-11-novembre-a-14h30-place-de-la-republique-a-paris\/#primaryimage"},"thumbnailUrl":"https:\/\/ismfrance.org\/wp-content\/uploads\/2023\/11\/exode-gaza-8-nov.jpeg","datePublished":"2023-11-09T12:48:43+00:00","breadcrumb":{"@id":"https:\/\/ismfrance.org\/index.php\/2023\/11\/09\/pour-le-peuple-palestinien-en-danger-de-mort-samedi-11-novembre-a-14h30-place-de-la-republique-a-paris\/#breadcrumb"},"inLanguage":"fr-FR","potentialAction":[{"@type":"ReadAction","target":["https:\/\/ismfrance.org\/index.php\/2023\/11\/09\/pour-le-peuple-palestinien-en-danger-de-mort-samedi-11-novembre-a-14h30-place-de-la-republique-a-paris\/"]}]},{"@type":"ImageObject","inLanguage":"fr-FR","@id":"https:\/\/ismfrance.org\/index.php\/2023\/11\/09\/pour-le-peuple-palestinien-en-danger-de-mort-samedi-11-novembre-a-14h30-place-de-la-republique-a-paris\/#primaryimage","url":"https:\/\/ismfrance.org\/wp-content\/uploads\/2023\/11\/exode-gaza-8-nov.jpeg","contentUrl":"https:\/\/ismfrance.org\/wp-content\/uploads\/2023\/11\/exode-gaza-8-nov.jpeg","width":675,"height":900},{"@type":"BreadcrumbList","@id":"https:\/\/ismfrance.org\/index.php\/2023\/11\/09\/pour-le-peuple-palestinien-en-danger-de-mort-samedi-11-novembre-a-14h30-place-de-la-republique-a-paris\/#breadcrumb","itemListElement":[{"@type":"ListItem","position":1,"name":"Accueil","item":"https:\/\/ismfrance.org\/"},{"@type":"ListItem","position":2,"name":"Pour le peuple palestinien en danger de mort, samedi 11 novembre \u00e0 14h30, place de la R\u00e9publique \u00e0 Paris"}]},{"@type":"WebSite","@id":"https:\/\/ismfrance.org\/#website","url":"https:\/\/ismfrance.org\/","name":"ISM Palestine France","description":"Soutien aux luttes de lib\u00e9ration du peuple palestinien","publisher":{"@id":"https:\/\/ismfrance.org\/#organization"},"potentialAction":[{"@type":"SearchAction","target":{"@type":"EntryPoint","urlTemplate":"https:\/\/ismfrance.org\/?s={search_term_string}"},"query-input":{"@type":"PropertyValueSpecification","valueRequired":true,"valueName":"search_term_string"}}],"inLanguage":"fr-FR"},{"@type":"Organization","@id":"https:\/\/ismfrance.org\/#organization","name":"International Solidarity Movement","url":"https:\/\/ismfrance.org\/","logo":{"@type":"ImageObject","inLanguage":"fr-FR","@id":"https:\/\/ismfrance.org\/#\/schema\/logo\/image\/","url":"https:\/\/ismfrance.org\/wp-content\/uploads\/2020\/12\/00.png","contentUrl":"https:\/\/ismfrance.org\/wp-content\/uploads\/2020\/12\/00.png","width":400,"height":400,"caption":"International Solidarity Movement"},"image":{"@id":"https:\/\/ismfrance.org\/#\/schema\/logo\/image\/"},"sameAs":["https:\/\/x.com\/ISMFRANCE"]},{"@type":"Person","@id":"https:\/\/ismfrance.org\/#\/schema\/person\/3c411eb72adfaae19c0dca1f41fae01d","name":"mru_01","image":{"@type":"ImageObject","inLanguage":"fr-FR","@id":"https:\/\/secure.gravatar.com\/avatar\/3a0be343b445d2ccc79e87444a294fad2b232e90d2051d0e3cc219e1ecd6a330?s=96&d=mm&r=g","url":"https:\/\/secure.gravatar.com\/avatar\/3a0be343b445d2ccc79e87444a294fad2b232e90d2051d0e3cc219e1ecd6a330?s=96&d=mm&r=g","contentUrl":"https:\/\/secure.gravatar.com\/avatar\/3a0be343b445d2ccc79e87444a294fad2b232e90d2051d0e3cc219e1ecd6a330?s=96&d=mm&r=g","caption":"mru_01"},"url":"https:\/\/ismfrance.org\/index.php\/author\/admin02\/"}]}},"_links":{"self":[{"href":"https:\/\/ismfrance.org\/index.php\/wp-json\/wp\/v2\/posts\/7367","targetHints":{"allow":["GET"]}}],"collection":[{"href":"https:\/\/ismfrance.org\/index.php\/wp-json\/wp\/v2\/posts"}],"about":[{"href":"https:\/\/ismfrance.org\/index.php\/wp-json\/wp\/v2\/types\/post"}],"author":[{"embeddable":true,"href":"https:\/\/ismfrance.org\/index.php\/wp-json\/wp\/v2\/users\/3"}],"replies":[{"embeddable":true,"href":"https:\/\/ismfrance.org\/index.php\/wp-json\/wp\/v2\/comments?post=7367"}],"version-history":[{"count":0,"href":"https:\/\/ismfrance.org\/index.php\/wp-json\/wp\/v2\/posts\/7367\/revisions"}],"wp:featuredmedia":[{"embeddable":true,"href":"https:\/\/ismfrance.org\/index.php\/wp-json\/wp\/v2\/media\/7369"}],"wp:attachment":[{"href":"https:\/\/ismfrance.org\/index.php\/wp-json\/wp\/v2\/media?parent=7367"}],"wp:term":[{"taxonomy":"category","embeddable":true,"href":"https:\/\/ismfrance.org\/index.php\/wp-json\/wp\/v2\/categories?post=7367"},{"taxonomy":"post_tag","embeddable":true,"href":"https:\/\/ismfrance.org\/index.php\/wp-json\/wp\/v2\/tags?post=7367"}],"curies":[{"name":"wp","href":"https:\/\/api.w.org\/{rel}","templated":true}]}}