{"id":7364,"date":"2023-11-08T18:16:36","date_gmt":"2023-11-08T17:16:36","guid":{"rendered":"https:\/\/ismfrance.org\/?p=7364"},"modified":"2023-11-29T20:23:39","modified_gmt":"2023-11-29T19:23:39","slug":"la-russie-la-palestine","status":"publish","type":"post","link":"https:\/\/ismfrance.org\/index.php\/2023\/11\/08\/la-russie-la-palestine\/","title":{"rendered":"La Russie &#038; la Palestine"},"content":{"rendered":"<p><span style=\"color: #000000;\"><span style=\"font-family: Tahoma, sans-serif;\"><span style=\"font-size: medium;\"><strong>Pepe Escobar, 7 novembre 2023<\/strong>. La question complexe et nuanc\u00e9e de la neutralit\u00e9 g\u00e9opolitique de la Russie dans la trag\u00e9die isra\u00e9lo-palestine a finalement \u00e9t\u00e9 clarifi\u00e9e la semaine derni\u00e8re.<\/span><\/span><\/span><\/p>\n<p><span style=\"color: #000000;\"><span style=\"font-family: Tahoma, sans-serif;\"><span style=\"font-size: medium;\"><a href=\"https:\/\/ismfrance.org\/wp-content\/uploads\/2023\/11\/russie-palestine.png\"><img loading=\"lazy\" decoding=\"async\" class=\"alignnone size-large wp-image-7358\" src=\"https:\/\/ismfrance.org\/wp-content\/uploads\/2023\/11\/russie-palestine-700x331.png\" alt=\"\" width=\"600\" height=\"284\" srcset=\"https:\/\/ismfrance.org\/wp-content\/uploads\/2023\/11\/russie-palestine-700x331.png 700w, https:\/\/ismfrance.org\/wp-content\/uploads\/2023\/11\/russie-palestine-300x142.png 300w, https:\/\/ismfrance.org\/wp-content\/uploads\/2023\/11\/russie-palestine-768x363.png 768w, https:\/\/ismfrance.org\/wp-content\/uploads\/2023\/11\/russie-palestine-1536x727.png 1536w, https:\/\/ismfrance.org\/wp-content\/uploads\/2023\/11\/russie-palestine-2048x969.png 2048w, https:\/\/ismfrance.org\/wp-content\/uploads\/2023\/11\/russie-palestine-1320x625.png 1320w\" sizes=\"auto, (max-width: 600px) 100vw, 600px\" \/><\/a><\/span><\/span><\/span><\/p>\n<p>Le pr\u00e9sident russe Vladimir Poutine s\u2019est adress\u00e9 &#8211; en personne, le 30 octobre &#8211; au Conseil de s\u00e9curit\u00e9 de son pays, aux hauts responsables gouvernementaux et aux chefs des agences de s\u00e9curit\u00e9.<\/p>\n<p>Parmi les autres notables, son public comprenait le Premier ministre Mikhail Mishustin, le pr\u00e9sident de la Douma Vyacheslav Volodin, le secr\u00e9taire du Conseil de s\u00e9curit\u00e9 Nikolai Patrushev, le ministre des Affaires \u00e9trang\u00e8res Sergei Lavrov, le directeur du FSB Alexander Bortnikov, et le directeur du SVR (informations \u00e9trang\u00e8res) Sergei Narishkin.<\/p>\n<p>Poutine a pris le temps de d\u00e9tailler la position officielle de la F\u00e9d\u00e9ration de Russie dans le contexte g\u00e9opolitique actuel de deux guerres entrelac\u00e9es, l&rsquo;Ukraine et l&rsquo;Isra\u00ebl-Palestine.\u00a0Cela s&rsquo;adressait autant \u00e0 son public de haut niveau qu&rsquo;aux dirigeants politiques de l&rsquo;H\u00e9g\u00e9mon occidental (USA, GB, France, Allemagne et Italie).<\/p>\n<p>\u00ab\u00a0Il n&rsquo;y a aucune justification pour les terribles \u00e9v\u00e9nements qui se d\u00e9roulent \u00e0 Gaza en ce moment, o\u00f9 des centaines de milliers de personnes innocentes sont massacr\u00e9es sans discernement, sans avoir nulle part o\u00f9 fuir ou se cacher des bombardements.<\/p>\n<p>Quand vous voyez des enfants tach\u00e9s de sang, des enfants morts, la souffrance des femmes et des personnes \u00e2g\u00e9es, quand vous voyez des m\u00e9decins tu\u00e9s, bien s\u00fbr, cela vous fait serrer les poings et monter les larmes aux yeux. \u00bb<\/p>\n<p><strong><span style=\"font-size: large;\">La coalition du chaos dirig\u00e9e par les \u00c9tats-Unis<\/span><\/strong><\/p>\n<p>Puis est venu un aper\u00e7u du contexte : \u00ab Nous devons comprendre clairement qui, en r\u00e9alit\u00e9, est \u00e0 l&rsquo;origine de la trag\u00e9die des peuples au Moyen-Orient et dans d&rsquo;autres r\u00e9gions du monde, qui a organis\u00e9 ce chaos mortel et qui en profite. \u00bb<\/p>\n<p>En termes clairs, Poutine a d\u00e9crit \u00ab\u00a0les \u00e9lites dirigeantes actuelles aux \u00c9tats-Unis et ses satellites\u00a0\u00bb comme \u00ab\u00a0les principaux b\u00e9n\u00e9ficiaires de l&rsquo;instabilit\u00e9 mondiale qu&rsquo;ils utilisent pour encaisser leur loyer sanglant. Leur strat\u00e9gie aussi est \u00e9vidente. Les \u00c9tats-Unis, en tant que superpuissance mondiale, s&rsquo;affaiblissent et perdent leur position. Tout le monde le voit et le comprend ; on peut d\u2019ailleurs en juger par les tendances de l&rsquo;\u00e9conomie mondiale. \u00bb<\/p>\n<p>Le pr\u00e9sident russe a \u00e9tabli un lien direct entre la volont\u00e9 \u00e9tats-unienne d&rsquo;\u00e9tendre \u00ab\u00a0sa dictature mondiale\u00a0\u00bb et l&rsquo;obsession politique de promouvoir le chaos non-stop : \u00ab\u00a0Ce chaos les aidera \u00e0 contenir et \u00e0 d\u00e9stabiliser leurs rivaux ou, comme ils les appellent, leurs adversaires g\u00e9opolitiques &#8211; parmi lesquels ils classent notre pays &#8211; qui en r\u00e9alit\u00e9 sont des nouveaux centres de croissance mondiale et des pays ind\u00e9pendants souverains qui ne sont pas dispos\u00e9s \u00e0 se plier \u00e0 leur volont\u00e9 et \u00e0 jouer le r\u00f4le de serviteur \u00bb.<\/p>\n<p>Fondamentalement, Poutine s&rsquo;est fait un point d&rsquo;honneur de \u00ab\u00a0r\u00e9p\u00e9ter \u00e0 nouveau\u00a0\u00bb \u00e0 son auditoire interne et au Sud Global que \u00ab les \u00e9lites au pouvoir des \u00c9tats-Unis et de leurs satellites sont derri\u00e8re la trag\u00e9die des Palestiniens, le massacre au Moyen-Orient en g\u00e9n\u00e9ral, le conflit en Ukraine et de nombreux autres conflits dans le monde &#8211; en Afghanistan, en Irak, en Syrie, et ainsi de suite\u00a0\u00bb.<\/p>\n<p>La Palestine est un point d&rsquo;une importance vitale. En associant les auteurs du conflit ukrainien et de la guerre contre Gaza &#8211; \u00ab\u00a0les \u00c9tats-Unis et leurs satellites\u00a0\u00bb &#8211; le pr\u00e9sident russe a effectivement mis Isra\u00ebl dans le camp de l&rsquo;h\u00e9g\u00e9mon occidental\u00a0et de son programme\u00a0d\u2019installer et promouvoir le\u00a0 \u00ab\u00a0chaos\u00a0\u00bb.<\/p>\n<p><strong><span style=\"font-size: large;\">Moscou s&rsquo;aligne sur la v\u00e9ritable \u00ab communaut\u00e9 internationale \u00bb<\/span><\/strong><\/p>\n<p>Essentiellement, ce que cela nous dit, c&rsquo;est que la F\u00e9d\u00e9ration de Russie s&rsquo;aligne sans \u00e9quivoque sur l&rsquo;\u00e9crasante majorit\u00e9 de l&rsquo;opinion publique mondiale du Sud et de la majorit\u00e9 mondiale &#8211; du monde arabe \u00e0 toutes les terres de l&rsquo;islam et au-del\u00e0, en Afrique, en Asie et en Am\u00e9rique latine.<\/p>\n<p><span style=\"color: #000000;\"><span style=\"font-family: Tahoma, sans-serif;\"><span style=\"font-size: medium;\">Fait int\u00e9ressant, Moscou rejoint les analyses du leader iranien Ayatollah Khamenei &#8211; un partenaire strat\u00e9gique de la Russie &#8211; et du secr\u00e9taire g\u00e9n\u00e9ral du Hezbollah Hassan Nasrallah, dans son discours br\u00fblant, sophistiqu\u00e9 et teint\u00e9 de Sun-Tzu de vendredi dernier, sur \u00ab\u00a0l&rsquo;araign\u00e9e qui essaie d&rsquo;enchev\u00eatrer le monde entier dans sa toile\u00a0\u00bb.<\/span><\/span><\/span><\/p>\n<p>La position officielle de la Russie, en particulier sur Isra\u00ebl-Palestine, a \u00e9t\u00e9 \u00e9nonc\u00e9e par le repr\u00e9sentant permanent de la Russie aupr\u00e8s de l&rsquo;ONU, Vasily Nebenzya, lors d&rsquo;une session sp\u00e9ciale de l&rsquo;Assembl\u00e9e g\u00e9n\u00e9rale de l&rsquo;ONU sur la Palestine deux jours apr\u00e8s le discours de Poutine.<\/p>\n<p>Nebenzya a tr\u00e8s clairement indiqu\u00e9 qu&rsquo;Isra\u00ebl, en tant que puissance occupante, n&rsquo;a pas \u00ab\u00a0le droit \u00e0 l&rsquo;autod\u00e9fense\u00a0\u00bb &#8211; un fait \u00e9tay\u00e9 par une d\u00e9cision consultative de la Cour internationale des Nations Unies en 2004.<\/p>\n<p>\u00c0 l&rsquo;\u00e9poque, la cour a \u00e9galement \u00e9tabli, dans un vote de 14 sur 15, que la construction par Isra\u00ebl du mur de s\u00e9paration dans la Palestine occup\u00e9e, y compris J\u00e9rusalem-Est, \u00e9tait contraire au droit international.<\/p>\n<p>Nebenzya, en termes juridiques, a annul\u00e9 l&rsquo;argument sans cesse \u00e9voqu\u00e9 du \u00ab\u00a0droit \u00e0 l&rsquo;autod\u00e9fense\u00a0\u00bb brandi par Tel Aviv et toute la galaxie de l&rsquo;OTAN.<\/p>\n<p>L&rsquo;H\u00e9g\u00e9mon, le protecteur de Tel Aviv, a r\u00e9cemment oppos\u00e9 son veto au projet humanitaire pr\u00e9sent\u00e9 au Conseil de s\u00e9curit\u00e9 de l&rsquo;ONU par le Br\u00e9sil, simplement parce qu&rsquo;il ne mentionnait pas le \u00ab\u00a0droit \u00e0 l&rsquo;autod\u00e9fense\u00a0\u00bb d&rsquo;Isra\u00ebl.<\/p>\n<p><span style=\"color: #000000;\"><span style=\"font-family: Tahoma, sans-serif;\"><span style=\"font-size: medium;\">M\u00eame s&rsquo;il a soulign\u00e9 que Moscou reconna\u00eet le droit d&rsquo;Isra\u00ebl d&rsquo;assurer sa s\u00e9curit\u00e9, Nebenzya a pr\u00e9cis\u00e9 que ce droit \u00ab\u00a0ne pourrait \u00eatre pleinement garanti qu&rsquo;en cas de r\u00e9solution \u00e9quitable du probl\u00e8me palestinien sur la base des r\u00e9solutions reconnues du Conseil de s\u00e9curit\u00e9 de l&rsquo;ONU\u00a0\u00bb.<\/span><\/span><\/span><\/p>\n<p>Le dossier montre qu&rsquo;Isra\u00ebl ne respecte aucune r\u00e9solution du Conseil de s\u00e9curit\u00e9 de l&rsquo;ONU sur la Palestine.<\/p>\n<p><strong><span style=\"font-size: large;\">Les priorit\u00e9s de Lavrov en Palestine occup\u00e9e<\/span><\/strong><\/p>\n<p>La position de la Russie concernant Isra\u00ebl\/Palestine a \u00e9t\u00e9 fournie par le ministre des Affaires \u00e9trang\u00e8res Sergei Lavrov lors d&rsquo;une conf\u00e9rence de presse avec le ministre kowe\u00eftien des Affaires \u00e9trang\u00e8res Sabah Al-Sabah, deux jours apr\u00e8s l&rsquo;intervention de Nebenzya \u00e0 l&rsquo;ONU.<\/p>\n<p>Lavrov a r\u00e9it\u00e9r\u00e9 les priorit\u00e9s de Moscou d\u00e9j\u00e0 soulign\u00e9es par Poutine et Nebenzya : un cessez-le-feu urgent, des couloirs humanitaires et un retour \u00e0 la table pour n\u00e9gocier \u00ab\u00a0un \u00c9tat palestinien ind\u00e9pendant, comme pr\u00e9vu par le Conseil de s\u00e9curit\u00e9 de l&rsquo;ONU, dans les fronti\u00e8res de 1967, qui coexisterait en paix et en s\u00e9curit\u00e9 avec Isra\u00ebl\u00a0\u00bb.<\/p>\n<p>Lavrov a mis en \u00e9vidence, une fois de plus, que diff\u00e9rentes tactiques de diversion am\u00e9ricano-isra\u00e9liennes sont utilis\u00e9es \u00ab\u00a0dans le but de retarder (sinon enterrer) la d\u00e9cision du Conseil de s\u00e9curit\u00e9 de l&rsquo;ONU d&rsquo;\u00e9tablir un \u00c9tat palestinien\u00a0\u00bb.<\/p>\n<p>Cela, dit le ministre russe des Affaires \u00e9trang\u00e8res, revient \u00e0 condamner les Palestiniens \u00ab\u00a0\u00e0 une existence \u00e9ternelle sans droits. Cela n&rsquo;assurera ni la paix ni la s\u00e9curit\u00e9 dans la r\u00e9gion, cela ne fera qu&rsquo;approfondir le conflit. Et vous ne serez pas en mesure de le r\u00e9soudre radicalement.\u00a0Cela n\u2019aura pour r\u00e9sultat que les semailles, la germination, la croissance et la maturation des\u00a0prochains \u2018raisins de la col\u00e8re\u2019\u00a0\u00bb.<\/p>\n<p><span style=\"color: #000000;\"><span style=\"font-family: Tahoma, sans-serif;\"><span style=\"font-size: medium;\">L&rsquo;analyse de Lavrov, autant que l&rsquo;analyse de Poutine, converge avec celles de Khamenei et de Nasrallah : \u00ab Il ne s&rsquo;agit pas de Gaza, mais du conflit isra\u00e9lo-palestinien. L&rsquo;\u00c9tat de Palestine fait partie int\u00e9grante de cette solution. \u00bb<\/span><\/span><\/span><\/p>\n<p>La Russie pose des jalons pour exercer le r\u00f4le de m\u00e9diateur de confiance pour toutes les parties en Isra\u00ebl\/Palestine &#8211; un r\u00f4le totalement inadapt\u00e9 \u00e0 l&rsquo;H\u00e9g\u00e9mon, en particulier apr\u00e8s l&rsquo;approbation tacite de l\u2019actuel nettoyage ethnique isra\u00e9lien de Gaza.<\/p>\n<p>Tout est ici, clairement formul\u00e9 par Lavrov : \u00ab Il sera tr\u00e8s important pour nous de conna\u00eetre l&rsquo;opinion unanime du monde arabe. \u00bb C&rsquo;est un message ciblant sp\u00e9cifiquement les r\u00e9gimes sunnites vassalis\u00e9s par Washington. Ensuite, quand ils se r\u00e9uniront, \u00ab\u00a0nous soutiendrons la solution arabe \u00e0 cette question tr\u00e8s difficile\u00a0\u00bb.<\/p>\n<p><strong><span style=\"font-size: large;\">La condition pr\u00e9alable de la multipolarit\u00e9 : la paix en Palestine<\/span><\/strong><\/p>\n<p><span style=\"color: #000000;\"><span style=\"font-family: Tahoma, sans-serif;\"><span style=\"font-size: medium;\">Tout cela montre que Moscou m\u00e8ne la partie. Le message global &#8211; qui est minutieusement d\u00e9cod\u00e9 dans l&rsquo;ensemble du Sud et de la majorit\u00e9 mondiale &#8211; est que malgr\u00e9 les man\u0153uvres incessantes de l&rsquo;Empire du Chaos, l\u2019immuable projet sioniste d\u2019exclusion est maintenant mort et enterr\u00e9.<\/span><\/span><\/span><\/p>\n<p><span style=\"color: #000000;\"><span style=\"font-family: Tahoma, sans-serif;\"><span style=\"font-size: medium;\">La moins mauvaise solution \u00e0 ce jour est l&rsquo;Initiative de paix arabe de 2002 &#8211; souscrite par tout le monde, des terres de l&rsquo;Islam \u00e0 la Russie, en passant par l&rsquo;Iran et la Chine : un \u00c9tat palestinien ind\u00e9pendant, de retour aux fronti\u00e8res de 1967, avec J\u00e9rusalem-Est comme capitale.<\/span><\/span><\/span><\/p>\n<p>Le probl\u00e8me est de savoir comment amener le sionisme incontr\u00f4lable \u00e0 reculer. Au-del\u00e0 des imp\u00e9ratifs du terrain, il faudrait couper le cordon ombilical militaire Washington-Tel Aviv et expulser du spectre g\u00e9opolitique la matrice sioniste chr\u00e9tienne n\u00e9oconne \u00e9tats-unienne, enracin\u00e9e aux plus profond de l&rsquo;\u00c9tat profond.<\/p>\n<p>Ces deux imp\u00e9ratifs sont des impossibilit\u00e9s &#8211; \u00e0 court, \u00e0 moyen et m\u00eame \u00e0 long terme.<\/p>\n<p>Par ailleurs, un simple coup d&rsquo;\u0153il sur la carte\u00a0&#8211; de la Cisjordanie \u00e0 la bande de Gaza &#8211; montre qu&rsquo;\u00e0 toutes fins pratiques, la solution \u00e0 deux \u00c9tats a fait long feu. Il peut \u00eatre d\u00e9chirant pour les dirigeants de la multipolarit\u00e9 de l&rsquo;admettre. Il faudra un certain temps, et un changement du discours public, pour reconna\u00eetre que la seule solution viable est l&rsquo;anath\u00e8me supr\u00eame du projet sioniste : un \u00c9tat unique avec des Juifs et des Arabes vivant ensemble en paix.<\/p>\n<p><span style=\"color: #000000;\"><span style=\"font-family: Tahoma, sans-serif;\"><span style=\"font-size: medium;\">Tout cela nous am\u00e8ne \u00e0 une formulation dure : sans une solution juste pour la Palestine, une paix tangible \u00e0 travers le spectre \u00e9mergent de la multipolarit\u00e9 reste inaccessible. L&rsquo;horreur actuelle \u00e0 Gaza montre que la paix n\u2019est toujours pas une priorit\u00e9 pour l&rsquo;Empire du Chaos, et il faudra que la Russie &#8211; et peut-\u00eatre aussi la Chine &#8211; se chargent de changer la donne.<\/span><\/span><\/span><\/p>\n<pre><em><span style=\"color: #000000;\"><span style=\"font-family: Tahoma, sans-serif;\"><span style=\"font-size: medium;\">Article original en anglais sur <a href=\"https:\/\/new.thecradle.co\/articles\/russias-public-pivot-to-palestine#google_vignette\">The Cradle<\/a> \/ Traduction Chris &amp; Dine<\/span><\/span><\/span><\/em><\/pre>\n<p><span style=\"color: #000000;\"><span style=\"font-family: Tahoma, sans-serif;\"><span style=\"font-size: medium;\">[writers slug=pepe-escobar]<\/span><\/span><\/span><\/p>\n","protected":false},"excerpt":{"rendered":"<p>Pepe Escobar, 7 novembre 2023. La question complexe et nuanc\u00e9e de la neutralit\u00e9 g\u00e9opolitique de la Russie dans la trag\u00e9die isra\u00e9lo-palestine a finalement \u00e9t\u00e9 clarifi\u00e9e la semaine derni\u00e8re. Le pr\u00e9sident <a class=\"more-link\" href=\"https:\/\/ismfrance.org\/index.php\/2023\/11\/08\/la-russie-la-palestine\/\">Lire la suite &rarr;<\/a><\/p>\n","protected":false},"author":3,"featured_media":7358,"comment_status":"closed","ping_status":"closed","sticky":false,"template":"","format":"standard","meta":{"footnotes":""},"categories":[12,2],"tags":[90,167],"class_list":["post-7364","post","type-post","status-publish","format-standard","has-post-thumbnail","hentry","category-analyses","category-articles","tag-geopolitique","tag-russie"],"yoast_head":"<!-- This site is optimized with the Yoast SEO plugin v27.2 - https:\/\/yoast.com\/product\/yoast-seo-wordpress\/ -->\n<title>La Russie &amp; la Palestine - International Solidarity Movement - ISM-France<\/title>\n<meta name=\"robots\" content=\"index, follow, max-snippet:-1, max-image-preview:large, max-video-preview:-1\" \/>\n<link rel=\"canonical\" href=\"https:\/\/ismfrance.org\/index.php\/2023\/11\/08\/la-russie-la-palestine\/\" \/>\n<meta property=\"og:locale\" content=\"fr_FR\" \/>\n<meta property=\"og:type\" content=\"article\" \/>\n<meta property=\"og:title\" content=\"La Russie &amp; la Palestine - International Solidarity Movement - ISM-France\" \/>\n<meta property=\"og:description\" content=\"Pepe Escobar, 7 novembre 2023. La question complexe et nuanc\u00e9e de la neutralit\u00e9 g\u00e9opolitique de la Russie dans la trag\u00e9die isra\u00e9lo-palestine a finalement \u00e9t\u00e9 clarifi\u00e9e la semaine derni\u00e8re. Le pr\u00e9sident Lire la suite &rarr;\" \/>\n<meta property=\"og:url\" content=\"https:\/\/ismfrance.org\/index.php\/2023\/11\/08\/la-russie-la-palestine\/\" \/>\n<meta property=\"og:site_name\" content=\"International Solidarity Movement - ISM-France\" \/>\n<meta property=\"article:published_time\" content=\"2023-11-08T17:16:36+00:00\" \/>\n<meta property=\"article:modified_time\" content=\"2023-11-29T19:23:39+00:00\" \/>\n<meta property=\"og:image\" content=\"https:\/\/ismfrance.org\/wp-content\/uploads\/2023\/11\/russie-palestine-700x331.png\" \/>\n\t<meta property=\"og:image:width\" content=\"700\" \/>\n\t<meta property=\"og:image:height\" content=\"331\" \/>\n\t<meta property=\"og:image:type\" content=\"image\/png\" \/>\n<meta name=\"author\" content=\"mru_01\" \/>\n<meta name=\"twitter:card\" content=\"summary_large_image\" \/>\n<meta name=\"twitter:creator\" content=\"@ISMFRANCE\" \/>\n<meta name=\"twitter:site\" content=\"@ISMFRANCE\" \/>\n<meta name=\"twitter:label1\" content=\"\u00c9crit par\" \/>\n\t<meta name=\"twitter:data1\" content=\"mru_01\" \/>\n\t<meta name=\"twitter:label2\" content=\"Dur\u00e9e de lecture estim\u00e9e\" \/>\n\t<meta name=\"twitter:data2\" content=\"8 minutes\" \/>\n<script type=\"application\/ld+json\" class=\"yoast-schema-graph\">{\"@context\":\"https:\/\/schema.org\",\"@graph\":[{\"@type\":\"Article\",\"@id\":\"https:\/\/ismfrance.org\/index.php\/2023\/11\/08\/la-russie-la-palestine\/#article\",\"isPartOf\":{\"@id\":\"https:\/\/ismfrance.org\/index.php\/2023\/11\/08\/la-russie-la-palestine\/\"},\"author\":{\"name\":\"mru_01\",\"@id\":\"https:\/\/ismfrance.org\/#\/schema\/person\/3c411eb72adfaae19c0dca1f41fae01d\"},\"headline\":\"La Russie &#038; la Palestine\",\"datePublished\":\"2023-11-08T17:16:36+00:00\",\"dateModified\":\"2023-11-29T19:23:39+00:00\",\"mainEntityOfPage\":{\"@id\":\"https:\/\/ismfrance.org\/index.php\/2023\/11\/08\/la-russie-la-palestine\/\"},\"wordCount\":1749,\"publisher\":{\"@id\":\"https:\/\/ismfrance.org\/#organization\"},\"image\":{\"@id\":\"https:\/\/ismfrance.org\/index.php\/2023\/11\/08\/la-russie-la-palestine\/#primaryimage\"},\"thumbnailUrl\":\"https:\/\/ismfrance.org\/wp-content\/uploads\/2023\/11\/russie-palestine.png\",\"keywords\":[\"G\u00e9opolitique\",\"Russie\"],\"articleSection\":[\"Analyses\",\"Articles\"],\"inLanguage\":\"fr-FR\"},{\"@type\":\"WebPage\",\"@id\":\"https:\/\/ismfrance.org\/index.php\/2023\/11\/08\/la-russie-la-palestine\/\",\"url\":\"https:\/\/ismfrance.org\/index.php\/2023\/11\/08\/la-russie-la-palestine\/\",\"name\":\"La Russie & la Palestine - International Solidarity Movement - ISM-France\",\"isPartOf\":{\"@id\":\"https:\/\/ismfrance.org\/#website\"},\"primaryImageOfPage\":{\"@id\":\"https:\/\/ismfrance.org\/index.php\/2023\/11\/08\/la-russie-la-palestine\/#primaryimage\"},\"image\":{\"@id\":\"https:\/\/ismfrance.org\/index.php\/2023\/11\/08\/la-russie-la-palestine\/#primaryimage\"},\"thumbnailUrl\":\"https:\/\/ismfrance.org\/wp-content\/uploads\/2023\/11\/russie-palestine.png\",\"datePublished\":\"2023-11-08T17:16:36+00:00\",\"dateModified\":\"2023-11-29T19:23:39+00:00\",\"breadcrumb\":{\"@id\":\"https:\/\/ismfrance.org\/index.php\/2023\/11\/08\/la-russie-la-palestine\/#breadcrumb\"},\"inLanguage\":\"fr-FR\",\"potentialAction\":[{\"@type\":\"ReadAction\",\"target\":[\"https:\/\/ismfrance.org\/index.php\/2023\/11\/08\/la-russie-la-palestine\/\"]}]},{\"@type\":\"ImageObject\",\"inLanguage\":\"fr-FR\",\"@id\":\"https:\/\/ismfrance.org\/index.php\/2023\/11\/08\/la-russie-la-palestine\/#primaryimage\",\"url\":\"https:\/\/ismfrance.org\/wp-content\/uploads\/2023\/11\/russie-palestine.png\",\"contentUrl\":\"https:\/\/ismfrance.org\/wp-content\/uploads\/2023\/11\/russie-palestine.png\",\"width\":2088,\"height\":988},{\"@type\":\"BreadcrumbList\",\"@id\":\"https:\/\/ismfrance.org\/index.php\/2023\/11\/08\/la-russie-la-palestine\/#breadcrumb\",\"itemListElement\":[{\"@type\":\"ListItem\",\"position\":1,\"name\":\"Accueil\",\"item\":\"https:\/\/ismfrance.org\/\"},{\"@type\":\"ListItem\",\"position\":2,\"name\":\"La Russie &#038; la Palestine\"}]},{\"@type\":\"WebSite\",\"@id\":\"https:\/\/ismfrance.org\/#website\",\"url\":\"https:\/\/ismfrance.org\/\",\"name\":\"ISM Palestine France\",\"description\":\"Soutien aux luttes de lib\u00e9ration du peuple palestinien\",\"publisher\":{\"@id\":\"https:\/\/ismfrance.org\/#organization\"},\"potentialAction\":[{\"@type\":\"SearchAction\",\"target\":{\"@type\":\"EntryPoint\",\"urlTemplate\":\"https:\/\/ismfrance.org\/?s={search_term_string}\"},\"query-input\":{\"@type\":\"PropertyValueSpecification\",\"valueRequired\":true,\"valueName\":\"search_term_string\"}}],\"inLanguage\":\"fr-FR\"},{\"@type\":\"Organization\",\"@id\":\"https:\/\/ismfrance.org\/#organization\",\"name\":\"International Solidarity Movement\",\"url\":\"https:\/\/ismfrance.org\/\",\"logo\":{\"@type\":\"ImageObject\",\"inLanguage\":\"fr-FR\",\"@id\":\"https:\/\/ismfrance.org\/#\/schema\/logo\/image\/\",\"url\":\"https:\/\/ismfrance.org\/wp-content\/uploads\/2020\/12\/00.png\",\"contentUrl\":\"https:\/\/ismfrance.org\/wp-content\/uploads\/2020\/12\/00.png\",\"width\":400,\"height\":400,\"caption\":\"International Solidarity Movement\"},\"image\":{\"@id\":\"https:\/\/ismfrance.org\/#\/schema\/logo\/image\/\"},\"sameAs\":[\"https:\/\/x.com\/ISMFRANCE\"]},{\"@type\":\"Person\",\"@id\":\"https:\/\/ismfrance.org\/#\/schema\/person\/3c411eb72adfaae19c0dca1f41fae01d\",\"name\":\"mru_01\",\"image\":{\"@type\":\"ImageObject\",\"inLanguage\":\"fr-FR\",\"@id\":\"https:\/\/secure.gravatar.com\/avatar\/3a0be343b445d2ccc79e87444a294fad2b232e90d2051d0e3cc219e1ecd6a330?s=96&d=mm&r=g\",\"url\":\"https:\/\/secure.gravatar.com\/avatar\/3a0be343b445d2ccc79e87444a294fad2b232e90d2051d0e3cc219e1ecd6a330?s=96&d=mm&r=g\",\"contentUrl\":\"https:\/\/secure.gravatar.com\/avatar\/3a0be343b445d2ccc79e87444a294fad2b232e90d2051d0e3cc219e1ecd6a330?s=96&d=mm&r=g\",\"caption\":\"mru_01\"},\"url\":\"https:\/\/ismfrance.org\/index.php\/author\/admin02\/\"}]}<\/script>\n<!-- \/ Yoast SEO plugin. -->","yoast_head_json":{"title":"La Russie & la Palestine - International Solidarity Movement - ISM-France","robots":{"index":"index","follow":"follow","max-snippet":"max-snippet:-1","max-image-preview":"max-image-preview:large","max-video-preview":"max-video-preview:-1"},"canonical":"https:\/\/ismfrance.org\/index.php\/2023\/11\/08\/la-russie-la-palestine\/","og_locale":"fr_FR","og_type":"article","og_title":"La Russie & la Palestine - International Solidarity Movement - ISM-France","og_description":"Pepe Escobar, 7 novembre 2023. La question complexe et nuanc\u00e9e de la neutralit\u00e9 g\u00e9opolitique de la Russie dans la trag\u00e9die isra\u00e9lo-palestine a finalement \u00e9t\u00e9 clarifi\u00e9e la semaine derni\u00e8re. Le pr\u00e9sident Lire la suite &rarr;","og_url":"https:\/\/ismfrance.org\/index.php\/2023\/11\/08\/la-russie-la-palestine\/","og_site_name":"International Solidarity Movement - ISM-France","article_published_time":"2023-11-08T17:16:36+00:00","article_modified_time":"2023-11-29T19:23:39+00:00","og_image":[{"width":700,"height":331,"url":"https:\/\/ismfrance.org\/wp-content\/uploads\/2023\/11\/russie-palestine-700x331.png","type":"image\/png"}],"author":"mru_01","twitter_card":"summary_large_image","twitter_creator":"@ISMFRANCE","twitter_site":"@ISMFRANCE","twitter_misc":{"\u00c9crit par":"mru_01","Dur\u00e9e de lecture estim\u00e9e":"8 minutes"},"schema":{"@context":"https:\/\/schema.org","@graph":[{"@type":"Article","@id":"https:\/\/ismfrance.org\/index.php\/2023\/11\/08\/la-russie-la-palestine\/#article","isPartOf":{"@id":"https:\/\/ismfrance.org\/index.php\/2023\/11\/08\/la-russie-la-palestine\/"},"author":{"name":"mru_01","@id":"https:\/\/ismfrance.org\/#\/schema\/person\/3c411eb72adfaae19c0dca1f41fae01d"},"headline":"La Russie &#038; la Palestine","datePublished":"2023-11-08T17:16:36+00:00","dateModified":"2023-11-29T19:23:39+00:00","mainEntityOfPage":{"@id":"https:\/\/ismfrance.org\/index.php\/2023\/11\/08\/la-russie-la-palestine\/"},"wordCount":1749,"publisher":{"@id":"https:\/\/ismfrance.org\/#organization"},"image":{"@id":"https:\/\/ismfrance.org\/index.php\/2023\/11\/08\/la-russie-la-palestine\/#primaryimage"},"thumbnailUrl":"https:\/\/ismfrance.org\/wp-content\/uploads\/2023\/11\/russie-palestine.png","keywords":["G\u00e9opolitique","Russie"],"articleSection":["Analyses","Articles"],"inLanguage":"fr-FR"},{"@type":"WebPage","@id":"https:\/\/ismfrance.org\/index.php\/2023\/11\/08\/la-russie-la-palestine\/","url":"https:\/\/ismfrance.org\/index.php\/2023\/11\/08\/la-russie-la-palestine\/","name":"La Russie & la Palestine - International Solidarity Movement - ISM-France","isPartOf":{"@id":"https:\/\/ismfrance.org\/#website"},"primaryImageOfPage":{"@id":"https:\/\/ismfrance.org\/index.php\/2023\/11\/08\/la-russie-la-palestine\/#primaryimage"},"image":{"@id":"https:\/\/ismfrance.org\/index.php\/2023\/11\/08\/la-russie-la-palestine\/#primaryimage"},"thumbnailUrl":"https:\/\/ismfrance.org\/wp-content\/uploads\/2023\/11\/russie-palestine.png","datePublished":"2023-11-08T17:16:36+00:00","dateModified":"2023-11-29T19:23:39+00:00","breadcrumb":{"@id":"https:\/\/ismfrance.org\/index.php\/2023\/11\/08\/la-russie-la-palestine\/#breadcrumb"},"inLanguage":"fr-FR","potentialAction":[{"@type":"ReadAction","target":["https:\/\/ismfrance.org\/index.php\/2023\/11\/08\/la-russie-la-palestine\/"]}]},{"@type":"ImageObject","inLanguage":"fr-FR","@id":"https:\/\/ismfrance.org\/index.php\/2023\/11\/08\/la-russie-la-palestine\/#primaryimage","url":"https:\/\/ismfrance.org\/wp-content\/uploads\/2023\/11\/russie-palestine.png","contentUrl":"https:\/\/ismfrance.org\/wp-content\/uploads\/2023\/11\/russie-palestine.png","width":2088,"height":988},{"@type":"BreadcrumbList","@id":"https:\/\/ismfrance.org\/index.php\/2023\/11\/08\/la-russie-la-palestine\/#breadcrumb","itemListElement":[{"@type":"ListItem","position":1,"name":"Accueil","item":"https:\/\/ismfrance.org\/"},{"@type":"ListItem","position":2,"name":"La Russie &#038; la Palestine"}]},{"@type":"WebSite","@id":"https:\/\/ismfrance.org\/#website","url":"https:\/\/ismfrance.org\/","name":"ISM Palestine France","description":"Soutien aux luttes de lib\u00e9ration du peuple palestinien","publisher":{"@id":"https:\/\/ismfrance.org\/#organization"},"potentialAction":[{"@type":"SearchAction","target":{"@type":"EntryPoint","urlTemplate":"https:\/\/ismfrance.org\/?s={search_term_string}"},"query-input":{"@type":"PropertyValueSpecification","valueRequired":true,"valueName":"search_term_string"}}],"inLanguage":"fr-FR"},{"@type":"Organization","@id":"https:\/\/ismfrance.org\/#organization","name":"International Solidarity Movement","url":"https:\/\/ismfrance.org\/","logo":{"@type":"ImageObject","inLanguage":"fr-FR","@id":"https:\/\/ismfrance.org\/#\/schema\/logo\/image\/","url":"https:\/\/ismfrance.org\/wp-content\/uploads\/2020\/12\/00.png","contentUrl":"https:\/\/ismfrance.org\/wp-content\/uploads\/2020\/12\/00.png","width":400,"height":400,"caption":"International Solidarity Movement"},"image":{"@id":"https:\/\/ismfrance.org\/#\/schema\/logo\/image\/"},"sameAs":["https:\/\/x.com\/ISMFRANCE"]},{"@type":"Person","@id":"https:\/\/ismfrance.org\/#\/schema\/person\/3c411eb72adfaae19c0dca1f41fae01d","name":"mru_01","image":{"@type":"ImageObject","inLanguage":"fr-FR","@id":"https:\/\/secure.gravatar.com\/avatar\/3a0be343b445d2ccc79e87444a294fad2b232e90d2051d0e3cc219e1ecd6a330?s=96&d=mm&r=g","url":"https:\/\/secure.gravatar.com\/avatar\/3a0be343b445d2ccc79e87444a294fad2b232e90d2051d0e3cc219e1ecd6a330?s=96&d=mm&r=g","contentUrl":"https:\/\/secure.gravatar.com\/avatar\/3a0be343b445d2ccc79e87444a294fad2b232e90d2051d0e3cc219e1ecd6a330?s=96&d=mm&r=g","caption":"mru_01"},"url":"https:\/\/ismfrance.org\/index.php\/author\/admin02\/"}]}},"_links":{"self":[{"href":"https:\/\/ismfrance.org\/index.php\/wp-json\/wp\/v2\/posts\/7364","targetHints":{"allow":["GET"]}}],"collection":[{"href":"https:\/\/ismfrance.org\/index.php\/wp-json\/wp\/v2\/posts"}],"about":[{"href":"https:\/\/ismfrance.org\/index.php\/wp-json\/wp\/v2\/types\/post"}],"author":[{"embeddable":true,"href":"https:\/\/ismfrance.org\/index.php\/wp-json\/wp\/v2\/users\/3"}],"replies":[{"embeddable":true,"href":"https:\/\/ismfrance.org\/index.php\/wp-json\/wp\/v2\/comments?post=7364"}],"version-history":[{"count":0,"href":"https:\/\/ismfrance.org\/index.php\/wp-json\/wp\/v2\/posts\/7364\/revisions"}],"wp:featuredmedia":[{"embeddable":true,"href":"https:\/\/ismfrance.org\/index.php\/wp-json\/wp\/v2\/media\/7358"}],"wp:attachment":[{"href":"https:\/\/ismfrance.org\/index.php\/wp-json\/wp\/v2\/media?parent=7364"}],"wp:term":[{"taxonomy":"category","embeddable":true,"href":"https:\/\/ismfrance.org\/index.php\/wp-json\/wp\/v2\/categories?post=7364"},{"taxonomy":"post_tag","embeddable":true,"href":"https:\/\/ismfrance.org\/index.php\/wp-json\/wp\/v2\/tags?post=7364"}],"curies":[{"name":"wp","href":"https:\/\/api.w.org\/{rel}","templated":true}]}}