{"id":6990,"date":"2023-10-20T16:48:23","date_gmt":"2023-10-20T14:48:23","guid":{"rendered":"https:\/\/ismfrance.org\/?p=6990"},"modified":"2023-10-20T16:49:10","modified_gmt":"2023-10-20T14:49:10","slug":"grande-victoire-politique-le-tribunal-administratif-rejette-linterdiction-de-rassemblement-du-prefet-de-paris","status":"publish","type":"post","link":"https:\/\/ismfrance.org\/index.php\/2023\/10\/20\/grande-victoire-politique-le-tribunal-administratif-rejette-linterdiction-de-rassemblement-du-prefet-de-paris\/","title":{"rendered":"Grande victoire politique : le tribunal administratif rejette l&rsquo;interdiction de rassemblement du Pr\u00e9fet de Paris !"},"content":{"rendered":"<p><strong>Capjpo-Europalestine, 19 octobre 2023. <\/strong>Le Tribunal administratif (TA) a autoris\u00e9 ce jeudi, \u00e0 18 H 40, le rassemblement \u00e0 Paris appel\u00e9 Place de la R\u00e9publique ce jeudi soir, pour lequel la pr\u00e9fecture avait pris un arr\u00eat\u00e9 d\u2019interdiction. Les recours d\u00e9pos\u00e9s par CAPJPO-EuroPalestine et le Nouveau NPA (parti dissident de celui de Poutou) ont donc \u00e9t\u00e9 consid\u00e9r\u00e9s comme justifi\u00e9s et accept\u00e9s.\u00a0La pr\u00e9fecture a \u00e9t\u00e9 condamn\u00e9e \u00e0\u00a0nous verser des dommages et int\u00e9r\u00eats !<\/p>\n<p><a href=\"https:\/\/ismfrance.org\/wp-content\/uploads\/2023\/10\/repu-jeudi-soir19.jpeg\"><img loading=\"lazy\" decoding=\"async\" class=\"alignnone size-large wp-image-6993\" src=\"https:\/\/ismfrance.org\/wp-content\/uploads\/2023\/10\/repu-jeudi-soir19-700x525.jpeg\" alt=\"\" width=\"600\" height=\"450\" srcset=\"https:\/\/ismfrance.org\/wp-content\/uploads\/2023\/10\/repu-jeudi-soir19-700x525.jpeg 700w, https:\/\/ismfrance.org\/wp-content\/uploads\/2023\/10\/repu-jeudi-soir19-300x225.jpeg 300w, https:\/\/ismfrance.org\/wp-content\/uploads\/2023\/10\/repu-jeudi-soir19-350x263.jpeg 350w, https:\/\/ismfrance.org\/wp-content\/uploads\/2023\/10\/repu-jeudi-soir19.jpeg 768w\" sizes=\"auto, (max-width: 600px) 100vw, 600px\" \/><\/a><\/p>\n<p>Une belle surprise, tant les notions de droit, dans le contexte actuel de terrorisme moral de la part de Darmanin, sont s\u00e9rieusement mises \u00e0 mal.<\/p>\n<p>UN rassemblement massif s\u2019est donc tenu ce jeudi soir place de la R\u00e9publique, confirmant et d\u00e9passant les d\u00e9clarations au TA du r<strong>epr\u00e9sentant de la pr\u00e9fecture qui a fait savoir, que, quel que soit le jugement du TA, i<\/strong>l<strong>\u00a0attendait 5000 personnes ce soir !<\/strong><\/p>\n<p>On a pu constater une fois de plus l\u2019inanit\u00e9 des arguments pr\u00e9sent\u00e9s par ce dernier, pour la plupart identiques \u00e0 ceux de la semaine derni\u00e8re : \u00ab\u00a0<em>D\u2019autres associations de la mouvance islamiste pourraient venir ce greffer \u00e0 \u00e0 ce rassemblement\u00a0<\/em>\u00bb, \u00ab\u00a0<em>Nous n\u2019avons pas assez d\u2019effectifs de police pour prot\u00e9ger cette manifestation \u00bb\u00a0<\/em>, \u00ab\u00a0<em>\u00a0Il y a une radicalisation anti-juive dans le pays et nous devons prot\u00e9ger la communaut\u00e9 juive \u00bb<\/em>, et des nouveaux : \u00ab\u00a0<em>Ce sont des manifestations contre le gouvernement\u00a0\u00bb<\/em>\u00a0(sic !!),<em>\u00ab Nous laissons se d\u00e9rouler les manifestations pro-Isra\u00ebl parce qu\u2019il n\u2019y a pas de risques que des groupuscules viennent se greffer \u00e0 ces manifestations \u00bb<\/em>, et\u00a0<em>\u00ab\u00a0Il y a eu un attentat islamiste \u00e0 Arras\u00a0\u00bb\u2026.<\/em><\/p>\n<p>Il a m\u00eame dit craindre la reconstitution des groupes fascistes comme le Betar et la LDJ, que le gouvernement fran\u00e7ais n\u2019a jamais voulu interdire malgr\u00e9 leurs multiples agressions en tous genres<\/p>\n<p>Notre avocate, Me Dominique Cochain, a fait valoir que la police, qui avait plaid\u00e9 ne pas avoir assez de policiers disponibles jeudi dernier, en a trouv\u00e9 le double du nombre annonc\u00e9 le soir pour le rassemblement qui a eu lieu malgr\u00e9 l\u2019interdiction le 12 octobre, et dont la pr\u00e9fecture a estim\u00e9 le nombre de participants \u00e0 3000 personnes.<\/p>\n<p>Aucun incident ne s\u2019y est produit, a-t-elle soulign\u00e9, articles de presse \u00e0 l\u2019appui, la pr\u00e9fecture ne pouvant elle-m\u00eame faire \u00e9tat que de \u00ab\u00a018 verbalisations\u00a0\u00bb \u00e0 cette occasion.<\/p>\n<p>En l\u2019absence d\u2019arguments, le repr\u00e9sentant de la pr\u00e9fecture a d\u00e9form\u00e9 le slogan qui lui posait probl\u00e8me le 12 octobre et qui est \u00ab \u00a0ENFANTS DE GAZA, ENFANTS DE PALESTINE, C\u2019EST L\u2019HUMANIT\u00c9 QU\u2019ON ASSASSINE \u00bb, devenant dans ses \u00e9crits :\u00a0<em>\u00ab Enfants de Gaza, c\u2019est toi qu\u2019on assassine \u00bb<\/em>\u2026.<\/p>\n<p>Cela donne une id\u00e9e du niveau\u2026<\/p>\n<p>Les d\u00e9clarants ont par ailleurs apport\u00e9 les preuves de leur capacit\u00e9 \u00e0 avoir des services d\u2019ordre cons\u00e9quents ce soir, avec des \u00e9l\u00e9ments pr\u00e9cis. Au point que la pr\u00e9sident de ce tribunal qui \u00e9tait ce jeudi compos\u00e9 de 3 jeunes juges, a demand\u00e9, un peu exc\u00e9d\u00e9, au repr\u00e9sentant de la pr\u00e9fecture :\u00a0<em>\u00ab\u00a0Que faudrait-il de plus, \u00e0 votre avis pour que le rassemblement de ce soir soit autoris\u00e9 ?\u00a0\u00bb<\/em><\/p>\n<p>Il est clair pourtant que ceux qui pr\u00e9tendent vouloir prot\u00e9ger les juifs, ne font que d\u00e9velopper l\u2019antis\u00e9mitisme en France. En refusant aux juifs qui sont oppos\u00e9s \u00e0 la politique isra\u00e9lienne et qui demandent l\u2019arr\u00eat des bombardements de s\u2019exprimer, et en ne donnant des tribunes et la rue qu\u2019\u00e0 ceux qui pr\u00e9tendent, comme le CRIF, que tous les juifs approuvent ce que fait Isra\u00ebl, et qui sont pour la poursuite des bombardements, on incite \u00e0 l\u2019antis\u00e9mitisme, et c\u2019est grave.<\/p>\n<p>Ce sont eux, par leur deux poids, deux mesures, qui cherchent \u00e0 susciter le col\u00e8re et les troubles \u00e0 l\u2019ordre public ici.<\/p>\n<p>M\u00eame hypocrisie que ceux qui pr\u00e9tendent vouloir pr\u00e9server la vie des otages isra\u00e9liens, comme nos dirigeants et qui encouragent les bombardements sur eux, en d\u00e9clarant comme Macron \u00ab\u00a0<em><strong>La riposte isra\u00e9lienne est forte et juste\u00a0\u00bb<\/strong><\/em><\/p>\n<p><strong>Plus personne n\u2019est dupe, et les mensonges n\u2019ont pas emp\u00each\u00e9 les manifestants d\u2019exprimer leur soutien au peuple palestinien ce jeudi soir, et avec l\u2019assentiment de la justice !<\/strong><\/p>\n<p>Source :<a href=\"https:\/\/europalestine.com\/2023\/10\/19\/grande-victoire-politique-le-tribunal-administratif-rejette-linterdiction-de-rassemblement-du-prefet-de-paris\/\"> CAPJPO-EuroPalestine<\/a><\/p>\n","protected":false},"excerpt":{"rendered":"<p>Capjpo-Europalestine, 19 octobre 2023. Le Tribunal administratif (TA) a autoris\u00e9 ce jeudi, \u00e0 18 H 40, le rassemblement \u00e0 Paris appel\u00e9 Place de la R\u00e9publique ce jeudi soir, pour lequel <a class=\"more-link\" href=\"https:\/\/ismfrance.org\/index.php\/2023\/10\/20\/grande-victoire-politique-le-tribunal-administratif-rejette-linterdiction-de-rassemblement-du-prefet-de-paris\/\">Lire la suite &rarr;<\/a><\/p>\n","protected":false},"author":3,"featured_media":6993,"comment_status":"closed","ping_status":"closed","sticky":false,"template":"","format":"standard","meta":{"footnotes":""},"categories":[2,14],"tags":[348,44],"class_list":["post-6990","post","type-post","status-publish","format-standard","has-post-thumbnail","hentry","category-articles","category-communiques","tag-7-octobre-2023","tag-materiel-militant"],"yoast_head":"<!-- This site is optimized with the Yoast SEO plugin v27.2 - https:\/\/yoast.com\/product\/yoast-seo-wordpress\/ -->\n<title>Grande victoire politique : le tribunal administratif rejette l&#039;interdiction de rassemblement du Pr\u00e9fet de Paris ! - International Solidarity Movement - ISM-France<\/title>\n<meta name=\"robots\" content=\"index, follow, max-snippet:-1, max-image-preview:large, max-video-preview:-1\" \/>\n<link rel=\"canonical\" href=\"https:\/\/ismfrance.org\/index.php\/2023\/10\/20\/grande-victoire-politique-le-tribunal-administratif-rejette-linterdiction-de-rassemblement-du-prefet-de-paris\/\" \/>\n<meta property=\"og:locale\" content=\"fr_FR\" \/>\n<meta property=\"og:type\" content=\"article\" \/>\n<meta property=\"og:title\" content=\"Grande victoire politique : le tribunal administratif rejette l&#039;interdiction de rassemblement du Pr\u00e9fet de Paris ! - International Solidarity Movement - ISM-France\" \/>\n<meta property=\"og:description\" content=\"Capjpo-Europalestine, 19 octobre 2023. Le Tribunal administratif (TA) a autoris\u00e9 ce jeudi, \u00e0 18 H 40, le rassemblement \u00e0 Paris appel\u00e9 Place de la R\u00e9publique ce jeudi soir, pour lequel Lire la suite &rarr;\" \/>\n<meta property=\"og:url\" content=\"https:\/\/ismfrance.org\/index.php\/2023\/10\/20\/grande-victoire-politique-le-tribunal-administratif-rejette-linterdiction-de-rassemblement-du-prefet-de-paris\/\" \/>\n<meta property=\"og:site_name\" content=\"International Solidarity Movement - ISM-France\" \/>\n<meta property=\"article:published_time\" content=\"2023-10-20T14:48:23+00:00\" \/>\n<meta property=\"article:modified_time\" content=\"2023-10-20T14:49:10+00:00\" \/>\n<meta property=\"og:image\" content=\"https:\/\/ismfrance.org\/wp-content\/uploads\/2023\/10\/repu-jeudi-soir19.jpeg\" \/>\n\t<meta property=\"og:image:width\" content=\"768\" \/>\n\t<meta property=\"og:image:height\" content=\"576\" \/>\n\t<meta property=\"og:image:type\" content=\"image\/jpeg\" \/>\n<meta name=\"author\" content=\"mru_01\" \/>\n<meta name=\"twitter:card\" content=\"summary_large_image\" \/>\n<meta name=\"twitter:creator\" content=\"@ISMFRANCE\" \/>\n<meta name=\"twitter:site\" content=\"@ISMFRANCE\" \/>\n<meta name=\"twitter:label1\" content=\"\u00c9crit par\" \/>\n\t<meta name=\"twitter:data1\" content=\"mru_01\" \/>\n\t<meta name=\"twitter:label2\" content=\"Dur\u00e9e de lecture estim\u00e9e\" \/>\n\t<meta name=\"twitter:data2\" content=\"4 minutes\" \/>\n<script type=\"application\/ld+json\" class=\"yoast-schema-graph\">{\"@context\":\"https:\/\/schema.org\",\"@graph\":[{\"@type\":\"Article\",\"@id\":\"https:\/\/ismfrance.org\/index.php\/2023\/10\/20\/grande-victoire-politique-le-tribunal-administratif-rejette-linterdiction-de-rassemblement-du-prefet-de-paris\/#article\",\"isPartOf\":{\"@id\":\"https:\/\/ismfrance.org\/index.php\/2023\/10\/20\/grande-victoire-politique-le-tribunal-administratif-rejette-linterdiction-de-rassemblement-du-prefet-de-paris\/\"},\"author\":{\"name\":\"mru_01\",\"@id\":\"https:\/\/ismfrance.org\/#\/schema\/person\/3c411eb72adfaae19c0dca1f41fae01d\"},\"headline\":\"Grande victoire politique : le tribunal administratif rejette l&rsquo;interdiction de rassemblement du Pr\u00e9fet de Paris !\",\"datePublished\":\"2023-10-20T14:48:23+00:00\",\"dateModified\":\"2023-10-20T14:49:10+00:00\",\"mainEntityOfPage\":{\"@id\":\"https:\/\/ismfrance.org\/index.php\/2023\/10\/20\/grande-victoire-politique-le-tribunal-administratif-rejette-linterdiction-de-rassemblement-du-prefet-de-paris\/\"},\"wordCount\":724,\"publisher\":{\"@id\":\"https:\/\/ismfrance.org\/#organization\"},\"image\":{\"@id\":\"https:\/\/ismfrance.org\/index.php\/2023\/10\/20\/grande-victoire-politique-le-tribunal-administratif-rejette-linterdiction-de-rassemblement-du-prefet-de-paris\/#primaryimage\"},\"thumbnailUrl\":\"https:\/\/ismfrance.org\/wp-content\/uploads\/2023\/10\/repu-jeudi-soir19.jpeg\",\"keywords\":[\"7 octobre 2023\",\"mat\u00e9riel militant\"],\"articleSection\":[\"Articles\",\"Communiqu\u00e9s\"],\"inLanguage\":\"fr-FR\"},{\"@type\":\"WebPage\",\"@id\":\"https:\/\/ismfrance.org\/index.php\/2023\/10\/20\/grande-victoire-politique-le-tribunal-administratif-rejette-linterdiction-de-rassemblement-du-prefet-de-paris\/\",\"url\":\"https:\/\/ismfrance.org\/index.php\/2023\/10\/20\/grande-victoire-politique-le-tribunal-administratif-rejette-linterdiction-de-rassemblement-du-prefet-de-paris\/\",\"name\":\"Grande victoire politique : le tribunal administratif rejette l'interdiction de rassemblement du Pr\u00e9fet de Paris ! - International Solidarity Movement - ISM-France\",\"isPartOf\":{\"@id\":\"https:\/\/ismfrance.org\/#website\"},\"primaryImageOfPage\":{\"@id\":\"https:\/\/ismfrance.org\/index.php\/2023\/10\/20\/grande-victoire-politique-le-tribunal-administratif-rejette-linterdiction-de-rassemblement-du-prefet-de-paris\/#primaryimage\"},\"image\":{\"@id\":\"https:\/\/ismfrance.org\/index.php\/2023\/10\/20\/grande-victoire-politique-le-tribunal-administratif-rejette-linterdiction-de-rassemblement-du-prefet-de-paris\/#primaryimage\"},\"thumbnailUrl\":\"https:\/\/ismfrance.org\/wp-content\/uploads\/2023\/10\/repu-jeudi-soir19.jpeg\",\"datePublished\":\"2023-10-20T14:48:23+00:00\",\"dateModified\":\"2023-10-20T14:49:10+00:00\",\"breadcrumb\":{\"@id\":\"https:\/\/ismfrance.org\/index.php\/2023\/10\/20\/grande-victoire-politique-le-tribunal-administratif-rejette-linterdiction-de-rassemblement-du-prefet-de-paris\/#breadcrumb\"},\"inLanguage\":\"fr-FR\",\"potentialAction\":[{\"@type\":\"ReadAction\",\"target\":[\"https:\/\/ismfrance.org\/index.php\/2023\/10\/20\/grande-victoire-politique-le-tribunal-administratif-rejette-linterdiction-de-rassemblement-du-prefet-de-paris\/\"]}]},{\"@type\":\"ImageObject\",\"inLanguage\":\"fr-FR\",\"@id\":\"https:\/\/ismfrance.org\/index.php\/2023\/10\/20\/grande-victoire-politique-le-tribunal-administratif-rejette-linterdiction-de-rassemblement-du-prefet-de-paris\/#primaryimage\",\"url\":\"https:\/\/ismfrance.org\/wp-content\/uploads\/2023\/10\/repu-jeudi-soir19.jpeg\",\"contentUrl\":\"https:\/\/ismfrance.org\/wp-content\/uploads\/2023\/10\/repu-jeudi-soir19.jpeg\",\"width\":768,\"height\":576},{\"@type\":\"BreadcrumbList\",\"@id\":\"https:\/\/ismfrance.org\/index.php\/2023\/10\/20\/grande-victoire-politique-le-tribunal-administratif-rejette-linterdiction-de-rassemblement-du-prefet-de-paris\/#breadcrumb\",\"itemListElement\":[{\"@type\":\"ListItem\",\"position\":1,\"name\":\"Accueil\",\"item\":\"https:\/\/ismfrance.org\/\"},{\"@type\":\"ListItem\",\"position\":2,\"name\":\"Grande victoire politique : le tribunal administratif rejette l&#8217;interdiction de rassemblement du Pr\u00e9fet de Paris !\"}]},{\"@type\":\"WebSite\",\"@id\":\"https:\/\/ismfrance.org\/#website\",\"url\":\"https:\/\/ismfrance.org\/\",\"name\":\"ISM Palestine France\",\"description\":\"Soutien aux luttes de lib\u00e9ration du peuple palestinien\",\"publisher\":{\"@id\":\"https:\/\/ismfrance.org\/#organization\"},\"potentialAction\":[{\"@type\":\"SearchAction\",\"target\":{\"@type\":\"EntryPoint\",\"urlTemplate\":\"https:\/\/ismfrance.org\/?s={search_term_string}\"},\"query-input\":{\"@type\":\"PropertyValueSpecification\",\"valueRequired\":true,\"valueName\":\"search_term_string\"}}],\"inLanguage\":\"fr-FR\"},{\"@type\":\"Organization\",\"@id\":\"https:\/\/ismfrance.org\/#organization\",\"name\":\"International Solidarity Movement\",\"url\":\"https:\/\/ismfrance.org\/\",\"logo\":{\"@type\":\"ImageObject\",\"inLanguage\":\"fr-FR\",\"@id\":\"https:\/\/ismfrance.org\/#\/schema\/logo\/image\/\",\"url\":\"https:\/\/ismfrance.org\/wp-content\/uploads\/2020\/12\/00.png\",\"contentUrl\":\"https:\/\/ismfrance.org\/wp-content\/uploads\/2020\/12\/00.png\",\"width\":400,\"height\":400,\"caption\":\"International Solidarity Movement\"},\"image\":{\"@id\":\"https:\/\/ismfrance.org\/#\/schema\/logo\/image\/\"},\"sameAs\":[\"https:\/\/x.com\/ISMFRANCE\"]},{\"@type\":\"Person\",\"@id\":\"https:\/\/ismfrance.org\/#\/schema\/person\/3c411eb72adfaae19c0dca1f41fae01d\",\"name\":\"mru_01\",\"image\":{\"@type\":\"ImageObject\",\"inLanguage\":\"fr-FR\",\"@id\":\"https:\/\/secure.gravatar.com\/avatar\/3a0be343b445d2ccc79e87444a294fad2b232e90d2051d0e3cc219e1ecd6a330?s=96&d=mm&r=g\",\"url\":\"https:\/\/secure.gravatar.com\/avatar\/3a0be343b445d2ccc79e87444a294fad2b232e90d2051d0e3cc219e1ecd6a330?s=96&d=mm&r=g\",\"contentUrl\":\"https:\/\/secure.gravatar.com\/avatar\/3a0be343b445d2ccc79e87444a294fad2b232e90d2051d0e3cc219e1ecd6a330?s=96&d=mm&r=g\",\"caption\":\"mru_01\"},\"url\":\"https:\/\/ismfrance.org\/index.php\/author\/admin02\/\"}]}<\/script>\n<!-- \/ Yoast SEO plugin. -->","yoast_head_json":{"title":"Grande victoire politique : le tribunal administratif rejette l'interdiction de rassemblement du Pr\u00e9fet de Paris ! - International Solidarity Movement - ISM-France","robots":{"index":"index","follow":"follow","max-snippet":"max-snippet:-1","max-image-preview":"max-image-preview:large","max-video-preview":"max-video-preview:-1"},"canonical":"https:\/\/ismfrance.org\/index.php\/2023\/10\/20\/grande-victoire-politique-le-tribunal-administratif-rejette-linterdiction-de-rassemblement-du-prefet-de-paris\/","og_locale":"fr_FR","og_type":"article","og_title":"Grande victoire politique : le tribunal administratif rejette l'interdiction de rassemblement du Pr\u00e9fet de Paris ! - International Solidarity Movement - ISM-France","og_description":"Capjpo-Europalestine, 19 octobre 2023. Le Tribunal administratif (TA) a autoris\u00e9 ce jeudi, \u00e0 18 H 40, le rassemblement \u00e0 Paris appel\u00e9 Place de la R\u00e9publique ce jeudi soir, pour lequel Lire la suite &rarr;","og_url":"https:\/\/ismfrance.org\/index.php\/2023\/10\/20\/grande-victoire-politique-le-tribunal-administratif-rejette-linterdiction-de-rassemblement-du-prefet-de-paris\/","og_site_name":"International Solidarity Movement - ISM-France","article_published_time":"2023-10-20T14:48:23+00:00","article_modified_time":"2023-10-20T14:49:10+00:00","og_image":[{"width":768,"height":576,"url":"https:\/\/ismfrance.org\/wp-content\/uploads\/2023\/10\/repu-jeudi-soir19.jpeg","type":"image\/jpeg"}],"author":"mru_01","twitter_card":"summary_large_image","twitter_creator":"@ISMFRANCE","twitter_site":"@ISMFRANCE","twitter_misc":{"\u00c9crit par":"mru_01","Dur\u00e9e de lecture estim\u00e9e":"4 minutes"},"schema":{"@context":"https:\/\/schema.org","@graph":[{"@type":"Article","@id":"https:\/\/ismfrance.org\/index.php\/2023\/10\/20\/grande-victoire-politique-le-tribunal-administratif-rejette-linterdiction-de-rassemblement-du-prefet-de-paris\/#article","isPartOf":{"@id":"https:\/\/ismfrance.org\/index.php\/2023\/10\/20\/grande-victoire-politique-le-tribunal-administratif-rejette-linterdiction-de-rassemblement-du-prefet-de-paris\/"},"author":{"name":"mru_01","@id":"https:\/\/ismfrance.org\/#\/schema\/person\/3c411eb72adfaae19c0dca1f41fae01d"},"headline":"Grande victoire politique : le tribunal administratif rejette l&rsquo;interdiction de rassemblement du Pr\u00e9fet de Paris !","datePublished":"2023-10-20T14:48:23+00:00","dateModified":"2023-10-20T14:49:10+00:00","mainEntityOfPage":{"@id":"https:\/\/ismfrance.org\/index.php\/2023\/10\/20\/grande-victoire-politique-le-tribunal-administratif-rejette-linterdiction-de-rassemblement-du-prefet-de-paris\/"},"wordCount":724,"publisher":{"@id":"https:\/\/ismfrance.org\/#organization"},"image":{"@id":"https:\/\/ismfrance.org\/index.php\/2023\/10\/20\/grande-victoire-politique-le-tribunal-administratif-rejette-linterdiction-de-rassemblement-du-prefet-de-paris\/#primaryimage"},"thumbnailUrl":"https:\/\/ismfrance.org\/wp-content\/uploads\/2023\/10\/repu-jeudi-soir19.jpeg","keywords":["7 octobre 2023","mat\u00e9riel militant"],"articleSection":["Articles","Communiqu\u00e9s"],"inLanguage":"fr-FR"},{"@type":"WebPage","@id":"https:\/\/ismfrance.org\/index.php\/2023\/10\/20\/grande-victoire-politique-le-tribunal-administratif-rejette-linterdiction-de-rassemblement-du-prefet-de-paris\/","url":"https:\/\/ismfrance.org\/index.php\/2023\/10\/20\/grande-victoire-politique-le-tribunal-administratif-rejette-linterdiction-de-rassemblement-du-prefet-de-paris\/","name":"Grande victoire politique : le tribunal administratif rejette l'interdiction de rassemblement du Pr\u00e9fet de Paris ! - International Solidarity Movement - ISM-France","isPartOf":{"@id":"https:\/\/ismfrance.org\/#website"},"primaryImageOfPage":{"@id":"https:\/\/ismfrance.org\/index.php\/2023\/10\/20\/grande-victoire-politique-le-tribunal-administratif-rejette-linterdiction-de-rassemblement-du-prefet-de-paris\/#primaryimage"},"image":{"@id":"https:\/\/ismfrance.org\/index.php\/2023\/10\/20\/grande-victoire-politique-le-tribunal-administratif-rejette-linterdiction-de-rassemblement-du-prefet-de-paris\/#primaryimage"},"thumbnailUrl":"https:\/\/ismfrance.org\/wp-content\/uploads\/2023\/10\/repu-jeudi-soir19.jpeg","datePublished":"2023-10-20T14:48:23+00:00","dateModified":"2023-10-20T14:49:10+00:00","breadcrumb":{"@id":"https:\/\/ismfrance.org\/index.php\/2023\/10\/20\/grande-victoire-politique-le-tribunal-administratif-rejette-linterdiction-de-rassemblement-du-prefet-de-paris\/#breadcrumb"},"inLanguage":"fr-FR","potentialAction":[{"@type":"ReadAction","target":["https:\/\/ismfrance.org\/index.php\/2023\/10\/20\/grande-victoire-politique-le-tribunal-administratif-rejette-linterdiction-de-rassemblement-du-prefet-de-paris\/"]}]},{"@type":"ImageObject","inLanguage":"fr-FR","@id":"https:\/\/ismfrance.org\/index.php\/2023\/10\/20\/grande-victoire-politique-le-tribunal-administratif-rejette-linterdiction-de-rassemblement-du-prefet-de-paris\/#primaryimage","url":"https:\/\/ismfrance.org\/wp-content\/uploads\/2023\/10\/repu-jeudi-soir19.jpeg","contentUrl":"https:\/\/ismfrance.org\/wp-content\/uploads\/2023\/10\/repu-jeudi-soir19.jpeg","width":768,"height":576},{"@type":"BreadcrumbList","@id":"https:\/\/ismfrance.org\/index.php\/2023\/10\/20\/grande-victoire-politique-le-tribunal-administratif-rejette-linterdiction-de-rassemblement-du-prefet-de-paris\/#breadcrumb","itemListElement":[{"@type":"ListItem","position":1,"name":"Accueil","item":"https:\/\/ismfrance.org\/"},{"@type":"ListItem","position":2,"name":"Grande victoire politique : le tribunal administratif rejette l&#8217;interdiction de rassemblement du Pr\u00e9fet de Paris !"}]},{"@type":"WebSite","@id":"https:\/\/ismfrance.org\/#website","url":"https:\/\/ismfrance.org\/","name":"ISM Palestine France","description":"Soutien aux luttes de lib\u00e9ration du peuple palestinien","publisher":{"@id":"https:\/\/ismfrance.org\/#organization"},"potentialAction":[{"@type":"SearchAction","target":{"@type":"EntryPoint","urlTemplate":"https:\/\/ismfrance.org\/?s={search_term_string}"},"query-input":{"@type":"PropertyValueSpecification","valueRequired":true,"valueName":"search_term_string"}}],"inLanguage":"fr-FR"},{"@type":"Organization","@id":"https:\/\/ismfrance.org\/#organization","name":"International Solidarity Movement","url":"https:\/\/ismfrance.org\/","logo":{"@type":"ImageObject","inLanguage":"fr-FR","@id":"https:\/\/ismfrance.org\/#\/schema\/logo\/image\/","url":"https:\/\/ismfrance.org\/wp-content\/uploads\/2020\/12\/00.png","contentUrl":"https:\/\/ismfrance.org\/wp-content\/uploads\/2020\/12\/00.png","width":400,"height":400,"caption":"International Solidarity Movement"},"image":{"@id":"https:\/\/ismfrance.org\/#\/schema\/logo\/image\/"},"sameAs":["https:\/\/x.com\/ISMFRANCE"]},{"@type":"Person","@id":"https:\/\/ismfrance.org\/#\/schema\/person\/3c411eb72adfaae19c0dca1f41fae01d","name":"mru_01","image":{"@type":"ImageObject","inLanguage":"fr-FR","@id":"https:\/\/secure.gravatar.com\/avatar\/3a0be343b445d2ccc79e87444a294fad2b232e90d2051d0e3cc219e1ecd6a330?s=96&d=mm&r=g","url":"https:\/\/secure.gravatar.com\/avatar\/3a0be343b445d2ccc79e87444a294fad2b232e90d2051d0e3cc219e1ecd6a330?s=96&d=mm&r=g","contentUrl":"https:\/\/secure.gravatar.com\/avatar\/3a0be343b445d2ccc79e87444a294fad2b232e90d2051d0e3cc219e1ecd6a330?s=96&d=mm&r=g","caption":"mru_01"},"url":"https:\/\/ismfrance.org\/index.php\/author\/admin02\/"}]}},"_links":{"self":[{"href":"https:\/\/ismfrance.org\/index.php\/wp-json\/wp\/v2\/posts\/6990","targetHints":{"allow":["GET"]}}],"collection":[{"href":"https:\/\/ismfrance.org\/index.php\/wp-json\/wp\/v2\/posts"}],"about":[{"href":"https:\/\/ismfrance.org\/index.php\/wp-json\/wp\/v2\/types\/post"}],"author":[{"embeddable":true,"href":"https:\/\/ismfrance.org\/index.php\/wp-json\/wp\/v2\/users\/3"}],"replies":[{"embeddable":true,"href":"https:\/\/ismfrance.org\/index.php\/wp-json\/wp\/v2\/comments?post=6990"}],"version-history":[{"count":0,"href":"https:\/\/ismfrance.org\/index.php\/wp-json\/wp\/v2\/posts\/6990\/revisions"}],"wp:featuredmedia":[{"embeddable":true,"href":"https:\/\/ismfrance.org\/index.php\/wp-json\/wp\/v2\/media\/6993"}],"wp:attachment":[{"href":"https:\/\/ismfrance.org\/index.php\/wp-json\/wp\/v2\/media?parent=6990"}],"wp:term":[{"taxonomy":"category","embeddable":true,"href":"https:\/\/ismfrance.org\/index.php\/wp-json\/wp\/v2\/categories?post=6990"},{"taxonomy":"post_tag","embeddable":true,"href":"https:\/\/ismfrance.org\/index.php\/wp-json\/wp\/v2\/tags?post=6990"}],"curies":[{"name":"wp","href":"https:\/\/api.w.org\/{rel}","templated":true}]}}