{"id":6968,"date":"2023-10-18T11:30:13","date_gmt":"2023-10-18T09:30:13","guid":{"rendered":"https:\/\/ismfrance.org\/?p=6968"},"modified":"2023-11-30T16:37:26","modified_gmt":"2023-11-30T15:37:26","slug":"les-medias-occidentaux-complices-des-crimes-de-guerre-israeliens","status":"publish","type":"post","link":"https:\/\/ismfrance.org\/index.php\/2023\/10\/18\/les-medias-occidentaux-complices-des-crimes-de-guerre-israeliens\/","title":{"rendered":"Les m\u00e9dias occidentaux, complices des crimes de guerre isra\u00e9liens"},"content":{"rendered":"<p><span style=\"color: #000000;\"><span style=\"font-family: Trebuchet MS, sans-serif;\"><span style=\"font-size: medium;\"><strong>Jamal Kanj, 17 octobre 2023<\/strong>. \u00ab Si vous dites un mensonge assez gros et continuez \u00e0 le r\u00e9p\u00e9ter, les gens finiront par y croire. \u00bb Cette citation a \u00e9t\u00e9 attribu\u00e9e \u00e0 Joseph Goebbels, chef de la propagande nazie. Aujourd\u2019hui, Goebbels envierait les prouesses isra\u00e9liennes en mati\u00e8re de d\u00e9sinformation, qui emploient les m\u00e9dias occidentaux pour vendre spontan\u00e9ment les grands mensonges isra\u00e9liens.<\/span><\/span><\/span><\/p>\n<p><a href=\"https:\/\/ismfrance.org\/wp-content\/uploads\/2023\/10\/hasbara.webp\"><img loading=\"lazy\" decoding=\"async\" class=\"size-large wp-image-6969 aligncenter\" src=\"https:\/\/ismfrance.org\/wp-content\/uploads\/2023\/10\/hasbara-700x551.webp\" alt=\"\" width=\"600\" height=\"472\" srcset=\"https:\/\/ismfrance.org\/wp-content\/uploads\/2023\/10\/hasbara-700x551.webp 700w, https:\/\/ismfrance.org\/wp-content\/uploads\/2023\/10\/hasbara-300x236.webp 300w, https:\/\/ismfrance.org\/wp-content\/uploads\/2023\/10\/hasbara-768x605.webp 768w, https:\/\/ismfrance.org\/wp-content\/uploads\/2023\/10\/hasbara.webp 800w\" sizes=\"auto, (max-width: 600px) 100vw, 600px\" \/><\/a><\/p>\n<p><span style=\"color: #000000;\"><span style=\"font-family: Trebuchet MS, sans-serif;\"><span style=\"font-size: medium;\">Les all\u00e9gations d&rsquo;\u00ab enfants isra\u00e9liens d\u00e9capit\u00e9s \u00bb ont \u00e9t\u00e9 reprises de mani\u00e8re persistante sur CNN, MSNBC, CBS, ABC et d&rsquo;autres m\u00e9dias occidentaux, perp\u00e9tuant l<a href=\"https:\/\/en.wikipedia.org\/wiki\/Big_lie\">e\u00a0grand mensonge<\/a> qui est finalement devenu une histoire cr\u00e9dible. Le pr\u00e9sident am\u00e9ricain est m\u00eame all\u00e9 jusqu\u2019\u00e0 affirmer avoir vu ces images (inexistantes). En outre, les m\u00e9dias occidentaux ont propag\u00e9 d\u2019autres mensonges isra\u00e9liens, notamment des all\u00e9gations selon lesquelles des femmes auraient \u00e9t\u00e9 viol\u00e9es lors d\u2019un raid du Hamas. Curieusement, pas une seule femme ne s\u2019est manifest\u00e9e pour soutenir ces affirmations. En r\u00e9alit\u00e9, une femme qui s\u2019est exprim\u00e9e \u00e0 la t\u00e9l\u00e9vision isra\u00e9lienne a d\u00e9crit le traitement respectueux que lui ont r\u00e9serv\u00e9 les combattants du Hamas. Ses r\u00e9cits sont cependant pass\u00e9s inaper\u00e7us dans les m\u00e9dias occidentaux car ils contredisent le pari du grand mensonge.<\/span><\/span><\/span><\/p>\n<p><span style=\"color: #000000;\"><span style=\"font-family: Trebuchet MS, sans-serif;\"><span style=\"font-size: medium;\">NBC\u00a0et\u00a0MSNBC\u00a0ont rejoint le grand mensonge lorsqu&rsquo;ils ont affich\u00e9 une pr\u00e9tendue exclusivit\u00e9 NBC d&rsquo;un document \u00ab\u00a0<a href=\"https:\/\/www.nbcnews.com\/news\/investigations\/top-secret-hamas-documents-show-terrorists-intentionally-targeted-elem-rcna120310\">Top Secret<\/a>\u00a0\u00bb d\u00e9taillant ostensiblement les plans du Hamas visant \u00e0 cibler les \u00e9coles primaires et les centres de jeunesse. Notez la connotation, \u00e9coles \u00e9l\u00e9mentaires, sous-entendant bien s\u00fbr cibler les enfants. Le document en langue arabe a \u00e9t\u00e9 remis \u00e0 NBC par l&rsquo;arm\u00e9e isra\u00e9lienne.<\/span><\/span><\/span><\/p>\n<p><span style=\"color: #000000;\"><span style=\"font-family: Trebuchet MS, sans-serif;\"><span style=\"font-size: medium;\">Il est \u00e9tonnant de constater \u00e0 quel point NBC a manqu\u00e9 les incoh\u00e9rences flagrantes du grand mensonge avant de le diffuser dans toutes les \u00e9missions d&rsquo;information de MSNBC. Un oubli \u00e9vident est que l&rsquo;attaque contre les postes de garde de la plus grande prison \u00e0 ciel ouvert a eu lieu un samedi, alors que les \u00e9coles n&rsquo;\u00e9taient pas ouvertes. M\u00eame si les \u00e9coles n\u2019\u00e9taient pas en vacances, l\u2019attaque a commenc\u00e9 \u00e0 l\u2019aube, alors que les \u00e9coles et les centres de jeunesse sont g\u00e9n\u00e9ralement ferm\u00e9s.<\/span><\/span><\/span><\/p>\n<p><span style=\"color: #000000;\"><span style=\"font-family: Trebuchet MS, sans-serif;\"><span style=\"font-size: medium;\">Toutes les \u00e9missions d&rsquo;information de MSNBC ont r\u00e9p\u00e9t\u00e9 ces \u00ab nouvelles exclusives \u00bb et le grand mensonge \u00ab top secret \u00bb, repris ensuite par toute une s\u00e9rie d&rsquo;organes d&rsquo;information am\u00e9ricains et europ\u00e9ens. Cela pourrait expliquer pourquoi des personnalit\u00e9s telles qu&rsquo;Ayman et Mehdi Hassan, les meilleurs connaisseurs de la r\u00e9gion et les plus capables de contester les fausses informations, \u00e9taient absentes de leurs \u00e9missions du week-end et remplac\u00e9es par des pr\u00e9sentateurs de journaux \u00e0 sensation. Malheureusement, les r\u00e9seaux d\u2019information c\u00e2bl\u00e9s am\u00e9ricains ont abandonn\u00e9 leur responsabilit\u00e9 journalistique \u00e9thique lorsqu\u2019ils sont devenus une branche de la <\/span><\/span><\/span><span style=\"color: #000000;\"><span style=\"font-family: Trebuchet MS, sans-serif;\"><span style=\"font-size: medium;\"><i>hasbara<\/i><\/span><\/span><\/span><span style=\"color: #000000;\"><span style=\"font-family: Trebuchet MS, sans-serif;\"><span style=\"font-size: medium;\"> isra\u00e9lienne et une extension du r\u00e9seau isra\u00e9lien de <\/span><\/span><\/span><a href=\"https:\/\/www.youtube.com\/watch?v=yTXgMUYidmc\"><span style=\"color: #4b1f6f;\"><span style=\"font-family: Trebuchet MS, sans-serif;\"><span style=\"font-size: medium;\"><i>sayanim<\/i><\/span><\/span><\/span><\/a><span style=\"color: #000000;\"><span style=\"font-family: Trebuchet MS, sans-serif;\"><span style=\"font-size: medium;\">.<\/span><\/span><\/span><\/p>\n<p><span style=\"color: #000000;\"><span style=\"font-family: Trebuchet MS, sans-serif;\"><span style=\"font-size: medium;\">Il est ind\u00e9niable que des civils isra\u00e9liens ont perdu la vie au milieu des combats. Cela est principalement d\u00fb au fait qu&rsquo;\u00ab Isra\u00ebl \u00bb utilise sa population comme bouclier humain en encourageant les civils, par le biais d&rsquo;all\u00e9gements fiscaux et d&rsquo;autres incitations financi\u00e8res, \u00e0 vivre dans des zones connues sous le nom de zones de guerre. De plus, chacune des colonies exclusivement juives qui ont \u00e9t\u00e9 attaqu\u00e9es \u00e9tait situ\u00e9e \u00e0 c\u00f4t\u00e9 d&rsquo;une base militaire connue, ce qui les pla\u00e7ait dans la zone de combat imm\u00e9diate.<\/span><\/span><\/span><\/p>\n<p><span style=\"color: #000000;\"><span style=\"font-family: Trebuchet MS, sans-serif;\"><span style=\"font-size: medium;\">Concernant le festival de musique, l&rsquo;\u00e9v\u00e9nement a eu lieu <a href=\"https:\/\/www.aljazeera.com\/news\/2023\/10\/10\/what-to-know-about-deadly-hamas-attack-on-the-israeli-music-festival\">\u00e0 c\u00f4t\u00e9 de la base militaire isra\u00e9lienne de Re&rsquo;im<\/a>, \u00e0 la fronti\u00e8re de Gaza. Le camp militaire de Reim et sa colonie voisine, du m\u00eame nom, \u00e9taient un autre poste de garde pendant le si\u00e8ge de Gaza. Apr\u00e8s le succ\u00e8s du raid du Hamas sur la base militaire fortifi\u00e9e, les soldats isra\u00e9liens ont abandonn\u00e9 leurs positions, leurs armes et leurs uniformes et ont fui \u00e0 moiti\u00e9 nus pour se cacher parmi les festivaliers et dans la colonie voisine de Re&rsquo;im. Il est tr\u00e8s probable que les combattants n&rsquo;\u00e9taient pas au courant d&rsquo;un \u00e9v\u00e9nement musical sur un th\u00e9\u00e2tre de guerre, et de m\u00eame, il \u00e9tait plausible qu&rsquo;en poursuivant les soldats isra\u00e9liens, ils ont pu raisonnablement soup\u00e7onner que le grand rassemblement de jeunes hommes et femmes (en \u00e2ge d&rsquo;\u00eatre recrut\u00e9s dans l&rsquo;arm\u00e9e) soit des conscrits militaires et associer leur pr\u00e9sence aux activit\u00e9s de la base militaire. En d\u2019autres termes, ils ont \u00e9t\u00e9 pris dans des tirs crois\u00e9s, comme les civils des colonies voisines qui ont servi de boucliers humains aux soldats isra\u00e9liens en fuite.<\/span><\/span><\/span><\/p>\n<p><span style=\"color: #000000;\"><span style=\"font-family: Trebuchet MS, sans-serif;\"><span style=\"font-size: medium;\">Entre-temps, beaucoup a \u00e9t\u00e9 dit et \u00e9crit selon lequel le succ\u00e8s de l\u2019op\u00e9ration militaire du Hamas \u00e9tait le r\u00e9sultat d\u2019un \u00e9chec des services de renseignement isra\u00e9liens. Les experts en s\u00e9curit\u00e9 des m\u00e9dias n\u2019ont cependant pas r\u00e9ussi \u00e0 relier le raid dans le contexte plus large du conflit palestinien, et pas seulement lorsqu\u2019un Isra\u00e9lien est tu\u00e9. Le succ\u00e8s du Hamas n\u2019est pas uniquement d\u00fb \u00e0 l\u2019\u00e9chec des services de renseignement isra\u00e9liens, comme le sugg\u00e8rent les experts des m\u00e9dias. Il peut plut\u00f4t \u00eatre attribu\u00e9 aux souffrances interminables de 2,3 millions de personnes \u00e0 Gaza, qui aspirent depuis 18 ans au jour o\u00f9 elles pourront se lib\u00e9rer de leur enfermement. Cette d\u00e9termination et cette ing\u00e9niosit\u00e9 ont surpris le monde, d\u00e9concertant m\u00eame les meilleurs planificateurs militaires.<\/span><\/span><\/span><\/p>\n<p><span style=\"color: #000000;\"><span style=\"font-family: Trebuchet MS, sans-serif;\"><span style=\"font-size: medium;\">Un autre facteur est l\u2019arrogance isra\u00e9lienne. Fort de l\u2019impunit\u00e9 internationale, Benjamin Netanyahu appartient \u00e0 l\u2019\u00e9cole de pens\u00e9e sioniste qui estime que plus les Palestiniens sont r\u00e9prim\u00e9s, moins il est n\u00e9cessaire de parler de paix. Malgr\u00e9 certains signes \u00e9vidents, le Premier ministre ne croyait pas que le peuple, qu\u2019il consid\u00e9rait comme inf\u00e9rieur au \u00ab\u00a0peuple \u00e9lu\u00a0\u00bb dont il fait partie, serait capable de briser la prison et de vaincre les ge\u00f4liers.<\/span><\/span><\/span><\/p>\n<p><span style=\"color: #000000;\"><span style=\"font-family: Trebuchet MS, sans-serif;\"><span style=\"font-size: medium;\">Cela dit, les responsables isra\u00e9liens sont unis pour d\u00e9shumaniser les Palestiniens pour justifier leur inhumanit\u00e9. Tout au long de l\u2019histoire de l\u2019humanit\u00e9, la d\u00e9shumanisation a toujours \u00e9t\u00e9 une condition pr\u00e9alable \u00e0 la conduite de guerres g\u00e9nocidaires et d\u2019oppression. Nous l\u2019avons vu lors de l\u2019esclavage, du vol des terres des aborig\u00e8nes et, plus r\u00e9cemment, dans l\u2019Allemagne nazie. Dans ce cas, et pour se pr\u00e9parer \u00e0 l&rsquo;attaque sur Gaza, le ministre isra\u00e9lien de la D\u00e9fense a annonc\u00e9 plusieurs mesures punitives inhumaines contre les Palestiniens, telles que la coupure d&rsquo;eau, de nourriture et de carburant. Pour justifier la sauvagerie isra\u00e9lienne, il a <a href=\"https:\/\/www.huffpost.com\/entry\/israel-defense-minister-human-animals-gaza-palestine_n_6524220ae4b09f4b8d412e0a\">d\u00e9clar\u00e9<\/a> : \u00ab Nous combattons des animaux humains\u00a0et nous agissons en cons\u00e9quence. \u00bb<\/span><\/span><\/span><\/p>\n<p><span style=\"color: #000000;\"><span style=\"font-family: Trebuchet MS, sans-serif;\"><span style=\"font-size: medium;\">H\u00e9las, il est tr\u00e8s peu probable que la communaut\u00e9 internationale ait tol\u00e9r\u00e9 le massacre d\u2019animaux comme elle a permis \u00e0 \u00ab Isra\u00ebl \u00bb de r\u00e9duire en miettes des enfants palestiniens.<\/span><\/span><\/span><\/p>\n<p><span style=\"color: #000000;\"><span style=\"font-family: Trebuchet MS, sans-serif;\"><span style=\"font-size: medium;\">Pendant ce temps, le pr\u00e9sident isra\u00e9lien dit \u00ab mod\u00e9r\u00e9 \u00bb a rejet\u00e9 une question d\u2019un journaliste concernant la mort de civils \u00e0 Gaza, dans laquelle il a <a href=\"https:\/\/news.yahoo.com\/israeli-president-says-no-innocent-154330724.html?guccounter=1\">sugg\u00e9r\u00e9<\/a> que \u00ab les civils de Gaza sont des cibles militaires l\u00e9gitimes, en disant : \u00ab C\u2019est toute une nation qui est responsable \u00bb.<\/span><\/span><\/span><\/p>\n<p><span style=\"color: #000000;\"><span style=\"font-family: Trebuchet MS, sans-serif;\"><span style=\"font-size: medium;\">Pour le Premier ministre isra\u00e9lien, la prolongation de cette guerre inhumaine offre \u00e0 Netanyahu une bou\u00e9e de sauvetage politique amarr\u00e9e aux corps calcin\u00e9s des enfants palestiniens. Sa guerre contre Gaza garantit le retard dans la discussion de son \u00e9chec lamentable \u00e0 s\u00e9curiser les Isra\u00e9liens sous sa coalition raciste \u00ab dure \u00bb. En outre, cela garantit qu&rsquo;il reste au pouvoir et suspend l&rsquo;enqu\u00eate sur les accusations de corruption dont il fait l&rsquo;objet.<\/span><\/span><\/span><\/p>\n<p><span style=\"color: #000000;\"><span style=\"font-family: Trebuchet MS, sans-serif;\"><span style=\"font-size: medium;\">La r\u00e9ponse militaire de Netanyahu consistait \u00e0 la fois \u00e0 venger son incomp\u00e9tence et \u00e0 se sauver politiquement en tuant le plus de Palestiniens le plus rapidement possible. Selon le <a href=\"https:\/\/apnews.com\/article\/israel-palestinians-gaza-hamas-war-refugees-6cf0ff04e513ecec12cf9152656ac1b6\">dernier d\u00e9compte<\/a>, pr\u00e8s de 3.000, dont 800 enfants ont \u00e9t\u00e9 assassin\u00e9s et 10.000 bless\u00e9s. Le Premier ministre isra\u00e9lien affiche une personnalit\u00e9 diabolique o\u00f9 la fin justifie les moyens. Dans ce cas, chaque maison, chaque \u00e9cole, chaque banque, chaque tour, chaque structure est le prix que les Gazaouis doivent payer pour sauver l\u2019avenir politique de Netanyahu.<\/span><\/span><\/span><\/p>\n<p><span style=\"color: #000000;\"><span style=\"font-family: Trebuchet MS, sans-serif;\"><span style=\"font-size: medium;\">Par cons\u00e9quent, il ne suffit pas que les responsables occidentaux se contentent d\u2019exhorter \u00ab Isra\u00ebl \u00bb \u00e0 respecter les r\u00e8gles de la guerre tout en lui fournissant les moyens d\u2019assassiner des enfants palestiniens. Cette hypocrisie est encore soulign\u00e9e par l&rsquo;impunit\u00e9 internationale dont jouit \u00ab Isra\u00ebl \u00bb, m\u00eame s&rsquo;il coupe d\u00e9lib\u00e9r\u00e9ment l&rsquo;eau et la nourriture \u00e0 une population de 2,3 millions de personnes, ainsi que le carburant n\u00e9cessaire pour maintenir les h\u00f4pitaux op\u00e9rationnels et soigner les bless\u00e9s.<\/span><\/span><\/span><\/p>\n<p><span style=\"color: #000000;\"><span style=\"font-family: Trebuchet MS, sans-serif;\"><span style=\"font-size: medium;\">La volont\u00e9 des m\u00e9dias am\u00e9ricains de participer au grand mensonge de d\u00e9sinformation isra\u00e9lien est sans pr\u00e9c\u00e9dent dans les d\u00e9mocraties occidentales. Le lavage de cerveau exerc\u00e9 par les m\u00e9dias \u00ab libres \u00bb est encore plus pernicieux que les m\u00e9dias contr\u00f4l\u00e9s par le gouvernement et leur semblant d\u2019objectivit\u00e9 lorsqu\u2019ils normalisent le g\u00e9nocide isra\u00e9lien.<\/span><\/span><\/span><\/p>\n<p><span style=\"color: #000000;\"><span style=\"font-family: Trebuchet MS, sans-serif;\"><span style=\"font-size: medium;\">En bref, les m\u00e9dias occidentaux et les experts politiques professionnels s\u2019alignant sur le grand mensonge g\u00e9r\u00e9 par l\u2019\u00c9tat feraient la fiert\u00e9 de la vieille \u00ab Pravda \u00bb.<\/span><\/span><\/span><\/p>\n<p>&nbsp;<\/p>\n<pre><span style=\"color: #000000;\"><span style=\"font-family: Trebuchet MS, sans-serif;\"><span style=\"font-size: medium;\">Article original en anglais sur <\/span><\/span><\/span><a href=\"https:\/\/english.almayadeen.net\/articles\/blog\/western-media-an-accessory-in-israeli-war-crimes\">AlMayadeen\u00a0<\/a><span style=\"color: #000000;\"><span style=\"font-family: Trebuchet MS, sans-serif;\"><span style=\"font-size: medium;\">\/ Traduction MR<\/span><\/span><\/span><\/pre>\n<p><span style=\"color: #000000;\"><span style=\"font-family: Trebuchet MS, sans-serif;\"><span style=\"font-size: medium;\">[writers slug=jamal-kanj]<\/span><\/span><\/span><\/p>\n","protected":false},"excerpt":{"rendered":"<p>Jamal Kanj, 17 octobre 2023. \u00ab Si vous dites un mensonge assez gros et continuez \u00e0 le r\u00e9p\u00e9ter, les gens finiront par y croire. \u00bb Cette citation a \u00e9t\u00e9 attribu\u00e9e <a class=\"more-link\" href=\"https:\/\/ismfrance.org\/index.php\/2023\/10\/18\/les-medias-occidentaux-complices-des-crimes-de-guerre-israeliens\/\">Lire la suite &rarr;<\/a><\/p>\n","protected":false},"author":3,"featured_media":6969,"comment_status":"closed","ping_status":"closed","sticky":false,"template":"","format":"standard","meta":{"footnotes":""},"categories":[12,2],"tags":[348,143,108,82],"class_list":["post-6968","post","type-post","status-publish","format-standard","has-post-thumbnail","hentry","category-analyses","category-articles","tag-7-octobre-2023","tag-hasbara","tag-journalistes","tag-propagande"],"yoast_head":"<!-- This site is optimized with the Yoast SEO plugin v27.2 - https:\/\/yoast.com\/product\/yoast-seo-wordpress\/ -->\n<title>Les m\u00e9dias occidentaux, complices des crimes de guerre isra\u00e9liens - International Solidarity Movement - ISM-France<\/title>\n<meta name=\"robots\" content=\"index, follow, max-snippet:-1, max-image-preview:large, max-video-preview:-1\" \/>\n<link rel=\"canonical\" href=\"https:\/\/ismfrance.org\/index.php\/2023\/10\/18\/les-medias-occidentaux-complices-des-crimes-de-guerre-israeliens\/\" \/>\n<meta property=\"og:locale\" content=\"fr_FR\" \/>\n<meta property=\"og:type\" content=\"article\" \/>\n<meta property=\"og:title\" content=\"Les m\u00e9dias occidentaux, complices des crimes de guerre isra\u00e9liens - International Solidarity Movement - ISM-France\" \/>\n<meta property=\"og:description\" content=\"Jamal Kanj, 17 octobre 2023. \u00ab Si vous dites un mensonge assez gros et continuez \u00e0 le r\u00e9p\u00e9ter, les gens finiront par y croire. \u00bb Cette citation a \u00e9t\u00e9 attribu\u00e9e Lire la suite &rarr;\" \/>\n<meta property=\"og:url\" content=\"https:\/\/ismfrance.org\/index.php\/2023\/10\/18\/les-medias-occidentaux-complices-des-crimes-de-guerre-israeliens\/\" \/>\n<meta property=\"og:site_name\" content=\"International Solidarity Movement - ISM-France\" \/>\n<meta property=\"article:published_time\" content=\"2023-10-18T09:30:13+00:00\" \/>\n<meta property=\"article:modified_time\" content=\"2023-11-30T15:37:26+00:00\" \/>\n<meta property=\"og:image\" content=\"https:\/\/ismfrance.org\/wp-content\/uploads\/2023\/10\/hasbara.webp\" \/>\n\t<meta property=\"og:image:width\" content=\"800\" \/>\n\t<meta property=\"og:image:height\" content=\"630\" \/>\n\t<meta property=\"og:image:type\" content=\"image\/webp\" \/>\n<meta name=\"author\" content=\"mru_01\" \/>\n<meta name=\"twitter:card\" content=\"summary_large_image\" \/>\n<meta name=\"twitter:creator\" content=\"@ISMFRANCE\" \/>\n<meta name=\"twitter:site\" content=\"@ISMFRANCE\" \/>\n<meta name=\"twitter:label1\" content=\"\u00c9crit par\" \/>\n\t<meta name=\"twitter:data1\" content=\"mru_01\" \/>\n\t<meta name=\"twitter:label2\" content=\"Dur\u00e9e de lecture estim\u00e9e\" \/>\n\t<meta name=\"twitter:data2\" content=\"8 minutes\" \/>\n<script type=\"application\/ld+json\" class=\"yoast-schema-graph\">{\"@context\":\"https:\/\/schema.org\",\"@graph\":[{\"@type\":\"Article\",\"@id\":\"https:\/\/ismfrance.org\/index.php\/2023\/10\/18\/les-medias-occidentaux-complices-des-crimes-de-guerre-israeliens\/#article\",\"isPartOf\":{\"@id\":\"https:\/\/ismfrance.org\/index.php\/2023\/10\/18\/les-medias-occidentaux-complices-des-crimes-de-guerre-israeliens\/\"},\"author\":{\"name\":\"mru_01\",\"@id\":\"https:\/\/ismfrance.org\/#\/schema\/person\/3c411eb72adfaae19c0dca1f41fae01d\"},\"headline\":\"Les m\u00e9dias occidentaux, complices des crimes de guerre isra\u00e9liens\",\"datePublished\":\"2023-10-18T09:30:13+00:00\",\"dateModified\":\"2023-11-30T15:37:26+00:00\",\"mainEntityOfPage\":{\"@id\":\"https:\/\/ismfrance.org\/index.php\/2023\/10\/18\/les-medias-occidentaux-complices-des-crimes-de-guerre-israeliens\/\"},\"wordCount\":1595,\"publisher\":{\"@id\":\"https:\/\/ismfrance.org\/#organization\"},\"image\":{\"@id\":\"https:\/\/ismfrance.org\/index.php\/2023\/10\/18\/les-medias-occidentaux-complices-des-crimes-de-guerre-israeliens\/#primaryimage\"},\"thumbnailUrl\":\"https:\/\/ismfrance.org\/wp-content\/uploads\/2023\/10\/hasbara.webp\",\"keywords\":[\"7 octobre 2023\",\"Hasbara\",\"Journalistes\",\"Propagande\"],\"articleSection\":[\"Analyses\",\"Articles\"],\"inLanguage\":\"fr-FR\"},{\"@type\":\"WebPage\",\"@id\":\"https:\/\/ismfrance.org\/index.php\/2023\/10\/18\/les-medias-occidentaux-complices-des-crimes-de-guerre-israeliens\/\",\"url\":\"https:\/\/ismfrance.org\/index.php\/2023\/10\/18\/les-medias-occidentaux-complices-des-crimes-de-guerre-israeliens\/\",\"name\":\"Les m\u00e9dias occidentaux, complices des crimes de guerre isra\u00e9liens - International Solidarity Movement - ISM-France\",\"isPartOf\":{\"@id\":\"https:\/\/ismfrance.org\/#website\"},\"primaryImageOfPage\":{\"@id\":\"https:\/\/ismfrance.org\/index.php\/2023\/10\/18\/les-medias-occidentaux-complices-des-crimes-de-guerre-israeliens\/#primaryimage\"},\"image\":{\"@id\":\"https:\/\/ismfrance.org\/index.php\/2023\/10\/18\/les-medias-occidentaux-complices-des-crimes-de-guerre-israeliens\/#primaryimage\"},\"thumbnailUrl\":\"https:\/\/ismfrance.org\/wp-content\/uploads\/2023\/10\/hasbara.webp\",\"datePublished\":\"2023-10-18T09:30:13+00:00\",\"dateModified\":\"2023-11-30T15:37:26+00:00\",\"breadcrumb\":{\"@id\":\"https:\/\/ismfrance.org\/index.php\/2023\/10\/18\/les-medias-occidentaux-complices-des-crimes-de-guerre-israeliens\/#breadcrumb\"},\"inLanguage\":\"fr-FR\",\"potentialAction\":[{\"@type\":\"ReadAction\",\"target\":[\"https:\/\/ismfrance.org\/index.php\/2023\/10\/18\/les-medias-occidentaux-complices-des-crimes-de-guerre-israeliens\/\"]}]},{\"@type\":\"ImageObject\",\"inLanguage\":\"fr-FR\",\"@id\":\"https:\/\/ismfrance.org\/index.php\/2023\/10\/18\/les-medias-occidentaux-complices-des-crimes-de-guerre-israeliens\/#primaryimage\",\"url\":\"https:\/\/ismfrance.org\/wp-content\/uploads\/2023\/10\/hasbara.webp\",\"contentUrl\":\"https:\/\/ismfrance.org\/wp-content\/uploads\/2023\/10\/hasbara.webp\",\"width\":800,\"height\":630},{\"@type\":\"BreadcrumbList\",\"@id\":\"https:\/\/ismfrance.org\/index.php\/2023\/10\/18\/les-medias-occidentaux-complices-des-crimes-de-guerre-israeliens\/#breadcrumb\",\"itemListElement\":[{\"@type\":\"ListItem\",\"position\":1,\"name\":\"Accueil\",\"item\":\"https:\/\/ismfrance.org\/\"},{\"@type\":\"ListItem\",\"position\":2,\"name\":\"Les m\u00e9dias occidentaux, complices des crimes de guerre isra\u00e9liens\"}]},{\"@type\":\"WebSite\",\"@id\":\"https:\/\/ismfrance.org\/#website\",\"url\":\"https:\/\/ismfrance.org\/\",\"name\":\"ISM Palestine France\",\"description\":\"Soutien aux luttes de lib\u00e9ration du peuple palestinien\",\"publisher\":{\"@id\":\"https:\/\/ismfrance.org\/#organization\"},\"potentialAction\":[{\"@type\":\"SearchAction\",\"target\":{\"@type\":\"EntryPoint\",\"urlTemplate\":\"https:\/\/ismfrance.org\/?s={search_term_string}\"},\"query-input\":{\"@type\":\"PropertyValueSpecification\",\"valueRequired\":true,\"valueName\":\"search_term_string\"}}],\"inLanguage\":\"fr-FR\"},{\"@type\":\"Organization\",\"@id\":\"https:\/\/ismfrance.org\/#organization\",\"name\":\"International Solidarity Movement\",\"url\":\"https:\/\/ismfrance.org\/\",\"logo\":{\"@type\":\"ImageObject\",\"inLanguage\":\"fr-FR\",\"@id\":\"https:\/\/ismfrance.org\/#\/schema\/logo\/image\/\",\"url\":\"https:\/\/ismfrance.org\/wp-content\/uploads\/2020\/12\/00.png\",\"contentUrl\":\"https:\/\/ismfrance.org\/wp-content\/uploads\/2020\/12\/00.png\",\"width\":400,\"height\":400,\"caption\":\"International Solidarity Movement\"},\"image\":{\"@id\":\"https:\/\/ismfrance.org\/#\/schema\/logo\/image\/\"},\"sameAs\":[\"https:\/\/x.com\/ISMFRANCE\"]},{\"@type\":\"Person\",\"@id\":\"https:\/\/ismfrance.org\/#\/schema\/person\/3c411eb72adfaae19c0dca1f41fae01d\",\"name\":\"mru_01\",\"image\":{\"@type\":\"ImageObject\",\"inLanguage\":\"fr-FR\",\"@id\":\"https:\/\/secure.gravatar.com\/avatar\/3a0be343b445d2ccc79e87444a294fad2b232e90d2051d0e3cc219e1ecd6a330?s=96&d=mm&r=g\",\"url\":\"https:\/\/secure.gravatar.com\/avatar\/3a0be343b445d2ccc79e87444a294fad2b232e90d2051d0e3cc219e1ecd6a330?s=96&d=mm&r=g\",\"contentUrl\":\"https:\/\/secure.gravatar.com\/avatar\/3a0be343b445d2ccc79e87444a294fad2b232e90d2051d0e3cc219e1ecd6a330?s=96&d=mm&r=g\",\"caption\":\"mru_01\"},\"url\":\"https:\/\/ismfrance.org\/index.php\/author\/admin02\/\"}]}<\/script>\n<!-- \/ Yoast SEO plugin. -->","yoast_head_json":{"title":"Les m\u00e9dias occidentaux, complices des crimes de guerre isra\u00e9liens - International Solidarity Movement - ISM-France","robots":{"index":"index","follow":"follow","max-snippet":"max-snippet:-1","max-image-preview":"max-image-preview:large","max-video-preview":"max-video-preview:-1"},"canonical":"https:\/\/ismfrance.org\/index.php\/2023\/10\/18\/les-medias-occidentaux-complices-des-crimes-de-guerre-israeliens\/","og_locale":"fr_FR","og_type":"article","og_title":"Les m\u00e9dias occidentaux, complices des crimes de guerre isra\u00e9liens - International Solidarity Movement - ISM-France","og_description":"Jamal Kanj, 17 octobre 2023. \u00ab Si vous dites un mensonge assez gros et continuez \u00e0 le r\u00e9p\u00e9ter, les gens finiront par y croire. \u00bb Cette citation a \u00e9t\u00e9 attribu\u00e9e Lire la suite &rarr;","og_url":"https:\/\/ismfrance.org\/index.php\/2023\/10\/18\/les-medias-occidentaux-complices-des-crimes-de-guerre-israeliens\/","og_site_name":"International Solidarity Movement - ISM-France","article_published_time":"2023-10-18T09:30:13+00:00","article_modified_time":"2023-11-30T15:37:26+00:00","og_image":[{"width":800,"height":630,"url":"https:\/\/ismfrance.org\/wp-content\/uploads\/2023\/10\/hasbara.webp","type":"image\/webp"}],"author":"mru_01","twitter_card":"summary_large_image","twitter_creator":"@ISMFRANCE","twitter_site":"@ISMFRANCE","twitter_misc":{"\u00c9crit par":"mru_01","Dur\u00e9e de lecture estim\u00e9e":"8 minutes"},"schema":{"@context":"https:\/\/schema.org","@graph":[{"@type":"Article","@id":"https:\/\/ismfrance.org\/index.php\/2023\/10\/18\/les-medias-occidentaux-complices-des-crimes-de-guerre-israeliens\/#article","isPartOf":{"@id":"https:\/\/ismfrance.org\/index.php\/2023\/10\/18\/les-medias-occidentaux-complices-des-crimes-de-guerre-israeliens\/"},"author":{"name":"mru_01","@id":"https:\/\/ismfrance.org\/#\/schema\/person\/3c411eb72adfaae19c0dca1f41fae01d"},"headline":"Les m\u00e9dias occidentaux, complices des crimes de guerre isra\u00e9liens","datePublished":"2023-10-18T09:30:13+00:00","dateModified":"2023-11-30T15:37:26+00:00","mainEntityOfPage":{"@id":"https:\/\/ismfrance.org\/index.php\/2023\/10\/18\/les-medias-occidentaux-complices-des-crimes-de-guerre-israeliens\/"},"wordCount":1595,"publisher":{"@id":"https:\/\/ismfrance.org\/#organization"},"image":{"@id":"https:\/\/ismfrance.org\/index.php\/2023\/10\/18\/les-medias-occidentaux-complices-des-crimes-de-guerre-israeliens\/#primaryimage"},"thumbnailUrl":"https:\/\/ismfrance.org\/wp-content\/uploads\/2023\/10\/hasbara.webp","keywords":["7 octobre 2023","Hasbara","Journalistes","Propagande"],"articleSection":["Analyses","Articles"],"inLanguage":"fr-FR"},{"@type":"WebPage","@id":"https:\/\/ismfrance.org\/index.php\/2023\/10\/18\/les-medias-occidentaux-complices-des-crimes-de-guerre-israeliens\/","url":"https:\/\/ismfrance.org\/index.php\/2023\/10\/18\/les-medias-occidentaux-complices-des-crimes-de-guerre-israeliens\/","name":"Les m\u00e9dias occidentaux, complices des crimes de guerre isra\u00e9liens - International Solidarity Movement - ISM-France","isPartOf":{"@id":"https:\/\/ismfrance.org\/#website"},"primaryImageOfPage":{"@id":"https:\/\/ismfrance.org\/index.php\/2023\/10\/18\/les-medias-occidentaux-complices-des-crimes-de-guerre-israeliens\/#primaryimage"},"image":{"@id":"https:\/\/ismfrance.org\/index.php\/2023\/10\/18\/les-medias-occidentaux-complices-des-crimes-de-guerre-israeliens\/#primaryimage"},"thumbnailUrl":"https:\/\/ismfrance.org\/wp-content\/uploads\/2023\/10\/hasbara.webp","datePublished":"2023-10-18T09:30:13+00:00","dateModified":"2023-11-30T15:37:26+00:00","breadcrumb":{"@id":"https:\/\/ismfrance.org\/index.php\/2023\/10\/18\/les-medias-occidentaux-complices-des-crimes-de-guerre-israeliens\/#breadcrumb"},"inLanguage":"fr-FR","potentialAction":[{"@type":"ReadAction","target":["https:\/\/ismfrance.org\/index.php\/2023\/10\/18\/les-medias-occidentaux-complices-des-crimes-de-guerre-israeliens\/"]}]},{"@type":"ImageObject","inLanguage":"fr-FR","@id":"https:\/\/ismfrance.org\/index.php\/2023\/10\/18\/les-medias-occidentaux-complices-des-crimes-de-guerre-israeliens\/#primaryimage","url":"https:\/\/ismfrance.org\/wp-content\/uploads\/2023\/10\/hasbara.webp","contentUrl":"https:\/\/ismfrance.org\/wp-content\/uploads\/2023\/10\/hasbara.webp","width":800,"height":630},{"@type":"BreadcrumbList","@id":"https:\/\/ismfrance.org\/index.php\/2023\/10\/18\/les-medias-occidentaux-complices-des-crimes-de-guerre-israeliens\/#breadcrumb","itemListElement":[{"@type":"ListItem","position":1,"name":"Accueil","item":"https:\/\/ismfrance.org\/"},{"@type":"ListItem","position":2,"name":"Les m\u00e9dias occidentaux, complices des crimes de guerre isra\u00e9liens"}]},{"@type":"WebSite","@id":"https:\/\/ismfrance.org\/#website","url":"https:\/\/ismfrance.org\/","name":"ISM Palestine France","description":"Soutien aux luttes de lib\u00e9ration du peuple palestinien","publisher":{"@id":"https:\/\/ismfrance.org\/#organization"},"potentialAction":[{"@type":"SearchAction","target":{"@type":"EntryPoint","urlTemplate":"https:\/\/ismfrance.org\/?s={search_term_string}"},"query-input":{"@type":"PropertyValueSpecification","valueRequired":true,"valueName":"search_term_string"}}],"inLanguage":"fr-FR"},{"@type":"Organization","@id":"https:\/\/ismfrance.org\/#organization","name":"International Solidarity Movement","url":"https:\/\/ismfrance.org\/","logo":{"@type":"ImageObject","inLanguage":"fr-FR","@id":"https:\/\/ismfrance.org\/#\/schema\/logo\/image\/","url":"https:\/\/ismfrance.org\/wp-content\/uploads\/2020\/12\/00.png","contentUrl":"https:\/\/ismfrance.org\/wp-content\/uploads\/2020\/12\/00.png","width":400,"height":400,"caption":"International Solidarity Movement"},"image":{"@id":"https:\/\/ismfrance.org\/#\/schema\/logo\/image\/"},"sameAs":["https:\/\/x.com\/ISMFRANCE"]},{"@type":"Person","@id":"https:\/\/ismfrance.org\/#\/schema\/person\/3c411eb72adfaae19c0dca1f41fae01d","name":"mru_01","image":{"@type":"ImageObject","inLanguage":"fr-FR","@id":"https:\/\/secure.gravatar.com\/avatar\/3a0be343b445d2ccc79e87444a294fad2b232e90d2051d0e3cc219e1ecd6a330?s=96&d=mm&r=g","url":"https:\/\/secure.gravatar.com\/avatar\/3a0be343b445d2ccc79e87444a294fad2b232e90d2051d0e3cc219e1ecd6a330?s=96&d=mm&r=g","contentUrl":"https:\/\/secure.gravatar.com\/avatar\/3a0be343b445d2ccc79e87444a294fad2b232e90d2051d0e3cc219e1ecd6a330?s=96&d=mm&r=g","caption":"mru_01"},"url":"https:\/\/ismfrance.org\/index.php\/author\/admin02\/"}]}},"_links":{"self":[{"href":"https:\/\/ismfrance.org\/index.php\/wp-json\/wp\/v2\/posts\/6968","targetHints":{"allow":["GET"]}}],"collection":[{"href":"https:\/\/ismfrance.org\/index.php\/wp-json\/wp\/v2\/posts"}],"about":[{"href":"https:\/\/ismfrance.org\/index.php\/wp-json\/wp\/v2\/types\/post"}],"author":[{"embeddable":true,"href":"https:\/\/ismfrance.org\/index.php\/wp-json\/wp\/v2\/users\/3"}],"replies":[{"embeddable":true,"href":"https:\/\/ismfrance.org\/index.php\/wp-json\/wp\/v2\/comments?post=6968"}],"version-history":[{"count":0,"href":"https:\/\/ismfrance.org\/index.php\/wp-json\/wp\/v2\/posts\/6968\/revisions"}],"wp:featuredmedia":[{"embeddable":true,"href":"https:\/\/ismfrance.org\/index.php\/wp-json\/wp\/v2\/media\/6969"}],"wp:attachment":[{"href":"https:\/\/ismfrance.org\/index.php\/wp-json\/wp\/v2\/media?parent=6968"}],"wp:term":[{"taxonomy":"category","embeddable":true,"href":"https:\/\/ismfrance.org\/index.php\/wp-json\/wp\/v2\/categories?post=6968"},{"taxonomy":"post_tag","embeddable":true,"href":"https:\/\/ismfrance.org\/index.php\/wp-json\/wp\/v2\/tags?post=6968"}],"curies":[{"name":"wp","href":"https:\/\/api.w.org\/{rel}","templated":true}]}}