{"id":6902,"date":"2023-10-14T19:41:50","date_gmt":"2023-10-14T17:41:50","guid":{"rendered":"https:\/\/ismfrance.org\/?p=6902"},"modified":"2023-10-14T19:44:44","modified_gmt":"2023-10-14T17:44:44","slug":"resume-de-la-conference-de-presse-de-salama-maarouf-chef-du-bureau-de-presse-du-gouvernement-a-gaza","status":"publish","type":"post","link":"https:\/\/ismfrance.org\/index.php\/2023\/10\/14\/resume-de-la-conference-de-presse-de-salama-maarouf-chef-du-bureau-de-presse-du-gouvernement-a-gaza\/","title":{"rendered":"R\u00e9sum\u00e9 de la conf\u00e9rence de presse de Salama Maarouf, chef du bureau de presse du gouvernement \u00e0 Gaza"},"content":{"rendered":"<p><span style=\"color: #000000;\"><span style=\"font-family: Trebuchet MS, sans-serif;\">14.10.2023. Concernant la poursuite de l&rsquo;agression de l&rsquo;occupation isra\u00e9lienne contre la bande de Gaza pour la huiti\u00e8me journ\u00e9e cons\u00e9cutive\u00a0:<\/span><\/span><\/p>\n<p><a href=\"https:\/\/ismfrance.org\/wp-content\/uploads\/2023\/10\/salama-Maarouf.jpeg\"><img loading=\"lazy\" decoding=\"async\" class=\"size-large wp-image-6903 aligncenter\" src=\"https:\/\/ismfrance.org\/wp-content\/uploads\/2023\/10\/salama-Maarouf-700x466.jpeg\" alt=\"\" width=\"600\" height=\"399\" srcset=\"https:\/\/ismfrance.org\/wp-content\/uploads\/2023\/10\/salama-Maarouf-700x466.jpeg 700w, https:\/\/ismfrance.org\/wp-content\/uploads\/2023\/10\/salama-Maarouf-300x200.jpeg 300w, https:\/\/ismfrance.org\/wp-content\/uploads\/2023\/10\/salama-Maarouf-768x512.jpeg 768w, https:\/\/ismfrance.org\/wp-content\/uploads\/2023\/10\/salama-Maarouf.jpeg 800w\" sizes=\"auto, (max-width: 600px) 100vw, 600px\" \/><\/a><\/p>\n<p><span style=\"color: #000000;\">\ud83d\udd39 <span style=\"font-family: Trebuchet MS, sans-serif;\">Nous prions pour les personnes tu\u00e9es parmi notre peuple qui s&rsquo;est soulev\u00e9 hier en Cisjordanie. C\u2019est un message clair adress\u00e9 au monde entier : l\u2019occupation ne conna\u00eet que le langage du meurtre et de la destruction.<\/span><\/span><\/p>\n<p><span style=\"color: #000000;\">\ud83d\udd39 <span style=\"font-family: Trebuchet MS, sans-serif;\">Le nombre de victimes de l&rsquo;agression est de plus de 2.215 tu\u00e9s et plus de 8.714 bless\u00e9s, tandis que le nombre de personnes d\u00e9plac\u00e9es est d&rsquo;environ 400.000 r\u00e9partis dans 159 abris, dont 60 centres dans la ville de Gaza et dans le nord.<\/span><\/span><\/p>\n<p><span style=\"color: #000000;\">\ud83d\udd39 <span style=\"font-family: Trebuchet MS, sans-serif;\">L&rsquo;occupation isra\u00e9lienne a compl\u00e8tement d\u00e9truit plus de 1.695 b\u00e2timents, tours et immeubles d&rsquo;habitation, tandis que plus de 7.000 unit\u00e9s r\u00e9sidentielles ont \u00e9t\u00e9 enti\u00e8rement d\u00e9truites.<\/span><\/span><\/p>\n<p><span style=\"color: #000000;\">\ud83d\udd39 <span style=\"font-family: Trebuchet MS, sans-serif;\">Plus de 69.050 logements ont \u00e9t\u00e9 partiellement ou gravement endommag\u00e9s, tandis que 4.679 sont devenus inhabitables.<\/span><\/span><\/p>\n<p><span style=\"color: #000000;\">\ud83d\udd39 <span style=\"font-family: Trebuchet MS, sans-serif;\">Alors que l&rsquo;agression se poursuivait, 21 personnels \u00e9ducatifs et des centaines d&rsquo;\u00e9l\u00e8ves ont \u00e9t\u00e9 d\u00e9racin\u00e9s, avec 124 \u00e9coles endommag\u00e9es et 14 \u00e9coles compl\u00e8tement d\u00e9molies par l&rsquo;occupation.<\/span><\/span><\/p>\n<p><span style=\"color: #000000;\">\ud83d\udd39 <span style=\"font-family: Trebuchet MS, sans-serif;\">Nous affirmons que notre peuple, par sa d\u00e9termination, a contrecarr\u00e9 la tentative de d\u00e9placement forc\u00e9 de l\u2019occupation. L&rsquo;occupation, dans sa stupidit\u00e9, a montr\u00e9 qu&rsquo;elle mentait lorsqu&rsquo;elle parlait de zones et de couloirs s\u00fbrs, alors qu&rsquo;elle a attaqu\u00e9 les convois de personnes d\u00e9plac\u00e9es hier, ainsi que les raids men\u00e9s par l&rsquo;occupation ciblant des zones qu&rsquo;elle pr\u00e9tend \u00eatre s\u00fbres, comme Deir al-Balah et l&rsquo;ouest de al-Nuseirat.<\/span><\/span><\/p>\n<blockquote class=\"twitter-tweet\" data-width=\"550\" data-dnt=\"true\">\n<p lang=\"en\" dir=\"ltr\">Israel directly bombs fleeing Gazans after ordering them to flee in that particular direction!<\/p>\n<p>Israel continues to bomb the very South of Gaza that it ordered 1.2 million to evacuate to!<\/p>\n<p>In 7 days, Israel killed over 2215, inc. 724 kids &amp; 458 women! 8,714 wounded<\/p>\n<p>Pure carnage! <a href=\"https:\/\/t.co\/KvVqmzez5t\">pic.twitter.com\/KvVqmzez5t<\/a><\/p>\n<p>&mdash; Muhammad Shehada (@muhammadshehad2) <a href=\"https:\/\/twitter.com\/muhammadshehad2\/status\/1713181002237899202?ref_src=twsrc%5Etfw\">October 14, 2023<\/a><\/p><\/blockquote>\n<p><script async src=\"https:\/\/platform.twitter.com\/widgets.js\" charset=\"utf-8\"><\/script><\/p>\n<p><span style=\"color: #000000;\">\ud83d\udd39 <span style=\"font-family: Trebuchet MS, sans-serif;\">Nous d\u00e9plorons l&rsquo;intention de certains h\u00f4pitaux de campagne de se retirer de la bande de Gaza au moment o\u00f9 leurs services sont le plus n\u00e9cessaires. Ce comportement malheureux contredit leur r\u00f4le humanitaire professionnel, ainsi que leurs dimensions nationales et religieuses. Nous les appelons \u00e0 revenir sur cette d\u00e9cision.<\/span><\/span><\/p>\n<p><span style=\"color: #000000;\">\ud83d\udd39 <span style=\"font-family: Trebuchet MS, sans-serif;\">Nous tenons le Secr\u00e9taire g\u00e9n\u00e9ral des Nations Unies lui-m\u00eame l\u00e9galement et moralement responsable de la menace d&rsquo;\u00e9vacuation forc\u00e9e dont font l&rsquo;objet les h\u00f4pitaux et les \u00e9tablissements de sant\u00e9. Nous affirmons que nous n\u2019abandonnerons pas notre r\u00f4le de fourniture de services aux bless\u00e9s et aux malades et que nous ne r\u00e9pondrons pas \u00e0 ces menaces. Cela signifierait la condamnation \u00e0 mort de centaines de malades et de bless\u00e9s.<\/span><\/span><\/p>\n<p><span style=\"color: #000000;\">\ud83d\udd39 <span style=\"font-family: Trebuchet MS, sans-serif;\">Nous condamnons le comportement de l&rsquo;Office de secours et de travaux des Nations Unies pour les r\u00e9fugi\u00e9s (UNRWA) qui part vers le sud de Gaza, abandonnant son r\u00f4le humanitaire et ses obligations actuelles envers les d\u00e9plac\u00e9s en particulier, et plus g\u00e9n\u00e9ralement les civils et surtout les r\u00e9fugi\u00e9s. Ce comportement ne s&rsquo;est pas limit\u00e9 au retrait d&#8217;employ\u00e9s et \u00e0 l&rsquo;abandon des refuges qu&rsquo;elle supervise, mais s&rsquo;est malheureusement \u00e9tendu \u00e0 une non-responsabilit\u00e9 des personnes d\u00e9plac\u00e9es qui se sont dirig\u00e9es vers le sud de Wadi Gaza. L\u00e0-bas, l&rsquo;agence n&rsquo;a fourni aucun service, que ce soit en termes de fourniture de lieux d&rsquo;h\u00e9bergement ou de fourniture de produits de premi\u00e8re n\u00e9cessit\u00e9.<\/span><\/span><\/p>\n<p><span style=\"color: #000000;\">\ud83d\udd39 <span style=\"font-family: Trebuchet MS, sans-serif;\">Nous rappelons \u00e0 [l&rsquo;UNRWA] que son retrait de la ville de Gaza et du nord ne l&rsquo;exon\u00e8re pas de sa responsabilit\u00e9 envers tous les d\u00e9plac\u00e9s, notamment les r\u00e9fugi\u00e9s, dans ces zones. Nous d\u00e9non\u00e7ons le refus de l&rsquo;aide qui devait \u00eatre fournie dans ces refuges et le fait qu&rsquo;il la conserve dans ses entrep\u00f4ts jusqu&rsquo;\u00e0 pr\u00e9sent.<\/span><\/span><\/p>\n<p><em>Communiqu\u00e9 original en anglais sur le compte Twitter de <a href=\"https:\/\/twitter.com\/QudsNen\/status\/1713210385791078830\">Quds News Network<\/a> \/ Traduction MR<\/em><\/p>\n","protected":false},"excerpt":{"rendered":"<p>14.10.2023. Concernant la poursuite de l&rsquo;agression de l&rsquo;occupation isra\u00e9lienne contre la bande de Gaza pour la huiti\u00e8me journ\u00e9e cons\u00e9cutive\u00a0: \ud83d\udd39 Nous prions pour les personnes tu\u00e9es parmi notre peuple qui <a class=\"more-link\" href=\"https:\/\/ismfrance.org\/index.php\/2023\/10\/14\/resume-de-la-conference-de-presse-de-salama-maarouf-chef-du-bureau-de-presse-du-gouvernement-a-gaza\/\">Lire la suite &rarr;<\/a><\/p>\n","protected":false},"author":3,"featured_media":6903,"comment_status":"closed","ping_status":"closed","sticky":false,"template":"","format":"standard","meta":{"footnotes":""},"categories":[2,14],"tags":[348,331,45],"class_list":["post-6902","post","type-post","status-publish","format-standard","has-post-thumbnail","hentry","category-articles","category-communiques","tag-7-octobre-2023","tag-crimes-de-guerre","tag-nettoyage-ethnique"],"yoast_head":"<!-- This site is optimized with the Yoast SEO plugin v27.2 - https:\/\/yoast.com\/product\/yoast-seo-wordpress\/ -->\n<title>R\u00e9sum\u00e9 de la conf\u00e9rence de presse de Salama Maarouf, chef du bureau de presse du gouvernement \u00e0 Gaza - International Solidarity Movement - ISM-France<\/title>\n<meta name=\"robots\" content=\"index, follow, max-snippet:-1, max-image-preview:large, max-video-preview:-1\" \/>\n<link rel=\"canonical\" href=\"https:\/\/ismfrance.org\/index.php\/2023\/10\/14\/resume-de-la-conference-de-presse-de-salama-maarouf-chef-du-bureau-de-presse-du-gouvernement-a-gaza\/\" \/>\n<meta property=\"og:locale\" content=\"fr_FR\" \/>\n<meta property=\"og:type\" content=\"article\" \/>\n<meta property=\"og:title\" content=\"R\u00e9sum\u00e9 de la conf\u00e9rence de presse de Salama Maarouf, chef du bureau de presse du gouvernement \u00e0 Gaza - International Solidarity Movement - ISM-France\" \/>\n<meta property=\"og:description\" content=\"14.10.2023. Concernant la poursuite de l&rsquo;agression de l&rsquo;occupation isra\u00e9lienne contre la bande de Gaza pour la huiti\u00e8me journ\u00e9e cons\u00e9cutive\u00a0: \ud83d\udd39 Nous prions pour les personnes tu\u00e9es parmi notre peuple qui Lire la suite &rarr;\" \/>\n<meta property=\"og:url\" content=\"https:\/\/ismfrance.org\/index.php\/2023\/10\/14\/resume-de-la-conference-de-presse-de-salama-maarouf-chef-du-bureau-de-presse-du-gouvernement-a-gaza\/\" \/>\n<meta property=\"og:site_name\" content=\"International Solidarity Movement - ISM-France\" \/>\n<meta property=\"article:published_time\" content=\"2023-10-14T17:41:50+00:00\" \/>\n<meta property=\"article:modified_time\" content=\"2023-10-14T17:44:44+00:00\" \/>\n<meta property=\"og:image\" content=\"https:\/\/ismfrance.org\/wp-content\/uploads\/2023\/10\/salama-Maarouf.jpeg\" \/>\n\t<meta property=\"og:image:width\" content=\"800\" \/>\n\t<meta property=\"og:image:height\" content=\"533\" \/>\n\t<meta property=\"og:image:type\" content=\"image\/jpeg\" \/>\n<meta name=\"author\" content=\"mru_01\" \/>\n<meta name=\"twitter:card\" content=\"summary_large_image\" \/>\n<meta name=\"twitter:creator\" content=\"@ISMFRANCE\" \/>\n<meta name=\"twitter:site\" content=\"@ISMFRANCE\" \/>\n<meta name=\"twitter:label1\" content=\"\u00c9crit par\" \/>\n\t<meta name=\"twitter:data1\" content=\"mru_01\" \/>\n\t<meta name=\"twitter:label2\" content=\"Dur\u00e9e de lecture estim\u00e9e\" \/>\n\t<meta name=\"twitter:data2\" content=\"3 minutes\" \/>\n<script type=\"application\/ld+json\" class=\"yoast-schema-graph\">{\"@context\":\"https:\/\/schema.org\",\"@graph\":[{\"@type\":\"Article\",\"@id\":\"https:\/\/ismfrance.org\/index.php\/2023\/10\/14\/resume-de-la-conference-de-presse-de-salama-maarouf-chef-du-bureau-de-presse-du-gouvernement-a-gaza\/#article\",\"isPartOf\":{\"@id\":\"https:\/\/ismfrance.org\/index.php\/2023\/10\/14\/resume-de-la-conference-de-presse-de-salama-maarouf-chef-du-bureau-de-presse-du-gouvernement-a-gaza\/\"},\"author\":{\"name\":\"mru_01\",\"@id\":\"https:\/\/ismfrance.org\/#\/schema\/person\/3c411eb72adfaae19c0dca1f41fae01d\"},\"headline\":\"R\u00e9sum\u00e9 de la conf\u00e9rence de presse de Salama Maarouf, chef du bureau de presse du gouvernement \u00e0 Gaza\",\"datePublished\":\"2023-10-14T17:41:50+00:00\",\"dateModified\":\"2023-10-14T17:44:44+00:00\",\"mainEntityOfPage\":{\"@id\":\"https:\/\/ismfrance.org\/index.php\/2023\/10\/14\/resume-de-la-conference-de-presse-de-salama-maarouf-chef-du-bureau-de-presse-du-gouvernement-a-gaza\/\"},\"wordCount\":636,\"publisher\":{\"@id\":\"https:\/\/ismfrance.org\/#organization\"},\"image\":{\"@id\":\"https:\/\/ismfrance.org\/index.php\/2023\/10\/14\/resume-de-la-conference-de-presse-de-salama-maarouf-chef-du-bureau-de-presse-du-gouvernement-a-gaza\/#primaryimage\"},\"thumbnailUrl\":\"https:\/\/ismfrance.org\/wp-content\/uploads\/2023\/10\/salama-Maarouf.jpeg\",\"keywords\":[\"7 octobre 2023\",\"Crimes de guerre\",\"nettoyage ethnique\"],\"articleSection\":[\"Articles\",\"Communiqu\u00e9s\"],\"inLanguage\":\"fr-FR\"},{\"@type\":\"WebPage\",\"@id\":\"https:\/\/ismfrance.org\/index.php\/2023\/10\/14\/resume-de-la-conference-de-presse-de-salama-maarouf-chef-du-bureau-de-presse-du-gouvernement-a-gaza\/\",\"url\":\"https:\/\/ismfrance.org\/index.php\/2023\/10\/14\/resume-de-la-conference-de-presse-de-salama-maarouf-chef-du-bureau-de-presse-du-gouvernement-a-gaza\/\",\"name\":\"R\u00e9sum\u00e9 de la conf\u00e9rence de presse de Salama Maarouf, chef du bureau de presse du gouvernement \u00e0 Gaza - International Solidarity Movement - ISM-France\",\"isPartOf\":{\"@id\":\"https:\/\/ismfrance.org\/#website\"},\"primaryImageOfPage\":{\"@id\":\"https:\/\/ismfrance.org\/index.php\/2023\/10\/14\/resume-de-la-conference-de-presse-de-salama-maarouf-chef-du-bureau-de-presse-du-gouvernement-a-gaza\/#primaryimage\"},\"image\":{\"@id\":\"https:\/\/ismfrance.org\/index.php\/2023\/10\/14\/resume-de-la-conference-de-presse-de-salama-maarouf-chef-du-bureau-de-presse-du-gouvernement-a-gaza\/#primaryimage\"},\"thumbnailUrl\":\"https:\/\/ismfrance.org\/wp-content\/uploads\/2023\/10\/salama-Maarouf.jpeg\",\"datePublished\":\"2023-10-14T17:41:50+00:00\",\"dateModified\":\"2023-10-14T17:44:44+00:00\",\"breadcrumb\":{\"@id\":\"https:\/\/ismfrance.org\/index.php\/2023\/10\/14\/resume-de-la-conference-de-presse-de-salama-maarouf-chef-du-bureau-de-presse-du-gouvernement-a-gaza\/#breadcrumb\"},\"inLanguage\":\"fr-FR\",\"potentialAction\":[{\"@type\":\"ReadAction\",\"target\":[\"https:\/\/ismfrance.org\/index.php\/2023\/10\/14\/resume-de-la-conference-de-presse-de-salama-maarouf-chef-du-bureau-de-presse-du-gouvernement-a-gaza\/\"]}]},{\"@type\":\"ImageObject\",\"inLanguage\":\"fr-FR\",\"@id\":\"https:\/\/ismfrance.org\/index.php\/2023\/10\/14\/resume-de-la-conference-de-presse-de-salama-maarouf-chef-du-bureau-de-presse-du-gouvernement-a-gaza\/#primaryimage\",\"url\":\"https:\/\/ismfrance.org\/wp-content\/uploads\/2023\/10\/salama-Maarouf.jpeg\",\"contentUrl\":\"https:\/\/ismfrance.org\/wp-content\/uploads\/2023\/10\/salama-Maarouf.jpeg\",\"width\":800,\"height\":533},{\"@type\":\"BreadcrumbList\",\"@id\":\"https:\/\/ismfrance.org\/index.php\/2023\/10\/14\/resume-de-la-conference-de-presse-de-salama-maarouf-chef-du-bureau-de-presse-du-gouvernement-a-gaza\/#breadcrumb\",\"itemListElement\":[{\"@type\":\"ListItem\",\"position\":1,\"name\":\"Accueil\",\"item\":\"https:\/\/ismfrance.org\/\"},{\"@type\":\"ListItem\",\"position\":2,\"name\":\"R\u00e9sum\u00e9 de la conf\u00e9rence de presse de Salama Maarouf, chef du bureau de presse du gouvernement \u00e0 Gaza\"}]},{\"@type\":\"WebSite\",\"@id\":\"https:\/\/ismfrance.org\/#website\",\"url\":\"https:\/\/ismfrance.org\/\",\"name\":\"ISM Palestine France\",\"description\":\"Soutien aux luttes de lib\u00e9ration du peuple palestinien\",\"publisher\":{\"@id\":\"https:\/\/ismfrance.org\/#organization\"},\"potentialAction\":[{\"@type\":\"SearchAction\",\"target\":{\"@type\":\"EntryPoint\",\"urlTemplate\":\"https:\/\/ismfrance.org\/?s={search_term_string}\"},\"query-input\":{\"@type\":\"PropertyValueSpecification\",\"valueRequired\":true,\"valueName\":\"search_term_string\"}}],\"inLanguage\":\"fr-FR\"},{\"@type\":\"Organization\",\"@id\":\"https:\/\/ismfrance.org\/#organization\",\"name\":\"International Solidarity Movement\",\"url\":\"https:\/\/ismfrance.org\/\",\"logo\":{\"@type\":\"ImageObject\",\"inLanguage\":\"fr-FR\",\"@id\":\"https:\/\/ismfrance.org\/#\/schema\/logo\/image\/\",\"url\":\"https:\/\/ismfrance.org\/wp-content\/uploads\/2020\/12\/00.png\",\"contentUrl\":\"https:\/\/ismfrance.org\/wp-content\/uploads\/2020\/12\/00.png\",\"width\":400,\"height\":400,\"caption\":\"International Solidarity Movement\"},\"image\":{\"@id\":\"https:\/\/ismfrance.org\/#\/schema\/logo\/image\/\"},\"sameAs\":[\"https:\/\/x.com\/ISMFRANCE\"]},{\"@type\":\"Person\",\"@id\":\"https:\/\/ismfrance.org\/#\/schema\/person\/3c411eb72adfaae19c0dca1f41fae01d\",\"name\":\"mru_01\",\"image\":{\"@type\":\"ImageObject\",\"inLanguage\":\"fr-FR\",\"@id\":\"https:\/\/secure.gravatar.com\/avatar\/3a0be343b445d2ccc79e87444a294fad2b232e90d2051d0e3cc219e1ecd6a330?s=96&d=mm&r=g\",\"url\":\"https:\/\/secure.gravatar.com\/avatar\/3a0be343b445d2ccc79e87444a294fad2b232e90d2051d0e3cc219e1ecd6a330?s=96&d=mm&r=g\",\"contentUrl\":\"https:\/\/secure.gravatar.com\/avatar\/3a0be343b445d2ccc79e87444a294fad2b232e90d2051d0e3cc219e1ecd6a330?s=96&d=mm&r=g\",\"caption\":\"mru_01\"},\"url\":\"https:\/\/ismfrance.org\/index.php\/author\/admin02\/\"}]}<\/script>\n<!-- \/ Yoast SEO plugin. -->","yoast_head_json":{"title":"R\u00e9sum\u00e9 de la conf\u00e9rence de presse de Salama Maarouf, chef du bureau de presse du gouvernement \u00e0 Gaza - International Solidarity Movement - ISM-France","robots":{"index":"index","follow":"follow","max-snippet":"max-snippet:-1","max-image-preview":"max-image-preview:large","max-video-preview":"max-video-preview:-1"},"canonical":"https:\/\/ismfrance.org\/index.php\/2023\/10\/14\/resume-de-la-conference-de-presse-de-salama-maarouf-chef-du-bureau-de-presse-du-gouvernement-a-gaza\/","og_locale":"fr_FR","og_type":"article","og_title":"R\u00e9sum\u00e9 de la conf\u00e9rence de presse de Salama Maarouf, chef du bureau de presse du gouvernement \u00e0 Gaza - International Solidarity Movement - ISM-France","og_description":"14.10.2023. Concernant la poursuite de l&rsquo;agression de l&rsquo;occupation isra\u00e9lienne contre la bande de Gaza pour la huiti\u00e8me journ\u00e9e cons\u00e9cutive\u00a0: \ud83d\udd39 Nous prions pour les personnes tu\u00e9es parmi notre peuple qui Lire la suite &rarr;","og_url":"https:\/\/ismfrance.org\/index.php\/2023\/10\/14\/resume-de-la-conference-de-presse-de-salama-maarouf-chef-du-bureau-de-presse-du-gouvernement-a-gaza\/","og_site_name":"International Solidarity Movement - ISM-France","article_published_time":"2023-10-14T17:41:50+00:00","article_modified_time":"2023-10-14T17:44:44+00:00","og_image":[{"width":800,"height":533,"url":"https:\/\/ismfrance.org\/wp-content\/uploads\/2023\/10\/salama-Maarouf.jpeg","type":"image\/jpeg"}],"author":"mru_01","twitter_card":"summary_large_image","twitter_creator":"@ISMFRANCE","twitter_site":"@ISMFRANCE","twitter_misc":{"\u00c9crit par":"mru_01","Dur\u00e9e de lecture estim\u00e9e":"3 minutes"},"schema":{"@context":"https:\/\/schema.org","@graph":[{"@type":"Article","@id":"https:\/\/ismfrance.org\/index.php\/2023\/10\/14\/resume-de-la-conference-de-presse-de-salama-maarouf-chef-du-bureau-de-presse-du-gouvernement-a-gaza\/#article","isPartOf":{"@id":"https:\/\/ismfrance.org\/index.php\/2023\/10\/14\/resume-de-la-conference-de-presse-de-salama-maarouf-chef-du-bureau-de-presse-du-gouvernement-a-gaza\/"},"author":{"name":"mru_01","@id":"https:\/\/ismfrance.org\/#\/schema\/person\/3c411eb72adfaae19c0dca1f41fae01d"},"headline":"R\u00e9sum\u00e9 de la conf\u00e9rence de presse de Salama Maarouf, chef du bureau de presse du gouvernement \u00e0 Gaza","datePublished":"2023-10-14T17:41:50+00:00","dateModified":"2023-10-14T17:44:44+00:00","mainEntityOfPage":{"@id":"https:\/\/ismfrance.org\/index.php\/2023\/10\/14\/resume-de-la-conference-de-presse-de-salama-maarouf-chef-du-bureau-de-presse-du-gouvernement-a-gaza\/"},"wordCount":636,"publisher":{"@id":"https:\/\/ismfrance.org\/#organization"},"image":{"@id":"https:\/\/ismfrance.org\/index.php\/2023\/10\/14\/resume-de-la-conference-de-presse-de-salama-maarouf-chef-du-bureau-de-presse-du-gouvernement-a-gaza\/#primaryimage"},"thumbnailUrl":"https:\/\/ismfrance.org\/wp-content\/uploads\/2023\/10\/salama-Maarouf.jpeg","keywords":["7 octobre 2023","Crimes de guerre","nettoyage ethnique"],"articleSection":["Articles","Communiqu\u00e9s"],"inLanguage":"fr-FR"},{"@type":"WebPage","@id":"https:\/\/ismfrance.org\/index.php\/2023\/10\/14\/resume-de-la-conference-de-presse-de-salama-maarouf-chef-du-bureau-de-presse-du-gouvernement-a-gaza\/","url":"https:\/\/ismfrance.org\/index.php\/2023\/10\/14\/resume-de-la-conference-de-presse-de-salama-maarouf-chef-du-bureau-de-presse-du-gouvernement-a-gaza\/","name":"R\u00e9sum\u00e9 de la conf\u00e9rence de presse de Salama Maarouf, chef du bureau de presse du gouvernement \u00e0 Gaza - International Solidarity Movement - ISM-France","isPartOf":{"@id":"https:\/\/ismfrance.org\/#website"},"primaryImageOfPage":{"@id":"https:\/\/ismfrance.org\/index.php\/2023\/10\/14\/resume-de-la-conference-de-presse-de-salama-maarouf-chef-du-bureau-de-presse-du-gouvernement-a-gaza\/#primaryimage"},"image":{"@id":"https:\/\/ismfrance.org\/index.php\/2023\/10\/14\/resume-de-la-conference-de-presse-de-salama-maarouf-chef-du-bureau-de-presse-du-gouvernement-a-gaza\/#primaryimage"},"thumbnailUrl":"https:\/\/ismfrance.org\/wp-content\/uploads\/2023\/10\/salama-Maarouf.jpeg","datePublished":"2023-10-14T17:41:50+00:00","dateModified":"2023-10-14T17:44:44+00:00","breadcrumb":{"@id":"https:\/\/ismfrance.org\/index.php\/2023\/10\/14\/resume-de-la-conference-de-presse-de-salama-maarouf-chef-du-bureau-de-presse-du-gouvernement-a-gaza\/#breadcrumb"},"inLanguage":"fr-FR","potentialAction":[{"@type":"ReadAction","target":["https:\/\/ismfrance.org\/index.php\/2023\/10\/14\/resume-de-la-conference-de-presse-de-salama-maarouf-chef-du-bureau-de-presse-du-gouvernement-a-gaza\/"]}]},{"@type":"ImageObject","inLanguage":"fr-FR","@id":"https:\/\/ismfrance.org\/index.php\/2023\/10\/14\/resume-de-la-conference-de-presse-de-salama-maarouf-chef-du-bureau-de-presse-du-gouvernement-a-gaza\/#primaryimage","url":"https:\/\/ismfrance.org\/wp-content\/uploads\/2023\/10\/salama-Maarouf.jpeg","contentUrl":"https:\/\/ismfrance.org\/wp-content\/uploads\/2023\/10\/salama-Maarouf.jpeg","width":800,"height":533},{"@type":"BreadcrumbList","@id":"https:\/\/ismfrance.org\/index.php\/2023\/10\/14\/resume-de-la-conference-de-presse-de-salama-maarouf-chef-du-bureau-de-presse-du-gouvernement-a-gaza\/#breadcrumb","itemListElement":[{"@type":"ListItem","position":1,"name":"Accueil","item":"https:\/\/ismfrance.org\/"},{"@type":"ListItem","position":2,"name":"R\u00e9sum\u00e9 de la conf\u00e9rence de presse de Salama Maarouf, chef du bureau de presse du gouvernement \u00e0 Gaza"}]},{"@type":"WebSite","@id":"https:\/\/ismfrance.org\/#website","url":"https:\/\/ismfrance.org\/","name":"ISM Palestine France","description":"Soutien aux luttes de lib\u00e9ration du peuple palestinien","publisher":{"@id":"https:\/\/ismfrance.org\/#organization"},"potentialAction":[{"@type":"SearchAction","target":{"@type":"EntryPoint","urlTemplate":"https:\/\/ismfrance.org\/?s={search_term_string}"},"query-input":{"@type":"PropertyValueSpecification","valueRequired":true,"valueName":"search_term_string"}}],"inLanguage":"fr-FR"},{"@type":"Organization","@id":"https:\/\/ismfrance.org\/#organization","name":"International Solidarity Movement","url":"https:\/\/ismfrance.org\/","logo":{"@type":"ImageObject","inLanguage":"fr-FR","@id":"https:\/\/ismfrance.org\/#\/schema\/logo\/image\/","url":"https:\/\/ismfrance.org\/wp-content\/uploads\/2020\/12\/00.png","contentUrl":"https:\/\/ismfrance.org\/wp-content\/uploads\/2020\/12\/00.png","width":400,"height":400,"caption":"International Solidarity Movement"},"image":{"@id":"https:\/\/ismfrance.org\/#\/schema\/logo\/image\/"},"sameAs":["https:\/\/x.com\/ISMFRANCE"]},{"@type":"Person","@id":"https:\/\/ismfrance.org\/#\/schema\/person\/3c411eb72adfaae19c0dca1f41fae01d","name":"mru_01","image":{"@type":"ImageObject","inLanguage":"fr-FR","@id":"https:\/\/secure.gravatar.com\/avatar\/3a0be343b445d2ccc79e87444a294fad2b232e90d2051d0e3cc219e1ecd6a330?s=96&d=mm&r=g","url":"https:\/\/secure.gravatar.com\/avatar\/3a0be343b445d2ccc79e87444a294fad2b232e90d2051d0e3cc219e1ecd6a330?s=96&d=mm&r=g","contentUrl":"https:\/\/secure.gravatar.com\/avatar\/3a0be343b445d2ccc79e87444a294fad2b232e90d2051d0e3cc219e1ecd6a330?s=96&d=mm&r=g","caption":"mru_01"},"url":"https:\/\/ismfrance.org\/index.php\/author\/admin02\/"}]}},"_links":{"self":[{"href":"https:\/\/ismfrance.org\/index.php\/wp-json\/wp\/v2\/posts\/6902","targetHints":{"allow":["GET"]}}],"collection":[{"href":"https:\/\/ismfrance.org\/index.php\/wp-json\/wp\/v2\/posts"}],"about":[{"href":"https:\/\/ismfrance.org\/index.php\/wp-json\/wp\/v2\/types\/post"}],"author":[{"embeddable":true,"href":"https:\/\/ismfrance.org\/index.php\/wp-json\/wp\/v2\/users\/3"}],"replies":[{"embeddable":true,"href":"https:\/\/ismfrance.org\/index.php\/wp-json\/wp\/v2\/comments?post=6902"}],"version-history":[{"count":0,"href":"https:\/\/ismfrance.org\/index.php\/wp-json\/wp\/v2\/posts\/6902\/revisions"}],"wp:featuredmedia":[{"embeddable":true,"href":"https:\/\/ismfrance.org\/index.php\/wp-json\/wp\/v2\/media\/6903"}],"wp:attachment":[{"href":"https:\/\/ismfrance.org\/index.php\/wp-json\/wp\/v2\/media?parent=6902"}],"wp:term":[{"taxonomy":"category","embeddable":true,"href":"https:\/\/ismfrance.org\/index.php\/wp-json\/wp\/v2\/categories?post=6902"},{"taxonomy":"post_tag","embeddable":true,"href":"https:\/\/ismfrance.org\/index.php\/wp-json\/wp\/v2\/tags?post=6902"}],"curies":[{"name":"wp","href":"https:\/\/api.w.org\/{rel}","templated":true}]}}