{"id":6556,"date":"2023-09-12T10:29:24","date_gmt":"2023-09-12T08:29:24","guid":{"rendered":"https:\/\/ismfrance.org\/?p=6556"},"modified":"2023-11-30T17:04:08","modified_gmt":"2023-11-30T16:04:08","slug":"des-assassinats-a-gaza-la-reponse-desesperee-disrael-a-la-resistance-en-cisjordanie","status":"publish","type":"post","link":"https:\/\/ismfrance.org\/index.php\/2023\/09\/12\/des-assassinats-a-gaza-la-reponse-desesperee-disrael-a-la-resistance-en-cisjordanie\/","title":{"rendered":"Des assassinats \u00e0 Gaza ? La r\u00e9ponse d\u00e9sesp\u00e9r\u00e9e d\u2019Isra\u00ebl \u00e0 la r\u00e9sistance en Cisjordanie"},"content":{"rendered":"<p><em><span style=\"color: #000000;\"><span style=\"font-family: Verdana, sans-serif;\"><span style=\"font-size: medium;\">Tel Aviv tente d\u00e9sesp\u00e9r\u00e9ment de contenir l\u2019influence croissante de l\u2019Axe de la R\u00e9sistance en Cisjordanie via une vieille politique rat\u00e9e d\u2019assassinat des dirigeants de la r\u00e9sistance \u00e0 Gaza. Comme le montre l\u2019exp\u00e9rience, il est peu probable que cela modifie de mani\u00e8re significative la situation sur le terrain, et cela pourrait m\u00eame l\u2019aggraver.<\/span><\/span><\/span><\/em><\/p>\n<p><a href=\"https:\/\/ismfrance.org\/wp-content\/uploads\/2023\/09\/cradle-assassinats.png\"><img loading=\"lazy\" decoding=\"async\" class=\"size-large wp-image-6558 aligncenter\" src=\"https:\/\/ismfrance.org\/wp-content\/uploads\/2023\/09\/cradle-assassinats-700x331.png\" alt=\"\" width=\"600\" height=\"284\" srcset=\"https:\/\/ismfrance.org\/wp-content\/uploads\/2023\/09\/cradle-assassinats-700x331.png 700w, https:\/\/ismfrance.org\/wp-content\/uploads\/2023\/09\/cradle-assassinats-300x142.png 300w, https:\/\/ismfrance.org\/wp-content\/uploads\/2023\/09\/cradle-assassinats-768x363.png 768w, https:\/\/ismfrance.org\/wp-content\/uploads\/2023\/09\/cradle-assassinats-1536x727.png 1536w, https:\/\/ismfrance.org\/wp-content\/uploads\/2023\/09\/cradle-assassinats-2048x969.png 2048w, https:\/\/ismfrance.org\/wp-content\/uploads\/2023\/09\/cradle-assassinats-1320x625.png 1320w\" sizes=\"auto, (max-width: 600px) 100vw, 600px\" \/><\/a><\/p>\n<p>&nbsp;<\/p>\n<p><span style=\"color: #000000;\"><span style=\"font-family: Verdana, sans-serif;\"><span style=\"font-size: medium;\"><strong>Yousef Fares, 6 septembre 2023.<\/strong> Plus de deux ans se sont \u00e9coul\u00e9s depuis la bataille de <a href=\"https:\/\/new.thecradle.co\/articles\/hezbollah-irgc-present-in-joint-command-during-2021-sword-of-al-quds-battle-hamas\"><i>Sayf al-Quds<\/i><\/a>\u00a0 [L&rsquo;\u00e9p\u00e9e de J\u00e9rusalem] en mai 2021, la derni\u00e8re confrontation \u00e0 grande \u00e9chelle entre les factions de la r\u00e9sistance palestinienne et l&rsquo;arm\u00e9e d&rsquo;occupation isra\u00e9lienne \u00e0 Gaza.<\/span><\/span><\/span><\/p>\n<p><span style=\"color: #000000;\"><span style=\"font-family: Verdana, sans-serif;\"><span style=\"font-size: medium;\">Ce calme relatif a \u00e9t\u00e9 perturb\u00e9 par deux s\u00e9ries de conflits\u00a0: la premi\u00e8re, au cours de laquelle Isra\u00ebl a pris pour cible le Jihad islamique palestinien (JIP) et\u00a0assassin\u00e9\u00a0six de ses chefs militaires\u00a0; le deuxi\u00e8me a \u00e9t\u00e9 un changement important en Cisjordanie occup\u00e9e, o\u00f9 la branche militaire des Brigades Al-Quds du JIP a commenc\u00e9 \u00e0 cr\u00e9er des groupes arm\u00e9s en septembre 2021, en commen\u00e7ant par le camp de J\u00e9nine.<\/span><\/span><\/span><\/p>\n<p lang=\"en-GB\"><span style=\"color: #000000;\"><span style=\"font-family: Verdana, sans-serif;\"><span style=\"font-size: medium;\">Au d\u00e9part, la formation de ces groupes ne laissait pas entrevoir un potentiel d&rsquo;expansion et de d\u00e9veloppement. Mais \u00e0 la grande horreur des institutions de s\u00e9curit\u00e9 isra\u00e9liennes \u2013 et de leurs estimations largement erron\u00e9es \u2013 les groupes de r\u00e9sistance ont prosp\u00e9r\u00e9 et prolif\u00e9r\u00e9.<\/span><\/span><\/span><\/p>\n<p lang=\"en-GB\"><span style=\"color: #000000;\"><span style=\"font-family: Verdana, sans-serif;\"><span style=\"font-size: medium;\">Malgr\u00e9 les efforts de l&rsquo;arm\u00e9e d&rsquo;occupation pour les \u00e9liminer, comme l&rsquo;op\u00e9ration <a href=\"https:\/\/new.thecradle.co\/articles\/israel-raises-state-of-alert-deploys-automated-weapons-in-the-occupied-west-bank\"><i>Break the Wave<\/i><\/a> [Briser la vague] en mars 2022, qui a abouti \u00e0 l&rsquo;arrestation et \u00e0 l&rsquo;assassinat de centaines de r\u00e9sistants, et \u00e0 une invasion massive du camp de J\u00e9nine en juillet, les groupes de r\u00e9sistance ont affich\u00e9 une croissance remarquable de leurs capacit\u00e9s tactiques.<\/span><\/span><\/span><\/p>\n<p lang=\"en-GB\"><span style=\"color: #000000;\"><span style=\"font-family: Verdana, sans-serif;\"><span style=\"font-size: medium;\">Notamment, les combattants de J\u00e9nine semblaient s&rsquo;inspirer des combattants de la r\u00e9sistance de Gaza, adoptant des tactiques de construction de tunnels et d&#8217;embuscades.<\/span><\/span><\/span><\/p>\n<p><strong><span style=\"color: #000000;\"><span style=\"font-family: Verdana, sans-serif;\"><span style=\"font-size: large;\">Mont\u00e9e de la r\u00e9sistance en Cisjordanie<\/span><\/span><\/span><\/strong><\/p>\n<p><span style=\"color: #000000;\"><span style=\"font-family: Verdana, sans-serif;\"><span style=\"font-size: medium;\">Alors qu&rsquo;Isra\u00ebl accusait <a href=\"https:\/\/new.thecradle.co\/articles\/hamas-and-palestinian-islamic-jihad-call-for-unity-to-raise-up-against-israel\">le Hamas et le JIP<\/a> \u00e0 Gaza de soutenir, armer et former des cellules de r\u00e9sistance en Cisjordanie, sa r\u00e9ponse en 2022 et 2023 s&rsquo;est principalement limit\u00e9e \u00e0 l&rsquo;assassinat des dirigeants du Conseil militaire des Brigades Al-Quds.<\/span><\/span><\/span><\/p>\n<p><span style=\"color: #000000;\"><span style=\"font-family: Verdana, sans-serif;\"><span style=\"font-size: medium;\">Fin 2022 et d\u00e9but 2023, les Brigades Al-Qassam, la branche militaire du Hamas, sont ouvertement entr\u00e9es sur la sc\u00e8ne cisjordanienne. En 2022, ils n\u2019ont men\u00e9 que cinq fusillades dans des villes de Cisjordanie et dans les territoires palestiniens occup\u00e9s.<\/span><\/span><\/span><\/p>\n<p><span style=\"color: #000000;\"><span style=\"font-family: Verdana, sans-serif;\"><span style=\"font-size: medium;\">Cependant, depuis le d\u00e9but de cette ann\u00e9e, ils ont revendiqu\u00e9 neuf attaques, entra\u00eenant la mort de 13 colons et soldats. Les incidents les plus r\u00e9cents ont \u00e9t\u00e9 les attaques de Huwara (au sud de Naplouse) et d&rsquo;H\u00e9bron en ao\u00fbt, qui ont co\u00fbt\u00e9 la vie \u00e0 trois soldats isra\u00e9liens.<\/span><\/span><\/span><\/p>\n<p><span style=\"color: #000000;\"><span style=\"font-family: Verdana, sans-serif;\"><span style=\"font-size: medium;\"><span lang=\"en-GB\">Le Premier ministre isra\u00e9lien Benjamin Netanyahu\u00a0<a href=\"https:\/\/www.jpost.com\/breaking-news\/article-734753\">a menac\u00e9<\/a>\u00a0de recourir une fois de plus \u00e0 la politique des assassinats en r\u00e9ponse aux op\u00e9rations Qassam, et a tenu le chef adjoint du bureau politique du Hamas, Saleh al-Arouri, et le secr\u00e9taire g\u00e9n\u00e9ral du JIP, Ziyad al-Nakhala, pour responsable des attentats en Cisjordanie, avec le soutien et le financement du Hezbollah et du Corps des Gardiens de la r\u00e9volution islamique (CGRI).<\/span><\/span><\/span><\/span><\/p>\n<p><span style=\"color: #000000;\"><span style=\"font-family: Verdana, sans-serif;\"><span style=\"font-size: medium;\"><span lang=\"en-GB\">La cha\u00eene <\/span><span lang=\"en-GB\"><i>Kan<\/i><\/span><span lang=\"en-GB\">, affili\u00e9e \u00e0 l&rsquo;Autorit\u00e9 isra\u00e9lienne de radiodiffusion, a r\u00e9cemment rapport\u00e9 que l&rsquo;establishment militaire isra\u00e9lien envisageait de mener une action militaire en dehors des fronti\u00e8res de la Cisjordanie occup\u00e9e en r\u00e9ponse \u00e0 la vague d&rsquo;op\u00e9rations de r\u00e9sistance dans cette r\u00e9gion.<\/span><\/span><\/span><\/span><\/p>\n<p><span style=\"color: #000000;\"><span style=\"font-family: Verdana, sans-serif;\"><span style=\"font-size: medium;\"><span lang=\"en-GB\">Cependant, les efforts des services de renseignement isra\u00e9liens se sont largement concentr\u00e9s sur la bande de Gaza depuis l\u2019apparition de ces menaces. En effet, Gaza est consid\u00e9r\u00e9e comme la principale source de soutien aux cellules militaires en Cisjordanie, comme le confirment les analystes militaires de la presse isra\u00e9lienne.<\/span><\/span><\/span><\/span><\/p>\n<p><span style=\"color: #000000;\"><span style=\"font-family: Verdana, sans-serif;\"><span style=\"font-size: medium;\"><span lang=\"en-GB\">Carmela Menshe, commentatrice des affaires militaires sur la cha\u00eene h\u00e9bra\u00efque 13, a sugg\u00e9r\u00e9 que le service g\u00e9n\u00e9ral de s\u00e9curit\u00e9 isra\u00e9lien, le Shin Bet, avait r\u00e9alis\u00e9 que Gaza servait de centre principal pour les cellules militaires en Cisjordanie.<\/span><\/span><\/span><\/span><\/p>\n<p lang=\"en-GB\"><strong><span style=\"color: #000000;\"><span style=\"font-family: Verdana, sans-serif;\"><span style=\"font-size: large;\">Tactiques contrast\u00e9es : Brigades Qassam contre brigades Quds<\/span><\/span><\/span><\/strong><\/p>\n<p lang=\"en-GB\"><span style=\"color: #000000;\"><span style=\"font-family: Verdana, sans-serif;\"><span style=\"font-size: medium;\">L&rsquo;implication des Brigades Qassam dans les op\u00e9rations militaires en Cisjordanie occup\u00e9e a accru la pression sur l&rsquo;arm\u00e9e d&rsquo;occupation sur le terrain, n\u00e9cessitant le d\u00e9ploiement de 21 bataillons pour s\u00e9curiser les sites militaires et les routes de transport des colons du nord au sud dans le territoire occup\u00e9.<\/span><\/span><\/span><\/p>\n<p lang=\"en-GB\"><span style=\"color: #000000;\"><span style=\"font-family: Verdana, sans-serif;\"><span style=\"font-size: medium;\">Les Brigades Qassam ont adopt\u00e9 une approche tactique distincte de celle des Brigades Al-Quds (Jihad islamique palestinien). Ces derni\u00e8res op\u00e9raient depuis des environnements semi-s\u00e9curis\u00e9s tels que J\u00e9nine, le camp de r\u00e9fugi\u00e9s de Nur Shams \u00e0 Tulkarem, Jaba et le gouvernorat de Tubas, menant des attaques quotidiennes contre les positions de l&rsquo;arm\u00e9e et les voies de transport des colons.<\/span><\/span><\/span><\/p>\n<p lang=\"en-GB\"><span style=\"color: #000000;\"><span style=\"font-family: Verdana, sans-serif;\"><span style=\"font-size: medium;\">De l\u2019autre, les Brigades Qassam du Hamas a opt\u00e9 pour une strat\u00e9gie impliquant des cellules dormantes compos\u00e9es d\u2019un nombre limit\u00e9 de combattants li\u00e9s \u00e0 un parti local qui leur fournissait des armes et des plans. Ils ont ex\u00e9cut\u00e9 des op\u00e9rations hautement planifi\u00e9es et habiles, entra\u00eenant souvent des pertes parmi les soldats.<\/span><\/span><\/span><\/p>\n<p lang=\"en-GB\"><span style=\"color: #000000;\"><span style=\"font-family: Verdana, sans-serif;\"><span style=\"font-size: medium;\">Cette m\u00e9thode efficace d\u00e9coule de d\u00e9fis sp\u00e9cifiques qui limitaient les mouvements du Hamas dans les villes et les camps de Cisjordanie. Sa vive rivalit\u00e9 aigu\u00eb avec le Fatah a conduit \u00e0 des tensions, le Fatah consid\u00e9rant toute pr\u00e9sence du Hamas comme une menace pour son autorit\u00e9.<\/span><\/span><\/span><\/p>\n<p lang=\"en-GB\"><span style=\"color: #000000;\"><span style=\"font-family: Verdana, sans-serif;\"><span style=\"font-size: medium;\">Depuis que le Hamas a \u00e9vinc\u00e9 les services de s\u00e9curit\u00e9 de l&rsquo;Autorit\u00e9 palestinienne (AP) de Gaza en 2007, l&rsquo;appareil de l&rsquo;Autorit\u00e9 palestinienne a <a href=\"https:\/\/new.thecradle.co\/articles\/a-us-plan-to-train-special-pa-forces-to-confront-west-bank-resistance-will-likely-fail\">plus efficacement que l&rsquo;occupation<\/a> surveill\u00e9 et contr\u00e9 toute activit\u00e9 organisationnelle du Hamas, qu&rsquo;elle soit militaire ou politique. <\/span><\/span><\/span><\/p>\n<p><span style=\"color: #000000;\"><span style=\"font-family: Verdana, sans-serif;\"><span style=\"font-size: medium;\"><span lang=\"en-GB\">L&rsquo;analyste politique Ismail Muhammad d\u00e9clare \u00e0 <\/span><\/span><\/span><\/span><span style=\"color: #000000;\"><span style=\"font-family: Verdana, sans-serif;\"><span style=\"font-size: medium;\"><span lang=\"en-GB\"><i>The Cradle<\/i><\/span><\/span><\/span><\/span><span style=\"color: #000000;\"><span style=\"font-family: Verdana, sans-serif;\"><span style=\"font-size: medium;\"><span lang=\"en-GB\">\u00a0:<\/span><\/span><\/span><\/span><\/p>\n<blockquote><p><span style=\"color: #000000;\"><span style=\"font-family: Verdana, sans-serif;\"><span style=\"font-size: medium;\"><span lang=\"en-GB\">\u00ab L\u2019activit\u00e9 d\u2019Al-Qassam en Cisjordanie a contribu\u00e9 \u00e0 l\u2019int\u00e9gration de l\u2019action de r\u00e9sistance : le Jihad islamique pr\u00e9occupe les forces d\u2019occupation, pousse des bases plus populaires \u00e0 s\u2019engager dans l\u2019action de r\u00e9sistance, maintient un rythme croissant de tension et augmente les points d\u2019engagement. Quant \u00e0 Al-Qassam, il augmente, gr\u00e2ce \u00e0 des op\u00e9rations efficaces, le co\u00fbt de la colonisation et accro\u00eet la dispersion des bataillons de l&rsquo;arm\u00e9e d&rsquo;o<\/span><\/span><\/span><\/span><span style=\"color: #000000;\"><span style=\"font-family: Verdana, sans-serif;\"><span style=\"font-size: medium;\"><span lang=\"fr-FR\">ccupation.\u00a0\u00bb<\/span><\/span><\/span><\/span><\/p><\/blockquote>\n<p><span style=\"color: #000000;\"><span style=\"font-family: Verdana, sans-serif;\"><span style=\"font-size: medium;\"><span lang=\"en-GB\">Les r\u00e9centes op\u00e9rations men\u00e9es par les Brigades Qassam en Cisjordanie ont amen\u00e9 les responsables de la s\u00e9curit\u00e9 isra\u00e9lienne \u00e0 reconna\u00eetre que les arrestations pr\u00e9ventives et l&rsquo;imputabilit\u00e9 seules ne suffiront pas \u00e0 r\u00e9tablir le calme.<\/span><\/span><\/span><\/span><\/p>\n<p><strong><span style=\"color: #000000;\"><span style=\"font-family: Verdana, sans-serif;\"><span style=\"font-size: large;\"><span lang=\"en-GB\">Le dilemme de Netanyahu<\/span><\/span><\/span><\/span><\/strong><\/p>\n<p><span style=\"color: #000000;\"><span style=\"font-family: Verdana, sans-serif;\"><span style=\"font-size: medium;\"><span lang=\"fr-FR\">Selon l&rsquo;analyste politique Ayman al-Rafati, \u00ab en Isra\u00ebl, ils ont acquis la certitude que ce qui se passe en Cisjordanie se d\u00e9roule selon un plan bien \u00e9tudi\u00e9, derri\u00e8re lequel se tiennent le Hamas et le Jihad islamique, avec le plein soutien du Hezbollah et des Gardiens de la r\u00e9volution iraniens.\u00a0\u00bb<\/span><\/span><\/span><\/span><\/p>\n<p><span style=\"color: #000000;\"><span style=\"font-family: Verdana, sans-serif;\"><span style=\"font-size: medium;\"><span lang=\"en-GB\">Rafati informe\u00a0<\/span><span lang=\"en-GB\"><i>The Cradle<\/i><\/span><span lang=\"en-GB\">\u00a0que\u00a0:<\/span><\/span><\/span><\/span><\/p>\n<blockquote><p><span style=\"color: #000000;\"><span style=\"font-family: Verdana, sans-serif;\"><span style=\"font-size: medium;\"><span lang=\"fr-FR\">\u00ab\u00a0L&rsquo;arm\u00e9e d&rsquo;occupation n&rsquo;a d&rsquo;autre choix que de relancer une politique d&rsquo;assassinats afin d&rsquo;augmenter le co\u00fbt en Cisjordanie sur ses partisans dans la bande de Gaza et \u00e0 l&rsquo;\u00e9tranger, comme au Liban, si elle le peut (\u2026). Les Isra\u00e9liens disposent d&rsquo;informations selon lesquelles les prisonniers lib\u00e9r\u00e9s de Cisjordanie r\u00e9sident \u00e0 Gaza et son<\/span><span lang=\"en-GB\">t \u00e0 l&rsquo;origine de la restauration des infrastructures des cellules de r\u00e9sistance d\u00e9truites lors de l&rsquo;op\u00e9ration Bouclier d\u00e9fensif en 2002. Ils estiment que l&rsquo;assassinat de certains de ces personnalit\u00e9s poussera le Hamas \u00e0 repenser sa pr\u00e9cipitation \u00e0 travailler en Cisjordanie. \u00bb<\/span><\/span><\/span><\/span><\/p><\/blockquote>\n<p><span style=\"color: #000000;\"><span style=\"font-family: Verdana, sans-serif;\"><span style=\"font-size: medium;\"><span lang=\"en-GB\">Des sources au sein de la r\u00e9sistance r\u00e9v\u00e8lent \u00e0\u00a0<\/span><span lang=\"en-GB\"><i>The Cradle<\/i><\/span><span lang=\"en-GB\">\u00a0que la semaine derni\u00e8re, les m\u00e9diateurs \u00e9gyptiens ont d\u00e9ploy\u00e9 des efforts intenses pour \u00e9viter une escalade majeure dans la bande de Gaza. Ils ont transmis un message au Hamas selon lequel Isra\u00ebl pourrait s&rsquo;abstenir de recourir aux assassinats si le Hamas cessait de soutenir et de financer les cellules de r\u00e9sistance en Cisjordanie.<\/span><\/span><\/span><\/span><\/p>\n<p><span style=\"color: #000000;\"><span style=\"font-family: Verdana, sans-serif;\"><span style=\"font-size: medium;\"><span lang=\"en-GB\">Cependant, toutes les factions de la r\u00e9sistance auraient r\u00e9pondu qu&rsquo;elles ne cesseraient pas leurs activit\u00e9s tant que le projet de colonisation ne serait pas d\u00e9mantel\u00e9 et que les proc\u00e9dures d&rsquo;annexion en Cisjordanie ne seraient pas interrompues.<\/span><\/span><\/span><\/span><\/p>\n<p><span style=\"color: #000000;\"><span style=\"font-family: Verdana, sans-serif;\"><span style=\"font-size: medium;\"><span lang=\"en-GB\">Rafati estime que le Premier ministre isra\u00e9lien, aux prises avec une crise interne, s\u2019est align\u00e9 sur l\u2019extr\u00eame-droite sur la base de l\u2019annexion de la Cisjordanie. Par cons\u00e9quent, opter pour l\u2019escalade militaire pourrait \u00eatre pour lui un choix plus facile que de faire les concessions exig\u00e9es par le Hamas qui pourraient conduire \u00e0 la dissolution de son alliance avec l\u2019extr\u00eame-droite, \u00e0 l\u2019effondrement de son gouvernement et \u00e0 la fin de sa carri\u00e8re politique.<\/span><\/span><\/span><\/span><\/p>\n<p><span style=\"color: #000000;\"><span style=\"font-family: Verdana, sans-serif;\"><span style=\"font-size: medium;\"><span lang=\"en-GB\">Les mesures s\u00e9curitaires et politiques adopt\u00e9es par l\u2019arm\u00e9e d\u2019occupation pour contrer les cellules de r\u00e9sistance en Cisjordanie au cours des deux derni\u00e8res ann\u00e9es ont abouti \u00e0 plusieurs conclusions importantes :<\/span><\/span><\/span><\/span><\/p>\n<p><span style=\"color: #000000;\"><span style=\"font-family: Verdana, sans-serif;\"><span style=\"font-size: medium;\"><span lang=\"en-GB\">1. Il semble qu\u2019il n\u2019existe aucune solution efficace permettant de mettre un terme complet aux attaques en Cisjordanie, car toutes les tentatives et tous les moyens ont jusqu\u2019\u00e0 pr\u00e9sent \u00e9chou\u00e9. L\u2019escalade s\u00e9curitaire en Cisjordanie reste une pr\u00e9occupation majeure pour les d\u00e9cideurs de l\u2019\u00c9tat occupant.<\/span><\/span><\/span><\/span><\/p>\n<p><span style=\"color: #000000;\"><span style=\"font-family: Verdana, sans-serif;\"><span style=\"font-size: medium;\"><span lang=\"en-GB\">2. Si l\u2019autorisation des services de s\u00e9curit\u00e9 de l\u2019AP de d\u00e9manteler les cellules de r\u00e9sistance a donn\u00e9 des r\u00e9sultats relatifs dans des zones comme la vieille ville de Naplouse, elle s\u2019est r\u00e9v\u00e9l\u00e9e inefficace dans des zones comme J\u00e9nine et Tulkarem.<\/span><\/span><\/span><\/span><\/p>\n<p><span style=\"color: #000000;\"><span style=\"font-family: Verdana, sans-serif;\"><span style=\"font-size: medium;\"><span lang=\"en-GB\">3.\u00a0L&rsquo;Autorit\u00e9 palestinienne est confront\u00e9e \u00e0 des limites dans l&rsquo;arrestation ou l&rsquo;assassinat de combattants de la r\u00e9sistance parce que l&rsquo;opinion publique palestinienne le per\u00e7oit comme collaborant avec l&rsquo;occupation.<\/span><\/span><\/span><\/span><\/p>\n<p><span style=\"color: #000000;\"><span style=\"font-family: Verdana, sans-serif;\"><span style=\"font-size: medium;\"><span lang=\"en-GB\">4. Le temps ne joue pas en faveur de l\u2019occupation, car chaque jour qui passe permet aux cellules de r\u00e9sistance d\u2019am\u00e9liorer leurs capacit\u00e9s et leur expertise, de se d\u00e9velopper horizontalement et d\u2019accumuler une force militaire gr\u00e2ce \u00e0 l\u2019industrie ou \u00e0 la contrebande. Apr\u00e8s deux ann\u00e9es d\u2019activit\u00e9 des cellules de r\u00e9sistance, il est \u00e9vident que le leadership ext\u00e9rieur a acquis davantage de contr\u00f4le sur le terrain et a pris l\u2019initiative d\u2019orienter les frappes aux moments et aux endroits qui servent leurs principaux objectifs.<\/span><\/span><\/span><\/span><\/p>\n<p><strong><span style=\"font-family: Verdana, sans-serif;\"><span style=\"font-size: large;\">L\u2019influence de l\u2019Iran et du Hezbollah<\/span><\/span><\/strong><\/p>\n<p><span style=\"color: #000000;\"><span style=\"font-family: Verdana, sans-serif;\"><span style=\"font-size: medium;\">L\u2019attention accord\u00e9e r\u00e9cemment au haut responsable du Hamas, Saleh al-Arouri, par les m\u00e9dias et les experts isra\u00e9liens est remarquable. Ils lui attribuent la mise en \u0153uvre du plan \u00ab <a href=\"https:\/\/www.palestinechronicle.com\/joint-room-and-unity-of-the-squares-what-will-the-next-israeli-war-on-gaza-look-like\/\">Unit\u00e9 des lieux<\/a> \u00bb en partenariat avec le Hezbollah et l&rsquo;Iran.<\/span><\/span><\/span><\/p>\n<p><span style=\"color: #000000;\"><span style=\"font-family: Verdana, sans-serif;\"><span style=\"font-size: medium;\">Ce plan implique le transfert des Brigades Qassam en une branche militaire, l\u2019alignement des actions tactiques sur une construction strat\u00e9gique efficace et l\u2019introduction des technologies militaires iraniennes au Hamas, notamment le d\u00e9veloppement de drones suicides, de cybersyst\u00e8mes et de techniques permettant de d\u00e9sactiver le syst\u00e8me <i>Iron Dome<\/i>.<\/span><\/span><\/span><\/p>\n<p><span style=\"color: #000000;\"><span style=\"font-family: Verdana, sans-serif;\"><span style=\"font-size: medium;\">Le politologue Majd Dargham estime que cette incitation \u00ab pr\u00e9pare l\u2019opinion publique isra\u00e9lienne \u00e0 payer le lourd tribut qui pourrait r\u00e9sulter de l\u2019assassinat d\u2019Al-Arouri \u00bb. Cependant, la crise isra\u00e9lienne avec le chef adjoint du Bureau politique du Hamas est \u00ab bien plus profonde que cela \u00bb, a d\u00e9clar\u00e9 Dergham \u00e0 <em>The Cradle<\/em>.<\/span><\/span><\/span><\/p>\n<blockquote><p><span style=\"color: #000000;\"><span style=\"font-family: Verdana, sans-serif;\"><span style=\"font-size: medium;\">\u00ab Les rapports isra\u00e9liens r\u00e9p\u00e8tent qu&rsquo;Al-Arouri sera \u00e0 la t\u00eate du prochain Bureau politique apr\u00e8s les \u00e9lections internes pr\u00e9vues dans un an et demi. Cela signifie que les Isra\u00e9liens cherchent \u00e0 s\u2019immiscer brutalement dans le d\u00e9roulement des \u00e9lections, car le succ\u00e8s d\u2019Al-Arouri signifie un transfert complet du Hamas vers l\u2019axe iranien, et c\u2019est le pire cauchemar d\u2019Isra\u00ebl.\u00bb<\/span><\/span><\/span><\/p><\/blockquote>\n<p><span style=\"color: #000000;\"><span style=\"font-family: Verdana, sans-serif;\"><span style=\"font-size: medium;\"><span lang=\"en-GB\">Dergham ajoute :<\/span><\/span><\/span><\/span><\/p>\n<blockquote><p><span style=\"color: #000000;\"><span style=\"font-family: Verdana, sans-serif;\"><span style=\"font-size: medium;\"><span lang=\"en-GB\">\u00ab Isra\u00ebl consid\u00e8re les dirigeants du Hamas qui r\u00e9sident \u00e0 Doha et en Turquie comme moins radicaux et extr\u00e9mistes que ceux qui r\u00e9sident \u00e0 Gaza et dans la banlieue sud de Beyrouth. La r\u00e9sidence du chef du bureau politique du Hamas dans la banlieue sud, c\u2019est-\u00e0-dire dans le fief du Hezbollah, signifie unifier les points de vue sur la mani\u00e8re de g\u00e9rer le conflit, ce qui veut dire faire des pas en avant sur la voie de l\u2019unification des ar\u00e8nes et des fronts. En d\u2019autres termes, Isra\u00ebl voit que l\u2019Iran et le Hezbollah op\u00e8rent directement en Cisjordanie, mais avec les mains du Hamas et du Jihad, et cette harmonie ne peut \u00eatre sabot\u00e9e sous une direction du Hamas qui met tous ses \u0153ufs dans le panier iranien. \u00bb<\/span><\/span><\/span><\/span><\/p><\/blockquote>\n<p><strong><span style=\"color: #000000;\"><span style=\"font-family: Verdana, sans-serif;\"><span style=\"font-size: large;\"><span lang=\"en-GB\">Une r\u00e9ponse r\u00e9gionale<\/span><\/span><\/span><\/span><\/strong><\/p>\n<p><a href=\"https:\/\/ismfrance.org\/wp-content\/uploads\/2023\/09\/meeting-nasrallah.jpg\"><img loading=\"lazy\" decoding=\"async\" class=\"size-large wp-image-6561 aligncenter\" src=\"https:\/\/ismfrance.org\/wp-content\/uploads\/2023\/09\/meeting-nasrallah-700x394.jpg\" alt=\"\" width=\"600\" height=\"338\" srcset=\"https:\/\/ismfrance.org\/wp-content\/uploads\/2023\/09\/meeting-nasrallah-700x394.jpg 700w, https:\/\/ismfrance.org\/wp-content\/uploads\/2023\/09\/meeting-nasrallah-300x169.jpg 300w, https:\/\/ismfrance.org\/wp-content\/uploads\/2023\/09\/meeting-nasrallah-768x432.jpg 768w, https:\/\/ismfrance.org\/wp-content\/uploads\/2023\/09\/meeting-nasrallah.jpg 1200w\" sizes=\"auto, (max-width: 600px) 100vw, 600px\" \/><\/a><span style=\"color: #000000;\"><span style=\"font-family: Verdana, sans-serif;\"><span style=\"font-size: medium;\"><span lang=\"en-GB\">L&rsquo;Axe de la R\u00e9sistance, notamment le secr\u00e9taire g\u00e9n\u00e9ral du Hezbollah, Hassan Nasrallah, a annonc\u00e9 des positions avanc\u00e9es pour prot\u00e9ger les dirigeants palestiniens au Liban, notamment Saleh al-Arouri et Ziyad al-Nakhala.<\/span><\/span><\/span><\/span><\/p>\n<p><span style=\"color: #000000;\"><span style=\"font-family: Verdana, sans-serif;\"><span style=\"font-size: medium;\"><span lang=\"en-GB\">Nasrallah a annonc\u00e9 dans plusieurs discours que le Hezbollah r\u00e9pondrait avec force \u00e0 l\u2019assassinat de toute personnalit\u00e9 libanaise, palestinienne ou iranienne sur le sol libanais. Le\u00a02\u00a0septembre, Nasrallah a <a href=\"https:\/\/www.nna-leb.gov.lb\/en\/politics\/637150\/nasrallah-meets-with-islamic-jihad-movement-secret\">rencontr\u00e9<\/a> Al-Nakhalah et Al-Arouri (photo ci-dessus) pour discuter de l&rsquo;\u00e9volution de la situation en Palestine et de l&rsquo;escalade des \u00e9v\u00e9nements en Cisjordanie.<\/span><\/span><\/span><\/span><\/p>\n<p><span style=\"color: #000000;\"><span style=\"font-family: Verdana, sans-serif;\"><span style=\"font-size: medium;\"><span lang=\"en-GB\">Les cercles de la r\u00e9sistance anticipent qu\u2019Isra\u00ebl pourrait tenter d\u2019\u00e9viter une confrontation directe avec le Hezbollah en ciblant les dirigeants secondaires \u00e0 Gaza. Cependant, une telle op\u00e9ration est susceptible de d\u00e9clencher une r\u00e9ponse militaire robuste, pouvant d\u00e9g\u00e9n\u00e9rer en une confrontation globale.<\/span><\/span><\/span><\/span><\/p>\n<p><span style=\"color: #000000;\"><span style=\"font-family: Verdana, sans-serif;\"><span style=\"font-size: medium;\"><span lang=\"en-GB\">De plus, il est peu probable que cela affaiblisse les cellules de r\u00e9sistance en Cisjordanie occup\u00e9e, qui sont devenues une entit\u00e9 institutionnelle r\u00e9siliente, insensible \u00e0 l\u2019assassinat de dirigeants individuels ou m\u00eame de groupes de dirigeants.<\/span><\/span><\/span><\/span><\/p>\n<p><span style=\"color: #000000;\"><span style=\"font-family: Verdana, sans-serif;\"><span style=\"font-size: medium;\"><i>Article original en anglais sur <a href=\"https:\/\/new.thecradle.co\/articles\/assassinations-in-gaza-israels-desperate-response-to-west-bank-resistance\">The Cradle<\/a> \/ Traduction MR<\/i><\/span><\/span><\/span><\/p>\n<p><span style=\"color: #000000;\"><span style=\"font-family: Verdana, sans-serif;\"><span style=\"font-size: medium;\"><span style=\"color: #201f1e;\"><span style=\"font-family: Vrinda, serif;\">[writers slug=yousef-fares]<\/span><\/span><\/span><\/span><\/span><\/p>\n","protected":false},"excerpt":{"rendered":"<p>Tel Aviv tente d\u00e9sesp\u00e9r\u00e9ment de contenir l\u2019influence croissante de l\u2019Axe de la R\u00e9sistance en Cisjordanie via une vieille politique rat\u00e9e d\u2019assassinat des dirigeants de la r\u00e9sistance \u00e0 Gaza. Comme le <a class=\"more-link\" href=\"https:\/\/ismfrance.org\/index.php\/2023\/09\/12\/des-assassinats-a-gaza-la-reponse-desesperee-disrael-a-la-resistance-en-cisjordanie\/\">Lire la suite &rarr;<\/a><\/p>\n","protected":false},"author":3,"featured_media":6558,"comment_status":"closed","ping_status":"closed","sticky":false,"template":"","format":"standard","meta":{"footnotes":""},"categories":[12,2],"tags":[155,228],"class_list":["post-6556","post","type-post","status-publish","format-standard","has-post-thumbnail","hentry","category-analyses","category-articles","tag-assassinats-cibles","tag-axe-de-la-resistance"],"yoast_head":"<!-- This site is optimized with the Yoast SEO plugin v27.2 - https:\/\/yoast.com\/product\/yoast-seo-wordpress\/ -->\n<title>Des assassinats \u00e0 Gaza ? La r\u00e9ponse d\u00e9sesp\u00e9r\u00e9e d\u2019Isra\u00ebl \u00e0 la r\u00e9sistance en Cisjordanie - International Solidarity Movement - ISM-France<\/title>\n<meta name=\"robots\" content=\"index, follow, max-snippet:-1, max-image-preview:large, max-video-preview:-1\" \/>\n<link rel=\"canonical\" href=\"https:\/\/ismfrance.org\/index.php\/2023\/09\/12\/des-assassinats-a-gaza-la-reponse-desesperee-disrael-a-la-resistance-en-cisjordanie\/\" \/>\n<meta property=\"og:locale\" content=\"fr_FR\" \/>\n<meta property=\"og:type\" content=\"article\" \/>\n<meta property=\"og:title\" content=\"Des assassinats \u00e0 Gaza ? La r\u00e9ponse d\u00e9sesp\u00e9r\u00e9e d\u2019Isra\u00ebl \u00e0 la r\u00e9sistance en Cisjordanie - International Solidarity Movement - ISM-France\" \/>\n<meta property=\"og:description\" content=\"Tel Aviv tente d\u00e9sesp\u00e9r\u00e9ment de contenir l\u2019influence croissante de l\u2019Axe de la R\u00e9sistance en Cisjordanie via une vieille politique rat\u00e9e d\u2019assassinat des dirigeants de la r\u00e9sistance \u00e0 Gaza. Comme le Lire la suite &rarr;\" \/>\n<meta property=\"og:url\" content=\"https:\/\/ismfrance.org\/index.php\/2023\/09\/12\/des-assassinats-a-gaza-la-reponse-desesperee-disrael-a-la-resistance-en-cisjordanie\/\" \/>\n<meta property=\"og:site_name\" content=\"International Solidarity Movement - ISM-France\" \/>\n<meta property=\"article:published_time\" content=\"2023-09-12T08:29:24+00:00\" \/>\n<meta property=\"article:modified_time\" content=\"2023-11-30T16:04:08+00:00\" \/>\n<meta property=\"og:image\" content=\"https:\/\/ismfrance.org\/wp-content\/uploads\/2023\/09\/cradle-assassinats-700x331.png\" \/>\n\t<meta property=\"og:image:width\" content=\"700\" \/>\n\t<meta property=\"og:image:height\" content=\"331\" \/>\n\t<meta property=\"og:image:type\" content=\"image\/png\" \/>\n<meta name=\"author\" content=\"mru_01\" \/>\n<meta name=\"twitter:card\" content=\"summary_large_image\" \/>\n<meta name=\"twitter:creator\" content=\"@ISMFRANCE\" \/>\n<meta name=\"twitter:site\" content=\"@ISMFRANCE\" \/>\n<meta name=\"twitter:label1\" content=\"\u00c9crit par\" \/>\n\t<meta name=\"twitter:data1\" content=\"mru_01\" \/>\n\t<meta name=\"twitter:label2\" content=\"Dur\u00e9e de lecture estim\u00e9e\" \/>\n\t<meta name=\"twitter:data2\" content=\"9 minutes\" \/>\n<script type=\"application\/ld+json\" class=\"yoast-schema-graph\">{\"@context\":\"https:\/\/schema.org\",\"@graph\":[{\"@type\":\"Article\",\"@id\":\"https:\/\/ismfrance.org\/index.php\/2023\/09\/12\/des-assassinats-a-gaza-la-reponse-desesperee-disrael-a-la-resistance-en-cisjordanie\/#article\",\"isPartOf\":{\"@id\":\"https:\/\/ismfrance.org\/index.php\/2023\/09\/12\/des-assassinats-a-gaza-la-reponse-desesperee-disrael-a-la-resistance-en-cisjordanie\/\"},\"author\":{\"name\":\"mru_01\",\"@id\":\"https:\/\/ismfrance.org\/#\/schema\/person\/3c411eb72adfaae19c0dca1f41fae01d\"},\"headline\":\"Des assassinats \u00e0 Gaza ? La r\u00e9ponse d\u00e9sesp\u00e9r\u00e9e d\u2019Isra\u00ebl \u00e0 la r\u00e9sistance en Cisjordanie\",\"datePublished\":\"2023-09-12T08:29:24+00:00\",\"dateModified\":\"2023-11-30T16:04:08+00:00\",\"mainEntityOfPage\":{\"@id\":\"https:\/\/ismfrance.org\/index.php\/2023\/09\/12\/des-assassinats-a-gaza-la-reponse-desesperee-disrael-a-la-resistance-en-cisjordanie\/\"},\"wordCount\":2342,\"publisher\":{\"@id\":\"https:\/\/ismfrance.org\/#organization\"},\"image\":{\"@id\":\"https:\/\/ismfrance.org\/index.php\/2023\/09\/12\/des-assassinats-a-gaza-la-reponse-desesperee-disrael-a-la-resistance-en-cisjordanie\/#primaryimage\"},\"thumbnailUrl\":\"https:\/\/ismfrance.org\/wp-content\/uploads\/2023\/09\/cradle-assassinats.png\",\"keywords\":[\"Assassinats cibl\u00e9s\",\"Axe de la R\u00e9sistance\"],\"articleSection\":[\"Analyses\",\"Articles\"],\"inLanguage\":\"fr-FR\"},{\"@type\":\"WebPage\",\"@id\":\"https:\/\/ismfrance.org\/index.php\/2023\/09\/12\/des-assassinats-a-gaza-la-reponse-desesperee-disrael-a-la-resistance-en-cisjordanie\/\",\"url\":\"https:\/\/ismfrance.org\/index.php\/2023\/09\/12\/des-assassinats-a-gaza-la-reponse-desesperee-disrael-a-la-resistance-en-cisjordanie\/\",\"name\":\"Des assassinats \u00e0 Gaza ? La r\u00e9ponse d\u00e9sesp\u00e9r\u00e9e d\u2019Isra\u00ebl \u00e0 la r\u00e9sistance en Cisjordanie - International Solidarity Movement - ISM-France\",\"isPartOf\":{\"@id\":\"https:\/\/ismfrance.org\/#website\"},\"primaryImageOfPage\":{\"@id\":\"https:\/\/ismfrance.org\/index.php\/2023\/09\/12\/des-assassinats-a-gaza-la-reponse-desesperee-disrael-a-la-resistance-en-cisjordanie\/#primaryimage\"},\"image\":{\"@id\":\"https:\/\/ismfrance.org\/index.php\/2023\/09\/12\/des-assassinats-a-gaza-la-reponse-desesperee-disrael-a-la-resistance-en-cisjordanie\/#primaryimage\"},\"thumbnailUrl\":\"https:\/\/ismfrance.org\/wp-content\/uploads\/2023\/09\/cradle-assassinats.png\",\"datePublished\":\"2023-09-12T08:29:24+00:00\",\"dateModified\":\"2023-11-30T16:04:08+00:00\",\"breadcrumb\":{\"@id\":\"https:\/\/ismfrance.org\/index.php\/2023\/09\/12\/des-assassinats-a-gaza-la-reponse-desesperee-disrael-a-la-resistance-en-cisjordanie\/#breadcrumb\"},\"inLanguage\":\"fr-FR\",\"potentialAction\":[{\"@type\":\"ReadAction\",\"target\":[\"https:\/\/ismfrance.org\/index.php\/2023\/09\/12\/des-assassinats-a-gaza-la-reponse-desesperee-disrael-a-la-resistance-en-cisjordanie\/\"]}]},{\"@type\":\"ImageObject\",\"inLanguage\":\"fr-FR\",\"@id\":\"https:\/\/ismfrance.org\/index.php\/2023\/09\/12\/des-assassinats-a-gaza-la-reponse-desesperee-disrael-a-la-resistance-en-cisjordanie\/#primaryimage\",\"url\":\"https:\/\/ismfrance.org\/wp-content\/uploads\/2023\/09\/cradle-assassinats.png\",\"contentUrl\":\"https:\/\/ismfrance.org\/wp-content\/uploads\/2023\/09\/cradle-assassinats.png\",\"width\":2088,\"height\":988},{\"@type\":\"BreadcrumbList\",\"@id\":\"https:\/\/ismfrance.org\/index.php\/2023\/09\/12\/des-assassinats-a-gaza-la-reponse-desesperee-disrael-a-la-resistance-en-cisjordanie\/#breadcrumb\",\"itemListElement\":[{\"@type\":\"ListItem\",\"position\":1,\"name\":\"Accueil\",\"item\":\"https:\/\/ismfrance.org\/\"},{\"@type\":\"ListItem\",\"position\":2,\"name\":\"Des assassinats \u00e0 Gaza ? La r\u00e9ponse d\u00e9sesp\u00e9r\u00e9e d\u2019Isra\u00ebl \u00e0 la r\u00e9sistance en Cisjordanie\"}]},{\"@type\":\"WebSite\",\"@id\":\"https:\/\/ismfrance.org\/#website\",\"url\":\"https:\/\/ismfrance.org\/\",\"name\":\"ISM Palestine France\",\"description\":\"Soutien aux luttes de lib\u00e9ration du peuple palestinien\",\"publisher\":{\"@id\":\"https:\/\/ismfrance.org\/#organization\"},\"potentialAction\":[{\"@type\":\"SearchAction\",\"target\":{\"@type\":\"EntryPoint\",\"urlTemplate\":\"https:\/\/ismfrance.org\/?s={search_term_string}\"},\"query-input\":{\"@type\":\"PropertyValueSpecification\",\"valueRequired\":true,\"valueName\":\"search_term_string\"}}],\"inLanguage\":\"fr-FR\"},{\"@type\":\"Organization\",\"@id\":\"https:\/\/ismfrance.org\/#organization\",\"name\":\"International Solidarity Movement\",\"url\":\"https:\/\/ismfrance.org\/\",\"logo\":{\"@type\":\"ImageObject\",\"inLanguage\":\"fr-FR\",\"@id\":\"https:\/\/ismfrance.org\/#\/schema\/logo\/image\/\",\"url\":\"https:\/\/ismfrance.org\/wp-content\/uploads\/2020\/12\/00.png\",\"contentUrl\":\"https:\/\/ismfrance.org\/wp-content\/uploads\/2020\/12\/00.png\",\"width\":400,\"height\":400,\"caption\":\"International Solidarity Movement\"},\"image\":{\"@id\":\"https:\/\/ismfrance.org\/#\/schema\/logo\/image\/\"},\"sameAs\":[\"https:\/\/x.com\/ISMFRANCE\"]},{\"@type\":\"Person\",\"@id\":\"https:\/\/ismfrance.org\/#\/schema\/person\/3c411eb72adfaae19c0dca1f41fae01d\",\"name\":\"mru_01\",\"image\":{\"@type\":\"ImageObject\",\"inLanguage\":\"fr-FR\",\"@id\":\"https:\/\/secure.gravatar.com\/avatar\/3a0be343b445d2ccc79e87444a294fad2b232e90d2051d0e3cc219e1ecd6a330?s=96&d=mm&r=g\",\"url\":\"https:\/\/secure.gravatar.com\/avatar\/3a0be343b445d2ccc79e87444a294fad2b232e90d2051d0e3cc219e1ecd6a330?s=96&d=mm&r=g\",\"contentUrl\":\"https:\/\/secure.gravatar.com\/avatar\/3a0be343b445d2ccc79e87444a294fad2b232e90d2051d0e3cc219e1ecd6a330?s=96&d=mm&r=g\",\"caption\":\"mru_01\"},\"url\":\"https:\/\/ismfrance.org\/index.php\/author\/admin02\/\"}]}<\/script>\n<!-- \/ Yoast SEO plugin. -->","yoast_head_json":{"title":"Des assassinats \u00e0 Gaza ? La r\u00e9ponse d\u00e9sesp\u00e9r\u00e9e d\u2019Isra\u00ebl \u00e0 la r\u00e9sistance en Cisjordanie - International Solidarity Movement - ISM-France","robots":{"index":"index","follow":"follow","max-snippet":"max-snippet:-1","max-image-preview":"max-image-preview:large","max-video-preview":"max-video-preview:-1"},"canonical":"https:\/\/ismfrance.org\/index.php\/2023\/09\/12\/des-assassinats-a-gaza-la-reponse-desesperee-disrael-a-la-resistance-en-cisjordanie\/","og_locale":"fr_FR","og_type":"article","og_title":"Des assassinats \u00e0 Gaza ? La r\u00e9ponse d\u00e9sesp\u00e9r\u00e9e d\u2019Isra\u00ebl \u00e0 la r\u00e9sistance en Cisjordanie - International Solidarity Movement - ISM-France","og_description":"Tel Aviv tente d\u00e9sesp\u00e9r\u00e9ment de contenir l\u2019influence croissante de l\u2019Axe de la R\u00e9sistance en Cisjordanie via une vieille politique rat\u00e9e d\u2019assassinat des dirigeants de la r\u00e9sistance \u00e0 Gaza. Comme le Lire la suite &rarr;","og_url":"https:\/\/ismfrance.org\/index.php\/2023\/09\/12\/des-assassinats-a-gaza-la-reponse-desesperee-disrael-a-la-resistance-en-cisjordanie\/","og_site_name":"International Solidarity Movement - ISM-France","article_published_time":"2023-09-12T08:29:24+00:00","article_modified_time":"2023-11-30T16:04:08+00:00","og_image":[{"width":700,"height":331,"url":"https:\/\/ismfrance.org\/wp-content\/uploads\/2023\/09\/cradle-assassinats-700x331.png","type":"image\/png"}],"author":"mru_01","twitter_card":"summary_large_image","twitter_creator":"@ISMFRANCE","twitter_site":"@ISMFRANCE","twitter_misc":{"\u00c9crit par":"mru_01","Dur\u00e9e de lecture estim\u00e9e":"9 minutes"},"schema":{"@context":"https:\/\/schema.org","@graph":[{"@type":"Article","@id":"https:\/\/ismfrance.org\/index.php\/2023\/09\/12\/des-assassinats-a-gaza-la-reponse-desesperee-disrael-a-la-resistance-en-cisjordanie\/#article","isPartOf":{"@id":"https:\/\/ismfrance.org\/index.php\/2023\/09\/12\/des-assassinats-a-gaza-la-reponse-desesperee-disrael-a-la-resistance-en-cisjordanie\/"},"author":{"name":"mru_01","@id":"https:\/\/ismfrance.org\/#\/schema\/person\/3c411eb72adfaae19c0dca1f41fae01d"},"headline":"Des assassinats \u00e0 Gaza ? La r\u00e9ponse d\u00e9sesp\u00e9r\u00e9e d\u2019Isra\u00ebl \u00e0 la r\u00e9sistance en Cisjordanie","datePublished":"2023-09-12T08:29:24+00:00","dateModified":"2023-11-30T16:04:08+00:00","mainEntityOfPage":{"@id":"https:\/\/ismfrance.org\/index.php\/2023\/09\/12\/des-assassinats-a-gaza-la-reponse-desesperee-disrael-a-la-resistance-en-cisjordanie\/"},"wordCount":2342,"publisher":{"@id":"https:\/\/ismfrance.org\/#organization"},"image":{"@id":"https:\/\/ismfrance.org\/index.php\/2023\/09\/12\/des-assassinats-a-gaza-la-reponse-desesperee-disrael-a-la-resistance-en-cisjordanie\/#primaryimage"},"thumbnailUrl":"https:\/\/ismfrance.org\/wp-content\/uploads\/2023\/09\/cradle-assassinats.png","keywords":["Assassinats cibl\u00e9s","Axe de la R\u00e9sistance"],"articleSection":["Analyses","Articles"],"inLanguage":"fr-FR"},{"@type":"WebPage","@id":"https:\/\/ismfrance.org\/index.php\/2023\/09\/12\/des-assassinats-a-gaza-la-reponse-desesperee-disrael-a-la-resistance-en-cisjordanie\/","url":"https:\/\/ismfrance.org\/index.php\/2023\/09\/12\/des-assassinats-a-gaza-la-reponse-desesperee-disrael-a-la-resistance-en-cisjordanie\/","name":"Des assassinats \u00e0 Gaza ? La r\u00e9ponse d\u00e9sesp\u00e9r\u00e9e d\u2019Isra\u00ebl \u00e0 la r\u00e9sistance en Cisjordanie - International Solidarity Movement - ISM-France","isPartOf":{"@id":"https:\/\/ismfrance.org\/#website"},"primaryImageOfPage":{"@id":"https:\/\/ismfrance.org\/index.php\/2023\/09\/12\/des-assassinats-a-gaza-la-reponse-desesperee-disrael-a-la-resistance-en-cisjordanie\/#primaryimage"},"image":{"@id":"https:\/\/ismfrance.org\/index.php\/2023\/09\/12\/des-assassinats-a-gaza-la-reponse-desesperee-disrael-a-la-resistance-en-cisjordanie\/#primaryimage"},"thumbnailUrl":"https:\/\/ismfrance.org\/wp-content\/uploads\/2023\/09\/cradle-assassinats.png","datePublished":"2023-09-12T08:29:24+00:00","dateModified":"2023-11-30T16:04:08+00:00","breadcrumb":{"@id":"https:\/\/ismfrance.org\/index.php\/2023\/09\/12\/des-assassinats-a-gaza-la-reponse-desesperee-disrael-a-la-resistance-en-cisjordanie\/#breadcrumb"},"inLanguage":"fr-FR","potentialAction":[{"@type":"ReadAction","target":["https:\/\/ismfrance.org\/index.php\/2023\/09\/12\/des-assassinats-a-gaza-la-reponse-desesperee-disrael-a-la-resistance-en-cisjordanie\/"]}]},{"@type":"ImageObject","inLanguage":"fr-FR","@id":"https:\/\/ismfrance.org\/index.php\/2023\/09\/12\/des-assassinats-a-gaza-la-reponse-desesperee-disrael-a-la-resistance-en-cisjordanie\/#primaryimage","url":"https:\/\/ismfrance.org\/wp-content\/uploads\/2023\/09\/cradle-assassinats.png","contentUrl":"https:\/\/ismfrance.org\/wp-content\/uploads\/2023\/09\/cradle-assassinats.png","width":2088,"height":988},{"@type":"BreadcrumbList","@id":"https:\/\/ismfrance.org\/index.php\/2023\/09\/12\/des-assassinats-a-gaza-la-reponse-desesperee-disrael-a-la-resistance-en-cisjordanie\/#breadcrumb","itemListElement":[{"@type":"ListItem","position":1,"name":"Accueil","item":"https:\/\/ismfrance.org\/"},{"@type":"ListItem","position":2,"name":"Des assassinats \u00e0 Gaza ? La r\u00e9ponse d\u00e9sesp\u00e9r\u00e9e d\u2019Isra\u00ebl \u00e0 la r\u00e9sistance en Cisjordanie"}]},{"@type":"WebSite","@id":"https:\/\/ismfrance.org\/#website","url":"https:\/\/ismfrance.org\/","name":"ISM Palestine France","description":"Soutien aux luttes de lib\u00e9ration du peuple palestinien","publisher":{"@id":"https:\/\/ismfrance.org\/#organization"},"potentialAction":[{"@type":"SearchAction","target":{"@type":"EntryPoint","urlTemplate":"https:\/\/ismfrance.org\/?s={search_term_string}"},"query-input":{"@type":"PropertyValueSpecification","valueRequired":true,"valueName":"search_term_string"}}],"inLanguage":"fr-FR"},{"@type":"Organization","@id":"https:\/\/ismfrance.org\/#organization","name":"International Solidarity Movement","url":"https:\/\/ismfrance.org\/","logo":{"@type":"ImageObject","inLanguage":"fr-FR","@id":"https:\/\/ismfrance.org\/#\/schema\/logo\/image\/","url":"https:\/\/ismfrance.org\/wp-content\/uploads\/2020\/12\/00.png","contentUrl":"https:\/\/ismfrance.org\/wp-content\/uploads\/2020\/12\/00.png","width":400,"height":400,"caption":"International Solidarity Movement"},"image":{"@id":"https:\/\/ismfrance.org\/#\/schema\/logo\/image\/"},"sameAs":["https:\/\/x.com\/ISMFRANCE"]},{"@type":"Person","@id":"https:\/\/ismfrance.org\/#\/schema\/person\/3c411eb72adfaae19c0dca1f41fae01d","name":"mru_01","image":{"@type":"ImageObject","inLanguage":"fr-FR","@id":"https:\/\/secure.gravatar.com\/avatar\/3a0be343b445d2ccc79e87444a294fad2b232e90d2051d0e3cc219e1ecd6a330?s=96&d=mm&r=g","url":"https:\/\/secure.gravatar.com\/avatar\/3a0be343b445d2ccc79e87444a294fad2b232e90d2051d0e3cc219e1ecd6a330?s=96&d=mm&r=g","contentUrl":"https:\/\/secure.gravatar.com\/avatar\/3a0be343b445d2ccc79e87444a294fad2b232e90d2051d0e3cc219e1ecd6a330?s=96&d=mm&r=g","caption":"mru_01"},"url":"https:\/\/ismfrance.org\/index.php\/author\/admin02\/"}]}},"_links":{"self":[{"href":"https:\/\/ismfrance.org\/index.php\/wp-json\/wp\/v2\/posts\/6556","targetHints":{"allow":["GET"]}}],"collection":[{"href":"https:\/\/ismfrance.org\/index.php\/wp-json\/wp\/v2\/posts"}],"about":[{"href":"https:\/\/ismfrance.org\/index.php\/wp-json\/wp\/v2\/types\/post"}],"author":[{"embeddable":true,"href":"https:\/\/ismfrance.org\/index.php\/wp-json\/wp\/v2\/users\/3"}],"replies":[{"embeddable":true,"href":"https:\/\/ismfrance.org\/index.php\/wp-json\/wp\/v2\/comments?post=6556"}],"version-history":[{"count":0,"href":"https:\/\/ismfrance.org\/index.php\/wp-json\/wp\/v2\/posts\/6556\/revisions"}],"wp:featuredmedia":[{"embeddable":true,"href":"https:\/\/ismfrance.org\/index.php\/wp-json\/wp\/v2\/media\/6558"}],"wp:attachment":[{"href":"https:\/\/ismfrance.org\/index.php\/wp-json\/wp\/v2\/media?parent=6556"}],"wp:term":[{"taxonomy":"category","embeddable":true,"href":"https:\/\/ismfrance.org\/index.php\/wp-json\/wp\/v2\/categories?post=6556"},{"taxonomy":"post_tag","embeddable":true,"href":"https:\/\/ismfrance.org\/index.php\/wp-json\/wp\/v2\/tags?post=6556"}],"curies":[{"name":"wp","href":"https:\/\/api.w.org\/{rel}","templated":true}]}}