{"id":6345,"date":"2023-07-30T10:52:19","date_gmt":"2023-07-30T08:52:19","guid":{"rendered":"https:\/\/ismfrance.org\/?p=6345"},"modified":"2023-07-30T10:52:19","modified_gmt":"2023-07-30T08:52:19","slug":"un-tribunal-israelien-ordonne-de-deplacer-un-village-palestinien-pour-agrandir-la-ville-israelienne-voisine","status":"publish","type":"post","link":"https:\/\/ismfrance.org\/index.php\/2023\/07\/30\/un-tribunal-israelien-ordonne-de-deplacer-un-village-palestinien-pour-agrandir-la-ville-israelienne-voisine\/","title":{"rendered":"Un tribunal isra\u00e9lien ordonne de d\u00e9placer un village palestinien pour agrandir la ville isra\u00e9lienne voisine"},"content":{"rendered":"<div id=\"attachment_6351\" style=\"width: 610px\" class=\"wp-caption aligncenter\"><a href=\"https:\/\/ismfrance.org\/wp-content\/uploads\/2023\/07\/ras-jrabah.jpg\"><img loading=\"lazy\" decoding=\"async\" aria-describedby=\"caption-attachment-6351\" class=\"wp-image-6351 size-large\" src=\"https:\/\/ismfrance.org\/wp-content\/uploads\/2023\/07\/ras-jrabah-700x344.jpg\" alt=\"\" width=\"600\" height=\"295\" srcset=\"https:\/\/ismfrance.org\/wp-content\/uploads\/2023\/07\/ras-jrabah-700x344.jpg 700w, https:\/\/ismfrance.org\/wp-content\/uploads\/2023\/07\/ras-jrabah-300x148.jpg 300w, https:\/\/ismfrance.org\/wp-content\/uploads\/2023\/07\/ras-jrabah-768x378.jpg 768w, https:\/\/ismfrance.org\/wp-content\/uploads\/2023\/07\/ras-jrabah-1320x649.jpg 1320w, https:\/\/ismfrance.org\/wp-content\/uploads\/2023\/07\/ras-jrabah.jpg 1444w\" sizes=\"auto, (max-width: 600px) 100vw, 600px\" \/><\/a><p id=\"caption-attachment-6351\" class=\"wp-caption-text\">Photo Waleed Alobra (<a href=\"https:\/\/www.amnesty.org\/fr\/latest\/news\/2022\/05\/israel-opt-scrap-plans-for-forced-transfer-of-palestinian-bedouin-village-ras-jrabah-in-the-negev-naqab\/\">Amnesty International<\/a>)<\/p><\/div>\n<p><span style=\"color: #000000;\"><span style=\"font-family: Tahoma, sans-serif;\"><span style=\"font-size: small;\"><strong>QNN, 29 juillet 2023<\/strong> &#8211; Un tribunal isra\u00e9lien a ordonn\u00e9 lundi aux familles palestiniennes du village de Ras Jrabah, dans le d\u00e9sert d&rsquo;Al-Naqab, en Palestine occup\u00e9e en 1948, de d\u00e9truire leurs maisons et de quitter le village pour agrandir la ville isra\u00e9lienne voisine de Dimona.<\/span><\/span><\/span><span style=\"color: #000000;\"><span style=\"font-family: Tahoma, sans-serif;\"><span style=\"font-size: small;\">Le tribunal de premi\u00e8re instance de Be\u2019er Sheva a donn\u00e9 aux familles jusqu\u2019en mars 2024 pour quitter leur village, affectant quelque 550 autochtones du village de Ras Jrabah. Les familles ont \u00e9galement \u00e9t\u00e9 condamn\u00e9es \u00e0 payer une somme de 117.000 shekels (29.000\u20ac) pour couvrir les frais juridiques.<\/span><\/span><\/span><\/p>\n<p><span style=\"color: #000000;\"><span style=\"font-family: Tahoma, sans-serif;\"><span style=\"font-size: small;\">L&rsquo;affaire Ras Jrabah a commenc\u00e9 en 2019 lorsque l&rsquo;Autorit\u00e9 fonci\u00e8re isra\u00e9lienne (ILA) a d\u00e9pos\u00e9 10 poursuites en expulsion contre 127 habitants du village et leurs familles.<\/span><\/span><\/span><\/p>\n<p><span style=\"color: #000000;\"><span style=\"font-family: Tahoma, sans-serif;\"><span style=\"font-size: small;\">L&rsquo;organisme gouvernemental a fait valoir que la pr\u00e9sence de Ras Jrabah &#8211; qui n&rsquo;est pas reconnu comme un village officiel par \u00ab\u00a0Isra\u00ebl\u00a0\u00bb &#8211; entravait l&rsquo;expansion de la ville voisine de Dimona.<\/span><\/span><\/span><\/p>\n<p><span style=\"color: #000000;\"><span style=\"font-family: Tahoma, sans-serif;\"><span style=\"font-size: small;\">Dimona a \u00e9t\u00e9 construit sur un terrain appartenant \u00e0 la tribu palestinienne indig\u00e8ne nomade d&rsquo;al-Hawashleh, qui poss\u00e8de \u00e9galement des terres dans le village voisin de Ras Jrabah.<\/span><\/span><\/span><\/p>\n<p><span style=\"color: #000000;\"><span style=\"font-family: Tahoma, sans-serif;\"><span style=\"font-size: small;\">Le gouvernement veut supprimer Ras Jrabah \u2013 une zone d&rsquo;environ 34 hectares \u2013 et la remplacer par un nouveau quartier pour les citoyens isra\u00e9liens, appel\u00e9 Rotem, qui comprendra des milliers de logements.<\/span><\/span><\/span><\/p>\n<p><span style=\"color: #000000;\"><span style=\"font-family: Tahoma, sans-serif;\"><span style=\"font-size: small;\"><a href=\"https:\/\/www.adalah.org\/en\/content\/view\/10864\">Adalah<\/a>, le centre juridique bas\u00e9 \u00e0 Ha\u00effa pour les droits des minorit\u00e9s arabes, qui repr\u00e9sente les r\u00e9sidents palestiniens, a d\u00e9clar\u00e9 qu&rsquo;il ferait appel de la d\u00e9cision.<\/span><\/span><\/span><\/p>\n<p><span style=\"color: #000000;\"><span style=\"font-family: Tahoma, sans-serif;\"><span style=\"font-size: small;\">Il a fait valoir que le tribunal avait \u00ab\u00a0ignor\u00e9\u00a0\u00bb les arguments des habitants dans son jugement.<\/span><\/span><\/span><\/p>\n<p><span style=\"color: #000000;\"><span style=\"font-family: Tahoma, sans-serif;\"><span style=\"font-size: small;\">\u00ab\u00a0Depuis la Nakba, l&rsquo;\u00c9tat d&rsquo;Isra\u00ebl a utilis\u00e9 une gamme d&rsquo;outils et de d\u00e9cisions politiques pour d\u00e9placer de force les r\u00e9sidents b\u00e9douins du Naqab\u00a0\u00bb, a d\u00e9clar\u00e9 Adalah dans un communiqu\u00e9.<\/span><\/span><\/span><\/p>\n<p><span style=\"color: #000000;\"><span style=\"font-family: Tahoma, sans-serif;\"><span style=\"font-size: small;\">\u00ab Leurs moyens de subsistance ont \u00e9t\u00e9 confin\u00e9s \u00e0 des zones restreintes et \u00e0 des cantons s\u00e9par\u00e9s, et ils ont \u00e9t\u00e9 soumis \u00e0 des conditions de vie difficiles, sans tenir compte de leurs besoins fondamentaux et de leur mode de vie.<\/span><\/span><\/span><\/p>\n<p><span style=\"color: #000000;\"><span style=\"font-family: Tahoma, sans-serif;\"><span style=\"font-size: small;\">\u00ab Le d\u00e9placement forc\u00e9 des habitants de Ras Jrabah pour agrandir la ville juive de Dimona, qui a \u00e9t\u00e9 construite sur les terres des habitants, est une preuve \u00e9vidente qu&rsquo;Isra\u00ebl commet le crime d&rsquo;apartheid contre ses citoyens palestiniens*.<\/span><\/span><\/span><\/p>\n<p><span style=\"color: #000000;\"><span style=\"font-family: Tahoma, sans-serif;\"><span style=\"font-size: small;\">Selon Adalah, les habitants de Ras Jrabah ont sugg\u00e9r\u00e9 que leur village soit int\u00e9gr\u00e9 dans la partie nouvellement planifi\u00e9e de Dimona, une demande qui a \u00e9t\u00e9 rejet\u00e9e.<\/span><\/span><\/span><\/p>\n<p><span style=\"color: #000000;\"><span style=\"font-family: Tahoma, sans-serif;\"><span style=\"font-size: small;\">Adalah a d\u00e9clar\u00e9 qu\u2019il consid\u00e8re la d\u00e9cision du tribunal comme une d\u00e9monstration brutale de la fa\u00e7on dont le r\u00e9gime foncier d\u2019Isra\u00ebl, ainsi que les cadres juridiques qu\u2019il a mis en place pour faciliter la d\u00e9possession, cr\u00e9ent un syst\u00e8me de s\u00e9gr\u00e9gation raciale qui \u00e9quivaut au crime d\u2019apartheid en vertu du droit international.<\/span><\/span><\/span><\/p>\n<p><span style=\"color: #000000;\"><span style=\"font-family: Tahoma, sans-serif;\"><span style=\"font-size: small;\">Pr\u00e8s de 100.000 Palestiniens vivent dans 35 villages b\u00e9douins d&rsquo;Al-Naqab et ne sont pas reconnus par le gouvernement d&rsquo;occupation isra\u00e9lien qui consid\u00e8re les r\u00e9sidents b\u00e9douins de ces villages comme des squatteurs ill\u00e9gaux et ne leur fournit pas les services ou infrastructures de base, y compris l&rsquo;\u00e9lectricit\u00e9, l&rsquo;eau , les \u00e9gouts, les routes, les \u00e9coles ou les h\u00f4pitaux.<\/span><\/span><\/span><\/p>\n<p><span style=\"color: #000000;\"><span style=\"font-family: Tahoma, sans-serif;\"><span style=\"font-size: small;\">*et au crime de nettoyage ethnique (voir article <a href=\"https:\/\/www.quidjustitiae.ca\/fr\/blogue\/genocide-et-nettoyage-ethnique-quelle-difference-en-droit-international-penal\">quidjustitiae<\/a>) (ndt)<\/span><\/span><\/span><\/p>\n<p><span style=\"color: #000000;\"><span style=\"font-family: Arial, sans-serif;\"><span style=\"font-size: medium;\"><span style=\"font-family: Tahoma, sans-serif;\"><span style=\"font-size: small;\">Article original en anglais sur <a href=\"https:\/\/qudsnen.co\/40934-2\/\">Quds News Network<\/a> \/ Traduction MR<\/span><\/span><\/span><\/span><\/span><\/p>\n","protected":false},"excerpt":{"rendered":"<p>QNN, 29 juillet 2023 &#8211; Un tribunal isra\u00e9lien a ordonn\u00e9 lundi aux familles palestiniennes du village de Ras Jrabah, dans le d\u00e9sert d&rsquo;Al-Naqab, en Palestine occup\u00e9e en 1948, de d\u00e9truire <a class=\"more-link\" href=\"https:\/\/ismfrance.org\/index.php\/2023\/07\/30\/un-tribunal-israelien-ordonne-de-deplacer-un-village-palestinien-pour-agrandir-la-ville-israelienne-voisine\/\">Lire la suite &rarr;<\/a><\/p>\n","protected":false},"author":3,"featured_media":6351,"comment_status":"closed","ping_status":"closed","sticky":false,"template":"","format":"standard","meta":{"footnotes":""},"categories":[2,14],"tags":[45],"class_list":["post-6345","post","type-post","status-publish","format-standard","has-post-thumbnail","hentry","category-articles","category-communiques","tag-nettoyage-ethnique"],"yoast_head":"<!-- This site is optimized with the Yoast SEO plugin v27.5 - https:\/\/yoast.com\/product\/yoast-seo-wordpress\/ -->\n<title>Un tribunal isra\u00e9lien ordonne de d\u00e9placer un village palestinien pour agrandir la ville isra\u00e9lienne voisine - International Solidarity Movement - ISM-France<\/title>\n<meta name=\"robots\" content=\"index, follow, max-snippet:-1, max-image-preview:large, max-video-preview:-1\" \/>\n<link rel=\"canonical\" href=\"https:\/\/ismfrance.org\/index.php\/2023\/07\/30\/un-tribunal-israelien-ordonne-de-deplacer-un-village-palestinien-pour-agrandir-la-ville-israelienne-voisine\/\" \/>\n<meta property=\"og:locale\" content=\"fr_FR\" \/>\n<meta property=\"og:type\" content=\"article\" \/>\n<meta property=\"og:title\" content=\"Un tribunal isra\u00e9lien ordonne de d\u00e9placer un village palestinien pour agrandir la ville isra\u00e9lienne voisine - International Solidarity Movement - ISM-France\" \/>\n<meta property=\"og:description\" content=\"QNN, 29 juillet 2023 &#8211; Un tribunal isra\u00e9lien a ordonn\u00e9 lundi aux familles palestiniennes du village de Ras Jrabah, dans le d\u00e9sert d&rsquo;Al-Naqab, en Palestine occup\u00e9e en 1948, de d\u00e9truire Lire la suite &rarr;\" \/>\n<meta property=\"og:url\" content=\"https:\/\/ismfrance.org\/index.php\/2023\/07\/30\/un-tribunal-israelien-ordonne-de-deplacer-un-village-palestinien-pour-agrandir-la-ville-israelienne-voisine\/\" \/>\n<meta property=\"og:site_name\" content=\"International Solidarity Movement - ISM-France\" \/>\n<meta property=\"article:published_time\" content=\"2023-07-30T08:52:19+00:00\" \/>\n<meta property=\"og:image\" content=\"https:\/\/ismfrance.org\/wp-content\/uploads\/2023\/07\/ras-jrabah.jpg\" \/>\n\t<meta property=\"og:image:width\" content=\"1444\" \/>\n\t<meta property=\"og:image:height\" content=\"710\" \/>\n\t<meta property=\"og:image:type\" content=\"image\/jpeg\" \/>\n<meta name=\"author\" content=\"mru_01\" \/>\n<meta name=\"twitter:card\" content=\"summary_large_image\" \/>\n<meta name=\"twitter:creator\" content=\"@ISMFRANCE\" \/>\n<meta name=\"twitter:site\" content=\"@ISMFRANCE\" \/>\n<meta name=\"twitter:label1\" content=\"\u00c9crit par\" \/>\n\t<meta name=\"twitter:data1\" content=\"mru_01\" \/>\n\t<meta name=\"twitter:label2\" content=\"Dur\u00e9e de lecture estim\u00e9e\" \/>\n\t<meta name=\"twitter:data2\" content=\"3 minutes\" \/>\n<script type=\"application\/ld+json\" class=\"yoast-schema-graph\">{\"@context\":\"https:\\\/\\\/schema.org\",\"@graph\":[{\"@type\":\"Article\",\"@id\":\"https:\\\/\\\/ismfrance.org\\\/index.php\\\/2023\\\/07\\\/30\\\/un-tribunal-israelien-ordonne-de-deplacer-un-village-palestinien-pour-agrandir-la-ville-israelienne-voisine\\\/#article\",\"isPartOf\":{\"@id\":\"https:\\\/\\\/ismfrance.org\\\/index.php\\\/2023\\\/07\\\/30\\\/un-tribunal-israelien-ordonne-de-deplacer-un-village-palestinien-pour-agrandir-la-ville-israelienne-voisine\\\/\"},\"author\":{\"name\":\"mru_01\",\"@id\":\"https:\\\/\\\/ismfrance.org\\\/#\\\/schema\\\/person\\\/3c411eb72adfaae19c0dca1f41fae01d\"},\"headline\":\"Un tribunal isra\u00e9lien ordonne de d\u00e9placer un village palestinien pour agrandir la ville isra\u00e9lienne voisine\",\"datePublished\":\"2023-07-30T08:52:19+00:00\",\"mainEntityOfPage\":{\"@id\":\"https:\\\/\\\/ismfrance.org\\\/index.php\\\/2023\\\/07\\\/30\\\/un-tribunal-israelien-ordonne-de-deplacer-un-village-palestinien-pour-agrandir-la-ville-israelienne-voisine\\\/\"},\"wordCount\":599,\"publisher\":{\"@id\":\"https:\\\/\\\/ismfrance.org\\\/#organization\"},\"image\":{\"@id\":\"https:\\\/\\\/ismfrance.org\\\/index.php\\\/2023\\\/07\\\/30\\\/un-tribunal-israelien-ordonne-de-deplacer-un-village-palestinien-pour-agrandir-la-ville-israelienne-voisine\\\/#primaryimage\"},\"thumbnailUrl\":\"https:\\\/\\\/ismfrance.org\\\/wp-content\\\/uploads\\\/2023\\\/07\\\/ras-jrabah.jpg\",\"keywords\":[\"nettoyage ethnique\"],\"articleSection\":[\"Articles\",\"Communiqu\u00e9s\"],\"inLanguage\":\"fr-FR\"},{\"@type\":\"WebPage\",\"@id\":\"https:\\\/\\\/ismfrance.org\\\/index.php\\\/2023\\\/07\\\/30\\\/un-tribunal-israelien-ordonne-de-deplacer-un-village-palestinien-pour-agrandir-la-ville-israelienne-voisine\\\/\",\"url\":\"https:\\\/\\\/ismfrance.org\\\/index.php\\\/2023\\\/07\\\/30\\\/un-tribunal-israelien-ordonne-de-deplacer-un-village-palestinien-pour-agrandir-la-ville-israelienne-voisine\\\/\",\"name\":\"Un tribunal isra\u00e9lien ordonne de d\u00e9placer un village palestinien pour agrandir la ville isra\u00e9lienne voisine - International Solidarity Movement - ISM-France\",\"isPartOf\":{\"@id\":\"https:\\\/\\\/ismfrance.org\\\/#website\"},\"primaryImageOfPage\":{\"@id\":\"https:\\\/\\\/ismfrance.org\\\/index.php\\\/2023\\\/07\\\/30\\\/un-tribunal-israelien-ordonne-de-deplacer-un-village-palestinien-pour-agrandir-la-ville-israelienne-voisine\\\/#primaryimage\"},\"image\":{\"@id\":\"https:\\\/\\\/ismfrance.org\\\/index.php\\\/2023\\\/07\\\/30\\\/un-tribunal-israelien-ordonne-de-deplacer-un-village-palestinien-pour-agrandir-la-ville-israelienne-voisine\\\/#primaryimage\"},\"thumbnailUrl\":\"https:\\\/\\\/ismfrance.org\\\/wp-content\\\/uploads\\\/2023\\\/07\\\/ras-jrabah.jpg\",\"datePublished\":\"2023-07-30T08:52:19+00:00\",\"breadcrumb\":{\"@id\":\"https:\\\/\\\/ismfrance.org\\\/index.php\\\/2023\\\/07\\\/30\\\/un-tribunal-israelien-ordonne-de-deplacer-un-village-palestinien-pour-agrandir-la-ville-israelienne-voisine\\\/#breadcrumb\"},\"inLanguage\":\"fr-FR\",\"potentialAction\":[{\"@type\":\"ReadAction\",\"target\":[\"https:\\\/\\\/ismfrance.org\\\/index.php\\\/2023\\\/07\\\/30\\\/un-tribunal-israelien-ordonne-de-deplacer-un-village-palestinien-pour-agrandir-la-ville-israelienne-voisine\\\/\"]}]},{\"@type\":\"ImageObject\",\"inLanguage\":\"fr-FR\",\"@id\":\"https:\\\/\\\/ismfrance.org\\\/index.php\\\/2023\\\/07\\\/30\\\/un-tribunal-israelien-ordonne-de-deplacer-un-village-palestinien-pour-agrandir-la-ville-israelienne-voisine\\\/#primaryimage\",\"url\":\"https:\\\/\\\/ismfrance.org\\\/wp-content\\\/uploads\\\/2023\\\/07\\\/ras-jrabah.jpg\",\"contentUrl\":\"https:\\\/\\\/ismfrance.org\\\/wp-content\\\/uploads\\\/2023\\\/07\\\/ras-jrabah.jpg\",\"width\":1444,\"height\":710},{\"@type\":\"BreadcrumbList\",\"@id\":\"https:\\\/\\\/ismfrance.org\\\/index.php\\\/2023\\\/07\\\/30\\\/un-tribunal-israelien-ordonne-de-deplacer-un-village-palestinien-pour-agrandir-la-ville-israelienne-voisine\\\/#breadcrumb\",\"itemListElement\":[{\"@type\":\"ListItem\",\"position\":1,\"name\":\"Accueil\",\"item\":\"https:\\\/\\\/ismfrance.org\\\/\"},{\"@type\":\"ListItem\",\"position\":2,\"name\":\"Un tribunal isra\u00e9lien ordonne de d\u00e9placer un village palestinien pour agrandir la ville isra\u00e9lienne voisine\"}]},{\"@type\":\"WebSite\",\"@id\":\"https:\\\/\\\/ismfrance.org\\\/#website\",\"url\":\"https:\\\/\\\/ismfrance.org\\\/\",\"name\":\"ISM Palestine France\",\"description\":\"Soutien aux luttes de lib\u00e9ration du peuple palestinien\",\"publisher\":{\"@id\":\"https:\\\/\\\/ismfrance.org\\\/#organization\"},\"potentialAction\":[{\"@type\":\"SearchAction\",\"target\":{\"@type\":\"EntryPoint\",\"urlTemplate\":\"https:\\\/\\\/ismfrance.org\\\/?s={search_term_string}\"},\"query-input\":{\"@type\":\"PropertyValueSpecification\",\"valueRequired\":true,\"valueName\":\"search_term_string\"}}],\"inLanguage\":\"fr-FR\"},{\"@type\":\"Organization\",\"@id\":\"https:\\\/\\\/ismfrance.org\\\/#organization\",\"name\":\"International Solidarity Movement\",\"url\":\"https:\\\/\\\/ismfrance.org\\\/\",\"logo\":{\"@type\":\"ImageObject\",\"inLanguage\":\"fr-FR\",\"@id\":\"https:\\\/\\\/ismfrance.org\\\/#\\\/schema\\\/logo\\\/image\\\/\",\"url\":\"https:\\\/\\\/ismfrance.org\\\/wp-content\\\/uploads\\\/2020\\\/12\\\/00.png\",\"contentUrl\":\"https:\\\/\\\/ismfrance.org\\\/wp-content\\\/uploads\\\/2020\\\/12\\\/00.png\",\"width\":400,\"height\":400,\"caption\":\"International Solidarity Movement\"},\"image\":{\"@id\":\"https:\\\/\\\/ismfrance.org\\\/#\\\/schema\\\/logo\\\/image\\\/\"},\"sameAs\":[\"https:\\\/\\\/x.com\\\/ISMFRANCE\"]},{\"@type\":\"Person\",\"@id\":\"https:\\\/\\\/ismfrance.org\\\/#\\\/schema\\\/person\\\/3c411eb72adfaae19c0dca1f41fae01d\",\"name\":\"mru_01\",\"image\":{\"@type\":\"ImageObject\",\"inLanguage\":\"fr-FR\",\"@id\":\"https:\\\/\\\/secure.gravatar.com\\\/avatar\\\/3a0be343b445d2ccc79e87444a294fad2b232e90d2051d0e3cc219e1ecd6a330?s=96&d=mm&r=g\",\"url\":\"https:\\\/\\\/secure.gravatar.com\\\/avatar\\\/3a0be343b445d2ccc79e87444a294fad2b232e90d2051d0e3cc219e1ecd6a330?s=96&d=mm&r=g\",\"contentUrl\":\"https:\\\/\\\/secure.gravatar.com\\\/avatar\\\/3a0be343b445d2ccc79e87444a294fad2b232e90d2051d0e3cc219e1ecd6a330?s=96&d=mm&r=g\",\"caption\":\"mru_01\"},\"url\":\"https:\\\/\\\/ismfrance.org\\\/index.php\\\/author\\\/admin02\\\/\"}]}<\/script>\n<!-- \/ Yoast SEO plugin. -->","yoast_head_json":{"title":"Un tribunal isra\u00e9lien ordonne de d\u00e9placer un village palestinien pour agrandir la ville isra\u00e9lienne voisine - International Solidarity Movement - ISM-France","robots":{"index":"index","follow":"follow","max-snippet":"max-snippet:-1","max-image-preview":"max-image-preview:large","max-video-preview":"max-video-preview:-1"},"canonical":"https:\/\/ismfrance.org\/index.php\/2023\/07\/30\/un-tribunal-israelien-ordonne-de-deplacer-un-village-palestinien-pour-agrandir-la-ville-israelienne-voisine\/","og_locale":"fr_FR","og_type":"article","og_title":"Un tribunal isra\u00e9lien ordonne de d\u00e9placer un village palestinien pour agrandir la ville isra\u00e9lienne voisine - International Solidarity Movement - ISM-France","og_description":"QNN, 29 juillet 2023 &#8211; Un tribunal isra\u00e9lien a ordonn\u00e9 lundi aux familles palestiniennes du village de Ras Jrabah, dans le d\u00e9sert d&rsquo;Al-Naqab, en Palestine occup\u00e9e en 1948, de d\u00e9truire Lire la suite &rarr;","og_url":"https:\/\/ismfrance.org\/index.php\/2023\/07\/30\/un-tribunal-israelien-ordonne-de-deplacer-un-village-palestinien-pour-agrandir-la-ville-israelienne-voisine\/","og_site_name":"International Solidarity Movement - ISM-France","article_published_time":"2023-07-30T08:52:19+00:00","og_image":[{"width":1444,"height":710,"url":"https:\/\/ismfrance.org\/wp-content\/uploads\/2023\/07\/ras-jrabah.jpg","type":"image\/jpeg"}],"author":"mru_01","twitter_card":"summary_large_image","twitter_creator":"@ISMFRANCE","twitter_site":"@ISMFRANCE","twitter_misc":{"\u00c9crit par":"mru_01","Dur\u00e9e de lecture estim\u00e9e":"3 minutes"},"schema":{"@context":"https:\/\/schema.org","@graph":[{"@type":"Article","@id":"https:\/\/ismfrance.org\/index.php\/2023\/07\/30\/un-tribunal-israelien-ordonne-de-deplacer-un-village-palestinien-pour-agrandir-la-ville-israelienne-voisine\/#article","isPartOf":{"@id":"https:\/\/ismfrance.org\/index.php\/2023\/07\/30\/un-tribunal-israelien-ordonne-de-deplacer-un-village-palestinien-pour-agrandir-la-ville-israelienne-voisine\/"},"author":{"name":"mru_01","@id":"https:\/\/ismfrance.org\/#\/schema\/person\/3c411eb72adfaae19c0dca1f41fae01d"},"headline":"Un tribunal isra\u00e9lien ordonne de d\u00e9placer un village palestinien pour agrandir la ville isra\u00e9lienne voisine","datePublished":"2023-07-30T08:52:19+00:00","mainEntityOfPage":{"@id":"https:\/\/ismfrance.org\/index.php\/2023\/07\/30\/un-tribunal-israelien-ordonne-de-deplacer-un-village-palestinien-pour-agrandir-la-ville-israelienne-voisine\/"},"wordCount":599,"publisher":{"@id":"https:\/\/ismfrance.org\/#organization"},"image":{"@id":"https:\/\/ismfrance.org\/index.php\/2023\/07\/30\/un-tribunal-israelien-ordonne-de-deplacer-un-village-palestinien-pour-agrandir-la-ville-israelienne-voisine\/#primaryimage"},"thumbnailUrl":"https:\/\/ismfrance.org\/wp-content\/uploads\/2023\/07\/ras-jrabah.jpg","keywords":["nettoyage ethnique"],"articleSection":["Articles","Communiqu\u00e9s"],"inLanguage":"fr-FR"},{"@type":"WebPage","@id":"https:\/\/ismfrance.org\/index.php\/2023\/07\/30\/un-tribunal-israelien-ordonne-de-deplacer-un-village-palestinien-pour-agrandir-la-ville-israelienne-voisine\/","url":"https:\/\/ismfrance.org\/index.php\/2023\/07\/30\/un-tribunal-israelien-ordonne-de-deplacer-un-village-palestinien-pour-agrandir-la-ville-israelienne-voisine\/","name":"Un tribunal isra\u00e9lien ordonne de d\u00e9placer un village palestinien pour agrandir la ville isra\u00e9lienne voisine - International Solidarity Movement - ISM-France","isPartOf":{"@id":"https:\/\/ismfrance.org\/#website"},"primaryImageOfPage":{"@id":"https:\/\/ismfrance.org\/index.php\/2023\/07\/30\/un-tribunal-israelien-ordonne-de-deplacer-un-village-palestinien-pour-agrandir-la-ville-israelienne-voisine\/#primaryimage"},"image":{"@id":"https:\/\/ismfrance.org\/index.php\/2023\/07\/30\/un-tribunal-israelien-ordonne-de-deplacer-un-village-palestinien-pour-agrandir-la-ville-israelienne-voisine\/#primaryimage"},"thumbnailUrl":"https:\/\/ismfrance.org\/wp-content\/uploads\/2023\/07\/ras-jrabah.jpg","datePublished":"2023-07-30T08:52:19+00:00","breadcrumb":{"@id":"https:\/\/ismfrance.org\/index.php\/2023\/07\/30\/un-tribunal-israelien-ordonne-de-deplacer-un-village-palestinien-pour-agrandir-la-ville-israelienne-voisine\/#breadcrumb"},"inLanguage":"fr-FR","potentialAction":[{"@type":"ReadAction","target":["https:\/\/ismfrance.org\/index.php\/2023\/07\/30\/un-tribunal-israelien-ordonne-de-deplacer-un-village-palestinien-pour-agrandir-la-ville-israelienne-voisine\/"]}]},{"@type":"ImageObject","inLanguage":"fr-FR","@id":"https:\/\/ismfrance.org\/index.php\/2023\/07\/30\/un-tribunal-israelien-ordonne-de-deplacer-un-village-palestinien-pour-agrandir-la-ville-israelienne-voisine\/#primaryimage","url":"https:\/\/ismfrance.org\/wp-content\/uploads\/2023\/07\/ras-jrabah.jpg","contentUrl":"https:\/\/ismfrance.org\/wp-content\/uploads\/2023\/07\/ras-jrabah.jpg","width":1444,"height":710},{"@type":"BreadcrumbList","@id":"https:\/\/ismfrance.org\/index.php\/2023\/07\/30\/un-tribunal-israelien-ordonne-de-deplacer-un-village-palestinien-pour-agrandir-la-ville-israelienne-voisine\/#breadcrumb","itemListElement":[{"@type":"ListItem","position":1,"name":"Accueil","item":"https:\/\/ismfrance.org\/"},{"@type":"ListItem","position":2,"name":"Un tribunal isra\u00e9lien ordonne de d\u00e9placer un village palestinien pour agrandir la ville isra\u00e9lienne voisine"}]},{"@type":"WebSite","@id":"https:\/\/ismfrance.org\/#website","url":"https:\/\/ismfrance.org\/","name":"ISM Palestine France","description":"Soutien aux luttes de lib\u00e9ration du peuple palestinien","publisher":{"@id":"https:\/\/ismfrance.org\/#organization"},"potentialAction":[{"@type":"SearchAction","target":{"@type":"EntryPoint","urlTemplate":"https:\/\/ismfrance.org\/?s={search_term_string}"},"query-input":{"@type":"PropertyValueSpecification","valueRequired":true,"valueName":"search_term_string"}}],"inLanguage":"fr-FR"},{"@type":"Organization","@id":"https:\/\/ismfrance.org\/#organization","name":"International Solidarity Movement","url":"https:\/\/ismfrance.org\/","logo":{"@type":"ImageObject","inLanguage":"fr-FR","@id":"https:\/\/ismfrance.org\/#\/schema\/logo\/image\/","url":"https:\/\/ismfrance.org\/wp-content\/uploads\/2020\/12\/00.png","contentUrl":"https:\/\/ismfrance.org\/wp-content\/uploads\/2020\/12\/00.png","width":400,"height":400,"caption":"International Solidarity Movement"},"image":{"@id":"https:\/\/ismfrance.org\/#\/schema\/logo\/image\/"},"sameAs":["https:\/\/x.com\/ISMFRANCE"]},{"@type":"Person","@id":"https:\/\/ismfrance.org\/#\/schema\/person\/3c411eb72adfaae19c0dca1f41fae01d","name":"mru_01","image":{"@type":"ImageObject","inLanguage":"fr-FR","@id":"https:\/\/secure.gravatar.com\/avatar\/3a0be343b445d2ccc79e87444a294fad2b232e90d2051d0e3cc219e1ecd6a330?s=96&d=mm&r=g","url":"https:\/\/secure.gravatar.com\/avatar\/3a0be343b445d2ccc79e87444a294fad2b232e90d2051d0e3cc219e1ecd6a330?s=96&d=mm&r=g","contentUrl":"https:\/\/secure.gravatar.com\/avatar\/3a0be343b445d2ccc79e87444a294fad2b232e90d2051d0e3cc219e1ecd6a330?s=96&d=mm&r=g","caption":"mru_01"},"url":"https:\/\/ismfrance.org\/index.php\/author\/admin02\/"}]}},"_links":{"self":[{"href":"https:\/\/ismfrance.org\/index.php\/wp-json\/wp\/v2\/posts\/6345","targetHints":{"allow":["GET"]}}],"collection":[{"href":"https:\/\/ismfrance.org\/index.php\/wp-json\/wp\/v2\/posts"}],"about":[{"href":"https:\/\/ismfrance.org\/index.php\/wp-json\/wp\/v2\/types\/post"}],"author":[{"embeddable":true,"href":"https:\/\/ismfrance.org\/index.php\/wp-json\/wp\/v2\/users\/3"}],"replies":[{"embeddable":true,"href":"https:\/\/ismfrance.org\/index.php\/wp-json\/wp\/v2\/comments?post=6345"}],"version-history":[{"count":0,"href":"https:\/\/ismfrance.org\/index.php\/wp-json\/wp\/v2\/posts\/6345\/revisions"}],"wp:featuredmedia":[{"embeddable":true,"href":"https:\/\/ismfrance.org\/index.php\/wp-json\/wp\/v2\/media\/6351"}],"wp:attachment":[{"href":"https:\/\/ismfrance.org\/index.php\/wp-json\/wp\/v2\/media?parent=6345"}],"wp:term":[{"taxonomy":"category","embeddable":true,"href":"https:\/\/ismfrance.org\/index.php\/wp-json\/wp\/v2\/categories?post=6345"},{"taxonomy":"post_tag","embeddable":true,"href":"https:\/\/ismfrance.org\/index.php\/wp-json\/wp\/v2\/tags?post=6345"}],"curies":[{"name":"wp","href":"https:\/\/api.w.org\/{rel}","templated":true}]}}