{"id":5734,"date":"2023-05-20T17:51:38","date_gmt":"2023-05-20T15:51:38","guid":{"rendered":"https:\/\/ismfrance.org\/?p=5734"},"modified":"2023-05-20T17:52:04","modified_gmt":"2023-05-20T15:52:04","slug":"le-cout-croissant-de-la-guerre-sur-nos-epaules","status":"publish","type":"post","link":"https:\/\/ismfrance.org\/index.php\/2023\/05\/20\/le-cout-croissant-de-la-guerre-sur-nos-epaules\/","title":{"rendered":"Le co\u00fbt croissant de la guerre sur nos \u00e9paules\u00a0"},"content":{"rendered":"<p><strong>Manlio Dinucci, 19 mai 2023. <\/strong>Dans son tour europ\u00e9en en Italie, Allemagne, France et Grande-Bretagne, Zelensky a recueilli de nouveaux milliards d\u2019euros et sterlings en aides militaires. Mais cela ne suffit pas. Il annonce maintenant que rapidement une coalition de pays europ\u00e9ens fournira \u00e0 Kiev des chasseurs-bombardiers \u00e0 utiliser contre la Russie.<a href=\"https:\/\/ismfrance.org\/wp-content\/uploads\/2023\/05\/aides-ukraine1.jpg\"><img loading=\"lazy\" decoding=\"async\" class=\" wp-image-5736 aligncenter\" src=\"https:\/\/ismfrance.org\/wp-content\/uploads\/2023\/05\/aides-ukraine1-687x700.jpg\" alt=\"\" width=\"520\" height=\"529\" srcset=\"https:\/\/ismfrance.org\/wp-content\/uploads\/2023\/05\/aides-ukraine1-687x700.jpg 687w, https:\/\/ismfrance.org\/wp-content\/uploads\/2023\/05\/aides-ukraine1-294x300.jpg 294w, https:\/\/ismfrance.org\/wp-content\/uploads\/2023\/05\/aides-ukraine1-768x783.jpg 768w, https:\/\/ismfrance.org\/wp-content\/uploads\/2023\/05\/aides-ukraine1.jpg 947w\" sizes=\"auto, (max-width: 520px) 100vw, 520px\" \/><\/a><\/p>\n<p>Parmi ceux-ci il pourrait y avoir des Tornado italiens avec capacit\u00e9 d\u2019attaque, y compris nucl\u00e9aire volant \u00e0 tr\u00e8s basse altitude pour \u00e9chapper aux radars ennemis. L\u2019Italie est d\u00e9sormais pays bellig\u00e9rant : en Sardaigne vient de se d\u00e9rouler un grand exercice OTAN de \u201cr\u00e9action rapide\u201d avec la participation de plus de 2 mille soldats d\u2019Allemagne, Belgique, Pays-Bas, Norv\u00e8ge et Lettonie. L\u2019Italie, en tant que nation h\u00f4te, a fourni aussi le support logistique. Cet exercice de guerre, cependant, ne s\u2019est pas d\u00e9roul\u00e9 sous commandement italien, mais sous commandement \u00e9tasunien.<\/p>\n<p>Tout ceci comporte une croissante d\u00e9pense militaire. Celle de l\u2019Europe a augment\u00e9 en 2022 de 13% par rapport \u00e0 l\u2019ann\u00e9e pr\u00e9c\u00e9dente, en enregistrant la plus forte augmentation depuis 30 ans. La d\u00e9pense militaire annuelle de l\u2019Italie a grimp\u00e9 en 2022 \u00e0 plus de 30 milliards d\u2019euros, soit une moyenne de plus de 80 millions d\u2019euros par jour. Selon l\u2019obligation prise avec l\u2019OTAN, l\u2019Italie doit amener sa propre d\u00e9pense militaire \u00e0 une moyenne de plus de 100 millions d\u2019euros par jour. Cette croissante saign\u00e9e d\u2019argent public pour financer la guerre aggrave la situation de la grande majorit\u00e9 de la population. Le co\u00fbt de la vie a enregistr\u00e9 une croissance en une ann\u00e9e de plus de 8%, surtout \u00e0 cause de l\u2019augmentation des prix \u00e9nerg\u00e9tiques provoqu\u00e9e par la strat\u00e9gie USA\/OTAN de bloquer les fournitures \u00e9nerg\u00e9tiques russes aux pays de l\u2019Union Europ\u00e9enne.<\/p>\n<p>\u00c0 l\u2019horizon se profile une crise encore plus grave, provoqu\u00e9e par la dette f\u00e9d\u00e9rale des \u00c9tats-Unis qui a doubl\u00e9 en dix ans, montant \u00e0 plus de 31 mille milliards de dollars. Face au risque de d\u00e9faillance (<em>default<\/em>), c\u2019est-\u00e0-dire d\u2019insolvabilit\u00e9, \u00e0 Washington on discute du rel\u00e8vement du \u201cplafond de dette\u201d. La secr\u00e9taire au Tr\u00e9sor elle-m\u00eame, Janet Yellen, pr\u00e9vient : \u201cUn <em>default<\/em> d\u00e9cha\u00eenerait une r\u00e9cession mondiale, risquerait de miner le leadership \u00e9conomique mondial des \u00c9tats-Unis et de susciter des doutes sur notre capacit\u00e9 \u00e0 d\u00e9fendre les int\u00e9r\u00eats de la s\u00e9curit\u00e9 nationale\u201d. Ce qui est le plus redout\u00e9 \u00e0 Washington est la d\u00e9dollarisation de l\u2019\u00e9conomie mondiale dans la mesure o\u00f9 sont utilis\u00e9es dans les \u00e9changes internationaux le yuan chinois et autres monnaies.<\/p>\n<p><em>Bref r\u00e9sum\u00e9 de la 99<sup>\u00e8me<\/sup> revue de presse internationale <strong>Grandangolo<\/strong> de vendredi 19 mai 2023 \u00e0 20h30 sur la cha\u00eene TV italienne <a href=\"https:\/\/www.byoblu.com\/2023\/05\/19\/il-crescente-costo-della-guerra-sulle-nostre-spalle-grandangolo-pangea\/\"><strong>Byoblu<\/strong><\/a><strong> \/ <\/strong>Traduit de l\u2019italien par M-A P<\/em><\/p>\n<p><span style=\"color: #201f1e;\"><span style=\"font-family: Vrinda, serif;\"><span style=\"font-size: medium;\">[writers slug=manlio-dinucci]<\/span><\/span><\/span><\/p>\n","protected":false},"excerpt":{"rendered":"<p>Manlio Dinucci, 19 mai 2023. Dans son tour europ\u00e9en en Italie, Allemagne, France et Grande-Bretagne, Zelensky a recueilli de nouveaux milliards d\u2019euros et sterlings en aides militaires. Mais cela ne <a class=\"more-link\" href=\"https:\/\/ismfrance.org\/index.php\/2023\/05\/20\/le-cout-croissant-de-la-guerre-sur-nos-epaules\/\">Lire la suite &rarr;<\/a><\/p>\n","protected":false},"author":3,"featured_media":5736,"comment_status":"closed","ping_status":"closed","sticky":false,"template":"","format":"standard","meta":{"footnotes":""},"categories":[12,2],"tags":[90],"class_list":["post-5734","post","type-post","status-publish","format-standard","has-post-thumbnail","hentry","category-analyses","category-articles","tag-geopolitique"],"yoast_head":"<!-- This site is optimized with the Yoast SEO plugin v27.5 - https:\/\/yoast.com\/product\/yoast-seo-wordpress\/ -->\n<title>Le co\u00fbt croissant de la guerre sur nos \u00e9paules\u00a0 - International Solidarity Movement - ISM-France<\/title>\n<meta name=\"robots\" content=\"index, follow, max-snippet:-1, max-image-preview:large, max-video-preview:-1\" \/>\n<link rel=\"canonical\" href=\"https:\/\/ismfrance.org\/index.php\/2023\/05\/20\/le-cout-croissant-de-la-guerre-sur-nos-epaules\/\" \/>\n<meta property=\"og:locale\" content=\"fr_FR\" \/>\n<meta property=\"og:type\" content=\"article\" \/>\n<meta property=\"og:title\" content=\"Le co\u00fbt croissant de la guerre sur nos \u00e9paules\u00a0 - International Solidarity Movement - ISM-France\" \/>\n<meta property=\"og:description\" content=\"Manlio Dinucci, 19 mai 2023. Dans son tour europ\u00e9en en Italie, Allemagne, France et Grande-Bretagne, Zelensky a recueilli de nouveaux milliards d\u2019euros et sterlings en aides militaires. Mais cela ne Lire la suite &rarr;\" \/>\n<meta property=\"og:url\" content=\"https:\/\/ismfrance.org\/index.php\/2023\/05\/20\/le-cout-croissant-de-la-guerre-sur-nos-epaules\/\" \/>\n<meta property=\"og:site_name\" content=\"International Solidarity Movement - ISM-France\" \/>\n<meta property=\"article:published_time\" content=\"2023-05-20T15:51:38+00:00\" \/>\n<meta property=\"article:modified_time\" content=\"2023-05-20T15:52:04+00:00\" \/>\n<meta property=\"og:image\" content=\"https:\/\/ismfrance.org\/wp-content\/uploads\/2023\/05\/aides-ukraine1.jpg\" \/>\n\t<meta property=\"og:image:width\" content=\"947\" \/>\n\t<meta property=\"og:image:height\" content=\"965\" \/>\n\t<meta property=\"og:image:type\" content=\"image\/jpeg\" \/>\n<meta name=\"author\" content=\"mru_01\" \/>\n<meta name=\"twitter:card\" content=\"summary_large_image\" \/>\n<meta name=\"twitter:creator\" content=\"@ISMFRANCE\" \/>\n<meta name=\"twitter:site\" content=\"@ISMFRANCE\" \/>\n<meta name=\"twitter:label1\" content=\"\u00c9crit par\" \/>\n\t<meta name=\"twitter:data1\" content=\"mru_01\" \/>\n\t<meta name=\"twitter:label2\" content=\"Dur\u00e9e de lecture estim\u00e9e\" \/>\n\t<meta name=\"twitter:data2\" content=\"3 minutes\" \/>\n<script type=\"application\/ld+json\" class=\"yoast-schema-graph\">{\"@context\":\"https:\\\/\\\/schema.org\",\"@graph\":[{\"@type\":\"Article\",\"@id\":\"https:\\\/\\\/ismfrance.org\\\/index.php\\\/2023\\\/05\\\/20\\\/le-cout-croissant-de-la-guerre-sur-nos-epaules\\\/#article\",\"isPartOf\":{\"@id\":\"https:\\\/\\\/ismfrance.org\\\/index.php\\\/2023\\\/05\\\/20\\\/le-cout-croissant-de-la-guerre-sur-nos-epaules\\\/\"},\"author\":{\"name\":\"mru_01\",\"@id\":\"https:\\\/\\\/ismfrance.org\\\/#\\\/schema\\\/person\\\/3c411eb72adfaae19c0dca1f41fae01d\"},\"headline\":\"Le co\u00fbt croissant de la guerre sur nos \u00e9paules\u00a0\",\"datePublished\":\"2023-05-20T15:51:38+00:00\",\"dateModified\":\"2023-05-20T15:52:04+00:00\",\"mainEntityOfPage\":{\"@id\":\"https:\\\/\\\/ismfrance.org\\\/index.php\\\/2023\\\/05\\\/20\\\/le-cout-croissant-de-la-guerre-sur-nos-epaules\\\/\"},\"wordCount\":480,\"publisher\":{\"@id\":\"https:\\\/\\\/ismfrance.org\\\/#organization\"},\"image\":{\"@id\":\"https:\\\/\\\/ismfrance.org\\\/index.php\\\/2023\\\/05\\\/20\\\/le-cout-croissant-de-la-guerre-sur-nos-epaules\\\/#primaryimage\"},\"thumbnailUrl\":\"https:\\\/\\\/ismfrance.org\\\/wp-content\\\/uploads\\\/2023\\\/05\\\/aides-ukraine1.jpg\",\"keywords\":[\"G\u00e9opolitique\"],\"articleSection\":[\"Analyses\",\"Articles\"],\"inLanguage\":\"fr-FR\"},{\"@type\":\"WebPage\",\"@id\":\"https:\\\/\\\/ismfrance.org\\\/index.php\\\/2023\\\/05\\\/20\\\/le-cout-croissant-de-la-guerre-sur-nos-epaules\\\/\",\"url\":\"https:\\\/\\\/ismfrance.org\\\/index.php\\\/2023\\\/05\\\/20\\\/le-cout-croissant-de-la-guerre-sur-nos-epaules\\\/\",\"name\":\"Le co\u00fbt croissant de la guerre sur nos \u00e9paules\u00a0 - International Solidarity Movement - ISM-France\",\"isPartOf\":{\"@id\":\"https:\\\/\\\/ismfrance.org\\\/#website\"},\"primaryImageOfPage\":{\"@id\":\"https:\\\/\\\/ismfrance.org\\\/index.php\\\/2023\\\/05\\\/20\\\/le-cout-croissant-de-la-guerre-sur-nos-epaules\\\/#primaryimage\"},\"image\":{\"@id\":\"https:\\\/\\\/ismfrance.org\\\/index.php\\\/2023\\\/05\\\/20\\\/le-cout-croissant-de-la-guerre-sur-nos-epaules\\\/#primaryimage\"},\"thumbnailUrl\":\"https:\\\/\\\/ismfrance.org\\\/wp-content\\\/uploads\\\/2023\\\/05\\\/aides-ukraine1.jpg\",\"datePublished\":\"2023-05-20T15:51:38+00:00\",\"dateModified\":\"2023-05-20T15:52:04+00:00\",\"breadcrumb\":{\"@id\":\"https:\\\/\\\/ismfrance.org\\\/index.php\\\/2023\\\/05\\\/20\\\/le-cout-croissant-de-la-guerre-sur-nos-epaules\\\/#breadcrumb\"},\"inLanguage\":\"fr-FR\",\"potentialAction\":[{\"@type\":\"ReadAction\",\"target\":[\"https:\\\/\\\/ismfrance.org\\\/index.php\\\/2023\\\/05\\\/20\\\/le-cout-croissant-de-la-guerre-sur-nos-epaules\\\/\"]}]},{\"@type\":\"ImageObject\",\"inLanguage\":\"fr-FR\",\"@id\":\"https:\\\/\\\/ismfrance.org\\\/index.php\\\/2023\\\/05\\\/20\\\/le-cout-croissant-de-la-guerre-sur-nos-epaules\\\/#primaryimage\",\"url\":\"https:\\\/\\\/ismfrance.org\\\/wp-content\\\/uploads\\\/2023\\\/05\\\/aides-ukraine1.jpg\",\"contentUrl\":\"https:\\\/\\\/ismfrance.org\\\/wp-content\\\/uploads\\\/2023\\\/05\\\/aides-ukraine1.jpg\",\"width\":947,\"height\":965},{\"@type\":\"BreadcrumbList\",\"@id\":\"https:\\\/\\\/ismfrance.org\\\/index.php\\\/2023\\\/05\\\/20\\\/le-cout-croissant-de-la-guerre-sur-nos-epaules\\\/#breadcrumb\",\"itemListElement\":[{\"@type\":\"ListItem\",\"position\":1,\"name\":\"Accueil\",\"item\":\"https:\\\/\\\/ismfrance.org\\\/\"},{\"@type\":\"ListItem\",\"position\":2,\"name\":\"Le co\u00fbt croissant de la guerre sur nos \u00e9paules\u00a0\"}]},{\"@type\":\"WebSite\",\"@id\":\"https:\\\/\\\/ismfrance.org\\\/#website\",\"url\":\"https:\\\/\\\/ismfrance.org\\\/\",\"name\":\"ISM Palestine France\",\"description\":\"Soutien aux luttes de lib\u00e9ration du peuple palestinien\",\"publisher\":{\"@id\":\"https:\\\/\\\/ismfrance.org\\\/#organization\"},\"potentialAction\":[{\"@type\":\"SearchAction\",\"target\":{\"@type\":\"EntryPoint\",\"urlTemplate\":\"https:\\\/\\\/ismfrance.org\\\/?s={search_term_string}\"},\"query-input\":{\"@type\":\"PropertyValueSpecification\",\"valueRequired\":true,\"valueName\":\"search_term_string\"}}],\"inLanguage\":\"fr-FR\"},{\"@type\":\"Organization\",\"@id\":\"https:\\\/\\\/ismfrance.org\\\/#organization\",\"name\":\"International Solidarity Movement\",\"url\":\"https:\\\/\\\/ismfrance.org\\\/\",\"logo\":{\"@type\":\"ImageObject\",\"inLanguage\":\"fr-FR\",\"@id\":\"https:\\\/\\\/ismfrance.org\\\/#\\\/schema\\\/logo\\\/image\\\/\",\"url\":\"https:\\\/\\\/ismfrance.org\\\/wp-content\\\/uploads\\\/2020\\\/12\\\/00.png\",\"contentUrl\":\"https:\\\/\\\/ismfrance.org\\\/wp-content\\\/uploads\\\/2020\\\/12\\\/00.png\",\"width\":400,\"height\":400,\"caption\":\"International Solidarity Movement\"},\"image\":{\"@id\":\"https:\\\/\\\/ismfrance.org\\\/#\\\/schema\\\/logo\\\/image\\\/\"},\"sameAs\":[\"https:\\\/\\\/x.com\\\/ISMFRANCE\"]},{\"@type\":\"Person\",\"@id\":\"https:\\\/\\\/ismfrance.org\\\/#\\\/schema\\\/person\\\/3c411eb72adfaae19c0dca1f41fae01d\",\"name\":\"mru_01\",\"image\":{\"@type\":\"ImageObject\",\"inLanguage\":\"fr-FR\",\"@id\":\"https:\\\/\\\/secure.gravatar.com\\\/avatar\\\/3a0be343b445d2ccc79e87444a294fad2b232e90d2051d0e3cc219e1ecd6a330?s=96&d=mm&r=g\",\"url\":\"https:\\\/\\\/secure.gravatar.com\\\/avatar\\\/3a0be343b445d2ccc79e87444a294fad2b232e90d2051d0e3cc219e1ecd6a330?s=96&d=mm&r=g\",\"contentUrl\":\"https:\\\/\\\/secure.gravatar.com\\\/avatar\\\/3a0be343b445d2ccc79e87444a294fad2b232e90d2051d0e3cc219e1ecd6a330?s=96&d=mm&r=g\",\"caption\":\"mru_01\"},\"url\":\"https:\\\/\\\/ismfrance.org\\\/index.php\\\/author\\\/admin02\\\/\"}]}<\/script>\n<!-- \/ Yoast SEO plugin. -->","yoast_head_json":{"title":"Le co\u00fbt croissant de la guerre sur nos \u00e9paules\u00a0 - International Solidarity Movement - ISM-France","robots":{"index":"index","follow":"follow","max-snippet":"max-snippet:-1","max-image-preview":"max-image-preview:large","max-video-preview":"max-video-preview:-1"},"canonical":"https:\/\/ismfrance.org\/index.php\/2023\/05\/20\/le-cout-croissant-de-la-guerre-sur-nos-epaules\/","og_locale":"fr_FR","og_type":"article","og_title":"Le co\u00fbt croissant de la guerre sur nos \u00e9paules\u00a0 - International Solidarity Movement - ISM-France","og_description":"Manlio Dinucci, 19 mai 2023. Dans son tour europ\u00e9en en Italie, Allemagne, France et Grande-Bretagne, Zelensky a recueilli de nouveaux milliards d\u2019euros et sterlings en aides militaires. Mais cela ne Lire la suite &rarr;","og_url":"https:\/\/ismfrance.org\/index.php\/2023\/05\/20\/le-cout-croissant-de-la-guerre-sur-nos-epaules\/","og_site_name":"International Solidarity Movement - ISM-France","article_published_time":"2023-05-20T15:51:38+00:00","article_modified_time":"2023-05-20T15:52:04+00:00","og_image":[{"width":947,"height":965,"url":"https:\/\/ismfrance.org\/wp-content\/uploads\/2023\/05\/aides-ukraine1.jpg","type":"image\/jpeg"}],"author":"mru_01","twitter_card":"summary_large_image","twitter_creator":"@ISMFRANCE","twitter_site":"@ISMFRANCE","twitter_misc":{"\u00c9crit par":"mru_01","Dur\u00e9e de lecture estim\u00e9e":"3 minutes"},"schema":{"@context":"https:\/\/schema.org","@graph":[{"@type":"Article","@id":"https:\/\/ismfrance.org\/index.php\/2023\/05\/20\/le-cout-croissant-de-la-guerre-sur-nos-epaules\/#article","isPartOf":{"@id":"https:\/\/ismfrance.org\/index.php\/2023\/05\/20\/le-cout-croissant-de-la-guerre-sur-nos-epaules\/"},"author":{"name":"mru_01","@id":"https:\/\/ismfrance.org\/#\/schema\/person\/3c411eb72adfaae19c0dca1f41fae01d"},"headline":"Le co\u00fbt croissant de la guerre sur nos \u00e9paules\u00a0","datePublished":"2023-05-20T15:51:38+00:00","dateModified":"2023-05-20T15:52:04+00:00","mainEntityOfPage":{"@id":"https:\/\/ismfrance.org\/index.php\/2023\/05\/20\/le-cout-croissant-de-la-guerre-sur-nos-epaules\/"},"wordCount":480,"publisher":{"@id":"https:\/\/ismfrance.org\/#organization"},"image":{"@id":"https:\/\/ismfrance.org\/index.php\/2023\/05\/20\/le-cout-croissant-de-la-guerre-sur-nos-epaules\/#primaryimage"},"thumbnailUrl":"https:\/\/ismfrance.org\/wp-content\/uploads\/2023\/05\/aides-ukraine1.jpg","keywords":["G\u00e9opolitique"],"articleSection":["Analyses","Articles"],"inLanguage":"fr-FR"},{"@type":"WebPage","@id":"https:\/\/ismfrance.org\/index.php\/2023\/05\/20\/le-cout-croissant-de-la-guerre-sur-nos-epaules\/","url":"https:\/\/ismfrance.org\/index.php\/2023\/05\/20\/le-cout-croissant-de-la-guerre-sur-nos-epaules\/","name":"Le co\u00fbt croissant de la guerre sur nos \u00e9paules\u00a0 - International Solidarity Movement - ISM-France","isPartOf":{"@id":"https:\/\/ismfrance.org\/#website"},"primaryImageOfPage":{"@id":"https:\/\/ismfrance.org\/index.php\/2023\/05\/20\/le-cout-croissant-de-la-guerre-sur-nos-epaules\/#primaryimage"},"image":{"@id":"https:\/\/ismfrance.org\/index.php\/2023\/05\/20\/le-cout-croissant-de-la-guerre-sur-nos-epaules\/#primaryimage"},"thumbnailUrl":"https:\/\/ismfrance.org\/wp-content\/uploads\/2023\/05\/aides-ukraine1.jpg","datePublished":"2023-05-20T15:51:38+00:00","dateModified":"2023-05-20T15:52:04+00:00","breadcrumb":{"@id":"https:\/\/ismfrance.org\/index.php\/2023\/05\/20\/le-cout-croissant-de-la-guerre-sur-nos-epaules\/#breadcrumb"},"inLanguage":"fr-FR","potentialAction":[{"@type":"ReadAction","target":["https:\/\/ismfrance.org\/index.php\/2023\/05\/20\/le-cout-croissant-de-la-guerre-sur-nos-epaules\/"]}]},{"@type":"ImageObject","inLanguage":"fr-FR","@id":"https:\/\/ismfrance.org\/index.php\/2023\/05\/20\/le-cout-croissant-de-la-guerre-sur-nos-epaules\/#primaryimage","url":"https:\/\/ismfrance.org\/wp-content\/uploads\/2023\/05\/aides-ukraine1.jpg","contentUrl":"https:\/\/ismfrance.org\/wp-content\/uploads\/2023\/05\/aides-ukraine1.jpg","width":947,"height":965},{"@type":"BreadcrumbList","@id":"https:\/\/ismfrance.org\/index.php\/2023\/05\/20\/le-cout-croissant-de-la-guerre-sur-nos-epaules\/#breadcrumb","itemListElement":[{"@type":"ListItem","position":1,"name":"Accueil","item":"https:\/\/ismfrance.org\/"},{"@type":"ListItem","position":2,"name":"Le co\u00fbt croissant de la guerre sur nos \u00e9paules\u00a0"}]},{"@type":"WebSite","@id":"https:\/\/ismfrance.org\/#website","url":"https:\/\/ismfrance.org\/","name":"ISM Palestine France","description":"Soutien aux luttes de lib\u00e9ration du peuple palestinien","publisher":{"@id":"https:\/\/ismfrance.org\/#organization"},"potentialAction":[{"@type":"SearchAction","target":{"@type":"EntryPoint","urlTemplate":"https:\/\/ismfrance.org\/?s={search_term_string}"},"query-input":{"@type":"PropertyValueSpecification","valueRequired":true,"valueName":"search_term_string"}}],"inLanguage":"fr-FR"},{"@type":"Organization","@id":"https:\/\/ismfrance.org\/#organization","name":"International Solidarity Movement","url":"https:\/\/ismfrance.org\/","logo":{"@type":"ImageObject","inLanguage":"fr-FR","@id":"https:\/\/ismfrance.org\/#\/schema\/logo\/image\/","url":"https:\/\/ismfrance.org\/wp-content\/uploads\/2020\/12\/00.png","contentUrl":"https:\/\/ismfrance.org\/wp-content\/uploads\/2020\/12\/00.png","width":400,"height":400,"caption":"International Solidarity Movement"},"image":{"@id":"https:\/\/ismfrance.org\/#\/schema\/logo\/image\/"},"sameAs":["https:\/\/x.com\/ISMFRANCE"]},{"@type":"Person","@id":"https:\/\/ismfrance.org\/#\/schema\/person\/3c411eb72adfaae19c0dca1f41fae01d","name":"mru_01","image":{"@type":"ImageObject","inLanguage":"fr-FR","@id":"https:\/\/secure.gravatar.com\/avatar\/3a0be343b445d2ccc79e87444a294fad2b232e90d2051d0e3cc219e1ecd6a330?s=96&d=mm&r=g","url":"https:\/\/secure.gravatar.com\/avatar\/3a0be343b445d2ccc79e87444a294fad2b232e90d2051d0e3cc219e1ecd6a330?s=96&d=mm&r=g","contentUrl":"https:\/\/secure.gravatar.com\/avatar\/3a0be343b445d2ccc79e87444a294fad2b232e90d2051d0e3cc219e1ecd6a330?s=96&d=mm&r=g","caption":"mru_01"},"url":"https:\/\/ismfrance.org\/index.php\/author\/admin02\/"}]}},"_links":{"self":[{"href":"https:\/\/ismfrance.org\/index.php\/wp-json\/wp\/v2\/posts\/5734","targetHints":{"allow":["GET"]}}],"collection":[{"href":"https:\/\/ismfrance.org\/index.php\/wp-json\/wp\/v2\/posts"}],"about":[{"href":"https:\/\/ismfrance.org\/index.php\/wp-json\/wp\/v2\/types\/post"}],"author":[{"embeddable":true,"href":"https:\/\/ismfrance.org\/index.php\/wp-json\/wp\/v2\/users\/3"}],"replies":[{"embeddable":true,"href":"https:\/\/ismfrance.org\/index.php\/wp-json\/wp\/v2\/comments?post=5734"}],"version-history":[{"count":0,"href":"https:\/\/ismfrance.org\/index.php\/wp-json\/wp\/v2\/posts\/5734\/revisions"}],"wp:featuredmedia":[{"embeddable":true,"href":"https:\/\/ismfrance.org\/index.php\/wp-json\/wp\/v2\/media\/5736"}],"wp:attachment":[{"href":"https:\/\/ismfrance.org\/index.php\/wp-json\/wp\/v2\/media?parent=5734"}],"wp:term":[{"taxonomy":"category","embeddable":true,"href":"https:\/\/ismfrance.org\/index.php\/wp-json\/wp\/v2\/categories?post=5734"},{"taxonomy":"post_tag","embeddable":true,"href":"https:\/\/ismfrance.org\/index.php\/wp-json\/wp\/v2\/tags?post=5734"}],"curies":[{"name":"wp","href":"https:\/\/api.w.org\/{rel}","templated":true}]}}