{"id":5717,"date":"2023-05-20T10:35:32","date_gmt":"2023-05-20T08:35:32","guid":{"rendered":"https:\/\/ismfrance.org\/?p=5717"},"modified":"2023-05-20T10:38:09","modified_gmt":"2023-05-20T08:38:09","slug":"manifestation-a-lest-de-la-bande-gaza-contre-le-raid-des-colons-a-jerusalem-occupee","status":"publish","type":"post","link":"https:\/\/ismfrance.org\/index.php\/2023\/05\/20\/manifestation-a-lest-de-la-bande-gaza-contre-le-raid-des-colons-a-jerusalem-occupee\/","title":{"rendered":"Manifestation \u00e0 l&rsquo;est de la bande Gaza, contre le raid des colons \u00e0 J\u00e9rusalem occup\u00e9e"},"content":{"rendered":"<p><span style=\"color: #000000;\"><span style=\"font-family: Arial, sans-serif;\"><span style=\"font-size: medium;\"><strong>Anne Paq, 18 mai 2023<\/strong>. Des centaines de Palestiniens se rassemblent pour accrocher des drapeaux palestiniens sur la barri\u00e8re qui encercle Gaza, construite par Isra\u00ebl, pour protester contre le raid des colons sur la vieille ville de J\u00e9rusalem, surnomm\u00e9 la \u00ab Marche du drapeau \u00bb par les sionistes, \u00e0 l&rsquo;est de Shujayea, dans la bande de Gaza.<\/span><\/span><\/span><\/p>\n<div id=\"attachment_5718\" style=\"width: 610px\" class=\"wp-caption aligncenter\"><a href=\"https:\/\/ismfrance.org\/wp-content\/uploads\/2023\/05\/gaza-anne-paq.jpg\"><img loading=\"lazy\" decoding=\"async\" aria-describedby=\"caption-attachment-5718\" class=\"wp-image-5718 size-large\" src=\"https:\/\/ismfrance.org\/wp-content\/uploads\/2023\/05\/gaza-anne-paq-700x467.jpg\" alt=\"\" width=\"600\" height=\"400\" srcset=\"https:\/\/ismfrance.org\/wp-content\/uploads\/2023\/05\/gaza-anne-paq-700x467.jpg 700w, https:\/\/ismfrance.org\/wp-content\/uploads\/2023\/05\/gaza-anne-paq-300x200.jpg 300w, https:\/\/ismfrance.org\/wp-content\/uploads\/2023\/05\/gaza-anne-paq.jpg 720w\" sizes=\"auto, (max-width: 600px) 100vw, 600px\" \/><\/a><p id=\"caption-attachment-5718\" class=\"wp-caption-text\">Photos\u00a0:\u00a0@annepaq\u00a0\/<a href=\"https:\/\/www.activestills.org\/image\/50578\/\">Activestills<\/a><\/p><\/div>\n<p><span style=\"color: #000000;\"><span style=\"font-family: Arial, sans-serif;\"><span style=\"font-size: medium;\">Le raid annuel sur la vieille ville est un \u00e9v\u00e9nement annuel au cours duquel les colons juifs se r\u00e9jouissent de l&rsquo;occupation et de la colonisation de J\u00e9rusalem, scandant la haine et incitant \u00e0 la violence contre les r\u00e9sidents palestiniens de la ville. <\/span><\/span><\/span><\/p>\n<p><span style=\"color: #000000;\"><span style=\"font-family: Arial, sans-serif;\"><span style=\"font-size: medium;\">Le raid s&rsquo;est accompagn\u00e9 de plusieurs attaques contre des Palestiniens et des journalistes.<\/span><\/span><\/span><\/p>\n<p><em><strong>Note ISM-France<\/strong> : Ziad Medoukh, \u00e0 Gaza, pr\u00e9cise que les forces d&rsquo;occupation ont tir\u00e9 sur les manifestants pacifiques \u00e0 balles r\u00e9elles, grenades lacrymog\u00e8nes et assourdissantes. Les tirs isra\u00e9liens ont fait 5 bless\u00e9s palestiniens.<\/em><\/p>\n<p><a href=\"https:\/\/ismfrance.org\/wp-content\/uploads\/2023\/05\/manif1.jpg\"><img loading=\"lazy\" decoding=\"async\" class=\"alignnone size-full wp-image-5727\" src=\"https:\/\/ismfrance.org\/wp-content\/uploads\/2023\/05\/manif1.jpg\" alt=\"\" width=\"600\" height=\"399\" srcset=\"https:\/\/ismfrance.org\/wp-content\/uploads\/2023\/05\/manif1.jpg 600w, https:\/\/ismfrance.org\/wp-content\/uploads\/2023\/05\/manif1-300x200.jpg 300w\" sizes=\"auto, (max-width: 600px) 100vw, 600px\" \/><\/a> <a href=\"https:\/\/ismfrance.org\/wp-content\/uploads\/2023\/05\/manif2.jpg\"><img loading=\"lazy\" decoding=\"async\" class=\"alignnone size-large wp-image-5728\" src=\"https:\/\/ismfrance.org\/wp-content\/uploads\/2023\/05\/manif2.jpg\" alt=\"\" width=\"600\" height=\"399\" srcset=\"https:\/\/ismfrance.org\/wp-content\/uploads\/2023\/05\/manif2.jpg 600w, https:\/\/ismfrance.org\/wp-content\/uploads\/2023\/05\/manif2-300x200.jpg 300w\" sizes=\"auto, (max-width: 600px) 100vw, 600px\" \/><\/a> <a href=\"https:\/\/ismfrance.org\/wp-content\/uploads\/2023\/05\/manif3.jpg\"><img loading=\"lazy\" decoding=\"async\" class=\"alignnone size-large wp-image-5729\" src=\"https:\/\/ismfrance.org\/wp-content\/uploads\/2023\/05\/manif3-700x339.jpg\" alt=\"\" width=\"600\" height=\"291\" srcset=\"https:\/\/ismfrance.org\/wp-content\/uploads\/2023\/05\/manif3-700x339.jpg 700w, https:\/\/ismfrance.org\/wp-content\/uploads\/2023\/05\/manif3-300x145.jpg 300w, https:\/\/ismfrance.org\/wp-content\/uploads\/2023\/05\/manif3-768x372.jpg 768w, https:\/\/ismfrance.org\/wp-content\/uploads\/2023\/05\/manif3.jpg 930w\" sizes=\"auto, (max-width: 600px) 100vw, 600px\" \/><\/a> <a href=\"https:\/\/ismfrance.org\/wp-content\/uploads\/2023\/05\/manif4.jpg\"><img loading=\"lazy\" decoding=\"async\" class=\"alignnone size-large wp-image-5730\" src=\"https:\/\/ismfrance.org\/wp-content\/uploads\/2023\/05\/manif4-700x574.jpg\" alt=\"\" width=\"600\" height=\"492\" srcset=\"https:\/\/ismfrance.org\/wp-content\/uploads\/2023\/05\/manif4-700x574.jpg 700w, https:\/\/ismfrance.org\/wp-content\/uploads\/2023\/05\/manif4-300x246.jpg 300w, https:\/\/ismfrance.org\/wp-content\/uploads\/2023\/05\/manif4-768x630.jpg 768w, https:\/\/ismfrance.org\/wp-content\/uploads\/2023\/05\/manif4.jpg 920w\" sizes=\"auto, (max-width: 600px) 100vw, 600px\" \/><\/a><\/p>\n<p><span style=\"color: #201f1e;\"><span style=\"font-family: Vrinda, serif;\"><span style=\"font-size: medium;\">[writers slug=anne-paq]<\/span><\/span><\/span><\/p>\n","protected":false},"excerpt":{"rendered":"<p>Anne Paq, 18 mai 2023. Des centaines de Palestiniens se rassemblent pour accrocher des drapeaux palestiniens sur la barri\u00e8re qui encercle Gaza, construite par Isra\u00ebl, pour protester contre le raid <a class=\"more-link\" href=\"https:\/\/ismfrance.org\/index.php\/2023\/05\/20\/manifestation-a-lest-de-la-bande-gaza-contre-le-raid-des-colons-a-jerusalem-occupee\/\">Lire la suite &rarr;<\/a><\/p>\n","protected":false},"author":3,"featured_media":5718,"comment_status":"closed","ping_status":"closed","sticky":false,"template":"","format":"standard","meta":{"footnotes":""},"categories":[2,13],"tags":[25],"class_list":["post-5717","post","type-post","status-publish","format-standard","has-post-thumbnail","hentry","category-articles","category-temoignages","tag-gaza"],"yoast_head":"<!-- This site is optimized with the Yoast SEO plugin v27.5 - https:\/\/yoast.com\/product\/yoast-seo-wordpress\/ -->\n<title>Manifestation \u00e0 l&#039;est de la bande Gaza, contre le raid des colons \u00e0 J\u00e9rusalem occup\u00e9e - International Solidarity Movement - ISM-France<\/title>\n<meta name=\"robots\" content=\"index, follow, max-snippet:-1, max-image-preview:large, max-video-preview:-1\" \/>\n<link rel=\"canonical\" href=\"https:\/\/ismfrance.org\/index.php\/2023\/05\/20\/manifestation-a-lest-de-la-bande-gaza-contre-le-raid-des-colons-a-jerusalem-occupee\/\" \/>\n<meta property=\"og:locale\" content=\"fr_FR\" \/>\n<meta property=\"og:type\" content=\"article\" \/>\n<meta property=\"og:title\" content=\"Manifestation \u00e0 l&#039;est de la bande Gaza, contre le raid des colons \u00e0 J\u00e9rusalem occup\u00e9e - International Solidarity Movement - ISM-France\" \/>\n<meta property=\"og:description\" content=\"Anne Paq, 18 mai 2023. Des centaines de Palestiniens se rassemblent pour accrocher des drapeaux palestiniens sur la barri\u00e8re qui encercle Gaza, construite par Isra\u00ebl, pour protester contre le raid Lire la suite &rarr;\" \/>\n<meta property=\"og:url\" content=\"https:\/\/ismfrance.org\/index.php\/2023\/05\/20\/manifestation-a-lest-de-la-bande-gaza-contre-le-raid-des-colons-a-jerusalem-occupee\/\" \/>\n<meta property=\"og:site_name\" content=\"International Solidarity Movement - ISM-France\" \/>\n<meta property=\"article:published_time\" content=\"2023-05-20T08:35:32+00:00\" \/>\n<meta property=\"article:modified_time\" content=\"2023-05-20T08:38:09+00:00\" \/>\n<meta property=\"og:image\" content=\"https:\/\/ismfrance.org\/wp-content\/uploads\/2023\/05\/gaza-anne-paq.jpg\" \/>\n\t<meta property=\"og:image:width\" content=\"720\" \/>\n\t<meta property=\"og:image:height\" content=\"480\" \/>\n\t<meta property=\"og:image:type\" content=\"image\/jpeg\" \/>\n<meta name=\"author\" content=\"mru_01\" \/>\n<meta name=\"twitter:card\" content=\"summary_large_image\" \/>\n<meta name=\"twitter:creator\" content=\"@ISMFRANCE\" \/>\n<meta name=\"twitter:site\" content=\"@ISMFRANCE\" \/>\n<meta name=\"twitter:label1\" content=\"\u00c9crit par\" \/>\n\t<meta name=\"twitter:data1\" content=\"mru_01\" \/>\n\t<meta name=\"twitter:label2\" content=\"Dur\u00e9e de lecture estim\u00e9e\" \/>\n\t<meta name=\"twitter:data2\" content=\"2 minutes\" \/>\n<script type=\"application\/ld+json\" class=\"yoast-schema-graph\">{\"@context\":\"https:\\\/\\\/schema.org\",\"@graph\":[{\"@type\":\"Article\",\"@id\":\"https:\\\/\\\/ismfrance.org\\\/index.php\\\/2023\\\/05\\\/20\\\/manifestation-a-lest-de-la-bande-gaza-contre-le-raid-des-colons-a-jerusalem-occupee\\\/#article\",\"isPartOf\":{\"@id\":\"https:\\\/\\\/ismfrance.org\\\/index.php\\\/2023\\\/05\\\/20\\\/manifestation-a-lest-de-la-bande-gaza-contre-le-raid-des-colons-a-jerusalem-occupee\\\/\"},\"author\":{\"name\":\"mru_01\",\"@id\":\"https:\\\/\\\/ismfrance.org\\\/#\\\/schema\\\/person\\\/3c411eb72adfaae19c0dca1f41fae01d\"},\"headline\":\"Manifestation \u00e0 l&rsquo;est de la bande Gaza, contre le raid des colons \u00e0 J\u00e9rusalem occup\u00e9e\",\"datePublished\":\"2023-05-20T08:35:32+00:00\",\"dateModified\":\"2023-05-20T08:38:09+00:00\",\"mainEntityOfPage\":{\"@id\":\"https:\\\/\\\/ismfrance.org\\\/index.php\\\/2023\\\/05\\\/20\\\/manifestation-a-lest-de-la-bande-gaza-contre-le-raid-des-colons-a-jerusalem-occupee\\\/\"},\"wordCount\":180,\"publisher\":{\"@id\":\"https:\\\/\\\/ismfrance.org\\\/#organization\"},\"image\":{\"@id\":\"https:\\\/\\\/ismfrance.org\\\/index.php\\\/2023\\\/05\\\/20\\\/manifestation-a-lest-de-la-bande-gaza-contre-le-raid-des-colons-a-jerusalem-occupee\\\/#primaryimage\"},\"thumbnailUrl\":\"https:\\\/\\\/ismfrance.org\\\/wp-content\\\/uploads\\\/2023\\\/05\\\/gaza-anne-paq.jpg\",\"keywords\":[\"Gaza\"],\"articleSection\":[\"Articles\",\"T\u00e9moignages\"],\"inLanguage\":\"fr-FR\"},{\"@type\":\"WebPage\",\"@id\":\"https:\\\/\\\/ismfrance.org\\\/index.php\\\/2023\\\/05\\\/20\\\/manifestation-a-lest-de-la-bande-gaza-contre-le-raid-des-colons-a-jerusalem-occupee\\\/\",\"url\":\"https:\\\/\\\/ismfrance.org\\\/index.php\\\/2023\\\/05\\\/20\\\/manifestation-a-lest-de-la-bande-gaza-contre-le-raid-des-colons-a-jerusalem-occupee\\\/\",\"name\":\"Manifestation \u00e0 l'est de la bande Gaza, contre le raid des colons \u00e0 J\u00e9rusalem occup\u00e9e - International Solidarity Movement - ISM-France\",\"isPartOf\":{\"@id\":\"https:\\\/\\\/ismfrance.org\\\/#website\"},\"primaryImageOfPage\":{\"@id\":\"https:\\\/\\\/ismfrance.org\\\/index.php\\\/2023\\\/05\\\/20\\\/manifestation-a-lest-de-la-bande-gaza-contre-le-raid-des-colons-a-jerusalem-occupee\\\/#primaryimage\"},\"image\":{\"@id\":\"https:\\\/\\\/ismfrance.org\\\/index.php\\\/2023\\\/05\\\/20\\\/manifestation-a-lest-de-la-bande-gaza-contre-le-raid-des-colons-a-jerusalem-occupee\\\/#primaryimage\"},\"thumbnailUrl\":\"https:\\\/\\\/ismfrance.org\\\/wp-content\\\/uploads\\\/2023\\\/05\\\/gaza-anne-paq.jpg\",\"datePublished\":\"2023-05-20T08:35:32+00:00\",\"dateModified\":\"2023-05-20T08:38:09+00:00\",\"breadcrumb\":{\"@id\":\"https:\\\/\\\/ismfrance.org\\\/index.php\\\/2023\\\/05\\\/20\\\/manifestation-a-lest-de-la-bande-gaza-contre-le-raid-des-colons-a-jerusalem-occupee\\\/#breadcrumb\"},\"inLanguage\":\"fr-FR\",\"potentialAction\":[{\"@type\":\"ReadAction\",\"target\":[\"https:\\\/\\\/ismfrance.org\\\/index.php\\\/2023\\\/05\\\/20\\\/manifestation-a-lest-de-la-bande-gaza-contre-le-raid-des-colons-a-jerusalem-occupee\\\/\"]}]},{\"@type\":\"ImageObject\",\"inLanguage\":\"fr-FR\",\"@id\":\"https:\\\/\\\/ismfrance.org\\\/index.php\\\/2023\\\/05\\\/20\\\/manifestation-a-lest-de-la-bande-gaza-contre-le-raid-des-colons-a-jerusalem-occupee\\\/#primaryimage\",\"url\":\"https:\\\/\\\/ismfrance.org\\\/wp-content\\\/uploads\\\/2023\\\/05\\\/gaza-anne-paq.jpg\",\"contentUrl\":\"https:\\\/\\\/ismfrance.org\\\/wp-content\\\/uploads\\\/2023\\\/05\\\/gaza-anne-paq.jpg\",\"width\":720,\"height\":480},{\"@type\":\"BreadcrumbList\",\"@id\":\"https:\\\/\\\/ismfrance.org\\\/index.php\\\/2023\\\/05\\\/20\\\/manifestation-a-lest-de-la-bande-gaza-contre-le-raid-des-colons-a-jerusalem-occupee\\\/#breadcrumb\",\"itemListElement\":[{\"@type\":\"ListItem\",\"position\":1,\"name\":\"Accueil\",\"item\":\"https:\\\/\\\/ismfrance.org\\\/\"},{\"@type\":\"ListItem\",\"position\":2,\"name\":\"Manifestation \u00e0 l&#8217;est de la bande Gaza, contre le raid des colons \u00e0 J\u00e9rusalem occup\u00e9e\"}]},{\"@type\":\"WebSite\",\"@id\":\"https:\\\/\\\/ismfrance.org\\\/#website\",\"url\":\"https:\\\/\\\/ismfrance.org\\\/\",\"name\":\"ISM Palestine France\",\"description\":\"Soutien aux luttes de lib\u00e9ration du peuple palestinien\",\"publisher\":{\"@id\":\"https:\\\/\\\/ismfrance.org\\\/#organization\"},\"potentialAction\":[{\"@type\":\"SearchAction\",\"target\":{\"@type\":\"EntryPoint\",\"urlTemplate\":\"https:\\\/\\\/ismfrance.org\\\/?s={search_term_string}\"},\"query-input\":{\"@type\":\"PropertyValueSpecification\",\"valueRequired\":true,\"valueName\":\"search_term_string\"}}],\"inLanguage\":\"fr-FR\"},{\"@type\":\"Organization\",\"@id\":\"https:\\\/\\\/ismfrance.org\\\/#organization\",\"name\":\"International Solidarity Movement\",\"url\":\"https:\\\/\\\/ismfrance.org\\\/\",\"logo\":{\"@type\":\"ImageObject\",\"inLanguage\":\"fr-FR\",\"@id\":\"https:\\\/\\\/ismfrance.org\\\/#\\\/schema\\\/logo\\\/image\\\/\",\"url\":\"https:\\\/\\\/ismfrance.org\\\/wp-content\\\/uploads\\\/2020\\\/12\\\/00.png\",\"contentUrl\":\"https:\\\/\\\/ismfrance.org\\\/wp-content\\\/uploads\\\/2020\\\/12\\\/00.png\",\"width\":400,\"height\":400,\"caption\":\"International Solidarity Movement\"},\"image\":{\"@id\":\"https:\\\/\\\/ismfrance.org\\\/#\\\/schema\\\/logo\\\/image\\\/\"},\"sameAs\":[\"https:\\\/\\\/x.com\\\/ISMFRANCE\"]},{\"@type\":\"Person\",\"@id\":\"https:\\\/\\\/ismfrance.org\\\/#\\\/schema\\\/person\\\/3c411eb72adfaae19c0dca1f41fae01d\",\"name\":\"mru_01\",\"image\":{\"@type\":\"ImageObject\",\"inLanguage\":\"fr-FR\",\"@id\":\"https:\\\/\\\/secure.gravatar.com\\\/avatar\\\/3a0be343b445d2ccc79e87444a294fad2b232e90d2051d0e3cc219e1ecd6a330?s=96&d=mm&r=g\",\"url\":\"https:\\\/\\\/secure.gravatar.com\\\/avatar\\\/3a0be343b445d2ccc79e87444a294fad2b232e90d2051d0e3cc219e1ecd6a330?s=96&d=mm&r=g\",\"contentUrl\":\"https:\\\/\\\/secure.gravatar.com\\\/avatar\\\/3a0be343b445d2ccc79e87444a294fad2b232e90d2051d0e3cc219e1ecd6a330?s=96&d=mm&r=g\",\"caption\":\"mru_01\"},\"url\":\"https:\\\/\\\/ismfrance.org\\\/index.php\\\/author\\\/admin02\\\/\"}]}<\/script>\n<!-- \/ Yoast SEO plugin. -->","yoast_head_json":{"title":"Manifestation \u00e0 l'est de la bande Gaza, contre le raid des colons \u00e0 J\u00e9rusalem occup\u00e9e - International Solidarity Movement - ISM-France","robots":{"index":"index","follow":"follow","max-snippet":"max-snippet:-1","max-image-preview":"max-image-preview:large","max-video-preview":"max-video-preview:-1"},"canonical":"https:\/\/ismfrance.org\/index.php\/2023\/05\/20\/manifestation-a-lest-de-la-bande-gaza-contre-le-raid-des-colons-a-jerusalem-occupee\/","og_locale":"fr_FR","og_type":"article","og_title":"Manifestation \u00e0 l'est de la bande Gaza, contre le raid des colons \u00e0 J\u00e9rusalem occup\u00e9e - International Solidarity Movement - ISM-France","og_description":"Anne Paq, 18 mai 2023. Des centaines de Palestiniens se rassemblent pour accrocher des drapeaux palestiniens sur la barri\u00e8re qui encercle Gaza, construite par Isra\u00ebl, pour protester contre le raid Lire la suite &rarr;","og_url":"https:\/\/ismfrance.org\/index.php\/2023\/05\/20\/manifestation-a-lest-de-la-bande-gaza-contre-le-raid-des-colons-a-jerusalem-occupee\/","og_site_name":"International Solidarity Movement - ISM-France","article_published_time":"2023-05-20T08:35:32+00:00","article_modified_time":"2023-05-20T08:38:09+00:00","og_image":[{"width":720,"height":480,"url":"https:\/\/ismfrance.org\/wp-content\/uploads\/2023\/05\/gaza-anne-paq.jpg","type":"image\/jpeg"}],"author":"mru_01","twitter_card":"summary_large_image","twitter_creator":"@ISMFRANCE","twitter_site":"@ISMFRANCE","twitter_misc":{"\u00c9crit par":"mru_01","Dur\u00e9e de lecture estim\u00e9e":"2 minutes"},"schema":{"@context":"https:\/\/schema.org","@graph":[{"@type":"Article","@id":"https:\/\/ismfrance.org\/index.php\/2023\/05\/20\/manifestation-a-lest-de-la-bande-gaza-contre-le-raid-des-colons-a-jerusalem-occupee\/#article","isPartOf":{"@id":"https:\/\/ismfrance.org\/index.php\/2023\/05\/20\/manifestation-a-lest-de-la-bande-gaza-contre-le-raid-des-colons-a-jerusalem-occupee\/"},"author":{"name":"mru_01","@id":"https:\/\/ismfrance.org\/#\/schema\/person\/3c411eb72adfaae19c0dca1f41fae01d"},"headline":"Manifestation \u00e0 l&rsquo;est de la bande Gaza, contre le raid des colons \u00e0 J\u00e9rusalem occup\u00e9e","datePublished":"2023-05-20T08:35:32+00:00","dateModified":"2023-05-20T08:38:09+00:00","mainEntityOfPage":{"@id":"https:\/\/ismfrance.org\/index.php\/2023\/05\/20\/manifestation-a-lest-de-la-bande-gaza-contre-le-raid-des-colons-a-jerusalem-occupee\/"},"wordCount":180,"publisher":{"@id":"https:\/\/ismfrance.org\/#organization"},"image":{"@id":"https:\/\/ismfrance.org\/index.php\/2023\/05\/20\/manifestation-a-lest-de-la-bande-gaza-contre-le-raid-des-colons-a-jerusalem-occupee\/#primaryimage"},"thumbnailUrl":"https:\/\/ismfrance.org\/wp-content\/uploads\/2023\/05\/gaza-anne-paq.jpg","keywords":["Gaza"],"articleSection":["Articles","T\u00e9moignages"],"inLanguage":"fr-FR"},{"@type":"WebPage","@id":"https:\/\/ismfrance.org\/index.php\/2023\/05\/20\/manifestation-a-lest-de-la-bande-gaza-contre-le-raid-des-colons-a-jerusalem-occupee\/","url":"https:\/\/ismfrance.org\/index.php\/2023\/05\/20\/manifestation-a-lest-de-la-bande-gaza-contre-le-raid-des-colons-a-jerusalem-occupee\/","name":"Manifestation \u00e0 l'est de la bande Gaza, contre le raid des colons \u00e0 J\u00e9rusalem occup\u00e9e - International Solidarity Movement - ISM-France","isPartOf":{"@id":"https:\/\/ismfrance.org\/#website"},"primaryImageOfPage":{"@id":"https:\/\/ismfrance.org\/index.php\/2023\/05\/20\/manifestation-a-lest-de-la-bande-gaza-contre-le-raid-des-colons-a-jerusalem-occupee\/#primaryimage"},"image":{"@id":"https:\/\/ismfrance.org\/index.php\/2023\/05\/20\/manifestation-a-lest-de-la-bande-gaza-contre-le-raid-des-colons-a-jerusalem-occupee\/#primaryimage"},"thumbnailUrl":"https:\/\/ismfrance.org\/wp-content\/uploads\/2023\/05\/gaza-anne-paq.jpg","datePublished":"2023-05-20T08:35:32+00:00","dateModified":"2023-05-20T08:38:09+00:00","breadcrumb":{"@id":"https:\/\/ismfrance.org\/index.php\/2023\/05\/20\/manifestation-a-lest-de-la-bande-gaza-contre-le-raid-des-colons-a-jerusalem-occupee\/#breadcrumb"},"inLanguage":"fr-FR","potentialAction":[{"@type":"ReadAction","target":["https:\/\/ismfrance.org\/index.php\/2023\/05\/20\/manifestation-a-lest-de-la-bande-gaza-contre-le-raid-des-colons-a-jerusalem-occupee\/"]}]},{"@type":"ImageObject","inLanguage":"fr-FR","@id":"https:\/\/ismfrance.org\/index.php\/2023\/05\/20\/manifestation-a-lest-de-la-bande-gaza-contre-le-raid-des-colons-a-jerusalem-occupee\/#primaryimage","url":"https:\/\/ismfrance.org\/wp-content\/uploads\/2023\/05\/gaza-anne-paq.jpg","contentUrl":"https:\/\/ismfrance.org\/wp-content\/uploads\/2023\/05\/gaza-anne-paq.jpg","width":720,"height":480},{"@type":"BreadcrumbList","@id":"https:\/\/ismfrance.org\/index.php\/2023\/05\/20\/manifestation-a-lest-de-la-bande-gaza-contre-le-raid-des-colons-a-jerusalem-occupee\/#breadcrumb","itemListElement":[{"@type":"ListItem","position":1,"name":"Accueil","item":"https:\/\/ismfrance.org\/"},{"@type":"ListItem","position":2,"name":"Manifestation \u00e0 l&#8217;est de la bande Gaza, contre le raid des colons \u00e0 J\u00e9rusalem occup\u00e9e"}]},{"@type":"WebSite","@id":"https:\/\/ismfrance.org\/#website","url":"https:\/\/ismfrance.org\/","name":"ISM Palestine France","description":"Soutien aux luttes de lib\u00e9ration du peuple palestinien","publisher":{"@id":"https:\/\/ismfrance.org\/#organization"},"potentialAction":[{"@type":"SearchAction","target":{"@type":"EntryPoint","urlTemplate":"https:\/\/ismfrance.org\/?s={search_term_string}"},"query-input":{"@type":"PropertyValueSpecification","valueRequired":true,"valueName":"search_term_string"}}],"inLanguage":"fr-FR"},{"@type":"Organization","@id":"https:\/\/ismfrance.org\/#organization","name":"International Solidarity Movement","url":"https:\/\/ismfrance.org\/","logo":{"@type":"ImageObject","inLanguage":"fr-FR","@id":"https:\/\/ismfrance.org\/#\/schema\/logo\/image\/","url":"https:\/\/ismfrance.org\/wp-content\/uploads\/2020\/12\/00.png","contentUrl":"https:\/\/ismfrance.org\/wp-content\/uploads\/2020\/12\/00.png","width":400,"height":400,"caption":"International Solidarity Movement"},"image":{"@id":"https:\/\/ismfrance.org\/#\/schema\/logo\/image\/"},"sameAs":["https:\/\/x.com\/ISMFRANCE"]},{"@type":"Person","@id":"https:\/\/ismfrance.org\/#\/schema\/person\/3c411eb72adfaae19c0dca1f41fae01d","name":"mru_01","image":{"@type":"ImageObject","inLanguage":"fr-FR","@id":"https:\/\/secure.gravatar.com\/avatar\/3a0be343b445d2ccc79e87444a294fad2b232e90d2051d0e3cc219e1ecd6a330?s=96&d=mm&r=g","url":"https:\/\/secure.gravatar.com\/avatar\/3a0be343b445d2ccc79e87444a294fad2b232e90d2051d0e3cc219e1ecd6a330?s=96&d=mm&r=g","contentUrl":"https:\/\/secure.gravatar.com\/avatar\/3a0be343b445d2ccc79e87444a294fad2b232e90d2051d0e3cc219e1ecd6a330?s=96&d=mm&r=g","caption":"mru_01"},"url":"https:\/\/ismfrance.org\/index.php\/author\/admin02\/"}]}},"_links":{"self":[{"href":"https:\/\/ismfrance.org\/index.php\/wp-json\/wp\/v2\/posts\/5717","targetHints":{"allow":["GET"]}}],"collection":[{"href":"https:\/\/ismfrance.org\/index.php\/wp-json\/wp\/v2\/posts"}],"about":[{"href":"https:\/\/ismfrance.org\/index.php\/wp-json\/wp\/v2\/types\/post"}],"author":[{"embeddable":true,"href":"https:\/\/ismfrance.org\/index.php\/wp-json\/wp\/v2\/users\/3"}],"replies":[{"embeddable":true,"href":"https:\/\/ismfrance.org\/index.php\/wp-json\/wp\/v2\/comments?post=5717"}],"version-history":[{"count":0,"href":"https:\/\/ismfrance.org\/index.php\/wp-json\/wp\/v2\/posts\/5717\/revisions"}],"wp:featuredmedia":[{"embeddable":true,"href":"https:\/\/ismfrance.org\/index.php\/wp-json\/wp\/v2\/media\/5718"}],"wp:attachment":[{"href":"https:\/\/ismfrance.org\/index.php\/wp-json\/wp\/v2\/media?parent=5717"}],"wp:term":[{"taxonomy":"category","embeddable":true,"href":"https:\/\/ismfrance.org\/index.php\/wp-json\/wp\/v2\/categories?post=5717"},{"taxonomy":"post_tag","embeddable":true,"href":"https:\/\/ismfrance.org\/index.php\/wp-json\/wp\/v2\/tags?post=5717"}],"curies":[{"name":"wp","href":"https:\/\/api.w.org\/{rel}","templated":true}]}}