{"id":5705,"date":"2023-05-19T18:36:01","date_gmt":"2023-05-19T16:36:01","guid":{"rendered":"https:\/\/ismfrance.org\/?p=5705"},"modified":"2023-05-19T19:20:05","modified_gmt":"2023-05-19T17:20:05","slug":"pourquoi-israel-est-il-si-vital-pour-loccident","status":"publish","type":"post","link":"https:\/\/ismfrance.org\/index.php\/2023\/05\/19\/pourquoi-israel-est-il-si-vital-pour-loccident\/","title":{"rendered":"Pourquoi Isra\u00ebl est-il si vital pour l&rsquo;Occident ?"},"content":{"rendered":"<p><span style=\"color: #000000;\"><span style=\"font-family: Arial, sans-serif;\"><span style=\"font-size: medium;\"><b>Ghada Karmi, 18 mai 2023<\/b>. Il y a 75 ans cette semaine, un Etat anormal \u00e9tait impos\u00e9 au Moyen-Orient arabe. La nouvelle cr\u00e9ation \u00e9tait \u00e9trang\u00e8re dans tous les sens du terme \u00e0 la culture et \u00e0 la lutte anticoloniale de la r\u00e9gion, qu&rsquo;elle allait faire reculer &#8211; et elle n&rsquo;avait aucun ant\u00e9c\u00e9dent historique dans le monde arabe, malgr\u00e9 la promotion incessante de la mythologie biblique pour pr\u00e9tendre le contraire.<\/span><\/span><\/span><a href=\"https:\/\/ismfrance.org\/wp-content\/uploads\/2023\/05\/the-real-names-of-palestine.jpg\"><img loading=\"lazy\" decoding=\"async\" class=\"wp-image-5713 aligncenter\" src=\"https:\/\/ismfrance.org\/wp-content\/uploads\/2023\/05\/the-real-names-of-palestine.jpg\" alt=\"\" width=\"508\" height=\"504\" srcset=\"https:\/\/ismfrance.org\/wp-content\/uploads\/2023\/05\/the-real-names-of-palestine.jpg 680w, https:\/\/ismfrance.org\/wp-content\/uploads\/2023\/05\/the-real-names-of-palestine-300x298.jpg 300w, https:\/\/ismfrance.org\/wp-content\/uploads\/2023\/05\/the-real-names-of-palestine-150x150.jpg 150w, https:\/\/ismfrance.org\/wp-content\/uploads\/2023\/05\/the-real-names-of-palestine-144x144.jpg 144w\" sizes=\"auto, (max-width: 508px) 100vw, 508px\" \/><\/a><\/p>\n<p><span style=\"color: #000000;\"><span style=\"font-family: Arial, sans-serif;\"><span style=\"font-size: medium;\">D\u00e8s le d\u00e9but,\u00a0Isra\u00ebl\u00a0est une cr\u00e9ation occidentale\u00a0\u00a0: un \u00c9tat colonial de peuplement mis en place dans le but d&rsquo;absorber les Juifs du monde, ou autant d&rsquo;entre eux que possible venant de pr\u00e9f\u00e9rence des Etats-Unis\u00a0ou d&rsquo;Europe, o\u00f9 la plupart voulaient vivre.<\/span><\/span><\/span><\/p>\n<p><span style=\"color: #000000;\"><span style=\"font-family: Arial, sans-serif;\"><span style=\"font-size: medium;\">Le nouvel \u00c9tat a viol\u00e9 le droit international \u00e0 maintes reprises, a attaqu\u00e9 ses voisins, a pers\u00e9cut\u00e9 la population palestinienne d&rsquo;origine et lui a impos\u00e9 un syst\u00e8me d&rsquo;apartheid. \u00c9tonnamment, il est devenu le b\u00e9n\u00e9ficiaire du soutien ind\u00e9fectible des puissants \u00c9tats occidentaux, qu&rsquo;aucun de ses exc\u00e8s n&rsquo;a apparemment \u00e9branl\u00e9s.<\/span><\/span><\/span><\/p>\n<p><span style=\"color: #000000;\"><span style=\"font-family: Arial, sans-serif;\"><span style=\"font-size: medium;\">Les crimes de la Russie contre l&rsquo;Ukraine ont \u00e9t\u00e9 rapidement punis par l&rsquo;imposition de sanctions occidentales f\u00e9roces, tandis qu&rsquo;Isra\u00ebl a \u00e9t\u00e9 pardonn\u00e9 pour des crimes similaires contre les Palestiniens &#8211; et son statut privil\u00e9gi\u00e9 dans l&rsquo;estime occidentale n&rsquo;a pas chang\u00e9.<\/span><\/span><\/span><\/p>\n<p><span style=\"color: #000000;\"><span style=\"font-family: Arial, sans-serif;\"><span style=\"font-size: medium;\">Jusqu&rsquo;\u00e0 pr\u00e9sent cette ann\u00e9e, Isra\u00ebl a\u00a0tu\u00e9 plus de 130\u00a0Palestiniens, a maintenu son\u00a0si\u00e8ge de Gaza, actuellement victime d&rsquo;encore plus de bombardements isra\u00e9liens, et a continu\u00e9 \u00e0 poursuivre davantage de vols de terres et d&rsquo;expulsions de Palestiniens de souche. Comme si rien de tout cela ne se produisait, les relations Isra\u00ebl-Occident continuent d&rsquo;\u00eatre au beau fixe.<\/span><\/span><\/span><\/p>\n<p><span style=\"color: #000000;\"><span style=\"font-family: Arial, sans-serif;\"><span style=\"font-size: medium;\">Apr\u00e8s 75 ans de parti-pris occidental pro-isra\u00e9lien flagrant, qui va \u00e0 l&rsquo;encontre de la justice naturelle et de la d\u00e9cence commune, c&rsquo;est le moment de r\u00e9fl\u00e9chir aux origines de ce parti-pris. Son effet a \u00e9t\u00e9 de prot\u00e9ger Isra\u00ebl des repr\u00e9sailles, lui permettant d&rsquo;agir en toute impunit\u00e9.<\/span><\/span><\/span><\/p>\n<p><span style=\"color: #000000;\"><span style=\"font-family: Arial, sans-serif;\"><span style=\"font-size: medium;\">Si au lieu de cela, Isra\u00ebl avait \u00e9t\u00e9 livr\u00e9 \u00e0 lui-m\u00eame, la lutte palestinienne pour la libert\u00e9 aurait\u00a0\u00e9t\u00e9 courte, et la communaut\u00e9 des colons en Palestine aurait \u00e9t\u00e9 progressivement et pacifiquement absorb\u00e9e dans la r\u00e9gion.<\/span><\/span><\/span><\/p>\n<p><span style=\"color: #000000;\"><span style=\"font-family: Arial, sans-serif;\"><span style=\"font-size: large;\"><b>Exploiter la Palestine<\/b><\/span><\/span><\/span><\/p>\n<p><span style=\"color: #000000;\"><span style=\"font-family: Arial, sans-serif;\"><span style=\"font-size: medium;\">Mais cela n&rsquo;a jamais pu advenir. Pour les \u00c9tats occidentaux, au lendemain de la Seconde Guerre mondiale et de ses effets d\u00e9vastateurs sur leurs populations juives, la Palestine \u00e9tait une aubaine \u00e0 exploiter.<\/span><\/span><\/span><\/p>\n<p><span style=\"color: #000000;\"><span style=\"font-family: Arial, sans-serif;\"><span style=\"font-size: medium;\">La longue pers\u00e9cution des Juifs en Europe, culminant avec l&rsquo;Holocauste et l&rsquo;exode des r\u00e9fugi\u00e9s juifs, avait besoin d&rsquo;une solution urgente &#8211; mais pas en Europe ou aux \u00c9tats-Unis, car ils avaient d\u00e9j\u00e0 refus\u00e9 d&rsquo;admettre des Juifs fuyant la pers\u00e9cution nazie en 1938. O\u00f9 mieux les envoyer que la Palestine, alors sous domination coloniale britannique et incapable d&rsquo;organiser une r\u00e9sistance efficace \u00e0 un afflux \u00e9tranger de Juifs ?<\/span><\/span><\/span><\/p>\n<p><span style=\"color: #000000;\"><span style=\"font-family: Arial, sans-serif;\"><span style=\"font-size: medium;\">La <a href=\"https:\/\/avalon.law.yale.edu\/20th_century\/angpre.asp\">commission d&rsquo;enqu\u00eate anglo-am\u00e9ricaine de 1946<\/a> a \u00e9t\u00e9 cr\u00e9\u00e9e pr\u00e9cis\u00e9ment pour \u00e9valuer la capacit\u00e9 du pays \u00e0 absorber cet afflux et \u00e0 offrir un refuge \u00e0 un peuple que les \u00c9tats occidentaux avaient rejet\u00e9.<\/span><\/span><\/span><\/p>\n<p><span style=\"color: #000000;\"><span style=\"font-family: Arial, sans-serif;\"><span style=\"font-size: medium;\">Les Palestiniens furent tr\u00e8s t\u00f4t conscients du danger que repr\u00e9sentait le sionisme pour leur pays et ils se sont indign\u00e9s qu&rsquo;il soit utilis\u00e9 comme solution \u00e0 la pers\u00e9cution des Juifs en Europe. L&rsquo;impulsion occidentale pour la r\u00e9compense, particuli\u00e8rement forte au lendemain de la Seconde Guerre mondiale, a domin\u00e9 la d\u00e9cision d&rsquo;admettre Isra\u00ebl en tant qu&rsquo;\u00c9tat membre de l&rsquo;ONU en 1949, malgr\u00e9 plusieurs\u00a0r\u00e9serves.<\/span><\/span><\/span><\/p>\n<p><span style=\"color: #000000;\"><span style=\"font-family: Arial, sans-serif;\"><span style=\"font-size: medium;\">Rien d&rsquo;autre n&rsquo;explique l&rsquo;admission par l&rsquo;ONU d&rsquo;un \u00c9tat qui bafouait la Charte des Nations Unies, n&rsquo;avait pas fix\u00e9 de fronti\u00e8res, avait \u00e9t\u00e9 cr\u00e9\u00e9 par la violence et le nettoyage ethnique, n&rsquo;avait d\u00e9montr\u00e9 aucune capacit\u00e9 \u00e0 vivre en paix et n&rsquo;avait pas \u00e9t\u00e9 en mesure de donner l&rsquo;assurance qu&rsquo;il respecterait\u00a0les r\u00e9solutions de l&rsquo;ONU\u00a0sur la statut de J\u00e9rusalem ou le retour des r\u00e9fugi\u00e9s\u00a0palestiniens.<\/span><\/span><\/span><\/p>\n<p><span style=\"color: #000000;\"><span style=\"font-family: Arial, sans-serif;\"><span style=\"font-size: medium;\">Le don de la Palestine en compensation aux Juifs pour leurs souffrances, notamment l&rsquo;antis\u00e9mitisme occidental\u00a0qui \u00e9tait derri\u00e8re, a \u00e9t\u00e9 fondamental pour le soutien occidental \u00e0 Isra\u00ebl, bien qu&rsquo;il soit peu probable que quiconque en soit conscient aujourd&rsquo;hui. L&rsquo;h\u00e9ritage r\u00e9siduel de la culpabilit\u00e9 sur la souffrance des Juifs et l&rsquo;id\u00e9e que les Juifs doivent avoir un \u00c9tat sont encore profond\u00e9ment ancr\u00e9s dans la psychologie occidentale &#8211; le plus \u00e9videmment en Allemagne, mais aussi ailleurs en Europe et parmi les Am\u00e9ricains d&rsquo;origine europ\u00e9enne.<\/span><\/span><\/span><\/p>\n<p><span style=\"color: #000000;\"><span style=\"font-family: Arial, sans-serif;\"><span style=\"font-size: large;\"><b>Statut particulier<\/b><\/span><\/span><\/span><\/p>\n<p><span style=\"color: #000000;\"><span style=\"font-family: Arial, sans-serif;\"><span style=\"font-size: large;\"><span style=\"font-size: medium;\">La persistance de l&rsquo;antis\u00e9mitisme a dot\u00e9 Isra\u00ebl d&rsquo;un statut sp\u00e9cial, \u00e0 pr\u00e9server en tant qu&rsquo;\u00c9tat juif. Son utilit\u00e9 en tant qu&rsquo;agent de l&rsquo;imp\u00e9rialisme occidental au Moyen-Orient et au-del\u00e0, &#8211; et source de technologie de surveillance\u00a0et d&rsquo;armes test\u00e9es sur le terrain (sur les Palestiniens) -, ajoute \u00e0 son attrait. Mais ces ressources ne peuvent \u00e0 elles seules expliquer la position intouchable, voire sacr\u00e9e, que l&rsquo;Occident accorde \u00e0 Isra\u00ebl.<\/span><\/span><\/span><\/span><\/p>\n<p><span style=\"color: #000000;\"><span style=\"font-family: Arial, sans-serif;\"><span style=\"font-size: medium;\">Et c&rsquo;est pourquoi l&rsquo;Occident adh\u00e8re si d\u00e9sesp\u00e9r\u00e9ment \u00e0 la\u00a0solution \u00e0 deux\u00a0\u00c9tats, bien que tout prouve que cela n&rsquo;arrivera jamais.<\/span><\/span><\/span><\/p>\n<p><span style=\"color: #000000;\"><span style=\"font-family: Arial, sans-serif;\"><span style=\"font-size: medium;\">C&rsquo;est aussi la principale raison pour laquelle la\u00a0solution \u00e0 un \u00c9tat, malgr\u00e9 ses avantages \u00e9vidents &#8211; sans parler de son caract\u00e8re in\u00e9vitable &#8211; n&rsquo;a jamais \u00e9t\u00e9 retenue au niveau officiel, et il est peu probable qu&rsquo;elle le soit tant que l&rsquo;\u00e9tat d&rsquo;esprit actuel persiste dans les pays occidentaux.<\/span><\/span><\/span><\/p>\n<p><span style=\"color: #000000;\"><span style=\"font-family: Arial, sans-serif;\"><span style=\"font-size: medium;\">Un coup d&rsquo;\u0153il sur la carte montre l&rsquo;impossibilit\u00e9 de quoi que ce soit d&rsquo;autre qu&rsquo;une solution \u00e0 un seul \u00c9tat au \u00ab\u00a0conflit palestino-isra\u00e9lien\u00a0\u00bb. Depuis la guerre arabo-isra\u00e9lienne de 1967, le territoire entre le Jourdain et la mer M\u00e9diterran\u00e9e est <i>de facto<\/i> un seul \u00c9tat, enti\u00e8rement gouvern\u00e9 par Isra\u00ebl. La population de cet Etat est \u00e0 peu pr\u00e8s moiti\u00e9 arabe palestinienne et moiti\u00e9 juive isra\u00e9lienne.<\/span><\/span><\/span><\/p>\n<p><span style=\"color: #000000;\"><span style=\"font-family: Arial, sans-serif;\"><span style=\"font-size: medium;\">En raison du syst\u00e8me d&rsquo;apartheid d&rsquo;Isra\u00ebl, la moiti\u00e9 arabe ne b\u00e9n\u00e9ficie pas de l&rsquo;\u00e9galit\u00e9 des droits avec les juifs, et la majorit\u00e9 des Arabes n&rsquo;ont aucun droit. Comme je l&rsquo;argumente dans mon nouveau livre, <a href=\"https:\/\/www.amazon.fr\/One-State-Democratic-Future-Palestine-Israel\/dp\/0745348319\"><i>One State: The only democratic future for Palestine-Israel <\/i><\/a>[Un seul \u00c9tat\u00a0: le seul avenir d\u00e9mocratique pour la Palestine et Isra\u00ebl], la voie \u00e0 suivre \u00e9vidente dans une situation comme celle-ci est de restaurer les droits de chacun, de mettre fin \u00e0 l&rsquo;apartheid et au r\u00e9gime r\u00e9pressif d&rsquo;Isra\u00ebl, et de convertir l&rsquo;\u00c9tat in\u00e9quitable existant en une seule d\u00e9mocratie pour que les deux peuples partagent dans l&rsquo;\u00e9quit\u00e9 et le partenariat.<\/span><\/span><\/span><\/p>\n<p><span style=\"color: #000000;\"><span style=\"font-family: Arial, sans-serif;\"><span style=\"font-size: medium;\">Aucun \u00c9tat d\u00e9mocratique de ce type n&rsquo;est possible, cependant, sans la dissolution de l&rsquo;\u00c9tat actuel d&rsquo;Isra\u00ebl, ce que l&rsquo;Occident redoute tant. Mais si cela se produit, cela sonnera la fin du sionisme, ainsi que de la supr\u00e9matie et de l&rsquo;injustice juives dans le pays.<\/span><\/span><\/span><\/p>\n<pre><span style=\"color: #000000;\"><span style=\"font-family: Arial, sans-serif;\"><span style=\"font-size: medium;\"><span style=\"font-size: small;\"><i>Article original en anglais sur <a href=\"https:\/\/www.middleeasteye.net\/opinion\/israel-west-so-vital-why\">Middle East Eye<\/a> \/ Traduction MR<\/i><\/span><\/span><\/span><\/span><\/pre>\n<p><span style=\"color: #201f1e;\"><span style=\"font-family: Vrinda, serif;\"><span style=\"font-size: medium;\">[writers slug=ghada-karmi]<\/span><\/span><\/span><\/p>\n","protected":false},"excerpt":{"rendered":"<p>Ghada Karmi, 18 mai 2023. Il y a 75 ans cette semaine, un Etat anormal \u00e9tait impos\u00e9 au Moyen-Orient arabe. La nouvelle cr\u00e9ation \u00e9tait \u00e9trang\u00e8re dans tous les sens du <a class=\"more-link\" href=\"https:\/\/ismfrance.org\/index.php\/2023\/05\/19\/pourquoi-israel-est-il-si-vital-pour-loccident\/\">Lire la suite &rarr;<\/a><\/p>\n","protected":false},"author":3,"featured_media":5713,"comment_status":"closed","ping_status":"closed","sticky":false,"template":"","format":"standard","meta":{"footnotes":""},"categories":[12,2],"tags":[53,58,193],"class_list":["post-5705","post","type-post","status-publish","format-standard","has-post-thumbnail","hentry","category-analyses","category-articles","tag-collabos","tag-histoire","tag-impunite"],"yoast_head":"<!-- This site is optimized with the Yoast SEO plugin v27.2 - https:\/\/yoast.com\/product\/yoast-seo-wordpress\/ -->\n<title>Pourquoi Isra\u00ebl est-il si vital pour l&#039;Occident ? - International Solidarity Movement - ISM-France<\/title>\n<meta name=\"robots\" content=\"index, follow, max-snippet:-1, max-image-preview:large, max-video-preview:-1\" \/>\n<link rel=\"canonical\" href=\"https:\/\/ismfrance.org\/index.php\/2023\/05\/19\/pourquoi-israel-est-il-si-vital-pour-loccident\/\" \/>\n<meta property=\"og:locale\" content=\"fr_FR\" \/>\n<meta property=\"og:type\" content=\"article\" \/>\n<meta property=\"og:title\" content=\"Pourquoi Isra\u00ebl est-il si vital pour l&#039;Occident ? - International Solidarity Movement - ISM-France\" \/>\n<meta property=\"og:description\" content=\"Ghada Karmi, 18 mai 2023. Il y a 75 ans cette semaine, un Etat anormal \u00e9tait impos\u00e9 au Moyen-Orient arabe. La nouvelle cr\u00e9ation \u00e9tait \u00e9trang\u00e8re dans tous les sens du Lire la suite &rarr;\" \/>\n<meta property=\"og:url\" content=\"https:\/\/ismfrance.org\/index.php\/2023\/05\/19\/pourquoi-israel-est-il-si-vital-pour-loccident\/\" \/>\n<meta property=\"og:site_name\" content=\"International Solidarity Movement - ISM-France\" \/>\n<meta property=\"article:published_time\" content=\"2023-05-19T16:36:01+00:00\" \/>\n<meta property=\"article:modified_time\" content=\"2023-05-19T17:20:05+00:00\" \/>\n<meta property=\"og:image\" content=\"https:\/\/ismfrance.org\/wp-content\/uploads\/2023\/05\/the-real-names-of-palestine.jpg\" \/>\n\t<meta property=\"og:image:width\" content=\"680\" \/>\n\t<meta property=\"og:image:height\" content=\"675\" \/>\n\t<meta property=\"og:image:type\" content=\"image\/jpeg\" \/>\n<meta name=\"author\" content=\"mru_01\" \/>\n<meta name=\"twitter:card\" content=\"summary_large_image\" \/>\n<meta name=\"twitter:creator\" content=\"@ISMFRANCE\" \/>\n<meta name=\"twitter:site\" content=\"@ISMFRANCE\" \/>\n<meta name=\"twitter:label1\" content=\"\u00c9crit par\" \/>\n\t<meta name=\"twitter:data1\" content=\"mru_01\" \/>\n\t<meta name=\"twitter:label2\" content=\"Dur\u00e9e de lecture estim\u00e9e\" \/>\n\t<meta name=\"twitter:data2\" content=\"6 minutes\" \/>\n<script type=\"application\/ld+json\" class=\"yoast-schema-graph\">{\"@context\":\"https:\/\/schema.org\",\"@graph\":[{\"@type\":\"Article\",\"@id\":\"https:\/\/ismfrance.org\/index.php\/2023\/05\/19\/pourquoi-israel-est-il-si-vital-pour-loccident\/#article\",\"isPartOf\":{\"@id\":\"https:\/\/ismfrance.org\/index.php\/2023\/05\/19\/pourquoi-israel-est-il-si-vital-pour-loccident\/\"},\"author\":{\"name\":\"mru_01\",\"@id\":\"https:\/\/ismfrance.org\/#\/schema\/person\/3c411eb72adfaae19c0dca1f41fae01d\"},\"headline\":\"Pourquoi Isra\u00ebl est-il si vital pour l&rsquo;Occident ?\",\"datePublished\":\"2023-05-19T16:36:01+00:00\",\"dateModified\":\"2023-05-19T17:20:05+00:00\",\"mainEntityOfPage\":{\"@id\":\"https:\/\/ismfrance.org\/index.php\/2023\/05\/19\/pourquoi-israel-est-il-si-vital-pour-loccident\/\"},\"wordCount\":1207,\"publisher\":{\"@id\":\"https:\/\/ismfrance.org\/#organization\"},\"image\":{\"@id\":\"https:\/\/ismfrance.org\/index.php\/2023\/05\/19\/pourquoi-israel-est-il-si-vital-pour-loccident\/#primaryimage\"},\"thumbnailUrl\":\"https:\/\/ismfrance.org\/wp-content\/uploads\/2023\/05\/the-real-names-of-palestine.jpg\",\"keywords\":[\"Collabos\",\"Histoire\",\"Impunit\u00e9\"],\"articleSection\":[\"Analyses\",\"Articles\"],\"inLanguage\":\"fr-FR\"},{\"@type\":\"WebPage\",\"@id\":\"https:\/\/ismfrance.org\/index.php\/2023\/05\/19\/pourquoi-israel-est-il-si-vital-pour-loccident\/\",\"url\":\"https:\/\/ismfrance.org\/index.php\/2023\/05\/19\/pourquoi-israel-est-il-si-vital-pour-loccident\/\",\"name\":\"Pourquoi Isra\u00ebl est-il si vital pour l'Occident ? - International Solidarity Movement - ISM-France\",\"isPartOf\":{\"@id\":\"https:\/\/ismfrance.org\/#website\"},\"primaryImageOfPage\":{\"@id\":\"https:\/\/ismfrance.org\/index.php\/2023\/05\/19\/pourquoi-israel-est-il-si-vital-pour-loccident\/#primaryimage\"},\"image\":{\"@id\":\"https:\/\/ismfrance.org\/index.php\/2023\/05\/19\/pourquoi-israel-est-il-si-vital-pour-loccident\/#primaryimage\"},\"thumbnailUrl\":\"https:\/\/ismfrance.org\/wp-content\/uploads\/2023\/05\/the-real-names-of-palestine.jpg\",\"datePublished\":\"2023-05-19T16:36:01+00:00\",\"dateModified\":\"2023-05-19T17:20:05+00:00\",\"breadcrumb\":{\"@id\":\"https:\/\/ismfrance.org\/index.php\/2023\/05\/19\/pourquoi-israel-est-il-si-vital-pour-loccident\/#breadcrumb\"},\"inLanguage\":\"fr-FR\",\"potentialAction\":[{\"@type\":\"ReadAction\",\"target\":[\"https:\/\/ismfrance.org\/index.php\/2023\/05\/19\/pourquoi-israel-est-il-si-vital-pour-loccident\/\"]}]},{\"@type\":\"ImageObject\",\"inLanguage\":\"fr-FR\",\"@id\":\"https:\/\/ismfrance.org\/index.php\/2023\/05\/19\/pourquoi-israel-est-il-si-vital-pour-loccident\/#primaryimage\",\"url\":\"https:\/\/ismfrance.org\/wp-content\/uploads\/2023\/05\/the-real-names-of-palestine.jpg\",\"contentUrl\":\"https:\/\/ismfrance.org\/wp-content\/uploads\/2023\/05\/the-real-names-of-palestine.jpg\",\"width\":680,\"height\":675},{\"@type\":\"BreadcrumbList\",\"@id\":\"https:\/\/ismfrance.org\/index.php\/2023\/05\/19\/pourquoi-israel-est-il-si-vital-pour-loccident\/#breadcrumb\",\"itemListElement\":[{\"@type\":\"ListItem\",\"position\":1,\"name\":\"Accueil\",\"item\":\"https:\/\/ismfrance.org\/\"},{\"@type\":\"ListItem\",\"position\":2,\"name\":\"Pourquoi Isra\u00ebl est-il si vital pour l&#8217;Occident ?\"}]},{\"@type\":\"WebSite\",\"@id\":\"https:\/\/ismfrance.org\/#website\",\"url\":\"https:\/\/ismfrance.org\/\",\"name\":\"ISM Palestine France\",\"description\":\"Soutien aux luttes de lib\u00e9ration du peuple palestinien\",\"publisher\":{\"@id\":\"https:\/\/ismfrance.org\/#organization\"},\"potentialAction\":[{\"@type\":\"SearchAction\",\"target\":{\"@type\":\"EntryPoint\",\"urlTemplate\":\"https:\/\/ismfrance.org\/?s={search_term_string}\"},\"query-input\":{\"@type\":\"PropertyValueSpecification\",\"valueRequired\":true,\"valueName\":\"search_term_string\"}}],\"inLanguage\":\"fr-FR\"},{\"@type\":\"Organization\",\"@id\":\"https:\/\/ismfrance.org\/#organization\",\"name\":\"International Solidarity Movement\",\"url\":\"https:\/\/ismfrance.org\/\",\"logo\":{\"@type\":\"ImageObject\",\"inLanguage\":\"fr-FR\",\"@id\":\"https:\/\/ismfrance.org\/#\/schema\/logo\/image\/\",\"url\":\"https:\/\/ismfrance.org\/wp-content\/uploads\/2020\/12\/00.png\",\"contentUrl\":\"https:\/\/ismfrance.org\/wp-content\/uploads\/2020\/12\/00.png\",\"width\":400,\"height\":400,\"caption\":\"International Solidarity Movement\"},\"image\":{\"@id\":\"https:\/\/ismfrance.org\/#\/schema\/logo\/image\/\"},\"sameAs\":[\"https:\/\/x.com\/ISMFRANCE\"]},{\"@type\":\"Person\",\"@id\":\"https:\/\/ismfrance.org\/#\/schema\/person\/3c411eb72adfaae19c0dca1f41fae01d\",\"name\":\"mru_01\",\"image\":{\"@type\":\"ImageObject\",\"inLanguage\":\"fr-FR\",\"@id\":\"https:\/\/secure.gravatar.com\/avatar\/3a0be343b445d2ccc79e87444a294fad2b232e90d2051d0e3cc219e1ecd6a330?s=96&d=mm&r=g\",\"url\":\"https:\/\/secure.gravatar.com\/avatar\/3a0be343b445d2ccc79e87444a294fad2b232e90d2051d0e3cc219e1ecd6a330?s=96&d=mm&r=g\",\"contentUrl\":\"https:\/\/secure.gravatar.com\/avatar\/3a0be343b445d2ccc79e87444a294fad2b232e90d2051d0e3cc219e1ecd6a330?s=96&d=mm&r=g\",\"caption\":\"mru_01\"},\"url\":\"https:\/\/ismfrance.org\/index.php\/author\/admin02\/\"}]}<\/script>\n<!-- \/ Yoast SEO plugin. -->","yoast_head_json":{"title":"Pourquoi Isra\u00ebl est-il si vital pour l'Occident ? - International Solidarity Movement - ISM-France","robots":{"index":"index","follow":"follow","max-snippet":"max-snippet:-1","max-image-preview":"max-image-preview:large","max-video-preview":"max-video-preview:-1"},"canonical":"https:\/\/ismfrance.org\/index.php\/2023\/05\/19\/pourquoi-israel-est-il-si-vital-pour-loccident\/","og_locale":"fr_FR","og_type":"article","og_title":"Pourquoi Isra\u00ebl est-il si vital pour l'Occident ? - International Solidarity Movement - ISM-France","og_description":"Ghada Karmi, 18 mai 2023. Il y a 75 ans cette semaine, un Etat anormal \u00e9tait impos\u00e9 au Moyen-Orient arabe. La nouvelle cr\u00e9ation \u00e9tait \u00e9trang\u00e8re dans tous les sens du Lire la suite &rarr;","og_url":"https:\/\/ismfrance.org\/index.php\/2023\/05\/19\/pourquoi-israel-est-il-si-vital-pour-loccident\/","og_site_name":"International Solidarity Movement - ISM-France","article_published_time":"2023-05-19T16:36:01+00:00","article_modified_time":"2023-05-19T17:20:05+00:00","og_image":[{"width":680,"height":675,"url":"https:\/\/ismfrance.org\/wp-content\/uploads\/2023\/05\/the-real-names-of-palestine.jpg","type":"image\/jpeg"}],"author":"mru_01","twitter_card":"summary_large_image","twitter_creator":"@ISMFRANCE","twitter_site":"@ISMFRANCE","twitter_misc":{"\u00c9crit par":"mru_01","Dur\u00e9e de lecture estim\u00e9e":"6 minutes"},"schema":{"@context":"https:\/\/schema.org","@graph":[{"@type":"Article","@id":"https:\/\/ismfrance.org\/index.php\/2023\/05\/19\/pourquoi-israel-est-il-si-vital-pour-loccident\/#article","isPartOf":{"@id":"https:\/\/ismfrance.org\/index.php\/2023\/05\/19\/pourquoi-israel-est-il-si-vital-pour-loccident\/"},"author":{"name":"mru_01","@id":"https:\/\/ismfrance.org\/#\/schema\/person\/3c411eb72adfaae19c0dca1f41fae01d"},"headline":"Pourquoi Isra\u00ebl est-il si vital pour l&rsquo;Occident ?","datePublished":"2023-05-19T16:36:01+00:00","dateModified":"2023-05-19T17:20:05+00:00","mainEntityOfPage":{"@id":"https:\/\/ismfrance.org\/index.php\/2023\/05\/19\/pourquoi-israel-est-il-si-vital-pour-loccident\/"},"wordCount":1207,"publisher":{"@id":"https:\/\/ismfrance.org\/#organization"},"image":{"@id":"https:\/\/ismfrance.org\/index.php\/2023\/05\/19\/pourquoi-israel-est-il-si-vital-pour-loccident\/#primaryimage"},"thumbnailUrl":"https:\/\/ismfrance.org\/wp-content\/uploads\/2023\/05\/the-real-names-of-palestine.jpg","keywords":["Collabos","Histoire","Impunit\u00e9"],"articleSection":["Analyses","Articles"],"inLanguage":"fr-FR"},{"@type":"WebPage","@id":"https:\/\/ismfrance.org\/index.php\/2023\/05\/19\/pourquoi-israel-est-il-si-vital-pour-loccident\/","url":"https:\/\/ismfrance.org\/index.php\/2023\/05\/19\/pourquoi-israel-est-il-si-vital-pour-loccident\/","name":"Pourquoi Isra\u00ebl est-il si vital pour l'Occident ? - International Solidarity Movement - ISM-France","isPartOf":{"@id":"https:\/\/ismfrance.org\/#website"},"primaryImageOfPage":{"@id":"https:\/\/ismfrance.org\/index.php\/2023\/05\/19\/pourquoi-israel-est-il-si-vital-pour-loccident\/#primaryimage"},"image":{"@id":"https:\/\/ismfrance.org\/index.php\/2023\/05\/19\/pourquoi-israel-est-il-si-vital-pour-loccident\/#primaryimage"},"thumbnailUrl":"https:\/\/ismfrance.org\/wp-content\/uploads\/2023\/05\/the-real-names-of-palestine.jpg","datePublished":"2023-05-19T16:36:01+00:00","dateModified":"2023-05-19T17:20:05+00:00","breadcrumb":{"@id":"https:\/\/ismfrance.org\/index.php\/2023\/05\/19\/pourquoi-israel-est-il-si-vital-pour-loccident\/#breadcrumb"},"inLanguage":"fr-FR","potentialAction":[{"@type":"ReadAction","target":["https:\/\/ismfrance.org\/index.php\/2023\/05\/19\/pourquoi-israel-est-il-si-vital-pour-loccident\/"]}]},{"@type":"ImageObject","inLanguage":"fr-FR","@id":"https:\/\/ismfrance.org\/index.php\/2023\/05\/19\/pourquoi-israel-est-il-si-vital-pour-loccident\/#primaryimage","url":"https:\/\/ismfrance.org\/wp-content\/uploads\/2023\/05\/the-real-names-of-palestine.jpg","contentUrl":"https:\/\/ismfrance.org\/wp-content\/uploads\/2023\/05\/the-real-names-of-palestine.jpg","width":680,"height":675},{"@type":"BreadcrumbList","@id":"https:\/\/ismfrance.org\/index.php\/2023\/05\/19\/pourquoi-israel-est-il-si-vital-pour-loccident\/#breadcrumb","itemListElement":[{"@type":"ListItem","position":1,"name":"Accueil","item":"https:\/\/ismfrance.org\/"},{"@type":"ListItem","position":2,"name":"Pourquoi Isra\u00ebl est-il si vital pour l&#8217;Occident ?"}]},{"@type":"WebSite","@id":"https:\/\/ismfrance.org\/#website","url":"https:\/\/ismfrance.org\/","name":"ISM Palestine France","description":"Soutien aux luttes de lib\u00e9ration du peuple palestinien","publisher":{"@id":"https:\/\/ismfrance.org\/#organization"},"potentialAction":[{"@type":"SearchAction","target":{"@type":"EntryPoint","urlTemplate":"https:\/\/ismfrance.org\/?s={search_term_string}"},"query-input":{"@type":"PropertyValueSpecification","valueRequired":true,"valueName":"search_term_string"}}],"inLanguage":"fr-FR"},{"@type":"Organization","@id":"https:\/\/ismfrance.org\/#organization","name":"International Solidarity Movement","url":"https:\/\/ismfrance.org\/","logo":{"@type":"ImageObject","inLanguage":"fr-FR","@id":"https:\/\/ismfrance.org\/#\/schema\/logo\/image\/","url":"https:\/\/ismfrance.org\/wp-content\/uploads\/2020\/12\/00.png","contentUrl":"https:\/\/ismfrance.org\/wp-content\/uploads\/2020\/12\/00.png","width":400,"height":400,"caption":"International Solidarity Movement"},"image":{"@id":"https:\/\/ismfrance.org\/#\/schema\/logo\/image\/"},"sameAs":["https:\/\/x.com\/ISMFRANCE"]},{"@type":"Person","@id":"https:\/\/ismfrance.org\/#\/schema\/person\/3c411eb72adfaae19c0dca1f41fae01d","name":"mru_01","image":{"@type":"ImageObject","inLanguage":"fr-FR","@id":"https:\/\/secure.gravatar.com\/avatar\/3a0be343b445d2ccc79e87444a294fad2b232e90d2051d0e3cc219e1ecd6a330?s=96&d=mm&r=g","url":"https:\/\/secure.gravatar.com\/avatar\/3a0be343b445d2ccc79e87444a294fad2b232e90d2051d0e3cc219e1ecd6a330?s=96&d=mm&r=g","contentUrl":"https:\/\/secure.gravatar.com\/avatar\/3a0be343b445d2ccc79e87444a294fad2b232e90d2051d0e3cc219e1ecd6a330?s=96&d=mm&r=g","caption":"mru_01"},"url":"https:\/\/ismfrance.org\/index.php\/author\/admin02\/"}]}},"_links":{"self":[{"href":"https:\/\/ismfrance.org\/index.php\/wp-json\/wp\/v2\/posts\/5705","targetHints":{"allow":["GET"]}}],"collection":[{"href":"https:\/\/ismfrance.org\/index.php\/wp-json\/wp\/v2\/posts"}],"about":[{"href":"https:\/\/ismfrance.org\/index.php\/wp-json\/wp\/v2\/types\/post"}],"author":[{"embeddable":true,"href":"https:\/\/ismfrance.org\/index.php\/wp-json\/wp\/v2\/users\/3"}],"replies":[{"embeddable":true,"href":"https:\/\/ismfrance.org\/index.php\/wp-json\/wp\/v2\/comments?post=5705"}],"version-history":[{"count":0,"href":"https:\/\/ismfrance.org\/index.php\/wp-json\/wp\/v2\/posts\/5705\/revisions"}],"wp:featuredmedia":[{"embeddable":true,"href":"https:\/\/ismfrance.org\/index.php\/wp-json\/wp\/v2\/media\/5713"}],"wp:attachment":[{"href":"https:\/\/ismfrance.org\/index.php\/wp-json\/wp\/v2\/media?parent=5705"}],"wp:term":[{"taxonomy":"category","embeddable":true,"href":"https:\/\/ismfrance.org\/index.php\/wp-json\/wp\/v2\/categories?post=5705"},{"taxonomy":"post_tag","embeddable":true,"href":"https:\/\/ismfrance.org\/index.php\/wp-json\/wp\/v2\/tags?post=5705"}],"curies":[{"name":"wp","href":"https:\/\/api.w.org\/{rel}","templated":true}]}}