{"id":5669,"date":"2023-05-18T10:03:50","date_gmt":"2023-05-18T08:03:50","guid":{"rendered":"https:\/\/ismfrance.org\/?p=5669"},"modified":"2023-05-18T10:03:50","modified_gmt":"2023-05-18T08:03:50","slug":"lattaque-de-lentite-sioniste-contre-le-jip-etait-vouee-a-lechec-depuis-le-debut","status":"publish","type":"post","link":"https:\/\/ismfrance.org\/index.php\/2023\/05\/18\/lattaque-de-lentite-sioniste-contre-le-jip-etait-vouee-a-lechec-depuis-le-debut\/","title":{"rendered":"L&rsquo;attaque de l&rsquo;entit\u00e9 sioniste contre le JIP \u00e9tait vou\u00e9e \u00e0 l&rsquo;\u00e9chec depuis le d\u00e9but"},"content":{"rendered":"<p align=\"LEFT\"><span style=\"color: #000000;\"><span style=\"font-family: Verdana, sans-serif;\"><b>Robert Inlakesh, 16 mai 2023<\/b><\/span><\/span><span style=\"color: #000000;\"><span style=\"font-family: Verdana, sans-serif;\">. La campagne d&rsquo;assassinats du r\u00e9gime sioniste qui a commenc\u00e9 mardi matin dernier fut une tentative rat\u00e9e du Premier ministre isra\u00e9lien, Benjamin Netanyahu, de remporter une victoire politique rapide. L&rsquo;objectif \u00e9tait clairement d&rsquo;isoler le mouvement du Jihad islamique palestinien (JIP), en assassinant de hauts responsables, ce qui conduirait ensuite \u00e0 des combats limit\u00e9s sur plusieurs jours, mais la tactique a rapidement \u00e9chou\u00e9 et les factions de la r\u00e9sistance unies avaient remport\u00e9 la bataille avant de tirer une seule roquette.<\/span><\/span><a href=\"https:\/\/ismfrance.org\/wp-content\/uploads\/2023\/05\/attaque-mi-mai-2023.png\"><img loading=\"lazy\" decoding=\"async\" class=\"wp-image-5671 aligncenter\" src=\"https:\/\/ismfrance.org\/wp-content\/uploads\/2023\/05\/attaque-mi-mai-2023-700x595.png\" alt=\"\" width=\"528\" height=\"450\" srcset=\"https:\/\/ismfrance.org\/wp-content\/uploads\/2023\/05\/attaque-mi-mai-2023-700x595.png 700w, https:\/\/ismfrance.org\/wp-content\/uploads\/2023\/05\/attaque-mi-mai-2023-300x255.png 300w, https:\/\/ismfrance.org\/wp-content\/uploads\/2023\/05\/attaque-mi-mai-2023-768x653.png 768w, https:\/\/ismfrance.org\/wp-content\/uploads\/2023\/05\/attaque-mi-mai-2023.png 800w\" sizes=\"auto, (max-width: 528px) 100vw, 528px\" \/><\/a><\/p>\n<p align=\"LEFT\"><span style=\"color: #000000;\"><span style=\"font-family: Verdana, sans-serif;\">Aux premi\u00e8res heures de la matin\u00e9e de mardi, trois dirigeants du mouvement JIP, Khalil Bahtini, Jihad Ghanem et Tariq Ezz Ad-Din (photos ci-dessous), ainsi que leurs femmes et leurs enfants ont \u00e9t\u00e9 tu\u00e9s chez eux, en pleine nuit, dans leur sommeil. Il est rapidement devenu clair que le r\u00e9gime sioniste visait uniquement le mouvement du JIP et d\u00e8s le d\u00e9part, a pr\u00e9venu le Hamas de ne pas s&rsquo;impliquer.<\/span><\/span><\/p>\n<p align=\"LEFT\"><span style=\"color: #008000;\"><span style=\"font-family: Verdana, sans-serif;\"><span style=\"font-size: large;\"><b>Les objectifs et les calculs du r\u00e9gime isra\u00e9lien<\/b><\/span><\/span><\/span><\/p>\n<p align=\"LEFT\"><span style=\"color: #000000;\"><span style=\"font-family: Verdana, sans-serif;\">La coalition d&rsquo;extr\u00eame-droite du Premier ministre isra\u00e9lien Benjamin Netanyahu est en \u00e9tat de crise perp\u00e9tuelle depuis le d\u00e9but de son mandat \u00e0 la fin de l&rsquo;ann\u00e9e derni\u00e8re. Benjamin Netanyahu n&rsquo;a r\u00e9ussi \u00e0 reprendre le pouvoir qu&rsquo;avec l&rsquo;aide de l&rsquo;alliance du sionisme religieux, une combinaison de partis de colons religieux fanatiques qui se sont pr\u00e9sent\u00e9s sous une m\u00eame banni\u00e8re \u00e0 la Knesset isra\u00e9lienne. Les deux hauts responsables du sionisme religieux, Itamar Ben Gvir &#8211; aujourd&rsquo;hui ministre isra\u00e9lien de la S\u00e9curit\u00e9 &#8211; et Bezalel Smotrich &#8211; ministre des Finances de l&rsquo;entit\u00e9 &#8211; ont re\u00e7u de larges pouvoirs qui transcendent les r\u00f4les traditionnels qu&rsquo;ils occupent en tant que ministres.<\/span><\/span><\/p>\n<p align=\"LEFT\"><span style=\"color: #000000;\"><span style=\"font-family: Verdana, sans-serif;\">Avec le soutien de l&rsquo;alliance du sionisme religieux, la coalition dirig\u00e9e par le parti Likud de Netanyahu a fait pression pour une l\u00e9gislation qui refondra la Cour supr\u00eame isra\u00e9lienne, d\u00e9clenchant une d\u00e9sob\u00e9issance civile de masse dans la population. Le Premier ministre isra\u00e9lien a \u00e9t\u00e9 contraint de reporter les modifications pr\u00e9vues du syst\u00e8me juridique, apr\u00e8s que d&rsquo;une semaine sur l&rsquo;autre, les manifestations ont menac\u00e9 de d\u00e9g\u00e9n\u00e9rer en gr\u00e8ve g\u00e9n\u00e9rale. Pourtant, ce n&rsquo;\u00e9tait pas le seul probl\u00e8me pesant sur Benjamin Netanyahu, car les ministres Ben Gvir et Smotrich ont expos\u00e9 leurs opinions fanatiques racistes et religieuses au nom du r\u00e9gime de Netanyahu, conduisant \u00e0 des querelles inutiles.<\/span><\/span><\/p>\n<p align=\"LEFT\"><span style=\"color: #000000;\"><span style=\"font-family: Verdana, sans-serif;\">Ces fanatiques fondent leurs d\u00e9cisions sur l&rsquo;\u00e9motion et le dogmatisme, \u00e0 l&rsquo;instar des groupes takfiris comme Daech et Al-Qa\u00efda. Alors que des personnalit\u00e9s comme Netanyahu et de nombreuses autres personnalit\u00e9s sionistes de haut rang jouent un jeu machiav\u00e9lique et man\u0153uvrent uniquement en fonction de ce qui semble politiquement viable. La raison pour laquelle ce contexte est essentiel pour comprendre la r\u00e9cente escalade de la r\u00e9sistance \u00e0 Gaza, c&rsquo;est parce qu&rsquo;il souligne la faiblesse du r\u00e9gime sioniste en ce moment.<\/span><\/span><a href=\"https:\/\/ismfrance.org\/wp-content\/uploads\/2023\/05\/3-commandants-jip.jpg\"><img loading=\"lazy\" decoding=\"async\" class=\"size-full wp-image-5674 aligncenter\" src=\"https:\/\/ismfrance.org\/wp-content\/uploads\/2023\/05\/3-commandants-jip.jpg\" alt=\"\" width=\"363\" height=\"242\" srcset=\"https:\/\/ismfrance.org\/wp-content\/uploads\/2023\/05\/3-commandants-jip.jpg 363w, https:\/\/ismfrance.org\/wp-content\/uploads\/2023\/05\/3-commandants-jip-300x200.jpg 300w\" sizes=\"auto, (max-width: 363px) 100vw, 363px\" \/><\/a><span style=\"color: #000000;\"><span style=\"font-family: Verdana, sans-serif;\">Les mouvements de r\u00e9sistance arm\u00e9e en Cisjordanie, ainsi que les attaques de Palestiniens arm\u00e9s individuels, se sont intensifi\u00e9s depuis l&rsquo;arriv\u00e9e au pouvoir de Netanyahu, plusieurs op\u00e9rations importantes ayant eu lieu contre des soldats isra\u00e9liens et des colons. De plus, les deux derniers \u00e9changes avec les groupes de la r\u00e9sistance arm\u00e9e \u00e0 Gaza &#8211; pendant le ramadan et apr\u00e8s l&rsquo;assassinat du porte-parole du mouvement JIP en Cisjordanie, Khader Adnan &#8211; ont embarrass\u00e9 le r\u00e9gime isra\u00e9lien, qui a choisi de lancer des frappes n\u00e9gligeables sur des terrains vagues pour \u00e9viter l&rsquo;escalade.<\/span><\/span><\/p>\n<p align=\"LEFT\"><span style=\"color: #000000;\"><span style=\"font-family: Verdana, sans-serif;\">Apr\u00e8s que la salle des op\u00e9rations conjointes des factions de la r\u00e9sistance \u00e0 Gaza a annonc\u00e9 ses tirs de roquettes de repr\u00e9sailles, en r\u00e9ponse au meurtre de Khader Adnan, le parti Otzma Yehudit d\u2019Itamar Ben Gvir a fustig\u00e9 Netanyahu pour la \u00ab\u00a0faiblesse\u00a0\u00bb de ses attaques contre Gaza. <\/span><\/span><\/p>\n<p align=\"LEFT\"><span style=\"color: #000000;\"><span style=\"font-family: Verdana, sans-serif;\">Ben Gvir a m\u00eame boycott\u00e9 les votes de la Knesset sur l&rsquo;\u00e9chec du r\u00e9gime \u00e0 \u00e9couter ses appels aux assassinats et \u00e0 la destruction d&rsquo;immeubles \u00e0 Gaza. La querelle d\u00e9clench\u00e9e entre le Likud et Otzma Yehudit a \u00e9t\u00e9 le premier signe public de la d\u00e9sint\u00e9gration des relations entre les partenaires de la coalition isra\u00e9lienne et a servi \u00e0 affaiblir le pouvoir du Premier ministre isra\u00e9lien.<\/span><\/span><\/p>\n<p align=\"LEFT\"><span style=\"color: #000000;\"><span style=\"font-family: Verdana, sans-serif;\">En plus de cela, la r\u00e9sistance palestinienne avait mis en garde l&rsquo;entit\u00e9 sioniste contre la marche pr\u00e9vue des colons qui devrait avoir lieu \u00e0 Al-Qods le 18, qui, si Netanyahu devait l&rsquo;annuler, pourrait provoquer une scission encore plus grande dans sa coalition. C&rsquo;est dans ce contexte que la d\u00e9cision a \u00e9t\u00e9 prise de proc\u00e9der \u00e0 des assassinats cens\u00e9s \u00eatre \u00e0 faible risque.<\/span><\/span><\/p>\n<p align=\"LEFT\"><span style=\"color: #000000;\"><span style=\"font-family: Verdana, sans-serif;\">En 2019, le r\u00e9gime d&rsquo;occupation avait perp\u00e9tr\u00e9 l&rsquo;assassinat du commandant du JIP Baha Abu Atta, qui a conduit \u00e0 des jours de combats au cours desquels le JIP a \u00e9t\u00e9 isol\u00e9 et le Hamas n&rsquo;a pas rejoint la bataille. En ao\u00fbt 2022, sous l&rsquo;ancienne administration de Yair Lapid, l&rsquo;arm\u00e9e sioniste a \u00e9galement men\u00e9 une op\u00e9ration ciblant sp\u00e9cifiquement les dirigeants du mouvement du JIP &#8211; Tayseer Jaabari et Khaled Mansour &#8211; menant \u00e0 l&rsquo;op\u00e9ration \u00ab\u00a0Unity of Squares\u00a0\u00bb. Malgr\u00e9 l&rsquo;\u00e9chec de l&rsquo;entit\u00e9 sioniste \u00e0 isoler le Hamas du JIP l&rsquo;ann\u00e9e derni\u00e8re, les brigades Qassam du Hamas ont servi de conseillers et tir\u00e9 des missiles de d\u00e9fense a\u00e9rienne, mais se sont abstenues d&rsquo;entrer dans l&rsquo;\u00e9change avec toute leur force. Cela a permis aux dirigeants sionistes de revendiquer la victoire, ce que la majorit\u00e9 de la population a cru.<\/span><\/span><\/p>\n<div id=\"attachment_5676\" style=\"width: 650px\" class=\"wp-caption aligncenter\"><a href=\"https:\/\/ismfrance.org\/wp-content\/uploads\/2023\/05\/jabari-mansour.jpg\"><img loading=\"lazy\" decoding=\"async\" aria-describedby=\"caption-attachment-5676\" class=\"size-full wp-image-5676\" src=\"https:\/\/ismfrance.org\/wp-content\/uploads\/2023\/05\/jabari-mansour.jpg\" alt=\"\" width=\"640\" height=\"400\" srcset=\"https:\/\/ismfrance.org\/wp-content\/uploads\/2023\/05\/jabari-mansour.jpg 640w, https:\/\/ismfrance.org\/wp-content\/uploads\/2023\/05\/jabari-mansour-300x188.jpg 300w\" sizes=\"auto, (max-width: 640px) 100vw, 640px\" \/><\/a><p id=\"caption-attachment-5676\" class=\"wp-caption-text\">Les hauts commandants palestiniens du Jihad islamique Khaled Mansour, \u00e0 droite, et Tayseer Jabari, \u00e0 gauche<\/p><\/div>\n<p align=\"LEFT\"><span style=\"color: #008000;\"><span style=\"font-family: Verdana, sans-serif;\"><span style=\"font-size: large;\"><b>Pourquoi Netanyahu a \u00e9chou\u00e9<\/b><\/span><\/span><\/span><\/p>\n<p align=\"LEFT\"><span style=\"color: #000000;\"><span style=\"font-family: Verdana, sans-serif;\">Benjamin Netanyahu avait probablement esp\u00e9r\u00e9 une victoire de propagande similaire \u00e0 celle revendiqu\u00e9e par Yair Lapid en ao\u00fbt de l&rsquo;ann\u00e9e derni\u00e8re, en permettant une r\u00e9ponse du JIP qui ciblerait divers domaines au sein de l&rsquo;entit\u00e9, mais ne serait pas assez importante pour infliger un coup significatif. Comme ce fut le cas l&rsquo;ann\u00e9e derni\u00e8re, l&rsquo;arm\u00e9e isra\u00e9lienne s&rsquo;est de nouveau recroquevill\u00e9e dans des zones fortifi\u00e9es \u00e0 des kilom\u00e8tres de Gaza et a laiss\u00e9 les colons supporter les cons\u00e9quences de ses massacres. Dans un tel contexte, la r\u00e9sistance ne peut s&rsquo;engager dans aucune action directe contre l&rsquo;arm\u00e9e isra\u00e9lienne sur le terrain, car les Isra\u00e9liens ont trop peur de se rapprocher de l&rsquo;enclave c\u00f4ti\u00e8re assi\u00e9g\u00e9e. Cela signifie que les roquettes sont le seul moyen disponible et c&rsquo;est sur cela que comptait le r\u00e9gime sioniste.<\/span><\/span><\/p>\n<p align=\"LEFT\"><span style=\"color: #000000;\"><span style=\"font-family: Verdana, sans-serif;\">Imm\u00e9diatement apr\u00e8s les assassinats, les Isra\u00e9liens ont commenc\u00e9 \u00e0 crier victoire, le ministre isra\u00e9lien de la Guerre, Yoav Gallant, a d\u00e9clar\u00e9 que \u00ab les objectifs de l&rsquo;op\u00e9ration ont \u00e9t\u00e9 atteints ; la direction du Jihad islamique \u00e0 Gaza a \u00e9t\u00e9 \u00e9limin\u00e9e.\u00a0\u00bb Le probl\u00e8me avec leur fanfaronnade, qu&rsquo;Itamar Ben Gvir et Bezalel Smotrich propageaient \u00e9galement sur les r\u00e9seaux sociaux, \u00e9tait qu&rsquo;ils mentaient et s&rsquo;\u00e9taient lourdement tromp\u00e9s.<\/span><\/span><\/p>\n<p align=\"LEFT\"><span style=\"color: #000000;\"><span style=\"font-family: Verdana, sans-serif;\">Ce qui s&rsquo;est pass\u00e9 ensuite a chang\u00e9 toute l&rsquo;\u00e9quation. Depuis la salle des op\u00e9rations conjointes, les factions de la R\u00e9sistance ont annonc\u00e9 qu&rsquo;elles r\u00e9pondraient, mais ont attendu un jour et demi, laissant l&rsquo;entit\u00e9 occupante fermer de nombreuses zones, \u00e9vacuer des milliers de colons et ouvrir des abris anti-bombes dans toute la Palestine occup\u00e9e.<\/span><\/span><\/p>\n<p align=\"LEFT\"><span style=\"color: #000000;\"><span style=\"font-family: Verdana, sans-serif;\">La frustration s&rsquo;est propag\u00e9e, non seulement dans la population sioniste, mais aussi au sein de la classe politique isra\u00e9lienne elle-m\u00eame, qui estimait que leur \u00ab capacit\u00e9 de dissuasion \u00bb n&rsquo;avait pas \u00e9t\u00e9 restaur\u00e9e, comme le r\u00e9gime de Netanyahu avait tent\u00e9 de le d\u00e9montrer apr\u00e8s ses assassinats. Pendant ce temps, les frappes isra\u00e9liennes se sont poursuivies, probablement dans le but d&rsquo;inciter le JIP \u00e0 r\u00e9agir, mais ce fut un \u00e9chec.<\/span><\/span><\/p>\n<p align=\"LEFT\"><span style=\"color: #000000;\"><span style=\"font-family: Verdana, sans-serif;\">Lorsque la r\u00e9ponse est arriv\u00e9e, elle a vis\u00e9 &lsquo;Tel-Aviv&rsquo;, ce qui a d\u00e9concert\u00e9 de nombreux analystes isra\u00e9liens qui s&rsquo;attendaient \u00e0 ce que les premi\u00e8res frappes soient limit\u00e9es. C&rsquo;est \u00e0 ce moment-l\u00e0 qu&rsquo;un cessez-le-feu aurait \u00e9t\u00e9 favorable \u00e0 l&rsquo;image du r\u00e9gime sioniste, m\u00eame s&rsquo;il avait fallu admettre l&rsquo;id\u00e9e de r\u00e9tablir la dissuasion &#8211; il aurait suffi \u00e0 Benjamin Netanyahu de revendiquer une petite victoire et la rendre cr\u00e9dible. Cependant, le Premier ministre isra\u00e9lien et ses coll\u00e8gues partenaires de la direction politique ont d\u00e9cid\u00e9 qu&rsquo;ils devaient d\u00e9montrer davantage et ne pas donner l&rsquo;impression que l&rsquo;op\u00e9ration n&rsquo;avait pas atteint ce qu&rsquo;ils avaient pr\u00e9tendu. L&rsquo;\u00e9tape suivante consistait \u00e0 commencer \u00e0 d\u00e9molir les maisons civiles pour faire pression sur la r\u00e9sistance, ce qui a \u00e9chou\u00e9.<\/span><\/span><\/p>\n<p align=\"LEFT\"><span style=\"color: #000000;\"><span style=\"font-family: Verdana, sans-serif;\">Dans les premi\u00e8res heures de jeudi matin, les forces d&rsquo;occupation ont ensuite assassin\u00e9 Ali Hassan Ghali, le commandant de la direction de l&rsquo;unit\u00e9 de missiles du JIP, avec une frappe de drone suicide. Plus tard dans la journ\u00e9e, le r\u00e9gime isra\u00e9lien a \u00e9galement assassin\u00e9 Ahmad Mahmoud Abu Daqqa, qui \u00e9tait le commandant en second de l&rsquo;unit\u00e9 de missiles de la branche arm\u00e9e du JIP, les Brigades Qods. C&rsquo;est l\u00e0 que les choses ont commenc\u00e9 \u00e0 mal tourner pour l&rsquo;entit\u00e9 sioniste, qui a \u00e9t\u00e9 confront\u00e9e \u00e0 une roquette meurtri\u00e8re plus tard dans la journ\u00e9e, qui a tu\u00e9 un colon et bless\u00e9 plusieurs autres.<\/span><\/span><\/p>\n<div id=\"attachment_5678\" style=\"width: 435px\" class=\"wp-caption aligncenter\"><a href=\"https:\/\/ismfrance.org\/wp-content\/uploads\/2023\/05\/ali-hassan.jpg\"><img loading=\"lazy\" decoding=\"async\" aria-describedby=\"caption-attachment-5678\" class=\" wp-image-5678\" src=\"https:\/\/ismfrance.org\/wp-content\/uploads\/2023\/05\/ali-hassan-700x394.jpg\" alt=\"\" width=\"425\" height=\"239\" srcset=\"https:\/\/ismfrance.org\/wp-content\/uploads\/2023\/05\/ali-hassan-700x394.jpg 700w, https:\/\/ismfrance.org\/wp-content\/uploads\/2023\/05\/ali-hassan-300x169.jpg 300w, https:\/\/ismfrance.org\/wp-content\/uploads\/2023\/05\/ali-hassan-768x432.jpg 768w, https:\/\/ismfrance.org\/wp-content\/uploads\/2023\/05\/ali-hassan.jpg 1280w\" sizes=\"auto, (max-width: 425px) 100vw, 425px\" \/><\/a><p id=\"caption-attachment-5678\" class=\"wp-caption-text\">Ali Hassan Ghali<\/p><\/div>\n<div id=\"attachment_5679\" style=\"width: 407px\" class=\"wp-caption aligncenter\"><a href=\"https:\/\/ismfrance.org\/wp-content\/uploads\/2023\/05\/ahmad-abu-daqqa.jpg\"><img loading=\"lazy\" decoding=\"async\" aria-describedby=\"caption-attachment-5679\" class=\" wp-image-5679\" src=\"https:\/\/ismfrance.org\/wp-content\/uploads\/2023\/05\/ahmad-abu-daqqa.jpg\" alt=\"\" width=\"397\" height=\"210\" srcset=\"https:\/\/ismfrance.org\/wp-content\/uploads\/2023\/05\/ahmad-abu-daqqa.jpg 380w, https:\/\/ismfrance.org\/wp-content\/uploads\/2023\/05\/ahmad-abu-daqqa-300x159.jpg 300w\" sizes=\"auto, (max-width: 397px) 100vw, 397px\" \/><\/a><p id=\"caption-attachment-5679\" class=\"wp-caption-text\">Ahmad Abu Daqqa<\/p><\/div>\n<p align=\"LEFT\"><span style=\"color: #000000;\"><span style=\"font-family: Verdana, sans-serif;\">Ce qui devait \u00eatre une op\u00e9ration chirurgicale rapide s&rsquo;est transform\u00e9 en un massacre confus et mal \u00e9valu\u00e9. <\/span><\/span><\/p>\n<p align=\"LEFT\"><span style=\"color: #000000;\"><span style=\"font-family: Verdana, sans-serif;\">Benjamin Netanyahu \u00e9tait alors dans une position difficile, s&rsquo;il ne terminait pas avec force, il risquait d&rsquo;amplifier la querelle au sein de sa coalition\u00a0; cependant, la seule option pour une r\u00e9ussite convenable \u00e9tait de lancer une guerre terrestre totale contre la bande de Gaza, \u00e0 laquelle le r\u00e9gime n&rsquo;\u00e9tait pas pr\u00e9par\u00e9.<\/span><\/span><\/p>\n<p align=\"LEFT\"><span style=\"color: #000000;\"><span style=\"font-family: Verdana, sans-serif;\">Le simple fait qu'\u00a0\u00bbIsra\u00ebl\u00a0\u00bb ait compl\u00e8tement \u00e9vit\u00e9 le Hamas, pr\u00e9tendu qu&rsquo;il n&rsquo;avait jou\u00e9 aucun r\u00f4le dans la r\u00e9ponse du JIP, puis continu\u00e9 \u00e0 ne viser que le mouvement du JIP pendant des jours, prouve que \u00ab\u00a0Tel Aviv\u00a0\u00bb n&rsquo;a plus aucune capacit\u00e9 de dissuasion. Le r\u00e9gime isra\u00e9lien craint les cons\u00e9quences d&rsquo;une attaque contre le Hamas et le Hezbollah au nord, qu&rsquo;il \u00e9vite d&rsquo;affronter avec une force significative. Au lieu de cela, il a tent\u00e9 d&rsquo;isoler un mouvement plus faible que le Hezbollah et le Hamas, dans l&rsquo;espoir qu&rsquo;ils ne seraient pas entra\u00een\u00e9s dans une confrontation plus large.<\/span><\/span><\/p>\n<p align=\"LEFT\"><span style=\"color: #000000;\"><span style=\"font-family: Verdana, sans-serif;\">Apr\u00e8s des tirs de roquettes sur des colonies en Cisjordanie occup\u00e9e et autour d&rsquo;al-Qods, le r\u00e9gime isra\u00e9lien a d\u00e9cid\u00e9 de commettre un autre assassinat et a commenc\u00e9 \u00e0 d\u00e9molir davantage de maisons civiles \u00e0 Gaza &#8211; une tentative d\u00e9sesp\u00e9r\u00e9e de montrer sa force \u00e0 son propre peuple, mais plus important encore, un moyen de pression pour mettre un terme \u00e0 l&rsquo;escalade.<\/span><\/span><\/p>\n<p align=\"LEFT\"><span style=\"color: #000000;\"><span style=\"font-family: Verdana, sans-serif;\">Apr\u00e8s l&rsquo;annonce du cessez-le-feu, le JIP a lanc\u00e9 des roquettes vers \u00ab\u00a0Tel Aviv\u00a0\u00bb quelques minutes seulement avant la fin de la bataille, d\u00e9montrant que sa capacit\u00e9 \u00e0 frapper l&rsquo;ennemi au c\u0153ur n&rsquo;avait pas \u00e9t\u00e9 affect\u00e9e. Bien que sur le papier, il semblerait que les Isra\u00e9liens aient r\u00e9ussi un coup en assassinant 6 hauts responsables du mouvement JIP et en causant un carnage \u00e0 l&rsquo;int\u00e9rieur de l&rsquo;enclave c\u00f4ti\u00e8re assi\u00e9g\u00e9e, c&rsquo;est l&rsquo;efficacit\u00e9 de la victoire de la propagande qui a d\u00e9cid\u00e9 du r\u00e9sultat de la manche. Netanyahu n&rsquo;a pas pu prouver que la capacit\u00e9 de dissuasion isra\u00e9lienne \u00e9tait restaur\u00e9e, la majorit\u00e9 des Isra\u00e9liens interrog\u00e9s par la <em>Cha\u00eene 12<\/em> en h\u00e9breu ont r\u00e9pondu qu&rsquo;il n&rsquo;y avait eu aucun changement dans l&rsquo;\u00e9quation avec Gaza et que la dissuasion n&rsquo;avait pas \u00e9t\u00e9 r\u00e9tablie. En plus de cela, c&rsquo;est la r\u00e9sistance palestinienne qui a eu le dernier mot dans l&rsquo;\u00e9change et a prouv\u00e9 que le complot visant \u00e0 creuser un foss\u00e9 entre le JIP et d&rsquo;autres groupes avait \u00e9chou\u00e9. Les Isra\u00e9liens n&rsquo;ont pas non plus chang\u00e9 les r\u00e8gles d&rsquo;engagement.<\/span><\/span><\/p>\n<p align=\"LEFT\"><span style=\"color: #000000;\"><span style=\"font-family: Verdana, sans-serif;\">Malgr\u00e9 le coup certain inflig\u00e9 \u00e0 la direction du JIP \u00e0 Gaza, les martyrs ont d\u00e9j\u00e0 \u00e9t\u00e9 remplac\u00e9s, la puissance de tir des roquettes que poss\u00e8de le mouvement n&rsquo;a pas \u00e9t\u00e9 affect\u00e9e de mani\u00e8re important et ce round a prouv\u00e9 que sans une invasion terrestre, il n&rsquo;y absolument aucune option pour les Isra\u00e9liens \u00e0 Gaza. M\u00eame contre la deuxi\u00e8me faction la plus puissante, Netanyahu n&rsquo;a pas pu remporter une victoire cr\u00e9dible, ce qui en soi a annul\u00e9 enti\u00e8rement l&rsquo;utilit\u00e9 de l&rsquo;attaque isra\u00e9lienne. Parce que Gaza \u00e9tait sur la d\u00e9fensive, emp\u00eacher l&rsquo;attaquant d&rsquo;atteindre l&rsquo;un de ses objectifs s&rsquo;est av\u00e9r\u00e9 \u00eatre une sorte de victoire, surtout par rapport \u00e0 ce qui s&rsquo;est pass\u00e9 l&rsquo;ann\u00e9e derni\u00e8re en ao\u00fbt.<\/span><\/span><\/p>\n<p align=\"LEFT\"><span style=\"color: #000000;\"><span style=\"font-family: Verdana, sans-serif;\"><span style=\"font-size: small;\">Article original en anglais sur <a href=\"https:\/\/english.almayadeen.net\/articles\/opinion\/the-zionist-entitys-attack-on-pij-was-doomed-to-failure-from\">Al-Mayadeen<\/a> \/ Traduction MR \u2013 relecture Chris.<\/span><\/span><\/span><\/p>\n<p align=\"LEFT\"><span style=\"color: #201f1e;\"><span style=\"font-family: Vrinda, serif;\"><span style=\"font-size: medium;\">[writers slug=robert-inlakesh]<\/span><\/span><\/span><\/p>\n","protected":false},"excerpt":{"rendered":"<p>Robert Inlakesh, 16 mai 2023. La campagne d&rsquo;assassinats du r\u00e9gime sioniste qui a commenc\u00e9 mardi matin dernier fut une tentative rat\u00e9e du Premier ministre isra\u00e9lien, Benjamin Netanyahu, de remporter une <a class=\"more-link\" href=\"https:\/\/ismfrance.org\/index.php\/2023\/05\/18\/lattaque-de-lentite-sioniste-contre-le-jip-etait-vouee-a-lechec-depuis-le-debut\/\">Lire la suite &rarr;<\/a><\/p>\n","protected":false},"author":3,"featured_media":5671,"comment_status":"closed","ping_status":"closed","sticky":false,"template":"","format":"standard","meta":{"footnotes":""},"categories":[12,2],"tags":[65,25,3],"class_list":["post-5669","post","type-post","status-publish","format-standard","has-post-thumbnail","hentry","category-analyses","category-articles","tag-armement-israelien","tag-gaza","tag-resistance"],"yoast_head":"<!-- This site is optimized with the Yoast SEO plugin v27.2 - https:\/\/yoast.com\/product\/yoast-seo-wordpress\/ -->\n<title>L&#039;attaque de l&#039;entit\u00e9 sioniste contre le JIP \u00e9tait vou\u00e9e \u00e0 l&#039;\u00e9chec depuis le d\u00e9but - International Solidarity Movement - ISM-France<\/title>\n<meta name=\"robots\" content=\"index, follow, max-snippet:-1, max-image-preview:large, max-video-preview:-1\" \/>\n<link rel=\"canonical\" href=\"https:\/\/ismfrance.org\/index.php\/2023\/05\/18\/lattaque-de-lentite-sioniste-contre-le-jip-etait-vouee-a-lechec-depuis-le-debut\/\" \/>\n<meta property=\"og:locale\" content=\"fr_FR\" \/>\n<meta property=\"og:type\" content=\"article\" \/>\n<meta property=\"og:title\" content=\"L&#039;attaque de l&#039;entit\u00e9 sioniste contre le JIP \u00e9tait vou\u00e9e \u00e0 l&#039;\u00e9chec depuis le d\u00e9but - International Solidarity Movement - ISM-France\" \/>\n<meta property=\"og:description\" content=\"Robert Inlakesh, 16 mai 2023. La campagne d&rsquo;assassinats du r\u00e9gime sioniste qui a commenc\u00e9 mardi matin dernier fut une tentative rat\u00e9e du Premier ministre isra\u00e9lien, Benjamin Netanyahu, de remporter une Lire la suite &rarr;\" \/>\n<meta property=\"og:url\" content=\"https:\/\/ismfrance.org\/index.php\/2023\/05\/18\/lattaque-de-lentite-sioniste-contre-le-jip-etait-vouee-a-lechec-depuis-le-debut\/\" \/>\n<meta property=\"og:site_name\" content=\"International Solidarity Movement - ISM-France\" \/>\n<meta property=\"article:published_time\" content=\"2023-05-18T08:03:50+00:00\" \/>\n<meta property=\"og:image\" content=\"https:\/\/ismfrance.org\/wp-content\/uploads\/2023\/05\/attaque-mi-mai-2023.png\" \/>\n\t<meta property=\"og:image:width\" content=\"800\" \/>\n\t<meta property=\"og:image:height\" content=\"680\" \/>\n\t<meta property=\"og:image:type\" content=\"image\/png\" \/>\n<meta name=\"author\" content=\"mru_01\" \/>\n<meta name=\"twitter:card\" content=\"summary_large_image\" \/>\n<meta name=\"twitter:creator\" content=\"@ISMFRANCE\" \/>\n<meta name=\"twitter:site\" content=\"@ISMFRANCE\" \/>\n<meta name=\"twitter:label1\" content=\"\u00c9crit par\" \/>\n\t<meta name=\"twitter:data1\" content=\"mru_01\" \/>\n\t<meta name=\"twitter:label2\" content=\"Dur\u00e9e de lecture estim\u00e9e\" \/>\n\t<meta name=\"twitter:data2\" content=\"11 minutes\" \/>\n<script type=\"application\/ld+json\" class=\"yoast-schema-graph\">{\"@context\":\"https:\/\/schema.org\",\"@graph\":[{\"@type\":\"Article\",\"@id\":\"https:\/\/ismfrance.org\/index.php\/2023\/05\/18\/lattaque-de-lentite-sioniste-contre-le-jip-etait-vouee-a-lechec-depuis-le-debut\/#article\",\"isPartOf\":{\"@id\":\"https:\/\/ismfrance.org\/index.php\/2023\/05\/18\/lattaque-de-lentite-sioniste-contre-le-jip-etait-vouee-a-lechec-depuis-le-debut\/\"},\"author\":{\"name\":\"mru_01\",\"@id\":\"https:\/\/ismfrance.org\/#\/schema\/person\/3c411eb72adfaae19c0dca1f41fae01d\"},\"headline\":\"L&rsquo;attaque de l&rsquo;entit\u00e9 sioniste contre le JIP \u00e9tait vou\u00e9e \u00e0 l&rsquo;\u00e9chec depuis le d\u00e9but\",\"datePublished\":\"2023-05-18T08:03:50+00:00\",\"mainEntityOfPage\":{\"@id\":\"https:\/\/ismfrance.org\/index.php\/2023\/05\/18\/lattaque-de-lentite-sioniste-contre-le-jip-etait-vouee-a-lechec-depuis-le-debut\/\"},\"wordCount\":2278,\"publisher\":{\"@id\":\"https:\/\/ismfrance.org\/#organization\"},\"image\":{\"@id\":\"https:\/\/ismfrance.org\/index.php\/2023\/05\/18\/lattaque-de-lentite-sioniste-contre-le-jip-etait-vouee-a-lechec-depuis-le-debut\/#primaryimage\"},\"thumbnailUrl\":\"https:\/\/ismfrance.org\/wp-content\/uploads\/2023\/05\/attaque-mi-mai-2023.png\",\"keywords\":[\"armement isra\u00e9lien\",\"Gaza\",\"R\u00e9sistance\"],\"articleSection\":[\"Analyses\",\"Articles\"],\"inLanguage\":\"fr-FR\"},{\"@type\":\"WebPage\",\"@id\":\"https:\/\/ismfrance.org\/index.php\/2023\/05\/18\/lattaque-de-lentite-sioniste-contre-le-jip-etait-vouee-a-lechec-depuis-le-debut\/\",\"url\":\"https:\/\/ismfrance.org\/index.php\/2023\/05\/18\/lattaque-de-lentite-sioniste-contre-le-jip-etait-vouee-a-lechec-depuis-le-debut\/\",\"name\":\"L'attaque de l'entit\u00e9 sioniste contre le JIP \u00e9tait vou\u00e9e \u00e0 l'\u00e9chec depuis le d\u00e9but - International Solidarity Movement - ISM-France\",\"isPartOf\":{\"@id\":\"https:\/\/ismfrance.org\/#website\"},\"primaryImageOfPage\":{\"@id\":\"https:\/\/ismfrance.org\/index.php\/2023\/05\/18\/lattaque-de-lentite-sioniste-contre-le-jip-etait-vouee-a-lechec-depuis-le-debut\/#primaryimage\"},\"image\":{\"@id\":\"https:\/\/ismfrance.org\/index.php\/2023\/05\/18\/lattaque-de-lentite-sioniste-contre-le-jip-etait-vouee-a-lechec-depuis-le-debut\/#primaryimage\"},\"thumbnailUrl\":\"https:\/\/ismfrance.org\/wp-content\/uploads\/2023\/05\/attaque-mi-mai-2023.png\",\"datePublished\":\"2023-05-18T08:03:50+00:00\",\"breadcrumb\":{\"@id\":\"https:\/\/ismfrance.org\/index.php\/2023\/05\/18\/lattaque-de-lentite-sioniste-contre-le-jip-etait-vouee-a-lechec-depuis-le-debut\/#breadcrumb\"},\"inLanguage\":\"fr-FR\",\"potentialAction\":[{\"@type\":\"ReadAction\",\"target\":[\"https:\/\/ismfrance.org\/index.php\/2023\/05\/18\/lattaque-de-lentite-sioniste-contre-le-jip-etait-vouee-a-lechec-depuis-le-debut\/\"]}]},{\"@type\":\"ImageObject\",\"inLanguage\":\"fr-FR\",\"@id\":\"https:\/\/ismfrance.org\/index.php\/2023\/05\/18\/lattaque-de-lentite-sioniste-contre-le-jip-etait-vouee-a-lechec-depuis-le-debut\/#primaryimage\",\"url\":\"https:\/\/ismfrance.org\/wp-content\/uploads\/2023\/05\/attaque-mi-mai-2023.png\",\"contentUrl\":\"https:\/\/ismfrance.org\/wp-content\/uploads\/2023\/05\/attaque-mi-mai-2023.png\",\"width\":800,\"height\":680},{\"@type\":\"BreadcrumbList\",\"@id\":\"https:\/\/ismfrance.org\/index.php\/2023\/05\/18\/lattaque-de-lentite-sioniste-contre-le-jip-etait-vouee-a-lechec-depuis-le-debut\/#breadcrumb\",\"itemListElement\":[{\"@type\":\"ListItem\",\"position\":1,\"name\":\"Accueil\",\"item\":\"https:\/\/ismfrance.org\/\"},{\"@type\":\"ListItem\",\"position\":2,\"name\":\"L&#8217;attaque de l&#8217;entit\u00e9 sioniste contre le JIP \u00e9tait vou\u00e9e \u00e0 l&#8217;\u00e9chec depuis le d\u00e9but\"}]},{\"@type\":\"WebSite\",\"@id\":\"https:\/\/ismfrance.org\/#website\",\"url\":\"https:\/\/ismfrance.org\/\",\"name\":\"ISM Palestine France\",\"description\":\"Soutien aux luttes de lib\u00e9ration du peuple palestinien\",\"publisher\":{\"@id\":\"https:\/\/ismfrance.org\/#organization\"},\"potentialAction\":[{\"@type\":\"SearchAction\",\"target\":{\"@type\":\"EntryPoint\",\"urlTemplate\":\"https:\/\/ismfrance.org\/?s={search_term_string}\"},\"query-input\":{\"@type\":\"PropertyValueSpecification\",\"valueRequired\":true,\"valueName\":\"search_term_string\"}}],\"inLanguage\":\"fr-FR\"},{\"@type\":\"Organization\",\"@id\":\"https:\/\/ismfrance.org\/#organization\",\"name\":\"International Solidarity Movement\",\"url\":\"https:\/\/ismfrance.org\/\",\"logo\":{\"@type\":\"ImageObject\",\"inLanguage\":\"fr-FR\",\"@id\":\"https:\/\/ismfrance.org\/#\/schema\/logo\/image\/\",\"url\":\"https:\/\/ismfrance.org\/wp-content\/uploads\/2020\/12\/00.png\",\"contentUrl\":\"https:\/\/ismfrance.org\/wp-content\/uploads\/2020\/12\/00.png\",\"width\":400,\"height\":400,\"caption\":\"International Solidarity Movement\"},\"image\":{\"@id\":\"https:\/\/ismfrance.org\/#\/schema\/logo\/image\/\"},\"sameAs\":[\"https:\/\/x.com\/ISMFRANCE\"]},{\"@type\":\"Person\",\"@id\":\"https:\/\/ismfrance.org\/#\/schema\/person\/3c411eb72adfaae19c0dca1f41fae01d\",\"name\":\"mru_01\",\"image\":{\"@type\":\"ImageObject\",\"inLanguage\":\"fr-FR\",\"@id\":\"https:\/\/secure.gravatar.com\/avatar\/3a0be343b445d2ccc79e87444a294fad2b232e90d2051d0e3cc219e1ecd6a330?s=96&d=mm&r=g\",\"url\":\"https:\/\/secure.gravatar.com\/avatar\/3a0be343b445d2ccc79e87444a294fad2b232e90d2051d0e3cc219e1ecd6a330?s=96&d=mm&r=g\",\"contentUrl\":\"https:\/\/secure.gravatar.com\/avatar\/3a0be343b445d2ccc79e87444a294fad2b232e90d2051d0e3cc219e1ecd6a330?s=96&d=mm&r=g\",\"caption\":\"mru_01\"},\"url\":\"https:\/\/ismfrance.org\/index.php\/author\/admin02\/\"}]}<\/script>\n<!-- \/ Yoast SEO plugin. -->","yoast_head_json":{"title":"L'attaque de l'entit\u00e9 sioniste contre le JIP \u00e9tait vou\u00e9e \u00e0 l'\u00e9chec depuis le d\u00e9but - International Solidarity Movement - ISM-France","robots":{"index":"index","follow":"follow","max-snippet":"max-snippet:-1","max-image-preview":"max-image-preview:large","max-video-preview":"max-video-preview:-1"},"canonical":"https:\/\/ismfrance.org\/index.php\/2023\/05\/18\/lattaque-de-lentite-sioniste-contre-le-jip-etait-vouee-a-lechec-depuis-le-debut\/","og_locale":"fr_FR","og_type":"article","og_title":"L'attaque de l'entit\u00e9 sioniste contre le JIP \u00e9tait vou\u00e9e \u00e0 l'\u00e9chec depuis le d\u00e9but - International Solidarity Movement - ISM-France","og_description":"Robert Inlakesh, 16 mai 2023. La campagne d&rsquo;assassinats du r\u00e9gime sioniste qui a commenc\u00e9 mardi matin dernier fut une tentative rat\u00e9e du Premier ministre isra\u00e9lien, Benjamin Netanyahu, de remporter une Lire la suite &rarr;","og_url":"https:\/\/ismfrance.org\/index.php\/2023\/05\/18\/lattaque-de-lentite-sioniste-contre-le-jip-etait-vouee-a-lechec-depuis-le-debut\/","og_site_name":"International Solidarity Movement - ISM-France","article_published_time":"2023-05-18T08:03:50+00:00","og_image":[{"width":800,"height":680,"url":"https:\/\/ismfrance.org\/wp-content\/uploads\/2023\/05\/attaque-mi-mai-2023.png","type":"image\/png"}],"author":"mru_01","twitter_card":"summary_large_image","twitter_creator":"@ISMFRANCE","twitter_site":"@ISMFRANCE","twitter_misc":{"\u00c9crit par":"mru_01","Dur\u00e9e de lecture estim\u00e9e":"11 minutes"},"schema":{"@context":"https:\/\/schema.org","@graph":[{"@type":"Article","@id":"https:\/\/ismfrance.org\/index.php\/2023\/05\/18\/lattaque-de-lentite-sioniste-contre-le-jip-etait-vouee-a-lechec-depuis-le-debut\/#article","isPartOf":{"@id":"https:\/\/ismfrance.org\/index.php\/2023\/05\/18\/lattaque-de-lentite-sioniste-contre-le-jip-etait-vouee-a-lechec-depuis-le-debut\/"},"author":{"name":"mru_01","@id":"https:\/\/ismfrance.org\/#\/schema\/person\/3c411eb72adfaae19c0dca1f41fae01d"},"headline":"L&rsquo;attaque de l&rsquo;entit\u00e9 sioniste contre le JIP \u00e9tait vou\u00e9e \u00e0 l&rsquo;\u00e9chec depuis le d\u00e9but","datePublished":"2023-05-18T08:03:50+00:00","mainEntityOfPage":{"@id":"https:\/\/ismfrance.org\/index.php\/2023\/05\/18\/lattaque-de-lentite-sioniste-contre-le-jip-etait-vouee-a-lechec-depuis-le-debut\/"},"wordCount":2278,"publisher":{"@id":"https:\/\/ismfrance.org\/#organization"},"image":{"@id":"https:\/\/ismfrance.org\/index.php\/2023\/05\/18\/lattaque-de-lentite-sioniste-contre-le-jip-etait-vouee-a-lechec-depuis-le-debut\/#primaryimage"},"thumbnailUrl":"https:\/\/ismfrance.org\/wp-content\/uploads\/2023\/05\/attaque-mi-mai-2023.png","keywords":["armement isra\u00e9lien","Gaza","R\u00e9sistance"],"articleSection":["Analyses","Articles"],"inLanguage":"fr-FR"},{"@type":"WebPage","@id":"https:\/\/ismfrance.org\/index.php\/2023\/05\/18\/lattaque-de-lentite-sioniste-contre-le-jip-etait-vouee-a-lechec-depuis-le-debut\/","url":"https:\/\/ismfrance.org\/index.php\/2023\/05\/18\/lattaque-de-lentite-sioniste-contre-le-jip-etait-vouee-a-lechec-depuis-le-debut\/","name":"L'attaque de l'entit\u00e9 sioniste contre le JIP \u00e9tait vou\u00e9e \u00e0 l'\u00e9chec depuis le d\u00e9but - International Solidarity Movement - ISM-France","isPartOf":{"@id":"https:\/\/ismfrance.org\/#website"},"primaryImageOfPage":{"@id":"https:\/\/ismfrance.org\/index.php\/2023\/05\/18\/lattaque-de-lentite-sioniste-contre-le-jip-etait-vouee-a-lechec-depuis-le-debut\/#primaryimage"},"image":{"@id":"https:\/\/ismfrance.org\/index.php\/2023\/05\/18\/lattaque-de-lentite-sioniste-contre-le-jip-etait-vouee-a-lechec-depuis-le-debut\/#primaryimage"},"thumbnailUrl":"https:\/\/ismfrance.org\/wp-content\/uploads\/2023\/05\/attaque-mi-mai-2023.png","datePublished":"2023-05-18T08:03:50+00:00","breadcrumb":{"@id":"https:\/\/ismfrance.org\/index.php\/2023\/05\/18\/lattaque-de-lentite-sioniste-contre-le-jip-etait-vouee-a-lechec-depuis-le-debut\/#breadcrumb"},"inLanguage":"fr-FR","potentialAction":[{"@type":"ReadAction","target":["https:\/\/ismfrance.org\/index.php\/2023\/05\/18\/lattaque-de-lentite-sioniste-contre-le-jip-etait-vouee-a-lechec-depuis-le-debut\/"]}]},{"@type":"ImageObject","inLanguage":"fr-FR","@id":"https:\/\/ismfrance.org\/index.php\/2023\/05\/18\/lattaque-de-lentite-sioniste-contre-le-jip-etait-vouee-a-lechec-depuis-le-debut\/#primaryimage","url":"https:\/\/ismfrance.org\/wp-content\/uploads\/2023\/05\/attaque-mi-mai-2023.png","contentUrl":"https:\/\/ismfrance.org\/wp-content\/uploads\/2023\/05\/attaque-mi-mai-2023.png","width":800,"height":680},{"@type":"BreadcrumbList","@id":"https:\/\/ismfrance.org\/index.php\/2023\/05\/18\/lattaque-de-lentite-sioniste-contre-le-jip-etait-vouee-a-lechec-depuis-le-debut\/#breadcrumb","itemListElement":[{"@type":"ListItem","position":1,"name":"Accueil","item":"https:\/\/ismfrance.org\/"},{"@type":"ListItem","position":2,"name":"L&#8217;attaque de l&#8217;entit\u00e9 sioniste contre le JIP \u00e9tait vou\u00e9e \u00e0 l&#8217;\u00e9chec depuis le d\u00e9but"}]},{"@type":"WebSite","@id":"https:\/\/ismfrance.org\/#website","url":"https:\/\/ismfrance.org\/","name":"ISM Palestine France","description":"Soutien aux luttes de lib\u00e9ration du peuple palestinien","publisher":{"@id":"https:\/\/ismfrance.org\/#organization"},"potentialAction":[{"@type":"SearchAction","target":{"@type":"EntryPoint","urlTemplate":"https:\/\/ismfrance.org\/?s={search_term_string}"},"query-input":{"@type":"PropertyValueSpecification","valueRequired":true,"valueName":"search_term_string"}}],"inLanguage":"fr-FR"},{"@type":"Organization","@id":"https:\/\/ismfrance.org\/#organization","name":"International Solidarity Movement","url":"https:\/\/ismfrance.org\/","logo":{"@type":"ImageObject","inLanguage":"fr-FR","@id":"https:\/\/ismfrance.org\/#\/schema\/logo\/image\/","url":"https:\/\/ismfrance.org\/wp-content\/uploads\/2020\/12\/00.png","contentUrl":"https:\/\/ismfrance.org\/wp-content\/uploads\/2020\/12\/00.png","width":400,"height":400,"caption":"International Solidarity Movement"},"image":{"@id":"https:\/\/ismfrance.org\/#\/schema\/logo\/image\/"},"sameAs":["https:\/\/x.com\/ISMFRANCE"]},{"@type":"Person","@id":"https:\/\/ismfrance.org\/#\/schema\/person\/3c411eb72adfaae19c0dca1f41fae01d","name":"mru_01","image":{"@type":"ImageObject","inLanguage":"fr-FR","@id":"https:\/\/secure.gravatar.com\/avatar\/3a0be343b445d2ccc79e87444a294fad2b232e90d2051d0e3cc219e1ecd6a330?s=96&d=mm&r=g","url":"https:\/\/secure.gravatar.com\/avatar\/3a0be343b445d2ccc79e87444a294fad2b232e90d2051d0e3cc219e1ecd6a330?s=96&d=mm&r=g","contentUrl":"https:\/\/secure.gravatar.com\/avatar\/3a0be343b445d2ccc79e87444a294fad2b232e90d2051d0e3cc219e1ecd6a330?s=96&d=mm&r=g","caption":"mru_01"},"url":"https:\/\/ismfrance.org\/index.php\/author\/admin02\/"}]}},"_links":{"self":[{"href":"https:\/\/ismfrance.org\/index.php\/wp-json\/wp\/v2\/posts\/5669","targetHints":{"allow":["GET"]}}],"collection":[{"href":"https:\/\/ismfrance.org\/index.php\/wp-json\/wp\/v2\/posts"}],"about":[{"href":"https:\/\/ismfrance.org\/index.php\/wp-json\/wp\/v2\/types\/post"}],"author":[{"embeddable":true,"href":"https:\/\/ismfrance.org\/index.php\/wp-json\/wp\/v2\/users\/3"}],"replies":[{"embeddable":true,"href":"https:\/\/ismfrance.org\/index.php\/wp-json\/wp\/v2\/comments?post=5669"}],"version-history":[{"count":0,"href":"https:\/\/ismfrance.org\/index.php\/wp-json\/wp\/v2\/posts\/5669\/revisions"}],"wp:featuredmedia":[{"embeddable":true,"href":"https:\/\/ismfrance.org\/index.php\/wp-json\/wp\/v2\/media\/5671"}],"wp:attachment":[{"href":"https:\/\/ismfrance.org\/index.php\/wp-json\/wp\/v2\/media?parent=5669"}],"wp:term":[{"taxonomy":"category","embeddable":true,"href":"https:\/\/ismfrance.org\/index.php\/wp-json\/wp\/v2\/categories?post=5669"},{"taxonomy":"post_tag","embeddable":true,"href":"https:\/\/ismfrance.org\/index.php\/wp-json\/wp\/v2\/tags?post=5669"}],"curies":[{"name":"wp","href":"https:\/\/api.w.org\/{rel}","templated":true}]}}