{"id":5661,"date":"2023-05-17T15:54:56","date_gmt":"2023-05-17T13:54:56","guid":{"rendered":"https:\/\/ismfrance.org\/?p=5661"},"modified":"2023-05-17T15:55:52","modified_gmt":"2023-05-17T13:55:52","slug":"israel-va-deployer-plus-de-3-200-soldats-avant-la-provocation-annuelle-de-la-marche-du-drapeau","status":"publish","type":"post","link":"https:\/\/ismfrance.org\/index.php\/2023\/05\/17\/israel-va-deployer-plus-de-3-200-soldats-avant-la-provocation-annuelle-de-la-marche-du-drapeau\/","title":{"rendered":"&lsquo;Isra\u00ebl&rsquo; va d\u00e9ployer plus de 3.200 soldats avant la provocation annuelle de la \u00ab\u00a0Marche du drapeau\u00a0\u00bb"},"content":{"rendered":"<p><span style=\"color: #000000;\"><span style=\"font-family: Arial, sans-serif;\"><span style=\"font-size: medium;\"><strong>Quds News Network, 17 mai 2023<\/strong>. L&rsquo;occupation isra\u00e9lienne va d\u00e9ployer plus de 3.200 policiers \u00e0 J\u00e9rusalem occup\u00e9e en pr\u00e9paration de la \u00ab\u00a0Marche du drapeau\u00a0\u00bb organis\u00e9e par l&rsquo;extr\u00eame-droite isra\u00e9lienne jeudi 18 mai, ont rapport\u00e9 les m\u00e9dias isra\u00e9liens.<\/span><\/span><\/span><\/p>\n<div id=\"attachment_5664\" style=\"width: 610px\" class=\"wp-caption aligncenter\"><a href=\"https:\/\/ismfrance.org\/wp-content\/uploads\/2023\/05\/marche-des-drapeaux-2022.jpeg\"><img loading=\"lazy\" decoding=\"async\" aria-describedby=\"caption-attachment-5664\" class=\"size-large wp-image-5664\" src=\"https:\/\/ismfrance.org\/wp-content\/uploads\/2023\/05\/marche-des-drapeaux-2022-700x467.jpeg\" alt=\"\" width=\"600\" height=\"400\" srcset=\"https:\/\/ismfrance.org\/wp-content\/uploads\/2023\/05\/marche-des-drapeaux-2022-700x467.jpeg 700w, https:\/\/ismfrance.org\/wp-content\/uploads\/2023\/05\/marche-des-drapeaux-2022-300x200.jpeg 300w, https:\/\/ismfrance.org\/wp-content\/uploads\/2023\/05\/marche-des-drapeaux-2022-768x512.jpeg 768w, https:\/\/ismfrance.org\/wp-content\/uploads\/2023\/05\/marche-des-drapeaux-2022-1536x1025.jpeg 1536w, https:\/\/ismfrance.org\/wp-content\/uploads\/2023\/05\/marche-des-drapeaux-2022-1320x880.jpeg 1320w, https:\/\/ismfrance.org\/wp-content\/uploads\/2023\/05\/marche-des-drapeaux-2022.jpeg 2048w\" sizes=\"auto, (max-width: 600px) 100vw, 600px\" \/><\/a><p id=\"caption-attachment-5664\" class=\"wp-caption-text\">\u00ab\u00a0Marche des Drapeaux\u00a0\u00bb 2022.<\/p><\/div>\n<p><span style=\"color: #000000;\"><span style=\"font-family: Arial, sans-serif;\"><span style=\"font-size: medium;\">Certains articles publi\u00e9s aujourd&rsquo;hui ont indiqu\u00e9 que l&rsquo;arm\u00e9e isra\u00e9lienne va \u00e9galement d\u00e9ployer le syst\u00e8me \u00ab\u00a0D\u00f4me de Fer\u00a0\u00bb \u00e0 J\u00e9rusalem par crainte de tirs de roquettes par la r\u00e9sistance palestinienne \u00e0 Gaza pendant la marche.<\/span><\/span><\/span><\/p>\n<p><span style=\"color: #000000;\"><span style=\"font-family: Arial, sans-serif;\"><span style=\"font-size: medium;\">Les mesures comprennent \u00ab le recours \u00e0 la technologie et le d\u00e9ploiement de policiers visibles et incognito \u00bb, ont ajout\u00e9 les m\u00e9dias.<\/span><\/span><\/span><\/p>\n<p><span style=\"color: #000000;\"><span style=\"font-family: Arial, sans-serif;\"><span style=\"font-size: medium;\">Le site Internet isra\u00e9lien <i>i24 News<\/i> a rapport\u00e9 que la police d&rsquo;occupation avait annonc\u00e9 \u00eatre pr\u00eate, suite aux appels lanc\u00e9s aux Palestiniens de J\u00e9rusalem occup\u00e9e de hisser les drapeaux de la Palestine en r\u00e9ponse \u00e0 la marche provocatrice.<\/span><\/span><\/span><\/p>\n<p><span style=\"color: #000000;\"><span style=\"font-family: Arial, sans-serif;\"><span style=\"font-size: medium;\">Le haut responsable du Hamas, Oussama Hamdane, a mis en garde l&rsquo;occupation isra\u00e9lienne contre le franchissement des lignes rouges lors de la \u00ab marche des drapeaux \u00bb \u00e0 J\u00e9rusalem occup\u00e9e, ajoutant que \u00ab mettre fin \u00e0 la confrontation [de Gaza] avant la marche des drapeaux \u00e0 J\u00e9rusalem ne signifie pas que la confrontation ne peut plus \u00e9clater si Isra\u00ebl franchit les lignes rouges.<\/span><\/span><\/span><\/p>\n<p><span style=\"color: #000000;\"><span style=\"font-family: Arial, sans-serif;\"><span style=\"font-size: medium;\">Hamdan a soulign\u00e9 qu&rsquo; \u00ab\u00a0&lsquo;Isra\u00ebl&rsquo; tente de cr\u00e9er un toll\u00e9 m\u00e9diatique \u00e0 propos de la marche des drapeaux pour dissimuler l&rsquo;\u00e9chec de son agression contre la bande de Gaza\u00a0\u00bb.<\/span><\/span><\/span><\/p>\n<p>https:\/\/twitter.com\/GazaNewsPlus\/status\/1658534446046273554?s=20<\/p>\n<p><span style=\"color: #000000;\"><span style=\"font-family: Arial, sans-serif;\"><span style=\"font-size: medium;\">Le chef des relations nationales du Hamas \u00e0 l&rsquo;\u00e9tranger, Ali Baraka, a d\u00e9clar\u00e9 mardi que \u00ab\u00a0toute violation de nos lignes rouges signifiera que la R\u00e9sistance aura son mot \u00e0 dire\u00a0\u00bb\u00a0; il a appel\u00e9 les Palestiniens \u00e0 assister aux pri\u00e8res du matin \u00e0 Al-Aqsa et a pr\u00e9venu que la marche est une \u00ab\u00a0provocation vis-\u00e0-vis du peuple palestinien et une violation du caract\u00e8re sacr\u00e9 d&rsquo;Al-Aqsa\u00a0\u00bb.<\/span><\/span><\/span><\/p>\n<p><span style=\"color: #000000;\"><span style=\"font-family: Arial, sans-serif;\"><span style=\"font-size: medium;\">Le site Internet isra\u00e9lien <i>Walla News<\/i> a rapport\u00e9 plus t\u00f4t que des sources au sein de l&rsquo;establishment s\u00e9curitaire et militaire ont mis en garde contre les d\u00e9clarations irresponsables qui pourraient inciter \u00e0 des r\u00e9ponses violentes, faisant sp\u00e9cifiquement r\u00e9f\u00e9rence aux discours habituels associant la \u00ab\u00a0Marche du drapeau\u00a0\u00bb au \u00ab\u00a0Mont du Temple\u00a0\u00bb.<\/span><\/span><\/span><\/p>\n<p><span style=\"color: #000000;\"><span style=\"font-family: Arial, sans-serif;\"><span style=\"font-size: medium;\">Le rapport ajoute que l&rsquo;establishment s\u00e9curitaire et militaire craint une attaque d&rsquo;une salve de roquettes, en particulier \u00e0 la suite de la r\u00e9cente escalade.<\/span><\/span><\/span><\/p>\n<p><span style=\"color: #000000;\"><span style=\"font-family: Arial, sans-serif;\"><span style=\"font-size: medium;\">Le Times of Israel a \u00e9galement rapport\u00e9 que la police isra\u00e9lienne est en \u00e9tat d&rsquo;alerte maximale pour faire face \u00e0 toute repr\u00e9sailles et m\u00eame \u00e0 des tirs de roquettes lors de la prochaine \u00ab\u00a0Marche du drapeau\u00a0\u00bb.<\/span><\/span><\/span><\/p>\n<p><span style=\"color: #000000;\"><span style=\"font-family: Arial, sans-serif;\"><span style=\"font-size: medium;\">La \u00ab Marche du drapeau \u00bb ultranationaliste se poursuit depuis des ann\u00e9es, comm\u00e9morant la prise de J\u00e9rusalem-Est par Isra\u00ebl en 1967. L&rsquo;occupation isra\u00e9lienne a instaur\u00e9 la \u00ab Journ\u00e9e de J\u00e9rusalem \u00bb en 1968, un an apr\u00e8s l&rsquo;occupation de la ville palestinienne, pour c\u00e9l\u00e9brer sa conqu\u00eate.<\/span><\/span><\/span><\/p>\n<p><span style=\"color: #000000;\"><span style=\"font-family: Arial, sans-serif;\"><span style=\"font-size: medium;\">Le d\u00e9fil\u00e9 de 2021 a eu lieu au milieu de tensions accrues dans la ville, &lsquo;Isra\u00ebl&rsquo; saisissant le pr\u00e9texte pour lancer une attaque militaire d\u00e9vastatrice sur la bande de Gaza, baptis\u00e9e \u00ab\u00a0Gardien des murs\u00a0\u00bb.<\/span><\/span><\/span><\/p>\n<p><span style=\"color: #000000;\"><span style=\"font-family: Arial, sans-serif;\"><span style=\"font-size: medium;\">L&rsquo;attaque isra\u00e9lienne de mai 2021 a fait 256 morts et des milliers de bless\u00e9s palestiniens, endommag\u00e9 plus de 50.000 maisons et d\u00e9truit des infrastructures essentielles.<\/span><\/span><\/span><\/p>\n<pre><span style=\"color: #000000;\"><span style=\"font-family: Arial, sans-serif;\"><span style=\"font-size: medium;\"><span style=\"font-size: small;\">Article original en anglais sur <a href=\"https:\/\/qudsnen.co\/israel-to-deploy-over-3200-soldiers-ahead-of-provocative-flag-march\/\">Quds News Network<\/a> \/ Traduction MR<\/span><\/span><\/span><\/span><\/pre>\n","protected":false},"excerpt":{"rendered":"<p>Quds News Network, 17 mai 2023. L&rsquo;occupation isra\u00e9lienne va d\u00e9ployer plus de 3.200 policiers \u00e0 J\u00e9rusalem occup\u00e9e en pr\u00e9paration de la \u00ab\u00a0Marche du drapeau\u00a0\u00bb organis\u00e9e par l&rsquo;extr\u00eame-droite isra\u00e9lienne jeudi 18 <a class=\"more-link\" href=\"https:\/\/ismfrance.org\/index.php\/2023\/05\/17\/israel-va-deployer-plus-de-3-200-soldats-avant-la-provocation-annuelle-de-la-marche-du-drapeau\/\">Lire la suite &rarr;<\/a><\/p>\n","protected":false},"author":3,"featured_media":5664,"comment_status":"closed","ping_status":"closed","sticky":false,"template":"","format":"standard","meta":{"footnotes":""},"categories":[2,14],"tags":[203,201,74],"class_list":["post-5661","post","type-post","status-publish","format-standard","has-post-thumbnail","hentry","category-articles","category-communiques","tag-jerusalem","tag-provocations","tag-sionisme"],"yoast_head":"<!-- This site is optimized with the Yoast SEO plugin v27.2 - https:\/\/yoast.com\/product\/yoast-seo-wordpress\/ -->\n<title>&#039;Isra\u00ebl&#039; va d\u00e9ployer plus de 3.200 soldats avant la provocation annuelle de la &quot;Marche du drapeau&quot; - International Solidarity Movement - ISM-France<\/title>\n<meta name=\"robots\" content=\"index, follow, max-snippet:-1, max-image-preview:large, max-video-preview:-1\" \/>\n<link rel=\"canonical\" href=\"https:\/\/ismfrance.org\/index.php\/2023\/05\/17\/israel-va-deployer-plus-de-3-200-soldats-avant-la-provocation-annuelle-de-la-marche-du-drapeau\/\" \/>\n<meta property=\"og:locale\" content=\"fr_FR\" \/>\n<meta property=\"og:type\" content=\"article\" \/>\n<meta property=\"og:title\" content=\"&#039;Isra\u00ebl&#039; va d\u00e9ployer plus de 3.200 soldats avant la provocation annuelle de la &quot;Marche du drapeau&quot; - International Solidarity Movement - ISM-France\" \/>\n<meta property=\"og:description\" content=\"Quds News Network, 17 mai 2023. L&rsquo;occupation isra\u00e9lienne va d\u00e9ployer plus de 3.200 policiers \u00e0 J\u00e9rusalem occup\u00e9e en pr\u00e9paration de la \u00ab\u00a0Marche du drapeau\u00a0\u00bb organis\u00e9e par l&rsquo;extr\u00eame-droite isra\u00e9lienne jeudi 18 Lire la suite &rarr;\" \/>\n<meta property=\"og:url\" content=\"https:\/\/ismfrance.org\/index.php\/2023\/05\/17\/israel-va-deployer-plus-de-3-200-soldats-avant-la-provocation-annuelle-de-la-marche-du-drapeau\/\" \/>\n<meta property=\"og:site_name\" content=\"International Solidarity Movement - ISM-France\" \/>\n<meta property=\"article:published_time\" content=\"2023-05-17T13:54:56+00:00\" \/>\n<meta property=\"article:modified_time\" content=\"2023-05-17T13:55:52+00:00\" \/>\n<meta property=\"og:image\" content=\"https:\/\/ismfrance.org\/wp-content\/uploads\/2023\/05\/marche-des-drapeaux-2022.jpeg\" \/>\n\t<meta property=\"og:image:width\" content=\"2048\" \/>\n\t<meta property=\"og:image:height\" content=\"1366\" \/>\n\t<meta property=\"og:image:type\" content=\"image\/jpeg\" \/>\n<meta name=\"author\" content=\"mru_01\" \/>\n<meta name=\"twitter:card\" content=\"summary_large_image\" \/>\n<meta name=\"twitter:creator\" content=\"@ISMFRANCE\" \/>\n<meta name=\"twitter:site\" content=\"@ISMFRANCE\" \/>\n<meta name=\"twitter:label1\" content=\"\u00c9crit par\" \/>\n\t<meta name=\"twitter:data1\" content=\"mru_01\" \/>\n\t<meta name=\"twitter:label2\" content=\"Dur\u00e9e de lecture estim\u00e9e\" \/>\n\t<meta name=\"twitter:data2\" content=\"3 minutes\" \/>\n<script type=\"application\/ld+json\" class=\"yoast-schema-graph\">{\"@context\":\"https:\/\/schema.org\",\"@graph\":[{\"@type\":\"Article\",\"@id\":\"https:\/\/ismfrance.org\/index.php\/2023\/05\/17\/israel-va-deployer-plus-de-3-200-soldats-avant-la-provocation-annuelle-de-la-marche-du-drapeau\/#article\",\"isPartOf\":{\"@id\":\"https:\/\/ismfrance.org\/index.php\/2023\/05\/17\/israel-va-deployer-plus-de-3-200-soldats-avant-la-provocation-annuelle-de-la-marche-du-drapeau\/\"},\"author\":{\"name\":\"mru_01\",\"@id\":\"https:\/\/ismfrance.org\/#\/schema\/person\/3c411eb72adfaae19c0dca1f41fae01d\"},\"headline\":\"&lsquo;Isra\u00ebl&rsquo; va d\u00e9ployer plus de 3.200 soldats avant la provocation annuelle de la \u00ab\u00a0Marche du drapeau\u00a0\u00bb\",\"datePublished\":\"2023-05-17T13:54:56+00:00\",\"dateModified\":\"2023-05-17T13:55:52+00:00\",\"mainEntityOfPage\":{\"@id\":\"https:\/\/ismfrance.org\/index.php\/2023\/05\/17\/israel-va-deployer-plus-de-3-200-soldats-avant-la-provocation-annuelle-de-la-marche-du-drapeau\/\"},\"wordCount\":584,\"publisher\":{\"@id\":\"https:\/\/ismfrance.org\/#organization\"},\"image\":{\"@id\":\"https:\/\/ismfrance.org\/index.php\/2023\/05\/17\/israel-va-deployer-plus-de-3-200-soldats-avant-la-provocation-annuelle-de-la-marche-du-drapeau\/#primaryimage\"},\"thumbnailUrl\":\"https:\/\/ismfrance.org\/wp-content\/uploads\/2023\/05\/marche-des-drapeaux-2022.jpeg\",\"keywords\":[\"Jerusalem\",\"Provocations\",\"Sionisme\"],\"articleSection\":[\"Articles\",\"Communiqu\u00e9s\"],\"inLanguage\":\"fr-FR\"},{\"@type\":\"WebPage\",\"@id\":\"https:\/\/ismfrance.org\/index.php\/2023\/05\/17\/israel-va-deployer-plus-de-3-200-soldats-avant-la-provocation-annuelle-de-la-marche-du-drapeau\/\",\"url\":\"https:\/\/ismfrance.org\/index.php\/2023\/05\/17\/israel-va-deployer-plus-de-3-200-soldats-avant-la-provocation-annuelle-de-la-marche-du-drapeau\/\",\"name\":\"'Isra\u00ebl' va d\u00e9ployer plus de 3.200 soldats avant la provocation annuelle de la \\\"Marche du drapeau\\\" - International Solidarity Movement - ISM-France\",\"isPartOf\":{\"@id\":\"https:\/\/ismfrance.org\/#website\"},\"primaryImageOfPage\":{\"@id\":\"https:\/\/ismfrance.org\/index.php\/2023\/05\/17\/israel-va-deployer-plus-de-3-200-soldats-avant-la-provocation-annuelle-de-la-marche-du-drapeau\/#primaryimage\"},\"image\":{\"@id\":\"https:\/\/ismfrance.org\/index.php\/2023\/05\/17\/israel-va-deployer-plus-de-3-200-soldats-avant-la-provocation-annuelle-de-la-marche-du-drapeau\/#primaryimage\"},\"thumbnailUrl\":\"https:\/\/ismfrance.org\/wp-content\/uploads\/2023\/05\/marche-des-drapeaux-2022.jpeg\",\"datePublished\":\"2023-05-17T13:54:56+00:00\",\"dateModified\":\"2023-05-17T13:55:52+00:00\",\"breadcrumb\":{\"@id\":\"https:\/\/ismfrance.org\/index.php\/2023\/05\/17\/israel-va-deployer-plus-de-3-200-soldats-avant-la-provocation-annuelle-de-la-marche-du-drapeau\/#breadcrumb\"},\"inLanguage\":\"fr-FR\",\"potentialAction\":[{\"@type\":\"ReadAction\",\"target\":[\"https:\/\/ismfrance.org\/index.php\/2023\/05\/17\/israel-va-deployer-plus-de-3-200-soldats-avant-la-provocation-annuelle-de-la-marche-du-drapeau\/\"]}]},{\"@type\":\"ImageObject\",\"inLanguage\":\"fr-FR\",\"@id\":\"https:\/\/ismfrance.org\/index.php\/2023\/05\/17\/israel-va-deployer-plus-de-3-200-soldats-avant-la-provocation-annuelle-de-la-marche-du-drapeau\/#primaryimage\",\"url\":\"https:\/\/ismfrance.org\/wp-content\/uploads\/2023\/05\/marche-des-drapeaux-2022.jpeg\",\"contentUrl\":\"https:\/\/ismfrance.org\/wp-content\/uploads\/2023\/05\/marche-des-drapeaux-2022.jpeg\",\"width\":2048,\"height\":1366,\"caption\":\"\\\"Marche des Drapeaux\\\" 2022.\"},{\"@type\":\"BreadcrumbList\",\"@id\":\"https:\/\/ismfrance.org\/index.php\/2023\/05\/17\/israel-va-deployer-plus-de-3-200-soldats-avant-la-provocation-annuelle-de-la-marche-du-drapeau\/#breadcrumb\",\"itemListElement\":[{\"@type\":\"ListItem\",\"position\":1,\"name\":\"Accueil\",\"item\":\"https:\/\/ismfrance.org\/\"},{\"@type\":\"ListItem\",\"position\":2,\"name\":\"&#8216;Isra\u00ebl&#8217; va d\u00e9ployer plus de 3.200 soldats avant la provocation annuelle de la &#8220;Marche du drapeau&#8221;\"}]},{\"@type\":\"WebSite\",\"@id\":\"https:\/\/ismfrance.org\/#website\",\"url\":\"https:\/\/ismfrance.org\/\",\"name\":\"ISM Palestine France\",\"description\":\"Soutien aux luttes de lib\u00e9ration du peuple palestinien\",\"publisher\":{\"@id\":\"https:\/\/ismfrance.org\/#organization\"},\"potentialAction\":[{\"@type\":\"SearchAction\",\"target\":{\"@type\":\"EntryPoint\",\"urlTemplate\":\"https:\/\/ismfrance.org\/?s={search_term_string}\"},\"query-input\":{\"@type\":\"PropertyValueSpecification\",\"valueRequired\":true,\"valueName\":\"search_term_string\"}}],\"inLanguage\":\"fr-FR\"},{\"@type\":\"Organization\",\"@id\":\"https:\/\/ismfrance.org\/#organization\",\"name\":\"International Solidarity Movement\",\"url\":\"https:\/\/ismfrance.org\/\",\"logo\":{\"@type\":\"ImageObject\",\"inLanguage\":\"fr-FR\",\"@id\":\"https:\/\/ismfrance.org\/#\/schema\/logo\/image\/\",\"url\":\"https:\/\/ismfrance.org\/wp-content\/uploads\/2020\/12\/00.png\",\"contentUrl\":\"https:\/\/ismfrance.org\/wp-content\/uploads\/2020\/12\/00.png\",\"width\":400,\"height\":400,\"caption\":\"International Solidarity Movement\"},\"image\":{\"@id\":\"https:\/\/ismfrance.org\/#\/schema\/logo\/image\/\"},\"sameAs\":[\"https:\/\/x.com\/ISMFRANCE\"]},{\"@type\":\"Person\",\"@id\":\"https:\/\/ismfrance.org\/#\/schema\/person\/3c411eb72adfaae19c0dca1f41fae01d\",\"name\":\"mru_01\",\"image\":{\"@type\":\"ImageObject\",\"inLanguage\":\"fr-FR\",\"@id\":\"https:\/\/secure.gravatar.com\/avatar\/3a0be343b445d2ccc79e87444a294fad2b232e90d2051d0e3cc219e1ecd6a330?s=96&d=mm&r=g\",\"url\":\"https:\/\/secure.gravatar.com\/avatar\/3a0be343b445d2ccc79e87444a294fad2b232e90d2051d0e3cc219e1ecd6a330?s=96&d=mm&r=g\",\"contentUrl\":\"https:\/\/secure.gravatar.com\/avatar\/3a0be343b445d2ccc79e87444a294fad2b232e90d2051d0e3cc219e1ecd6a330?s=96&d=mm&r=g\",\"caption\":\"mru_01\"},\"url\":\"https:\/\/ismfrance.org\/index.php\/author\/admin02\/\"}]}<\/script>\n<!-- \/ Yoast SEO plugin. -->","yoast_head_json":{"title":"'Isra\u00ebl' va d\u00e9ployer plus de 3.200 soldats avant la provocation annuelle de la \"Marche du drapeau\" - International Solidarity Movement - ISM-France","robots":{"index":"index","follow":"follow","max-snippet":"max-snippet:-1","max-image-preview":"max-image-preview:large","max-video-preview":"max-video-preview:-1"},"canonical":"https:\/\/ismfrance.org\/index.php\/2023\/05\/17\/israel-va-deployer-plus-de-3-200-soldats-avant-la-provocation-annuelle-de-la-marche-du-drapeau\/","og_locale":"fr_FR","og_type":"article","og_title":"'Isra\u00ebl' va d\u00e9ployer plus de 3.200 soldats avant la provocation annuelle de la \"Marche du drapeau\" - International Solidarity Movement - ISM-France","og_description":"Quds News Network, 17 mai 2023. L&rsquo;occupation isra\u00e9lienne va d\u00e9ployer plus de 3.200 policiers \u00e0 J\u00e9rusalem occup\u00e9e en pr\u00e9paration de la \u00ab\u00a0Marche du drapeau\u00a0\u00bb organis\u00e9e par l&rsquo;extr\u00eame-droite isra\u00e9lienne jeudi 18 Lire la suite &rarr;","og_url":"https:\/\/ismfrance.org\/index.php\/2023\/05\/17\/israel-va-deployer-plus-de-3-200-soldats-avant-la-provocation-annuelle-de-la-marche-du-drapeau\/","og_site_name":"International Solidarity Movement - ISM-France","article_published_time":"2023-05-17T13:54:56+00:00","article_modified_time":"2023-05-17T13:55:52+00:00","og_image":[{"width":2048,"height":1366,"url":"https:\/\/ismfrance.org\/wp-content\/uploads\/2023\/05\/marche-des-drapeaux-2022.jpeg","type":"image\/jpeg"}],"author":"mru_01","twitter_card":"summary_large_image","twitter_creator":"@ISMFRANCE","twitter_site":"@ISMFRANCE","twitter_misc":{"\u00c9crit par":"mru_01","Dur\u00e9e de lecture estim\u00e9e":"3 minutes"},"schema":{"@context":"https:\/\/schema.org","@graph":[{"@type":"Article","@id":"https:\/\/ismfrance.org\/index.php\/2023\/05\/17\/israel-va-deployer-plus-de-3-200-soldats-avant-la-provocation-annuelle-de-la-marche-du-drapeau\/#article","isPartOf":{"@id":"https:\/\/ismfrance.org\/index.php\/2023\/05\/17\/israel-va-deployer-plus-de-3-200-soldats-avant-la-provocation-annuelle-de-la-marche-du-drapeau\/"},"author":{"name":"mru_01","@id":"https:\/\/ismfrance.org\/#\/schema\/person\/3c411eb72adfaae19c0dca1f41fae01d"},"headline":"&lsquo;Isra\u00ebl&rsquo; va d\u00e9ployer plus de 3.200 soldats avant la provocation annuelle de la \u00ab\u00a0Marche du drapeau\u00a0\u00bb","datePublished":"2023-05-17T13:54:56+00:00","dateModified":"2023-05-17T13:55:52+00:00","mainEntityOfPage":{"@id":"https:\/\/ismfrance.org\/index.php\/2023\/05\/17\/israel-va-deployer-plus-de-3-200-soldats-avant-la-provocation-annuelle-de-la-marche-du-drapeau\/"},"wordCount":584,"publisher":{"@id":"https:\/\/ismfrance.org\/#organization"},"image":{"@id":"https:\/\/ismfrance.org\/index.php\/2023\/05\/17\/israel-va-deployer-plus-de-3-200-soldats-avant-la-provocation-annuelle-de-la-marche-du-drapeau\/#primaryimage"},"thumbnailUrl":"https:\/\/ismfrance.org\/wp-content\/uploads\/2023\/05\/marche-des-drapeaux-2022.jpeg","keywords":["Jerusalem","Provocations","Sionisme"],"articleSection":["Articles","Communiqu\u00e9s"],"inLanguage":"fr-FR"},{"@type":"WebPage","@id":"https:\/\/ismfrance.org\/index.php\/2023\/05\/17\/israel-va-deployer-plus-de-3-200-soldats-avant-la-provocation-annuelle-de-la-marche-du-drapeau\/","url":"https:\/\/ismfrance.org\/index.php\/2023\/05\/17\/israel-va-deployer-plus-de-3-200-soldats-avant-la-provocation-annuelle-de-la-marche-du-drapeau\/","name":"'Isra\u00ebl' va d\u00e9ployer plus de 3.200 soldats avant la provocation annuelle de la \"Marche du drapeau\" - International Solidarity Movement - ISM-France","isPartOf":{"@id":"https:\/\/ismfrance.org\/#website"},"primaryImageOfPage":{"@id":"https:\/\/ismfrance.org\/index.php\/2023\/05\/17\/israel-va-deployer-plus-de-3-200-soldats-avant-la-provocation-annuelle-de-la-marche-du-drapeau\/#primaryimage"},"image":{"@id":"https:\/\/ismfrance.org\/index.php\/2023\/05\/17\/israel-va-deployer-plus-de-3-200-soldats-avant-la-provocation-annuelle-de-la-marche-du-drapeau\/#primaryimage"},"thumbnailUrl":"https:\/\/ismfrance.org\/wp-content\/uploads\/2023\/05\/marche-des-drapeaux-2022.jpeg","datePublished":"2023-05-17T13:54:56+00:00","dateModified":"2023-05-17T13:55:52+00:00","breadcrumb":{"@id":"https:\/\/ismfrance.org\/index.php\/2023\/05\/17\/israel-va-deployer-plus-de-3-200-soldats-avant-la-provocation-annuelle-de-la-marche-du-drapeau\/#breadcrumb"},"inLanguage":"fr-FR","potentialAction":[{"@type":"ReadAction","target":["https:\/\/ismfrance.org\/index.php\/2023\/05\/17\/israel-va-deployer-plus-de-3-200-soldats-avant-la-provocation-annuelle-de-la-marche-du-drapeau\/"]}]},{"@type":"ImageObject","inLanguage":"fr-FR","@id":"https:\/\/ismfrance.org\/index.php\/2023\/05\/17\/israel-va-deployer-plus-de-3-200-soldats-avant-la-provocation-annuelle-de-la-marche-du-drapeau\/#primaryimage","url":"https:\/\/ismfrance.org\/wp-content\/uploads\/2023\/05\/marche-des-drapeaux-2022.jpeg","contentUrl":"https:\/\/ismfrance.org\/wp-content\/uploads\/2023\/05\/marche-des-drapeaux-2022.jpeg","width":2048,"height":1366,"caption":"\"Marche des Drapeaux\" 2022."},{"@type":"BreadcrumbList","@id":"https:\/\/ismfrance.org\/index.php\/2023\/05\/17\/israel-va-deployer-plus-de-3-200-soldats-avant-la-provocation-annuelle-de-la-marche-du-drapeau\/#breadcrumb","itemListElement":[{"@type":"ListItem","position":1,"name":"Accueil","item":"https:\/\/ismfrance.org\/"},{"@type":"ListItem","position":2,"name":"&#8216;Isra\u00ebl&#8217; va d\u00e9ployer plus de 3.200 soldats avant la provocation annuelle de la &#8220;Marche du drapeau&#8221;"}]},{"@type":"WebSite","@id":"https:\/\/ismfrance.org\/#website","url":"https:\/\/ismfrance.org\/","name":"ISM Palestine France","description":"Soutien aux luttes de lib\u00e9ration du peuple palestinien","publisher":{"@id":"https:\/\/ismfrance.org\/#organization"},"potentialAction":[{"@type":"SearchAction","target":{"@type":"EntryPoint","urlTemplate":"https:\/\/ismfrance.org\/?s={search_term_string}"},"query-input":{"@type":"PropertyValueSpecification","valueRequired":true,"valueName":"search_term_string"}}],"inLanguage":"fr-FR"},{"@type":"Organization","@id":"https:\/\/ismfrance.org\/#organization","name":"International Solidarity Movement","url":"https:\/\/ismfrance.org\/","logo":{"@type":"ImageObject","inLanguage":"fr-FR","@id":"https:\/\/ismfrance.org\/#\/schema\/logo\/image\/","url":"https:\/\/ismfrance.org\/wp-content\/uploads\/2020\/12\/00.png","contentUrl":"https:\/\/ismfrance.org\/wp-content\/uploads\/2020\/12\/00.png","width":400,"height":400,"caption":"International Solidarity Movement"},"image":{"@id":"https:\/\/ismfrance.org\/#\/schema\/logo\/image\/"},"sameAs":["https:\/\/x.com\/ISMFRANCE"]},{"@type":"Person","@id":"https:\/\/ismfrance.org\/#\/schema\/person\/3c411eb72adfaae19c0dca1f41fae01d","name":"mru_01","image":{"@type":"ImageObject","inLanguage":"fr-FR","@id":"https:\/\/secure.gravatar.com\/avatar\/3a0be343b445d2ccc79e87444a294fad2b232e90d2051d0e3cc219e1ecd6a330?s=96&d=mm&r=g","url":"https:\/\/secure.gravatar.com\/avatar\/3a0be343b445d2ccc79e87444a294fad2b232e90d2051d0e3cc219e1ecd6a330?s=96&d=mm&r=g","contentUrl":"https:\/\/secure.gravatar.com\/avatar\/3a0be343b445d2ccc79e87444a294fad2b232e90d2051d0e3cc219e1ecd6a330?s=96&d=mm&r=g","caption":"mru_01"},"url":"https:\/\/ismfrance.org\/index.php\/author\/admin02\/"}]}},"_links":{"self":[{"href":"https:\/\/ismfrance.org\/index.php\/wp-json\/wp\/v2\/posts\/5661","targetHints":{"allow":["GET"]}}],"collection":[{"href":"https:\/\/ismfrance.org\/index.php\/wp-json\/wp\/v2\/posts"}],"about":[{"href":"https:\/\/ismfrance.org\/index.php\/wp-json\/wp\/v2\/types\/post"}],"author":[{"embeddable":true,"href":"https:\/\/ismfrance.org\/index.php\/wp-json\/wp\/v2\/users\/3"}],"replies":[{"embeddable":true,"href":"https:\/\/ismfrance.org\/index.php\/wp-json\/wp\/v2\/comments?post=5661"}],"version-history":[{"count":0,"href":"https:\/\/ismfrance.org\/index.php\/wp-json\/wp\/v2\/posts\/5661\/revisions"}],"wp:featuredmedia":[{"embeddable":true,"href":"https:\/\/ismfrance.org\/index.php\/wp-json\/wp\/v2\/media\/5664"}],"wp:attachment":[{"href":"https:\/\/ismfrance.org\/index.php\/wp-json\/wp\/v2\/media?parent=5661"}],"wp:term":[{"taxonomy":"category","embeddable":true,"href":"https:\/\/ismfrance.org\/index.php\/wp-json\/wp\/v2\/categories?post=5661"},{"taxonomy":"post_tag","embeddable":true,"href":"https:\/\/ismfrance.org\/index.php\/wp-json\/wp\/v2\/tags?post=5661"}],"curies":[{"name":"wp","href":"https:\/\/api.w.org\/{rel}","templated":true}]}}