{"id":5403,"date":"2023-04-22T17:44:30","date_gmt":"2023-04-22T15:44:30","guid":{"rendered":"https:\/\/ismfrance.org\/?p=5403"},"modified":"2023-04-22T17:52:09","modified_gmt":"2023-04-22T15:52:09","slug":"video-la-lutte-pour-masafer-yatta","status":"publish","type":"post","link":"https:\/\/ismfrance.org\/index.php\/2023\/04\/22\/video-la-lutte-pour-masafer-yatta\/","title":{"rendered":"Video : La lutte pour Masafer Yatta"},"content":{"rendered":"<p><span style=\"color: #000000;\"><span style=\"font-family: Trebuchet MS, sans-serif;\"><span style=\"font-size: medium;\">Le gouvernement isra\u00e9lien pourrait d\u00e9molir une \u00e9cole donn\u00e9e \u00e0 une petite communaut\u00e9 palestinienne, laissant plus de 20 enfants sans \u00e9ducation.<\/span><\/span><\/span><\/p>\n<div id=\"attachment_5408\" style=\"width: 610px\" class=\"wp-caption alignnone\"><a href=\"https:\/\/ismfrance.org\/wp-content\/uploads\/2023\/04\/masafer.png\"><img loading=\"lazy\" decoding=\"async\" aria-describedby=\"caption-attachment-5408\" class=\"wp-image-5408 size-large\" src=\"https:\/\/ismfrance.org\/wp-content\/uploads\/2023\/04\/masafer-700x394.png\" alt=\"\" width=\"600\" height=\"338\" srcset=\"https:\/\/ismfrance.org\/wp-content\/uploads\/2023\/04\/masafer-700x394.png 700w, https:\/\/ismfrance.org\/wp-content\/uploads\/2023\/04\/masafer-300x169.png 300w, https:\/\/ismfrance.org\/wp-content\/uploads\/2023\/04\/masafer-768x433.png 768w, https:\/\/ismfrance.org\/wp-content\/uploads\/2023\/04\/masafer.png 980w\" sizes=\"auto, (max-width: 600px) 100vw, 600px\" \/><\/a><p id=\"caption-attachment-5408\" class=\"wp-caption-text\">Capture d&rsquo;\u00e9cran de la vid\u00e9o ci-dessous.<\/p><\/div>\n<p><span style=\"color: #000000;\"><span style=\"font-family: Trebuchet MS, sans-serif;\"><span style=\"font-size: medium;\">L&rsquo;administration civile d&rsquo;Isra\u00ebl &#8211; le bras bureaucratique de son occupation militaire &#8211; a donn\u00e9 l&rsquo;ordre de d\u00e9molir l&rsquo;\u00e9cole en novembre dernier.<\/span><\/span><\/span><\/p>\n<p><iframe loading=\"lazy\" title=\"The struggle for Masafer Yatta\" width=\"600\" height=\"338\" src=\"https:\/\/www.youtube.com\/embed\/SfzIHugI_50?feature=oembed\" frameborder=\"0\" allow=\"accelerometer; autoplay; clipboard-write; encrypted-media; gyroscope; picture-in-picture; web-share\" referrerpolicy=\"strict-origin-when-cross-origin\" allowfullscreen><\/iframe><\/p>\n<p><span style=\"color: #000000;\"><span style=\"font-family: Trebuchet MS, sans-serif;\"><span style=\"font-size: medium;\">Avant la construction de l&rsquo;\u00e9cole l&rsquo;ann\u00e9e derni\u00e8re, les enfants devaient se rendre \u00e0 l&rsquo;\u00e9cole dans les communaut\u00e9s voisines. Le trajet \u00e9tait long et dangereux car ils devaient passer devant plusieurs colonies isra\u00e9liennes et une \u00ab zone de tir \u00bb militaire.<\/span><\/span><\/span><\/p>\n<p><span style=\"color: #000000;\"><span style=\"font-family: Trebuchet MS, sans-serif;\"><span style=\"font-size: medium;\">Les colons harc\u00e8laient constamment les enfants pendant qu&rsquo;ils se rendaient \u00e0 l&rsquo;\u00e9cole \u00e0 pied.<\/span><\/span><\/span><\/p>\n<p><span style=\"color: #000000;\"><span style=\"font-family: Trebuchet MS, sans-serif;\"><span style=\"font-size: medium;\">Pour cette raison, en 2004, le gouvernement isra\u00e9lien a ordonn\u00e9 des escortes militaires pour les \u00e9coliers palestiniens faisant le trajet aller-retour \u00e0 l&rsquo;\u00e9cole deux fois par jour.<\/span><\/span><\/span><\/p>\n<p><span style=\"color: #000000;\"><span style=\"font-family: Trebuchet MS, sans-serif;\"><span style=\"font-size: medium;\">Cette politique se poursuit jusqu&rsquo;\u00e0 aujourd&rsquo;hui.<\/span><\/span><\/span><\/p>\n<p><span style=\"color: #000000;\"><span style=\"font-family: Trebuchet MS, sans-serif;\"><span style=\"font-size: medium;\">Mais il arrive que les soldats isra\u00e9liens ne se pr\u00e9sentent pas, ou qu&rsquo;ils arrivent en retard, rendant l&rsquo;acc\u00e8s des enfants \u00e0 l&rsquo;\u00e9cole peu fiable.<\/span><\/span><\/span><\/p>\n<p><span style=\"color: #000000;\"><span style=\"font-family: Trebuchet MS, sans-serif;\"><span style=\"font-size: medium;\">Des habitants comme Ali Awwad se sont port\u00e9s volontaires pour veiller \u00e0 ce que les enfants puissent se rendre \u00e0 l&rsquo;\u00e9cole en toute s\u00e9curit\u00e9.<\/span><\/span><\/span><\/p>\n<p><span style=\"color: #000000;\"><span style=\"font-family: Trebuchet MS, sans-serif;\"><span style=\"font-size: medium;\">Ali et ces \u00e9coliers viennent de Masafer Yatta, \u00e9galement connu sous le nom de Collines du sud d&rsquo;H\u00e9bron.<\/span><\/span><\/span><\/p>\n<p><span style=\"color: #000000;\"><span style=\"font-family: Trebuchet MS, sans-serif;\"><span style=\"font-size: medium;\">Il s&rsquo;agit d&rsquo;une r\u00e9gion du sud de la Cisjordanie occup\u00e9e dont l&rsquo;arm\u00e9e isra\u00e9lienne, qui veut s&rsquo;en emparer, cherche \u00e0 d\u00e9truire plusieurs villages et \u00e0 expulser les r\u00e9sidents palestiniens.<\/span><\/span><\/span><\/p>\n<p><span style=\"color: #000000;\"><span style=\"font-family: Trebuchet MS, sans-serif;\"><span style=\"font-size: medium;\">Masafer Yatta se trouve dans la zone C, les 60 % de la Cisjordanie qui restent enti\u00e8rement sous contr\u00f4le militaire isra\u00e9lien et comprennent les plus grandes colonies de peuplement d&rsquo;Isra\u00ebl.<\/span><\/span><\/span><\/p>\n<p><span style=\"color: #000000;\"><span style=\"font-family: Trebuchet MS, sans-serif;\"><span style=\"font-size: medium;\">Dans les ann\u00e9es 1980, Isra\u00ebl a d\u00e9clar\u00e9 le secteur \u00ab\u00a0zone de tir militaire\u00a0\u00bb comme pr\u00e9texte pour s&#8217;emparer des terres palestiniennes et les remettre aux colons isra\u00e9liens.<\/span><\/span><\/span><\/p>\n<p><span style=\"color: #000000;\"><span style=\"font-family: Trebuchet MS, sans-serif;\"><span style=\"font-size: medium;\">Depuis lors, Isra\u00ebl a tent\u00e9 de forcer les Palestiniens \u00e0 quitter la terre, affirmant qu&rsquo;ils vivaient \u00ab ill\u00e9galement \u00bb dans une zone de tir.<\/span><\/span><\/span><\/p>\n<p><span style=\"color: #000000;\"><span style=\"font-family: Trebuchet MS, sans-serif;\"><span style=\"font-size: medium;\">Cependant, les Palestiniens ont v\u00e9cu dans la r\u00e9gion bien avant l&rsquo;\u00e9tablissement d&rsquo;Isra\u00ebl et de son arm\u00e9e.<\/span><\/span><\/span><\/p>\n<p><span style=\"color: #000000;\"><span style=\"font-family: Trebuchet MS, sans-serif;\"><span style=\"font-size: medium;\">Pendant plus de deux d\u00e9cennies, les habitants de Masafer Yatta ont eu recours aux tribunaux pour tenter de lutter contre la confiscation des terres par Isra\u00ebl.<\/span><\/span><\/span><\/p>\n<p><span style=\"color: #000000;\"><span style=\"font-family: Trebuchet MS, sans-serif;\"><span style=\"font-size: medium;\">En mai 2022, la Haute Cour isra\u00e9lienne a rejet\u00e9 les appels des Palestiniens, donnant \u00e0 l&rsquo;arm\u00e9e le feu vert pour d\u00e9molir au moins huit villages, dont quatre \u00e9coles.<\/span><\/span><\/span><\/p>\n<p><span style=\"color: #000000;\"><span style=\"font-family: Trebuchet MS, sans-serif;\"><span style=\"font-size: medium;\">De plus, le tribunal a autoris\u00e9 l&rsquo;arm\u00e9e \u00e0 expulser de force pr\u00e8s de 1.200 r\u00e9sidents de leurs terres, une d\u00e9cision qui, selon les groupes de d\u00e9fense des droits, \u00e9quivaudrait \u00e0 un crime de guerre au regard du droit international.<\/span><\/span><\/span><\/p>\n<p><span style=\"color: #000000;\"><span style=\"font-family: Trebuchet MS, sans-serif;\"><span style=\"font-size: medium;\">En janvier 2023, les autorit\u00e9s isra\u00e9liennes ont inform\u00e9 les r\u00e9sidents qu&rsquo;elles avaient l&rsquo;intention d&rsquo;acc\u00e9l\u00e9rer leur transfert forc\u00e9. M\u00eame encore, les habitants disent qu&rsquo;ils n&rsquo;ont pas l&rsquo;intention de partir.<\/span><\/span><\/span><\/p>\n<p><span style=\"color: #000000;\"><span style=\"font-family: Trebuchet MS, sans-serif;\"><span style=\"font-size: medium;\">Vid\u00e9o par Palestine Productions.<\/span><\/span><\/span><\/p>\n<p><em>La vid\u00e9o a \u00e9t\u00e9 publi\u00e9e, sous-titr\u00e9e en anglais, sur <a href=\"https:\/\/electronicintifada.net\/content\/video-struggle-masafer-yatta\/37556\">The Electronic Intifada<\/a> le 19 avril 2023. Traduction des sous-titres : MR<\/em><\/p>\n<p><strong>Suivre la lutte des villages de Masafer Yatta sur Twitter : #SaveMasaferYatta <a href=\"https:\/\/twitter.com\/basel_adra\">@basel_adra<\/a><\/strong><\/p>\n","protected":false},"excerpt":{"rendered":"<p>Le gouvernement isra\u00e9lien pourrait d\u00e9molir une \u00e9cole donn\u00e9e \u00e0 une petite communaut\u00e9 palestinienne, laissant plus de 20 enfants sans \u00e9ducation. L&rsquo;administration civile d&rsquo;Isra\u00ebl &#8211; le bras bureaucratique de son occupation <a class=\"more-link\" href=\"https:\/\/ismfrance.org\/index.php\/2023\/04\/22\/video-la-lutte-pour-masafer-yatta\/\">Lire la suite &rarr;<\/a><\/p>\n","protected":false},"author":3,"featured_media":5408,"comment_status":"closed","ping_status":"closed","sticky":false,"template":"","format":"standard","meta":{"footnotes":""},"categories":[2,13],"tags":[45],"class_list":["post-5403","post","type-post","status-publish","format-standard","has-post-thumbnail","hentry","category-articles","category-temoignages","tag-nettoyage-ethnique"],"yoast_head":"<!-- This site is optimized with the Yoast SEO plugin v27.2 - https:\/\/yoast.com\/product\/yoast-seo-wordpress\/ -->\n<title>Video : La lutte pour Masafer Yatta - International Solidarity Movement - ISM-France<\/title>\n<meta name=\"robots\" content=\"index, follow, max-snippet:-1, max-image-preview:large, max-video-preview:-1\" \/>\n<link rel=\"canonical\" href=\"https:\/\/ismfrance.org\/index.php\/2023\/04\/22\/video-la-lutte-pour-masafer-yatta\/\" \/>\n<meta property=\"og:locale\" content=\"fr_FR\" \/>\n<meta property=\"og:type\" content=\"article\" \/>\n<meta property=\"og:title\" content=\"Video : La lutte pour Masafer Yatta - International Solidarity Movement - ISM-France\" \/>\n<meta property=\"og:description\" content=\"Le gouvernement isra\u00e9lien pourrait d\u00e9molir une \u00e9cole donn\u00e9e \u00e0 une petite communaut\u00e9 palestinienne, laissant plus de 20 enfants sans \u00e9ducation. L&rsquo;administration civile d&rsquo;Isra\u00ebl &#8211; le bras bureaucratique de son occupation Lire la suite &rarr;\" \/>\n<meta property=\"og:url\" content=\"https:\/\/ismfrance.org\/index.php\/2023\/04\/22\/video-la-lutte-pour-masafer-yatta\/\" \/>\n<meta property=\"og:site_name\" content=\"International Solidarity Movement - ISM-France\" \/>\n<meta property=\"article:published_time\" content=\"2023-04-22T15:44:30+00:00\" \/>\n<meta property=\"article:modified_time\" content=\"2023-04-22T15:52:09+00:00\" \/>\n<meta property=\"og:image\" content=\"https:\/\/ismfrance.org\/wp-content\/uploads\/2023\/04\/masafer.png\" \/>\n\t<meta property=\"og:image:width\" content=\"980\" \/>\n\t<meta property=\"og:image:height\" content=\"552\" \/>\n\t<meta property=\"og:image:type\" content=\"image\/png\" \/>\n<meta name=\"author\" content=\"mru_01\" \/>\n<meta name=\"twitter:card\" content=\"summary_large_image\" \/>\n<meta name=\"twitter:creator\" content=\"@ISMFRANCE\" \/>\n<meta name=\"twitter:site\" content=\"@ISMFRANCE\" \/>\n<meta name=\"twitter:label1\" content=\"\u00c9crit par\" \/>\n\t<meta name=\"twitter:data1\" content=\"mru_01\" \/>\n\t<meta name=\"twitter:label2\" content=\"Dur\u00e9e de lecture estim\u00e9e\" \/>\n\t<meta name=\"twitter:data2\" content=\"3 minutes\" \/>\n<script type=\"application\/ld+json\" class=\"yoast-schema-graph\">{\"@context\":\"https:\/\/schema.org\",\"@graph\":[{\"@type\":\"Article\",\"@id\":\"https:\/\/ismfrance.org\/index.php\/2023\/04\/22\/video-la-lutte-pour-masafer-yatta\/#article\",\"isPartOf\":{\"@id\":\"https:\/\/ismfrance.org\/index.php\/2023\/04\/22\/video-la-lutte-pour-masafer-yatta\/\"},\"author\":{\"name\":\"mru_01\",\"@id\":\"https:\/\/ismfrance.org\/#\/schema\/person\/3c411eb72adfaae19c0dca1f41fae01d\"},\"headline\":\"Video : La lutte pour Masafer Yatta\",\"datePublished\":\"2023-04-22T15:44:30+00:00\",\"dateModified\":\"2023-04-22T15:52:09+00:00\",\"mainEntityOfPage\":{\"@id\":\"https:\/\/ismfrance.org\/index.php\/2023\/04\/22\/video-la-lutte-pour-masafer-yatta\/\"},\"wordCount\":564,\"publisher\":{\"@id\":\"https:\/\/ismfrance.org\/#organization\"},\"image\":{\"@id\":\"https:\/\/ismfrance.org\/index.php\/2023\/04\/22\/video-la-lutte-pour-masafer-yatta\/#primaryimage\"},\"thumbnailUrl\":\"https:\/\/ismfrance.org\/wp-content\/uploads\/2023\/04\/masafer.png\",\"keywords\":[\"nettoyage ethnique\"],\"articleSection\":[\"Articles\",\"T\u00e9moignages\"],\"inLanguage\":\"fr-FR\"},{\"@type\":\"WebPage\",\"@id\":\"https:\/\/ismfrance.org\/index.php\/2023\/04\/22\/video-la-lutte-pour-masafer-yatta\/\",\"url\":\"https:\/\/ismfrance.org\/index.php\/2023\/04\/22\/video-la-lutte-pour-masafer-yatta\/\",\"name\":\"Video : La lutte pour Masafer Yatta - International Solidarity Movement - ISM-France\",\"isPartOf\":{\"@id\":\"https:\/\/ismfrance.org\/#website\"},\"primaryImageOfPage\":{\"@id\":\"https:\/\/ismfrance.org\/index.php\/2023\/04\/22\/video-la-lutte-pour-masafer-yatta\/#primaryimage\"},\"image\":{\"@id\":\"https:\/\/ismfrance.org\/index.php\/2023\/04\/22\/video-la-lutte-pour-masafer-yatta\/#primaryimage\"},\"thumbnailUrl\":\"https:\/\/ismfrance.org\/wp-content\/uploads\/2023\/04\/masafer.png\",\"datePublished\":\"2023-04-22T15:44:30+00:00\",\"dateModified\":\"2023-04-22T15:52:09+00:00\",\"breadcrumb\":{\"@id\":\"https:\/\/ismfrance.org\/index.php\/2023\/04\/22\/video-la-lutte-pour-masafer-yatta\/#breadcrumb\"},\"inLanguage\":\"fr-FR\",\"potentialAction\":[{\"@type\":\"ReadAction\",\"target\":[\"https:\/\/ismfrance.org\/index.php\/2023\/04\/22\/video-la-lutte-pour-masafer-yatta\/\"]}]},{\"@type\":\"ImageObject\",\"inLanguage\":\"fr-FR\",\"@id\":\"https:\/\/ismfrance.org\/index.php\/2023\/04\/22\/video-la-lutte-pour-masafer-yatta\/#primaryimage\",\"url\":\"https:\/\/ismfrance.org\/wp-content\/uploads\/2023\/04\/masafer.png\",\"contentUrl\":\"https:\/\/ismfrance.org\/wp-content\/uploads\/2023\/04\/masafer.png\",\"width\":980,\"height\":552},{\"@type\":\"BreadcrumbList\",\"@id\":\"https:\/\/ismfrance.org\/index.php\/2023\/04\/22\/video-la-lutte-pour-masafer-yatta\/#breadcrumb\",\"itemListElement\":[{\"@type\":\"ListItem\",\"position\":1,\"name\":\"Accueil\",\"item\":\"https:\/\/ismfrance.org\/\"},{\"@type\":\"ListItem\",\"position\":2,\"name\":\"Video : La lutte pour Masafer Yatta\"}]},{\"@type\":\"WebSite\",\"@id\":\"https:\/\/ismfrance.org\/#website\",\"url\":\"https:\/\/ismfrance.org\/\",\"name\":\"ISM Palestine France\",\"description\":\"Soutien aux luttes de lib\u00e9ration du peuple palestinien\",\"publisher\":{\"@id\":\"https:\/\/ismfrance.org\/#organization\"},\"potentialAction\":[{\"@type\":\"SearchAction\",\"target\":{\"@type\":\"EntryPoint\",\"urlTemplate\":\"https:\/\/ismfrance.org\/?s={search_term_string}\"},\"query-input\":{\"@type\":\"PropertyValueSpecification\",\"valueRequired\":true,\"valueName\":\"search_term_string\"}}],\"inLanguage\":\"fr-FR\"},{\"@type\":\"Organization\",\"@id\":\"https:\/\/ismfrance.org\/#organization\",\"name\":\"International Solidarity Movement\",\"url\":\"https:\/\/ismfrance.org\/\",\"logo\":{\"@type\":\"ImageObject\",\"inLanguage\":\"fr-FR\",\"@id\":\"https:\/\/ismfrance.org\/#\/schema\/logo\/image\/\",\"url\":\"https:\/\/ismfrance.org\/wp-content\/uploads\/2020\/12\/00.png\",\"contentUrl\":\"https:\/\/ismfrance.org\/wp-content\/uploads\/2020\/12\/00.png\",\"width\":400,\"height\":400,\"caption\":\"International Solidarity Movement\"},\"image\":{\"@id\":\"https:\/\/ismfrance.org\/#\/schema\/logo\/image\/\"},\"sameAs\":[\"https:\/\/x.com\/ISMFRANCE\"]},{\"@type\":\"Person\",\"@id\":\"https:\/\/ismfrance.org\/#\/schema\/person\/3c411eb72adfaae19c0dca1f41fae01d\",\"name\":\"mru_01\",\"image\":{\"@type\":\"ImageObject\",\"inLanguage\":\"fr-FR\",\"@id\":\"https:\/\/secure.gravatar.com\/avatar\/3a0be343b445d2ccc79e87444a294fad2b232e90d2051d0e3cc219e1ecd6a330?s=96&d=mm&r=g\",\"url\":\"https:\/\/secure.gravatar.com\/avatar\/3a0be343b445d2ccc79e87444a294fad2b232e90d2051d0e3cc219e1ecd6a330?s=96&d=mm&r=g\",\"contentUrl\":\"https:\/\/secure.gravatar.com\/avatar\/3a0be343b445d2ccc79e87444a294fad2b232e90d2051d0e3cc219e1ecd6a330?s=96&d=mm&r=g\",\"caption\":\"mru_01\"},\"url\":\"https:\/\/ismfrance.org\/index.php\/author\/admin02\/\"}]}<\/script>\n<!-- \/ Yoast SEO plugin. -->","yoast_head_json":{"title":"Video : La lutte pour Masafer Yatta - International Solidarity Movement - ISM-France","robots":{"index":"index","follow":"follow","max-snippet":"max-snippet:-1","max-image-preview":"max-image-preview:large","max-video-preview":"max-video-preview:-1"},"canonical":"https:\/\/ismfrance.org\/index.php\/2023\/04\/22\/video-la-lutte-pour-masafer-yatta\/","og_locale":"fr_FR","og_type":"article","og_title":"Video : La lutte pour Masafer Yatta - International Solidarity Movement - ISM-France","og_description":"Le gouvernement isra\u00e9lien pourrait d\u00e9molir une \u00e9cole donn\u00e9e \u00e0 une petite communaut\u00e9 palestinienne, laissant plus de 20 enfants sans \u00e9ducation. L&rsquo;administration civile d&rsquo;Isra\u00ebl &#8211; le bras bureaucratique de son occupation Lire la suite &rarr;","og_url":"https:\/\/ismfrance.org\/index.php\/2023\/04\/22\/video-la-lutte-pour-masafer-yatta\/","og_site_name":"International Solidarity Movement - ISM-France","article_published_time":"2023-04-22T15:44:30+00:00","article_modified_time":"2023-04-22T15:52:09+00:00","og_image":[{"width":980,"height":552,"url":"https:\/\/ismfrance.org\/wp-content\/uploads\/2023\/04\/masafer.png","type":"image\/png"}],"author":"mru_01","twitter_card":"summary_large_image","twitter_creator":"@ISMFRANCE","twitter_site":"@ISMFRANCE","twitter_misc":{"\u00c9crit par":"mru_01","Dur\u00e9e de lecture estim\u00e9e":"3 minutes"},"schema":{"@context":"https:\/\/schema.org","@graph":[{"@type":"Article","@id":"https:\/\/ismfrance.org\/index.php\/2023\/04\/22\/video-la-lutte-pour-masafer-yatta\/#article","isPartOf":{"@id":"https:\/\/ismfrance.org\/index.php\/2023\/04\/22\/video-la-lutte-pour-masafer-yatta\/"},"author":{"name":"mru_01","@id":"https:\/\/ismfrance.org\/#\/schema\/person\/3c411eb72adfaae19c0dca1f41fae01d"},"headline":"Video : La lutte pour Masafer Yatta","datePublished":"2023-04-22T15:44:30+00:00","dateModified":"2023-04-22T15:52:09+00:00","mainEntityOfPage":{"@id":"https:\/\/ismfrance.org\/index.php\/2023\/04\/22\/video-la-lutte-pour-masafer-yatta\/"},"wordCount":564,"publisher":{"@id":"https:\/\/ismfrance.org\/#organization"},"image":{"@id":"https:\/\/ismfrance.org\/index.php\/2023\/04\/22\/video-la-lutte-pour-masafer-yatta\/#primaryimage"},"thumbnailUrl":"https:\/\/ismfrance.org\/wp-content\/uploads\/2023\/04\/masafer.png","keywords":["nettoyage ethnique"],"articleSection":["Articles","T\u00e9moignages"],"inLanguage":"fr-FR"},{"@type":"WebPage","@id":"https:\/\/ismfrance.org\/index.php\/2023\/04\/22\/video-la-lutte-pour-masafer-yatta\/","url":"https:\/\/ismfrance.org\/index.php\/2023\/04\/22\/video-la-lutte-pour-masafer-yatta\/","name":"Video : La lutte pour Masafer Yatta - International Solidarity Movement - ISM-France","isPartOf":{"@id":"https:\/\/ismfrance.org\/#website"},"primaryImageOfPage":{"@id":"https:\/\/ismfrance.org\/index.php\/2023\/04\/22\/video-la-lutte-pour-masafer-yatta\/#primaryimage"},"image":{"@id":"https:\/\/ismfrance.org\/index.php\/2023\/04\/22\/video-la-lutte-pour-masafer-yatta\/#primaryimage"},"thumbnailUrl":"https:\/\/ismfrance.org\/wp-content\/uploads\/2023\/04\/masafer.png","datePublished":"2023-04-22T15:44:30+00:00","dateModified":"2023-04-22T15:52:09+00:00","breadcrumb":{"@id":"https:\/\/ismfrance.org\/index.php\/2023\/04\/22\/video-la-lutte-pour-masafer-yatta\/#breadcrumb"},"inLanguage":"fr-FR","potentialAction":[{"@type":"ReadAction","target":["https:\/\/ismfrance.org\/index.php\/2023\/04\/22\/video-la-lutte-pour-masafer-yatta\/"]}]},{"@type":"ImageObject","inLanguage":"fr-FR","@id":"https:\/\/ismfrance.org\/index.php\/2023\/04\/22\/video-la-lutte-pour-masafer-yatta\/#primaryimage","url":"https:\/\/ismfrance.org\/wp-content\/uploads\/2023\/04\/masafer.png","contentUrl":"https:\/\/ismfrance.org\/wp-content\/uploads\/2023\/04\/masafer.png","width":980,"height":552},{"@type":"BreadcrumbList","@id":"https:\/\/ismfrance.org\/index.php\/2023\/04\/22\/video-la-lutte-pour-masafer-yatta\/#breadcrumb","itemListElement":[{"@type":"ListItem","position":1,"name":"Accueil","item":"https:\/\/ismfrance.org\/"},{"@type":"ListItem","position":2,"name":"Video : La lutte pour Masafer Yatta"}]},{"@type":"WebSite","@id":"https:\/\/ismfrance.org\/#website","url":"https:\/\/ismfrance.org\/","name":"ISM Palestine France","description":"Soutien aux luttes de lib\u00e9ration du peuple palestinien","publisher":{"@id":"https:\/\/ismfrance.org\/#organization"},"potentialAction":[{"@type":"SearchAction","target":{"@type":"EntryPoint","urlTemplate":"https:\/\/ismfrance.org\/?s={search_term_string}"},"query-input":{"@type":"PropertyValueSpecification","valueRequired":true,"valueName":"search_term_string"}}],"inLanguage":"fr-FR"},{"@type":"Organization","@id":"https:\/\/ismfrance.org\/#organization","name":"International Solidarity Movement","url":"https:\/\/ismfrance.org\/","logo":{"@type":"ImageObject","inLanguage":"fr-FR","@id":"https:\/\/ismfrance.org\/#\/schema\/logo\/image\/","url":"https:\/\/ismfrance.org\/wp-content\/uploads\/2020\/12\/00.png","contentUrl":"https:\/\/ismfrance.org\/wp-content\/uploads\/2020\/12\/00.png","width":400,"height":400,"caption":"International Solidarity Movement"},"image":{"@id":"https:\/\/ismfrance.org\/#\/schema\/logo\/image\/"},"sameAs":["https:\/\/x.com\/ISMFRANCE"]},{"@type":"Person","@id":"https:\/\/ismfrance.org\/#\/schema\/person\/3c411eb72adfaae19c0dca1f41fae01d","name":"mru_01","image":{"@type":"ImageObject","inLanguage":"fr-FR","@id":"https:\/\/secure.gravatar.com\/avatar\/3a0be343b445d2ccc79e87444a294fad2b232e90d2051d0e3cc219e1ecd6a330?s=96&d=mm&r=g","url":"https:\/\/secure.gravatar.com\/avatar\/3a0be343b445d2ccc79e87444a294fad2b232e90d2051d0e3cc219e1ecd6a330?s=96&d=mm&r=g","contentUrl":"https:\/\/secure.gravatar.com\/avatar\/3a0be343b445d2ccc79e87444a294fad2b232e90d2051d0e3cc219e1ecd6a330?s=96&d=mm&r=g","caption":"mru_01"},"url":"https:\/\/ismfrance.org\/index.php\/author\/admin02\/"}]}},"_links":{"self":[{"href":"https:\/\/ismfrance.org\/index.php\/wp-json\/wp\/v2\/posts\/5403","targetHints":{"allow":["GET"]}}],"collection":[{"href":"https:\/\/ismfrance.org\/index.php\/wp-json\/wp\/v2\/posts"}],"about":[{"href":"https:\/\/ismfrance.org\/index.php\/wp-json\/wp\/v2\/types\/post"}],"author":[{"embeddable":true,"href":"https:\/\/ismfrance.org\/index.php\/wp-json\/wp\/v2\/users\/3"}],"replies":[{"embeddable":true,"href":"https:\/\/ismfrance.org\/index.php\/wp-json\/wp\/v2\/comments?post=5403"}],"version-history":[{"count":0,"href":"https:\/\/ismfrance.org\/index.php\/wp-json\/wp\/v2\/posts\/5403\/revisions"}],"wp:featuredmedia":[{"embeddable":true,"href":"https:\/\/ismfrance.org\/index.php\/wp-json\/wp\/v2\/media\/5408"}],"wp:attachment":[{"href":"https:\/\/ismfrance.org\/index.php\/wp-json\/wp\/v2\/media?parent=5403"}],"wp:term":[{"taxonomy":"category","embeddable":true,"href":"https:\/\/ismfrance.org\/index.php\/wp-json\/wp\/v2\/categories?post=5403"},{"taxonomy":"post_tag","embeddable":true,"href":"https:\/\/ismfrance.org\/index.php\/wp-json\/wp\/v2\/tags?post=5403"}],"curies":[{"name":"wp","href":"https:\/\/api.w.org\/{rel}","templated":true}]}}