{"id":5358,"date":"2023-04-18T12:34:28","date_gmt":"2023-04-18T10:34:28","guid":{"rendered":"https:\/\/ismfrance.org\/?p=5358"},"modified":"2023-04-18T12:34:46","modified_gmt":"2023-04-18T10:34:46","slug":"abu-marzouq-la-souffrance-de-nos-prisonniers-affecte-tous-les-foyers-palestiniens","status":"publish","type":"post","link":"https:\/\/ismfrance.org\/index.php\/2023\/04\/18\/abu-marzouq-la-souffrance-de-nos-prisonniers-affecte-tous-les-foyers-palestiniens\/","title":{"rendered":"Abu Marzouq\u00a0: la souffrance de nos prisonniers affecte tous les foyers palestiniens"},"content":{"rendered":"<p><span style=\"color: #000000;\"><span style=\"font-family: Verdana, sans-serif;\"><b>PIC, 17 avril 2023<\/b>. Musa Abu Marzouk, membre du bureau politique du Hamas, a affirm\u00e9 que la comm\u00e9moration de la Journ\u00e9e du prisonnier par le peuple palestinien refl\u00e8te le fait que la souffrance tragique des prisonniers dans les prisons isra\u00e9liennes affecte chaque foyer palestinien.<\/span><\/span><\/p>\n<p><a href=\"https:\/\/ismfrance.org\/wp-content\/uploads\/2023\/04\/prisoners.jpg\"><img loading=\"lazy\" decoding=\"async\" class=\"wp-image-5359 aligncenter\" src=\"https:\/\/ismfrance.org\/wp-content\/uploads\/2023\/04\/prisoners-700x466.jpg\" alt=\"\" width=\"415\" height=\"279\" \/><\/a><\/p>\n<p><span style=\"color: #000000;\"><span style=\"font-family: Verdana, sans-serif;\">\u00ab\u00a0Parce que leur probl\u00e8me touche chaque quartier et chaque famille, chaque famille palestinienne est consciente de la souffrance des prisonniers, elles savent donc exactement \u00e0 quoi ressemblent les mesures d&rsquo;arrestation, les conditions des d\u00e9tenus et les diff\u00e9rentes formes de leur souffrance\u00a0\u00bb, a d\u00e9clar\u00e9 Abu Marzouk dans un communiqu\u00e9 de presse lundi 17.<\/span><\/span><\/p>\n<p><span style=\"color: #000000;\"><span style=\"font-family: Verdana, sans-serif;\">\u00ab\u00a0Chaque foyer palestinien compte au moins un prisonnier [dans les prisons isra\u00e9liennes], sans parler des foyers qui comptent plusieurs parents emprisonn\u00e9s qu&rsquo;ils n&rsquo;ont pas retrouv\u00e9s autour d&rsquo;une table depuis de nombreuses ann\u00e9es\u00a0\u00bb, a ajout\u00e9 le responsable du Hamas.<\/span><\/span><\/p>\n<p><span style=\"color: #000000;\"><span style=\"font-family: Verdana, sans-serif;\">\u00ab\u00a0Nos courageux prisonniers ont \u00e9t\u00e9 emprisonn\u00e9s et arr\u00eat\u00e9s pour des raisons mineures, que ce soit pour avoir pratiqu\u00e9 leurs activit\u00e9s politiques, particip\u00e9 \u00e0 une manifestation, lanc\u00e9 des pierres et port\u00e9 des v\u00eatements aux couleurs du drapeau palestinien\u00a0\u00bb, a-t-il d\u00e9clar\u00e9.<\/span><\/span><\/p>\n<p><span style=\"color: #000000;\"><span style=\"font-family: Verdana, sans-serif;\"><span style=\"font-size: small;\">Article original en anglais sur <a href=\"https:\/\/english.palinfo.com\/news\/2023\/4\/17\/Abu-Marzouk-Our-prisoners-suffering-affected-every-Palestinian-home\">The Palestinien Information Center<\/a> \/ Traduction MR<\/span><br \/>\n<\/span><\/span><\/p>\n","protected":false},"excerpt":{"rendered":"<p>PIC, 17 avril 2023. Musa Abu Marzouk, membre du bureau politique du Hamas, a affirm\u00e9 que la comm\u00e9moration de la Journ\u00e9e du prisonnier par le peuple palestinien refl\u00e8te le fait <a class=\"more-link\" href=\"https:\/\/ismfrance.org\/index.php\/2023\/04\/18\/abu-marzouq-la-souffrance-de-nos-prisonniers-affecte-tous-les-foyers-palestiniens\/\">Lire la suite &rarr;<\/a><\/p>\n","protected":false},"author":3,"featured_media":5359,"comment_status":"closed","ping_status":"closed","sticky":false,"template":"","format":"standard","meta":{"footnotes":""},"categories":[2,14],"tags":[21],"class_list":["post-5358","post","type-post","status-publish","format-standard","has-post-thumbnail","hentry","category-articles","category-communiques","tag-prisonniers"],"yoast_head":"<!-- This site is optimized with the Yoast SEO plugin v27.5 - https:\/\/yoast.com\/product\/yoast-seo-wordpress\/ -->\n<title>Abu Marzouq\u00a0: la souffrance de nos prisonniers affecte tous les foyers palestiniens - International Solidarity Movement - ISM-France<\/title>\n<meta name=\"robots\" content=\"index, follow, max-snippet:-1, max-image-preview:large, max-video-preview:-1\" \/>\n<link rel=\"canonical\" href=\"https:\/\/ismfrance.org\/index.php\/2023\/04\/18\/abu-marzouq-la-souffrance-de-nos-prisonniers-affecte-tous-les-foyers-palestiniens\/\" \/>\n<meta property=\"og:locale\" content=\"fr_FR\" \/>\n<meta property=\"og:type\" content=\"article\" \/>\n<meta property=\"og:title\" content=\"Abu Marzouq\u00a0: la souffrance de nos prisonniers affecte tous les foyers palestiniens - International Solidarity Movement - ISM-France\" \/>\n<meta property=\"og:description\" content=\"PIC, 17 avril 2023. Musa Abu Marzouk, membre du bureau politique du Hamas, a affirm\u00e9 que la comm\u00e9moration de la Journ\u00e9e du prisonnier par le peuple palestinien refl\u00e8te le fait Lire la suite &rarr;\" \/>\n<meta property=\"og:url\" content=\"https:\/\/ismfrance.org\/index.php\/2023\/04\/18\/abu-marzouq-la-souffrance-de-nos-prisonniers-affecte-tous-les-foyers-palestiniens\/\" \/>\n<meta property=\"og:site_name\" content=\"International Solidarity Movement - ISM-France\" \/>\n<meta property=\"article:published_time\" content=\"2023-04-18T10:34:28+00:00\" \/>\n<meta property=\"article:modified_time\" content=\"2023-04-18T10:34:46+00:00\" \/>\n<meta property=\"og:image\" content=\"https:\/\/ismfrance.org\/wp-content\/uploads\/2023\/04\/prisoners.jpg\" \/>\n\t<meta property=\"og:image:width\" content=\"1280\" \/>\n\t<meta property=\"og:image:height\" content=\"853\" \/>\n\t<meta property=\"og:image:type\" content=\"image\/jpeg\" \/>\n<meta name=\"author\" content=\"mru_01\" \/>\n<meta name=\"twitter:card\" content=\"summary_large_image\" \/>\n<meta name=\"twitter:creator\" content=\"@ISMFRANCE\" \/>\n<meta name=\"twitter:site\" content=\"@ISMFRANCE\" \/>\n<meta name=\"twitter:label1\" content=\"\u00c9crit par\" \/>\n\t<meta name=\"twitter:data1\" content=\"mru_01\" \/>\n\t<meta name=\"twitter:label2\" content=\"Dur\u00e9e de lecture estim\u00e9e\" \/>\n\t<meta name=\"twitter:data2\" content=\"2 minutes\" \/>\n<script type=\"application\/ld+json\" class=\"yoast-schema-graph\">{\"@context\":\"https:\\\/\\\/schema.org\",\"@graph\":[{\"@type\":\"Article\",\"@id\":\"https:\\\/\\\/ismfrance.org\\\/index.php\\\/2023\\\/04\\\/18\\\/abu-marzouq-la-souffrance-de-nos-prisonniers-affecte-tous-les-foyers-palestiniens\\\/#article\",\"isPartOf\":{\"@id\":\"https:\\\/\\\/ismfrance.org\\\/index.php\\\/2023\\\/04\\\/18\\\/abu-marzouq-la-souffrance-de-nos-prisonniers-affecte-tous-les-foyers-palestiniens\\\/\"},\"author\":{\"name\":\"mru_01\",\"@id\":\"https:\\\/\\\/ismfrance.org\\\/#\\\/schema\\\/person\\\/3c411eb72adfaae19c0dca1f41fae01d\"},\"headline\":\"Abu Marzouq\u00a0: la souffrance de nos prisonniers affecte tous les foyers palestiniens\",\"datePublished\":\"2023-04-18T10:34:28+00:00\",\"dateModified\":\"2023-04-18T10:34:46+00:00\",\"mainEntityOfPage\":{\"@id\":\"https:\\\/\\\/ismfrance.org\\\/index.php\\\/2023\\\/04\\\/18\\\/abu-marzouq-la-souffrance-de-nos-prisonniers-affecte-tous-les-foyers-palestiniens\\\/\"},\"wordCount\":213,\"publisher\":{\"@id\":\"https:\\\/\\\/ismfrance.org\\\/#organization\"},\"image\":{\"@id\":\"https:\\\/\\\/ismfrance.org\\\/index.php\\\/2023\\\/04\\\/18\\\/abu-marzouq-la-souffrance-de-nos-prisonniers-affecte-tous-les-foyers-palestiniens\\\/#primaryimage\"},\"thumbnailUrl\":\"https:\\\/\\\/ismfrance.org\\\/wp-content\\\/uploads\\\/2023\\\/04\\\/prisoners.jpg\",\"keywords\":[\"Prisonniers\"],\"articleSection\":[\"Articles\",\"Communiqu\u00e9s\"],\"inLanguage\":\"fr-FR\"},{\"@type\":\"WebPage\",\"@id\":\"https:\\\/\\\/ismfrance.org\\\/index.php\\\/2023\\\/04\\\/18\\\/abu-marzouq-la-souffrance-de-nos-prisonniers-affecte-tous-les-foyers-palestiniens\\\/\",\"url\":\"https:\\\/\\\/ismfrance.org\\\/index.php\\\/2023\\\/04\\\/18\\\/abu-marzouq-la-souffrance-de-nos-prisonniers-affecte-tous-les-foyers-palestiniens\\\/\",\"name\":\"Abu Marzouq\u00a0: la souffrance de nos prisonniers affecte tous les foyers palestiniens - International Solidarity Movement - ISM-France\",\"isPartOf\":{\"@id\":\"https:\\\/\\\/ismfrance.org\\\/#website\"},\"primaryImageOfPage\":{\"@id\":\"https:\\\/\\\/ismfrance.org\\\/index.php\\\/2023\\\/04\\\/18\\\/abu-marzouq-la-souffrance-de-nos-prisonniers-affecte-tous-les-foyers-palestiniens\\\/#primaryimage\"},\"image\":{\"@id\":\"https:\\\/\\\/ismfrance.org\\\/index.php\\\/2023\\\/04\\\/18\\\/abu-marzouq-la-souffrance-de-nos-prisonniers-affecte-tous-les-foyers-palestiniens\\\/#primaryimage\"},\"thumbnailUrl\":\"https:\\\/\\\/ismfrance.org\\\/wp-content\\\/uploads\\\/2023\\\/04\\\/prisoners.jpg\",\"datePublished\":\"2023-04-18T10:34:28+00:00\",\"dateModified\":\"2023-04-18T10:34:46+00:00\",\"breadcrumb\":{\"@id\":\"https:\\\/\\\/ismfrance.org\\\/index.php\\\/2023\\\/04\\\/18\\\/abu-marzouq-la-souffrance-de-nos-prisonniers-affecte-tous-les-foyers-palestiniens\\\/#breadcrumb\"},\"inLanguage\":\"fr-FR\",\"potentialAction\":[{\"@type\":\"ReadAction\",\"target\":[\"https:\\\/\\\/ismfrance.org\\\/index.php\\\/2023\\\/04\\\/18\\\/abu-marzouq-la-souffrance-de-nos-prisonniers-affecte-tous-les-foyers-palestiniens\\\/\"]}]},{\"@type\":\"ImageObject\",\"inLanguage\":\"fr-FR\",\"@id\":\"https:\\\/\\\/ismfrance.org\\\/index.php\\\/2023\\\/04\\\/18\\\/abu-marzouq-la-souffrance-de-nos-prisonniers-affecte-tous-les-foyers-palestiniens\\\/#primaryimage\",\"url\":\"https:\\\/\\\/ismfrance.org\\\/wp-content\\\/uploads\\\/2023\\\/04\\\/prisoners.jpg\",\"contentUrl\":\"https:\\\/\\\/ismfrance.org\\\/wp-content\\\/uploads\\\/2023\\\/04\\\/prisoners.jpg\",\"width\":1280,\"height\":853},{\"@type\":\"BreadcrumbList\",\"@id\":\"https:\\\/\\\/ismfrance.org\\\/index.php\\\/2023\\\/04\\\/18\\\/abu-marzouq-la-souffrance-de-nos-prisonniers-affecte-tous-les-foyers-palestiniens\\\/#breadcrumb\",\"itemListElement\":[{\"@type\":\"ListItem\",\"position\":1,\"name\":\"Accueil\",\"item\":\"https:\\\/\\\/ismfrance.org\\\/\"},{\"@type\":\"ListItem\",\"position\":2,\"name\":\"Abu Marzouq\u00a0: la souffrance de nos prisonniers affecte tous les foyers palestiniens\"}]},{\"@type\":\"WebSite\",\"@id\":\"https:\\\/\\\/ismfrance.org\\\/#website\",\"url\":\"https:\\\/\\\/ismfrance.org\\\/\",\"name\":\"ISM Palestine France\",\"description\":\"Soutien aux luttes de lib\u00e9ration du peuple palestinien\",\"publisher\":{\"@id\":\"https:\\\/\\\/ismfrance.org\\\/#organization\"},\"potentialAction\":[{\"@type\":\"SearchAction\",\"target\":{\"@type\":\"EntryPoint\",\"urlTemplate\":\"https:\\\/\\\/ismfrance.org\\\/?s={search_term_string}\"},\"query-input\":{\"@type\":\"PropertyValueSpecification\",\"valueRequired\":true,\"valueName\":\"search_term_string\"}}],\"inLanguage\":\"fr-FR\"},{\"@type\":\"Organization\",\"@id\":\"https:\\\/\\\/ismfrance.org\\\/#organization\",\"name\":\"International Solidarity Movement\",\"url\":\"https:\\\/\\\/ismfrance.org\\\/\",\"logo\":{\"@type\":\"ImageObject\",\"inLanguage\":\"fr-FR\",\"@id\":\"https:\\\/\\\/ismfrance.org\\\/#\\\/schema\\\/logo\\\/image\\\/\",\"url\":\"https:\\\/\\\/ismfrance.org\\\/wp-content\\\/uploads\\\/2020\\\/12\\\/00.png\",\"contentUrl\":\"https:\\\/\\\/ismfrance.org\\\/wp-content\\\/uploads\\\/2020\\\/12\\\/00.png\",\"width\":400,\"height\":400,\"caption\":\"International Solidarity Movement\"},\"image\":{\"@id\":\"https:\\\/\\\/ismfrance.org\\\/#\\\/schema\\\/logo\\\/image\\\/\"},\"sameAs\":[\"https:\\\/\\\/x.com\\\/ISMFRANCE\"]},{\"@type\":\"Person\",\"@id\":\"https:\\\/\\\/ismfrance.org\\\/#\\\/schema\\\/person\\\/3c411eb72adfaae19c0dca1f41fae01d\",\"name\":\"mru_01\",\"image\":{\"@type\":\"ImageObject\",\"inLanguage\":\"fr-FR\",\"@id\":\"https:\\\/\\\/secure.gravatar.com\\\/avatar\\\/3a0be343b445d2ccc79e87444a294fad2b232e90d2051d0e3cc219e1ecd6a330?s=96&d=mm&r=g\",\"url\":\"https:\\\/\\\/secure.gravatar.com\\\/avatar\\\/3a0be343b445d2ccc79e87444a294fad2b232e90d2051d0e3cc219e1ecd6a330?s=96&d=mm&r=g\",\"contentUrl\":\"https:\\\/\\\/secure.gravatar.com\\\/avatar\\\/3a0be343b445d2ccc79e87444a294fad2b232e90d2051d0e3cc219e1ecd6a330?s=96&d=mm&r=g\",\"caption\":\"mru_01\"},\"url\":\"https:\\\/\\\/ismfrance.org\\\/index.php\\\/author\\\/admin02\\\/\"}]}<\/script>\n<!-- \/ Yoast SEO plugin. -->","yoast_head_json":{"title":"Abu Marzouq\u00a0: la souffrance de nos prisonniers affecte tous les foyers palestiniens - International Solidarity Movement - ISM-France","robots":{"index":"index","follow":"follow","max-snippet":"max-snippet:-1","max-image-preview":"max-image-preview:large","max-video-preview":"max-video-preview:-1"},"canonical":"https:\/\/ismfrance.org\/index.php\/2023\/04\/18\/abu-marzouq-la-souffrance-de-nos-prisonniers-affecte-tous-les-foyers-palestiniens\/","og_locale":"fr_FR","og_type":"article","og_title":"Abu Marzouq\u00a0: la souffrance de nos prisonniers affecte tous les foyers palestiniens - International Solidarity Movement - ISM-France","og_description":"PIC, 17 avril 2023. Musa Abu Marzouk, membre du bureau politique du Hamas, a affirm\u00e9 que la comm\u00e9moration de la Journ\u00e9e du prisonnier par le peuple palestinien refl\u00e8te le fait Lire la suite &rarr;","og_url":"https:\/\/ismfrance.org\/index.php\/2023\/04\/18\/abu-marzouq-la-souffrance-de-nos-prisonniers-affecte-tous-les-foyers-palestiniens\/","og_site_name":"International Solidarity Movement - ISM-France","article_published_time":"2023-04-18T10:34:28+00:00","article_modified_time":"2023-04-18T10:34:46+00:00","og_image":[{"width":1280,"height":853,"url":"https:\/\/ismfrance.org\/wp-content\/uploads\/2023\/04\/prisoners.jpg","type":"image\/jpeg"}],"author":"mru_01","twitter_card":"summary_large_image","twitter_creator":"@ISMFRANCE","twitter_site":"@ISMFRANCE","twitter_misc":{"\u00c9crit par":"mru_01","Dur\u00e9e de lecture estim\u00e9e":"2 minutes"},"schema":{"@context":"https:\/\/schema.org","@graph":[{"@type":"Article","@id":"https:\/\/ismfrance.org\/index.php\/2023\/04\/18\/abu-marzouq-la-souffrance-de-nos-prisonniers-affecte-tous-les-foyers-palestiniens\/#article","isPartOf":{"@id":"https:\/\/ismfrance.org\/index.php\/2023\/04\/18\/abu-marzouq-la-souffrance-de-nos-prisonniers-affecte-tous-les-foyers-palestiniens\/"},"author":{"name":"mru_01","@id":"https:\/\/ismfrance.org\/#\/schema\/person\/3c411eb72adfaae19c0dca1f41fae01d"},"headline":"Abu Marzouq\u00a0: la souffrance de nos prisonniers affecte tous les foyers palestiniens","datePublished":"2023-04-18T10:34:28+00:00","dateModified":"2023-04-18T10:34:46+00:00","mainEntityOfPage":{"@id":"https:\/\/ismfrance.org\/index.php\/2023\/04\/18\/abu-marzouq-la-souffrance-de-nos-prisonniers-affecte-tous-les-foyers-palestiniens\/"},"wordCount":213,"publisher":{"@id":"https:\/\/ismfrance.org\/#organization"},"image":{"@id":"https:\/\/ismfrance.org\/index.php\/2023\/04\/18\/abu-marzouq-la-souffrance-de-nos-prisonniers-affecte-tous-les-foyers-palestiniens\/#primaryimage"},"thumbnailUrl":"https:\/\/ismfrance.org\/wp-content\/uploads\/2023\/04\/prisoners.jpg","keywords":["Prisonniers"],"articleSection":["Articles","Communiqu\u00e9s"],"inLanguage":"fr-FR"},{"@type":"WebPage","@id":"https:\/\/ismfrance.org\/index.php\/2023\/04\/18\/abu-marzouq-la-souffrance-de-nos-prisonniers-affecte-tous-les-foyers-palestiniens\/","url":"https:\/\/ismfrance.org\/index.php\/2023\/04\/18\/abu-marzouq-la-souffrance-de-nos-prisonniers-affecte-tous-les-foyers-palestiniens\/","name":"Abu Marzouq\u00a0: la souffrance de nos prisonniers affecte tous les foyers palestiniens - International Solidarity Movement - ISM-France","isPartOf":{"@id":"https:\/\/ismfrance.org\/#website"},"primaryImageOfPage":{"@id":"https:\/\/ismfrance.org\/index.php\/2023\/04\/18\/abu-marzouq-la-souffrance-de-nos-prisonniers-affecte-tous-les-foyers-palestiniens\/#primaryimage"},"image":{"@id":"https:\/\/ismfrance.org\/index.php\/2023\/04\/18\/abu-marzouq-la-souffrance-de-nos-prisonniers-affecte-tous-les-foyers-palestiniens\/#primaryimage"},"thumbnailUrl":"https:\/\/ismfrance.org\/wp-content\/uploads\/2023\/04\/prisoners.jpg","datePublished":"2023-04-18T10:34:28+00:00","dateModified":"2023-04-18T10:34:46+00:00","breadcrumb":{"@id":"https:\/\/ismfrance.org\/index.php\/2023\/04\/18\/abu-marzouq-la-souffrance-de-nos-prisonniers-affecte-tous-les-foyers-palestiniens\/#breadcrumb"},"inLanguage":"fr-FR","potentialAction":[{"@type":"ReadAction","target":["https:\/\/ismfrance.org\/index.php\/2023\/04\/18\/abu-marzouq-la-souffrance-de-nos-prisonniers-affecte-tous-les-foyers-palestiniens\/"]}]},{"@type":"ImageObject","inLanguage":"fr-FR","@id":"https:\/\/ismfrance.org\/index.php\/2023\/04\/18\/abu-marzouq-la-souffrance-de-nos-prisonniers-affecte-tous-les-foyers-palestiniens\/#primaryimage","url":"https:\/\/ismfrance.org\/wp-content\/uploads\/2023\/04\/prisoners.jpg","contentUrl":"https:\/\/ismfrance.org\/wp-content\/uploads\/2023\/04\/prisoners.jpg","width":1280,"height":853},{"@type":"BreadcrumbList","@id":"https:\/\/ismfrance.org\/index.php\/2023\/04\/18\/abu-marzouq-la-souffrance-de-nos-prisonniers-affecte-tous-les-foyers-palestiniens\/#breadcrumb","itemListElement":[{"@type":"ListItem","position":1,"name":"Accueil","item":"https:\/\/ismfrance.org\/"},{"@type":"ListItem","position":2,"name":"Abu Marzouq\u00a0: la souffrance de nos prisonniers affecte tous les foyers palestiniens"}]},{"@type":"WebSite","@id":"https:\/\/ismfrance.org\/#website","url":"https:\/\/ismfrance.org\/","name":"ISM Palestine France","description":"Soutien aux luttes de lib\u00e9ration du peuple palestinien","publisher":{"@id":"https:\/\/ismfrance.org\/#organization"},"potentialAction":[{"@type":"SearchAction","target":{"@type":"EntryPoint","urlTemplate":"https:\/\/ismfrance.org\/?s={search_term_string}"},"query-input":{"@type":"PropertyValueSpecification","valueRequired":true,"valueName":"search_term_string"}}],"inLanguage":"fr-FR"},{"@type":"Organization","@id":"https:\/\/ismfrance.org\/#organization","name":"International Solidarity Movement","url":"https:\/\/ismfrance.org\/","logo":{"@type":"ImageObject","inLanguage":"fr-FR","@id":"https:\/\/ismfrance.org\/#\/schema\/logo\/image\/","url":"https:\/\/ismfrance.org\/wp-content\/uploads\/2020\/12\/00.png","contentUrl":"https:\/\/ismfrance.org\/wp-content\/uploads\/2020\/12\/00.png","width":400,"height":400,"caption":"International Solidarity Movement"},"image":{"@id":"https:\/\/ismfrance.org\/#\/schema\/logo\/image\/"},"sameAs":["https:\/\/x.com\/ISMFRANCE"]},{"@type":"Person","@id":"https:\/\/ismfrance.org\/#\/schema\/person\/3c411eb72adfaae19c0dca1f41fae01d","name":"mru_01","image":{"@type":"ImageObject","inLanguage":"fr-FR","@id":"https:\/\/secure.gravatar.com\/avatar\/3a0be343b445d2ccc79e87444a294fad2b232e90d2051d0e3cc219e1ecd6a330?s=96&d=mm&r=g","url":"https:\/\/secure.gravatar.com\/avatar\/3a0be343b445d2ccc79e87444a294fad2b232e90d2051d0e3cc219e1ecd6a330?s=96&d=mm&r=g","contentUrl":"https:\/\/secure.gravatar.com\/avatar\/3a0be343b445d2ccc79e87444a294fad2b232e90d2051d0e3cc219e1ecd6a330?s=96&d=mm&r=g","caption":"mru_01"},"url":"https:\/\/ismfrance.org\/index.php\/author\/admin02\/"}]}},"_links":{"self":[{"href":"https:\/\/ismfrance.org\/index.php\/wp-json\/wp\/v2\/posts\/5358","targetHints":{"allow":["GET"]}}],"collection":[{"href":"https:\/\/ismfrance.org\/index.php\/wp-json\/wp\/v2\/posts"}],"about":[{"href":"https:\/\/ismfrance.org\/index.php\/wp-json\/wp\/v2\/types\/post"}],"author":[{"embeddable":true,"href":"https:\/\/ismfrance.org\/index.php\/wp-json\/wp\/v2\/users\/3"}],"replies":[{"embeddable":true,"href":"https:\/\/ismfrance.org\/index.php\/wp-json\/wp\/v2\/comments?post=5358"}],"version-history":[{"count":0,"href":"https:\/\/ismfrance.org\/index.php\/wp-json\/wp\/v2\/posts\/5358\/revisions"}],"wp:featuredmedia":[{"embeddable":true,"href":"https:\/\/ismfrance.org\/index.php\/wp-json\/wp\/v2\/media\/5359"}],"wp:attachment":[{"href":"https:\/\/ismfrance.org\/index.php\/wp-json\/wp\/v2\/media?parent=5358"}],"wp:term":[{"taxonomy":"category","embeddable":true,"href":"https:\/\/ismfrance.org\/index.php\/wp-json\/wp\/v2\/categories?post=5358"},{"taxonomy":"post_tag","embeddable":true,"href":"https:\/\/ismfrance.org\/index.php\/wp-json\/wp\/v2\/tags?post=5358"}],"curies":[{"name":"wp","href":"https:\/\/api.w.org\/{rel}","templated":true}]}}